{"id":32035,"date":"2026-03-11T12:09:12","date_gmt":"2026-03-11T12:09:12","guid":{"rendered":"https:\/\/lobosnews.com.ar\/index.php\/2026\/03\/11\/quedo-viuda-hace-8-anos-y-conmovio-a-dario-barassi-con-su-historia-de-vida-me-angustie-un-poco\/"},"modified":"2026-03-11T14:59:06","modified_gmt":"2026-03-11T14:59:06","slug":"quedo-viuda-hace-8-anos-y-conmovio-a-dario-barassi-con-su-historia-de-vida-me-angustie-un-poco","status":"publish","type":"post","link":"https:\/\/lobosnews.com.ar\/index.php\/2026\/03\/11\/quedo-viuda-hace-8-anos-y-conmovio-a-dario-barassi-con-su-historia-de-vida-me-angustie-un-poco\/","title":{"rendered":"Qued\u00f3 viuda hace 8 a\u00f1os y conmovi\u00f3 a Dar\u00edo Barassi con su historia de vida: \u201cMe angusti\u00e9 un poco\u201d"},"content":{"rendered":"<p>La participaci\u00f3n de <b>Gladys, viuda de 44 a\u00f1os que cr\u00eda a su sobrina como una hija<\/b>, protagoniz\u00f3 uno de los momentos m\u00e1s emotivos en <i>Ahora Caigo<\/i>. Su historia caus\u00f3 una fuerte impresi\u00f3n tanto en el estudio como entre los televidentes, por el modo en que abord\u00f3 su vida familiar frente al conductor <span class=\"waslinkname\"><b>Dar\u00edo Barassi<\/b>.<\/span><\/p>\n<p>En el programa, la participante, relat\u00f3 que reside en Parque Patricios, es <b>licenciada en criminal\u00edstica<\/b> y que perdi\u00f3 a su esposo hace casi ocho a\u00f1os. Acudi\u00f3 acompa\u00f1ada por sus dos hijos, su sobrina Juana y la novia de uno de los varones, detallando que aunque muchas veces dice tener tres hijos, en realidad tiene dos, pero considera a su sobrina como una hija por el v\u00ednculo afectivo que las une desde peque\u00f1as.<\/p>\n<p><img loading=\"lazy\" decoding=\"async\" src=\"https:\/\/lobosnews.com.ar\/wp-content\/uploads\/2026\/03\/quedo-viuda-hace-8-anos-y-conmovio-a-dario-barassi-con-su-historia-de-vida-me-angustie-un-poco.jpg\" alt=\"Gladys explic\u00f3 que su sobrina Juana es 'una hija del coraz\u00f3n', destacando la fuerza de los v\u00ednculos afectivos m\u00e1s all\u00e1 de la sangre\" height=\"1080\" width=\"1920\"\/><\/p>\n<p>Gladys comparti\u00f3 al aire el gesto de enviar <b>\u201cun besito al cielo\u201d a su esposo fallecido, explicando c\u00f3mo la viudez influy\u00f3 en la estructura de su familia.<\/b> Su testimonio visibiliz\u00f3 c\u00f3mo los lazos familiares pueden expandirse m\u00e1s all\u00e1 de los v\u00ednculos de sangre, y aclar\u00f3 que Juana es \u201cuna hija del coraz\u00f3n\u201d a la que crio desde peque\u00f1a.<\/p>\n<p><span class=\"waslinkname\"><b>El relato de Gladys conmovi\u00f3 especialmente a Dar\u00edo Barassi, quien reconoci\u00f3 sentirse afectado al escuchar su historia. <\/b><\/span><b>\u201cAhora me angusti\u00e9 un poco\u201d<\/b>, expres\u00f3 el conductor, y reconoci\u00f3 que la sensibilidad de la participante repercuti\u00f3 en todo el plat\u00f3.<\/p>\n<p><img loading=\"lazy\" decoding=\"async\" src=\"https:\/\/lobosnews.com.ar\/wp-content\/uploads\/2026\/03\/quedo-viuda-hace-8-anos-y-conmovio-a-dario-barassi-con-su-historia-de-vida-me-angustie-un-poco-1.jpg\" alt=\"La concursante que captur\u00f3 la atenci\u00f3n y emoci\u00f3n de Dar\u00edo Barassi\" height=\"1080\" width=\"1920\"\/><\/p>\n<p>Barassi reflexion\u00f3 en voz alta sobre la importancia de los afectos y la forma en que se construyen familias tras la p\u00e9rdida y la superaci\u00f3n de situaciones dif\u00edciles. La conversaci\u00f3n gener\u00f3 un ambiente de empat\u00eda entre los presentes y aport\u00f3 un mensaje de apertura sobre la diversidad de grupos familiares.<\/p>\n<p>La historia de Gladys y su sobrina evidenci\u00f3 la riqueza de las <b>familias ensambladas<\/b>, en las que los lazos se consolidan gracias al afecto cotidiano. <b>Juana, al tomar la palabra, asegur\u00f3: \u201cYo tambi\u00e9n me siento parte de la familia. Como que son mis hermanos porque viv\u00ed mucho tiempo con ellos\u201d<\/b>, destacando el sentimiento de pertenencia y apoyo mutuo.<\/p>\n<p><img loading=\"lazy\" decoding=\"async\" src=\"https:\/\/lobosnews.com.ar\/wp-content\/uploads\/2026\/03\/quedo-viuda-hace-8-anos-y-conmovio-a-dario-barassi-con-su-historia-de-vida-me-angustie-un-poco-2.jpg\" alt=\"Dar\u00edo Barassi se mostr\u00f3 visiblemente conmovido con el relato y resalt\u00f3 el valor de los afectos en la estructura familiar\" height=\"1080\" width=\"1920\"\/><\/p>\n<h2>Dar\u00edo Barassi, el regreso<\/h2>\n<p>El regreso de Dar\u00edo Barassi a la televisi\u00f3n argentina activ\u00f3 una de las apuestas de temporada de eltrece: el presentador retom\u00f3 las tardes del canal al frente de <i>Ahora Caigo<\/i>, programa que estrena mec\u00e1nicas in\u00e9ditas y eleva su techo de premios hasta <b>10 millones de pesos por emisi\u00f3n<\/b>. <\/p>\n<p>Con una estructura de <b>juegos completamente redise\u00f1ada<\/b>: seg\u00fan detall\u00f3 Barassi a Teleshow, solo tres de los diez desaf\u00edos permanecen del formato anterior, mientras que siete propuestas nuevas alteran ritmos y estrategias de competencia. Premios mayores consolida el enfoque competitivo y apunta a ampliar la base de audiencia habitual de la franja vespertina.<\/p>\n<p><img loading=\"lazy\" decoding=\"async\" src=\"https:\/\/lobosnews.com.ar\/wp-content\/uploads\/2026\/03\/quedo-viuda-hace-8-anos-y-conmovio-a-dario-barassi-con-su-historia-de-vida-me-angustie-un-poco-3.jpg\" alt=\"El premio de Ahora Caigo se eleva hasta 10 millones de pesos por emisi\u00f3n, consolidando su perfil competitivo en la televisi\u00f3n vespertina\" height=\"4000\" width=\"6000\"\/><\/p>\n<p>En paralelo a la conducci\u00f3n de <i>Ahora Caigo,<\/i> Barassi ha detallado una agenda diversificada en t\u00e9rminos de producci\u00f3n. Este a\u00f1o ver\u00e1 el lanzamiento de <b>Guti\u00e9rrez Is My Name<\/b> en <b>Disney Plus<\/b> y el estreno del largometraje <b>Vacaciones con pap\u00e1<\/b>, ambos bajo el sello de <b>Pampa<\/b>. Adem\u00e1s, participar\u00e1 en la segunda temporada de <b>Love is Blind<\/b> en <b>Netflix.<\/b> El actor tambi\u00e9n reconoci\u00f3 ante<b> Teleshow<\/b> que existen al menos <b>dos propuestas de pel\u00edcula<\/b> y varios proyectos teatrales para el segundo semestre, con la intenci\u00f3n de volver a los escenarios si la agenda lo permite.<\/p>\n<h3>La renovaci\u00f3n de un formato cl\u00e1sico<\/h3>\n<p><span class=\"waslinkname\"><b>Barassi explic\u00f3 que la nueva edici\u00f3n del programa se distingue por una est\u00e9tica renovada y por la integraci\u00f3n de siete juegos de din\u00e1mica in\u00e9dita.<\/b><\/span> El presentador indic\u00f3 que la modificaci\u00f3n de la paleta de colores y la estructura de desaf\u00edos responde a la b\u00fasqueda de un producto \u201cm\u00e1s fuerte, m\u00e1s verano\u201d. Atribuy\u00f3 la vigencia del ciclo a la fidelidad del p\u00fablico, la apuesta sostenida de eltrece y la sociedad de producci\u00f3n con Boxfish.<\/p>\n<p><img loading=\"lazy\" decoding=\"async\" src=\"https:\/\/lobosnews.com.ar\/wp-content\/uploads\/2026\/03\/quedo-viuda-hace-8-anos-y-conmovio-a-dario-barassi-con-su-historia-de-vida-me-angustie-un-poco-4.jpg\" alt=\"El programa Ahora Caigo presenta una estructura completamente redise\u00f1ada, con siete juegos in\u00e9ditos y solo tres desaf\u00edos del formato anterior\" height=\"6000\" width=\"4000\"\/><\/p>\n<p>Seg\u00fan Barassi, la esencia del programa se ha sostenido sobre una combinaci\u00f3n de azar, equipo y compromiso de producci\u00f3n: <b>\u201cDejo todo lo que tengo en cada programa: cabeza, voz, ingenio, pasi\u00f3n, canto, todo. Siento que eso es lo que mantiene intacta la esencia, que todos somos un gran equipo apuntando a la excelencia y eso marca la diferencia\u201d<\/b><i>,<\/i> afirm\u00f3 a <b>Teleshow<\/b>, en una reciente entrevista.<\/p>\n","protected":false},"excerpt":{"rendered":"<p>La participaci\u00f3n de Gladys, viuda de 44 a\u00f1os que cr\u00eda a su sobrina como una hija, protagoniz\u00f3 uno de los momentos m\u00e1s emotivos en Ahora Caigo. Su historia caus\u00f3 una fuerte impresi\u00f3n tanto en el estudio como entre los televidentes, por el modo en que abord\u00f3 su vida familiar frente al conductor Dar\u00edo Barassi. En&#8230;<\/p>\n","protected":false},"author":1,"featured_media":32042,"comment_status":"open","ping_status":"closed","sticky":false,"template":"","format":"standard","meta":{"_jetpack_memberships_contains_paid_content":false,"footnotes":""},"categories":[79],"tags":[],"class_list":["post-32035","post","type-post","status-publish","format-standard","has-post-thumbnail","hentry","category-cine-y-series"],"magazineBlocksPostFeaturedMedia":{"thumbnail":"https:\/\/lobosnews.com.ar\/wp-content\/uploads\/2026\/03\/quedo-viuda-hace-8-anos-y-conmovio-a-dario-barassi-con-su-historia-de-vida-me-angustie-un-poco-8-150x150.jpg","medium":"https:\/\/lobosnews.com.ar\/wp-content\/uploads\/2026\/03\/quedo-viuda-hace-8-anos-y-conmovio-a-dario-barassi-con-su-historia-de-vida-me-angustie-un-poco-8-200x300.jpg","medium_large":"https:\/\/lobosnews.com.ar\/wp-content\/uploads\/2026\/03\/quedo-viuda-hace-8-anos-y-conmovio-a-dario-barassi-con-su-historia-de-vida-me-angustie-un-poco-8-768x1152.jpg","large":"https:\/\/lobosnews.com.ar\/wp-content\/uploads\/2026\/03\/quedo-viuda-hace-8-anos-y-conmovio-a-dario-barassi-con-su-historia-de-vida-me-angustie-un-poco-8-683x1024.jpg","1536x1536":"https:\/\/lobosnews.com.ar\/wp-content\/uploads\/2026\/03\/quedo-viuda-hace-8-anos-y-conmovio-a-dario-barassi-con-su-historia-de-vida-me-angustie-un-poco-8-1024x1536.jpg","2048x2048":"https:\/\/lobosnews.com.ar\/wp-content\/uploads\/2026\/03\/quedo-viuda-hace-8-anos-y-conmovio-a-dario-barassi-con-su-historia-de-vida-me-angustie-un-poco-8-1365x2048.jpg","newsmatic-featured":"https:\/\/lobosnews.com.ar\/wp-content\/uploads\/2026\/03\/quedo-viuda-hace-8-anos-y-conmovio-a-dario-barassi-con-su-historia-de-vida-me-angustie-un-poco-8-820x545.jpg","newsmatic-list":"https:\/\/lobosnews.com.ar\/wp-content\/uploads\/2026\/03\/quedo-viuda-hace-8-anos-y-conmovio-a-dario-barassi-con-su-historia-de-vida-me-angustie-un-poco-8-600x400.jpg","newsmatic-thumb":"https:\/\/lobosnews.com.ar\/wp-content\/uploads\/2026\/03\/quedo-viuda-hace-8-anos-y-conmovio-a-dario-barassi-con-su-historia-de-vida-me-angustie-un-poco-8-300x200.jpg","newsmatic-small":"https:\/\/lobosnews.com.ar\/wp-content\/uploads\/2026\/03\/quedo-viuda-hace-8-anos-y-conmovio-a-dario-barassi-con-su-historia-de-vida-me-angustie-un-poco-8-150x95.jpg","newsmatic-grid":"https:\/\/lobosnews.com.ar\/wp-content\/uploads\/2026\/03\/quedo-viuda-hace-8-anos-y-conmovio-a-dario-barassi-con-su-historia-de-vida-me-angustie-un-poco-8-400x250.jpg"},"magazineBlocksPostAuthor":{"name":"admin","avatar":"https:\/\/secure.gravatar.com\/avatar\/76e419471a2083bc3ceab22a763dbbf9b0c1bd15a6214cf3280e2c2dde4580f9?s=96&d=mm&r=g"},"magazineBlocksPostCommentsNumber":"0","magazineBlocksPostExcerpt":"La participaci\u00f3n de Gladys, viuda de 44 a\u00f1os que cr\u00eda a su sobrina como una hija, protagoniz\u00f3 uno de los momentos m\u00e1s emotivos en Ahora Caigo. Su historia caus\u00f3 una fuerte impresi\u00f3n tanto en el estudio como entre los televidentes, por el modo en que abord\u00f3 su vida familiar frente al conductor Dar\u00edo Barassi. En...","magazineBlocksPostCategories":["Cine y Series"],"magazineBlocksPostViewCount":83,"magazineBlocksPostReadTime":4,"magazine_blocks_featured_image_url":{"full":["https:\/\/lobosnews.com.ar\/wp-content\/uploads\/2026\/03\/quedo-viuda-hace-8-anos-y-conmovio-a-dario-barassi-con-su-historia-de-vida-me-angustie-un-poco-8-scaled.jpg",1707,2560,false],"medium":["https:\/\/lobosnews.com.ar\/wp-content\/uploads\/2026\/03\/quedo-viuda-hace-8-anos-y-conmovio-a-dario-barassi-con-su-historia-de-vida-me-angustie-un-poco-8-200x300.jpg",200,300,true],"thumbnail":["https:\/\/lobosnews.com.ar\/wp-content\/uploads\/2026\/03\/quedo-viuda-hace-8-anos-y-conmovio-a-dario-barassi-con-su-historia-de-vida-me-angustie-un-poco-8-150x150.jpg",150,150,true]},"magazine_blocks_author":{"display_name":"admin","author_link":"https:\/\/lobosnews.com.ar\/index.php\/author\/lobos-news\/"},"magazine_blocks_comment":0,"magazine_blocks_author_image":"https:\/\/secure.gravatar.com\/avatar\/76e419471a2083bc3ceab22a763dbbf9b0c1bd15a6214cf3280e2c2dde4580f9?s=96&d=mm&r=g","magazine_blocks_category":"<a href=\"#\" class=\"category-link category-link-79\">Cine y Series<\/a>","yoast_head":"<!-- This site is optimized with the Yoast SEO plugin v26.6 - https:\/\/yoast.com\/wordpress\/plugins\/seo\/ -->\n<title>Qued\u00f3 viuda hace 8 a\u00f1os y conmovi\u00f3 a Dar\u00edo Barassi con su historia de vida: \u201cMe angusti\u00e9 un poco\u201d - Lobos News<\/title>\n<meta name=\"robots\" content=\"index, follow, max-snippet:-1, max-image-preview:large, max-video-preview:-1\" \/>\n<link rel=\"canonical\" href=\"https:\/\/lobosnews.com.ar\/index.php\/2026\/03\/11\/quedo-viuda-hace-8-anos-y-conmovio-a-dario-barassi-con-su-historia-de-vida-me-angustie-un-poco\/\" \/>\n<meta property=\"og:locale\" content=\"es_ES\" \/>\n<meta property=\"og:type\" content=\"article\" \/>\n<meta property=\"og:title\" content=\"Qued\u00f3 viuda hace 8 a\u00f1os y conmovi\u00f3 a Dar\u00edo Barassi con su historia de vida: \u201cMe angusti\u00e9 un poco\u201d - Lobos News\" \/>\n<meta property=\"og:description\" content=\"La participaci\u00f3n de Gladys, viuda de 44 a\u00f1os que cr\u00eda a su sobrina como una hija, protagoniz\u00f3 uno de los momentos m\u00e1s emotivos en Ahora Caigo. Su historia caus\u00f3 una fuerte impresi\u00f3n tanto en el estudio como entre los televidentes, por el modo en que abord\u00f3 su vida familiar frente al conductor Dar\u00edo Barassi. En...\" \/>\n<meta property=\"og:url\" content=\"https:\/\/lobosnews.com.ar\/index.php\/2026\/03\/11\/quedo-viuda-hace-8-anos-y-conmovio-a-dario-barassi-con-su-historia-de-vida-me-angustie-un-poco\/\" \/>\n<meta property=\"og:site_name\" content=\"Lobos News\" \/>\n<meta property=\"article:published_time\" content=\"2026-03-11T12:09:12+00:00\" \/>\n<meta property=\"article:modified_time\" content=\"2026-03-11T14:59:06+00:00\" \/>\n<meta property=\"og:image\" content=\"https:\/\/lobosnews.com.ar\/wp-content\/uploads\/2026\/03\/quedo-viuda-hace-8-anos-y-conmovio-a-dario-barassi-con-su-historia-de-vida-me-angustie-un-poco.jpg\" \/>\n<meta name=\"author\" content=\"admin\" \/>\n<meta name=\"twitter:card\" content=\"summary_large_image\" \/>\n<meta name=\"twitter:label1\" content=\"Escrito por\" \/>\n\t<meta name=\"twitter:data1\" content=\"admin\" \/>\n\t<meta name=\"twitter:label2\" content=\"Tiempo de lectura\" \/>\n\t<meta name=\"twitter:data2\" content=\"4 minutos\" \/>\n<script type=\"application\/ld+json\" class=\"yoast-schema-graph\">{\"@context\":\"https:\/\/schema.org\",\"@graph\":[{\"@type\":\"Article\",\"@id\":\"https:\/\/lobosnews.com.ar\/index.php\/2026\/03\/11\/quedo-viuda-hace-8-anos-y-conmovio-a-dario-barassi-con-su-historia-de-vida-me-angustie-un-poco\/#article\",\"isPartOf\":{\"@id\":\"https:\/\/lobosnews.com.ar\/index.php\/2026\/03\/11\/quedo-viuda-hace-8-anos-y-conmovio-a-dario-barassi-con-su-historia-de-vida-me-angustie-un-poco\/\"},\"author\":{\"name\":\"admin\",\"@id\":\"https:\/\/lobosnews.com.ar\/#\/schema\/person\/232422a593d5c541dd9aef6aaed10943\"},\"headline\":\"Qued\u00f3 viuda hace 8 a\u00f1os y conmovi\u00f3 a Dar\u00edo Barassi con su historia de vida: \u201cMe angusti\u00e9 un poco\u201d\",\"datePublished\":\"2026-03-11T12:09:12+00:00\",\"dateModified\":\"2026-03-11T14:59:06+00:00\",\"mainEntityOfPage\":{\"@id\":\"https:\/\/lobosnews.com.ar\/index.php\/2026\/03\/11\/quedo-viuda-hace-8-anos-y-conmovio-a-dario-barassi-con-su-historia-de-vida-me-angustie-un-poco\/\"},\"wordCount\":748,\"commentCount\":0,\"publisher\":{\"@id\":\"https:\/\/lobosnews.com.ar\/#organization\"},\"image\":{\"@id\":\"https:\/\/lobosnews.com.ar\/index.php\/2026\/03\/11\/quedo-viuda-hace-8-anos-y-conmovio-a-dario-barassi-con-su-historia-de-vida-me-angustie-un-poco\/#primaryimage\"},\"thumbnailUrl\":\"https:\/\/lobosnews.com.ar\/wp-content\/uploads\/2026\/03\/quedo-viuda-hace-8-anos-y-conmovio-a-dario-barassi-con-su-historia-de-vida-me-angustie-un-poco-8-scaled.jpg\",\"articleSection\":[\"Cine y Series\"],\"inLanguage\":\"es\",\"potentialAction\":[{\"@type\":\"CommentAction\",\"name\":\"Comment\",\"target\":[\"https:\/\/lobosnews.com.ar\/index.php\/2026\/03\/11\/quedo-viuda-hace-8-anos-y-conmovio-a-dario-barassi-con-su-historia-de-vida-me-angustie-un-poco\/#respond\"]}]},{\"@type\":\"WebPage\",\"@id\":\"https:\/\/lobosnews.com.ar\/index.php\/2026\/03\/11\/quedo-viuda-hace-8-anos-y-conmovio-a-dario-barassi-con-su-historia-de-vida-me-angustie-un-poco\/\",\"url\":\"https:\/\/lobosnews.com.ar\/index.php\/2026\/03\/11\/quedo-viuda-hace-8-anos-y-conmovio-a-dario-barassi-con-su-historia-de-vida-me-angustie-un-poco\/\",\"name\":\"Qued\u00f3 viuda hace 8 a\u00f1os y conmovi\u00f3 a Dar\u00edo Barassi con su historia de vida: \u201cMe angusti\u00e9 un poco\u201d - Lobos News\",\"isPartOf\":{\"@id\":\"https:\/\/lobosnews.com.ar\/#website\"},\"primaryImageOfPage\":{\"@id\":\"https:\/\/lobosnews.com.ar\/index.php\/2026\/03\/11\/quedo-viuda-hace-8-anos-y-conmovio-a-dario-barassi-con-su-historia-de-vida-me-angustie-un-poco\/#primaryimage\"},\"image\":{\"@id\":\"https:\/\/lobosnews.com.ar\/index.php\/2026\/03\/11\/quedo-viuda-hace-8-anos-y-conmovio-a-dario-barassi-con-su-historia-de-vida-me-angustie-un-poco\/#primaryimage\"},\"thumbnailUrl\":\"https:\/\/lobosnews.com.ar\/wp-content\/uploads\/2026\/03\/quedo-viuda-hace-8-anos-y-conmovio-a-dario-barassi-con-su-historia-de-vida-me-angustie-un-poco-8-scaled.jpg\",\"datePublished\":\"2026-03-11T12:09:12+00:00\",\"dateModified\":\"2026-03-11T14:59:06+00:00\",\"breadcrumb\":{\"@id\":\"https:\/\/lobosnews.com.ar\/index.php\/2026\/03\/11\/quedo-viuda-hace-8-anos-y-conmovio-a-dario-barassi-con-su-historia-de-vida-me-angustie-un-poco\/#breadcrumb\"},\"inLanguage\":\"es\",\"potentialAction\":[{\"@type\":\"ReadAction\",\"target\":[\"https:\/\/lobosnews.com.ar\/index.php\/2026\/03\/11\/quedo-viuda-hace-8-anos-y-conmovio-a-dario-barassi-con-su-historia-de-vida-me-angustie-un-poco\/\"]}]},{\"@type\":\"ImageObject\",\"inLanguage\":\"es\",\"@id\":\"https:\/\/lobosnews.com.ar\/index.php\/2026\/03\/11\/quedo-viuda-hace-8-anos-y-conmovio-a-dario-barassi-con-su-historia-de-vida-me-angustie-un-poco\/#primaryimage\",\"url\":\"https:\/\/lobosnews.com.ar\/wp-content\/uploads\/2026\/03\/quedo-viuda-hace-8-anos-y-conmovio-a-dario-barassi-con-su-historia-de-vida-me-angustie-un-poco-8-scaled.jpg\",\"contentUrl\":\"https:\/\/lobosnews.com.ar\/wp-content\/uploads\/2026\/03\/quedo-viuda-hace-8-anos-y-conmovio-a-dario-barassi-con-su-historia-de-vida-me-angustie-un-poco-8-scaled.jpg\",\"width\":1707,\"height\":2560,\"caption\":\"Qued\u00f3 viuda hace 8 a\u00f1os y conmovi\u00f3 a Dar\u00edo Barassi con su historia de vida: \u201cMe angusti\u00e9 un poco\u201d\"},{\"@type\":\"BreadcrumbList\",\"@id\":\"https:\/\/lobosnews.com.ar\/index.php\/2026\/03\/11\/quedo-viuda-hace-8-anos-y-conmovio-a-dario-barassi-con-su-historia-de-vida-me-angustie-un-poco\/#breadcrumb\",\"itemListElement\":[{\"@type\":\"ListItem\",\"position\":1,\"name\":\"Portada\",\"item\":\"https:\/\/lobosnews.com.ar\/\"},{\"@type\":\"ListItem\",\"position\":2,\"name\":\"Qued\u00f3 viuda hace 8 a\u00f1os y conmovi\u00f3 a Dar\u00edo Barassi con su historia de vida: \u201cMe angusti\u00e9 un poco\u201d\"}]},{\"@type\":\"WebSite\",\"@id\":\"https:\/\/lobosnews.com.ar\/#website\",\"url\":\"https:\/\/lobosnews.com.ar\/\",\"name\":\"Lobos News\",\"description\":\"Informaci\u00f3n a cada instante\",\"publisher\":{\"@id\":\"https:\/\/lobosnews.com.ar\/#organization\"},\"potentialAction\":[{\"@type\":\"SearchAction\",\"target\":{\"@type\":\"EntryPoint\",\"urlTemplate\":\"https:\/\/lobosnews.com.ar\/?s={search_term_string}\"},\"query-input\":{\"@type\":\"PropertyValueSpecification\",\"valueRequired\":true,\"valueName\":\"search_term_string\"}}],\"inLanguage\":\"es\"},{\"@type\":\"Organization\",\"@id\":\"https:\/\/lobosnews.com.ar\/#organization\",\"name\":\"Lobos News\",\"url\":\"https:\/\/lobosnews.com.ar\/\",\"logo\":{\"@type\":\"ImageObject\",\"inLanguage\":\"es\",\"@id\":\"https:\/\/lobosnews.com.ar\/#\/schema\/logo\/image\/\",\"url\":\"https:\/\/lobosnews.com.ar\/wp-content\/uploads\/2026\/01\/logo-lobosnews.png\",\"contentUrl\":\"https:\/\/lobosnews.com.ar\/wp-content\/uploads\/2026\/01\/logo-lobosnews.png\",\"width\":500,\"height\":200,\"caption\":\"Lobos News\"},\"image\":{\"@id\":\"https:\/\/lobosnews.com.ar\/#\/schema\/logo\/image\/\"}},{\"@type\":\"Person\",\"@id\":\"https:\/\/lobosnews.com.ar\/#\/schema\/person\/232422a593d5c541dd9aef6aaed10943\",\"name\":\"admin\",\"image\":{\"@type\":\"ImageObject\",\"inLanguage\":\"es\",\"@id\":\"https:\/\/lobosnews.com.ar\/#\/schema\/person\/image\/\",\"url\":\"https:\/\/secure.gravatar.com\/avatar\/76e419471a2083bc3ceab22a763dbbf9b0c1bd15a6214cf3280e2c2dde4580f9?s=96&d=mm&r=g\",\"contentUrl\":\"https:\/\/secure.gravatar.com\/avatar\/76e419471a2083bc3ceab22a763dbbf9b0c1bd15a6214cf3280e2c2dde4580f9?s=96&d=mm&r=g\",\"caption\":\"admin\"},\"sameAs\":[\"https:\/\/lobosnews.com.ar\"],\"url\":\"https:\/\/lobosnews.com.ar\/index.php\/author\/lobos-news\/\"}]}<\/script>\n<!-- \/ Yoast SEO plugin. -->","yoast_head_json":{"title":"Qued\u00f3 viuda hace 8 a\u00f1os y conmovi\u00f3 a Dar\u00edo Barassi con su historia de vida: \u201cMe angusti\u00e9 un poco\u201d - Lobos News","robots":{"index":"index","follow":"follow","max-snippet":"max-snippet:-1","max-image-preview":"max-image-preview:large","max-video-preview":"max-video-preview:-1"},"canonical":"https:\/\/lobosnews.com.ar\/index.php\/2026\/03\/11\/quedo-viuda-hace-8-anos-y-conmovio-a-dario-barassi-con-su-historia-de-vida-me-angustie-un-poco\/","og_locale":"es_ES","og_type":"article","og_title":"Qued\u00f3 viuda hace 8 a\u00f1os y conmovi\u00f3 a Dar\u00edo Barassi con su historia de vida: \u201cMe angusti\u00e9 un poco\u201d - Lobos News","og_description":"La participaci\u00f3n de Gladys, viuda de 44 a\u00f1os que cr\u00eda a su sobrina como una hija, protagoniz\u00f3 uno de los momentos m\u00e1s emotivos en Ahora Caigo. Su historia caus\u00f3 una fuerte impresi\u00f3n tanto en el estudio como entre los televidentes, por el modo en que abord\u00f3 su vida familiar frente al conductor Dar\u00edo Barassi. En...","og_url":"https:\/\/lobosnews.com.ar\/index.php\/2026\/03\/11\/quedo-viuda-hace-8-anos-y-conmovio-a-dario-barassi-con-su-historia-de-vida-me-angustie-un-poco\/","og_site_name":"Lobos News","article_published_time":"2026-03-11T12:09:12+00:00","article_modified_time":"2026-03-11T14:59:06+00:00","og_image":[{"url":"https:\/\/lobosnews.com.ar\/wp-content\/uploads\/2026\/03\/quedo-viuda-hace-8-anos-y-conmovio-a-dario-barassi-con-su-historia-de-vida-me-angustie-un-poco.jpg","type":"","width":"","height":""}],"author":"admin","twitter_card":"summary_large_image","twitter_misc":{"Escrito por":"admin","Tiempo de lectura":"4 minutos"},"schema":{"@context":"https:\/\/schema.org","@graph":[{"@type":"Article","@id":"https:\/\/lobosnews.com.ar\/index.php\/2026\/03\/11\/quedo-viuda-hace-8-anos-y-conmovio-a-dario-barassi-con-su-historia-de-vida-me-angustie-un-poco\/#article","isPartOf":{"@id":"https:\/\/lobosnews.com.ar\/index.php\/2026\/03\/11\/quedo-viuda-hace-8-anos-y-conmovio-a-dario-barassi-con-su-historia-de-vida-me-angustie-un-poco\/"},"author":{"name":"admin","@id":"https:\/\/lobosnews.com.ar\/#\/schema\/person\/232422a593d5c541dd9aef6aaed10943"},"headline":"Qued\u00f3 viuda hace 8 a\u00f1os y conmovi\u00f3 a Dar\u00edo Barassi con su historia de vida: \u201cMe angusti\u00e9 un poco\u201d","datePublished":"2026-03-11T12:09:12+00:00","dateModified":"2026-03-11T14:59:06+00:00","mainEntityOfPage":{"@id":"https:\/\/lobosnews.com.ar\/index.php\/2026\/03\/11\/quedo-viuda-hace-8-anos-y-conmovio-a-dario-barassi-con-su-historia-de-vida-me-angustie-un-poco\/"},"wordCount":748,"commentCount":0,"publisher":{"@id":"https:\/\/lobosnews.com.ar\/#organization"},"image":{"@id":"https:\/\/lobosnews.com.ar\/index.php\/2026\/03\/11\/quedo-viuda-hace-8-anos-y-conmovio-a-dario-barassi-con-su-historia-de-vida-me-angustie-un-poco\/#primaryimage"},"thumbnailUrl":"https:\/\/lobosnews.com.ar\/wp-content\/uploads\/2026\/03\/quedo-viuda-hace-8-anos-y-conmovio-a-dario-barassi-con-su-historia-de-vida-me-angustie-un-poco-8-scaled.jpg","articleSection":["Cine y Series"],"inLanguage":"es","potentialAction":[{"@type":"CommentAction","name":"Comment","target":["https:\/\/lobosnews.com.ar\/index.php\/2026\/03\/11\/quedo-viuda-hace-8-anos-y-conmovio-a-dario-barassi-con-su-historia-de-vida-me-angustie-un-poco\/#respond"]}]},{"@type":"WebPage","@id":"https:\/\/lobosnews.com.ar\/index.php\/2026\/03\/11\/quedo-viuda-hace-8-anos-y-conmovio-a-dario-barassi-con-su-historia-de-vida-me-angustie-un-poco\/","url":"https:\/\/lobosnews.com.ar\/index.php\/2026\/03\/11\/quedo-viuda-hace-8-anos-y-conmovio-a-dario-barassi-con-su-historia-de-vida-me-angustie-un-poco\/","name":"Qued\u00f3 viuda hace 8 a\u00f1os y conmovi\u00f3 a Dar\u00edo Barassi con su historia de vida: \u201cMe angusti\u00e9 un poco\u201d - Lobos News","isPartOf":{"@id":"https:\/\/lobosnews.com.ar\/#website"},"primaryImageOfPage":{"@id":"https:\/\/lobosnews.com.ar\/index.php\/2026\/03\/11\/quedo-viuda-hace-8-anos-y-conmovio-a-dario-barassi-con-su-historia-de-vida-me-angustie-un-poco\/#primaryimage"},"image":{"@id":"https:\/\/lobosnews.com.ar\/index.php\/2026\/03\/11\/quedo-viuda-hace-8-anos-y-conmovio-a-dario-barassi-con-su-historia-de-vida-me-angustie-un-poco\/#primaryimage"},"thumbnailUrl":"https:\/\/lobosnews.com.ar\/wp-content\/uploads\/2026\/03\/quedo-viuda-hace-8-anos-y-conmovio-a-dario-barassi-con-su-historia-de-vida-me-angustie-un-poco-8-scaled.jpg","datePublished":"2026-03-11T12:09:12+00:00","dateModified":"2026-03-11T14:59:06+00:00","breadcrumb":{"@id":"https:\/\/lobosnews.com.ar\/index.php\/2026\/03\/11\/quedo-viuda-hace-8-anos-y-conmovio-a-dario-barassi-con-su-historia-de-vida-me-angustie-un-poco\/#breadcrumb"},"inLanguage":"es","potentialAction":[{"@type":"ReadAction","target":["https:\/\/lobosnews.com.ar\/index.php\/2026\/03\/11\/quedo-viuda-hace-8-anos-y-conmovio-a-dario-barassi-con-su-historia-de-vida-me-angustie-un-poco\/"]}]},{"@type":"ImageObject","inLanguage":"es","@id":"https:\/\/lobosnews.com.ar\/index.php\/2026\/03\/11\/quedo-viuda-hace-8-anos-y-conmovio-a-dario-barassi-con-su-historia-de-vida-me-angustie-un-poco\/#primaryimage","url":"https:\/\/lobosnews.com.ar\/wp-content\/uploads\/2026\/03\/quedo-viuda-hace-8-anos-y-conmovio-a-dario-barassi-con-su-historia-de-vida-me-angustie-un-poco-8-scaled.jpg","contentUrl":"https:\/\/lobosnews.com.ar\/wp-content\/uploads\/2026\/03\/quedo-viuda-hace-8-anos-y-conmovio-a-dario-barassi-con-su-historia-de-vida-me-angustie-un-poco-8-scaled.jpg","width":1707,"height":2560,"caption":"Qued\u00f3 viuda hace 8 a\u00f1os y conmovi\u00f3 a Dar\u00edo Barassi con su historia de vida: \u201cMe angusti\u00e9 un poco\u201d"},{"@type":"BreadcrumbList","@id":"https:\/\/lobosnews.com.ar\/index.php\/2026\/03\/11\/quedo-viuda-hace-8-anos-y-conmovio-a-dario-barassi-con-su-historia-de-vida-me-angustie-un-poco\/#breadcrumb","itemListElement":[{"@type":"ListItem","position":1,"name":"Portada","item":"https:\/\/lobosnews.com.ar\/"},{"@type":"ListItem","position":2,"name":"Qued\u00f3 viuda hace 8 a\u00f1os y conmovi\u00f3 a Dar\u00edo Barassi con su historia de vida: \u201cMe angusti\u00e9 un poco\u201d"}]},{"@type":"WebSite","@id":"https:\/\/lobosnews.com.ar\/#website","url":"https:\/\/lobosnews.com.ar\/","name":"Lobos News","description":"Informaci\u00f3n a cada instante","publisher":{"@id":"https:\/\/lobosnews.com.ar\/#organization"},"potentialAction":[{"@type":"SearchAction","target":{"@type":"EntryPoint","urlTemplate":"https:\/\/lobosnews.com.ar\/?s={search_term_string}"},"query-input":{"@type":"PropertyValueSpecification","valueRequired":true,"valueName":"search_term_string"}}],"inLanguage":"es"},{"@type":"Organization","@id":"https:\/\/lobosnews.com.ar\/#organization","name":"Lobos News","url":"https:\/\/lobosnews.com.ar\/","logo":{"@type":"ImageObject","inLanguage":"es","@id":"https:\/\/lobosnews.com.ar\/#\/schema\/logo\/image\/","url":"https:\/\/lobosnews.com.ar\/wp-content\/uploads\/2026\/01\/logo-lobosnews.png","contentUrl":"https:\/\/lobosnews.com.ar\/wp-content\/uploads\/2026\/01\/logo-lobosnews.png","width":500,"height":200,"caption":"Lobos News"},"image":{"@id":"https:\/\/lobosnews.com.ar\/#\/schema\/logo\/image\/"}},{"@type":"Person","@id":"https:\/\/lobosnews.com.ar\/#\/schema\/person\/232422a593d5c541dd9aef6aaed10943","name":"admin","image":{"@type":"ImageObject","inLanguage":"es","@id":"https:\/\/lobosnews.com.ar\/#\/schema\/person\/image\/","url":"https:\/\/secure.gravatar.com\/avatar\/76e419471a2083bc3ceab22a763dbbf9b0c1bd15a6214cf3280e2c2dde4580f9?s=96&d=mm&r=g","contentUrl":"https:\/\/secure.gravatar.com\/avatar\/76e419471a2083bc3ceab22a763dbbf9b0c1bd15a6214cf3280e2c2dde4580f9?s=96&d=mm&r=g","caption":"admin"},"sameAs":["https:\/\/lobosnews.com.ar"],"url":"https:\/\/lobosnews.com.ar\/index.php\/author\/lobos-news\/"}]}},"jetpack_featured_media_url":"https:\/\/lobosnews.com.ar\/wp-content\/uploads\/2026\/03\/quedo-viuda-hace-8-anos-y-conmovio-a-dario-barassi-con-su-historia-de-vida-me-angustie-un-poco-8-scaled.jpg","jetpack_sharing_enabled":true,"_links":{"self":[{"href":"https:\/\/lobosnews.com.ar\/index.php\/wp-json\/wp\/v2\/posts\/32035","targetHints":{"allow":["GET"]}}],"collection":[{"href":"https:\/\/lobosnews.com.ar\/index.php\/wp-json\/wp\/v2\/posts"}],"about":[{"href":"https:\/\/lobosnews.com.ar\/index.php\/wp-json\/wp\/v2\/types\/post"}],"author":[{"embeddable":true,"href":"https:\/\/lobosnews.com.ar\/index.php\/wp-json\/wp\/v2\/users\/1"}],"replies":[{"embeddable":true,"href":"https:\/\/lobosnews.com.ar\/index.php\/wp-json\/wp\/v2\/comments?post=32035"}],"version-history":[{"count":1,"href":"https:\/\/lobosnews.com.ar\/index.php\/wp-json\/wp\/v2\/posts\/32035\/revisions"}],"predecessor-version":[{"id":32041,"href":"https:\/\/lobosnews.com.ar\/index.php\/wp-json\/wp\/v2\/posts\/32035\/revisions\/32041"}],"wp:featuredmedia":[{"embeddable":true,"href":"https:\/\/lobosnews.com.ar\/index.php\/wp-json\/wp\/v2\/media\/32042"}],"wp:attachment":[{"href":"https:\/\/lobosnews.com.ar\/index.php\/wp-json\/wp\/v2\/media?parent=32035"}],"wp:term":[{"taxonomy":"category","embeddable":true,"href":"https:\/\/lobosnews.com.ar\/index.php\/wp-json\/wp\/v2\/categories?post=32035"},{"taxonomy":"post_tag","embeddable":true,"href":"https:\/\/lobosnews.com.ar\/index.php\/wp-json\/wp\/v2\/tags?post=32035"}],"curies":[{"name":"wp","href":"https:\/\/api.w.org\/{rel}","templated":true}]}}