{"id":32031,"date":"2026-03-11T14:46:06","date_gmt":"2026-03-11T14:46:06","guid":{"rendered":"https:\/\/lobosnews.com.ar\/index.php\/2026\/03\/11\/lizy-tagliani-conto-el-berrinche-mas-gracioso-de-su-hijo-tati-me-encanta\/"},"modified":"2026-03-11T14:58:56","modified_gmt":"2026-03-11T14:58:56","slug":"lizy-tagliani-conto-el-berrinche-mas-gracioso-de-su-hijo-tati-me-encanta","status":"publish","type":"post","link":"https:\/\/lobosnews.com.ar\/index.php\/2026\/03\/11\/lizy-tagliani-conto-el-berrinche-mas-gracioso-de-su-hijo-tati-me-encanta\/","title":{"rendered":"Lizy Tagliani cont\u00f3 el berrinche m\u00e1s gracioso de su hijo Tati: \u201cMe encanta\u201d"},"content":{"rendered":"<p>La vida de <span class=\"waslinkname\"><b>Lizy Tagliani <\/b><\/span>viene girando a toda velocidad entre emociones fuertes, sorpresas y aprendizajes que la atraviesan de punta a punta. <b>Desde la llegada de Tati<\/b>, <span class=\"waslinkname\">el hijo que adopt\u00f3 junto a <\/span><span class=\"waslinkname\"><b>Sebasti\u00e1n Nebot<\/b><\/span>, la conductora vive d\u00edas de ternura, desaf\u00edos y carcajadas inesperadas. Entre nuevas rutinas, vacaciones familiares, proyectos laborales y el v\u00e9rtigo de la maternidad compartida, Lizy se anima a mostrar en p\u00fablico los costados m\u00e1s divertidos y sinceros de esta etapa. En su paso por <i>Arriba beb\u00e9 <\/i>(Pop Radio), <b>no dud\u00f3 en relatar el \u00faltimo berrinche de Tati<\/b>, dejando en claro que, en casa, <b>la paciencia y el humor <\/b>siempre van de la mano.<\/p>\n<p>Durante una reciente emisi\u00f3n de su ciclo, Lizy no dud\u00f3 en relatar uno de los episodios m\u00e1s caracter\u00edsticos de la infancia: el primer berrinche. \u201c<b>Tati ahora est\u00e1 en la etapa que dice: \u2018No me quieren\u2019<\/b>\u201d, cont\u00f3, provocando la risa de <b>Dami\u00e1n Popochi Mu\u00f1oz<\/b> y <span class=\"waslinkname\"><b>Marixa Balli<\/b><\/span>, quienes la acompa\u00f1aban en el estudio. La conductora, lejos de preocuparse, disfruta de estos gestos: \u201c<b>Me fascina todo eso. Me encanta que me diga: \u2018Nadie me quiere en esta casa\u2019<\/b>\u201d.<\/p>\n<p>El ciclo de berrinches contin\u00faa con pedidos que arrancan sonrisas. \u201c<b>Si me pide: \u2018Me compr\u00e1s un\u2026\u2019 y le digo: \u2018No, no\u2019<\/b>\u201d, explic\u00f3 Lizy, reconociendo que no es muy estricta con la educaci\u00f3n frente a los reclamos afectivos. A los pocos segundos, Tati vuelve a la carga con renovada intensidad: \u201cAl segundo, llora\u201d, interviene Marixa entre risas. Por supuesto, el humor y la complicidad familiar no tardan en aparecer. \u201c\u2018<b>Mi mam\u00e1 es un var\u00f3n\u2019, me dice<\/b>\u201d, agrega Lizy, relatando c\u00f3mo la identidad y la curiosidad de Tati se mezclan con las historias familiares y las bromas habituales del hogar.<\/p>\n<p><img fetchpriority=\"high\" decoding=\"async\" src=\"https:\/\/lobosnews.com.ar\/wp-content\/uploads\/2026\/03\/lizy-tagliani-conto-el-berrinche-mas-gracioso-de-su-hijo-tati-me-encanta.jpg\" alt=\"Lizy junto a su hijo Tati, de espaldas, mirando hacia su hogar (Instagram)\" height=\"743\" width=\"440\"\/><\/p>\n<p>La charla en radio fue m\u00e1s all\u00e1 de la an\u00e9cdota y revel\u00f3 el juego de roles que se construye en la crianza. \u201c<b>Pero eso, \u00bfde d\u00f3nde lo sac\u00f3? \u00bfPor qu\u00e9 empieza a decir esas cosas?<\/b>\u201d, pregunt\u00f3 Marixa. \u201cDe m\u00ed, claro\u201d, admiti\u00f3 Lizy, reconociendo c\u00f3mo el intercambio cotidiano moldea el universo emocional del peque\u00f1o. Popochi Mu\u00f1oz sum\u00f3 otra capa de humor: \u201c<b>Triangula con Seba, que le dice: \u2018No, mam\u00e1 no es un var\u00f3n\u2019. Y ella le hace: \u2018S\u00ed, soy un var\u00f3n\u2019<\/b>\u201d. Lizy, sincera y sin vueltas, le cuenta a Tati que naci\u00f3 var\u00f3n, aunque resalta: Bueno, <b>le explico que nac\u00ed var\u00f3n, que es complejo ser una nena, una princesa hermosa. Y me contesta: \u2018\u00a1No sos hermosa!<\/b>\u2018. <\/p>\n<p>Pero no todo es comedia en la vida de Tati. En enero pasado, el peque\u00f1o protagoniz\u00f3 un momento de pura emoci\u00f3n<span class=\"waslinkname\"><b> al conocer el mar por primera vez<\/b><\/span>. Lizy comparti\u00f3 en sus redes sociales un video que muestra a Tati, de la mano de sus padres, acerc\u00e1ndose t\u00edmidamente a la orilla, observando el vaiv\u00e9n de las olas y, finalmente, anim\u00e1ndose a sumergir los pies en el agua. La reacci\u00f3n del ni\u00f1o fue una mezcla de asombro y felicidad: un grito espont\u00e1neo, una risa contagiosa y la mirada de quienes descubren el mundo por primera vez.<\/p>\n<p>El video de ese instante se llen\u00f3 de mensajes cari\u00f1osos de seguidores y amigos de Lizy, que celebraron la espontaneidad y la ternura del momento. Junto a las im\u00e1genes, la conductora se permiti\u00f3 una reflexi\u00f3n sobre la importancia de los primeros descubrimientos y el crecimiento en familia: \u201cDe las cosas m\u00e1s bellas que tiene esta vida son las sorpresas, esa sensaci\u00f3n de descubrir algo nuevo, algo que no sabemos si nos va a gustar o no, y de repente para nuestro peque\u00f1o lleg\u00f3 el momento de conocer el mar\u201d. M\u00e1s all\u00e1 de la postal perfecta, Lizy remarc\u00f3 el impacto que Tati tuvo en su vida y la de Sebasti\u00e1n: \u201c<b>Verte crecer es lo m\u00e1s hermoso que nos pudo pasar a pap\u00e1 y a m\u00ed<\/b>. No cambiaste nuestras vidas, nos trajiste una nueva. Te amamos hijo\u201d.<\/p>\n<p>La maternidad, para Tagliani, es un viaje lleno de risas, desaf\u00edos y momentos que desarman cualquier rutina. Entre berrinches, aventuras y descubrimientos, la conductora deja en claro que el amor y la honestidad son la base para construir una familia donde lo inesperado es siempre bienvenido. Y si en el camino hay l\u00e1grimas, reclamos o gritos felices junto al mar, mucho mejor: son la prueba de que la vida, en familia, siempre ser\u00e1 una aventura con final abierto.<\/p>\n","protected":false},"excerpt":{"rendered":"<p>La vida de Lizy Tagliani viene girando a toda velocidad entre emociones fuertes, sorpresas y aprendizajes que la atraviesan de punta a punta. Desde la llegada de Tati, el hijo que adopt\u00f3 junto a Sebasti\u00e1n Nebot, la conductora vive d\u00edas de ternura, desaf\u00edos y carcajadas inesperadas. Entre nuevas rutinas, vacaciones familiares, proyectos laborales y el&#8230;<\/p>\n","protected":false},"author":1,"featured_media":32034,"comment_status":"open","ping_status":"closed","sticky":false,"template":"","format":"standard","meta":{"_jetpack_memberships_contains_paid_content":false,"footnotes":""},"categories":[79],"tags":[],"class_list":["post-32031","post","type-post","status-publish","format-standard","has-post-thumbnail","hentry","category-cine-y-series"],"magazineBlocksPostFeaturedMedia":{"thumbnail":"https:\/\/lobosnews.com.ar\/wp-content\/uploads\/2026\/03\/lizy-tagliani-conto-el-berrinche-mas-gracioso-de-su-hijo-tati-me-encanta-150x150.jpg","medium":"https:\/\/lobosnews.com.ar\/wp-content\/uploads\/2026\/03\/lizy-tagliani-conto-el-berrinche-mas-gracioso-de-su-hijo-tati-me-encanta-178x300.jpg","medium_large":"https:\/\/lobosnews.com.ar\/wp-content\/uploads\/2026\/03\/lizy-tagliani-conto-el-berrinche-mas-gracioso-de-su-hijo-tati-me-encanta.jpg","large":"https:\/\/lobosnews.com.ar\/wp-content\/uploads\/2026\/03\/lizy-tagliani-conto-el-berrinche-mas-gracioso-de-su-hijo-tati-me-encanta.jpg","1536x1536":"https:\/\/lobosnews.com.ar\/wp-content\/uploads\/2026\/03\/lizy-tagliani-conto-el-berrinche-mas-gracioso-de-su-hijo-tati-me-encanta.jpg","2048x2048":"https:\/\/lobosnews.com.ar\/wp-content\/uploads\/2026\/03\/lizy-tagliani-conto-el-berrinche-mas-gracioso-de-su-hijo-tati-me-encanta.jpg","newsmatic-featured":"https:\/\/lobosnews.com.ar\/wp-content\/uploads\/2026\/03\/lizy-tagliani-conto-el-berrinche-mas-gracioso-de-su-hijo-tati-me-encanta-440x545.jpg","newsmatic-list":"https:\/\/lobosnews.com.ar\/wp-content\/uploads\/2026\/03\/lizy-tagliani-conto-el-berrinche-mas-gracioso-de-su-hijo-tati-me-encanta-440x400.jpg","newsmatic-thumb":"https:\/\/lobosnews.com.ar\/wp-content\/uploads\/2026\/03\/lizy-tagliani-conto-el-berrinche-mas-gracioso-de-su-hijo-tati-me-encanta-300x200.jpg","newsmatic-small":"https:\/\/lobosnews.com.ar\/wp-content\/uploads\/2026\/03\/lizy-tagliani-conto-el-berrinche-mas-gracioso-de-su-hijo-tati-me-encanta-150x95.jpg","newsmatic-grid":"https:\/\/lobosnews.com.ar\/wp-content\/uploads\/2026\/03\/lizy-tagliani-conto-el-berrinche-mas-gracioso-de-su-hijo-tati-me-encanta-400x250.jpg"},"magazineBlocksPostAuthor":{"name":"admin","avatar":"https:\/\/secure.gravatar.com\/avatar\/76e419471a2083bc3ceab22a763dbbf9b0c1bd15a6214cf3280e2c2dde4580f9?s=96&d=mm&r=g"},"magazineBlocksPostCommentsNumber":"0","magazineBlocksPostExcerpt":"La vida de Lizy Tagliani viene girando a toda velocidad entre emociones fuertes, sorpresas y aprendizajes que la atraviesan de punta a punta. Desde la llegada de Tati, el hijo que adopt\u00f3 junto a Sebasti\u00e1n Nebot, la conductora vive d\u00edas de ternura, desaf\u00edos y carcajadas inesperadas. Entre nuevas rutinas, vacaciones familiares, proyectos laborales y el...","magazineBlocksPostCategories":["Cine y Series"],"magazineBlocksPostViewCount":118,"magazineBlocksPostReadTime":4,"magazine_blocks_featured_image_url":{"full":["https:\/\/lobosnews.com.ar\/wp-content\/uploads\/2026\/03\/lizy-tagliani-conto-el-berrinche-mas-gracioso-de-su-hijo-tati-me-encanta.jpg",440,743,false],"medium":["https:\/\/lobosnews.com.ar\/wp-content\/uploads\/2026\/03\/lizy-tagliani-conto-el-berrinche-mas-gracioso-de-su-hijo-tati-me-encanta-178x300.jpg",178,300,true],"thumbnail":["https:\/\/lobosnews.com.ar\/wp-content\/uploads\/2026\/03\/lizy-tagliani-conto-el-berrinche-mas-gracioso-de-su-hijo-tati-me-encanta-150x150.jpg",150,150,true]},"magazine_blocks_author":{"display_name":"admin","author_link":"https:\/\/lobosnews.com.ar\/index.php\/author\/lobos-news\/"},"magazine_blocks_comment":0,"magazine_blocks_author_image":"https:\/\/secure.gravatar.com\/avatar\/76e419471a2083bc3ceab22a763dbbf9b0c1bd15a6214cf3280e2c2dde4580f9?s=96&d=mm&r=g","magazine_blocks_category":"<a href=\"#\" class=\"category-link category-link-79\">Cine y Series<\/a>","yoast_head":"<!-- This site is optimized with the Yoast SEO plugin v26.6 - https:\/\/yoast.com\/wordpress\/plugins\/seo\/ -->\n<title>Lizy Tagliani cont\u00f3 el berrinche m\u00e1s gracioso de su hijo Tati: \u201cMe encanta\u201d - Lobos News<\/title>\n<meta name=\"robots\" content=\"index, follow, max-snippet:-1, max-image-preview:large, max-video-preview:-1\" \/>\n<link rel=\"canonical\" href=\"https:\/\/lobosnews.com.ar\/index.php\/2026\/03\/11\/lizy-tagliani-conto-el-berrinche-mas-gracioso-de-su-hijo-tati-me-encanta\/\" \/>\n<meta property=\"og:locale\" content=\"es_ES\" \/>\n<meta property=\"og:type\" content=\"article\" \/>\n<meta property=\"og:title\" content=\"Lizy Tagliani cont\u00f3 el berrinche m\u00e1s gracioso de su hijo Tati: \u201cMe encanta\u201d - Lobos News\" \/>\n<meta property=\"og:description\" content=\"La vida de Lizy Tagliani viene girando a toda velocidad entre emociones fuertes, sorpresas y aprendizajes que la atraviesan de punta a punta. Desde la llegada de Tati, el hijo que adopt\u00f3 junto a Sebasti\u00e1n Nebot, la conductora vive d\u00edas de ternura, desaf\u00edos y carcajadas inesperadas. Entre nuevas rutinas, vacaciones familiares, proyectos laborales y el...\" \/>\n<meta property=\"og:url\" content=\"https:\/\/lobosnews.com.ar\/index.php\/2026\/03\/11\/lizy-tagliani-conto-el-berrinche-mas-gracioso-de-su-hijo-tati-me-encanta\/\" \/>\n<meta property=\"og:site_name\" content=\"Lobos News\" \/>\n<meta property=\"article:published_time\" content=\"2026-03-11T14:46:06+00:00\" \/>\n<meta property=\"article:modified_time\" content=\"2026-03-11T14:58:56+00:00\" \/>\n<meta property=\"og:image\" content=\"https:\/\/lobosnews.com.ar\/wp-content\/uploads\/2026\/03\/lizy-tagliani-conto-el-berrinche-mas-gracioso-de-su-hijo-tati-me-encanta.jpg\" \/>\n<meta name=\"author\" content=\"admin\" \/>\n<meta name=\"twitter:card\" content=\"summary_large_image\" \/>\n<meta name=\"twitter:label1\" content=\"Escrito por\" \/>\n\t<meta name=\"twitter:data1\" content=\"admin\" \/>\n\t<meta name=\"twitter:label2\" content=\"Tiempo de lectura\" \/>\n\t<meta name=\"twitter:data2\" content=\"4 minutos\" \/>\n<script type=\"application\/ld+json\" class=\"yoast-schema-graph\">{\"@context\":\"https:\/\/schema.org\",\"@graph\":[{\"@type\":\"Article\",\"@id\":\"https:\/\/lobosnews.com.ar\/index.php\/2026\/03\/11\/lizy-tagliani-conto-el-berrinche-mas-gracioso-de-su-hijo-tati-me-encanta\/#article\",\"isPartOf\":{\"@id\":\"https:\/\/lobosnews.com.ar\/index.php\/2026\/03\/11\/lizy-tagliani-conto-el-berrinche-mas-gracioso-de-su-hijo-tati-me-encanta\/\"},\"author\":{\"name\":\"admin\",\"@id\":\"https:\/\/lobosnews.com.ar\/#\/schema\/person\/232422a593d5c541dd9aef6aaed10943\"},\"headline\":\"Lizy Tagliani cont\u00f3 el berrinche m\u00e1s gracioso de su hijo Tati: \u201cMe encanta\u201d\",\"datePublished\":\"2026-03-11T14:46:06+00:00\",\"dateModified\":\"2026-03-11T14:58:56+00:00\",\"mainEntityOfPage\":{\"@id\":\"https:\/\/lobosnews.com.ar\/index.php\/2026\/03\/11\/lizy-tagliani-conto-el-berrinche-mas-gracioso-de-su-hijo-tati-me-encanta\/\"},\"wordCount\":767,\"commentCount\":0,\"publisher\":{\"@id\":\"https:\/\/lobosnews.com.ar\/#organization\"},\"image\":{\"@id\":\"https:\/\/lobosnews.com.ar\/index.php\/2026\/03\/11\/lizy-tagliani-conto-el-berrinche-mas-gracioso-de-su-hijo-tati-me-encanta\/#primaryimage\"},\"thumbnailUrl\":\"https:\/\/lobosnews.com.ar\/wp-content\/uploads\/2026\/03\/lizy-tagliani-conto-el-berrinche-mas-gracioso-de-su-hijo-tati-me-encanta.jpg\",\"articleSection\":[\"Cine y Series\"],\"inLanguage\":\"es\",\"potentialAction\":[{\"@type\":\"CommentAction\",\"name\":\"Comment\",\"target\":[\"https:\/\/lobosnews.com.ar\/index.php\/2026\/03\/11\/lizy-tagliani-conto-el-berrinche-mas-gracioso-de-su-hijo-tati-me-encanta\/#respond\"]}]},{\"@type\":\"WebPage\",\"@id\":\"https:\/\/lobosnews.com.ar\/index.php\/2026\/03\/11\/lizy-tagliani-conto-el-berrinche-mas-gracioso-de-su-hijo-tati-me-encanta\/\",\"url\":\"https:\/\/lobosnews.com.ar\/index.php\/2026\/03\/11\/lizy-tagliani-conto-el-berrinche-mas-gracioso-de-su-hijo-tati-me-encanta\/\",\"name\":\"Lizy Tagliani cont\u00f3 el berrinche m\u00e1s gracioso de su hijo Tati: \u201cMe encanta\u201d - Lobos News\",\"isPartOf\":{\"@id\":\"https:\/\/lobosnews.com.ar\/#website\"},\"primaryImageOfPage\":{\"@id\":\"https:\/\/lobosnews.com.ar\/index.php\/2026\/03\/11\/lizy-tagliani-conto-el-berrinche-mas-gracioso-de-su-hijo-tati-me-encanta\/#primaryimage\"},\"image\":{\"@id\":\"https:\/\/lobosnews.com.ar\/index.php\/2026\/03\/11\/lizy-tagliani-conto-el-berrinche-mas-gracioso-de-su-hijo-tati-me-encanta\/#primaryimage\"},\"thumbnailUrl\":\"https:\/\/lobosnews.com.ar\/wp-content\/uploads\/2026\/03\/lizy-tagliani-conto-el-berrinche-mas-gracioso-de-su-hijo-tati-me-encanta.jpg\",\"datePublished\":\"2026-03-11T14:46:06+00:00\",\"dateModified\":\"2026-03-11T14:58:56+00:00\",\"breadcrumb\":{\"@id\":\"https:\/\/lobosnews.com.ar\/index.php\/2026\/03\/11\/lizy-tagliani-conto-el-berrinche-mas-gracioso-de-su-hijo-tati-me-encanta\/#breadcrumb\"},\"inLanguage\":\"es\",\"potentialAction\":[{\"@type\":\"ReadAction\",\"target\":[\"https:\/\/lobosnews.com.ar\/index.php\/2026\/03\/11\/lizy-tagliani-conto-el-berrinche-mas-gracioso-de-su-hijo-tati-me-encanta\/\"]}]},{\"@type\":\"ImageObject\",\"inLanguage\":\"es\",\"@id\":\"https:\/\/lobosnews.com.ar\/index.php\/2026\/03\/11\/lizy-tagliani-conto-el-berrinche-mas-gracioso-de-su-hijo-tati-me-encanta\/#primaryimage\",\"url\":\"https:\/\/lobosnews.com.ar\/wp-content\/uploads\/2026\/03\/lizy-tagliani-conto-el-berrinche-mas-gracioso-de-su-hijo-tati-me-encanta.jpg\",\"contentUrl\":\"https:\/\/lobosnews.com.ar\/wp-content\/uploads\/2026\/03\/lizy-tagliani-conto-el-berrinche-mas-gracioso-de-su-hijo-tati-me-encanta.jpg\",\"width\":440,\"height\":743,\"caption\":\"Lizy Tagliani cont\u00f3 el berrinche m\u00e1s gracioso de su hijo Tati: \u201cMe encanta\u201d\"},{\"@type\":\"BreadcrumbList\",\"@id\":\"https:\/\/lobosnews.com.ar\/index.php\/2026\/03\/11\/lizy-tagliani-conto-el-berrinche-mas-gracioso-de-su-hijo-tati-me-encanta\/#breadcrumb\",\"itemListElement\":[{\"@type\":\"ListItem\",\"position\":1,\"name\":\"Portada\",\"item\":\"https:\/\/lobosnews.com.ar\/\"},{\"@type\":\"ListItem\",\"position\":2,\"name\":\"Lizy Tagliani cont\u00f3 el berrinche m\u00e1s gracioso de su hijo Tati: \u201cMe encanta\u201d\"}]},{\"@type\":\"WebSite\",\"@id\":\"https:\/\/lobosnews.com.ar\/#website\",\"url\":\"https:\/\/lobosnews.com.ar\/\",\"name\":\"Lobos News\",\"description\":\"Informaci\u00f3n a cada instante\",\"publisher\":{\"@id\":\"https:\/\/lobosnews.com.ar\/#organization\"},\"potentialAction\":[{\"@type\":\"SearchAction\",\"target\":{\"@type\":\"EntryPoint\",\"urlTemplate\":\"https:\/\/lobosnews.com.ar\/?s={search_term_string}\"},\"query-input\":{\"@type\":\"PropertyValueSpecification\",\"valueRequired\":true,\"valueName\":\"search_term_string\"}}],\"inLanguage\":\"es\"},{\"@type\":\"Organization\",\"@id\":\"https:\/\/lobosnews.com.ar\/#organization\",\"name\":\"Lobos News\",\"url\":\"https:\/\/lobosnews.com.ar\/\",\"logo\":{\"@type\":\"ImageObject\",\"inLanguage\":\"es\",\"@id\":\"https:\/\/lobosnews.com.ar\/#\/schema\/logo\/image\/\",\"url\":\"https:\/\/lobosnews.com.ar\/wp-content\/uploads\/2026\/01\/logo-lobosnews.png\",\"contentUrl\":\"https:\/\/lobosnews.com.ar\/wp-content\/uploads\/2026\/01\/logo-lobosnews.png\",\"width\":500,\"height\":200,\"caption\":\"Lobos News\"},\"image\":{\"@id\":\"https:\/\/lobosnews.com.ar\/#\/schema\/logo\/image\/\"}},{\"@type\":\"Person\",\"@id\":\"https:\/\/lobosnews.com.ar\/#\/schema\/person\/232422a593d5c541dd9aef6aaed10943\",\"name\":\"admin\",\"image\":{\"@type\":\"ImageObject\",\"inLanguage\":\"es\",\"@id\":\"https:\/\/lobosnews.com.ar\/#\/schema\/person\/image\/\",\"url\":\"https:\/\/secure.gravatar.com\/avatar\/76e419471a2083bc3ceab22a763dbbf9b0c1bd15a6214cf3280e2c2dde4580f9?s=96&d=mm&r=g\",\"contentUrl\":\"https:\/\/secure.gravatar.com\/avatar\/76e419471a2083bc3ceab22a763dbbf9b0c1bd15a6214cf3280e2c2dde4580f9?s=96&d=mm&r=g\",\"caption\":\"admin\"},\"sameAs\":[\"https:\/\/lobosnews.com.ar\"],\"url\":\"https:\/\/lobosnews.com.ar\/index.php\/author\/lobos-news\/\"}]}<\/script>\n<!-- \/ Yoast SEO plugin. -->","yoast_head_json":{"title":"Lizy Tagliani cont\u00f3 el berrinche m\u00e1s gracioso de su hijo Tati: \u201cMe encanta\u201d - Lobos News","robots":{"index":"index","follow":"follow","max-snippet":"max-snippet:-1","max-image-preview":"max-image-preview:large","max-video-preview":"max-video-preview:-1"},"canonical":"https:\/\/lobosnews.com.ar\/index.php\/2026\/03\/11\/lizy-tagliani-conto-el-berrinche-mas-gracioso-de-su-hijo-tati-me-encanta\/","og_locale":"es_ES","og_type":"article","og_title":"Lizy Tagliani cont\u00f3 el berrinche m\u00e1s gracioso de su hijo Tati: \u201cMe encanta\u201d - Lobos News","og_description":"La vida de Lizy Tagliani viene girando a toda velocidad entre emociones fuertes, sorpresas y aprendizajes que la atraviesan de punta a punta. Desde la llegada de Tati, el hijo que adopt\u00f3 junto a Sebasti\u00e1n Nebot, la conductora vive d\u00edas de ternura, desaf\u00edos y carcajadas inesperadas. Entre nuevas rutinas, vacaciones familiares, proyectos laborales y el...","og_url":"https:\/\/lobosnews.com.ar\/index.php\/2026\/03\/11\/lizy-tagliani-conto-el-berrinche-mas-gracioso-de-su-hijo-tati-me-encanta\/","og_site_name":"Lobos News","article_published_time":"2026-03-11T14:46:06+00:00","article_modified_time":"2026-03-11T14:58:56+00:00","og_image":[{"url":"https:\/\/lobosnews.com.ar\/wp-content\/uploads\/2026\/03\/lizy-tagliani-conto-el-berrinche-mas-gracioso-de-su-hijo-tati-me-encanta.jpg","type":"","width":"","height":""}],"author":"admin","twitter_card":"summary_large_image","twitter_misc":{"Escrito por":"admin","Tiempo de lectura":"4 minutos"},"schema":{"@context":"https:\/\/schema.org","@graph":[{"@type":"Article","@id":"https:\/\/lobosnews.com.ar\/index.php\/2026\/03\/11\/lizy-tagliani-conto-el-berrinche-mas-gracioso-de-su-hijo-tati-me-encanta\/#article","isPartOf":{"@id":"https:\/\/lobosnews.com.ar\/index.php\/2026\/03\/11\/lizy-tagliani-conto-el-berrinche-mas-gracioso-de-su-hijo-tati-me-encanta\/"},"author":{"name":"admin","@id":"https:\/\/lobosnews.com.ar\/#\/schema\/person\/232422a593d5c541dd9aef6aaed10943"},"headline":"Lizy Tagliani cont\u00f3 el berrinche m\u00e1s gracioso de su hijo Tati: \u201cMe encanta\u201d","datePublished":"2026-03-11T14:46:06+00:00","dateModified":"2026-03-11T14:58:56+00:00","mainEntityOfPage":{"@id":"https:\/\/lobosnews.com.ar\/index.php\/2026\/03\/11\/lizy-tagliani-conto-el-berrinche-mas-gracioso-de-su-hijo-tati-me-encanta\/"},"wordCount":767,"commentCount":0,"publisher":{"@id":"https:\/\/lobosnews.com.ar\/#organization"},"image":{"@id":"https:\/\/lobosnews.com.ar\/index.php\/2026\/03\/11\/lizy-tagliani-conto-el-berrinche-mas-gracioso-de-su-hijo-tati-me-encanta\/#primaryimage"},"thumbnailUrl":"https:\/\/lobosnews.com.ar\/wp-content\/uploads\/2026\/03\/lizy-tagliani-conto-el-berrinche-mas-gracioso-de-su-hijo-tati-me-encanta.jpg","articleSection":["Cine y Series"],"inLanguage":"es","potentialAction":[{"@type":"CommentAction","name":"Comment","target":["https:\/\/lobosnews.com.ar\/index.php\/2026\/03\/11\/lizy-tagliani-conto-el-berrinche-mas-gracioso-de-su-hijo-tati-me-encanta\/#respond"]}]},{"@type":"WebPage","@id":"https:\/\/lobosnews.com.ar\/index.php\/2026\/03\/11\/lizy-tagliani-conto-el-berrinche-mas-gracioso-de-su-hijo-tati-me-encanta\/","url":"https:\/\/lobosnews.com.ar\/index.php\/2026\/03\/11\/lizy-tagliani-conto-el-berrinche-mas-gracioso-de-su-hijo-tati-me-encanta\/","name":"Lizy Tagliani cont\u00f3 el berrinche m\u00e1s gracioso de su hijo Tati: \u201cMe encanta\u201d - Lobos News","isPartOf":{"@id":"https:\/\/lobosnews.com.ar\/#website"},"primaryImageOfPage":{"@id":"https:\/\/lobosnews.com.ar\/index.php\/2026\/03\/11\/lizy-tagliani-conto-el-berrinche-mas-gracioso-de-su-hijo-tati-me-encanta\/#primaryimage"},"image":{"@id":"https:\/\/lobosnews.com.ar\/index.php\/2026\/03\/11\/lizy-tagliani-conto-el-berrinche-mas-gracioso-de-su-hijo-tati-me-encanta\/#primaryimage"},"thumbnailUrl":"https:\/\/lobosnews.com.ar\/wp-content\/uploads\/2026\/03\/lizy-tagliani-conto-el-berrinche-mas-gracioso-de-su-hijo-tati-me-encanta.jpg","datePublished":"2026-03-11T14:46:06+00:00","dateModified":"2026-03-11T14:58:56+00:00","breadcrumb":{"@id":"https:\/\/lobosnews.com.ar\/index.php\/2026\/03\/11\/lizy-tagliani-conto-el-berrinche-mas-gracioso-de-su-hijo-tati-me-encanta\/#breadcrumb"},"inLanguage":"es","potentialAction":[{"@type":"ReadAction","target":["https:\/\/lobosnews.com.ar\/index.php\/2026\/03\/11\/lizy-tagliani-conto-el-berrinche-mas-gracioso-de-su-hijo-tati-me-encanta\/"]}]},{"@type":"ImageObject","inLanguage":"es","@id":"https:\/\/lobosnews.com.ar\/index.php\/2026\/03\/11\/lizy-tagliani-conto-el-berrinche-mas-gracioso-de-su-hijo-tati-me-encanta\/#primaryimage","url":"https:\/\/lobosnews.com.ar\/wp-content\/uploads\/2026\/03\/lizy-tagliani-conto-el-berrinche-mas-gracioso-de-su-hijo-tati-me-encanta.jpg","contentUrl":"https:\/\/lobosnews.com.ar\/wp-content\/uploads\/2026\/03\/lizy-tagliani-conto-el-berrinche-mas-gracioso-de-su-hijo-tati-me-encanta.jpg","width":440,"height":743,"caption":"Lizy Tagliani cont\u00f3 el berrinche m\u00e1s gracioso de su hijo Tati: \u201cMe encanta\u201d"},{"@type":"BreadcrumbList","@id":"https:\/\/lobosnews.com.ar\/index.php\/2026\/03\/11\/lizy-tagliani-conto-el-berrinche-mas-gracioso-de-su-hijo-tati-me-encanta\/#breadcrumb","itemListElement":[{"@type":"ListItem","position":1,"name":"Portada","item":"https:\/\/lobosnews.com.ar\/"},{"@type":"ListItem","position":2,"name":"Lizy Tagliani cont\u00f3 el berrinche m\u00e1s gracioso de su hijo Tati: \u201cMe encanta\u201d"}]},{"@type":"WebSite","@id":"https:\/\/lobosnews.com.ar\/#website","url":"https:\/\/lobosnews.com.ar\/","name":"Lobos News","description":"Informaci\u00f3n a cada instante","publisher":{"@id":"https:\/\/lobosnews.com.ar\/#organization"},"potentialAction":[{"@type":"SearchAction","target":{"@type":"EntryPoint","urlTemplate":"https:\/\/lobosnews.com.ar\/?s={search_term_string}"},"query-input":{"@type":"PropertyValueSpecification","valueRequired":true,"valueName":"search_term_string"}}],"inLanguage":"es"},{"@type":"Organization","@id":"https:\/\/lobosnews.com.ar\/#organization","name":"Lobos News","url":"https:\/\/lobosnews.com.ar\/","logo":{"@type":"ImageObject","inLanguage":"es","@id":"https:\/\/lobosnews.com.ar\/#\/schema\/logo\/image\/","url":"https:\/\/lobosnews.com.ar\/wp-content\/uploads\/2026\/01\/logo-lobosnews.png","contentUrl":"https:\/\/lobosnews.com.ar\/wp-content\/uploads\/2026\/01\/logo-lobosnews.png","width":500,"height":200,"caption":"Lobos News"},"image":{"@id":"https:\/\/lobosnews.com.ar\/#\/schema\/logo\/image\/"}},{"@type":"Person","@id":"https:\/\/lobosnews.com.ar\/#\/schema\/person\/232422a593d5c541dd9aef6aaed10943","name":"admin","image":{"@type":"ImageObject","inLanguage":"es","@id":"https:\/\/lobosnews.com.ar\/#\/schema\/person\/image\/","url":"https:\/\/secure.gravatar.com\/avatar\/76e419471a2083bc3ceab22a763dbbf9b0c1bd15a6214cf3280e2c2dde4580f9?s=96&d=mm&r=g","contentUrl":"https:\/\/secure.gravatar.com\/avatar\/76e419471a2083bc3ceab22a763dbbf9b0c1bd15a6214cf3280e2c2dde4580f9?s=96&d=mm&r=g","caption":"admin"},"sameAs":["https:\/\/lobosnews.com.ar"],"url":"https:\/\/lobosnews.com.ar\/index.php\/author\/lobos-news\/"}]}},"jetpack_featured_media_url":"https:\/\/lobosnews.com.ar\/wp-content\/uploads\/2026\/03\/lizy-tagliani-conto-el-berrinche-mas-gracioso-de-su-hijo-tati-me-encanta.jpg","jetpack_sharing_enabled":true,"_links":{"self":[{"href":"https:\/\/lobosnews.com.ar\/index.php\/wp-json\/wp\/v2\/posts\/32031","targetHints":{"allow":["GET"]}}],"collection":[{"href":"https:\/\/lobosnews.com.ar\/index.php\/wp-json\/wp\/v2\/posts"}],"about":[{"href":"https:\/\/lobosnews.com.ar\/index.php\/wp-json\/wp\/v2\/types\/post"}],"author":[{"embeddable":true,"href":"https:\/\/lobosnews.com.ar\/index.php\/wp-json\/wp\/v2\/users\/1"}],"replies":[{"embeddable":true,"href":"https:\/\/lobosnews.com.ar\/index.php\/wp-json\/wp\/v2\/comments?post=32031"}],"version-history":[{"count":1,"href":"https:\/\/lobosnews.com.ar\/index.php\/wp-json\/wp\/v2\/posts\/32031\/revisions"}],"predecessor-version":[{"id":32033,"href":"https:\/\/lobosnews.com.ar\/index.php\/wp-json\/wp\/v2\/posts\/32031\/revisions\/32033"}],"wp:featuredmedia":[{"embeddable":true,"href":"https:\/\/lobosnews.com.ar\/index.php\/wp-json\/wp\/v2\/media\/32034"}],"wp:attachment":[{"href":"https:\/\/lobosnews.com.ar\/index.php\/wp-json\/wp\/v2\/media?parent=32031"}],"wp:term":[{"taxonomy":"category","embeddable":true,"href":"https:\/\/lobosnews.com.ar\/index.php\/wp-json\/wp\/v2\/categories?post=32031"},{"taxonomy":"post_tag","embeddable":true,"href":"https:\/\/lobosnews.com.ar\/index.php\/wp-json\/wp\/v2\/tags?post=32031"}],"curies":[{"name":"wp","href":"https:\/\/api.w.org\/{rel}","templated":true}]}}