{"id":32018,"date":"2026-03-11T12:47:50","date_gmt":"2026-03-11T12:47:50","guid":{"rendered":"https:\/\/lobosnews.com.ar\/index.php\/2026\/03\/11\/gustavo-dudamel-le-contesto-a-timothee-chalamet-hay-que-hablar-con-conocimiento-y-con-hechos\/"},"modified":"2026-03-11T14:52:50","modified_gmt":"2026-03-11T14:52:50","slug":"gustavo-dudamel-le-contesto-a-timothee-chalamet-hay-que-hablar-con-conocimiento-y-con-hechos","status":"publish","type":"post","link":"https:\/\/lobosnews.com.ar\/index.php\/2026\/03\/11\/gustavo-dudamel-le-contesto-a-timothee-chalamet-hay-que-hablar-con-conocimiento-y-con-hechos\/","title":{"rendered":"Gustavo Dudamel le contest\u00f3 a Timoth\u00e9e Chalamet: \u201cHay que hablar con conocimiento y con hechos\u201d"},"content":{"rendered":"<p><img loading=\"lazy\" decoding=\"async\" src=\"https:\/\/lobosnews.com.ar\/wp-content\/uploads\/2026\/03\/gustavo-dudamel-le-contesto-a-timothee-chalamet-hay-que-hablar-con-conocimiento-y-con-hechos.jpg\" alt=\"Gustavo Dudamel contest\u00f3 a Chalamet: \u201cHay que hablar con conocimiento y con hechos\u201d (Foto AP\/John Minchillo)\" height=\"5517\" width=\"8276\"\/><\/p>\n<p>El maestro venezolano <b>Gustavo Dudamel<\/b>, el nuevo director de la Orquesta Filarm\u00f3nica de Nueva York, defendi\u00f3 este martes la metamorfosis constante de la m\u00fasica cl\u00e1sica y respondi\u00f3 con firmeza a las recientes cr\u00edticas del actor<b> Timoth\u00e9e Chalamet<\/b>, quien calific\u00f3 al g\u00e9nero de moribundo.<\/p>\n<p>\u201cTodo el mundo tiene derecho a decir lo que siente, pero hay que hablar con conocimiento y con hechos\u201d, afirm\u00f3 el m\u00fasico durante la presentaci\u00f3n de la nueva temporada de la Filarm\u00f3nica en el Lincoln Center y destac\u00f3 que el cine es el resultado de la \u00f3pera y de la m\u00fasica.<\/p>\n<p>Chalamet dijo en una entrevista la semana pasada que no quiere trabajar en ballet ni en \u00f3pera ni en cosas en las que se diga: \u201cOye, hay que mantener esto vivo\u201d.<\/p>\n<p>Dudamel utiliz\u00f3 una frase en espa\u00f1ol para subrayar su punto: \u201cLa m\u00fasica nace constantemente, no muere\u201d.<\/p>\n<p>El maestro explic\u00f3 que cada vez que se interpreta una obra, como la \u2018Quinta Sinfon\u00eda\u2019 de Beethoven, esta experimenta un renacimiento, alej\u00e1ndose de la idea de un arte est\u00e1tico o en decadencia.<\/p>\n<p><img loading=\"lazy\" decoding=\"async\" src=\"https:\/\/lobosnews.com.ar\/wp-content\/uploads\/2026\/03\/gustavo-dudamel-le-contesto-a-timothee-chalamet-hay-que-hablar-con-conocimiento-y-con-hechos-1.jpg\" alt=\"Timothee Chalamet (REUTERS\/Mike Blake)\" height=\"3202\" width=\"4803\"\/><\/p>\n<h2>La Filarm\u00f3nica de Nueva York invita a Chalame<\/h2>\n<p>Por su parte, el presidente y director ejecutivo de la instituci\u00f3n, Mat\u00edas Tarnopolsky, reforz\u00f3 la idea de una Filarm\u00f3nica sin fronteras de g\u00e9nero. El directivo argentino destac\u00f3 que la visi\u00f3n de Dudamel no entiende de barreras, citando como ejemplo las colaboraciones previas del director con artistas como la joven cantante de pop Billie Eilish.<\/p>\n<p>Adem\u00e1s, Tarnopolsky invit\u00f3 a Chalamet a asistir a un concierto para cambiar su perspectiva.<\/p>\n<p>\u201cPuede sentarse conmigo en cualquier momento, le dar\u00e9 una entrada gratis y est\u00e1 invitado a venir a la Filarm\u00f3nica de Nueva York\u201d, anot\u00f3.<\/p>\n<p>En la presentaci\u00f3n de la temporada tambi\u00e9n hoy se subray\u00f3 que la hoja de ruta de la Filarm\u00f3nica de Nueva York va hacia una audiencia m\u00e1s joven.<\/p>\n<p>Dudamel insisti\u00f3 en que la m\u00fasica cl\u00e1sica no es un objeto de museo, sino una herramienta de transformaci\u00f3n social.<\/p>\n<p>\u201cTenemos todos los ingredientes: una orquesta incre\u00edble y una comunidad generosa\u201d, concluy\u00f3 Dudamel.<\/p>\n<p>Fuente: <i>EFE <\/i><\/p>\n","protected":false},"excerpt":{"rendered":"<p>El maestro venezolano Gustavo Dudamel, el nuevo director de la Orquesta Filarm\u00f3nica de Nueva York, defendi\u00f3 este martes la metamorfosis constante de la m\u00fasica cl\u00e1sica y respondi\u00f3 con firmeza a las recientes cr\u00edticas del actor Timoth\u00e9e Chalamet, quien calific\u00f3 al g\u00e9nero de moribundo. \u201cTodo el mundo tiene derecho a decir lo que siente, pero hay&#8230;<\/p>\n","protected":false},"author":1,"featured_media":32022,"comment_status":"open","ping_status":"closed","sticky":false,"template":"","format":"standard","meta":{"_jetpack_memberships_contains_paid_content":false,"footnotes":""},"categories":[31],"tags":[],"class_list":["post-32018","post","type-post","status-publish","format-standard","has-post-thumbnail","hentry","category-actualidad"],"magazineBlocksPostFeaturedMedia":{"thumbnail":"https:\/\/lobosnews.com.ar\/wp-content\/uploads\/2026\/03\/gustavo-dudamel-le-contesto-a-timothee-chalamet-hay-que-hablar-con-conocimiento-y-con-hechos-2-150x150.jpg","medium":"https:\/\/lobosnews.com.ar\/wp-content\/uploads\/2026\/03\/gustavo-dudamel-le-contesto-a-timothee-chalamet-hay-que-hablar-con-conocimiento-y-con-hechos-2-300x200.jpg","medium_large":"https:\/\/lobosnews.com.ar\/wp-content\/uploads\/2026\/03\/gustavo-dudamel-le-contesto-a-timothee-chalamet-hay-que-hablar-con-conocimiento-y-con-hechos-2-768x512.jpg","large":"https:\/\/lobosnews.com.ar\/wp-content\/uploads\/2026\/03\/gustavo-dudamel-le-contesto-a-timothee-chalamet-hay-que-hablar-con-conocimiento-y-con-hechos-2-1024x683.jpg","1536x1536":"https:\/\/lobosnews.com.ar\/wp-content\/uploads\/2026\/03\/gustavo-dudamel-le-contesto-a-timothee-chalamet-hay-que-hablar-con-conocimiento-y-con-hechos-2-1536x1024.jpg","2048x2048":"https:\/\/lobosnews.com.ar\/wp-content\/uploads\/2026\/03\/gustavo-dudamel-le-contesto-a-timothee-chalamet-hay-que-hablar-con-conocimiento-y-con-hechos-2-2048x1365.jpg","newsmatic-featured":"https:\/\/lobosnews.com.ar\/wp-content\/uploads\/2026\/03\/gustavo-dudamel-le-contesto-a-timothee-chalamet-hay-que-hablar-con-conocimiento-y-con-hechos-2-820x545.jpg","newsmatic-list":"https:\/\/lobosnews.com.ar\/wp-content\/uploads\/2026\/03\/gustavo-dudamel-le-contesto-a-timothee-chalamet-hay-que-hablar-con-conocimiento-y-con-hechos-2-600x400.jpg","newsmatic-thumb":"https:\/\/lobosnews.com.ar\/wp-content\/uploads\/2026\/03\/gustavo-dudamel-le-contesto-a-timothee-chalamet-hay-que-hablar-con-conocimiento-y-con-hechos-2-300x200.jpg","newsmatic-small":"https:\/\/lobosnews.com.ar\/wp-content\/uploads\/2026\/03\/gustavo-dudamel-le-contesto-a-timothee-chalamet-hay-que-hablar-con-conocimiento-y-con-hechos-2-150x95.jpg","newsmatic-grid":"https:\/\/lobosnews.com.ar\/wp-content\/uploads\/2026\/03\/gustavo-dudamel-le-contesto-a-timothee-chalamet-hay-que-hablar-con-conocimiento-y-con-hechos-2-400x250.jpg"},"magazineBlocksPostAuthor":{"name":"admin","avatar":"https:\/\/secure.gravatar.com\/avatar\/76e419471a2083bc3ceab22a763dbbf9b0c1bd15a6214cf3280e2c2dde4580f9?s=96&d=mm&r=g"},"magazineBlocksPostCommentsNumber":"0","magazineBlocksPostExcerpt":"El maestro venezolano Gustavo Dudamel, el nuevo director de la Orquesta Filarm\u00f3nica de Nueva York, defendi\u00f3 este martes la metamorfosis constante de la m\u00fasica cl\u00e1sica y respondi\u00f3 con firmeza a las recientes cr\u00edticas del actor Timoth\u00e9e Chalamet, quien calific\u00f3 al g\u00e9nero de moribundo. \u201cTodo el mundo tiene derecho a decir lo que siente, pero hay...","magazineBlocksPostCategories":["Actualidad"],"magazineBlocksPostViewCount":82,"magazineBlocksPostReadTime":2,"magazine_blocks_featured_image_url":{"full":["https:\/\/lobosnews.com.ar\/wp-content\/uploads\/2026\/03\/gustavo-dudamel-le-contesto-a-timothee-chalamet-hay-que-hablar-con-conocimiento-y-con-hechos-2-scaled.jpg",2560,1707,false],"medium":["https:\/\/lobosnews.com.ar\/wp-content\/uploads\/2026\/03\/gustavo-dudamel-le-contesto-a-timothee-chalamet-hay-que-hablar-con-conocimiento-y-con-hechos-2-300x200.jpg",300,200,true],"thumbnail":["https:\/\/lobosnews.com.ar\/wp-content\/uploads\/2026\/03\/gustavo-dudamel-le-contesto-a-timothee-chalamet-hay-que-hablar-con-conocimiento-y-con-hechos-2-150x150.jpg",150,150,true]},"magazine_blocks_author":{"display_name":"admin","author_link":"https:\/\/lobosnews.com.ar\/index.php\/author\/lobos-news\/"},"magazine_blocks_comment":0,"magazine_blocks_author_image":"https:\/\/secure.gravatar.com\/avatar\/76e419471a2083bc3ceab22a763dbbf9b0c1bd15a6214cf3280e2c2dde4580f9?s=96&d=mm&r=g","magazine_blocks_category":"<a href=\"#\" class=\"category-link category-link-31\">Actualidad<\/a>","yoast_head":"<!-- This site is optimized with the Yoast SEO plugin v26.6 - https:\/\/yoast.com\/wordpress\/plugins\/seo\/ -->\n<title>Gustavo Dudamel le contest\u00f3 a Timoth\u00e9e Chalamet: \u201cHay que hablar con conocimiento y con hechos\u201d - Lobos News<\/title>\n<meta name=\"robots\" content=\"index, follow, max-snippet:-1, max-image-preview:large, max-video-preview:-1\" \/>\n<link rel=\"canonical\" href=\"https:\/\/lobosnews.com.ar\/index.php\/2026\/03\/11\/gustavo-dudamel-le-contesto-a-timothee-chalamet-hay-que-hablar-con-conocimiento-y-con-hechos\/\" \/>\n<meta property=\"og:locale\" content=\"es_ES\" \/>\n<meta property=\"og:type\" content=\"article\" \/>\n<meta property=\"og:title\" content=\"Gustavo Dudamel le contest\u00f3 a Timoth\u00e9e Chalamet: \u201cHay que hablar con conocimiento y con hechos\u201d - Lobos News\" \/>\n<meta property=\"og:description\" content=\"El maestro venezolano Gustavo Dudamel, el nuevo director de la Orquesta Filarm\u00f3nica de Nueva York, defendi\u00f3 este martes la metamorfosis constante de la m\u00fasica cl\u00e1sica y respondi\u00f3 con firmeza a las recientes cr\u00edticas del actor Timoth\u00e9e Chalamet, quien calific\u00f3 al g\u00e9nero de moribundo. \u201cTodo el mundo tiene derecho a decir lo que siente, pero hay...\" \/>\n<meta property=\"og:url\" content=\"https:\/\/lobosnews.com.ar\/index.php\/2026\/03\/11\/gustavo-dudamel-le-contesto-a-timothee-chalamet-hay-que-hablar-con-conocimiento-y-con-hechos\/\" \/>\n<meta property=\"og:site_name\" content=\"Lobos News\" \/>\n<meta property=\"article:published_time\" content=\"2026-03-11T12:47:50+00:00\" \/>\n<meta property=\"article:modified_time\" content=\"2026-03-11T14:52:50+00:00\" \/>\n<meta property=\"og:image\" content=\"https:\/\/lobosnews.com.ar\/wp-content\/uploads\/2026\/03\/gustavo-dudamel-le-contesto-a-timothee-chalamet-hay-que-hablar-con-conocimiento-y-con-hechos.jpg\" \/>\n<meta name=\"author\" content=\"admin\" \/>\n<meta name=\"twitter:card\" content=\"summary_large_image\" \/>\n<meta name=\"twitter:label1\" content=\"Escrito por\" \/>\n\t<meta name=\"twitter:data1\" content=\"admin\" \/>\n\t<meta name=\"twitter:label2\" content=\"Tiempo de lectura\" \/>\n\t<meta name=\"twitter:data2\" content=\"2 minutos\" \/>\n<script type=\"application\/ld+json\" class=\"yoast-schema-graph\">{\"@context\":\"https:\/\/schema.org\",\"@graph\":[{\"@type\":\"Article\",\"@id\":\"https:\/\/lobosnews.com.ar\/index.php\/2026\/03\/11\/gustavo-dudamel-le-contesto-a-timothee-chalamet-hay-que-hablar-con-conocimiento-y-con-hechos\/#article\",\"isPartOf\":{\"@id\":\"https:\/\/lobosnews.com.ar\/index.php\/2026\/03\/11\/gustavo-dudamel-le-contesto-a-timothee-chalamet-hay-que-hablar-con-conocimiento-y-con-hechos\/\"},\"author\":{\"name\":\"admin\",\"@id\":\"https:\/\/lobosnews.com.ar\/#\/schema\/person\/232422a593d5c541dd9aef6aaed10943\"},\"headline\":\"Gustavo Dudamel le contest\u00f3 a Timoth\u00e9e Chalamet: \u201cHay que hablar con conocimiento y con hechos\u201d\",\"datePublished\":\"2026-03-11T12:47:50+00:00\",\"dateModified\":\"2026-03-11T14:52:50+00:00\",\"mainEntityOfPage\":{\"@id\":\"https:\/\/lobosnews.com.ar\/index.php\/2026\/03\/11\/gustavo-dudamel-le-contesto-a-timothee-chalamet-hay-que-hablar-con-conocimiento-y-con-hechos\/\"},\"wordCount\":380,\"commentCount\":0,\"publisher\":{\"@id\":\"https:\/\/lobosnews.com.ar\/#organization\"},\"image\":{\"@id\":\"https:\/\/lobosnews.com.ar\/index.php\/2026\/03\/11\/gustavo-dudamel-le-contesto-a-timothee-chalamet-hay-que-hablar-con-conocimiento-y-con-hechos\/#primaryimage\"},\"thumbnailUrl\":\"https:\/\/lobosnews.com.ar\/wp-content\/uploads\/2026\/03\/gustavo-dudamel-le-contesto-a-timothee-chalamet-hay-que-hablar-con-conocimiento-y-con-hechos-2-scaled.jpg\",\"articleSection\":[\"Actualidad\"],\"inLanguage\":\"es\",\"potentialAction\":[{\"@type\":\"CommentAction\",\"name\":\"Comment\",\"target\":[\"https:\/\/lobosnews.com.ar\/index.php\/2026\/03\/11\/gustavo-dudamel-le-contesto-a-timothee-chalamet-hay-que-hablar-con-conocimiento-y-con-hechos\/#respond\"]}]},{\"@type\":\"WebPage\",\"@id\":\"https:\/\/lobosnews.com.ar\/index.php\/2026\/03\/11\/gustavo-dudamel-le-contesto-a-timothee-chalamet-hay-que-hablar-con-conocimiento-y-con-hechos\/\",\"url\":\"https:\/\/lobosnews.com.ar\/index.php\/2026\/03\/11\/gustavo-dudamel-le-contesto-a-timothee-chalamet-hay-que-hablar-con-conocimiento-y-con-hechos\/\",\"name\":\"Gustavo Dudamel le contest\u00f3 a Timoth\u00e9e Chalamet: \u201cHay que hablar con conocimiento y con hechos\u201d - Lobos News\",\"isPartOf\":{\"@id\":\"https:\/\/lobosnews.com.ar\/#website\"},\"primaryImageOfPage\":{\"@id\":\"https:\/\/lobosnews.com.ar\/index.php\/2026\/03\/11\/gustavo-dudamel-le-contesto-a-timothee-chalamet-hay-que-hablar-con-conocimiento-y-con-hechos\/#primaryimage\"},\"image\":{\"@id\":\"https:\/\/lobosnews.com.ar\/index.php\/2026\/03\/11\/gustavo-dudamel-le-contesto-a-timothee-chalamet-hay-que-hablar-con-conocimiento-y-con-hechos\/#primaryimage\"},\"thumbnailUrl\":\"https:\/\/lobosnews.com.ar\/wp-content\/uploads\/2026\/03\/gustavo-dudamel-le-contesto-a-timothee-chalamet-hay-que-hablar-con-conocimiento-y-con-hechos-2-scaled.jpg\",\"datePublished\":\"2026-03-11T12:47:50+00:00\",\"dateModified\":\"2026-03-11T14:52:50+00:00\",\"breadcrumb\":{\"@id\":\"https:\/\/lobosnews.com.ar\/index.php\/2026\/03\/11\/gustavo-dudamel-le-contesto-a-timothee-chalamet-hay-que-hablar-con-conocimiento-y-con-hechos\/#breadcrumb\"},\"inLanguage\":\"es\",\"potentialAction\":[{\"@type\":\"ReadAction\",\"target\":[\"https:\/\/lobosnews.com.ar\/index.php\/2026\/03\/11\/gustavo-dudamel-le-contesto-a-timothee-chalamet-hay-que-hablar-con-conocimiento-y-con-hechos\/\"]}]},{\"@type\":\"ImageObject\",\"inLanguage\":\"es\",\"@id\":\"https:\/\/lobosnews.com.ar\/index.php\/2026\/03\/11\/gustavo-dudamel-le-contesto-a-timothee-chalamet-hay-que-hablar-con-conocimiento-y-con-hechos\/#primaryimage\",\"url\":\"https:\/\/lobosnews.com.ar\/wp-content\/uploads\/2026\/03\/gustavo-dudamel-le-contesto-a-timothee-chalamet-hay-que-hablar-con-conocimiento-y-con-hechos-2-scaled.jpg\",\"contentUrl\":\"https:\/\/lobosnews.com.ar\/wp-content\/uploads\/2026\/03\/gustavo-dudamel-le-contesto-a-timothee-chalamet-hay-que-hablar-con-conocimiento-y-con-hechos-2-scaled.jpg\",\"width\":2560,\"height\":1707,\"caption\":\"Gustavo Dudamel le contest\u00f3 a Timoth\u00e9e Chalamet: \u201cHay que hablar con conocimiento y con hechos\u201d\"},{\"@type\":\"BreadcrumbList\",\"@id\":\"https:\/\/lobosnews.com.ar\/index.php\/2026\/03\/11\/gustavo-dudamel-le-contesto-a-timothee-chalamet-hay-que-hablar-con-conocimiento-y-con-hechos\/#breadcrumb\",\"itemListElement\":[{\"@type\":\"ListItem\",\"position\":1,\"name\":\"Portada\",\"item\":\"https:\/\/lobosnews.com.ar\/\"},{\"@type\":\"ListItem\",\"position\":2,\"name\":\"Gustavo Dudamel le contest\u00f3 a Timoth\u00e9e Chalamet: \u201cHay que hablar con conocimiento y con hechos\u201d\"}]},{\"@type\":\"WebSite\",\"@id\":\"https:\/\/lobosnews.com.ar\/#website\",\"url\":\"https:\/\/lobosnews.com.ar\/\",\"name\":\"Lobos News\",\"description\":\"Informaci\u00f3n a cada instante\",\"publisher\":{\"@id\":\"https:\/\/lobosnews.com.ar\/#organization\"},\"potentialAction\":[{\"@type\":\"SearchAction\",\"target\":{\"@type\":\"EntryPoint\",\"urlTemplate\":\"https:\/\/lobosnews.com.ar\/?s={search_term_string}\"},\"query-input\":{\"@type\":\"PropertyValueSpecification\",\"valueRequired\":true,\"valueName\":\"search_term_string\"}}],\"inLanguage\":\"es\"},{\"@type\":\"Organization\",\"@id\":\"https:\/\/lobosnews.com.ar\/#organization\",\"name\":\"Lobos News\",\"url\":\"https:\/\/lobosnews.com.ar\/\",\"logo\":{\"@type\":\"ImageObject\",\"inLanguage\":\"es\",\"@id\":\"https:\/\/lobosnews.com.ar\/#\/schema\/logo\/image\/\",\"url\":\"https:\/\/lobosnews.com.ar\/wp-content\/uploads\/2026\/01\/logo-lobosnews.png\",\"contentUrl\":\"https:\/\/lobosnews.com.ar\/wp-content\/uploads\/2026\/01\/logo-lobosnews.png\",\"width\":500,\"height\":200,\"caption\":\"Lobos News\"},\"image\":{\"@id\":\"https:\/\/lobosnews.com.ar\/#\/schema\/logo\/image\/\"}},{\"@type\":\"Person\",\"@id\":\"https:\/\/lobosnews.com.ar\/#\/schema\/person\/232422a593d5c541dd9aef6aaed10943\",\"name\":\"admin\",\"image\":{\"@type\":\"ImageObject\",\"inLanguage\":\"es\",\"@id\":\"https:\/\/lobosnews.com.ar\/#\/schema\/person\/image\/\",\"url\":\"https:\/\/secure.gravatar.com\/avatar\/76e419471a2083bc3ceab22a763dbbf9b0c1bd15a6214cf3280e2c2dde4580f9?s=96&d=mm&r=g\",\"contentUrl\":\"https:\/\/secure.gravatar.com\/avatar\/76e419471a2083bc3ceab22a763dbbf9b0c1bd15a6214cf3280e2c2dde4580f9?s=96&d=mm&r=g\",\"caption\":\"admin\"},\"sameAs\":[\"https:\/\/lobosnews.com.ar\"],\"url\":\"https:\/\/lobosnews.com.ar\/index.php\/author\/lobos-news\/\"}]}<\/script>\n<!-- \/ Yoast SEO plugin. -->","yoast_head_json":{"title":"Gustavo Dudamel le contest\u00f3 a Timoth\u00e9e Chalamet: \u201cHay que hablar con conocimiento y con hechos\u201d - Lobos News","robots":{"index":"index","follow":"follow","max-snippet":"max-snippet:-1","max-image-preview":"max-image-preview:large","max-video-preview":"max-video-preview:-1"},"canonical":"https:\/\/lobosnews.com.ar\/index.php\/2026\/03\/11\/gustavo-dudamel-le-contesto-a-timothee-chalamet-hay-que-hablar-con-conocimiento-y-con-hechos\/","og_locale":"es_ES","og_type":"article","og_title":"Gustavo Dudamel le contest\u00f3 a Timoth\u00e9e Chalamet: \u201cHay que hablar con conocimiento y con hechos\u201d - Lobos News","og_description":"El maestro venezolano Gustavo Dudamel, el nuevo director de la Orquesta Filarm\u00f3nica de Nueva York, defendi\u00f3 este martes la metamorfosis constante de la m\u00fasica cl\u00e1sica y respondi\u00f3 con firmeza a las recientes cr\u00edticas del actor Timoth\u00e9e Chalamet, quien calific\u00f3 al g\u00e9nero de moribundo. \u201cTodo el mundo tiene derecho a decir lo que siente, pero hay...","og_url":"https:\/\/lobosnews.com.ar\/index.php\/2026\/03\/11\/gustavo-dudamel-le-contesto-a-timothee-chalamet-hay-que-hablar-con-conocimiento-y-con-hechos\/","og_site_name":"Lobos News","article_published_time":"2026-03-11T12:47:50+00:00","article_modified_time":"2026-03-11T14:52:50+00:00","og_image":[{"url":"https:\/\/lobosnews.com.ar\/wp-content\/uploads\/2026\/03\/gustavo-dudamel-le-contesto-a-timothee-chalamet-hay-que-hablar-con-conocimiento-y-con-hechos.jpg","type":"","width":"","height":""}],"author":"admin","twitter_card":"summary_large_image","twitter_misc":{"Escrito por":"admin","Tiempo de lectura":"2 minutos"},"schema":{"@context":"https:\/\/schema.org","@graph":[{"@type":"Article","@id":"https:\/\/lobosnews.com.ar\/index.php\/2026\/03\/11\/gustavo-dudamel-le-contesto-a-timothee-chalamet-hay-que-hablar-con-conocimiento-y-con-hechos\/#article","isPartOf":{"@id":"https:\/\/lobosnews.com.ar\/index.php\/2026\/03\/11\/gustavo-dudamel-le-contesto-a-timothee-chalamet-hay-que-hablar-con-conocimiento-y-con-hechos\/"},"author":{"name":"admin","@id":"https:\/\/lobosnews.com.ar\/#\/schema\/person\/232422a593d5c541dd9aef6aaed10943"},"headline":"Gustavo Dudamel le contest\u00f3 a Timoth\u00e9e Chalamet: \u201cHay que hablar con conocimiento y con hechos\u201d","datePublished":"2026-03-11T12:47:50+00:00","dateModified":"2026-03-11T14:52:50+00:00","mainEntityOfPage":{"@id":"https:\/\/lobosnews.com.ar\/index.php\/2026\/03\/11\/gustavo-dudamel-le-contesto-a-timothee-chalamet-hay-que-hablar-con-conocimiento-y-con-hechos\/"},"wordCount":380,"commentCount":0,"publisher":{"@id":"https:\/\/lobosnews.com.ar\/#organization"},"image":{"@id":"https:\/\/lobosnews.com.ar\/index.php\/2026\/03\/11\/gustavo-dudamel-le-contesto-a-timothee-chalamet-hay-que-hablar-con-conocimiento-y-con-hechos\/#primaryimage"},"thumbnailUrl":"https:\/\/lobosnews.com.ar\/wp-content\/uploads\/2026\/03\/gustavo-dudamel-le-contesto-a-timothee-chalamet-hay-que-hablar-con-conocimiento-y-con-hechos-2-scaled.jpg","articleSection":["Actualidad"],"inLanguage":"es","potentialAction":[{"@type":"CommentAction","name":"Comment","target":["https:\/\/lobosnews.com.ar\/index.php\/2026\/03\/11\/gustavo-dudamel-le-contesto-a-timothee-chalamet-hay-que-hablar-con-conocimiento-y-con-hechos\/#respond"]}]},{"@type":"WebPage","@id":"https:\/\/lobosnews.com.ar\/index.php\/2026\/03\/11\/gustavo-dudamel-le-contesto-a-timothee-chalamet-hay-que-hablar-con-conocimiento-y-con-hechos\/","url":"https:\/\/lobosnews.com.ar\/index.php\/2026\/03\/11\/gustavo-dudamel-le-contesto-a-timothee-chalamet-hay-que-hablar-con-conocimiento-y-con-hechos\/","name":"Gustavo Dudamel le contest\u00f3 a Timoth\u00e9e Chalamet: \u201cHay que hablar con conocimiento y con hechos\u201d - Lobos News","isPartOf":{"@id":"https:\/\/lobosnews.com.ar\/#website"},"primaryImageOfPage":{"@id":"https:\/\/lobosnews.com.ar\/index.php\/2026\/03\/11\/gustavo-dudamel-le-contesto-a-timothee-chalamet-hay-que-hablar-con-conocimiento-y-con-hechos\/#primaryimage"},"image":{"@id":"https:\/\/lobosnews.com.ar\/index.php\/2026\/03\/11\/gustavo-dudamel-le-contesto-a-timothee-chalamet-hay-que-hablar-con-conocimiento-y-con-hechos\/#primaryimage"},"thumbnailUrl":"https:\/\/lobosnews.com.ar\/wp-content\/uploads\/2026\/03\/gustavo-dudamel-le-contesto-a-timothee-chalamet-hay-que-hablar-con-conocimiento-y-con-hechos-2-scaled.jpg","datePublished":"2026-03-11T12:47:50+00:00","dateModified":"2026-03-11T14:52:50+00:00","breadcrumb":{"@id":"https:\/\/lobosnews.com.ar\/index.php\/2026\/03\/11\/gustavo-dudamel-le-contesto-a-timothee-chalamet-hay-que-hablar-con-conocimiento-y-con-hechos\/#breadcrumb"},"inLanguage":"es","potentialAction":[{"@type":"ReadAction","target":["https:\/\/lobosnews.com.ar\/index.php\/2026\/03\/11\/gustavo-dudamel-le-contesto-a-timothee-chalamet-hay-que-hablar-con-conocimiento-y-con-hechos\/"]}]},{"@type":"ImageObject","inLanguage":"es","@id":"https:\/\/lobosnews.com.ar\/index.php\/2026\/03\/11\/gustavo-dudamel-le-contesto-a-timothee-chalamet-hay-que-hablar-con-conocimiento-y-con-hechos\/#primaryimage","url":"https:\/\/lobosnews.com.ar\/wp-content\/uploads\/2026\/03\/gustavo-dudamel-le-contesto-a-timothee-chalamet-hay-que-hablar-con-conocimiento-y-con-hechos-2-scaled.jpg","contentUrl":"https:\/\/lobosnews.com.ar\/wp-content\/uploads\/2026\/03\/gustavo-dudamel-le-contesto-a-timothee-chalamet-hay-que-hablar-con-conocimiento-y-con-hechos-2-scaled.jpg","width":2560,"height":1707,"caption":"Gustavo Dudamel le contest\u00f3 a Timoth\u00e9e Chalamet: \u201cHay que hablar con conocimiento y con hechos\u201d"},{"@type":"BreadcrumbList","@id":"https:\/\/lobosnews.com.ar\/index.php\/2026\/03\/11\/gustavo-dudamel-le-contesto-a-timothee-chalamet-hay-que-hablar-con-conocimiento-y-con-hechos\/#breadcrumb","itemListElement":[{"@type":"ListItem","position":1,"name":"Portada","item":"https:\/\/lobosnews.com.ar\/"},{"@type":"ListItem","position":2,"name":"Gustavo Dudamel le contest\u00f3 a Timoth\u00e9e Chalamet: \u201cHay que hablar con conocimiento y con hechos\u201d"}]},{"@type":"WebSite","@id":"https:\/\/lobosnews.com.ar\/#website","url":"https:\/\/lobosnews.com.ar\/","name":"Lobos News","description":"Informaci\u00f3n a cada instante","publisher":{"@id":"https:\/\/lobosnews.com.ar\/#organization"},"potentialAction":[{"@type":"SearchAction","target":{"@type":"EntryPoint","urlTemplate":"https:\/\/lobosnews.com.ar\/?s={search_term_string}"},"query-input":{"@type":"PropertyValueSpecification","valueRequired":true,"valueName":"search_term_string"}}],"inLanguage":"es"},{"@type":"Organization","@id":"https:\/\/lobosnews.com.ar\/#organization","name":"Lobos News","url":"https:\/\/lobosnews.com.ar\/","logo":{"@type":"ImageObject","inLanguage":"es","@id":"https:\/\/lobosnews.com.ar\/#\/schema\/logo\/image\/","url":"https:\/\/lobosnews.com.ar\/wp-content\/uploads\/2026\/01\/logo-lobosnews.png","contentUrl":"https:\/\/lobosnews.com.ar\/wp-content\/uploads\/2026\/01\/logo-lobosnews.png","width":500,"height":200,"caption":"Lobos News"},"image":{"@id":"https:\/\/lobosnews.com.ar\/#\/schema\/logo\/image\/"}},{"@type":"Person","@id":"https:\/\/lobosnews.com.ar\/#\/schema\/person\/232422a593d5c541dd9aef6aaed10943","name":"admin","image":{"@type":"ImageObject","inLanguage":"es","@id":"https:\/\/lobosnews.com.ar\/#\/schema\/person\/image\/","url":"https:\/\/secure.gravatar.com\/avatar\/76e419471a2083bc3ceab22a763dbbf9b0c1bd15a6214cf3280e2c2dde4580f9?s=96&d=mm&r=g","contentUrl":"https:\/\/secure.gravatar.com\/avatar\/76e419471a2083bc3ceab22a763dbbf9b0c1bd15a6214cf3280e2c2dde4580f9?s=96&d=mm&r=g","caption":"admin"},"sameAs":["https:\/\/lobosnews.com.ar"],"url":"https:\/\/lobosnews.com.ar\/index.php\/author\/lobos-news\/"}]}},"jetpack_featured_media_url":"https:\/\/lobosnews.com.ar\/wp-content\/uploads\/2026\/03\/gustavo-dudamel-le-contesto-a-timothee-chalamet-hay-que-hablar-con-conocimiento-y-con-hechos-2-scaled.jpg","jetpack_sharing_enabled":true,"_links":{"self":[{"href":"https:\/\/lobosnews.com.ar\/index.php\/wp-json\/wp\/v2\/posts\/32018","targetHints":{"allow":["GET"]}}],"collection":[{"href":"https:\/\/lobosnews.com.ar\/index.php\/wp-json\/wp\/v2\/posts"}],"about":[{"href":"https:\/\/lobosnews.com.ar\/index.php\/wp-json\/wp\/v2\/types\/post"}],"author":[{"embeddable":true,"href":"https:\/\/lobosnews.com.ar\/index.php\/wp-json\/wp\/v2\/users\/1"}],"replies":[{"embeddable":true,"href":"https:\/\/lobosnews.com.ar\/index.php\/wp-json\/wp\/v2\/comments?post=32018"}],"version-history":[{"count":1,"href":"https:\/\/lobosnews.com.ar\/index.php\/wp-json\/wp\/v2\/posts\/32018\/revisions"}],"predecessor-version":[{"id":32021,"href":"https:\/\/lobosnews.com.ar\/index.php\/wp-json\/wp\/v2\/posts\/32018\/revisions\/32021"}],"wp:featuredmedia":[{"embeddable":true,"href":"https:\/\/lobosnews.com.ar\/index.php\/wp-json\/wp\/v2\/media\/32022"}],"wp:attachment":[{"href":"https:\/\/lobosnews.com.ar\/index.php\/wp-json\/wp\/v2\/media?parent=32018"}],"wp:term":[{"taxonomy":"category","embeddable":true,"href":"https:\/\/lobosnews.com.ar\/index.php\/wp-json\/wp\/v2\/categories?post=32018"},{"taxonomy":"post_tag","embeddable":true,"href":"https:\/\/lobosnews.com.ar\/index.php\/wp-json\/wp\/v2\/tags?post=32018"}],"curies":[{"name":"wp","href":"https:\/\/api.w.org\/{rel}","templated":true}]}}