{"id":31998,"date":"2026-03-11T12:46:35","date_gmt":"2026-03-11T12:46:35","guid":{"rendered":"https:\/\/lobosnews.com.ar\/index.php\/2026\/03\/11\/la-maldicion-que-sufre-neymar-cuando-tiene-que-jugar-el-dia-del-cumpleanos-de-su-hermana\/"},"modified":"2026-03-11T14:37:15","modified_gmt":"2026-03-11T14:37:15","slug":"la-maldicion-que-sufre-neymar-cuando-tiene-que-jugar-el-dia-del-cumpleanos-de-su-hermana","status":"publish","type":"post","link":"https:\/\/lobosnews.com.ar\/index.php\/2026\/03\/11\/la-maldicion-que-sufre-neymar-cuando-tiene-que-jugar-el-dia-del-cumpleanos-de-su-hermana\/","title":{"rendered":"La \u201cmaldici\u00f3n\u201d que sufre Neymar cuando tiene que jugar el d\u00eda del cumplea\u00f1os de su hermana"},"content":{"rendered":"<p><img loading=\"lazy\" decoding=\"async\" src=\"https:\/\/lobosnews.com.ar\/wp-content\/uploads\/2026\/03\/la-maldicion-que-sufre-neymar-cuando-tiene-que-jugar-el-dia-del-cumpleanos-de-su-hermana.jpg\" alt=\"Rafaella, hermana de Neymar, cumple el 11 de marzo y el jugador sufre una \"maldici\u00f3n\" en esa \u00e9poca de la temporada\" height=\"1080\" width=\"1920\"\/><\/p>\n<p>A menos de 100 d\u00edas del Mundial, <b>Neymar volvi\u00f3 a quedar fuera de los terrenos de juego justo cuando Carlo Ancelotti, seleccionador de Brasil, ten\u00eda previsto observarlo para definir la lista de la selecci\u00f3n de cara a la \u00faltima ventana FIFA de amistosos<\/b>. La nueva ausencia del delantero coincide con una fecha que no pasa inadvertida para el entorno del astro: el cumplea\u00f1os de su hermana <b>Rafaella<\/b>, que se celebra cada 11 de marzo.<\/p>\n<p>En 10 de las \u00faltimas 11 temporadas, Neymar estuvo ausente en el partido m\u00e1s pr\u00f3ximo a la fecha del aniversario de su hermana, una tendencia que se extiende desde 2015 y que solo se vio interrumpida en 2020, cuando disput\u00f3 un encuentro con el <b>Paris Saint Germain<\/b> frente al Borussia Dortmund durante la pandemia de coronavirus, \u00e9poca en la que las restricciones de viaje hac\u00edan imposible asistir a celebraciones familiares. <\/p>\n<p>Sus ausencias en las diferentes temporadas incluyen lesiones de todo tipo: <b>una molestia en el aductor<\/b> tras la hist\u00f3rica remontada del Barcelona contra el PSG lo apartaron de la Liga en 2017. Los a\u00f1os siguientes (2018 y 2019), <b>problemas en el tobillo y una fractura en el pie<\/b> no le permitieron estar presente en Brasil. En 2021 y 2023, sendas <b>molestias f\u00edsicas lo dejaron sin jugar en el Paris Saint Germain<\/b>, lo mismo que en 2024 en el equipo saud\u00ed y la campa\u00f1a pasada en el Santos. Ante la m\u00e1s reciente baja, atribuida a <b>una distensi\u00f3n muscular que le impidi\u00f3 jugar con el Santos ante el Mirassol<\/b> este martes en el empate 2-2, la reacci\u00f3n de los medios locales no se hizo esperar. <\/p>\n<p>El delantero de 34 a\u00f1os no particip\u00f3 en el entrenamiento de este lunes debido a una fatiga muscular. Esto llev\u00f3 al DT del Peixe, <b>Juan Pablo Vojvoda<\/b>, a excluirlo de la convocatoria de cara a un encuentro clave para su participaci\u00f3n en la Copa del Mundo, ya que el italiano ten\u00eda previsto desplazarse a Mai\u00e3o para observar de cerca al ex jugador del Barcelona y PSG.<\/p>\n<p><img loading=\"lazy\" decoding=\"async\" src=\"https:\/\/lobosnews.com.ar\/wp-content\/uploads\/2026\/03\/la-maldicion-que-sufre-neymar-cuando-tiene-que-jugar-el-dia-del-cumpleanos-de-su-hermana-1.jpg\" alt=\"La participaci\u00f3n de Neymar en el pr\u00f3ximo Mundial es una inc\u00f3gnita (REUTERS\/Thiago Bernardes)\" height=\"3770\" width=\"5654\"\/><\/p>\n<p>La ausencia se produjo precisamente cuando Ancelotti hab\u00eda reforzado su calendario de observaciones tras la confirmaci\u00f3n de la baja de <b>Rodrygo<\/b>, con el objetivo de cerrar su lista de cara a los amistosos que deber\u00e1 disputar el <i>Scratch<\/i>. La afici\u00f3n y los medios brasile\u00f1os apuntaron contra Neymar por considerar que esta reiteraci\u00f3n de falta durante el mes de marzo responde a motivos extradeportivos. Desde las gradas y la opini\u00f3n p\u00fablica emergen cr\u00edticas recurrentes, respaldadas por los antecedentes registrados en su paso por el equipo cul\u00e9, el PSG, su paso previo por el Al Hilal y ahora nuevamente con la camiseta del Peixe.<\/p>\n<p>La presi\u00f3n medi\u00e1tica y las cr\u00edticas en las redes sociales forzaron a Neymar a reaccionar p\u00fablicamente. Utiliz\u00f3 canales digitales para exponer su descontento frente a quienes, seg\u00fan expuso, fabrican historias con cada ausencia. <b>\u201cHay mucha gente creando teor\u00edas sobre lo que me ocurre. No pasa nada. Si juego lesionado me equivoco. Si cuido la salud, me equivoco. Si juego con dolor, me equivoco. Es muy dif\u00edcil acertar\u201d<\/b>, manifest\u00f3 el delantero, lanzando una cr\u00edtica a quienes lo cuestionan sin matices. \u201cLo que m\u00e1s me sorprende es esa gente que parece que est\u00e1 conmigo todos los d\u00edas y empieza a inventar historias. Parece que tienen la verdad absoluta\u201d, agreg\u00f3.<\/p>\n<p>Tras la confirmaci\u00f3n de la lesi\u00f3n y en medio del debate sobre su estado f\u00edsico, la chance de convencer a Ancelotti y garantizar su lugar en la selecci\u00f3n de Brasil para el pr\u00f3ximo Mundial es una inc\u00f3gnita. Por una combinaci\u00f3n de lesiones puntuales y suspensiones, Neymar no vio acci\u00f3n en sus clubes en la semana del 11 de marzo en una d\u00e9cada. <b>\u00bfSer\u00e1 una maldici\u00f3n?<\/b><\/p>\n","protected":false},"excerpt":{"rendered":"<p>A menos de 100 d\u00edas del Mundial, Neymar volvi\u00f3 a quedar fuera de los terrenos de juego justo cuando Carlo Ancelotti, seleccionador de Brasil, ten\u00eda previsto observarlo para definir la lista de la selecci\u00f3n de cara a la \u00faltima ventana FIFA de amistosos. La nueva ausencia del delantero coincide con una fecha que no pasa&#8230;<\/p>\n","protected":false},"author":1,"featured_media":0,"comment_status":"open","ping_status":"closed","sticky":false,"template":"","format":"standard","meta":{"_jetpack_memberships_contains_paid_content":false,"footnotes":""},"categories":[30],"tags":[39],"class_list":["post-31998","post","type-post","status-publish","format-standard","hentry","category-argentina","tag-deportes"],"magazineBlocksPostFeaturedMedia":{"thumbnail":false,"medium":false,"medium_large":false,"large":false,"1536x1536":false,"2048x2048":false,"newsmatic-featured":false,"newsmatic-list":false,"newsmatic-thumb":false,"newsmatic-small":false,"newsmatic-grid":false},"magazineBlocksPostAuthor":{"name":"admin","avatar":"https:\/\/secure.gravatar.com\/avatar\/76e419471a2083bc3ceab22a763dbbf9b0c1bd15a6214cf3280e2c2dde4580f9?s=96&d=mm&r=g"},"magazineBlocksPostCommentsNumber":"0","magazineBlocksPostExcerpt":"A menos de 100 d\u00edas del Mundial, Neymar volvi\u00f3 a quedar fuera de los terrenos de juego justo cuando Carlo Ancelotti, seleccionador de Brasil, ten\u00eda previsto observarlo para definir la lista de la selecci\u00f3n de cara a la \u00faltima ventana FIFA de amistosos. La nueva ausencia del delantero coincide con una fecha que no pasa...","magazineBlocksPostCategories":["Argentina"],"magazineBlocksPostViewCount":106,"magazineBlocksPostReadTime":4,"magazine_blocks_featured_image_url":{"full":false,"medium":false,"thumbnail":false},"magazine_blocks_author":{"display_name":"admin","author_link":"https:\/\/lobosnews.com.ar\/index.php\/author\/lobos-news\/"},"magazine_blocks_comment":0,"magazine_blocks_author_image":"https:\/\/secure.gravatar.com\/avatar\/76e419471a2083bc3ceab22a763dbbf9b0c1bd15a6214cf3280e2c2dde4580f9?s=96&d=mm&r=g","magazine_blocks_category":"<a href=\"#\" class=\"category-link category-link-30\">Argentina<\/a>","yoast_head":"<!-- This site is optimized with the Yoast SEO plugin v26.6 - https:\/\/yoast.com\/wordpress\/plugins\/seo\/ -->\n<title>La \u201cmaldici\u00f3n\u201d que sufre Neymar cuando tiene que jugar el d\u00eda del cumplea\u00f1os de su hermana - Lobos News<\/title>\n<meta name=\"robots\" content=\"index, follow, max-snippet:-1, max-image-preview:large, max-video-preview:-1\" \/>\n<link rel=\"canonical\" href=\"https:\/\/lobosnews.com.ar\/index.php\/2026\/03\/11\/la-maldicion-que-sufre-neymar-cuando-tiene-que-jugar-el-dia-del-cumpleanos-de-su-hermana\/\" \/>\n<meta property=\"og:locale\" content=\"es_ES\" \/>\n<meta property=\"og:type\" content=\"article\" \/>\n<meta property=\"og:title\" content=\"La \u201cmaldici\u00f3n\u201d que sufre Neymar cuando tiene que jugar el d\u00eda del cumplea\u00f1os de su hermana - Lobos News\" \/>\n<meta property=\"og:description\" content=\"A menos de 100 d\u00edas del Mundial, Neymar volvi\u00f3 a quedar fuera de los terrenos de juego justo cuando Carlo Ancelotti, seleccionador de Brasil, ten\u00eda previsto observarlo para definir la lista de la selecci\u00f3n de cara a la \u00faltima ventana FIFA de amistosos. La nueva ausencia del delantero coincide con una fecha que no pasa...\" \/>\n<meta property=\"og:url\" content=\"https:\/\/lobosnews.com.ar\/index.php\/2026\/03\/11\/la-maldicion-que-sufre-neymar-cuando-tiene-que-jugar-el-dia-del-cumpleanos-de-su-hermana\/\" \/>\n<meta property=\"og:site_name\" content=\"Lobos News\" \/>\n<meta property=\"article:published_time\" content=\"2026-03-11T12:46:35+00:00\" \/>\n<meta property=\"article:modified_time\" content=\"2026-03-11T14:37:15+00:00\" \/>\n<meta property=\"og:image\" content=\"https:\/\/lobosnews.com.ar\/wp-content\/uploads\/2026\/03\/la-maldicion-que-sufre-neymar-cuando-tiene-que-jugar-el-dia-del-cumpleanos-de-su-hermana.jpg\" \/>\n<meta name=\"author\" content=\"admin\" \/>\n<meta name=\"twitter:card\" content=\"summary_large_image\" \/>\n<meta name=\"twitter:label1\" content=\"Escrito por\" \/>\n\t<meta name=\"twitter:data1\" content=\"admin\" \/>\n\t<meta name=\"twitter:label2\" content=\"Tiempo de lectura\" \/>\n\t<meta name=\"twitter:data2\" content=\"3 minutos\" \/>\n<script type=\"application\/ld+json\" class=\"yoast-schema-graph\">{\"@context\":\"https:\/\/schema.org\",\"@graph\":[{\"@type\":\"Article\",\"@id\":\"https:\/\/lobosnews.com.ar\/index.php\/2026\/03\/11\/la-maldicion-que-sufre-neymar-cuando-tiene-que-jugar-el-dia-del-cumpleanos-de-su-hermana\/#article\",\"isPartOf\":{\"@id\":\"https:\/\/lobosnews.com.ar\/index.php\/2026\/03\/11\/la-maldicion-que-sufre-neymar-cuando-tiene-que-jugar-el-dia-del-cumpleanos-de-su-hermana\/\"},\"author\":{\"name\":\"admin\",\"@id\":\"https:\/\/lobosnews.com.ar\/#\/schema\/person\/232422a593d5c541dd9aef6aaed10943\"},\"headline\":\"La \u201cmaldici\u00f3n\u201d que sufre Neymar cuando tiene que jugar el d\u00eda del cumplea\u00f1os de su hermana\",\"datePublished\":\"2026-03-11T12:46:35+00:00\",\"dateModified\":\"2026-03-11T14:37:15+00:00\",\"mainEntityOfPage\":{\"@id\":\"https:\/\/lobosnews.com.ar\/index.php\/2026\/03\/11\/la-maldicion-que-sufre-neymar-cuando-tiene-que-jugar-el-dia-del-cumpleanos-de-su-hermana\/\"},\"wordCount\":658,\"commentCount\":0,\"publisher\":{\"@id\":\"https:\/\/lobosnews.com.ar\/#organization\"},\"image\":{\"@id\":\"https:\/\/lobosnews.com.ar\/index.php\/2026\/03\/11\/la-maldicion-que-sufre-neymar-cuando-tiene-que-jugar-el-dia-del-cumpleanos-de-su-hermana\/#primaryimage\"},\"thumbnailUrl\":\"https:\/\/lobosnews.com.ar\/wp-content\/uploads\/2026\/03\/la-maldicion-que-sufre-neymar-cuando-tiene-que-jugar-el-dia-del-cumpleanos-de-su-hermana.jpg\",\"keywords\":[\"Deportes\"],\"articleSection\":[\"Argentina\"],\"inLanguage\":\"es\",\"potentialAction\":[{\"@type\":\"CommentAction\",\"name\":\"Comment\",\"target\":[\"https:\/\/lobosnews.com.ar\/index.php\/2026\/03\/11\/la-maldicion-que-sufre-neymar-cuando-tiene-que-jugar-el-dia-del-cumpleanos-de-su-hermana\/#respond\"]}]},{\"@type\":\"WebPage\",\"@id\":\"https:\/\/lobosnews.com.ar\/index.php\/2026\/03\/11\/la-maldicion-que-sufre-neymar-cuando-tiene-que-jugar-el-dia-del-cumpleanos-de-su-hermana\/\",\"url\":\"https:\/\/lobosnews.com.ar\/index.php\/2026\/03\/11\/la-maldicion-que-sufre-neymar-cuando-tiene-que-jugar-el-dia-del-cumpleanos-de-su-hermana\/\",\"name\":\"La \u201cmaldici\u00f3n\u201d que sufre Neymar cuando tiene que jugar el d\u00eda del cumplea\u00f1os de su hermana - Lobos News\",\"isPartOf\":{\"@id\":\"https:\/\/lobosnews.com.ar\/#website\"},\"primaryImageOfPage\":{\"@id\":\"https:\/\/lobosnews.com.ar\/index.php\/2026\/03\/11\/la-maldicion-que-sufre-neymar-cuando-tiene-que-jugar-el-dia-del-cumpleanos-de-su-hermana\/#primaryimage\"},\"image\":{\"@id\":\"https:\/\/lobosnews.com.ar\/index.php\/2026\/03\/11\/la-maldicion-que-sufre-neymar-cuando-tiene-que-jugar-el-dia-del-cumpleanos-de-su-hermana\/#primaryimage\"},\"thumbnailUrl\":\"https:\/\/lobosnews.com.ar\/wp-content\/uploads\/2026\/03\/la-maldicion-que-sufre-neymar-cuando-tiene-que-jugar-el-dia-del-cumpleanos-de-su-hermana.jpg\",\"datePublished\":\"2026-03-11T12:46:35+00:00\",\"dateModified\":\"2026-03-11T14:37:15+00:00\",\"breadcrumb\":{\"@id\":\"https:\/\/lobosnews.com.ar\/index.php\/2026\/03\/11\/la-maldicion-que-sufre-neymar-cuando-tiene-que-jugar-el-dia-del-cumpleanos-de-su-hermana\/#breadcrumb\"},\"inLanguage\":\"es\",\"potentialAction\":[{\"@type\":\"ReadAction\",\"target\":[\"https:\/\/lobosnews.com.ar\/index.php\/2026\/03\/11\/la-maldicion-que-sufre-neymar-cuando-tiene-que-jugar-el-dia-del-cumpleanos-de-su-hermana\/\"]}]},{\"@type\":\"ImageObject\",\"inLanguage\":\"es\",\"@id\":\"https:\/\/lobosnews.com.ar\/index.php\/2026\/03\/11\/la-maldicion-que-sufre-neymar-cuando-tiene-que-jugar-el-dia-del-cumpleanos-de-su-hermana\/#primaryimage\",\"url\":\"https:\/\/lobosnews.com.ar\/wp-content\/uploads\/2026\/03\/la-maldicion-que-sufre-neymar-cuando-tiene-que-jugar-el-dia-del-cumpleanos-de-su-hermana.jpg\",\"contentUrl\":\"https:\/\/lobosnews.com.ar\/wp-content\/uploads\/2026\/03\/la-maldicion-que-sufre-neymar-cuando-tiene-que-jugar-el-dia-del-cumpleanos-de-su-hermana.jpg\"},{\"@type\":\"BreadcrumbList\",\"@id\":\"https:\/\/lobosnews.com.ar\/index.php\/2026\/03\/11\/la-maldicion-que-sufre-neymar-cuando-tiene-que-jugar-el-dia-del-cumpleanos-de-su-hermana\/#breadcrumb\",\"itemListElement\":[{\"@type\":\"ListItem\",\"position\":1,\"name\":\"Portada\",\"item\":\"https:\/\/lobosnews.com.ar\/\"},{\"@type\":\"ListItem\",\"position\":2,\"name\":\"La \u201cmaldici\u00f3n\u201d que sufre Neymar cuando tiene que jugar el d\u00eda del cumplea\u00f1os de su hermana\"}]},{\"@type\":\"WebSite\",\"@id\":\"https:\/\/lobosnews.com.ar\/#website\",\"url\":\"https:\/\/lobosnews.com.ar\/\",\"name\":\"Lobos News\",\"description\":\"Informaci\u00f3n a cada instante\",\"publisher\":{\"@id\":\"https:\/\/lobosnews.com.ar\/#organization\"},\"potentialAction\":[{\"@type\":\"SearchAction\",\"target\":{\"@type\":\"EntryPoint\",\"urlTemplate\":\"https:\/\/lobosnews.com.ar\/?s={search_term_string}\"},\"query-input\":{\"@type\":\"PropertyValueSpecification\",\"valueRequired\":true,\"valueName\":\"search_term_string\"}}],\"inLanguage\":\"es\"},{\"@type\":\"Organization\",\"@id\":\"https:\/\/lobosnews.com.ar\/#organization\",\"name\":\"Lobos News\",\"url\":\"https:\/\/lobosnews.com.ar\/\",\"logo\":{\"@type\":\"ImageObject\",\"inLanguage\":\"es\",\"@id\":\"https:\/\/lobosnews.com.ar\/#\/schema\/logo\/image\/\",\"url\":\"https:\/\/lobosnews.com.ar\/wp-content\/uploads\/2026\/01\/logo-lobosnews.png\",\"contentUrl\":\"https:\/\/lobosnews.com.ar\/wp-content\/uploads\/2026\/01\/logo-lobosnews.png\",\"width\":500,\"height\":200,\"caption\":\"Lobos News\"},\"image\":{\"@id\":\"https:\/\/lobosnews.com.ar\/#\/schema\/logo\/image\/\"}},{\"@type\":\"Person\",\"@id\":\"https:\/\/lobosnews.com.ar\/#\/schema\/person\/232422a593d5c541dd9aef6aaed10943\",\"name\":\"admin\",\"image\":{\"@type\":\"ImageObject\",\"inLanguage\":\"es\",\"@id\":\"https:\/\/lobosnews.com.ar\/#\/schema\/person\/image\/\",\"url\":\"https:\/\/secure.gravatar.com\/avatar\/76e419471a2083bc3ceab22a763dbbf9b0c1bd15a6214cf3280e2c2dde4580f9?s=96&d=mm&r=g\",\"contentUrl\":\"https:\/\/secure.gravatar.com\/avatar\/76e419471a2083bc3ceab22a763dbbf9b0c1bd15a6214cf3280e2c2dde4580f9?s=96&d=mm&r=g\",\"caption\":\"admin\"},\"sameAs\":[\"https:\/\/lobosnews.com.ar\"],\"url\":\"https:\/\/lobosnews.com.ar\/index.php\/author\/lobos-news\/\"}]}<\/script>\n<!-- \/ Yoast SEO plugin. -->","yoast_head_json":{"title":"La \u201cmaldici\u00f3n\u201d que sufre Neymar cuando tiene que jugar el d\u00eda del cumplea\u00f1os de su hermana - Lobos News","robots":{"index":"index","follow":"follow","max-snippet":"max-snippet:-1","max-image-preview":"max-image-preview:large","max-video-preview":"max-video-preview:-1"},"canonical":"https:\/\/lobosnews.com.ar\/index.php\/2026\/03\/11\/la-maldicion-que-sufre-neymar-cuando-tiene-que-jugar-el-dia-del-cumpleanos-de-su-hermana\/","og_locale":"es_ES","og_type":"article","og_title":"La \u201cmaldici\u00f3n\u201d que sufre Neymar cuando tiene que jugar el d\u00eda del cumplea\u00f1os de su hermana - Lobos News","og_description":"A menos de 100 d\u00edas del Mundial, Neymar volvi\u00f3 a quedar fuera de los terrenos de juego justo cuando Carlo Ancelotti, seleccionador de Brasil, ten\u00eda previsto observarlo para definir la lista de la selecci\u00f3n de cara a la \u00faltima ventana FIFA de amistosos. La nueva ausencia del delantero coincide con una fecha que no pasa...","og_url":"https:\/\/lobosnews.com.ar\/index.php\/2026\/03\/11\/la-maldicion-que-sufre-neymar-cuando-tiene-que-jugar-el-dia-del-cumpleanos-de-su-hermana\/","og_site_name":"Lobos News","article_published_time":"2026-03-11T12:46:35+00:00","article_modified_time":"2026-03-11T14:37:15+00:00","og_image":[{"url":"https:\/\/lobosnews.com.ar\/wp-content\/uploads\/2026\/03\/la-maldicion-que-sufre-neymar-cuando-tiene-que-jugar-el-dia-del-cumpleanos-de-su-hermana.jpg","type":"","width":"","height":""}],"author":"admin","twitter_card":"summary_large_image","twitter_misc":{"Escrito por":"admin","Tiempo de lectura":"3 minutos"},"schema":{"@context":"https:\/\/schema.org","@graph":[{"@type":"Article","@id":"https:\/\/lobosnews.com.ar\/index.php\/2026\/03\/11\/la-maldicion-que-sufre-neymar-cuando-tiene-que-jugar-el-dia-del-cumpleanos-de-su-hermana\/#article","isPartOf":{"@id":"https:\/\/lobosnews.com.ar\/index.php\/2026\/03\/11\/la-maldicion-que-sufre-neymar-cuando-tiene-que-jugar-el-dia-del-cumpleanos-de-su-hermana\/"},"author":{"name":"admin","@id":"https:\/\/lobosnews.com.ar\/#\/schema\/person\/232422a593d5c541dd9aef6aaed10943"},"headline":"La \u201cmaldici\u00f3n\u201d que sufre Neymar cuando tiene que jugar el d\u00eda del cumplea\u00f1os de su hermana","datePublished":"2026-03-11T12:46:35+00:00","dateModified":"2026-03-11T14:37:15+00:00","mainEntityOfPage":{"@id":"https:\/\/lobosnews.com.ar\/index.php\/2026\/03\/11\/la-maldicion-que-sufre-neymar-cuando-tiene-que-jugar-el-dia-del-cumpleanos-de-su-hermana\/"},"wordCount":658,"commentCount":0,"publisher":{"@id":"https:\/\/lobosnews.com.ar\/#organization"},"image":{"@id":"https:\/\/lobosnews.com.ar\/index.php\/2026\/03\/11\/la-maldicion-que-sufre-neymar-cuando-tiene-que-jugar-el-dia-del-cumpleanos-de-su-hermana\/#primaryimage"},"thumbnailUrl":"https:\/\/lobosnews.com.ar\/wp-content\/uploads\/2026\/03\/la-maldicion-que-sufre-neymar-cuando-tiene-que-jugar-el-dia-del-cumpleanos-de-su-hermana.jpg","keywords":["Deportes"],"articleSection":["Argentina"],"inLanguage":"es","potentialAction":[{"@type":"CommentAction","name":"Comment","target":["https:\/\/lobosnews.com.ar\/index.php\/2026\/03\/11\/la-maldicion-que-sufre-neymar-cuando-tiene-que-jugar-el-dia-del-cumpleanos-de-su-hermana\/#respond"]}]},{"@type":"WebPage","@id":"https:\/\/lobosnews.com.ar\/index.php\/2026\/03\/11\/la-maldicion-que-sufre-neymar-cuando-tiene-que-jugar-el-dia-del-cumpleanos-de-su-hermana\/","url":"https:\/\/lobosnews.com.ar\/index.php\/2026\/03\/11\/la-maldicion-que-sufre-neymar-cuando-tiene-que-jugar-el-dia-del-cumpleanos-de-su-hermana\/","name":"La \u201cmaldici\u00f3n\u201d que sufre Neymar cuando tiene que jugar el d\u00eda del cumplea\u00f1os de su hermana - Lobos News","isPartOf":{"@id":"https:\/\/lobosnews.com.ar\/#website"},"primaryImageOfPage":{"@id":"https:\/\/lobosnews.com.ar\/index.php\/2026\/03\/11\/la-maldicion-que-sufre-neymar-cuando-tiene-que-jugar-el-dia-del-cumpleanos-de-su-hermana\/#primaryimage"},"image":{"@id":"https:\/\/lobosnews.com.ar\/index.php\/2026\/03\/11\/la-maldicion-que-sufre-neymar-cuando-tiene-que-jugar-el-dia-del-cumpleanos-de-su-hermana\/#primaryimage"},"thumbnailUrl":"https:\/\/lobosnews.com.ar\/wp-content\/uploads\/2026\/03\/la-maldicion-que-sufre-neymar-cuando-tiene-que-jugar-el-dia-del-cumpleanos-de-su-hermana.jpg","datePublished":"2026-03-11T12:46:35+00:00","dateModified":"2026-03-11T14:37:15+00:00","breadcrumb":{"@id":"https:\/\/lobosnews.com.ar\/index.php\/2026\/03\/11\/la-maldicion-que-sufre-neymar-cuando-tiene-que-jugar-el-dia-del-cumpleanos-de-su-hermana\/#breadcrumb"},"inLanguage":"es","potentialAction":[{"@type":"ReadAction","target":["https:\/\/lobosnews.com.ar\/index.php\/2026\/03\/11\/la-maldicion-que-sufre-neymar-cuando-tiene-que-jugar-el-dia-del-cumpleanos-de-su-hermana\/"]}]},{"@type":"ImageObject","inLanguage":"es","@id":"https:\/\/lobosnews.com.ar\/index.php\/2026\/03\/11\/la-maldicion-que-sufre-neymar-cuando-tiene-que-jugar-el-dia-del-cumpleanos-de-su-hermana\/#primaryimage","url":"https:\/\/lobosnews.com.ar\/wp-content\/uploads\/2026\/03\/la-maldicion-que-sufre-neymar-cuando-tiene-que-jugar-el-dia-del-cumpleanos-de-su-hermana.jpg","contentUrl":"https:\/\/lobosnews.com.ar\/wp-content\/uploads\/2026\/03\/la-maldicion-que-sufre-neymar-cuando-tiene-que-jugar-el-dia-del-cumpleanos-de-su-hermana.jpg"},{"@type":"BreadcrumbList","@id":"https:\/\/lobosnews.com.ar\/index.php\/2026\/03\/11\/la-maldicion-que-sufre-neymar-cuando-tiene-que-jugar-el-dia-del-cumpleanos-de-su-hermana\/#breadcrumb","itemListElement":[{"@type":"ListItem","position":1,"name":"Portada","item":"https:\/\/lobosnews.com.ar\/"},{"@type":"ListItem","position":2,"name":"La \u201cmaldici\u00f3n\u201d que sufre Neymar cuando tiene que jugar el d\u00eda del cumplea\u00f1os de su hermana"}]},{"@type":"WebSite","@id":"https:\/\/lobosnews.com.ar\/#website","url":"https:\/\/lobosnews.com.ar\/","name":"Lobos News","description":"Informaci\u00f3n a cada instante","publisher":{"@id":"https:\/\/lobosnews.com.ar\/#organization"},"potentialAction":[{"@type":"SearchAction","target":{"@type":"EntryPoint","urlTemplate":"https:\/\/lobosnews.com.ar\/?s={search_term_string}"},"query-input":{"@type":"PropertyValueSpecification","valueRequired":true,"valueName":"search_term_string"}}],"inLanguage":"es"},{"@type":"Organization","@id":"https:\/\/lobosnews.com.ar\/#organization","name":"Lobos News","url":"https:\/\/lobosnews.com.ar\/","logo":{"@type":"ImageObject","inLanguage":"es","@id":"https:\/\/lobosnews.com.ar\/#\/schema\/logo\/image\/","url":"https:\/\/lobosnews.com.ar\/wp-content\/uploads\/2026\/01\/logo-lobosnews.png","contentUrl":"https:\/\/lobosnews.com.ar\/wp-content\/uploads\/2026\/01\/logo-lobosnews.png","width":500,"height":200,"caption":"Lobos News"},"image":{"@id":"https:\/\/lobosnews.com.ar\/#\/schema\/logo\/image\/"}},{"@type":"Person","@id":"https:\/\/lobosnews.com.ar\/#\/schema\/person\/232422a593d5c541dd9aef6aaed10943","name":"admin","image":{"@type":"ImageObject","inLanguage":"es","@id":"https:\/\/lobosnews.com.ar\/#\/schema\/person\/image\/","url":"https:\/\/secure.gravatar.com\/avatar\/76e419471a2083bc3ceab22a763dbbf9b0c1bd15a6214cf3280e2c2dde4580f9?s=96&d=mm&r=g","contentUrl":"https:\/\/secure.gravatar.com\/avatar\/76e419471a2083bc3ceab22a763dbbf9b0c1bd15a6214cf3280e2c2dde4580f9?s=96&d=mm&r=g","caption":"admin"},"sameAs":["https:\/\/lobosnews.com.ar"],"url":"https:\/\/lobosnews.com.ar\/index.php\/author\/lobos-news\/"}]}},"jetpack_featured_media_url":"","jetpack_sharing_enabled":true,"_links":{"self":[{"href":"https:\/\/lobosnews.com.ar\/index.php\/wp-json\/wp\/v2\/posts\/31998","targetHints":{"allow":["GET"]}}],"collection":[{"href":"https:\/\/lobosnews.com.ar\/index.php\/wp-json\/wp\/v2\/posts"}],"about":[{"href":"https:\/\/lobosnews.com.ar\/index.php\/wp-json\/wp\/v2\/types\/post"}],"author":[{"embeddable":true,"href":"https:\/\/lobosnews.com.ar\/index.php\/wp-json\/wp\/v2\/users\/1"}],"replies":[{"embeddable":true,"href":"https:\/\/lobosnews.com.ar\/index.php\/wp-json\/wp\/v2\/comments?post=31998"}],"version-history":[{"count":1,"href":"https:\/\/lobosnews.com.ar\/index.php\/wp-json\/wp\/v2\/posts\/31998\/revisions"}],"predecessor-version":[{"id":32001,"href":"https:\/\/lobosnews.com.ar\/index.php\/wp-json\/wp\/v2\/posts\/31998\/revisions\/32001"}],"wp:attachment":[{"href":"https:\/\/lobosnews.com.ar\/index.php\/wp-json\/wp\/v2\/media?parent=31998"}],"wp:term":[{"taxonomy":"category","embeddable":true,"href":"https:\/\/lobosnews.com.ar\/index.php\/wp-json\/wp\/v2\/categories?post=31998"},{"taxonomy":"post_tag","embeddable":true,"href":"https:\/\/lobosnews.com.ar\/index.php\/wp-json\/wp\/v2\/tags?post=31998"}],"curies":[{"name":"wp","href":"https:\/\/api.w.org\/{rel}","templated":true}]}}