{"id":31992,"date":"2026-03-11T13:24:27","date_gmt":"2026-03-11T13:24:27","guid":{"rendered":"https:\/\/lobosnews.com.ar\/index.php\/2026\/03\/11\/el-ministro-de-deportes-de-iran-aseguro-que-la-seleccion-no-jugara-el-mundial-no-hay-condiciones-para-participar\/"},"modified":"2026-03-11T14:37:09","modified_gmt":"2026-03-11T14:37:09","slug":"el-ministro-de-deportes-de-iran-aseguro-que-la-seleccion-no-jugara-el-mundial-no-hay-condiciones-para-participar","status":"publish","type":"post","link":"https:\/\/lobosnews.com.ar\/index.php\/2026\/03\/11\/el-ministro-de-deportes-de-iran-aseguro-que-la-seleccion-no-jugara-el-mundial-no-hay-condiciones-para-participar\/","title":{"rendered":"El ministro de Deportes de Ir\u00e1n asegur\u00f3 que la selecci\u00f3n no jugar\u00e1 el Mundial: \u201cNo hay condiciones para participar\u201d"},"content":{"rendered":"<p><img loading=\"lazy\" decoding=\"async\" src=\"https:\/\/lobosnews.com.ar\/wp-content\/uploads\/2026\/03\/el-ministro-de-deportes-de-iran-aseguro-que-la-seleccion-no-jugara-el-mundial-no-hay-condiciones-para-participar.jpg\" alt=\"Ir\u00e1n no participar\u00e1 de la pr\u00f3xima Copa del Mundo 2026 (Majid Asgaripour\/WANA (West Asia News Agency) via REUTERS)\" height=\"3086\" width=\"4746\"\/><\/p>\n<p>La <b>decisi\u00f3n del gobierno iran\u00ed<\/b> de retirar a su <b>selecci\u00f3n de f\u00fatbol<\/b> del pr\u00f3ximo <b>Mundial 2026 <\/b>en <b>Estados Unidos<\/b>, <b>Canad\u00e1<\/b> y <b>M\u00e9xico<\/b>, responde a la actual escalada de violencia en la regi\u00f3n y al impacto directo provocado por el ataque armado en el que result\u00f3 muerto el l\u00edder iran\u00ed, el ayatol\u00e1 <b>Al\u00ed Jamenei<\/b>, el 28 de febrero pasado. As\u00ed lo comunic\u00f3 el <b>ministro de Deportes, Ahmad Donyamali,<\/b> en declaraciones televisivas A DPA, recogidas en diversos medios europeos e internacionales.<\/p>\n<p>Donyamali justific\u00f3 la exclusi\u00f3n del torneo atribuy\u00e9ndola a la combinaci\u00f3n de factores b\u00e9licos y represalias internacionales que, seg\u00fan detall\u00f3, han provocado la muerte de \u201cvarios miles de ciudadanos\u201d en los \u00faltimos ocho o nueve meses. El funcionario constat\u00f3: <b>\u201cDefinitivamente, no tenemos ninguna posibilidad de participar de esta manera\u201d<\/b> en la Copa del Mundo tras el ataque estadounidense e israel\u00ed al pa\u00eds.<\/p>\n<p>La selecci\u00f3n de Ir\u00e1n deb\u00eda competir en tres encuentros de la fase de grupos, todos ellos fijados en ciudades estadounidenses: <b>dos partidos en Los \u00c1ngeles<\/b> y uno en Seattle, enfrentando a las selecciones de <b>B\u00e9lgica, Egipto<\/b> y <b>Nueva Zelanda<\/b>. A pesar de la tensi\u00f3n pol\u00edtica y el conflicto abierto, la organizaci\u00f3n del evento no hab\u00eda cerrado la puerta a la participaci\u00f3n iran\u00ed. De acuerdo con el presidente de la FIFA <b>Gianni Infantino<\/b>, el entonces presidente de Estados Unidos <b>Donald Trump<\/b> declar\u00f3 tras una reuni\u00f3n reciente: \u201cEl combinado asi\u00e1tico es bienvenido al pa\u00eds\u201c.<\/p>\n<p>M\u00e1s all\u00e1 del Mundial masculino, el contexto pol\u00edtico te\u00f1ido de confrontaci\u00f3n ha alcanzado tambi\u00e9n al f\u00fatbol femenino iran\u00ed. El <b>presidente de la Federaci\u00f3n Iran\u00ed de F\u00fatbol, Mehdi Taj<\/b>, sugiri\u00f3 p\u00fablicamente la posibilidad de un boicot tras los hechos ocurridos durante la \u00faltima Copa de Asia femenina en Australia. En ese torneo, <b>seis jugadoras<\/b> del equipo iran\u00ed optaron por permanecer en Australia, amparadas por <b>visados humanitarios<\/b> concedidos por el gobierno anfitri\u00f3n. Seg\u00fan informaciones del medio, <b>Trump<\/b> hab\u00eda afirmado que su administraci\u00f3n intervendr\u00eda con la misma medida humanitaria si fuera necesario.<\/p>\n<p><img loading=\"lazy\" decoding=\"async\" src=\"https:\/\/lobosnews.com.ar\/wp-content\/uploads\/2026\/03\/el-ministro-de-deportes-de-iran-aseguro-que-la-seleccion-no-jugara-el-mundial-no-hay-condiciones-para-participar-1.jpg\" alt=\"Los iran\u00edes hab\u00edan sido sorteados en la zona con B\u00e9lgica, Egipto y Nueva Zelanda (REUTERS\/Carlos Barria)\" height=\"3992\" width=\"5891\"\/><\/p>\n<p>Taj plante\u00f3 abiertamente su escepticismo ante la neutralidad del entorno competitivo en Estados Unidos. El dirigente pregunt\u00f3: <b>\u201c\u00bfQu\u00e9 persona sensata enviar\u00eda a su selecci\u00f3n nacional a Estados Unidos si la Copa del Mundo fuera tan pol\u00edtica como lo fue la Copa de Asia en Australia\u201d.<\/b><\/p>\n<p>La cr\u00edtica iran\u00ed no se limita al plano deportivo. Donyamali asegur\u00f3 que la situaci\u00f3n se ha agravado por lo que \u00e9l calific\u00f3 como \u201cmedidas maliciosas tomadas contra Ir\u00e1n\u201d y denunci\u00f3 las consecuencias de \u201cdos guerras en ocho o nueve meses\u201d. En su intervenci\u00f3n, a\u00f1adi\u00f3: <b>\u201cDado que este gobierno corrupto ha asesinado a nuestro l\u00edder, no hay condiciones en las que podamos participar en la Copa del Mundo\u201d.<\/b><\/p>\n<p>El ministro tambi\u00e9n repudi\u00f3 el trato de Estados Unidos hacia los futbolistas iran\u00edes, ironizando sobre lo que denomin\u00f3 un doble est\u00e1ndar: \u201c\u00bfMasacran a inocentes y quieren secuestrar a nuestras atletas para salvarlas?\u201d. Estas declaraciones ilustran c\u00f3mo las tensiones geopol\u00edticas y las decisiones estatales afectan el calendario internacional de f\u00fatbol y exponen la instrumentaci\u00f3n pol\u00edtica del deporte en el dif\u00edcil marco actual de <b>Ir\u00e1n<\/b>.<\/p>\n<h2>QU\u00c9 DICE EL REGLAMENTO DE LA FIFA SOBRE EL RETIRO DE UN PA\u00cdS<\/h2>\n<p><img loading=\"lazy\" decoding=\"async\" src=\"https:\/\/lobosnews.com.ar\/wp-content\/uploads\/2026\/03\/el-ministro-de-deportes-de-iran-aseguro-que-la-seleccion-no-jugara-el-mundial-no-hay-condiciones-para-participar-2.jpg\" alt=\"Infantino declar\u00f3 que Trump le asegur\u00f3 que Ir\u00e1n ser\u00eda bienvenido al Mundial 2026, pero todo cambi\u00f3 (REUTERS\/Jonathan Ernst)\" height=\"4000\" width=\"6000\"\/><\/p>\n<p>La posible ausencia de <b>Ir\u00e1n<\/b> en la Copa del Mundo <b>2026<\/b> implicar\u00eda no solo una sanci\u00f3n econ\u00f3mica sustancial, sino tambi\u00e9n la posibilidad de que la selecci\u00f3n sea reemplazada por otra federaci\u00f3n asi\u00e1tica. Seg\u00fan los reglamentos de la <b>FIFA<\/b>, la retirada o exclusi\u00f3n de una selecci\u00f3n nacional conlleva consecuencias disciplinarias y financieras que pueden extenderse a futuras competencias, una decisi\u00f3n cuyo desenlace podr\u00eda modificar el panorama del f\u00fatbol asi\u00e1tico.<\/p>\n<p>El reglamento para el Mundial 2026 especifica que, si una federaci\u00f3n opta por retirarse hasta 30 d\u00edas antes del inicio del torneo, la <b>Comisi\u00f3n Disciplinaria de la FIFA<\/b> establece una multa m\u00ednima de <b>275.000 euros<\/b>. Si la retirada acontece en los 30 d\u00edas previos al debut, la sanci\u00f3n econ\u00f3mica asciende a <b>550.000 euros<\/b> como m\u00ednimo.<\/p>\n<p>Las penalizaciones no se limitan a aspectos financieros. De acuerdo con el art\u00edculo 6.2 del reglamento citado por el diario espa\u00f1ol <i>AS<\/i>, la federaci\u00f3n implicada debe devolver todos los fondos recibidos de la <b>FIFA<\/b> para la preparaci\u00f3n del equipo y los pagos vinculados al torneo. El reglamento tambi\u00e9n habilita a la Comisi\u00f3n Disciplinaria a imponer medidas adicionales, considerando el momento de la retirada y la gravedad de la infracci\u00f3n. Entre las posibles medidas figura la <b>exclusi\u00f3n de la federaci\u00f3n involucrada de futuras competiciones<\/b> internacionales.<\/p>\n<p>Ocho equipos de Asia tienen lugar asegurado para el Mundial 2026: <b>Arabia Saud\u00ed<\/b>, <b>Australia<\/b>, <b>Qatar<\/b>, <b>Corea del Sur<\/b>, <b>Uzbekist\u00e1n<\/b>, <b>Jap\u00f3n<\/b>, <b>Jordania<\/b> e <b>Ir\u00e1n<\/b>. Si la selecci\u00f3n iran\u00ed no asiste finalmente, la normativa indica que la plaza vacante se adjudicar\u00eda a otra federaci\u00f3n de la <b>AFC<\/b> (Confederaci\u00f3n Asi\u00e1tica de F\u00fatbol).<\/p>\n<p>En estos momentos, <b>Irak<\/b> se encuentra clasificada para la repesca B, una instancia que le concede la oportunidad de disputar un cupo adicional en el torneo. El partido se celebrar\u00e1 el 31 de marzo en Monterrey, M\u00e9xico, frente al ganador del encuentro entre Bolivia y Surinam. Irak lleg\u00f3 a esta fase tras eliminar a <b>Emiratos \u00c1rabes Unidos<\/b> con un gol de penalti en el minuto 107, asegurando as\u00ed su presencia en la repesca intercontinental.<\/p>\n<p>En caso de que <b>Ir\u00e1n<\/b> renuncie a su plaza, lo l\u00f3gico ser\u00eda que <b>Irak<\/b> sea elegida para ocupar ese puesto, ya que fue la selecci\u00f3n asi\u00e1tica que alcanz\u00f3 la instancia m\u00e1s avanzada sin lograr la clasificaci\u00f3n directa. No obstante, Irak solicit\u00f3 el aplazamiento de la repesca debido a complicaciones derivadas del conflicto en Oriente Medio, lo que pone en duda su participaci\u00f3n en la eliminatoria de M\u00e9xico.<\/p>\n<p>Si finalmente Irak recibe la plaza directa, <b>Emiratos \u00c1rabes Unidos<\/b> ser\u00eda quien dispute la repesca intercontinental. Esta mec\u00e1nica tiene precedentes recientes: durante el \u00faltimo <b>Mundial de Clubes<\/b>, el club mexicano Le\u00f3n fue excluido y su puesto se defini\u00f3 en un partido entre <b>Los Angeles FC<\/b> y <b>Am\u00e9rica<\/b>.<\/p>\n<p><img loading=\"lazy\" decoding=\"async\" src=\"https:\/\/lobosnews.com.ar\/wp-content\/uploads\/2026\/03\/el-ministro-de-deportes-de-iran-aseguro-que-la-seleccion-no-jugara-el-mundial-no-hay-condiciones-para-participar-3.jpg\" alt=\"\" height=\"1350\" width=\"1080\"\/><\/p>\n","protected":false},"excerpt":{"rendered":"<p>La decisi\u00f3n del gobierno iran\u00ed de retirar a su selecci\u00f3n de f\u00fatbol del pr\u00f3ximo Mundial 2026 en Estados Unidos, Canad\u00e1 y M\u00e9xico, responde a la actual escalada de violencia en la regi\u00f3n y al impacto directo provocado por el ataque armado en el que result\u00f3 muerto el l\u00edder iran\u00ed, el ayatol\u00e1 Al\u00ed Jamenei, el 28&#8230;<\/p>\n","protected":false},"author":1,"featured_media":0,"comment_status":"open","ping_status":"closed","sticky":false,"template":"","format":"standard","meta":{"_jetpack_memberships_contains_paid_content":false,"footnotes":""},"categories":[30],"tags":[39],"class_list":["post-31992","post","type-post","status-publish","format-standard","hentry","category-argentina","tag-deportes"],"magazineBlocksPostFeaturedMedia":{"thumbnail":false,"medium":false,"medium_large":false,"large":false,"1536x1536":false,"2048x2048":false,"newsmatic-featured":false,"newsmatic-list":false,"newsmatic-thumb":false,"newsmatic-small":false,"newsmatic-grid":false},"magazineBlocksPostAuthor":{"name":"admin","avatar":"https:\/\/secure.gravatar.com\/avatar\/76e419471a2083bc3ceab22a763dbbf9b0c1bd15a6214cf3280e2c2dde4580f9?s=96&d=mm&r=g"},"magazineBlocksPostCommentsNumber":"0","magazineBlocksPostExcerpt":"La decisi\u00f3n del gobierno iran\u00ed de retirar a su selecci\u00f3n de f\u00fatbol del pr\u00f3ximo Mundial 2026 en Estados Unidos, Canad\u00e1 y M\u00e9xico, responde a la actual escalada de violencia en la regi\u00f3n y al impacto directo provocado por el ataque armado en el que result\u00f3 muerto el l\u00edder iran\u00ed, el ayatol\u00e1 Al\u00ed Jamenei, el 28...","magazineBlocksPostCategories":["Argentina"],"magazineBlocksPostViewCount":83,"magazineBlocksPostReadTime":6,"magazine_blocks_featured_image_url":{"full":false,"medium":false,"thumbnail":false},"magazine_blocks_author":{"display_name":"admin","author_link":"https:\/\/lobosnews.com.ar\/index.php\/author\/lobos-news\/"},"magazine_blocks_comment":0,"magazine_blocks_author_image":"https:\/\/secure.gravatar.com\/avatar\/76e419471a2083bc3ceab22a763dbbf9b0c1bd15a6214cf3280e2c2dde4580f9?s=96&d=mm&r=g","magazine_blocks_category":"<a href=\"#\" class=\"category-link category-link-30\">Argentina<\/a>","yoast_head":"<!-- This site is optimized with the Yoast SEO plugin v26.6 - https:\/\/yoast.com\/wordpress\/plugins\/seo\/ -->\n<title>El ministro de Deportes de Ir\u00e1n asegur\u00f3 que la selecci\u00f3n no jugar\u00e1 el Mundial: \u201cNo hay condiciones para participar\u201d - Lobos News<\/title>\n<meta name=\"robots\" content=\"index, follow, max-snippet:-1, max-image-preview:large, max-video-preview:-1\" \/>\n<link rel=\"canonical\" href=\"https:\/\/lobosnews.com.ar\/index.php\/2026\/03\/11\/el-ministro-de-deportes-de-iran-aseguro-que-la-seleccion-no-jugara-el-mundial-no-hay-condiciones-para-participar\/\" \/>\n<meta property=\"og:locale\" content=\"es_ES\" \/>\n<meta property=\"og:type\" content=\"article\" \/>\n<meta property=\"og:title\" content=\"El ministro de Deportes de Ir\u00e1n asegur\u00f3 que la selecci\u00f3n no jugar\u00e1 el Mundial: \u201cNo hay condiciones para participar\u201d - Lobos News\" \/>\n<meta property=\"og:description\" content=\"La decisi\u00f3n del gobierno iran\u00ed de retirar a su selecci\u00f3n de f\u00fatbol del pr\u00f3ximo Mundial 2026 en Estados Unidos, Canad\u00e1 y M\u00e9xico, responde a la actual escalada de violencia en la regi\u00f3n y al impacto directo provocado por el ataque armado en el que result\u00f3 muerto el l\u00edder iran\u00ed, el ayatol\u00e1 Al\u00ed Jamenei, el 28...\" \/>\n<meta property=\"og:url\" content=\"https:\/\/lobosnews.com.ar\/index.php\/2026\/03\/11\/el-ministro-de-deportes-de-iran-aseguro-que-la-seleccion-no-jugara-el-mundial-no-hay-condiciones-para-participar\/\" \/>\n<meta property=\"og:site_name\" content=\"Lobos News\" \/>\n<meta property=\"article:published_time\" content=\"2026-03-11T13:24:27+00:00\" \/>\n<meta property=\"article:modified_time\" content=\"2026-03-11T14:37:09+00:00\" \/>\n<meta property=\"og:image\" content=\"https:\/\/lobosnews.com.ar\/wp-content\/uploads\/2026\/03\/el-ministro-de-deportes-de-iran-aseguro-que-la-seleccion-no-jugara-el-mundial-no-hay-condiciones-para-participar.jpg\" \/>\n<meta name=\"author\" content=\"admin\" \/>\n<meta name=\"twitter:card\" content=\"summary_large_image\" \/>\n<meta name=\"twitter:label1\" content=\"Escrito por\" \/>\n\t<meta name=\"twitter:data1\" content=\"admin\" \/>\n\t<meta name=\"twitter:label2\" content=\"Tiempo de lectura\" \/>\n\t<meta name=\"twitter:data2\" content=\"5 minutos\" \/>\n<script type=\"application\/ld+json\" class=\"yoast-schema-graph\">{\"@context\":\"https:\/\/schema.org\",\"@graph\":[{\"@type\":\"Article\",\"@id\":\"https:\/\/lobosnews.com.ar\/index.php\/2026\/03\/11\/el-ministro-de-deportes-de-iran-aseguro-que-la-seleccion-no-jugara-el-mundial-no-hay-condiciones-para-participar\/#article\",\"isPartOf\":{\"@id\":\"https:\/\/lobosnews.com.ar\/index.php\/2026\/03\/11\/el-ministro-de-deportes-de-iran-aseguro-que-la-seleccion-no-jugara-el-mundial-no-hay-condiciones-para-participar\/\"},\"author\":{\"name\":\"admin\",\"@id\":\"https:\/\/lobosnews.com.ar\/#\/schema\/person\/232422a593d5c541dd9aef6aaed10943\"},\"headline\":\"El ministro de Deportes de Ir\u00e1n asegur\u00f3 que la selecci\u00f3n no jugar\u00e1 el Mundial: \u201cNo hay condiciones para participar\u201d\",\"datePublished\":\"2026-03-11T13:24:27+00:00\",\"dateModified\":\"2026-03-11T14:37:09+00:00\",\"mainEntityOfPage\":{\"@id\":\"https:\/\/lobosnews.com.ar\/index.php\/2026\/03\/11\/el-ministro-de-deportes-de-iran-aseguro-que-la-seleccion-no-jugara-el-mundial-no-hay-condiciones-para-participar\/\"},\"wordCount\":1076,\"commentCount\":0,\"publisher\":{\"@id\":\"https:\/\/lobosnews.com.ar\/#organization\"},\"image\":{\"@id\":\"https:\/\/lobosnews.com.ar\/index.php\/2026\/03\/11\/el-ministro-de-deportes-de-iran-aseguro-que-la-seleccion-no-jugara-el-mundial-no-hay-condiciones-para-participar\/#primaryimage\"},\"thumbnailUrl\":\"https:\/\/lobosnews.com.ar\/wp-content\/uploads\/2026\/03\/el-ministro-de-deportes-de-iran-aseguro-que-la-seleccion-no-jugara-el-mundial-no-hay-condiciones-para-participar.jpg\",\"keywords\":[\"Deportes\"],\"articleSection\":[\"Argentina\"],\"inLanguage\":\"es\",\"potentialAction\":[{\"@type\":\"CommentAction\",\"name\":\"Comment\",\"target\":[\"https:\/\/lobosnews.com.ar\/index.php\/2026\/03\/11\/el-ministro-de-deportes-de-iran-aseguro-que-la-seleccion-no-jugara-el-mundial-no-hay-condiciones-para-participar\/#respond\"]}]},{\"@type\":\"WebPage\",\"@id\":\"https:\/\/lobosnews.com.ar\/index.php\/2026\/03\/11\/el-ministro-de-deportes-de-iran-aseguro-que-la-seleccion-no-jugara-el-mundial-no-hay-condiciones-para-participar\/\",\"url\":\"https:\/\/lobosnews.com.ar\/index.php\/2026\/03\/11\/el-ministro-de-deportes-de-iran-aseguro-que-la-seleccion-no-jugara-el-mundial-no-hay-condiciones-para-participar\/\",\"name\":\"El ministro de Deportes de Ir\u00e1n asegur\u00f3 que la selecci\u00f3n no jugar\u00e1 el Mundial: \u201cNo hay condiciones para participar\u201d - Lobos News\",\"isPartOf\":{\"@id\":\"https:\/\/lobosnews.com.ar\/#website\"},\"primaryImageOfPage\":{\"@id\":\"https:\/\/lobosnews.com.ar\/index.php\/2026\/03\/11\/el-ministro-de-deportes-de-iran-aseguro-que-la-seleccion-no-jugara-el-mundial-no-hay-condiciones-para-participar\/#primaryimage\"},\"image\":{\"@id\":\"https:\/\/lobosnews.com.ar\/index.php\/2026\/03\/11\/el-ministro-de-deportes-de-iran-aseguro-que-la-seleccion-no-jugara-el-mundial-no-hay-condiciones-para-participar\/#primaryimage\"},\"thumbnailUrl\":\"https:\/\/lobosnews.com.ar\/wp-content\/uploads\/2026\/03\/el-ministro-de-deportes-de-iran-aseguro-que-la-seleccion-no-jugara-el-mundial-no-hay-condiciones-para-participar.jpg\",\"datePublished\":\"2026-03-11T13:24:27+00:00\",\"dateModified\":\"2026-03-11T14:37:09+00:00\",\"breadcrumb\":{\"@id\":\"https:\/\/lobosnews.com.ar\/index.php\/2026\/03\/11\/el-ministro-de-deportes-de-iran-aseguro-que-la-seleccion-no-jugara-el-mundial-no-hay-condiciones-para-participar\/#breadcrumb\"},\"inLanguage\":\"es\",\"potentialAction\":[{\"@type\":\"ReadAction\",\"target\":[\"https:\/\/lobosnews.com.ar\/index.php\/2026\/03\/11\/el-ministro-de-deportes-de-iran-aseguro-que-la-seleccion-no-jugara-el-mundial-no-hay-condiciones-para-participar\/\"]}]},{\"@type\":\"ImageObject\",\"inLanguage\":\"es\",\"@id\":\"https:\/\/lobosnews.com.ar\/index.php\/2026\/03\/11\/el-ministro-de-deportes-de-iran-aseguro-que-la-seleccion-no-jugara-el-mundial-no-hay-condiciones-para-participar\/#primaryimage\",\"url\":\"https:\/\/lobosnews.com.ar\/wp-content\/uploads\/2026\/03\/el-ministro-de-deportes-de-iran-aseguro-que-la-seleccion-no-jugara-el-mundial-no-hay-condiciones-para-participar.jpg\",\"contentUrl\":\"https:\/\/lobosnews.com.ar\/wp-content\/uploads\/2026\/03\/el-ministro-de-deportes-de-iran-aseguro-que-la-seleccion-no-jugara-el-mundial-no-hay-condiciones-para-participar.jpg\"},{\"@type\":\"BreadcrumbList\",\"@id\":\"https:\/\/lobosnews.com.ar\/index.php\/2026\/03\/11\/el-ministro-de-deportes-de-iran-aseguro-que-la-seleccion-no-jugara-el-mundial-no-hay-condiciones-para-participar\/#breadcrumb\",\"itemListElement\":[{\"@type\":\"ListItem\",\"position\":1,\"name\":\"Portada\",\"item\":\"https:\/\/lobosnews.com.ar\/\"},{\"@type\":\"ListItem\",\"position\":2,\"name\":\"El ministro de Deportes de Ir\u00e1n asegur\u00f3 que la selecci\u00f3n no jugar\u00e1 el Mundial: \u201cNo hay condiciones para participar\u201d\"}]},{\"@type\":\"WebSite\",\"@id\":\"https:\/\/lobosnews.com.ar\/#website\",\"url\":\"https:\/\/lobosnews.com.ar\/\",\"name\":\"Lobos News\",\"description\":\"Informaci\u00f3n a cada instante\",\"publisher\":{\"@id\":\"https:\/\/lobosnews.com.ar\/#organization\"},\"potentialAction\":[{\"@type\":\"SearchAction\",\"target\":{\"@type\":\"EntryPoint\",\"urlTemplate\":\"https:\/\/lobosnews.com.ar\/?s={search_term_string}\"},\"query-input\":{\"@type\":\"PropertyValueSpecification\",\"valueRequired\":true,\"valueName\":\"search_term_string\"}}],\"inLanguage\":\"es\"},{\"@type\":\"Organization\",\"@id\":\"https:\/\/lobosnews.com.ar\/#organization\",\"name\":\"Lobos News\",\"url\":\"https:\/\/lobosnews.com.ar\/\",\"logo\":{\"@type\":\"ImageObject\",\"inLanguage\":\"es\",\"@id\":\"https:\/\/lobosnews.com.ar\/#\/schema\/logo\/image\/\",\"url\":\"https:\/\/lobosnews.com.ar\/wp-content\/uploads\/2026\/01\/logo-lobosnews.png\",\"contentUrl\":\"https:\/\/lobosnews.com.ar\/wp-content\/uploads\/2026\/01\/logo-lobosnews.png\",\"width\":500,\"height\":200,\"caption\":\"Lobos News\"},\"image\":{\"@id\":\"https:\/\/lobosnews.com.ar\/#\/schema\/logo\/image\/\"}},{\"@type\":\"Person\",\"@id\":\"https:\/\/lobosnews.com.ar\/#\/schema\/person\/232422a593d5c541dd9aef6aaed10943\",\"name\":\"admin\",\"image\":{\"@type\":\"ImageObject\",\"inLanguage\":\"es\",\"@id\":\"https:\/\/lobosnews.com.ar\/#\/schema\/person\/image\/\",\"url\":\"https:\/\/secure.gravatar.com\/avatar\/76e419471a2083bc3ceab22a763dbbf9b0c1bd15a6214cf3280e2c2dde4580f9?s=96&d=mm&r=g\",\"contentUrl\":\"https:\/\/secure.gravatar.com\/avatar\/76e419471a2083bc3ceab22a763dbbf9b0c1bd15a6214cf3280e2c2dde4580f9?s=96&d=mm&r=g\",\"caption\":\"admin\"},\"sameAs\":[\"https:\/\/lobosnews.com.ar\"],\"url\":\"https:\/\/lobosnews.com.ar\/index.php\/author\/lobos-news\/\"}]}<\/script>\n<!-- \/ Yoast SEO plugin. -->","yoast_head_json":{"title":"El ministro de Deportes de Ir\u00e1n asegur\u00f3 que la selecci\u00f3n no jugar\u00e1 el Mundial: \u201cNo hay condiciones para participar\u201d - Lobos News","robots":{"index":"index","follow":"follow","max-snippet":"max-snippet:-1","max-image-preview":"max-image-preview:large","max-video-preview":"max-video-preview:-1"},"canonical":"https:\/\/lobosnews.com.ar\/index.php\/2026\/03\/11\/el-ministro-de-deportes-de-iran-aseguro-que-la-seleccion-no-jugara-el-mundial-no-hay-condiciones-para-participar\/","og_locale":"es_ES","og_type":"article","og_title":"El ministro de Deportes de Ir\u00e1n asegur\u00f3 que la selecci\u00f3n no jugar\u00e1 el Mundial: \u201cNo hay condiciones para participar\u201d - Lobos News","og_description":"La decisi\u00f3n del gobierno iran\u00ed de retirar a su selecci\u00f3n de f\u00fatbol del pr\u00f3ximo Mundial 2026 en Estados Unidos, Canad\u00e1 y M\u00e9xico, responde a la actual escalada de violencia en la regi\u00f3n y al impacto directo provocado por el ataque armado en el que result\u00f3 muerto el l\u00edder iran\u00ed, el ayatol\u00e1 Al\u00ed Jamenei, el 28...","og_url":"https:\/\/lobosnews.com.ar\/index.php\/2026\/03\/11\/el-ministro-de-deportes-de-iran-aseguro-que-la-seleccion-no-jugara-el-mundial-no-hay-condiciones-para-participar\/","og_site_name":"Lobos News","article_published_time":"2026-03-11T13:24:27+00:00","article_modified_time":"2026-03-11T14:37:09+00:00","og_image":[{"url":"https:\/\/lobosnews.com.ar\/wp-content\/uploads\/2026\/03\/el-ministro-de-deportes-de-iran-aseguro-que-la-seleccion-no-jugara-el-mundial-no-hay-condiciones-para-participar.jpg","type":"","width":"","height":""}],"author":"admin","twitter_card":"summary_large_image","twitter_misc":{"Escrito por":"admin","Tiempo de lectura":"5 minutos"},"schema":{"@context":"https:\/\/schema.org","@graph":[{"@type":"Article","@id":"https:\/\/lobosnews.com.ar\/index.php\/2026\/03\/11\/el-ministro-de-deportes-de-iran-aseguro-que-la-seleccion-no-jugara-el-mundial-no-hay-condiciones-para-participar\/#article","isPartOf":{"@id":"https:\/\/lobosnews.com.ar\/index.php\/2026\/03\/11\/el-ministro-de-deportes-de-iran-aseguro-que-la-seleccion-no-jugara-el-mundial-no-hay-condiciones-para-participar\/"},"author":{"name":"admin","@id":"https:\/\/lobosnews.com.ar\/#\/schema\/person\/232422a593d5c541dd9aef6aaed10943"},"headline":"El ministro de Deportes de Ir\u00e1n asegur\u00f3 que la selecci\u00f3n no jugar\u00e1 el Mundial: \u201cNo hay condiciones para participar\u201d","datePublished":"2026-03-11T13:24:27+00:00","dateModified":"2026-03-11T14:37:09+00:00","mainEntityOfPage":{"@id":"https:\/\/lobosnews.com.ar\/index.php\/2026\/03\/11\/el-ministro-de-deportes-de-iran-aseguro-que-la-seleccion-no-jugara-el-mundial-no-hay-condiciones-para-participar\/"},"wordCount":1076,"commentCount":0,"publisher":{"@id":"https:\/\/lobosnews.com.ar\/#organization"},"image":{"@id":"https:\/\/lobosnews.com.ar\/index.php\/2026\/03\/11\/el-ministro-de-deportes-de-iran-aseguro-que-la-seleccion-no-jugara-el-mundial-no-hay-condiciones-para-participar\/#primaryimage"},"thumbnailUrl":"https:\/\/lobosnews.com.ar\/wp-content\/uploads\/2026\/03\/el-ministro-de-deportes-de-iran-aseguro-que-la-seleccion-no-jugara-el-mundial-no-hay-condiciones-para-participar.jpg","keywords":["Deportes"],"articleSection":["Argentina"],"inLanguage":"es","potentialAction":[{"@type":"CommentAction","name":"Comment","target":["https:\/\/lobosnews.com.ar\/index.php\/2026\/03\/11\/el-ministro-de-deportes-de-iran-aseguro-que-la-seleccion-no-jugara-el-mundial-no-hay-condiciones-para-participar\/#respond"]}]},{"@type":"WebPage","@id":"https:\/\/lobosnews.com.ar\/index.php\/2026\/03\/11\/el-ministro-de-deportes-de-iran-aseguro-que-la-seleccion-no-jugara-el-mundial-no-hay-condiciones-para-participar\/","url":"https:\/\/lobosnews.com.ar\/index.php\/2026\/03\/11\/el-ministro-de-deportes-de-iran-aseguro-que-la-seleccion-no-jugara-el-mundial-no-hay-condiciones-para-participar\/","name":"El ministro de Deportes de Ir\u00e1n asegur\u00f3 que la selecci\u00f3n no jugar\u00e1 el Mundial: \u201cNo hay condiciones para participar\u201d - Lobos News","isPartOf":{"@id":"https:\/\/lobosnews.com.ar\/#website"},"primaryImageOfPage":{"@id":"https:\/\/lobosnews.com.ar\/index.php\/2026\/03\/11\/el-ministro-de-deportes-de-iran-aseguro-que-la-seleccion-no-jugara-el-mundial-no-hay-condiciones-para-participar\/#primaryimage"},"image":{"@id":"https:\/\/lobosnews.com.ar\/index.php\/2026\/03\/11\/el-ministro-de-deportes-de-iran-aseguro-que-la-seleccion-no-jugara-el-mundial-no-hay-condiciones-para-participar\/#primaryimage"},"thumbnailUrl":"https:\/\/lobosnews.com.ar\/wp-content\/uploads\/2026\/03\/el-ministro-de-deportes-de-iran-aseguro-que-la-seleccion-no-jugara-el-mundial-no-hay-condiciones-para-participar.jpg","datePublished":"2026-03-11T13:24:27+00:00","dateModified":"2026-03-11T14:37:09+00:00","breadcrumb":{"@id":"https:\/\/lobosnews.com.ar\/index.php\/2026\/03\/11\/el-ministro-de-deportes-de-iran-aseguro-que-la-seleccion-no-jugara-el-mundial-no-hay-condiciones-para-participar\/#breadcrumb"},"inLanguage":"es","potentialAction":[{"@type":"ReadAction","target":["https:\/\/lobosnews.com.ar\/index.php\/2026\/03\/11\/el-ministro-de-deportes-de-iran-aseguro-que-la-seleccion-no-jugara-el-mundial-no-hay-condiciones-para-participar\/"]}]},{"@type":"ImageObject","inLanguage":"es","@id":"https:\/\/lobosnews.com.ar\/index.php\/2026\/03\/11\/el-ministro-de-deportes-de-iran-aseguro-que-la-seleccion-no-jugara-el-mundial-no-hay-condiciones-para-participar\/#primaryimage","url":"https:\/\/lobosnews.com.ar\/wp-content\/uploads\/2026\/03\/el-ministro-de-deportes-de-iran-aseguro-que-la-seleccion-no-jugara-el-mundial-no-hay-condiciones-para-participar.jpg","contentUrl":"https:\/\/lobosnews.com.ar\/wp-content\/uploads\/2026\/03\/el-ministro-de-deportes-de-iran-aseguro-que-la-seleccion-no-jugara-el-mundial-no-hay-condiciones-para-participar.jpg"},{"@type":"BreadcrumbList","@id":"https:\/\/lobosnews.com.ar\/index.php\/2026\/03\/11\/el-ministro-de-deportes-de-iran-aseguro-que-la-seleccion-no-jugara-el-mundial-no-hay-condiciones-para-participar\/#breadcrumb","itemListElement":[{"@type":"ListItem","position":1,"name":"Portada","item":"https:\/\/lobosnews.com.ar\/"},{"@type":"ListItem","position":2,"name":"El ministro de Deportes de Ir\u00e1n asegur\u00f3 que la selecci\u00f3n no jugar\u00e1 el Mundial: \u201cNo hay condiciones para participar\u201d"}]},{"@type":"WebSite","@id":"https:\/\/lobosnews.com.ar\/#website","url":"https:\/\/lobosnews.com.ar\/","name":"Lobos News","description":"Informaci\u00f3n a cada instante","publisher":{"@id":"https:\/\/lobosnews.com.ar\/#organization"},"potentialAction":[{"@type":"SearchAction","target":{"@type":"EntryPoint","urlTemplate":"https:\/\/lobosnews.com.ar\/?s={search_term_string}"},"query-input":{"@type":"PropertyValueSpecification","valueRequired":true,"valueName":"search_term_string"}}],"inLanguage":"es"},{"@type":"Organization","@id":"https:\/\/lobosnews.com.ar\/#organization","name":"Lobos News","url":"https:\/\/lobosnews.com.ar\/","logo":{"@type":"ImageObject","inLanguage":"es","@id":"https:\/\/lobosnews.com.ar\/#\/schema\/logo\/image\/","url":"https:\/\/lobosnews.com.ar\/wp-content\/uploads\/2026\/01\/logo-lobosnews.png","contentUrl":"https:\/\/lobosnews.com.ar\/wp-content\/uploads\/2026\/01\/logo-lobosnews.png","width":500,"height":200,"caption":"Lobos News"},"image":{"@id":"https:\/\/lobosnews.com.ar\/#\/schema\/logo\/image\/"}},{"@type":"Person","@id":"https:\/\/lobosnews.com.ar\/#\/schema\/person\/232422a593d5c541dd9aef6aaed10943","name":"admin","image":{"@type":"ImageObject","inLanguage":"es","@id":"https:\/\/lobosnews.com.ar\/#\/schema\/person\/image\/","url":"https:\/\/secure.gravatar.com\/avatar\/76e419471a2083bc3ceab22a763dbbf9b0c1bd15a6214cf3280e2c2dde4580f9?s=96&d=mm&r=g","contentUrl":"https:\/\/secure.gravatar.com\/avatar\/76e419471a2083bc3ceab22a763dbbf9b0c1bd15a6214cf3280e2c2dde4580f9?s=96&d=mm&r=g","caption":"admin"},"sameAs":["https:\/\/lobosnews.com.ar"],"url":"https:\/\/lobosnews.com.ar\/index.php\/author\/lobos-news\/"}]}},"jetpack_featured_media_url":"","jetpack_sharing_enabled":true,"_links":{"self":[{"href":"https:\/\/lobosnews.com.ar\/index.php\/wp-json\/wp\/v2\/posts\/31992","targetHints":{"allow":["GET"]}}],"collection":[{"href":"https:\/\/lobosnews.com.ar\/index.php\/wp-json\/wp\/v2\/posts"}],"about":[{"href":"https:\/\/lobosnews.com.ar\/index.php\/wp-json\/wp\/v2\/types\/post"}],"author":[{"embeddable":true,"href":"https:\/\/lobosnews.com.ar\/index.php\/wp-json\/wp\/v2\/users\/1"}],"replies":[{"embeddable":true,"href":"https:\/\/lobosnews.com.ar\/index.php\/wp-json\/wp\/v2\/comments?post=31992"}],"version-history":[{"count":1,"href":"https:\/\/lobosnews.com.ar\/index.php\/wp-json\/wp\/v2\/posts\/31992\/revisions"}],"predecessor-version":[{"id":31997,"href":"https:\/\/lobosnews.com.ar\/index.php\/wp-json\/wp\/v2\/posts\/31992\/revisions\/31997"}],"wp:attachment":[{"href":"https:\/\/lobosnews.com.ar\/index.php\/wp-json\/wp\/v2\/media?parent=31992"}],"wp:term":[{"taxonomy":"category","embeddable":true,"href":"https:\/\/lobosnews.com.ar\/index.php\/wp-json\/wp\/v2\/categories?post=31992"},{"taxonomy":"post_tag","embeddable":true,"href":"https:\/\/lobosnews.com.ar\/index.php\/wp-json\/wp\/v2\/tags?post=31992"}],"curies":[{"name":"wp","href":"https:\/\/api.w.org\/{rel}","templated":true}]}}