{"id":31930,"date":"2026-03-11T02:49:34","date_gmt":"2026-03-11T02:49:34","guid":{"rendered":"https:\/\/lobosnews.com.ar\/index.php\/2026\/03\/11\/la-tajante-postura-de-zaira-nara-luego-de-que-paula-chaves-expusiera-su-conversacion-privada-si-hablo-es-con-carino\/"},"modified":"2026-03-11T08:57:05","modified_gmt":"2026-03-11T08:57:05","slug":"la-tajante-postura-de-zaira-nara-luego-de-que-paula-chaves-expusiera-su-conversacion-privada-si-hablo-es-con-carino","status":"publish","type":"post","link":"https:\/\/lobosnews.com.ar\/index.php\/2026\/03\/11\/la-tajante-postura-de-zaira-nara-luego-de-que-paula-chaves-expusiera-su-conversacion-privada-si-hablo-es-con-carino\/","title":{"rendered":"La tajante postura de Zaira Nara luego de que Paula Chaves expusiera su conversaci\u00f3n privada: \u201cSi hablo es con cari\u00f1o\u201d"},"content":{"rendered":"<p>La hist\u00f3rica amistad entre <span class=\"waslinkname\"><b>Zaira Nara<\/b><\/span><b> <\/b>y <span class=\"waslinkname\"><b>Paula Chaves<\/b><\/span><b> <\/b>volvi\u00f3 a quedar en el centro de la escena luego de que la conductora decidiera publicar capturas de una conversaci\u00f3n privada que mantuvo con la modelo. El episodio reaviv\u00f3 un conflicto que lleva a\u00f1os generando versiones y especulaciones en el mundo del espect\u00e1culo, y que tuvo un nuevo cap\u00edtulo cuando la hermana de Wanda Nara enfrent\u00f3 a la prensa tras regresar de un viaje a Europa.<\/p>\n<p>Durante mucho tiempo, ambas figuras fueron consideradas inseparables dentro del ambiente medi\u00e1tico. Compart\u00edan proyectos, eventos y momentos personales, al punto de que Paula eligi\u00f3 a Zaira como madrina de una de sus hijas, un gesto que reflejaba la profundidad del v\u00ednculo que hab\u00edan construido. <b>Sin embargo, con el paso de los a\u00f1os esa relaci\u00f3n se deterior\u00f3 hasta convertirse en un distanciamiento definitivo que todav\u00eda hoy genera preguntas.<\/b><\/p>\n<p>Una de las teor\u00edas m\u00e1s repetidas sobre el origen del conflicto estuvo relacionada con el v\u00ednculo que Zaira mantuvo con el polista <span class=\"waslinkname\"><b>Facundo Pieres<\/b><\/span>, quien a\u00f1os atr\u00e1s hab\u00eda tenido una relaci\u00f3n sentimental con Chaves. Aunque el tema fue mencionado en distintas oportunidades en entrevistas y programas de televisi\u00f3n, nunca hubo una confirmaci\u00f3n clara de que ese romance fuera la causa del quiebre.<\/p>\n<p><img loading=\"lazy\" decoding=\"async\" src=\"https:\/\/lobosnews.com.ar\/wp-content\/uploads\/2026\/03\/la-tajante-postura-de-zaira-nara-luego-de-que-paula-chaves-expusiera-su-conversacion-privada-si-hablo-es-con-carino.jpg\" alt=\"Paula se expres\u00f3 con dos contundentes posteos en su cuenta de X (X)\" height=\"1080\" width=\"1920\"\/><\/p>\n<p>La pol\u00e9mica volvi\u00f3 a instalarse cuando <span class=\"waslinkname\"><i>Paula Chaves decidi\u00f3 expresar p\u00fablicamente su enojo en redes sociales<\/i><\/span>. A trav\u00e9s de su cuenta en X, la conductora public\u00f3 un fuerte descargo en el que pidi\u00f3 que dejaran de vincularla con esa historia y asegur\u00f3 que el motivo de la ruptura con su ex amiga hab\u00eda sido otro.<b> \u201cPor Dios \u00a1Basta! Dejen de nombrarme y de una vez por todas entiendan que no fue por eso nuestro distanciamiento\u201d<\/b>, escribi\u00f3 en uno de sus mensajes.<\/p>\n<p>En ese mismo posteo, Chaves explic\u00f3 que el conflicto ven\u00eda de tiempo atr\u00e1s y que incluso le hab\u00eda pedido a Zaira que evitara mencionarla en entrevistas o declaraciones p\u00fablicas. <b>\u201cSe lo aclar\u00e9 varias veces a Zaira. Incluso la \u00faltima vez hace unos meses le ped\u00ed que no me nombre m\u00e1s y me pidi\u00f3 perd\u00f3n por hacerlo, justificando que se pone nerviosa con las notas\u201d<\/b>, se\u00f1al\u00f3.<\/p>\n<p>La conductora tambi\u00e9n comparti\u00f3 una captura de pantalla de una conversaci\u00f3n privada con la modelo en la que se pod\u00eda leer el pedido que le hab\u00eda hecho para mantenerse al margen de cualquier referencia medi\u00e1tica.<b> \u201cPorfi, por la linda relaci\u00f3n que tuvimos y el cari\u00f1o, no me metas en el medio\u201d<\/b>, se le\u00eda en uno de los mensajes. En ese mismo intercambio, Chaves manifestaba su incomodidad con la exposici\u00f3n p\u00fablica que el tema segu\u00eda generando. <b>\u201cHab\u00edamos logrado salir del medio y ahora de nuevo nos esperan ah\u00ed a la salida de Olga, m\u00e1s que nada por Pepe y por m\u00ed tambi\u00e9n que es una fiaca\u201d<\/b>, escrib\u00eda en relaci\u00f3n con la presencia constante de cronistas.<\/p>\n<p><img loading=\"lazy\" decoding=\"async\" src=\"https:\/\/lobosnews.com.ar\/wp-content\/uploads\/2026\/03\/la-tajante-postura-de-zaira-nara-luego-de-que-paula-chaves-expusiera-su-conversacion-privada-si-hablo-es-con-carino-1.jpg\" alt=\"Paula Chaves utiliz\u00f3 sus redes sociales para aclarar que la ruptura con Zaira Nara no estuvo relacionada con terceros sino con diferencias personales\" height=\"1080\" width=\"1920\"\/><\/p>\n<p>Seg\u00fan explic\u00f3 la conductora en su descargo, su decisi\u00f3n de mostrar esa conversaci\u00f3n respondi\u00f3 al cansancio acumulado tras a\u00f1os de rumores y preguntas sobre el mismo tema. <b>\u201cNo hago nunca esto de mostrar, pero de verdad basta. Estoy harta de que me pregunten hace a\u00f1os por lo mismo\u201d<\/b>, expres\u00f3. Tambi\u00e9n remarc\u00f3 que el motivo del distanciamiento con Zaira tuvo que ver con diferencias personales y no con terceros. <b>\u201cEntiendo que es m\u00e1s f\u00e1cil creer que fue por un hombre y no entender que muchas veces los valores que uno tiene y los intereses de cada uno hacen que una amistad se termine\u201d<\/b>, sostuvo.<\/p>\n<p>La respuesta de Zaira Nara lleg\u00f3 poco despu\u00e9s, cuando fue interceptada por cronistas en el aeropuerto de Ezeiza tras regresar de un viaje a Par\u00eds. Consultada por la difusi\u00f3n de los chats y la repercusi\u00f3n medi\u00e1tica que gener\u00f3 el episodio, la modelo eligi\u00f3 mantener un tono conciliador y evitar profundizar en la pol\u00e9mica.<b> \u201cEstuve de viaje, disfrutando de Par\u00eds, no me detuve en repercusiones\u201d<\/b>, respondi\u00f3 cuando le preguntaron por el revuelo que provoc\u00f3 la publicaci\u00f3n de Paula.<\/p>\n<p>Ante la insistencia de los periodistas, que quisieron saber si le hab\u00eda sorprendido que su ex amiga decidiera mostrar esa conversaci\u00f3n privada, Zaira fue a\u00fan m\u00e1s breve y dej\u00f3 en claro su postura.<b> \u201cNo voy a hablar del tema\u201d<\/b>, afirm\u00f3. A pesar de su negativa a entrar en detalles, la modelo aprovech\u00f3 para remarcar el afecto que todav\u00eda siente por quien fue una de sus amigas m\u00e1s cercanas durante a\u00f1os.<b> \u201cLa aprecio mucho, le tengo mucho cari\u00f1o\u201d,<\/b> expres\u00f3.<\/p>\n<p>En la misma l\u00ednea, tambi\u00e9n aclar\u00f3 que cada vez que se refiri\u00f3 p\u00fablicamente a ella lo hizo desde el respeto.<b> \u201cSiempre que habl\u00e9 fue por ustedes. Aclarar que siempre que hablo es con cari\u00f1o\u201d<\/b>, asegur\u00f3. De esta manera, Zaira evit\u00f3 profundizar en un conflicto que lleva a\u00f1os latente y que, cada cierto tiempo, vuelve a instalarse en la agenda medi\u00e1tica. Su reacci\u00f3n, breve y cuidadosa, contrast\u00f3 con el fuerte descargo que Paula hab\u00eda realizado en redes sociales.<\/p>\n","protected":false},"excerpt":{"rendered":"<p>La hist\u00f3rica amistad entre Zaira Nara y Paula Chaves volvi\u00f3 a quedar en el centro de la escena luego de que la conductora decidiera publicar capturas de una conversaci\u00f3n privada que mantuvo con la modelo. El episodio reaviv\u00f3 un conflicto que lleva a\u00f1os generando versiones y especulaciones en el mundo del espect\u00e1culo, y que tuvo&#8230;<\/p>\n","protected":false},"author":1,"featured_media":31934,"comment_status":"open","ping_status":"closed","sticky":false,"template":"","format":"standard","meta":{"_jetpack_memberships_contains_paid_content":false,"footnotes":""},"categories":[79],"tags":[],"class_list":["post-31930","post","type-post","status-publish","format-standard","has-post-thumbnail","hentry","category-cine-y-series"],"magazineBlocksPostFeaturedMedia":{"thumbnail":"https:\/\/lobosnews.com.ar\/wp-content\/uploads\/2026\/03\/la-tajante-postura-de-zaira-nara-luego-de-que-paula-chaves-expusiera-su-conversacion-privada-si-hablo-es-con-carino-2-150x150.jpg","medium":"https:\/\/lobosnews.com.ar\/wp-content\/uploads\/2026\/03\/la-tajante-postura-de-zaira-nara-luego-de-que-paula-chaves-expusiera-su-conversacion-privada-si-hablo-es-con-carino-2-300x169.jpg","medium_large":"https:\/\/lobosnews.com.ar\/wp-content\/uploads\/2026\/03\/la-tajante-postura-de-zaira-nara-luego-de-que-paula-chaves-expusiera-su-conversacion-privada-si-hablo-es-con-carino-2-768x432.jpg","large":"https:\/\/lobosnews.com.ar\/wp-content\/uploads\/2026\/03\/la-tajante-postura-de-zaira-nara-luego-de-que-paula-chaves-expusiera-su-conversacion-privada-si-hablo-es-con-carino-2-1024x576.jpg","1536x1536":"https:\/\/lobosnews.com.ar\/wp-content\/uploads\/2026\/03\/la-tajante-postura-de-zaira-nara-luego-de-que-paula-chaves-expusiera-su-conversacion-privada-si-hablo-es-con-carino-2-1536x864.jpg","2048x2048":"https:\/\/lobosnews.com.ar\/wp-content\/uploads\/2026\/03\/la-tajante-postura-de-zaira-nara-luego-de-que-paula-chaves-expusiera-su-conversacion-privada-si-hablo-es-con-carino-2.jpg","newsmatic-featured":"https:\/\/lobosnews.com.ar\/wp-content\/uploads\/2026\/03\/la-tajante-postura-de-zaira-nara-luego-de-que-paula-chaves-expusiera-su-conversacion-privada-si-hablo-es-con-carino-2-820x545.jpg","newsmatic-list":"https:\/\/lobosnews.com.ar\/wp-content\/uploads\/2026\/03\/la-tajante-postura-de-zaira-nara-luego-de-que-paula-chaves-expusiera-su-conversacion-privada-si-hablo-es-con-carino-2-600x400.jpg","newsmatic-thumb":"https:\/\/lobosnews.com.ar\/wp-content\/uploads\/2026\/03\/la-tajante-postura-de-zaira-nara-luego-de-que-paula-chaves-expusiera-su-conversacion-privada-si-hablo-es-con-carino-2-300x200.jpg","newsmatic-small":"https:\/\/lobosnews.com.ar\/wp-content\/uploads\/2026\/03\/la-tajante-postura-de-zaira-nara-luego-de-que-paula-chaves-expusiera-su-conversacion-privada-si-hablo-es-con-carino-2-150x95.jpg","newsmatic-grid":"https:\/\/lobosnews.com.ar\/wp-content\/uploads\/2026\/03\/la-tajante-postura-de-zaira-nara-luego-de-que-paula-chaves-expusiera-su-conversacion-privada-si-hablo-es-con-carino-2-400x250.jpg"},"magazineBlocksPostAuthor":{"name":"admin","avatar":"https:\/\/secure.gravatar.com\/avatar\/76e419471a2083bc3ceab22a763dbbf9b0c1bd15a6214cf3280e2c2dde4580f9?s=96&d=mm&r=g"},"magazineBlocksPostCommentsNumber":"0","magazineBlocksPostExcerpt":"La hist\u00f3rica amistad entre Zaira Nara y Paula Chaves volvi\u00f3 a quedar en el centro de la escena luego de que la conductora decidiera publicar capturas de una conversaci\u00f3n privada que mantuvo con la modelo. El episodio reaviv\u00f3 un conflicto que lleva a\u00f1os generando versiones y especulaciones en el mundo del espect\u00e1culo, y que tuvo...","magazineBlocksPostCategories":["Cine y Series"],"magazineBlocksPostViewCount":109,"magazineBlocksPostReadTime":5,"magazine_blocks_featured_image_url":{"full":["https:\/\/lobosnews.com.ar\/wp-content\/uploads\/2026\/03\/la-tajante-postura-de-zaira-nara-luego-de-que-paula-chaves-expusiera-su-conversacion-privada-si-hablo-es-con-carino-2.jpg",1920,1080,false],"medium":["https:\/\/lobosnews.com.ar\/wp-content\/uploads\/2026\/03\/la-tajante-postura-de-zaira-nara-luego-de-que-paula-chaves-expusiera-su-conversacion-privada-si-hablo-es-con-carino-2-300x169.jpg",300,169,true],"thumbnail":["https:\/\/lobosnews.com.ar\/wp-content\/uploads\/2026\/03\/la-tajante-postura-de-zaira-nara-luego-de-que-paula-chaves-expusiera-su-conversacion-privada-si-hablo-es-con-carino-2-150x150.jpg",150,150,true]},"magazine_blocks_author":{"display_name":"admin","author_link":"https:\/\/lobosnews.com.ar\/index.php\/author\/lobos-news\/"},"magazine_blocks_comment":0,"magazine_blocks_author_image":"https:\/\/secure.gravatar.com\/avatar\/76e419471a2083bc3ceab22a763dbbf9b0c1bd15a6214cf3280e2c2dde4580f9?s=96&d=mm&r=g","magazine_blocks_category":"<a href=\"#\" class=\"category-link category-link-79\">Cine y Series<\/a>","yoast_head":"<!-- This site is optimized with the Yoast SEO plugin v26.6 - https:\/\/yoast.com\/wordpress\/plugins\/seo\/ -->\n<title>La tajante postura de Zaira Nara luego de que Paula Chaves expusiera su conversaci\u00f3n privada: \u201cSi hablo es con cari\u00f1o\u201d - Lobos News<\/title>\n<meta name=\"robots\" content=\"index, follow, max-snippet:-1, max-image-preview:large, max-video-preview:-1\" \/>\n<link rel=\"canonical\" href=\"https:\/\/lobosnews.com.ar\/index.php\/2026\/03\/11\/la-tajante-postura-de-zaira-nara-luego-de-que-paula-chaves-expusiera-su-conversacion-privada-si-hablo-es-con-carino\/\" \/>\n<meta property=\"og:locale\" content=\"es_ES\" \/>\n<meta property=\"og:type\" content=\"article\" \/>\n<meta property=\"og:title\" content=\"La tajante postura de Zaira Nara luego de que Paula Chaves expusiera su conversaci\u00f3n privada: \u201cSi hablo es con cari\u00f1o\u201d - Lobos News\" \/>\n<meta property=\"og:description\" content=\"La hist\u00f3rica amistad entre Zaira Nara y Paula Chaves volvi\u00f3 a quedar en el centro de la escena luego de que la conductora decidiera publicar capturas de una conversaci\u00f3n privada que mantuvo con la modelo. El episodio reaviv\u00f3 un conflicto que lleva a\u00f1os generando versiones y especulaciones en el mundo del espect\u00e1culo, y que tuvo...\" \/>\n<meta property=\"og:url\" content=\"https:\/\/lobosnews.com.ar\/index.php\/2026\/03\/11\/la-tajante-postura-de-zaira-nara-luego-de-que-paula-chaves-expusiera-su-conversacion-privada-si-hablo-es-con-carino\/\" \/>\n<meta property=\"og:site_name\" content=\"Lobos News\" \/>\n<meta property=\"article:published_time\" content=\"2026-03-11T02:49:34+00:00\" \/>\n<meta property=\"article:modified_time\" content=\"2026-03-11T08:57:05+00:00\" \/>\n<meta property=\"og:image\" content=\"https:\/\/lobosnews.com.ar\/wp-content\/uploads\/2026\/03\/la-tajante-postura-de-zaira-nara-luego-de-que-paula-chaves-expusiera-su-conversacion-privada-si-hablo-es-con-carino.jpg\" \/>\n<meta name=\"author\" content=\"admin\" \/>\n<meta name=\"twitter:card\" content=\"summary_large_image\" \/>\n<meta name=\"twitter:label1\" content=\"Escrito por\" \/>\n\t<meta name=\"twitter:data1\" content=\"admin\" \/>\n\t<meta name=\"twitter:label2\" content=\"Tiempo de lectura\" \/>\n\t<meta name=\"twitter:data2\" content=\"4 minutos\" \/>\n<script type=\"application\/ld+json\" class=\"yoast-schema-graph\">{\"@context\":\"https:\/\/schema.org\",\"@graph\":[{\"@type\":\"Article\",\"@id\":\"https:\/\/lobosnews.com.ar\/index.php\/2026\/03\/11\/la-tajante-postura-de-zaira-nara-luego-de-que-paula-chaves-expusiera-su-conversacion-privada-si-hablo-es-con-carino\/#article\",\"isPartOf\":{\"@id\":\"https:\/\/lobosnews.com.ar\/index.php\/2026\/03\/11\/la-tajante-postura-de-zaira-nara-luego-de-que-paula-chaves-expusiera-su-conversacion-privada-si-hablo-es-con-carino\/\"},\"author\":{\"name\":\"admin\",\"@id\":\"https:\/\/lobosnews.com.ar\/#\/schema\/person\/232422a593d5c541dd9aef6aaed10943\"},\"headline\":\"La tajante postura de Zaira Nara luego de que Paula Chaves expusiera su conversaci\u00f3n privada: \u201cSi hablo es con cari\u00f1o\u201d\",\"datePublished\":\"2026-03-11T02:49:34+00:00\",\"dateModified\":\"2026-03-11T08:57:05+00:00\",\"mainEntityOfPage\":{\"@id\":\"https:\/\/lobosnews.com.ar\/index.php\/2026\/03\/11\/la-tajante-postura-de-zaira-nara-luego-de-que-paula-chaves-expusiera-su-conversacion-privada-si-hablo-es-con-carino\/\"},\"wordCount\":901,\"commentCount\":0,\"publisher\":{\"@id\":\"https:\/\/lobosnews.com.ar\/#organization\"},\"image\":{\"@id\":\"https:\/\/lobosnews.com.ar\/index.php\/2026\/03\/11\/la-tajante-postura-de-zaira-nara-luego-de-que-paula-chaves-expusiera-su-conversacion-privada-si-hablo-es-con-carino\/#primaryimage\"},\"thumbnailUrl\":\"https:\/\/lobosnews.com.ar\/wp-content\/uploads\/2026\/03\/la-tajante-postura-de-zaira-nara-luego-de-que-paula-chaves-expusiera-su-conversacion-privada-si-hablo-es-con-carino-2.jpg\",\"articleSection\":[\"Cine y Series\"],\"inLanguage\":\"es\",\"potentialAction\":[{\"@type\":\"CommentAction\",\"name\":\"Comment\",\"target\":[\"https:\/\/lobosnews.com.ar\/index.php\/2026\/03\/11\/la-tajante-postura-de-zaira-nara-luego-de-que-paula-chaves-expusiera-su-conversacion-privada-si-hablo-es-con-carino\/#respond\"]}]},{\"@type\":\"WebPage\",\"@id\":\"https:\/\/lobosnews.com.ar\/index.php\/2026\/03\/11\/la-tajante-postura-de-zaira-nara-luego-de-que-paula-chaves-expusiera-su-conversacion-privada-si-hablo-es-con-carino\/\",\"url\":\"https:\/\/lobosnews.com.ar\/index.php\/2026\/03\/11\/la-tajante-postura-de-zaira-nara-luego-de-que-paula-chaves-expusiera-su-conversacion-privada-si-hablo-es-con-carino\/\",\"name\":\"La tajante postura de Zaira Nara luego de que Paula Chaves expusiera su conversaci\u00f3n privada: \u201cSi hablo es con cari\u00f1o\u201d - Lobos News\",\"isPartOf\":{\"@id\":\"https:\/\/lobosnews.com.ar\/#website\"},\"primaryImageOfPage\":{\"@id\":\"https:\/\/lobosnews.com.ar\/index.php\/2026\/03\/11\/la-tajante-postura-de-zaira-nara-luego-de-que-paula-chaves-expusiera-su-conversacion-privada-si-hablo-es-con-carino\/#primaryimage\"},\"image\":{\"@id\":\"https:\/\/lobosnews.com.ar\/index.php\/2026\/03\/11\/la-tajante-postura-de-zaira-nara-luego-de-que-paula-chaves-expusiera-su-conversacion-privada-si-hablo-es-con-carino\/#primaryimage\"},\"thumbnailUrl\":\"https:\/\/lobosnews.com.ar\/wp-content\/uploads\/2026\/03\/la-tajante-postura-de-zaira-nara-luego-de-que-paula-chaves-expusiera-su-conversacion-privada-si-hablo-es-con-carino-2.jpg\",\"datePublished\":\"2026-03-11T02:49:34+00:00\",\"dateModified\":\"2026-03-11T08:57:05+00:00\",\"breadcrumb\":{\"@id\":\"https:\/\/lobosnews.com.ar\/index.php\/2026\/03\/11\/la-tajante-postura-de-zaira-nara-luego-de-que-paula-chaves-expusiera-su-conversacion-privada-si-hablo-es-con-carino\/#breadcrumb\"},\"inLanguage\":\"es\",\"potentialAction\":[{\"@type\":\"ReadAction\",\"target\":[\"https:\/\/lobosnews.com.ar\/index.php\/2026\/03\/11\/la-tajante-postura-de-zaira-nara-luego-de-que-paula-chaves-expusiera-su-conversacion-privada-si-hablo-es-con-carino\/\"]}]},{\"@type\":\"ImageObject\",\"inLanguage\":\"es\",\"@id\":\"https:\/\/lobosnews.com.ar\/index.php\/2026\/03\/11\/la-tajante-postura-de-zaira-nara-luego-de-que-paula-chaves-expusiera-su-conversacion-privada-si-hablo-es-con-carino\/#primaryimage\",\"url\":\"https:\/\/lobosnews.com.ar\/wp-content\/uploads\/2026\/03\/la-tajante-postura-de-zaira-nara-luego-de-que-paula-chaves-expusiera-su-conversacion-privada-si-hablo-es-con-carino-2.jpg\",\"contentUrl\":\"https:\/\/lobosnews.com.ar\/wp-content\/uploads\/2026\/03\/la-tajante-postura-de-zaira-nara-luego-de-que-paula-chaves-expusiera-su-conversacion-privada-si-hablo-es-con-carino-2.jpg\",\"width\":1920,\"height\":1080,\"caption\":\"La tajante postura de Zaira Nara luego de que Paula Chaves expusiera su conversaci\u00f3n privada: \u201cSi hablo es con cari\u00f1o\u201d\"},{\"@type\":\"BreadcrumbList\",\"@id\":\"https:\/\/lobosnews.com.ar\/index.php\/2026\/03\/11\/la-tajante-postura-de-zaira-nara-luego-de-que-paula-chaves-expusiera-su-conversacion-privada-si-hablo-es-con-carino\/#breadcrumb\",\"itemListElement\":[{\"@type\":\"ListItem\",\"position\":1,\"name\":\"Portada\",\"item\":\"https:\/\/lobosnews.com.ar\/\"},{\"@type\":\"ListItem\",\"position\":2,\"name\":\"La tajante postura de Zaira Nara luego de que Paula Chaves expusiera su conversaci\u00f3n privada: \u201cSi hablo es con cari\u00f1o\u201d\"}]},{\"@type\":\"WebSite\",\"@id\":\"https:\/\/lobosnews.com.ar\/#website\",\"url\":\"https:\/\/lobosnews.com.ar\/\",\"name\":\"Lobos News\",\"description\":\"Informaci\u00f3n a cada instante\",\"publisher\":{\"@id\":\"https:\/\/lobosnews.com.ar\/#organization\"},\"potentialAction\":[{\"@type\":\"SearchAction\",\"target\":{\"@type\":\"EntryPoint\",\"urlTemplate\":\"https:\/\/lobosnews.com.ar\/?s={search_term_string}\"},\"query-input\":{\"@type\":\"PropertyValueSpecification\",\"valueRequired\":true,\"valueName\":\"search_term_string\"}}],\"inLanguage\":\"es\"},{\"@type\":\"Organization\",\"@id\":\"https:\/\/lobosnews.com.ar\/#organization\",\"name\":\"Lobos News\",\"url\":\"https:\/\/lobosnews.com.ar\/\",\"logo\":{\"@type\":\"ImageObject\",\"inLanguage\":\"es\",\"@id\":\"https:\/\/lobosnews.com.ar\/#\/schema\/logo\/image\/\",\"url\":\"https:\/\/lobosnews.com.ar\/wp-content\/uploads\/2026\/01\/logo-lobosnews.png\",\"contentUrl\":\"https:\/\/lobosnews.com.ar\/wp-content\/uploads\/2026\/01\/logo-lobosnews.png\",\"width\":500,\"height\":200,\"caption\":\"Lobos News\"},\"image\":{\"@id\":\"https:\/\/lobosnews.com.ar\/#\/schema\/logo\/image\/\"}},{\"@type\":\"Person\",\"@id\":\"https:\/\/lobosnews.com.ar\/#\/schema\/person\/232422a593d5c541dd9aef6aaed10943\",\"name\":\"admin\",\"image\":{\"@type\":\"ImageObject\",\"inLanguage\":\"es\",\"@id\":\"https:\/\/lobosnews.com.ar\/#\/schema\/person\/image\/\",\"url\":\"https:\/\/secure.gravatar.com\/avatar\/76e419471a2083bc3ceab22a763dbbf9b0c1bd15a6214cf3280e2c2dde4580f9?s=96&d=mm&r=g\",\"contentUrl\":\"https:\/\/secure.gravatar.com\/avatar\/76e419471a2083bc3ceab22a763dbbf9b0c1bd15a6214cf3280e2c2dde4580f9?s=96&d=mm&r=g\",\"caption\":\"admin\"},\"sameAs\":[\"https:\/\/lobosnews.com.ar\"],\"url\":\"https:\/\/lobosnews.com.ar\/index.php\/author\/lobos-news\/\"}]}<\/script>\n<!-- \/ Yoast SEO plugin. -->","yoast_head_json":{"title":"La tajante postura de Zaira Nara luego de que Paula Chaves expusiera su conversaci\u00f3n privada: \u201cSi hablo es con cari\u00f1o\u201d - Lobos News","robots":{"index":"index","follow":"follow","max-snippet":"max-snippet:-1","max-image-preview":"max-image-preview:large","max-video-preview":"max-video-preview:-1"},"canonical":"https:\/\/lobosnews.com.ar\/index.php\/2026\/03\/11\/la-tajante-postura-de-zaira-nara-luego-de-que-paula-chaves-expusiera-su-conversacion-privada-si-hablo-es-con-carino\/","og_locale":"es_ES","og_type":"article","og_title":"La tajante postura de Zaira Nara luego de que Paula Chaves expusiera su conversaci\u00f3n privada: \u201cSi hablo es con cari\u00f1o\u201d - Lobos News","og_description":"La hist\u00f3rica amistad entre Zaira Nara y Paula Chaves volvi\u00f3 a quedar en el centro de la escena luego de que la conductora decidiera publicar capturas de una conversaci\u00f3n privada que mantuvo con la modelo. El episodio reaviv\u00f3 un conflicto que lleva a\u00f1os generando versiones y especulaciones en el mundo del espect\u00e1culo, y que tuvo...","og_url":"https:\/\/lobosnews.com.ar\/index.php\/2026\/03\/11\/la-tajante-postura-de-zaira-nara-luego-de-que-paula-chaves-expusiera-su-conversacion-privada-si-hablo-es-con-carino\/","og_site_name":"Lobos News","article_published_time":"2026-03-11T02:49:34+00:00","article_modified_time":"2026-03-11T08:57:05+00:00","og_image":[{"url":"https:\/\/lobosnews.com.ar\/wp-content\/uploads\/2026\/03\/la-tajante-postura-de-zaira-nara-luego-de-que-paula-chaves-expusiera-su-conversacion-privada-si-hablo-es-con-carino.jpg","type":"","width":"","height":""}],"author":"admin","twitter_card":"summary_large_image","twitter_misc":{"Escrito por":"admin","Tiempo de lectura":"4 minutos"},"schema":{"@context":"https:\/\/schema.org","@graph":[{"@type":"Article","@id":"https:\/\/lobosnews.com.ar\/index.php\/2026\/03\/11\/la-tajante-postura-de-zaira-nara-luego-de-que-paula-chaves-expusiera-su-conversacion-privada-si-hablo-es-con-carino\/#article","isPartOf":{"@id":"https:\/\/lobosnews.com.ar\/index.php\/2026\/03\/11\/la-tajante-postura-de-zaira-nara-luego-de-que-paula-chaves-expusiera-su-conversacion-privada-si-hablo-es-con-carino\/"},"author":{"name":"admin","@id":"https:\/\/lobosnews.com.ar\/#\/schema\/person\/232422a593d5c541dd9aef6aaed10943"},"headline":"La tajante postura de Zaira Nara luego de que Paula Chaves expusiera su conversaci\u00f3n privada: \u201cSi hablo es con cari\u00f1o\u201d","datePublished":"2026-03-11T02:49:34+00:00","dateModified":"2026-03-11T08:57:05+00:00","mainEntityOfPage":{"@id":"https:\/\/lobosnews.com.ar\/index.php\/2026\/03\/11\/la-tajante-postura-de-zaira-nara-luego-de-que-paula-chaves-expusiera-su-conversacion-privada-si-hablo-es-con-carino\/"},"wordCount":901,"commentCount":0,"publisher":{"@id":"https:\/\/lobosnews.com.ar\/#organization"},"image":{"@id":"https:\/\/lobosnews.com.ar\/index.php\/2026\/03\/11\/la-tajante-postura-de-zaira-nara-luego-de-que-paula-chaves-expusiera-su-conversacion-privada-si-hablo-es-con-carino\/#primaryimage"},"thumbnailUrl":"https:\/\/lobosnews.com.ar\/wp-content\/uploads\/2026\/03\/la-tajante-postura-de-zaira-nara-luego-de-que-paula-chaves-expusiera-su-conversacion-privada-si-hablo-es-con-carino-2.jpg","articleSection":["Cine y Series"],"inLanguage":"es","potentialAction":[{"@type":"CommentAction","name":"Comment","target":["https:\/\/lobosnews.com.ar\/index.php\/2026\/03\/11\/la-tajante-postura-de-zaira-nara-luego-de-que-paula-chaves-expusiera-su-conversacion-privada-si-hablo-es-con-carino\/#respond"]}]},{"@type":"WebPage","@id":"https:\/\/lobosnews.com.ar\/index.php\/2026\/03\/11\/la-tajante-postura-de-zaira-nara-luego-de-que-paula-chaves-expusiera-su-conversacion-privada-si-hablo-es-con-carino\/","url":"https:\/\/lobosnews.com.ar\/index.php\/2026\/03\/11\/la-tajante-postura-de-zaira-nara-luego-de-que-paula-chaves-expusiera-su-conversacion-privada-si-hablo-es-con-carino\/","name":"La tajante postura de Zaira Nara luego de que Paula Chaves expusiera su conversaci\u00f3n privada: \u201cSi hablo es con cari\u00f1o\u201d - Lobos News","isPartOf":{"@id":"https:\/\/lobosnews.com.ar\/#website"},"primaryImageOfPage":{"@id":"https:\/\/lobosnews.com.ar\/index.php\/2026\/03\/11\/la-tajante-postura-de-zaira-nara-luego-de-que-paula-chaves-expusiera-su-conversacion-privada-si-hablo-es-con-carino\/#primaryimage"},"image":{"@id":"https:\/\/lobosnews.com.ar\/index.php\/2026\/03\/11\/la-tajante-postura-de-zaira-nara-luego-de-que-paula-chaves-expusiera-su-conversacion-privada-si-hablo-es-con-carino\/#primaryimage"},"thumbnailUrl":"https:\/\/lobosnews.com.ar\/wp-content\/uploads\/2026\/03\/la-tajante-postura-de-zaira-nara-luego-de-que-paula-chaves-expusiera-su-conversacion-privada-si-hablo-es-con-carino-2.jpg","datePublished":"2026-03-11T02:49:34+00:00","dateModified":"2026-03-11T08:57:05+00:00","breadcrumb":{"@id":"https:\/\/lobosnews.com.ar\/index.php\/2026\/03\/11\/la-tajante-postura-de-zaira-nara-luego-de-que-paula-chaves-expusiera-su-conversacion-privada-si-hablo-es-con-carino\/#breadcrumb"},"inLanguage":"es","potentialAction":[{"@type":"ReadAction","target":["https:\/\/lobosnews.com.ar\/index.php\/2026\/03\/11\/la-tajante-postura-de-zaira-nara-luego-de-que-paula-chaves-expusiera-su-conversacion-privada-si-hablo-es-con-carino\/"]}]},{"@type":"ImageObject","inLanguage":"es","@id":"https:\/\/lobosnews.com.ar\/index.php\/2026\/03\/11\/la-tajante-postura-de-zaira-nara-luego-de-que-paula-chaves-expusiera-su-conversacion-privada-si-hablo-es-con-carino\/#primaryimage","url":"https:\/\/lobosnews.com.ar\/wp-content\/uploads\/2026\/03\/la-tajante-postura-de-zaira-nara-luego-de-que-paula-chaves-expusiera-su-conversacion-privada-si-hablo-es-con-carino-2.jpg","contentUrl":"https:\/\/lobosnews.com.ar\/wp-content\/uploads\/2026\/03\/la-tajante-postura-de-zaira-nara-luego-de-que-paula-chaves-expusiera-su-conversacion-privada-si-hablo-es-con-carino-2.jpg","width":1920,"height":1080,"caption":"La tajante postura de Zaira Nara luego de que Paula Chaves expusiera su conversaci\u00f3n privada: \u201cSi hablo es con cari\u00f1o\u201d"},{"@type":"BreadcrumbList","@id":"https:\/\/lobosnews.com.ar\/index.php\/2026\/03\/11\/la-tajante-postura-de-zaira-nara-luego-de-que-paula-chaves-expusiera-su-conversacion-privada-si-hablo-es-con-carino\/#breadcrumb","itemListElement":[{"@type":"ListItem","position":1,"name":"Portada","item":"https:\/\/lobosnews.com.ar\/"},{"@type":"ListItem","position":2,"name":"La tajante postura de Zaira Nara luego de que Paula Chaves expusiera su conversaci\u00f3n privada: \u201cSi hablo es con cari\u00f1o\u201d"}]},{"@type":"WebSite","@id":"https:\/\/lobosnews.com.ar\/#website","url":"https:\/\/lobosnews.com.ar\/","name":"Lobos News","description":"Informaci\u00f3n a cada instante","publisher":{"@id":"https:\/\/lobosnews.com.ar\/#organization"},"potentialAction":[{"@type":"SearchAction","target":{"@type":"EntryPoint","urlTemplate":"https:\/\/lobosnews.com.ar\/?s={search_term_string}"},"query-input":{"@type":"PropertyValueSpecification","valueRequired":true,"valueName":"search_term_string"}}],"inLanguage":"es"},{"@type":"Organization","@id":"https:\/\/lobosnews.com.ar\/#organization","name":"Lobos News","url":"https:\/\/lobosnews.com.ar\/","logo":{"@type":"ImageObject","inLanguage":"es","@id":"https:\/\/lobosnews.com.ar\/#\/schema\/logo\/image\/","url":"https:\/\/lobosnews.com.ar\/wp-content\/uploads\/2026\/01\/logo-lobosnews.png","contentUrl":"https:\/\/lobosnews.com.ar\/wp-content\/uploads\/2026\/01\/logo-lobosnews.png","width":500,"height":200,"caption":"Lobos News"},"image":{"@id":"https:\/\/lobosnews.com.ar\/#\/schema\/logo\/image\/"}},{"@type":"Person","@id":"https:\/\/lobosnews.com.ar\/#\/schema\/person\/232422a593d5c541dd9aef6aaed10943","name":"admin","image":{"@type":"ImageObject","inLanguage":"es","@id":"https:\/\/lobosnews.com.ar\/#\/schema\/person\/image\/","url":"https:\/\/secure.gravatar.com\/avatar\/76e419471a2083bc3ceab22a763dbbf9b0c1bd15a6214cf3280e2c2dde4580f9?s=96&d=mm&r=g","contentUrl":"https:\/\/secure.gravatar.com\/avatar\/76e419471a2083bc3ceab22a763dbbf9b0c1bd15a6214cf3280e2c2dde4580f9?s=96&d=mm&r=g","caption":"admin"},"sameAs":["https:\/\/lobosnews.com.ar"],"url":"https:\/\/lobosnews.com.ar\/index.php\/author\/lobos-news\/"}]}},"jetpack_featured_media_url":"https:\/\/lobosnews.com.ar\/wp-content\/uploads\/2026\/03\/la-tajante-postura-de-zaira-nara-luego-de-que-paula-chaves-expusiera-su-conversacion-privada-si-hablo-es-con-carino-2.jpg","jetpack_sharing_enabled":true,"_links":{"self":[{"href":"https:\/\/lobosnews.com.ar\/index.php\/wp-json\/wp\/v2\/posts\/31930","targetHints":{"allow":["GET"]}}],"collection":[{"href":"https:\/\/lobosnews.com.ar\/index.php\/wp-json\/wp\/v2\/posts"}],"about":[{"href":"https:\/\/lobosnews.com.ar\/index.php\/wp-json\/wp\/v2\/types\/post"}],"author":[{"embeddable":true,"href":"https:\/\/lobosnews.com.ar\/index.php\/wp-json\/wp\/v2\/users\/1"}],"replies":[{"embeddable":true,"href":"https:\/\/lobosnews.com.ar\/index.php\/wp-json\/wp\/v2\/comments?post=31930"}],"version-history":[{"count":1,"href":"https:\/\/lobosnews.com.ar\/index.php\/wp-json\/wp\/v2\/posts\/31930\/revisions"}],"predecessor-version":[{"id":31933,"href":"https:\/\/lobosnews.com.ar\/index.php\/wp-json\/wp\/v2\/posts\/31930\/revisions\/31933"}],"wp:featuredmedia":[{"embeddable":true,"href":"https:\/\/lobosnews.com.ar\/index.php\/wp-json\/wp\/v2\/media\/31934"}],"wp:attachment":[{"href":"https:\/\/lobosnews.com.ar\/index.php\/wp-json\/wp\/v2\/media?parent=31930"}],"wp:term":[{"taxonomy":"category","embeddable":true,"href":"https:\/\/lobosnews.com.ar\/index.php\/wp-json\/wp\/v2\/categories?post=31930"},{"taxonomy":"post_tag","embeddable":true,"href":"https:\/\/lobosnews.com.ar\/index.php\/wp-json\/wp\/v2\/tags?post=31930"}],"curies":[{"name":"wp","href":"https:\/\/api.w.org\/{rel}","templated":true}]}}