{"id":31925,"date":"2026-03-11T03:59:14","date_gmt":"2026-03-11T03:59:14","guid":{"rendered":"https:\/\/lobosnews.com.ar\/index.php\/2026\/03\/11\/quien-es-el-famoso-actor-internacional-que-se-unira-a-ca7riel-paco-amoroso-en-su-nueva-cancion\/"},"modified":"2026-03-11T08:57:01","modified_gmt":"2026-03-11T08:57:01","slug":"quien-es-el-famoso-actor-internacional-que-se-unira-a-ca7riel-paco-amoroso-en-su-nueva-cancion","status":"publish","type":"post","link":"https:\/\/lobosnews.com.ar\/index.php\/2026\/03\/11\/quien-es-el-famoso-actor-internacional-que-se-unira-a-ca7riel-paco-amoroso-en-su-nueva-cancion\/","title":{"rendered":"Qui\u00e9n es el famoso actor internacional que se unir\u00e1 a Ca7riel &amp; Paco Amoroso en su nueva canci\u00f3n"},"content":{"rendered":"<p>Tras su colaboraci\u00f3n con <b>Sting<\/b>, y con la cuenta regresiva del lanzamiento de su nuevo \u00e1lbum en marcha, <b>Ca7riel y Paco Amoroso<\/b> volvieron a causar furor luego de anunciar su pr\u00f3xima canci\u00f3n \u201cGoo Goo Ga Ga\u201d. Pero m\u00e1s all\u00e1 del estreno, los fans enloquecieron al conocer el nombre de la estrella internacional que los acompa\u00f1ar\u00e1: <b>Jack Black<\/b>.<\/p>\n<p>El d\u00fao argentino anunci\u00f3 su colaboraci\u00f3n musical con el actor y cantante para el lanzamiento del sencillo, cuyo estreno est\u00e1 previsto para el 12 de marzo. El anuncio se realiz\u00f3 mediante un video conceptual con est\u00e9tica de bienestar, ambientado en el universo ficticio \u201cFree Spirits Wellness Center\u201d.<\/p>\n<p>La colaboraci\u00f3n fue comunicada de manera oficial con la publicaci\u00f3n de un video en el que <b>Jack Black<\/b> aparece saliendo de una c\u00e1psula futurista y da la bienvenida a los m\u00fasicos argentinos. El material sit\u00faa el lanzamiento dentro de una narrativa art\u00edstica marcada por el misterio y la reinvenci\u00f3n creativa.<\/p>\n<p><img loading=\"lazy\" decoding=\"async\" src=\"https:\/\/lobosnews.com.ar\/wp-content\/uploads\/2026\/03\/quien-es-el-famoso-actor-internacional-que-se-unira-a-ca7riel-paco-amoroso-en-su-nueva-cancion.jpg\" alt=\"Ca7riel y Paco Amoroso lanzar\u00e1n una nueva canci\u00f3n con la participaci\u00f3n de Jack Black\" height=\"267\" width=\"474\"\/><\/p>\n<p>El anuncio de la colaboraci\u00f3n con el actor estadounidense responde a la b\u00fasqueda de una nueva identidad art\u00edstica por parte de <b>CA7RIEL &amp; Paco Amoroso<\/b>. El grupo present\u00f3 el proyecto en un escenario digital de bienestar, acentuando el mensaje de equilibrio y autocuidado, elementos que distinguen esta etapa de su carrera.<\/p>\n<p>De esta manera, Ca7riel y Paco contin\u00faan extendiendo su nueva propuesta art\u00edstica enfocada en la sanaci\u00f3n y el bienestar propio, dejando atr\u00e1s su vida ligada al exceso y la exposici\u00f3n. Tras el \u00e9xito de Papota, y su consagraci\u00f3n en los Latin Grammy, los cantantes se vieron en el desaf\u00edo de afrontar una crisis personal y profesional. As\u00ed, el d\u00fao adopt\u00f3 una est\u00e9tica centrada en la \u201cvida calma\u201d.<\/p>\n<p>El \u201cFree Spirits Wellness Center\u201d funciona como marco conceptual de este viraje. All\u00ed exploran la integraci\u00f3n de la m\u00fasica y el bienestar emocional, y trasladan su proceso de recuperaci\u00f3n a una narrativa visual y sonora que subraya valores como la autenticidad y el autocuidado.<\/p>\n<p>No es la primera vez que los cantantes manifiestan su fanatismo por Black. Semanas atr\u00e1s, durante una entrevista con Zach Sang Show, Ca7riel hab\u00eda manifestado: \u201cLa persona que m\u00e1s me gusta, y m\u00e1s faneo es Jack Black. Lo amo\u201d<\/p>\n<p><img loading=\"lazy\" decoding=\"async\" src=\"https:\/\/lobosnews.com.ar\/wp-content\/uploads\/2026\/03\/quien-es-el-famoso-actor-internacional-que-se-unira-a-ca7riel-paco-amoroso-en-su-nueva-cancion-1.jpg\" alt=\"La exigente rutina de Ca7riel y Paco Amoroso para lograr un bienestar \u00f3ptimo: yoga, meditaci\u00f3n y ba\u00f1os sensoriales\" height=\"1080\" width=\"1920\"\/><\/p>\n<p>El sencillo anterior, en el que participaron junto a <b>Sting<\/b>, represent\u00f3 el punto de inflexi\u00f3n hacia un enfoque centrado en la escucha consciente y el crecimiento personal. En esa canci\u00f3n, <b>Paco Amoroso<\/b> y <b>CA7RIEL<\/b> abordaron el tema de superar adversidades, mientras la figura de The Police aport\u00f3 versos sobre la resiliencia.<\/p>\n<p>A ra\u00edz de la crisis experimentada tras alcanzar el \u00e9xito con cinco Latin Grammy, el d\u00fao cancel\u00f3 un \u00e1lbum previo y comenz\u00f3 un proceso de sanaci\u00f3n en el \u201cFree Spirits Wellness Center\u201d. Con la gu\u00eda de <b>Sting<\/b>, ambos completaron un programa de doce pasos que se plasmar\u00e1 en el pr\u00f3ximo disco, \u201cFree Spirits\u201d, previsto para el 19 de marzo. Este \u00e1lbum incluir\u00e1 doce retos personales y el grupo no descarta la realizaci\u00f3n de una gira mundial vinculada a su lanzamiento.<\/p>\n<p>A mediados de febrero, los int\u00e9rpretes de \u201cDumbai\u201d sorprendieron a sus fans al compartir su exigente rutina de bienestar \u00f3ptimo. Entre los elementos m\u00e1s destacados se encontraron pr\u00e1cticas como la elongaci\u00f3n, la meditaci\u00f3n y sesiones en tanque de privaci\u00f3n sensorial. <b>CA7RIEL<\/b> realiz\u00f3 un masaje rob\u00f3tico de <b>20 minutos<\/b> con beneficios expresados como \u201caumento del drenaje linf\u00e1tico, reducci\u00f3n de la tensi\u00f3n muscular, bajada de niveles de cortisol y mayor circulaci\u00f3n en sangre\u201d. Por su parte, <b>Paco Amoroso<\/b> particip\u00f3 en una clase de entrenamiento f\u00edsico de <b>60 minutos<\/b> que incluy\u00f3 ejercicios de fuerza y abdominales.<\/p>\n<p>La meditaci\u00f3n diaria, realizada durante <b>15 minutos<\/b> al aire libre en un parque, estuvo destinada a mejorar la modulaci\u00f3n del cortisol y a reducir el ruido mental en un <b>25%<\/b>. Asimismo, ambos atravesaron una experiencia en tanque de privaci\u00f3n por <b>40 minutos<\/b>, encaminada a estimular la activaci\u00f3n parasimp\u00e1tica y la claridad mental.<\/p>\n<p>La rutina concluy\u00f3 con media hora de yoga al aire libre, meticulosamente orientada a facilitar la adaptaci\u00f3n tras los viajes, incrementar el rango de movimiento en un <b>15%<\/b> y optimizar la saturaci\u00f3n de ox\u00edgeno hasta el <b>99%<\/b>. El acompa\u00f1amiento de <b>Sting<\/b>, quien fue su colaborador y mentor en este tr\u00e1nsito al bienestar, ha sido una influencia relevante en la nueva perspectiva creativa del d\u00fao.<\/p>\n","protected":false},"excerpt":{"rendered":"<p>Tras su colaboraci\u00f3n con Sting, y con la cuenta regresiva del lanzamiento de su nuevo \u00e1lbum en marcha, Ca7riel y Paco Amoroso volvieron a causar furor luego de anunciar su pr\u00f3xima canci\u00f3n \u201cGoo Goo Ga Ga\u201d. Pero m\u00e1s all\u00e1 del estreno, los fans enloquecieron al conocer el nombre de la estrella internacional que los acompa\u00f1ar\u00e1:&#8230;<\/p>\n","protected":false},"author":1,"featured_media":31929,"comment_status":"open","ping_status":"closed","sticky":false,"template":"","format":"standard","meta":{"_jetpack_memberships_contains_paid_content":false,"footnotes":""},"categories":[79],"tags":[],"class_list":["post-31925","post","type-post","status-publish","format-standard","has-post-thumbnail","hentry","category-cine-y-series"],"magazineBlocksPostFeaturedMedia":{"thumbnail":"https:\/\/lobosnews.com.ar\/wp-content\/uploads\/2026\/03\/quien-es-el-famoso-actor-internacional-que-se-unira-a-ca7riel-paco-amoroso-en-su-nueva-cancion-2-150x150.jpg","medium":"https:\/\/lobosnews.com.ar\/wp-content\/uploads\/2026\/03\/quien-es-el-famoso-actor-internacional-que-se-unira-a-ca7riel-paco-amoroso-en-su-nueva-cancion-2-300x169.jpg","medium_large":"https:\/\/lobosnews.com.ar\/wp-content\/uploads\/2026\/03\/quien-es-el-famoso-actor-internacional-que-se-unira-a-ca7riel-paco-amoroso-en-su-nueva-cancion-2-768x432.jpg","large":"https:\/\/lobosnews.com.ar\/wp-content\/uploads\/2026\/03\/quien-es-el-famoso-actor-internacional-que-se-unira-a-ca7riel-paco-amoroso-en-su-nueva-cancion-2-1024x576.jpg","1536x1536":"https:\/\/lobosnews.com.ar\/wp-content\/uploads\/2026\/03\/quien-es-el-famoso-actor-internacional-que-se-unira-a-ca7riel-paco-amoroso-en-su-nueva-cancion-2-1536x864.jpg","2048x2048":"https:\/\/lobosnews.com.ar\/wp-content\/uploads\/2026\/03\/quien-es-el-famoso-actor-internacional-que-se-unira-a-ca7riel-paco-amoroso-en-su-nueva-cancion-2.jpg","newsmatic-featured":"https:\/\/lobosnews.com.ar\/wp-content\/uploads\/2026\/03\/quien-es-el-famoso-actor-internacional-que-se-unira-a-ca7riel-paco-amoroso-en-su-nueva-cancion-2-820x545.jpg","newsmatic-list":"https:\/\/lobosnews.com.ar\/wp-content\/uploads\/2026\/03\/quien-es-el-famoso-actor-internacional-que-se-unira-a-ca7riel-paco-amoroso-en-su-nueva-cancion-2-600x400.jpg","newsmatic-thumb":"https:\/\/lobosnews.com.ar\/wp-content\/uploads\/2026\/03\/quien-es-el-famoso-actor-internacional-que-se-unira-a-ca7riel-paco-amoroso-en-su-nueva-cancion-2-300x200.jpg","newsmatic-small":"https:\/\/lobosnews.com.ar\/wp-content\/uploads\/2026\/03\/quien-es-el-famoso-actor-internacional-que-se-unira-a-ca7riel-paco-amoroso-en-su-nueva-cancion-2-150x95.jpg","newsmatic-grid":"https:\/\/lobosnews.com.ar\/wp-content\/uploads\/2026\/03\/quien-es-el-famoso-actor-internacional-que-se-unira-a-ca7riel-paco-amoroso-en-su-nueva-cancion-2-400x250.jpg"},"magazineBlocksPostAuthor":{"name":"admin","avatar":"https:\/\/secure.gravatar.com\/avatar\/76e419471a2083bc3ceab22a763dbbf9b0c1bd15a6214cf3280e2c2dde4580f9?s=96&d=mm&r=g"},"magazineBlocksPostCommentsNumber":"0","magazineBlocksPostExcerpt":"Tras su colaboraci\u00f3n con Sting, y con la cuenta regresiva del lanzamiento de su nuevo \u00e1lbum en marcha, Ca7riel y Paco Amoroso volvieron a causar furor luego de anunciar su pr\u00f3xima canci\u00f3n \u201cGoo Goo Ga Ga\u201d. Pero m\u00e1s all\u00e1 del estreno, los fans enloquecieron al conocer el nombre de la estrella internacional que los acompa\u00f1ar\u00e1:...","magazineBlocksPostCategories":["Cine y Series"],"magazineBlocksPostViewCount":80,"magazineBlocksPostReadTime":4,"magazine_blocks_featured_image_url":{"full":["https:\/\/lobosnews.com.ar\/wp-content\/uploads\/2026\/03\/quien-es-el-famoso-actor-internacional-que-se-unira-a-ca7riel-paco-amoroso-en-su-nueva-cancion-2.jpg",1920,1080,false],"medium":["https:\/\/lobosnews.com.ar\/wp-content\/uploads\/2026\/03\/quien-es-el-famoso-actor-internacional-que-se-unira-a-ca7riel-paco-amoroso-en-su-nueva-cancion-2-300x169.jpg",300,169,true],"thumbnail":["https:\/\/lobosnews.com.ar\/wp-content\/uploads\/2026\/03\/quien-es-el-famoso-actor-internacional-que-se-unira-a-ca7riel-paco-amoroso-en-su-nueva-cancion-2-150x150.jpg",150,150,true]},"magazine_blocks_author":{"display_name":"admin","author_link":"https:\/\/lobosnews.com.ar\/index.php\/author\/lobos-news\/"},"magazine_blocks_comment":0,"magazine_blocks_author_image":"https:\/\/secure.gravatar.com\/avatar\/76e419471a2083bc3ceab22a763dbbf9b0c1bd15a6214cf3280e2c2dde4580f9?s=96&d=mm&r=g","magazine_blocks_category":"<a href=\"#\" class=\"category-link category-link-79\">Cine y Series<\/a>","yoast_head":"<!-- This site is optimized with the Yoast SEO plugin v26.6 - https:\/\/yoast.com\/wordpress\/plugins\/seo\/ -->\n<title>Qui\u00e9n es el famoso actor internacional que se unir\u00e1 a Ca7riel &amp; Paco Amoroso en su nueva canci\u00f3n - Lobos News<\/title>\n<meta name=\"robots\" content=\"index, follow, max-snippet:-1, max-image-preview:large, max-video-preview:-1\" \/>\n<link rel=\"canonical\" href=\"https:\/\/lobosnews.com.ar\/index.php\/2026\/03\/11\/quien-es-el-famoso-actor-internacional-que-se-unira-a-ca7riel-paco-amoroso-en-su-nueva-cancion\/\" \/>\n<meta property=\"og:locale\" content=\"es_ES\" \/>\n<meta property=\"og:type\" content=\"article\" \/>\n<meta property=\"og:title\" content=\"Qui\u00e9n es el famoso actor internacional que se unir\u00e1 a Ca7riel &amp; Paco Amoroso en su nueva canci\u00f3n - Lobos News\" \/>\n<meta property=\"og:description\" content=\"Tras su colaboraci\u00f3n con Sting, y con la cuenta regresiva del lanzamiento de su nuevo \u00e1lbum en marcha, Ca7riel y Paco Amoroso volvieron a causar furor luego de anunciar su pr\u00f3xima canci\u00f3n \u201cGoo Goo Ga Ga\u201d. Pero m\u00e1s all\u00e1 del estreno, los fans enloquecieron al conocer el nombre de la estrella internacional que los acompa\u00f1ar\u00e1:...\" \/>\n<meta property=\"og:url\" content=\"https:\/\/lobosnews.com.ar\/index.php\/2026\/03\/11\/quien-es-el-famoso-actor-internacional-que-se-unira-a-ca7riel-paco-amoroso-en-su-nueva-cancion\/\" \/>\n<meta property=\"og:site_name\" content=\"Lobos News\" \/>\n<meta property=\"article:published_time\" content=\"2026-03-11T03:59:14+00:00\" \/>\n<meta property=\"article:modified_time\" content=\"2026-03-11T08:57:01+00:00\" \/>\n<meta property=\"og:image\" content=\"https:\/\/lobosnews.com.ar\/wp-content\/uploads\/2026\/03\/quien-es-el-famoso-actor-internacional-que-se-unira-a-ca7riel-paco-amoroso-en-su-nueva-cancion.jpg\" \/>\n<meta name=\"author\" content=\"admin\" \/>\n<meta name=\"twitter:card\" content=\"summary_large_image\" \/>\n<meta name=\"twitter:label1\" content=\"Escrito por\" \/>\n\t<meta name=\"twitter:data1\" content=\"admin\" \/>\n\t<meta name=\"twitter:label2\" content=\"Tiempo de lectura\" \/>\n\t<meta name=\"twitter:data2\" content=\"4 minutos\" \/>\n<script type=\"application\/ld+json\" class=\"yoast-schema-graph\">{\"@context\":\"https:\/\/schema.org\",\"@graph\":[{\"@type\":\"Article\",\"@id\":\"https:\/\/lobosnews.com.ar\/index.php\/2026\/03\/11\/quien-es-el-famoso-actor-internacional-que-se-unira-a-ca7riel-paco-amoroso-en-su-nueva-cancion\/#article\",\"isPartOf\":{\"@id\":\"https:\/\/lobosnews.com.ar\/index.php\/2026\/03\/11\/quien-es-el-famoso-actor-internacional-que-se-unira-a-ca7riel-paco-amoroso-en-su-nueva-cancion\/\"},\"author\":{\"name\":\"admin\",\"@id\":\"https:\/\/lobosnews.com.ar\/#\/schema\/person\/232422a593d5c541dd9aef6aaed10943\"},\"headline\":\"Qui\u00e9n es el famoso actor internacional que se unir\u00e1 a Ca7riel &amp; Paco Amoroso en su nueva canci\u00f3n\",\"datePublished\":\"2026-03-11T03:59:14+00:00\",\"dateModified\":\"2026-03-11T08:57:01+00:00\",\"mainEntityOfPage\":{\"@id\":\"https:\/\/lobosnews.com.ar\/index.php\/2026\/03\/11\/quien-es-el-famoso-actor-internacional-que-se-unira-a-ca7riel-paco-amoroso-en-su-nueva-cancion\/\"},\"wordCount\":778,\"commentCount\":0,\"publisher\":{\"@id\":\"https:\/\/lobosnews.com.ar\/#organization\"},\"image\":{\"@id\":\"https:\/\/lobosnews.com.ar\/index.php\/2026\/03\/11\/quien-es-el-famoso-actor-internacional-que-se-unira-a-ca7riel-paco-amoroso-en-su-nueva-cancion\/#primaryimage\"},\"thumbnailUrl\":\"https:\/\/lobosnews.com.ar\/wp-content\/uploads\/2026\/03\/quien-es-el-famoso-actor-internacional-que-se-unira-a-ca7riel-paco-amoroso-en-su-nueva-cancion-2.jpg\",\"articleSection\":[\"Cine y Series\"],\"inLanguage\":\"es\",\"potentialAction\":[{\"@type\":\"CommentAction\",\"name\":\"Comment\",\"target\":[\"https:\/\/lobosnews.com.ar\/index.php\/2026\/03\/11\/quien-es-el-famoso-actor-internacional-que-se-unira-a-ca7riel-paco-amoroso-en-su-nueva-cancion\/#respond\"]}]},{\"@type\":\"WebPage\",\"@id\":\"https:\/\/lobosnews.com.ar\/index.php\/2026\/03\/11\/quien-es-el-famoso-actor-internacional-que-se-unira-a-ca7riel-paco-amoroso-en-su-nueva-cancion\/\",\"url\":\"https:\/\/lobosnews.com.ar\/index.php\/2026\/03\/11\/quien-es-el-famoso-actor-internacional-que-se-unira-a-ca7riel-paco-amoroso-en-su-nueva-cancion\/\",\"name\":\"Qui\u00e9n es el famoso actor internacional que se unir\u00e1 a Ca7riel &amp; Paco Amoroso en su nueva canci\u00f3n - Lobos News\",\"isPartOf\":{\"@id\":\"https:\/\/lobosnews.com.ar\/#website\"},\"primaryImageOfPage\":{\"@id\":\"https:\/\/lobosnews.com.ar\/index.php\/2026\/03\/11\/quien-es-el-famoso-actor-internacional-que-se-unira-a-ca7riel-paco-amoroso-en-su-nueva-cancion\/#primaryimage\"},\"image\":{\"@id\":\"https:\/\/lobosnews.com.ar\/index.php\/2026\/03\/11\/quien-es-el-famoso-actor-internacional-que-se-unira-a-ca7riel-paco-amoroso-en-su-nueva-cancion\/#primaryimage\"},\"thumbnailUrl\":\"https:\/\/lobosnews.com.ar\/wp-content\/uploads\/2026\/03\/quien-es-el-famoso-actor-internacional-que-se-unira-a-ca7riel-paco-amoroso-en-su-nueva-cancion-2.jpg\",\"datePublished\":\"2026-03-11T03:59:14+00:00\",\"dateModified\":\"2026-03-11T08:57:01+00:00\",\"breadcrumb\":{\"@id\":\"https:\/\/lobosnews.com.ar\/index.php\/2026\/03\/11\/quien-es-el-famoso-actor-internacional-que-se-unira-a-ca7riel-paco-amoroso-en-su-nueva-cancion\/#breadcrumb\"},\"inLanguage\":\"es\",\"potentialAction\":[{\"@type\":\"ReadAction\",\"target\":[\"https:\/\/lobosnews.com.ar\/index.php\/2026\/03\/11\/quien-es-el-famoso-actor-internacional-que-se-unira-a-ca7riel-paco-amoroso-en-su-nueva-cancion\/\"]}]},{\"@type\":\"ImageObject\",\"inLanguage\":\"es\",\"@id\":\"https:\/\/lobosnews.com.ar\/index.php\/2026\/03\/11\/quien-es-el-famoso-actor-internacional-que-se-unira-a-ca7riel-paco-amoroso-en-su-nueva-cancion\/#primaryimage\",\"url\":\"https:\/\/lobosnews.com.ar\/wp-content\/uploads\/2026\/03\/quien-es-el-famoso-actor-internacional-que-se-unira-a-ca7riel-paco-amoroso-en-su-nueva-cancion-2.jpg\",\"contentUrl\":\"https:\/\/lobosnews.com.ar\/wp-content\/uploads\/2026\/03\/quien-es-el-famoso-actor-internacional-que-se-unira-a-ca7riel-paco-amoroso-en-su-nueva-cancion-2.jpg\",\"width\":1920,\"height\":1080,\"caption\":\"Qui\u00e9n es el famoso actor internacional que se unir\u00e1 a Ca7riel & Paco Amoroso en su nueva canci\u00f3n\"},{\"@type\":\"BreadcrumbList\",\"@id\":\"https:\/\/lobosnews.com.ar\/index.php\/2026\/03\/11\/quien-es-el-famoso-actor-internacional-que-se-unira-a-ca7riel-paco-amoroso-en-su-nueva-cancion\/#breadcrumb\",\"itemListElement\":[{\"@type\":\"ListItem\",\"position\":1,\"name\":\"Portada\",\"item\":\"https:\/\/lobosnews.com.ar\/\"},{\"@type\":\"ListItem\",\"position\":2,\"name\":\"Qui\u00e9n es el famoso actor internacional que se unir\u00e1 a Ca7riel &amp; Paco Amoroso en su nueva canci\u00f3n\"}]},{\"@type\":\"WebSite\",\"@id\":\"https:\/\/lobosnews.com.ar\/#website\",\"url\":\"https:\/\/lobosnews.com.ar\/\",\"name\":\"Lobos News\",\"description\":\"Informaci\u00f3n a cada instante\",\"publisher\":{\"@id\":\"https:\/\/lobosnews.com.ar\/#organization\"},\"potentialAction\":[{\"@type\":\"SearchAction\",\"target\":{\"@type\":\"EntryPoint\",\"urlTemplate\":\"https:\/\/lobosnews.com.ar\/?s={search_term_string}\"},\"query-input\":{\"@type\":\"PropertyValueSpecification\",\"valueRequired\":true,\"valueName\":\"search_term_string\"}}],\"inLanguage\":\"es\"},{\"@type\":\"Organization\",\"@id\":\"https:\/\/lobosnews.com.ar\/#organization\",\"name\":\"Lobos News\",\"url\":\"https:\/\/lobosnews.com.ar\/\",\"logo\":{\"@type\":\"ImageObject\",\"inLanguage\":\"es\",\"@id\":\"https:\/\/lobosnews.com.ar\/#\/schema\/logo\/image\/\",\"url\":\"https:\/\/lobosnews.com.ar\/wp-content\/uploads\/2026\/01\/logo-lobosnews.png\",\"contentUrl\":\"https:\/\/lobosnews.com.ar\/wp-content\/uploads\/2026\/01\/logo-lobosnews.png\",\"width\":500,\"height\":200,\"caption\":\"Lobos News\"},\"image\":{\"@id\":\"https:\/\/lobosnews.com.ar\/#\/schema\/logo\/image\/\"}},{\"@type\":\"Person\",\"@id\":\"https:\/\/lobosnews.com.ar\/#\/schema\/person\/232422a593d5c541dd9aef6aaed10943\",\"name\":\"admin\",\"image\":{\"@type\":\"ImageObject\",\"inLanguage\":\"es\",\"@id\":\"https:\/\/lobosnews.com.ar\/#\/schema\/person\/image\/\",\"url\":\"https:\/\/secure.gravatar.com\/avatar\/76e419471a2083bc3ceab22a763dbbf9b0c1bd15a6214cf3280e2c2dde4580f9?s=96&d=mm&r=g\",\"contentUrl\":\"https:\/\/secure.gravatar.com\/avatar\/76e419471a2083bc3ceab22a763dbbf9b0c1bd15a6214cf3280e2c2dde4580f9?s=96&d=mm&r=g\",\"caption\":\"admin\"},\"sameAs\":[\"https:\/\/lobosnews.com.ar\"],\"url\":\"https:\/\/lobosnews.com.ar\/index.php\/author\/lobos-news\/\"}]}<\/script>\n<!-- \/ Yoast SEO plugin. -->","yoast_head_json":{"title":"Qui\u00e9n es el famoso actor internacional que se unir\u00e1 a Ca7riel &amp; Paco Amoroso en su nueva canci\u00f3n - Lobos News","robots":{"index":"index","follow":"follow","max-snippet":"max-snippet:-1","max-image-preview":"max-image-preview:large","max-video-preview":"max-video-preview:-1"},"canonical":"https:\/\/lobosnews.com.ar\/index.php\/2026\/03\/11\/quien-es-el-famoso-actor-internacional-que-se-unira-a-ca7riel-paco-amoroso-en-su-nueva-cancion\/","og_locale":"es_ES","og_type":"article","og_title":"Qui\u00e9n es el famoso actor internacional que se unir\u00e1 a Ca7riel &amp; Paco Amoroso en su nueva canci\u00f3n - Lobos News","og_description":"Tras su colaboraci\u00f3n con Sting, y con la cuenta regresiva del lanzamiento de su nuevo \u00e1lbum en marcha, Ca7riel y Paco Amoroso volvieron a causar furor luego de anunciar su pr\u00f3xima canci\u00f3n \u201cGoo Goo Ga Ga\u201d. Pero m\u00e1s all\u00e1 del estreno, los fans enloquecieron al conocer el nombre de la estrella internacional que los acompa\u00f1ar\u00e1:...","og_url":"https:\/\/lobosnews.com.ar\/index.php\/2026\/03\/11\/quien-es-el-famoso-actor-internacional-que-se-unira-a-ca7riel-paco-amoroso-en-su-nueva-cancion\/","og_site_name":"Lobos News","article_published_time":"2026-03-11T03:59:14+00:00","article_modified_time":"2026-03-11T08:57:01+00:00","og_image":[{"url":"https:\/\/lobosnews.com.ar\/wp-content\/uploads\/2026\/03\/quien-es-el-famoso-actor-internacional-que-se-unira-a-ca7riel-paco-amoroso-en-su-nueva-cancion.jpg","type":"","width":"","height":""}],"author":"admin","twitter_card":"summary_large_image","twitter_misc":{"Escrito por":"admin","Tiempo de lectura":"4 minutos"},"schema":{"@context":"https:\/\/schema.org","@graph":[{"@type":"Article","@id":"https:\/\/lobosnews.com.ar\/index.php\/2026\/03\/11\/quien-es-el-famoso-actor-internacional-que-se-unira-a-ca7riel-paco-amoroso-en-su-nueva-cancion\/#article","isPartOf":{"@id":"https:\/\/lobosnews.com.ar\/index.php\/2026\/03\/11\/quien-es-el-famoso-actor-internacional-que-se-unira-a-ca7riel-paco-amoroso-en-su-nueva-cancion\/"},"author":{"name":"admin","@id":"https:\/\/lobosnews.com.ar\/#\/schema\/person\/232422a593d5c541dd9aef6aaed10943"},"headline":"Qui\u00e9n es el famoso actor internacional que se unir\u00e1 a Ca7riel &amp; Paco Amoroso en su nueva canci\u00f3n","datePublished":"2026-03-11T03:59:14+00:00","dateModified":"2026-03-11T08:57:01+00:00","mainEntityOfPage":{"@id":"https:\/\/lobosnews.com.ar\/index.php\/2026\/03\/11\/quien-es-el-famoso-actor-internacional-que-se-unira-a-ca7riel-paco-amoroso-en-su-nueva-cancion\/"},"wordCount":778,"commentCount":0,"publisher":{"@id":"https:\/\/lobosnews.com.ar\/#organization"},"image":{"@id":"https:\/\/lobosnews.com.ar\/index.php\/2026\/03\/11\/quien-es-el-famoso-actor-internacional-que-se-unira-a-ca7riel-paco-amoroso-en-su-nueva-cancion\/#primaryimage"},"thumbnailUrl":"https:\/\/lobosnews.com.ar\/wp-content\/uploads\/2026\/03\/quien-es-el-famoso-actor-internacional-que-se-unira-a-ca7riel-paco-amoroso-en-su-nueva-cancion-2.jpg","articleSection":["Cine y Series"],"inLanguage":"es","potentialAction":[{"@type":"CommentAction","name":"Comment","target":["https:\/\/lobosnews.com.ar\/index.php\/2026\/03\/11\/quien-es-el-famoso-actor-internacional-que-se-unira-a-ca7riel-paco-amoroso-en-su-nueva-cancion\/#respond"]}]},{"@type":"WebPage","@id":"https:\/\/lobosnews.com.ar\/index.php\/2026\/03\/11\/quien-es-el-famoso-actor-internacional-que-se-unira-a-ca7riel-paco-amoroso-en-su-nueva-cancion\/","url":"https:\/\/lobosnews.com.ar\/index.php\/2026\/03\/11\/quien-es-el-famoso-actor-internacional-que-se-unira-a-ca7riel-paco-amoroso-en-su-nueva-cancion\/","name":"Qui\u00e9n es el famoso actor internacional que se unir\u00e1 a Ca7riel &amp; Paco Amoroso en su nueva canci\u00f3n - Lobos News","isPartOf":{"@id":"https:\/\/lobosnews.com.ar\/#website"},"primaryImageOfPage":{"@id":"https:\/\/lobosnews.com.ar\/index.php\/2026\/03\/11\/quien-es-el-famoso-actor-internacional-que-se-unira-a-ca7riel-paco-amoroso-en-su-nueva-cancion\/#primaryimage"},"image":{"@id":"https:\/\/lobosnews.com.ar\/index.php\/2026\/03\/11\/quien-es-el-famoso-actor-internacional-que-se-unira-a-ca7riel-paco-amoroso-en-su-nueva-cancion\/#primaryimage"},"thumbnailUrl":"https:\/\/lobosnews.com.ar\/wp-content\/uploads\/2026\/03\/quien-es-el-famoso-actor-internacional-que-se-unira-a-ca7riel-paco-amoroso-en-su-nueva-cancion-2.jpg","datePublished":"2026-03-11T03:59:14+00:00","dateModified":"2026-03-11T08:57:01+00:00","breadcrumb":{"@id":"https:\/\/lobosnews.com.ar\/index.php\/2026\/03\/11\/quien-es-el-famoso-actor-internacional-que-se-unira-a-ca7riel-paco-amoroso-en-su-nueva-cancion\/#breadcrumb"},"inLanguage":"es","potentialAction":[{"@type":"ReadAction","target":["https:\/\/lobosnews.com.ar\/index.php\/2026\/03\/11\/quien-es-el-famoso-actor-internacional-que-se-unira-a-ca7riel-paco-amoroso-en-su-nueva-cancion\/"]}]},{"@type":"ImageObject","inLanguage":"es","@id":"https:\/\/lobosnews.com.ar\/index.php\/2026\/03\/11\/quien-es-el-famoso-actor-internacional-que-se-unira-a-ca7riel-paco-amoroso-en-su-nueva-cancion\/#primaryimage","url":"https:\/\/lobosnews.com.ar\/wp-content\/uploads\/2026\/03\/quien-es-el-famoso-actor-internacional-que-se-unira-a-ca7riel-paco-amoroso-en-su-nueva-cancion-2.jpg","contentUrl":"https:\/\/lobosnews.com.ar\/wp-content\/uploads\/2026\/03\/quien-es-el-famoso-actor-internacional-que-se-unira-a-ca7riel-paco-amoroso-en-su-nueva-cancion-2.jpg","width":1920,"height":1080,"caption":"Qui\u00e9n es el famoso actor internacional que se unir\u00e1 a Ca7riel & Paco Amoroso en su nueva canci\u00f3n"},{"@type":"BreadcrumbList","@id":"https:\/\/lobosnews.com.ar\/index.php\/2026\/03\/11\/quien-es-el-famoso-actor-internacional-que-se-unira-a-ca7riel-paco-amoroso-en-su-nueva-cancion\/#breadcrumb","itemListElement":[{"@type":"ListItem","position":1,"name":"Portada","item":"https:\/\/lobosnews.com.ar\/"},{"@type":"ListItem","position":2,"name":"Qui\u00e9n es el famoso actor internacional que se unir\u00e1 a Ca7riel &amp; Paco Amoroso en su nueva canci\u00f3n"}]},{"@type":"WebSite","@id":"https:\/\/lobosnews.com.ar\/#website","url":"https:\/\/lobosnews.com.ar\/","name":"Lobos News","description":"Informaci\u00f3n a cada instante","publisher":{"@id":"https:\/\/lobosnews.com.ar\/#organization"},"potentialAction":[{"@type":"SearchAction","target":{"@type":"EntryPoint","urlTemplate":"https:\/\/lobosnews.com.ar\/?s={search_term_string}"},"query-input":{"@type":"PropertyValueSpecification","valueRequired":true,"valueName":"search_term_string"}}],"inLanguage":"es"},{"@type":"Organization","@id":"https:\/\/lobosnews.com.ar\/#organization","name":"Lobos News","url":"https:\/\/lobosnews.com.ar\/","logo":{"@type":"ImageObject","inLanguage":"es","@id":"https:\/\/lobosnews.com.ar\/#\/schema\/logo\/image\/","url":"https:\/\/lobosnews.com.ar\/wp-content\/uploads\/2026\/01\/logo-lobosnews.png","contentUrl":"https:\/\/lobosnews.com.ar\/wp-content\/uploads\/2026\/01\/logo-lobosnews.png","width":500,"height":200,"caption":"Lobos News"},"image":{"@id":"https:\/\/lobosnews.com.ar\/#\/schema\/logo\/image\/"}},{"@type":"Person","@id":"https:\/\/lobosnews.com.ar\/#\/schema\/person\/232422a593d5c541dd9aef6aaed10943","name":"admin","image":{"@type":"ImageObject","inLanguage":"es","@id":"https:\/\/lobosnews.com.ar\/#\/schema\/person\/image\/","url":"https:\/\/secure.gravatar.com\/avatar\/76e419471a2083bc3ceab22a763dbbf9b0c1bd15a6214cf3280e2c2dde4580f9?s=96&d=mm&r=g","contentUrl":"https:\/\/secure.gravatar.com\/avatar\/76e419471a2083bc3ceab22a763dbbf9b0c1bd15a6214cf3280e2c2dde4580f9?s=96&d=mm&r=g","caption":"admin"},"sameAs":["https:\/\/lobosnews.com.ar"],"url":"https:\/\/lobosnews.com.ar\/index.php\/author\/lobos-news\/"}]}},"jetpack_featured_media_url":"https:\/\/lobosnews.com.ar\/wp-content\/uploads\/2026\/03\/quien-es-el-famoso-actor-internacional-que-se-unira-a-ca7riel-paco-amoroso-en-su-nueva-cancion-2.jpg","jetpack_sharing_enabled":true,"_links":{"self":[{"href":"https:\/\/lobosnews.com.ar\/index.php\/wp-json\/wp\/v2\/posts\/31925","targetHints":{"allow":["GET"]}}],"collection":[{"href":"https:\/\/lobosnews.com.ar\/index.php\/wp-json\/wp\/v2\/posts"}],"about":[{"href":"https:\/\/lobosnews.com.ar\/index.php\/wp-json\/wp\/v2\/types\/post"}],"author":[{"embeddable":true,"href":"https:\/\/lobosnews.com.ar\/index.php\/wp-json\/wp\/v2\/users\/1"}],"replies":[{"embeddable":true,"href":"https:\/\/lobosnews.com.ar\/index.php\/wp-json\/wp\/v2\/comments?post=31925"}],"version-history":[{"count":1,"href":"https:\/\/lobosnews.com.ar\/index.php\/wp-json\/wp\/v2\/posts\/31925\/revisions"}],"predecessor-version":[{"id":31928,"href":"https:\/\/lobosnews.com.ar\/index.php\/wp-json\/wp\/v2\/posts\/31925\/revisions\/31928"}],"wp:featuredmedia":[{"embeddable":true,"href":"https:\/\/lobosnews.com.ar\/index.php\/wp-json\/wp\/v2\/media\/31929"}],"wp:attachment":[{"href":"https:\/\/lobosnews.com.ar\/index.php\/wp-json\/wp\/v2\/media?parent=31925"}],"wp:term":[{"taxonomy":"category","embeddable":true,"href":"https:\/\/lobosnews.com.ar\/index.php\/wp-json\/wp\/v2\/categories?post=31925"},{"taxonomy":"post_tag","embeddable":true,"href":"https:\/\/lobosnews.com.ar\/index.php\/wp-json\/wp\/v2\/tags?post=31925"}],"curies":[{"name":"wp","href":"https:\/\/api.w.org\/{rel}","templated":true}]}}