{"id":31920,"date":"2026-03-11T04:20:05","date_gmt":"2026-03-11T04:20:05","guid":{"rendered":"https:\/\/lobosnews.com.ar\/index.php\/2026\/03\/11\/viggo-mortensen-recordo-su-infancia-en-argentina-y-conto-por-que-su-familia-se-instalo-en-el-pais-yo-era-un-bebe\/"},"modified":"2026-03-11T08:56:55","modified_gmt":"2026-03-11T08:56:55","slug":"viggo-mortensen-recordo-su-infancia-en-argentina-y-conto-por-que-su-familia-se-instalo-en-el-pais-yo-era-un-bebe","status":"publish","type":"post","link":"https:\/\/lobosnews.com.ar\/index.php\/2026\/03\/11\/viggo-mortensen-recordo-su-infancia-en-argentina-y-conto-por-que-su-familia-se-instalo-en-el-pais-yo-era-un-bebe\/","title":{"rendered":"Viggo Mortensen record\u00f3 su infancia en Argentina y cont\u00f3 por qu\u00e9 su familia se instal\u00f3 en el pa\u00eds: \u201cYo era un beb\u00e9\u201d"},"content":{"rendered":"<p><span class=\"waslinkname\"><b>Viggo Mortensen<\/b><\/span>, reconocido internacionalmente por su carrera como actor, guionista y director, tiene un v\u00ednculo profundo y entra\u00f1able con Argentina, pa\u00eds que considera parte fundamental de su identidad. Invitado al podcast mexicano <i>Los Hijos de su Pancho Villa<\/i>, Mortensen repas\u00f3 c\u00f3mo fue que lleg\u00f3 a la Argentina en su infancia y c\u00f3mo esa experiencia marc\u00f3 su vida para siempre. <\/p>\n<p>Aunque naci\u00f3 en Nueva York, el artista se cri\u00f3 en suelo argentino, donde aprendi\u00f3 espa\u00f1ol, adopt\u00f3 costumbres locales, forj\u00f3 amistades y desarroll\u00f3 su pasi\u00f3n por el f\u00fatbol y la literatura nacional. A lo largo de los a\u00f1os, siempre reivindic\u00f3 p\u00fablicamente su \u201cargentinidad\u201d, defendiendo la cultura, la historia y el car\u00e1cter del pa\u00eds en cada oportunidad, y manteniendo vivo el lazo afectivo a trav\u00e9s de visitas, proyectos y gestos de orgullo.<\/p>\n<p>Durante la charla, Mortensen record\u00f3: \u201c<b>Mi pap\u00e1, que era dan\u00e9s, de Dinamarca, creci\u00f3 en el campo y se cas\u00f3 con mi madre, que era norteamericana. Estaba viviendo y trabajando en Nueva York y una compa\u00f1\u00eda que ten\u00eda algunas granjas, unas estancias en Argentina \u2014o ranchos, como dicen ustedes\u2014 le dio trabajo a \u00e9l, como ten\u00eda experiencia en la agricultura, y se fue ah\u00ed. Yo era un beb\u00e9<\/b>\u201d. Antes de instalarse en Argentina, la familia vivi\u00f3 un a\u00f1o en Venezuela: \u201cFue en mi infancia, que primero fuimos a Venezuela un a\u00f1o y despu\u00e9s a Argentina, y me qued\u00e9 ah\u00ed hasta los once a\u00f1os\u201d.<\/p>\n<p><img loading=\"lazy\" decoding=\"async\" src=\"https:\/\/lobosnews.com.ar\/wp-content\/uploads\/2026\/03\/viggo-mortensen-recordo-su-infancia-en-argentina-y-conto-por-que-su-familia-se-instalo-en-el-pais-yo-era-un-bebe.jpg\" alt=\"Del pa\u00eds no solo se llev\u00f3 el acento porte\u00f1o, sino tambi\u00e9n la pasi\u00f3n con San Lorenzo \" height=\"625\" width=\"450\"\/><\/p>\n<p>La reacci\u00f3n de los argentinos en redes sociales no se hizo esperar y estuvo cargada de cari\u00f1o y orgullo: \u201cEs m\u00e1s argentino que el dulce de leche nuestro querido Viggo\u201d; \u201cTodav\u00eda conserva el acento argento! Qu\u00e9 tipo humilde\u2026 Gracias Viggo\u201d; \u201cMe encanta su acento bien argentino\u201d; fueron algunos de los comentarios que circularon y reflejaron la conexi\u00f3n que el actor mantiene con el pa\u00eds. En cada entrevista o aparici\u00f3n, Mortensen demuestra que, m\u00e1s all\u00e1 de su carrera internacional, nunca perdi\u00f3 el v\u00ednculo ni el tono local que lo hace tan cercano y aut\u00e9ntico a los ojos del p\u00fablico argentino.<\/p>\n<p>La parte final de la charla en Los Hijos de su Pancho Villa incluy\u00f3 historias y humor. Mortensen record\u00f3 su pasi\u00f3n por el club San Lorenzo durante su infancia en Argentina: \u201cMe hice hincha en los a\u00f1os 60, en una \u00e9poca dif\u00edcil para el equipo, sin muchos recursos. Me impresion\u00f3 c\u00f3mo luchaban a pesar de las condiciones\u201d. Admir\u00f3 a la Selecci\u00f3n Argentina y a Messi: \u201cEs \u00fanico, su forma de jugar y de pensar est\u00e1 por encima de todo\u201d.<\/p>\n<p>Adem\u00e1s de repasar su llegada a la Argentina y su infancia, <b>Viggo Mortensen<\/b> subray\u00f3 c\u00f3mo la pasi\u00f3n por el cine de su madre forj\u00f3 su modo de ver el mundo: \u201cMi madre me llevaba al cine desde los tres a\u00f1os, y hasta el final de su vida \u00edbamos juntos. Habl\u00e1bamos de pel\u00edculas, de los guiones, de actores, de direcci\u00f3n\u2026 Ella podr\u00eda haber sido directora o guionista\u201d.<\/p>\n<p><img loading=\"lazy\" decoding=\"async\" src=\"https:\/\/lobosnews.com.ar\/wp-content\/uploads\/2026\/03\/viggo-mortensen-recordo-su-infancia-en-argentina-y-conto-por-que-su-familia-se-instalo-en-el-pais-yo-era-un-bebe-1.jpg\" alt=\"El actor tambi\u00e9n habl\u00f3 de su pasi\u00f3n por el f\u00fatbol (Shutterstock)\" height=\"4000\" width=\"6000\"\/><\/p>\n<p>Aunque nunca pens\u00f3 que el cine ser\u00eda su destino, al llegar a Nueva York siendo joven, la curiosidad lo llev\u00f3 al teatro: \u201cMe interes\u00f3 mucho c\u00f3mo se constru\u00edan las pel\u00edculas. Uno piensa que los actores hacen todo, pero hay un proceso colectivo detr\u00e1s\u201d.<\/p>\n<p>Mortensen relat\u00f3 los tropiezos de su camino al reconocimiento: \u201cTard\u00e9 15 a\u00f1os en poder vivir m\u00e1s o menos de ello. Ten\u00eda que hacer otros trabajos: camarero, mudanzas de muebles, vend\u00eda helados en la calle, camionero\u201d. Confes\u00f3 el agotamiento de una carrera incierta: \u201cA veces llegaba cerca de conseguir un papel, pero no. Aprendes haciendo pruebas, alg\u00fan papel peque\u00f1o, incluso teatro gratis. Hay que ser terco en el fondo\u201d. Y sum\u00f3 una advertencia sobre el azar y la preparaci\u00f3n: \u201cHay que tener mucha suerte, pero hay que prepararse asiduamente para un golpe de suerte, si te llega\u201d.<\/p>\n<p>Sobre el \u00e9xito y el fracaso, fue claro: \u201cNo separo ni las pel\u00edculas ni los papeles\u2026 he aprendido tanto de los fracasos como de las pel\u00edculas exitosas\u201d. Resalt\u00f3 que el cine es ante todo un \u201ctrabajo colectivo\u201d donde la suma de esfuerzos determina el resultado: \u201cSi fallan dos o tres partes del trabajo colectivo, aunque todos funcionemos, las cosas no salen igual. Una pel\u00edcula es un conjunto, no el m\u00e9rito individual de nadie\u201d. Y apunt\u00f3: \u201cHay pel\u00edculas que no se han visto o que no salieron bien, pero he aprendido igual o m\u00e1s que en las famosas\u201d.<\/p>\n","protected":false},"excerpt":{"rendered":"<p>Viggo Mortensen, reconocido internacionalmente por su carrera como actor, guionista y director, tiene un v\u00ednculo profundo y entra\u00f1able con Argentina, pa\u00eds que considera parte fundamental de su identidad. Invitado al podcast mexicano Los Hijos de su Pancho Villa, Mortensen repas\u00f3 c\u00f3mo fue que lleg\u00f3 a la Argentina en su infancia y c\u00f3mo esa experiencia marc\u00f3&#8230;<\/p>\n","protected":false},"author":1,"featured_media":31924,"comment_status":"open","ping_status":"closed","sticky":false,"template":"","format":"standard","meta":{"_jetpack_memberships_contains_paid_content":false,"footnotes":""},"categories":[79],"tags":[],"class_list":["post-31920","post","type-post","status-publish","format-standard","has-post-thumbnail","hentry","category-cine-y-series"],"magazineBlocksPostFeaturedMedia":{"thumbnail":"https:\/\/lobosnews.com.ar\/wp-content\/uploads\/2026\/03\/viggo-mortensen-recordo-su-infancia-en-argentina-y-conto-por-que-su-familia-se-instalo-en-el-pais-yo-era-un-bebe-2-150x150.jpg","medium":"https:\/\/lobosnews.com.ar\/wp-content\/uploads\/2026\/03\/viggo-mortensen-recordo-su-infancia-en-argentina-y-conto-por-que-su-familia-se-instalo-en-el-pais-yo-era-un-bebe-2-300x200.jpg","medium_large":"https:\/\/lobosnews.com.ar\/wp-content\/uploads\/2026\/03\/viggo-mortensen-recordo-su-infancia-en-argentina-y-conto-por-que-su-familia-se-instalo-en-el-pais-yo-era-un-bebe-2-768x512.jpg","large":"https:\/\/lobosnews.com.ar\/wp-content\/uploads\/2026\/03\/viggo-mortensen-recordo-su-infancia-en-argentina-y-conto-por-que-su-familia-se-instalo-en-el-pais-yo-era-un-bebe-2-1024x683.jpg","1536x1536":"https:\/\/lobosnews.com.ar\/wp-content\/uploads\/2026\/03\/viggo-mortensen-recordo-su-infancia-en-argentina-y-conto-por-que-su-familia-se-instalo-en-el-pais-yo-era-un-bebe-2-1536x1024.jpg","2048x2048":"https:\/\/lobosnews.com.ar\/wp-content\/uploads\/2026\/03\/viggo-mortensen-recordo-su-infancia-en-argentina-y-conto-por-que-su-familia-se-instalo-en-el-pais-yo-era-un-bebe-2-2048x1365.jpg","newsmatic-featured":"https:\/\/lobosnews.com.ar\/wp-content\/uploads\/2026\/03\/viggo-mortensen-recordo-su-infancia-en-argentina-y-conto-por-que-su-familia-se-instalo-en-el-pais-yo-era-un-bebe-2-820x545.jpg","newsmatic-list":"https:\/\/lobosnews.com.ar\/wp-content\/uploads\/2026\/03\/viggo-mortensen-recordo-su-infancia-en-argentina-y-conto-por-que-su-familia-se-instalo-en-el-pais-yo-era-un-bebe-2-600x400.jpg","newsmatic-thumb":"https:\/\/lobosnews.com.ar\/wp-content\/uploads\/2026\/03\/viggo-mortensen-recordo-su-infancia-en-argentina-y-conto-por-que-su-familia-se-instalo-en-el-pais-yo-era-un-bebe-2-300x200.jpg","newsmatic-small":"https:\/\/lobosnews.com.ar\/wp-content\/uploads\/2026\/03\/viggo-mortensen-recordo-su-infancia-en-argentina-y-conto-por-que-su-familia-se-instalo-en-el-pais-yo-era-un-bebe-2-150x95.jpg","newsmatic-grid":"https:\/\/lobosnews.com.ar\/wp-content\/uploads\/2026\/03\/viggo-mortensen-recordo-su-infancia-en-argentina-y-conto-por-que-su-familia-se-instalo-en-el-pais-yo-era-un-bebe-2-400x250.jpg"},"magazineBlocksPostAuthor":{"name":"admin","avatar":"https:\/\/secure.gravatar.com\/avatar\/76e419471a2083bc3ceab22a763dbbf9b0c1bd15a6214cf3280e2c2dde4580f9?s=96&d=mm&r=g"},"magazineBlocksPostCommentsNumber":"0","magazineBlocksPostExcerpt":"Viggo Mortensen, reconocido internacionalmente por su carrera como actor, guionista y director, tiene un v\u00ednculo profundo y entra\u00f1able con Argentina, pa\u00eds que considera parte fundamental de su identidad. Invitado al podcast mexicano Los Hijos de su Pancho Villa, Mortensen repas\u00f3 c\u00f3mo fue que lleg\u00f3 a la Argentina en su infancia y c\u00f3mo esa experiencia marc\u00f3...","magazineBlocksPostCategories":["Cine y Series"],"magazineBlocksPostViewCount":104,"magazineBlocksPostReadTime":4,"magazine_blocks_featured_image_url":{"full":["https:\/\/lobosnews.com.ar\/wp-content\/uploads\/2026\/03\/viggo-mortensen-recordo-su-infancia-en-argentina-y-conto-por-que-su-familia-se-instalo-en-el-pais-yo-era-un-bebe-2-scaled.jpg",2560,1706,false],"medium":["https:\/\/lobosnews.com.ar\/wp-content\/uploads\/2026\/03\/viggo-mortensen-recordo-su-infancia-en-argentina-y-conto-por-que-su-familia-se-instalo-en-el-pais-yo-era-un-bebe-2-300x200.jpg",300,200,true],"thumbnail":["https:\/\/lobosnews.com.ar\/wp-content\/uploads\/2026\/03\/viggo-mortensen-recordo-su-infancia-en-argentina-y-conto-por-que-su-familia-se-instalo-en-el-pais-yo-era-un-bebe-2-150x150.jpg",150,150,true]},"magazine_blocks_author":{"display_name":"admin","author_link":"https:\/\/lobosnews.com.ar\/index.php\/author\/lobos-news\/"},"magazine_blocks_comment":0,"magazine_blocks_author_image":"https:\/\/secure.gravatar.com\/avatar\/76e419471a2083bc3ceab22a763dbbf9b0c1bd15a6214cf3280e2c2dde4580f9?s=96&d=mm&r=g","magazine_blocks_category":"<a href=\"#\" class=\"category-link category-link-79\">Cine y Series<\/a>","yoast_head":"<!-- This site is optimized with the Yoast SEO plugin v26.6 - https:\/\/yoast.com\/wordpress\/plugins\/seo\/ -->\n<title>Viggo Mortensen record\u00f3 su infancia en Argentina y cont\u00f3 por qu\u00e9 su familia se instal\u00f3 en el pa\u00eds: \u201cYo era un beb\u00e9\u201d - Lobos News<\/title>\n<meta name=\"robots\" content=\"index, follow, max-snippet:-1, max-image-preview:large, max-video-preview:-1\" \/>\n<link rel=\"canonical\" href=\"https:\/\/lobosnews.com.ar\/index.php\/2026\/03\/11\/viggo-mortensen-recordo-su-infancia-en-argentina-y-conto-por-que-su-familia-se-instalo-en-el-pais-yo-era-un-bebe\/\" \/>\n<meta property=\"og:locale\" content=\"es_ES\" \/>\n<meta property=\"og:type\" content=\"article\" \/>\n<meta property=\"og:title\" content=\"Viggo Mortensen record\u00f3 su infancia en Argentina y cont\u00f3 por qu\u00e9 su familia se instal\u00f3 en el pa\u00eds: \u201cYo era un beb\u00e9\u201d - Lobos News\" \/>\n<meta property=\"og:description\" content=\"Viggo Mortensen, reconocido internacionalmente por su carrera como actor, guionista y director, tiene un v\u00ednculo profundo y entra\u00f1able con Argentina, pa\u00eds que considera parte fundamental de su identidad. Invitado al podcast mexicano Los Hijos de su Pancho Villa, Mortensen repas\u00f3 c\u00f3mo fue que lleg\u00f3 a la Argentina en su infancia y c\u00f3mo esa experiencia marc\u00f3...\" \/>\n<meta property=\"og:url\" content=\"https:\/\/lobosnews.com.ar\/index.php\/2026\/03\/11\/viggo-mortensen-recordo-su-infancia-en-argentina-y-conto-por-que-su-familia-se-instalo-en-el-pais-yo-era-un-bebe\/\" \/>\n<meta property=\"og:site_name\" content=\"Lobos News\" \/>\n<meta property=\"article:published_time\" content=\"2026-03-11T04:20:05+00:00\" \/>\n<meta property=\"article:modified_time\" content=\"2026-03-11T08:56:55+00:00\" \/>\n<meta property=\"og:image\" content=\"https:\/\/lobosnews.com.ar\/wp-content\/uploads\/2026\/03\/viggo-mortensen-recordo-su-infancia-en-argentina-y-conto-por-que-su-familia-se-instalo-en-el-pais-yo-era-un-bebe.jpg\" \/>\n<meta name=\"author\" content=\"admin\" \/>\n<meta name=\"twitter:card\" content=\"summary_large_image\" \/>\n<meta name=\"twitter:label1\" content=\"Escrito por\" \/>\n\t<meta name=\"twitter:data1\" content=\"admin\" \/>\n\t<meta name=\"twitter:label2\" content=\"Tiempo de lectura\" \/>\n\t<meta name=\"twitter:data2\" content=\"4 minutos\" \/>\n<script type=\"application\/ld+json\" class=\"yoast-schema-graph\">{\"@context\":\"https:\/\/schema.org\",\"@graph\":[{\"@type\":\"Article\",\"@id\":\"https:\/\/lobosnews.com.ar\/index.php\/2026\/03\/11\/viggo-mortensen-recordo-su-infancia-en-argentina-y-conto-por-que-su-familia-se-instalo-en-el-pais-yo-era-un-bebe\/#article\",\"isPartOf\":{\"@id\":\"https:\/\/lobosnews.com.ar\/index.php\/2026\/03\/11\/viggo-mortensen-recordo-su-infancia-en-argentina-y-conto-por-que-su-familia-se-instalo-en-el-pais-yo-era-un-bebe\/\"},\"author\":{\"name\":\"admin\",\"@id\":\"https:\/\/lobosnews.com.ar\/#\/schema\/person\/232422a593d5c541dd9aef6aaed10943\"},\"headline\":\"Viggo Mortensen record\u00f3 su infancia en Argentina y cont\u00f3 por qu\u00e9 su familia se instal\u00f3 en el pa\u00eds: \u201cYo era un beb\u00e9\u201d\",\"datePublished\":\"2026-03-11T04:20:05+00:00\",\"dateModified\":\"2026-03-11T08:56:55+00:00\",\"mainEntityOfPage\":{\"@id\":\"https:\/\/lobosnews.com.ar\/index.php\/2026\/03\/11\/viggo-mortensen-recordo-su-infancia-en-argentina-y-conto-por-que-su-familia-se-instalo-en-el-pais-yo-era-un-bebe\/\"},\"wordCount\":795,\"commentCount\":0,\"publisher\":{\"@id\":\"https:\/\/lobosnews.com.ar\/#organization\"},\"image\":{\"@id\":\"https:\/\/lobosnews.com.ar\/index.php\/2026\/03\/11\/viggo-mortensen-recordo-su-infancia-en-argentina-y-conto-por-que-su-familia-se-instalo-en-el-pais-yo-era-un-bebe\/#primaryimage\"},\"thumbnailUrl\":\"https:\/\/lobosnews.com.ar\/wp-content\/uploads\/2026\/03\/viggo-mortensen-recordo-su-infancia-en-argentina-y-conto-por-que-su-familia-se-instalo-en-el-pais-yo-era-un-bebe-2-scaled.jpg\",\"articleSection\":[\"Cine y Series\"],\"inLanguage\":\"es\",\"potentialAction\":[{\"@type\":\"CommentAction\",\"name\":\"Comment\",\"target\":[\"https:\/\/lobosnews.com.ar\/index.php\/2026\/03\/11\/viggo-mortensen-recordo-su-infancia-en-argentina-y-conto-por-que-su-familia-se-instalo-en-el-pais-yo-era-un-bebe\/#respond\"]}]},{\"@type\":\"WebPage\",\"@id\":\"https:\/\/lobosnews.com.ar\/index.php\/2026\/03\/11\/viggo-mortensen-recordo-su-infancia-en-argentina-y-conto-por-que-su-familia-se-instalo-en-el-pais-yo-era-un-bebe\/\",\"url\":\"https:\/\/lobosnews.com.ar\/index.php\/2026\/03\/11\/viggo-mortensen-recordo-su-infancia-en-argentina-y-conto-por-que-su-familia-se-instalo-en-el-pais-yo-era-un-bebe\/\",\"name\":\"Viggo Mortensen record\u00f3 su infancia en Argentina y cont\u00f3 por qu\u00e9 su familia se instal\u00f3 en el pa\u00eds: \u201cYo era un beb\u00e9\u201d - Lobos News\",\"isPartOf\":{\"@id\":\"https:\/\/lobosnews.com.ar\/#website\"},\"primaryImageOfPage\":{\"@id\":\"https:\/\/lobosnews.com.ar\/index.php\/2026\/03\/11\/viggo-mortensen-recordo-su-infancia-en-argentina-y-conto-por-que-su-familia-se-instalo-en-el-pais-yo-era-un-bebe\/#primaryimage\"},\"image\":{\"@id\":\"https:\/\/lobosnews.com.ar\/index.php\/2026\/03\/11\/viggo-mortensen-recordo-su-infancia-en-argentina-y-conto-por-que-su-familia-se-instalo-en-el-pais-yo-era-un-bebe\/#primaryimage\"},\"thumbnailUrl\":\"https:\/\/lobosnews.com.ar\/wp-content\/uploads\/2026\/03\/viggo-mortensen-recordo-su-infancia-en-argentina-y-conto-por-que-su-familia-se-instalo-en-el-pais-yo-era-un-bebe-2-scaled.jpg\",\"datePublished\":\"2026-03-11T04:20:05+00:00\",\"dateModified\":\"2026-03-11T08:56:55+00:00\",\"breadcrumb\":{\"@id\":\"https:\/\/lobosnews.com.ar\/index.php\/2026\/03\/11\/viggo-mortensen-recordo-su-infancia-en-argentina-y-conto-por-que-su-familia-se-instalo-en-el-pais-yo-era-un-bebe\/#breadcrumb\"},\"inLanguage\":\"es\",\"potentialAction\":[{\"@type\":\"ReadAction\",\"target\":[\"https:\/\/lobosnews.com.ar\/index.php\/2026\/03\/11\/viggo-mortensen-recordo-su-infancia-en-argentina-y-conto-por-que-su-familia-se-instalo-en-el-pais-yo-era-un-bebe\/\"]}]},{\"@type\":\"ImageObject\",\"inLanguage\":\"es\",\"@id\":\"https:\/\/lobosnews.com.ar\/index.php\/2026\/03\/11\/viggo-mortensen-recordo-su-infancia-en-argentina-y-conto-por-que-su-familia-se-instalo-en-el-pais-yo-era-un-bebe\/#primaryimage\",\"url\":\"https:\/\/lobosnews.com.ar\/wp-content\/uploads\/2026\/03\/viggo-mortensen-recordo-su-infancia-en-argentina-y-conto-por-que-su-familia-se-instalo-en-el-pais-yo-era-un-bebe-2-scaled.jpg\",\"contentUrl\":\"https:\/\/lobosnews.com.ar\/wp-content\/uploads\/2026\/03\/viggo-mortensen-recordo-su-infancia-en-argentina-y-conto-por-que-su-familia-se-instalo-en-el-pais-yo-era-un-bebe-2-scaled.jpg\",\"width\":2560,\"height\":1706,\"caption\":\"Viggo Mortensen record\u00f3 su infancia en Argentina y cont\u00f3 por qu\u00e9 su familia se instal\u00f3 en el pa\u00eds: \u201cYo era un beb\u00e9\u201d\"},{\"@type\":\"BreadcrumbList\",\"@id\":\"https:\/\/lobosnews.com.ar\/index.php\/2026\/03\/11\/viggo-mortensen-recordo-su-infancia-en-argentina-y-conto-por-que-su-familia-se-instalo-en-el-pais-yo-era-un-bebe\/#breadcrumb\",\"itemListElement\":[{\"@type\":\"ListItem\",\"position\":1,\"name\":\"Portada\",\"item\":\"https:\/\/lobosnews.com.ar\/\"},{\"@type\":\"ListItem\",\"position\":2,\"name\":\"Viggo Mortensen record\u00f3 su infancia en Argentina y cont\u00f3 por qu\u00e9 su familia se instal\u00f3 en el pa\u00eds: \u201cYo era un beb\u00e9\u201d\"}]},{\"@type\":\"WebSite\",\"@id\":\"https:\/\/lobosnews.com.ar\/#website\",\"url\":\"https:\/\/lobosnews.com.ar\/\",\"name\":\"Lobos News\",\"description\":\"Informaci\u00f3n a cada instante\",\"publisher\":{\"@id\":\"https:\/\/lobosnews.com.ar\/#organization\"},\"potentialAction\":[{\"@type\":\"SearchAction\",\"target\":{\"@type\":\"EntryPoint\",\"urlTemplate\":\"https:\/\/lobosnews.com.ar\/?s={search_term_string}\"},\"query-input\":{\"@type\":\"PropertyValueSpecification\",\"valueRequired\":true,\"valueName\":\"search_term_string\"}}],\"inLanguage\":\"es\"},{\"@type\":\"Organization\",\"@id\":\"https:\/\/lobosnews.com.ar\/#organization\",\"name\":\"Lobos News\",\"url\":\"https:\/\/lobosnews.com.ar\/\",\"logo\":{\"@type\":\"ImageObject\",\"inLanguage\":\"es\",\"@id\":\"https:\/\/lobosnews.com.ar\/#\/schema\/logo\/image\/\",\"url\":\"https:\/\/lobosnews.com.ar\/wp-content\/uploads\/2026\/01\/logo-lobosnews.png\",\"contentUrl\":\"https:\/\/lobosnews.com.ar\/wp-content\/uploads\/2026\/01\/logo-lobosnews.png\",\"width\":500,\"height\":200,\"caption\":\"Lobos News\"},\"image\":{\"@id\":\"https:\/\/lobosnews.com.ar\/#\/schema\/logo\/image\/\"}},{\"@type\":\"Person\",\"@id\":\"https:\/\/lobosnews.com.ar\/#\/schema\/person\/232422a593d5c541dd9aef6aaed10943\",\"name\":\"admin\",\"image\":{\"@type\":\"ImageObject\",\"inLanguage\":\"es\",\"@id\":\"https:\/\/lobosnews.com.ar\/#\/schema\/person\/image\/\",\"url\":\"https:\/\/secure.gravatar.com\/avatar\/76e419471a2083bc3ceab22a763dbbf9b0c1bd15a6214cf3280e2c2dde4580f9?s=96&d=mm&r=g\",\"contentUrl\":\"https:\/\/secure.gravatar.com\/avatar\/76e419471a2083bc3ceab22a763dbbf9b0c1bd15a6214cf3280e2c2dde4580f9?s=96&d=mm&r=g\",\"caption\":\"admin\"},\"sameAs\":[\"https:\/\/lobosnews.com.ar\"],\"url\":\"https:\/\/lobosnews.com.ar\/index.php\/author\/lobos-news\/\"}]}<\/script>\n<!-- \/ Yoast SEO plugin. -->","yoast_head_json":{"title":"Viggo Mortensen record\u00f3 su infancia en Argentina y cont\u00f3 por qu\u00e9 su familia se instal\u00f3 en el pa\u00eds: \u201cYo era un beb\u00e9\u201d - Lobos News","robots":{"index":"index","follow":"follow","max-snippet":"max-snippet:-1","max-image-preview":"max-image-preview:large","max-video-preview":"max-video-preview:-1"},"canonical":"https:\/\/lobosnews.com.ar\/index.php\/2026\/03\/11\/viggo-mortensen-recordo-su-infancia-en-argentina-y-conto-por-que-su-familia-se-instalo-en-el-pais-yo-era-un-bebe\/","og_locale":"es_ES","og_type":"article","og_title":"Viggo Mortensen record\u00f3 su infancia en Argentina y cont\u00f3 por qu\u00e9 su familia se instal\u00f3 en el pa\u00eds: \u201cYo era un beb\u00e9\u201d - Lobos News","og_description":"Viggo Mortensen, reconocido internacionalmente por su carrera como actor, guionista y director, tiene un v\u00ednculo profundo y entra\u00f1able con Argentina, pa\u00eds que considera parte fundamental de su identidad. Invitado al podcast mexicano Los Hijos de su Pancho Villa, Mortensen repas\u00f3 c\u00f3mo fue que lleg\u00f3 a la Argentina en su infancia y c\u00f3mo esa experiencia marc\u00f3...","og_url":"https:\/\/lobosnews.com.ar\/index.php\/2026\/03\/11\/viggo-mortensen-recordo-su-infancia-en-argentina-y-conto-por-que-su-familia-se-instalo-en-el-pais-yo-era-un-bebe\/","og_site_name":"Lobos News","article_published_time":"2026-03-11T04:20:05+00:00","article_modified_time":"2026-03-11T08:56:55+00:00","og_image":[{"url":"https:\/\/lobosnews.com.ar\/wp-content\/uploads\/2026\/03\/viggo-mortensen-recordo-su-infancia-en-argentina-y-conto-por-que-su-familia-se-instalo-en-el-pais-yo-era-un-bebe.jpg","type":"","width":"","height":""}],"author":"admin","twitter_card":"summary_large_image","twitter_misc":{"Escrito por":"admin","Tiempo de lectura":"4 minutos"},"schema":{"@context":"https:\/\/schema.org","@graph":[{"@type":"Article","@id":"https:\/\/lobosnews.com.ar\/index.php\/2026\/03\/11\/viggo-mortensen-recordo-su-infancia-en-argentina-y-conto-por-que-su-familia-se-instalo-en-el-pais-yo-era-un-bebe\/#article","isPartOf":{"@id":"https:\/\/lobosnews.com.ar\/index.php\/2026\/03\/11\/viggo-mortensen-recordo-su-infancia-en-argentina-y-conto-por-que-su-familia-se-instalo-en-el-pais-yo-era-un-bebe\/"},"author":{"name":"admin","@id":"https:\/\/lobosnews.com.ar\/#\/schema\/person\/232422a593d5c541dd9aef6aaed10943"},"headline":"Viggo Mortensen record\u00f3 su infancia en Argentina y cont\u00f3 por qu\u00e9 su familia se instal\u00f3 en el pa\u00eds: \u201cYo era un beb\u00e9\u201d","datePublished":"2026-03-11T04:20:05+00:00","dateModified":"2026-03-11T08:56:55+00:00","mainEntityOfPage":{"@id":"https:\/\/lobosnews.com.ar\/index.php\/2026\/03\/11\/viggo-mortensen-recordo-su-infancia-en-argentina-y-conto-por-que-su-familia-se-instalo-en-el-pais-yo-era-un-bebe\/"},"wordCount":795,"commentCount":0,"publisher":{"@id":"https:\/\/lobosnews.com.ar\/#organization"},"image":{"@id":"https:\/\/lobosnews.com.ar\/index.php\/2026\/03\/11\/viggo-mortensen-recordo-su-infancia-en-argentina-y-conto-por-que-su-familia-se-instalo-en-el-pais-yo-era-un-bebe\/#primaryimage"},"thumbnailUrl":"https:\/\/lobosnews.com.ar\/wp-content\/uploads\/2026\/03\/viggo-mortensen-recordo-su-infancia-en-argentina-y-conto-por-que-su-familia-se-instalo-en-el-pais-yo-era-un-bebe-2-scaled.jpg","articleSection":["Cine y Series"],"inLanguage":"es","potentialAction":[{"@type":"CommentAction","name":"Comment","target":["https:\/\/lobosnews.com.ar\/index.php\/2026\/03\/11\/viggo-mortensen-recordo-su-infancia-en-argentina-y-conto-por-que-su-familia-se-instalo-en-el-pais-yo-era-un-bebe\/#respond"]}]},{"@type":"WebPage","@id":"https:\/\/lobosnews.com.ar\/index.php\/2026\/03\/11\/viggo-mortensen-recordo-su-infancia-en-argentina-y-conto-por-que-su-familia-se-instalo-en-el-pais-yo-era-un-bebe\/","url":"https:\/\/lobosnews.com.ar\/index.php\/2026\/03\/11\/viggo-mortensen-recordo-su-infancia-en-argentina-y-conto-por-que-su-familia-se-instalo-en-el-pais-yo-era-un-bebe\/","name":"Viggo Mortensen record\u00f3 su infancia en Argentina y cont\u00f3 por qu\u00e9 su familia se instal\u00f3 en el pa\u00eds: \u201cYo era un beb\u00e9\u201d - Lobos News","isPartOf":{"@id":"https:\/\/lobosnews.com.ar\/#website"},"primaryImageOfPage":{"@id":"https:\/\/lobosnews.com.ar\/index.php\/2026\/03\/11\/viggo-mortensen-recordo-su-infancia-en-argentina-y-conto-por-que-su-familia-se-instalo-en-el-pais-yo-era-un-bebe\/#primaryimage"},"image":{"@id":"https:\/\/lobosnews.com.ar\/index.php\/2026\/03\/11\/viggo-mortensen-recordo-su-infancia-en-argentina-y-conto-por-que-su-familia-se-instalo-en-el-pais-yo-era-un-bebe\/#primaryimage"},"thumbnailUrl":"https:\/\/lobosnews.com.ar\/wp-content\/uploads\/2026\/03\/viggo-mortensen-recordo-su-infancia-en-argentina-y-conto-por-que-su-familia-se-instalo-en-el-pais-yo-era-un-bebe-2-scaled.jpg","datePublished":"2026-03-11T04:20:05+00:00","dateModified":"2026-03-11T08:56:55+00:00","breadcrumb":{"@id":"https:\/\/lobosnews.com.ar\/index.php\/2026\/03\/11\/viggo-mortensen-recordo-su-infancia-en-argentina-y-conto-por-que-su-familia-se-instalo-en-el-pais-yo-era-un-bebe\/#breadcrumb"},"inLanguage":"es","potentialAction":[{"@type":"ReadAction","target":["https:\/\/lobosnews.com.ar\/index.php\/2026\/03\/11\/viggo-mortensen-recordo-su-infancia-en-argentina-y-conto-por-que-su-familia-se-instalo-en-el-pais-yo-era-un-bebe\/"]}]},{"@type":"ImageObject","inLanguage":"es","@id":"https:\/\/lobosnews.com.ar\/index.php\/2026\/03\/11\/viggo-mortensen-recordo-su-infancia-en-argentina-y-conto-por-que-su-familia-se-instalo-en-el-pais-yo-era-un-bebe\/#primaryimage","url":"https:\/\/lobosnews.com.ar\/wp-content\/uploads\/2026\/03\/viggo-mortensen-recordo-su-infancia-en-argentina-y-conto-por-que-su-familia-se-instalo-en-el-pais-yo-era-un-bebe-2-scaled.jpg","contentUrl":"https:\/\/lobosnews.com.ar\/wp-content\/uploads\/2026\/03\/viggo-mortensen-recordo-su-infancia-en-argentina-y-conto-por-que-su-familia-se-instalo-en-el-pais-yo-era-un-bebe-2-scaled.jpg","width":2560,"height":1706,"caption":"Viggo Mortensen record\u00f3 su infancia en Argentina y cont\u00f3 por qu\u00e9 su familia se instal\u00f3 en el pa\u00eds: \u201cYo era un beb\u00e9\u201d"},{"@type":"BreadcrumbList","@id":"https:\/\/lobosnews.com.ar\/index.php\/2026\/03\/11\/viggo-mortensen-recordo-su-infancia-en-argentina-y-conto-por-que-su-familia-se-instalo-en-el-pais-yo-era-un-bebe\/#breadcrumb","itemListElement":[{"@type":"ListItem","position":1,"name":"Portada","item":"https:\/\/lobosnews.com.ar\/"},{"@type":"ListItem","position":2,"name":"Viggo Mortensen record\u00f3 su infancia en Argentina y cont\u00f3 por qu\u00e9 su familia se instal\u00f3 en el pa\u00eds: \u201cYo era un beb\u00e9\u201d"}]},{"@type":"WebSite","@id":"https:\/\/lobosnews.com.ar\/#website","url":"https:\/\/lobosnews.com.ar\/","name":"Lobos News","description":"Informaci\u00f3n a cada instante","publisher":{"@id":"https:\/\/lobosnews.com.ar\/#organization"},"potentialAction":[{"@type":"SearchAction","target":{"@type":"EntryPoint","urlTemplate":"https:\/\/lobosnews.com.ar\/?s={search_term_string}"},"query-input":{"@type":"PropertyValueSpecification","valueRequired":true,"valueName":"search_term_string"}}],"inLanguage":"es"},{"@type":"Organization","@id":"https:\/\/lobosnews.com.ar\/#organization","name":"Lobos News","url":"https:\/\/lobosnews.com.ar\/","logo":{"@type":"ImageObject","inLanguage":"es","@id":"https:\/\/lobosnews.com.ar\/#\/schema\/logo\/image\/","url":"https:\/\/lobosnews.com.ar\/wp-content\/uploads\/2026\/01\/logo-lobosnews.png","contentUrl":"https:\/\/lobosnews.com.ar\/wp-content\/uploads\/2026\/01\/logo-lobosnews.png","width":500,"height":200,"caption":"Lobos News"},"image":{"@id":"https:\/\/lobosnews.com.ar\/#\/schema\/logo\/image\/"}},{"@type":"Person","@id":"https:\/\/lobosnews.com.ar\/#\/schema\/person\/232422a593d5c541dd9aef6aaed10943","name":"admin","image":{"@type":"ImageObject","inLanguage":"es","@id":"https:\/\/lobosnews.com.ar\/#\/schema\/person\/image\/","url":"https:\/\/secure.gravatar.com\/avatar\/76e419471a2083bc3ceab22a763dbbf9b0c1bd15a6214cf3280e2c2dde4580f9?s=96&d=mm&r=g","contentUrl":"https:\/\/secure.gravatar.com\/avatar\/76e419471a2083bc3ceab22a763dbbf9b0c1bd15a6214cf3280e2c2dde4580f9?s=96&d=mm&r=g","caption":"admin"},"sameAs":["https:\/\/lobosnews.com.ar"],"url":"https:\/\/lobosnews.com.ar\/index.php\/author\/lobos-news\/"}]}},"jetpack_featured_media_url":"https:\/\/lobosnews.com.ar\/wp-content\/uploads\/2026\/03\/viggo-mortensen-recordo-su-infancia-en-argentina-y-conto-por-que-su-familia-se-instalo-en-el-pais-yo-era-un-bebe-2-scaled.jpg","jetpack_sharing_enabled":true,"_links":{"self":[{"href":"https:\/\/lobosnews.com.ar\/index.php\/wp-json\/wp\/v2\/posts\/31920","targetHints":{"allow":["GET"]}}],"collection":[{"href":"https:\/\/lobosnews.com.ar\/index.php\/wp-json\/wp\/v2\/posts"}],"about":[{"href":"https:\/\/lobosnews.com.ar\/index.php\/wp-json\/wp\/v2\/types\/post"}],"author":[{"embeddable":true,"href":"https:\/\/lobosnews.com.ar\/index.php\/wp-json\/wp\/v2\/users\/1"}],"replies":[{"embeddable":true,"href":"https:\/\/lobosnews.com.ar\/index.php\/wp-json\/wp\/v2\/comments?post=31920"}],"version-history":[{"count":1,"href":"https:\/\/lobosnews.com.ar\/index.php\/wp-json\/wp\/v2\/posts\/31920\/revisions"}],"predecessor-version":[{"id":31923,"href":"https:\/\/lobosnews.com.ar\/index.php\/wp-json\/wp\/v2\/posts\/31920\/revisions\/31923"}],"wp:featuredmedia":[{"embeddable":true,"href":"https:\/\/lobosnews.com.ar\/index.php\/wp-json\/wp\/v2\/media\/31924"}],"wp:attachment":[{"href":"https:\/\/lobosnews.com.ar\/index.php\/wp-json\/wp\/v2\/media?parent=31920"}],"wp:term":[{"taxonomy":"category","embeddable":true,"href":"https:\/\/lobosnews.com.ar\/index.php\/wp-json\/wp\/v2\/categories?post=31920"},{"taxonomy":"post_tag","embeddable":true,"href":"https:\/\/lobosnews.com.ar\/index.php\/wp-json\/wp\/v2\/tags?post=31920"}],"curies":[{"name":"wp","href":"https:\/\/api.w.org\/{rel}","templated":true}]}}