{"id":31908,"date":"2026-03-11T05:52:28","date_gmt":"2026-03-11T05:52:28","guid":{"rendered":"https:\/\/lobosnews.com.ar\/index.php\/2026\/03\/11\/netanyahu-anuncio-que-israel-destinara-un-presupuesto-especial-para-cubrir-los-gastos-en-defensa-derivados-de-la-guerra-contra-iran\/"},"modified":"2026-03-11T08:53:00","modified_gmt":"2026-03-11T08:53:00","slug":"netanyahu-anuncio-que-israel-destinara-un-presupuesto-especial-para-cubrir-los-gastos-en-defensa-derivados-de-la-guerra-contra-iran","status":"publish","type":"post","link":"https:\/\/lobosnews.com.ar\/index.php\/2026\/03\/11\/netanyahu-anuncio-que-israel-destinara-un-presupuesto-especial-para-cubrir-los-gastos-en-defensa-derivados-de-la-guerra-contra-iran\/","title":{"rendered":"Netanyahu anunci\u00f3 que Israel destinar\u00e1 un presupuesto especial para cubrir los gastos en defensa derivados de la guerra contra Ir\u00e1n"},"content":{"rendered":"<p><img loading=\"lazy\" decoding=\"async\" src=\"https:\/\/lobosnews.com.ar\/wp-content\/uploads\/2026\/03\/netanyahu-anuncio-que-israel-destinara-un-presupuesto-especial-para-cubrir-los-gastos-en-defensa-derivados-de-la-guerra-contra-iran.jpg\" alt=\"Israel aument\u00f3 el gasto militar para financiar la guerra contra el r\u00e9gimen de Ir\u00e1n (REUTERS)\" height=\"1280\" width=\"1920\"\/><\/p>\n<p>El primer ministro de Israel, <b>Benjam\u00edn Netanyahu<\/b>, y el ministro de Finanzas, <b>Bezalel Smotrich<\/b>, aprobaron el martes una transferencia adicional inmediata de decenas de miles de millones de s\u00e9queles al presupuesto de Defensa para financiar la guerra contra Ir\u00e1n y L\u00edbano, en medio de la continuidad de la ofensiva militar iniciada el 28 de febrero junto a Estados Unidos.<\/p>\n<p>Netanyahu explic\u00f3 que el aumento del gasto militar responde al elevado costo de las operaciones militares. \u201c<b>Ten\u00edamos que embarcarnos en esta campa\u00f1a y estamos trabajando a\u00fan m\u00e1s duro con nuestros heroicos soldados y pilotos. Sin embargo, hay un gran pero: cuesta dinero, mucho dinero<\/b>\u201d, afirm\u00f3 el jefe de Gobierno en un videomensaje difundido en sus canales.<\/p>\n<p>El primer ministro subray\u00f3 que el coste de la ofensiva contra Ir\u00e1n obliga al Gobierno a aprobar un presupuesto especial de guerra con el objetivo de respaldar a las fuerzas armadas y las operaciones militares.<\/p>\n<p>Smotrich indic\u00f3 que el aumento del presupuesto militar asciende a \u201c<b>decenas de miles de millones de s\u00e9queles<\/b>\u201d, aunque no ofreci\u00f3 detalles sobre la cifra exacta. El ministro sostuvo que el incremento debe entenderse \u201c<b>no como un gasto, sino como una inversi\u00f3n<\/b>\u201d.<\/p>\n<p>El funcionario tambi\u00e9n explic\u00f3 que, para facilitar la aprobaci\u00f3n del presupuesto, el Gobierno dejar\u00e1 en suspenso algunas iniciativas consideradas controvertidas. Entre ellas mencion\u00f3 el avance de la ley de reclutamiento de ultraortodoxos y otras reformas que no cuentan con un amplio consenso pol\u00edtico.<\/p>\n<p><img loading=\"lazy\" decoding=\"async\" src=\"https:\/\/lobosnews.com.ar\/wp-content\/uploads\/2026\/03\/netanyahu-anuncio-que-israel-destinara-un-presupuesto-especial-para-cubrir-los-gastos-en-defensa-derivados-de-la-guerra-contra-iran-1.jpg\" alt=\"El primer ministro israel\u00ed, Benjamin Netanyahu, y el ministro de Finanzas israel\u00ed, Bezalel Smotrich (REUTERS)\" height=\"3420\" width=\"5253\"\/><\/p>\n<p>En paralelo, el ministro de Exteriores de Israel, <b>Gideon Saar<\/b>, afirm\u00f3 el martes que el pa\u00eds no busca \u201c<b>una guerra interminable<\/b>\u201d contra el r\u00e9gimen iran\u00ed y se\u00f1al\u00f3 que el conflicto concluir\u00e1 \u201c<b>a su debido tiempo<\/b>\u201d, tras consultar con la administraci\u00f3n del presidente estadounidense <b>Donald Trump<\/b> el momento adecuado para poner fin a la guerra.<\/p>\n<p>Durante una rueda de prensa en Jerusal\u00e9n junto a su hom\u00f3logo alem\u00e1n, <b>Johann Wadephul<\/b>, Saar se\u00f1al\u00f3 que Israel ya logr\u00f3 avances en la ofensiva militar contra Ir\u00e1n.<\/p>\n<p>\u201c<b>Ya conseguimos grandes logros y, a su debido tiempo, consultaremos con nuestros amigos estadounidenses cuando consideremos que es el momento adecuado para hacerlo. No buscamos una guerra interminable<\/b>\u201d, sostuvo.<\/p>\n<p>El ministro tambi\u00e9n exhort\u00f3 a la comunidad internacional a adoptar medidas diplom\u00e1ticas m\u00e1s severas contra Teher\u00e1n.<\/p>\n<p>\u201c<b>El canciller (alem\u00e1n, Friedrich) Mertz ten\u00eda raz\u00f3n al afirmar que Israel est\u00e1 haciendo el trabajo sucio a todos. La comunidad internacional disfruta de los resultados de nuestras acciones, pero no siempre nos apoya<\/b>\u201d, expres\u00f3.<\/p>\n<p><img loading=\"lazy\" decoding=\"async\" src=\"https:\/\/lobosnews.com.ar\/wp-content\/uploads\/2026\/03\/netanyahu-anuncio-que-israel-destinara-un-presupuesto-especial-para-cubrir-los-gastos-en-defensa-derivados-de-la-guerra-contra-iran-2.jpg\" alt=\"El ministro de Exteriores de Israel, Gideon Saar (REUTERS)\" height=\"4000\" width=\"6000\"\/><\/p>\n<p>Saar record\u00f3 adem\u00e1s que Alemania lider\u00f3 el proceso para que la Guardia Revolucionaria de Ir\u00e1n fuera designada como organizaci\u00f3n terrorista en la Uni\u00f3n Europea y pidi\u00f3 avanzar hacia nuevas medidas.<\/p>\n<p>\u201c<b>Creo que ya es hora de que los pa\u00edses den el siguiente paso y corten todos los lazos diplom\u00e1ticos con el r\u00e9gimen terrorista que usted mismo defini\u00f3 como sin legitimidad<\/b>\u201d, manifest\u00f3.<\/p>\n<p>El funcionario israel\u00ed tambi\u00e9n critic\u00f3 la falta de acciones significativas por parte de la Fuerza Provisional de las Naciones Unidas en el L\u00edbano (FINUL) frente a la milicia chiita Hezbollah.<\/p>\n<p>Seg\u00fan indic\u00f3, Hezbollah atac\u00f3 Israel tras la muerte del ayatol\u00e1 <b>Ali Khamenei<\/b>, lo que provoc\u00f3 una respuesta militar israel\u00ed con bombardeos en territorio liban\u00e9s.<\/p>\n<p><i>(Con informaci\u00f3n de EFE y AFP)<\/i><\/p>\n","protected":false},"excerpt":{"rendered":"<p>El primer ministro de Israel, Benjam\u00edn Netanyahu, y el ministro de Finanzas, Bezalel Smotrich, aprobaron el martes una transferencia adicional inmediata de decenas de miles de millones de s\u00e9queles al presupuesto de Defensa para financiar la guerra contra Ir\u00e1n y L\u00edbano, en medio de la continuidad de la ofensiva militar iniciada el 28 de febrero&#8230;<\/p>\n","protected":false},"author":1,"featured_media":31913,"comment_status":"open","ping_status":"closed","sticky":false,"template":"","format":"standard","meta":{"_jetpack_memberships_contains_paid_content":false,"footnotes":""},"categories":[31],"tags":[],"class_list":["post-31908","post","type-post","status-publish","format-standard","has-post-thumbnail","hentry","category-actualidad"],"magazineBlocksPostFeaturedMedia":{"thumbnail":"https:\/\/lobosnews.com.ar\/wp-content\/uploads\/2026\/03\/netanyahu-anuncio-que-israel-destinara-un-presupuesto-especial-para-cubrir-los-gastos-en-defensa-derivados-de-la-guerra-contra-iran-4-150x150.jpg","medium":"https:\/\/lobosnews.com.ar\/wp-content\/uploads\/2026\/03\/netanyahu-anuncio-que-israel-destinara-un-presupuesto-especial-para-cubrir-los-gastos-en-defensa-derivados-de-la-guerra-contra-iran-4-300x200.jpg","medium_large":"https:\/\/lobosnews.com.ar\/wp-content\/uploads\/2026\/03\/netanyahu-anuncio-que-israel-destinara-un-presupuesto-especial-para-cubrir-los-gastos-en-defensa-derivados-de-la-guerra-contra-iran-4-768x512.jpg","large":"https:\/\/lobosnews.com.ar\/wp-content\/uploads\/2026\/03\/netanyahu-anuncio-que-israel-destinara-un-presupuesto-especial-para-cubrir-los-gastos-en-defensa-derivados-de-la-guerra-contra-iran-4-1024x683.jpg","1536x1536":"https:\/\/lobosnews.com.ar\/wp-content\/uploads\/2026\/03\/netanyahu-anuncio-que-israel-destinara-un-presupuesto-especial-para-cubrir-los-gastos-en-defensa-derivados-de-la-guerra-contra-iran-4-1536x1024.jpg","2048x2048":"https:\/\/lobosnews.com.ar\/wp-content\/uploads\/2026\/03\/netanyahu-anuncio-que-israel-destinara-un-presupuesto-especial-para-cubrir-los-gastos-en-defensa-derivados-de-la-guerra-contra-iran-4-2048x1365.jpg","newsmatic-featured":"https:\/\/lobosnews.com.ar\/wp-content\/uploads\/2026\/03\/netanyahu-anuncio-que-israel-destinara-un-presupuesto-especial-para-cubrir-los-gastos-en-defensa-derivados-de-la-guerra-contra-iran-4-820x545.jpg","newsmatic-list":"https:\/\/lobosnews.com.ar\/wp-content\/uploads\/2026\/03\/netanyahu-anuncio-que-israel-destinara-un-presupuesto-especial-para-cubrir-los-gastos-en-defensa-derivados-de-la-guerra-contra-iran-4-600x400.jpg","newsmatic-thumb":"https:\/\/lobosnews.com.ar\/wp-content\/uploads\/2026\/03\/netanyahu-anuncio-que-israel-destinara-un-presupuesto-especial-para-cubrir-los-gastos-en-defensa-derivados-de-la-guerra-contra-iran-4-300x200.jpg","newsmatic-small":"https:\/\/lobosnews.com.ar\/wp-content\/uploads\/2026\/03\/netanyahu-anuncio-que-israel-destinara-un-presupuesto-especial-para-cubrir-los-gastos-en-defensa-derivados-de-la-guerra-contra-iran-4-150x95.jpg","newsmatic-grid":"https:\/\/lobosnews.com.ar\/wp-content\/uploads\/2026\/03\/netanyahu-anuncio-que-israel-destinara-un-presupuesto-especial-para-cubrir-los-gastos-en-defensa-derivados-de-la-guerra-contra-iran-4-400x250.jpg"},"magazineBlocksPostAuthor":{"name":"admin","avatar":"https:\/\/secure.gravatar.com\/avatar\/76e419471a2083bc3ceab22a763dbbf9b0c1bd15a6214cf3280e2c2dde4580f9?s=96&d=mm&r=g"},"magazineBlocksPostCommentsNumber":"0","magazineBlocksPostExcerpt":"El primer ministro de Israel, Benjam\u00edn Netanyahu, y el ministro de Finanzas, Bezalel Smotrich, aprobaron el martes una transferencia adicional inmediata de decenas de miles de millones de s\u00e9queles al presupuesto de Defensa para financiar la guerra contra Ir\u00e1n y L\u00edbano, en medio de la continuidad de la ofensiva militar iniciada el 28 de febrero...","magazineBlocksPostCategories":["Actualidad"],"magazineBlocksPostViewCount":115,"magazineBlocksPostReadTime":3,"magazine_blocks_featured_image_url":{"full":["https:\/\/lobosnews.com.ar\/wp-content\/uploads\/2026\/03\/netanyahu-anuncio-que-israel-destinara-un-presupuesto-especial-para-cubrir-los-gastos-en-defensa-derivados-de-la-guerra-contra-iran-4-scaled.jpg",2560,1706,false],"medium":["https:\/\/lobosnews.com.ar\/wp-content\/uploads\/2026\/03\/netanyahu-anuncio-que-israel-destinara-un-presupuesto-especial-para-cubrir-los-gastos-en-defensa-derivados-de-la-guerra-contra-iran-4-300x200.jpg",300,200,true],"thumbnail":["https:\/\/lobosnews.com.ar\/wp-content\/uploads\/2026\/03\/netanyahu-anuncio-que-israel-destinara-un-presupuesto-especial-para-cubrir-los-gastos-en-defensa-derivados-de-la-guerra-contra-iran-4-150x150.jpg",150,150,true]},"magazine_blocks_author":{"display_name":"admin","author_link":"https:\/\/lobosnews.com.ar\/index.php\/author\/lobos-news\/"},"magazine_blocks_comment":0,"magazine_blocks_author_image":"https:\/\/secure.gravatar.com\/avatar\/76e419471a2083bc3ceab22a763dbbf9b0c1bd15a6214cf3280e2c2dde4580f9?s=96&d=mm&r=g","magazine_blocks_category":"<a href=\"#\" class=\"category-link category-link-31\">Actualidad<\/a>","yoast_head":"<!-- This site is optimized with the Yoast SEO plugin v26.6 - https:\/\/yoast.com\/wordpress\/plugins\/seo\/ -->\n<title>Netanyahu anunci\u00f3 que Israel destinar\u00e1 un presupuesto especial para cubrir los gastos en defensa derivados de la guerra contra Ir\u00e1n - Lobos News<\/title>\n<meta name=\"robots\" content=\"index, follow, max-snippet:-1, max-image-preview:large, max-video-preview:-1\" \/>\n<link rel=\"canonical\" href=\"https:\/\/lobosnews.com.ar\/index.php\/2026\/03\/11\/netanyahu-anuncio-que-israel-destinara-un-presupuesto-especial-para-cubrir-los-gastos-en-defensa-derivados-de-la-guerra-contra-iran\/\" \/>\n<meta property=\"og:locale\" content=\"es_ES\" \/>\n<meta property=\"og:type\" content=\"article\" \/>\n<meta property=\"og:title\" content=\"Netanyahu anunci\u00f3 que Israel destinar\u00e1 un presupuesto especial para cubrir los gastos en defensa derivados de la guerra contra Ir\u00e1n - Lobos News\" \/>\n<meta property=\"og:description\" content=\"El primer ministro de Israel, Benjam\u00edn Netanyahu, y el ministro de Finanzas, Bezalel Smotrich, aprobaron el martes una transferencia adicional inmediata de decenas de miles de millones de s\u00e9queles al presupuesto de Defensa para financiar la guerra contra Ir\u00e1n y L\u00edbano, en medio de la continuidad de la ofensiva militar iniciada el 28 de febrero...\" \/>\n<meta property=\"og:url\" content=\"https:\/\/lobosnews.com.ar\/index.php\/2026\/03\/11\/netanyahu-anuncio-que-israel-destinara-un-presupuesto-especial-para-cubrir-los-gastos-en-defensa-derivados-de-la-guerra-contra-iran\/\" \/>\n<meta property=\"og:site_name\" content=\"Lobos News\" \/>\n<meta property=\"article:published_time\" content=\"2026-03-11T05:52:28+00:00\" \/>\n<meta property=\"article:modified_time\" content=\"2026-03-11T08:53:00+00:00\" \/>\n<meta property=\"og:image\" content=\"https:\/\/lobosnews.com.ar\/wp-content\/uploads\/2026\/03\/netanyahu-anuncio-que-israel-destinara-un-presupuesto-especial-para-cubrir-los-gastos-en-defensa-derivados-de-la-guerra-contra-iran.jpg\" \/>\n<meta name=\"author\" content=\"admin\" \/>\n<meta name=\"twitter:card\" content=\"summary_large_image\" \/>\n<meta name=\"twitter:label1\" content=\"Escrito por\" \/>\n\t<meta name=\"twitter:data1\" content=\"admin\" \/>\n\t<meta name=\"twitter:label2\" content=\"Tiempo de lectura\" \/>\n\t<meta name=\"twitter:data2\" content=\"3 minutos\" \/>\n<script type=\"application\/ld+json\" class=\"yoast-schema-graph\">{\"@context\":\"https:\/\/schema.org\",\"@graph\":[{\"@type\":\"Article\",\"@id\":\"https:\/\/lobosnews.com.ar\/index.php\/2026\/03\/11\/netanyahu-anuncio-que-israel-destinara-un-presupuesto-especial-para-cubrir-los-gastos-en-defensa-derivados-de-la-guerra-contra-iran\/#article\",\"isPartOf\":{\"@id\":\"https:\/\/lobosnews.com.ar\/index.php\/2026\/03\/11\/netanyahu-anuncio-que-israel-destinara-un-presupuesto-especial-para-cubrir-los-gastos-en-defensa-derivados-de-la-guerra-contra-iran\/\"},\"author\":{\"name\":\"admin\",\"@id\":\"https:\/\/lobosnews.com.ar\/#\/schema\/person\/232422a593d5c541dd9aef6aaed10943\"},\"headline\":\"Netanyahu anunci\u00f3 que Israel destinar\u00e1 un presupuesto especial para cubrir los gastos en defensa derivados de la guerra contra Ir\u00e1n\",\"datePublished\":\"2026-03-11T05:52:28+00:00\",\"dateModified\":\"2026-03-11T08:53:00+00:00\",\"mainEntityOfPage\":{\"@id\":\"https:\/\/lobosnews.com.ar\/index.php\/2026\/03\/11\/netanyahu-anuncio-que-israel-destinara-un-presupuesto-especial-para-cubrir-los-gastos-en-defensa-derivados-de-la-guerra-contra-iran\/\"},\"wordCount\":577,\"commentCount\":0,\"publisher\":{\"@id\":\"https:\/\/lobosnews.com.ar\/#organization\"},\"image\":{\"@id\":\"https:\/\/lobosnews.com.ar\/index.php\/2026\/03\/11\/netanyahu-anuncio-que-israel-destinara-un-presupuesto-especial-para-cubrir-los-gastos-en-defensa-derivados-de-la-guerra-contra-iran\/#primaryimage\"},\"thumbnailUrl\":\"https:\/\/lobosnews.com.ar\/wp-content\/uploads\/2026\/03\/netanyahu-anuncio-que-israel-destinara-un-presupuesto-especial-para-cubrir-los-gastos-en-defensa-derivados-de-la-guerra-contra-iran-4-scaled.jpg\",\"articleSection\":[\"Actualidad\"],\"inLanguage\":\"es\",\"potentialAction\":[{\"@type\":\"CommentAction\",\"name\":\"Comment\",\"target\":[\"https:\/\/lobosnews.com.ar\/index.php\/2026\/03\/11\/netanyahu-anuncio-que-israel-destinara-un-presupuesto-especial-para-cubrir-los-gastos-en-defensa-derivados-de-la-guerra-contra-iran\/#respond\"]}]},{\"@type\":\"WebPage\",\"@id\":\"https:\/\/lobosnews.com.ar\/index.php\/2026\/03\/11\/netanyahu-anuncio-que-israel-destinara-un-presupuesto-especial-para-cubrir-los-gastos-en-defensa-derivados-de-la-guerra-contra-iran\/\",\"url\":\"https:\/\/lobosnews.com.ar\/index.php\/2026\/03\/11\/netanyahu-anuncio-que-israel-destinara-un-presupuesto-especial-para-cubrir-los-gastos-en-defensa-derivados-de-la-guerra-contra-iran\/\",\"name\":\"Netanyahu anunci\u00f3 que Israel destinar\u00e1 un presupuesto especial para cubrir los gastos en defensa derivados de la guerra contra Ir\u00e1n - Lobos News\",\"isPartOf\":{\"@id\":\"https:\/\/lobosnews.com.ar\/#website\"},\"primaryImageOfPage\":{\"@id\":\"https:\/\/lobosnews.com.ar\/index.php\/2026\/03\/11\/netanyahu-anuncio-que-israel-destinara-un-presupuesto-especial-para-cubrir-los-gastos-en-defensa-derivados-de-la-guerra-contra-iran\/#primaryimage\"},\"image\":{\"@id\":\"https:\/\/lobosnews.com.ar\/index.php\/2026\/03\/11\/netanyahu-anuncio-que-israel-destinara-un-presupuesto-especial-para-cubrir-los-gastos-en-defensa-derivados-de-la-guerra-contra-iran\/#primaryimage\"},\"thumbnailUrl\":\"https:\/\/lobosnews.com.ar\/wp-content\/uploads\/2026\/03\/netanyahu-anuncio-que-israel-destinara-un-presupuesto-especial-para-cubrir-los-gastos-en-defensa-derivados-de-la-guerra-contra-iran-4-scaled.jpg\",\"datePublished\":\"2026-03-11T05:52:28+00:00\",\"dateModified\":\"2026-03-11T08:53:00+00:00\",\"breadcrumb\":{\"@id\":\"https:\/\/lobosnews.com.ar\/index.php\/2026\/03\/11\/netanyahu-anuncio-que-israel-destinara-un-presupuesto-especial-para-cubrir-los-gastos-en-defensa-derivados-de-la-guerra-contra-iran\/#breadcrumb\"},\"inLanguage\":\"es\",\"potentialAction\":[{\"@type\":\"ReadAction\",\"target\":[\"https:\/\/lobosnews.com.ar\/index.php\/2026\/03\/11\/netanyahu-anuncio-que-israel-destinara-un-presupuesto-especial-para-cubrir-los-gastos-en-defensa-derivados-de-la-guerra-contra-iran\/\"]}]},{\"@type\":\"ImageObject\",\"inLanguage\":\"es\",\"@id\":\"https:\/\/lobosnews.com.ar\/index.php\/2026\/03\/11\/netanyahu-anuncio-que-israel-destinara-un-presupuesto-especial-para-cubrir-los-gastos-en-defensa-derivados-de-la-guerra-contra-iran\/#primaryimage\",\"url\":\"https:\/\/lobosnews.com.ar\/wp-content\/uploads\/2026\/03\/netanyahu-anuncio-que-israel-destinara-un-presupuesto-especial-para-cubrir-los-gastos-en-defensa-derivados-de-la-guerra-contra-iran-4-scaled.jpg\",\"contentUrl\":\"https:\/\/lobosnews.com.ar\/wp-content\/uploads\/2026\/03\/netanyahu-anuncio-que-israel-destinara-un-presupuesto-especial-para-cubrir-los-gastos-en-defensa-derivados-de-la-guerra-contra-iran-4-scaled.jpg\",\"width\":2560,\"height\":1706,\"caption\":\"Netanyahu anunci\u00f3 que Israel destinar\u00e1 un presupuesto especial para cubrir los gastos en defensa derivados de la guerra contra Ir\u00e1n\"},{\"@type\":\"BreadcrumbList\",\"@id\":\"https:\/\/lobosnews.com.ar\/index.php\/2026\/03\/11\/netanyahu-anuncio-que-israel-destinara-un-presupuesto-especial-para-cubrir-los-gastos-en-defensa-derivados-de-la-guerra-contra-iran\/#breadcrumb\",\"itemListElement\":[{\"@type\":\"ListItem\",\"position\":1,\"name\":\"Portada\",\"item\":\"https:\/\/lobosnews.com.ar\/\"},{\"@type\":\"ListItem\",\"position\":2,\"name\":\"Netanyahu anunci\u00f3 que Israel destinar\u00e1 un presupuesto especial para cubrir los gastos en defensa derivados de la guerra contra Ir\u00e1n\"}]},{\"@type\":\"WebSite\",\"@id\":\"https:\/\/lobosnews.com.ar\/#website\",\"url\":\"https:\/\/lobosnews.com.ar\/\",\"name\":\"Lobos News\",\"description\":\"Informaci\u00f3n a cada instante\",\"publisher\":{\"@id\":\"https:\/\/lobosnews.com.ar\/#organization\"},\"potentialAction\":[{\"@type\":\"SearchAction\",\"target\":{\"@type\":\"EntryPoint\",\"urlTemplate\":\"https:\/\/lobosnews.com.ar\/?s={search_term_string}\"},\"query-input\":{\"@type\":\"PropertyValueSpecification\",\"valueRequired\":true,\"valueName\":\"search_term_string\"}}],\"inLanguage\":\"es\"},{\"@type\":\"Organization\",\"@id\":\"https:\/\/lobosnews.com.ar\/#organization\",\"name\":\"Lobos News\",\"url\":\"https:\/\/lobosnews.com.ar\/\",\"logo\":{\"@type\":\"ImageObject\",\"inLanguage\":\"es\",\"@id\":\"https:\/\/lobosnews.com.ar\/#\/schema\/logo\/image\/\",\"url\":\"https:\/\/lobosnews.com.ar\/wp-content\/uploads\/2026\/01\/logo-lobosnews.png\",\"contentUrl\":\"https:\/\/lobosnews.com.ar\/wp-content\/uploads\/2026\/01\/logo-lobosnews.png\",\"width\":500,\"height\":200,\"caption\":\"Lobos News\"},\"image\":{\"@id\":\"https:\/\/lobosnews.com.ar\/#\/schema\/logo\/image\/\"}},{\"@type\":\"Person\",\"@id\":\"https:\/\/lobosnews.com.ar\/#\/schema\/person\/232422a593d5c541dd9aef6aaed10943\",\"name\":\"admin\",\"image\":{\"@type\":\"ImageObject\",\"inLanguage\":\"es\",\"@id\":\"https:\/\/lobosnews.com.ar\/#\/schema\/person\/image\/\",\"url\":\"https:\/\/secure.gravatar.com\/avatar\/76e419471a2083bc3ceab22a763dbbf9b0c1bd15a6214cf3280e2c2dde4580f9?s=96&d=mm&r=g\",\"contentUrl\":\"https:\/\/secure.gravatar.com\/avatar\/76e419471a2083bc3ceab22a763dbbf9b0c1bd15a6214cf3280e2c2dde4580f9?s=96&d=mm&r=g\",\"caption\":\"admin\"},\"sameAs\":[\"https:\/\/lobosnews.com.ar\"],\"url\":\"https:\/\/lobosnews.com.ar\/index.php\/author\/lobos-news\/\"}]}<\/script>\n<!-- \/ Yoast SEO plugin. -->","yoast_head_json":{"title":"Netanyahu anunci\u00f3 que Israel destinar\u00e1 un presupuesto especial para cubrir los gastos en defensa derivados de la guerra contra Ir\u00e1n - Lobos News","robots":{"index":"index","follow":"follow","max-snippet":"max-snippet:-1","max-image-preview":"max-image-preview:large","max-video-preview":"max-video-preview:-1"},"canonical":"https:\/\/lobosnews.com.ar\/index.php\/2026\/03\/11\/netanyahu-anuncio-que-israel-destinara-un-presupuesto-especial-para-cubrir-los-gastos-en-defensa-derivados-de-la-guerra-contra-iran\/","og_locale":"es_ES","og_type":"article","og_title":"Netanyahu anunci\u00f3 que Israel destinar\u00e1 un presupuesto especial para cubrir los gastos en defensa derivados de la guerra contra Ir\u00e1n - Lobos News","og_description":"El primer ministro de Israel, Benjam\u00edn Netanyahu, y el ministro de Finanzas, Bezalel Smotrich, aprobaron el martes una transferencia adicional inmediata de decenas de miles de millones de s\u00e9queles al presupuesto de Defensa para financiar la guerra contra Ir\u00e1n y L\u00edbano, en medio de la continuidad de la ofensiva militar iniciada el 28 de febrero...","og_url":"https:\/\/lobosnews.com.ar\/index.php\/2026\/03\/11\/netanyahu-anuncio-que-israel-destinara-un-presupuesto-especial-para-cubrir-los-gastos-en-defensa-derivados-de-la-guerra-contra-iran\/","og_site_name":"Lobos News","article_published_time":"2026-03-11T05:52:28+00:00","article_modified_time":"2026-03-11T08:53:00+00:00","og_image":[{"url":"https:\/\/lobosnews.com.ar\/wp-content\/uploads\/2026\/03\/netanyahu-anuncio-que-israel-destinara-un-presupuesto-especial-para-cubrir-los-gastos-en-defensa-derivados-de-la-guerra-contra-iran.jpg","type":"","width":"","height":""}],"author":"admin","twitter_card":"summary_large_image","twitter_misc":{"Escrito por":"admin","Tiempo de lectura":"3 minutos"},"schema":{"@context":"https:\/\/schema.org","@graph":[{"@type":"Article","@id":"https:\/\/lobosnews.com.ar\/index.php\/2026\/03\/11\/netanyahu-anuncio-que-israel-destinara-un-presupuesto-especial-para-cubrir-los-gastos-en-defensa-derivados-de-la-guerra-contra-iran\/#article","isPartOf":{"@id":"https:\/\/lobosnews.com.ar\/index.php\/2026\/03\/11\/netanyahu-anuncio-que-israel-destinara-un-presupuesto-especial-para-cubrir-los-gastos-en-defensa-derivados-de-la-guerra-contra-iran\/"},"author":{"name":"admin","@id":"https:\/\/lobosnews.com.ar\/#\/schema\/person\/232422a593d5c541dd9aef6aaed10943"},"headline":"Netanyahu anunci\u00f3 que Israel destinar\u00e1 un presupuesto especial para cubrir los gastos en defensa derivados de la guerra contra Ir\u00e1n","datePublished":"2026-03-11T05:52:28+00:00","dateModified":"2026-03-11T08:53:00+00:00","mainEntityOfPage":{"@id":"https:\/\/lobosnews.com.ar\/index.php\/2026\/03\/11\/netanyahu-anuncio-que-israel-destinara-un-presupuesto-especial-para-cubrir-los-gastos-en-defensa-derivados-de-la-guerra-contra-iran\/"},"wordCount":577,"commentCount":0,"publisher":{"@id":"https:\/\/lobosnews.com.ar\/#organization"},"image":{"@id":"https:\/\/lobosnews.com.ar\/index.php\/2026\/03\/11\/netanyahu-anuncio-que-israel-destinara-un-presupuesto-especial-para-cubrir-los-gastos-en-defensa-derivados-de-la-guerra-contra-iran\/#primaryimage"},"thumbnailUrl":"https:\/\/lobosnews.com.ar\/wp-content\/uploads\/2026\/03\/netanyahu-anuncio-que-israel-destinara-un-presupuesto-especial-para-cubrir-los-gastos-en-defensa-derivados-de-la-guerra-contra-iran-4-scaled.jpg","articleSection":["Actualidad"],"inLanguage":"es","potentialAction":[{"@type":"CommentAction","name":"Comment","target":["https:\/\/lobosnews.com.ar\/index.php\/2026\/03\/11\/netanyahu-anuncio-que-israel-destinara-un-presupuesto-especial-para-cubrir-los-gastos-en-defensa-derivados-de-la-guerra-contra-iran\/#respond"]}]},{"@type":"WebPage","@id":"https:\/\/lobosnews.com.ar\/index.php\/2026\/03\/11\/netanyahu-anuncio-que-israel-destinara-un-presupuesto-especial-para-cubrir-los-gastos-en-defensa-derivados-de-la-guerra-contra-iran\/","url":"https:\/\/lobosnews.com.ar\/index.php\/2026\/03\/11\/netanyahu-anuncio-que-israel-destinara-un-presupuesto-especial-para-cubrir-los-gastos-en-defensa-derivados-de-la-guerra-contra-iran\/","name":"Netanyahu anunci\u00f3 que Israel destinar\u00e1 un presupuesto especial para cubrir los gastos en defensa derivados de la guerra contra Ir\u00e1n - Lobos News","isPartOf":{"@id":"https:\/\/lobosnews.com.ar\/#website"},"primaryImageOfPage":{"@id":"https:\/\/lobosnews.com.ar\/index.php\/2026\/03\/11\/netanyahu-anuncio-que-israel-destinara-un-presupuesto-especial-para-cubrir-los-gastos-en-defensa-derivados-de-la-guerra-contra-iran\/#primaryimage"},"image":{"@id":"https:\/\/lobosnews.com.ar\/index.php\/2026\/03\/11\/netanyahu-anuncio-que-israel-destinara-un-presupuesto-especial-para-cubrir-los-gastos-en-defensa-derivados-de-la-guerra-contra-iran\/#primaryimage"},"thumbnailUrl":"https:\/\/lobosnews.com.ar\/wp-content\/uploads\/2026\/03\/netanyahu-anuncio-que-israel-destinara-un-presupuesto-especial-para-cubrir-los-gastos-en-defensa-derivados-de-la-guerra-contra-iran-4-scaled.jpg","datePublished":"2026-03-11T05:52:28+00:00","dateModified":"2026-03-11T08:53:00+00:00","breadcrumb":{"@id":"https:\/\/lobosnews.com.ar\/index.php\/2026\/03\/11\/netanyahu-anuncio-que-israel-destinara-un-presupuesto-especial-para-cubrir-los-gastos-en-defensa-derivados-de-la-guerra-contra-iran\/#breadcrumb"},"inLanguage":"es","potentialAction":[{"@type":"ReadAction","target":["https:\/\/lobosnews.com.ar\/index.php\/2026\/03\/11\/netanyahu-anuncio-que-israel-destinara-un-presupuesto-especial-para-cubrir-los-gastos-en-defensa-derivados-de-la-guerra-contra-iran\/"]}]},{"@type":"ImageObject","inLanguage":"es","@id":"https:\/\/lobosnews.com.ar\/index.php\/2026\/03\/11\/netanyahu-anuncio-que-israel-destinara-un-presupuesto-especial-para-cubrir-los-gastos-en-defensa-derivados-de-la-guerra-contra-iran\/#primaryimage","url":"https:\/\/lobosnews.com.ar\/wp-content\/uploads\/2026\/03\/netanyahu-anuncio-que-israel-destinara-un-presupuesto-especial-para-cubrir-los-gastos-en-defensa-derivados-de-la-guerra-contra-iran-4-scaled.jpg","contentUrl":"https:\/\/lobosnews.com.ar\/wp-content\/uploads\/2026\/03\/netanyahu-anuncio-que-israel-destinara-un-presupuesto-especial-para-cubrir-los-gastos-en-defensa-derivados-de-la-guerra-contra-iran-4-scaled.jpg","width":2560,"height":1706,"caption":"Netanyahu anunci\u00f3 que Israel destinar\u00e1 un presupuesto especial para cubrir los gastos en defensa derivados de la guerra contra Ir\u00e1n"},{"@type":"BreadcrumbList","@id":"https:\/\/lobosnews.com.ar\/index.php\/2026\/03\/11\/netanyahu-anuncio-que-israel-destinara-un-presupuesto-especial-para-cubrir-los-gastos-en-defensa-derivados-de-la-guerra-contra-iran\/#breadcrumb","itemListElement":[{"@type":"ListItem","position":1,"name":"Portada","item":"https:\/\/lobosnews.com.ar\/"},{"@type":"ListItem","position":2,"name":"Netanyahu anunci\u00f3 que Israel destinar\u00e1 un presupuesto especial para cubrir los gastos en defensa derivados de la guerra contra Ir\u00e1n"}]},{"@type":"WebSite","@id":"https:\/\/lobosnews.com.ar\/#website","url":"https:\/\/lobosnews.com.ar\/","name":"Lobos News","description":"Informaci\u00f3n a cada instante","publisher":{"@id":"https:\/\/lobosnews.com.ar\/#organization"},"potentialAction":[{"@type":"SearchAction","target":{"@type":"EntryPoint","urlTemplate":"https:\/\/lobosnews.com.ar\/?s={search_term_string}"},"query-input":{"@type":"PropertyValueSpecification","valueRequired":true,"valueName":"search_term_string"}}],"inLanguage":"es"},{"@type":"Organization","@id":"https:\/\/lobosnews.com.ar\/#organization","name":"Lobos News","url":"https:\/\/lobosnews.com.ar\/","logo":{"@type":"ImageObject","inLanguage":"es","@id":"https:\/\/lobosnews.com.ar\/#\/schema\/logo\/image\/","url":"https:\/\/lobosnews.com.ar\/wp-content\/uploads\/2026\/01\/logo-lobosnews.png","contentUrl":"https:\/\/lobosnews.com.ar\/wp-content\/uploads\/2026\/01\/logo-lobosnews.png","width":500,"height":200,"caption":"Lobos News"},"image":{"@id":"https:\/\/lobosnews.com.ar\/#\/schema\/logo\/image\/"}},{"@type":"Person","@id":"https:\/\/lobosnews.com.ar\/#\/schema\/person\/232422a593d5c541dd9aef6aaed10943","name":"admin","image":{"@type":"ImageObject","inLanguage":"es","@id":"https:\/\/lobosnews.com.ar\/#\/schema\/person\/image\/","url":"https:\/\/secure.gravatar.com\/avatar\/76e419471a2083bc3ceab22a763dbbf9b0c1bd15a6214cf3280e2c2dde4580f9?s=96&d=mm&r=g","contentUrl":"https:\/\/secure.gravatar.com\/avatar\/76e419471a2083bc3ceab22a763dbbf9b0c1bd15a6214cf3280e2c2dde4580f9?s=96&d=mm&r=g","caption":"admin"},"sameAs":["https:\/\/lobosnews.com.ar"],"url":"https:\/\/lobosnews.com.ar\/index.php\/author\/lobos-news\/"}]}},"jetpack_featured_media_url":"https:\/\/lobosnews.com.ar\/wp-content\/uploads\/2026\/03\/netanyahu-anuncio-que-israel-destinara-un-presupuesto-especial-para-cubrir-los-gastos-en-defensa-derivados-de-la-guerra-contra-iran-4-scaled.jpg","jetpack_sharing_enabled":true,"_links":{"self":[{"href":"https:\/\/lobosnews.com.ar\/index.php\/wp-json\/wp\/v2\/posts\/31908","targetHints":{"allow":["GET"]}}],"collection":[{"href":"https:\/\/lobosnews.com.ar\/index.php\/wp-json\/wp\/v2\/posts"}],"about":[{"href":"https:\/\/lobosnews.com.ar\/index.php\/wp-json\/wp\/v2\/types\/post"}],"author":[{"embeddable":true,"href":"https:\/\/lobosnews.com.ar\/index.php\/wp-json\/wp\/v2\/users\/1"}],"replies":[{"embeddable":true,"href":"https:\/\/lobosnews.com.ar\/index.php\/wp-json\/wp\/v2\/comments?post=31908"}],"version-history":[{"count":1,"href":"https:\/\/lobosnews.com.ar\/index.php\/wp-json\/wp\/v2\/posts\/31908\/revisions"}],"predecessor-version":[{"id":31912,"href":"https:\/\/lobosnews.com.ar\/index.php\/wp-json\/wp\/v2\/posts\/31908\/revisions\/31912"}],"wp:featuredmedia":[{"embeddable":true,"href":"https:\/\/lobosnews.com.ar\/index.php\/wp-json\/wp\/v2\/media\/31913"}],"wp:attachment":[{"href":"https:\/\/lobosnews.com.ar\/index.php\/wp-json\/wp\/v2\/media?parent=31908"}],"wp:term":[{"taxonomy":"category","embeddable":true,"href":"https:\/\/lobosnews.com.ar\/index.php\/wp-json\/wp\/v2\/categories?post=31908"},{"taxonomy":"post_tag","embeddable":true,"href":"https:\/\/lobosnews.com.ar\/index.php\/wp-json\/wp\/v2\/tags?post=31908"}],"curies":[{"name":"wp","href":"https:\/\/api.w.org\/{rel}","templated":true}]}}