{"id":31899,"date":"2026-03-11T06:42:07","date_gmt":"2026-03-11T06:42:07","guid":{"rendered":"https:\/\/lobosnews.com.ar\/index.php\/2026\/03\/11\/en-vivo-el-ministro-de-exteriores-israeli-afirmo-que-su-pais-no-busca-una-guerra-interminable-contra-el-regimen-de-iran\/"},"modified":"2026-03-11T08:51:53","modified_gmt":"2026-03-11T08:51:53","slug":"en-vivo-el-ministro-de-exteriores-israeli-afirmo-que-su-pais-no-busca-una-guerra-interminable-contra-el-regimen-de-iran","status":"publish","type":"post","link":"https:\/\/lobosnews.com.ar\/index.php\/2026\/03\/11\/en-vivo-el-ministro-de-exteriores-israeli-afirmo-que-su-pais-no-busca-una-guerra-interminable-contra-el-regimen-de-iran\/","title":{"rendered":"EN VIVO: El ministro de Exteriores israel\u00ed afirm\u00f3 que su pa\u00eds no busca una \u201cguerra interminable\u201d contra el r\u00e9gimen de Ir\u00e1n"},"content":{"rendered":"<p><img loading=\"lazy\" decoding=\"async\" src=\"https:\/\/lobosnews.com.ar\/wp-content\/uploads\/2026\/03\/en-vivo-el-ministro-de-exteriores-israeli-afirmo-que-su-pais-no-busca-una-guerra-interminable-contra-el-regimen-de-iran.jpg\" alt=\"La Guardia Revolucionaria de Ir\u00e1n le respondi\u00f3 a Donald Trump: \u201cNosotros determinaremos el fin de la guerra\u201d (REUTERS)\" height=\"2000\" width=\"3000\"\/><\/p>\n<p>Los l\u00edderes del <b>G7<\/b> celebrar\u00e1n este mi\u00e9rcoles una cumbre virtual de emergencia para coordinar la respuesta ante la crisis econ\u00f3mica provocada por la guerra entre Estados Unidos, Israel e Ir\u00e1n, un conflicto que desde el 28 de febrero agit\u00f3 los mercados energ\u00e9ticos mundiales. La convocatoria fue impulsada por el presidente franc\u00e9s <b>Emmanuel Macron<\/b>, en su calidad de titular de la presidencia del grupo, y fue confirmada por el primer ministro canadiense <b>Mark Carney<\/b> tras un di\u00e1logo con el mandatario franc\u00e9s.<\/p>\n<p>Durante la madrugada, <b>Ir\u00e1n<\/b> intensific\u00f3 los ataques y afirm\u00f3 haber lanzado su <b>\u201coperaci\u00f3n m\u00e1s intensa y contundente\u201d<\/b> contra Israel y posiciones militares estadounidenses desde el inicio de la guerra, seg\u00fan informaron medios estatales. <b>Israel<\/b> anunci\u00f3 el inicio de un nuevo bombardeo sobre <b>Teher\u00e1n<\/b> y ataques en los suburbios del sur de <b>Beirut<\/b>. En la regi\u00f3n, pa\u00edses del Golfo interceptaron nuevas oleadas de drones y misiles.<\/p>\n<p>Por otra parte, el <b>Comando Central de Estados Unidos (CENTCOM)<\/b> inform\u00f3 el martes por la noche que fuerzas estadounidenses destruyeron <b>16 buques minadores iran\u00edes<\/b> cerca del <b>estrecho de Ormuz<\/b>, en una operaci\u00f3n militar que se produce en medio de informaciones de que Teher\u00e1n intenta desplegar explosivos navales en uno de los corredores energ\u00e9ticos m\u00e1s importantes del mundo. Seg\u00fan el ej\u00e9rcito estadounidense, las embarcaciones participaban en tareas de colocaci\u00f3n de minas en la zona.<\/p>\n<p><span class=\"waslinkname\"><\/span><\/p>\n<p><i><u>A continuaci\u00f3n, la cobertura minuto a minuto:<\/u><\/i><\/p>\n<h2>Arabia Saudita intercept\u00f3 drones que se dirig\u00edan a un campo petrol\u00edfero en una nueva ola de ataques al Golfo<\/h2>\n<p><b>Arabia Saudita<\/b> inform\u00f3 el mi\u00e9rcoles que intercept\u00f3 una oleada de siete drones dirigidos hacia el estrat\u00e9gico <b>campo petrolero de Shaybah<\/b>, en medio de nuevos ataques lanzados por <b>Ir\u00e1n<\/b> contra pa\u00edses vecinos del Golfo y su infraestructura energ\u00e9tica. Seg\u00fan el <b>Ministerio de Defensa saud\u00ed<\/b>, \u201cdos drones que se dirig\u00edan al campo petrol\u00edfero de Shaybah fueron interceptados y destruidos\u201d, y otros cinco drones fueron neutralizados en distintos puntos.<\/p>\n<p>El yacimiento de Shaybah, operado por <b>Aramco<\/b> y cercano a la frontera con <b>Emiratos \u00c1rabes Unidos<\/b>, es fundamental para la producci\u00f3n petrolera saud\u00ed. <\/p>\n<p>Adem\u00e1s, el reino anunci\u00f3 la interceptaci\u00f3n de siete misiles bal\u00edsticos en ataques separados contra la regi\u00f3n oriental y la <b>Base A\u00e9rea Pr\u00edncipe Sult\u00e1n<\/b>, donde un soldado estadounidense result\u00f3 herido el 1 de marzo y falleci\u00f3 una semana despu\u00e9s.<\/p>\n<h2>Las Fuerzas de Defensa de Israel (FDI) eliminaron un escuadr\u00f3n de lanzamiento iran\u00ed<\/h2>\n<p>Las <b>Fuerzas de Defensa de Israel (FDI)<\/b> informaron la eliminaci\u00f3n de un escuadr\u00f3n de lanzamiento minutos antes de que intentara lanzar un veh\u00edculo a\u00e9reo no tripulado desde <b>Ir\u00e1n<\/b> hacia territorio israel\u00ed.<\/p>\n<p>La <b>Fuerza A\u00e9rea<\/b> identific\u00f3 el lunes a varios soldados en un complejo de drones del r\u00e9gimen iran\u00ed, ubicados en una plataforma de lanzamiento en el oeste del pa\u00eds. Tras la localizaci\u00f3n, un avi\u00f3n israel\u00ed atac\u00f3 el sitio y abati\u00f3 a varios miembros del escuadr\u00f3n que se preparaban para lanzar el dron.<\/p>\n<p>Las FDI se\u00f1alaron que mantienen operaciones continuas para destruir infraestructura y eliminar a soldados vinculados con complejos de misiles bal\u00edsticos y veh\u00edculos a\u00e9reos no tripulados en el oeste de Ir\u00e1n, con el objetivo de reducir al m\u00e1ximo el alcance de los disparos contra el Estado de Israel.<\/p>\n<p>\/america\/mundo\/2026\/03\/11\/el-ministro-de-exteriores-israeli-afirmo-que-su-pais-no-busca-una-guerra-interminable-contra-el-regimen-de-iran\/<\/p>\n<h2>Qatar intercept\u00f3 un nuevo ataque y emiti\u00f3 una alerta de nivel \u201celevado\u201d<\/h2>\n<p>El <b>Ministerio de Defensa <\/b>qatar\u00ed inform\u00f3 que las fuerzas armadas interceptaron un nuevo ataque con misiles dirigido al pa\u00eds. El incidente ocurri\u00f3 poco despu\u00e9s de que las autoridades qatar\u00edes emitieran una alerta de amenaza de seguridad \u201celevada\u201d.<\/p>\n<p>Testigos y corresponsales de <i>AFP <\/i>reportaron varias explosiones en Doha durante la jornada del mi\u00e9rcoles, en el duod\u00e9cimo d\u00eda de ataques de represalia lanzados por <b>Ir\u00e1n<\/b> en la regi\u00f3n del <b>Golfo<\/b>.<\/p>\n<h2>La ONU teme que el cierre del Estrecho de Ormuz pueda aumentar el coste de los alimentos<\/h2>\n<p><img loading=\"lazy\" decoding=\"async\" src=\"https:\/\/lobosnews.com.ar\/wp-content\/uploads\/2026\/03\/en-vivo-el-ministro-de-exteriores-israeli-afirmo-que-su-pais-no-busca-una-guerra-interminable-contra-el-regimen-de-iran-1.jpg\" alt=\"Un proyectil da\u00f1\u00f3 este mi\u00e9rcoles un buque de contenedores en el estrecho de Ormuz (Europa press)\" height=\"1071\" width=\"1920\"\/><\/p>\n<p>La <b>Conferencia de las Naciones Unidas sobre Comercio y Desarrollo (UNCTAD)<\/b> advirti\u00f3 que el cierre del Estrecho de Ormuz podr\u00eda incrementar los costos de los alimentos y \u201cagudizar las presiones sobre el costo de vida, especialmente para los m\u00e1s vulnerables\u201d.<\/p>\n<p>En un nuevo informe, el organismo destac\u00f3 la importancia de esta v\u00eda para el suministro energ\u00e9tico global:<b> el 38% del petr\u00f3leo crudo mundial, el 29% del gas licuado de petr\u00f3leo (GLP) y el 19% del gas natural licuado (GNL) transitan por la zona<\/b>.<\/p>\n<p>Adem\u00e1s, un tercio de todos los fertilizantes transportados por mar tambi\u00e9n pasa por Ormuz. \u201c<b>El aumento de los costos de la energ\u00eda, los fertilizantes y el transporte puede incrementar los costos de los alimentos e intensificar las presiones sobre el costo de la vida<\/b>, en particular para los m\u00e1s vulnerables\u201d, se\u00f1al\u00f3 la UNCTAD.<\/p>\n<p>Seg\u00fan el informe, el impacto se sentir\u00eda con mayor fuerza en <b>Asia<\/b>, que recibe el 84% de los bienes transportados por esta ruta estrat\u00e9gica.<\/p>\n<h2>El embajador de EEUU ante la ONU afirm\u00f3 que los ataques de Ir\u00e1n unen a los pa\u00edses del Golfo<\/h2>\n<p><img loading=\"lazy\" decoding=\"async\" src=\"https:\/\/lobosnews.com.ar\/wp-content\/uploads\/2026\/03\/en-vivo-el-ministro-de-exteriores-israeli-afirmo-que-su-pais-no-busca-una-guerra-interminable-contra-el-regimen-de-iran-2.jpg\" alt=\"El embajador de Estados Unidos ante las Naciones Unidas, Mike Waltz, habla durante una reuni\u00f3n del Consejo de Seguridad de las Naciones Unidas, despu\u00e9s de que Estados Unidos e Israel lanzaran ataques contra Ir\u00e1n (REUTERS\/Heather Khalifa)\" height=\"3708\" width=\"5562\"\/><\/p>\n<p><b>Mike Waltz<\/b>, embajador de <b>Estados Unidos<\/b> ante la <b>ONU<\/b>, afirm\u00f3 este martes que los ataques del r\u00e9gimen iran\u00ed contra hoteles, puertos, aeropuertos y otras infraestructuras en pa\u00edses de la regi\u00f3n \u201c<b>tendr\u00e1n un efecto contraproducente<\/b>\u201d para <b>Teher\u00e1n<\/b>.<\/p>\n<h2>Arabia Saudita intercepta drones que se dirig\u00edan al campo petrol\u00edfero de Shaybah<\/h2>\n<p>El <b>Ministerio de Defensa de Arabia Saudita<\/b> inform\u00f3 en la \u00faltima hora que intercept\u00f3 y destruy\u00f3 cinco drones sobre la zona des\u00e9rtica de <b>Empty Quarter<\/b>, que se dirig\u00edan hacia el yacimiento petrol\u00edfero de <b>Shaybah<\/b>. Este yacimiento, operado por <b>Saudi Aramco<\/b>, tiene capacidad para producir un mill\u00f3n de barriles de crudo diarios.<\/p>\n<p>La autoridad saud\u00ed tambi\u00e9n report\u00f3 la interceptaci\u00f3n de dos oleadas adicionales de drones en la regi\u00f3n oriental del pa\u00eds.<\/p>\n<h2>Reino Unido inform\u00f3 que un barco frente a las costas de los EAU fue alcanzado por un proyectil<\/h2>\n<p><img loading=\"lazy\" decoding=\"async\" src=\"https:\/\/lobosnews.com.ar\/wp-content\/uploads\/2026\/03\/en-vivo-el-ministro-de-exteriores-israeli-afirmo-que-su-pais-no-busca-una-guerra-interminable-contra-el-regimen-de-iran-3.jpg\" alt=\"Reino Unido inform\u00f3 que \"se desconoce la magnitud de los da\u00f1os, pero la tripulaci\u00f3n los est\u00e1 investigando\" (UKMTO v\u00eda X)\" height=\"1080\" width=\"1920\"\/><\/p>\n<p>Un buque portacontenedores result\u00f3 alcanzado por un proyectil no identificado frente a las costas de <b>Emiratos \u00c1rabes Unidos<\/b>, seg\u00fan report\u00f3 la <b>Oficina de Operaciones Comerciales Mar\u00edtimas del Reino Unido (UKMTO)<\/b>.<\/p>\n<p>El incidente ocurre en medio de la campa\u00f1a de represalias del r\u00e9gimen iran\u00ed en el <b>Golfo<\/b>, tras los ataques de <b>Estados Unidos<\/b> e <b>Israel<\/b>.<\/p>\n<p>La UKMTO se\u00f1al\u00f3 que \u201cel capit\u00e1n de un buque portacontenedores ha informado que el buque sufri\u00f3 da\u00f1os por un proyectil sospechoso pero desconocido\u201d, y agreg\u00f3 que, aunque se desconoce el alcance de los da\u00f1os, toda la tripulaci\u00f3n se encuentra a salvo.<\/p>\n<p>El incidente tuvo lugar a 25 millas n\u00e1uticas (29 millas) al noroeste del emirato de Ras Al Khaimah, inform\u00f3 la agencia.<\/p>\n<p>\/wapo\/2026\/03\/11\/un-dron-impacto-en-una-instalacion-diplomatica-estadounidense-en-irak-mientras-se-profundiza-la-violencia-en-medio-oriente\/<\/p>\n<h2>El ministro de Industria nip\u00f3n afirm\u00f3 que la guerra de Ir\u00e1n ya impacta los mercados de Asia<\/h2>\n<p><img loading=\"lazy\" decoding=\"async\" src=\"https:\/\/lobosnews.com.ar\/wp-content\/uploads\/2026\/03\/en-vivo-el-ministro-de-exteriores-israeli-afirmo-que-su-pais-no-busca-una-guerra-interminable-contra-el-regimen-de-iran-4.jpg\" alt=\"El ministro de Industria de Jap\u00f3n, Ryosei Akazawa (REUTERS\/Kim Kyung-Hoon\/Archivo)\" height=\"3667\" width=\"5500\"\/><\/p>\n<p><b>Ryosei Akazawa<\/b>, funcionario a cargo de la cartera industrial japonesa, afirm\u00f3 este mi\u00e9rcoles que la interrupci\u00f3n del tr\u00e1fico en el estrat\u00e9gico <b>estrecho de Ormuz<\/b>, en el contexto de la guerra en Ir\u00e1n, ya est\u00e1 teniendo consecuencias en Asia. Las declaraciones se conocieron antes de la reuni\u00f3n de l\u00edderes del <b>G7<\/b>.<\/p>\n<p>\u201c<b>Asia ya se est\u00e1 viendo afectada por la suspensi\u00f3n de la navegaci\u00f3n a trav\u00e9s del estrecho de Ormuz<\/b>. (&#8230;) Jap\u00f3n est\u00e1 cada vez m\u00e1s preocupado\u201d, declar\u00f3 Akazawa a la prensa tras participar en una reuni\u00f3n nocturna de los ministros de Energ\u00eda del G7.<\/p>\n<p>El funcionario subray\u00f3 que \u201cla preocupaci\u00f3n en el mercado energ\u00e9tico mundial ha ido en aumento\u201d y <b>consider\u00f3 un \u201cgran logro\u201d la r\u00e1pida convocatoria de los ministros de Energ\u00eda del G7 <\/b>y su disposici\u00f3n a colaborar para estabilizar el mercado global.<\/p>\n<h2>El r\u00e9gimen iran\u00ed confirm\u00f3 que Kuwait fue objetivo de un nuevo ataque<\/h2>\n<p>La <b>Guardia Revolucionaria de Ir\u00e1n<\/b> afirm\u00f3 el mi\u00e9rcoles que al menos dos misiles fueron lanzados contra una base estadounidense en <b>Kuwait<\/b>, seg\u00fan reportaron las agencias iran\u00edes <i>Fars <\/i>y <i>Mehr<\/i>.<\/p>\n<p>\u201cLa base estadounidense en Arifjan fue&#8230; alcanzada por el disparo de dos misiles de la unidad de misiles de la Fuerza Terrestre del CGRI\u201d, indicaron los guardias, en referencia al <b>Campamento Arifjan<\/b>, ubicado al sur de la ciudad de Kuwait.<\/p>\n<p>Hasta el momento, las autoridades kuwait\u00edes no han emitido comentarios sobre estos informes.<\/p>\n<p>\/america\/mundo\/2026\/03\/11\/el-regimen-de-iran-lanzo-otra-ola-de-ataques-contra-israel-y-posiciones-militares-estadounidenses-en-irak\/<\/p>\n<h2>Mosc\u00fa busca frenar el conflicto en Medio Oriente<\/h2>\n<p><img loading=\"lazy\" decoding=\"async\" src=\"https:\/\/lobosnews.com.ar\/wp-content\/uploads\/2026\/03\/en-vivo-el-ministro-de-exteriores-israeli-afirmo-que-su-pais-no-busca-una-guerra-interminable-contra-el-regimen-de-iran-5.jpg\" alt=\"El presidente ruso, Vladimir Putin, el 10 de marzo de 2026 (REUTERS)\" height=\"3144\" width=\"4680\"\/><\/p>\n<p><b>Rusia present\u00f3 un proyecto de resoluci\u00f3n ante la ONU que insta a todas las partes involucradas en la guerra con Ir\u00e1n a detener de inmediato sus actividades militares<\/b>. El texto, de car\u00e1cter breve, \u201ccondena en los t\u00e9rminos m\u00e1s en\u00e9rgicos todos los ataques contra civiles e infraestructuras civiles y pide su protecci\u00f3n\u201d, y promueve un r\u00e1pido retorno a las negociaciones y la diplomacia, sin nombrar espec\u00edficamente a Ir\u00e1n, Estados Unidos o Israel.<\/p>\n<p><b>El borrador, presentado en su versi\u00f3n final el martes por la noche, podr\u00eda ser sometido a votaci\u00f3n el mi\u00e9rcoles por la tarde<\/b>, despu\u00e9s de la votaci\u00f3n de una resoluci\u00f3n impulsada por pa\u00edses del Golfo que exige a Ir\u00e1n el cese de ataques contra sus vecinos \u00e1rabes.<\/p>\n<p>La propuesta rusa, obtenida por <i>The Associated Press<\/i>, recuerda la prohibici\u00f3n de la Carta de las Naciones Unidas sobre el uso de la fuerza contra la integridad territorial o la independencia pol\u00edtica de los Estados, y enfatiza la importancia de garantizar la seguridad de todos los pa\u00edses de Oriente Medio y m\u00e1s all\u00e1.<\/p>\n<h2>Qatar: \u201cLa seguridad del CCG no es seguridad regional, es seguridad global\u201d<\/h2>\n<p>El ministro de Estado de Qatar, <b>Mohammed bin Abdulaziz al-Khulaifi<\/b>, reconoci\u00f3 que su pa\u00eds se sorprendi\u00f3 por los recientes ataques del r\u00e9gimen iran\u00ed, dadas las hist\u00f3ricas gestiones de mediaci\u00f3n de Doha entre Teher\u00e1n y Occidente. Al ser consultado sobre si Qatar se sinti\u00f3 traicionado por la ofensiva de Ir\u00e1n, el ministro destac\u00f3 que, pese a la sorpresa, la diplomacia sigue siendo la \u00fanica v\u00eda posible para una soluci\u00f3n duradera.<\/p>\n<p>\u201cCreemos que no hay otra v\u00eda para una soluci\u00f3n sostenible y duradera que volver a la mesa de negociaciones\u201d, sostuvo Al-Khulaifi. A\u00f1adi\u00f3 que <b>Teher\u00e1n<\/b> debe comprender que los pa\u00edses de la regi\u00f3n \u201cno son enemigos de Ir\u00e1n\u201d. No obstante, insisti\u00f3 en que Qatar continuar\u00e1 promoviendo la desescalada y buscando una salida pol\u00edtica al conflicto.<\/p>\n<p>\u201c<b>El Estado de Qatar expres\u00f3 claramente nuestra condena<\/b>\u201d, se\u00f1al\u00f3 el ministro, y subray\u00f3 que la postura de Doha ha sido transmitir que los pa\u00edses del Golfo no son enemigos de Ir\u00e1n, aunque<b> \u201clos iran\u00edes no entienden esa idea\u201d<\/b>.<\/p>\n<p>\u201cSiguen lanzando misiles y atacando al Estado de Qatar y a los pa\u00edses de la regi\u00f3n. Esto no beneficia en absoluto a Ir\u00e1n; de hecho, perjudica enormemente su larga relaci\u00f3n hist\u00f3rica\u201d, afirm\u00f3 y sum\u00f3: \u201c<b>Quiero enfatizar que la seguridad del CCG <\/b>(Consejo de Cooperaci\u00f3n para los Estados \u00c1rabes del Golfo)<b> no se trata solo de seguridad regional, sino de seguridad global<\/b>\u201d.<\/p>\n<p>\/america\/mundo\/2026\/03\/11\/el-nuevo-lider-de-iran-quien-aun-guarda-silencio-fue-impuesto-por-la-guardia-revolucionaria\/<\/p>\n","protected":false},"excerpt":{"rendered":"<p>Los l\u00edderes del G7 celebrar\u00e1n este mi\u00e9rcoles una cumbre virtual de emergencia para coordinar la respuesta ante la crisis econ\u00f3mica provocada por la guerra entre Estados Unidos, Israel e Ir\u00e1n, un conflicto que desde el 28 de febrero agit\u00f3 los mercados energ\u00e9ticos mundiales. La convocatoria fue impulsada por el presidente franc\u00e9s Emmanuel Macron, en su&#8230;<\/p>\n","protected":false},"author":1,"featured_media":31907,"comment_status":"open","ping_status":"closed","sticky":false,"template":"","format":"standard","meta":{"_jetpack_memberships_contains_paid_content":false,"footnotes":""},"categories":[31],"tags":[],"class_list":["post-31899","post","type-post","status-publish","format-standard","has-post-thumbnail","hentry","category-actualidad"],"magazineBlocksPostFeaturedMedia":{"thumbnail":"https:\/\/lobosnews.com.ar\/wp-content\/uploads\/2026\/03\/en-vivo-el-ministro-de-exteriores-israeli-afirmo-que-su-pais-no-busca-una-guerra-interminable-contra-el-regimen-de-iran-10-150x150.jpg","medium":"https:\/\/lobosnews.com.ar\/wp-content\/uploads\/2026\/03\/en-vivo-el-ministro-de-exteriores-israeli-afirmo-que-su-pais-no-busca-una-guerra-interminable-contra-el-regimen-de-iran-10-300x202.jpg","medium_large":"https:\/\/lobosnews.com.ar\/wp-content\/uploads\/2026\/03\/en-vivo-el-ministro-de-exteriores-israeli-afirmo-que-su-pais-no-busca-una-guerra-interminable-contra-el-regimen-de-iran-10-768x516.jpg","large":"https:\/\/lobosnews.com.ar\/wp-content\/uploads\/2026\/03\/en-vivo-el-ministro-de-exteriores-israeli-afirmo-que-su-pais-no-busca-una-guerra-interminable-contra-el-regimen-de-iran-10-1024x688.jpg","1536x1536":"https:\/\/lobosnews.com.ar\/wp-content\/uploads\/2026\/03\/en-vivo-el-ministro-de-exteriores-israeli-afirmo-que-su-pais-no-busca-una-guerra-interminable-contra-el-regimen-de-iran-10-1536x1032.jpg","2048x2048":"https:\/\/lobosnews.com.ar\/wp-content\/uploads\/2026\/03\/en-vivo-el-ministro-de-exteriores-israeli-afirmo-que-su-pais-no-busca-una-guerra-interminable-contra-el-regimen-de-iran-10-2048x1376.jpg","newsmatic-featured":"https:\/\/lobosnews.com.ar\/wp-content\/uploads\/2026\/03\/en-vivo-el-ministro-de-exteriores-israeli-afirmo-que-su-pais-no-busca-una-guerra-interminable-contra-el-regimen-de-iran-10-820x545.jpg","newsmatic-list":"https:\/\/lobosnews.com.ar\/wp-content\/uploads\/2026\/03\/en-vivo-el-ministro-de-exteriores-israeli-afirmo-que-su-pais-no-busca-una-guerra-interminable-contra-el-regimen-de-iran-10-600x400.jpg","newsmatic-thumb":"https:\/\/lobosnews.com.ar\/wp-content\/uploads\/2026\/03\/en-vivo-el-ministro-de-exteriores-israeli-afirmo-que-su-pais-no-busca-una-guerra-interminable-contra-el-regimen-de-iran-10-300x200.jpg","newsmatic-small":"https:\/\/lobosnews.com.ar\/wp-content\/uploads\/2026\/03\/en-vivo-el-ministro-de-exteriores-israeli-afirmo-que-su-pais-no-busca-una-guerra-interminable-contra-el-regimen-de-iran-10-150x95.jpg","newsmatic-grid":"https:\/\/lobosnews.com.ar\/wp-content\/uploads\/2026\/03\/en-vivo-el-ministro-de-exteriores-israeli-afirmo-que-su-pais-no-busca-una-guerra-interminable-contra-el-regimen-de-iran-10-400x250.jpg"},"magazineBlocksPostAuthor":{"name":"admin","avatar":"https:\/\/secure.gravatar.com\/avatar\/76e419471a2083bc3ceab22a763dbbf9b0c1bd15a6214cf3280e2c2dde4580f9?s=96&d=mm&r=g"},"magazineBlocksPostCommentsNumber":"0","magazineBlocksPostExcerpt":"Los l\u00edderes del G7 celebrar\u00e1n este mi\u00e9rcoles una cumbre virtual de emergencia para coordinar la respuesta ante la crisis econ\u00f3mica provocada por la guerra entre Estados Unidos, Israel e Ir\u00e1n, un conflicto que desde el 28 de febrero agit\u00f3 los mercados energ\u00e9ticos mundiales. La convocatoria fue impulsada por el presidente franc\u00e9s Emmanuel Macron, en su...","magazineBlocksPostCategories":["Actualidad"],"magazineBlocksPostViewCount":100,"magazineBlocksPostReadTime":10,"magazine_blocks_featured_image_url":{"full":["https:\/\/lobosnews.com.ar\/wp-content\/uploads\/2026\/03\/en-vivo-el-ministro-de-exteriores-israeli-afirmo-que-su-pais-no-busca-una-guerra-interminable-contra-el-regimen-de-iran-10-scaled.jpg",2560,1720,false],"medium":["https:\/\/lobosnews.com.ar\/wp-content\/uploads\/2026\/03\/en-vivo-el-ministro-de-exteriores-israeli-afirmo-que-su-pais-no-busca-una-guerra-interminable-contra-el-regimen-de-iran-10-300x202.jpg",300,202,true],"thumbnail":["https:\/\/lobosnews.com.ar\/wp-content\/uploads\/2026\/03\/en-vivo-el-ministro-de-exteriores-israeli-afirmo-que-su-pais-no-busca-una-guerra-interminable-contra-el-regimen-de-iran-10-150x150.jpg",150,150,true]},"magazine_blocks_author":{"display_name":"admin","author_link":"https:\/\/lobosnews.com.ar\/index.php\/author\/lobos-news\/"},"magazine_blocks_comment":0,"magazine_blocks_author_image":"https:\/\/secure.gravatar.com\/avatar\/76e419471a2083bc3ceab22a763dbbf9b0c1bd15a6214cf3280e2c2dde4580f9?s=96&d=mm&r=g","magazine_blocks_category":"<a href=\"#\" class=\"category-link category-link-31\">Actualidad<\/a>","yoast_head":"<!-- This site is optimized with the Yoast SEO plugin v26.6 - https:\/\/yoast.com\/wordpress\/plugins\/seo\/ -->\n<title>EN VIVO: El ministro de Exteriores israel\u00ed afirm\u00f3 que su pa\u00eds no busca una \u201cguerra interminable\u201d contra el r\u00e9gimen de Ir\u00e1n - Lobos News<\/title>\n<meta name=\"robots\" content=\"index, follow, max-snippet:-1, max-image-preview:large, max-video-preview:-1\" \/>\n<link rel=\"canonical\" href=\"https:\/\/lobosnews.com.ar\/index.php\/2026\/03\/11\/en-vivo-el-ministro-de-exteriores-israeli-afirmo-que-su-pais-no-busca-una-guerra-interminable-contra-el-regimen-de-iran\/\" \/>\n<meta property=\"og:locale\" content=\"es_ES\" \/>\n<meta property=\"og:type\" content=\"article\" \/>\n<meta property=\"og:title\" content=\"EN VIVO: El ministro de Exteriores israel\u00ed afirm\u00f3 que su pa\u00eds no busca una \u201cguerra interminable\u201d contra el r\u00e9gimen de Ir\u00e1n - Lobos News\" \/>\n<meta property=\"og:description\" content=\"Los l\u00edderes del G7 celebrar\u00e1n este mi\u00e9rcoles una cumbre virtual de emergencia para coordinar la respuesta ante la crisis econ\u00f3mica provocada por la guerra entre Estados Unidos, Israel e Ir\u00e1n, un conflicto que desde el 28 de febrero agit\u00f3 los mercados energ\u00e9ticos mundiales. La convocatoria fue impulsada por el presidente franc\u00e9s Emmanuel Macron, en su...\" \/>\n<meta property=\"og:url\" content=\"https:\/\/lobosnews.com.ar\/index.php\/2026\/03\/11\/en-vivo-el-ministro-de-exteriores-israeli-afirmo-que-su-pais-no-busca-una-guerra-interminable-contra-el-regimen-de-iran\/\" \/>\n<meta property=\"og:site_name\" content=\"Lobos News\" \/>\n<meta property=\"article:published_time\" content=\"2026-03-11T06:42:07+00:00\" \/>\n<meta property=\"article:modified_time\" content=\"2026-03-11T08:51:53+00:00\" \/>\n<meta property=\"og:image\" content=\"https:\/\/lobosnews.com.ar\/wp-content\/uploads\/2026\/03\/en-vivo-el-ministro-de-exteriores-israeli-afirmo-que-su-pais-no-busca-una-guerra-interminable-contra-el-regimen-de-iran.jpg\" \/>\n<meta name=\"author\" content=\"admin\" \/>\n<meta name=\"twitter:card\" content=\"summary_large_image\" \/>\n<meta name=\"twitter:label1\" content=\"Escrito por\" \/>\n\t<meta name=\"twitter:data1\" content=\"admin\" \/>\n\t<meta name=\"twitter:label2\" content=\"Tiempo de lectura\" \/>\n\t<meta name=\"twitter:data2\" content=\"9 minutos\" \/>\n<script type=\"application\/ld+json\" class=\"yoast-schema-graph\">{\"@context\":\"https:\/\/schema.org\",\"@graph\":[{\"@type\":\"Article\",\"@id\":\"https:\/\/lobosnews.com.ar\/index.php\/2026\/03\/11\/en-vivo-el-ministro-de-exteriores-israeli-afirmo-que-su-pais-no-busca-una-guerra-interminable-contra-el-regimen-de-iran\/#article\",\"isPartOf\":{\"@id\":\"https:\/\/lobosnews.com.ar\/index.php\/2026\/03\/11\/en-vivo-el-ministro-de-exteriores-israeli-afirmo-que-su-pais-no-busca-una-guerra-interminable-contra-el-regimen-de-iran\/\"},\"author\":{\"name\":\"admin\",\"@id\":\"https:\/\/lobosnews.com.ar\/#\/schema\/person\/232422a593d5c541dd9aef6aaed10943\"},\"headline\":\"EN VIVO: El ministro de Exteriores israel\u00ed afirm\u00f3 que su pa\u00eds no busca una \u201cguerra interminable\u201d contra el r\u00e9gimen de Ir\u00e1n\",\"datePublished\":\"2026-03-11T06:42:07+00:00\",\"dateModified\":\"2026-03-11T08:51:53+00:00\",\"mainEntityOfPage\":{\"@id\":\"https:\/\/lobosnews.com.ar\/index.php\/2026\/03\/11\/en-vivo-el-ministro-de-exteriores-israeli-afirmo-que-su-pais-no-busca-una-guerra-interminable-contra-el-regimen-de-iran\/\"},\"wordCount\":1909,\"commentCount\":0,\"publisher\":{\"@id\":\"https:\/\/lobosnews.com.ar\/#organization\"},\"image\":{\"@id\":\"https:\/\/lobosnews.com.ar\/index.php\/2026\/03\/11\/en-vivo-el-ministro-de-exteriores-israeli-afirmo-que-su-pais-no-busca-una-guerra-interminable-contra-el-regimen-de-iran\/#primaryimage\"},\"thumbnailUrl\":\"https:\/\/lobosnews.com.ar\/wp-content\/uploads\/2026\/03\/en-vivo-el-ministro-de-exteriores-israeli-afirmo-que-su-pais-no-busca-una-guerra-interminable-contra-el-regimen-de-iran-10-scaled.jpg\",\"articleSection\":[\"Actualidad\"],\"inLanguage\":\"es\",\"potentialAction\":[{\"@type\":\"CommentAction\",\"name\":\"Comment\",\"target\":[\"https:\/\/lobosnews.com.ar\/index.php\/2026\/03\/11\/en-vivo-el-ministro-de-exteriores-israeli-afirmo-que-su-pais-no-busca-una-guerra-interminable-contra-el-regimen-de-iran\/#respond\"]}]},{\"@type\":\"WebPage\",\"@id\":\"https:\/\/lobosnews.com.ar\/index.php\/2026\/03\/11\/en-vivo-el-ministro-de-exteriores-israeli-afirmo-que-su-pais-no-busca-una-guerra-interminable-contra-el-regimen-de-iran\/\",\"url\":\"https:\/\/lobosnews.com.ar\/index.php\/2026\/03\/11\/en-vivo-el-ministro-de-exteriores-israeli-afirmo-que-su-pais-no-busca-una-guerra-interminable-contra-el-regimen-de-iran\/\",\"name\":\"EN VIVO: El ministro de Exteriores israel\u00ed afirm\u00f3 que su pa\u00eds no busca una \u201cguerra interminable\u201d contra el r\u00e9gimen de Ir\u00e1n - Lobos News\",\"isPartOf\":{\"@id\":\"https:\/\/lobosnews.com.ar\/#website\"},\"primaryImageOfPage\":{\"@id\":\"https:\/\/lobosnews.com.ar\/index.php\/2026\/03\/11\/en-vivo-el-ministro-de-exteriores-israeli-afirmo-que-su-pais-no-busca-una-guerra-interminable-contra-el-regimen-de-iran\/#primaryimage\"},\"image\":{\"@id\":\"https:\/\/lobosnews.com.ar\/index.php\/2026\/03\/11\/en-vivo-el-ministro-de-exteriores-israeli-afirmo-que-su-pais-no-busca-una-guerra-interminable-contra-el-regimen-de-iran\/#primaryimage\"},\"thumbnailUrl\":\"https:\/\/lobosnews.com.ar\/wp-content\/uploads\/2026\/03\/en-vivo-el-ministro-de-exteriores-israeli-afirmo-que-su-pais-no-busca-una-guerra-interminable-contra-el-regimen-de-iran-10-scaled.jpg\",\"datePublished\":\"2026-03-11T06:42:07+00:00\",\"dateModified\":\"2026-03-11T08:51:53+00:00\",\"breadcrumb\":{\"@id\":\"https:\/\/lobosnews.com.ar\/index.php\/2026\/03\/11\/en-vivo-el-ministro-de-exteriores-israeli-afirmo-que-su-pais-no-busca-una-guerra-interminable-contra-el-regimen-de-iran\/#breadcrumb\"},\"inLanguage\":\"es\",\"potentialAction\":[{\"@type\":\"ReadAction\",\"target\":[\"https:\/\/lobosnews.com.ar\/index.php\/2026\/03\/11\/en-vivo-el-ministro-de-exteriores-israeli-afirmo-que-su-pais-no-busca-una-guerra-interminable-contra-el-regimen-de-iran\/\"]}]},{\"@type\":\"ImageObject\",\"inLanguage\":\"es\",\"@id\":\"https:\/\/lobosnews.com.ar\/index.php\/2026\/03\/11\/en-vivo-el-ministro-de-exteriores-israeli-afirmo-que-su-pais-no-busca-una-guerra-interminable-contra-el-regimen-de-iran\/#primaryimage\",\"url\":\"https:\/\/lobosnews.com.ar\/wp-content\/uploads\/2026\/03\/en-vivo-el-ministro-de-exteriores-israeli-afirmo-que-su-pais-no-busca-una-guerra-interminable-contra-el-regimen-de-iran-10-scaled.jpg\",\"contentUrl\":\"https:\/\/lobosnews.com.ar\/wp-content\/uploads\/2026\/03\/en-vivo-el-ministro-de-exteriores-israeli-afirmo-que-su-pais-no-busca-una-guerra-interminable-contra-el-regimen-de-iran-10-scaled.jpg\",\"width\":2560,\"height\":1720,\"caption\":\"EN VIVO: El ministro de Exteriores israel\u00ed afirm\u00f3 que su pa\u00eds no busca una \u201cguerra interminable\u201d contra el r\u00e9gimen de Ir\u00e1n\"},{\"@type\":\"BreadcrumbList\",\"@id\":\"https:\/\/lobosnews.com.ar\/index.php\/2026\/03\/11\/en-vivo-el-ministro-de-exteriores-israeli-afirmo-que-su-pais-no-busca-una-guerra-interminable-contra-el-regimen-de-iran\/#breadcrumb\",\"itemListElement\":[{\"@type\":\"ListItem\",\"position\":1,\"name\":\"Portada\",\"item\":\"https:\/\/lobosnews.com.ar\/\"},{\"@type\":\"ListItem\",\"position\":2,\"name\":\"EN VIVO: El ministro de Exteriores israel\u00ed afirm\u00f3 que su pa\u00eds no busca una \u201cguerra interminable\u201d contra el r\u00e9gimen de Ir\u00e1n\"}]},{\"@type\":\"WebSite\",\"@id\":\"https:\/\/lobosnews.com.ar\/#website\",\"url\":\"https:\/\/lobosnews.com.ar\/\",\"name\":\"Lobos News\",\"description\":\"Informaci\u00f3n a cada instante\",\"publisher\":{\"@id\":\"https:\/\/lobosnews.com.ar\/#organization\"},\"potentialAction\":[{\"@type\":\"SearchAction\",\"target\":{\"@type\":\"EntryPoint\",\"urlTemplate\":\"https:\/\/lobosnews.com.ar\/?s={search_term_string}\"},\"query-input\":{\"@type\":\"PropertyValueSpecification\",\"valueRequired\":true,\"valueName\":\"search_term_string\"}}],\"inLanguage\":\"es\"},{\"@type\":\"Organization\",\"@id\":\"https:\/\/lobosnews.com.ar\/#organization\",\"name\":\"Lobos News\",\"url\":\"https:\/\/lobosnews.com.ar\/\",\"logo\":{\"@type\":\"ImageObject\",\"inLanguage\":\"es\",\"@id\":\"https:\/\/lobosnews.com.ar\/#\/schema\/logo\/image\/\",\"url\":\"https:\/\/lobosnews.com.ar\/wp-content\/uploads\/2026\/01\/logo-lobosnews.png\",\"contentUrl\":\"https:\/\/lobosnews.com.ar\/wp-content\/uploads\/2026\/01\/logo-lobosnews.png\",\"width\":500,\"height\":200,\"caption\":\"Lobos News\"},\"image\":{\"@id\":\"https:\/\/lobosnews.com.ar\/#\/schema\/logo\/image\/\"}},{\"@type\":\"Person\",\"@id\":\"https:\/\/lobosnews.com.ar\/#\/schema\/person\/232422a593d5c541dd9aef6aaed10943\",\"name\":\"admin\",\"image\":{\"@type\":\"ImageObject\",\"inLanguage\":\"es\",\"@id\":\"https:\/\/lobosnews.com.ar\/#\/schema\/person\/image\/\",\"url\":\"https:\/\/secure.gravatar.com\/avatar\/76e419471a2083bc3ceab22a763dbbf9b0c1bd15a6214cf3280e2c2dde4580f9?s=96&d=mm&r=g\",\"contentUrl\":\"https:\/\/secure.gravatar.com\/avatar\/76e419471a2083bc3ceab22a763dbbf9b0c1bd15a6214cf3280e2c2dde4580f9?s=96&d=mm&r=g\",\"caption\":\"admin\"},\"sameAs\":[\"https:\/\/lobosnews.com.ar\"],\"url\":\"https:\/\/lobosnews.com.ar\/index.php\/author\/lobos-news\/\"}]}<\/script>\n<!-- \/ Yoast SEO plugin. -->","yoast_head_json":{"title":"EN VIVO: El ministro de Exteriores israel\u00ed afirm\u00f3 que su pa\u00eds no busca una \u201cguerra interminable\u201d contra el r\u00e9gimen de Ir\u00e1n - Lobos News","robots":{"index":"index","follow":"follow","max-snippet":"max-snippet:-1","max-image-preview":"max-image-preview:large","max-video-preview":"max-video-preview:-1"},"canonical":"https:\/\/lobosnews.com.ar\/index.php\/2026\/03\/11\/en-vivo-el-ministro-de-exteriores-israeli-afirmo-que-su-pais-no-busca-una-guerra-interminable-contra-el-regimen-de-iran\/","og_locale":"es_ES","og_type":"article","og_title":"EN VIVO: El ministro de Exteriores israel\u00ed afirm\u00f3 que su pa\u00eds no busca una \u201cguerra interminable\u201d contra el r\u00e9gimen de Ir\u00e1n - Lobos News","og_description":"Los l\u00edderes del G7 celebrar\u00e1n este mi\u00e9rcoles una cumbre virtual de emergencia para coordinar la respuesta ante la crisis econ\u00f3mica provocada por la guerra entre Estados Unidos, Israel e Ir\u00e1n, un conflicto que desde el 28 de febrero agit\u00f3 los mercados energ\u00e9ticos mundiales. La convocatoria fue impulsada por el presidente franc\u00e9s Emmanuel Macron, en su...","og_url":"https:\/\/lobosnews.com.ar\/index.php\/2026\/03\/11\/en-vivo-el-ministro-de-exteriores-israeli-afirmo-que-su-pais-no-busca-una-guerra-interminable-contra-el-regimen-de-iran\/","og_site_name":"Lobos News","article_published_time":"2026-03-11T06:42:07+00:00","article_modified_time":"2026-03-11T08:51:53+00:00","og_image":[{"url":"https:\/\/lobosnews.com.ar\/wp-content\/uploads\/2026\/03\/en-vivo-el-ministro-de-exteriores-israeli-afirmo-que-su-pais-no-busca-una-guerra-interminable-contra-el-regimen-de-iran.jpg","type":"","width":"","height":""}],"author":"admin","twitter_card":"summary_large_image","twitter_misc":{"Escrito por":"admin","Tiempo de lectura":"9 minutos"},"schema":{"@context":"https:\/\/schema.org","@graph":[{"@type":"Article","@id":"https:\/\/lobosnews.com.ar\/index.php\/2026\/03\/11\/en-vivo-el-ministro-de-exteriores-israeli-afirmo-que-su-pais-no-busca-una-guerra-interminable-contra-el-regimen-de-iran\/#article","isPartOf":{"@id":"https:\/\/lobosnews.com.ar\/index.php\/2026\/03\/11\/en-vivo-el-ministro-de-exteriores-israeli-afirmo-que-su-pais-no-busca-una-guerra-interminable-contra-el-regimen-de-iran\/"},"author":{"name":"admin","@id":"https:\/\/lobosnews.com.ar\/#\/schema\/person\/232422a593d5c541dd9aef6aaed10943"},"headline":"EN VIVO: El ministro de Exteriores israel\u00ed afirm\u00f3 que su pa\u00eds no busca una \u201cguerra interminable\u201d contra el r\u00e9gimen de Ir\u00e1n","datePublished":"2026-03-11T06:42:07+00:00","dateModified":"2026-03-11T08:51:53+00:00","mainEntityOfPage":{"@id":"https:\/\/lobosnews.com.ar\/index.php\/2026\/03\/11\/en-vivo-el-ministro-de-exteriores-israeli-afirmo-que-su-pais-no-busca-una-guerra-interminable-contra-el-regimen-de-iran\/"},"wordCount":1909,"commentCount":0,"publisher":{"@id":"https:\/\/lobosnews.com.ar\/#organization"},"image":{"@id":"https:\/\/lobosnews.com.ar\/index.php\/2026\/03\/11\/en-vivo-el-ministro-de-exteriores-israeli-afirmo-que-su-pais-no-busca-una-guerra-interminable-contra-el-regimen-de-iran\/#primaryimage"},"thumbnailUrl":"https:\/\/lobosnews.com.ar\/wp-content\/uploads\/2026\/03\/en-vivo-el-ministro-de-exteriores-israeli-afirmo-que-su-pais-no-busca-una-guerra-interminable-contra-el-regimen-de-iran-10-scaled.jpg","articleSection":["Actualidad"],"inLanguage":"es","potentialAction":[{"@type":"CommentAction","name":"Comment","target":["https:\/\/lobosnews.com.ar\/index.php\/2026\/03\/11\/en-vivo-el-ministro-de-exteriores-israeli-afirmo-que-su-pais-no-busca-una-guerra-interminable-contra-el-regimen-de-iran\/#respond"]}]},{"@type":"WebPage","@id":"https:\/\/lobosnews.com.ar\/index.php\/2026\/03\/11\/en-vivo-el-ministro-de-exteriores-israeli-afirmo-que-su-pais-no-busca-una-guerra-interminable-contra-el-regimen-de-iran\/","url":"https:\/\/lobosnews.com.ar\/index.php\/2026\/03\/11\/en-vivo-el-ministro-de-exteriores-israeli-afirmo-que-su-pais-no-busca-una-guerra-interminable-contra-el-regimen-de-iran\/","name":"EN VIVO: El ministro de Exteriores israel\u00ed afirm\u00f3 que su pa\u00eds no busca una \u201cguerra interminable\u201d contra el r\u00e9gimen de Ir\u00e1n - Lobos News","isPartOf":{"@id":"https:\/\/lobosnews.com.ar\/#website"},"primaryImageOfPage":{"@id":"https:\/\/lobosnews.com.ar\/index.php\/2026\/03\/11\/en-vivo-el-ministro-de-exteriores-israeli-afirmo-que-su-pais-no-busca-una-guerra-interminable-contra-el-regimen-de-iran\/#primaryimage"},"image":{"@id":"https:\/\/lobosnews.com.ar\/index.php\/2026\/03\/11\/en-vivo-el-ministro-de-exteriores-israeli-afirmo-que-su-pais-no-busca-una-guerra-interminable-contra-el-regimen-de-iran\/#primaryimage"},"thumbnailUrl":"https:\/\/lobosnews.com.ar\/wp-content\/uploads\/2026\/03\/en-vivo-el-ministro-de-exteriores-israeli-afirmo-que-su-pais-no-busca-una-guerra-interminable-contra-el-regimen-de-iran-10-scaled.jpg","datePublished":"2026-03-11T06:42:07+00:00","dateModified":"2026-03-11T08:51:53+00:00","breadcrumb":{"@id":"https:\/\/lobosnews.com.ar\/index.php\/2026\/03\/11\/en-vivo-el-ministro-de-exteriores-israeli-afirmo-que-su-pais-no-busca-una-guerra-interminable-contra-el-regimen-de-iran\/#breadcrumb"},"inLanguage":"es","potentialAction":[{"@type":"ReadAction","target":["https:\/\/lobosnews.com.ar\/index.php\/2026\/03\/11\/en-vivo-el-ministro-de-exteriores-israeli-afirmo-que-su-pais-no-busca-una-guerra-interminable-contra-el-regimen-de-iran\/"]}]},{"@type":"ImageObject","inLanguage":"es","@id":"https:\/\/lobosnews.com.ar\/index.php\/2026\/03\/11\/en-vivo-el-ministro-de-exteriores-israeli-afirmo-que-su-pais-no-busca-una-guerra-interminable-contra-el-regimen-de-iran\/#primaryimage","url":"https:\/\/lobosnews.com.ar\/wp-content\/uploads\/2026\/03\/en-vivo-el-ministro-de-exteriores-israeli-afirmo-que-su-pais-no-busca-una-guerra-interminable-contra-el-regimen-de-iran-10-scaled.jpg","contentUrl":"https:\/\/lobosnews.com.ar\/wp-content\/uploads\/2026\/03\/en-vivo-el-ministro-de-exteriores-israeli-afirmo-que-su-pais-no-busca-una-guerra-interminable-contra-el-regimen-de-iran-10-scaled.jpg","width":2560,"height":1720,"caption":"EN VIVO: El ministro de Exteriores israel\u00ed afirm\u00f3 que su pa\u00eds no busca una \u201cguerra interminable\u201d contra el r\u00e9gimen de Ir\u00e1n"},{"@type":"BreadcrumbList","@id":"https:\/\/lobosnews.com.ar\/index.php\/2026\/03\/11\/en-vivo-el-ministro-de-exteriores-israeli-afirmo-que-su-pais-no-busca-una-guerra-interminable-contra-el-regimen-de-iran\/#breadcrumb","itemListElement":[{"@type":"ListItem","position":1,"name":"Portada","item":"https:\/\/lobosnews.com.ar\/"},{"@type":"ListItem","position":2,"name":"EN VIVO: El ministro de Exteriores israel\u00ed afirm\u00f3 que su pa\u00eds no busca una \u201cguerra interminable\u201d contra el r\u00e9gimen de Ir\u00e1n"}]},{"@type":"WebSite","@id":"https:\/\/lobosnews.com.ar\/#website","url":"https:\/\/lobosnews.com.ar\/","name":"Lobos News","description":"Informaci\u00f3n a cada instante","publisher":{"@id":"https:\/\/lobosnews.com.ar\/#organization"},"potentialAction":[{"@type":"SearchAction","target":{"@type":"EntryPoint","urlTemplate":"https:\/\/lobosnews.com.ar\/?s={search_term_string}"},"query-input":{"@type":"PropertyValueSpecification","valueRequired":true,"valueName":"search_term_string"}}],"inLanguage":"es"},{"@type":"Organization","@id":"https:\/\/lobosnews.com.ar\/#organization","name":"Lobos News","url":"https:\/\/lobosnews.com.ar\/","logo":{"@type":"ImageObject","inLanguage":"es","@id":"https:\/\/lobosnews.com.ar\/#\/schema\/logo\/image\/","url":"https:\/\/lobosnews.com.ar\/wp-content\/uploads\/2026\/01\/logo-lobosnews.png","contentUrl":"https:\/\/lobosnews.com.ar\/wp-content\/uploads\/2026\/01\/logo-lobosnews.png","width":500,"height":200,"caption":"Lobos News"},"image":{"@id":"https:\/\/lobosnews.com.ar\/#\/schema\/logo\/image\/"}},{"@type":"Person","@id":"https:\/\/lobosnews.com.ar\/#\/schema\/person\/232422a593d5c541dd9aef6aaed10943","name":"admin","image":{"@type":"ImageObject","inLanguage":"es","@id":"https:\/\/lobosnews.com.ar\/#\/schema\/person\/image\/","url":"https:\/\/secure.gravatar.com\/avatar\/76e419471a2083bc3ceab22a763dbbf9b0c1bd15a6214cf3280e2c2dde4580f9?s=96&d=mm&r=g","contentUrl":"https:\/\/secure.gravatar.com\/avatar\/76e419471a2083bc3ceab22a763dbbf9b0c1bd15a6214cf3280e2c2dde4580f9?s=96&d=mm&r=g","caption":"admin"},"sameAs":["https:\/\/lobosnews.com.ar"],"url":"https:\/\/lobosnews.com.ar\/index.php\/author\/lobos-news\/"}]}},"jetpack_featured_media_url":"https:\/\/lobosnews.com.ar\/wp-content\/uploads\/2026\/03\/en-vivo-el-ministro-de-exteriores-israeli-afirmo-que-su-pais-no-busca-una-guerra-interminable-contra-el-regimen-de-iran-10-scaled.jpg","jetpack_sharing_enabled":true,"_links":{"self":[{"href":"https:\/\/lobosnews.com.ar\/index.php\/wp-json\/wp\/v2\/posts\/31899","targetHints":{"allow":["GET"]}}],"collection":[{"href":"https:\/\/lobosnews.com.ar\/index.php\/wp-json\/wp\/v2\/posts"}],"about":[{"href":"https:\/\/lobosnews.com.ar\/index.php\/wp-json\/wp\/v2\/types\/post"}],"author":[{"embeddable":true,"href":"https:\/\/lobosnews.com.ar\/index.php\/wp-json\/wp\/v2\/users\/1"}],"replies":[{"embeddable":true,"href":"https:\/\/lobosnews.com.ar\/index.php\/wp-json\/wp\/v2\/comments?post=31899"}],"version-history":[{"count":1,"href":"https:\/\/lobosnews.com.ar\/index.php\/wp-json\/wp\/v2\/posts\/31899\/revisions"}],"predecessor-version":[{"id":31906,"href":"https:\/\/lobosnews.com.ar\/index.php\/wp-json\/wp\/v2\/posts\/31899\/revisions\/31906"}],"wp:featuredmedia":[{"embeddable":true,"href":"https:\/\/lobosnews.com.ar\/index.php\/wp-json\/wp\/v2\/media\/31907"}],"wp:attachment":[{"href":"https:\/\/lobosnews.com.ar\/index.php\/wp-json\/wp\/v2\/media?parent=31899"}],"wp:term":[{"taxonomy":"category","embeddable":true,"href":"https:\/\/lobosnews.com.ar\/index.php\/wp-json\/wp\/v2\/categories?post=31899"},{"taxonomy":"post_tag","embeddable":true,"href":"https:\/\/lobosnews.com.ar\/index.php\/wp-json\/wp\/v2\/tags?post=31899"}],"curies":[{"name":"wp","href":"https:\/\/api.w.org\/{rel}","templated":true}]}}