{"id":31883,"date":"2026-03-11T02:24:17","date_gmt":"2026-03-11T02:24:17","guid":{"rendered":"https:\/\/lobosnews.com.ar\/index.php\/2026\/03\/11\/la-emocion-del-relator-hernan-feler-por-el-debut-de-su-hijo-luca-en-el-empate-de-velez-ante-tigre\/"},"modified":"2026-03-11T08:37:22","modified_gmt":"2026-03-11T08:37:22","slug":"la-emocion-del-relator-hernan-feler-por-el-debut-de-su-hijo-luca-en-el-empate-de-velez-ante-tigre","status":"publish","type":"post","link":"https:\/\/lobosnews.com.ar\/index.php\/2026\/03\/11\/la-emocion-del-relator-hernan-feler-por-el-debut-de-su-hijo-luca-en-el-empate-de-velez-ante-tigre\/","title":{"rendered":"La emoci\u00f3n del relator Hern\u00e1n Feler por el debut de su hijo Luca en el empate de V\u00e9lez ante Tigre"},"content":{"rendered":"<p><!DOCTYPE html><br \/>\n<html><br \/>\n<head><br \/>\n<meta name=\"viewport\" content=\"width=device-width, initial-scale=1\"><\/p>\n<style>\n.container-video { position: relative; width: 100%; overflow: hidden; padding-top: 56.25%;\n}\n.responsive-iframe-video { position: absolute; top: 0; left: 0; bottom: 0;\u00ba right: 0; width: 100%; height: 100%; border: none;\n}\n<\/style>\n<p><\/head><br \/>\n<body><\/p>\n<div class=\"container-video\"> <iframe title=\"video-espn\" class=\"responsive-iframe-video\" src=\"https:\/\/www.espn.com.ar\/core\/video\/iframe?id=16419412&#038;endcard=false&#038;omniReportSuite=wdgespge\" allowfullscreen><\/iframe>\n<\/div>\n<p><\/body><br \/>\n<\/html>\n<\/p>\n<p><i>*El debut de Luca Feler y la emoci\u00f3n de su padre<\/i><\/p>\n<p>El <b>jugador juvenil Luca Feler<\/b> realiz\u00f3 su <b>debut profesional<\/b> con <b>V\u00e9lez<\/b> al ingresar a los <b>90 minutos<\/b> durante <span class=\"waslinkname\">el empate <b>1-1<\/b> frente a<b> Tigre<\/b> <\/span>por el Torneo Apertura, reemplazando a <b>Lucas Robertone<\/b> en el estadio <i>Jos\u00e9 Dellagiovanna<\/i>. La reacci\u00f3n de <b>Hern\u00e1n Feler<\/b>, su padre y conocido relator, se volvi\u00f3 viral tras ser captado conmovido en la tribuna.<\/p>\n<p>Fue a los 90 minutos del encuentro en Victoria que el juvenil <b>Feler<\/b>, de 18 a\u00f1os, tuvo su bautismo de fuego en la \u00e9lite del f\u00fatbol argentino, cuando el entrenador <b>Guillermo Barros Schelotto<\/b> decidi\u00f3 que ingrese en lugar de <b>Lucas Robertone<\/b>. De inmediato las c\u00e1maras fueron al sector donde se encontraba <b>Feler<\/b> padre, que visiblemente emocionado presenci\u00f3 el debut de su hijo. <\/p>\n<p>Tras una temporada sobresaliente en sexta divisi\u00f3n durante <b>2025<\/b> y m\u00e1s de <b>doce a\u00f1os en las divisiones inferiores<\/b> del club, Luca ya hab\u00eda sido incluido en la lista de concentrados bajo la direcci\u00f3n de<b> Barros Schelotto<\/b>, figurando en partidos previos como suplente, incluido el enfrentamiento ante <b>River Plate<\/b> que fue victoria 1-0 en el <i>Estadio Jos\u00e9 Amalfitani<\/i>, por la sexta fecha del campeonato. <\/p>\n<p>En la previa al encuentro ante el equipo millonario, hizo una emotiva publicaci\u00f3n en su cuenta de <i>Instagram<\/i> en el que reflej\u00f3 el esfuerzo detr\u00e1s del logro: \u201cMiles de d\u00edas persiguiendo este sue\u00f1o. D\u00edas de sol, de lluvia, de calor y de fr\u00edo. D\u00edas felices y otros no tanto. D\u00edas de comer solo en la tribuna apurado para entrar al colegio\u201d. El mensaje tambi\u00e9n destac\u00f3 momentos dif\u00edciles y la determinaci\u00f3n de su hijo: \u201cTambi\u00e9n vi ese d\u00eda que te subiste al auto llorando (como nunca) de tristeza porque no te citaban. Ese d\u00eda tambi\u00e9n lo vi. Te vi enojado, pero no bajaste los brazos. Nunca le faltaste el respeto a nadie. Nunca me dijiste: \u2018Ma\u00f1ana no voy a entrenar\u2019\u201d.<\/p>\n<p><!DOCTYPE html><br \/>\n<html><br \/>\n<head><br \/>\n<meta name=\"viewport\" content=\"width=device-width, initial-scale=1\"><\/p>\n<style>\n.container-video { position: relative; width: 100%; overflow: hidden; padding-top: 56.25%;\n}\n.responsive-iframe-video { position: absolute; top: 0; left: 0; bottom: 0;\u00ba right: 0; width: 100%; height: 100%; border: none;\n}\n<\/style>\n<p><\/head><br \/>\n<body><\/p>\n<div class=\"container-video\"> <iframe title=\"video-espn\" class=\"responsive-iframe-video\" src=\"https:\/\/www.espn.com.ar\/core\/video\/iframe?id=16419307&#038;endcard=false&#038;omniReportSuite=wdgespge\" allowfullscreen><\/iframe>\n<\/div>\n<p><\/body><br \/>\n<\/html>\n<\/p>\n<p>La publicaci\u00f3n, que sum\u00f3 miles de likes, concluy\u00f3 con la frase: \u201cHoy lleg\u00f3 ese d\u00eda que tanto so\u00f1aste. Vas a estar sentado en el banco de suplentes de V\u00e9lez. Enfrente River. Partido grande. D\u00eda inolvidable. Disfrutalo. S\u00e9 vos. Nadie te regal\u00f3 nada. Todo m\u00e9rito tuyo estar donde est\u00e1s\u201d.<\/p>\n<p>Este martes <b>Tigre<\/b> y <b>V\u00e9lez<\/b> empataron <b>1-1<\/b> en el partido interzonal que abri\u00f3 la d\u00e9cima fecha. El Fort\u00edn sostuvo su invicto y permanece como l\u00edder de la <b>Zona A<\/b>. El equipo de Villa Luro registra <b>19 puntos y <\/b>mantiene una ventaja de 4 unidades sobre <b>Uni\u00f3n de Santa Fe<\/b>, que <span class=\"waslinkname\">empat\u00f3 <b>4-4<\/b> ante <b>Independiente<\/b> <\/span>en un partidazo disputado en Avellaneda. <\/p>\n<p><img loading=\"lazy\" decoding=\"async\" src=\"https:\/\/lobosnews.com.ar\/wp-content\/uploads\/2026\/03\/la-emocion-del-relator-hernan-feler-por-el-debut-de-su-hijo-luca-en-el-empate-de-velez-ante-tigre.jpg\" alt=\"Hern\u00e1n y Luca Feler (@hfeler)\" height=\"1080\" width=\"1080\"\/><\/p>\n<p>La apertura del marcador lleg\u00f3 tras un tiro de esquina desde la izquierda: <b>David Romero<\/b>, con un taco sutil, super\u00f3 a <b>\u00c1lvaro Montero<\/b> y puso en ventaja al <b>Matador<\/b>.<\/p>\n<p>La igualdad se produjo en el complemento, cuando el \u00e1rbitro <b>Leandro Rey Hilfer<\/b> cobr\u00f3 un penal a ra\u00edz de una mano de <b>Federico \u00c1lvarez<\/b> dentro del \u00e1rea tras disputar la pelota con <b>Lisandro Magall\u00e1n<\/b>; desde los doce pasos, <b>Braian Romero<\/b> convirti\u00f3 para<b> <\/b><i>el Fort\u00edn<\/i>.<\/p>\n<p>La pr\u00f3xima jornada ver\u00e1 a <b>V\u00e9lez<\/b> como visitante ante <b>Platense<\/b> en Vicente L\u00f3pez el s\u00e1bado <b>14 de marzo<\/b> a las <b>17:00<\/b>, mientras que <b>Tigre<\/b> recibir\u00e1 a <b>Argentinos Juniors<\/b> el domingo desde las <b>15:15<\/b>.<\/p>\n","protected":false},"excerpt":{"rendered":"<p>*El debut de Luca Feler y la emoci\u00f3n de su padre El jugador juvenil Luca Feler realiz\u00f3 su debut profesional con V\u00e9lez al ingresar a los 90 minutos durante el empate 1-1 frente a Tigre por el Torneo Apertura, reemplazando a Lucas Robertone en el estadio Jos\u00e9 Dellagiovanna. La reacci\u00f3n de Hern\u00e1n Feler, su padre&#8230;<\/p>\n","protected":false},"author":1,"featured_media":0,"comment_status":"open","ping_status":"closed","sticky":false,"template":"","format":"standard","meta":{"_jetpack_memberships_contains_paid_content":false,"footnotes":""},"categories":[30],"tags":[39],"class_list":["post-31883","post","type-post","status-publish","format-standard","hentry","category-argentina","tag-deportes"],"magazineBlocksPostFeaturedMedia":{"thumbnail":false,"medium":false,"medium_large":false,"large":false,"1536x1536":false,"2048x2048":false,"newsmatic-featured":false,"newsmatic-list":false,"newsmatic-thumb":false,"newsmatic-small":false,"newsmatic-grid":false},"magazineBlocksPostAuthor":{"name":"admin","avatar":"https:\/\/secure.gravatar.com\/avatar\/76e419471a2083bc3ceab22a763dbbf9b0c1bd15a6214cf3280e2c2dde4580f9?s=96&d=mm&r=g"},"magazineBlocksPostCommentsNumber":"0","magazineBlocksPostExcerpt":"*El debut de Luca Feler y la emoci\u00f3n de su padre El jugador juvenil Luca Feler realiz\u00f3 su debut profesional con V\u00e9lez al ingresar a los 90 minutos durante el empate 1-1 frente a Tigre por el Torneo Apertura, reemplazando a Lucas Robertone en el estadio Jos\u00e9 Dellagiovanna. La reacci\u00f3n de Hern\u00e1n Feler, su padre...","magazineBlocksPostCategories":["Argentina"],"magazineBlocksPostViewCount":79,"magazineBlocksPostReadTime":3,"magazine_blocks_featured_image_url":{"full":false,"medium":false,"thumbnail":false},"magazine_blocks_author":{"display_name":"admin","author_link":"https:\/\/lobosnews.com.ar\/index.php\/author\/lobos-news\/"},"magazine_blocks_comment":0,"magazine_blocks_author_image":"https:\/\/secure.gravatar.com\/avatar\/76e419471a2083bc3ceab22a763dbbf9b0c1bd15a6214cf3280e2c2dde4580f9?s=96&d=mm&r=g","magazine_blocks_category":"<a href=\"#\" class=\"category-link category-link-30\">Argentina<\/a>","yoast_head":"<!-- This site is optimized with the Yoast SEO plugin v26.6 - https:\/\/yoast.com\/wordpress\/plugins\/seo\/ -->\n<title>La emoci\u00f3n del relator Hern\u00e1n Feler por el debut de su hijo Luca en el empate de V\u00e9lez ante Tigre - Lobos News<\/title>\n<meta name=\"robots\" content=\"index, follow, max-snippet:-1, max-image-preview:large, max-video-preview:-1\" \/>\n<link rel=\"canonical\" href=\"https:\/\/lobosnews.com.ar\/index.php\/2026\/03\/11\/la-emocion-del-relator-hernan-feler-por-el-debut-de-su-hijo-luca-en-el-empate-de-velez-ante-tigre\/\" \/>\n<meta property=\"og:locale\" content=\"es_ES\" \/>\n<meta property=\"og:type\" content=\"article\" \/>\n<meta property=\"og:title\" content=\"La emoci\u00f3n del relator Hern\u00e1n Feler por el debut de su hijo Luca en el empate de V\u00e9lez ante Tigre - Lobos News\" \/>\n<meta property=\"og:description\" content=\"*El debut de Luca Feler y la emoci\u00f3n de su padre El jugador juvenil Luca Feler realiz\u00f3 su debut profesional con V\u00e9lez al ingresar a los 90 minutos durante el empate 1-1 frente a Tigre por el Torneo Apertura, reemplazando a Lucas Robertone en el estadio Jos\u00e9 Dellagiovanna. La reacci\u00f3n de Hern\u00e1n Feler, su padre...\" \/>\n<meta property=\"og:url\" content=\"https:\/\/lobosnews.com.ar\/index.php\/2026\/03\/11\/la-emocion-del-relator-hernan-feler-por-el-debut-de-su-hijo-luca-en-el-empate-de-velez-ante-tigre\/\" \/>\n<meta property=\"og:site_name\" content=\"Lobos News\" \/>\n<meta property=\"article:published_time\" content=\"2026-03-11T02:24:17+00:00\" \/>\n<meta property=\"article:modified_time\" content=\"2026-03-11T08:37:22+00:00\" \/>\n<meta property=\"og:image\" content=\"https:\/\/lobosnews.com.ar\/wp-content\/uploads\/2026\/03\/la-emocion-del-relator-hernan-feler-por-el-debut-de-su-hijo-luca-en-el-empate-de-velez-ante-tigre.jpg\" \/>\n<meta name=\"author\" content=\"admin\" \/>\n<meta name=\"twitter:card\" content=\"summary_large_image\" \/>\n<meta name=\"twitter:label1\" content=\"Escrito por\" \/>\n\t<meta name=\"twitter:data1\" content=\"admin\" \/>\n\t<meta name=\"twitter:label2\" content=\"Tiempo de lectura\" \/>\n\t<meta name=\"twitter:data2\" content=\"3 minutos\" \/>\n<script type=\"application\/ld+json\" class=\"yoast-schema-graph\">{\"@context\":\"https:\/\/schema.org\",\"@graph\":[{\"@type\":\"Article\",\"@id\":\"https:\/\/lobosnews.com.ar\/index.php\/2026\/03\/11\/la-emocion-del-relator-hernan-feler-por-el-debut-de-su-hijo-luca-en-el-empate-de-velez-ante-tigre\/#article\",\"isPartOf\":{\"@id\":\"https:\/\/lobosnews.com.ar\/index.php\/2026\/03\/11\/la-emocion-del-relator-hernan-feler-por-el-debut-de-su-hijo-luca-en-el-empate-de-velez-ante-tigre\/\"},\"author\":{\"name\":\"admin\",\"@id\":\"https:\/\/lobosnews.com.ar\/#\/schema\/person\/232422a593d5c541dd9aef6aaed10943\"},\"headline\":\"La emoci\u00f3n del relator Hern\u00e1n Feler por el debut de su hijo Luca en el empate de V\u00e9lez ante Tigre\",\"datePublished\":\"2026-03-11T02:24:17+00:00\",\"dateModified\":\"2026-03-11T08:37:22+00:00\",\"mainEntityOfPage\":{\"@id\":\"https:\/\/lobosnews.com.ar\/index.php\/2026\/03\/11\/la-emocion-del-relator-hernan-feler-por-el-debut-de-su-hijo-luca-en-el-empate-de-velez-ante-tigre\/\"},\"wordCount\":587,\"commentCount\":0,\"publisher\":{\"@id\":\"https:\/\/lobosnews.com.ar\/#organization\"},\"image\":{\"@id\":\"https:\/\/lobosnews.com.ar\/index.php\/2026\/03\/11\/la-emocion-del-relator-hernan-feler-por-el-debut-de-su-hijo-luca-en-el-empate-de-velez-ante-tigre\/#primaryimage\"},\"thumbnailUrl\":\"https:\/\/lobosnews.com.ar\/wp-content\/uploads\/2026\/03\/la-emocion-del-relator-hernan-feler-por-el-debut-de-su-hijo-luca-en-el-empate-de-velez-ante-tigre.jpg\",\"keywords\":[\"Deportes\"],\"articleSection\":[\"Argentina\"],\"inLanguage\":\"es\",\"potentialAction\":[{\"@type\":\"CommentAction\",\"name\":\"Comment\",\"target\":[\"https:\/\/lobosnews.com.ar\/index.php\/2026\/03\/11\/la-emocion-del-relator-hernan-feler-por-el-debut-de-su-hijo-luca-en-el-empate-de-velez-ante-tigre\/#respond\"]}]},{\"@type\":\"WebPage\",\"@id\":\"https:\/\/lobosnews.com.ar\/index.php\/2026\/03\/11\/la-emocion-del-relator-hernan-feler-por-el-debut-de-su-hijo-luca-en-el-empate-de-velez-ante-tigre\/\",\"url\":\"https:\/\/lobosnews.com.ar\/index.php\/2026\/03\/11\/la-emocion-del-relator-hernan-feler-por-el-debut-de-su-hijo-luca-en-el-empate-de-velez-ante-tigre\/\",\"name\":\"La emoci\u00f3n del relator Hern\u00e1n Feler por el debut de su hijo Luca en el empate de V\u00e9lez ante Tigre - Lobos News\",\"isPartOf\":{\"@id\":\"https:\/\/lobosnews.com.ar\/#website\"},\"primaryImageOfPage\":{\"@id\":\"https:\/\/lobosnews.com.ar\/index.php\/2026\/03\/11\/la-emocion-del-relator-hernan-feler-por-el-debut-de-su-hijo-luca-en-el-empate-de-velez-ante-tigre\/#primaryimage\"},\"image\":{\"@id\":\"https:\/\/lobosnews.com.ar\/index.php\/2026\/03\/11\/la-emocion-del-relator-hernan-feler-por-el-debut-de-su-hijo-luca-en-el-empate-de-velez-ante-tigre\/#primaryimage\"},\"thumbnailUrl\":\"https:\/\/lobosnews.com.ar\/wp-content\/uploads\/2026\/03\/la-emocion-del-relator-hernan-feler-por-el-debut-de-su-hijo-luca-en-el-empate-de-velez-ante-tigre.jpg\",\"datePublished\":\"2026-03-11T02:24:17+00:00\",\"dateModified\":\"2026-03-11T08:37:22+00:00\",\"breadcrumb\":{\"@id\":\"https:\/\/lobosnews.com.ar\/index.php\/2026\/03\/11\/la-emocion-del-relator-hernan-feler-por-el-debut-de-su-hijo-luca-en-el-empate-de-velez-ante-tigre\/#breadcrumb\"},\"inLanguage\":\"es\",\"potentialAction\":[{\"@type\":\"ReadAction\",\"target\":[\"https:\/\/lobosnews.com.ar\/index.php\/2026\/03\/11\/la-emocion-del-relator-hernan-feler-por-el-debut-de-su-hijo-luca-en-el-empate-de-velez-ante-tigre\/\"]}]},{\"@type\":\"ImageObject\",\"inLanguage\":\"es\",\"@id\":\"https:\/\/lobosnews.com.ar\/index.php\/2026\/03\/11\/la-emocion-del-relator-hernan-feler-por-el-debut-de-su-hijo-luca-en-el-empate-de-velez-ante-tigre\/#primaryimage\",\"url\":\"https:\/\/lobosnews.com.ar\/wp-content\/uploads\/2026\/03\/la-emocion-del-relator-hernan-feler-por-el-debut-de-su-hijo-luca-en-el-empate-de-velez-ante-tigre.jpg\",\"contentUrl\":\"https:\/\/lobosnews.com.ar\/wp-content\/uploads\/2026\/03\/la-emocion-del-relator-hernan-feler-por-el-debut-de-su-hijo-luca-en-el-empate-de-velez-ante-tigre.jpg\"},{\"@type\":\"BreadcrumbList\",\"@id\":\"https:\/\/lobosnews.com.ar\/index.php\/2026\/03\/11\/la-emocion-del-relator-hernan-feler-por-el-debut-de-su-hijo-luca-en-el-empate-de-velez-ante-tigre\/#breadcrumb\",\"itemListElement\":[{\"@type\":\"ListItem\",\"position\":1,\"name\":\"Portada\",\"item\":\"https:\/\/lobosnews.com.ar\/\"},{\"@type\":\"ListItem\",\"position\":2,\"name\":\"La emoci\u00f3n del relator Hern\u00e1n Feler por el debut de su hijo Luca en el empate de V\u00e9lez ante Tigre\"}]},{\"@type\":\"WebSite\",\"@id\":\"https:\/\/lobosnews.com.ar\/#website\",\"url\":\"https:\/\/lobosnews.com.ar\/\",\"name\":\"Lobos News\",\"description\":\"Informaci\u00f3n a cada instante\",\"publisher\":{\"@id\":\"https:\/\/lobosnews.com.ar\/#organization\"},\"potentialAction\":[{\"@type\":\"SearchAction\",\"target\":{\"@type\":\"EntryPoint\",\"urlTemplate\":\"https:\/\/lobosnews.com.ar\/?s={search_term_string}\"},\"query-input\":{\"@type\":\"PropertyValueSpecification\",\"valueRequired\":true,\"valueName\":\"search_term_string\"}}],\"inLanguage\":\"es\"},{\"@type\":\"Organization\",\"@id\":\"https:\/\/lobosnews.com.ar\/#organization\",\"name\":\"Lobos News\",\"url\":\"https:\/\/lobosnews.com.ar\/\",\"logo\":{\"@type\":\"ImageObject\",\"inLanguage\":\"es\",\"@id\":\"https:\/\/lobosnews.com.ar\/#\/schema\/logo\/image\/\",\"url\":\"https:\/\/lobosnews.com.ar\/wp-content\/uploads\/2026\/01\/logo-lobosnews.png\",\"contentUrl\":\"https:\/\/lobosnews.com.ar\/wp-content\/uploads\/2026\/01\/logo-lobosnews.png\",\"width\":500,\"height\":200,\"caption\":\"Lobos News\"},\"image\":{\"@id\":\"https:\/\/lobosnews.com.ar\/#\/schema\/logo\/image\/\"}},{\"@type\":\"Person\",\"@id\":\"https:\/\/lobosnews.com.ar\/#\/schema\/person\/232422a593d5c541dd9aef6aaed10943\",\"name\":\"admin\",\"image\":{\"@type\":\"ImageObject\",\"inLanguage\":\"es\",\"@id\":\"https:\/\/lobosnews.com.ar\/#\/schema\/person\/image\/\",\"url\":\"https:\/\/secure.gravatar.com\/avatar\/76e419471a2083bc3ceab22a763dbbf9b0c1bd15a6214cf3280e2c2dde4580f9?s=96&d=mm&r=g\",\"contentUrl\":\"https:\/\/secure.gravatar.com\/avatar\/76e419471a2083bc3ceab22a763dbbf9b0c1bd15a6214cf3280e2c2dde4580f9?s=96&d=mm&r=g\",\"caption\":\"admin\"},\"sameAs\":[\"https:\/\/lobosnews.com.ar\"],\"url\":\"https:\/\/lobosnews.com.ar\/index.php\/author\/lobos-news\/\"}]}<\/script>\n<!-- \/ Yoast SEO plugin. -->","yoast_head_json":{"title":"La emoci\u00f3n del relator Hern\u00e1n Feler por el debut de su hijo Luca en el empate de V\u00e9lez ante Tigre - Lobos News","robots":{"index":"index","follow":"follow","max-snippet":"max-snippet:-1","max-image-preview":"max-image-preview:large","max-video-preview":"max-video-preview:-1"},"canonical":"https:\/\/lobosnews.com.ar\/index.php\/2026\/03\/11\/la-emocion-del-relator-hernan-feler-por-el-debut-de-su-hijo-luca-en-el-empate-de-velez-ante-tigre\/","og_locale":"es_ES","og_type":"article","og_title":"La emoci\u00f3n del relator Hern\u00e1n Feler por el debut de su hijo Luca en el empate de V\u00e9lez ante Tigre - Lobos News","og_description":"*El debut de Luca Feler y la emoci\u00f3n de su padre El jugador juvenil Luca Feler realiz\u00f3 su debut profesional con V\u00e9lez al ingresar a los 90 minutos durante el empate 1-1 frente a Tigre por el Torneo Apertura, reemplazando a Lucas Robertone en el estadio Jos\u00e9 Dellagiovanna. La reacci\u00f3n de Hern\u00e1n Feler, su padre...","og_url":"https:\/\/lobosnews.com.ar\/index.php\/2026\/03\/11\/la-emocion-del-relator-hernan-feler-por-el-debut-de-su-hijo-luca-en-el-empate-de-velez-ante-tigre\/","og_site_name":"Lobos News","article_published_time":"2026-03-11T02:24:17+00:00","article_modified_time":"2026-03-11T08:37:22+00:00","og_image":[{"url":"https:\/\/lobosnews.com.ar\/wp-content\/uploads\/2026\/03\/la-emocion-del-relator-hernan-feler-por-el-debut-de-su-hijo-luca-en-el-empate-de-velez-ante-tigre.jpg","type":"","width":"","height":""}],"author":"admin","twitter_card":"summary_large_image","twitter_misc":{"Escrito por":"admin","Tiempo de lectura":"3 minutos"},"schema":{"@context":"https:\/\/schema.org","@graph":[{"@type":"Article","@id":"https:\/\/lobosnews.com.ar\/index.php\/2026\/03\/11\/la-emocion-del-relator-hernan-feler-por-el-debut-de-su-hijo-luca-en-el-empate-de-velez-ante-tigre\/#article","isPartOf":{"@id":"https:\/\/lobosnews.com.ar\/index.php\/2026\/03\/11\/la-emocion-del-relator-hernan-feler-por-el-debut-de-su-hijo-luca-en-el-empate-de-velez-ante-tigre\/"},"author":{"name":"admin","@id":"https:\/\/lobosnews.com.ar\/#\/schema\/person\/232422a593d5c541dd9aef6aaed10943"},"headline":"La emoci\u00f3n del relator Hern\u00e1n Feler por el debut de su hijo Luca en el empate de V\u00e9lez ante Tigre","datePublished":"2026-03-11T02:24:17+00:00","dateModified":"2026-03-11T08:37:22+00:00","mainEntityOfPage":{"@id":"https:\/\/lobosnews.com.ar\/index.php\/2026\/03\/11\/la-emocion-del-relator-hernan-feler-por-el-debut-de-su-hijo-luca-en-el-empate-de-velez-ante-tigre\/"},"wordCount":587,"commentCount":0,"publisher":{"@id":"https:\/\/lobosnews.com.ar\/#organization"},"image":{"@id":"https:\/\/lobosnews.com.ar\/index.php\/2026\/03\/11\/la-emocion-del-relator-hernan-feler-por-el-debut-de-su-hijo-luca-en-el-empate-de-velez-ante-tigre\/#primaryimage"},"thumbnailUrl":"https:\/\/lobosnews.com.ar\/wp-content\/uploads\/2026\/03\/la-emocion-del-relator-hernan-feler-por-el-debut-de-su-hijo-luca-en-el-empate-de-velez-ante-tigre.jpg","keywords":["Deportes"],"articleSection":["Argentina"],"inLanguage":"es","potentialAction":[{"@type":"CommentAction","name":"Comment","target":["https:\/\/lobosnews.com.ar\/index.php\/2026\/03\/11\/la-emocion-del-relator-hernan-feler-por-el-debut-de-su-hijo-luca-en-el-empate-de-velez-ante-tigre\/#respond"]}]},{"@type":"WebPage","@id":"https:\/\/lobosnews.com.ar\/index.php\/2026\/03\/11\/la-emocion-del-relator-hernan-feler-por-el-debut-de-su-hijo-luca-en-el-empate-de-velez-ante-tigre\/","url":"https:\/\/lobosnews.com.ar\/index.php\/2026\/03\/11\/la-emocion-del-relator-hernan-feler-por-el-debut-de-su-hijo-luca-en-el-empate-de-velez-ante-tigre\/","name":"La emoci\u00f3n del relator Hern\u00e1n Feler por el debut de su hijo Luca en el empate de V\u00e9lez ante Tigre - Lobos News","isPartOf":{"@id":"https:\/\/lobosnews.com.ar\/#website"},"primaryImageOfPage":{"@id":"https:\/\/lobosnews.com.ar\/index.php\/2026\/03\/11\/la-emocion-del-relator-hernan-feler-por-el-debut-de-su-hijo-luca-en-el-empate-de-velez-ante-tigre\/#primaryimage"},"image":{"@id":"https:\/\/lobosnews.com.ar\/index.php\/2026\/03\/11\/la-emocion-del-relator-hernan-feler-por-el-debut-de-su-hijo-luca-en-el-empate-de-velez-ante-tigre\/#primaryimage"},"thumbnailUrl":"https:\/\/lobosnews.com.ar\/wp-content\/uploads\/2026\/03\/la-emocion-del-relator-hernan-feler-por-el-debut-de-su-hijo-luca-en-el-empate-de-velez-ante-tigre.jpg","datePublished":"2026-03-11T02:24:17+00:00","dateModified":"2026-03-11T08:37:22+00:00","breadcrumb":{"@id":"https:\/\/lobosnews.com.ar\/index.php\/2026\/03\/11\/la-emocion-del-relator-hernan-feler-por-el-debut-de-su-hijo-luca-en-el-empate-de-velez-ante-tigre\/#breadcrumb"},"inLanguage":"es","potentialAction":[{"@type":"ReadAction","target":["https:\/\/lobosnews.com.ar\/index.php\/2026\/03\/11\/la-emocion-del-relator-hernan-feler-por-el-debut-de-su-hijo-luca-en-el-empate-de-velez-ante-tigre\/"]}]},{"@type":"ImageObject","inLanguage":"es","@id":"https:\/\/lobosnews.com.ar\/index.php\/2026\/03\/11\/la-emocion-del-relator-hernan-feler-por-el-debut-de-su-hijo-luca-en-el-empate-de-velez-ante-tigre\/#primaryimage","url":"https:\/\/lobosnews.com.ar\/wp-content\/uploads\/2026\/03\/la-emocion-del-relator-hernan-feler-por-el-debut-de-su-hijo-luca-en-el-empate-de-velez-ante-tigre.jpg","contentUrl":"https:\/\/lobosnews.com.ar\/wp-content\/uploads\/2026\/03\/la-emocion-del-relator-hernan-feler-por-el-debut-de-su-hijo-luca-en-el-empate-de-velez-ante-tigre.jpg"},{"@type":"BreadcrumbList","@id":"https:\/\/lobosnews.com.ar\/index.php\/2026\/03\/11\/la-emocion-del-relator-hernan-feler-por-el-debut-de-su-hijo-luca-en-el-empate-de-velez-ante-tigre\/#breadcrumb","itemListElement":[{"@type":"ListItem","position":1,"name":"Portada","item":"https:\/\/lobosnews.com.ar\/"},{"@type":"ListItem","position":2,"name":"La emoci\u00f3n del relator Hern\u00e1n Feler por el debut de su hijo Luca en el empate de V\u00e9lez ante Tigre"}]},{"@type":"WebSite","@id":"https:\/\/lobosnews.com.ar\/#website","url":"https:\/\/lobosnews.com.ar\/","name":"Lobos News","description":"Informaci\u00f3n a cada instante","publisher":{"@id":"https:\/\/lobosnews.com.ar\/#organization"},"potentialAction":[{"@type":"SearchAction","target":{"@type":"EntryPoint","urlTemplate":"https:\/\/lobosnews.com.ar\/?s={search_term_string}"},"query-input":{"@type":"PropertyValueSpecification","valueRequired":true,"valueName":"search_term_string"}}],"inLanguage":"es"},{"@type":"Organization","@id":"https:\/\/lobosnews.com.ar\/#organization","name":"Lobos News","url":"https:\/\/lobosnews.com.ar\/","logo":{"@type":"ImageObject","inLanguage":"es","@id":"https:\/\/lobosnews.com.ar\/#\/schema\/logo\/image\/","url":"https:\/\/lobosnews.com.ar\/wp-content\/uploads\/2026\/01\/logo-lobosnews.png","contentUrl":"https:\/\/lobosnews.com.ar\/wp-content\/uploads\/2026\/01\/logo-lobosnews.png","width":500,"height":200,"caption":"Lobos News"},"image":{"@id":"https:\/\/lobosnews.com.ar\/#\/schema\/logo\/image\/"}},{"@type":"Person","@id":"https:\/\/lobosnews.com.ar\/#\/schema\/person\/232422a593d5c541dd9aef6aaed10943","name":"admin","image":{"@type":"ImageObject","inLanguage":"es","@id":"https:\/\/lobosnews.com.ar\/#\/schema\/person\/image\/","url":"https:\/\/secure.gravatar.com\/avatar\/76e419471a2083bc3ceab22a763dbbf9b0c1bd15a6214cf3280e2c2dde4580f9?s=96&d=mm&r=g","contentUrl":"https:\/\/secure.gravatar.com\/avatar\/76e419471a2083bc3ceab22a763dbbf9b0c1bd15a6214cf3280e2c2dde4580f9?s=96&d=mm&r=g","caption":"admin"},"sameAs":["https:\/\/lobosnews.com.ar"],"url":"https:\/\/lobosnews.com.ar\/index.php\/author\/lobos-news\/"}]}},"jetpack_featured_media_url":"","jetpack_sharing_enabled":true,"_links":{"self":[{"href":"https:\/\/lobosnews.com.ar\/index.php\/wp-json\/wp\/v2\/posts\/31883","targetHints":{"allow":["GET"]}}],"collection":[{"href":"https:\/\/lobosnews.com.ar\/index.php\/wp-json\/wp\/v2\/posts"}],"about":[{"href":"https:\/\/lobosnews.com.ar\/index.php\/wp-json\/wp\/v2\/types\/post"}],"author":[{"embeddable":true,"href":"https:\/\/lobosnews.com.ar\/index.php\/wp-json\/wp\/v2\/users\/1"}],"replies":[{"embeddable":true,"href":"https:\/\/lobosnews.com.ar\/index.php\/wp-json\/wp\/v2\/comments?post=31883"}],"version-history":[{"count":1,"href":"https:\/\/lobosnews.com.ar\/index.php\/wp-json\/wp\/v2\/posts\/31883\/revisions"}],"predecessor-version":[{"id":31885,"href":"https:\/\/lobosnews.com.ar\/index.php\/wp-json\/wp\/v2\/posts\/31883\/revisions\/31885"}],"wp:attachment":[{"href":"https:\/\/lobosnews.com.ar\/index.php\/wp-json\/wp\/v2\/media?parent=31883"}],"wp:term":[{"taxonomy":"category","embeddable":true,"href":"https:\/\/lobosnews.com.ar\/index.php\/wp-json\/wp\/v2\/categories?post=31883"},{"taxonomy":"post_tag","embeddable":true,"href":"https:\/\/lobosnews.com.ar\/index.php\/wp-json\/wp\/v2\/tags?post=31883"}],"curies":[{"name":"wp","href":"https:\/\/api.w.org\/{rel}","templated":true}]}}