{"id":31869,"date":"2026-03-11T05:27:32","date_gmt":"2026-03-11T05:27:32","guid":{"rendered":"https:\/\/lobosnews.com.ar\/index.php\/2026\/03\/11\/paso-de-la-d-a-primera-jugo-en-san-lorenzo-y-en-espana-lo-dirigio-ruggeri-y-se-retiro-a-los-45-anos-fue-como-si-me-apagaran-la-luz\/"},"modified":"2026-03-11T08:37:02","modified_gmt":"2026-03-11T08:37:02","slug":"paso-de-la-d-a-primera-jugo-en-san-lorenzo-y-en-espana-lo-dirigio-ruggeri-y-se-retiro-a-los-45-anos-fue-como-si-me-apagaran-la-luz","status":"publish","type":"post","link":"https:\/\/lobosnews.com.ar\/index.php\/2026\/03\/11\/paso-de-la-d-a-primera-jugo-en-san-lorenzo-y-en-espana-lo-dirigio-ruggeri-y-se-retiro-a-los-45-anos-fue-como-si-me-apagaran-la-luz\/","title":{"rendered":"Pas\u00f3 de la D a Primera, jug\u00f3 en San Lorenzo y en Espa\u00f1a, lo dirigi\u00f3 Ruggeri y se retir\u00f3 a los 45 a\u00f1os: \u201cFue como si me apagaran la luz\u201d"},"content":{"rendered":"<p><img fetchpriority=\"high\" decoding=\"async\" src=\"https:\/\/lobosnews.com.ar\/wp-content\/uploads\/2026\/03\/paso-de-la-d-a-primera-jugo-en-san-lorenzo-y-en-espana-lo-dirigio-ruggeri-y-se-retiro-a-los-45-anos-fue-como-si-me-apagaran-la-luz.jpg\" alt=\"La Vieja Carlos Moreno y una ppostal de su paso por San Lorenzo\" height=\"1080\" width=\"1920\"\/><\/p>\n<p>\u201c<b>No es f\u00e1cil mantenerte durante 25 a\u00f1os en el f\u00fatbol argentino<\/b>. Me cuid\u00e9 mucho con la comida y las salidas. No era muy salidor, ya que desde hace 33 a\u00f1os que estoy con mi se\u00f1ora, Sandra. Gracias a Dios, no tuve muchas lesiones. La clave tiene que ver con la alimentaci\u00f3n y el buen descanso\u201d. El consejo de una carrera saludable al m\u00e1ximo nivel viene de <b>Carlos <\/b><i><b>La Vieja<\/b><\/i><b> Moreno<\/b>, ex enganche que dej\u00f3 el f\u00fatbol profesional en el 2018 en <b>Deportivo Laferrere<\/b>.<\/p>\n<p>A Moreno le cuesta encontrar en los archivos de su memoria el d\u00eda exacto del debut. Sin embargo, fue el s\u00e1bado 24 de abril de 1993, en el estadio de Colegiales, con <b>Ca\u00f1uelas<\/b> frente a Central Ballester, en la vuelta de los octavos de final de ese torneo de Primera D. El mediocampista ofensivo ingres\u00f3 a falta de 15 minutos por Germ\u00e1n Duarte. Aquella tarde, se estren\u00f3 el futbolista que 25 a\u00f1os despu\u00e9s colgar\u00eda los botines con la casaca del <i>Villero<\/i>.<\/p>\n<p>\u201cEn todos los clubes a los que fui, despu\u00e9s de haber pasado los treinta y pico, las cosas las demostr\u00e9 en la cancha. Ah\u00ed se ve si sos bueno o malo. Yo tuve el anhelo de jugar al f\u00fatbol, no s\u00e9 hacer otra cosa. <b>Pude estirar mi carrera hasta los 45<\/b>. Pero no me gust\u00f3 la manera en que me retir\u00e9. Pod\u00eda haber sido adentro de una cancha. Por lo menos, con la dirigencia avis\u00e1ndome \u2018mir\u00e1 que no vas a seguir\u2019, as\u00ed me desped\u00eda de otra manera. Pero no me dijeron nada y, de un d\u00eda para el otro, me tuve que ir\u201d, cuenta <i>La Vieja Moreno<\/i>, quien disput\u00f3 163 partidos en <i>Los Tamberos<\/i>, marc\u00f3 40 goles, logr\u00f3 un ascenso antes de pegar el salto a la m\u00e1xima categor\u00eda del f\u00fatbol argentino. <\/p>\n<p>Con 25 a\u00f1os, al ex mediocampista ofensivo le avisaron que estaba la chance de ir al <b>Argentinos Juniors de Chiche Sosa<\/b>. \u201cFue muy fuerte el cambio de jugar en la D a pasar a la Primera. Se sinti\u00f3 m\u00e1s que nada en lo f\u00edsico. Me la fui rebuscando y me tuve que adaptar para poder seguir y mantenerme. Eso me cambi\u00f3 la vida\u201d, remarca en di\u00e1logo con <b>Infobae<\/b>. <\/p>\n<p>Su recorrido en Primera Divisi\u00f3n dur\u00f3 seis temporadas tras jugar en el Bicho,<b> San Lorenzo de Almagro, Chacarita y Lan\u00fas<\/b>. Fueron en total 166 partidos y 33 goles. Cuando en 2004 dej\u00f3 el <i>Funebrero<\/i>, ten\u00eda 31 a\u00f1os y le toc\u00f3 tener su primera experiencia en el exterior. Recal\u00f3 en la Segunda Divisi\u00f3n de Espa\u00f1a, para sumarse al Gimnastic Tarragona durante un a\u00f1o, previo a pasar a Deportivo Quito de Ecuador. <\/p>\n<p>\u201cNo lo dud\u00e9, ese viaje fue una bendici\u00f3n de Dios. No conoc\u00eda. No hab\u00eda viajado nunca. Fuimos con mi esposa y tuve una experiencia \u00fanica, que jam\u00e1s me hubiese imaginado. Lo m\u00edo fue creer o reventar. No hay edad para que Dios te d\u00e9 lo que so\u00f1\u00e1s\u201d, cuenta el ex goleador que festejaba los goles se\u00f1alando al cielo con su remera de \u201cJes\u00fas te ama\u201d, a ra\u00edz de que es un reconocido Atleta de Cristo. <\/p>\n<p>Luego de su paso por el exterior, Moreno regres\u00f3 a su pa\u00eds para vestir las casacas de Atl\u00e9tico de Rafaela, Hurac\u00e1n de Parque Patricios, Deportivo Laferrere, Trist\u00e1n Su\u00e1rez y cerrar su carrera en el <i>Verde<\/i>, el club de sus amores.<\/p>\n<p><b>&#8211; \u00bfQu\u00e9 de tu vida, Carlos? <\/b><\/p>\n<p>&#8211; Ahora no estoy haciendo nada. Estuve trabajando en las Divisiones Inferiores de Laferrere. Interinamente dirig\u00ed en Primera, pero volv\u00ed de vuelta a las categor\u00edas menores hasta que me dejaron fijo. Despu\u00e9s, se termin\u00f3 todo y me fui del club. No estoy haciendo nada por ahora. <\/p>\n<p><b>&#8211; Pero, \u00bften\u00e9s ganas de seguir vinculado al f\u00fatbol? <\/b><\/p>\n<p>&#8211; Por el momento estoy alejado. S\u00ed me gustar\u00eda estar, pero ahora no. Estoy tranquilo porque estoy en otras cosas. Pero bueno, el f\u00fatbol me gusta, \u00bfviste? Hoy, si no est\u00e1s adentro, no dirig\u00eds. En la Liga no te vas a salvar. Vas a estar haciendo lo que te gusta y manteni\u00e9ndote en el ruedo de lo que te gusta, que no es poco, \u00bfme explico a lo que voy? <\/p>\n<p><b>&#8211; \u00bfDesde lo econ\u00f3mico dec\u00eds o desde lo laboral? <\/b><\/p>\n<p>&#8211; Desde lo monetario. De lo monetario es as\u00ed. Despu\u00e9s, lo otro es, sinceramente, para mantenerte, como quien dice, y estar en el ruedo, \u00bfno? <\/p>\n<p><b>&#8211; Arrancaste desde muy chico en el f\u00fatbol, \u00bfno? <\/b><\/p>\n<p>&#8211; S\u00ed, jugu\u00e9 hasta los 45 a\u00f1os. Se hizo largo, pero a la vez corto, tambi\u00e9n. Pareciera como que pasaron 25 a\u00f1os volando, y uno no se da cuenta, es incre\u00edble. <\/p>\n<p><b>&#8211; \u00bfC\u00f3mo te sentiste en tu \u00faltimo a\u00f1o? <\/b><\/p>\n<p>&#8211; Bien, entrenaba todos los d\u00edas. Obvio que no jugaba en la posici\u00f3n de toda mi vida, que fue enganche, \u00bfme entend\u00e9s? Se empezaba a usar el doble cinco. Obvio, no iba a estar a la par de lo dem\u00e1s, pero bueno, ya en los \u00faltimos a\u00f1os era m\u00e1s pensante y no corr\u00eda tanto detr\u00e1s de la pelota. <\/p>\n<p><img loading=\"lazy\" decoding=\"async\" src=\"https:\/\/lobosnews.com.ar\/wp-content\/uploads\/2026\/03\/paso-de-la-d-a-primera-jugo-en-san-lorenzo-y-en-espana-lo-dirigio-ruggeri-y-se-retiro-a-los-45-anos-fue-como-si-me-apagaran-la-luz-1.jpg\" alt=\"La Vieja Carlos Moreno, en Chacarita\" height=\"887\" width=\"720\"\/><\/p>\n<p><b>&#8211; Despu\u00e9s de 25 a\u00f1os como futbolista, \u00bfc\u00f3mo tomaste tu \u00faltimo d\u00eda <\/b><\/p>\n<p>&#8211; La verdad que no lo pens\u00e9. No lo pens\u00e9 porque no sab\u00eda que iba a terminar. A lo que voy es que si hubiese pensado que era mi \u00faltimo partido, lo hubiera digerido de otra manera. Pero no lo pens\u00e9. El menor problema que hab\u00eda en el club era el de la plata. M\u00e1s all\u00e1 de que era consciente de la edad que ten\u00eda, no digo que me sent\u00eda a la par de mis ex compa\u00f1eros en lo f\u00edsico, porque te voy a estar mintiendo, pero en lo futbol\u00edstico s\u00ed, que es donde sacaba mi fuerte. <\/p>\n<p><b>&#8211; \u00bfTe doli\u00f3 la manera de retirarte del f\u00fatbol? Porque te escucho dolido por la situaci\u00f3n\u2026<\/b><\/p>\n<p>&#8211; S\u00ed. Me podr\u00eda haber retirado dentro de una cancha. Por lo menos, con la dirigencia avis\u00e1ndome \u201cmir\u00e1 que no va a seguir\u201d, as\u00ed me desped\u00eda de otra manera. Pero no me dijeron nada y, de un d\u00eda para el otro, me tuve que ir. No me iba a ir mal de Laferrere. Soy hincha del club. Conozco a todos, me conocen a m\u00ed, saben c\u00f3mo soy y qui\u00e9n soy. No iba haber ning\u00fan problema. Soy socio de club tambi\u00e9n, pero cuando los egos de los dirigentes van m\u00e1s all\u00e1 de uno, ya est\u00e1. Pas\u00f3 en su momento y listo, ya est\u00e1. Borr\u00f3n y cuenta nueva. Sigo yendo a ver a Laferrere y nada m\u00e1s. <\/p>\n<p>&#8211;<b> Carlos, \u00bfc\u00f3mo manejaste el post de retiro? <\/b><\/p>\n<p>&#8211; Fue dif\u00edcil. Como te digo, uno estando adentro, yendo a entrenar todos los d\u00edas, era una cosa. De un d\u00eda para el otro, pas\u00e1s a cerrar los ojos, se me apag\u00f3 la luz y listo, a dormir, como quien dice, \u00bfme entend\u00e9s? Se termin\u00f3 todo. Lo tom\u00e9 de esa manera. Sinceramente en el momento no sent\u00ed nada. Cuando fueron corriendo los meses, ah\u00ed me cay\u00f3 la ficha. Pasaron tres o cuatro meses, m\u00e1s o menos, y ah\u00ed empec\u00e9 una rutina distinta. Y pas\u00e1s a estar todo el d\u00eda en tu casa, haciendo otras cosas, que no estabas acostumbrado a hacer. Y despu\u00e9s, al poquito tiempo me invitaron a trabajar en el club y fui. Ah\u00ed amortig\u00fc\u00e9 un poco el golpe del retiro. <\/p>\n<p><b>&#8211; Hab\u00edas arrancado a los 19 a\u00f1os en Ca\u00f1uelas y despu\u00e9s pegaste el salto a Argentinos Juniors. \u00bfSentiste el impacto de jugar en el Ascenso y despu\u00e9s pasar a Primera <\/b><\/p>\n<p>&#8211; S\u00ed, se sinti\u00f3 m\u00e1s que nada en lo f\u00edsico. Como digo, gracias a Dios jugu\u00e9 en mi posici\u00f3n, lo que me facilit\u00f3 tambi\u00e9n las cosas, \u00bfviste? Argentinos Juniors es un club que tiene muy buenos jugadores y por ah\u00ed eso me facilit\u00f3 un mont\u00f3n. Me cost\u00f3 mucho en lo f\u00edsico. Estuve entre tres y cuatro meses para adaptarme a lo f\u00edsico. Hab\u00eda llegado para la pretemporada tambi\u00e9n. Eso me ayud\u00f3 un montonazo. Al venir del Ascenso, ve\u00eda todas esas cosas y dec\u00eda \u201cqu\u00e9 loco, mir\u00e1 lo que es estar ac\u00e1, es impagable\u201d. Pero, bueno, hay que luchar si uno quiere estar ah\u00ed. No es f\u00e1cil.<\/p>\n<p><b>&#8211; \u00bfSufriste la presi\u00f3n de llegar a un equipo importante de Primera<\/b><\/p>\n<p>-Gracias a Dios agarr\u00e9 la mejor camada de lo que fue el f\u00fatbol argentino. La mejor \u00e9poca en general de todos los equipos, sacando a River y a Boca en su momento. En el 2000 fue la mejor \u00e9poca de los equipos de f\u00fatbol argentino. Argentinos ten\u00eda un equipazo, San Lorenzo tambi\u00e9n, y despu\u00e9s en los dem\u00e1s equipos en donde estuve por lo menos mi lectura es esa; Boca y River te perd\u00edan uno o dos partidos al a\u00f1o, como San Lorenzo. Hoy ves a Boca y a River que pierden entre 10 o 12 partidos en un a\u00f1o. Hoy se equilibr\u00f3 un poco, cualquiera le gana a cualquiera. Antes eso no pasaba. A Boca y River no les ganabas ni de casualidad. Y, con todo respeto, cualquiera le gana a esos equipos. <\/p>\n<p><img loading=\"lazy\" decoding=\"async\" src=\"https:\/\/lobosnews.com.ar\/wp-content\/uploads\/2026\/03\/paso-de-la-d-a-primera-jugo-en-san-lorenzo-y-en-espana-lo-dirigio-ruggeri-y-se-retiro-a-los-45-anos-fue-como-si-me-apagaran-la-luz-2.jpg\" alt=\"Moreno, con la casaca de Laferrere, el club de sus amores\" height=\"1035\" width=\"1920\"\/><\/p>\n<p><b>&#8211; \u00bfCon qui\u00e9n compet\u00edas en tu puesto en San Lorenzo? <\/b><\/p>\n<p>&#8211; Cuando llegu\u00e9, estaba de entrenador Oscar Ruggeri y despu\u00e9s vino Manuel Pellegrini. Hab\u00eda subido a Primera el Pipi Romagnoli y compet\u00eda con \u00e9l en el puesto de enganche. Previamente, estuvo toda esa camada de grandes jugadores como Pipo Gorosito, Fernando Galetto, Claudio Rivadero, el Chapa Zapata que se hab\u00edan ido y el Pipi empez\u00f3 a sumar. Despu\u00e9s, estaba Walter Ervitti, que empezaba a sumar minutos. Pero gracias a Dios, me pude acoplar bien el a\u00f1o que estuve en Argentinos. Me sirvi\u00f3 tambi\u00e9n porque me entren\u00e9 durante dos pretemporadas y cuando llegu\u00e9 a San Lorenzo, la pretemporada no la sufr\u00ed tanto. Aparte, San Lorenzo ten\u00eda un buen equipo, un buen plantel, como Argentinos.<\/p>\n<p><b>&#8211; \u00bfC\u00f3mo fue tu relaci\u00f3n con Ruggeri?<\/b><\/p>\n<p>&#8211; Bien. Con todos los DT que tuve en diferentes clubes tuve la mejor. Pod\u00e9s compartir pensamiento futbol\u00edstico o no, pero uno lo va entendiendo a medida que va creciendo. Despu\u00e9s est\u00e1 el t\u00e9cnico y el que est\u00e1 jugando debe entender que el DT estuvo del lado que est\u00e1s vos. De todos uno va sacando lo mejor, esa es la realidad.<\/p>\n<p><b>&#8211; \u00bfCu\u00e1l fue el entrenador que m\u00e1s te marc\u00f3 en tu carrera<\/b><\/p>\n<p>&#8211; Osvaldo Chiche Sosa. Fue el t\u00e9cnico que m\u00e1s tiempo tuve y me dirigi\u00f3 en Argentinos. Fue el que me abri\u00f3 las puertas para poder quedarme. En San Lorenzo tuve a Rub\u00e9n <i>el Flaco<\/i> Cousillas, que estuvo con Ruggeri en el cuerpo t\u00e9cnico. Era el ayudante de Oscar tambi\u00e9n, y eso fue una ventaja, porque el Flaco me conoc\u00eda por intermedio de un amigo. Mi amigo dirig\u00eda un equipo en Roque P\u00e9rez en su momento y le dec\u00eda \u201csab\u00e9s que all\u00e1 hay un chico, un villero, un negro que juega esto y lo otro\u201d. Fui as\u00ed como Cousillas me llev\u00f3 a probarme a Argentinos. <\/p>\n<p><b>&#8211; \u00bfC\u00f3mo te trataron en Espa\u00f1a al ser tu primera experiencia en el exterior?<\/b><\/p>\n<p>&#8211; Bien. La verdad que en Espa\u00f1a pens\u00e9 que iba a ser duro y dif\u00edcil. Fue la primera vez que sal\u00eda de Argentina. Fue una expectativa enorme, porque me fui de grande, a los 30 o 31 a\u00f1os. Como jugador, hab\u00eda salido del pa\u00eds jugando copas con San Lorenzo, pero yendo a otra liga, era la primera vez. Despu\u00e9s, pas\u00e9 por Ecuador tambi\u00e9n. Fui a Deportivo Quito y volv\u00ed a la Argentina para jugar en Chacarita.<\/p>\n<p><b>&#8211; Luego, jugaste en Hurac\u00e1n. \u00bfTe recriminaron alguna vez en Parque Patricios tu paso por San Lorenzo?<\/b><\/p>\n<p>&#8211; No, sinceramente nada, cero. En caso de que lo hayan hecho, capaz que no me di cuenta si era para m\u00ed. Pero bueno, la verdad que siempre tengo el mejor recuerdo y el mayor respeto para la gente, m\u00e1s all\u00e1 de la rivalidad. Fue positivo mi balance porque yo jugaba en el equipo que estaba dirigido por Chiche Sosa y despu\u00e9s por el Turco Mohamed. Hemos ascendido del Nacional a Primera. Ese recuerdo no te lo quita nadie ni en Hurac\u00e1n ni en otro club. Estar al m\u00e1ximo nivel durante 25 a\u00f1os de carrera no es para cualquiera.<\/p>\n<p><b>-\u00bfC\u00f3mo hiciste para mantenerte tanto tiempo en el ruedo?<\/b><\/p>\n<p>&#8211; No es f\u00e1cil mantenerte durante 25 a\u00f1os en el f\u00fatbol argentino. Me cuid\u00e9 mucho, con la comida y con las salidas. \u00bfSi sal\u00eda mucho? No, no era muy salidor. Hace 33 a\u00f1os que estoy con mi se\u00f1ora, Sandra. Gracias a Dios, no tuve muchas lesiones. La clave tiene que ver con la alimentaci\u00f3n y el buen descanso. La realidad es que no hay mucho misterio. Descansar bien, hacer el entrenamiento fantasma, que es el descanso, y dormir la siesta. La profesi\u00f3n del futbolista es de las \u00fanicas que te da la posibilidad de estar bien descansado, de poder estudiar, pero ten\u00e9s que cuidarte mucho.<\/p>\n<p><img loading=\"lazy\" decoding=\"async\" src=\"https:\/\/lobosnews.com.ar\/wp-content\/uploads\/2026\/03\/paso-de-la-d-a-primera-jugo-en-san-lorenzo-y-en-espana-lo-dirigio-ruggeri-y-se-retiro-a-los-45-anos-fue-como-si-me-apagaran-la-luz-3.jpg\" alt=\"En Lafe tambi\u00e9n trabaj\u00f3 como entrenador\" height=\"2279\" width=\"1920\"\/><\/p>\n<p><b>-\u00bfEstudiaste alguna carrera <\/b><\/p>\n<p>-Yo no hice nada. No, no hice nada. Y termin\u00e9 de jugar y tampoco estudi\u00e9.<\/p>\n<p><b>&#8211; \u00bfNotaste el cambio entre ser jugador y pasar a director t\u00e9cnico? <\/b><\/p>\n<p>&#8211; Es muy dif\u00edcil y se nota el cambio. Son dos cosas totalmente diferentes. No es lo mismo ver una persona de frente, que despu\u00e9s vos pases a estar al frente de 30 personas, \u00bfme entend\u00e9s? Te encontr\u00e1s con 30 problemas diferentes, con 30 situaciones diferentes. Hay que conocer e intentar saber c\u00f3mo poder ayudar a cada uno, porque es la realidad. Atr\u00e1s de un jugador de f\u00fatbol hay una familia, una vida personal, y hay un ser humano que por ah\u00ed la est\u00e1 pasando mal. <\/p>\n<p><b>&#8211; \u00bfTe pas\u00f3 en alg\u00fan momento que la estabas pasando mal y tuviste que acudir al t\u00e9cnico de turno? <\/b><\/p>\n<p>&#8211; No, no tuve esa situaci\u00f3n. Yo te estoy hablando de la \u00e9poca de antes, imaginate la de ahora. Las cosas fueron cambiando, y son cada vez m\u00e1s dif\u00edciles. Los j\u00f3venes cada vez est\u00e1n m\u00e1s rebeldes. <\/p>\n<p><b>&#8211; \u00bfEn el vestuario los juveniles saben qui\u00e9n entra como nuevo entrenador? \u00bfO sea, conocen qui\u00e9n ocupar\u00e1 el cargo de director t\u00e9cnico?<\/b><\/p>\n<p>&#8211; No, no conocen al nuevo entrenador. No conocen su historia, y eso es triste y no es bueno, \u00bfviste? A las generaciones de hoy no les interesa saber qui\u00e9n los dirigir\u00e1 ni conocer su pasado futbol\u00edstico. No hacen esa lectura de que va a venir un t\u00e9cnico y voy a averiguar d\u00f3nde jug\u00f3, qui\u00e9n es, a qui\u00e9n dirigi\u00f3 y a qui\u00e9n tuvo. Te preguntan \u201c\u00bfqui\u00e9n es este\u00a1\u201d, y da verg\u00fcenza ajena que no sepan qui\u00e9n lo va a dirigir.<\/p>\n","protected":false},"excerpt":{"rendered":"<p>\u201cNo es f\u00e1cil mantenerte durante 25 a\u00f1os en el f\u00fatbol argentino. Me cuid\u00e9 mucho con la comida y las salidas. No era muy salidor, ya que desde hace 33 a\u00f1os que estoy con mi se\u00f1ora, Sandra. Gracias a Dios, no tuve muchas lesiones. La clave tiene que ver con la alimentaci\u00f3n y el buen descanso\u201d&#8230;.<\/p>\n","protected":false},"author":1,"featured_media":0,"comment_status":"open","ping_status":"closed","sticky":false,"template":"","format":"standard","meta":{"_jetpack_memberships_contains_paid_content":false,"footnotes":""},"categories":[30],"tags":[39],"class_list":["post-31869","post","type-post","status-publish","format-standard","hentry","category-argentina","tag-deportes"],"magazineBlocksPostFeaturedMedia":{"thumbnail":false,"medium":false,"medium_large":false,"large":false,"1536x1536":false,"2048x2048":false,"newsmatic-featured":false,"newsmatic-list":false,"newsmatic-thumb":false,"newsmatic-small":false,"newsmatic-grid":false},"magazineBlocksPostAuthor":{"name":"admin","avatar":"https:\/\/secure.gravatar.com\/avatar\/76e419471a2083bc3ceab22a763dbbf9b0c1bd15a6214cf3280e2c2dde4580f9?s=96&d=mm&r=g"},"magazineBlocksPostCommentsNumber":"0","magazineBlocksPostExcerpt":"\u201cNo es f\u00e1cil mantenerte durante 25 a\u00f1os en el f\u00fatbol argentino. Me cuid\u00e9 mucho con la comida y las salidas. No era muy salidor, ya que desde hace 33 a\u00f1os que estoy con mi se\u00f1ora, Sandra. Gracias a Dios, no tuve muchas lesiones. La clave tiene que ver con la alimentaci\u00f3n y el buen descanso\u201d....","magazineBlocksPostCategories":["Argentina"],"magazineBlocksPostViewCount":107,"magazineBlocksPostReadTime":13,"magazine_blocks_featured_image_url":{"full":false,"medium":false,"thumbnail":false},"magazine_blocks_author":{"display_name":"admin","author_link":"https:\/\/lobosnews.com.ar\/index.php\/author\/lobos-news\/"},"magazine_blocks_comment":0,"magazine_blocks_author_image":"https:\/\/secure.gravatar.com\/avatar\/76e419471a2083bc3ceab22a763dbbf9b0c1bd15a6214cf3280e2c2dde4580f9?s=96&d=mm&r=g","magazine_blocks_category":"<a href=\"#\" class=\"category-link category-link-30\">Argentina<\/a>","yoast_head":"<!-- This site is optimized with the Yoast SEO plugin v26.6 - https:\/\/yoast.com\/wordpress\/plugins\/seo\/ -->\n<title>Pas\u00f3 de la D a Primera, jug\u00f3 en San Lorenzo y en Espa\u00f1a, lo dirigi\u00f3 Ruggeri y se retir\u00f3 a los 45 a\u00f1os: \u201cFue como si me apagaran la luz\u201d - Lobos News<\/title>\n<meta name=\"robots\" content=\"index, follow, max-snippet:-1, max-image-preview:large, max-video-preview:-1\" \/>\n<link rel=\"canonical\" href=\"https:\/\/lobosnews.com.ar\/index.php\/2026\/03\/11\/paso-de-la-d-a-primera-jugo-en-san-lorenzo-y-en-espana-lo-dirigio-ruggeri-y-se-retiro-a-los-45-anos-fue-como-si-me-apagaran-la-luz\/\" \/>\n<meta property=\"og:locale\" content=\"es_ES\" \/>\n<meta property=\"og:type\" content=\"article\" \/>\n<meta property=\"og:title\" content=\"Pas\u00f3 de la D a Primera, jug\u00f3 en San Lorenzo y en Espa\u00f1a, lo dirigi\u00f3 Ruggeri y se retir\u00f3 a los 45 a\u00f1os: \u201cFue como si me apagaran la luz\u201d - Lobos News\" \/>\n<meta property=\"og:description\" content=\"\u201cNo es f\u00e1cil mantenerte durante 25 a\u00f1os en el f\u00fatbol argentino. Me cuid\u00e9 mucho con la comida y las salidas. No era muy salidor, ya que desde hace 33 a\u00f1os que estoy con mi se\u00f1ora, Sandra. Gracias a Dios, no tuve muchas lesiones. La clave tiene que ver con la alimentaci\u00f3n y el buen descanso\u201d....\" \/>\n<meta property=\"og:url\" content=\"https:\/\/lobosnews.com.ar\/index.php\/2026\/03\/11\/paso-de-la-d-a-primera-jugo-en-san-lorenzo-y-en-espana-lo-dirigio-ruggeri-y-se-retiro-a-los-45-anos-fue-como-si-me-apagaran-la-luz\/\" \/>\n<meta property=\"og:site_name\" content=\"Lobos News\" \/>\n<meta property=\"article:published_time\" content=\"2026-03-11T05:27:32+00:00\" \/>\n<meta property=\"article:modified_time\" content=\"2026-03-11T08:37:02+00:00\" \/>\n<meta property=\"og:image\" content=\"https:\/\/lobosnews.com.ar\/wp-content\/uploads\/2026\/03\/paso-de-la-d-a-primera-jugo-en-san-lorenzo-y-en-espana-lo-dirigio-ruggeri-y-se-retiro-a-los-45-anos-fue-como-si-me-apagaran-la-luz.jpg\" \/>\n<meta name=\"author\" content=\"admin\" \/>\n<meta name=\"twitter:card\" content=\"summary_large_image\" \/>\n<meta name=\"twitter:label1\" content=\"Escrito por\" \/>\n\t<meta name=\"twitter:data1\" content=\"admin\" \/>\n\t<meta name=\"twitter:label2\" content=\"Tiempo de lectura\" \/>\n\t<meta name=\"twitter:data2\" content=\"13 minutos\" \/>\n<script type=\"application\/ld+json\" class=\"yoast-schema-graph\">{\"@context\":\"https:\/\/schema.org\",\"@graph\":[{\"@type\":\"Article\",\"@id\":\"https:\/\/lobosnews.com.ar\/index.php\/2026\/03\/11\/paso-de-la-d-a-primera-jugo-en-san-lorenzo-y-en-espana-lo-dirigio-ruggeri-y-se-retiro-a-los-45-anos-fue-como-si-me-apagaran-la-luz\/#article\",\"isPartOf\":{\"@id\":\"https:\/\/lobosnews.com.ar\/index.php\/2026\/03\/11\/paso-de-la-d-a-primera-jugo-en-san-lorenzo-y-en-espana-lo-dirigio-ruggeri-y-se-retiro-a-los-45-anos-fue-como-si-me-apagaran-la-luz\/\"},\"author\":{\"name\":\"admin\",\"@id\":\"https:\/\/lobosnews.com.ar\/#\/schema\/person\/232422a593d5c541dd9aef6aaed10943\"},\"headline\":\"Pas\u00f3 de la D a Primera, jug\u00f3 en San Lorenzo y en Espa\u00f1a, lo dirigi\u00f3 Ruggeri y se retir\u00f3 a los 45 a\u00f1os: \u201cFue como si me apagaran la luz\u201d\",\"datePublished\":\"2026-03-11T05:27:32+00:00\",\"dateModified\":\"2026-03-11T08:37:02+00:00\",\"mainEntityOfPage\":{\"@id\":\"https:\/\/lobosnews.com.ar\/index.php\/2026\/03\/11\/paso-de-la-d-a-primera-jugo-en-san-lorenzo-y-en-espana-lo-dirigio-ruggeri-y-se-retiro-a-los-45-anos-fue-como-si-me-apagaran-la-luz\/\"},\"wordCount\":2561,\"commentCount\":0,\"publisher\":{\"@id\":\"https:\/\/lobosnews.com.ar\/#organization\"},\"image\":{\"@id\":\"https:\/\/lobosnews.com.ar\/index.php\/2026\/03\/11\/paso-de-la-d-a-primera-jugo-en-san-lorenzo-y-en-espana-lo-dirigio-ruggeri-y-se-retiro-a-los-45-anos-fue-como-si-me-apagaran-la-luz\/#primaryimage\"},\"thumbnailUrl\":\"https:\/\/lobosnews.com.ar\/wp-content\/uploads\/2026\/03\/paso-de-la-d-a-primera-jugo-en-san-lorenzo-y-en-espana-lo-dirigio-ruggeri-y-se-retiro-a-los-45-anos-fue-como-si-me-apagaran-la-luz.jpg\",\"keywords\":[\"Deportes\"],\"articleSection\":[\"Argentina\"],\"inLanguage\":\"es\",\"potentialAction\":[{\"@type\":\"CommentAction\",\"name\":\"Comment\",\"target\":[\"https:\/\/lobosnews.com.ar\/index.php\/2026\/03\/11\/paso-de-la-d-a-primera-jugo-en-san-lorenzo-y-en-espana-lo-dirigio-ruggeri-y-se-retiro-a-los-45-anos-fue-como-si-me-apagaran-la-luz\/#respond\"]}]},{\"@type\":\"WebPage\",\"@id\":\"https:\/\/lobosnews.com.ar\/index.php\/2026\/03\/11\/paso-de-la-d-a-primera-jugo-en-san-lorenzo-y-en-espana-lo-dirigio-ruggeri-y-se-retiro-a-los-45-anos-fue-como-si-me-apagaran-la-luz\/\",\"url\":\"https:\/\/lobosnews.com.ar\/index.php\/2026\/03\/11\/paso-de-la-d-a-primera-jugo-en-san-lorenzo-y-en-espana-lo-dirigio-ruggeri-y-se-retiro-a-los-45-anos-fue-como-si-me-apagaran-la-luz\/\",\"name\":\"Pas\u00f3 de la D a Primera, jug\u00f3 en San Lorenzo y en Espa\u00f1a, lo dirigi\u00f3 Ruggeri y se retir\u00f3 a los 45 a\u00f1os: \u201cFue como si me apagaran la luz\u201d - Lobos News\",\"isPartOf\":{\"@id\":\"https:\/\/lobosnews.com.ar\/#website\"},\"primaryImageOfPage\":{\"@id\":\"https:\/\/lobosnews.com.ar\/index.php\/2026\/03\/11\/paso-de-la-d-a-primera-jugo-en-san-lorenzo-y-en-espana-lo-dirigio-ruggeri-y-se-retiro-a-los-45-anos-fue-como-si-me-apagaran-la-luz\/#primaryimage\"},\"image\":{\"@id\":\"https:\/\/lobosnews.com.ar\/index.php\/2026\/03\/11\/paso-de-la-d-a-primera-jugo-en-san-lorenzo-y-en-espana-lo-dirigio-ruggeri-y-se-retiro-a-los-45-anos-fue-como-si-me-apagaran-la-luz\/#primaryimage\"},\"thumbnailUrl\":\"https:\/\/lobosnews.com.ar\/wp-content\/uploads\/2026\/03\/paso-de-la-d-a-primera-jugo-en-san-lorenzo-y-en-espana-lo-dirigio-ruggeri-y-se-retiro-a-los-45-anos-fue-como-si-me-apagaran-la-luz.jpg\",\"datePublished\":\"2026-03-11T05:27:32+00:00\",\"dateModified\":\"2026-03-11T08:37:02+00:00\",\"breadcrumb\":{\"@id\":\"https:\/\/lobosnews.com.ar\/index.php\/2026\/03\/11\/paso-de-la-d-a-primera-jugo-en-san-lorenzo-y-en-espana-lo-dirigio-ruggeri-y-se-retiro-a-los-45-anos-fue-como-si-me-apagaran-la-luz\/#breadcrumb\"},\"inLanguage\":\"es\",\"potentialAction\":[{\"@type\":\"ReadAction\",\"target\":[\"https:\/\/lobosnews.com.ar\/index.php\/2026\/03\/11\/paso-de-la-d-a-primera-jugo-en-san-lorenzo-y-en-espana-lo-dirigio-ruggeri-y-se-retiro-a-los-45-anos-fue-como-si-me-apagaran-la-luz\/\"]}]},{\"@type\":\"ImageObject\",\"inLanguage\":\"es\",\"@id\":\"https:\/\/lobosnews.com.ar\/index.php\/2026\/03\/11\/paso-de-la-d-a-primera-jugo-en-san-lorenzo-y-en-espana-lo-dirigio-ruggeri-y-se-retiro-a-los-45-anos-fue-como-si-me-apagaran-la-luz\/#primaryimage\",\"url\":\"https:\/\/lobosnews.com.ar\/wp-content\/uploads\/2026\/03\/paso-de-la-d-a-primera-jugo-en-san-lorenzo-y-en-espana-lo-dirigio-ruggeri-y-se-retiro-a-los-45-anos-fue-como-si-me-apagaran-la-luz.jpg\",\"contentUrl\":\"https:\/\/lobosnews.com.ar\/wp-content\/uploads\/2026\/03\/paso-de-la-d-a-primera-jugo-en-san-lorenzo-y-en-espana-lo-dirigio-ruggeri-y-se-retiro-a-los-45-anos-fue-como-si-me-apagaran-la-luz.jpg\"},{\"@type\":\"BreadcrumbList\",\"@id\":\"https:\/\/lobosnews.com.ar\/index.php\/2026\/03\/11\/paso-de-la-d-a-primera-jugo-en-san-lorenzo-y-en-espana-lo-dirigio-ruggeri-y-se-retiro-a-los-45-anos-fue-como-si-me-apagaran-la-luz\/#breadcrumb\",\"itemListElement\":[{\"@type\":\"ListItem\",\"position\":1,\"name\":\"Portada\",\"item\":\"https:\/\/lobosnews.com.ar\/\"},{\"@type\":\"ListItem\",\"position\":2,\"name\":\"Pas\u00f3 de la D a Primera, jug\u00f3 en San Lorenzo y en Espa\u00f1a, lo dirigi\u00f3 Ruggeri y se retir\u00f3 a los 45 a\u00f1os: \u201cFue como si me apagaran la luz\u201d\"}]},{\"@type\":\"WebSite\",\"@id\":\"https:\/\/lobosnews.com.ar\/#website\",\"url\":\"https:\/\/lobosnews.com.ar\/\",\"name\":\"Lobos News\",\"description\":\"Informaci\u00f3n a cada instante\",\"publisher\":{\"@id\":\"https:\/\/lobosnews.com.ar\/#organization\"},\"potentialAction\":[{\"@type\":\"SearchAction\",\"target\":{\"@type\":\"EntryPoint\",\"urlTemplate\":\"https:\/\/lobosnews.com.ar\/?s={search_term_string}\"},\"query-input\":{\"@type\":\"PropertyValueSpecification\",\"valueRequired\":true,\"valueName\":\"search_term_string\"}}],\"inLanguage\":\"es\"},{\"@type\":\"Organization\",\"@id\":\"https:\/\/lobosnews.com.ar\/#organization\",\"name\":\"Lobos News\",\"url\":\"https:\/\/lobosnews.com.ar\/\",\"logo\":{\"@type\":\"ImageObject\",\"inLanguage\":\"es\",\"@id\":\"https:\/\/lobosnews.com.ar\/#\/schema\/logo\/image\/\",\"url\":\"https:\/\/lobosnews.com.ar\/wp-content\/uploads\/2026\/01\/logo-lobosnews.png\",\"contentUrl\":\"https:\/\/lobosnews.com.ar\/wp-content\/uploads\/2026\/01\/logo-lobosnews.png\",\"width\":500,\"height\":200,\"caption\":\"Lobos News\"},\"image\":{\"@id\":\"https:\/\/lobosnews.com.ar\/#\/schema\/logo\/image\/\"}},{\"@type\":\"Person\",\"@id\":\"https:\/\/lobosnews.com.ar\/#\/schema\/person\/232422a593d5c541dd9aef6aaed10943\",\"name\":\"admin\",\"image\":{\"@type\":\"ImageObject\",\"inLanguage\":\"es\",\"@id\":\"https:\/\/lobosnews.com.ar\/#\/schema\/person\/image\/\",\"url\":\"https:\/\/secure.gravatar.com\/avatar\/76e419471a2083bc3ceab22a763dbbf9b0c1bd15a6214cf3280e2c2dde4580f9?s=96&d=mm&r=g\",\"contentUrl\":\"https:\/\/secure.gravatar.com\/avatar\/76e419471a2083bc3ceab22a763dbbf9b0c1bd15a6214cf3280e2c2dde4580f9?s=96&d=mm&r=g\",\"caption\":\"admin\"},\"sameAs\":[\"https:\/\/lobosnews.com.ar\"],\"url\":\"https:\/\/lobosnews.com.ar\/index.php\/author\/lobos-news\/\"}]}<\/script>\n<!-- \/ Yoast SEO plugin. -->","yoast_head_json":{"title":"Pas\u00f3 de la D a Primera, jug\u00f3 en San Lorenzo y en Espa\u00f1a, lo dirigi\u00f3 Ruggeri y se retir\u00f3 a los 45 a\u00f1os: \u201cFue como si me apagaran la luz\u201d - Lobos News","robots":{"index":"index","follow":"follow","max-snippet":"max-snippet:-1","max-image-preview":"max-image-preview:large","max-video-preview":"max-video-preview:-1"},"canonical":"https:\/\/lobosnews.com.ar\/index.php\/2026\/03\/11\/paso-de-la-d-a-primera-jugo-en-san-lorenzo-y-en-espana-lo-dirigio-ruggeri-y-se-retiro-a-los-45-anos-fue-como-si-me-apagaran-la-luz\/","og_locale":"es_ES","og_type":"article","og_title":"Pas\u00f3 de la D a Primera, jug\u00f3 en San Lorenzo y en Espa\u00f1a, lo dirigi\u00f3 Ruggeri y se retir\u00f3 a los 45 a\u00f1os: \u201cFue como si me apagaran la luz\u201d - Lobos News","og_description":"\u201cNo es f\u00e1cil mantenerte durante 25 a\u00f1os en el f\u00fatbol argentino. Me cuid\u00e9 mucho con la comida y las salidas. No era muy salidor, ya que desde hace 33 a\u00f1os que estoy con mi se\u00f1ora, Sandra. Gracias a Dios, no tuve muchas lesiones. La clave tiene que ver con la alimentaci\u00f3n y el buen descanso\u201d....","og_url":"https:\/\/lobosnews.com.ar\/index.php\/2026\/03\/11\/paso-de-la-d-a-primera-jugo-en-san-lorenzo-y-en-espana-lo-dirigio-ruggeri-y-se-retiro-a-los-45-anos-fue-como-si-me-apagaran-la-luz\/","og_site_name":"Lobos News","article_published_time":"2026-03-11T05:27:32+00:00","article_modified_time":"2026-03-11T08:37:02+00:00","og_image":[{"url":"https:\/\/lobosnews.com.ar\/wp-content\/uploads\/2026\/03\/paso-de-la-d-a-primera-jugo-en-san-lorenzo-y-en-espana-lo-dirigio-ruggeri-y-se-retiro-a-los-45-anos-fue-como-si-me-apagaran-la-luz.jpg","type":"","width":"","height":""}],"author":"admin","twitter_card":"summary_large_image","twitter_misc":{"Escrito por":"admin","Tiempo de lectura":"13 minutos"},"schema":{"@context":"https:\/\/schema.org","@graph":[{"@type":"Article","@id":"https:\/\/lobosnews.com.ar\/index.php\/2026\/03\/11\/paso-de-la-d-a-primera-jugo-en-san-lorenzo-y-en-espana-lo-dirigio-ruggeri-y-se-retiro-a-los-45-anos-fue-como-si-me-apagaran-la-luz\/#article","isPartOf":{"@id":"https:\/\/lobosnews.com.ar\/index.php\/2026\/03\/11\/paso-de-la-d-a-primera-jugo-en-san-lorenzo-y-en-espana-lo-dirigio-ruggeri-y-se-retiro-a-los-45-anos-fue-como-si-me-apagaran-la-luz\/"},"author":{"name":"admin","@id":"https:\/\/lobosnews.com.ar\/#\/schema\/person\/232422a593d5c541dd9aef6aaed10943"},"headline":"Pas\u00f3 de la D a Primera, jug\u00f3 en San Lorenzo y en Espa\u00f1a, lo dirigi\u00f3 Ruggeri y se retir\u00f3 a los 45 a\u00f1os: \u201cFue como si me apagaran la luz\u201d","datePublished":"2026-03-11T05:27:32+00:00","dateModified":"2026-03-11T08:37:02+00:00","mainEntityOfPage":{"@id":"https:\/\/lobosnews.com.ar\/index.php\/2026\/03\/11\/paso-de-la-d-a-primera-jugo-en-san-lorenzo-y-en-espana-lo-dirigio-ruggeri-y-se-retiro-a-los-45-anos-fue-como-si-me-apagaran-la-luz\/"},"wordCount":2561,"commentCount":0,"publisher":{"@id":"https:\/\/lobosnews.com.ar\/#organization"},"image":{"@id":"https:\/\/lobosnews.com.ar\/index.php\/2026\/03\/11\/paso-de-la-d-a-primera-jugo-en-san-lorenzo-y-en-espana-lo-dirigio-ruggeri-y-se-retiro-a-los-45-anos-fue-como-si-me-apagaran-la-luz\/#primaryimage"},"thumbnailUrl":"https:\/\/lobosnews.com.ar\/wp-content\/uploads\/2026\/03\/paso-de-la-d-a-primera-jugo-en-san-lorenzo-y-en-espana-lo-dirigio-ruggeri-y-se-retiro-a-los-45-anos-fue-como-si-me-apagaran-la-luz.jpg","keywords":["Deportes"],"articleSection":["Argentina"],"inLanguage":"es","potentialAction":[{"@type":"CommentAction","name":"Comment","target":["https:\/\/lobosnews.com.ar\/index.php\/2026\/03\/11\/paso-de-la-d-a-primera-jugo-en-san-lorenzo-y-en-espana-lo-dirigio-ruggeri-y-se-retiro-a-los-45-anos-fue-como-si-me-apagaran-la-luz\/#respond"]}]},{"@type":"WebPage","@id":"https:\/\/lobosnews.com.ar\/index.php\/2026\/03\/11\/paso-de-la-d-a-primera-jugo-en-san-lorenzo-y-en-espana-lo-dirigio-ruggeri-y-se-retiro-a-los-45-anos-fue-como-si-me-apagaran-la-luz\/","url":"https:\/\/lobosnews.com.ar\/index.php\/2026\/03\/11\/paso-de-la-d-a-primera-jugo-en-san-lorenzo-y-en-espana-lo-dirigio-ruggeri-y-se-retiro-a-los-45-anos-fue-como-si-me-apagaran-la-luz\/","name":"Pas\u00f3 de la D a Primera, jug\u00f3 en San Lorenzo y en Espa\u00f1a, lo dirigi\u00f3 Ruggeri y se retir\u00f3 a los 45 a\u00f1os: \u201cFue como si me apagaran la luz\u201d - Lobos News","isPartOf":{"@id":"https:\/\/lobosnews.com.ar\/#website"},"primaryImageOfPage":{"@id":"https:\/\/lobosnews.com.ar\/index.php\/2026\/03\/11\/paso-de-la-d-a-primera-jugo-en-san-lorenzo-y-en-espana-lo-dirigio-ruggeri-y-se-retiro-a-los-45-anos-fue-como-si-me-apagaran-la-luz\/#primaryimage"},"image":{"@id":"https:\/\/lobosnews.com.ar\/index.php\/2026\/03\/11\/paso-de-la-d-a-primera-jugo-en-san-lorenzo-y-en-espana-lo-dirigio-ruggeri-y-se-retiro-a-los-45-anos-fue-como-si-me-apagaran-la-luz\/#primaryimage"},"thumbnailUrl":"https:\/\/lobosnews.com.ar\/wp-content\/uploads\/2026\/03\/paso-de-la-d-a-primera-jugo-en-san-lorenzo-y-en-espana-lo-dirigio-ruggeri-y-se-retiro-a-los-45-anos-fue-como-si-me-apagaran-la-luz.jpg","datePublished":"2026-03-11T05:27:32+00:00","dateModified":"2026-03-11T08:37:02+00:00","breadcrumb":{"@id":"https:\/\/lobosnews.com.ar\/index.php\/2026\/03\/11\/paso-de-la-d-a-primera-jugo-en-san-lorenzo-y-en-espana-lo-dirigio-ruggeri-y-se-retiro-a-los-45-anos-fue-como-si-me-apagaran-la-luz\/#breadcrumb"},"inLanguage":"es","potentialAction":[{"@type":"ReadAction","target":["https:\/\/lobosnews.com.ar\/index.php\/2026\/03\/11\/paso-de-la-d-a-primera-jugo-en-san-lorenzo-y-en-espana-lo-dirigio-ruggeri-y-se-retiro-a-los-45-anos-fue-como-si-me-apagaran-la-luz\/"]}]},{"@type":"ImageObject","inLanguage":"es","@id":"https:\/\/lobosnews.com.ar\/index.php\/2026\/03\/11\/paso-de-la-d-a-primera-jugo-en-san-lorenzo-y-en-espana-lo-dirigio-ruggeri-y-se-retiro-a-los-45-anos-fue-como-si-me-apagaran-la-luz\/#primaryimage","url":"https:\/\/lobosnews.com.ar\/wp-content\/uploads\/2026\/03\/paso-de-la-d-a-primera-jugo-en-san-lorenzo-y-en-espana-lo-dirigio-ruggeri-y-se-retiro-a-los-45-anos-fue-como-si-me-apagaran-la-luz.jpg","contentUrl":"https:\/\/lobosnews.com.ar\/wp-content\/uploads\/2026\/03\/paso-de-la-d-a-primera-jugo-en-san-lorenzo-y-en-espana-lo-dirigio-ruggeri-y-se-retiro-a-los-45-anos-fue-como-si-me-apagaran-la-luz.jpg"},{"@type":"BreadcrumbList","@id":"https:\/\/lobosnews.com.ar\/index.php\/2026\/03\/11\/paso-de-la-d-a-primera-jugo-en-san-lorenzo-y-en-espana-lo-dirigio-ruggeri-y-se-retiro-a-los-45-anos-fue-como-si-me-apagaran-la-luz\/#breadcrumb","itemListElement":[{"@type":"ListItem","position":1,"name":"Portada","item":"https:\/\/lobosnews.com.ar\/"},{"@type":"ListItem","position":2,"name":"Pas\u00f3 de la D a Primera, jug\u00f3 en San Lorenzo y en Espa\u00f1a, lo dirigi\u00f3 Ruggeri y se retir\u00f3 a los 45 a\u00f1os: \u201cFue como si me apagaran la luz\u201d"}]},{"@type":"WebSite","@id":"https:\/\/lobosnews.com.ar\/#website","url":"https:\/\/lobosnews.com.ar\/","name":"Lobos News","description":"Informaci\u00f3n a cada instante","publisher":{"@id":"https:\/\/lobosnews.com.ar\/#organization"},"potentialAction":[{"@type":"SearchAction","target":{"@type":"EntryPoint","urlTemplate":"https:\/\/lobosnews.com.ar\/?s={search_term_string}"},"query-input":{"@type":"PropertyValueSpecification","valueRequired":true,"valueName":"search_term_string"}}],"inLanguage":"es"},{"@type":"Organization","@id":"https:\/\/lobosnews.com.ar\/#organization","name":"Lobos News","url":"https:\/\/lobosnews.com.ar\/","logo":{"@type":"ImageObject","inLanguage":"es","@id":"https:\/\/lobosnews.com.ar\/#\/schema\/logo\/image\/","url":"https:\/\/lobosnews.com.ar\/wp-content\/uploads\/2026\/01\/logo-lobosnews.png","contentUrl":"https:\/\/lobosnews.com.ar\/wp-content\/uploads\/2026\/01\/logo-lobosnews.png","width":500,"height":200,"caption":"Lobos News"},"image":{"@id":"https:\/\/lobosnews.com.ar\/#\/schema\/logo\/image\/"}},{"@type":"Person","@id":"https:\/\/lobosnews.com.ar\/#\/schema\/person\/232422a593d5c541dd9aef6aaed10943","name":"admin","image":{"@type":"ImageObject","inLanguage":"es","@id":"https:\/\/lobosnews.com.ar\/#\/schema\/person\/image\/","url":"https:\/\/secure.gravatar.com\/avatar\/76e419471a2083bc3ceab22a763dbbf9b0c1bd15a6214cf3280e2c2dde4580f9?s=96&d=mm&r=g","contentUrl":"https:\/\/secure.gravatar.com\/avatar\/76e419471a2083bc3ceab22a763dbbf9b0c1bd15a6214cf3280e2c2dde4580f9?s=96&d=mm&r=g","caption":"admin"},"sameAs":["https:\/\/lobosnews.com.ar"],"url":"https:\/\/lobosnews.com.ar\/index.php\/author\/lobos-news\/"}]}},"jetpack_featured_media_url":"","jetpack_sharing_enabled":true,"_links":{"self":[{"href":"https:\/\/lobosnews.com.ar\/index.php\/wp-json\/wp\/v2\/posts\/31869","targetHints":{"allow":["GET"]}}],"collection":[{"href":"https:\/\/lobosnews.com.ar\/index.php\/wp-json\/wp\/v2\/posts"}],"about":[{"href":"https:\/\/lobosnews.com.ar\/index.php\/wp-json\/wp\/v2\/types\/post"}],"author":[{"embeddable":true,"href":"https:\/\/lobosnews.com.ar\/index.php\/wp-json\/wp\/v2\/users\/1"}],"replies":[{"embeddable":true,"href":"https:\/\/lobosnews.com.ar\/index.php\/wp-json\/wp\/v2\/comments?post=31869"}],"version-history":[{"count":1,"href":"https:\/\/lobosnews.com.ar\/index.php\/wp-json\/wp\/v2\/posts\/31869\/revisions"}],"predecessor-version":[{"id":31874,"href":"https:\/\/lobosnews.com.ar\/index.php\/wp-json\/wp\/v2\/posts\/31869\/revisions\/31874"}],"wp:attachment":[{"href":"https:\/\/lobosnews.com.ar\/index.php\/wp-json\/wp\/v2\/media?parent=31869"}],"wp:term":[{"taxonomy":"category","embeddable":true,"href":"https:\/\/lobosnews.com.ar\/index.php\/wp-json\/wp\/v2\/categories?post=31869"},{"taxonomy":"post_tag","embeddable":true,"href":"https:\/\/lobosnews.com.ar\/index.php\/wp-json\/wp\/v2\/tags?post=31869"}],"curies":[{"name":"wp","href":"https:\/\/api.w.org\/{rel}","templated":true}]}}