{"id":31755,"date":"2026-03-10T16:25:43","date_gmt":"2026-03-10T16:25:43","guid":{"rendered":"https:\/\/lobosnews.com.ar\/index.php\/2026\/03\/10\/historica-presentacion-del-argentino-kevin-vallejos-en-ufc-protagonizara-la-velada-estelar-contra-el-norteamericano-josh-emmett\/"},"modified":"2026-03-10T20:36:58","modified_gmt":"2026-03-10T20:36:58","slug":"historica-presentacion-del-argentino-kevin-vallejos-en-ufc-protagonizara-la-velada-estelar-contra-el-norteamericano-josh-emmett","status":"publish","type":"post","link":"https:\/\/lobosnews.com.ar\/index.php\/2026\/03\/10\/historica-presentacion-del-argentino-kevin-vallejos-en-ufc-protagonizara-la-velada-estelar-contra-el-norteamericano-josh-emmett\/","title":{"rendered":"Hist\u00f3rica presentaci\u00f3n del argentino Kevin Vallejos en UFC: protagonizar\u00e1 la velada estelar contra el norteamericano Josh Emmett"},"content":{"rendered":"<p><img loading=\"lazy\" decoding=\"async\" src=\"https:\/\/lobosnews.com.ar\/wp-content\/uploads\/2026\/03\/historica-presentacion-del-argentino-kevin-vallejos-en-ufc-protagonizara-la-velada-estelar-contra-el-norteamericano-josh-emmett.jpg\" alt=\"Kevin Vallejos encabeza la cartelera en Las Vegas \" height=\"1080\" width=\"1920\"\/><\/p>\n<p>El marplatense <b>Kevin Vallejos<\/b> ser\u00e1 el protagonista de la <b>pelea estelar de la UFC el s\u00e1bado 14 de marzo<\/b> en Las Vegas frente al experimentado <b>Josh Emmett.<\/b> Este combate marca un momento hist\u00f3rico para las artes marciales mixtas de Argentina, pues Vallejos, con apenas 24 a\u00f1os, suma <b>un ascenso mete\u00f3rico<\/b> en la liga m\u00e1s prestigiosa del deporte y se convertir\u00e1 en el <b>segundo argentino que lidera una velada principal<\/b>, por detr\u00e1s del legendario<b> Santiago Ponzinibbio.<\/b><\/p>\n<p>Durante su tercera aparici\u00f3n en UFC, Vallejos consigui\u00f3 <span class=\"waslinkname\">un nocaut contundente sobre Giga Chikadze<\/span> el 13 de diciembre de 2025. Esta victoria fue significativa no solo porque su rival, el georgiano de 1,83 metros y 37 a\u00f1os, nunca hab\u00eda sido noqueado en UFC, sino porque<b> le asegur\u00f3 un lugar en el ranking del peso pluma<\/b>, donde ocupa el puesto 14 entre 15. El \u00e9xito tambi\u00e9n le vali\u00f3 <b>un bono de USD 50 mil<\/b>, reconocimiento reservado para actuaciones excepcionales.<\/p>\n<p>Por su parte,<b> Josh Emmett<\/b>, nacido en Arizona, figura en el <b>puesto 11<\/b> del escalaf\u00f3n del peso pluma de UFC y en este 2026 celebra <b>diez a\u00f1os dentro de la organizaci\u00f3n<\/b>. Emmett debut\u00f3 en la UFC en mayo de 2016 y desde entonces suma diecis\u00e9is presentaciones, con diez victorias y seis derrotas. Entre sus combates m\u00e1s destacados figura <b>la derrota por puntos frente a Ilia Topuria<\/b> en junio de 2023. En su trayectoria profesional suma un r\u00e9cord de 19 triunfos y 6 ca\u00eddas, aunque llega a este combate tras perder tres de sus \u00faltimos cuatro enfrentamientos.<\/p>\n<p>Vallejos expres\u00f3 en redes sociales su percepci\u00f3n sobre la magnitud del combate y la relevancia del rival: <b>\u201cEstoy muy emocionado y nervioso por mi combate principal del 14 de marzo.<\/b> Gracias, Josh Emmett, por aceptar pelear conmigo. Es un honor pelear con una leyenda\u201d. De esta manera, el marplatense se suma a la selecta lista de argentinos que han encabezado una velada de UFC, donde hasta ahora solo figuraba Santiago Ponzinibbio, quien <b>protagoniz\u00f3 las estelares de la noche en dos oportunidades (2017 y 2018)<\/b>, con triunfos sobre Gunnar Nelson y Neil Magny, \u00e9ste \u00faltimo en la \u00fanica presentaci\u00f3n de la compa\u00f1\u00eda en Buenos Aires.<\/p>\n<p><img loading=\"lazy\" decoding=\"async\" src=\"https:\/\/lobosnews.com.ar\/wp-content\/uploads\/2026\/03\/historica-presentacion-del-argentino-kevin-vallejos-en-ufc-protagonizara-la-velada-estelar-contra-el-norteamericano-josh-emmett-1.jpg\" alt=\"Kevin Vallejos quiere hacer historia en UFC (@chino_vallejos19)\" height=\"1079\" width=\"1918\"\/><\/p>\n<p><b>Vallejos, de Mar del Plata a la elite de UFC<\/b><\/p>\n<p>Antes del nocaut sobre Chikadze, la carrera internacional de Vallejos se forj\u00f3 en el circuito sudamericano, especialmente en el <i>Samurai Fight House<\/i>, donde mantuvo la condici\u00f3n de invicto y campe\u00f3n. De las 17 peleas previas a su consagratoria noche contra Chikadze, el argentino acumulaba 16 victorias y una sola derrota. Ese traspi\u00e9 ocurri\u00f3 en septiembre de 2023 frente a <b>Jean Silva<\/b>, en el <i>Dana White\u2019s Contender Series<\/i>, por decisi\u00f3n un\u00e1nime.<\/p>\n<p>Tras aquella derrota y como parte de su reinvenci\u00f3n competitiva, Vallejos obtuvo dos nuevas victorias en el circuito sudamericano entre finales de 2023 e inicios de 2024, lo que <b>le abri\u00f3 definitivamente las puertas de la UFC.<\/b> Su debut en la organizaci\u00f3n fue categ\u00f3rico: <span class=\"waslinkname\">venci\u00f3 al surcoreano Seungwoo Choi <\/span>por nocaut en el primer asalto. Su segundo combate le permiti\u00f3 <span class=\"waslinkname\">derrotar al estadounidense Danny Silva por decisi\u00f3n un\u00e1nime<\/span>, y la actuaci\u00f3n que sell\u00f3 su contrato definitivo fue una victoria ante Cam Teague.<\/p>\n<p>Con una estatura de 1,70 metros y apodado el <i>Chino de Mar del Plata<\/i>, Vallejos ha construido una reputaci\u00f3n de versatilidad y eficacia frente a rivales con mayor experiencia y f\u00edsico. <b>Ante Chikadze, se impuso en los minutos finales <\/b>pese a la diferencia de tama\u00f1o y recorrido del rival, quien cuenta con m\u00e1s de una d\u00e9cada en combates profesionales y una s\u00f3lida trayectoria en kickboxing.<\/p>\n<p><span class=\"waslinkname\">El triunfo ante Chikadze<\/span> no solo signific\u00f3 entrar al ranking, sino tambi\u00e9n <b>quebrar la racha invicta del europeo ante nocauts. <\/b>Antes de enfrentar a Vallejos, Chikadze sumaba ocho victorias y tres derrotas en UFC, y un r\u00e9cord profesional en artes marciales mixtas de 15 triunfos y 5 ca\u00eddas.<\/p>\n<p><img loading=\"lazy\" decoding=\"async\" src=\"https:\/\/lobosnews.com.ar\/wp-content\/uploads\/2026\/03\/historica-presentacion-del-argentino-kevin-vallejos-en-ufc-protagonizara-la-velada-estelar-contra-el-norteamericano-josh-emmett-2.jpg\" alt=\"El argentino escal\u00f3 en el ranking a pasos agigantados desde su debut (Foto: UFC oficial)\" height=\"608\" width=\"1080\"\/><\/p>\n<p><b>El horizonte inmediato y el desaf\u00edo Emmett<\/b><\/p>\n<p>En la actualidad, el campeonato del peso pluma de UFC lo ostenta <b>Alexander Volkanovski<\/b>, con <b>Movsar Evloev<\/b> como su escolta m\u00e1s cercano en el ranking. <b>Vallejos ya figura como aspirante dentro del top 15<\/b> y busca seguir ascendiendo para conseguir una futura oportunidad por el t\u00edtulo.<\/p>\n<p>El combate del 14 de marzo contra Josh Emmett, con el <b>pesaje previo programado para el viernes 13 a las 14 horas<\/b> (Argentina), no solo pone a prueba la proyecci\u00f3n de Vallejos, sino que<b> lo instala como referente de la nueva generaci\u00f3n de peleadores argentinos<\/b> en el m\u00e1ximo escenario internacional. <b>\u201cMi historia esta escrita,mi trabajo esta hecho ,estoy en manos de Dios<\/b> y que se haga su voluntad\u201d, escribi\u00f3 el argentino en sus redes sociales, haciendo referencia a lo que fue su preparaci\u00f3n de cara al evento.<\/p>\n<p><b>Horario de inicio de la cartelera estelar<\/b>: 21.00 (horario de Argentina)<\/p>\n<p><b>Horario de inicio de la cartelera preliminar<\/b>: 18.00 (horario de Argentina)<\/p>\n<p><b>Televisaci\u00f3n<\/b>: <i>Paramount +<\/i> (plataforma)<\/p>\n<p><b>Estadio<\/b>: <i>UFC Apex<\/i> (Las Vegas, Estados Unidos)<\/p>\n<p><b>CARTELERA ESTELAR<\/b><\/p>\n<p>Kevin Vallejos (Argentina) vs. Josh Emmett (Estados Unidos)<\/p>\n<p>Amanda Lemos (Brasil) vs. Gillian Robertson (Canad\u00e1)<\/p>\n<p>Ion Cutelaba (Moldavia) vs. Oumar Sy (Francia)<\/p>\n<p>Andre Fili (Estados Unidos) vs. Jos\u00e9 Miguel Delgado (M\u00e9xico)<\/p>\n<p>Marwan Rahiki (Marruecos) vs. Harry Hardwick (Inglaterra)<\/p>\n<p>Vitor Petrino (Brasil) vs. Steven Asplund (Estados Unidos)<\/p>\n<p><b>CARTELERA PRELIMINAR<\/b><\/p>\n<p>Charles Johnson (Estados Unidos) vs. Bruno Silva (Brasil)<\/p>\n<p>Brad Tavares (Estados Unidos) vs. Eryk Anders (Estados Unidos)<\/p>\n<p>Chris Curtis (Estados Unidos) vs. Myktybek Orolbai (Kirguist\u00e1n)<\/p>\n<p>Bolaji Oki (B\u00e9lgica) vs. Manoel Sousa (Brasil)<\/p>\n<p>Luan Lacerda (Brasil) vs. Hecher Sosa (Espa\u00f1a)<\/p>\n<p>Bia Mesquita (Brasil) vs. Montse Rendon (M\u00e9xico)<\/p>\n<p>Elijah Smith (Estados Unidos) vs. Suyoung You (Corea del Sur)<\/p>\n<p>Piera Rodr\u00edguez (Venezuela) vs. Sam Hughes (Estados Unidos)<\/p>\n","protected":false},"excerpt":{"rendered":"<p>El marplatense Kevin Vallejos ser\u00e1 el protagonista de la pelea estelar de la UFC el s\u00e1bado 14 de marzo en Las Vegas frente al experimentado Josh Emmett. Este combate marca un momento hist\u00f3rico para las artes marciales mixtas de Argentina, pues Vallejos, con apenas 24 a\u00f1os, suma un ascenso mete\u00f3rico en la liga m\u00e1s prestigiosa&#8230;<\/p>\n","protected":false},"author":1,"featured_media":0,"comment_status":"open","ping_status":"closed","sticky":false,"template":"","format":"standard","meta":{"_jetpack_memberships_contains_paid_content":false,"footnotes":""},"categories":[30],"tags":[39],"class_list":["post-31755","post","type-post","status-publish","format-standard","hentry","category-argentina","tag-deportes"],"magazineBlocksPostFeaturedMedia":{"thumbnail":false,"medium":false,"medium_large":false,"large":false,"1536x1536":false,"2048x2048":false,"newsmatic-featured":false,"newsmatic-list":false,"newsmatic-thumb":false,"newsmatic-small":false,"newsmatic-grid":false},"magazineBlocksPostAuthor":{"name":"admin","avatar":"https:\/\/secure.gravatar.com\/avatar\/76e419471a2083bc3ceab22a763dbbf9b0c1bd15a6214cf3280e2c2dde4580f9?s=96&d=mm&r=g"},"magazineBlocksPostCommentsNumber":"0","magazineBlocksPostExcerpt":"El marplatense Kevin Vallejos ser\u00e1 el protagonista de la pelea estelar de la UFC el s\u00e1bado 14 de marzo en Las Vegas frente al experimentado Josh Emmett. Este combate marca un momento hist\u00f3rico para las artes marciales mixtas de Argentina, pues Vallejos, con apenas 24 a\u00f1os, suma un ascenso mete\u00f3rico en la liga m\u00e1s prestigiosa...","magazineBlocksPostCategories":["Argentina"],"magazineBlocksPostViewCount":77,"magazineBlocksPostReadTime":5,"magazine_blocks_featured_image_url":{"full":false,"medium":false,"thumbnail":false},"magazine_blocks_author":{"display_name":"admin","author_link":"https:\/\/lobosnews.com.ar\/index.php\/author\/lobos-news\/"},"magazine_blocks_comment":0,"magazine_blocks_author_image":"https:\/\/secure.gravatar.com\/avatar\/76e419471a2083bc3ceab22a763dbbf9b0c1bd15a6214cf3280e2c2dde4580f9?s=96&d=mm&r=g","magazine_blocks_category":"<a href=\"#\" class=\"category-link category-link-30\">Argentina<\/a>","yoast_head":"<!-- This site is optimized with the Yoast SEO plugin v26.6 - https:\/\/yoast.com\/wordpress\/plugins\/seo\/ -->\n<title>Hist\u00f3rica presentaci\u00f3n del argentino Kevin Vallejos en UFC: protagonizar\u00e1 la velada estelar contra el norteamericano Josh Emmett - Lobos News<\/title>\n<meta name=\"robots\" content=\"index, follow, max-snippet:-1, max-image-preview:large, max-video-preview:-1\" \/>\n<link rel=\"canonical\" href=\"https:\/\/lobosnews.com.ar\/index.php\/2026\/03\/10\/historica-presentacion-del-argentino-kevin-vallejos-en-ufc-protagonizara-la-velada-estelar-contra-el-norteamericano-josh-emmett\/\" \/>\n<meta property=\"og:locale\" content=\"es_ES\" \/>\n<meta property=\"og:type\" content=\"article\" \/>\n<meta property=\"og:title\" content=\"Hist\u00f3rica presentaci\u00f3n del argentino Kevin Vallejos en UFC: protagonizar\u00e1 la velada estelar contra el norteamericano Josh Emmett - Lobos News\" \/>\n<meta property=\"og:description\" content=\"El marplatense Kevin Vallejos ser\u00e1 el protagonista de la pelea estelar de la UFC el s\u00e1bado 14 de marzo en Las Vegas frente al experimentado Josh Emmett. Este combate marca un momento hist\u00f3rico para las artes marciales mixtas de Argentina, pues Vallejos, con apenas 24 a\u00f1os, suma un ascenso mete\u00f3rico en la liga m\u00e1s prestigiosa...\" \/>\n<meta property=\"og:url\" content=\"https:\/\/lobosnews.com.ar\/index.php\/2026\/03\/10\/historica-presentacion-del-argentino-kevin-vallejos-en-ufc-protagonizara-la-velada-estelar-contra-el-norteamericano-josh-emmett\/\" \/>\n<meta property=\"og:site_name\" content=\"Lobos News\" \/>\n<meta property=\"article:published_time\" content=\"2026-03-10T16:25:43+00:00\" \/>\n<meta property=\"article:modified_time\" content=\"2026-03-10T20:36:58+00:00\" \/>\n<meta property=\"og:image\" content=\"https:\/\/lobosnews.com.ar\/wp-content\/uploads\/2026\/03\/historica-presentacion-del-argentino-kevin-vallejos-en-ufc-protagonizara-la-velada-estelar-contra-el-norteamericano-josh-emmett.jpg\" \/>\n<meta name=\"author\" content=\"admin\" \/>\n<meta name=\"twitter:card\" content=\"summary_large_image\" \/>\n<meta name=\"twitter:label1\" content=\"Escrito por\" \/>\n\t<meta name=\"twitter:data1\" content=\"admin\" \/>\n\t<meta name=\"twitter:label2\" content=\"Tiempo de lectura\" \/>\n\t<meta name=\"twitter:data2\" content=\"5 minutos\" \/>\n<script type=\"application\/ld+json\" class=\"yoast-schema-graph\">{\"@context\":\"https:\/\/schema.org\",\"@graph\":[{\"@type\":\"Article\",\"@id\":\"https:\/\/lobosnews.com.ar\/index.php\/2026\/03\/10\/historica-presentacion-del-argentino-kevin-vallejos-en-ufc-protagonizara-la-velada-estelar-contra-el-norteamericano-josh-emmett\/#article\",\"isPartOf\":{\"@id\":\"https:\/\/lobosnews.com.ar\/index.php\/2026\/03\/10\/historica-presentacion-del-argentino-kevin-vallejos-en-ufc-protagonizara-la-velada-estelar-contra-el-norteamericano-josh-emmett\/\"},\"author\":{\"name\":\"admin\",\"@id\":\"https:\/\/lobosnews.com.ar\/#\/schema\/person\/232422a593d5c541dd9aef6aaed10943\"},\"headline\":\"Hist\u00f3rica presentaci\u00f3n del argentino Kevin Vallejos en UFC: protagonizar\u00e1 la velada estelar contra el norteamericano Josh Emmett\",\"datePublished\":\"2026-03-10T16:25:43+00:00\",\"dateModified\":\"2026-03-10T20:36:58+00:00\",\"mainEntityOfPage\":{\"@id\":\"https:\/\/lobosnews.com.ar\/index.php\/2026\/03\/10\/historica-presentacion-del-argentino-kevin-vallejos-en-ufc-protagonizara-la-velada-estelar-contra-el-norteamericano-josh-emmett\/\"},\"wordCount\":956,\"commentCount\":0,\"publisher\":{\"@id\":\"https:\/\/lobosnews.com.ar\/#organization\"},\"image\":{\"@id\":\"https:\/\/lobosnews.com.ar\/index.php\/2026\/03\/10\/historica-presentacion-del-argentino-kevin-vallejos-en-ufc-protagonizara-la-velada-estelar-contra-el-norteamericano-josh-emmett\/#primaryimage\"},\"thumbnailUrl\":\"https:\/\/lobosnews.com.ar\/wp-content\/uploads\/2026\/03\/historica-presentacion-del-argentino-kevin-vallejos-en-ufc-protagonizara-la-velada-estelar-contra-el-norteamericano-josh-emmett.jpg\",\"keywords\":[\"Deportes\"],\"articleSection\":[\"Argentina\"],\"inLanguage\":\"es\",\"potentialAction\":[{\"@type\":\"CommentAction\",\"name\":\"Comment\",\"target\":[\"https:\/\/lobosnews.com.ar\/index.php\/2026\/03\/10\/historica-presentacion-del-argentino-kevin-vallejos-en-ufc-protagonizara-la-velada-estelar-contra-el-norteamericano-josh-emmett\/#respond\"]}]},{\"@type\":\"WebPage\",\"@id\":\"https:\/\/lobosnews.com.ar\/index.php\/2026\/03\/10\/historica-presentacion-del-argentino-kevin-vallejos-en-ufc-protagonizara-la-velada-estelar-contra-el-norteamericano-josh-emmett\/\",\"url\":\"https:\/\/lobosnews.com.ar\/index.php\/2026\/03\/10\/historica-presentacion-del-argentino-kevin-vallejos-en-ufc-protagonizara-la-velada-estelar-contra-el-norteamericano-josh-emmett\/\",\"name\":\"Hist\u00f3rica presentaci\u00f3n del argentino Kevin Vallejos en UFC: protagonizar\u00e1 la velada estelar contra el norteamericano Josh Emmett - Lobos News\",\"isPartOf\":{\"@id\":\"https:\/\/lobosnews.com.ar\/#website\"},\"primaryImageOfPage\":{\"@id\":\"https:\/\/lobosnews.com.ar\/index.php\/2026\/03\/10\/historica-presentacion-del-argentino-kevin-vallejos-en-ufc-protagonizara-la-velada-estelar-contra-el-norteamericano-josh-emmett\/#primaryimage\"},\"image\":{\"@id\":\"https:\/\/lobosnews.com.ar\/index.php\/2026\/03\/10\/historica-presentacion-del-argentino-kevin-vallejos-en-ufc-protagonizara-la-velada-estelar-contra-el-norteamericano-josh-emmett\/#primaryimage\"},\"thumbnailUrl\":\"https:\/\/lobosnews.com.ar\/wp-content\/uploads\/2026\/03\/historica-presentacion-del-argentino-kevin-vallejos-en-ufc-protagonizara-la-velada-estelar-contra-el-norteamericano-josh-emmett.jpg\",\"datePublished\":\"2026-03-10T16:25:43+00:00\",\"dateModified\":\"2026-03-10T20:36:58+00:00\",\"breadcrumb\":{\"@id\":\"https:\/\/lobosnews.com.ar\/index.php\/2026\/03\/10\/historica-presentacion-del-argentino-kevin-vallejos-en-ufc-protagonizara-la-velada-estelar-contra-el-norteamericano-josh-emmett\/#breadcrumb\"},\"inLanguage\":\"es\",\"potentialAction\":[{\"@type\":\"ReadAction\",\"target\":[\"https:\/\/lobosnews.com.ar\/index.php\/2026\/03\/10\/historica-presentacion-del-argentino-kevin-vallejos-en-ufc-protagonizara-la-velada-estelar-contra-el-norteamericano-josh-emmett\/\"]}]},{\"@type\":\"ImageObject\",\"inLanguage\":\"es\",\"@id\":\"https:\/\/lobosnews.com.ar\/index.php\/2026\/03\/10\/historica-presentacion-del-argentino-kevin-vallejos-en-ufc-protagonizara-la-velada-estelar-contra-el-norteamericano-josh-emmett\/#primaryimage\",\"url\":\"https:\/\/lobosnews.com.ar\/wp-content\/uploads\/2026\/03\/historica-presentacion-del-argentino-kevin-vallejos-en-ufc-protagonizara-la-velada-estelar-contra-el-norteamericano-josh-emmett.jpg\",\"contentUrl\":\"https:\/\/lobosnews.com.ar\/wp-content\/uploads\/2026\/03\/historica-presentacion-del-argentino-kevin-vallejos-en-ufc-protagonizara-la-velada-estelar-contra-el-norteamericano-josh-emmett.jpg\"},{\"@type\":\"BreadcrumbList\",\"@id\":\"https:\/\/lobosnews.com.ar\/index.php\/2026\/03\/10\/historica-presentacion-del-argentino-kevin-vallejos-en-ufc-protagonizara-la-velada-estelar-contra-el-norteamericano-josh-emmett\/#breadcrumb\",\"itemListElement\":[{\"@type\":\"ListItem\",\"position\":1,\"name\":\"Portada\",\"item\":\"https:\/\/lobosnews.com.ar\/\"},{\"@type\":\"ListItem\",\"position\":2,\"name\":\"Hist\u00f3rica presentaci\u00f3n del argentino Kevin Vallejos en UFC: protagonizar\u00e1 la velada estelar contra el norteamericano Josh Emmett\"}]},{\"@type\":\"WebSite\",\"@id\":\"https:\/\/lobosnews.com.ar\/#website\",\"url\":\"https:\/\/lobosnews.com.ar\/\",\"name\":\"Lobos News\",\"description\":\"Informaci\u00f3n a cada instante\",\"publisher\":{\"@id\":\"https:\/\/lobosnews.com.ar\/#organization\"},\"potentialAction\":[{\"@type\":\"SearchAction\",\"target\":{\"@type\":\"EntryPoint\",\"urlTemplate\":\"https:\/\/lobosnews.com.ar\/?s={search_term_string}\"},\"query-input\":{\"@type\":\"PropertyValueSpecification\",\"valueRequired\":true,\"valueName\":\"search_term_string\"}}],\"inLanguage\":\"es\"},{\"@type\":\"Organization\",\"@id\":\"https:\/\/lobosnews.com.ar\/#organization\",\"name\":\"Lobos News\",\"url\":\"https:\/\/lobosnews.com.ar\/\",\"logo\":{\"@type\":\"ImageObject\",\"inLanguage\":\"es\",\"@id\":\"https:\/\/lobosnews.com.ar\/#\/schema\/logo\/image\/\",\"url\":\"https:\/\/lobosnews.com.ar\/wp-content\/uploads\/2026\/01\/logo-lobosnews.png\",\"contentUrl\":\"https:\/\/lobosnews.com.ar\/wp-content\/uploads\/2026\/01\/logo-lobosnews.png\",\"width\":500,\"height\":200,\"caption\":\"Lobos News\"},\"image\":{\"@id\":\"https:\/\/lobosnews.com.ar\/#\/schema\/logo\/image\/\"}},{\"@type\":\"Person\",\"@id\":\"https:\/\/lobosnews.com.ar\/#\/schema\/person\/232422a593d5c541dd9aef6aaed10943\",\"name\":\"admin\",\"image\":{\"@type\":\"ImageObject\",\"inLanguage\":\"es\",\"@id\":\"https:\/\/lobosnews.com.ar\/#\/schema\/person\/image\/\",\"url\":\"https:\/\/secure.gravatar.com\/avatar\/76e419471a2083bc3ceab22a763dbbf9b0c1bd15a6214cf3280e2c2dde4580f9?s=96&d=mm&r=g\",\"contentUrl\":\"https:\/\/secure.gravatar.com\/avatar\/76e419471a2083bc3ceab22a763dbbf9b0c1bd15a6214cf3280e2c2dde4580f9?s=96&d=mm&r=g\",\"caption\":\"admin\"},\"sameAs\":[\"https:\/\/lobosnews.com.ar\"],\"url\":\"https:\/\/lobosnews.com.ar\/index.php\/author\/lobos-news\/\"}]}<\/script>\n<!-- \/ Yoast SEO plugin. -->","yoast_head_json":{"title":"Hist\u00f3rica presentaci\u00f3n del argentino Kevin Vallejos en UFC: protagonizar\u00e1 la velada estelar contra el norteamericano Josh Emmett - Lobos News","robots":{"index":"index","follow":"follow","max-snippet":"max-snippet:-1","max-image-preview":"max-image-preview:large","max-video-preview":"max-video-preview:-1"},"canonical":"https:\/\/lobosnews.com.ar\/index.php\/2026\/03\/10\/historica-presentacion-del-argentino-kevin-vallejos-en-ufc-protagonizara-la-velada-estelar-contra-el-norteamericano-josh-emmett\/","og_locale":"es_ES","og_type":"article","og_title":"Hist\u00f3rica presentaci\u00f3n del argentino Kevin Vallejos en UFC: protagonizar\u00e1 la velada estelar contra el norteamericano Josh Emmett - Lobos News","og_description":"El marplatense Kevin Vallejos ser\u00e1 el protagonista de la pelea estelar de la UFC el s\u00e1bado 14 de marzo en Las Vegas frente al experimentado Josh Emmett. Este combate marca un momento hist\u00f3rico para las artes marciales mixtas de Argentina, pues Vallejos, con apenas 24 a\u00f1os, suma un ascenso mete\u00f3rico en la liga m\u00e1s prestigiosa...","og_url":"https:\/\/lobosnews.com.ar\/index.php\/2026\/03\/10\/historica-presentacion-del-argentino-kevin-vallejos-en-ufc-protagonizara-la-velada-estelar-contra-el-norteamericano-josh-emmett\/","og_site_name":"Lobos News","article_published_time":"2026-03-10T16:25:43+00:00","article_modified_time":"2026-03-10T20:36:58+00:00","og_image":[{"url":"https:\/\/lobosnews.com.ar\/wp-content\/uploads\/2026\/03\/historica-presentacion-del-argentino-kevin-vallejos-en-ufc-protagonizara-la-velada-estelar-contra-el-norteamericano-josh-emmett.jpg","type":"","width":"","height":""}],"author":"admin","twitter_card":"summary_large_image","twitter_misc":{"Escrito por":"admin","Tiempo de lectura":"5 minutos"},"schema":{"@context":"https:\/\/schema.org","@graph":[{"@type":"Article","@id":"https:\/\/lobosnews.com.ar\/index.php\/2026\/03\/10\/historica-presentacion-del-argentino-kevin-vallejos-en-ufc-protagonizara-la-velada-estelar-contra-el-norteamericano-josh-emmett\/#article","isPartOf":{"@id":"https:\/\/lobosnews.com.ar\/index.php\/2026\/03\/10\/historica-presentacion-del-argentino-kevin-vallejos-en-ufc-protagonizara-la-velada-estelar-contra-el-norteamericano-josh-emmett\/"},"author":{"name":"admin","@id":"https:\/\/lobosnews.com.ar\/#\/schema\/person\/232422a593d5c541dd9aef6aaed10943"},"headline":"Hist\u00f3rica presentaci\u00f3n del argentino Kevin Vallejos en UFC: protagonizar\u00e1 la velada estelar contra el norteamericano Josh Emmett","datePublished":"2026-03-10T16:25:43+00:00","dateModified":"2026-03-10T20:36:58+00:00","mainEntityOfPage":{"@id":"https:\/\/lobosnews.com.ar\/index.php\/2026\/03\/10\/historica-presentacion-del-argentino-kevin-vallejos-en-ufc-protagonizara-la-velada-estelar-contra-el-norteamericano-josh-emmett\/"},"wordCount":956,"commentCount":0,"publisher":{"@id":"https:\/\/lobosnews.com.ar\/#organization"},"image":{"@id":"https:\/\/lobosnews.com.ar\/index.php\/2026\/03\/10\/historica-presentacion-del-argentino-kevin-vallejos-en-ufc-protagonizara-la-velada-estelar-contra-el-norteamericano-josh-emmett\/#primaryimage"},"thumbnailUrl":"https:\/\/lobosnews.com.ar\/wp-content\/uploads\/2026\/03\/historica-presentacion-del-argentino-kevin-vallejos-en-ufc-protagonizara-la-velada-estelar-contra-el-norteamericano-josh-emmett.jpg","keywords":["Deportes"],"articleSection":["Argentina"],"inLanguage":"es","potentialAction":[{"@type":"CommentAction","name":"Comment","target":["https:\/\/lobosnews.com.ar\/index.php\/2026\/03\/10\/historica-presentacion-del-argentino-kevin-vallejos-en-ufc-protagonizara-la-velada-estelar-contra-el-norteamericano-josh-emmett\/#respond"]}]},{"@type":"WebPage","@id":"https:\/\/lobosnews.com.ar\/index.php\/2026\/03\/10\/historica-presentacion-del-argentino-kevin-vallejos-en-ufc-protagonizara-la-velada-estelar-contra-el-norteamericano-josh-emmett\/","url":"https:\/\/lobosnews.com.ar\/index.php\/2026\/03\/10\/historica-presentacion-del-argentino-kevin-vallejos-en-ufc-protagonizara-la-velada-estelar-contra-el-norteamericano-josh-emmett\/","name":"Hist\u00f3rica presentaci\u00f3n del argentino Kevin Vallejos en UFC: protagonizar\u00e1 la velada estelar contra el norteamericano Josh Emmett - Lobos News","isPartOf":{"@id":"https:\/\/lobosnews.com.ar\/#website"},"primaryImageOfPage":{"@id":"https:\/\/lobosnews.com.ar\/index.php\/2026\/03\/10\/historica-presentacion-del-argentino-kevin-vallejos-en-ufc-protagonizara-la-velada-estelar-contra-el-norteamericano-josh-emmett\/#primaryimage"},"image":{"@id":"https:\/\/lobosnews.com.ar\/index.php\/2026\/03\/10\/historica-presentacion-del-argentino-kevin-vallejos-en-ufc-protagonizara-la-velada-estelar-contra-el-norteamericano-josh-emmett\/#primaryimage"},"thumbnailUrl":"https:\/\/lobosnews.com.ar\/wp-content\/uploads\/2026\/03\/historica-presentacion-del-argentino-kevin-vallejos-en-ufc-protagonizara-la-velada-estelar-contra-el-norteamericano-josh-emmett.jpg","datePublished":"2026-03-10T16:25:43+00:00","dateModified":"2026-03-10T20:36:58+00:00","breadcrumb":{"@id":"https:\/\/lobosnews.com.ar\/index.php\/2026\/03\/10\/historica-presentacion-del-argentino-kevin-vallejos-en-ufc-protagonizara-la-velada-estelar-contra-el-norteamericano-josh-emmett\/#breadcrumb"},"inLanguage":"es","potentialAction":[{"@type":"ReadAction","target":["https:\/\/lobosnews.com.ar\/index.php\/2026\/03\/10\/historica-presentacion-del-argentino-kevin-vallejos-en-ufc-protagonizara-la-velada-estelar-contra-el-norteamericano-josh-emmett\/"]}]},{"@type":"ImageObject","inLanguage":"es","@id":"https:\/\/lobosnews.com.ar\/index.php\/2026\/03\/10\/historica-presentacion-del-argentino-kevin-vallejos-en-ufc-protagonizara-la-velada-estelar-contra-el-norteamericano-josh-emmett\/#primaryimage","url":"https:\/\/lobosnews.com.ar\/wp-content\/uploads\/2026\/03\/historica-presentacion-del-argentino-kevin-vallejos-en-ufc-protagonizara-la-velada-estelar-contra-el-norteamericano-josh-emmett.jpg","contentUrl":"https:\/\/lobosnews.com.ar\/wp-content\/uploads\/2026\/03\/historica-presentacion-del-argentino-kevin-vallejos-en-ufc-protagonizara-la-velada-estelar-contra-el-norteamericano-josh-emmett.jpg"},{"@type":"BreadcrumbList","@id":"https:\/\/lobosnews.com.ar\/index.php\/2026\/03\/10\/historica-presentacion-del-argentino-kevin-vallejos-en-ufc-protagonizara-la-velada-estelar-contra-el-norteamericano-josh-emmett\/#breadcrumb","itemListElement":[{"@type":"ListItem","position":1,"name":"Portada","item":"https:\/\/lobosnews.com.ar\/"},{"@type":"ListItem","position":2,"name":"Hist\u00f3rica presentaci\u00f3n del argentino Kevin Vallejos en UFC: protagonizar\u00e1 la velada estelar contra el norteamericano Josh Emmett"}]},{"@type":"WebSite","@id":"https:\/\/lobosnews.com.ar\/#website","url":"https:\/\/lobosnews.com.ar\/","name":"Lobos News","description":"Informaci\u00f3n a cada instante","publisher":{"@id":"https:\/\/lobosnews.com.ar\/#organization"},"potentialAction":[{"@type":"SearchAction","target":{"@type":"EntryPoint","urlTemplate":"https:\/\/lobosnews.com.ar\/?s={search_term_string}"},"query-input":{"@type":"PropertyValueSpecification","valueRequired":true,"valueName":"search_term_string"}}],"inLanguage":"es"},{"@type":"Organization","@id":"https:\/\/lobosnews.com.ar\/#organization","name":"Lobos News","url":"https:\/\/lobosnews.com.ar\/","logo":{"@type":"ImageObject","inLanguage":"es","@id":"https:\/\/lobosnews.com.ar\/#\/schema\/logo\/image\/","url":"https:\/\/lobosnews.com.ar\/wp-content\/uploads\/2026\/01\/logo-lobosnews.png","contentUrl":"https:\/\/lobosnews.com.ar\/wp-content\/uploads\/2026\/01\/logo-lobosnews.png","width":500,"height":200,"caption":"Lobos News"},"image":{"@id":"https:\/\/lobosnews.com.ar\/#\/schema\/logo\/image\/"}},{"@type":"Person","@id":"https:\/\/lobosnews.com.ar\/#\/schema\/person\/232422a593d5c541dd9aef6aaed10943","name":"admin","image":{"@type":"ImageObject","inLanguage":"es","@id":"https:\/\/lobosnews.com.ar\/#\/schema\/person\/image\/","url":"https:\/\/secure.gravatar.com\/avatar\/76e419471a2083bc3ceab22a763dbbf9b0c1bd15a6214cf3280e2c2dde4580f9?s=96&d=mm&r=g","contentUrl":"https:\/\/secure.gravatar.com\/avatar\/76e419471a2083bc3ceab22a763dbbf9b0c1bd15a6214cf3280e2c2dde4580f9?s=96&d=mm&r=g","caption":"admin"},"sameAs":["https:\/\/lobosnews.com.ar"],"url":"https:\/\/lobosnews.com.ar\/index.php\/author\/lobos-news\/"}]}},"jetpack_featured_media_url":"","jetpack_sharing_enabled":true,"_links":{"self":[{"href":"https:\/\/lobosnews.com.ar\/index.php\/wp-json\/wp\/v2\/posts\/31755","targetHints":{"allow":["GET"]}}],"collection":[{"href":"https:\/\/lobosnews.com.ar\/index.php\/wp-json\/wp\/v2\/posts"}],"about":[{"href":"https:\/\/lobosnews.com.ar\/index.php\/wp-json\/wp\/v2\/types\/post"}],"author":[{"embeddable":true,"href":"https:\/\/lobosnews.com.ar\/index.php\/wp-json\/wp\/v2\/users\/1"}],"replies":[{"embeddable":true,"href":"https:\/\/lobosnews.com.ar\/index.php\/wp-json\/wp\/v2\/comments?post=31755"}],"version-history":[{"count":1,"href":"https:\/\/lobosnews.com.ar\/index.php\/wp-json\/wp\/v2\/posts\/31755\/revisions"}],"predecessor-version":[{"id":31759,"href":"https:\/\/lobosnews.com.ar\/index.php\/wp-json\/wp\/v2\/posts\/31755\/revisions\/31759"}],"wp:attachment":[{"href":"https:\/\/lobosnews.com.ar\/index.php\/wp-json\/wp\/v2\/media?parent=31755"}],"wp:term":[{"taxonomy":"category","embeddable":true,"href":"https:\/\/lobosnews.com.ar\/index.php\/wp-json\/wp\/v2\/categories?post=31755"},{"taxonomy":"post_tag","embeddable":true,"href":"https:\/\/lobosnews.com.ar\/index.php\/wp-json\/wp\/v2\/tags?post=31755"}],"curies":[{"name":"wp","href":"https:\/\/api.w.org\/{rel}","templated":true}]}}