{"id":31736,"date":"2026-03-10T15:30:08","date_gmt":"2026-03-10T15:30:08","guid":{"rendered":"https:\/\/lobosnews.com.ar\/index.php\/2026\/03\/10\/esta-acusada-de-matar-a-su-esposo-y-tiene-prision-domiciliaria-a-metros-de-la-casa-de-sus-hijas-estamos-desesperadas\/"},"modified":"2026-03-10T18:10:53","modified_gmt":"2026-03-10T18:10:53","slug":"esta-acusada-de-matar-a-su-esposo-y-tiene-prision-domiciliaria-a-metros-de-la-casa-de-sus-hijas-estamos-desesperadas","status":"publish","type":"post","link":"https:\/\/lobosnews.com.ar\/index.php\/2026\/03\/10\/esta-acusada-de-matar-a-su-esposo-y-tiene-prision-domiciliaria-a-metros-de-la-casa-de-sus-hijas-estamos-desesperadas\/","title":{"rendered":"Est\u00e1 acusada de matar a su esposo y tiene prisi\u00f3n domiciliaria a metros de la casa de sus hijas: \u201cEstamos desesperadas\u201d"},"content":{"rendered":"<p><img loading=\"lazy\" decoding=\"async\" src=\"https:\/\/lobosnews.com.ar\/wp-content\/uploads\/2026\/03\/esta-acusada-de-matar-a-su-esposo-y-tiene-prision-domiciliaria-a-metros-de-la-casa-de-sus-hijas-estamos-desesperadas.jpg\" alt=\"Sof\u00eda Pantoja, detenida por el asesinato de su marido en La Plata en 2018\" height=\"1080\" width=\"1920\"\/><\/p>\n<p>Dos j\u00f3venes de <span class=\"waslinkname\"><b>La Plata<\/b><\/span> atraviesan <b>una desesperante situaci\u00f3n producto de una decisi\u00f3n judicial<\/b>. Tienen miedo. Y lo que las aterra es su propia madre, <b>Sof\u00eda Pantoja<\/b>, quien en 2018 fue detenida e imputada por el asesinato a <b>Jorge Pereyra<\/b>, su pareja y padre de las chicas.<\/p>\n<p>A meses de que comience el juicio por jurados en su contra, previsto para agosto, la Justicia benefici\u00f3 a la acusada con prisi\u00f3n domiciliaria. As\u00ed, tras permanecer presa en el penal de <b>Magdalena<\/b> durante estos a\u00f1os, <b>Pantoja<\/b> volvi\u00f3 a su barrio. Y el terror de <b>Romina<\/b> y <b>Patricia Pereyra<\/b>, las hijas, es que ahora vive a <b>tan solo cuatro cuadras <\/b>de su casa.<\/p>\n<p>La causa contra <b>Sof\u00eda Pantoja<\/b> se inici\u00f3 el 3 de mayo de 2018, cuando su esposo fue hallado sin vida en la vivienda familiar ubicada en la calle 48 entre 19 y 20, en <b>La Plata<\/b>. Desde entonces, el expediente judicial avanz\u00f3 con la imputaci\u00f3n de la mujer por \u201chomicidio triplemente agravado por codicia, v\u00ednculo y ensa\u00f1amiento\u201d. <\/p>\n<p>Sin embargo, las hijas, <b>Romina<\/b> y <b>Patricia<\/b>, aseguran que se distanciaron de ella antes del crimen. De hecho, contaron a medios locales y a trav\u00e9s de sus redes que sufren amenazas y hostigamientos desde mucho antes del hecho. <\/p>\n<p><img loading=\"lazy\" decoding=\"async\" src=\"https:\/\/lobosnews.com.ar\/wp-content\/uploads\/2026\/03\/esta-acusada-de-matar-a-su-esposo-y-tiene-prision-domiciliaria-a-metros-de-la-casa-de-sus-hijas-estamos-desesperadas-1.jpg\" alt=\" \"Mi mam\u00e1 es una asesina\", uno de los mensajes de la hija de la acusada en sus redes sociales\" height=\"2695\" width=\"1920\"\/><\/p>\n<p>De acuerdo a sus testimonios, ambas sostienen que su madre mantuvo durante a\u00f1os una actitud violenta, con episodios de intimidaci\u00f3n que se prolongaron incluso mientras permanec\u00eda detenida. Las j\u00f3venes relataron que recib\u00edan mensajes intimidatorios y que familiares y allegados de <b>Pantoja<\/b> colaboraban con ese hostigamiento. \u201cEstamos desesperadas, est\u00e1 a cuatro cuadras de nuestra casa y con una familia que la cubre y nos hostig\u00f3 en todo momento\u201d, afirm\u00f3 <b>Romina<\/b> en di\u00e1logo con el medio platense 0221.<\/p>\n<p>El caso tom\u00f3 relevancia p\u00fablica porque, tras a\u00f1os de prisi\u00f3n preventiva en el penal de <b>Magdalena<\/b>, el Tribunal Oral en lo Criminal (TOC) N\u00b01 resolvi\u00f3 otorgar a <b>Pantoja<\/b> el beneficio de la prisi\u00f3n domiciliaria. La mujer volvi\u00f3 a residir en el mismo barrio donde viven sus hijas.<\/p>\n<p>Durante el proceso judicial, las hermanas no lograron ser reconocidas como particulares damnificadas, lo que las dej\u00f3<b> sin acceso al expediente<\/b> y sin notificaci\u00f3n formal sobre las resoluciones adoptadas. \u201cNo nos notifican de nada, ni siquiera pudimos rechazar la domiciliaria\u201d, denunciaron. Para ellas, el riesgo es concreto porque, seg\u00fan declararon, <b>Pantoja<\/b> lleg\u00f3 a decirles que iban a \u201cterminar igual que su padre\u201d.<\/p>\n<h2>El homicidio<\/h2>\n<p>El hecho que deriv\u00f3 en la detenci\u00f3n de <b>Sof\u00eda Pantoja<\/b> ocurri\u00f3 en la madrugada del 3 de mayo de 2018, en la citada vivienda de <b>La Plata<\/b>. <b>Jorge Pereyra<\/b>, zapatero de 56 a\u00f1os, fue encontrado muerto con un corte de unos 10 cent\u00edmetros en el cuello, otro en la mano izquierda y siete pu\u00f1aladas en el om\u00f3plato. La escena fue descubierta por efectivos policiales tras un llamado al 911 realizado por la exesposa de la v\u00edctima.<\/p>\n<p>La pareja se hab\u00eda separado y se llevaba mal, pero segu\u00eda viviendo bajo el mismo techo por motivos econ\u00f3micos. Seg\u00fan la investigaci\u00f3n, <b>Pantoja<\/b> intent\u00f3 desligarse del hecho, aunque las pruebas la comprometieron: la polic\u00eda hall\u00f3 sangre en la cama, el camis\u00f3n de la mujer y un guante de jardiner\u00eda que usaba para tareas dom\u00e9sticas.<\/p>\n<p>De acuerdo con el relato del abogado defensor, <b>Bruno Strassera<\/b>, \u201cel arresto domiciliario no fue apelado ni por la fiscal\u00eda ni por el particular damnificado\u201d. Seg\u00fan declar\u00f3 a <i>0221<\/i>, \u201cni la acusaci\u00f3n privada ni p\u00fablica estuvieron en desacuerdo con que <b>Pantoja<\/b> volviera a su casa, dando cuenta de que no hay peligros procesales\u201d.<\/p>\n<p>El proceso avanza hacia el juicio, mientras las hijas insisten en que su madre representa un peligro y reclaman que contin\u00fae detenida hasta la sentencia. Seg\u00fan el expediente, el crimen se investiga como homicidio triplemente agravado, delito que prev\u00e9 una eventual pena de prisi\u00f3n perpetua. Mientras tanto, la proximidad f\u00edsica de la acusada mantiene a las j\u00f3venes en alerta permanente y en un estado de angustia que relataron en reiteradas oportunidades ante los medios locales.<\/p>\n","protected":false},"excerpt":{"rendered":"<p>Dos j\u00f3venes de La Plata atraviesan una desesperante situaci\u00f3n producto de una decisi\u00f3n judicial. Tienen miedo. Y lo que las aterra es su propia madre, Sof\u00eda Pantoja, quien en 2018 fue detenida e imputada por el asesinato a Jorge Pereyra, su pareja y padre de las chicas. A meses de que comience el juicio por&#8230;<\/p>\n","protected":false},"author":1,"featured_media":31740,"comment_status":"open","ping_status":"closed","sticky":false,"template":"","format":"standard","meta":{"_jetpack_memberships_contains_paid_content":false,"footnotes":""},"categories":[31,30,32,77,84,35,36,37],"tags":[],"class_list":["post-31736","post","type-post","status-publish","format-standard","has-post-thumbnail","hentry","category-actualidad","category-argentina","category-economia","category-inseguridad","category-masradios-com","category-nacionales","category-seguridad","category-sociedad"],"magazineBlocksPostFeaturedMedia":{"thumbnail":"https:\/\/lobosnews.com.ar\/wp-content\/uploads\/2026\/03\/esta-acusada-de-matar-a-su-esposo-y-tiene-prision-domiciliaria-a-metros-de-la-casa-de-sus-hijas-estamos-desesperadas-2-150x150.jpg","medium":"https:\/\/lobosnews.com.ar\/wp-content\/uploads\/2026\/03\/esta-acusada-de-matar-a-su-esposo-y-tiene-prision-domiciliaria-a-metros-de-la-casa-de-sus-hijas-estamos-desesperadas-2-214x300.jpg","medium_large":"https:\/\/lobosnews.com.ar\/wp-content\/uploads\/2026\/03\/esta-acusada-de-matar-a-su-esposo-y-tiene-prision-domiciliaria-a-metros-de-la-casa-de-sus-hijas-estamos-desesperadas-2-768x1078.jpg","large":"https:\/\/lobosnews.com.ar\/wp-content\/uploads\/2026\/03\/esta-acusada-de-matar-a-su-esposo-y-tiene-prision-domiciliaria-a-metros-de-la-casa-de-sus-hijas-estamos-desesperadas-2-730x1024.jpg","1536x1536":"https:\/\/lobosnews.com.ar\/wp-content\/uploads\/2026\/03\/esta-acusada-de-matar-a-su-esposo-y-tiene-prision-domiciliaria-a-metros-de-la-casa-de-sus-hijas-estamos-desesperadas-2-1094x1536.jpg","2048x2048":"https:\/\/lobosnews.com.ar\/wp-content\/uploads\/2026\/03\/esta-acusada-de-matar-a-su-esposo-y-tiene-prision-domiciliaria-a-metros-de-la-casa-de-sus-hijas-estamos-desesperadas-2-1459x2048.jpg","newsmatic-featured":"https:\/\/lobosnews.com.ar\/wp-content\/uploads\/2026\/03\/esta-acusada-de-matar-a-su-esposo-y-tiene-prision-domiciliaria-a-metros-de-la-casa-de-sus-hijas-estamos-desesperadas-2-820x545.jpg","newsmatic-list":"https:\/\/lobosnews.com.ar\/wp-content\/uploads\/2026\/03\/esta-acusada-de-matar-a-su-esposo-y-tiene-prision-domiciliaria-a-metros-de-la-casa-de-sus-hijas-estamos-desesperadas-2-600x400.jpg","newsmatic-thumb":"https:\/\/lobosnews.com.ar\/wp-content\/uploads\/2026\/03\/esta-acusada-de-matar-a-su-esposo-y-tiene-prision-domiciliaria-a-metros-de-la-casa-de-sus-hijas-estamos-desesperadas-2-300x200.jpg","newsmatic-small":"https:\/\/lobosnews.com.ar\/wp-content\/uploads\/2026\/03\/esta-acusada-de-matar-a-su-esposo-y-tiene-prision-domiciliaria-a-metros-de-la-casa-de-sus-hijas-estamos-desesperadas-2-150x95.jpg","newsmatic-grid":"https:\/\/lobosnews.com.ar\/wp-content\/uploads\/2026\/03\/esta-acusada-de-matar-a-su-esposo-y-tiene-prision-domiciliaria-a-metros-de-la-casa-de-sus-hijas-estamos-desesperadas-2-400x250.jpg"},"magazineBlocksPostAuthor":{"name":"admin","avatar":"https:\/\/secure.gravatar.com\/avatar\/76e419471a2083bc3ceab22a763dbbf9b0c1bd15a6214cf3280e2c2dde4580f9?s=96&d=mm&r=g"},"magazineBlocksPostCommentsNumber":"0","magazineBlocksPostExcerpt":"Dos j\u00f3venes de La Plata atraviesan una desesperante situaci\u00f3n producto de una decisi\u00f3n judicial. Tienen miedo. Y lo que las aterra es su propia madre, Sof\u00eda Pantoja, quien en 2018 fue detenida e imputada por el asesinato a Jorge Pereyra, su pareja y padre de las chicas. A meses de que comience el juicio por...","magazineBlocksPostCategories":["Actualidad","Argentina","econom\u00eda","inseguridad","masradios.com","nacionales","seguridad","sociedad"],"magazineBlocksPostViewCount":99,"magazineBlocksPostReadTime":4,"magazine_blocks_featured_image_url":{"full":["https:\/\/lobosnews.com.ar\/wp-content\/uploads\/2026\/03\/esta-acusada-de-matar-a-su-esposo-y-tiene-prision-domiciliaria-a-metros-de-la-casa-de-sus-hijas-estamos-desesperadas-2-scaled.jpg",1824,2560,false],"medium":["https:\/\/lobosnews.com.ar\/wp-content\/uploads\/2026\/03\/esta-acusada-de-matar-a-su-esposo-y-tiene-prision-domiciliaria-a-metros-de-la-casa-de-sus-hijas-estamos-desesperadas-2-214x300.jpg",214,300,true],"thumbnail":["https:\/\/lobosnews.com.ar\/wp-content\/uploads\/2026\/03\/esta-acusada-de-matar-a-su-esposo-y-tiene-prision-domiciliaria-a-metros-de-la-casa-de-sus-hijas-estamos-desesperadas-2-150x150.jpg",150,150,true]},"magazine_blocks_author":{"display_name":"admin","author_link":"https:\/\/lobosnews.com.ar\/index.php\/author\/lobos-news\/"},"magazine_blocks_comment":0,"magazine_blocks_author_image":"https:\/\/secure.gravatar.com\/avatar\/76e419471a2083bc3ceab22a763dbbf9b0c1bd15a6214cf3280e2c2dde4580f9?s=96&d=mm&r=g","magazine_blocks_category":"<a href=\"#\" class=\"category-link category-link-31\">Actualidad<\/a> <a href=\"#\" class=\"category-link category-link-30\">Argentina<\/a> <a href=\"#\" class=\"category-link category-link-32\">econom\u00eda<\/a> <a href=\"#\" class=\"category-link category-link-77\">inseguridad<\/a> <a href=\"#\" class=\"category-link category-link-84\">masradios.com<\/a> <a href=\"#\" class=\"category-link category-link-35\">nacionales<\/a> <a href=\"#\" class=\"category-link category-link-36\">seguridad<\/a> <a href=\"#\" class=\"category-link category-link-37\">sociedad<\/a>","yoast_head":"<!-- This site is optimized with the Yoast SEO plugin v26.6 - https:\/\/yoast.com\/wordpress\/plugins\/seo\/ -->\n<title>Est\u00e1 acusada de matar a su esposo y tiene prisi\u00f3n domiciliaria a metros de la casa de sus hijas: \u201cEstamos desesperadas\u201d - Lobos News<\/title>\n<meta name=\"robots\" content=\"index, follow, max-snippet:-1, max-image-preview:large, max-video-preview:-1\" \/>\n<link rel=\"canonical\" href=\"https:\/\/lobosnews.com.ar\/index.php\/2026\/03\/10\/esta-acusada-de-matar-a-su-esposo-y-tiene-prision-domiciliaria-a-metros-de-la-casa-de-sus-hijas-estamos-desesperadas\/\" \/>\n<meta property=\"og:locale\" content=\"es_ES\" \/>\n<meta property=\"og:type\" content=\"article\" \/>\n<meta property=\"og:title\" content=\"Est\u00e1 acusada de matar a su esposo y tiene prisi\u00f3n domiciliaria a metros de la casa de sus hijas: \u201cEstamos desesperadas\u201d - Lobos News\" \/>\n<meta property=\"og:description\" content=\"Dos j\u00f3venes de La Plata atraviesan una desesperante situaci\u00f3n producto de una decisi\u00f3n judicial. Tienen miedo. Y lo que las aterra es su propia madre, Sof\u00eda Pantoja, quien en 2018 fue detenida e imputada por el asesinato a Jorge Pereyra, su pareja y padre de las chicas. A meses de que comience el juicio por...\" \/>\n<meta property=\"og:url\" content=\"https:\/\/lobosnews.com.ar\/index.php\/2026\/03\/10\/esta-acusada-de-matar-a-su-esposo-y-tiene-prision-domiciliaria-a-metros-de-la-casa-de-sus-hijas-estamos-desesperadas\/\" \/>\n<meta property=\"og:site_name\" content=\"Lobos News\" \/>\n<meta property=\"article:published_time\" content=\"2026-03-10T15:30:08+00:00\" \/>\n<meta property=\"article:modified_time\" content=\"2026-03-10T18:10:53+00:00\" \/>\n<meta property=\"og:image\" content=\"https:\/\/lobosnews.com.ar\/wp-content\/uploads\/2026\/03\/esta-acusada-de-matar-a-su-esposo-y-tiene-prision-domiciliaria-a-metros-de-la-casa-de-sus-hijas-estamos-desesperadas.jpg\" \/>\n<meta name=\"author\" content=\"admin\" \/>\n<meta name=\"twitter:card\" content=\"summary_large_image\" \/>\n<meta name=\"twitter:label1\" content=\"Escrito por\" \/>\n\t<meta name=\"twitter:data1\" content=\"admin\" \/>\n\t<meta name=\"twitter:label2\" content=\"Tiempo de lectura\" \/>\n\t<meta name=\"twitter:data2\" content=\"3 minutos\" \/>\n<script type=\"application\/ld+json\" class=\"yoast-schema-graph\">{\"@context\":\"https:\/\/schema.org\",\"@graph\":[{\"@type\":\"Article\",\"@id\":\"https:\/\/lobosnews.com.ar\/index.php\/2026\/03\/10\/esta-acusada-de-matar-a-su-esposo-y-tiene-prision-domiciliaria-a-metros-de-la-casa-de-sus-hijas-estamos-desesperadas\/#article\",\"isPartOf\":{\"@id\":\"https:\/\/lobosnews.com.ar\/index.php\/2026\/03\/10\/esta-acusada-de-matar-a-su-esposo-y-tiene-prision-domiciliaria-a-metros-de-la-casa-de-sus-hijas-estamos-desesperadas\/\"},\"author\":{\"name\":\"admin\",\"@id\":\"https:\/\/lobosnews.com.ar\/#\/schema\/person\/232422a593d5c541dd9aef6aaed10943\"},\"headline\":\"Est\u00e1 acusada de matar a su esposo y tiene prisi\u00f3n domiciliaria a metros de la casa de sus hijas: \u201cEstamos desesperadas\u201d\",\"datePublished\":\"2026-03-10T15:30:08+00:00\",\"dateModified\":\"2026-03-10T18:10:53+00:00\",\"mainEntityOfPage\":{\"@id\":\"https:\/\/lobosnews.com.ar\/index.php\/2026\/03\/10\/esta-acusada-de-matar-a-su-esposo-y-tiene-prision-domiciliaria-a-metros-de-la-casa-de-sus-hijas-estamos-desesperadas\/\"},\"wordCount\":707,\"commentCount\":0,\"publisher\":{\"@id\":\"https:\/\/lobosnews.com.ar\/#organization\"},\"image\":{\"@id\":\"https:\/\/lobosnews.com.ar\/index.php\/2026\/03\/10\/esta-acusada-de-matar-a-su-esposo-y-tiene-prision-domiciliaria-a-metros-de-la-casa-de-sus-hijas-estamos-desesperadas\/#primaryimage\"},\"thumbnailUrl\":\"https:\/\/lobosnews.com.ar\/wp-content\/uploads\/2026\/03\/esta-acusada-de-matar-a-su-esposo-y-tiene-prision-domiciliaria-a-metros-de-la-casa-de-sus-hijas-estamos-desesperadas-2-scaled.jpg\",\"articleSection\":[\"Actualidad\",\"Argentina\",\"econom\u00eda\",\"inseguridad\",\"masradios.com\",\"nacionales\",\"seguridad\",\"sociedad\"],\"inLanguage\":\"es\",\"potentialAction\":[{\"@type\":\"CommentAction\",\"name\":\"Comment\",\"target\":[\"https:\/\/lobosnews.com.ar\/index.php\/2026\/03\/10\/esta-acusada-de-matar-a-su-esposo-y-tiene-prision-domiciliaria-a-metros-de-la-casa-de-sus-hijas-estamos-desesperadas\/#respond\"]}]},{\"@type\":\"WebPage\",\"@id\":\"https:\/\/lobosnews.com.ar\/index.php\/2026\/03\/10\/esta-acusada-de-matar-a-su-esposo-y-tiene-prision-domiciliaria-a-metros-de-la-casa-de-sus-hijas-estamos-desesperadas\/\",\"url\":\"https:\/\/lobosnews.com.ar\/index.php\/2026\/03\/10\/esta-acusada-de-matar-a-su-esposo-y-tiene-prision-domiciliaria-a-metros-de-la-casa-de-sus-hijas-estamos-desesperadas\/\",\"name\":\"Est\u00e1 acusada de matar a su esposo y tiene prisi\u00f3n domiciliaria a metros de la casa de sus hijas: \u201cEstamos desesperadas\u201d - Lobos News\",\"isPartOf\":{\"@id\":\"https:\/\/lobosnews.com.ar\/#website\"},\"primaryImageOfPage\":{\"@id\":\"https:\/\/lobosnews.com.ar\/index.php\/2026\/03\/10\/esta-acusada-de-matar-a-su-esposo-y-tiene-prision-domiciliaria-a-metros-de-la-casa-de-sus-hijas-estamos-desesperadas\/#primaryimage\"},\"image\":{\"@id\":\"https:\/\/lobosnews.com.ar\/index.php\/2026\/03\/10\/esta-acusada-de-matar-a-su-esposo-y-tiene-prision-domiciliaria-a-metros-de-la-casa-de-sus-hijas-estamos-desesperadas\/#primaryimage\"},\"thumbnailUrl\":\"https:\/\/lobosnews.com.ar\/wp-content\/uploads\/2026\/03\/esta-acusada-de-matar-a-su-esposo-y-tiene-prision-domiciliaria-a-metros-de-la-casa-de-sus-hijas-estamos-desesperadas-2-scaled.jpg\",\"datePublished\":\"2026-03-10T15:30:08+00:00\",\"dateModified\":\"2026-03-10T18:10:53+00:00\",\"breadcrumb\":{\"@id\":\"https:\/\/lobosnews.com.ar\/index.php\/2026\/03\/10\/esta-acusada-de-matar-a-su-esposo-y-tiene-prision-domiciliaria-a-metros-de-la-casa-de-sus-hijas-estamos-desesperadas\/#breadcrumb\"},\"inLanguage\":\"es\",\"potentialAction\":[{\"@type\":\"ReadAction\",\"target\":[\"https:\/\/lobosnews.com.ar\/index.php\/2026\/03\/10\/esta-acusada-de-matar-a-su-esposo-y-tiene-prision-domiciliaria-a-metros-de-la-casa-de-sus-hijas-estamos-desesperadas\/\"]}]},{\"@type\":\"ImageObject\",\"inLanguage\":\"es\",\"@id\":\"https:\/\/lobosnews.com.ar\/index.php\/2026\/03\/10\/esta-acusada-de-matar-a-su-esposo-y-tiene-prision-domiciliaria-a-metros-de-la-casa-de-sus-hijas-estamos-desesperadas\/#primaryimage\",\"url\":\"https:\/\/lobosnews.com.ar\/wp-content\/uploads\/2026\/03\/esta-acusada-de-matar-a-su-esposo-y-tiene-prision-domiciliaria-a-metros-de-la-casa-de-sus-hijas-estamos-desesperadas-2-scaled.jpg\",\"contentUrl\":\"https:\/\/lobosnews.com.ar\/wp-content\/uploads\/2026\/03\/esta-acusada-de-matar-a-su-esposo-y-tiene-prision-domiciliaria-a-metros-de-la-casa-de-sus-hijas-estamos-desesperadas-2-scaled.jpg\",\"width\":1824,\"height\":2560,\"caption\":\"Est\u00e1 acusada de matar a su esposo y tiene prisi\u00f3n domiciliaria a metros de la casa de sus hijas: \u201cEstamos desesperadas\u201d\"},{\"@type\":\"BreadcrumbList\",\"@id\":\"https:\/\/lobosnews.com.ar\/index.php\/2026\/03\/10\/esta-acusada-de-matar-a-su-esposo-y-tiene-prision-domiciliaria-a-metros-de-la-casa-de-sus-hijas-estamos-desesperadas\/#breadcrumb\",\"itemListElement\":[{\"@type\":\"ListItem\",\"position\":1,\"name\":\"Portada\",\"item\":\"https:\/\/lobosnews.com.ar\/\"},{\"@type\":\"ListItem\",\"position\":2,\"name\":\"Est\u00e1 acusada de matar a su esposo y tiene prisi\u00f3n domiciliaria a metros de la casa de sus hijas: \u201cEstamos desesperadas\u201d\"}]},{\"@type\":\"WebSite\",\"@id\":\"https:\/\/lobosnews.com.ar\/#website\",\"url\":\"https:\/\/lobosnews.com.ar\/\",\"name\":\"Lobos News\",\"description\":\"Informaci\u00f3n a cada instante\",\"publisher\":{\"@id\":\"https:\/\/lobosnews.com.ar\/#organization\"},\"potentialAction\":[{\"@type\":\"SearchAction\",\"target\":{\"@type\":\"EntryPoint\",\"urlTemplate\":\"https:\/\/lobosnews.com.ar\/?s={search_term_string}\"},\"query-input\":{\"@type\":\"PropertyValueSpecification\",\"valueRequired\":true,\"valueName\":\"search_term_string\"}}],\"inLanguage\":\"es\"},{\"@type\":\"Organization\",\"@id\":\"https:\/\/lobosnews.com.ar\/#organization\",\"name\":\"Lobos News\",\"url\":\"https:\/\/lobosnews.com.ar\/\",\"logo\":{\"@type\":\"ImageObject\",\"inLanguage\":\"es\",\"@id\":\"https:\/\/lobosnews.com.ar\/#\/schema\/logo\/image\/\",\"url\":\"https:\/\/lobosnews.com.ar\/wp-content\/uploads\/2026\/01\/logo-lobosnews.png\",\"contentUrl\":\"https:\/\/lobosnews.com.ar\/wp-content\/uploads\/2026\/01\/logo-lobosnews.png\",\"width\":500,\"height\":200,\"caption\":\"Lobos News\"},\"image\":{\"@id\":\"https:\/\/lobosnews.com.ar\/#\/schema\/logo\/image\/\"}},{\"@type\":\"Person\",\"@id\":\"https:\/\/lobosnews.com.ar\/#\/schema\/person\/232422a593d5c541dd9aef6aaed10943\",\"name\":\"admin\",\"image\":{\"@type\":\"ImageObject\",\"inLanguage\":\"es\",\"@id\":\"https:\/\/lobosnews.com.ar\/#\/schema\/person\/image\/\",\"url\":\"https:\/\/secure.gravatar.com\/avatar\/76e419471a2083bc3ceab22a763dbbf9b0c1bd15a6214cf3280e2c2dde4580f9?s=96&d=mm&r=g\",\"contentUrl\":\"https:\/\/secure.gravatar.com\/avatar\/76e419471a2083bc3ceab22a763dbbf9b0c1bd15a6214cf3280e2c2dde4580f9?s=96&d=mm&r=g\",\"caption\":\"admin\"},\"sameAs\":[\"https:\/\/lobosnews.com.ar\"],\"url\":\"https:\/\/lobosnews.com.ar\/index.php\/author\/lobos-news\/\"}]}<\/script>\n<!-- \/ Yoast SEO plugin. -->","yoast_head_json":{"title":"Est\u00e1 acusada de matar a su esposo y tiene prisi\u00f3n domiciliaria a metros de la casa de sus hijas: \u201cEstamos desesperadas\u201d - Lobos News","robots":{"index":"index","follow":"follow","max-snippet":"max-snippet:-1","max-image-preview":"max-image-preview:large","max-video-preview":"max-video-preview:-1"},"canonical":"https:\/\/lobosnews.com.ar\/index.php\/2026\/03\/10\/esta-acusada-de-matar-a-su-esposo-y-tiene-prision-domiciliaria-a-metros-de-la-casa-de-sus-hijas-estamos-desesperadas\/","og_locale":"es_ES","og_type":"article","og_title":"Est\u00e1 acusada de matar a su esposo y tiene prisi\u00f3n domiciliaria a metros de la casa de sus hijas: \u201cEstamos desesperadas\u201d - Lobos News","og_description":"Dos j\u00f3venes de La Plata atraviesan una desesperante situaci\u00f3n producto de una decisi\u00f3n judicial. Tienen miedo. Y lo que las aterra es su propia madre, Sof\u00eda Pantoja, quien en 2018 fue detenida e imputada por el asesinato a Jorge Pereyra, su pareja y padre de las chicas. A meses de que comience el juicio por...","og_url":"https:\/\/lobosnews.com.ar\/index.php\/2026\/03\/10\/esta-acusada-de-matar-a-su-esposo-y-tiene-prision-domiciliaria-a-metros-de-la-casa-de-sus-hijas-estamos-desesperadas\/","og_site_name":"Lobos News","article_published_time":"2026-03-10T15:30:08+00:00","article_modified_time":"2026-03-10T18:10:53+00:00","og_image":[{"url":"https:\/\/lobosnews.com.ar\/wp-content\/uploads\/2026\/03\/esta-acusada-de-matar-a-su-esposo-y-tiene-prision-domiciliaria-a-metros-de-la-casa-de-sus-hijas-estamos-desesperadas.jpg","type":"","width":"","height":""}],"author":"admin","twitter_card":"summary_large_image","twitter_misc":{"Escrito por":"admin","Tiempo de lectura":"3 minutos"},"schema":{"@context":"https:\/\/schema.org","@graph":[{"@type":"Article","@id":"https:\/\/lobosnews.com.ar\/index.php\/2026\/03\/10\/esta-acusada-de-matar-a-su-esposo-y-tiene-prision-domiciliaria-a-metros-de-la-casa-de-sus-hijas-estamos-desesperadas\/#article","isPartOf":{"@id":"https:\/\/lobosnews.com.ar\/index.php\/2026\/03\/10\/esta-acusada-de-matar-a-su-esposo-y-tiene-prision-domiciliaria-a-metros-de-la-casa-de-sus-hijas-estamos-desesperadas\/"},"author":{"name":"admin","@id":"https:\/\/lobosnews.com.ar\/#\/schema\/person\/232422a593d5c541dd9aef6aaed10943"},"headline":"Est\u00e1 acusada de matar a su esposo y tiene prisi\u00f3n domiciliaria a metros de la casa de sus hijas: \u201cEstamos desesperadas\u201d","datePublished":"2026-03-10T15:30:08+00:00","dateModified":"2026-03-10T18:10:53+00:00","mainEntityOfPage":{"@id":"https:\/\/lobosnews.com.ar\/index.php\/2026\/03\/10\/esta-acusada-de-matar-a-su-esposo-y-tiene-prision-domiciliaria-a-metros-de-la-casa-de-sus-hijas-estamos-desesperadas\/"},"wordCount":707,"commentCount":0,"publisher":{"@id":"https:\/\/lobosnews.com.ar\/#organization"},"image":{"@id":"https:\/\/lobosnews.com.ar\/index.php\/2026\/03\/10\/esta-acusada-de-matar-a-su-esposo-y-tiene-prision-domiciliaria-a-metros-de-la-casa-de-sus-hijas-estamos-desesperadas\/#primaryimage"},"thumbnailUrl":"https:\/\/lobosnews.com.ar\/wp-content\/uploads\/2026\/03\/esta-acusada-de-matar-a-su-esposo-y-tiene-prision-domiciliaria-a-metros-de-la-casa-de-sus-hijas-estamos-desesperadas-2-scaled.jpg","articleSection":["Actualidad","Argentina","econom\u00eda","inseguridad","masradios.com","nacionales","seguridad","sociedad"],"inLanguage":"es","potentialAction":[{"@type":"CommentAction","name":"Comment","target":["https:\/\/lobosnews.com.ar\/index.php\/2026\/03\/10\/esta-acusada-de-matar-a-su-esposo-y-tiene-prision-domiciliaria-a-metros-de-la-casa-de-sus-hijas-estamos-desesperadas\/#respond"]}]},{"@type":"WebPage","@id":"https:\/\/lobosnews.com.ar\/index.php\/2026\/03\/10\/esta-acusada-de-matar-a-su-esposo-y-tiene-prision-domiciliaria-a-metros-de-la-casa-de-sus-hijas-estamos-desesperadas\/","url":"https:\/\/lobosnews.com.ar\/index.php\/2026\/03\/10\/esta-acusada-de-matar-a-su-esposo-y-tiene-prision-domiciliaria-a-metros-de-la-casa-de-sus-hijas-estamos-desesperadas\/","name":"Est\u00e1 acusada de matar a su esposo y tiene prisi\u00f3n domiciliaria a metros de la casa de sus hijas: \u201cEstamos desesperadas\u201d - Lobos News","isPartOf":{"@id":"https:\/\/lobosnews.com.ar\/#website"},"primaryImageOfPage":{"@id":"https:\/\/lobosnews.com.ar\/index.php\/2026\/03\/10\/esta-acusada-de-matar-a-su-esposo-y-tiene-prision-domiciliaria-a-metros-de-la-casa-de-sus-hijas-estamos-desesperadas\/#primaryimage"},"image":{"@id":"https:\/\/lobosnews.com.ar\/index.php\/2026\/03\/10\/esta-acusada-de-matar-a-su-esposo-y-tiene-prision-domiciliaria-a-metros-de-la-casa-de-sus-hijas-estamos-desesperadas\/#primaryimage"},"thumbnailUrl":"https:\/\/lobosnews.com.ar\/wp-content\/uploads\/2026\/03\/esta-acusada-de-matar-a-su-esposo-y-tiene-prision-domiciliaria-a-metros-de-la-casa-de-sus-hijas-estamos-desesperadas-2-scaled.jpg","datePublished":"2026-03-10T15:30:08+00:00","dateModified":"2026-03-10T18:10:53+00:00","breadcrumb":{"@id":"https:\/\/lobosnews.com.ar\/index.php\/2026\/03\/10\/esta-acusada-de-matar-a-su-esposo-y-tiene-prision-domiciliaria-a-metros-de-la-casa-de-sus-hijas-estamos-desesperadas\/#breadcrumb"},"inLanguage":"es","potentialAction":[{"@type":"ReadAction","target":["https:\/\/lobosnews.com.ar\/index.php\/2026\/03\/10\/esta-acusada-de-matar-a-su-esposo-y-tiene-prision-domiciliaria-a-metros-de-la-casa-de-sus-hijas-estamos-desesperadas\/"]}]},{"@type":"ImageObject","inLanguage":"es","@id":"https:\/\/lobosnews.com.ar\/index.php\/2026\/03\/10\/esta-acusada-de-matar-a-su-esposo-y-tiene-prision-domiciliaria-a-metros-de-la-casa-de-sus-hijas-estamos-desesperadas\/#primaryimage","url":"https:\/\/lobosnews.com.ar\/wp-content\/uploads\/2026\/03\/esta-acusada-de-matar-a-su-esposo-y-tiene-prision-domiciliaria-a-metros-de-la-casa-de-sus-hijas-estamos-desesperadas-2-scaled.jpg","contentUrl":"https:\/\/lobosnews.com.ar\/wp-content\/uploads\/2026\/03\/esta-acusada-de-matar-a-su-esposo-y-tiene-prision-domiciliaria-a-metros-de-la-casa-de-sus-hijas-estamos-desesperadas-2-scaled.jpg","width":1824,"height":2560,"caption":"Est\u00e1 acusada de matar a su esposo y tiene prisi\u00f3n domiciliaria a metros de la casa de sus hijas: \u201cEstamos desesperadas\u201d"},{"@type":"BreadcrumbList","@id":"https:\/\/lobosnews.com.ar\/index.php\/2026\/03\/10\/esta-acusada-de-matar-a-su-esposo-y-tiene-prision-domiciliaria-a-metros-de-la-casa-de-sus-hijas-estamos-desesperadas\/#breadcrumb","itemListElement":[{"@type":"ListItem","position":1,"name":"Portada","item":"https:\/\/lobosnews.com.ar\/"},{"@type":"ListItem","position":2,"name":"Est\u00e1 acusada de matar a su esposo y tiene prisi\u00f3n domiciliaria a metros de la casa de sus hijas: \u201cEstamos desesperadas\u201d"}]},{"@type":"WebSite","@id":"https:\/\/lobosnews.com.ar\/#website","url":"https:\/\/lobosnews.com.ar\/","name":"Lobos News","description":"Informaci\u00f3n a cada instante","publisher":{"@id":"https:\/\/lobosnews.com.ar\/#organization"},"potentialAction":[{"@type":"SearchAction","target":{"@type":"EntryPoint","urlTemplate":"https:\/\/lobosnews.com.ar\/?s={search_term_string}"},"query-input":{"@type":"PropertyValueSpecification","valueRequired":true,"valueName":"search_term_string"}}],"inLanguage":"es"},{"@type":"Organization","@id":"https:\/\/lobosnews.com.ar\/#organization","name":"Lobos News","url":"https:\/\/lobosnews.com.ar\/","logo":{"@type":"ImageObject","inLanguage":"es","@id":"https:\/\/lobosnews.com.ar\/#\/schema\/logo\/image\/","url":"https:\/\/lobosnews.com.ar\/wp-content\/uploads\/2026\/01\/logo-lobosnews.png","contentUrl":"https:\/\/lobosnews.com.ar\/wp-content\/uploads\/2026\/01\/logo-lobosnews.png","width":500,"height":200,"caption":"Lobos News"},"image":{"@id":"https:\/\/lobosnews.com.ar\/#\/schema\/logo\/image\/"}},{"@type":"Person","@id":"https:\/\/lobosnews.com.ar\/#\/schema\/person\/232422a593d5c541dd9aef6aaed10943","name":"admin","image":{"@type":"ImageObject","inLanguage":"es","@id":"https:\/\/lobosnews.com.ar\/#\/schema\/person\/image\/","url":"https:\/\/secure.gravatar.com\/avatar\/76e419471a2083bc3ceab22a763dbbf9b0c1bd15a6214cf3280e2c2dde4580f9?s=96&d=mm&r=g","contentUrl":"https:\/\/secure.gravatar.com\/avatar\/76e419471a2083bc3ceab22a763dbbf9b0c1bd15a6214cf3280e2c2dde4580f9?s=96&d=mm&r=g","caption":"admin"},"sameAs":["https:\/\/lobosnews.com.ar"],"url":"https:\/\/lobosnews.com.ar\/index.php\/author\/lobos-news\/"}]}},"jetpack_featured_media_url":"https:\/\/lobosnews.com.ar\/wp-content\/uploads\/2026\/03\/esta-acusada-de-matar-a-su-esposo-y-tiene-prision-domiciliaria-a-metros-de-la-casa-de-sus-hijas-estamos-desesperadas-2-scaled.jpg","jetpack_sharing_enabled":true,"_links":{"self":[{"href":"https:\/\/lobosnews.com.ar\/index.php\/wp-json\/wp\/v2\/posts\/31736","targetHints":{"allow":["GET"]}}],"collection":[{"href":"https:\/\/lobosnews.com.ar\/index.php\/wp-json\/wp\/v2\/posts"}],"about":[{"href":"https:\/\/lobosnews.com.ar\/index.php\/wp-json\/wp\/v2\/types\/post"}],"author":[{"embeddable":true,"href":"https:\/\/lobosnews.com.ar\/index.php\/wp-json\/wp\/v2\/users\/1"}],"replies":[{"embeddable":true,"href":"https:\/\/lobosnews.com.ar\/index.php\/wp-json\/wp\/v2\/comments?post=31736"}],"version-history":[{"count":1,"href":"https:\/\/lobosnews.com.ar\/index.php\/wp-json\/wp\/v2\/posts\/31736\/revisions"}],"predecessor-version":[{"id":31739,"href":"https:\/\/lobosnews.com.ar\/index.php\/wp-json\/wp\/v2\/posts\/31736\/revisions\/31739"}],"wp:featuredmedia":[{"embeddable":true,"href":"https:\/\/lobosnews.com.ar\/index.php\/wp-json\/wp\/v2\/media\/31740"}],"wp:attachment":[{"href":"https:\/\/lobosnews.com.ar\/index.php\/wp-json\/wp\/v2\/media?parent=31736"}],"wp:term":[{"taxonomy":"category","embeddable":true,"href":"https:\/\/lobosnews.com.ar\/index.php\/wp-json\/wp\/v2\/categories?post=31736"},{"taxonomy":"post_tag","embeddable":true,"href":"https:\/\/lobosnews.com.ar\/index.php\/wp-json\/wp\/v2\/tags?post=31736"}],"curies":[{"name":"wp","href":"https:\/\/api.w.org\/{rel}","templated":true}]}}