{"id":31732,"date":"2026-03-10T15:51:48","date_gmt":"2026-03-10T15:51:48","guid":{"rendered":"https:\/\/lobosnews.com.ar\/index.php\/2026\/03\/10\/femicidio-en-la-rioja-asesino-a-su-expareja-frente-sus-tres-hijos-y-luego-se-quito-la-vida\/"},"modified":"2026-03-10T18:10:49","modified_gmt":"2026-03-10T18:10:49","slug":"femicidio-en-la-rioja-asesino-a-su-expareja-frente-sus-tres-hijos-y-luego-se-quito-la-vida","status":"publish","type":"post","link":"https:\/\/lobosnews.com.ar\/index.php\/2026\/03\/10\/femicidio-en-la-rioja-asesino-a-su-expareja-frente-sus-tres-hijos-y-luego-se-quito-la-vida\/","title":{"rendered":"Femicidio en La Rioja: asesin\u00f3 a su expareja frente sus tres hijos y luego se quit\u00f3 la vida"},"content":{"rendered":"<p><img loading=\"lazy\" decoding=\"async\" src=\"https:\/\/lobosnews.com.ar\/wp-content\/uploads\/2026\/03\/femicidio-en-la-rioja-asesino-a-su-expareja-frente-sus-tres-hijos-y-luego-se-quito-la-vida.jpg\" alt=\"El brutal femicidio ocurri\u00f3 en el barrio Francisco I de la ciudad de La Rioja.\" height=\"1080\" width=\"1920\"\/><\/p>\n<p>La ciudad de <span class=\"waslinkname\"><i><b>La Rioja<\/b><\/i><\/span> fue escenario este martes del femicidio de <b>Jessica Ver\u00f3nica Mercado<\/b>, una mujer de 34 a\u00f1os que fue asesinada a pu\u00f1aladas por su expareja -y padre de sus tres hijos- en medio de una fuerte discusi\u00f3n. Luego de matar a la v\u00edctima, el asesino, identificado como <b>Justino Miguel \u00c1ngel Ruarte (43)<\/b>, se provoc\u00f3 lesiones mortales y muri\u00f3.<\/p>\n<p>Fuentes policiales consultadas por <b>Infobae <\/b>precisaron que el hecho fue reportado a las 3.15 de la madrugada por la llamada an\u00f3nima que realiz\u00f3 una vecina al 911. En la denuncia dijo haber escuchado <b>gritos <\/b>en una casa lindera, ubicada sobre la calle Cristo Redentor, entre San Charbel y San Crist\u00f3bal, en el barrio Francisco I. <\/p>\n<p>Al recibir el alerta, personal de la Comisar\u00eda 3\u00aa de la polic\u00eda provincial acudi\u00f3 al domicilio en cuesti\u00f3n. Una vez dentro de la vivienda, los agentes hicieron una recorrida y en una de las habitaciones encontraron el cuerpo de Mercado, que presentaba <b>heridas de arma blanca a la altura del cuello y en uno de sus hombros<\/b>. <\/p>\n<p>A la espera de los resultados de la autopsia, la jueza interviniente en la investigaci\u00f3n, <b>Mar\u00eda Cecilia C\u00f3rdoba<\/b>, estima que la v\u00edctima habr\u00eda muerto desangrada, como consecuencia de las graves lesiones que le produjo el femicida. <\/p>\n<p>De las pruebas recabadas hasta el momento, se desprende que Ruarte atac\u00f3 a Mercado ante la presencia de los tres hijos de ambos, <b>dos ni\u00f1os, de 5 y 11 a\u00f1os, y una ni\u00f1a de 3<\/b>. En medio de la desesperaci\u00f3n, los menores corrieron hasta la casa de la vecina que denunci\u00f3 el hecho, donde se refugiaron hasta la llegada del personal policial. <\/p>\n<p>Ruarte, por su parte, se autolesion\u00f3 luego del ataque a su expareja y muri\u00f3 antes de llegar al hospital local. Seg\u00fan pudo saber este medio a trav\u00e9s de fuentes del caso, <b>la autopsia ordenada por la jueza C\u00f3rdoba concluy\u00f3 cerca de las 12 de este martes<\/b> y se aguardaban los datos preliminares para conocer la causa de muerte del femicida.<\/p>\n<p>Al realizar las pericias en el lugar del hecho, personal de la Divisi\u00f3n Homicidios de la Polic\u00eda de la Rioja secuestr\u00f3 la moto Yamaha YBR color roja en la que Ruarte lleg\u00f3 al domicilio de la v\u00edctima. <\/p>\n<p>Por orden de la jueza, personal de <b>Asuntos Juveniles <\/b>dispuso que los tres hijos de la v\u00edctima y el atacante, como as\u00ed tambi\u00e9n la vivienda donde ocurri\u00f3 el hecho, quedaran a cargo de la abuela materna de los menores, de 51 a\u00f1os.<\/p>\n","protected":false},"excerpt":{"rendered":"<p>La ciudad de La Rioja fue escenario este martes del femicidio de Jessica Ver\u00f3nica Mercado, una mujer de 34 a\u00f1os que fue asesinada a pu\u00f1aladas por su expareja -y padre de sus tres hijos- en medio de una fuerte discusi\u00f3n. Luego de matar a la v\u00edctima, el asesino, identificado como Justino Miguel \u00c1ngel Ruarte (43),&#8230;<\/p>\n","protected":false},"author":1,"featured_media":31735,"comment_status":"open","ping_status":"closed","sticky":false,"template":"","format":"standard","meta":{"_jetpack_memberships_contains_paid_content":false,"footnotes":""},"categories":[31,30,32,77,84,35,36,37],"tags":[],"class_list":["post-31732","post","type-post","status-publish","format-standard","has-post-thumbnail","hentry","category-actualidad","category-argentina","category-economia","category-inseguridad","category-masradios-com","category-nacionales","category-seguridad","category-sociedad"],"magazineBlocksPostFeaturedMedia":{"thumbnail":"https:\/\/lobosnews.com.ar\/wp-content\/uploads\/2026\/03\/femicidio-en-la-rioja-asesino-a-su-expareja-frente-sus-tres-hijos-y-luego-se-quito-la-vida-150x150.jpg","medium":"https:\/\/lobosnews.com.ar\/wp-content\/uploads\/2026\/03\/femicidio-en-la-rioja-asesino-a-su-expareja-frente-sus-tres-hijos-y-luego-se-quito-la-vida-300x169.jpg","medium_large":"https:\/\/lobosnews.com.ar\/wp-content\/uploads\/2026\/03\/femicidio-en-la-rioja-asesino-a-su-expareja-frente-sus-tres-hijos-y-luego-se-quito-la-vida-768x432.jpg","large":"https:\/\/lobosnews.com.ar\/wp-content\/uploads\/2026\/03\/femicidio-en-la-rioja-asesino-a-su-expareja-frente-sus-tres-hijos-y-luego-se-quito-la-vida-1024x576.jpg","1536x1536":"https:\/\/lobosnews.com.ar\/wp-content\/uploads\/2026\/03\/femicidio-en-la-rioja-asesino-a-su-expareja-frente-sus-tres-hijos-y-luego-se-quito-la-vida-1536x864.jpg","2048x2048":"https:\/\/lobosnews.com.ar\/wp-content\/uploads\/2026\/03\/femicidio-en-la-rioja-asesino-a-su-expareja-frente-sus-tres-hijos-y-luego-se-quito-la-vida.jpg","newsmatic-featured":"https:\/\/lobosnews.com.ar\/wp-content\/uploads\/2026\/03\/femicidio-en-la-rioja-asesino-a-su-expareja-frente-sus-tres-hijos-y-luego-se-quito-la-vida-820x545.jpg","newsmatic-list":"https:\/\/lobosnews.com.ar\/wp-content\/uploads\/2026\/03\/femicidio-en-la-rioja-asesino-a-su-expareja-frente-sus-tres-hijos-y-luego-se-quito-la-vida-600x400.jpg","newsmatic-thumb":"https:\/\/lobosnews.com.ar\/wp-content\/uploads\/2026\/03\/femicidio-en-la-rioja-asesino-a-su-expareja-frente-sus-tres-hijos-y-luego-se-quito-la-vida-300x200.jpg","newsmatic-small":"https:\/\/lobosnews.com.ar\/wp-content\/uploads\/2026\/03\/femicidio-en-la-rioja-asesino-a-su-expareja-frente-sus-tres-hijos-y-luego-se-quito-la-vida-150x95.jpg","newsmatic-grid":"https:\/\/lobosnews.com.ar\/wp-content\/uploads\/2026\/03\/femicidio-en-la-rioja-asesino-a-su-expareja-frente-sus-tres-hijos-y-luego-se-quito-la-vida-400x250.jpg"},"magazineBlocksPostAuthor":{"name":"admin","avatar":"https:\/\/secure.gravatar.com\/avatar\/76e419471a2083bc3ceab22a763dbbf9b0c1bd15a6214cf3280e2c2dde4580f9?s=96&d=mm&r=g"},"magazineBlocksPostCommentsNumber":"0","magazineBlocksPostExcerpt":"La ciudad de La Rioja fue escenario este martes del femicidio de Jessica Ver\u00f3nica Mercado, una mujer de 34 a\u00f1os que fue asesinada a pu\u00f1aladas por su expareja -y padre de sus tres hijos- en medio de una fuerte discusi\u00f3n. Luego de matar a la v\u00edctima, el asesino, identificado como Justino Miguel \u00c1ngel Ruarte (43),...","magazineBlocksPostCategories":["Actualidad","Argentina","econom\u00eda","inseguridad","masradios.com","nacionales","seguridad","sociedad"],"magazineBlocksPostViewCount":77,"magazineBlocksPostReadTime":3,"magazine_blocks_featured_image_url":{"full":["https:\/\/lobosnews.com.ar\/wp-content\/uploads\/2026\/03\/femicidio-en-la-rioja-asesino-a-su-expareja-frente-sus-tres-hijos-y-luego-se-quito-la-vida.jpg",1920,1080,false],"medium":["https:\/\/lobosnews.com.ar\/wp-content\/uploads\/2026\/03\/femicidio-en-la-rioja-asesino-a-su-expareja-frente-sus-tres-hijos-y-luego-se-quito-la-vida-300x169.jpg",300,169,true],"thumbnail":["https:\/\/lobosnews.com.ar\/wp-content\/uploads\/2026\/03\/femicidio-en-la-rioja-asesino-a-su-expareja-frente-sus-tres-hijos-y-luego-se-quito-la-vida-150x150.jpg",150,150,true]},"magazine_blocks_author":{"display_name":"admin","author_link":"https:\/\/lobosnews.com.ar\/index.php\/author\/lobos-news\/"},"magazine_blocks_comment":0,"magazine_blocks_author_image":"https:\/\/secure.gravatar.com\/avatar\/76e419471a2083bc3ceab22a763dbbf9b0c1bd15a6214cf3280e2c2dde4580f9?s=96&d=mm&r=g","magazine_blocks_category":"<a href=\"#\" class=\"category-link category-link-31\">Actualidad<\/a> <a href=\"#\" class=\"category-link category-link-30\">Argentina<\/a> <a href=\"#\" class=\"category-link category-link-32\">econom\u00eda<\/a> <a href=\"#\" class=\"category-link category-link-77\">inseguridad<\/a> <a href=\"#\" class=\"category-link category-link-84\">masradios.com<\/a> <a href=\"#\" class=\"category-link category-link-35\">nacionales<\/a> <a href=\"#\" class=\"category-link category-link-36\">seguridad<\/a> <a href=\"#\" class=\"category-link category-link-37\">sociedad<\/a>","yoast_head":"<!-- This site is optimized with the Yoast SEO plugin v26.6 - https:\/\/yoast.com\/wordpress\/plugins\/seo\/ -->\n<title>Femicidio en La Rioja: asesin\u00f3 a su expareja frente sus tres hijos y luego se quit\u00f3 la vida - Lobos News<\/title>\n<meta name=\"robots\" content=\"index, follow, max-snippet:-1, max-image-preview:large, max-video-preview:-1\" \/>\n<link rel=\"canonical\" href=\"https:\/\/lobosnews.com.ar\/index.php\/2026\/03\/10\/femicidio-en-la-rioja-asesino-a-su-expareja-frente-sus-tres-hijos-y-luego-se-quito-la-vida\/\" \/>\n<meta property=\"og:locale\" content=\"es_ES\" \/>\n<meta property=\"og:type\" content=\"article\" \/>\n<meta property=\"og:title\" content=\"Femicidio en La Rioja: asesin\u00f3 a su expareja frente sus tres hijos y luego se quit\u00f3 la vida - Lobos News\" \/>\n<meta property=\"og:description\" content=\"La ciudad de La Rioja fue escenario este martes del femicidio de Jessica Ver\u00f3nica Mercado, una mujer de 34 a\u00f1os que fue asesinada a pu\u00f1aladas por su expareja -y padre de sus tres hijos- en medio de una fuerte discusi\u00f3n. Luego de matar a la v\u00edctima, el asesino, identificado como Justino Miguel \u00c1ngel Ruarte (43),...\" \/>\n<meta property=\"og:url\" content=\"https:\/\/lobosnews.com.ar\/index.php\/2026\/03\/10\/femicidio-en-la-rioja-asesino-a-su-expareja-frente-sus-tres-hijos-y-luego-se-quito-la-vida\/\" \/>\n<meta property=\"og:site_name\" content=\"Lobos News\" \/>\n<meta property=\"article:published_time\" content=\"2026-03-10T15:51:48+00:00\" \/>\n<meta property=\"article:modified_time\" content=\"2026-03-10T18:10:49+00:00\" \/>\n<meta property=\"og:image\" content=\"https:\/\/lobosnews.com.ar\/wp-content\/uploads\/2026\/03\/femicidio-en-la-rioja-asesino-a-su-expareja-frente-sus-tres-hijos-y-luego-se-quito-la-vida.jpg\" \/>\n<meta name=\"author\" content=\"admin\" \/>\n<meta name=\"twitter:card\" content=\"summary_large_image\" \/>\n<meta name=\"twitter:label1\" content=\"Escrito por\" \/>\n\t<meta name=\"twitter:data1\" content=\"admin\" \/>\n\t<meta name=\"twitter:label2\" content=\"Tiempo de lectura\" \/>\n\t<meta name=\"twitter:data2\" content=\"2 minutos\" \/>\n<script type=\"application\/ld+json\" class=\"yoast-schema-graph\">{\"@context\":\"https:\/\/schema.org\",\"@graph\":[{\"@type\":\"Article\",\"@id\":\"https:\/\/lobosnews.com.ar\/index.php\/2026\/03\/10\/femicidio-en-la-rioja-asesino-a-su-expareja-frente-sus-tres-hijos-y-luego-se-quito-la-vida\/#article\",\"isPartOf\":{\"@id\":\"https:\/\/lobosnews.com.ar\/index.php\/2026\/03\/10\/femicidio-en-la-rioja-asesino-a-su-expareja-frente-sus-tres-hijos-y-luego-se-quito-la-vida\/\"},\"author\":{\"name\":\"admin\",\"@id\":\"https:\/\/lobosnews.com.ar\/#\/schema\/person\/232422a593d5c541dd9aef6aaed10943\"},\"headline\":\"Femicidio en La Rioja: asesin\u00f3 a su expareja frente sus tres hijos y luego se quit\u00f3 la vida\",\"datePublished\":\"2026-03-10T15:51:48+00:00\",\"dateModified\":\"2026-03-10T18:10:49+00:00\",\"mainEntityOfPage\":{\"@id\":\"https:\/\/lobosnews.com.ar\/index.php\/2026\/03\/10\/femicidio-en-la-rioja-asesino-a-su-expareja-frente-sus-tres-hijos-y-luego-se-quito-la-vida\/\"},\"wordCount\":446,\"commentCount\":0,\"publisher\":{\"@id\":\"https:\/\/lobosnews.com.ar\/#organization\"},\"image\":{\"@id\":\"https:\/\/lobosnews.com.ar\/index.php\/2026\/03\/10\/femicidio-en-la-rioja-asesino-a-su-expareja-frente-sus-tres-hijos-y-luego-se-quito-la-vida\/#primaryimage\"},\"thumbnailUrl\":\"https:\/\/lobosnews.com.ar\/wp-content\/uploads\/2026\/03\/femicidio-en-la-rioja-asesino-a-su-expareja-frente-sus-tres-hijos-y-luego-se-quito-la-vida.jpg\",\"articleSection\":[\"Actualidad\",\"Argentina\",\"econom\u00eda\",\"inseguridad\",\"masradios.com\",\"nacionales\",\"seguridad\",\"sociedad\"],\"inLanguage\":\"es\",\"potentialAction\":[{\"@type\":\"CommentAction\",\"name\":\"Comment\",\"target\":[\"https:\/\/lobosnews.com.ar\/index.php\/2026\/03\/10\/femicidio-en-la-rioja-asesino-a-su-expareja-frente-sus-tres-hijos-y-luego-se-quito-la-vida\/#respond\"]}]},{\"@type\":\"WebPage\",\"@id\":\"https:\/\/lobosnews.com.ar\/index.php\/2026\/03\/10\/femicidio-en-la-rioja-asesino-a-su-expareja-frente-sus-tres-hijos-y-luego-se-quito-la-vida\/\",\"url\":\"https:\/\/lobosnews.com.ar\/index.php\/2026\/03\/10\/femicidio-en-la-rioja-asesino-a-su-expareja-frente-sus-tres-hijos-y-luego-se-quito-la-vida\/\",\"name\":\"Femicidio en La Rioja: asesin\u00f3 a su expareja frente sus tres hijos y luego se quit\u00f3 la vida - Lobos News\",\"isPartOf\":{\"@id\":\"https:\/\/lobosnews.com.ar\/#website\"},\"primaryImageOfPage\":{\"@id\":\"https:\/\/lobosnews.com.ar\/index.php\/2026\/03\/10\/femicidio-en-la-rioja-asesino-a-su-expareja-frente-sus-tres-hijos-y-luego-se-quito-la-vida\/#primaryimage\"},\"image\":{\"@id\":\"https:\/\/lobosnews.com.ar\/index.php\/2026\/03\/10\/femicidio-en-la-rioja-asesino-a-su-expareja-frente-sus-tres-hijos-y-luego-se-quito-la-vida\/#primaryimage\"},\"thumbnailUrl\":\"https:\/\/lobosnews.com.ar\/wp-content\/uploads\/2026\/03\/femicidio-en-la-rioja-asesino-a-su-expareja-frente-sus-tres-hijos-y-luego-se-quito-la-vida.jpg\",\"datePublished\":\"2026-03-10T15:51:48+00:00\",\"dateModified\":\"2026-03-10T18:10:49+00:00\",\"breadcrumb\":{\"@id\":\"https:\/\/lobosnews.com.ar\/index.php\/2026\/03\/10\/femicidio-en-la-rioja-asesino-a-su-expareja-frente-sus-tres-hijos-y-luego-se-quito-la-vida\/#breadcrumb\"},\"inLanguage\":\"es\",\"potentialAction\":[{\"@type\":\"ReadAction\",\"target\":[\"https:\/\/lobosnews.com.ar\/index.php\/2026\/03\/10\/femicidio-en-la-rioja-asesino-a-su-expareja-frente-sus-tres-hijos-y-luego-se-quito-la-vida\/\"]}]},{\"@type\":\"ImageObject\",\"inLanguage\":\"es\",\"@id\":\"https:\/\/lobosnews.com.ar\/index.php\/2026\/03\/10\/femicidio-en-la-rioja-asesino-a-su-expareja-frente-sus-tres-hijos-y-luego-se-quito-la-vida\/#primaryimage\",\"url\":\"https:\/\/lobosnews.com.ar\/wp-content\/uploads\/2026\/03\/femicidio-en-la-rioja-asesino-a-su-expareja-frente-sus-tres-hijos-y-luego-se-quito-la-vida.jpg\",\"contentUrl\":\"https:\/\/lobosnews.com.ar\/wp-content\/uploads\/2026\/03\/femicidio-en-la-rioja-asesino-a-su-expareja-frente-sus-tres-hijos-y-luego-se-quito-la-vida.jpg\",\"width\":1920,\"height\":1080,\"caption\":\"Femicidio en La Rioja: asesin\u00f3 a su expareja frente sus tres hijos y luego se quit\u00f3 la vida\"},{\"@type\":\"BreadcrumbList\",\"@id\":\"https:\/\/lobosnews.com.ar\/index.php\/2026\/03\/10\/femicidio-en-la-rioja-asesino-a-su-expareja-frente-sus-tres-hijos-y-luego-se-quito-la-vida\/#breadcrumb\",\"itemListElement\":[{\"@type\":\"ListItem\",\"position\":1,\"name\":\"Portada\",\"item\":\"https:\/\/lobosnews.com.ar\/\"},{\"@type\":\"ListItem\",\"position\":2,\"name\":\"Femicidio en La Rioja: asesin\u00f3 a su expareja frente sus tres hijos y luego se quit\u00f3 la vida\"}]},{\"@type\":\"WebSite\",\"@id\":\"https:\/\/lobosnews.com.ar\/#website\",\"url\":\"https:\/\/lobosnews.com.ar\/\",\"name\":\"Lobos News\",\"description\":\"Informaci\u00f3n a cada instante\",\"publisher\":{\"@id\":\"https:\/\/lobosnews.com.ar\/#organization\"},\"potentialAction\":[{\"@type\":\"SearchAction\",\"target\":{\"@type\":\"EntryPoint\",\"urlTemplate\":\"https:\/\/lobosnews.com.ar\/?s={search_term_string}\"},\"query-input\":{\"@type\":\"PropertyValueSpecification\",\"valueRequired\":true,\"valueName\":\"search_term_string\"}}],\"inLanguage\":\"es\"},{\"@type\":\"Organization\",\"@id\":\"https:\/\/lobosnews.com.ar\/#organization\",\"name\":\"Lobos News\",\"url\":\"https:\/\/lobosnews.com.ar\/\",\"logo\":{\"@type\":\"ImageObject\",\"inLanguage\":\"es\",\"@id\":\"https:\/\/lobosnews.com.ar\/#\/schema\/logo\/image\/\",\"url\":\"https:\/\/lobosnews.com.ar\/wp-content\/uploads\/2026\/01\/logo-lobosnews.png\",\"contentUrl\":\"https:\/\/lobosnews.com.ar\/wp-content\/uploads\/2026\/01\/logo-lobosnews.png\",\"width\":500,\"height\":200,\"caption\":\"Lobos News\"},\"image\":{\"@id\":\"https:\/\/lobosnews.com.ar\/#\/schema\/logo\/image\/\"}},{\"@type\":\"Person\",\"@id\":\"https:\/\/lobosnews.com.ar\/#\/schema\/person\/232422a593d5c541dd9aef6aaed10943\",\"name\":\"admin\",\"image\":{\"@type\":\"ImageObject\",\"inLanguage\":\"es\",\"@id\":\"https:\/\/lobosnews.com.ar\/#\/schema\/person\/image\/\",\"url\":\"https:\/\/secure.gravatar.com\/avatar\/76e419471a2083bc3ceab22a763dbbf9b0c1bd15a6214cf3280e2c2dde4580f9?s=96&d=mm&r=g\",\"contentUrl\":\"https:\/\/secure.gravatar.com\/avatar\/76e419471a2083bc3ceab22a763dbbf9b0c1bd15a6214cf3280e2c2dde4580f9?s=96&d=mm&r=g\",\"caption\":\"admin\"},\"sameAs\":[\"https:\/\/lobosnews.com.ar\"],\"url\":\"https:\/\/lobosnews.com.ar\/index.php\/author\/lobos-news\/\"}]}<\/script>\n<!-- \/ Yoast SEO plugin. -->","yoast_head_json":{"title":"Femicidio en La Rioja: asesin\u00f3 a su expareja frente sus tres hijos y luego se quit\u00f3 la vida - Lobos News","robots":{"index":"index","follow":"follow","max-snippet":"max-snippet:-1","max-image-preview":"max-image-preview:large","max-video-preview":"max-video-preview:-1"},"canonical":"https:\/\/lobosnews.com.ar\/index.php\/2026\/03\/10\/femicidio-en-la-rioja-asesino-a-su-expareja-frente-sus-tres-hijos-y-luego-se-quito-la-vida\/","og_locale":"es_ES","og_type":"article","og_title":"Femicidio en La Rioja: asesin\u00f3 a su expareja frente sus tres hijos y luego se quit\u00f3 la vida - Lobos News","og_description":"La ciudad de La Rioja fue escenario este martes del femicidio de Jessica Ver\u00f3nica Mercado, una mujer de 34 a\u00f1os que fue asesinada a pu\u00f1aladas por su expareja -y padre de sus tres hijos- en medio de una fuerte discusi\u00f3n. Luego de matar a la v\u00edctima, el asesino, identificado como Justino Miguel \u00c1ngel Ruarte (43),...","og_url":"https:\/\/lobosnews.com.ar\/index.php\/2026\/03\/10\/femicidio-en-la-rioja-asesino-a-su-expareja-frente-sus-tres-hijos-y-luego-se-quito-la-vida\/","og_site_name":"Lobos News","article_published_time":"2026-03-10T15:51:48+00:00","article_modified_time":"2026-03-10T18:10:49+00:00","og_image":[{"url":"https:\/\/lobosnews.com.ar\/wp-content\/uploads\/2026\/03\/femicidio-en-la-rioja-asesino-a-su-expareja-frente-sus-tres-hijos-y-luego-se-quito-la-vida.jpg","type":"","width":"","height":""}],"author":"admin","twitter_card":"summary_large_image","twitter_misc":{"Escrito por":"admin","Tiempo de lectura":"2 minutos"},"schema":{"@context":"https:\/\/schema.org","@graph":[{"@type":"Article","@id":"https:\/\/lobosnews.com.ar\/index.php\/2026\/03\/10\/femicidio-en-la-rioja-asesino-a-su-expareja-frente-sus-tres-hijos-y-luego-se-quito-la-vida\/#article","isPartOf":{"@id":"https:\/\/lobosnews.com.ar\/index.php\/2026\/03\/10\/femicidio-en-la-rioja-asesino-a-su-expareja-frente-sus-tres-hijos-y-luego-se-quito-la-vida\/"},"author":{"name":"admin","@id":"https:\/\/lobosnews.com.ar\/#\/schema\/person\/232422a593d5c541dd9aef6aaed10943"},"headline":"Femicidio en La Rioja: asesin\u00f3 a su expareja frente sus tres hijos y luego se quit\u00f3 la vida","datePublished":"2026-03-10T15:51:48+00:00","dateModified":"2026-03-10T18:10:49+00:00","mainEntityOfPage":{"@id":"https:\/\/lobosnews.com.ar\/index.php\/2026\/03\/10\/femicidio-en-la-rioja-asesino-a-su-expareja-frente-sus-tres-hijos-y-luego-se-quito-la-vida\/"},"wordCount":446,"commentCount":0,"publisher":{"@id":"https:\/\/lobosnews.com.ar\/#organization"},"image":{"@id":"https:\/\/lobosnews.com.ar\/index.php\/2026\/03\/10\/femicidio-en-la-rioja-asesino-a-su-expareja-frente-sus-tres-hijos-y-luego-se-quito-la-vida\/#primaryimage"},"thumbnailUrl":"https:\/\/lobosnews.com.ar\/wp-content\/uploads\/2026\/03\/femicidio-en-la-rioja-asesino-a-su-expareja-frente-sus-tres-hijos-y-luego-se-quito-la-vida.jpg","articleSection":["Actualidad","Argentina","econom\u00eda","inseguridad","masradios.com","nacionales","seguridad","sociedad"],"inLanguage":"es","potentialAction":[{"@type":"CommentAction","name":"Comment","target":["https:\/\/lobosnews.com.ar\/index.php\/2026\/03\/10\/femicidio-en-la-rioja-asesino-a-su-expareja-frente-sus-tres-hijos-y-luego-se-quito-la-vida\/#respond"]}]},{"@type":"WebPage","@id":"https:\/\/lobosnews.com.ar\/index.php\/2026\/03\/10\/femicidio-en-la-rioja-asesino-a-su-expareja-frente-sus-tres-hijos-y-luego-se-quito-la-vida\/","url":"https:\/\/lobosnews.com.ar\/index.php\/2026\/03\/10\/femicidio-en-la-rioja-asesino-a-su-expareja-frente-sus-tres-hijos-y-luego-se-quito-la-vida\/","name":"Femicidio en La Rioja: asesin\u00f3 a su expareja frente sus tres hijos y luego se quit\u00f3 la vida - Lobos News","isPartOf":{"@id":"https:\/\/lobosnews.com.ar\/#website"},"primaryImageOfPage":{"@id":"https:\/\/lobosnews.com.ar\/index.php\/2026\/03\/10\/femicidio-en-la-rioja-asesino-a-su-expareja-frente-sus-tres-hijos-y-luego-se-quito-la-vida\/#primaryimage"},"image":{"@id":"https:\/\/lobosnews.com.ar\/index.php\/2026\/03\/10\/femicidio-en-la-rioja-asesino-a-su-expareja-frente-sus-tres-hijos-y-luego-se-quito-la-vida\/#primaryimage"},"thumbnailUrl":"https:\/\/lobosnews.com.ar\/wp-content\/uploads\/2026\/03\/femicidio-en-la-rioja-asesino-a-su-expareja-frente-sus-tres-hijos-y-luego-se-quito-la-vida.jpg","datePublished":"2026-03-10T15:51:48+00:00","dateModified":"2026-03-10T18:10:49+00:00","breadcrumb":{"@id":"https:\/\/lobosnews.com.ar\/index.php\/2026\/03\/10\/femicidio-en-la-rioja-asesino-a-su-expareja-frente-sus-tres-hijos-y-luego-se-quito-la-vida\/#breadcrumb"},"inLanguage":"es","potentialAction":[{"@type":"ReadAction","target":["https:\/\/lobosnews.com.ar\/index.php\/2026\/03\/10\/femicidio-en-la-rioja-asesino-a-su-expareja-frente-sus-tres-hijos-y-luego-se-quito-la-vida\/"]}]},{"@type":"ImageObject","inLanguage":"es","@id":"https:\/\/lobosnews.com.ar\/index.php\/2026\/03\/10\/femicidio-en-la-rioja-asesino-a-su-expareja-frente-sus-tres-hijos-y-luego-se-quito-la-vida\/#primaryimage","url":"https:\/\/lobosnews.com.ar\/wp-content\/uploads\/2026\/03\/femicidio-en-la-rioja-asesino-a-su-expareja-frente-sus-tres-hijos-y-luego-se-quito-la-vida.jpg","contentUrl":"https:\/\/lobosnews.com.ar\/wp-content\/uploads\/2026\/03\/femicidio-en-la-rioja-asesino-a-su-expareja-frente-sus-tres-hijos-y-luego-se-quito-la-vida.jpg","width":1920,"height":1080,"caption":"Femicidio en La Rioja: asesin\u00f3 a su expareja frente sus tres hijos y luego se quit\u00f3 la vida"},{"@type":"BreadcrumbList","@id":"https:\/\/lobosnews.com.ar\/index.php\/2026\/03\/10\/femicidio-en-la-rioja-asesino-a-su-expareja-frente-sus-tres-hijos-y-luego-se-quito-la-vida\/#breadcrumb","itemListElement":[{"@type":"ListItem","position":1,"name":"Portada","item":"https:\/\/lobosnews.com.ar\/"},{"@type":"ListItem","position":2,"name":"Femicidio en La Rioja: asesin\u00f3 a su expareja frente sus tres hijos y luego se quit\u00f3 la vida"}]},{"@type":"WebSite","@id":"https:\/\/lobosnews.com.ar\/#website","url":"https:\/\/lobosnews.com.ar\/","name":"Lobos News","description":"Informaci\u00f3n a cada instante","publisher":{"@id":"https:\/\/lobosnews.com.ar\/#organization"},"potentialAction":[{"@type":"SearchAction","target":{"@type":"EntryPoint","urlTemplate":"https:\/\/lobosnews.com.ar\/?s={search_term_string}"},"query-input":{"@type":"PropertyValueSpecification","valueRequired":true,"valueName":"search_term_string"}}],"inLanguage":"es"},{"@type":"Organization","@id":"https:\/\/lobosnews.com.ar\/#organization","name":"Lobos News","url":"https:\/\/lobosnews.com.ar\/","logo":{"@type":"ImageObject","inLanguage":"es","@id":"https:\/\/lobosnews.com.ar\/#\/schema\/logo\/image\/","url":"https:\/\/lobosnews.com.ar\/wp-content\/uploads\/2026\/01\/logo-lobosnews.png","contentUrl":"https:\/\/lobosnews.com.ar\/wp-content\/uploads\/2026\/01\/logo-lobosnews.png","width":500,"height":200,"caption":"Lobos News"},"image":{"@id":"https:\/\/lobosnews.com.ar\/#\/schema\/logo\/image\/"}},{"@type":"Person","@id":"https:\/\/lobosnews.com.ar\/#\/schema\/person\/232422a593d5c541dd9aef6aaed10943","name":"admin","image":{"@type":"ImageObject","inLanguage":"es","@id":"https:\/\/lobosnews.com.ar\/#\/schema\/person\/image\/","url":"https:\/\/secure.gravatar.com\/avatar\/76e419471a2083bc3ceab22a763dbbf9b0c1bd15a6214cf3280e2c2dde4580f9?s=96&d=mm&r=g","contentUrl":"https:\/\/secure.gravatar.com\/avatar\/76e419471a2083bc3ceab22a763dbbf9b0c1bd15a6214cf3280e2c2dde4580f9?s=96&d=mm&r=g","caption":"admin"},"sameAs":["https:\/\/lobosnews.com.ar"],"url":"https:\/\/lobosnews.com.ar\/index.php\/author\/lobos-news\/"}]}},"jetpack_featured_media_url":"https:\/\/lobosnews.com.ar\/wp-content\/uploads\/2026\/03\/femicidio-en-la-rioja-asesino-a-su-expareja-frente-sus-tres-hijos-y-luego-se-quito-la-vida.jpg","jetpack_sharing_enabled":true,"_links":{"self":[{"href":"https:\/\/lobosnews.com.ar\/index.php\/wp-json\/wp\/v2\/posts\/31732","targetHints":{"allow":["GET"]}}],"collection":[{"href":"https:\/\/lobosnews.com.ar\/index.php\/wp-json\/wp\/v2\/posts"}],"about":[{"href":"https:\/\/lobosnews.com.ar\/index.php\/wp-json\/wp\/v2\/types\/post"}],"author":[{"embeddable":true,"href":"https:\/\/lobosnews.com.ar\/index.php\/wp-json\/wp\/v2\/users\/1"}],"replies":[{"embeddable":true,"href":"https:\/\/lobosnews.com.ar\/index.php\/wp-json\/wp\/v2\/comments?post=31732"}],"version-history":[{"count":1,"href":"https:\/\/lobosnews.com.ar\/index.php\/wp-json\/wp\/v2\/posts\/31732\/revisions"}],"predecessor-version":[{"id":31734,"href":"https:\/\/lobosnews.com.ar\/index.php\/wp-json\/wp\/v2\/posts\/31732\/revisions\/31734"}],"wp:featuredmedia":[{"embeddable":true,"href":"https:\/\/lobosnews.com.ar\/index.php\/wp-json\/wp\/v2\/media\/31735"}],"wp:attachment":[{"href":"https:\/\/lobosnews.com.ar\/index.php\/wp-json\/wp\/v2\/media?parent=31732"}],"wp:term":[{"taxonomy":"category","embeddable":true,"href":"https:\/\/lobosnews.com.ar\/index.php\/wp-json\/wp\/v2\/categories?post=31732"},{"taxonomy":"post_tag","embeddable":true,"href":"https:\/\/lobosnews.com.ar\/index.php\/wp-json\/wp\/v2\/tags?post=31732"}],"curies":[{"name":"wp","href":"https:\/\/api.w.org\/{rel}","templated":true}]}}