{"id":31652,"date":"2026-03-10T13:13:31","date_gmt":"2026-03-10T13:13:31","guid":{"rendered":"https:\/\/lobosnews.com.ar\/index.php\/2026\/03\/10\/italia-compro-un-retrato-de-caravaggio-por-casi-usd-35-millones\/"},"modified":"2026-03-10T14:47:16","modified_gmt":"2026-03-10T14:47:16","slug":"italia-compro-un-retrato-de-caravaggio-por-casi-usd-35-millones","status":"publish","type":"post","link":"https:\/\/lobosnews.com.ar\/index.php\/2026\/03\/10\/italia-compro-un-retrato-de-caravaggio-por-casi-usd-35-millones\/","title":{"rendered":"Italia compr\u00f3 un retrato de Caravaggio por casi USD 35 millones"},"content":{"rendered":"<p><img loading=\"lazy\" decoding=\"async\" src=\"https:\/\/lobosnews.com.ar\/wp-content\/uploads\/2026\/03\/italia-compro-un-retrato-de-caravaggio-por-casi-usd-35-millones.jpg\" alt=\"El Estado italiano compra el 'Retrato de Monse\u00f1or Maffeo Barberini', una obra de Caravaggio, por 30 millones de euros\" height=\"2048\" width=\"3072\"\/><\/p>\n<p>El Estado italiano ha adquirido por USD 34.920.000 (30 millones de euros) el <i><b>Retrato de Monse\u00f1or Maffeo Barberini<\/b><\/i>, una obra de Caravaggio que ha permanecido en manos privadas durante d\u00e9cadas y que se incorporar\u00e1 a las colecciones del <b>Palacio Barberini<\/b> en Roma.<\/p>\n<p>El ministro de Cultura italiano, <b>Alessandro Giuli<\/b>, anunci\u00f3 este martes la compra tras \u201cm\u00e1s de un a\u00f1o de negociaciones\u201d, y afirm\u00f3 que la obra pasar\u00e1 a formar parte de las <b>Galer\u00edas Nacionales de Arte Antiguo<\/b>.<\/p>\n<p>La adquisici\u00f3n se produce pocos meses despu\u00e9s de su primera exposici\u00f3n en un museo, realizada gracias a un acuerdo previo con sus antiguos propietarios, y entrar\u00e1 de forma estable en las colecciones del <b>Palacio Barberini<\/b> de Roma, inform\u00f3 el Ministerio de Cultura de Italia en un comunicado.<\/p>\n<p>El lienzo, pintado entre 1595 y 1596, retrata al arist\u00f3crata y religioso Maffeo Barberini alrededor de los treinta a\u00f1os, en un momento crucial de su carrera antes de convertirse en el futuro papa Urbano VIII (1568\u20131644). <\/p>\n<p><img loading=\"lazy\" decoding=\"async\" src=\"https:\/\/lobosnews.com.ar\/wp-content\/uploads\/2026\/03\/italia-compro-un-retrato-de-caravaggio-por-casi-usd-35-millones-1.jpg\" alt=\"El retrato de Maffeo Barberini, futuro papa Urbano VIII, se incorpora a las colecciones del Palacio Barberini en Roma\" height=\"2048\" width=\"3072\"\/><\/p>\n<p>Aunque el cuadro fue identificado en 1963 por el historiador del arte <b>Roberto Longhi<\/b>, la obra ha permanecido en una colecci\u00f3n privada y fuera del alcance del p\u00fablico durante siglos. <\/p>\n<p>No fue hasta noviembre de 2024 cuando se expuso por primera vez en un museo como pieza de la gran muestra <i><b>Caravaggio 2025<\/b><\/i>, que recibi\u00f3 m\u00e1s de 450.000 visitantes y que permiti\u00f3 a la cr\u00edtica internacional confirmar la autor\u00eda del artista, seg\u00fan se precisa en la nota.<\/p>\n<p>Desde el Ministerio de Cultura subrayaron que la aparici\u00f3n en el mercado de un Caravaggio con autor\u00eda certificada es un \u201cevento rar\u00edsimo\u201d, dado que solo existen unas 65 pinturas del maestro en todo el mundo, un n\u00famero \u201cextremadamente limitado\u201d.<\/p>\n<p>En el <b>Palacio Barberini<\/b>, el retrato compartir\u00e1 espacio con otros tesoros del pintor como la c\u00e9lebre <i><b>Judit decapitando a Holofernes<\/b><\/i>, que el Estado italiano adquiri\u00f3 en 1971.<\/p>\n<p>Fuente: <i>EFE<\/i>. <\/p>\n<p>Fotos: <i>EFE<\/i>\/ <i>EPA<\/i>\/ <i>ANSA<\/i>\/ Massimo Percossi\/ <i>Z49<\/i>.<\/p>\n","protected":false},"excerpt":{"rendered":"<p>El Estado italiano ha adquirido por USD 34.920.000 (30 millones de euros) el Retrato de Monse\u00f1or Maffeo Barberini, una obra de Caravaggio que ha permanecido en manos privadas durante d\u00e9cadas y que se incorporar\u00e1 a las colecciones del Palacio Barberini en Roma. El ministro de Cultura italiano, Alessandro Giuli, anunci\u00f3 este martes la compra tras&#8230;<\/p>\n","protected":false},"author":1,"featured_media":31656,"comment_status":"open","ping_status":"closed","sticky":false,"template":"","format":"standard","meta":{"_jetpack_memberships_contains_paid_content":false,"footnotes":""},"categories":[31],"tags":[],"class_list":["post-31652","post","type-post","status-publish","format-standard","has-post-thumbnail","hentry","category-actualidad"],"magazineBlocksPostFeaturedMedia":{"thumbnail":"https:\/\/lobosnews.com.ar\/wp-content\/uploads\/2026\/03\/italia-compro-un-retrato-de-caravaggio-por-casi-usd-35-millones-2-150x150.jpg","medium":"https:\/\/lobosnews.com.ar\/wp-content\/uploads\/2026\/03\/italia-compro-un-retrato-de-caravaggio-por-casi-usd-35-millones-2-300x200.jpg","medium_large":"https:\/\/lobosnews.com.ar\/wp-content\/uploads\/2026\/03\/italia-compro-un-retrato-de-caravaggio-por-casi-usd-35-millones-2-768x512.jpg","large":"https:\/\/lobosnews.com.ar\/wp-content\/uploads\/2026\/03\/italia-compro-un-retrato-de-caravaggio-por-casi-usd-35-millones-2-1024x683.jpg","1536x1536":"https:\/\/lobosnews.com.ar\/wp-content\/uploads\/2026\/03\/italia-compro-un-retrato-de-caravaggio-por-casi-usd-35-millones-2-1536x1024.jpg","2048x2048":"https:\/\/lobosnews.com.ar\/wp-content\/uploads\/2026\/03\/italia-compro-un-retrato-de-caravaggio-por-casi-usd-35-millones-2-2048x1365.jpg","newsmatic-featured":"https:\/\/lobosnews.com.ar\/wp-content\/uploads\/2026\/03\/italia-compro-un-retrato-de-caravaggio-por-casi-usd-35-millones-2-820x545.jpg","newsmatic-list":"https:\/\/lobosnews.com.ar\/wp-content\/uploads\/2026\/03\/italia-compro-un-retrato-de-caravaggio-por-casi-usd-35-millones-2-600x400.jpg","newsmatic-thumb":"https:\/\/lobosnews.com.ar\/wp-content\/uploads\/2026\/03\/italia-compro-un-retrato-de-caravaggio-por-casi-usd-35-millones-2-300x200.jpg","newsmatic-small":"https:\/\/lobosnews.com.ar\/wp-content\/uploads\/2026\/03\/italia-compro-un-retrato-de-caravaggio-por-casi-usd-35-millones-2-150x95.jpg","newsmatic-grid":"https:\/\/lobosnews.com.ar\/wp-content\/uploads\/2026\/03\/italia-compro-un-retrato-de-caravaggio-por-casi-usd-35-millones-2-400x250.jpg"},"magazineBlocksPostAuthor":{"name":"admin","avatar":"https:\/\/secure.gravatar.com\/avatar\/76e419471a2083bc3ceab22a763dbbf9b0c1bd15a6214cf3280e2c2dde4580f9?s=96&d=mm&r=g"},"magazineBlocksPostCommentsNumber":"0","magazineBlocksPostExcerpt":"El Estado italiano ha adquirido por USD 34.920.000 (30 millones de euros) el Retrato de Monse\u00f1or Maffeo Barberini, una obra de Caravaggio que ha permanecido en manos privadas durante d\u00e9cadas y que se incorporar\u00e1 a las colecciones del Palacio Barberini en Roma. El ministro de Cultura italiano, Alessandro Giuli, anunci\u00f3 este martes la compra tras...","magazineBlocksPostCategories":["Actualidad"],"magazineBlocksPostViewCount":97,"magazineBlocksPostReadTime":2,"magazine_blocks_featured_image_url":{"full":["https:\/\/lobosnews.com.ar\/wp-content\/uploads\/2026\/03\/italia-compro-un-retrato-de-caravaggio-por-casi-usd-35-millones-2-scaled.jpg",2560,1707,false],"medium":["https:\/\/lobosnews.com.ar\/wp-content\/uploads\/2026\/03\/italia-compro-un-retrato-de-caravaggio-por-casi-usd-35-millones-2-300x200.jpg",300,200,true],"thumbnail":["https:\/\/lobosnews.com.ar\/wp-content\/uploads\/2026\/03\/italia-compro-un-retrato-de-caravaggio-por-casi-usd-35-millones-2-150x150.jpg",150,150,true]},"magazine_blocks_author":{"display_name":"admin","author_link":"https:\/\/lobosnews.com.ar\/index.php\/author\/lobos-news\/"},"magazine_blocks_comment":0,"magazine_blocks_author_image":"https:\/\/secure.gravatar.com\/avatar\/76e419471a2083bc3ceab22a763dbbf9b0c1bd15a6214cf3280e2c2dde4580f9?s=96&d=mm&r=g","magazine_blocks_category":"<a href=\"#\" class=\"category-link category-link-31\">Actualidad<\/a>","yoast_head":"<!-- This site is optimized with the Yoast SEO plugin v26.6 - https:\/\/yoast.com\/wordpress\/plugins\/seo\/ -->\n<title>Italia compr\u00f3 un retrato de Caravaggio por casi USD 35 millones - Lobos News<\/title>\n<meta name=\"robots\" content=\"index, follow, max-snippet:-1, max-image-preview:large, max-video-preview:-1\" \/>\n<link rel=\"canonical\" href=\"https:\/\/lobosnews.com.ar\/index.php\/2026\/03\/10\/italia-compro-un-retrato-de-caravaggio-por-casi-usd-35-millones\/\" \/>\n<meta property=\"og:locale\" content=\"es_ES\" \/>\n<meta property=\"og:type\" content=\"article\" \/>\n<meta property=\"og:title\" content=\"Italia compr\u00f3 un retrato de Caravaggio por casi USD 35 millones - Lobos News\" \/>\n<meta property=\"og:description\" content=\"El Estado italiano ha adquirido por USD 34.920.000 (30 millones de euros) el Retrato de Monse\u00f1or Maffeo Barberini, una obra de Caravaggio que ha permanecido en manos privadas durante d\u00e9cadas y que se incorporar\u00e1 a las colecciones del Palacio Barberini en Roma. El ministro de Cultura italiano, Alessandro Giuli, anunci\u00f3 este martes la compra tras...\" \/>\n<meta property=\"og:url\" content=\"https:\/\/lobosnews.com.ar\/index.php\/2026\/03\/10\/italia-compro-un-retrato-de-caravaggio-por-casi-usd-35-millones\/\" \/>\n<meta property=\"og:site_name\" content=\"Lobos News\" \/>\n<meta property=\"article:published_time\" content=\"2026-03-10T13:13:31+00:00\" \/>\n<meta property=\"article:modified_time\" content=\"2026-03-10T14:47:16+00:00\" \/>\n<meta property=\"og:image\" content=\"https:\/\/lobosnews.com.ar\/wp-content\/uploads\/2026\/03\/italia-compro-un-retrato-de-caravaggio-por-casi-usd-35-millones.jpg\" \/>\n<meta name=\"author\" content=\"admin\" \/>\n<meta name=\"twitter:card\" content=\"summary_large_image\" \/>\n<meta name=\"twitter:label1\" content=\"Escrito por\" \/>\n\t<meta name=\"twitter:data1\" content=\"admin\" \/>\n\t<meta name=\"twitter:label2\" content=\"Tiempo de lectura\" \/>\n\t<meta name=\"twitter:data2\" content=\"2 minutos\" \/>\n<script type=\"application\/ld+json\" class=\"yoast-schema-graph\">{\"@context\":\"https:\/\/schema.org\",\"@graph\":[{\"@type\":\"Article\",\"@id\":\"https:\/\/lobosnews.com.ar\/index.php\/2026\/03\/10\/italia-compro-un-retrato-de-caravaggio-por-casi-usd-35-millones\/#article\",\"isPartOf\":{\"@id\":\"https:\/\/lobosnews.com.ar\/index.php\/2026\/03\/10\/italia-compro-un-retrato-de-caravaggio-por-casi-usd-35-millones\/\"},\"author\":{\"name\":\"admin\",\"@id\":\"https:\/\/lobosnews.com.ar\/#\/schema\/person\/232422a593d5c541dd9aef6aaed10943\"},\"headline\":\"Italia compr\u00f3 un retrato de Caravaggio por casi USD 35 millones\",\"datePublished\":\"2026-03-10T13:13:31+00:00\",\"dateModified\":\"2026-03-10T14:47:16+00:00\",\"mainEntityOfPage\":{\"@id\":\"https:\/\/lobosnews.com.ar\/index.php\/2026\/03\/10\/italia-compro-un-retrato-de-caravaggio-por-casi-usd-35-millones\/\"},\"wordCount\":332,\"commentCount\":0,\"publisher\":{\"@id\":\"https:\/\/lobosnews.com.ar\/#organization\"},\"image\":{\"@id\":\"https:\/\/lobosnews.com.ar\/index.php\/2026\/03\/10\/italia-compro-un-retrato-de-caravaggio-por-casi-usd-35-millones\/#primaryimage\"},\"thumbnailUrl\":\"https:\/\/lobosnews.com.ar\/wp-content\/uploads\/2026\/03\/italia-compro-un-retrato-de-caravaggio-por-casi-usd-35-millones-2-scaled.jpg\",\"articleSection\":[\"Actualidad\"],\"inLanguage\":\"es\",\"potentialAction\":[{\"@type\":\"CommentAction\",\"name\":\"Comment\",\"target\":[\"https:\/\/lobosnews.com.ar\/index.php\/2026\/03\/10\/italia-compro-un-retrato-de-caravaggio-por-casi-usd-35-millones\/#respond\"]}]},{\"@type\":\"WebPage\",\"@id\":\"https:\/\/lobosnews.com.ar\/index.php\/2026\/03\/10\/italia-compro-un-retrato-de-caravaggio-por-casi-usd-35-millones\/\",\"url\":\"https:\/\/lobosnews.com.ar\/index.php\/2026\/03\/10\/italia-compro-un-retrato-de-caravaggio-por-casi-usd-35-millones\/\",\"name\":\"Italia compr\u00f3 un retrato de Caravaggio por casi USD 35 millones - Lobos News\",\"isPartOf\":{\"@id\":\"https:\/\/lobosnews.com.ar\/#website\"},\"primaryImageOfPage\":{\"@id\":\"https:\/\/lobosnews.com.ar\/index.php\/2026\/03\/10\/italia-compro-un-retrato-de-caravaggio-por-casi-usd-35-millones\/#primaryimage\"},\"image\":{\"@id\":\"https:\/\/lobosnews.com.ar\/index.php\/2026\/03\/10\/italia-compro-un-retrato-de-caravaggio-por-casi-usd-35-millones\/#primaryimage\"},\"thumbnailUrl\":\"https:\/\/lobosnews.com.ar\/wp-content\/uploads\/2026\/03\/italia-compro-un-retrato-de-caravaggio-por-casi-usd-35-millones-2-scaled.jpg\",\"datePublished\":\"2026-03-10T13:13:31+00:00\",\"dateModified\":\"2026-03-10T14:47:16+00:00\",\"breadcrumb\":{\"@id\":\"https:\/\/lobosnews.com.ar\/index.php\/2026\/03\/10\/italia-compro-un-retrato-de-caravaggio-por-casi-usd-35-millones\/#breadcrumb\"},\"inLanguage\":\"es\",\"potentialAction\":[{\"@type\":\"ReadAction\",\"target\":[\"https:\/\/lobosnews.com.ar\/index.php\/2026\/03\/10\/italia-compro-un-retrato-de-caravaggio-por-casi-usd-35-millones\/\"]}]},{\"@type\":\"ImageObject\",\"inLanguage\":\"es\",\"@id\":\"https:\/\/lobosnews.com.ar\/index.php\/2026\/03\/10\/italia-compro-un-retrato-de-caravaggio-por-casi-usd-35-millones\/#primaryimage\",\"url\":\"https:\/\/lobosnews.com.ar\/wp-content\/uploads\/2026\/03\/italia-compro-un-retrato-de-caravaggio-por-casi-usd-35-millones-2-scaled.jpg\",\"contentUrl\":\"https:\/\/lobosnews.com.ar\/wp-content\/uploads\/2026\/03\/italia-compro-un-retrato-de-caravaggio-por-casi-usd-35-millones-2-scaled.jpg\",\"width\":2560,\"height\":1707,\"caption\":\"Italia compr\u00f3 un retrato de Caravaggio por casi USD 35 millones\"},{\"@type\":\"BreadcrumbList\",\"@id\":\"https:\/\/lobosnews.com.ar\/index.php\/2026\/03\/10\/italia-compro-un-retrato-de-caravaggio-por-casi-usd-35-millones\/#breadcrumb\",\"itemListElement\":[{\"@type\":\"ListItem\",\"position\":1,\"name\":\"Portada\",\"item\":\"https:\/\/lobosnews.com.ar\/\"},{\"@type\":\"ListItem\",\"position\":2,\"name\":\"Italia compr\u00f3 un retrato de Caravaggio por casi USD 35 millones\"}]},{\"@type\":\"WebSite\",\"@id\":\"https:\/\/lobosnews.com.ar\/#website\",\"url\":\"https:\/\/lobosnews.com.ar\/\",\"name\":\"Lobos News\",\"description\":\"Informaci\u00f3n a cada instante\",\"publisher\":{\"@id\":\"https:\/\/lobosnews.com.ar\/#organization\"},\"potentialAction\":[{\"@type\":\"SearchAction\",\"target\":{\"@type\":\"EntryPoint\",\"urlTemplate\":\"https:\/\/lobosnews.com.ar\/?s={search_term_string}\"},\"query-input\":{\"@type\":\"PropertyValueSpecification\",\"valueRequired\":true,\"valueName\":\"search_term_string\"}}],\"inLanguage\":\"es\"},{\"@type\":\"Organization\",\"@id\":\"https:\/\/lobosnews.com.ar\/#organization\",\"name\":\"Lobos News\",\"url\":\"https:\/\/lobosnews.com.ar\/\",\"logo\":{\"@type\":\"ImageObject\",\"inLanguage\":\"es\",\"@id\":\"https:\/\/lobosnews.com.ar\/#\/schema\/logo\/image\/\",\"url\":\"https:\/\/lobosnews.com.ar\/wp-content\/uploads\/2026\/01\/logo-lobosnews.png\",\"contentUrl\":\"https:\/\/lobosnews.com.ar\/wp-content\/uploads\/2026\/01\/logo-lobosnews.png\",\"width\":500,\"height\":200,\"caption\":\"Lobos News\"},\"image\":{\"@id\":\"https:\/\/lobosnews.com.ar\/#\/schema\/logo\/image\/\"}},{\"@type\":\"Person\",\"@id\":\"https:\/\/lobosnews.com.ar\/#\/schema\/person\/232422a593d5c541dd9aef6aaed10943\",\"name\":\"admin\",\"image\":{\"@type\":\"ImageObject\",\"inLanguage\":\"es\",\"@id\":\"https:\/\/lobosnews.com.ar\/#\/schema\/person\/image\/\",\"url\":\"https:\/\/secure.gravatar.com\/avatar\/76e419471a2083bc3ceab22a763dbbf9b0c1bd15a6214cf3280e2c2dde4580f9?s=96&d=mm&r=g\",\"contentUrl\":\"https:\/\/secure.gravatar.com\/avatar\/76e419471a2083bc3ceab22a763dbbf9b0c1bd15a6214cf3280e2c2dde4580f9?s=96&d=mm&r=g\",\"caption\":\"admin\"},\"sameAs\":[\"https:\/\/lobosnews.com.ar\"],\"url\":\"https:\/\/lobosnews.com.ar\/index.php\/author\/lobos-news\/\"}]}<\/script>\n<!-- \/ Yoast SEO plugin. -->","yoast_head_json":{"title":"Italia compr\u00f3 un retrato de Caravaggio por casi USD 35 millones - Lobos News","robots":{"index":"index","follow":"follow","max-snippet":"max-snippet:-1","max-image-preview":"max-image-preview:large","max-video-preview":"max-video-preview:-1"},"canonical":"https:\/\/lobosnews.com.ar\/index.php\/2026\/03\/10\/italia-compro-un-retrato-de-caravaggio-por-casi-usd-35-millones\/","og_locale":"es_ES","og_type":"article","og_title":"Italia compr\u00f3 un retrato de Caravaggio por casi USD 35 millones - Lobos News","og_description":"El Estado italiano ha adquirido por USD 34.920.000 (30 millones de euros) el Retrato de Monse\u00f1or Maffeo Barberini, una obra de Caravaggio que ha permanecido en manos privadas durante d\u00e9cadas y que se incorporar\u00e1 a las colecciones del Palacio Barberini en Roma. El ministro de Cultura italiano, Alessandro Giuli, anunci\u00f3 este martes la compra tras...","og_url":"https:\/\/lobosnews.com.ar\/index.php\/2026\/03\/10\/italia-compro-un-retrato-de-caravaggio-por-casi-usd-35-millones\/","og_site_name":"Lobos News","article_published_time":"2026-03-10T13:13:31+00:00","article_modified_time":"2026-03-10T14:47:16+00:00","og_image":[{"url":"https:\/\/lobosnews.com.ar\/wp-content\/uploads\/2026\/03\/italia-compro-un-retrato-de-caravaggio-por-casi-usd-35-millones.jpg","type":"","width":"","height":""}],"author":"admin","twitter_card":"summary_large_image","twitter_misc":{"Escrito por":"admin","Tiempo de lectura":"2 minutos"},"schema":{"@context":"https:\/\/schema.org","@graph":[{"@type":"Article","@id":"https:\/\/lobosnews.com.ar\/index.php\/2026\/03\/10\/italia-compro-un-retrato-de-caravaggio-por-casi-usd-35-millones\/#article","isPartOf":{"@id":"https:\/\/lobosnews.com.ar\/index.php\/2026\/03\/10\/italia-compro-un-retrato-de-caravaggio-por-casi-usd-35-millones\/"},"author":{"name":"admin","@id":"https:\/\/lobosnews.com.ar\/#\/schema\/person\/232422a593d5c541dd9aef6aaed10943"},"headline":"Italia compr\u00f3 un retrato de Caravaggio por casi USD 35 millones","datePublished":"2026-03-10T13:13:31+00:00","dateModified":"2026-03-10T14:47:16+00:00","mainEntityOfPage":{"@id":"https:\/\/lobosnews.com.ar\/index.php\/2026\/03\/10\/italia-compro-un-retrato-de-caravaggio-por-casi-usd-35-millones\/"},"wordCount":332,"commentCount":0,"publisher":{"@id":"https:\/\/lobosnews.com.ar\/#organization"},"image":{"@id":"https:\/\/lobosnews.com.ar\/index.php\/2026\/03\/10\/italia-compro-un-retrato-de-caravaggio-por-casi-usd-35-millones\/#primaryimage"},"thumbnailUrl":"https:\/\/lobosnews.com.ar\/wp-content\/uploads\/2026\/03\/italia-compro-un-retrato-de-caravaggio-por-casi-usd-35-millones-2-scaled.jpg","articleSection":["Actualidad"],"inLanguage":"es","potentialAction":[{"@type":"CommentAction","name":"Comment","target":["https:\/\/lobosnews.com.ar\/index.php\/2026\/03\/10\/italia-compro-un-retrato-de-caravaggio-por-casi-usd-35-millones\/#respond"]}]},{"@type":"WebPage","@id":"https:\/\/lobosnews.com.ar\/index.php\/2026\/03\/10\/italia-compro-un-retrato-de-caravaggio-por-casi-usd-35-millones\/","url":"https:\/\/lobosnews.com.ar\/index.php\/2026\/03\/10\/italia-compro-un-retrato-de-caravaggio-por-casi-usd-35-millones\/","name":"Italia compr\u00f3 un retrato de Caravaggio por casi USD 35 millones - Lobos News","isPartOf":{"@id":"https:\/\/lobosnews.com.ar\/#website"},"primaryImageOfPage":{"@id":"https:\/\/lobosnews.com.ar\/index.php\/2026\/03\/10\/italia-compro-un-retrato-de-caravaggio-por-casi-usd-35-millones\/#primaryimage"},"image":{"@id":"https:\/\/lobosnews.com.ar\/index.php\/2026\/03\/10\/italia-compro-un-retrato-de-caravaggio-por-casi-usd-35-millones\/#primaryimage"},"thumbnailUrl":"https:\/\/lobosnews.com.ar\/wp-content\/uploads\/2026\/03\/italia-compro-un-retrato-de-caravaggio-por-casi-usd-35-millones-2-scaled.jpg","datePublished":"2026-03-10T13:13:31+00:00","dateModified":"2026-03-10T14:47:16+00:00","breadcrumb":{"@id":"https:\/\/lobosnews.com.ar\/index.php\/2026\/03\/10\/italia-compro-un-retrato-de-caravaggio-por-casi-usd-35-millones\/#breadcrumb"},"inLanguage":"es","potentialAction":[{"@type":"ReadAction","target":["https:\/\/lobosnews.com.ar\/index.php\/2026\/03\/10\/italia-compro-un-retrato-de-caravaggio-por-casi-usd-35-millones\/"]}]},{"@type":"ImageObject","inLanguage":"es","@id":"https:\/\/lobosnews.com.ar\/index.php\/2026\/03\/10\/italia-compro-un-retrato-de-caravaggio-por-casi-usd-35-millones\/#primaryimage","url":"https:\/\/lobosnews.com.ar\/wp-content\/uploads\/2026\/03\/italia-compro-un-retrato-de-caravaggio-por-casi-usd-35-millones-2-scaled.jpg","contentUrl":"https:\/\/lobosnews.com.ar\/wp-content\/uploads\/2026\/03\/italia-compro-un-retrato-de-caravaggio-por-casi-usd-35-millones-2-scaled.jpg","width":2560,"height":1707,"caption":"Italia compr\u00f3 un retrato de Caravaggio por casi USD 35 millones"},{"@type":"BreadcrumbList","@id":"https:\/\/lobosnews.com.ar\/index.php\/2026\/03\/10\/italia-compro-un-retrato-de-caravaggio-por-casi-usd-35-millones\/#breadcrumb","itemListElement":[{"@type":"ListItem","position":1,"name":"Portada","item":"https:\/\/lobosnews.com.ar\/"},{"@type":"ListItem","position":2,"name":"Italia compr\u00f3 un retrato de Caravaggio por casi USD 35 millones"}]},{"@type":"WebSite","@id":"https:\/\/lobosnews.com.ar\/#website","url":"https:\/\/lobosnews.com.ar\/","name":"Lobos News","description":"Informaci\u00f3n a cada instante","publisher":{"@id":"https:\/\/lobosnews.com.ar\/#organization"},"potentialAction":[{"@type":"SearchAction","target":{"@type":"EntryPoint","urlTemplate":"https:\/\/lobosnews.com.ar\/?s={search_term_string}"},"query-input":{"@type":"PropertyValueSpecification","valueRequired":true,"valueName":"search_term_string"}}],"inLanguage":"es"},{"@type":"Organization","@id":"https:\/\/lobosnews.com.ar\/#organization","name":"Lobos News","url":"https:\/\/lobosnews.com.ar\/","logo":{"@type":"ImageObject","inLanguage":"es","@id":"https:\/\/lobosnews.com.ar\/#\/schema\/logo\/image\/","url":"https:\/\/lobosnews.com.ar\/wp-content\/uploads\/2026\/01\/logo-lobosnews.png","contentUrl":"https:\/\/lobosnews.com.ar\/wp-content\/uploads\/2026\/01\/logo-lobosnews.png","width":500,"height":200,"caption":"Lobos News"},"image":{"@id":"https:\/\/lobosnews.com.ar\/#\/schema\/logo\/image\/"}},{"@type":"Person","@id":"https:\/\/lobosnews.com.ar\/#\/schema\/person\/232422a593d5c541dd9aef6aaed10943","name":"admin","image":{"@type":"ImageObject","inLanguage":"es","@id":"https:\/\/lobosnews.com.ar\/#\/schema\/person\/image\/","url":"https:\/\/secure.gravatar.com\/avatar\/76e419471a2083bc3ceab22a763dbbf9b0c1bd15a6214cf3280e2c2dde4580f9?s=96&d=mm&r=g","contentUrl":"https:\/\/secure.gravatar.com\/avatar\/76e419471a2083bc3ceab22a763dbbf9b0c1bd15a6214cf3280e2c2dde4580f9?s=96&d=mm&r=g","caption":"admin"},"sameAs":["https:\/\/lobosnews.com.ar"],"url":"https:\/\/lobosnews.com.ar\/index.php\/author\/lobos-news\/"}]}},"jetpack_featured_media_url":"https:\/\/lobosnews.com.ar\/wp-content\/uploads\/2026\/03\/italia-compro-un-retrato-de-caravaggio-por-casi-usd-35-millones-2-scaled.jpg","jetpack_sharing_enabled":true,"_links":{"self":[{"href":"https:\/\/lobosnews.com.ar\/index.php\/wp-json\/wp\/v2\/posts\/31652","targetHints":{"allow":["GET"]}}],"collection":[{"href":"https:\/\/lobosnews.com.ar\/index.php\/wp-json\/wp\/v2\/posts"}],"about":[{"href":"https:\/\/lobosnews.com.ar\/index.php\/wp-json\/wp\/v2\/types\/post"}],"author":[{"embeddable":true,"href":"https:\/\/lobosnews.com.ar\/index.php\/wp-json\/wp\/v2\/users\/1"}],"replies":[{"embeddable":true,"href":"https:\/\/lobosnews.com.ar\/index.php\/wp-json\/wp\/v2\/comments?post=31652"}],"version-history":[{"count":1,"href":"https:\/\/lobosnews.com.ar\/index.php\/wp-json\/wp\/v2\/posts\/31652\/revisions"}],"predecessor-version":[{"id":31655,"href":"https:\/\/lobosnews.com.ar\/index.php\/wp-json\/wp\/v2\/posts\/31652\/revisions\/31655"}],"wp:featuredmedia":[{"embeddable":true,"href":"https:\/\/lobosnews.com.ar\/index.php\/wp-json\/wp\/v2\/media\/31656"}],"wp:attachment":[{"href":"https:\/\/lobosnews.com.ar\/index.php\/wp-json\/wp\/v2\/media?parent=31652"}],"wp:term":[{"taxonomy":"category","embeddable":true,"href":"https:\/\/lobosnews.com.ar\/index.php\/wp-json\/wp\/v2\/categories?post=31652"},{"taxonomy":"post_tag","embeddable":true,"href":"https:\/\/lobosnews.com.ar\/index.php\/wp-json\/wp\/v2\/tags?post=31652"}],"curies":[{"name":"wp","href":"https:\/\/api.w.org\/{rel}","templated":true}]}}