{"id":31625,"date":"2026-03-10T10:39:01","date_gmt":"2026-03-10T10:39:01","guid":{"rendered":"https:\/\/lobosnews.com.ar\/index.php\/2026\/03\/10\/llega-el-frio-que-dice-el-pronostico-para-el-amba\/"},"modified":"2026-03-10T12:09:18","modified_gmt":"2026-03-10T12:09:18","slug":"llega-el-frio-que-dice-el-pronostico-para-el-amba","status":"publish","type":"post","link":"https:\/\/lobosnews.com.ar\/index.php\/2026\/03\/10\/llega-el-frio-que-dice-el-pronostico-para-el-amba\/","title":{"rendered":"\u00bfLlega el fr\u00edo? Qu\u00e9 dice el pron\u00f3stico para el AMBA"},"content":{"rendered":"<p><img loading=\"lazy\" decoding=\"async\" src=\"https:\/\/lobosnews.com.ar\/wp-content\/uploads\/2026\/03\/llega-el-frio-que-dice-el-pronostico-para-el-amba.jpg\" alt=\"El SMN indici\u00f3 que hoy el d\u00eda estar\u00e1 parcialmente nublado (Freepik)\" height=\"506\" width=\"768\"\/><\/p>\n<p>El \u00c1rea Metropolitana de Buenos Aires (AMBA) comenz\u00f3 este martes con 18\u00b0C y cielo despejado, <b>en una semana que se perfila con temperaturas templadas y sin lluvias a la vista<\/b>. Seg\u00fan el pron\u00f3stico del Servicio Meteorol\u00f3gico Nacional (SMN), las m\u00e1ximas rondar\u00e1n los 25\u00b0C y 27\u00b0C en los pr\u00f3ximos d\u00edas, lo que mantiene la duda sobre si el calor se despide o si todav\u00eda quedan jornadas con clima cercano al del verano.<\/p>\n<p>Para este martes,<b> el organismo anticipa una temperatura m\u00e1xima de 25\u00b0C y una m\u00ednima de 18\u00b0C.<\/b> El cielo permanecer\u00e1 parcialmente nublado durante la ma\u00f1ana y la tarde, mientras que hacia la noche se prev\u00e9 un aumento de la nubosidad. La probabilidad de precipitaciones se mantiene en 0% durante toda la jornada.<\/p>\n<p>El pron\u00f3stico extendido del SMN indica que las temperaturas oscilar\u00e1n entre los 18\u00b0C y los 27\u00b0C a lo largo de la semana. El mi\u00e9rcoles se esperan registros entre 19\u00b0C y 25\u00b0C, con condiciones similares. El jueves y el viernes presentar\u00e1n m\u00ednimas cercanas a los 20\u00b0C y m\u00e1ximas de 26\u00b0C, mientras que el s\u00e1bado y el domingo se anticipan jornadas algo m\u00e1s c\u00e1lidas, con m\u00e1ximas de 27\u00b0C.<\/p>\n<p><img loading=\"lazy\" decoding=\"async\" src=\"https:\/\/lobosnews.com.ar\/wp-content\/uploads\/2026\/03\/llega-el-frio-que-dice-el-pronostico-para-el-amba-1.jpg\" alt=\"El pron\u00f3stico extendido del SMN para el AMBA\" height=\"672\" width=\"1920\"\/><\/p>\n<p>El organismo tambi\u00e9n se\u00f1al\u00f3 que los vientos predominantes soplar\u00e1n desde el noreste y el este, con velocidades entre 13 y 22 km\/h, sin r\u00e1fagas significativas previstas para la jornada.<\/p>\n<p>Por el momento, no se esperan fen\u00f3menos meteorol\u00f3gicos adversos en el AMBA. Sin embargo, el panorama cambia en otras regiones del pa\u00eds.<\/p>\n<p>En la provincia de Buenos Aires, por ejemplo,<b> se registran lluvias aisladas y lloviznas en la regi\u00f3n sur de la Costa Atl\u00e1ntica, desde Bah\u00eda Blanca hasta Mar del Plata. <\/b>Luego se espera nubosidad parcial en todas las localidades bonaerenses, con mayor predominio del sol hacia ma\u00f1ana.<\/p>\n<p>Reci\u00e9n para el jueves a la ma\u00f1ana est\u00e1n previstos chaparrones en Punta Indio, San Clemente del Tuy\u00fa, Santa Teresita y San Bernardo. Hacia el fin de semana se anticipa mayor presencia de nubes, aunque sin riesgos de lluvias.<\/p>\n<p><img loading=\"lazy\" decoding=\"async\" src=\"https:\/\/lobosnews.com.ar\/wp-content\/uploads\/2026\/03\/llega-el-frio-que-dice-el-pronostico-para-el-amba-2.jpg\" alt=\"Las alertas por tormentas en el pa\u00eds\" height=\"2937\" width=\"1920\"\/><\/p>\n<h2>Las alertas en el resto del pa\u00eds<\/h2>\n<p>Por otro lado, el SMN indic\u00f3 que un total de nueve provincias est\u00e1n bajo <b>alerta amarilla por tormentas. <\/b>Las \u00e1reas afectadas son el noreste de <b>Mendoza<\/b>, centro y norte de <b>San Luis<\/b>, oeste de <b>C\u00f3rdoba<\/b>, norte de <b>Santa Fe, <\/b>casi todo el territorio de <b>Santiago del Estero <\/b>y <b>Salta<\/b>, <b>Tucum\u00e1n<\/b>, sur de <b>Catamarca<\/b> y <b>Jujuy.<\/b><\/p>\n<p>Este tipo de advertencias corresponden a \u201cposibles fen\u00f3menos meteorol\u00f3gicos con capacidad de da\u00f1o y riesgo de interrupci\u00f3n moment\u00e1nea de actividades cotidianas\u201d. Y las recomendaciones del caso son las siguientes:<\/p>\n<ul>\n<li>Evit\u00e1 salir.<\/li>\n<li>No saques la basura y limpi\u00e1 desag\u00fces y sumideros.<\/li>\n<li>Desconect\u00e1 los electrodom\u00e9sticos y cort\u00e1 el suministro el\u00e9ctrico si ingresa agua.<\/li>\n<li>Cerr\u00e1 y alejate de puertas y ventanas.<\/li>\n<li>Retir\u00e1 o asegur\u00e1 objetos que puedan ser arrastrados por el viento.<\/li>\n<li>Si est\u00e1s al aire libre, busc\u00e1 refugio inmediato en un edificio, casa o veh\u00edculo cerrado.<\/li>\n<\/ul>\n<p>Desde <i>Meteored<\/i> determinaron: \u201c<b>Las precipitaciones se concentrar\u00e1n principalmente en el oeste y el norte del territorio nacional<\/b>. Las provincias cuyanas, junto con amplios sectores del noroeste argentino, podr\u00edan registrar<b>eventos recurrentes de lluvias y tormentas a lo largo de la semana<\/b>, mientras que parte del noreste argentino tambi\u00e9n podr\u00eda recibir precipitaciones de forma m\u00e1s intermitente\u00bb.<\/p>\n","protected":false},"excerpt":{"rendered":"<p>El \u00c1rea Metropolitana de Buenos Aires (AMBA) comenz\u00f3 este martes con 18\u00b0C y cielo despejado, en una semana que se perfila con temperaturas templadas y sin lluvias a la vista. Seg\u00fan el pron\u00f3stico del Servicio Meteorol\u00f3gico Nacional (SMN), las m\u00e1ximas rondar\u00e1n los 25\u00b0C y 27\u00b0C en los pr\u00f3ximos d\u00edas, lo que mantiene la duda sobre&#8230;<\/p>\n","protected":false},"author":1,"featured_media":31630,"comment_status":"open","ping_status":"closed","sticky":false,"template":"","format":"standard","meta":{"_jetpack_memberships_contains_paid_content":false,"footnotes":""},"categories":[31,30,32,77,84,35,36,37],"tags":[],"class_list":["post-31625","post","type-post","status-publish","format-standard","has-post-thumbnail","hentry","category-actualidad","category-argentina","category-economia","category-inseguridad","category-masradios-com","category-nacionales","category-seguridad","category-sociedad"],"magazineBlocksPostFeaturedMedia":{"thumbnail":"https:\/\/lobosnews.com.ar\/wp-content\/uploads\/2026\/03\/llega-el-frio-que-dice-el-pronostico-para-el-amba-4-150x150.jpg","medium":"https:\/\/lobosnews.com.ar\/wp-content\/uploads\/2026\/03\/llega-el-frio-que-dice-el-pronostico-para-el-amba-4-196x300.jpg","medium_large":"https:\/\/lobosnews.com.ar\/wp-content\/uploads\/2026\/03\/llega-el-frio-que-dice-el-pronostico-para-el-amba-4-768x1175.jpg","large":"https:\/\/lobosnews.com.ar\/wp-content\/uploads\/2026\/03\/llega-el-frio-que-dice-el-pronostico-para-el-amba-4-669x1024.jpg","1536x1536":"https:\/\/lobosnews.com.ar\/wp-content\/uploads\/2026\/03\/llega-el-frio-que-dice-el-pronostico-para-el-amba-4-1004x1536.jpg","2048x2048":"https:\/\/lobosnews.com.ar\/wp-content\/uploads\/2026\/03\/llega-el-frio-que-dice-el-pronostico-para-el-amba-4-1339x2048.jpg","newsmatic-featured":"https:\/\/lobosnews.com.ar\/wp-content\/uploads\/2026\/03\/llega-el-frio-que-dice-el-pronostico-para-el-amba-4-820x545.jpg","newsmatic-list":"https:\/\/lobosnews.com.ar\/wp-content\/uploads\/2026\/03\/llega-el-frio-que-dice-el-pronostico-para-el-amba-4-600x400.jpg","newsmatic-thumb":"https:\/\/lobosnews.com.ar\/wp-content\/uploads\/2026\/03\/llega-el-frio-que-dice-el-pronostico-para-el-amba-4-300x200.jpg","newsmatic-small":"https:\/\/lobosnews.com.ar\/wp-content\/uploads\/2026\/03\/llega-el-frio-que-dice-el-pronostico-para-el-amba-4-150x95.jpg","newsmatic-grid":"https:\/\/lobosnews.com.ar\/wp-content\/uploads\/2026\/03\/llega-el-frio-que-dice-el-pronostico-para-el-amba-4-400x250.jpg"},"magazineBlocksPostAuthor":{"name":"admin","avatar":"https:\/\/secure.gravatar.com\/avatar\/76e419471a2083bc3ceab22a763dbbf9b0c1bd15a6214cf3280e2c2dde4580f9?s=96&d=mm&r=g"},"magazineBlocksPostCommentsNumber":"0","magazineBlocksPostExcerpt":"El \u00c1rea Metropolitana de Buenos Aires (AMBA) comenz\u00f3 este martes con 18\u00b0C y cielo despejado, en una semana que se perfila con temperaturas templadas y sin lluvias a la vista. Seg\u00fan el pron\u00f3stico del Servicio Meteorol\u00f3gico Nacional (SMN), las m\u00e1ximas rondar\u00e1n los 25\u00b0C y 27\u00b0C en los pr\u00f3ximos d\u00edas, lo que mantiene la duda sobre...","magazineBlocksPostCategories":["Actualidad","Argentina","econom\u00eda","inseguridad","masradios.com","nacionales","seguridad","sociedad"],"magazineBlocksPostViewCount":108,"magazineBlocksPostReadTime":3,"magazine_blocks_featured_image_url":{"full":["https:\/\/lobosnews.com.ar\/wp-content\/uploads\/2026\/03\/llega-el-frio-que-dice-el-pronostico-para-el-amba-4-scaled.jpg",1674,2560,false],"medium":["https:\/\/lobosnews.com.ar\/wp-content\/uploads\/2026\/03\/llega-el-frio-que-dice-el-pronostico-para-el-amba-4-196x300.jpg",196,300,true],"thumbnail":["https:\/\/lobosnews.com.ar\/wp-content\/uploads\/2026\/03\/llega-el-frio-que-dice-el-pronostico-para-el-amba-4-150x150.jpg",150,150,true]},"magazine_blocks_author":{"display_name":"admin","author_link":"https:\/\/lobosnews.com.ar\/index.php\/author\/lobos-news\/"},"magazine_blocks_comment":0,"magazine_blocks_author_image":"https:\/\/secure.gravatar.com\/avatar\/76e419471a2083bc3ceab22a763dbbf9b0c1bd15a6214cf3280e2c2dde4580f9?s=96&d=mm&r=g","magazine_blocks_category":"<a href=\"#\" class=\"category-link category-link-31\">Actualidad<\/a> <a href=\"#\" class=\"category-link category-link-30\">Argentina<\/a> <a href=\"#\" class=\"category-link category-link-32\">econom\u00eda<\/a> <a href=\"#\" class=\"category-link category-link-77\">inseguridad<\/a> <a href=\"#\" class=\"category-link category-link-84\">masradios.com<\/a> <a href=\"#\" class=\"category-link category-link-35\">nacionales<\/a> <a href=\"#\" class=\"category-link category-link-36\">seguridad<\/a> <a href=\"#\" class=\"category-link category-link-37\">sociedad<\/a>","yoast_head":"<!-- This site is optimized with the Yoast SEO plugin v26.6 - https:\/\/yoast.com\/wordpress\/plugins\/seo\/ -->\n<title>\u00bfLlega el fr\u00edo? Qu\u00e9 dice el pron\u00f3stico para el AMBA - Lobos News<\/title>\n<meta name=\"robots\" content=\"index, follow, max-snippet:-1, max-image-preview:large, max-video-preview:-1\" \/>\n<link rel=\"canonical\" href=\"https:\/\/lobosnews.com.ar\/index.php\/2026\/03\/10\/llega-el-frio-que-dice-el-pronostico-para-el-amba\/\" \/>\n<meta property=\"og:locale\" content=\"es_ES\" \/>\n<meta property=\"og:type\" content=\"article\" \/>\n<meta property=\"og:title\" content=\"\u00bfLlega el fr\u00edo? Qu\u00e9 dice el pron\u00f3stico para el AMBA - Lobos News\" \/>\n<meta property=\"og:description\" content=\"El \u00c1rea Metropolitana de Buenos Aires (AMBA) comenz\u00f3 este martes con 18\u00b0C y cielo despejado, en una semana que se perfila con temperaturas templadas y sin lluvias a la vista. Seg\u00fan el pron\u00f3stico del Servicio Meteorol\u00f3gico Nacional (SMN), las m\u00e1ximas rondar\u00e1n los 25\u00b0C y 27\u00b0C en los pr\u00f3ximos d\u00edas, lo que mantiene la duda sobre...\" \/>\n<meta property=\"og:url\" content=\"https:\/\/lobosnews.com.ar\/index.php\/2026\/03\/10\/llega-el-frio-que-dice-el-pronostico-para-el-amba\/\" \/>\n<meta property=\"og:site_name\" content=\"Lobos News\" \/>\n<meta property=\"article:published_time\" content=\"2026-03-10T10:39:01+00:00\" \/>\n<meta property=\"article:modified_time\" content=\"2026-03-10T12:09:18+00:00\" \/>\n<meta property=\"og:image\" content=\"https:\/\/lobosnews.com.ar\/wp-content\/uploads\/2026\/03\/llega-el-frio-que-dice-el-pronostico-para-el-amba.jpg\" \/>\n<meta name=\"author\" content=\"admin\" \/>\n<meta name=\"twitter:card\" content=\"summary_large_image\" \/>\n<meta name=\"twitter:label1\" content=\"Escrito por\" \/>\n\t<meta name=\"twitter:data1\" content=\"admin\" \/>\n\t<meta name=\"twitter:label2\" content=\"Tiempo de lectura\" \/>\n\t<meta name=\"twitter:data2\" content=\"3 minutos\" \/>\n<script type=\"application\/ld+json\" class=\"yoast-schema-graph\">{\"@context\":\"https:\/\/schema.org\",\"@graph\":[{\"@type\":\"Article\",\"@id\":\"https:\/\/lobosnews.com.ar\/index.php\/2026\/03\/10\/llega-el-frio-que-dice-el-pronostico-para-el-amba\/#article\",\"isPartOf\":{\"@id\":\"https:\/\/lobosnews.com.ar\/index.php\/2026\/03\/10\/llega-el-frio-que-dice-el-pronostico-para-el-amba\/\"},\"author\":{\"name\":\"admin\",\"@id\":\"https:\/\/lobosnews.com.ar\/#\/schema\/person\/232422a593d5c541dd9aef6aaed10943\"},\"headline\":\"\u00bfLlega el fr\u00edo? Qu\u00e9 dice el pron\u00f3stico para el AMBA\",\"datePublished\":\"2026-03-10T10:39:01+00:00\",\"dateModified\":\"2026-03-10T12:09:18+00:00\",\"mainEntityOfPage\":{\"@id\":\"https:\/\/lobosnews.com.ar\/index.php\/2026\/03\/10\/llega-el-frio-que-dice-el-pronostico-para-el-amba\/\"},\"wordCount\":587,\"commentCount\":0,\"publisher\":{\"@id\":\"https:\/\/lobosnews.com.ar\/#organization\"},\"image\":{\"@id\":\"https:\/\/lobosnews.com.ar\/index.php\/2026\/03\/10\/llega-el-frio-que-dice-el-pronostico-para-el-amba\/#primaryimage\"},\"thumbnailUrl\":\"https:\/\/lobosnews.com.ar\/wp-content\/uploads\/2026\/03\/llega-el-frio-que-dice-el-pronostico-para-el-amba-4-scaled.jpg\",\"articleSection\":[\"Actualidad\",\"Argentina\",\"econom\u00eda\",\"inseguridad\",\"masradios.com\",\"nacionales\",\"seguridad\",\"sociedad\"],\"inLanguage\":\"es\",\"potentialAction\":[{\"@type\":\"CommentAction\",\"name\":\"Comment\",\"target\":[\"https:\/\/lobosnews.com.ar\/index.php\/2026\/03\/10\/llega-el-frio-que-dice-el-pronostico-para-el-amba\/#respond\"]}]},{\"@type\":\"WebPage\",\"@id\":\"https:\/\/lobosnews.com.ar\/index.php\/2026\/03\/10\/llega-el-frio-que-dice-el-pronostico-para-el-amba\/\",\"url\":\"https:\/\/lobosnews.com.ar\/index.php\/2026\/03\/10\/llega-el-frio-que-dice-el-pronostico-para-el-amba\/\",\"name\":\"\u00bfLlega el fr\u00edo? Qu\u00e9 dice el pron\u00f3stico para el AMBA - Lobos News\",\"isPartOf\":{\"@id\":\"https:\/\/lobosnews.com.ar\/#website\"},\"primaryImageOfPage\":{\"@id\":\"https:\/\/lobosnews.com.ar\/index.php\/2026\/03\/10\/llega-el-frio-que-dice-el-pronostico-para-el-amba\/#primaryimage\"},\"image\":{\"@id\":\"https:\/\/lobosnews.com.ar\/index.php\/2026\/03\/10\/llega-el-frio-que-dice-el-pronostico-para-el-amba\/#primaryimage\"},\"thumbnailUrl\":\"https:\/\/lobosnews.com.ar\/wp-content\/uploads\/2026\/03\/llega-el-frio-que-dice-el-pronostico-para-el-amba-4-scaled.jpg\",\"datePublished\":\"2026-03-10T10:39:01+00:00\",\"dateModified\":\"2026-03-10T12:09:18+00:00\",\"breadcrumb\":{\"@id\":\"https:\/\/lobosnews.com.ar\/index.php\/2026\/03\/10\/llega-el-frio-que-dice-el-pronostico-para-el-amba\/#breadcrumb\"},\"inLanguage\":\"es\",\"potentialAction\":[{\"@type\":\"ReadAction\",\"target\":[\"https:\/\/lobosnews.com.ar\/index.php\/2026\/03\/10\/llega-el-frio-que-dice-el-pronostico-para-el-amba\/\"]}]},{\"@type\":\"ImageObject\",\"inLanguage\":\"es\",\"@id\":\"https:\/\/lobosnews.com.ar\/index.php\/2026\/03\/10\/llega-el-frio-que-dice-el-pronostico-para-el-amba\/#primaryimage\",\"url\":\"https:\/\/lobosnews.com.ar\/wp-content\/uploads\/2026\/03\/llega-el-frio-que-dice-el-pronostico-para-el-amba-4-scaled.jpg\",\"contentUrl\":\"https:\/\/lobosnews.com.ar\/wp-content\/uploads\/2026\/03\/llega-el-frio-que-dice-el-pronostico-para-el-amba-4-scaled.jpg\",\"width\":1674,\"height\":2560,\"caption\":\"\u00bfLlega el fr\u00edo? Qu\u00e9 dice el pron\u00f3stico para el AMBA\"},{\"@type\":\"BreadcrumbList\",\"@id\":\"https:\/\/lobosnews.com.ar\/index.php\/2026\/03\/10\/llega-el-frio-que-dice-el-pronostico-para-el-amba\/#breadcrumb\",\"itemListElement\":[{\"@type\":\"ListItem\",\"position\":1,\"name\":\"Portada\",\"item\":\"https:\/\/lobosnews.com.ar\/\"},{\"@type\":\"ListItem\",\"position\":2,\"name\":\"\u00bfLlega el fr\u00edo? Qu\u00e9 dice el pron\u00f3stico para el AMBA\"}]},{\"@type\":\"WebSite\",\"@id\":\"https:\/\/lobosnews.com.ar\/#website\",\"url\":\"https:\/\/lobosnews.com.ar\/\",\"name\":\"Lobos News\",\"description\":\"Informaci\u00f3n a cada instante\",\"publisher\":{\"@id\":\"https:\/\/lobosnews.com.ar\/#organization\"},\"potentialAction\":[{\"@type\":\"SearchAction\",\"target\":{\"@type\":\"EntryPoint\",\"urlTemplate\":\"https:\/\/lobosnews.com.ar\/?s={search_term_string}\"},\"query-input\":{\"@type\":\"PropertyValueSpecification\",\"valueRequired\":true,\"valueName\":\"search_term_string\"}}],\"inLanguage\":\"es\"},{\"@type\":\"Organization\",\"@id\":\"https:\/\/lobosnews.com.ar\/#organization\",\"name\":\"Lobos News\",\"url\":\"https:\/\/lobosnews.com.ar\/\",\"logo\":{\"@type\":\"ImageObject\",\"inLanguage\":\"es\",\"@id\":\"https:\/\/lobosnews.com.ar\/#\/schema\/logo\/image\/\",\"url\":\"https:\/\/lobosnews.com.ar\/wp-content\/uploads\/2026\/01\/logo-lobosnews.png\",\"contentUrl\":\"https:\/\/lobosnews.com.ar\/wp-content\/uploads\/2026\/01\/logo-lobosnews.png\",\"width\":500,\"height\":200,\"caption\":\"Lobos News\"},\"image\":{\"@id\":\"https:\/\/lobosnews.com.ar\/#\/schema\/logo\/image\/\"}},{\"@type\":\"Person\",\"@id\":\"https:\/\/lobosnews.com.ar\/#\/schema\/person\/232422a593d5c541dd9aef6aaed10943\",\"name\":\"admin\",\"image\":{\"@type\":\"ImageObject\",\"inLanguage\":\"es\",\"@id\":\"https:\/\/lobosnews.com.ar\/#\/schema\/person\/image\/\",\"url\":\"https:\/\/secure.gravatar.com\/avatar\/76e419471a2083bc3ceab22a763dbbf9b0c1bd15a6214cf3280e2c2dde4580f9?s=96&d=mm&r=g\",\"contentUrl\":\"https:\/\/secure.gravatar.com\/avatar\/76e419471a2083bc3ceab22a763dbbf9b0c1bd15a6214cf3280e2c2dde4580f9?s=96&d=mm&r=g\",\"caption\":\"admin\"},\"sameAs\":[\"https:\/\/lobosnews.com.ar\"],\"url\":\"https:\/\/lobosnews.com.ar\/index.php\/author\/lobos-news\/\"}]}<\/script>\n<!-- \/ Yoast SEO plugin. -->","yoast_head_json":{"title":"\u00bfLlega el fr\u00edo? Qu\u00e9 dice el pron\u00f3stico para el AMBA - Lobos News","robots":{"index":"index","follow":"follow","max-snippet":"max-snippet:-1","max-image-preview":"max-image-preview:large","max-video-preview":"max-video-preview:-1"},"canonical":"https:\/\/lobosnews.com.ar\/index.php\/2026\/03\/10\/llega-el-frio-que-dice-el-pronostico-para-el-amba\/","og_locale":"es_ES","og_type":"article","og_title":"\u00bfLlega el fr\u00edo? Qu\u00e9 dice el pron\u00f3stico para el AMBA - Lobos News","og_description":"El \u00c1rea Metropolitana de Buenos Aires (AMBA) comenz\u00f3 este martes con 18\u00b0C y cielo despejado, en una semana que se perfila con temperaturas templadas y sin lluvias a la vista. Seg\u00fan el pron\u00f3stico del Servicio Meteorol\u00f3gico Nacional (SMN), las m\u00e1ximas rondar\u00e1n los 25\u00b0C y 27\u00b0C en los pr\u00f3ximos d\u00edas, lo que mantiene la duda sobre...","og_url":"https:\/\/lobosnews.com.ar\/index.php\/2026\/03\/10\/llega-el-frio-que-dice-el-pronostico-para-el-amba\/","og_site_name":"Lobos News","article_published_time":"2026-03-10T10:39:01+00:00","article_modified_time":"2026-03-10T12:09:18+00:00","og_image":[{"url":"https:\/\/lobosnews.com.ar\/wp-content\/uploads\/2026\/03\/llega-el-frio-que-dice-el-pronostico-para-el-amba.jpg","type":"","width":"","height":""}],"author":"admin","twitter_card":"summary_large_image","twitter_misc":{"Escrito por":"admin","Tiempo de lectura":"3 minutos"},"schema":{"@context":"https:\/\/schema.org","@graph":[{"@type":"Article","@id":"https:\/\/lobosnews.com.ar\/index.php\/2026\/03\/10\/llega-el-frio-que-dice-el-pronostico-para-el-amba\/#article","isPartOf":{"@id":"https:\/\/lobosnews.com.ar\/index.php\/2026\/03\/10\/llega-el-frio-que-dice-el-pronostico-para-el-amba\/"},"author":{"name":"admin","@id":"https:\/\/lobosnews.com.ar\/#\/schema\/person\/232422a593d5c541dd9aef6aaed10943"},"headline":"\u00bfLlega el fr\u00edo? Qu\u00e9 dice el pron\u00f3stico para el AMBA","datePublished":"2026-03-10T10:39:01+00:00","dateModified":"2026-03-10T12:09:18+00:00","mainEntityOfPage":{"@id":"https:\/\/lobosnews.com.ar\/index.php\/2026\/03\/10\/llega-el-frio-que-dice-el-pronostico-para-el-amba\/"},"wordCount":587,"commentCount":0,"publisher":{"@id":"https:\/\/lobosnews.com.ar\/#organization"},"image":{"@id":"https:\/\/lobosnews.com.ar\/index.php\/2026\/03\/10\/llega-el-frio-que-dice-el-pronostico-para-el-amba\/#primaryimage"},"thumbnailUrl":"https:\/\/lobosnews.com.ar\/wp-content\/uploads\/2026\/03\/llega-el-frio-que-dice-el-pronostico-para-el-amba-4-scaled.jpg","articleSection":["Actualidad","Argentina","econom\u00eda","inseguridad","masradios.com","nacionales","seguridad","sociedad"],"inLanguage":"es","potentialAction":[{"@type":"CommentAction","name":"Comment","target":["https:\/\/lobosnews.com.ar\/index.php\/2026\/03\/10\/llega-el-frio-que-dice-el-pronostico-para-el-amba\/#respond"]}]},{"@type":"WebPage","@id":"https:\/\/lobosnews.com.ar\/index.php\/2026\/03\/10\/llega-el-frio-que-dice-el-pronostico-para-el-amba\/","url":"https:\/\/lobosnews.com.ar\/index.php\/2026\/03\/10\/llega-el-frio-que-dice-el-pronostico-para-el-amba\/","name":"\u00bfLlega el fr\u00edo? Qu\u00e9 dice el pron\u00f3stico para el AMBA - Lobos News","isPartOf":{"@id":"https:\/\/lobosnews.com.ar\/#website"},"primaryImageOfPage":{"@id":"https:\/\/lobosnews.com.ar\/index.php\/2026\/03\/10\/llega-el-frio-que-dice-el-pronostico-para-el-amba\/#primaryimage"},"image":{"@id":"https:\/\/lobosnews.com.ar\/index.php\/2026\/03\/10\/llega-el-frio-que-dice-el-pronostico-para-el-amba\/#primaryimage"},"thumbnailUrl":"https:\/\/lobosnews.com.ar\/wp-content\/uploads\/2026\/03\/llega-el-frio-que-dice-el-pronostico-para-el-amba-4-scaled.jpg","datePublished":"2026-03-10T10:39:01+00:00","dateModified":"2026-03-10T12:09:18+00:00","breadcrumb":{"@id":"https:\/\/lobosnews.com.ar\/index.php\/2026\/03\/10\/llega-el-frio-que-dice-el-pronostico-para-el-amba\/#breadcrumb"},"inLanguage":"es","potentialAction":[{"@type":"ReadAction","target":["https:\/\/lobosnews.com.ar\/index.php\/2026\/03\/10\/llega-el-frio-que-dice-el-pronostico-para-el-amba\/"]}]},{"@type":"ImageObject","inLanguage":"es","@id":"https:\/\/lobosnews.com.ar\/index.php\/2026\/03\/10\/llega-el-frio-que-dice-el-pronostico-para-el-amba\/#primaryimage","url":"https:\/\/lobosnews.com.ar\/wp-content\/uploads\/2026\/03\/llega-el-frio-que-dice-el-pronostico-para-el-amba-4-scaled.jpg","contentUrl":"https:\/\/lobosnews.com.ar\/wp-content\/uploads\/2026\/03\/llega-el-frio-que-dice-el-pronostico-para-el-amba-4-scaled.jpg","width":1674,"height":2560,"caption":"\u00bfLlega el fr\u00edo? Qu\u00e9 dice el pron\u00f3stico para el AMBA"},{"@type":"BreadcrumbList","@id":"https:\/\/lobosnews.com.ar\/index.php\/2026\/03\/10\/llega-el-frio-que-dice-el-pronostico-para-el-amba\/#breadcrumb","itemListElement":[{"@type":"ListItem","position":1,"name":"Portada","item":"https:\/\/lobosnews.com.ar\/"},{"@type":"ListItem","position":2,"name":"\u00bfLlega el fr\u00edo? Qu\u00e9 dice el pron\u00f3stico para el AMBA"}]},{"@type":"WebSite","@id":"https:\/\/lobosnews.com.ar\/#website","url":"https:\/\/lobosnews.com.ar\/","name":"Lobos News","description":"Informaci\u00f3n a cada instante","publisher":{"@id":"https:\/\/lobosnews.com.ar\/#organization"},"potentialAction":[{"@type":"SearchAction","target":{"@type":"EntryPoint","urlTemplate":"https:\/\/lobosnews.com.ar\/?s={search_term_string}"},"query-input":{"@type":"PropertyValueSpecification","valueRequired":true,"valueName":"search_term_string"}}],"inLanguage":"es"},{"@type":"Organization","@id":"https:\/\/lobosnews.com.ar\/#organization","name":"Lobos News","url":"https:\/\/lobosnews.com.ar\/","logo":{"@type":"ImageObject","inLanguage":"es","@id":"https:\/\/lobosnews.com.ar\/#\/schema\/logo\/image\/","url":"https:\/\/lobosnews.com.ar\/wp-content\/uploads\/2026\/01\/logo-lobosnews.png","contentUrl":"https:\/\/lobosnews.com.ar\/wp-content\/uploads\/2026\/01\/logo-lobosnews.png","width":500,"height":200,"caption":"Lobos News"},"image":{"@id":"https:\/\/lobosnews.com.ar\/#\/schema\/logo\/image\/"}},{"@type":"Person","@id":"https:\/\/lobosnews.com.ar\/#\/schema\/person\/232422a593d5c541dd9aef6aaed10943","name":"admin","image":{"@type":"ImageObject","inLanguage":"es","@id":"https:\/\/lobosnews.com.ar\/#\/schema\/person\/image\/","url":"https:\/\/secure.gravatar.com\/avatar\/76e419471a2083bc3ceab22a763dbbf9b0c1bd15a6214cf3280e2c2dde4580f9?s=96&d=mm&r=g","contentUrl":"https:\/\/secure.gravatar.com\/avatar\/76e419471a2083bc3ceab22a763dbbf9b0c1bd15a6214cf3280e2c2dde4580f9?s=96&d=mm&r=g","caption":"admin"},"sameAs":["https:\/\/lobosnews.com.ar"],"url":"https:\/\/lobosnews.com.ar\/index.php\/author\/lobos-news\/"}]}},"jetpack_featured_media_url":"https:\/\/lobosnews.com.ar\/wp-content\/uploads\/2026\/03\/llega-el-frio-que-dice-el-pronostico-para-el-amba-4-scaled.jpg","jetpack_sharing_enabled":true,"_links":{"self":[{"href":"https:\/\/lobosnews.com.ar\/index.php\/wp-json\/wp\/v2\/posts\/31625","targetHints":{"allow":["GET"]}}],"collection":[{"href":"https:\/\/lobosnews.com.ar\/index.php\/wp-json\/wp\/v2\/posts"}],"about":[{"href":"https:\/\/lobosnews.com.ar\/index.php\/wp-json\/wp\/v2\/types\/post"}],"author":[{"embeddable":true,"href":"https:\/\/lobosnews.com.ar\/index.php\/wp-json\/wp\/v2\/users\/1"}],"replies":[{"embeddable":true,"href":"https:\/\/lobosnews.com.ar\/index.php\/wp-json\/wp\/v2\/comments?post=31625"}],"version-history":[{"count":1,"href":"https:\/\/lobosnews.com.ar\/index.php\/wp-json\/wp\/v2\/posts\/31625\/revisions"}],"predecessor-version":[{"id":31629,"href":"https:\/\/lobosnews.com.ar\/index.php\/wp-json\/wp\/v2\/posts\/31625\/revisions\/31629"}],"wp:featuredmedia":[{"embeddable":true,"href":"https:\/\/lobosnews.com.ar\/index.php\/wp-json\/wp\/v2\/media\/31630"}],"wp:attachment":[{"href":"https:\/\/lobosnews.com.ar\/index.php\/wp-json\/wp\/v2\/media?parent=31625"}],"wp:term":[{"taxonomy":"category","embeddable":true,"href":"https:\/\/lobosnews.com.ar\/index.php\/wp-json\/wp\/v2\/categories?post=31625"},{"taxonomy":"post_tag","embeddable":true,"href":"https:\/\/lobosnews.com.ar\/index.php\/wp-json\/wp\/v2\/tags?post=31625"}],"curies":[{"name":"wp","href":"https:\/\/api.w.org\/{rel}","templated":true}]}}