{"id":31615,"date":"2026-03-10T11:15:05","date_gmt":"2026-03-10T11:15:05","guid":{"rendered":"https:\/\/lobosnews.com.ar\/index.php\/2026\/03\/10\/la-justicia-revoco-el-desalojo-en-fate-y-legitimo-la-protesta-del-sindicato-por-el-cierre-de-la-fabrica\/"},"modified":"2026-03-10T12:09:03","modified_gmt":"2026-03-10T12:09:03","slug":"la-justicia-revoco-el-desalojo-en-fate-y-legitimo-la-protesta-del-sindicato-por-el-cierre-de-la-fabrica","status":"publish","type":"post","link":"https:\/\/lobosnews.com.ar\/index.php\/2026\/03\/10\/la-justicia-revoco-el-desalojo-en-fate-y-legitimo-la-protesta-del-sindicato-por-el-cierre-de-la-fabrica\/","title":{"rendered":"La Justicia revoc\u00f3 el desalojo en FATE y legitim\u00f3 la protesta del sindicato por el cierre de la f\u00e1brica"},"content":{"rendered":"<p><img loading=\"lazy\" decoding=\"async\" src=\"https:\/\/lobosnews.com.ar\/wp-content\/uploads\/2026\/03\/la-justicia-revoco-el-desalojo-en-fate-y-legitimo-la-protesta-del-sindicato-por-el-cierre-de-la-fabrica.jpg\" alt=\"Un grupo de trabajadores se sienta en la vereda frente a la planta Fate, en medio del conflicto laboral por el cierre de la f\u00e1brica (Maximiliano Luna)\" height=\"1080\" width=\"1920\"\/><\/p>\n<p>El <b>conflicto laboral<\/b> en la <b>f\u00e1brica FATE<\/b> de San Fernando, que se intensific\u00f3 tras el anuncio de cierre y el <span class=\"waslinkname\">despido de <b>920 trabajadores<\/b><\/span>, dio un giro judicial clave. La Justicia <span class=\"waslinkname\">desestim\u00f3 el pedido de desalojo del establecimiento<\/span>, que el Sindicato \u00danico de Trabajadores del Neum\u00e1tico Argentino (<b>Sutna<\/b>) ocupa desde el <b>19 de febrero <\/b>para defender los puestos de trabajo.<\/p>\n<p>As\u00ed lo defini\u00f3 la <b>Sala II de la C\u00e1mara de Apelaci\u00f3n y Garant\u00edas en lo penal de San Isidro<\/b>, al revocar el fallo de primera instancia que solicitaba la expulsi\u00f3n de los trabajadores que vienen manifest\u00e1ndose en el predio fabril. La sentencia ratific\u00f3 el <b>derecho constitucional a huelga<\/b>, legitimando la ocupaci\u00f3n como expresi\u00f3n leg\u00edtima de acci\u00f3n sindical. <\/p>\n<p>El fallo, dictado el lunes, reconoce que la disputa es de <b>\u00edndole laboral <\/b>y no penal, y suspende la expulsi\u00f3n forzosa mientras <span class=\"waslinkname\">persistan instancias de conciliaci\u00f3n y negociaci\u00f3n<\/span>, en un contexto donde el Gobierno busca restringir el derecho a huelga.<\/p>\n<p>El tribunal, integrado por los jueces <b>Juan Stepaniuc, Luis Cayuela y Leonardo Pitlevnik<\/b>, fundament\u00f3 con <b>unanimidad <\/b>que en el marco del cierre de la empresa y ante el riesgo de vaciamiento, \u201clos operarios de la empresa Fate S.A. han decidido tomar una v\u00eda de acci\u00f3n directa e ingresar a la f\u00e1brica donde trabajaban en defensa de sus puestos de trabajo. La huelga, como expresi\u00f3n m\u00e1s pura del reclamo, se encuentra reconocida como <b>derecho en el art\u00edculo 14 bis de la CN<\/b> y se trata de un medio de acci\u00f3n directa, de car\u00e1cter colectivo, destinada a preservar o conquistar derechos o intereses de los trabajadores\u201d, seg\u00fan consta en la sentencia.<\/p>\n<p><img loading=\"lazy\" decoding=\"async\" src=\"https:\/\/lobosnews.com.ar\/wp-content\/uploads\/2026\/03\/la-justicia-revoco-el-desalojo-en-fate-y-legitimo-la-protesta-del-sindicato-por-el-cierre-de-la-fabrica-1.jpg\" alt=\"La Sala II de la C\u00e1mara de Apelaci\u00f3n de San Isidro revoc\u00f3 la orden de desalojo del predio de FATE. El comunicado oficial del SUTNA\" height=\"2526\" width=\"1920\"\/><\/p>\n<p>En la resoluci\u00f3n judicial anterior, el fiscal <b>Marcelo Fuenzalida<\/b> impuls\u00f3 la orden de desalojo, al alegar que los trabajadores hab\u00edan ingresado mediante \u201cviolencia y en forma clandestina\u201d y que \u201cturbaron la pac\u00edfica e ininterrumpida posesi\u00f3n que detentaban sus propietarios\u201d. <\/p>\n<p>Frente a esa acusaci\u00f3n, el titular del <b>SUTNA<\/b>, <b>Alejandro Crespo<\/b>, apel\u00f3 e insisti\u00f3 en que la medida de ocupaci\u00f3n era una herramienta gremial ante el cierre, y no de una usurpaci\u00f3n. El tribunal de alzada valid\u00f3 la postura de la parte sindical. <\/p>\n<p>\u201cComo se dijo se trata de una causa en la que el motivo que habr\u00eda llevado a la actual situaci\u00f3n es la p\u00e9rdida de la fuente laboral de un grupo de entre 900 y 1000 empleados. M\u00e1s all\u00e1 de lo que corresponda resolver sobre el fondo y de reconocer que el conflicto importa tambi\u00e9n una posible afectaci\u00f3n al derecho de propiedad, tambi\u00e9n es cierto que <b>la afectaci\u00f3n de un derecho constitucional con relaci\u00f3n a los trabajadores<\/b>, a quienes se lanzar\u00eda del inmueble, importar\u00eda un gravamen irreparable que justifica ingresar al tratamiento del presente recurso\u201d, agrega el fallo. <\/p>\n<p>El tribunal indic\u00f3 la acci\u00f3n directa \u201cse trata de una medida derivada de su rol de representante sindical, destinada a la defensa de la fuente de trabajo, y reconoce la autoridad que, tanto a nivel provincial como nacional, intervienen en la resoluci\u00f3n del conflicto laboral\u201d. <\/p>\n<p><img loading=\"lazy\" decoding=\"async\" src=\"https:\/\/lobosnews.com.ar\/wp-content\/uploads\/2026\/03\/la-justicia-revoco-el-desalojo-en-fate-y-legitimo-la-protesta-del-sindicato-por-el-cierre-de-la-fabrica-2.jpg\" alt=\"Alejandro Crespo, secretario general del SUTNA\" height=\"960\" width=\"1440\"\/><\/p>\n<h2>Finaliza la conciliaci\u00f3n obligatoria: nueva etapa en el conflicto<\/h2>\n<p>La resoluci\u00f3n judicial llega pocos d\u00edas antes del vencimiento de la <b>conciliaci\u00f3n obligatoria <\/b>dispuesta por la <b>Secretar\u00eda de Trabajo <\/b>de la Naci\u00f3n, la cual instaba a la firma a retomar la producci\u00f3n y retrotraer la situaci\u00f3n previa al conflicto. La medida administrativa concluye este mi\u00e9rcoles, momento en que los actores involucrados deber\u00e1n definir si persisten en su postura, o si se abre una nueva etapa de negociaci\u00f3n.<\/p>\n<p>Ante la finalizaci\u00f3n del plazo, el SUTNA convoc\u00f3 para este mi\u00e9rcoles a las 11 a una <b>movilizaci\u00f3n en las puertas de la f\u00e1brica<\/b>. \u201cDefender la mano de obra argentina es defender a nuestras familias. Reincorporaci\u00f3n inmediata de todos los trabajadores a sus puestos de trabajo. Los empresarios no pueden evadir su responsabilidad. \u00a1FATE NO SE CIERRA!\u201c, instaron en un posteo en redes sociales. <\/p>\n<p><img loading=\"lazy\" decoding=\"async\" src=\"https:\/\/lobosnews.com.ar\/wp-content\/uploads\/2026\/03\/la-justicia-revoco-el-desalojo-en-fate-y-legitimo-la-protesta-del-sindicato-por-el-cierre-de-la-fabrica-3.jpg\" alt=\"Manifestantes queman neum\u00e1ticos en la entrada de la f\u00e1brica Fate en Argentina, expresando su rechazo al cierre definitivo de la hist\u00f3rica marca de neum\u00e1ticos que despedir\u00e1 a 920 empleados. (Maximiliano Luna)\" height=\"1080\" width=\"1920\"\/><\/p>\n<p>La sentencia es una primera se\u00f1al pol\u00edtica desde el \u00e1mbito judicial en un tema que le interesa al Poder Ejecutivo. El gobierno de Javier Milei incorpor\u00f3 en la reforma laboral sancionada en el Congreso <span class=\"waslinkname\">nuevas restricciones al <b>derecho de huelga<\/b> <\/span>en numerosas actividades y l\u00edmites a las medidas de acci\u00f3n directa, entre ellas, la <b>ocupaci\u00f3n de empresas<\/b> en el marco de los conflictos laborales.<\/p>\n<p>Por eso, la <b>Confederaci\u00f3n General del Trabajo (CGT) <\/b>celebr\u00f3 el fallo y renov\u00f3 su defensa del alcance constitucional de la huelga en un comunicado. Y record\u00f3 que <b>contin\u00faa gestionando <\/b>y <b>reclamando ante la Secretar\u00eda de Trabajo<\/b>, el pago de los salarios correspondientes a la \u00faltima quincena de febrero de los operarios y empleados de <b>FATE<\/b>.<\/p>\n<p>\u201cFrente al inminente vencimiento de la conciliaci\u00f3n obligatoria de este mi\u00e9rcoles, solicitamos que se tomen las medidas correspondientes en salvaguarda de sus intereses\u201d, se\u00f1al\u00f3 en las redes sociales. <\/p>\n<p><img loading=\"lazy\" decoding=\"async\" src=\"https:\/\/lobosnews.com.ar\/wp-content\/uploads\/2026\/03\/la-justicia-revoco-el-desalojo-en-fate-y-legitimo-la-protesta-del-sindicato-por-el-cierre-de-la-fabrica-4.jpg\" alt=\"La Confederaci\u00f3n General del Trabajo celebr\u00f3 ayer la suspensi\u00f3n del desalojo de FATE\" height=\"1825\" width=\"1920\"\/><\/p>\n<p>El conflicto no se agota en lo judicial. Frente al vencimiento inminente de la conciliaci\u00f3n, el <b>SUTNA<\/b> anunci\u00f3 la presentaci\u00f3n de un proyecto de ley impedir el cierre definitivo y <b>\u201casegurar la continuidad productiva de FATE, \u00fanica fabricante de neum\u00e1ticos para cami\u00f3n y colectivo del pa\u00eds\u201d<\/b>.<\/p>\n<p>De acuerdo con el sindicato, la iniciativa apunta a \u201cpreservar la producci\u00f3n de neum\u00e1ticos para cami\u00f3n y colectivo, evitando el cierre de la \u00fanica f\u00e1brica del pa\u00eds que produce estos estrat\u00e9gicos productos, en momentos de una enorme tensi\u00f3n b\u00e9lica a nivel mundial, evitando simult\u00e1neamente el desastre social que producir\u00eda la p\u00e9rdida de puestos de trabajo a mil familias, en forma directa, y a m\u00e1s del qu\u00edntuple, en forma indirecta\u201d.<\/p>\n<p><img loading=\"lazy\" decoding=\"async\" src=\"https:\/\/lobosnews.com.ar\/wp-content\/uploads\/2026\/03\/la-justicia-revoco-el-desalojo-en-fate-y-legitimo-la-protesta-del-sindicato-por-el-cierre-de-la-fabrica-5.jpg\" alt=\"Un cartel de SUTNA sobre el fin de la conciliaci\u00f3n obligatoria con FATE. Convocan a una concentraci\u00f3n este mi\u00e9rcoles en la f\u00e1brica\" height=\"2312\" width=\"1920\"\/><\/p>\n<p>La propuesta contempla la <b>\u201cocupaci\u00f3n temporal\u201d<\/b> de la planta y brinda el anteproyecto \u201ca todos los bloques de la legislatura bonaerense, as\u00ed como a cada diputado y senador para que realicen las modificaciones que estimen pertinentes, con la \u00fanica condici\u00f3n de que se mantenga el esp\u00edritu del escrito, que es preservar la producci\u00f3n de un producto estrat\u00e9gico e irremplazable\u201d.<\/p>\n<p>El sindicato sostiene que <b>FATE \u201ces la \u00fanica f\u00e1brica de neum\u00e1ticos para cami\u00f3n y colectivo en el pa\u00eds\u201d<\/b>. De acuerdo con la organizaci\u00f3n de los trabajadores, la producci\u00f3n resulta \u201cestrat\u00e9gicamente necesaria e irremplazable para el funcionamiento del transporte de bienes y personas en todo el pa\u00eds, e inclusive para realizar exportaci\u00f3n v\u00eda terrestre\u201d. El gremio remarc\u00f3 que \u201cel bienestar colectivo est\u00e1 por encima de maniobras, extorsiones o caprichos individuales\u201d.<\/p>\n<p><img loading=\"lazy\" decoding=\"async\" src=\"https:\/\/lobosnews.com.ar\/wp-content\/uploads\/2026\/03\/la-justicia-revoco-el-desalojo-en-fate-y-legitimo-la-protesta-del-sindicato-por-el-cierre-de-la-fabrica-6.jpg\" alt=\"Conflicto cierre FATE (RSFotos)\" height=\"4000\" width=\"6000\"\/><\/p>\n<p>En respuesta al cierre, el <b>SUTNA<\/b> organiz\u00f3 festivales, acampes y actividades de visibilizaci\u00f3n en los \u00faltimos d\u00edas, acompa\u00f1ados por organizaciones sociales y pol\u00edticas en la puerta de la planta, para sumar respaldo y evitar una <b>\u201ccat\u00e1strofe social\u201d <\/b>como consecuencia del cese de actividades de la planta.<\/p>\n","protected":false},"excerpt":{"rendered":"<p>El conflicto laboral en la f\u00e1brica FATE de San Fernando, que se intensific\u00f3 tras el anuncio de cierre y el despido de 920 trabajadores, dio un giro judicial clave. La Justicia desestim\u00f3 el pedido de desalojo del establecimiento, que el Sindicato \u00danico de Trabajadores del Neum\u00e1tico Argentino (Sutna) ocupa desde el 19 de febrero para&#8230;<\/p>\n","protected":false},"author":1,"featured_media":31624,"comment_status":"open","ping_status":"closed","sticky":false,"template":"","format":"standard","meta":{"_jetpack_memberships_contains_paid_content":false,"footnotes":""},"categories":[31,30,32,77,84,35,36,37],"tags":[],"class_list":["post-31615","post","type-post","status-publish","format-standard","has-post-thumbnail","hentry","category-actualidad","category-argentina","category-economia","category-inseguridad","category-masradios-com","category-nacionales","category-seguridad","category-sociedad"],"magazineBlocksPostFeaturedMedia":{"thumbnail":"https:\/\/lobosnews.com.ar\/wp-content\/uploads\/2026\/03\/la-justicia-revoco-el-desalojo-en-fate-y-legitimo-la-protesta-del-sindicato-por-el-cierre-de-la-fabrica-12-150x150.jpg","medium":"https:\/\/lobosnews.com.ar\/wp-content\/uploads\/2026\/03\/la-justicia-revoco-el-desalojo-en-fate-y-legitimo-la-protesta-del-sindicato-por-el-cierre-de-la-fabrica-12-300x200.jpg","medium_large":"https:\/\/lobosnews.com.ar\/wp-content\/uploads\/2026\/03\/la-justicia-revoco-el-desalojo-en-fate-y-legitimo-la-protesta-del-sindicato-por-el-cierre-de-la-fabrica-12-768x512.jpg","large":"https:\/\/lobosnews.com.ar\/wp-content\/uploads\/2026\/03\/la-justicia-revoco-el-desalojo-en-fate-y-legitimo-la-protesta-del-sindicato-por-el-cierre-de-la-fabrica-12-1024x683.jpg","1536x1536":"https:\/\/lobosnews.com.ar\/wp-content\/uploads\/2026\/03\/la-justicia-revoco-el-desalojo-en-fate-y-legitimo-la-protesta-del-sindicato-por-el-cierre-de-la-fabrica-12-1536x1024.jpg","2048x2048":"https:\/\/lobosnews.com.ar\/wp-content\/uploads\/2026\/03\/la-justicia-revoco-el-desalojo-en-fate-y-legitimo-la-protesta-del-sindicato-por-el-cierre-de-la-fabrica-12-2048x1365.jpg","newsmatic-featured":"https:\/\/lobosnews.com.ar\/wp-content\/uploads\/2026\/03\/la-justicia-revoco-el-desalojo-en-fate-y-legitimo-la-protesta-del-sindicato-por-el-cierre-de-la-fabrica-12-820x545.jpg","newsmatic-list":"https:\/\/lobosnews.com.ar\/wp-content\/uploads\/2026\/03\/la-justicia-revoco-el-desalojo-en-fate-y-legitimo-la-protesta-del-sindicato-por-el-cierre-de-la-fabrica-12-600x400.jpg","newsmatic-thumb":"https:\/\/lobosnews.com.ar\/wp-content\/uploads\/2026\/03\/la-justicia-revoco-el-desalojo-en-fate-y-legitimo-la-protesta-del-sindicato-por-el-cierre-de-la-fabrica-12-300x200.jpg","newsmatic-small":"https:\/\/lobosnews.com.ar\/wp-content\/uploads\/2026\/03\/la-justicia-revoco-el-desalojo-en-fate-y-legitimo-la-protesta-del-sindicato-por-el-cierre-de-la-fabrica-12-150x95.jpg","newsmatic-grid":"https:\/\/lobosnews.com.ar\/wp-content\/uploads\/2026\/03\/la-justicia-revoco-el-desalojo-en-fate-y-legitimo-la-protesta-del-sindicato-por-el-cierre-de-la-fabrica-12-400x250.jpg"},"magazineBlocksPostAuthor":{"name":"admin","avatar":"https:\/\/secure.gravatar.com\/avatar\/76e419471a2083bc3ceab22a763dbbf9b0c1bd15a6214cf3280e2c2dde4580f9?s=96&d=mm&r=g"},"magazineBlocksPostCommentsNumber":"0","magazineBlocksPostExcerpt":"El conflicto laboral en la f\u00e1brica FATE de San Fernando, que se intensific\u00f3 tras el anuncio de cierre y el despido de 920 trabajadores, dio un giro judicial clave. La Justicia desestim\u00f3 el pedido de desalojo del establecimiento, que el Sindicato \u00danico de Trabajadores del Neum\u00e1tico Argentino (Sutna) ocupa desde el 19 de febrero para...","magazineBlocksPostCategories":["Actualidad","Argentina","econom\u00eda","inseguridad","masradios.com","nacionales","seguridad","sociedad"],"magazineBlocksPostViewCount":106,"magazineBlocksPostReadTime":6,"magazine_blocks_featured_image_url":{"full":["https:\/\/lobosnews.com.ar\/wp-content\/uploads\/2026\/03\/la-justicia-revoco-el-desalojo-en-fate-y-legitimo-la-protesta-del-sindicato-por-el-cierre-de-la-fabrica-12-scaled.jpg",2560,1706,false],"medium":["https:\/\/lobosnews.com.ar\/wp-content\/uploads\/2026\/03\/la-justicia-revoco-el-desalojo-en-fate-y-legitimo-la-protesta-del-sindicato-por-el-cierre-de-la-fabrica-12-300x200.jpg",300,200,true],"thumbnail":["https:\/\/lobosnews.com.ar\/wp-content\/uploads\/2026\/03\/la-justicia-revoco-el-desalojo-en-fate-y-legitimo-la-protesta-del-sindicato-por-el-cierre-de-la-fabrica-12-150x150.jpg",150,150,true]},"magazine_blocks_author":{"display_name":"admin","author_link":"https:\/\/lobosnews.com.ar\/index.php\/author\/lobos-news\/"},"magazine_blocks_comment":0,"magazine_blocks_author_image":"https:\/\/secure.gravatar.com\/avatar\/76e419471a2083bc3ceab22a763dbbf9b0c1bd15a6214cf3280e2c2dde4580f9?s=96&d=mm&r=g","magazine_blocks_category":"<a href=\"#\" class=\"category-link category-link-31\">Actualidad<\/a> <a href=\"#\" class=\"category-link category-link-30\">Argentina<\/a> <a href=\"#\" class=\"category-link category-link-32\">econom\u00eda<\/a> <a href=\"#\" class=\"category-link category-link-77\">inseguridad<\/a> <a href=\"#\" class=\"category-link category-link-84\">masradios.com<\/a> <a href=\"#\" class=\"category-link category-link-35\">nacionales<\/a> <a href=\"#\" class=\"category-link category-link-36\">seguridad<\/a> <a href=\"#\" class=\"category-link category-link-37\">sociedad<\/a>","yoast_head":"<!-- This site is optimized with the Yoast SEO plugin v26.6 - https:\/\/yoast.com\/wordpress\/plugins\/seo\/ -->\n<title>La Justicia revoc\u00f3 el desalojo en FATE y legitim\u00f3 la protesta del sindicato por el cierre de la f\u00e1brica - Lobos News<\/title>\n<meta name=\"robots\" content=\"index, follow, max-snippet:-1, max-image-preview:large, max-video-preview:-1\" \/>\n<link rel=\"canonical\" href=\"https:\/\/lobosnews.com.ar\/index.php\/2026\/03\/10\/la-justicia-revoco-el-desalojo-en-fate-y-legitimo-la-protesta-del-sindicato-por-el-cierre-de-la-fabrica\/\" \/>\n<meta property=\"og:locale\" content=\"es_ES\" \/>\n<meta property=\"og:type\" content=\"article\" \/>\n<meta property=\"og:title\" content=\"La Justicia revoc\u00f3 el desalojo en FATE y legitim\u00f3 la protesta del sindicato por el cierre de la f\u00e1brica - Lobos News\" \/>\n<meta property=\"og:description\" content=\"El conflicto laboral en la f\u00e1brica FATE de San Fernando, que se intensific\u00f3 tras el anuncio de cierre y el despido de 920 trabajadores, dio un giro judicial clave. La Justicia desestim\u00f3 el pedido de desalojo del establecimiento, que el Sindicato \u00danico de Trabajadores del Neum\u00e1tico Argentino (Sutna) ocupa desde el 19 de febrero para...\" \/>\n<meta property=\"og:url\" content=\"https:\/\/lobosnews.com.ar\/index.php\/2026\/03\/10\/la-justicia-revoco-el-desalojo-en-fate-y-legitimo-la-protesta-del-sindicato-por-el-cierre-de-la-fabrica\/\" \/>\n<meta property=\"og:site_name\" content=\"Lobos News\" \/>\n<meta property=\"article:published_time\" content=\"2026-03-10T11:15:05+00:00\" \/>\n<meta property=\"article:modified_time\" content=\"2026-03-10T12:09:03+00:00\" \/>\n<meta property=\"og:image\" content=\"https:\/\/lobosnews.com.ar\/wp-content\/uploads\/2026\/03\/la-justicia-revoco-el-desalojo-en-fate-y-legitimo-la-protesta-del-sindicato-por-el-cierre-de-la-fabrica.jpg\" \/>\n<meta name=\"author\" content=\"admin\" \/>\n<meta name=\"twitter:card\" content=\"summary_large_image\" \/>\n<meta name=\"twitter:label1\" content=\"Escrito por\" \/>\n\t<meta name=\"twitter:data1\" content=\"admin\" \/>\n\t<meta name=\"twitter:label2\" content=\"Tiempo de lectura\" \/>\n\t<meta name=\"twitter:data2\" content=\"6 minutos\" \/>\n<script type=\"application\/ld+json\" class=\"yoast-schema-graph\">{\"@context\":\"https:\/\/schema.org\",\"@graph\":[{\"@type\":\"Article\",\"@id\":\"https:\/\/lobosnews.com.ar\/index.php\/2026\/03\/10\/la-justicia-revoco-el-desalojo-en-fate-y-legitimo-la-protesta-del-sindicato-por-el-cierre-de-la-fabrica\/#article\",\"isPartOf\":{\"@id\":\"https:\/\/lobosnews.com.ar\/index.php\/2026\/03\/10\/la-justicia-revoco-el-desalojo-en-fate-y-legitimo-la-protesta-del-sindicato-por-el-cierre-de-la-fabrica\/\"},\"author\":{\"name\":\"admin\",\"@id\":\"https:\/\/lobosnews.com.ar\/#\/schema\/person\/232422a593d5c541dd9aef6aaed10943\"},\"headline\":\"La Justicia revoc\u00f3 el desalojo en FATE y legitim\u00f3 la protesta del sindicato por el cierre de la f\u00e1brica\",\"datePublished\":\"2026-03-10T11:15:05+00:00\",\"dateModified\":\"2026-03-10T12:09:03+00:00\",\"mainEntityOfPage\":{\"@id\":\"https:\/\/lobosnews.com.ar\/index.php\/2026\/03\/10\/la-justicia-revoco-el-desalojo-en-fate-y-legitimo-la-protesta-del-sindicato-por-el-cierre-de-la-fabrica\/\"},\"wordCount\":1187,\"commentCount\":0,\"publisher\":{\"@id\":\"https:\/\/lobosnews.com.ar\/#organization\"},\"image\":{\"@id\":\"https:\/\/lobosnews.com.ar\/index.php\/2026\/03\/10\/la-justicia-revoco-el-desalojo-en-fate-y-legitimo-la-protesta-del-sindicato-por-el-cierre-de-la-fabrica\/#primaryimage\"},\"thumbnailUrl\":\"https:\/\/lobosnews.com.ar\/wp-content\/uploads\/2026\/03\/la-justicia-revoco-el-desalojo-en-fate-y-legitimo-la-protesta-del-sindicato-por-el-cierre-de-la-fabrica-12-scaled.jpg\",\"articleSection\":[\"Actualidad\",\"Argentina\",\"econom\u00eda\",\"inseguridad\",\"masradios.com\",\"nacionales\",\"seguridad\",\"sociedad\"],\"inLanguage\":\"es\",\"potentialAction\":[{\"@type\":\"CommentAction\",\"name\":\"Comment\",\"target\":[\"https:\/\/lobosnews.com.ar\/index.php\/2026\/03\/10\/la-justicia-revoco-el-desalojo-en-fate-y-legitimo-la-protesta-del-sindicato-por-el-cierre-de-la-fabrica\/#respond\"]}]},{\"@type\":\"WebPage\",\"@id\":\"https:\/\/lobosnews.com.ar\/index.php\/2026\/03\/10\/la-justicia-revoco-el-desalojo-en-fate-y-legitimo-la-protesta-del-sindicato-por-el-cierre-de-la-fabrica\/\",\"url\":\"https:\/\/lobosnews.com.ar\/index.php\/2026\/03\/10\/la-justicia-revoco-el-desalojo-en-fate-y-legitimo-la-protesta-del-sindicato-por-el-cierre-de-la-fabrica\/\",\"name\":\"La Justicia revoc\u00f3 el desalojo en FATE y legitim\u00f3 la protesta del sindicato por el cierre de la f\u00e1brica - Lobos News\",\"isPartOf\":{\"@id\":\"https:\/\/lobosnews.com.ar\/#website\"},\"primaryImageOfPage\":{\"@id\":\"https:\/\/lobosnews.com.ar\/index.php\/2026\/03\/10\/la-justicia-revoco-el-desalojo-en-fate-y-legitimo-la-protesta-del-sindicato-por-el-cierre-de-la-fabrica\/#primaryimage\"},\"image\":{\"@id\":\"https:\/\/lobosnews.com.ar\/index.php\/2026\/03\/10\/la-justicia-revoco-el-desalojo-en-fate-y-legitimo-la-protesta-del-sindicato-por-el-cierre-de-la-fabrica\/#primaryimage\"},\"thumbnailUrl\":\"https:\/\/lobosnews.com.ar\/wp-content\/uploads\/2026\/03\/la-justicia-revoco-el-desalojo-en-fate-y-legitimo-la-protesta-del-sindicato-por-el-cierre-de-la-fabrica-12-scaled.jpg\",\"datePublished\":\"2026-03-10T11:15:05+00:00\",\"dateModified\":\"2026-03-10T12:09:03+00:00\",\"breadcrumb\":{\"@id\":\"https:\/\/lobosnews.com.ar\/index.php\/2026\/03\/10\/la-justicia-revoco-el-desalojo-en-fate-y-legitimo-la-protesta-del-sindicato-por-el-cierre-de-la-fabrica\/#breadcrumb\"},\"inLanguage\":\"es\",\"potentialAction\":[{\"@type\":\"ReadAction\",\"target\":[\"https:\/\/lobosnews.com.ar\/index.php\/2026\/03\/10\/la-justicia-revoco-el-desalojo-en-fate-y-legitimo-la-protesta-del-sindicato-por-el-cierre-de-la-fabrica\/\"]}]},{\"@type\":\"ImageObject\",\"inLanguage\":\"es\",\"@id\":\"https:\/\/lobosnews.com.ar\/index.php\/2026\/03\/10\/la-justicia-revoco-el-desalojo-en-fate-y-legitimo-la-protesta-del-sindicato-por-el-cierre-de-la-fabrica\/#primaryimage\",\"url\":\"https:\/\/lobosnews.com.ar\/wp-content\/uploads\/2026\/03\/la-justicia-revoco-el-desalojo-en-fate-y-legitimo-la-protesta-del-sindicato-por-el-cierre-de-la-fabrica-12-scaled.jpg\",\"contentUrl\":\"https:\/\/lobosnews.com.ar\/wp-content\/uploads\/2026\/03\/la-justicia-revoco-el-desalojo-en-fate-y-legitimo-la-protesta-del-sindicato-por-el-cierre-de-la-fabrica-12-scaled.jpg\",\"width\":2560,\"height\":1706,\"caption\":\"La Justicia revoc\u00f3 el desalojo en FATE y legitim\u00f3 la protesta del sindicato por el cierre de la f\u00e1brica\"},{\"@type\":\"BreadcrumbList\",\"@id\":\"https:\/\/lobosnews.com.ar\/index.php\/2026\/03\/10\/la-justicia-revoco-el-desalojo-en-fate-y-legitimo-la-protesta-del-sindicato-por-el-cierre-de-la-fabrica\/#breadcrumb\",\"itemListElement\":[{\"@type\":\"ListItem\",\"position\":1,\"name\":\"Portada\",\"item\":\"https:\/\/lobosnews.com.ar\/\"},{\"@type\":\"ListItem\",\"position\":2,\"name\":\"La Justicia revoc\u00f3 el desalojo en FATE y legitim\u00f3 la protesta del sindicato por el cierre de la f\u00e1brica\"}]},{\"@type\":\"WebSite\",\"@id\":\"https:\/\/lobosnews.com.ar\/#website\",\"url\":\"https:\/\/lobosnews.com.ar\/\",\"name\":\"Lobos News\",\"description\":\"Informaci\u00f3n a cada instante\",\"publisher\":{\"@id\":\"https:\/\/lobosnews.com.ar\/#organization\"},\"potentialAction\":[{\"@type\":\"SearchAction\",\"target\":{\"@type\":\"EntryPoint\",\"urlTemplate\":\"https:\/\/lobosnews.com.ar\/?s={search_term_string}\"},\"query-input\":{\"@type\":\"PropertyValueSpecification\",\"valueRequired\":true,\"valueName\":\"search_term_string\"}}],\"inLanguage\":\"es\"},{\"@type\":\"Organization\",\"@id\":\"https:\/\/lobosnews.com.ar\/#organization\",\"name\":\"Lobos News\",\"url\":\"https:\/\/lobosnews.com.ar\/\",\"logo\":{\"@type\":\"ImageObject\",\"inLanguage\":\"es\",\"@id\":\"https:\/\/lobosnews.com.ar\/#\/schema\/logo\/image\/\",\"url\":\"https:\/\/lobosnews.com.ar\/wp-content\/uploads\/2026\/01\/logo-lobosnews.png\",\"contentUrl\":\"https:\/\/lobosnews.com.ar\/wp-content\/uploads\/2026\/01\/logo-lobosnews.png\",\"width\":500,\"height\":200,\"caption\":\"Lobos News\"},\"image\":{\"@id\":\"https:\/\/lobosnews.com.ar\/#\/schema\/logo\/image\/\"}},{\"@type\":\"Person\",\"@id\":\"https:\/\/lobosnews.com.ar\/#\/schema\/person\/232422a593d5c541dd9aef6aaed10943\",\"name\":\"admin\",\"image\":{\"@type\":\"ImageObject\",\"inLanguage\":\"es\",\"@id\":\"https:\/\/lobosnews.com.ar\/#\/schema\/person\/image\/\",\"url\":\"https:\/\/secure.gravatar.com\/avatar\/76e419471a2083bc3ceab22a763dbbf9b0c1bd15a6214cf3280e2c2dde4580f9?s=96&d=mm&r=g\",\"contentUrl\":\"https:\/\/secure.gravatar.com\/avatar\/76e419471a2083bc3ceab22a763dbbf9b0c1bd15a6214cf3280e2c2dde4580f9?s=96&d=mm&r=g\",\"caption\":\"admin\"},\"sameAs\":[\"https:\/\/lobosnews.com.ar\"],\"url\":\"https:\/\/lobosnews.com.ar\/index.php\/author\/lobos-news\/\"}]}<\/script>\n<!-- \/ Yoast SEO plugin. -->","yoast_head_json":{"title":"La Justicia revoc\u00f3 el desalojo en FATE y legitim\u00f3 la protesta del sindicato por el cierre de la f\u00e1brica - Lobos News","robots":{"index":"index","follow":"follow","max-snippet":"max-snippet:-1","max-image-preview":"max-image-preview:large","max-video-preview":"max-video-preview:-1"},"canonical":"https:\/\/lobosnews.com.ar\/index.php\/2026\/03\/10\/la-justicia-revoco-el-desalojo-en-fate-y-legitimo-la-protesta-del-sindicato-por-el-cierre-de-la-fabrica\/","og_locale":"es_ES","og_type":"article","og_title":"La Justicia revoc\u00f3 el desalojo en FATE y legitim\u00f3 la protesta del sindicato por el cierre de la f\u00e1brica - Lobos News","og_description":"El conflicto laboral en la f\u00e1brica FATE de San Fernando, que se intensific\u00f3 tras el anuncio de cierre y el despido de 920 trabajadores, dio un giro judicial clave. La Justicia desestim\u00f3 el pedido de desalojo del establecimiento, que el Sindicato \u00danico de Trabajadores del Neum\u00e1tico Argentino (Sutna) ocupa desde el 19 de febrero para...","og_url":"https:\/\/lobosnews.com.ar\/index.php\/2026\/03\/10\/la-justicia-revoco-el-desalojo-en-fate-y-legitimo-la-protesta-del-sindicato-por-el-cierre-de-la-fabrica\/","og_site_name":"Lobos News","article_published_time":"2026-03-10T11:15:05+00:00","article_modified_time":"2026-03-10T12:09:03+00:00","og_image":[{"url":"https:\/\/lobosnews.com.ar\/wp-content\/uploads\/2026\/03\/la-justicia-revoco-el-desalojo-en-fate-y-legitimo-la-protesta-del-sindicato-por-el-cierre-de-la-fabrica.jpg","type":"","width":"","height":""}],"author":"admin","twitter_card":"summary_large_image","twitter_misc":{"Escrito por":"admin","Tiempo de lectura":"6 minutos"},"schema":{"@context":"https:\/\/schema.org","@graph":[{"@type":"Article","@id":"https:\/\/lobosnews.com.ar\/index.php\/2026\/03\/10\/la-justicia-revoco-el-desalojo-en-fate-y-legitimo-la-protesta-del-sindicato-por-el-cierre-de-la-fabrica\/#article","isPartOf":{"@id":"https:\/\/lobosnews.com.ar\/index.php\/2026\/03\/10\/la-justicia-revoco-el-desalojo-en-fate-y-legitimo-la-protesta-del-sindicato-por-el-cierre-de-la-fabrica\/"},"author":{"name":"admin","@id":"https:\/\/lobosnews.com.ar\/#\/schema\/person\/232422a593d5c541dd9aef6aaed10943"},"headline":"La Justicia revoc\u00f3 el desalojo en FATE y legitim\u00f3 la protesta del sindicato por el cierre de la f\u00e1brica","datePublished":"2026-03-10T11:15:05+00:00","dateModified":"2026-03-10T12:09:03+00:00","mainEntityOfPage":{"@id":"https:\/\/lobosnews.com.ar\/index.php\/2026\/03\/10\/la-justicia-revoco-el-desalojo-en-fate-y-legitimo-la-protesta-del-sindicato-por-el-cierre-de-la-fabrica\/"},"wordCount":1187,"commentCount":0,"publisher":{"@id":"https:\/\/lobosnews.com.ar\/#organization"},"image":{"@id":"https:\/\/lobosnews.com.ar\/index.php\/2026\/03\/10\/la-justicia-revoco-el-desalojo-en-fate-y-legitimo-la-protesta-del-sindicato-por-el-cierre-de-la-fabrica\/#primaryimage"},"thumbnailUrl":"https:\/\/lobosnews.com.ar\/wp-content\/uploads\/2026\/03\/la-justicia-revoco-el-desalojo-en-fate-y-legitimo-la-protesta-del-sindicato-por-el-cierre-de-la-fabrica-12-scaled.jpg","articleSection":["Actualidad","Argentina","econom\u00eda","inseguridad","masradios.com","nacionales","seguridad","sociedad"],"inLanguage":"es","potentialAction":[{"@type":"CommentAction","name":"Comment","target":["https:\/\/lobosnews.com.ar\/index.php\/2026\/03\/10\/la-justicia-revoco-el-desalojo-en-fate-y-legitimo-la-protesta-del-sindicato-por-el-cierre-de-la-fabrica\/#respond"]}]},{"@type":"WebPage","@id":"https:\/\/lobosnews.com.ar\/index.php\/2026\/03\/10\/la-justicia-revoco-el-desalojo-en-fate-y-legitimo-la-protesta-del-sindicato-por-el-cierre-de-la-fabrica\/","url":"https:\/\/lobosnews.com.ar\/index.php\/2026\/03\/10\/la-justicia-revoco-el-desalojo-en-fate-y-legitimo-la-protesta-del-sindicato-por-el-cierre-de-la-fabrica\/","name":"La Justicia revoc\u00f3 el desalojo en FATE y legitim\u00f3 la protesta del sindicato por el cierre de la f\u00e1brica - Lobos News","isPartOf":{"@id":"https:\/\/lobosnews.com.ar\/#website"},"primaryImageOfPage":{"@id":"https:\/\/lobosnews.com.ar\/index.php\/2026\/03\/10\/la-justicia-revoco-el-desalojo-en-fate-y-legitimo-la-protesta-del-sindicato-por-el-cierre-de-la-fabrica\/#primaryimage"},"image":{"@id":"https:\/\/lobosnews.com.ar\/index.php\/2026\/03\/10\/la-justicia-revoco-el-desalojo-en-fate-y-legitimo-la-protesta-del-sindicato-por-el-cierre-de-la-fabrica\/#primaryimage"},"thumbnailUrl":"https:\/\/lobosnews.com.ar\/wp-content\/uploads\/2026\/03\/la-justicia-revoco-el-desalojo-en-fate-y-legitimo-la-protesta-del-sindicato-por-el-cierre-de-la-fabrica-12-scaled.jpg","datePublished":"2026-03-10T11:15:05+00:00","dateModified":"2026-03-10T12:09:03+00:00","breadcrumb":{"@id":"https:\/\/lobosnews.com.ar\/index.php\/2026\/03\/10\/la-justicia-revoco-el-desalojo-en-fate-y-legitimo-la-protesta-del-sindicato-por-el-cierre-de-la-fabrica\/#breadcrumb"},"inLanguage":"es","potentialAction":[{"@type":"ReadAction","target":["https:\/\/lobosnews.com.ar\/index.php\/2026\/03\/10\/la-justicia-revoco-el-desalojo-en-fate-y-legitimo-la-protesta-del-sindicato-por-el-cierre-de-la-fabrica\/"]}]},{"@type":"ImageObject","inLanguage":"es","@id":"https:\/\/lobosnews.com.ar\/index.php\/2026\/03\/10\/la-justicia-revoco-el-desalojo-en-fate-y-legitimo-la-protesta-del-sindicato-por-el-cierre-de-la-fabrica\/#primaryimage","url":"https:\/\/lobosnews.com.ar\/wp-content\/uploads\/2026\/03\/la-justicia-revoco-el-desalojo-en-fate-y-legitimo-la-protesta-del-sindicato-por-el-cierre-de-la-fabrica-12-scaled.jpg","contentUrl":"https:\/\/lobosnews.com.ar\/wp-content\/uploads\/2026\/03\/la-justicia-revoco-el-desalojo-en-fate-y-legitimo-la-protesta-del-sindicato-por-el-cierre-de-la-fabrica-12-scaled.jpg","width":2560,"height":1706,"caption":"La Justicia revoc\u00f3 el desalojo en FATE y legitim\u00f3 la protesta del sindicato por el cierre de la f\u00e1brica"},{"@type":"BreadcrumbList","@id":"https:\/\/lobosnews.com.ar\/index.php\/2026\/03\/10\/la-justicia-revoco-el-desalojo-en-fate-y-legitimo-la-protesta-del-sindicato-por-el-cierre-de-la-fabrica\/#breadcrumb","itemListElement":[{"@type":"ListItem","position":1,"name":"Portada","item":"https:\/\/lobosnews.com.ar\/"},{"@type":"ListItem","position":2,"name":"La Justicia revoc\u00f3 el desalojo en FATE y legitim\u00f3 la protesta del sindicato por el cierre de la f\u00e1brica"}]},{"@type":"WebSite","@id":"https:\/\/lobosnews.com.ar\/#website","url":"https:\/\/lobosnews.com.ar\/","name":"Lobos News","description":"Informaci\u00f3n a cada instante","publisher":{"@id":"https:\/\/lobosnews.com.ar\/#organization"},"potentialAction":[{"@type":"SearchAction","target":{"@type":"EntryPoint","urlTemplate":"https:\/\/lobosnews.com.ar\/?s={search_term_string}"},"query-input":{"@type":"PropertyValueSpecification","valueRequired":true,"valueName":"search_term_string"}}],"inLanguage":"es"},{"@type":"Organization","@id":"https:\/\/lobosnews.com.ar\/#organization","name":"Lobos News","url":"https:\/\/lobosnews.com.ar\/","logo":{"@type":"ImageObject","inLanguage":"es","@id":"https:\/\/lobosnews.com.ar\/#\/schema\/logo\/image\/","url":"https:\/\/lobosnews.com.ar\/wp-content\/uploads\/2026\/01\/logo-lobosnews.png","contentUrl":"https:\/\/lobosnews.com.ar\/wp-content\/uploads\/2026\/01\/logo-lobosnews.png","width":500,"height":200,"caption":"Lobos News"},"image":{"@id":"https:\/\/lobosnews.com.ar\/#\/schema\/logo\/image\/"}},{"@type":"Person","@id":"https:\/\/lobosnews.com.ar\/#\/schema\/person\/232422a593d5c541dd9aef6aaed10943","name":"admin","image":{"@type":"ImageObject","inLanguage":"es","@id":"https:\/\/lobosnews.com.ar\/#\/schema\/person\/image\/","url":"https:\/\/secure.gravatar.com\/avatar\/76e419471a2083bc3ceab22a763dbbf9b0c1bd15a6214cf3280e2c2dde4580f9?s=96&d=mm&r=g","contentUrl":"https:\/\/secure.gravatar.com\/avatar\/76e419471a2083bc3ceab22a763dbbf9b0c1bd15a6214cf3280e2c2dde4580f9?s=96&d=mm&r=g","caption":"admin"},"sameAs":["https:\/\/lobosnews.com.ar"],"url":"https:\/\/lobosnews.com.ar\/index.php\/author\/lobos-news\/"}]}},"jetpack_featured_media_url":"https:\/\/lobosnews.com.ar\/wp-content\/uploads\/2026\/03\/la-justicia-revoco-el-desalojo-en-fate-y-legitimo-la-protesta-del-sindicato-por-el-cierre-de-la-fabrica-12-scaled.jpg","jetpack_sharing_enabled":true,"_links":{"self":[{"href":"https:\/\/lobosnews.com.ar\/index.php\/wp-json\/wp\/v2\/posts\/31615","targetHints":{"allow":["GET"]}}],"collection":[{"href":"https:\/\/lobosnews.com.ar\/index.php\/wp-json\/wp\/v2\/posts"}],"about":[{"href":"https:\/\/lobosnews.com.ar\/index.php\/wp-json\/wp\/v2\/types\/post"}],"author":[{"embeddable":true,"href":"https:\/\/lobosnews.com.ar\/index.php\/wp-json\/wp\/v2\/users\/1"}],"replies":[{"embeddable":true,"href":"https:\/\/lobosnews.com.ar\/index.php\/wp-json\/wp\/v2\/comments?post=31615"}],"version-history":[{"count":1,"href":"https:\/\/lobosnews.com.ar\/index.php\/wp-json\/wp\/v2\/posts\/31615\/revisions"}],"predecessor-version":[{"id":31623,"href":"https:\/\/lobosnews.com.ar\/index.php\/wp-json\/wp\/v2\/posts\/31615\/revisions\/31623"}],"wp:featuredmedia":[{"embeddable":true,"href":"https:\/\/lobosnews.com.ar\/index.php\/wp-json\/wp\/v2\/media\/31624"}],"wp:attachment":[{"href":"https:\/\/lobosnews.com.ar\/index.php\/wp-json\/wp\/v2\/media?parent=31615"}],"wp:term":[{"taxonomy":"category","embeddable":true,"href":"https:\/\/lobosnews.com.ar\/index.php\/wp-json\/wp\/v2\/categories?post=31615"},{"taxonomy":"post_tag","embeddable":true,"href":"https:\/\/lobosnews.com.ar\/index.php\/wp-json\/wp\/v2\/tags?post=31615"}],"curies":[{"name":"wp","href":"https:\/\/api.w.org\/{rel}","templated":true}]}}