{"id":31609,"date":"2026-03-10T11:23:23","date_gmt":"2026-03-10T11:23:23","guid":{"rendered":"https:\/\/lobosnews.com.ar\/index.php\/2026\/03\/10\/se-incendio-una-fabrica-de-bicicletas-en-barracas-las-imagenes-del-incidente\/"},"modified":"2026-03-10T12:08:55","modified_gmt":"2026-03-10T12:08:55","slug":"se-incendio-una-fabrica-de-bicicletas-en-barracas-las-imagenes-del-incidente","status":"publish","type":"post","link":"https:\/\/lobosnews.com.ar\/index.php\/2026\/03\/10\/se-incendio-una-fabrica-de-bicicletas-en-barracas-las-imagenes-del-incidente\/","title":{"rendered":"Se incendi\u00f3 una f\u00e1brica de bicicletas en Barracas: las im\u00e1genes del incidente"},"content":{"rendered":"<p>Un <b>incendio <\/b>se produjo en las primeras horas de este martes en una f\u00e1brica de bicicletas ubicada en el barrio porte\u00f1o de <b>Barracas.<\/b> El fuego ya fue extinguido y no se registraron personas heridas.<\/p>\n<p>Seg\u00fan informaron fuentes oficiales, las llamas comenzaron en la intersecci\u00f3n de la calle <b>Herrera y la avenida Su\u00e1rez<\/b>. Se trata de un local llamado <b>\u201cMario A. Zamponi y Cia\u201d<\/b> que funciona tanto como punto de venta como f\u00e1brica de bicicletas.<\/p>\n<p>Hasta el lugar se desplaz\u00f3 personal de Bomberos de la Ciudad, quienes al arribar constataron que el fuego se desarrollaba en el contrafrente del establecimiento, en un <b>dep\u00f3sito <\/b>vinculado al local comercial.<\/p>\n<p><img fetchpriority=\"high\" decoding=\"async\" src=\"https:\/\/lobosnews.com.ar\/wp-content\/uploads\/2026\/03\/se-incendio-una-fabrica-de-bicicletas-en-barracas-las-imagenes-del-incidente.jpg\" alt=\"El fuego ya se encuentra extinguido. \" height=\"1080\" width=\"1920\"\/><\/p>\n<p>Las fuentes detallaron que el incendio afectaba inicialmente un ambiente de cinco por tres metros y unos 2,8 metros de altura, donde se almacenaban distintos elementos de bicicleter\u00eda.<\/p>\n<p>Sin embargo, el foco principal se encontraba en un patio semicubierto utilizado como dep\u00f3sito, donde hab\u00eda gran cantidad de bicicletas y repuestos, en un sector de aproximadamente cuatro por cuatro metros.<\/p>\n<p>As\u00ed, el fuego se produjo en uno de los v\u00e9rtices de un predio con forma de \u201cL\u201d, sin afectar otras dependencias. El edificio donde funciona el local tiene planta baja, donde funciona la bicicleter\u00eda, y dos pisos superiores en los que hay departamentos.<\/p>\n<p><img loading=\"lazy\" decoding=\"async\" src=\"https:\/\/lobosnews.com.ar\/wp-content\/uploads\/2026\/03\/se-incendio-una-fabrica-de-bicicletas-en-barracas-las-imagenes-del-incidente-1.jpg\" alt=\"El frente del local afectado por las llamas. \" height=\"1080\" width=\"1920\"\/><\/p>\n<p>Actualmente el fuego se encuentra extinguido y los bomberos realizaron tareas de ventilaci\u00f3n. Adem\u00e1s, no se registraron personas lesionadas ni da\u00f1os en propiedades linderas.<\/p>\n<p>El fuego se concentr\u00f3 principalmente sobre bicicletas, un grupo electr\u00f3geno y caucho de ruedas. En estos momentos, se contin\u00faa trabajando con una l\u00ednea de 38 mil\u00edmetros para realizar tareas de enfriamiento.<\/p>\n<p><img loading=\"lazy\" decoding=\"async\" src=\"https:\/\/lobosnews.com.ar\/wp-content\/uploads\/2026\/03\/se-incendio-una-fabrica-de-bicicletas-en-barracas-las-imagenes-del-incidente-2.jpg\" alt=\"Las llamas comenzaron en la intersecci\u00f3n de la calle Herrera y la avenida Su\u00e1rez.\" height=\"1080\" width=\"1920\"\/><\/p>\n<p><i>Noticia en desarrollo<\/i><\/p>\n","protected":false},"excerpt":{"rendered":"<p>Un incendio se produjo en las primeras horas de este martes en una f\u00e1brica de bicicletas ubicada en el barrio porte\u00f1o de Barracas. El fuego ya fue extinguido y no se registraron personas heridas. Seg\u00fan informaron fuentes oficiales, las llamas comenzaron en la intersecci\u00f3n de la calle Herrera y la avenida Su\u00e1rez. Se trata de&#8230;<\/p>\n","protected":false},"author":1,"featured_media":31614,"comment_status":"open","ping_status":"closed","sticky":false,"template":"","format":"standard","meta":{"_jetpack_memberships_contains_paid_content":false,"footnotes":""},"categories":[31,30,32,77,84,35,36,37],"tags":[],"class_list":["post-31609","post","type-post","status-publish","format-standard","has-post-thumbnail","hentry","category-actualidad","category-argentina","category-economia","category-inseguridad","category-masradios-com","category-nacionales","category-seguridad","category-sociedad"],"magazineBlocksPostFeaturedMedia":{"thumbnail":"https:\/\/lobosnews.com.ar\/wp-content\/uploads\/2026\/03\/se-incendio-una-fabrica-de-bicicletas-en-barracas-las-imagenes-del-incidente-4-150x150.jpg","medium":"https:\/\/lobosnews.com.ar\/wp-content\/uploads\/2026\/03\/se-incendio-una-fabrica-de-bicicletas-en-barracas-las-imagenes-del-incidente-4-300x169.jpg","medium_large":"https:\/\/lobosnews.com.ar\/wp-content\/uploads\/2026\/03\/se-incendio-una-fabrica-de-bicicletas-en-barracas-las-imagenes-del-incidente-4-768x432.jpg","large":"https:\/\/lobosnews.com.ar\/wp-content\/uploads\/2026\/03\/se-incendio-una-fabrica-de-bicicletas-en-barracas-las-imagenes-del-incidente-4-1024x576.jpg","1536x1536":"https:\/\/lobosnews.com.ar\/wp-content\/uploads\/2026\/03\/se-incendio-una-fabrica-de-bicicletas-en-barracas-las-imagenes-del-incidente-4-1536x864.jpg","2048x2048":"https:\/\/lobosnews.com.ar\/wp-content\/uploads\/2026\/03\/se-incendio-una-fabrica-de-bicicletas-en-barracas-las-imagenes-del-incidente-4.jpg","newsmatic-featured":"https:\/\/lobosnews.com.ar\/wp-content\/uploads\/2026\/03\/se-incendio-una-fabrica-de-bicicletas-en-barracas-las-imagenes-del-incidente-4-820x545.jpg","newsmatic-list":"https:\/\/lobosnews.com.ar\/wp-content\/uploads\/2026\/03\/se-incendio-una-fabrica-de-bicicletas-en-barracas-las-imagenes-del-incidente-4-600x400.jpg","newsmatic-thumb":"https:\/\/lobosnews.com.ar\/wp-content\/uploads\/2026\/03\/se-incendio-una-fabrica-de-bicicletas-en-barracas-las-imagenes-del-incidente-4-300x200.jpg","newsmatic-small":"https:\/\/lobosnews.com.ar\/wp-content\/uploads\/2026\/03\/se-incendio-una-fabrica-de-bicicletas-en-barracas-las-imagenes-del-incidente-4-150x95.jpg","newsmatic-grid":"https:\/\/lobosnews.com.ar\/wp-content\/uploads\/2026\/03\/se-incendio-una-fabrica-de-bicicletas-en-barracas-las-imagenes-del-incidente-4-400x250.jpg"},"magazineBlocksPostAuthor":{"name":"admin","avatar":"https:\/\/secure.gravatar.com\/avatar\/76e419471a2083bc3ceab22a763dbbf9b0c1bd15a6214cf3280e2c2dde4580f9?s=96&d=mm&r=g"},"magazineBlocksPostCommentsNumber":"0","magazineBlocksPostExcerpt":"Un incendio se produjo en las primeras horas de este martes en una f\u00e1brica de bicicletas ubicada en el barrio porte\u00f1o de Barracas. El fuego ya fue extinguido y no se registraron personas heridas. Seg\u00fan informaron fuentes oficiales, las llamas comenzaron en la intersecci\u00f3n de la calle Herrera y la avenida Su\u00e1rez. Se trata de...","magazineBlocksPostCategories":["Actualidad","Argentina","econom\u00eda","inseguridad","masradios.com","nacionales","seguridad","sociedad"],"magazineBlocksPostViewCount":94,"magazineBlocksPostReadTime":2,"magazine_blocks_featured_image_url":{"full":["https:\/\/lobosnews.com.ar\/wp-content\/uploads\/2026\/03\/se-incendio-una-fabrica-de-bicicletas-en-barracas-las-imagenes-del-incidente-4.jpg",1920,1080,false],"medium":["https:\/\/lobosnews.com.ar\/wp-content\/uploads\/2026\/03\/se-incendio-una-fabrica-de-bicicletas-en-barracas-las-imagenes-del-incidente-4-300x169.jpg",300,169,true],"thumbnail":["https:\/\/lobosnews.com.ar\/wp-content\/uploads\/2026\/03\/se-incendio-una-fabrica-de-bicicletas-en-barracas-las-imagenes-del-incidente-4-150x150.jpg",150,150,true]},"magazine_blocks_author":{"display_name":"admin","author_link":"https:\/\/lobosnews.com.ar\/index.php\/author\/lobos-news\/"},"magazine_blocks_comment":0,"magazine_blocks_author_image":"https:\/\/secure.gravatar.com\/avatar\/76e419471a2083bc3ceab22a763dbbf9b0c1bd15a6214cf3280e2c2dde4580f9?s=96&d=mm&r=g","magazine_blocks_category":"<a href=\"#\" class=\"category-link category-link-31\">Actualidad<\/a> <a href=\"#\" class=\"category-link category-link-30\">Argentina<\/a> <a href=\"#\" class=\"category-link category-link-32\">econom\u00eda<\/a> <a href=\"#\" class=\"category-link category-link-77\">inseguridad<\/a> <a href=\"#\" class=\"category-link category-link-84\">masradios.com<\/a> <a href=\"#\" class=\"category-link category-link-35\">nacionales<\/a> <a href=\"#\" class=\"category-link category-link-36\">seguridad<\/a> <a href=\"#\" class=\"category-link category-link-37\">sociedad<\/a>","yoast_head":"<!-- This site is optimized with the Yoast SEO plugin v26.6 - https:\/\/yoast.com\/wordpress\/plugins\/seo\/ -->\n<title>Se incendi\u00f3 una f\u00e1brica de bicicletas en Barracas: las im\u00e1genes del incidente - Lobos News<\/title>\n<meta name=\"robots\" content=\"index, follow, max-snippet:-1, max-image-preview:large, max-video-preview:-1\" \/>\n<link rel=\"canonical\" href=\"https:\/\/lobosnews.com.ar\/index.php\/2026\/03\/10\/se-incendio-una-fabrica-de-bicicletas-en-barracas-las-imagenes-del-incidente\/\" \/>\n<meta property=\"og:locale\" content=\"es_ES\" \/>\n<meta property=\"og:type\" content=\"article\" \/>\n<meta property=\"og:title\" content=\"Se incendi\u00f3 una f\u00e1brica de bicicletas en Barracas: las im\u00e1genes del incidente - Lobos News\" \/>\n<meta property=\"og:description\" content=\"Un incendio se produjo en las primeras horas de este martes en una f\u00e1brica de bicicletas ubicada en el barrio porte\u00f1o de Barracas. El fuego ya fue extinguido y no se registraron personas heridas. Seg\u00fan informaron fuentes oficiales, las llamas comenzaron en la intersecci\u00f3n de la calle Herrera y la avenida Su\u00e1rez. Se trata de...\" \/>\n<meta property=\"og:url\" content=\"https:\/\/lobosnews.com.ar\/index.php\/2026\/03\/10\/se-incendio-una-fabrica-de-bicicletas-en-barracas-las-imagenes-del-incidente\/\" \/>\n<meta property=\"og:site_name\" content=\"Lobos News\" \/>\n<meta property=\"article:published_time\" content=\"2026-03-10T11:23:23+00:00\" \/>\n<meta property=\"article:modified_time\" content=\"2026-03-10T12:08:55+00:00\" \/>\n<meta property=\"og:image\" content=\"https:\/\/lobosnews.com.ar\/wp-content\/uploads\/2026\/03\/se-incendio-una-fabrica-de-bicicletas-en-barracas-las-imagenes-del-incidente.jpg\" \/>\n<meta name=\"author\" content=\"admin\" \/>\n<meta name=\"twitter:card\" content=\"summary_large_image\" \/>\n<meta name=\"twitter:label1\" content=\"Escrito por\" \/>\n\t<meta name=\"twitter:data1\" content=\"admin\" \/>\n\t<meta name=\"twitter:label2\" content=\"Tiempo de lectura\" \/>\n\t<meta name=\"twitter:data2\" content=\"1 minuto\" \/>\n<script type=\"application\/ld+json\" class=\"yoast-schema-graph\">{\"@context\":\"https:\/\/schema.org\",\"@graph\":[{\"@type\":\"Article\",\"@id\":\"https:\/\/lobosnews.com.ar\/index.php\/2026\/03\/10\/se-incendio-una-fabrica-de-bicicletas-en-barracas-las-imagenes-del-incidente\/#article\",\"isPartOf\":{\"@id\":\"https:\/\/lobosnews.com.ar\/index.php\/2026\/03\/10\/se-incendio-una-fabrica-de-bicicletas-en-barracas-las-imagenes-del-incidente\/\"},\"author\":{\"name\":\"admin\",\"@id\":\"https:\/\/lobosnews.com.ar\/#\/schema\/person\/232422a593d5c541dd9aef6aaed10943\"},\"headline\":\"Se incendi\u00f3 una f\u00e1brica de bicicletas en Barracas: las im\u00e1genes del incidente\",\"datePublished\":\"2026-03-10T11:23:23+00:00\",\"dateModified\":\"2026-03-10T12:08:55+00:00\",\"mainEntityOfPage\":{\"@id\":\"https:\/\/lobosnews.com.ar\/index.php\/2026\/03\/10\/se-incendio-una-fabrica-de-bicicletas-en-barracas-las-imagenes-del-incidente\/\"},\"wordCount\":297,\"commentCount\":0,\"publisher\":{\"@id\":\"https:\/\/lobosnews.com.ar\/#organization\"},\"image\":{\"@id\":\"https:\/\/lobosnews.com.ar\/index.php\/2026\/03\/10\/se-incendio-una-fabrica-de-bicicletas-en-barracas-las-imagenes-del-incidente\/#primaryimage\"},\"thumbnailUrl\":\"https:\/\/lobosnews.com.ar\/wp-content\/uploads\/2026\/03\/se-incendio-una-fabrica-de-bicicletas-en-barracas-las-imagenes-del-incidente-4.jpg\",\"articleSection\":[\"Actualidad\",\"Argentina\",\"econom\u00eda\",\"inseguridad\",\"masradios.com\",\"nacionales\",\"seguridad\",\"sociedad\"],\"inLanguage\":\"es\",\"potentialAction\":[{\"@type\":\"CommentAction\",\"name\":\"Comment\",\"target\":[\"https:\/\/lobosnews.com.ar\/index.php\/2026\/03\/10\/se-incendio-una-fabrica-de-bicicletas-en-barracas-las-imagenes-del-incidente\/#respond\"]}]},{\"@type\":\"WebPage\",\"@id\":\"https:\/\/lobosnews.com.ar\/index.php\/2026\/03\/10\/se-incendio-una-fabrica-de-bicicletas-en-barracas-las-imagenes-del-incidente\/\",\"url\":\"https:\/\/lobosnews.com.ar\/index.php\/2026\/03\/10\/se-incendio-una-fabrica-de-bicicletas-en-barracas-las-imagenes-del-incidente\/\",\"name\":\"Se incendi\u00f3 una f\u00e1brica de bicicletas en Barracas: las im\u00e1genes del incidente - Lobos News\",\"isPartOf\":{\"@id\":\"https:\/\/lobosnews.com.ar\/#website\"},\"primaryImageOfPage\":{\"@id\":\"https:\/\/lobosnews.com.ar\/index.php\/2026\/03\/10\/se-incendio-una-fabrica-de-bicicletas-en-barracas-las-imagenes-del-incidente\/#primaryimage\"},\"image\":{\"@id\":\"https:\/\/lobosnews.com.ar\/index.php\/2026\/03\/10\/se-incendio-una-fabrica-de-bicicletas-en-barracas-las-imagenes-del-incidente\/#primaryimage\"},\"thumbnailUrl\":\"https:\/\/lobosnews.com.ar\/wp-content\/uploads\/2026\/03\/se-incendio-una-fabrica-de-bicicletas-en-barracas-las-imagenes-del-incidente-4.jpg\",\"datePublished\":\"2026-03-10T11:23:23+00:00\",\"dateModified\":\"2026-03-10T12:08:55+00:00\",\"breadcrumb\":{\"@id\":\"https:\/\/lobosnews.com.ar\/index.php\/2026\/03\/10\/se-incendio-una-fabrica-de-bicicletas-en-barracas-las-imagenes-del-incidente\/#breadcrumb\"},\"inLanguage\":\"es\",\"potentialAction\":[{\"@type\":\"ReadAction\",\"target\":[\"https:\/\/lobosnews.com.ar\/index.php\/2026\/03\/10\/se-incendio-una-fabrica-de-bicicletas-en-barracas-las-imagenes-del-incidente\/\"]}]},{\"@type\":\"ImageObject\",\"inLanguage\":\"es\",\"@id\":\"https:\/\/lobosnews.com.ar\/index.php\/2026\/03\/10\/se-incendio-una-fabrica-de-bicicletas-en-barracas-las-imagenes-del-incidente\/#primaryimage\",\"url\":\"https:\/\/lobosnews.com.ar\/wp-content\/uploads\/2026\/03\/se-incendio-una-fabrica-de-bicicletas-en-barracas-las-imagenes-del-incidente-4.jpg\",\"contentUrl\":\"https:\/\/lobosnews.com.ar\/wp-content\/uploads\/2026\/03\/se-incendio-una-fabrica-de-bicicletas-en-barracas-las-imagenes-del-incidente-4.jpg\",\"width\":1920,\"height\":1080,\"caption\":\"Se incendi\u00f3 una f\u00e1brica de bicicletas en Barracas: las im\u00e1genes del incidente\"},{\"@type\":\"BreadcrumbList\",\"@id\":\"https:\/\/lobosnews.com.ar\/index.php\/2026\/03\/10\/se-incendio-una-fabrica-de-bicicletas-en-barracas-las-imagenes-del-incidente\/#breadcrumb\",\"itemListElement\":[{\"@type\":\"ListItem\",\"position\":1,\"name\":\"Portada\",\"item\":\"https:\/\/lobosnews.com.ar\/\"},{\"@type\":\"ListItem\",\"position\":2,\"name\":\"Se incendi\u00f3 una f\u00e1brica de bicicletas en Barracas: las im\u00e1genes del incidente\"}]},{\"@type\":\"WebSite\",\"@id\":\"https:\/\/lobosnews.com.ar\/#website\",\"url\":\"https:\/\/lobosnews.com.ar\/\",\"name\":\"Lobos News\",\"description\":\"Informaci\u00f3n a cada instante\",\"publisher\":{\"@id\":\"https:\/\/lobosnews.com.ar\/#organization\"},\"potentialAction\":[{\"@type\":\"SearchAction\",\"target\":{\"@type\":\"EntryPoint\",\"urlTemplate\":\"https:\/\/lobosnews.com.ar\/?s={search_term_string}\"},\"query-input\":{\"@type\":\"PropertyValueSpecification\",\"valueRequired\":true,\"valueName\":\"search_term_string\"}}],\"inLanguage\":\"es\"},{\"@type\":\"Organization\",\"@id\":\"https:\/\/lobosnews.com.ar\/#organization\",\"name\":\"Lobos News\",\"url\":\"https:\/\/lobosnews.com.ar\/\",\"logo\":{\"@type\":\"ImageObject\",\"inLanguage\":\"es\",\"@id\":\"https:\/\/lobosnews.com.ar\/#\/schema\/logo\/image\/\",\"url\":\"https:\/\/lobosnews.com.ar\/wp-content\/uploads\/2026\/01\/logo-lobosnews.png\",\"contentUrl\":\"https:\/\/lobosnews.com.ar\/wp-content\/uploads\/2026\/01\/logo-lobosnews.png\",\"width\":500,\"height\":200,\"caption\":\"Lobos News\"},\"image\":{\"@id\":\"https:\/\/lobosnews.com.ar\/#\/schema\/logo\/image\/\"}},{\"@type\":\"Person\",\"@id\":\"https:\/\/lobosnews.com.ar\/#\/schema\/person\/232422a593d5c541dd9aef6aaed10943\",\"name\":\"admin\",\"image\":{\"@type\":\"ImageObject\",\"inLanguage\":\"es\",\"@id\":\"https:\/\/lobosnews.com.ar\/#\/schema\/person\/image\/\",\"url\":\"https:\/\/secure.gravatar.com\/avatar\/76e419471a2083bc3ceab22a763dbbf9b0c1bd15a6214cf3280e2c2dde4580f9?s=96&d=mm&r=g\",\"contentUrl\":\"https:\/\/secure.gravatar.com\/avatar\/76e419471a2083bc3ceab22a763dbbf9b0c1bd15a6214cf3280e2c2dde4580f9?s=96&d=mm&r=g\",\"caption\":\"admin\"},\"sameAs\":[\"https:\/\/lobosnews.com.ar\"],\"url\":\"https:\/\/lobosnews.com.ar\/index.php\/author\/lobos-news\/\"}]}<\/script>\n<!-- \/ Yoast SEO plugin. -->","yoast_head_json":{"title":"Se incendi\u00f3 una f\u00e1brica de bicicletas en Barracas: las im\u00e1genes del incidente - Lobos News","robots":{"index":"index","follow":"follow","max-snippet":"max-snippet:-1","max-image-preview":"max-image-preview:large","max-video-preview":"max-video-preview:-1"},"canonical":"https:\/\/lobosnews.com.ar\/index.php\/2026\/03\/10\/se-incendio-una-fabrica-de-bicicletas-en-barracas-las-imagenes-del-incidente\/","og_locale":"es_ES","og_type":"article","og_title":"Se incendi\u00f3 una f\u00e1brica de bicicletas en Barracas: las im\u00e1genes del incidente - Lobos News","og_description":"Un incendio se produjo en las primeras horas de este martes en una f\u00e1brica de bicicletas ubicada en el barrio porte\u00f1o de Barracas. El fuego ya fue extinguido y no se registraron personas heridas. Seg\u00fan informaron fuentes oficiales, las llamas comenzaron en la intersecci\u00f3n de la calle Herrera y la avenida Su\u00e1rez. Se trata de...","og_url":"https:\/\/lobosnews.com.ar\/index.php\/2026\/03\/10\/se-incendio-una-fabrica-de-bicicletas-en-barracas-las-imagenes-del-incidente\/","og_site_name":"Lobos News","article_published_time":"2026-03-10T11:23:23+00:00","article_modified_time":"2026-03-10T12:08:55+00:00","og_image":[{"url":"https:\/\/lobosnews.com.ar\/wp-content\/uploads\/2026\/03\/se-incendio-una-fabrica-de-bicicletas-en-barracas-las-imagenes-del-incidente.jpg","type":"","width":"","height":""}],"author":"admin","twitter_card":"summary_large_image","twitter_misc":{"Escrito por":"admin","Tiempo de lectura":"1 minuto"},"schema":{"@context":"https:\/\/schema.org","@graph":[{"@type":"Article","@id":"https:\/\/lobosnews.com.ar\/index.php\/2026\/03\/10\/se-incendio-una-fabrica-de-bicicletas-en-barracas-las-imagenes-del-incidente\/#article","isPartOf":{"@id":"https:\/\/lobosnews.com.ar\/index.php\/2026\/03\/10\/se-incendio-una-fabrica-de-bicicletas-en-barracas-las-imagenes-del-incidente\/"},"author":{"name":"admin","@id":"https:\/\/lobosnews.com.ar\/#\/schema\/person\/232422a593d5c541dd9aef6aaed10943"},"headline":"Se incendi\u00f3 una f\u00e1brica de bicicletas en Barracas: las im\u00e1genes del incidente","datePublished":"2026-03-10T11:23:23+00:00","dateModified":"2026-03-10T12:08:55+00:00","mainEntityOfPage":{"@id":"https:\/\/lobosnews.com.ar\/index.php\/2026\/03\/10\/se-incendio-una-fabrica-de-bicicletas-en-barracas-las-imagenes-del-incidente\/"},"wordCount":297,"commentCount":0,"publisher":{"@id":"https:\/\/lobosnews.com.ar\/#organization"},"image":{"@id":"https:\/\/lobosnews.com.ar\/index.php\/2026\/03\/10\/se-incendio-una-fabrica-de-bicicletas-en-barracas-las-imagenes-del-incidente\/#primaryimage"},"thumbnailUrl":"https:\/\/lobosnews.com.ar\/wp-content\/uploads\/2026\/03\/se-incendio-una-fabrica-de-bicicletas-en-barracas-las-imagenes-del-incidente-4.jpg","articleSection":["Actualidad","Argentina","econom\u00eda","inseguridad","masradios.com","nacionales","seguridad","sociedad"],"inLanguage":"es","potentialAction":[{"@type":"CommentAction","name":"Comment","target":["https:\/\/lobosnews.com.ar\/index.php\/2026\/03\/10\/se-incendio-una-fabrica-de-bicicletas-en-barracas-las-imagenes-del-incidente\/#respond"]}]},{"@type":"WebPage","@id":"https:\/\/lobosnews.com.ar\/index.php\/2026\/03\/10\/se-incendio-una-fabrica-de-bicicletas-en-barracas-las-imagenes-del-incidente\/","url":"https:\/\/lobosnews.com.ar\/index.php\/2026\/03\/10\/se-incendio-una-fabrica-de-bicicletas-en-barracas-las-imagenes-del-incidente\/","name":"Se incendi\u00f3 una f\u00e1brica de bicicletas en Barracas: las im\u00e1genes del incidente - Lobos News","isPartOf":{"@id":"https:\/\/lobosnews.com.ar\/#website"},"primaryImageOfPage":{"@id":"https:\/\/lobosnews.com.ar\/index.php\/2026\/03\/10\/se-incendio-una-fabrica-de-bicicletas-en-barracas-las-imagenes-del-incidente\/#primaryimage"},"image":{"@id":"https:\/\/lobosnews.com.ar\/index.php\/2026\/03\/10\/se-incendio-una-fabrica-de-bicicletas-en-barracas-las-imagenes-del-incidente\/#primaryimage"},"thumbnailUrl":"https:\/\/lobosnews.com.ar\/wp-content\/uploads\/2026\/03\/se-incendio-una-fabrica-de-bicicletas-en-barracas-las-imagenes-del-incidente-4.jpg","datePublished":"2026-03-10T11:23:23+00:00","dateModified":"2026-03-10T12:08:55+00:00","breadcrumb":{"@id":"https:\/\/lobosnews.com.ar\/index.php\/2026\/03\/10\/se-incendio-una-fabrica-de-bicicletas-en-barracas-las-imagenes-del-incidente\/#breadcrumb"},"inLanguage":"es","potentialAction":[{"@type":"ReadAction","target":["https:\/\/lobosnews.com.ar\/index.php\/2026\/03\/10\/se-incendio-una-fabrica-de-bicicletas-en-barracas-las-imagenes-del-incidente\/"]}]},{"@type":"ImageObject","inLanguage":"es","@id":"https:\/\/lobosnews.com.ar\/index.php\/2026\/03\/10\/se-incendio-una-fabrica-de-bicicletas-en-barracas-las-imagenes-del-incidente\/#primaryimage","url":"https:\/\/lobosnews.com.ar\/wp-content\/uploads\/2026\/03\/se-incendio-una-fabrica-de-bicicletas-en-barracas-las-imagenes-del-incidente-4.jpg","contentUrl":"https:\/\/lobosnews.com.ar\/wp-content\/uploads\/2026\/03\/se-incendio-una-fabrica-de-bicicletas-en-barracas-las-imagenes-del-incidente-4.jpg","width":1920,"height":1080,"caption":"Se incendi\u00f3 una f\u00e1brica de bicicletas en Barracas: las im\u00e1genes del incidente"},{"@type":"BreadcrumbList","@id":"https:\/\/lobosnews.com.ar\/index.php\/2026\/03\/10\/se-incendio-una-fabrica-de-bicicletas-en-barracas-las-imagenes-del-incidente\/#breadcrumb","itemListElement":[{"@type":"ListItem","position":1,"name":"Portada","item":"https:\/\/lobosnews.com.ar\/"},{"@type":"ListItem","position":2,"name":"Se incendi\u00f3 una f\u00e1brica de bicicletas en Barracas: las im\u00e1genes del incidente"}]},{"@type":"WebSite","@id":"https:\/\/lobosnews.com.ar\/#website","url":"https:\/\/lobosnews.com.ar\/","name":"Lobos News","description":"Informaci\u00f3n a cada instante","publisher":{"@id":"https:\/\/lobosnews.com.ar\/#organization"},"potentialAction":[{"@type":"SearchAction","target":{"@type":"EntryPoint","urlTemplate":"https:\/\/lobosnews.com.ar\/?s={search_term_string}"},"query-input":{"@type":"PropertyValueSpecification","valueRequired":true,"valueName":"search_term_string"}}],"inLanguage":"es"},{"@type":"Organization","@id":"https:\/\/lobosnews.com.ar\/#organization","name":"Lobos News","url":"https:\/\/lobosnews.com.ar\/","logo":{"@type":"ImageObject","inLanguage":"es","@id":"https:\/\/lobosnews.com.ar\/#\/schema\/logo\/image\/","url":"https:\/\/lobosnews.com.ar\/wp-content\/uploads\/2026\/01\/logo-lobosnews.png","contentUrl":"https:\/\/lobosnews.com.ar\/wp-content\/uploads\/2026\/01\/logo-lobosnews.png","width":500,"height":200,"caption":"Lobos News"},"image":{"@id":"https:\/\/lobosnews.com.ar\/#\/schema\/logo\/image\/"}},{"@type":"Person","@id":"https:\/\/lobosnews.com.ar\/#\/schema\/person\/232422a593d5c541dd9aef6aaed10943","name":"admin","image":{"@type":"ImageObject","inLanguage":"es","@id":"https:\/\/lobosnews.com.ar\/#\/schema\/person\/image\/","url":"https:\/\/secure.gravatar.com\/avatar\/76e419471a2083bc3ceab22a763dbbf9b0c1bd15a6214cf3280e2c2dde4580f9?s=96&d=mm&r=g","contentUrl":"https:\/\/secure.gravatar.com\/avatar\/76e419471a2083bc3ceab22a763dbbf9b0c1bd15a6214cf3280e2c2dde4580f9?s=96&d=mm&r=g","caption":"admin"},"sameAs":["https:\/\/lobosnews.com.ar"],"url":"https:\/\/lobosnews.com.ar\/index.php\/author\/lobos-news\/"}]}},"jetpack_featured_media_url":"https:\/\/lobosnews.com.ar\/wp-content\/uploads\/2026\/03\/se-incendio-una-fabrica-de-bicicletas-en-barracas-las-imagenes-del-incidente-4.jpg","jetpack_sharing_enabled":true,"_links":{"self":[{"href":"https:\/\/lobosnews.com.ar\/index.php\/wp-json\/wp\/v2\/posts\/31609","targetHints":{"allow":["GET"]}}],"collection":[{"href":"https:\/\/lobosnews.com.ar\/index.php\/wp-json\/wp\/v2\/posts"}],"about":[{"href":"https:\/\/lobosnews.com.ar\/index.php\/wp-json\/wp\/v2\/types\/post"}],"author":[{"embeddable":true,"href":"https:\/\/lobosnews.com.ar\/index.php\/wp-json\/wp\/v2\/users\/1"}],"replies":[{"embeddable":true,"href":"https:\/\/lobosnews.com.ar\/index.php\/wp-json\/wp\/v2\/comments?post=31609"}],"version-history":[{"count":1,"href":"https:\/\/lobosnews.com.ar\/index.php\/wp-json\/wp\/v2\/posts\/31609\/revisions"}],"predecessor-version":[{"id":31613,"href":"https:\/\/lobosnews.com.ar\/index.php\/wp-json\/wp\/v2\/posts\/31609\/revisions\/31613"}],"wp:featuredmedia":[{"embeddable":true,"href":"https:\/\/lobosnews.com.ar\/index.php\/wp-json\/wp\/v2\/media\/31614"}],"wp:attachment":[{"href":"https:\/\/lobosnews.com.ar\/index.php\/wp-json\/wp\/v2\/media?parent=31609"}],"wp:term":[{"taxonomy":"category","embeddable":true,"href":"https:\/\/lobosnews.com.ar\/index.php\/wp-json\/wp\/v2\/categories?post=31609"},{"taxonomy":"post_tag","embeddable":true,"href":"https:\/\/lobosnews.com.ar\/index.php\/wp-json\/wp\/v2\/tags?post=31609"}],"curies":[{"name":"wp","href":"https:\/\/api.w.org\/{rel}","templated":true}]}}