{"id":31553,"date":"2026-03-10T05:54:43","date_gmt":"2026-03-10T05:54:43","guid":{"rendered":"https:\/\/lobosnews.com.ar\/index.php\/2026\/03\/10\/israel-afirmo-que-abatio-a-mas-de-1-900-soldados-y-comenadantes-del-regimen-irani-desde-el-inicio-de-la-guerra\/"},"modified":"2026-03-10T08:45:34","modified_gmt":"2026-03-10T08:45:34","slug":"israel-afirmo-que-abatio-a-mas-de-1-900-soldados-y-comenadantes-del-regimen-irani-desde-el-inicio-de-la-guerra","status":"publish","type":"post","link":"https:\/\/lobosnews.com.ar\/index.php\/2026\/03\/10\/israel-afirmo-que-abatio-a-mas-de-1-900-soldados-y-comenadantes-del-regimen-irani-desde-el-inicio-de-la-guerra\/","title":{"rendered":"Israel afirm\u00f3 que abati\u00f3 a m\u00e1s de 1.900 soldados y comenadantes del r\u00e9gimen iran\u00ed desde el inicio de la guerra"},"content":{"rendered":"<p><img loading=\"lazy\" decoding=\"async\" src=\"https:\/\/lobosnews.com.ar\/wp-content\/uploads\/2026\/03\/israel-afirmo-que-abatio-a-mas-de-1-900-soldados-y-comenadantes-del-regimen-irani-desde-el-inicio-de-la-guerra.jpg\" alt=\"Israel afirm\u00f3 que abati\u00f3 a m\u00e1s de 1.900 soldados y comenadantes del r\u00e9gimen iran\u00ed desde el inicio de la guerra (REUTERS)\" height=\"2849\" width=\"4295\"\/><\/p>\n<p>El portavoz del<b> Ej\u00e9rcito de Israel<\/b>, Effie Defrin, afirm\u00f3 el lunes que la fuerza a\u00e9rea israel\u00ed mat\u00f3 a m\u00e1s de 1.900 soldados y comandantes del r\u00e9gimen iran\u00ed desde el inicio de la guerra entre ambos pa\u00edses, que ya supera una semana de enfrentamientos. El vocero tambi\u00e9n inform\u00f3 que Israel complet\u00f3 ataques contra seis aer\u00f3dromos militares en Ir\u00e1n y sostuvo que la ofensiva a\u00e9rea continuar\u00e1.<\/p>\n<p>Durante una comparecencia, Defrin describi\u00f3 el alcance de las operaciones militares israel\u00edes contra objetivos iran\u00edes desde el inicio del conflicto. <b>\u201cEn los \u00faltimos d\u00edas, hemos atacado al r\u00e9gimen terrorista iran\u00ed. Hemos matado a m\u00e1s de 1.900 soldados y comandantes iran\u00edes. Tenemos muchos m\u00e1s objetivos, es un esfuerzo continuo y estamos profundizando los golpes a todos los niveles del r\u00e9gimen\u201d<\/b>, indic\u00f3.<\/p>\n<p>El portavoz sostuvo que la fuerza a\u00e9rea israel\u00ed contin\u00faa con operaciones contra objetivos militares en Ir\u00e1n. En ese marco, se\u00f1al\u00f3 que Israel tambi\u00e9n ejecut\u00f3 ataques contra instalaciones a\u00e9reas iran\u00edes. <b>\u201cSe han completado una serie de ataques contra seis aer\u00f3dromos militares\u201d<\/b>, indic\u00f3.<\/p>\n<p>Defrin afirm\u00f3 adem\u00e1s que la fuerza a\u00e9rea israel\u00ed mantiene la ofensiva en el espacio a\u00e9reo iran\u00ed. <b>\u201cLa fuerza a\u00e9rea contin\u00faa profundizando su superioridad a\u00e9rea sobre los cielos iran\u00edes\u201d<\/b>, agreg\u00f3.<\/p>\n<p>El vocero militar tambi\u00e9n se refiri\u00f3 al impacto de estos ataques en las capacidades militares de Ir\u00e1n y de los grupos aliados del pa\u00eds en la regi\u00f3n. Seg\u00fan explic\u00f3, los bombardeos afectan estructuras vinculadas al armamento del r\u00e9gimen iran\u00ed y de sus aliados en Oriente Pr\u00f3ximo.<\/p>\n<p><img loading=\"lazy\" decoding=\"async\" src=\"https:\/\/lobosnews.com.ar\/wp-content\/uploads\/2026\/03\/israel-afirmo-que-abatio-a-mas-de-1-900-soldados-y-comenadantes-del-regimen-irani-desde-el-inicio-de-la-guerra-1.jpg\" alt=\"El portavoz del Ej\u00e9rcito de Israel, Effie Defrin\" height=\"612\" width=\"1063\"\/><\/p>\n<p><b>\u201cEstos ataques da\u00f1an las capacidades de armamento no solo del r\u00e9gimen (iran\u00ed) sino tambi\u00e9n de los representantes terroristas en todo Oriente Pr\u00f3ximo\u201d<\/b>, afirm\u00f3.<\/p>\n<p>Defrin tambi\u00e9n advirti\u00f3 que la amenaza contra Israel contin\u00faa pese a las operaciones militares en curso. El portavoz subray\u00f3 que los sistemas de defensa del pa\u00eds siguen activos ante posibles ataques.<\/p>\n<p><b>\u201cQuiero reiterar que la amenaza a\u00fan existe. Nuestro sistema de defensa es el mejor del mundo, pero la defensa no es herm\u00e9tica\u201d<\/b>, indic\u00f3.<\/p>\n<p>El mismo lunes, un misil iran\u00ed impact\u00f3 en una zona central de Israel y dej\u00f3 un muerto y dos heridos cr\u00edticos. El ataque represent\u00f3 la primera v\u00edctima mortal en territorio israel\u00ed desde el 1 de marzo, d\u00eda en el que murieron nueve personas.<\/p>\n<p>Durante la comparecencia, Defrin tambi\u00e9n respondi\u00f3 a preguntas sobre el nombramiento de <b>Mojtaba Khamene\u00ed<\/b>, hijo del fallecido ayatol\u00e1 Ali Khamenei, como nuevo l\u00edder supremo de Ir\u00e1n. El portavoz evit\u00f3 realizar comentarios sobre la pol\u00edtica interna iran\u00ed y centr\u00f3 su respuesta en la postura militar de Israel frente a posibles amenazas contra su territorio.<\/p>\n<p><b>\u201cSolo dir\u00e9 que atacaremos a cualquiera que represente una amenaza para los ciudadanos de Israel\u201d<\/b>, sostuvo.<\/p>\n<p><img loading=\"lazy\" decoding=\"async\" src=\"https:\/\/lobosnews.com.ar\/wp-content\/uploads\/2026\/03\/israel-afirmo-que-abatio-a-mas-de-1-900-soldados-y-comenadantes-del-regimen-irani-desde-el-inicio-de-la-guerra-2.jpg\" alt=\"Durante la comparecencia, Defrin tambi\u00e9n respondi\u00f3 a preguntas sobre el nombramiento de Mojtaba Khamene\u00ed, hijo del fallecido ayatol\u00e1 Ali Khamenei, como nuevo l\u00edder supremo de Ir\u00e1n. El portavoz evit\u00f3 realizar comentarios sobre la pol\u00edtica interna iran\u00ed (REUTERS)\" height=\"3648\" width=\"5472\"\/><\/p>\n<p>Las declaraciones del portavoz israel\u00ed se produjeron en medio de una escalada militar entre Israel, Estados Unidos e Ir\u00e1n que ya supera una semana. Durante este periodo, Tel Aviv y Washington informaron sobre ataques contra objetivos en Teher\u00e1n, mientras Ir\u00e1n lanz\u00f3 misiles contra territorio israel\u00ed.<\/p>\n<p><i>(Con informaci\u00f3n de AFP)<\/i><\/p>\n","protected":false},"excerpt":{"rendered":"<p>El portavoz del Ej\u00e9rcito de Israel, Effie Defrin, afirm\u00f3 el lunes que la fuerza a\u00e9rea israel\u00ed mat\u00f3 a m\u00e1s de 1.900 soldados y comandantes del r\u00e9gimen iran\u00ed desde el inicio de la guerra entre ambos pa\u00edses, que ya supera una semana de enfrentamientos. El vocero tambi\u00e9n inform\u00f3 que Israel complet\u00f3 ataques contra seis aer\u00f3dromos militares&#8230;<\/p>\n","protected":false},"author":1,"featured_media":31558,"comment_status":"open","ping_status":"closed","sticky":false,"template":"","format":"standard","meta":{"_jetpack_memberships_contains_paid_content":false,"footnotes":""},"categories":[31],"tags":[],"class_list":["post-31553","post","type-post","status-publish","format-standard","has-post-thumbnail","hentry","category-actualidad"],"magazineBlocksPostFeaturedMedia":{"thumbnail":"https:\/\/lobosnews.com.ar\/wp-content\/uploads\/2026\/03\/israel-afirmo-que-abatio-a-mas-de-1-900-soldados-y-comenadantes-del-regimen-irani-desde-el-inicio-de-la-guerra-4-150x150.jpg","medium":"https:\/\/lobosnews.com.ar\/wp-content\/uploads\/2026\/03\/israel-afirmo-que-abatio-a-mas-de-1-900-soldados-y-comenadantes-del-regimen-irani-desde-el-inicio-de-la-guerra-4-300x200.jpg","medium_large":"https:\/\/lobosnews.com.ar\/wp-content\/uploads\/2026\/03\/israel-afirmo-que-abatio-a-mas-de-1-900-soldados-y-comenadantes-del-regimen-irani-desde-el-inicio-de-la-guerra-4-768x512.jpg","large":"https:\/\/lobosnews.com.ar\/wp-content\/uploads\/2026\/03\/israel-afirmo-que-abatio-a-mas-de-1-900-soldados-y-comenadantes-del-regimen-irani-desde-el-inicio-de-la-guerra-4-1024x683.jpg","1536x1536":"https:\/\/lobosnews.com.ar\/wp-content\/uploads\/2026\/03\/israel-afirmo-que-abatio-a-mas-de-1-900-soldados-y-comenadantes-del-regimen-irani-desde-el-inicio-de-la-guerra-4-1536x1024.jpg","2048x2048":"https:\/\/lobosnews.com.ar\/wp-content\/uploads\/2026\/03\/israel-afirmo-que-abatio-a-mas-de-1-900-soldados-y-comenadantes-del-regimen-irani-desde-el-inicio-de-la-guerra-4-2048x1365.jpg","newsmatic-featured":"https:\/\/lobosnews.com.ar\/wp-content\/uploads\/2026\/03\/israel-afirmo-que-abatio-a-mas-de-1-900-soldados-y-comenadantes-del-regimen-irani-desde-el-inicio-de-la-guerra-4-820x545.jpg","newsmatic-list":"https:\/\/lobosnews.com.ar\/wp-content\/uploads\/2026\/03\/israel-afirmo-que-abatio-a-mas-de-1-900-soldados-y-comenadantes-del-regimen-irani-desde-el-inicio-de-la-guerra-4-600x400.jpg","newsmatic-thumb":"https:\/\/lobosnews.com.ar\/wp-content\/uploads\/2026\/03\/israel-afirmo-que-abatio-a-mas-de-1-900-soldados-y-comenadantes-del-regimen-irani-desde-el-inicio-de-la-guerra-4-300x200.jpg","newsmatic-small":"https:\/\/lobosnews.com.ar\/wp-content\/uploads\/2026\/03\/israel-afirmo-que-abatio-a-mas-de-1-900-soldados-y-comenadantes-del-regimen-irani-desde-el-inicio-de-la-guerra-4-150x95.jpg","newsmatic-grid":"https:\/\/lobosnews.com.ar\/wp-content\/uploads\/2026\/03\/israel-afirmo-que-abatio-a-mas-de-1-900-soldados-y-comenadantes-del-regimen-irani-desde-el-inicio-de-la-guerra-4-400x250.jpg"},"magazineBlocksPostAuthor":{"name":"admin","avatar":"https:\/\/secure.gravatar.com\/avatar\/76e419471a2083bc3ceab22a763dbbf9b0c1bd15a6214cf3280e2c2dde4580f9?s=96&d=mm&r=g"},"magazineBlocksPostCommentsNumber":"0","magazineBlocksPostExcerpt":"El portavoz del Ej\u00e9rcito de Israel, Effie Defrin, afirm\u00f3 el lunes que la fuerza a\u00e9rea israel\u00ed mat\u00f3 a m\u00e1s de 1.900 soldados y comandantes del r\u00e9gimen iran\u00ed desde el inicio de la guerra entre ambos pa\u00edses, que ya supera una semana de enfrentamientos. El vocero tambi\u00e9n inform\u00f3 que Israel complet\u00f3 ataques contra seis aer\u00f3dromos militares...","magazineBlocksPostCategories":["Actualidad"],"magazineBlocksPostViewCount":86,"magazineBlocksPostReadTime":3,"magazine_blocks_featured_image_url":{"full":["https:\/\/lobosnews.com.ar\/wp-content\/uploads\/2026\/03\/israel-afirmo-que-abatio-a-mas-de-1-900-soldados-y-comenadantes-del-regimen-irani-desde-el-inicio-de-la-guerra-4-scaled.jpg",2560,1706,false],"medium":["https:\/\/lobosnews.com.ar\/wp-content\/uploads\/2026\/03\/israel-afirmo-que-abatio-a-mas-de-1-900-soldados-y-comenadantes-del-regimen-irani-desde-el-inicio-de-la-guerra-4-300x200.jpg",300,200,true],"thumbnail":["https:\/\/lobosnews.com.ar\/wp-content\/uploads\/2026\/03\/israel-afirmo-que-abatio-a-mas-de-1-900-soldados-y-comenadantes-del-regimen-irani-desde-el-inicio-de-la-guerra-4-150x150.jpg",150,150,true]},"magazine_blocks_author":{"display_name":"admin","author_link":"https:\/\/lobosnews.com.ar\/index.php\/author\/lobos-news\/"},"magazine_blocks_comment":0,"magazine_blocks_author_image":"https:\/\/secure.gravatar.com\/avatar\/76e419471a2083bc3ceab22a763dbbf9b0c1bd15a6214cf3280e2c2dde4580f9?s=96&d=mm&r=g","magazine_blocks_category":"<a href=\"#\" class=\"category-link category-link-31\">Actualidad<\/a>","yoast_head":"<!-- This site is optimized with the Yoast SEO plugin v26.6 - https:\/\/yoast.com\/wordpress\/plugins\/seo\/ -->\n<title>Israel afirm\u00f3 que abati\u00f3 a m\u00e1s de 1.900 soldados y comenadantes del r\u00e9gimen iran\u00ed desde el inicio de la guerra - Lobos News<\/title>\n<meta name=\"robots\" content=\"index, follow, max-snippet:-1, max-image-preview:large, max-video-preview:-1\" \/>\n<link rel=\"canonical\" href=\"https:\/\/lobosnews.com.ar\/index.php\/2026\/03\/10\/israel-afirmo-que-abatio-a-mas-de-1-900-soldados-y-comenadantes-del-regimen-irani-desde-el-inicio-de-la-guerra\/\" \/>\n<meta property=\"og:locale\" content=\"es_ES\" \/>\n<meta property=\"og:type\" content=\"article\" \/>\n<meta property=\"og:title\" content=\"Israel afirm\u00f3 que abati\u00f3 a m\u00e1s de 1.900 soldados y comenadantes del r\u00e9gimen iran\u00ed desde el inicio de la guerra - Lobos News\" \/>\n<meta property=\"og:description\" content=\"El portavoz del Ej\u00e9rcito de Israel, Effie Defrin, afirm\u00f3 el lunes que la fuerza a\u00e9rea israel\u00ed mat\u00f3 a m\u00e1s de 1.900 soldados y comandantes del r\u00e9gimen iran\u00ed desde el inicio de la guerra entre ambos pa\u00edses, que ya supera una semana de enfrentamientos. El vocero tambi\u00e9n inform\u00f3 que Israel complet\u00f3 ataques contra seis aer\u00f3dromos militares...\" \/>\n<meta property=\"og:url\" content=\"https:\/\/lobosnews.com.ar\/index.php\/2026\/03\/10\/israel-afirmo-que-abatio-a-mas-de-1-900-soldados-y-comenadantes-del-regimen-irani-desde-el-inicio-de-la-guerra\/\" \/>\n<meta property=\"og:site_name\" content=\"Lobos News\" \/>\n<meta property=\"article:published_time\" content=\"2026-03-10T05:54:43+00:00\" \/>\n<meta property=\"article:modified_time\" content=\"2026-03-10T08:45:34+00:00\" \/>\n<meta property=\"og:image\" content=\"https:\/\/lobosnews.com.ar\/wp-content\/uploads\/2026\/03\/israel-afirmo-que-abatio-a-mas-de-1-900-soldados-y-comenadantes-del-regimen-irani-desde-el-inicio-de-la-guerra.jpg\" \/>\n<meta name=\"author\" content=\"admin\" \/>\n<meta name=\"twitter:card\" content=\"summary_large_image\" \/>\n<meta name=\"twitter:label1\" content=\"Escrito por\" \/>\n\t<meta name=\"twitter:data1\" content=\"admin\" \/>\n\t<meta name=\"twitter:label2\" content=\"Tiempo de lectura\" \/>\n\t<meta name=\"twitter:data2\" content=\"3 minutos\" \/>\n<script type=\"application\/ld+json\" class=\"yoast-schema-graph\">{\"@context\":\"https:\/\/schema.org\",\"@graph\":[{\"@type\":\"Article\",\"@id\":\"https:\/\/lobosnews.com.ar\/index.php\/2026\/03\/10\/israel-afirmo-que-abatio-a-mas-de-1-900-soldados-y-comenadantes-del-regimen-irani-desde-el-inicio-de-la-guerra\/#article\",\"isPartOf\":{\"@id\":\"https:\/\/lobosnews.com.ar\/index.php\/2026\/03\/10\/israel-afirmo-que-abatio-a-mas-de-1-900-soldados-y-comenadantes-del-regimen-irani-desde-el-inicio-de-la-guerra\/\"},\"author\":{\"name\":\"admin\",\"@id\":\"https:\/\/lobosnews.com.ar\/#\/schema\/person\/232422a593d5c541dd9aef6aaed10943\"},\"headline\":\"Israel afirm\u00f3 que abati\u00f3 a m\u00e1s de 1.900 soldados y comenadantes del r\u00e9gimen iran\u00ed desde el inicio de la guerra\",\"datePublished\":\"2026-03-10T05:54:43+00:00\",\"dateModified\":\"2026-03-10T08:45:34+00:00\",\"mainEntityOfPage\":{\"@id\":\"https:\/\/lobosnews.com.ar\/index.php\/2026\/03\/10\/israel-afirmo-que-abatio-a-mas-de-1-900-soldados-y-comenadantes-del-regimen-irani-desde-el-inicio-de-la-guerra\/\"},\"wordCount\":555,\"commentCount\":0,\"publisher\":{\"@id\":\"https:\/\/lobosnews.com.ar\/#organization\"},\"image\":{\"@id\":\"https:\/\/lobosnews.com.ar\/index.php\/2026\/03\/10\/israel-afirmo-que-abatio-a-mas-de-1-900-soldados-y-comenadantes-del-regimen-irani-desde-el-inicio-de-la-guerra\/#primaryimage\"},\"thumbnailUrl\":\"https:\/\/lobosnews.com.ar\/wp-content\/uploads\/2026\/03\/israel-afirmo-que-abatio-a-mas-de-1-900-soldados-y-comenadantes-del-regimen-irani-desde-el-inicio-de-la-guerra-4-scaled.jpg\",\"articleSection\":[\"Actualidad\"],\"inLanguage\":\"es\",\"potentialAction\":[{\"@type\":\"CommentAction\",\"name\":\"Comment\",\"target\":[\"https:\/\/lobosnews.com.ar\/index.php\/2026\/03\/10\/israel-afirmo-que-abatio-a-mas-de-1-900-soldados-y-comenadantes-del-regimen-irani-desde-el-inicio-de-la-guerra\/#respond\"]}]},{\"@type\":\"WebPage\",\"@id\":\"https:\/\/lobosnews.com.ar\/index.php\/2026\/03\/10\/israel-afirmo-que-abatio-a-mas-de-1-900-soldados-y-comenadantes-del-regimen-irani-desde-el-inicio-de-la-guerra\/\",\"url\":\"https:\/\/lobosnews.com.ar\/index.php\/2026\/03\/10\/israel-afirmo-que-abatio-a-mas-de-1-900-soldados-y-comenadantes-del-regimen-irani-desde-el-inicio-de-la-guerra\/\",\"name\":\"Israel afirm\u00f3 que abati\u00f3 a m\u00e1s de 1.900 soldados y comenadantes del r\u00e9gimen iran\u00ed desde el inicio de la guerra - Lobos News\",\"isPartOf\":{\"@id\":\"https:\/\/lobosnews.com.ar\/#website\"},\"primaryImageOfPage\":{\"@id\":\"https:\/\/lobosnews.com.ar\/index.php\/2026\/03\/10\/israel-afirmo-que-abatio-a-mas-de-1-900-soldados-y-comenadantes-del-regimen-irani-desde-el-inicio-de-la-guerra\/#primaryimage\"},\"image\":{\"@id\":\"https:\/\/lobosnews.com.ar\/index.php\/2026\/03\/10\/israel-afirmo-que-abatio-a-mas-de-1-900-soldados-y-comenadantes-del-regimen-irani-desde-el-inicio-de-la-guerra\/#primaryimage\"},\"thumbnailUrl\":\"https:\/\/lobosnews.com.ar\/wp-content\/uploads\/2026\/03\/israel-afirmo-que-abatio-a-mas-de-1-900-soldados-y-comenadantes-del-regimen-irani-desde-el-inicio-de-la-guerra-4-scaled.jpg\",\"datePublished\":\"2026-03-10T05:54:43+00:00\",\"dateModified\":\"2026-03-10T08:45:34+00:00\",\"breadcrumb\":{\"@id\":\"https:\/\/lobosnews.com.ar\/index.php\/2026\/03\/10\/israel-afirmo-que-abatio-a-mas-de-1-900-soldados-y-comenadantes-del-regimen-irani-desde-el-inicio-de-la-guerra\/#breadcrumb\"},\"inLanguage\":\"es\",\"potentialAction\":[{\"@type\":\"ReadAction\",\"target\":[\"https:\/\/lobosnews.com.ar\/index.php\/2026\/03\/10\/israel-afirmo-que-abatio-a-mas-de-1-900-soldados-y-comenadantes-del-regimen-irani-desde-el-inicio-de-la-guerra\/\"]}]},{\"@type\":\"ImageObject\",\"inLanguage\":\"es\",\"@id\":\"https:\/\/lobosnews.com.ar\/index.php\/2026\/03\/10\/israel-afirmo-que-abatio-a-mas-de-1-900-soldados-y-comenadantes-del-regimen-irani-desde-el-inicio-de-la-guerra\/#primaryimage\",\"url\":\"https:\/\/lobosnews.com.ar\/wp-content\/uploads\/2026\/03\/israel-afirmo-que-abatio-a-mas-de-1-900-soldados-y-comenadantes-del-regimen-irani-desde-el-inicio-de-la-guerra-4-scaled.jpg\",\"contentUrl\":\"https:\/\/lobosnews.com.ar\/wp-content\/uploads\/2026\/03\/israel-afirmo-que-abatio-a-mas-de-1-900-soldados-y-comenadantes-del-regimen-irani-desde-el-inicio-de-la-guerra-4-scaled.jpg\",\"width\":2560,\"height\":1706,\"caption\":\"Israel afirm\u00f3 que abati\u00f3 a m\u00e1s de 1.900 soldados y comenadantes del r\u00e9gimen iran\u00ed desde el inicio de la guerra\"},{\"@type\":\"BreadcrumbList\",\"@id\":\"https:\/\/lobosnews.com.ar\/index.php\/2026\/03\/10\/israel-afirmo-que-abatio-a-mas-de-1-900-soldados-y-comenadantes-del-regimen-irani-desde-el-inicio-de-la-guerra\/#breadcrumb\",\"itemListElement\":[{\"@type\":\"ListItem\",\"position\":1,\"name\":\"Portada\",\"item\":\"https:\/\/lobosnews.com.ar\/\"},{\"@type\":\"ListItem\",\"position\":2,\"name\":\"Israel afirm\u00f3 que abati\u00f3 a m\u00e1s de 1.900 soldados y comenadantes del r\u00e9gimen iran\u00ed desde el inicio de la guerra\"}]},{\"@type\":\"WebSite\",\"@id\":\"https:\/\/lobosnews.com.ar\/#website\",\"url\":\"https:\/\/lobosnews.com.ar\/\",\"name\":\"Lobos News\",\"description\":\"Informaci\u00f3n a cada instante\",\"publisher\":{\"@id\":\"https:\/\/lobosnews.com.ar\/#organization\"},\"potentialAction\":[{\"@type\":\"SearchAction\",\"target\":{\"@type\":\"EntryPoint\",\"urlTemplate\":\"https:\/\/lobosnews.com.ar\/?s={search_term_string}\"},\"query-input\":{\"@type\":\"PropertyValueSpecification\",\"valueRequired\":true,\"valueName\":\"search_term_string\"}}],\"inLanguage\":\"es\"},{\"@type\":\"Organization\",\"@id\":\"https:\/\/lobosnews.com.ar\/#organization\",\"name\":\"Lobos News\",\"url\":\"https:\/\/lobosnews.com.ar\/\",\"logo\":{\"@type\":\"ImageObject\",\"inLanguage\":\"es\",\"@id\":\"https:\/\/lobosnews.com.ar\/#\/schema\/logo\/image\/\",\"url\":\"https:\/\/lobosnews.com.ar\/wp-content\/uploads\/2026\/01\/logo-lobosnews.png\",\"contentUrl\":\"https:\/\/lobosnews.com.ar\/wp-content\/uploads\/2026\/01\/logo-lobosnews.png\",\"width\":500,\"height\":200,\"caption\":\"Lobos News\"},\"image\":{\"@id\":\"https:\/\/lobosnews.com.ar\/#\/schema\/logo\/image\/\"}},{\"@type\":\"Person\",\"@id\":\"https:\/\/lobosnews.com.ar\/#\/schema\/person\/232422a593d5c541dd9aef6aaed10943\",\"name\":\"admin\",\"image\":{\"@type\":\"ImageObject\",\"inLanguage\":\"es\",\"@id\":\"https:\/\/lobosnews.com.ar\/#\/schema\/person\/image\/\",\"url\":\"https:\/\/secure.gravatar.com\/avatar\/76e419471a2083bc3ceab22a763dbbf9b0c1bd15a6214cf3280e2c2dde4580f9?s=96&d=mm&r=g\",\"contentUrl\":\"https:\/\/secure.gravatar.com\/avatar\/76e419471a2083bc3ceab22a763dbbf9b0c1bd15a6214cf3280e2c2dde4580f9?s=96&d=mm&r=g\",\"caption\":\"admin\"},\"sameAs\":[\"https:\/\/lobosnews.com.ar\"],\"url\":\"https:\/\/lobosnews.com.ar\/index.php\/author\/lobos-news\/\"}]}<\/script>\n<!-- \/ Yoast SEO plugin. -->","yoast_head_json":{"title":"Israel afirm\u00f3 que abati\u00f3 a m\u00e1s de 1.900 soldados y comenadantes del r\u00e9gimen iran\u00ed desde el inicio de la guerra - Lobos News","robots":{"index":"index","follow":"follow","max-snippet":"max-snippet:-1","max-image-preview":"max-image-preview:large","max-video-preview":"max-video-preview:-1"},"canonical":"https:\/\/lobosnews.com.ar\/index.php\/2026\/03\/10\/israel-afirmo-que-abatio-a-mas-de-1-900-soldados-y-comenadantes-del-regimen-irani-desde-el-inicio-de-la-guerra\/","og_locale":"es_ES","og_type":"article","og_title":"Israel afirm\u00f3 que abati\u00f3 a m\u00e1s de 1.900 soldados y comenadantes del r\u00e9gimen iran\u00ed desde el inicio de la guerra - Lobos News","og_description":"El portavoz del Ej\u00e9rcito de Israel, Effie Defrin, afirm\u00f3 el lunes que la fuerza a\u00e9rea israel\u00ed mat\u00f3 a m\u00e1s de 1.900 soldados y comandantes del r\u00e9gimen iran\u00ed desde el inicio de la guerra entre ambos pa\u00edses, que ya supera una semana de enfrentamientos. El vocero tambi\u00e9n inform\u00f3 que Israel complet\u00f3 ataques contra seis aer\u00f3dromos militares...","og_url":"https:\/\/lobosnews.com.ar\/index.php\/2026\/03\/10\/israel-afirmo-que-abatio-a-mas-de-1-900-soldados-y-comenadantes-del-regimen-irani-desde-el-inicio-de-la-guerra\/","og_site_name":"Lobos News","article_published_time":"2026-03-10T05:54:43+00:00","article_modified_time":"2026-03-10T08:45:34+00:00","og_image":[{"url":"https:\/\/lobosnews.com.ar\/wp-content\/uploads\/2026\/03\/israel-afirmo-que-abatio-a-mas-de-1-900-soldados-y-comenadantes-del-regimen-irani-desde-el-inicio-de-la-guerra.jpg","type":"","width":"","height":""}],"author":"admin","twitter_card":"summary_large_image","twitter_misc":{"Escrito por":"admin","Tiempo de lectura":"3 minutos"},"schema":{"@context":"https:\/\/schema.org","@graph":[{"@type":"Article","@id":"https:\/\/lobosnews.com.ar\/index.php\/2026\/03\/10\/israel-afirmo-que-abatio-a-mas-de-1-900-soldados-y-comenadantes-del-regimen-irani-desde-el-inicio-de-la-guerra\/#article","isPartOf":{"@id":"https:\/\/lobosnews.com.ar\/index.php\/2026\/03\/10\/israel-afirmo-que-abatio-a-mas-de-1-900-soldados-y-comenadantes-del-regimen-irani-desde-el-inicio-de-la-guerra\/"},"author":{"name":"admin","@id":"https:\/\/lobosnews.com.ar\/#\/schema\/person\/232422a593d5c541dd9aef6aaed10943"},"headline":"Israel afirm\u00f3 que abati\u00f3 a m\u00e1s de 1.900 soldados y comenadantes del r\u00e9gimen iran\u00ed desde el inicio de la guerra","datePublished":"2026-03-10T05:54:43+00:00","dateModified":"2026-03-10T08:45:34+00:00","mainEntityOfPage":{"@id":"https:\/\/lobosnews.com.ar\/index.php\/2026\/03\/10\/israel-afirmo-que-abatio-a-mas-de-1-900-soldados-y-comenadantes-del-regimen-irani-desde-el-inicio-de-la-guerra\/"},"wordCount":555,"commentCount":0,"publisher":{"@id":"https:\/\/lobosnews.com.ar\/#organization"},"image":{"@id":"https:\/\/lobosnews.com.ar\/index.php\/2026\/03\/10\/israel-afirmo-que-abatio-a-mas-de-1-900-soldados-y-comenadantes-del-regimen-irani-desde-el-inicio-de-la-guerra\/#primaryimage"},"thumbnailUrl":"https:\/\/lobosnews.com.ar\/wp-content\/uploads\/2026\/03\/israel-afirmo-que-abatio-a-mas-de-1-900-soldados-y-comenadantes-del-regimen-irani-desde-el-inicio-de-la-guerra-4-scaled.jpg","articleSection":["Actualidad"],"inLanguage":"es","potentialAction":[{"@type":"CommentAction","name":"Comment","target":["https:\/\/lobosnews.com.ar\/index.php\/2026\/03\/10\/israel-afirmo-que-abatio-a-mas-de-1-900-soldados-y-comenadantes-del-regimen-irani-desde-el-inicio-de-la-guerra\/#respond"]}]},{"@type":"WebPage","@id":"https:\/\/lobosnews.com.ar\/index.php\/2026\/03\/10\/israel-afirmo-que-abatio-a-mas-de-1-900-soldados-y-comenadantes-del-regimen-irani-desde-el-inicio-de-la-guerra\/","url":"https:\/\/lobosnews.com.ar\/index.php\/2026\/03\/10\/israel-afirmo-que-abatio-a-mas-de-1-900-soldados-y-comenadantes-del-regimen-irani-desde-el-inicio-de-la-guerra\/","name":"Israel afirm\u00f3 que abati\u00f3 a m\u00e1s de 1.900 soldados y comenadantes del r\u00e9gimen iran\u00ed desde el inicio de la guerra - Lobos News","isPartOf":{"@id":"https:\/\/lobosnews.com.ar\/#website"},"primaryImageOfPage":{"@id":"https:\/\/lobosnews.com.ar\/index.php\/2026\/03\/10\/israel-afirmo-que-abatio-a-mas-de-1-900-soldados-y-comenadantes-del-regimen-irani-desde-el-inicio-de-la-guerra\/#primaryimage"},"image":{"@id":"https:\/\/lobosnews.com.ar\/index.php\/2026\/03\/10\/israel-afirmo-que-abatio-a-mas-de-1-900-soldados-y-comenadantes-del-regimen-irani-desde-el-inicio-de-la-guerra\/#primaryimage"},"thumbnailUrl":"https:\/\/lobosnews.com.ar\/wp-content\/uploads\/2026\/03\/israel-afirmo-que-abatio-a-mas-de-1-900-soldados-y-comenadantes-del-regimen-irani-desde-el-inicio-de-la-guerra-4-scaled.jpg","datePublished":"2026-03-10T05:54:43+00:00","dateModified":"2026-03-10T08:45:34+00:00","breadcrumb":{"@id":"https:\/\/lobosnews.com.ar\/index.php\/2026\/03\/10\/israel-afirmo-que-abatio-a-mas-de-1-900-soldados-y-comenadantes-del-regimen-irani-desde-el-inicio-de-la-guerra\/#breadcrumb"},"inLanguage":"es","potentialAction":[{"@type":"ReadAction","target":["https:\/\/lobosnews.com.ar\/index.php\/2026\/03\/10\/israel-afirmo-que-abatio-a-mas-de-1-900-soldados-y-comenadantes-del-regimen-irani-desde-el-inicio-de-la-guerra\/"]}]},{"@type":"ImageObject","inLanguage":"es","@id":"https:\/\/lobosnews.com.ar\/index.php\/2026\/03\/10\/israel-afirmo-que-abatio-a-mas-de-1-900-soldados-y-comenadantes-del-regimen-irani-desde-el-inicio-de-la-guerra\/#primaryimage","url":"https:\/\/lobosnews.com.ar\/wp-content\/uploads\/2026\/03\/israel-afirmo-que-abatio-a-mas-de-1-900-soldados-y-comenadantes-del-regimen-irani-desde-el-inicio-de-la-guerra-4-scaled.jpg","contentUrl":"https:\/\/lobosnews.com.ar\/wp-content\/uploads\/2026\/03\/israel-afirmo-que-abatio-a-mas-de-1-900-soldados-y-comenadantes-del-regimen-irani-desde-el-inicio-de-la-guerra-4-scaled.jpg","width":2560,"height":1706,"caption":"Israel afirm\u00f3 que abati\u00f3 a m\u00e1s de 1.900 soldados y comenadantes del r\u00e9gimen iran\u00ed desde el inicio de la guerra"},{"@type":"BreadcrumbList","@id":"https:\/\/lobosnews.com.ar\/index.php\/2026\/03\/10\/israel-afirmo-que-abatio-a-mas-de-1-900-soldados-y-comenadantes-del-regimen-irani-desde-el-inicio-de-la-guerra\/#breadcrumb","itemListElement":[{"@type":"ListItem","position":1,"name":"Portada","item":"https:\/\/lobosnews.com.ar\/"},{"@type":"ListItem","position":2,"name":"Israel afirm\u00f3 que abati\u00f3 a m\u00e1s de 1.900 soldados y comenadantes del r\u00e9gimen iran\u00ed desde el inicio de la guerra"}]},{"@type":"WebSite","@id":"https:\/\/lobosnews.com.ar\/#website","url":"https:\/\/lobosnews.com.ar\/","name":"Lobos News","description":"Informaci\u00f3n a cada instante","publisher":{"@id":"https:\/\/lobosnews.com.ar\/#organization"},"potentialAction":[{"@type":"SearchAction","target":{"@type":"EntryPoint","urlTemplate":"https:\/\/lobosnews.com.ar\/?s={search_term_string}"},"query-input":{"@type":"PropertyValueSpecification","valueRequired":true,"valueName":"search_term_string"}}],"inLanguage":"es"},{"@type":"Organization","@id":"https:\/\/lobosnews.com.ar\/#organization","name":"Lobos News","url":"https:\/\/lobosnews.com.ar\/","logo":{"@type":"ImageObject","inLanguage":"es","@id":"https:\/\/lobosnews.com.ar\/#\/schema\/logo\/image\/","url":"https:\/\/lobosnews.com.ar\/wp-content\/uploads\/2026\/01\/logo-lobosnews.png","contentUrl":"https:\/\/lobosnews.com.ar\/wp-content\/uploads\/2026\/01\/logo-lobosnews.png","width":500,"height":200,"caption":"Lobos News"},"image":{"@id":"https:\/\/lobosnews.com.ar\/#\/schema\/logo\/image\/"}},{"@type":"Person","@id":"https:\/\/lobosnews.com.ar\/#\/schema\/person\/232422a593d5c541dd9aef6aaed10943","name":"admin","image":{"@type":"ImageObject","inLanguage":"es","@id":"https:\/\/lobosnews.com.ar\/#\/schema\/person\/image\/","url":"https:\/\/secure.gravatar.com\/avatar\/76e419471a2083bc3ceab22a763dbbf9b0c1bd15a6214cf3280e2c2dde4580f9?s=96&d=mm&r=g","contentUrl":"https:\/\/secure.gravatar.com\/avatar\/76e419471a2083bc3ceab22a763dbbf9b0c1bd15a6214cf3280e2c2dde4580f9?s=96&d=mm&r=g","caption":"admin"},"sameAs":["https:\/\/lobosnews.com.ar"],"url":"https:\/\/lobosnews.com.ar\/index.php\/author\/lobos-news\/"}]}},"jetpack_featured_media_url":"https:\/\/lobosnews.com.ar\/wp-content\/uploads\/2026\/03\/israel-afirmo-que-abatio-a-mas-de-1-900-soldados-y-comenadantes-del-regimen-irani-desde-el-inicio-de-la-guerra-4-scaled.jpg","jetpack_sharing_enabled":true,"_links":{"self":[{"href":"https:\/\/lobosnews.com.ar\/index.php\/wp-json\/wp\/v2\/posts\/31553","targetHints":{"allow":["GET"]}}],"collection":[{"href":"https:\/\/lobosnews.com.ar\/index.php\/wp-json\/wp\/v2\/posts"}],"about":[{"href":"https:\/\/lobosnews.com.ar\/index.php\/wp-json\/wp\/v2\/types\/post"}],"author":[{"embeddable":true,"href":"https:\/\/lobosnews.com.ar\/index.php\/wp-json\/wp\/v2\/users\/1"}],"replies":[{"embeddable":true,"href":"https:\/\/lobosnews.com.ar\/index.php\/wp-json\/wp\/v2\/comments?post=31553"}],"version-history":[{"count":1,"href":"https:\/\/lobosnews.com.ar\/index.php\/wp-json\/wp\/v2\/posts\/31553\/revisions"}],"predecessor-version":[{"id":31557,"href":"https:\/\/lobosnews.com.ar\/index.php\/wp-json\/wp\/v2\/posts\/31553\/revisions\/31557"}],"wp:featuredmedia":[{"embeddable":true,"href":"https:\/\/lobosnews.com.ar\/index.php\/wp-json\/wp\/v2\/media\/31558"}],"wp:attachment":[{"href":"https:\/\/lobosnews.com.ar\/index.php\/wp-json\/wp\/v2\/media?parent=31553"}],"wp:term":[{"taxonomy":"category","embeddable":true,"href":"https:\/\/lobosnews.com.ar\/index.php\/wp-json\/wp\/v2\/categories?post=31553"},{"taxonomy":"post_tag","embeddable":true,"href":"https:\/\/lobosnews.com.ar\/index.php\/wp-json\/wp\/v2\/tags?post=31553"}],"curies":[{"name":"wp","href":"https:\/\/api.w.org\/{rel}","templated":true}]}}