{"id":31514,"date":"2026-03-10T04:48:12","date_gmt":"2026-03-10T04:48:12","guid":{"rendered":"https:\/\/lobosnews.com.ar\/index.php\/2026\/03\/10\/un-grupo-mapuche-a-punto-de-ser-desalojado-critico-al-inai-y-pidio-que-finalicen-el-relevamiento-territorial\/"},"modified":"2026-03-10T06:09:07","modified_gmt":"2026-03-10T06:09:07","slug":"un-grupo-mapuche-a-punto-de-ser-desalojado-critico-al-inai-y-pidio-que-finalicen-el-relevamiento-territorial","status":"publish","type":"post","link":"https:\/\/lobosnews.com.ar\/index.php\/2026\/03\/10\/un-grupo-mapuche-a-punto-de-ser-desalojado-critico-al-inai-y-pidio-que-finalicen-el-relevamiento-territorial\/","title":{"rendered":"Un grupo mapuche a punto de ser desalojado critic\u00f3 al INAI y pidi\u00f3 que finalicen el relevamiento territorial"},"content":{"rendered":"<p><img loading=\"lazy\" decoding=\"async\" src=\"https:\/\/lobosnews.com.ar\/wp-content\/uploads\/2026\/03\/un-grupo-mapuche-a-punto-de-ser-desalojado-critico-al-inai-y-pidio-que-finalicen-el-relevamiento-territorial.jpg\" alt=\"Una comunidad mapuche denunci\u00f3 al INAI ante un inminente desalojo \" height=\"558\" width=\"992\"\/><\/p>\n<p>La <b>comunidad mapuche Paicil Antriao<\/b> present\u00f3 un recurso de amparo para exigir al <b>Instituto Nacional de Asuntos Ind\u00edgenas<\/b> (INAI), organismo estatal responsable de coordinar y ejecutar las pol\u00edticas relacionadas con los pueblos originarios, la culminaci\u00f3n del relevamiento territorial y lo responsabiliza por no finalizar este proceso. El amparo fue elevado en medio de una causa judicial que podr\u00eda derivar en el <b>desalojo del grupo de un camping<\/b> en la costa del lago Correntoso, dentro de un expediente iniciado por el <b>municipio de Villa la Angostura<\/b> hace m\u00e1s de diez a\u00f1os.<\/p>\n<p>La medida judicial <b>fue anunciada luego de trascender un nuevo rev\u00e9s judicial<\/b>, cuando la comunidad qued\u00f3 a un paso de ser desalojada, seg\u00fan la sentencia existente en una causa iniciada por el municipio. En su presentaci\u00f3n, acusan al INAI de falta de acompa\u00f1amiento y respuesta institucional para las comunidades mapuches.<\/p>\n<p>La comunidad Paicil Antriao enfrenta <b>al menos diez conflictos territoriales<\/b> en esta localidad tur\u00edstica al sur de Neuqu\u00e9n, tanto con el municipio local como con particulares, de acuerdo a lo que consta en los registros judiciales y municipales. Esta cifra refleja la alta recurrencia de disputas sobre la posesi\u00f3n de tierras, originadas por reclamos de reivindicaci\u00f3n territorial por parte de la comunidad, quienes han tomado posesi\u00f3n de diversas propiedades mientras demandan la acreditaci\u00f3n formal de ocupaci\u00f3n ancestral.<\/p>\n<p><img loading=\"lazy\" decoding=\"async\" src=\"https:\/\/lobosnews.com.ar\/wp-content\/uploads\/2026\/03\/un-grupo-mapuche-a-punto-de-ser-desalojado-critico-al-inai-y-pidio-que-finalicen-el-relevamiento-territorial-1.jpg\" alt=\"El conflicto es en el camping Quilla Hue\" height=\"1080\" width=\"1920\"\/><\/p>\n<p>En la acci\u00f3n de amparo, presentada en el <b>Juzgado Federal de Zapala<\/b>, con competencia en causas territoriales en Neuqu\u00e9n, se imputa al organismo dirigido por <b>Ariel Avruj<\/b> la falta de respuesta ante la finalizaci\u00f3n de un procedimiento t\u00e9cnico considerado por la comunidad como crucial para respaldar su permanencia en el territorio.<\/p>\n<p>Uno de los focos de disputa enfrenta a los integrantes de la comunidad con el <b>gobierno nacional<\/b>, ya que han instalado viviendas sobre la traza donde se proyecta la construcci\u00f3n de la Ruta de Circunvalaci\u00f3n. Fuentes del <b>gobierno de Neuqu\u00e9n<\/b> declararon a <i>Infobae<\/i>: \u201cNo son reivindicaciones territoriales, son acciones vinculadas a intereses inmobiliarios\u201d.<\/p>\n<p>Por su parte, los representantes mapuches criticaron p\u00fablicamente al funcionario nacional por lo que consideran \u201cfalta de decisi\u00f3n pol\u00edtica en la finalizaci\u00f3n del relevamiento territorial\u201d y lo acusaron de mantener un comportamiento \u201cracista\u201d. Expresaron en un comunicado: \u201cRealizar este Relevamiento llev\u00f3 muchos a\u00f1os de tiempo y fue realizado a trav\u00e9s de tareas de campo cient\u00edfica, que realizaron antrop\u00f3logos, agrimensores de Provincia delimitando lo que constituye la ocupaci\u00f3n tradicional y ancestral de este territorio\u201d.<\/p>\n<p>En el conflicto que involucra el camping <b>Quilla Hue<\/b>, existe <b>sentencia firme para el desalojo<\/b> luego de que se certificara que <b>la presencia mapuche en el predio municipal \u201ces ilegal\u201d<\/b>. El juez local <b>Francisco Astoul Bonorino<\/b> orden\u00f3 meses atr\u00e1s el retiro forzoso de la comunidad. A pesar de ello, la defensa recurri\u00f3 de inmediato en queja a la <b>Corte Suprema<\/b> en un intento por frenar la ejecuci\u00f3n de la medida, aunque se reconoce internamente que tal recurso no impedir\u00e1 la intervenci\u00f3n de la <b>Polic\u00eda neuquina<\/b>.<\/p>\n<p><img loading=\"lazy\" decoding=\"async\" src=\"https:\/\/lobosnews.com.ar\/wp-content\/uploads\/2026\/03\/un-grupo-mapuche-a-punto-de-ser-desalojado-critico-al-inai-y-pidio-que-finalicen-el-relevamiento-territorial-2.jpg\" alt=\"La comunidad Paicil Antriao enfrenta al menos diez conflictos territoriales\" height=\"1080\" width=\"1920\"\/><\/p>\n<p>El accionar reiterado de la comunidad deriv\u00f3 en reacciones por parte de la <b>comunidad angosturense<\/b>, cuyas voces p\u00fablicas cuestionan la legitimidad de las demandas territoriales. Un referente local expres\u00f3 semanas atr\u00e1s: \u201cEs imposible que sean titulares de \u2018miles de hect\u00e1reas\u2019, en simult\u00e1neo; deber\u00edan ser cientos de mapuches distribuidos por toda la localidad, pero son s\u00f3lo unas pocas familias las que impulsan los conflictos\u201d.<\/p>\n<p>Con el argumento de \u201cresguardo territorial\u201d, la <b>comunidad Paicil Antriao<\/b> reconoci\u00f3 su ocupaci\u00f3n de los campings <b>Quilla Hue<\/b>, <b>Rinc\u00f3n de los Amigos<\/b> y <b>Arrayanes del Correntoso<\/b>.<\/p>\n<p>La comunidad tambi\u00e9n cuestion\u00f3 al poder pol\u00edtico local por <b>no acceder al di\u00e1logo, a pesar de los reiterados pedidos de audiencia<\/b> con el intendente de Villa la Angostura para abordar distintos temas de inter\u00e9s colectivo.<\/p>\n","protected":false},"excerpt":{"rendered":"<p>La comunidad mapuche Paicil Antriao present\u00f3 un recurso de amparo para exigir al Instituto Nacional de Asuntos Ind\u00edgenas (INAI), organismo estatal responsable de coordinar y ejecutar las pol\u00edticas relacionadas con los pueblos originarios, la culminaci\u00f3n del relevamiento territorial y lo responsabiliza por no finalizar este proceso. El amparo fue elevado en medio de una causa&#8230;<\/p>\n","protected":false},"author":1,"featured_media":31519,"comment_status":"open","ping_status":"closed","sticky":false,"template":"","format":"standard","meta":{"_jetpack_memberships_contains_paid_content":false,"footnotes":""},"categories":[31,30,32,77,84,35,36,37],"tags":[],"class_list":["post-31514","post","type-post","status-publish","format-standard","has-post-thumbnail","hentry","category-actualidad","category-argentina","category-economia","category-inseguridad","category-masradios-com","category-nacionales","category-seguridad","category-sociedad"],"magazineBlocksPostFeaturedMedia":{"thumbnail":"https:\/\/lobosnews.com.ar\/wp-content\/uploads\/2026\/03\/un-grupo-mapuche-a-punto-de-ser-desalojado-critico-al-inai-y-pidio-que-finalicen-el-relevamiento-territorial-4-150x150.jpg","medium":"https:\/\/lobosnews.com.ar\/wp-content\/uploads\/2026\/03\/un-grupo-mapuche-a-punto-de-ser-desalojado-critico-al-inai-y-pidio-que-finalicen-el-relevamiento-territorial-4-300x169.jpg","medium_large":"https:\/\/lobosnews.com.ar\/wp-content\/uploads\/2026\/03\/un-grupo-mapuche-a-punto-de-ser-desalojado-critico-al-inai-y-pidio-que-finalicen-el-relevamiento-territorial-4-768x432.jpg","large":"https:\/\/lobosnews.com.ar\/wp-content\/uploads\/2026\/03\/un-grupo-mapuche-a-punto-de-ser-desalojado-critico-al-inai-y-pidio-que-finalicen-el-relevamiento-territorial-4-1024x576.jpg","1536x1536":"https:\/\/lobosnews.com.ar\/wp-content\/uploads\/2026\/03\/un-grupo-mapuche-a-punto-de-ser-desalojado-critico-al-inai-y-pidio-que-finalicen-el-relevamiento-territorial-4-1536x864.jpg","2048x2048":"https:\/\/lobosnews.com.ar\/wp-content\/uploads\/2026\/03\/un-grupo-mapuche-a-punto-de-ser-desalojado-critico-al-inai-y-pidio-que-finalicen-el-relevamiento-territorial-4.jpg","newsmatic-featured":"https:\/\/lobosnews.com.ar\/wp-content\/uploads\/2026\/03\/un-grupo-mapuche-a-punto-de-ser-desalojado-critico-al-inai-y-pidio-que-finalicen-el-relevamiento-territorial-4-820x545.jpg","newsmatic-list":"https:\/\/lobosnews.com.ar\/wp-content\/uploads\/2026\/03\/un-grupo-mapuche-a-punto-de-ser-desalojado-critico-al-inai-y-pidio-que-finalicen-el-relevamiento-territorial-4-600x400.jpg","newsmatic-thumb":"https:\/\/lobosnews.com.ar\/wp-content\/uploads\/2026\/03\/un-grupo-mapuche-a-punto-de-ser-desalojado-critico-al-inai-y-pidio-que-finalicen-el-relevamiento-territorial-4-300x200.jpg","newsmatic-small":"https:\/\/lobosnews.com.ar\/wp-content\/uploads\/2026\/03\/un-grupo-mapuche-a-punto-de-ser-desalojado-critico-al-inai-y-pidio-que-finalicen-el-relevamiento-territorial-4-150x95.jpg","newsmatic-grid":"https:\/\/lobosnews.com.ar\/wp-content\/uploads\/2026\/03\/un-grupo-mapuche-a-punto-de-ser-desalojado-critico-al-inai-y-pidio-que-finalicen-el-relevamiento-territorial-4-400x250.jpg"},"magazineBlocksPostAuthor":{"name":"admin","avatar":"https:\/\/secure.gravatar.com\/avatar\/76e419471a2083bc3ceab22a763dbbf9b0c1bd15a6214cf3280e2c2dde4580f9?s=96&d=mm&r=g"},"magazineBlocksPostCommentsNumber":"0","magazineBlocksPostExcerpt":"La comunidad mapuche Paicil Antriao present\u00f3 un recurso de amparo para exigir al Instituto Nacional de Asuntos Ind\u00edgenas (INAI), organismo estatal responsable de coordinar y ejecutar las pol\u00edticas relacionadas con los pueblos originarios, la culminaci\u00f3n del relevamiento territorial y lo responsabiliza por no finalizar este proceso. El amparo fue elevado en medio de una causa...","magazineBlocksPostCategories":["Actualidad","Argentina","econom\u00eda","inseguridad","masradios.com","nacionales","seguridad","sociedad"],"magazineBlocksPostViewCount":78,"magazineBlocksPostReadTime":4,"magazine_blocks_featured_image_url":{"full":["https:\/\/lobosnews.com.ar\/wp-content\/uploads\/2026\/03\/un-grupo-mapuche-a-punto-de-ser-desalojado-critico-al-inai-y-pidio-que-finalicen-el-relevamiento-territorial-4.jpg",1920,1080,false],"medium":["https:\/\/lobosnews.com.ar\/wp-content\/uploads\/2026\/03\/un-grupo-mapuche-a-punto-de-ser-desalojado-critico-al-inai-y-pidio-que-finalicen-el-relevamiento-territorial-4-300x169.jpg",300,169,true],"thumbnail":["https:\/\/lobosnews.com.ar\/wp-content\/uploads\/2026\/03\/un-grupo-mapuche-a-punto-de-ser-desalojado-critico-al-inai-y-pidio-que-finalicen-el-relevamiento-territorial-4-150x150.jpg",150,150,true]},"magazine_blocks_author":{"display_name":"admin","author_link":"https:\/\/lobosnews.com.ar\/index.php\/author\/lobos-news\/"},"magazine_blocks_comment":0,"magazine_blocks_author_image":"https:\/\/secure.gravatar.com\/avatar\/76e419471a2083bc3ceab22a763dbbf9b0c1bd15a6214cf3280e2c2dde4580f9?s=96&d=mm&r=g","magazine_blocks_category":"<a href=\"#\" class=\"category-link category-link-31\">Actualidad<\/a> <a href=\"#\" class=\"category-link category-link-30\">Argentina<\/a> <a href=\"#\" class=\"category-link category-link-32\">econom\u00eda<\/a> <a href=\"#\" class=\"category-link category-link-77\">inseguridad<\/a> <a href=\"#\" class=\"category-link category-link-84\">masradios.com<\/a> <a href=\"#\" class=\"category-link category-link-35\">nacionales<\/a> <a href=\"#\" class=\"category-link category-link-36\">seguridad<\/a> <a href=\"#\" class=\"category-link category-link-37\">sociedad<\/a>","yoast_head":"<!-- This site is optimized with the Yoast SEO plugin v26.6 - https:\/\/yoast.com\/wordpress\/plugins\/seo\/ -->\n<title>Un grupo mapuche a punto de ser desalojado critic\u00f3 al INAI y pidi\u00f3 que finalicen el relevamiento territorial - Lobos News<\/title>\n<meta name=\"robots\" content=\"index, follow, max-snippet:-1, max-image-preview:large, max-video-preview:-1\" \/>\n<link rel=\"canonical\" href=\"https:\/\/lobosnews.com.ar\/index.php\/2026\/03\/10\/un-grupo-mapuche-a-punto-de-ser-desalojado-critico-al-inai-y-pidio-que-finalicen-el-relevamiento-territorial\/\" \/>\n<meta property=\"og:locale\" content=\"es_ES\" \/>\n<meta property=\"og:type\" content=\"article\" \/>\n<meta property=\"og:title\" content=\"Un grupo mapuche a punto de ser desalojado critic\u00f3 al INAI y pidi\u00f3 que finalicen el relevamiento territorial - Lobos News\" \/>\n<meta property=\"og:description\" content=\"La comunidad mapuche Paicil Antriao present\u00f3 un recurso de amparo para exigir al Instituto Nacional de Asuntos Ind\u00edgenas (INAI), organismo estatal responsable de coordinar y ejecutar las pol\u00edticas relacionadas con los pueblos originarios, la culminaci\u00f3n del relevamiento territorial y lo responsabiliza por no finalizar este proceso. El amparo fue elevado en medio de una causa...\" \/>\n<meta property=\"og:url\" content=\"https:\/\/lobosnews.com.ar\/index.php\/2026\/03\/10\/un-grupo-mapuche-a-punto-de-ser-desalojado-critico-al-inai-y-pidio-que-finalicen-el-relevamiento-territorial\/\" \/>\n<meta property=\"og:site_name\" content=\"Lobos News\" \/>\n<meta property=\"article:published_time\" content=\"2026-03-10T04:48:12+00:00\" \/>\n<meta property=\"article:modified_time\" content=\"2026-03-10T06:09:07+00:00\" \/>\n<meta property=\"og:image\" content=\"https:\/\/lobosnews.com.ar\/wp-content\/uploads\/2026\/03\/un-grupo-mapuche-a-punto-de-ser-desalojado-critico-al-inai-y-pidio-que-finalicen-el-relevamiento-territorial.jpg\" \/>\n<meta name=\"author\" content=\"admin\" \/>\n<meta name=\"twitter:card\" content=\"summary_large_image\" \/>\n<meta name=\"twitter:label1\" content=\"Escrito por\" \/>\n\t<meta name=\"twitter:data1\" content=\"admin\" \/>\n\t<meta name=\"twitter:label2\" content=\"Tiempo de lectura\" \/>\n\t<meta name=\"twitter:data2\" content=\"3 minutos\" \/>\n<script type=\"application\/ld+json\" class=\"yoast-schema-graph\">{\"@context\":\"https:\/\/schema.org\",\"@graph\":[{\"@type\":\"Article\",\"@id\":\"https:\/\/lobosnews.com.ar\/index.php\/2026\/03\/10\/un-grupo-mapuche-a-punto-de-ser-desalojado-critico-al-inai-y-pidio-que-finalicen-el-relevamiento-territorial\/#article\",\"isPartOf\":{\"@id\":\"https:\/\/lobosnews.com.ar\/index.php\/2026\/03\/10\/un-grupo-mapuche-a-punto-de-ser-desalojado-critico-al-inai-y-pidio-que-finalicen-el-relevamiento-territorial\/\"},\"author\":{\"name\":\"admin\",\"@id\":\"https:\/\/lobosnews.com.ar\/#\/schema\/person\/232422a593d5c541dd9aef6aaed10943\"},\"headline\":\"Un grupo mapuche a punto de ser desalojado critic\u00f3 al INAI y pidi\u00f3 que finalicen el relevamiento territorial\",\"datePublished\":\"2026-03-10T04:48:12+00:00\",\"dateModified\":\"2026-03-10T06:09:07+00:00\",\"mainEntityOfPage\":{\"@id\":\"https:\/\/lobosnews.com.ar\/index.php\/2026\/03\/10\/un-grupo-mapuche-a-punto-de-ser-desalojado-critico-al-inai-y-pidio-que-finalicen-el-relevamiento-territorial\/\"},\"wordCount\":670,\"commentCount\":0,\"publisher\":{\"@id\":\"https:\/\/lobosnews.com.ar\/#organization\"},\"image\":{\"@id\":\"https:\/\/lobosnews.com.ar\/index.php\/2026\/03\/10\/un-grupo-mapuche-a-punto-de-ser-desalojado-critico-al-inai-y-pidio-que-finalicen-el-relevamiento-territorial\/#primaryimage\"},\"thumbnailUrl\":\"https:\/\/lobosnews.com.ar\/wp-content\/uploads\/2026\/03\/un-grupo-mapuche-a-punto-de-ser-desalojado-critico-al-inai-y-pidio-que-finalicen-el-relevamiento-territorial-4.jpg\",\"articleSection\":[\"Actualidad\",\"Argentina\",\"econom\u00eda\",\"inseguridad\",\"masradios.com\",\"nacionales\",\"seguridad\",\"sociedad\"],\"inLanguage\":\"es\",\"potentialAction\":[{\"@type\":\"CommentAction\",\"name\":\"Comment\",\"target\":[\"https:\/\/lobosnews.com.ar\/index.php\/2026\/03\/10\/un-grupo-mapuche-a-punto-de-ser-desalojado-critico-al-inai-y-pidio-que-finalicen-el-relevamiento-territorial\/#respond\"]}]},{\"@type\":\"WebPage\",\"@id\":\"https:\/\/lobosnews.com.ar\/index.php\/2026\/03\/10\/un-grupo-mapuche-a-punto-de-ser-desalojado-critico-al-inai-y-pidio-que-finalicen-el-relevamiento-territorial\/\",\"url\":\"https:\/\/lobosnews.com.ar\/index.php\/2026\/03\/10\/un-grupo-mapuche-a-punto-de-ser-desalojado-critico-al-inai-y-pidio-que-finalicen-el-relevamiento-territorial\/\",\"name\":\"Un grupo mapuche a punto de ser desalojado critic\u00f3 al INAI y pidi\u00f3 que finalicen el relevamiento territorial - Lobos News\",\"isPartOf\":{\"@id\":\"https:\/\/lobosnews.com.ar\/#website\"},\"primaryImageOfPage\":{\"@id\":\"https:\/\/lobosnews.com.ar\/index.php\/2026\/03\/10\/un-grupo-mapuche-a-punto-de-ser-desalojado-critico-al-inai-y-pidio-que-finalicen-el-relevamiento-territorial\/#primaryimage\"},\"image\":{\"@id\":\"https:\/\/lobosnews.com.ar\/index.php\/2026\/03\/10\/un-grupo-mapuche-a-punto-de-ser-desalojado-critico-al-inai-y-pidio-que-finalicen-el-relevamiento-territorial\/#primaryimage\"},\"thumbnailUrl\":\"https:\/\/lobosnews.com.ar\/wp-content\/uploads\/2026\/03\/un-grupo-mapuche-a-punto-de-ser-desalojado-critico-al-inai-y-pidio-que-finalicen-el-relevamiento-territorial-4.jpg\",\"datePublished\":\"2026-03-10T04:48:12+00:00\",\"dateModified\":\"2026-03-10T06:09:07+00:00\",\"breadcrumb\":{\"@id\":\"https:\/\/lobosnews.com.ar\/index.php\/2026\/03\/10\/un-grupo-mapuche-a-punto-de-ser-desalojado-critico-al-inai-y-pidio-que-finalicen-el-relevamiento-territorial\/#breadcrumb\"},\"inLanguage\":\"es\",\"potentialAction\":[{\"@type\":\"ReadAction\",\"target\":[\"https:\/\/lobosnews.com.ar\/index.php\/2026\/03\/10\/un-grupo-mapuche-a-punto-de-ser-desalojado-critico-al-inai-y-pidio-que-finalicen-el-relevamiento-territorial\/\"]}]},{\"@type\":\"ImageObject\",\"inLanguage\":\"es\",\"@id\":\"https:\/\/lobosnews.com.ar\/index.php\/2026\/03\/10\/un-grupo-mapuche-a-punto-de-ser-desalojado-critico-al-inai-y-pidio-que-finalicen-el-relevamiento-territorial\/#primaryimage\",\"url\":\"https:\/\/lobosnews.com.ar\/wp-content\/uploads\/2026\/03\/un-grupo-mapuche-a-punto-de-ser-desalojado-critico-al-inai-y-pidio-que-finalicen-el-relevamiento-territorial-4.jpg\",\"contentUrl\":\"https:\/\/lobosnews.com.ar\/wp-content\/uploads\/2026\/03\/un-grupo-mapuche-a-punto-de-ser-desalojado-critico-al-inai-y-pidio-que-finalicen-el-relevamiento-territorial-4.jpg\",\"width\":1920,\"height\":1080,\"caption\":\"Un grupo mapuche a punto de ser desalojado critic\u00f3 al INAI y pidi\u00f3 que finalicen el relevamiento territorial\"},{\"@type\":\"BreadcrumbList\",\"@id\":\"https:\/\/lobosnews.com.ar\/index.php\/2026\/03\/10\/un-grupo-mapuche-a-punto-de-ser-desalojado-critico-al-inai-y-pidio-que-finalicen-el-relevamiento-territorial\/#breadcrumb\",\"itemListElement\":[{\"@type\":\"ListItem\",\"position\":1,\"name\":\"Portada\",\"item\":\"https:\/\/lobosnews.com.ar\/\"},{\"@type\":\"ListItem\",\"position\":2,\"name\":\"Un grupo mapuche a punto de ser desalojado critic\u00f3 al INAI y pidi\u00f3 que finalicen el relevamiento territorial\"}]},{\"@type\":\"WebSite\",\"@id\":\"https:\/\/lobosnews.com.ar\/#website\",\"url\":\"https:\/\/lobosnews.com.ar\/\",\"name\":\"Lobos News\",\"description\":\"Informaci\u00f3n a cada instante\",\"publisher\":{\"@id\":\"https:\/\/lobosnews.com.ar\/#organization\"},\"potentialAction\":[{\"@type\":\"SearchAction\",\"target\":{\"@type\":\"EntryPoint\",\"urlTemplate\":\"https:\/\/lobosnews.com.ar\/?s={search_term_string}\"},\"query-input\":{\"@type\":\"PropertyValueSpecification\",\"valueRequired\":true,\"valueName\":\"search_term_string\"}}],\"inLanguage\":\"es\"},{\"@type\":\"Organization\",\"@id\":\"https:\/\/lobosnews.com.ar\/#organization\",\"name\":\"Lobos News\",\"url\":\"https:\/\/lobosnews.com.ar\/\",\"logo\":{\"@type\":\"ImageObject\",\"inLanguage\":\"es\",\"@id\":\"https:\/\/lobosnews.com.ar\/#\/schema\/logo\/image\/\",\"url\":\"https:\/\/lobosnews.com.ar\/wp-content\/uploads\/2026\/01\/logo-lobosnews.png\",\"contentUrl\":\"https:\/\/lobosnews.com.ar\/wp-content\/uploads\/2026\/01\/logo-lobosnews.png\",\"width\":500,\"height\":200,\"caption\":\"Lobos News\"},\"image\":{\"@id\":\"https:\/\/lobosnews.com.ar\/#\/schema\/logo\/image\/\"}},{\"@type\":\"Person\",\"@id\":\"https:\/\/lobosnews.com.ar\/#\/schema\/person\/232422a593d5c541dd9aef6aaed10943\",\"name\":\"admin\",\"image\":{\"@type\":\"ImageObject\",\"inLanguage\":\"es\",\"@id\":\"https:\/\/lobosnews.com.ar\/#\/schema\/person\/image\/\",\"url\":\"https:\/\/secure.gravatar.com\/avatar\/76e419471a2083bc3ceab22a763dbbf9b0c1bd15a6214cf3280e2c2dde4580f9?s=96&d=mm&r=g\",\"contentUrl\":\"https:\/\/secure.gravatar.com\/avatar\/76e419471a2083bc3ceab22a763dbbf9b0c1bd15a6214cf3280e2c2dde4580f9?s=96&d=mm&r=g\",\"caption\":\"admin\"},\"sameAs\":[\"https:\/\/lobosnews.com.ar\"],\"url\":\"https:\/\/lobosnews.com.ar\/index.php\/author\/lobos-news\/\"}]}<\/script>\n<!-- \/ Yoast SEO plugin. -->","yoast_head_json":{"title":"Un grupo mapuche a punto de ser desalojado critic\u00f3 al INAI y pidi\u00f3 que finalicen el relevamiento territorial - Lobos News","robots":{"index":"index","follow":"follow","max-snippet":"max-snippet:-1","max-image-preview":"max-image-preview:large","max-video-preview":"max-video-preview:-1"},"canonical":"https:\/\/lobosnews.com.ar\/index.php\/2026\/03\/10\/un-grupo-mapuche-a-punto-de-ser-desalojado-critico-al-inai-y-pidio-que-finalicen-el-relevamiento-territorial\/","og_locale":"es_ES","og_type":"article","og_title":"Un grupo mapuche a punto de ser desalojado critic\u00f3 al INAI y pidi\u00f3 que finalicen el relevamiento territorial - Lobos News","og_description":"La comunidad mapuche Paicil Antriao present\u00f3 un recurso de amparo para exigir al Instituto Nacional de Asuntos Ind\u00edgenas (INAI), organismo estatal responsable de coordinar y ejecutar las pol\u00edticas relacionadas con los pueblos originarios, la culminaci\u00f3n del relevamiento territorial y lo responsabiliza por no finalizar este proceso. El amparo fue elevado en medio de una causa...","og_url":"https:\/\/lobosnews.com.ar\/index.php\/2026\/03\/10\/un-grupo-mapuche-a-punto-de-ser-desalojado-critico-al-inai-y-pidio-que-finalicen-el-relevamiento-territorial\/","og_site_name":"Lobos News","article_published_time":"2026-03-10T04:48:12+00:00","article_modified_time":"2026-03-10T06:09:07+00:00","og_image":[{"url":"https:\/\/lobosnews.com.ar\/wp-content\/uploads\/2026\/03\/un-grupo-mapuche-a-punto-de-ser-desalojado-critico-al-inai-y-pidio-que-finalicen-el-relevamiento-territorial.jpg","type":"","width":"","height":""}],"author":"admin","twitter_card":"summary_large_image","twitter_misc":{"Escrito por":"admin","Tiempo de lectura":"3 minutos"},"schema":{"@context":"https:\/\/schema.org","@graph":[{"@type":"Article","@id":"https:\/\/lobosnews.com.ar\/index.php\/2026\/03\/10\/un-grupo-mapuche-a-punto-de-ser-desalojado-critico-al-inai-y-pidio-que-finalicen-el-relevamiento-territorial\/#article","isPartOf":{"@id":"https:\/\/lobosnews.com.ar\/index.php\/2026\/03\/10\/un-grupo-mapuche-a-punto-de-ser-desalojado-critico-al-inai-y-pidio-que-finalicen-el-relevamiento-territorial\/"},"author":{"name":"admin","@id":"https:\/\/lobosnews.com.ar\/#\/schema\/person\/232422a593d5c541dd9aef6aaed10943"},"headline":"Un grupo mapuche a punto de ser desalojado critic\u00f3 al INAI y pidi\u00f3 que finalicen el relevamiento territorial","datePublished":"2026-03-10T04:48:12+00:00","dateModified":"2026-03-10T06:09:07+00:00","mainEntityOfPage":{"@id":"https:\/\/lobosnews.com.ar\/index.php\/2026\/03\/10\/un-grupo-mapuche-a-punto-de-ser-desalojado-critico-al-inai-y-pidio-que-finalicen-el-relevamiento-territorial\/"},"wordCount":670,"commentCount":0,"publisher":{"@id":"https:\/\/lobosnews.com.ar\/#organization"},"image":{"@id":"https:\/\/lobosnews.com.ar\/index.php\/2026\/03\/10\/un-grupo-mapuche-a-punto-de-ser-desalojado-critico-al-inai-y-pidio-que-finalicen-el-relevamiento-territorial\/#primaryimage"},"thumbnailUrl":"https:\/\/lobosnews.com.ar\/wp-content\/uploads\/2026\/03\/un-grupo-mapuche-a-punto-de-ser-desalojado-critico-al-inai-y-pidio-que-finalicen-el-relevamiento-territorial-4.jpg","articleSection":["Actualidad","Argentina","econom\u00eda","inseguridad","masradios.com","nacionales","seguridad","sociedad"],"inLanguage":"es","potentialAction":[{"@type":"CommentAction","name":"Comment","target":["https:\/\/lobosnews.com.ar\/index.php\/2026\/03\/10\/un-grupo-mapuche-a-punto-de-ser-desalojado-critico-al-inai-y-pidio-que-finalicen-el-relevamiento-territorial\/#respond"]}]},{"@type":"WebPage","@id":"https:\/\/lobosnews.com.ar\/index.php\/2026\/03\/10\/un-grupo-mapuche-a-punto-de-ser-desalojado-critico-al-inai-y-pidio-que-finalicen-el-relevamiento-territorial\/","url":"https:\/\/lobosnews.com.ar\/index.php\/2026\/03\/10\/un-grupo-mapuche-a-punto-de-ser-desalojado-critico-al-inai-y-pidio-que-finalicen-el-relevamiento-territorial\/","name":"Un grupo mapuche a punto de ser desalojado critic\u00f3 al INAI y pidi\u00f3 que finalicen el relevamiento territorial - Lobos News","isPartOf":{"@id":"https:\/\/lobosnews.com.ar\/#website"},"primaryImageOfPage":{"@id":"https:\/\/lobosnews.com.ar\/index.php\/2026\/03\/10\/un-grupo-mapuche-a-punto-de-ser-desalojado-critico-al-inai-y-pidio-que-finalicen-el-relevamiento-territorial\/#primaryimage"},"image":{"@id":"https:\/\/lobosnews.com.ar\/index.php\/2026\/03\/10\/un-grupo-mapuche-a-punto-de-ser-desalojado-critico-al-inai-y-pidio-que-finalicen-el-relevamiento-territorial\/#primaryimage"},"thumbnailUrl":"https:\/\/lobosnews.com.ar\/wp-content\/uploads\/2026\/03\/un-grupo-mapuche-a-punto-de-ser-desalojado-critico-al-inai-y-pidio-que-finalicen-el-relevamiento-territorial-4.jpg","datePublished":"2026-03-10T04:48:12+00:00","dateModified":"2026-03-10T06:09:07+00:00","breadcrumb":{"@id":"https:\/\/lobosnews.com.ar\/index.php\/2026\/03\/10\/un-grupo-mapuche-a-punto-de-ser-desalojado-critico-al-inai-y-pidio-que-finalicen-el-relevamiento-territorial\/#breadcrumb"},"inLanguage":"es","potentialAction":[{"@type":"ReadAction","target":["https:\/\/lobosnews.com.ar\/index.php\/2026\/03\/10\/un-grupo-mapuche-a-punto-de-ser-desalojado-critico-al-inai-y-pidio-que-finalicen-el-relevamiento-territorial\/"]}]},{"@type":"ImageObject","inLanguage":"es","@id":"https:\/\/lobosnews.com.ar\/index.php\/2026\/03\/10\/un-grupo-mapuche-a-punto-de-ser-desalojado-critico-al-inai-y-pidio-que-finalicen-el-relevamiento-territorial\/#primaryimage","url":"https:\/\/lobosnews.com.ar\/wp-content\/uploads\/2026\/03\/un-grupo-mapuche-a-punto-de-ser-desalojado-critico-al-inai-y-pidio-que-finalicen-el-relevamiento-territorial-4.jpg","contentUrl":"https:\/\/lobosnews.com.ar\/wp-content\/uploads\/2026\/03\/un-grupo-mapuche-a-punto-de-ser-desalojado-critico-al-inai-y-pidio-que-finalicen-el-relevamiento-territorial-4.jpg","width":1920,"height":1080,"caption":"Un grupo mapuche a punto de ser desalojado critic\u00f3 al INAI y pidi\u00f3 que finalicen el relevamiento territorial"},{"@type":"BreadcrumbList","@id":"https:\/\/lobosnews.com.ar\/index.php\/2026\/03\/10\/un-grupo-mapuche-a-punto-de-ser-desalojado-critico-al-inai-y-pidio-que-finalicen-el-relevamiento-territorial\/#breadcrumb","itemListElement":[{"@type":"ListItem","position":1,"name":"Portada","item":"https:\/\/lobosnews.com.ar\/"},{"@type":"ListItem","position":2,"name":"Un grupo mapuche a punto de ser desalojado critic\u00f3 al INAI y pidi\u00f3 que finalicen el relevamiento territorial"}]},{"@type":"WebSite","@id":"https:\/\/lobosnews.com.ar\/#website","url":"https:\/\/lobosnews.com.ar\/","name":"Lobos News","description":"Informaci\u00f3n a cada instante","publisher":{"@id":"https:\/\/lobosnews.com.ar\/#organization"},"potentialAction":[{"@type":"SearchAction","target":{"@type":"EntryPoint","urlTemplate":"https:\/\/lobosnews.com.ar\/?s={search_term_string}"},"query-input":{"@type":"PropertyValueSpecification","valueRequired":true,"valueName":"search_term_string"}}],"inLanguage":"es"},{"@type":"Organization","@id":"https:\/\/lobosnews.com.ar\/#organization","name":"Lobos News","url":"https:\/\/lobosnews.com.ar\/","logo":{"@type":"ImageObject","inLanguage":"es","@id":"https:\/\/lobosnews.com.ar\/#\/schema\/logo\/image\/","url":"https:\/\/lobosnews.com.ar\/wp-content\/uploads\/2026\/01\/logo-lobosnews.png","contentUrl":"https:\/\/lobosnews.com.ar\/wp-content\/uploads\/2026\/01\/logo-lobosnews.png","width":500,"height":200,"caption":"Lobos News"},"image":{"@id":"https:\/\/lobosnews.com.ar\/#\/schema\/logo\/image\/"}},{"@type":"Person","@id":"https:\/\/lobosnews.com.ar\/#\/schema\/person\/232422a593d5c541dd9aef6aaed10943","name":"admin","image":{"@type":"ImageObject","inLanguage":"es","@id":"https:\/\/lobosnews.com.ar\/#\/schema\/person\/image\/","url":"https:\/\/secure.gravatar.com\/avatar\/76e419471a2083bc3ceab22a763dbbf9b0c1bd15a6214cf3280e2c2dde4580f9?s=96&d=mm&r=g","contentUrl":"https:\/\/secure.gravatar.com\/avatar\/76e419471a2083bc3ceab22a763dbbf9b0c1bd15a6214cf3280e2c2dde4580f9?s=96&d=mm&r=g","caption":"admin"},"sameAs":["https:\/\/lobosnews.com.ar"],"url":"https:\/\/lobosnews.com.ar\/index.php\/author\/lobos-news\/"}]}},"jetpack_featured_media_url":"https:\/\/lobosnews.com.ar\/wp-content\/uploads\/2026\/03\/un-grupo-mapuche-a-punto-de-ser-desalojado-critico-al-inai-y-pidio-que-finalicen-el-relevamiento-territorial-4.jpg","jetpack_sharing_enabled":true,"_links":{"self":[{"href":"https:\/\/lobosnews.com.ar\/index.php\/wp-json\/wp\/v2\/posts\/31514","targetHints":{"allow":["GET"]}}],"collection":[{"href":"https:\/\/lobosnews.com.ar\/index.php\/wp-json\/wp\/v2\/posts"}],"about":[{"href":"https:\/\/lobosnews.com.ar\/index.php\/wp-json\/wp\/v2\/types\/post"}],"author":[{"embeddable":true,"href":"https:\/\/lobosnews.com.ar\/index.php\/wp-json\/wp\/v2\/users\/1"}],"replies":[{"embeddable":true,"href":"https:\/\/lobosnews.com.ar\/index.php\/wp-json\/wp\/v2\/comments?post=31514"}],"version-history":[{"count":1,"href":"https:\/\/lobosnews.com.ar\/index.php\/wp-json\/wp\/v2\/posts\/31514\/revisions"}],"predecessor-version":[{"id":31518,"href":"https:\/\/lobosnews.com.ar\/index.php\/wp-json\/wp\/v2\/posts\/31514\/revisions\/31518"}],"wp:featuredmedia":[{"embeddable":true,"href":"https:\/\/lobosnews.com.ar\/index.php\/wp-json\/wp\/v2\/media\/31519"}],"wp:attachment":[{"href":"https:\/\/lobosnews.com.ar\/index.php\/wp-json\/wp\/v2\/media?parent=31514"}],"wp:term":[{"taxonomy":"category","embeddable":true,"href":"https:\/\/lobosnews.com.ar\/index.php\/wp-json\/wp\/v2\/categories?post=31514"},{"taxonomy":"post_tag","embeddable":true,"href":"https:\/\/lobosnews.com.ar\/index.php\/wp-json\/wp\/v2\/tags?post=31514"}],"curies":[{"name":"wp","href":"https:\/\/api.w.org\/{rel}","templated":true}]}}