{"id":31500,"date":"2026-03-10T04:58:22","date_gmt":"2026-03-10T04:58:22","guid":{"rendered":"https:\/\/lobosnews.com.ar\/index.php\/2026\/03\/10\/nicolas-olivari-el-poeta-que-reflejo-la-vida-portena-de-inicios-del-siglo-xx-de-su-amistad-con-gardel-a-la-pasion-por-la-noche\/"},"modified":"2026-03-10T06:08:49","modified_gmt":"2026-03-10T06:08:49","slug":"nicolas-olivari-el-poeta-que-reflejo-la-vida-portena-de-inicios-del-siglo-xx-de-su-amistad-con-gardel-a-la-pasion-por-la-noche","status":"publish","type":"post","link":"https:\/\/lobosnews.com.ar\/index.php\/2026\/03\/10\/nicolas-olivari-el-poeta-que-reflejo-la-vida-portena-de-inicios-del-siglo-xx-de-su-amistad-con-gardel-a-la-pasion-por-la-noche\/","title":{"rendered":"Nicol\u00e1s Olivari, el poeta que reflej\u00f3 la vida porte\u00f1a de inicios del siglo XX: de su amistad con Gardel a la pasi\u00f3n por la noche"},"content":{"rendered":"<p><img fetchpriority=\"high\" decoding=\"async\" src=\"https:\/\/lobosnews.com.ar\/wp-content\/uploads\/2026\/03\/nicolas-olivari-el-poeta-que-reflejo-la-vida-portena-de-inicios-del-siglo-xx-de-su-amistad-con-gardel-a-la-pasion-por-la-noche.jpg\" alt=\"Nicol\u00e1s Olivari (Gentileza familia Olivari)\" height=\"1161\" width=\"770\"\/><\/p>\n<p>\u201c<b>Con el codo en la mesa mugrienta y la vista clavada en un sue\u00f1o, <\/b>piensa el tano Domingo Polenta en el drama de su inmigraci\u00f3n. Y en la sucia cantina que canta la nostalgia del viejo paese desafina su ronca garganta ya curtida de vino Carlon\u201d, comienza diciendo la letra del <span class=\"waslinkname\"><b>tango La Violeta<\/b><\/span><b>,<\/b> que el poeta <b>Nicol\u00e1s Olivari<\/b> escribi\u00f3 de una vez en la mesa de un bar porte\u00f1o.<\/p>\n<p>Corr\u00eda el a\u00f1o 1929. El autor estaba comiendo unas pastas regadas con vino de la casa junto a <b>C\u00e1tulo Castillo<\/b> en un antiguo bodeg\u00f3n de la Capital Federal, cuando decidi\u00f3 hacerle una apuesta al compositor. No se sabe, exactamente, qu\u00e9 es lo que puso en juego mientras saboreaba sus espaguetis. Pero s\u00ed que tom\u00f3 su l\u00e1piz y, de un tir\u00f3n, plasm\u00f3 en un papel las estrofas de este texto costumbrista que pintaba la cruda realidad de los inmigrantes. Una realidad que \u00e9l conoc\u00eda de primera mano por sus ancestros.<\/p>\n<p>Desde la segunda mitad del siglo XIX, la Argentina hab\u00eda empezado a recibir ciudadanos provenientes de todas partes del mundo y, en especial, de Europa. Para muchos de ellos, \u201chacerse la Am\u00e9rica\u201d no hab\u00eda sido tarea f\u00e1cil. <\/p>\n<p>Nicol\u00e1s hab\u00eda nacido el 8 de septiembre de 1900 en Buenos Aires y era el cuarto hijo de dos inmigrantes italianos oriundos de la ciudad de G\u00e9nova: <b>Carmen Canale <\/b>y<b> Giovanni Battista Olivari<\/b>. De hecho, su padre era capit\u00e1n de ultramar y hab\u00eda desembarcado en el pa\u00eds apenas diez a\u00f1os antes de su llegada al mundo, contratado por la Compa\u00f1\u00eda Argentina de Navegaci\u00f3n Mihanovich Ltda. As\u00ed que \u00e9l sab\u00eda muy bien lo dif\u00edcil que era, para los extranjeros, adaptarse a la cultura del R\u00edo de la Plata.<\/p>\n<p>\u201c<b>E&#8230;! La Violeta, la va, la va, la va&#8230;La va sul campo che lei si sognaba ch\u2019era su gigin, que guardandola staba&#8230;\u00c9l tambi\u00e9n busca su so\u00f1ado bien desde aquel d\u00eda, tan lejano ya, que con su carga de ilusi\u00f3n saliera como <\/b>La Violeta que la va&#8230; la va&#8230;Canzoneta de pago lejano que idealiza la sucia taberna y que brilla en los ojos del tano con la perla de alg\u00fan lagrim\u00f3n&#8230;La aprendi\u00f3 cuando vino con otros encerrado en la panza de un buque, y es con ella, metiendo batuque, que consuela su desilusi\u00f3n\u201d, contin\u00faa diciendo el tema que grab\u00f3 en primer t\u00e9rmino <b>Roberto<\/b> <b>Maida<\/b> y que <b>Carlos Gardel<\/b> se encarg\u00f3 de popularizar en 1930. La canci\u00f3n reflejaba la angustia de los que se ve\u00edan obligados a dejar su tierra natal.<\/p>\n<p>Olivari, sin embargo, fue un aut\u00e9ntico porte\u00f1o y, con el tiempo, lleg\u00f3 a convertirse en uno de los fundadores de la Academia del Lunfardo. Creci\u00f3 en los barrios Once y Villa Crespo. Y curs\u00f3 sus estudios secundarios en el Colegio Nacional Nicol\u00e1s Avellaneda, donde tuvo como profesor de literatura a <b>Emilio Alonso Criado<\/b>, quien lo alent\u00f3 para que comenzara a escribir. As\u00ed surgi\u00f3 su primera obra, <b>El mat\u00f3n de arrabal<\/b>. Y, al tiempo, edit\u00f3 la pieza de teatro <b>El mejor amor<\/b>, junto a <b>Victorio Noblia<\/b>. <\/p>\n<p>En 1920, Olivari form\u00f3 parte del m\u00edtico grupo literario Boedo junto a<b> Lorenzo Stanchina, Le\u00f3nida Barletta y El\u00edas Castelnuovo<\/b>, que se reun\u00eda en el Caf\u00e9 El Japon\u00e9s de Boedo al 800 y publicaba sus obras en la Editorial Claridad. De esa \u00e9poca datan obras como Carne al sol, La carne humillada, Historia de una muchachita loca, La mala vida, B\u00e9same en la boca, Mar\u00eda Luisa y La canci\u00f3n de los vientres infecundos. Tambi\u00e9n integr\u00f3, junto a los hermanos <b>Enrique y Ra\u00fal Gonz\u00e1lez Tu\u00f1\u00f3n<\/b>, el Grupo Florida, con quienes escribi\u00f3 <b>Un Auxilio en la 34 <\/b>y<b> Dan tres vueltas y luego se van<\/b>. <\/p>\n<p><img loading=\"lazy\" decoding=\"async\" src=\"https:\/\/lobosnews.com.ar\/wp-content\/uploads\/2026\/03\/nicolas-olivari-el-poeta-que-reflejo-la-vida-portena-de-inicios-del-siglo-xx-de-su-amistad-con-gardel-a-la-pasion-por-la-noche-1.jpg\" alt=\"El poeta en su juventud (Gentileza familia Olivari)\" height=\"1748\" width=\"770\"\/><\/p>\n<p>Se cas\u00f3 con <b>Amelia De Marco<\/b>, con quien<b> <\/b>tuvo a su \u00fanico hijo: <b>Juan Carlos<\/b>. Y vivi\u00f3 con su familia durante muchos a\u00f1os en un caser\u00f3n ubicado frente al Parque Centenario, en avenida D\u00edaz V\u00e9lez 4732, donde en la actualidad funciona el Centro Asistencial Veterinario San Marcos y en cuyo frente hay una placa conmemoratoria entregada<b> <\/b>en su honor. <\/p>\n<p>Olivari era un bohemio al que le gustaba mucho la noche. Sol\u00eda pintar mujeres desnudas, algo que algunas oportunidades hac\u00eda con modelos vivientes en los cabarets y piringundines de la \u00e9poca, mientras fumaba sin parar. Se lo vincul\u00f3 sentimentalmente con<b> Mar\u00eda Luisa Rubetino<\/b>, aunque esta relaci\u00f3n extramatrimonial nunca se confirm\u00f3. Hasta que, cuando ya no pudo conjugar esta rutina con su matrimonio, se separ\u00f3 de su esposa.<\/p>\n<p>Fue periodista en el Diario Cr\u00edtica, La \u00c9poca, El Mundo, La Naci\u00f3n, El laboralista, El preg\u00f3n, Noticias gr\u00e1ficas y Reconquista. Tambi\u00e9n cre\u00f3 radionovelas para Radio Belgrano. Y trabaj\u00f3 como guionista cinematogr\u00e1fico. En todos los casos, Olivari se destacaba por escribir desde la m\u00e1s descarnada realidad. <\/p>\n<p>La Musa de la mala pata, Carne al sol, El gato escaldado, Los poemas rezagados, Diez poemas sin poes\u00eda, La amada infiel, La mosca verde, Pas de quatre, El hombre de la baraja y la pu\u00f1alada, El almac\u00e9n, La noche es nuestra, Los d\u00edas tienen fr\u00edo, Un negro y un f\u00f3sforo, Novela parroquial de Buenos Aires y Mi Buenos aires<b> <\/b>querido <b>son algunas de las obras de su autor\u00eda. <\/b>Aunque, desde 1930, hab\u00eda registrado tambi\u00e9n el seud\u00f3nimo de <b>Diego Arzeno<\/b> con los que firm\u00f3 tangos y algunos de sus textos period\u00edsticos. <\/p>\n<p>Tuvo, sin embargo, un per\u00edodo de proscripci\u00f3n en el que sus obras fueron retiradas de circulaci\u00f3n. Fue all\u00e1 por los a\u00f1os \u201850, despu\u00e9s de haber realizado junto a <b>Roberto Valenti<\/b> el guion de <b>El morocho del Abasto<\/b>, sobre la vida de Gardel. Es que, despu\u00e9s de haber conocido a <b>Eva Per\u00f3n<\/b>, hab\u00eda manifestado p\u00fablicamente su adhesi\u00f3n a la presidencia de <b>Juan Domingo Per\u00f3n<\/b>. Y, junto al Sindicato de escritores de la Argentina, apoy\u00f3 su reelecci\u00f3n. Esto hizo que la Revoluci\u00f3n Libertadora prohibiera sus libros y hasta mandara a destruir algunos de ellos, al igual que los de otros poetas y escritores cr\u00edticos de la \u00e9poca.<\/p>\n<p><img loading=\"lazy\" decoding=\"async\" src=\"https:\/\/lobosnews.com.ar\/wp-content\/uploads\/2026\/03\/nicolas-olivari-el-poeta-que-reflejo-la-vida-portena-de-inicios-del-siglo-xx-de-su-amistad-con-gardel-a-la-pasion-por-la-noche-2.jpg\" alt=\"El escritor en su vida adulta (Gentileza familia Olivari)\" height=\"2843\" width=\"1887\"\/><\/p>\n<p>Adem\u00e1s de La violeta, que dedic\u00f3 \u201cal marqu\u00e9s <b>Enrique Gonz\u00e1lez Tu\u00f1\u00f3n<\/b>, en agradecimiento a las tantas y tan sabrosas cazuelas de pescado con que nos hab\u00e9is invitado a aquella cantina italiana de la Chacarita\u201d, Olivari dej\u00f3 su sello en el tango. Compuso, entre otras obras, la letra de <b>Desd\u00e9n<\/b>, pieza que musicaliz\u00f3 <b>Alberto Ruiz<\/b>, <b>Dos ojos negros<\/b> que hizo junto con <b>Ra\u00fal de los Hoyos<\/b>.<\/p>\n<p>\u201cCreo que ning\u00fan poeta argentino ha sufrido como yo el b\u00e1rbaro chaparr\u00f3n de las peores injurias. Se me neg\u00f3 con sistema. Se me aconsej\u00f3 acremente no escribir m\u00e1s versos, se me disimul\u00f3 y ennegreci\u00f3 con las peores tintas y sin embargo, se\u00f1oras y se\u00f1ores, aqu\u00ed me veis tan franco y sereno y sencillo como si nada me hubiera pasado. Que nada pas\u00f3 en verdad, porque los que pasaron fueron ellos y yo qued\u00e9 escribiendo versos todav\u00eda y siempre a pesar de todo. Esta es la alegr\u00eda que clarifica mi voz esta tarde\u201d, hab\u00eda dicho en alguna oportunidad. <\/p>\n<p>Olivari escribi\u00f3 hasta el final de sus d\u00edas. <b>Muri\u00f3 en Buenos Aires, a los 66 a\u00f1os de edad, el 22 de septiembre de 1966<\/b>. Y, adem\u00e1s de su enorme legado, dej\u00f3 como obra p\u00f3stuma el libro <b>Mi Buenos Aires querido<\/b>, que fue utilizado como texto escolar hasta mucho tiempo despu\u00e9s de su partida. <\/p>\n<p>El 28 de septiembre de 2014, en el marco de los festejos por el 30 aniversario de la creaci\u00f3n del Programa Cultural en Barrios, se bautiz\u00f3 con su nombre al Centro Cultural que funciona en Castro 954, Boedo.<\/p>\n","protected":false},"excerpt":{"rendered":"<p>\u201cCon el codo en la mesa mugrienta y la vista clavada en un sue\u00f1o, piensa el tano Domingo Polenta en el drama de su inmigraci\u00f3n. Y en la sucia cantina que canta la nostalgia del viejo paese desafina su ronca garganta ya curtida de vino Carlon\u201d, comienza diciendo la letra del tango La Violeta, que&#8230;<\/p>\n","protected":false},"author":1,"featured_media":31505,"comment_status":"open","ping_status":"closed","sticky":false,"template":"","format":"standard","meta":{"_jetpack_memberships_contains_paid_content":false,"footnotes":""},"categories":[31,30,32,77,84,35,36,37],"tags":[],"class_list":["post-31500","post","type-post","status-publish","format-standard","has-post-thumbnail","hentry","category-actualidad","category-argentina","category-economia","category-inseguridad","category-masradios-com","category-nacionales","category-seguridad","category-sociedad"],"magazineBlocksPostFeaturedMedia":{"thumbnail":"https:\/\/lobosnews.com.ar\/wp-content\/uploads\/2026\/03\/nicolas-olivari-el-poeta-que-reflejo-la-vida-portena-de-inicios-del-siglo-xx-de-su-amistad-con-gardel-a-la-pasion-por-la-noche-4-150x150.jpg","medium":"https:\/\/lobosnews.com.ar\/wp-content\/uploads\/2026\/03\/nicolas-olivari-el-poeta-que-reflejo-la-vida-portena-de-inicios-del-siglo-xx-de-su-amistad-con-gardel-a-la-pasion-por-la-noche-4-199x300.jpg","medium_large":"https:\/\/lobosnews.com.ar\/wp-content\/uploads\/2026\/03\/nicolas-olivari-el-poeta-que-reflejo-la-vida-portena-de-inicios-del-siglo-xx-de-su-amistad-con-gardel-a-la-pasion-por-la-noche-4-768x1157.jpg","large":"https:\/\/lobosnews.com.ar\/wp-content\/uploads\/2026\/03\/nicolas-olivari-el-poeta-que-reflejo-la-vida-portena-de-inicios-del-siglo-xx-de-su-amistad-con-gardel-a-la-pasion-por-la-noche-4-680x1024.jpg","1536x1536":"https:\/\/lobosnews.com.ar\/wp-content\/uploads\/2026\/03\/nicolas-olivari-el-poeta-que-reflejo-la-vida-portena-de-inicios-del-siglo-xx-de-su-amistad-con-gardel-a-la-pasion-por-la-noche-4-1019x1536.jpg","2048x2048":"https:\/\/lobosnews.com.ar\/wp-content\/uploads\/2026\/03\/nicolas-olivari-el-poeta-que-reflejo-la-vida-portena-de-inicios-del-siglo-xx-de-su-amistad-con-gardel-a-la-pasion-por-la-noche-4-1359x2048.jpg","newsmatic-featured":"https:\/\/lobosnews.com.ar\/wp-content\/uploads\/2026\/03\/nicolas-olivari-el-poeta-que-reflejo-la-vida-portena-de-inicios-del-siglo-xx-de-su-amistad-con-gardel-a-la-pasion-por-la-noche-4-820x545.jpg","newsmatic-list":"https:\/\/lobosnews.com.ar\/wp-content\/uploads\/2026\/03\/nicolas-olivari-el-poeta-que-reflejo-la-vida-portena-de-inicios-del-siglo-xx-de-su-amistad-con-gardel-a-la-pasion-por-la-noche-4-600x400.jpg","newsmatic-thumb":"https:\/\/lobosnews.com.ar\/wp-content\/uploads\/2026\/03\/nicolas-olivari-el-poeta-que-reflejo-la-vida-portena-de-inicios-del-siglo-xx-de-su-amistad-con-gardel-a-la-pasion-por-la-noche-4-300x200.jpg","newsmatic-small":"https:\/\/lobosnews.com.ar\/wp-content\/uploads\/2026\/03\/nicolas-olivari-el-poeta-que-reflejo-la-vida-portena-de-inicios-del-siglo-xx-de-su-amistad-con-gardel-a-la-pasion-por-la-noche-4-150x95.jpg","newsmatic-grid":"https:\/\/lobosnews.com.ar\/wp-content\/uploads\/2026\/03\/nicolas-olivari-el-poeta-que-reflejo-la-vida-portena-de-inicios-del-siglo-xx-de-su-amistad-con-gardel-a-la-pasion-por-la-noche-4-400x250.jpg"},"magazineBlocksPostAuthor":{"name":"admin","avatar":"https:\/\/secure.gravatar.com\/avatar\/76e419471a2083bc3ceab22a763dbbf9b0c1bd15a6214cf3280e2c2dde4580f9?s=96&d=mm&r=g"},"magazineBlocksPostCommentsNumber":"0","magazineBlocksPostExcerpt":"\u201cCon el codo en la mesa mugrienta y la vista clavada en un sue\u00f1o, piensa el tano Domingo Polenta en el drama de su inmigraci\u00f3n. Y en la sucia cantina que canta la nostalgia del viejo paese desafina su ronca garganta ya curtida de vino Carlon\u201d, comienza diciendo la letra del tango La Violeta, que...","magazineBlocksPostCategories":["Actualidad","Argentina","econom\u00eda","inseguridad","masradios.com","nacionales","seguridad","sociedad"],"magazineBlocksPostViewCount":94,"magazineBlocksPostReadTime":7,"magazine_blocks_featured_image_url":{"full":["https:\/\/lobosnews.com.ar\/wp-content\/uploads\/2026\/03\/nicolas-olivari-el-poeta-que-reflejo-la-vida-portena-de-inicios-del-siglo-xx-de-su-amistad-con-gardel-a-la-pasion-por-la-noche-4-scaled.jpg",1699,2560,false],"medium":["https:\/\/lobosnews.com.ar\/wp-content\/uploads\/2026\/03\/nicolas-olivari-el-poeta-que-reflejo-la-vida-portena-de-inicios-del-siglo-xx-de-su-amistad-con-gardel-a-la-pasion-por-la-noche-4-199x300.jpg",199,300,true],"thumbnail":["https:\/\/lobosnews.com.ar\/wp-content\/uploads\/2026\/03\/nicolas-olivari-el-poeta-que-reflejo-la-vida-portena-de-inicios-del-siglo-xx-de-su-amistad-con-gardel-a-la-pasion-por-la-noche-4-150x150.jpg",150,150,true]},"magazine_blocks_author":{"display_name":"admin","author_link":"https:\/\/lobosnews.com.ar\/index.php\/author\/lobos-news\/"},"magazine_blocks_comment":0,"magazine_blocks_author_image":"https:\/\/secure.gravatar.com\/avatar\/76e419471a2083bc3ceab22a763dbbf9b0c1bd15a6214cf3280e2c2dde4580f9?s=96&d=mm&r=g","magazine_blocks_category":"<a href=\"#\" class=\"category-link category-link-31\">Actualidad<\/a> <a href=\"#\" class=\"category-link category-link-30\">Argentina<\/a> <a href=\"#\" class=\"category-link category-link-32\">econom\u00eda<\/a> <a href=\"#\" class=\"category-link category-link-77\">inseguridad<\/a> <a href=\"#\" class=\"category-link category-link-84\">masradios.com<\/a> <a href=\"#\" class=\"category-link category-link-35\">nacionales<\/a> <a href=\"#\" class=\"category-link category-link-36\">seguridad<\/a> <a href=\"#\" class=\"category-link category-link-37\">sociedad<\/a>","yoast_head":"<!-- This site is optimized with the Yoast SEO plugin v26.6 - https:\/\/yoast.com\/wordpress\/plugins\/seo\/ -->\n<title>Nicol\u00e1s Olivari, el poeta que reflej\u00f3 la vida porte\u00f1a de inicios del siglo XX: de su amistad con Gardel a la pasi\u00f3n por la noche - Lobos News<\/title>\n<meta name=\"robots\" content=\"index, follow, max-snippet:-1, max-image-preview:large, max-video-preview:-1\" \/>\n<link rel=\"canonical\" href=\"https:\/\/lobosnews.com.ar\/index.php\/2026\/03\/10\/nicolas-olivari-el-poeta-que-reflejo-la-vida-portena-de-inicios-del-siglo-xx-de-su-amistad-con-gardel-a-la-pasion-por-la-noche\/\" \/>\n<meta property=\"og:locale\" content=\"es_ES\" \/>\n<meta property=\"og:type\" content=\"article\" \/>\n<meta property=\"og:title\" content=\"Nicol\u00e1s Olivari, el poeta que reflej\u00f3 la vida porte\u00f1a de inicios del siglo XX: de su amistad con Gardel a la pasi\u00f3n por la noche - Lobos News\" \/>\n<meta property=\"og:description\" content=\"\u201cCon el codo en la mesa mugrienta y la vista clavada en un sue\u00f1o, piensa el tano Domingo Polenta en el drama de su inmigraci\u00f3n. Y en la sucia cantina que canta la nostalgia del viejo paese desafina su ronca garganta ya curtida de vino Carlon\u201d, comienza diciendo la letra del tango La Violeta, que...\" \/>\n<meta property=\"og:url\" content=\"https:\/\/lobosnews.com.ar\/index.php\/2026\/03\/10\/nicolas-olivari-el-poeta-que-reflejo-la-vida-portena-de-inicios-del-siglo-xx-de-su-amistad-con-gardel-a-la-pasion-por-la-noche\/\" \/>\n<meta property=\"og:site_name\" content=\"Lobos News\" \/>\n<meta property=\"article:published_time\" content=\"2026-03-10T04:58:22+00:00\" \/>\n<meta property=\"article:modified_time\" content=\"2026-03-10T06:08:49+00:00\" \/>\n<meta property=\"og:image\" content=\"https:\/\/lobosnews.com.ar\/wp-content\/uploads\/2026\/03\/nicolas-olivari-el-poeta-que-reflejo-la-vida-portena-de-inicios-del-siglo-xx-de-su-amistad-con-gardel-a-la-pasion-por-la-noche.jpg\" \/>\n<meta name=\"author\" content=\"admin\" \/>\n<meta name=\"twitter:card\" content=\"summary_large_image\" \/>\n<meta name=\"twitter:label1\" content=\"Escrito por\" \/>\n\t<meta name=\"twitter:data1\" content=\"admin\" \/>\n\t<meta name=\"twitter:label2\" content=\"Tiempo de lectura\" \/>\n\t<meta name=\"twitter:data2\" content=\"7 minutos\" \/>\n<script type=\"application\/ld+json\" class=\"yoast-schema-graph\">{\"@context\":\"https:\/\/schema.org\",\"@graph\":[{\"@type\":\"Article\",\"@id\":\"https:\/\/lobosnews.com.ar\/index.php\/2026\/03\/10\/nicolas-olivari-el-poeta-que-reflejo-la-vida-portena-de-inicios-del-siglo-xx-de-su-amistad-con-gardel-a-la-pasion-por-la-noche\/#article\",\"isPartOf\":{\"@id\":\"https:\/\/lobosnews.com.ar\/index.php\/2026\/03\/10\/nicolas-olivari-el-poeta-que-reflejo-la-vida-portena-de-inicios-del-siglo-xx-de-su-amistad-con-gardel-a-la-pasion-por-la-noche\/\"},\"author\":{\"name\":\"admin\",\"@id\":\"https:\/\/lobosnews.com.ar\/#\/schema\/person\/232422a593d5c541dd9aef6aaed10943\"},\"headline\":\"Nicol\u00e1s Olivari, el poeta que reflej\u00f3 la vida porte\u00f1a de inicios del siglo XX: de su amistad con Gardel a la pasi\u00f3n por la noche\",\"datePublished\":\"2026-03-10T04:58:22+00:00\",\"dateModified\":\"2026-03-10T06:08:49+00:00\",\"mainEntityOfPage\":{\"@id\":\"https:\/\/lobosnews.com.ar\/index.php\/2026\/03\/10\/nicolas-olivari-el-poeta-que-reflejo-la-vida-portena-de-inicios-del-siglo-xx-de-su-amistad-con-gardel-a-la-pasion-por-la-noche\/\"},\"wordCount\":1351,\"commentCount\":0,\"publisher\":{\"@id\":\"https:\/\/lobosnews.com.ar\/#organization\"},\"image\":{\"@id\":\"https:\/\/lobosnews.com.ar\/index.php\/2026\/03\/10\/nicolas-olivari-el-poeta-que-reflejo-la-vida-portena-de-inicios-del-siglo-xx-de-su-amistad-con-gardel-a-la-pasion-por-la-noche\/#primaryimage\"},\"thumbnailUrl\":\"https:\/\/lobosnews.com.ar\/wp-content\/uploads\/2026\/03\/nicolas-olivari-el-poeta-que-reflejo-la-vida-portena-de-inicios-del-siglo-xx-de-su-amistad-con-gardel-a-la-pasion-por-la-noche-4-scaled.jpg\",\"articleSection\":[\"Actualidad\",\"Argentina\",\"econom\u00eda\",\"inseguridad\",\"masradios.com\",\"nacionales\",\"seguridad\",\"sociedad\"],\"inLanguage\":\"es\",\"potentialAction\":[{\"@type\":\"CommentAction\",\"name\":\"Comment\",\"target\":[\"https:\/\/lobosnews.com.ar\/index.php\/2026\/03\/10\/nicolas-olivari-el-poeta-que-reflejo-la-vida-portena-de-inicios-del-siglo-xx-de-su-amistad-con-gardel-a-la-pasion-por-la-noche\/#respond\"]}]},{\"@type\":\"WebPage\",\"@id\":\"https:\/\/lobosnews.com.ar\/index.php\/2026\/03\/10\/nicolas-olivari-el-poeta-que-reflejo-la-vida-portena-de-inicios-del-siglo-xx-de-su-amistad-con-gardel-a-la-pasion-por-la-noche\/\",\"url\":\"https:\/\/lobosnews.com.ar\/index.php\/2026\/03\/10\/nicolas-olivari-el-poeta-que-reflejo-la-vida-portena-de-inicios-del-siglo-xx-de-su-amistad-con-gardel-a-la-pasion-por-la-noche\/\",\"name\":\"Nicol\u00e1s Olivari, el poeta que reflej\u00f3 la vida porte\u00f1a de inicios del siglo XX: de su amistad con Gardel a la pasi\u00f3n por la noche - Lobos News\",\"isPartOf\":{\"@id\":\"https:\/\/lobosnews.com.ar\/#website\"},\"primaryImageOfPage\":{\"@id\":\"https:\/\/lobosnews.com.ar\/index.php\/2026\/03\/10\/nicolas-olivari-el-poeta-que-reflejo-la-vida-portena-de-inicios-del-siglo-xx-de-su-amistad-con-gardel-a-la-pasion-por-la-noche\/#primaryimage\"},\"image\":{\"@id\":\"https:\/\/lobosnews.com.ar\/index.php\/2026\/03\/10\/nicolas-olivari-el-poeta-que-reflejo-la-vida-portena-de-inicios-del-siglo-xx-de-su-amistad-con-gardel-a-la-pasion-por-la-noche\/#primaryimage\"},\"thumbnailUrl\":\"https:\/\/lobosnews.com.ar\/wp-content\/uploads\/2026\/03\/nicolas-olivari-el-poeta-que-reflejo-la-vida-portena-de-inicios-del-siglo-xx-de-su-amistad-con-gardel-a-la-pasion-por-la-noche-4-scaled.jpg\",\"datePublished\":\"2026-03-10T04:58:22+00:00\",\"dateModified\":\"2026-03-10T06:08:49+00:00\",\"breadcrumb\":{\"@id\":\"https:\/\/lobosnews.com.ar\/index.php\/2026\/03\/10\/nicolas-olivari-el-poeta-que-reflejo-la-vida-portena-de-inicios-del-siglo-xx-de-su-amistad-con-gardel-a-la-pasion-por-la-noche\/#breadcrumb\"},\"inLanguage\":\"es\",\"potentialAction\":[{\"@type\":\"ReadAction\",\"target\":[\"https:\/\/lobosnews.com.ar\/index.php\/2026\/03\/10\/nicolas-olivari-el-poeta-que-reflejo-la-vida-portena-de-inicios-del-siglo-xx-de-su-amistad-con-gardel-a-la-pasion-por-la-noche\/\"]}]},{\"@type\":\"ImageObject\",\"inLanguage\":\"es\",\"@id\":\"https:\/\/lobosnews.com.ar\/index.php\/2026\/03\/10\/nicolas-olivari-el-poeta-que-reflejo-la-vida-portena-de-inicios-del-siglo-xx-de-su-amistad-con-gardel-a-la-pasion-por-la-noche\/#primaryimage\",\"url\":\"https:\/\/lobosnews.com.ar\/wp-content\/uploads\/2026\/03\/nicolas-olivari-el-poeta-que-reflejo-la-vida-portena-de-inicios-del-siglo-xx-de-su-amistad-con-gardel-a-la-pasion-por-la-noche-4-scaled.jpg\",\"contentUrl\":\"https:\/\/lobosnews.com.ar\/wp-content\/uploads\/2026\/03\/nicolas-olivari-el-poeta-que-reflejo-la-vida-portena-de-inicios-del-siglo-xx-de-su-amistad-con-gardel-a-la-pasion-por-la-noche-4-scaled.jpg\",\"width\":1699,\"height\":2560,\"caption\":\"Nicol\u00e1s Olivari, el poeta que reflej\u00f3 la vida porte\u00f1a de inicios del siglo XX: de su amistad con Gardel a la pasi\u00f3n por la noche\"},{\"@type\":\"BreadcrumbList\",\"@id\":\"https:\/\/lobosnews.com.ar\/index.php\/2026\/03\/10\/nicolas-olivari-el-poeta-que-reflejo-la-vida-portena-de-inicios-del-siglo-xx-de-su-amistad-con-gardel-a-la-pasion-por-la-noche\/#breadcrumb\",\"itemListElement\":[{\"@type\":\"ListItem\",\"position\":1,\"name\":\"Portada\",\"item\":\"https:\/\/lobosnews.com.ar\/\"},{\"@type\":\"ListItem\",\"position\":2,\"name\":\"Nicol\u00e1s Olivari, el poeta que reflej\u00f3 la vida porte\u00f1a de inicios del siglo XX: de su amistad con Gardel a la pasi\u00f3n por la noche\"}]},{\"@type\":\"WebSite\",\"@id\":\"https:\/\/lobosnews.com.ar\/#website\",\"url\":\"https:\/\/lobosnews.com.ar\/\",\"name\":\"Lobos News\",\"description\":\"Informaci\u00f3n a cada instante\",\"publisher\":{\"@id\":\"https:\/\/lobosnews.com.ar\/#organization\"},\"potentialAction\":[{\"@type\":\"SearchAction\",\"target\":{\"@type\":\"EntryPoint\",\"urlTemplate\":\"https:\/\/lobosnews.com.ar\/?s={search_term_string}\"},\"query-input\":{\"@type\":\"PropertyValueSpecification\",\"valueRequired\":true,\"valueName\":\"search_term_string\"}}],\"inLanguage\":\"es\"},{\"@type\":\"Organization\",\"@id\":\"https:\/\/lobosnews.com.ar\/#organization\",\"name\":\"Lobos News\",\"url\":\"https:\/\/lobosnews.com.ar\/\",\"logo\":{\"@type\":\"ImageObject\",\"inLanguage\":\"es\",\"@id\":\"https:\/\/lobosnews.com.ar\/#\/schema\/logo\/image\/\",\"url\":\"https:\/\/lobosnews.com.ar\/wp-content\/uploads\/2026\/01\/logo-lobosnews.png\",\"contentUrl\":\"https:\/\/lobosnews.com.ar\/wp-content\/uploads\/2026\/01\/logo-lobosnews.png\",\"width\":500,\"height\":200,\"caption\":\"Lobos News\"},\"image\":{\"@id\":\"https:\/\/lobosnews.com.ar\/#\/schema\/logo\/image\/\"}},{\"@type\":\"Person\",\"@id\":\"https:\/\/lobosnews.com.ar\/#\/schema\/person\/232422a593d5c541dd9aef6aaed10943\",\"name\":\"admin\",\"image\":{\"@type\":\"ImageObject\",\"inLanguage\":\"es\",\"@id\":\"https:\/\/lobosnews.com.ar\/#\/schema\/person\/image\/\",\"url\":\"https:\/\/secure.gravatar.com\/avatar\/76e419471a2083bc3ceab22a763dbbf9b0c1bd15a6214cf3280e2c2dde4580f9?s=96&d=mm&r=g\",\"contentUrl\":\"https:\/\/secure.gravatar.com\/avatar\/76e419471a2083bc3ceab22a763dbbf9b0c1bd15a6214cf3280e2c2dde4580f9?s=96&d=mm&r=g\",\"caption\":\"admin\"},\"sameAs\":[\"https:\/\/lobosnews.com.ar\"],\"url\":\"https:\/\/lobosnews.com.ar\/index.php\/author\/lobos-news\/\"}]}<\/script>\n<!-- \/ Yoast SEO plugin. -->","yoast_head_json":{"title":"Nicol\u00e1s Olivari, el poeta que reflej\u00f3 la vida porte\u00f1a de inicios del siglo XX: de su amistad con Gardel a la pasi\u00f3n por la noche - Lobos News","robots":{"index":"index","follow":"follow","max-snippet":"max-snippet:-1","max-image-preview":"max-image-preview:large","max-video-preview":"max-video-preview:-1"},"canonical":"https:\/\/lobosnews.com.ar\/index.php\/2026\/03\/10\/nicolas-olivari-el-poeta-que-reflejo-la-vida-portena-de-inicios-del-siglo-xx-de-su-amistad-con-gardel-a-la-pasion-por-la-noche\/","og_locale":"es_ES","og_type":"article","og_title":"Nicol\u00e1s Olivari, el poeta que reflej\u00f3 la vida porte\u00f1a de inicios del siglo XX: de su amistad con Gardel a la pasi\u00f3n por la noche - Lobos News","og_description":"\u201cCon el codo en la mesa mugrienta y la vista clavada en un sue\u00f1o, piensa el tano Domingo Polenta en el drama de su inmigraci\u00f3n. Y en la sucia cantina que canta la nostalgia del viejo paese desafina su ronca garganta ya curtida de vino Carlon\u201d, comienza diciendo la letra del tango La Violeta, que...","og_url":"https:\/\/lobosnews.com.ar\/index.php\/2026\/03\/10\/nicolas-olivari-el-poeta-que-reflejo-la-vida-portena-de-inicios-del-siglo-xx-de-su-amistad-con-gardel-a-la-pasion-por-la-noche\/","og_site_name":"Lobos News","article_published_time":"2026-03-10T04:58:22+00:00","article_modified_time":"2026-03-10T06:08:49+00:00","og_image":[{"url":"https:\/\/lobosnews.com.ar\/wp-content\/uploads\/2026\/03\/nicolas-olivari-el-poeta-que-reflejo-la-vida-portena-de-inicios-del-siglo-xx-de-su-amistad-con-gardel-a-la-pasion-por-la-noche.jpg","type":"","width":"","height":""}],"author":"admin","twitter_card":"summary_large_image","twitter_misc":{"Escrito por":"admin","Tiempo de lectura":"7 minutos"},"schema":{"@context":"https:\/\/schema.org","@graph":[{"@type":"Article","@id":"https:\/\/lobosnews.com.ar\/index.php\/2026\/03\/10\/nicolas-olivari-el-poeta-que-reflejo-la-vida-portena-de-inicios-del-siglo-xx-de-su-amistad-con-gardel-a-la-pasion-por-la-noche\/#article","isPartOf":{"@id":"https:\/\/lobosnews.com.ar\/index.php\/2026\/03\/10\/nicolas-olivari-el-poeta-que-reflejo-la-vida-portena-de-inicios-del-siglo-xx-de-su-amistad-con-gardel-a-la-pasion-por-la-noche\/"},"author":{"name":"admin","@id":"https:\/\/lobosnews.com.ar\/#\/schema\/person\/232422a593d5c541dd9aef6aaed10943"},"headline":"Nicol\u00e1s Olivari, el poeta que reflej\u00f3 la vida porte\u00f1a de inicios del siglo XX: de su amistad con Gardel a la pasi\u00f3n por la noche","datePublished":"2026-03-10T04:58:22+00:00","dateModified":"2026-03-10T06:08:49+00:00","mainEntityOfPage":{"@id":"https:\/\/lobosnews.com.ar\/index.php\/2026\/03\/10\/nicolas-olivari-el-poeta-que-reflejo-la-vida-portena-de-inicios-del-siglo-xx-de-su-amistad-con-gardel-a-la-pasion-por-la-noche\/"},"wordCount":1351,"commentCount":0,"publisher":{"@id":"https:\/\/lobosnews.com.ar\/#organization"},"image":{"@id":"https:\/\/lobosnews.com.ar\/index.php\/2026\/03\/10\/nicolas-olivari-el-poeta-que-reflejo-la-vida-portena-de-inicios-del-siglo-xx-de-su-amistad-con-gardel-a-la-pasion-por-la-noche\/#primaryimage"},"thumbnailUrl":"https:\/\/lobosnews.com.ar\/wp-content\/uploads\/2026\/03\/nicolas-olivari-el-poeta-que-reflejo-la-vida-portena-de-inicios-del-siglo-xx-de-su-amistad-con-gardel-a-la-pasion-por-la-noche-4-scaled.jpg","articleSection":["Actualidad","Argentina","econom\u00eda","inseguridad","masradios.com","nacionales","seguridad","sociedad"],"inLanguage":"es","potentialAction":[{"@type":"CommentAction","name":"Comment","target":["https:\/\/lobosnews.com.ar\/index.php\/2026\/03\/10\/nicolas-olivari-el-poeta-que-reflejo-la-vida-portena-de-inicios-del-siglo-xx-de-su-amistad-con-gardel-a-la-pasion-por-la-noche\/#respond"]}]},{"@type":"WebPage","@id":"https:\/\/lobosnews.com.ar\/index.php\/2026\/03\/10\/nicolas-olivari-el-poeta-que-reflejo-la-vida-portena-de-inicios-del-siglo-xx-de-su-amistad-con-gardel-a-la-pasion-por-la-noche\/","url":"https:\/\/lobosnews.com.ar\/index.php\/2026\/03\/10\/nicolas-olivari-el-poeta-que-reflejo-la-vida-portena-de-inicios-del-siglo-xx-de-su-amistad-con-gardel-a-la-pasion-por-la-noche\/","name":"Nicol\u00e1s Olivari, el poeta que reflej\u00f3 la vida porte\u00f1a de inicios del siglo XX: de su amistad con Gardel a la pasi\u00f3n por la noche - Lobos News","isPartOf":{"@id":"https:\/\/lobosnews.com.ar\/#website"},"primaryImageOfPage":{"@id":"https:\/\/lobosnews.com.ar\/index.php\/2026\/03\/10\/nicolas-olivari-el-poeta-que-reflejo-la-vida-portena-de-inicios-del-siglo-xx-de-su-amistad-con-gardel-a-la-pasion-por-la-noche\/#primaryimage"},"image":{"@id":"https:\/\/lobosnews.com.ar\/index.php\/2026\/03\/10\/nicolas-olivari-el-poeta-que-reflejo-la-vida-portena-de-inicios-del-siglo-xx-de-su-amistad-con-gardel-a-la-pasion-por-la-noche\/#primaryimage"},"thumbnailUrl":"https:\/\/lobosnews.com.ar\/wp-content\/uploads\/2026\/03\/nicolas-olivari-el-poeta-que-reflejo-la-vida-portena-de-inicios-del-siglo-xx-de-su-amistad-con-gardel-a-la-pasion-por-la-noche-4-scaled.jpg","datePublished":"2026-03-10T04:58:22+00:00","dateModified":"2026-03-10T06:08:49+00:00","breadcrumb":{"@id":"https:\/\/lobosnews.com.ar\/index.php\/2026\/03\/10\/nicolas-olivari-el-poeta-que-reflejo-la-vida-portena-de-inicios-del-siglo-xx-de-su-amistad-con-gardel-a-la-pasion-por-la-noche\/#breadcrumb"},"inLanguage":"es","potentialAction":[{"@type":"ReadAction","target":["https:\/\/lobosnews.com.ar\/index.php\/2026\/03\/10\/nicolas-olivari-el-poeta-que-reflejo-la-vida-portena-de-inicios-del-siglo-xx-de-su-amistad-con-gardel-a-la-pasion-por-la-noche\/"]}]},{"@type":"ImageObject","inLanguage":"es","@id":"https:\/\/lobosnews.com.ar\/index.php\/2026\/03\/10\/nicolas-olivari-el-poeta-que-reflejo-la-vida-portena-de-inicios-del-siglo-xx-de-su-amistad-con-gardel-a-la-pasion-por-la-noche\/#primaryimage","url":"https:\/\/lobosnews.com.ar\/wp-content\/uploads\/2026\/03\/nicolas-olivari-el-poeta-que-reflejo-la-vida-portena-de-inicios-del-siglo-xx-de-su-amistad-con-gardel-a-la-pasion-por-la-noche-4-scaled.jpg","contentUrl":"https:\/\/lobosnews.com.ar\/wp-content\/uploads\/2026\/03\/nicolas-olivari-el-poeta-que-reflejo-la-vida-portena-de-inicios-del-siglo-xx-de-su-amistad-con-gardel-a-la-pasion-por-la-noche-4-scaled.jpg","width":1699,"height":2560,"caption":"Nicol\u00e1s Olivari, el poeta que reflej\u00f3 la vida porte\u00f1a de inicios del siglo XX: de su amistad con Gardel a la pasi\u00f3n por la noche"},{"@type":"BreadcrumbList","@id":"https:\/\/lobosnews.com.ar\/index.php\/2026\/03\/10\/nicolas-olivari-el-poeta-que-reflejo-la-vida-portena-de-inicios-del-siglo-xx-de-su-amistad-con-gardel-a-la-pasion-por-la-noche\/#breadcrumb","itemListElement":[{"@type":"ListItem","position":1,"name":"Portada","item":"https:\/\/lobosnews.com.ar\/"},{"@type":"ListItem","position":2,"name":"Nicol\u00e1s Olivari, el poeta que reflej\u00f3 la vida porte\u00f1a de inicios del siglo XX: de su amistad con Gardel a la pasi\u00f3n por la noche"}]},{"@type":"WebSite","@id":"https:\/\/lobosnews.com.ar\/#website","url":"https:\/\/lobosnews.com.ar\/","name":"Lobos News","description":"Informaci\u00f3n a cada instante","publisher":{"@id":"https:\/\/lobosnews.com.ar\/#organization"},"potentialAction":[{"@type":"SearchAction","target":{"@type":"EntryPoint","urlTemplate":"https:\/\/lobosnews.com.ar\/?s={search_term_string}"},"query-input":{"@type":"PropertyValueSpecification","valueRequired":true,"valueName":"search_term_string"}}],"inLanguage":"es"},{"@type":"Organization","@id":"https:\/\/lobosnews.com.ar\/#organization","name":"Lobos News","url":"https:\/\/lobosnews.com.ar\/","logo":{"@type":"ImageObject","inLanguage":"es","@id":"https:\/\/lobosnews.com.ar\/#\/schema\/logo\/image\/","url":"https:\/\/lobosnews.com.ar\/wp-content\/uploads\/2026\/01\/logo-lobosnews.png","contentUrl":"https:\/\/lobosnews.com.ar\/wp-content\/uploads\/2026\/01\/logo-lobosnews.png","width":500,"height":200,"caption":"Lobos News"},"image":{"@id":"https:\/\/lobosnews.com.ar\/#\/schema\/logo\/image\/"}},{"@type":"Person","@id":"https:\/\/lobosnews.com.ar\/#\/schema\/person\/232422a593d5c541dd9aef6aaed10943","name":"admin","image":{"@type":"ImageObject","inLanguage":"es","@id":"https:\/\/lobosnews.com.ar\/#\/schema\/person\/image\/","url":"https:\/\/secure.gravatar.com\/avatar\/76e419471a2083bc3ceab22a763dbbf9b0c1bd15a6214cf3280e2c2dde4580f9?s=96&d=mm&r=g","contentUrl":"https:\/\/secure.gravatar.com\/avatar\/76e419471a2083bc3ceab22a763dbbf9b0c1bd15a6214cf3280e2c2dde4580f9?s=96&d=mm&r=g","caption":"admin"},"sameAs":["https:\/\/lobosnews.com.ar"],"url":"https:\/\/lobosnews.com.ar\/index.php\/author\/lobos-news\/"}]}},"jetpack_featured_media_url":"https:\/\/lobosnews.com.ar\/wp-content\/uploads\/2026\/03\/nicolas-olivari-el-poeta-que-reflejo-la-vida-portena-de-inicios-del-siglo-xx-de-su-amistad-con-gardel-a-la-pasion-por-la-noche-4-scaled.jpg","jetpack_sharing_enabled":true,"_links":{"self":[{"href":"https:\/\/lobosnews.com.ar\/index.php\/wp-json\/wp\/v2\/posts\/31500","targetHints":{"allow":["GET"]}}],"collection":[{"href":"https:\/\/lobosnews.com.ar\/index.php\/wp-json\/wp\/v2\/posts"}],"about":[{"href":"https:\/\/lobosnews.com.ar\/index.php\/wp-json\/wp\/v2\/types\/post"}],"author":[{"embeddable":true,"href":"https:\/\/lobosnews.com.ar\/index.php\/wp-json\/wp\/v2\/users\/1"}],"replies":[{"embeddable":true,"href":"https:\/\/lobosnews.com.ar\/index.php\/wp-json\/wp\/v2\/comments?post=31500"}],"version-history":[{"count":1,"href":"https:\/\/lobosnews.com.ar\/index.php\/wp-json\/wp\/v2\/posts\/31500\/revisions"}],"predecessor-version":[{"id":31504,"href":"https:\/\/lobosnews.com.ar\/index.php\/wp-json\/wp\/v2\/posts\/31500\/revisions\/31504"}],"wp:featuredmedia":[{"embeddable":true,"href":"https:\/\/lobosnews.com.ar\/index.php\/wp-json\/wp\/v2\/media\/31505"}],"wp:attachment":[{"href":"https:\/\/lobosnews.com.ar\/index.php\/wp-json\/wp\/v2\/media?parent=31500"}],"wp:term":[{"taxonomy":"category","embeddable":true,"href":"https:\/\/lobosnews.com.ar\/index.php\/wp-json\/wp\/v2\/categories?post=31500"},{"taxonomy":"post_tag","embeddable":true,"href":"https:\/\/lobosnews.com.ar\/index.php\/wp-json\/wp\/v2\/tags?post=31500"}],"curies":[{"name":"wp","href":"https:\/\/api.w.org\/{rel}","templated":true}]}}