{"id":31470,"date":"2026-03-09T22:32:59","date_gmt":"2026-03-09T22:32:59","guid":{"rendered":"https:\/\/lobosnews.com.ar\/index.php\/2026\/03\/09\/luciano-castro-hablo-por-primera-vez-luego-de-su-internacion-pedi-ayuda-y-me-dieron-ayuda\/"},"modified":"2026-03-10T02:51:02","modified_gmt":"2026-03-10T02:51:02","slug":"luciano-castro-hablo-por-primera-vez-luego-de-su-internacion-pedi-ayuda-y-me-dieron-ayuda","status":"publish","type":"post","link":"https:\/\/lobosnews.com.ar\/index.php\/2026\/03\/09\/luciano-castro-hablo-por-primera-vez-luego-de-su-internacion-pedi-ayuda-y-me-dieron-ayuda\/","title":{"rendered":"Luciano Castro habl\u00f3 por primera vez luego de su internaci\u00f3n: \u00abPed\u00ed ayuda y me dieron ayuda\u00bb"},"content":{"rendered":"<p>Luego de <b>su internaci\u00f3n voluntaria y el alta ambulatoria<\/b>, <b>Luciano Castro<\/b> rompi\u00f3 el silencio en una entrevista exclusiva concedida a <b>Oliver Quiroz<\/b>, cronista del programa \u201cA la Tarde\u201d, conducido por <b>Karina Mazzocco<\/b> en <b>Am\u00e9rica TV<\/b>. Por primera vez, tras dejar la cl\u00ednica en la Ciudad de Buenos Aires, el actor comparti\u00f3 su testimonio en medio de una gran expectativa sobre su salud y proceso de recuperaci\u00f3n.<\/p>\n<p>En esta primera declaraci\u00f3n p\u00fablica, Luciano Castro explic\u00f3 que solicit\u00f3 ayuda profesional motivado por el desgaste emocional que atravesaba. Aclar\u00f3 que la decisi\u00f3n fue personal, no vinculada a adicciones ni patolog\u00edas graves, sino al deseo de encontrar contenci\u00f3n y apoyo terap\u00e9utico. Tras completar la etapa de internaci\u00f3n, el actor recibi\u00f3 el alta bajo modalidad de <b>tratamiento ambulatorio<\/b>, lo que le permite continuar su recuperaci\u00f3n con acompa\u00f1amiento profesional y el sost\u00e9n de su entorno cercano.<\/p>\n<p>Oliver Quiroz abord\u00f3 a Castro a la salida de la cl\u00ednica. El periodista insisti\u00f3 en conocer su estado, repitiendo preguntas ante el silencio inicial del actor: \u201c\u00bfC\u00f3mo est\u00e1s, Lu? \u00bfTodo bien? Saber c\u00f3mo est\u00e1s\u201d. Las c\u00e1maras de <i>A la Tarde<\/i> captaron cada momento de ese breve y tenso di\u00e1logo.<\/p>\n<p>Castro finalmente accedi\u00f3 a responder ante <b>Am\u00e9rica TV<\/b>: \u201cEstoy bien. Ped\u00ed ayuda. Ped\u00ed ayuda y me dieron ayuda. Me intern\u00e9. Es verdad, estuve en un lugar que me ayudaron mucho los profesionales del lugar, los compa\u00f1eros del lugar me contuvieron, me ayudaron\u201d.<\/p>\n<p><img loading=\"lazy\" decoding=\"async\" src=\"https:\/\/lobosnews.com.ar\/wp-content\/uploads\/2026\/03\/luciano-castro-hablo-por-primera-vez-luego-de-su-internacion-pedi-ayuda-y-me-dieron-ayuda.jpg\" alt=\"La primera aparici\u00f3n p\u00fablica de Luciano Castro luego de su internaci\u00f3n\" height=\"1080\" width=\"1920\"\/><\/p>\n<p>El actor profundiz\u00f3 en sus motivaciones: \u201cEstoy sanando para m\u00ed y para la gente que m\u00e1s me importa y m\u00e1s amo, que son mis hijos\u201d.<\/p>\n<p>Antes de retirarse, el actor reconoci\u00f3 la dificultad del proceso: \u201cEs largo y es angustiante. Estuve muy deprimido, pero por suerte ped\u00ed ayuda y me ayudaron, as\u00ed que es lo m\u00e1s importante\u201d.<\/p>\n<p>Quiroz consult\u00f3 si el regreso al trabajo ayudaba en su proceso de recuperaci\u00f3n. Visiblemente afectado, <b>Castro<\/b> concluy\u00f3: \u201cNo tengo m\u00e1s que decir. Que sigan bien\u201d. En ese instante, evit\u00f3 responder preguntas sobre su v\u00ednculo con <b>Griselda Siciliani<\/b> y parti\u00f3 en su veh\u00edculo, seg\u00fan se mostr\u00f3 el en pantalla.<\/p>\n<h2>Los motivos detr\u00e1s de su internaci\u00f3n <\/h2>\n<p>La decisi\u00f3n de <b>Castro<\/b> de ingresar voluntariamente a una cl\u00ednica en la Ciudad de Buenos Aires fue consecuencia directa de la ruptura con <b>Griselda Siciliani<\/b> y la difusi\u00f3n p\u00fablica de audios personales con una actriz y moza danesa en Madrid llamada Sarah Borell. El actor eligi\u00f3 la autointernaci\u00f3n para buscar \u201cun espacio de descanso y de introspecci\u00f3n\u201d, priorizando su estabilidad emocional por encima de cualquier otra consideraci\u00f3n.<\/p>\n<p>El panelista <b>Pepe Ochoa<\/b> detall\u00f3 en <i>LAM<\/i> que, desde el fin de su relaci\u00f3n con Siciliani, Castro experiment\u00f3 d\u00edas muy dif\u00edciles. \u201cDesde que ella lo dej\u00f3, empez\u00f3 a tener d\u00edas muy malos y no les encontraba sentido\u201d, resumi\u00f3 Ochoa.<\/p>\n<p>En di\u00e1logo con <b>Moria Cas\u00e1n<\/b> en <i>La Ma\u00f1ana con Moria<\/i>, Castro explic\u00f3: \u201cYo me intern\u00e9 porque quiero estar bien\u201d. El objetivo fue encontrar contenci\u00f3n profesional, frenar el desgaste medi\u00e1tico y preservar la intimidad frente a la presi\u00f3n p\u00fablica. <b>Siciliani<\/b>, por su parte, evit\u00f3 las declaraciones y pidi\u00f3 respeto por su privacidad: \u201cNo hablo de nada de intimidades ni de mi vida privada\u201d, respondi\u00f3 a la prensa.<\/p>\n<p>El tratamiento de <b>Castro<\/b> combin\u00f3 acompa\u00f1amiento terap\u00e9utico con un sistema de <b>alta ambulatoria<\/b>. Esto le permite reinsertarse gradualmente en su rutina, bajo la supervisi\u00f3n de profesionales y con apoyos telef\u00f3nicos o presenciales, seg\u00fan el avance cl\u00ednico.<\/p>\n<p><b>Rodrigo Lussich<\/b> precis\u00f3 que el seguimiento es continuo: \u201cTiene ambulatoria, va, viene, est\u00e1 custodiado todo el tiempo, llama, c\u00f3mo se siente, porque \u00e9l tiene que grabar\u201d.<\/p>\n<p>Durante la internaci\u00f3n, <b>Castro<\/b> comparti\u00f3 momentos con el actor <b>Juli\u00e1n Sierra<\/b>, quien tambi\u00e9n autoriz\u00f3 a <b>Moria Cas\u00e1n<\/b> a informar sobre su proceso. Cas\u00e1n expres\u00f3 al aire: \u201cEstamos acompa\u00f1\u00e1ndonos, estamos juntos, cada uno con su quilombo, pero yo estoy bien y mi voz sos vos\u201d.<\/p>\n<p>El acceso a la cl\u00ednica estuvo limitado para el exterior, salvo para la familia directa del actor. <b>Sabrina Rojas<\/b>, expareja de Castro, y sus hijos mantuvieron contacto, principalmente mediante videollamadas. Este c\u00edrculo garantiz\u00f3 contenci\u00f3n afectiva y respet\u00f3 la reserva solicitada.<\/p>\n<p>La recuperaci\u00f3n de <b>Luciano Castro<\/b> contin\u00faa con controles m\u00e9dicos peri\u00f3dicos y el respaldo de sus allegados. <\/p>\n","protected":false},"excerpt":{"rendered":"<p>Luego de su internaci\u00f3n voluntaria y el alta ambulatoria, Luciano Castro rompi\u00f3 el silencio en una entrevista exclusiva concedida a Oliver Quiroz, cronista del programa \u201cA la Tarde\u201d, conducido por Karina Mazzocco en Am\u00e9rica TV. Por primera vez, tras dejar la cl\u00ednica en la Ciudad de Buenos Aires, el actor comparti\u00f3 su testimonio en medio&#8230;<\/p>\n","protected":false},"author":1,"featured_media":31473,"comment_status":"open","ping_status":"closed","sticky":false,"template":"","format":"standard","meta":{"_jetpack_memberships_contains_paid_content":false,"footnotes":""},"categories":[79],"tags":[],"class_list":["post-31470","post","type-post","status-publish","format-standard","has-post-thumbnail","hentry","category-cine-y-series"],"magazineBlocksPostFeaturedMedia":{"thumbnail":"https:\/\/lobosnews.com.ar\/wp-content\/uploads\/2026\/03\/luciano-castro-hablo-por-primera-vez-luego-de-su-internacion-pedi-ayuda-y-me-dieron-ayuda-150x150.jpg","medium":"https:\/\/lobosnews.com.ar\/wp-content\/uploads\/2026\/03\/luciano-castro-hablo-por-primera-vez-luego-de-su-internacion-pedi-ayuda-y-me-dieron-ayuda-300x169.jpg","medium_large":"https:\/\/lobosnews.com.ar\/wp-content\/uploads\/2026\/03\/luciano-castro-hablo-por-primera-vez-luego-de-su-internacion-pedi-ayuda-y-me-dieron-ayuda-768x432.jpg","large":"https:\/\/lobosnews.com.ar\/wp-content\/uploads\/2026\/03\/luciano-castro-hablo-por-primera-vez-luego-de-su-internacion-pedi-ayuda-y-me-dieron-ayuda-1024x576.jpg","1536x1536":"https:\/\/lobosnews.com.ar\/wp-content\/uploads\/2026\/03\/luciano-castro-hablo-por-primera-vez-luego-de-su-internacion-pedi-ayuda-y-me-dieron-ayuda-1536x864.jpg","2048x2048":"https:\/\/lobosnews.com.ar\/wp-content\/uploads\/2026\/03\/luciano-castro-hablo-por-primera-vez-luego-de-su-internacion-pedi-ayuda-y-me-dieron-ayuda.jpg","newsmatic-featured":"https:\/\/lobosnews.com.ar\/wp-content\/uploads\/2026\/03\/luciano-castro-hablo-por-primera-vez-luego-de-su-internacion-pedi-ayuda-y-me-dieron-ayuda-820x545.jpg","newsmatic-list":"https:\/\/lobosnews.com.ar\/wp-content\/uploads\/2026\/03\/luciano-castro-hablo-por-primera-vez-luego-de-su-internacion-pedi-ayuda-y-me-dieron-ayuda-600x400.jpg","newsmatic-thumb":"https:\/\/lobosnews.com.ar\/wp-content\/uploads\/2026\/03\/luciano-castro-hablo-por-primera-vez-luego-de-su-internacion-pedi-ayuda-y-me-dieron-ayuda-300x200.jpg","newsmatic-small":"https:\/\/lobosnews.com.ar\/wp-content\/uploads\/2026\/03\/luciano-castro-hablo-por-primera-vez-luego-de-su-internacion-pedi-ayuda-y-me-dieron-ayuda-150x95.jpg","newsmatic-grid":"https:\/\/lobosnews.com.ar\/wp-content\/uploads\/2026\/03\/luciano-castro-hablo-por-primera-vez-luego-de-su-internacion-pedi-ayuda-y-me-dieron-ayuda-400x250.jpg"},"magazineBlocksPostAuthor":{"name":"admin","avatar":"https:\/\/secure.gravatar.com\/avatar\/76e419471a2083bc3ceab22a763dbbf9b0c1bd15a6214cf3280e2c2dde4580f9?s=96&d=mm&r=g"},"magazineBlocksPostCommentsNumber":"0","magazineBlocksPostExcerpt":"Luego de su internaci\u00f3n voluntaria y el alta ambulatoria, Luciano Castro rompi\u00f3 el silencio en una entrevista exclusiva concedida a Oliver Quiroz, cronista del programa \u201cA la Tarde\u201d, conducido por Karina Mazzocco en Am\u00e9rica TV. Por primera vez, tras dejar la cl\u00ednica en la Ciudad de Buenos Aires, el actor comparti\u00f3 su testimonio en medio...","magazineBlocksPostCategories":["Cine y Series"],"magazineBlocksPostViewCount":75,"magazineBlocksPostReadTime":4,"magazine_blocks_featured_image_url":{"full":["https:\/\/lobosnews.com.ar\/wp-content\/uploads\/2026\/03\/luciano-castro-hablo-por-primera-vez-luego-de-su-internacion-pedi-ayuda-y-me-dieron-ayuda.jpg",1920,1080,false],"medium":["https:\/\/lobosnews.com.ar\/wp-content\/uploads\/2026\/03\/luciano-castro-hablo-por-primera-vez-luego-de-su-internacion-pedi-ayuda-y-me-dieron-ayuda-300x169.jpg",300,169,true],"thumbnail":["https:\/\/lobosnews.com.ar\/wp-content\/uploads\/2026\/03\/luciano-castro-hablo-por-primera-vez-luego-de-su-internacion-pedi-ayuda-y-me-dieron-ayuda-150x150.jpg",150,150,true]},"magazine_blocks_author":{"display_name":"admin","author_link":"https:\/\/lobosnews.com.ar\/index.php\/author\/lobos-news\/"},"magazine_blocks_comment":0,"magazine_blocks_author_image":"https:\/\/secure.gravatar.com\/avatar\/76e419471a2083bc3ceab22a763dbbf9b0c1bd15a6214cf3280e2c2dde4580f9?s=96&d=mm&r=g","magazine_blocks_category":"<a href=\"#\" class=\"category-link category-link-79\">Cine y Series<\/a>","yoast_head":"<!-- This site is optimized with the Yoast SEO plugin v26.6 - https:\/\/yoast.com\/wordpress\/plugins\/seo\/ -->\n<title>Luciano Castro habl\u00f3 por primera vez luego de su internaci\u00f3n: \u00abPed\u00ed ayuda y me dieron ayuda\u00bb - Lobos News<\/title>\n<meta name=\"robots\" content=\"index, follow, max-snippet:-1, max-image-preview:large, max-video-preview:-1\" \/>\n<link rel=\"canonical\" href=\"https:\/\/lobosnews.com.ar\/index.php\/2026\/03\/09\/luciano-castro-hablo-por-primera-vez-luego-de-su-internacion-pedi-ayuda-y-me-dieron-ayuda\/\" \/>\n<meta property=\"og:locale\" content=\"es_ES\" \/>\n<meta property=\"og:type\" content=\"article\" \/>\n<meta property=\"og:title\" content=\"Luciano Castro habl\u00f3 por primera vez luego de su internaci\u00f3n: \u00abPed\u00ed ayuda y me dieron ayuda\u00bb - Lobos News\" \/>\n<meta property=\"og:description\" content=\"Luego de su internaci\u00f3n voluntaria y el alta ambulatoria, Luciano Castro rompi\u00f3 el silencio en una entrevista exclusiva concedida a Oliver Quiroz, cronista del programa \u201cA la Tarde\u201d, conducido por Karina Mazzocco en Am\u00e9rica TV. Por primera vez, tras dejar la cl\u00ednica en la Ciudad de Buenos Aires, el actor comparti\u00f3 su testimonio en medio...\" \/>\n<meta property=\"og:url\" content=\"https:\/\/lobosnews.com.ar\/index.php\/2026\/03\/09\/luciano-castro-hablo-por-primera-vez-luego-de-su-internacion-pedi-ayuda-y-me-dieron-ayuda\/\" \/>\n<meta property=\"og:site_name\" content=\"Lobos News\" \/>\n<meta property=\"article:published_time\" content=\"2026-03-09T22:32:59+00:00\" \/>\n<meta property=\"article:modified_time\" content=\"2026-03-10T02:51:02+00:00\" \/>\n<meta property=\"og:image\" content=\"https:\/\/lobosnews.com.ar\/wp-content\/uploads\/2026\/03\/luciano-castro-hablo-por-primera-vez-luego-de-su-internacion-pedi-ayuda-y-me-dieron-ayuda.jpg\" \/>\n<meta name=\"author\" content=\"admin\" \/>\n<meta name=\"twitter:card\" content=\"summary_large_image\" \/>\n<meta name=\"twitter:label1\" content=\"Escrito por\" \/>\n\t<meta name=\"twitter:data1\" content=\"admin\" \/>\n\t<meta name=\"twitter:label2\" content=\"Tiempo de lectura\" \/>\n\t<meta name=\"twitter:data2\" content=\"4 minutos\" \/>\n<script type=\"application\/ld+json\" class=\"yoast-schema-graph\">{\"@context\":\"https:\/\/schema.org\",\"@graph\":[{\"@type\":\"Article\",\"@id\":\"https:\/\/lobosnews.com.ar\/index.php\/2026\/03\/09\/luciano-castro-hablo-por-primera-vez-luego-de-su-internacion-pedi-ayuda-y-me-dieron-ayuda\/#article\",\"isPartOf\":{\"@id\":\"https:\/\/lobosnews.com.ar\/index.php\/2026\/03\/09\/luciano-castro-hablo-por-primera-vez-luego-de-su-internacion-pedi-ayuda-y-me-dieron-ayuda\/\"},\"author\":{\"name\":\"admin\",\"@id\":\"https:\/\/lobosnews.com.ar\/#\/schema\/person\/232422a593d5c541dd9aef6aaed10943\"},\"headline\":\"Luciano Castro habl\u00f3 por primera vez luego de su internaci\u00f3n: \u00abPed\u00ed ayuda y me dieron ayuda\u00bb\",\"datePublished\":\"2026-03-09T22:32:59+00:00\",\"dateModified\":\"2026-03-10T02:51:02+00:00\",\"mainEntityOfPage\":{\"@id\":\"https:\/\/lobosnews.com.ar\/index.php\/2026\/03\/09\/luciano-castro-hablo-por-primera-vez-luego-de-su-internacion-pedi-ayuda-y-me-dieron-ayuda\/\"},\"wordCount\":764,\"commentCount\":0,\"publisher\":{\"@id\":\"https:\/\/lobosnews.com.ar\/#organization\"},\"image\":{\"@id\":\"https:\/\/lobosnews.com.ar\/index.php\/2026\/03\/09\/luciano-castro-hablo-por-primera-vez-luego-de-su-internacion-pedi-ayuda-y-me-dieron-ayuda\/#primaryimage\"},\"thumbnailUrl\":\"https:\/\/lobosnews.com.ar\/wp-content\/uploads\/2026\/03\/luciano-castro-hablo-por-primera-vez-luego-de-su-internacion-pedi-ayuda-y-me-dieron-ayuda.jpg\",\"articleSection\":[\"Cine y Series\"],\"inLanguage\":\"es\",\"potentialAction\":[{\"@type\":\"CommentAction\",\"name\":\"Comment\",\"target\":[\"https:\/\/lobosnews.com.ar\/index.php\/2026\/03\/09\/luciano-castro-hablo-por-primera-vez-luego-de-su-internacion-pedi-ayuda-y-me-dieron-ayuda\/#respond\"]}]},{\"@type\":\"WebPage\",\"@id\":\"https:\/\/lobosnews.com.ar\/index.php\/2026\/03\/09\/luciano-castro-hablo-por-primera-vez-luego-de-su-internacion-pedi-ayuda-y-me-dieron-ayuda\/\",\"url\":\"https:\/\/lobosnews.com.ar\/index.php\/2026\/03\/09\/luciano-castro-hablo-por-primera-vez-luego-de-su-internacion-pedi-ayuda-y-me-dieron-ayuda\/\",\"name\":\"Luciano Castro habl\u00f3 por primera vez luego de su internaci\u00f3n: \u00abPed\u00ed ayuda y me dieron ayuda\u00bb - Lobos News\",\"isPartOf\":{\"@id\":\"https:\/\/lobosnews.com.ar\/#website\"},\"primaryImageOfPage\":{\"@id\":\"https:\/\/lobosnews.com.ar\/index.php\/2026\/03\/09\/luciano-castro-hablo-por-primera-vez-luego-de-su-internacion-pedi-ayuda-y-me-dieron-ayuda\/#primaryimage\"},\"image\":{\"@id\":\"https:\/\/lobosnews.com.ar\/index.php\/2026\/03\/09\/luciano-castro-hablo-por-primera-vez-luego-de-su-internacion-pedi-ayuda-y-me-dieron-ayuda\/#primaryimage\"},\"thumbnailUrl\":\"https:\/\/lobosnews.com.ar\/wp-content\/uploads\/2026\/03\/luciano-castro-hablo-por-primera-vez-luego-de-su-internacion-pedi-ayuda-y-me-dieron-ayuda.jpg\",\"datePublished\":\"2026-03-09T22:32:59+00:00\",\"dateModified\":\"2026-03-10T02:51:02+00:00\",\"breadcrumb\":{\"@id\":\"https:\/\/lobosnews.com.ar\/index.php\/2026\/03\/09\/luciano-castro-hablo-por-primera-vez-luego-de-su-internacion-pedi-ayuda-y-me-dieron-ayuda\/#breadcrumb\"},\"inLanguage\":\"es\",\"potentialAction\":[{\"@type\":\"ReadAction\",\"target\":[\"https:\/\/lobosnews.com.ar\/index.php\/2026\/03\/09\/luciano-castro-hablo-por-primera-vez-luego-de-su-internacion-pedi-ayuda-y-me-dieron-ayuda\/\"]}]},{\"@type\":\"ImageObject\",\"inLanguage\":\"es\",\"@id\":\"https:\/\/lobosnews.com.ar\/index.php\/2026\/03\/09\/luciano-castro-hablo-por-primera-vez-luego-de-su-internacion-pedi-ayuda-y-me-dieron-ayuda\/#primaryimage\",\"url\":\"https:\/\/lobosnews.com.ar\/wp-content\/uploads\/2026\/03\/luciano-castro-hablo-por-primera-vez-luego-de-su-internacion-pedi-ayuda-y-me-dieron-ayuda.jpg\",\"contentUrl\":\"https:\/\/lobosnews.com.ar\/wp-content\/uploads\/2026\/03\/luciano-castro-hablo-por-primera-vez-luego-de-su-internacion-pedi-ayuda-y-me-dieron-ayuda.jpg\",\"width\":1920,\"height\":1080,\"caption\":\"Luciano Castro habl\u00f3 por primera vez luego de su internaci\u00f3n: \u00abPed\u00ed ayuda y me dieron ayuda\u00bb\"},{\"@type\":\"BreadcrumbList\",\"@id\":\"https:\/\/lobosnews.com.ar\/index.php\/2026\/03\/09\/luciano-castro-hablo-por-primera-vez-luego-de-su-internacion-pedi-ayuda-y-me-dieron-ayuda\/#breadcrumb\",\"itemListElement\":[{\"@type\":\"ListItem\",\"position\":1,\"name\":\"Portada\",\"item\":\"https:\/\/lobosnews.com.ar\/\"},{\"@type\":\"ListItem\",\"position\":2,\"name\":\"Luciano Castro habl\u00f3 por primera vez luego de su internaci\u00f3n: \u00abPed\u00ed ayuda y me dieron ayuda\u00bb\"}]},{\"@type\":\"WebSite\",\"@id\":\"https:\/\/lobosnews.com.ar\/#website\",\"url\":\"https:\/\/lobosnews.com.ar\/\",\"name\":\"Lobos News\",\"description\":\"Informaci\u00f3n a cada instante\",\"publisher\":{\"@id\":\"https:\/\/lobosnews.com.ar\/#organization\"},\"potentialAction\":[{\"@type\":\"SearchAction\",\"target\":{\"@type\":\"EntryPoint\",\"urlTemplate\":\"https:\/\/lobosnews.com.ar\/?s={search_term_string}\"},\"query-input\":{\"@type\":\"PropertyValueSpecification\",\"valueRequired\":true,\"valueName\":\"search_term_string\"}}],\"inLanguage\":\"es\"},{\"@type\":\"Organization\",\"@id\":\"https:\/\/lobosnews.com.ar\/#organization\",\"name\":\"Lobos News\",\"url\":\"https:\/\/lobosnews.com.ar\/\",\"logo\":{\"@type\":\"ImageObject\",\"inLanguage\":\"es\",\"@id\":\"https:\/\/lobosnews.com.ar\/#\/schema\/logo\/image\/\",\"url\":\"https:\/\/lobosnews.com.ar\/wp-content\/uploads\/2026\/01\/logo-lobosnews.png\",\"contentUrl\":\"https:\/\/lobosnews.com.ar\/wp-content\/uploads\/2026\/01\/logo-lobosnews.png\",\"width\":500,\"height\":200,\"caption\":\"Lobos News\"},\"image\":{\"@id\":\"https:\/\/lobosnews.com.ar\/#\/schema\/logo\/image\/\"}},{\"@type\":\"Person\",\"@id\":\"https:\/\/lobosnews.com.ar\/#\/schema\/person\/232422a593d5c541dd9aef6aaed10943\",\"name\":\"admin\",\"image\":{\"@type\":\"ImageObject\",\"inLanguage\":\"es\",\"@id\":\"https:\/\/lobosnews.com.ar\/#\/schema\/person\/image\/\",\"url\":\"https:\/\/secure.gravatar.com\/avatar\/76e419471a2083bc3ceab22a763dbbf9b0c1bd15a6214cf3280e2c2dde4580f9?s=96&d=mm&r=g\",\"contentUrl\":\"https:\/\/secure.gravatar.com\/avatar\/76e419471a2083bc3ceab22a763dbbf9b0c1bd15a6214cf3280e2c2dde4580f9?s=96&d=mm&r=g\",\"caption\":\"admin\"},\"sameAs\":[\"https:\/\/lobosnews.com.ar\"],\"url\":\"https:\/\/lobosnews.com.ar\/index.php\/author\/lobos-news\/\"}]}<\/script>\n<!-- \/ Yoast SEO plugin. -->","yoast_head_json":{"title":"Luciano Castro habl\u00f3 por primera vez luego de su internaci\u00f3n: \u00abPed\u00ed ayuda y me dieron ayuda\u00bb - Lobos News","robots":{"index":"index","follow":"follow","max-snippet":"max-snippet:-1","max-image-preview":"max-image-preview:large","max-video-preview":"max-video-preview:-1"},"canonical":"https:\/\/lobosnews.com.ar\/index.php\/2026\/03\/09\/luciano-castro-hablo-por-primera-vez-luego-de-su-internacion-pedi-ayuda-y-me-dieron-ayuda\/","og_locale":"es_ES","og_type":"article","og_title":"Luciano Castro habl\u00f3 por primera vez luego de su internaci\u00f3n: \u00abPed\u00ed ayuda y me dieron ayuda\u00bb - Lobos News","og_description":"Luego de su internaci\u00f3n voluntaria y el alta ambulatoria, Luciano Castro rompi\u00f3 el silencio en una entrevista exclusiva concedida a Oliver Quiroz, cronista del programa \u201cA la Tarde\u201d, conducido por Karina Mazzocco en Am\u00e9rica TV. Por primera vez, tras dejar la cl\u00ednica en la Ciudad de Buenos Aires, el actor comparti\u00f3 su testimonio en medio...","og_url":"https:\/\/lobosnews.com.ar\/index.php\/2026\/03\/09\/luciano-castro-hablo-por-primera-vez-luego-de-su-internacion-pedi-ayuda-y-me-dieron-ayuda\/","og_site_name":"Lobos News","article_published_time":"2026-03-09T22:32:59+00:00","article_modified_time":"2026-03-10T02:51:02+00:00","og_image":[{"url":"https:\/\/lobosnews.com.ar\/wp-content\/uploads\/2026\/03\/luciano-castro-hablo-por-primera-vez-luego-de-su-internacion-pedi-ayuda-y-me-dieron-ayuda.jpg","type":"","width":"","height":""}],"author":"admin","twitter_card":"summary_large_image","twitter_misc":{"Escrito por":"admin","Tiempo de lectura":"4 minutos"},"schema":{"@context":"https:\/\/schema.org","@graph":[{"@type":"Article","@id":"https:\/\/lobosnews.com.ar\/index.php\/2026\/03\/09\/luciano-castro-hablo-por-primera-vez-luego-de-su-internacion-pedi-ayuda-y-me-dieron-ayuda\/#article","isPartOf":{"@id":"https:\/\/lobosnews.com.ar\/index.php\/2026\/03\/09\/luciano-castro-hablo-por-primera-vez-luego-de-su-internacion-pedi-ayuda-y-me-dieron-ayuda\/"},"author":{"name":"admin","@id":"https:\/\/lobosnews.com.ar\/#\/schema\/person\/232422a593d5c541dd9aef6aaed10943"},"headline":"Luciano Castro habl\u00f3 por primera vez luego de su internaci\u00f3n: \u00abPed\u00ed ayuda y me dieron ayuda\u00bb","datePublished":"2026-03-09T22:32:59+00:00","dateModified":"2026-03-10T02:51:02+00:00","mainEntityOfPage":{"@id":"https:\/\/lobosnews.com.ar\/index.php\/2026\/03\/09\/luciano-castro-hablo-por-primera-vez-luego-de-su-internacion-pedi-ayuda-y-me-dieron-ayuda\/"},"wordCount":764,"commentCount":0,"publisher":{"@id":"https:\/\/lobosnews.com.ar\/#organization"},"image":{"@id":"https:\/\/lobosnews.com.ar\/index.php\/2026\/03\/09\/luciano-castro-hablo-por-primera-vez-luego-de-su-internacion-pedi-ayuda-y-me-dieron-ayuda\/#primaryimage"},"thumbnailUrl":"https:\/\/lobosnews.com.ar\/wp-content\/uploads\/2026\/03\/luciano-castro-hablo-por-primera-vez-luego-de-su-internacion-pedi-ayuda-y-me-dieron-ayuda.jpg","articleSection":["Cine y Series"],"inLanguage":"es","potentialAction":[{"@type":"CommentAction","name":"Comment","target":["https:\/\/lobosnews.com.ar\/index.php\/2026\/03\/09\/luciano-castro-hablo-por-primera-vez-luego-de-su-internacion-pedi-ayuda-y-me-dieron-ayuda\/#respond"]}]},{"@type":"WebPage","@id":"https:\/\/lobosnews.com.ar\/index.php\/2026\/03\/09\/luciano-castro-hablo-por-primera-vez-luego-de-su-internacion-pedi-ayuda-y-me-dieron-ayuda\/","url":"https:\/\/lobosnews.com.ar\/index.php\/2026\/03\/09\/luciano-castro-hablo-por-primera-vez-luego-de-su-internacion-pedi-ayuda-y-me-dieron-ayuda\/","name":"Luciano Castro habl\u00f3 por primera vez luego de su internaci\u00f3n: \u00abPed\u00ed ayuda y me dieron ayuda\u00bb - Lobos News","isPartOf":{"@id":"https:\/\/lobosnews.com.ar\/#website"},"primaryImageOfPage":{"@id":"https:\/\/lobosnews.com.ar\/index.php\/2026\/03\/09\/luciano-castro-hablo-por-primera-vez-luego-de-su-internacion-pedi-ayuda-y-me-dieron-ayuda\/#primaryimage"},"image":{"@id":"https:\/\/lobosnews.com.ar\/index.php\/2026\/03\/09\/luciano-castro-hablo-por-primera-vez-luego-de-su-internacion-pedi-ayuda-y-me-dieron-ayuda\/#primaryimage"},"thumbnailUrl":"https:\/\/lobosnews.com.ar\/wp-content\/uploads\/2026\/03\/luciano-castro-hablo-por-primera-vez-luego-de-su-internacion-pedi-ayuda-y-me-dieron-ayuda.jpg","datePublished":"2026-03-09T22:32:59+00:00","dateModified":"2026-03-10T02:51:02+00:00","breadcrumb":{"@id":"https:\/\/lobosnews.com.ar\/index.php\/2026\/03\/09\/luciano-castro-hablo-por-primera-vez-luego-de-su-internacion-pedi-ayuda-y-me-dieron-ayuda\/#breadcrumb"},"inLanguage":"es","potentialAction":[{"@type":"ReadAction","target":["https:\/\/lobosnews.com.ar\/index.php\/2026\/03\/09\/luciano-castro-hablo-por-primera-vez-luego-de-su-internacion-pedi-ayuda-y-me-dieron-ayuda\/"]}]},{"@type":"ImageObject","inLanguage":"es","@id":"https:\/\/lobosnews.com.ar\/index.php\/2026\/03\/09\/luciano-castro-hablo-por-primera-vez-luego-de-su-internacion-pedi-ayuda-y-me-dieron-ayuda\/#primaryimage","url":"https:\/\/lobosnews.com.ar\/wp-content\/uploads\/2026\/03\/luciano-castro-hablo-por-primera-vez-luego-de-su-internacion-pedi-ayuda-y-me-dieron-ayuda.jpg","contentUrl":"https:\/\/lobosnews.com.ar\/wp-content\/uploads\/2026\/03\/luciano-castro-hablo-por-primera-vez-luego-de-su-internacion-pedi-ayuda-y-me-dieron-ayuda.jpg","width":1920,"height":1080,"caption":"Luciano Castro habl\u00f3 por primera vez luego de su internaci\u00f3n: \u00abPed\u00ed ayuda y me dieron ayuda\u00bb"},{"@type":"BreadcrumbList","@id":"https:\/\/lobosnews.com.ar\/index.php\/2026\/03\/09\/luciano-castro-hablo-por-primera-vez-luego-de-su-internacion-pedi-ayuda-y-me-dieron-ayuda\/#breadcrumb","itemListElement":[{"@type":"ListItem","position":1,"name":"Portada","item":"https:\/\/lobosnews.com.ar\/"},{"@type":"ListItem","position":2,"name":"Luciano Castro habl\u00f3 por primera vez luego de su internaci\u00f3n: \u00abPed\u00ed ayuda y me dieron ayuda\u00bb"}]},{"@type":"WebSite","@id":"https:\/\/lobosnews.com.ar\/#website","url":"https:\/\/lobosnews.com.ar\/","name":"Lobos News","description":"Informaci\u00f3n a cada instante","publisher":{"@id":"https:\/\/lobosnews.com.ar\/#organization"},"potentialAction":[{"@type":"SearchAction","target":{"@type":"EntryPoint","urlTemplate":"https:\/\/lobosnews.com.ar\/?s={search_term_string}"},"query-input":{"@type":"PropertyValueSpecification","valueRequired":true,"valueName":"search_term_string"}}],"inLanguage":"es"},{"@type":"Organization","@id":"https:\/\/lobosnews.com.ar\/#organization","name":"Lobos News","url":"https:\/\/lobosnews.com.ar\/","logo":{"@type":"ImageObject","inLanguage":"es","@id":"https:\/\/lobosnews.com.ar\/#\/schema\/logo\/image\/","url":"https:\/\/lobosnews.com.ar\/wp-content\/uploads\/2026\/01\/logo-lobosnews.png","contentUrl":"https:\/\/lobosnews.com.ar\/wp-content\/uploads\/2026\/01\/logo-lobosnews.png","width":500,"height":200,"caption":"Lobos News"},"image":{"@id":"https:\/\/lobosnews.com.ar\/#\/schema\/logo\/image\/"}},{"@type":"Person","@id":"https:\/\/lobosnews.com.ar\/#\/schema\/person\/232422a593d5c541dd9aef6aaed10943","name":"admin","image":{"@type":"ImageObject","inLanguage":"es","@id":"https:\/\/lobosnews.com.ar\/#\/schema\/person\/image\/","url":"https:\/\/secure.gravatar.com\/avatar\/76e419471a2083bc3ceab22a763dbbf9b0c1bd15a6214cf3280e2c2dde4580f9?s=96&d=mm&r=g","contentUrl":"https:\/\/secure.gravatar.com\/avatar\/76e419471a2083bc3ceab22a763dbbf9b0c1bd15a6214cf3280e2c2dde4580f9?s=96&d=mm&r=g","caption":"admin"},"sameAs":["https:\/\/lobosnews.com.ar"],"url":"https:\/\/lobosnews.com.ar\/index.php\/author\/lobos-news\/"}]}},"jetpack_featured_media_url":"https:\/\/lobosnews.com.ar\/wp-content\/uploads\/2026\/03\/luciano-castro-hablo-por-primera-vez-luego-de-su-internacion-pedi-ayuda-y-me-dieron-ayuda.jpg","jetpack_sharing_enabled":true,"_links":{"self":[{"href":"https:\/\/lobosnews.com.ar\/index.php\/wp-json\/wp\/v2\/posts\/31470","targetHints":{"allow":["GET"]}}],"collection":[{"href":"https:\/\/lobosnews.com.ar\/index.php\/wp-json\/wp\/v2\/posts"}],"about":[{"href":"https:\/\/lobosnews.com.ar\/index.php\/wp-json\/wp\/v2\/types\/post"}],"author":[{"embeddable":true,"href":"https:\/\/lobosnews.com.ar\/index.php\/wp-json\/wp\/v2\/users\/1"}],"replies":[{"embeddable":true,"href":"https:\/\/lobosnews.com.ar\/index.php\/wp-json\/wp\/v2\/comments?post=31470"}],"version-history":[{"count":1,"href":"https:\/\/lobosnews.com.ar\/index.php\/wp-json\/wp\/v2\/posts\/31470\/revisions"}],"predecessor-version":[{"id":31472,"href":"https:\/\/lobosnews.com.ar\/index.php\/wp-json\/wp\/v2\/posts\/31470\/revisions\/31472"}],"wp:featuredmedia":[{"embeddable":true,"href":"https:\/\/lobosnews.com.ar\/index.php\/wp-json\/wp\/v2\/media\/31473"}],"wp:attachment":[{"href":"https:\/\/lobosnews.com.ar\/index.php\/wp-json\/wp\/v2\/media?parent=31470"}],"wp:term":[{"taxonomy":"category","embeddable":true,"href":"https:\/\/lobosnews.com.ar\/index.php\/wp-json\/wp\/v2\/categories?post=31470"},{"taxonomy":"post_tag","embeddable":true,"href":"https:\/\/lobosnews.com.ar\/index.php\/wp-json\/wp\/v2\/tags?post=31470"}],"curies":[{"name":"wp","href":"https:\/\/api.w.org\/{rel}","templated":true}]}}