{"id":31464,"date":"2026-03-10T00:21:05","date_gmt":"2026-03-10T00:21:05","guid":{"rendered":"https:\/\/lobosnews.com.ar\/index.php\/2026\/03\/10\/la-fuerte-chicana-de-la-china-suarez-a-wanda-nara-para-aclarar-que-el-vestido-que-uso-en-su-cumpleanos-pertenece-a-ella\/"},"modified":"2026-03-10T02:51:01","modified_gmt":"2026-03-10T02:51:01","slug":"la-fuerte-chicana-de-la-china-suarez-a-wanda-nara-para-aclarar-que-el-vestido-que-uso-en-su-cumpleanos-pertenece-a-ella","status":"publish","type":"post","link":"https:\/\/lobosnews.com.ar\/index.php\/2026\/03\/10\/la-fuerte-chicana-de-la-china-suarez-a-wanda-nara-para-aclarar-que-el-vestido-que-uso-en-su-cumpleanos-pertenece-a-ella\/","title":{"rendered":"La fuerte chicana de la China Su\u00e1rez a Wanda Nara para aclarar que el vestido que us\u00f3 en su cumplea\u00f1os pertenece a ella"},"content":{"rendered":"<p>El cumplea\u00f1os n\u00famero 34 de la <span class=\"waslinkname\"><b>China Su\u00e1rez<\/b><\/span> estuvo marcado por una celebraci\u00f3n llena de glamour, romanticismo y paisajes imponentes en <b>Turqu\u00eda<\/b>. Instalada en Estambul junto a <span class=\"waslinkname\"><b>Mauro Icardi<\/b><\/span>, la actriz celebr\u00f3 su nueva vuelta al sol con una fiesta \u00edntima rodeada de amigos, familiares y detalles de lujo. Sin embargo, como suele ocurrir cada vez que aparece p\u00fablicamente, un peque\u00f1o detalle de su look termin\u00f3 desatando una nueva pol\u00e9mica que volvi\u00f3 a cruzar su nombre con el de <span class=\"waslinkname\"><b>Wanda Nara<\/b><\/span>.<\/p>\n<p>Todo comenz\u00f3 cuando la actriz comparti\u00f3 en sus redes sociales las im\u00e1genes de la celebraci\u00f3n organizada por el futbolista del Galatasaray. En las fotos y videos del festejo se la ve\u00eda con un <b>vestido negro largo<\/b>, ce\u00f1ido al cuerpo y de escote pronunciado, una elecci\u00f3n elegante y minimalista que r\u00e1pidamente llam\u00f3 la atenci\u00f3n de los usuarios. El look, sofisticado y cl\u00e1sico, acompa\u00f1\u00f3 una velada rom\u00e1ntica en la que no faltaron globos rojos en forma de coraz\u00f3n, brindis con champagne y una mesa decorada con tortas especialmente preparadas para la ocasi\u00f3n.<\/p>\n<p><img fetchpriority=\"high\" decoding=\"async\" src=\"https:\/\/lobosnews.com.ar\/wp-content\/uploads\/2026\/03\/la-fuerte-chicana-de-la-china-suarez-a-wanda-nara-para-aclarar-que-el-vestido-que-uso-en-su-cumpleanos-pertenece-a-ella.jpg\" alt=\"La China Su\u00e1rez celebr\u00f3 su cumplea\u00f1os n\u00famero 34 en Estambul con una fiesta \u00edntima y lujosa junto a Mauro Icardi\" height=\"1080\" width=\"1080\"\/><\/p>\n<p>Mientras las im\u00e1genes del festejo circulaban en las redes sociales, varios usuarios comenzaron a notar una coincidencia inesperada.<b> El vestido que llevaba puesto la actriz parec\u00eda muy similar a uno que Wanda Nara hab\u00eda mostrado a\u00f1os atr\u00e1s. <\/b>La comparaci\u00f3n no tard\u00f3 en multiplicarse y pronto las cuentas especializadas en espect\u00e1culos comenzaron a difundir las fotos lado a lado. La imagen de Wanda que se viraliz\u00f3 correspond\u00eda a una publicaci\u00f3n hecha en<b> octubre de 2017<\/b>, extra\u00edda de una producci\u00f3n de fotos realizada en <b>2013<\/b>. En esa foto, la empresaria aparece posando con un vestido negro ajustado de l\u00edneas similares, con escote profundo y silueta al cuerpo. El parecido entre ambos looks fue suficiente para que muchos seguidores se preguntaran si se trataba de la misma prenda.<\/p>\n<p><img loading=\"lazy\" decoding=\"async\" src=\"https:\/\/lobosnews.com.ar\/wp-content\/uploads\/2026\/03\/la-fuerte-chicana-de-la-china-suarez-a-wanda-nara-para-aclarar-que-el-vestido-que-uso-en-su-cumpleanos-pertenece-a-ella-1.jpg\" alt=\"El vestido negro Herv\u00e9 L\u00e9ger Paris que luci\u00f3 la China Su\u00e1rez en su cumplea\u00f1os despert\u00f3 comparaciones con uno usado por Wanda Nara en 2013\" height=\"733\" width=\"961\"\/><\/p>\n<p>Las especulaciones crecieron r\u00e1pidamente y algunos recordaron declaraciones que Wanda hab\u00eda hecho en el pasado sobre su relaci\u00f3n con la actriz. En m\u00e1s de una oportunidad, la conductora hab\u00eda insinuado que la China utilizaba ropa que hab\u00eda quedado entre sus pertenencias cuando viv\u00eda con Mauro Icardi en Europa. <b>\u201cQue ella deje de usar mi ropa y la de mis hijas y devuelva mi mudanza\u201d<\/b>, lanz\u00f3 en un mensaje que le hizo llegar al periodista Guido Z\u00e1ffora en <i>DDM <\/i>(Am\u00e9rica TV).<\/p>\n<p>En medio del revuelo, la China Su\u00e1rez decidi\u00f3 responder de una manera sutil pero contundente. <b>A trav\u00e9s de sus historias de Instagram comparti\u00f3 una imagen en primer plano de su outfit, enfocando especialmente la etiqueta del vestido. <\/b>En la fotograf\u00eda se pod\u00eda ver claramente la marca y el talle de la prenda: <b>\u201cHerv\u00e9 L\u00e9ger Paris \u2013 XS\u201d.<\/b> Aunque no mencion\u00f3 directamente a Wanda ni hizo referencia expl\u00edcita a los rumores, el gesto fue interpretado como una respuesta directa a las especulaciones debido al talle del mismo. Seg\u00fan el sitio oficial de la firma, el modelo similar al que luci\u00f3 la actriz se encuentra a la venta bajo el nombre <i>The Mira Gown<\/i> y su valor ronda los 1.695 d\u00f3lares.<\/p>\n<p><img loading=\"lazy\" decoding=\"async\" src=\"https:\/\/lobosnews.com.ar\/wp-content\/uploads\/2026\/03\/la-fuerte-chicana-de-la-china-suarez-a-wanda-nara-para-aclarar-que-el-vestido-que-uso-en-su-cumpleanos-pertenece-a-ella-2.jpg\" alt=\"La China Su\u00e1rez respondi\u00f3 a los rumores al mostrar la etiqueta y el talle XS del vestido Herv\u00e9 L\u00e9ger en una historia de Instagram\" height=\"869\" width=\"482\"\/><\/p>\n<p>El contexto tampoco pas\u00f3 desapercibido. Mientras la China celebraba su cumplea\u00f1os en Turqu\u00eda<b>, Wanda Nara se encontraba en Italia<\/b>, compartiendo en sus redes sociales una serie de publicaciones que muchos interpretaron como indirectas hacia su exmarido. Desde visitas al estadio San Siro hasta encuentros con figuras del f\u00fatbol italiano, cada movimiento volvi\u00f3 a alimentar la narrativa medi\u00e1tica que rodea a los protagonistas de esta historia. En paralelo, Mauro Icardi tambi\u00e9n se sum\u00f3 a los festejos con una rom\u00e1ntica dedicatoria p\u00fablica para su pareja. El futbolista comparti\u00f3 varias im\u00e1genes de la celebraci\u00f3n y le dedic\u00f3 un mensaje cargado de elogios.<b> \u201cFelices 34, mi amor. Hoy no solo cumple a\u00f1os una mujer incre\u00edble, cumple a\u00f1os la mujer que cambi\u00f3 mi vida\u201d<\/b>, escribi\u00f3 en su cuenta de Instagram. El jugador del Galatasaray organiz\u00f3 para la actriz una jornada especial que incluy\u00f3 un paseo en yate por las aguas del B\u00f3sforo, uno de los escenarios m\u00e1s emblem\u00e1ticos de Estambul. Durante la noche, la pareja brind\u00f3 frente a una decoraci\u00f3n repleta de globos rojos con forma de coraz\u00f3n y dos tortas que coronaron la mesa principal del festejo.<\/p>\n","protected":false},"excerpt":{"rendered":"<p>El cumplea\u00f1os n\u00famero 34 de la China Su\u00e1rez estuvo marcado por una celebraci\u00f3n llena de glamour, romanticismo y paisajes imponentes en Turqu\u00eda. Instalada en Estambul junto a Mauro Icardi, la actriz celebr\u00f3 su nueva vuelta al sol con una fiesta \u00edntima rodeada de amigos, familiares y detalles de lujo. Sin embargo, como suele ocurrir cada&#8230;<\/p>\n","protected":false},"author":1,"featured_media":31469,"comment_status":"open","ping_status":"closed","sticky":false,"template":"","format":"standard","meta":{"_jetpack_memberships_contains_paid_content":false,"footnotes":""},"categories":[79],"tags":[],"class_list":["post-31464","post","type-post","status-publish","format-standard","has-post-thumbnail","hentry","category-cine-y-series"],"magazineBlocksPostFeaturedMedia":{"thumbnail":"https:\/\/lobosnews.com.ar\/wp-content\/uploads\/2026\/03\/la-fuerte-chicana-de-la-china-suarez-a-wanda-nara-para-aclarar-que-el-vestido-que-uso-en-su-cumpleanos-pertenece-a-ella-4-150x150.jpg","medium":"https:\/\/lobosnews.com.ar\/wp-content\/uploads\/2026\/03\/la-fuerte-chicana-de-la-china-suarez-a-wanda-nara-para-aclarar-que-el-vestido-que-uso-en-su-cumpleanos-pertenece-a-ella-4-166x300.jpg","medium_large":"https:\/\/lobosnews.com.ar\/wp-content\/uploads\/2026\/03\/la-fuerte-chicana-de-la-china-suarez-a-wanda-nara-para-aclarar-que-el-vestido-que-uso-en-su-cumpleanos-pertenece-a-ella-4.jpg","large":"https:\/\/lobosnews.com.ar\/wp-content\/uploads\/2026\/03\/la-fuerte-chicana-de-la-china-suarez-a-wanda-nara-para-aclarar-que-el-vestido-que-uso-en-su-cumpleanos-pertenece-a-ella-4.jpg","1536x1536":"https:\/\/lobosnews.com.ar\/wp-content\/uploads\/2026\/03\/la-fuerte-chicana-de-la-china-suarez-a-wanda-nara-para-aclarar-que-el-vestido-que-uso-en-su-cumpleanos-pertenece-a-ella-4.jpg","2048x2048":"https:\/\/lobosnews.com.ar\/wp-content\/uploads\/2026\/03\/la-fuerte-chicana-de-la-china-suarez-a-wanda-nara-para-aclarar-que-el-vestido-que-uso-en-su-cumpleanos-pertenece-a-ella-4.jpg","newsmatic-featured":"https:\/\/lobosnews.com.ar\/wp-content\/uploads\/2026\/03\/la-fuerte-chicana-de-la-china-suarez-a-wanda-nara-para-aclarar-que-el-vestido-que-uso-en-su-cumpleanos-pertenece-a-ella-4-482x545.jpg","newsmatic-list":"https:\/\/lobosnews.com.ar\/wp-content\/uploads\/2026\/03\/la-fuerte-chicana-de-la-china-suarez-a-wanda-nara-para-aclarar-que-el-vestido-que-uso-en-su-cumpleanos-pertenece-a-ella-4-482x400.jpg","newsmatic-thumb":"https:\/\/lobosnews.com.ar\/wp-content\/uploads\/2026\/03\/la-fuerte-chicana-de-la-china-suarez-a-wanda-nara-para-aclarar-que-el-vestido-que-uso-en-su-cumpleanos-pertenece-a-ella-4-300x200.jpg","newsmatic-small":"https:\/\/lobosnews.com.ar\/wp-content\/uploads\/2026\/03\/la-fuerte-chicana-de-la-china-suarez-a-wanda-nara-para-aclarar-que-el-vestido-que-uso-en-su-cumpleanos-pertenece-a-ella-4-150x95.jpg","newsmatic-grid":"https:\/\/lobosnews.com.ar\/wp-content\/uploads\/2026\/03\/la-fuerte-chicana-de-la-china-suarez-a-wanda-nara-para-aclarar-que-el-vestido-que-uso-en-su-cumpleanos-pertenece-a-ella-4-400x250.jpg"},"magazineBlocksPostAuthor":{"name":"admin","avatar":"https:\/\/secure.gravatar.com\/avatar\/76e419471a2083bc3ceab22a763dbbf9b0c1bd15a6214cf3280e2c2dde4580f9?s=96&d=mm&r=g"},"magazineBlocksPostCommentsNumber":"0","magazineBlocksPostExcerpt":"El cumplea\u00f1os n\u00famero 34 de la China Su\u00e1rez estuvo marcado por una celebraci\u00f3n llena de glamour, romanticismo y paisajes imponentes en Turqu\u00eda. Instalada en Estambul junto a Mauro Icardi, la actriz celebr\u00f3 su nueva vuelta al sol con una fiesta \u00edntima rodeada de amigos, familiares y detalles de lujo. Sin embargo, como suele ocurrir cada...","magazineBlocksPostCategories":["Cine y Series"],"magazineBlocksPostViewCount":102,"magazineBlocksPostReadTime":4,"magazine_blocks_featured_image_url":{"full":["https:\/\/lobosnews.com.ar\/wp-content\/uploads\/2026\/03\/la-fuerte-chicana-de-la-china-suarez-a-wanda-nara-para-aclarar-que-el-vestido-que-uso-en-su-cumpleanos-pertenece-a-ella-4.jpg",482,869,false],"medium":["https:\/\/lobosnews.com.ar\/wp-content\/uploads\/2026\/03\/la-fuerte-chicana-de-la-china-suarez-a-wanda-nara-para-aclarar-que-el-vestido-que-uso-en-su-cumpleanos-pertenece-a-ella-4-166x300.jpg",166,300,true],"thumbnail":["https:\/\/lobosnews.com.ar\/wp-content\/uploads\/2026\/03\/la-fuerte-chicana-de-la-china-suarez-a-wanda-nara-para-aclarar-que-el-vestido-que-uso-en-su-cumpleanos-pertenece-a-ella-4-150x150.jpg",150,150,true]},"magazine_blocks_author":{"display_name":"admin","author_link":"https:\/\/lobosnews.com.ar\/index.php\/author\/lobos-news\/"},"magazine_blocks_comment":0,"magazine_blocks_author_image":"https:\/\/secure.gravatar.com\/avatar\/76e419471a2083bc3ceab22a763dbbf9b0c1bd15a6214cf3280e2c2dde4580f9?s=96&d=mm&r=g","magazine_blocks_category":"<a href=\"#\" class=\"category-link category-link-79\">Cine y Series<\/a>","yoast_head":"<!-- This site is optimized with the Yoast SEO plugin v26.6 - https:\/\/yoast.com\/wordpress\/plugins\/seo\/ -->\n<title>La fuerte chicana de la China Su\u00e1rez a Wanda Nara para aclarar que el vestido que us\u00f3 en su cumplea\u00f1os pertenece a ella - Lobos News<\/title>\n<meta name=\"robots\" content=\"index, follow, max-snippet:-1, max-image-preview:large, max-video-preview:-1\" \/>\n<link rel=\"canonical\" href=\"https:\/\/lobosnews.com.ar\/index.php\/2026\/03\/10\/la-fuerte-chicana-de-la-china-suarez-a-wanda-nara-para-aclarar-que-el-vestido-que-uso-en-su-cumpleanos-pertenece-a-ella\/\" \/>\n<meta property=\"og:locale\" content=\"es_ES\" \/>\n<meta property=\"og:type\" content=\"article\" \/>\n<meta property=\"og:title\" content=\"La fuerte chicana de la China Su\u00e1rez a Wanda Nara para aclarar que el vestido que us\u00f3 en su cumplea\u00f1os pertenece a ella - Lobos News\" \/>\n<meta property=\"og:description\" content=\"El cumplea\u00f1os n\u00famero 34 de la China Su\u00e1rez estuvo marcado por una celebraci\u00f3n llena de glamour, romanticismo y paisajes imponentes en Turqu\u00eda. Instalada en Estambul junto a Mauro Icardi, la actriz celebr\u00f3 su nueva vuelta al sol con una fiesta \u00edntima rodeada de amigos, familiares y detalles de lujo. Sin embargo, como suele ocurrir cada...\" \/>\n<meta property=\"og:url\" content=\"https:\/\/lobosnews.com.ar\/index.php\/2026\/03\/10\/la-fuerte-chicana-de-la-china-suarez-a-wanda-nara-para-aclarar-que-el-vestido-que-uso-en-su-cumpleanos-pertenece-a-ella\/\" \/>\n<meta property=\"og:site_name\" content=\"Lobos News\" \/>\n<meta property=\"article:published_time\" content=\"2026-03-10T00:21:05+00:00\" \/>\n<meta property=\"article:modified_time\" content=\"2026-03-10T02:51:01+00:00\" \/>\n<meta property=\"og:image\" content=\"https:\/\/lobosnews.com.ar\/wp-content\/uploads\/2026\/03\/la-fuerte-chicana-de-la-china-suarez-a-wanda-nara-para-aclarar-que-el-vestido-que-uso-en-su-cumpleanos-pertenece-a-ella.jpg\" \/>\n<meta name=\"author\" content=\"admin\" \/>\n<meta name=\"twitter:card\" content=\"summary_large_image\" \/>\n<meta name=\"twitter:label1\" content=\"Escrito por\" \/>\n\t<meta name=\"twitter:data1\" content=\"admin\" \/>\n\t<meta name=\"twitter:label2\" content=\"Tiempo de lectura\" \/>\n\t<meta name=\"twitter:data2\" content=\"4 minutos\" \/>\n<script type=\"application\/ld+json\" class=\"yoast-schema-graph\">{\"@context\":\"https:\/\/schema.org\",\"@graph\":[{\"@type\":\"Article\",\"@id\":\"https:\/\/lobosnews.com.ar\/index.php\/2026\/03\/10\/la-fuerte-chicana-de-la-china-suarez-a-wanda-nara-para-aclarar-que-el-vestido-que-uso-en-su-cumpleanos-pertenece-a-ella\/#article\",\"isPartOf\":{\"@id\":\"https:\/\/lobosnews.com.ar\/index.php\/2026\/03\/10\/la-fuerte-chicana-de-la-china-suarez-a-wanda-nara-para-aclarar-que-el-vestido-que-uso-en-su-cumpleanos-pertenece-a-ella\/\"},\"author\":{\"name\":\"admin\",\"@id\":\"https:\/\/lobosnews.com.ar\/#\/schema\/person\/232422a593d5c541dd9aef6aaed10943\"},\"headline\":\"La fuerte chicana de la China Su\u00e1rez a Wanda Nara para aclarar que el vestido que us\u00f3 en su cumplea\u00f1os pertenece a ella\",\"datePublished\":\"2026-03-10T00:21:05+00:00\",\"dateModified\":\"2026-03-10T02:51:01+00:00\",\"mainEntityOfPage\":{\"@id\":\"https:\/\/lobosnews.com.ar\/index.php\/2026\/03\/10\/la-fuerte-chicana-de-la-china-suarez-a-wanda-nara-para-aclarar-que-el-vestido-que-uso-en-su-cumpleanos-pertenece-a-ella\/\"},\"wordCount\":762,\"commentCount\":0,\"publisher\":{\"@id\":\"https:\/\/lobosnews.com.ar\/#organization\"},\"image\":{\"@id\":\"https:\/\/lobosnews.com.ar\/index.php\/2026\/03\/10\/la-fuerte-chicana-de-la-china-suarez-a-wanda-nara-para-aclarar-que-el-vestido-que-uso-en-su-cumpleanos-pertenece-a-ella\/#primaryimage\"},\"thumbnailUrl\":\"https:\/\/lobosnews.com.ar\/wp-content\/uploads\/2026\/03\/la-fuerte-chicana-de-la-china-suarez-a-wanda-nara-para-aclarar-que-el-vestido-que-uso-en-su-cumpleanos-pertenece-a-ella-4.jpg\",\"articleSection\":[\"Cine y Series\"],\"inLanguage\":\"es\",\"potentialAction\":[{\"@type\":\"CommentAction\",\"name\":\"Comment\",\"target\":[\"https:\/\/lobosnews.com.ar\/index.php\/2026\/03\/10\/la-fuerte-chicana-de-la-china-suarez-a-wanda-nara-para-aclarar-que-el-vestido-que-uso-en-su-cumpleanos-pertenece-a-ella\/#respond\"]}]},{\"@type\":\"WebPage\",\"@id\":\"https:\/\/lobosnews.com.ar\/index.php\/2026\/03\/10\/la-fuerte-chicana-de-la-china-suarez-a-wanda-nara-para-aclarar-que-el-vestido-que-uso-en-su-cumpleanos-pertenece-a-ella\/\",\"url\":\"https:\/\/lobosnews.com.ar\/index.php\/2026\/03\/10\/la-fuerte-chicana-de-la-china-suarez-a-wanda-nara-para-aclarar-que-el-vestido-que-uso-en-su-cumpleanos-pertenece-a-ella\/\",\"name\":\"La fuerte chicana de la China Su\u00e1rez a Wanda Nara para aclarar que el vestido que us\u00f3 en su cumplea\u00f1os pertenece a ella - Lobos News\",\"isPartOf\":{\"@id\":\"https:\/\/lobosnews.com.ar\/#website\"},\"primaryImageOfPage\":{\"@id\":\"https:\/\/lobosnews.com.ar\/index.php\/2026\/03\/10\/la-fuerte-chicana-de-la-china-suarez-a-wanda-nara-para-aclarar-que-el-vestido-que-uso-en-su-cumpleanos-pertenece-a-ella\/#primaryimage\"},\"image\":{\"@id\":\"https:\/\/lobosnews.com.ar\/index.php\/2026\/03\/10\/la-fuerte-chicana-de-la-china-suarez-a-wanda-nara-para-aclarar-que-el-vestido-que-uso-en-su-cumpleanos-pertenece-a-ella\/#primaryimage\"},\"thumbnailUrl\":\"https:\/\/lobosnews.com.ar\/wp-content\/uploads\/2026\/03\/la-fuerte-chicana-de-la-china-suarez-a-wanda-nara-para-aclarar-que-el-vestido-que-uso-en-su-cumpleanos-pertenece-a-ella-4.jpg\",\"datePublished\":\"2026-03-10T00:21:05+00:00\",\"dateModified\":\"2026-03-10T02:51:01+00:00\",\"breadcrumb\":{\"@id\":\"https:\/\/lobosnews.com.ar\/index.php\/2026\/03\/10\/la-fuerte-chicana-de-la-china-suarez-a-wanda-nara-para-aclarar-que-el-vestido-que-uso-en-su-cumpleanos-pertenece-a-ella\/#breadcrumb\"},\"inLanguage\":\"es\",\"potentialAction\":[{\"@type\":\"ReadAction\",\"target\":[\"https:\/\/lobosnews.com.ar\/index.php\/2026\/03\/10\/la-fuerte-chicana-de-la-china-suarez-a-wanda-nara-para-aclarar-que-el-vestido-que-uso-en-su-cumpleanos-pertenece-a-ella\/\"]}]},{\"@type\":\"ImageObject\",\"inLanguage\":\"es\",\"@id\":\"https:\/\/lobosnews.com.ar\/index.php\/2026\/03\/10\/la-fuerte-chicana-de-la-china-suarez-a-wanda-nara-para-aclarar-que-el-vestido-que-uso-en-su-cumpleanos-pertenece-a-ella\/#primaryimage\",\"url\":\"https:\/\/lobosnews.com.ar\/wp-content\/uploads\/2026\/03\/la-fuerte-chicana-de-la-china-suarez-a-wanda-nara-para-aclarar-que-el-vestido-que-uso-en-su-cumpleanos-pertenece-a-ella-4.jpg\",\"contentUrl\":\"https:\/\/lobosnews.com.ar\/wp-content\/uploads\/2026\/03\/la-fuerte-chicana-de-la-china-suarez-a-wanda-nara-para-aclarar-que-el-vestido-que-uso-en-su-cumpleanos-pertenece-a-ella-4.jpg\",\"width\":482,\"height\":869,\"caption\":\"La fuerte chicana de la China Su\u00e1rez a Wanda Nara para aclarar que el vestido que us\u00f3 en su cumplea\u00f1os pertenece a ella\"},{\"@type\":\"BreadcrumbList\",\"@id\":\"https:\/\/lobosnews.com.ar\/index.php\/2026\/03\/10\/la-fuerte-chicana-de-la-china-suarez-a-wanda-nara-para-aclarar-que-el-vestido-que-uso-en-su-cumpleanos-pertenece-a-ella\/#breadcrumb\",\"itemListElement\":[{\"@type\":\"ListItem\",\"position\":1,\"name\":\"Portada\",\"item\":\"https:\/\/lobosnews.com.ar\/\"},{\"@type\":\"ListItem\",\"position\":2,\"name\":\"La fuerte chicana de la China Su\u00e1rez a Wanda Nara para aclarar que el vestido que us\u00f3 en su cumplea\u00f1os pertenece a ella\"}]},{\"@type\":\"WebSite\",\"@id\":\"https:\/\/lobosnews.com.ar\/#website\",\"url\":\"https:\/\/lobosnews.com.ar\/\",\"name\":\"Lobos News\",\"description\":\"Informaci\u00f3n a cada instante\",\"publisher\":{\"@id\":\"https:\/\/lobosnews.com.ar\/#organization\"},\"potentialAction\":[{\"@type\":\"SearchAction\",\"target\":{\"@type\":\"EntryPoint\",\"urlTemplate\":\"https:\/\/lobosnews.com.ar\/?s={search_term_string}\"},\"query-input\":{\"@type\":\"PropertyValueSpecification\",\"valueRequired\":true,\"valueName\":\"search_term_string\"}}],\"inLanguage\":\"es\"},{\"@type\":\"Organization\",\"@id\":\"https:\/\/lobosnews.com.ar\/#organization\",\"name\":\"Lobos News\",\"url\":\"https:\/\/lobosnews.com.ar\/\",\"logo\":{\"@type\":\"ImageObject\",\"inLanguage\":\"es\",\"@id\":\"https:\/\/lobosnews.com.ar\/#\/schema\/logo\/image\/\",\"url\":\"https:\/\/lobosnews.com.ar\/wp-content\/uploads\/2026\/01\/logo-lobosnews.png\",\"contentUrl\":\"https:\/\/lobosnews.com.ar\/wp-content\/uploads\/2026\/01\/logo-lobosnews.png\",\"width\":500,\"height\":200,\"caption\":\"Lobos News\"},\"image\":{\"@id\":\"https:\/\/lobosnews.com.ar\/#\/schema\/logo\/image\/\"}},{\"@type\":\"Person\",\"@id\":\"https:\/\/lobosnews.com.ar\/#\/schema\/person\/232422a593d5c541dd9aef6aaed10943\",\"name\":\"admin\",\"image\":{\"@type\":\"ImageObject\",\"inLanguage\":\"es\",\"@id\":\"https:\/\/lobosnews.com.ar\/#\/schema\/person\/image\/\",\"url\":\"https:\/\/secure.gravatar.com\/avatar\/76e419471a2083bc3ceab22a763dbbf9b0c1bd15a6214cf3280e2c2dde4580f9?s=96&d=mm&r=g\",\"contentUrl\":\"https:\/\/secure.gravatar.com\/avatar\/76e419471a2083bc3ceab22a763dbbf9b0c1bd15a6214cf3280e2c2dde4580f9?s=96&d=mm&r=g\",\"caption\":\"admin\"},\"sameAs\":[\"https:\/\/lobosnews.com.ar\"],\"url\":\"https:\/\/lobosnews.com.ar\/index.php\/author\/lobos-news\/\"}]}<\/script>\n<!-- \/ Yoast SEO plugin. -->","yoast_head_json":{"title":"La fuerte chicana de la China Su\u00e1rez a Wanda Nara para aclarar que el vestido que us\u00f3 en su cumplea\u00f1os pertenece a ella - Lobos News","robots":{"index":"index","follow":"follow","max-snippet":"max-snippet:-1","max-image-preview":"max-image-preview:large","max-video-preview":"max-video-preview:-1"},"canonical":"https:\/\/lobosnews.com.ar\/index.php\/2026\/03\/10\/la-fuerte-chicana-de-la-china-suarez-a-wanda-nara-para-aclarar-que-el-vestido-que-uso-en-su-cumpleanos-pertenece-a-ella\/","og_locale":"es_ES","og_type":"article","og_title":"La fuerte chicana de la China Su\u00e1rez a Wanda Nara para aclarar que el vestido que us\u00f3 en su cumplea\u00f1os pertenece a ella - Lobos News","og_description":"El cumplea\u00f1os n\u00famero 34 de la China Su\u00e1rez estuvo marcado por una celebraci\u00f3n llena de glamour, romanticismo y paisajes imponentes en Turqu\u00eda. Instalada en Estambul junto a Mauro Icardi, la actriz celebr\u00f3 su nueva vuelta al sol con una fiesta \u00edntima rodeada de amigos, familiares y detalles de lujo. Sin embargo, como suele ocurrir cada...","og_url":"https:\/\/lobosnews.com.ar\/index.php\/2026\/03\/10\/la-fuerte-chicana-de-la-china-suarez-a-wanda-nara-para-aclarar-que-el-vestido-que-uso-en-su-cumpleanos-pertenece-a-ella\/","og_site_name":"Lobos News","article_published_time":"2026-03-10T00:21:05+00:00","article_modified_time":"2026-03-10T02:51:01+00:00","og_image":[{"url":"https:\/\/lobosnews.com.ar\/wp-content\/uploads\/2026\/03\/la-fuerte-chicana-de-la-china-suarez-a-wanda-nara-para-aclarar-que-el-vestido-que-uso-en-su-cumpleanos-pertenece-a-ella.jpg","type":"","width":"","height":""}],"author":"admin","twitter_card":"summary_large_image","twitter_misc":{"Escrito por":"admin","Tiempo de lectura":"4 minutos"},"schema":{"@context":"https:\/\/schema.org","@graph":[{"@type":"Article","@id":"https:\/\/lobosnews.com.ar\/index.php\/2026\/03\/10\/la-fuerte-chicana-de-la-china-suarez-a-wanda-nara-para-aclarar-que-el-vestido-que-uso-en-su-cumpleanos-pertenece-a-ella\/#article","isPartOf":{"@id":"https:\/\/lobosnews.com.ar\/index.php\/2026\/03\/10\/la-fuerte-chicana-de-la-china-suarez-a-wanda-nara-para-aclarar-que-el-vestido-que-uso-en-su-cumpleanos-pertenece-a-ella\/"},"author":{"name":"admin","@id":"https:\/\/lobosnews.com.ar\/#\/schema\/person\/232422a593d5c541dd9aef6aaed10943"},"headline":"La fuerte chicana de la China Su\u00e1rez a Wanda Nara para aclarar que el vestido que us\u00f3 en su cumplea\u00f1os pertenece a ella","datePublished":"2026-03-10T00:21:05+00:00","dateModified":"2026-03-10T02:51:01+00:00","mainEntityOfPage":{"@id":"https:\/\/lobosnews.com.ar\/index.php\/2026\/03\/10\/la-fuerte-chicana-de-la-china-suarez-a-wanda-nara-para-aclarar-que-el-vestido-que-uso-en-su-cumpleanos-pertenece-a-ella\/"},"wordCount":762,"commentCount":0,"publisher":{"@id":"https:\/\/lobosnews.com.ar\/#organization"},"image":{"@id":"https:\/\/lobosnews.com.ar\/index.php\/2026\/03\/10\/la-fuerte-chicana-de-la-china-suarez-a-wanda-nara-para-aclarar-que-el-vestido-que-uso-en-su-cumpleanos-pertenece-a-ella\/#primaryimage"},"thumbnailUrl":"https:\/\/lobosnews.com.ar\/wp-content\/uploads\/2026\/03\/la-fuerte-chicana-de-la-china-suarez-a-wanda-nara-para-aclarar-que-el-vestido-que-uso-en-su-cumpleanos-pertenece-a-ella-4.jpg","articleSection":["Cine y Series"],"inLanguage":"es","potentialAction":[{"@type":"CommentAction","name":"Comment","target":["https:\/\/lobosnews.com.ar\/index.php\/2026\/03\/10\/la-fuerte-chicana-de-la-china-suarez-a-wanda-nara-para-aclarar-que-el-vestido-que-uso-en-su-cumpleanos-pertenece-a-ella\/#respond"]}]},{"@type":"WebPage","@id":"https:\/\/lobosnews.com.ar\/index.php\/2026\/03\/10\/la-fuerte-chicana-de-la-china-suarez-a-wanda-nara-para-aclarar-que-el-vestido-que-uso-en-su-cumpleanos-pertenece-a-ella\/","url":"https:\/\/lobosnews.com.ar\/index.php\/2026\/03\/10\/la-fuerte-chicana-de-la-china-suarez-a-wanda-nara-para-aclarar-que-el-vestido-que-uso-en-su-cumpleanos-pertenece-a-ella\/","name":"La fuerte chicana de la China Su\u00e1rez a Wanda Nara para aclarar que el vestido que us\u00f3 en su cumplea\u00f1os pertenece a ella - Lobos News","isPartOf":{"@id":"https:\/\/lobosnews.com.ar\/#website"},"primaryImageOfPage":{"@id":"https:\/\/lobosnews.com.ar\/index.php\/2026\/03\/10\/la-fuerte-chicana-de-la-china-suarez-a-wanda-nara-para-aclarar-que-el-vestido-que-uso-en-su-cumpleanos-pertenece-a-ella\/#primaryimage"},"image":{"@id":"https:\/\/lobosnews.com.ar\/index.php\/2026\/03\/10\/la-fuerte-chicana-de-la-china-suarez-a-wanda-nara-para-aclarar-que-el-vestido-que-uso-en-su-cumpleanos-pertenece-a-ella\/#primaryimage"},"thumbnailUrl":"https:\/\/lobosnews.com.ar\/wp-content\/uploads\/2026\/03\/la-fuerte-chicana-de-la-china-suarez-a-wanda-nara-para-aclarar-que-el-vestido-que-uso-en-su-cumpleanos-pertenece-a-ella-4.jpg","datePublished":"2026-03-10T00:21:05+00:00","dateModified":"2026-03-10T02:51:01+00:00","breadcrumb":{"@id":"https:\/\/lobosnews.com.ar\/index.php\/2026\/03\/10\/la-fuerte-chicana-de-la-china-suarez-a-wanda-nara-para-aclarar-que-el-vestido-que-uso-en-su-cumpleanos-pertenece-a-ella\/#breadcrumb"},"inLanguage":"es","potentialAction":[{"@type":"ReadAction","target":["https:\/\/lobosnews.com.ar\/index.php\/2026\/03\/10\/la-fuerte-chicana-de-la-china-suarez-a-wanda-nara-para-aclarar-que-el-vestido-que-uso-en-su-cumpleanos-pertenece-a-ella\/"]}]},{"@type":"ImageObject","inLanguage":"es","@id":"https:\/\/lobosnews.com.ar\/index.php\/2026\/03\/10\/la-fuerte-chicana-de-la-china-suarez-a-wanda-nara-para-aclarar-que-el-vestido-que-uso-en-su-cumpleanos-pertenece-a-ella\/#primaryimage","url":"https:\/\/lobosnews.com.ar\/wp-content\/uploads\/2026\/03\/la-fuerte-chicana-de-la-china-suarez-a-wanda-nara-para-aclarar-que-el-vestido-que-uso-en-su-cumpleanos-pertenece-a-ella-4.jpg","contentUrl":"https:\/\/lobosnews.com.ar\/wp-content\/uploads\/2026\/03\/la-fuerte-chicana-de-la-china-suarez-a-wanda-nara-para-aclarar-que-el-vestido-que-uso-en-su-cumpleanos-pertenece-a-ella-4.jpg","width":482,"height":869,"caption":"La fuerte chicana de la China Su\u00e1rez a Wanda Nara para aclarar que el vestido que us\u00f3 en su cumplea\u00f1os pertenece a ella"},{"@type":"BreadcrumbList","@id":"https:\/\/lobosnews.com.ar\/index.php\/2026\/03\/10\/la-fuerte-chicana-de-la-china-suarez-a-wanda-nara-para-aclarar-que-el-vestido-que-uso-en-su-cumpleanos-pertenece-a-ella\/#breadcrumb","itemListElement":[{"@type":"ListItem","position":1,"name":"Portada","item":"https:\/\/lobosnews.com.ar\/"},{"@type":"ListItem","position":2,"name":"La fuerte chicana de la China Su\u00e1rez a Wanda Nara para aclarar que el vestido que us\u00f3 en su cumplea\u00f1os pertenece a ella"}]},{"@type":"WebSite","@id":"https:\/\/lobosnews.com.ar\/#website","url":"https:\/\/lobosnews.com.ar\/","name":"Lobos News","description":"Informaci\u00f3n a cada instante","publisher":{"@id":"https:\/\/lobosnews.com.ar\/#organization"},"potentialAction":[{"@type":"SearchAction","target":{"@type":"EntryPoint","urlTemplate":"https:\/\/lobosnews.com.ar\/?s={search_term_string}"},"query-input":{"@type":"PropertyValueSpecification","valueRequired":true,"valueName":"search_term_string"}}],"inLanguage":"es"},{"@type":"Organization","@id":"https:\/\/lobosnews.com.ar\/#organization","name":"Lobos News","url":"https:\/\/lobosnews.com.ar\/","logo":{"@type":"ImageObject","inLanguage":"es","@id":"https:\/\/lobosnews.com.ar\/#\/schema\/logo\/image\/","url":"https:\/\/lobosnews.com.ar\/wp-content\/uploads\/2026\/01\/logo-lobosnews.png","contentUrl":"https:\/\/lobosnews.com.ar\/wp-content\/uploads\/2026\/01\/logo-lobosnews.png","width":500,"height":200,"caption":"Lobos News"},"image":{"@id":"https:\/\/lobosnews.com.ar\/#\/schema\/logo\/image\/"}},{"@type":"Person","@id":"https:\/\/lobosnews.com.ar\/#\/schema\/person\/232422a593d5c541dd9aef6aaed10943","name":"admin","image":{"@type":"ImageObject","inLanguage":"es","@id":"https:\/\/lobosnews.com.ar\/#\/schema\/person\/image\/","url":"https:\/\/secure.gravatar.com\/avatar\/76e419471a2083bc3ceab22a763dbbf9b0c1bd15a6214cf3280e2c2dde4580f9?s=96&d=mm&r=g","contentUrl":"https:\/\/secure.gravatar.com\/avatar\/76e419471a2083bc3ceab22a763dbbf9b0c1bd15a6214cf3280e2c2dde4580f9?s=96&d=mm&r=g","caption":"admin"},"sameAs":["https:\/\/lobosnews.com.ar"],"url":"https:\/\/lobosnews.com.ar\/index.php\/author\/lobos-news\/"}]}},"jetpack_featured_media_url":"https:\/\/lobosnews.com.ar\/wp-content\/uploads\/2026\/03\/la-fuerte-chicana-de-la-china-suarez-a-wanda-nara-para-aclarar-que-el-vestido-que-uso-en-su-cumpleanos-pertenece-a-ella-4.jpg","jetpack_sharing_enabled":true,"_links":{"self":[{"href":"https:\/\/lobosnews.com.ar\/index.php\/wp-json\/wp\/v2\/posts\/31464","targetHints":{"allow":["GET"]}}],"collection":[{"href":"https:\/\/lobosnews.com.ar\/index.php\/wp-json\/wp\/v2\/posts"}],"about":[{"href":"https:\/\/lobosnews.com.ar\/index.php\/wp-json\/wp\/v2\/types\/post"}],"author":[{"embeddable":true,"href":"https:\/\/lobosnews.com.ar\/index.php\/wp-json\/wp\/v2\/users\/1"}],"replies":[{"embeddable":true,"href":"https:\/\/lobosnews.com.ar\/index.php\/wp-json\/wp\/v2\/comments?post=31464"}],"version-history":[{"count":1,"href":"https:\/\/lobosnews.com.ar\/index.php\/wp-json\/wp\/v2\/posts\/31464\/revisions"}],"predecessor-version":[{"id":31468,"href":"https:\/\/lobosnews.com.ar\/index.php\/wp-json\/wp\/v2\/posts\/31464\/revisions\/31468"}],"wp:featuredmedia":[{"embeddable":true,"href":"https:\/\/lobosnews.com.ar\/index.php\/wp-json\/wp\/v2\/media\/31469"}],"wp:attachment":[{"href":"https:\/\/lobosnews.com.ar\/index.php\/wp-json\/wp\/v2\/media?parent=31464"}],"wp:term":[{"taxonomy":"category","embeddable":true,"href":"https:\/\/lobosnews.com.ar\/index.php\/wp-json\/wp\/v2\/categories?post=31464"},{"taxonomy":"post_tag","embeddable":true,"href":"https:\/\/lobosnews.com.ar\/index.php\/wp-json\/wp\/v2\/tags?post=31464"}],"curies":[{"name":"wp","href":"https:\/\/api.w.org\/{rel}","templated":true}]}}