{"id":31434,"date":"2026-03-09T23:09:56","date_gmt":"2026-03-09T23:09:56","guid":{"rendered":"https:\/\/lobosnews.com.ar\/index.php\/2026\/03\/09\/la-magistral-jugada-del-argentino-thiago-fernandez-en-el-empate-entre-real-oviedo-y-espanyol-por-la-liga-de-espana\/"},"modified":"2026-03-10T02:33:17","modified_gmt":"2026-03-10T02:33:17","slug":"la-magistral-jugada-del-argentino-thiago-fernandez-en-el-empate-entre-real-oviedo-y-espanyol-por-la-liga-de-espana","status":"publish","type":"post","link":"https:\/\/lobosnews.com.ar\/index.php\/2026\/03\/09\/la-magistral-jugada-del-argentino-thiago-fernandez-en-el-empate-entre-real-oviedo-y-espanyol-por-la-liga-de-espana\/","title":{"rendered":"La magistral jugada del argentino Thiago Fern\u00e1ndez en el empate entre Real Oviedo y Espanyol por La Liga de Espa\u00f1a"},"content":{"rendered":"<p><!DOCTYPE html><br \/>\n<html><br \/>\n<head><br \/>\n<meta name=\"viewport\" content=\"width=device-width, initial-scale=1\"><\/p>\n<style>\n.container-video { position: relative; width: 100%; overflow: hidden; padding-top: 56.25%;\n}\n.responsive-iframe-video { position: absolute; top: 0; left: 0; bottom: 0; right: 0; width: 100%; height: 100%; border: none;\n}\n<\/style>\n<p><\/head><br \/>\n<body><\/p>\n<div class=\"container-video\"> <iframe title=\"video-espn\" class=\"responsive-iframe-video\" src=\"https:\/\/www.espn.com.ar\/core\/video\/iframe?id=16413683&#038;endcard=false&#038;omniReportSuite=wdgespge\" allowfullscreen><\/iframe>\n<\/div>\n<p><\/body><br \/>\n<\/html><\/p>\n<p><b>Thiago Fern\u00e1ndez<\/b> volvi\u00f3 a consumar una buena actuaci\u00f3n con el <b>Real Oviedo<\/b> en el empate 1-1 contra el <b>Espanyol <\/b>en el <i>RCDE Stadium<\/i>. El joven argentino de 21 a\u00f1os <b>brind\u00f3 una nueva asistencia despu\u00e9s de realizar una notable jugada individual<\/b>. M\u00e1s all\u00e1 de la buena labora del extremo, los <i>Carbayones <\/i>siguen en el \u00faltimo puesto de <b>La Liga de Espa\u00f1a <\/b>en el marco de la 27\u00aa jornada. <\/p>\n<p>El elenco visitante se adelant\u00f3 en el marcador a los siete minutos del primer tiempo de la mano del atacante surgido en <b>V\u00e9lez S\u00e1rsfield<\/b> y que est\u00e1 cedido del <b>Villarreal<\/b>. Fern\u00e1ndez recibi\u00f3 el bal\u00f3n en la frontal del \u00e1rea y se meti\u00f3 dentro de esta luego de conducir la pelota por el medio de dos rivales. El extremo argentino fren\u00f3 su carrera y, <b>tras un giro en su lugar, volvi\u00f3 a gambetear a un defensa del Espanyol<\/b> para sacar un centro al medio.<\/p>\n<p>M\u00e1s all\u00e1 de que un defensor logr\u00f3 despejarlo en el \u00e1rea chica, el bal\u00f3n volvi\u00f3 a caer en los pies del albiceleste. Sin embargo, <b>con un toque sutil de primera, Thiago Fern\u00e1ndez habilit\u00f3 a Alberto Reina para que este estampara el 1-0 parcial<\/b>. Esta asistencia represent\u00f3 la segunda desde su llegada a la instituci\u00f3n por parte del joven de 21 a\u00f1os: dio un pase gol en su debut en la victoria por 1-0 sobre el <b>Girona<\/b>. <\/p>\n<p><!DOCTYPE html><br \/>\n<html><br \/>\n<head><br \/>\n<meta name=\"viewport\" content=\"width=device-width, initial-scale=1\"><\/p>\n<style>\n.container-video { position: relative; width: 100%; overflow: hidden; padding-top: 56.25%;\n}\n.responsive-iframe-video { position: absolute; top: 0; left: 0; bottom: 0; right: 0; width: 100%; height: 100%; border: none;\n}\n<\/style>\n<p><\/head><br \/>\n<body><\/p>\n<div class=\"container-video\"> <iframe title=\"video-espn\" class=\"responsive-iframe-video\" src=\"https:\/\/www.espn.com.ar\/core\/video\/iframe?id=16413580&#038;endcard=false&#038;omniReportSuite=wdgespge\" allowfullscreen><\/iframe>\n<\/div>\n<p><\/body><br \/>\n<\/html><\/p>\n<p><i>*El compacto del empate 1-1 entre Espanyol y Real Oviedo<\/i><\/p>\n<p>A pesar de que la visita se puso en ventaja, el cuadro local logr\u00f3 igualar el partido a los 36 minutos. Despu\u00e9s de varias situaciones de peligro, incluidos dos disparos de media distancia y un importante mano a mano que fall\u00f3 <b>Tyrhys Dolan<\/b>, <b>Kike Garc\u00eda aprovech\u00f3 un pase de Cyril Ngonge y marc\u00f3 el 1-1 de penal.<\/b><\/p>\n<p>El empate no le sirvi\u00f3 a ninguno de los dos equipos. <b>Real Oviedo se mantiene en el \u00faltimo puesto de la clasificaci\u00f3n de La Liga con 18 unidades<\/b>. <b>Elche<\/b>, equipo que marca la l\u00ednea de la salvaci\u00f3n, suma 26. Por su parte, <b>Espanyol <\/b>qued\u00f3 s\u00e9ptimo con 37 puntos y no pudo acercarse a la pelea por el ingreso a las competiciones europeas. <\/p>\n<p>Adem\u00e1s de la presencia de Thiago Fern\u00e1ndez, el enfrentamiento tambi\u00e9n cont\u00f3 con la participaci\u00f3n del argentino <b>Santiago Colombatto<\/b>, que pas\u00f3 por las inferiores de <b>River Plate<\/b> y con pasado en la <b>selecci\u00f3n argentina<\/b>, y <b>Nicol\u00e1s Fonseca<\/b>, otro ex mediocampista del <i>Millonario<\/i>.<\/p>\n<p><img loading=\"lazy\" decoding=\"async\" src=\"https:\/\/lobosnews.com.ar\/wp-content\/uploads\/2026\/03\/la-magistral-jugada-del-argentino-thiago-fernandez-en-el-empate-entre-real-oviedo-y-espanyol-por-la-liga-de-espana.jpg\" alt=\"Thiago Fern\u00e1ndez acumula dos asistencias en seis partidos con el Real Oviedo (@thiagofernandez_04)\" height=\"1350\" width=\"1080\"\/><\/p>\n<p>Thiago Fern\u00e1ndez recal\u00f3 en el Real Oviedo tras ser cedido por parte del Villarreal. El argentino se convirti\u00f3 en jugador del <i>Submarino Amarillo<\/i> en enero de 2026 despu\u00e9s de una convulsionada salida de V\u00e9lez. <\/p>\n<p>Campe\u00f3n con el <i>Fort\u00edn <\/i>en la Liga Profesional 2024 bajo las \u00f3rdenes de Gustavo Quinteros, se march\u00f3 del club de Liniers <span class=\"waslinkname\">en medio de un conflicto con los dirigentes<\/span>. El jugador surgido de las divisiones inferiores<b> se neg\u00f3 a renovar su contrato<\/b>, fue apartado del equipo profesional, <span class=\"waslinkname\"><b>se entren\u00f3 diferenciado<\/b> en los \u00faltimos seis meses<\/span> y termin\u00f3 march\u00e1ndose como <b>agente libre<\/b>, sin dejar ingresos econ\u00f3micos a la instituci\u00f3n que lo form\u00f3 como futbolista. Antes de esto sufri\u00f3 la rotura de los ligamentos cruzados. <\/p>\n<p>\u201c<b>425 d\u00edas despu\u00e9s volv\u00ed a jugar un partido oficial. No me alcanzan las palabras para describir lo que sent\u00ed y siento en este momento<\/b>. Muchas gracias a todos los que fueron parte de este proceso y acompa\u00f1aron siempre. 3 puntos importantes para sumar confianza y crecer! Vamos\u201d, escribi\u00f3 en su Instagram en su debut con el Oviedo contra el Girona el pasado 31 de enero. <\/p>\n<h2>TABLA DE POSICIONES DE LA LIGA DE ESPA\u00d1A<\/h2>\n","protected":false},"excerpt":{"rendered":"<p>Thiago Fern\u00e1ndez volvi\u00f3 a consumar una buena actuaci\u00f3n con el Real Oviedo en el empate 1-1 contra el Espanyol en el RCDE Stadium. El joven argentino de 21 a\u00f1os brind\u00f3 una nueva asistencia despu\u00e9s de realizar una notable jugada individual. M\u00e1s all\u00e1 de la buena labora del extremo, los Carbayones siguen en el \u00faltimo puesto&#8230;<\/p>\n","protected":false},"author":1,"featured_media":0,"comment_status":"open","ping_status":"closed","sticky":false,"template":"","format":"standard","meta":{"_jetpack_memberships_contains_paid_content":false,"footnotes":""},"categories":[30],"tags":[39],"class_list":["post-31434","post","type-post","status-publish","format-standard","hentry","category-argentina","tag-deportes"],"magazineBlocksPostFeaturedMedia":{"thumbnail":false,"medium":false,"medium_large":false,"large":false,"1536x1536":false,"2048x2048":false,"newsmatic-featured":false,"newsmatic-list":false,"newsmatic-thumb":false,"newsmatic-small":false,"newsmatic-grid":false},"magazineBlocksPostAuthor":{"name":"admin","avatar":"https:\/\/secure.gravatar.com\/avatar\/76e419471a2083bc3ceab22a763dbbf9b0c1bd15a6214cf3280e2c2dde4580f9?s=96&d=mm&r=g"},"magazineBlocksPostCommentsNumber":"0","magazineBlocksPostExcerpt":"Thiago Fern\u00e1ndez volvi\u00f3 a consumar una buena actuaci\u00f3n con el Real Oviedo en el empate 1-1 contra el Espanyol en el RCDE Stadium. El joven argentino de 21 a\u00f1os brind\u00f3 una nueva asistencia despu\u00e9s de realizar una notable jugada individual. M\u00e1s all\u00e1 de la buena labora del extremo, los Carbayones siguen en el \u00faltimo puesto...","magazineBlocksPostCategories":["Argentina"],"magazineBlocksPostViewCount":82,"magazineBlocksPostReadTime":4,"magazine_blocks_featured_image_url":{"full":false,"medium":false,"thumbnail":false},"magazine_blocks_author":{"display_name":"admin","author_link":"https:\/\/lobosnews.com.ar\/index.php\/author\/lobos-news\/"},"magazine_blocks_comment":0,"magazine_blocks_author_image":"https:\/\/secure.gravatar.com\/avatar\/76e419471a2083bc3ceab22a763dbbf9b0c1bd15a6214cf3280e2c2dde4580f9?s=96&d=mm&r=g","magazine_blocks_category":"<a href=\"#\" class=\"category-link category-link-30\">Argentina<\/a>","yoast_head":"<!-- This site is optimized with the Yoast SEO plugin v26.6 - https:\/\/yoast.com\/wordpress\/plugins\/seo\/ -->\n<title>La magistral jugada del argentino Thiago Fern\u00e1ndez en el empate entre Real Oviedo y Espanyol por La Liga de Espa\u00f1a - Lobos News<\/title>\n<meta name=\"robots\" content=\"index, follow, max-snippet:-1, max-image-preview:large, max-video-preview:-1\" \/>\n<link rel=\"canonical\" href=\"https:\/\/lobosnews.com.ar\/index.php\/2026\/03\/09\/la-magistral-jugada-del-argentino-thiago-fernandez-en-el-empate-entre-real-oviedo-y-espanyol-por-la-liga-de-espana\/\" \/>\n<meta property=\"og:locale\" content=\"es_ES\" \/>\n<meta property=\"og:type\" content=\"article\" \/>\n<meta property=\"og:title\" content=\"La magistral jugada del argentino Thiago Fern\u00e1ndez en el empate entre Real Oviedo y Espanyol por La Liga de Espa\u00f1a - Lobos News\" \/>\n<meta property=\"og:description\" content=\"Thiago Fern\u00e1ndez volvi\u00f3 a consumar una buena actuaci\u00f3n con el Real Oviedo en el empate 1-1 contra el Espanyol en el RCDE Stadium. El joven argentino de 21 a\u00f1os brind\u00f3 una nueva asistencia despu\u00e9s de realizar una notable jugada individual. M\u00e1s all\u00e1 de la buena labora del extremo, los Carbayones siguen en el \u00faltimo puesto...\" \/>\n<meta property=\"og:url\" content=\"https:\/\/lobosnews.com.ar\/index.php\/2026\/03\/09\/la-magistral-jugada-del-argentino-thiago-fernandez-en-el-empate-entre-real-oviedo-y-espanyol-por-la-liga-de-espana\/\" \/>\n<meta property=\"og:site_name\" content=\"Lobos News\" \/>\n<meta property=\"article:published_time\" content=\"2026-03-09T23:09:56+00:00\" \/>\n<meta property=\"article:modified_time\" content=\"2026-03-10T02:33:17+00:00\" \/>\n<meta property=\"og:image\" content=\"https:\/\/lobosnews.com.ar\/wp-content\/uploads\/2026\/03\/la-magistral-jugada-del-argentino-thiago-fernandez-en-el-empate-entre-real-oviedo-y-espanyol-por-la-liga-de-espana.jpg\" \/>\n<meta name=\"author\" content=\"admin\" \/>\n<meta name=\"twitter:card\" content=\"summary_large_image\" \/>\n<meta name=\"twitter:label1\" content=\"Escrito por\" \/>\n\t<meta name=\"twitter:data1\" content=\"admin\" \/>\n\t<meta name=\"twitter:label2\" content=\"Tiempo de lectura\" \/>\n\t<meta name=\"twitter:data2\" content=\"3 minutos\" \/>\n<script type=\"application\/ld+json\" class=\"yoast-schema-graph\">{\"@context\":\"https:\/\/schema.org\",\"@graph\":[{\"@type\":\"Article\",\"@id\":\"https:\/\/lobosnews.com.ar\/index.php\/2026\/03\/09\/la-magistral-jugada-del-argentino-thiago-fernandez-en-el-empate-entre-real-oviedo-y-espanyol-por-la-liga-de-espana\/#article\",\"isPartOf\":{\"@id\":\"https:\/\/lobosnews.com.ar\/index.php\/2026\/03\/09\/la-magistral-jugada-del-argentino-thiago-fernandez-en-el-empate-entre-real-oviedo-y-espanyol-por-la-liga-de-espana\/\"},\"author\":{\"name\":\"admin\",\"@id\":\"https:\/\/lobosnews.com.ar\/#\/schema\/person\/232422a593d5c541dd9aef6aaed10943\"},\"headline\":\"La magistral jugada del argentino Thiago Fern\u00e1ndez en el empate entre Real Oviedo y Espanyol por La Liga de Espa\u00f1a\",\"datePublished\":\"2026-03-09T23:09:56+00:00\",\"dateModified\":\"2026-03-10T02:33:17+00:00\",\"mainEntityOfPage\":{\"@id\":\"https:\/\/lobosnews.com.ar\/index.php\/2026\/03\/09\/la-magistral-jugada-del-argentino-thiago-fernandez-en-el-empate-entre-real-oviedo-y-espanyol-por-la-liga-de-espana\/\"},\"wordCount\":635,\"commentCount\":0,\"publisher\":{\"@id\":\"https:\/\/lobosnews.com.ar\/#organization\"},\"image\":{\"@id\":\"https:\/\/lobosnews.com.ar\/index.php\/2026\/03\/09\/la-magistral-jugada-del-argentino-thiago-fernandez-en-el-empate-entre-real-oviedo-y-espanyol-por-la-liga-de-espana\/#primaryimage\"},\"thumbnailUrl\":\"https:\/\/lobosnews.com.ar\/wp-content\/uploads\/2026\/03\/la-magistral-jugada-del-argentino-thiago-fernandez-en-el-empate-entre-real-oviedo-y-espanyol-por-la-liga-de-espana.jpg\",\"keywords\":[\"Deportes\"],\"articleSection\":[\"Argentina\"],\"inLanguage\":\"es\",\"potentialAction\":[{\"@type\":\"CommentAction\",\"name\":\"Comment\",\"target\":[\"https:\/\/lobosnews.com.ar\/index.php\/2026\/03\/09\/la-magistral-jugada-del-argentino-thiago-fernandez-en-el-empate-entre-real-oviedo-y-espanyol-por-la-liga-de-espana\/#respond\"]}]},{\"@type\":\"WebPage\",\"@id\":\"https:\/\/lobosnews.com.ar\/index.php\/2026\/03\/09\/la-magistral-jugada-del-argentino-thiago-fernandez-en-el-empate-entre-real-oviedo-y-espanyol-por-la-liga-de-espana\/\",\"url\":\"https:\/\/lobosnews.com.ar\/index.php\/2026\/03\/09\/la-magistral-jugada-del-argentino-thiago-fernandez-en-el-empate-entre-real-oviedo-y-espanyol-por-la-liga-de-espana\/\",\"name\":\"La magistral jugada del argentino Thiago Fern\u00e1ndez en el empate entre Real Oviedo y Espanyol por La Liga de Espa\u00f1a - Lobos News\",\"isPartOf\":{\"@id\":\"https:\/\/lobosnews.com.ar\/#website\"},\"primaryImageOfPage\":{\"@id\":\"https:\/\/lobosnews.com.ar\/index.php\/2026\/03\/09\/la-magistral-jugada-del-argentino-thiago-fernandez-en-el-empate-entre-real-oviedo-y-espanyol-por-la-liga-de-espana\/#primaryimage\"},\"image\":{\"@id\":\"https:\/\/lobosnews.com.ar\/index.php\/2026\/03\/09\/la-magistral-jugada-del-argentino-thiago-fernandez-en-el-empate-entre-real-oviedo-y-espanyol-por-la-liga-de-espana\/#primaryimage\"},\"thumbnailUrl\":\"https:\/\/lobosnews.com.ar\/wp-content\/uploads\/2026\/03\/la-magistral-jugada-del-argentino-thiago-fernandez-en-el-empate-entre-real-oviedo-y-espanyol-por-la-liga-de-espana.jpg\",\"datePublished\":\"2026-03-09T23:09:56+00:00\",\"dateModified\":\"2026-03-10T02:33:17+00:00\",\"breadcrumb\":{\"@id\":\"https:\/\/lobosnews.com.ar\/index.php\/2026\/03\/09\/la-magistral-jugada-del-argentino-thiago-fernandez-en-el-empate-entre-real-oviedo-y-espanyol-por-la-liga-de-espana\/#breadcrumb\"},\"inLanguage\":\"es\",\"potentialAction\":[{\"@type\":\"ReadAction\",\"target\":[\"https:\/\/lobosnews.com.ar\/index.php\/2026\/03\/09\/la-magistral-jugada-del-argentino-thiago-fernandez-en-el-empate-entre-real-oviedo-y-espanyol-por-la-liga-de-espana\/\"]}]},{\"@type\":\"ImageObject\",\"inLanguage\":\"es\",\"@id\":\"https:\/\/lobosnews.com.ar\/index.php\/2026\/03\/09\/la-magistral-jugada-del-argentino-thiago-fernandez-en-el-empate-entre-real-oviedo-y-espanyol-por-la-liga-de-espana\/#primaryimage\",\"url\":\"https:\/\/lobosnews.com.ar\/wp-content\/uploads\/2026\/03\/la-magistral-jugada-del-argentino-thiago-fernandez-en-el-empate-entre-real-oviedo-y-espanyol-por-la-liga-de-espana.jpg\",\"contentUrl\":\"https:\/\/lobosnews.com.ar\/wp-content\/uploads\/2026\/03\/la-magistral-jugada-del-argentino-thiago-fernandez-en-el-empate-entre-real-oviedo-y-espanyol-por-la-liga-de-espana.jpg\"},{\"@type\":\"BreadcrumbList\",\"@id\":\"https:\/\/lobosnews.com.ar\/index.php\/2026\/03\/09\/la-magistral-jugada-del-argentino-thiago-fernandez-en-el-empate-entre-real-oviedo-y-espanyol-por-la-liga-de-espana\/#breadcrumb\",\"itemListElement\":[{\"@type\":\"ListItem\",\"position\":1,\"name\":\"Portada\",\"item\":\"https:\/\/lobosnews.com.ar\/\"},{\"@type\":\"ListItem\",\"position\":2,\"name\":\"La magistral jugada del argentino Thiago Fern\u00e1ndez en el empate entre Real Oviedo y Espanyol por La Liga de Espa\u00f1a\"}]},{\"@type\":\"WebSite\",\"@id\":\"https:\/\/lobosnews.com.ar\/#website\",\"url\":\"https:\/\/lobosnews.com.ar\/\",\"name\":\"Lobos News\",\"description\":\"Informaci\u00f3n a cada instante\",\"publisher\":{\"@id\":\"https:\/\/lobosnews.com.ar\/#organization\"},\"potentialAction\":[{\"@type\":\"SearchAction\",\"target\":{\"@type\":\"EntryPoint\",\"urlTemplate\":\"https:\/\/lobosnews.com.ar\/?s={search_term_string}\"},\"query-input\":{\"@type\":\"PropertyValueSpecification\",\"valueRequired\":true,\"valueName\":\"search_term_string\"}}],\"inLanguage\":\"es\"},{\"@type\":\"Organization\",\"@id\":\"https:\/\/lobosnews.com.ar\/#organization\",\"name\":\"Lobos News\",\"url\":\"https:\/\/lobosnews.com.ar\/\",\"logo\":{\"@type\":\"ImageObject\",\"inLanguage\":\"es\",\"@id\":\"https:\/\/lobosnews.com.ar\/#\/schema\/logo\/image\/\",\"url\":\"https:\/\/lobosnews.com.ar\/wp-content\/uploads\/2026\/01\/logo-lobosnews.png\",\"contentUrl\":\"https:\/\/lobosnews.com.ar\/wp-content\/uploads\/2026\/01\/logo-lobosnews.png\",\"width\":500,\"height\":200,\"caption\":\"Lobos News\"},\"image\":{\"@id\":\"https:\/\/lobosnews.com.ar\/#\/schema\/logo\/image\/\"}},{\"@type\":\"Person\",\"@id\":\"https:\/\/lobosnews.com.ar\/#\/schema\/person\/232422a593d5c541dd9aef6aaed10943\",\"name\":\"admin\",\"image\":{\"@type\":\"ImageObject\",\"inLanguage\":\"es\",\"@id\":\"https:\/\/lobosnews.com.ar\/#\/schema\/person\/image\/\",\"url\":\"https:\/\/secure.gravatar.com\/avatar\/76e419471a2083bc3ceab22a763dbbf9b0c1bd15a6214cf3280e2c2dde4580f9?s=96&d=mm&r=g\",\"contentUrl\":\"https:\/\/secure.gravatar.com\/avatar\/76e419471a2083bc3ceab22a763dbbf9b0c1bd15a6214cf3280e2c2dde4580f9?s=96&d=mm&r=g\",\"caption\":\"admin\"},\"sameAs\":[\"https:\/\/lobosnews.com.ar\"],\"url\":\"https:\/\/lobosnews.com.ar\/index.php\/author\/lobos-news\/\"}]}<\/script>\n<!-- \/ Yoast SEO plugin. -->","yoast_head_json":{"title":"La magistral jugada del argentino Thiago Fern\u00e1ndez en el empate entre Real Oviedo y Espanyol por La Liga de Espa\u00f1a - Lobos News","robots":{"index":"index","follow":"follow","max-snippet":"max-snippet:-1","max-image-preview":"max-image-preview:large","max-video-preview":"max-video-preview:-1"},"canonical":"https:\/\/lobosnews.com.ar\/index.php\/2026\/03\/09\/la-magistral-jugada-del-argentino-thiago-fernandez-en-el-empate-entre-real-oviedo-y-espanyol-por-la-liga-de-espana\/","og_locale":"es_ES","og_type":"article","og_title":"La magistral jugada del argentino Thiago Fern\u00e1ndez en el empate entre Real Oviedo y Espanyol por La Liga de Espa\u00f1a - Lobos News","og_description":"Thiago Fern\u00e1ndez volvi\u00f3 a consumar una buena actuaci\u00f3n con el Real Oviedo en el empate 1-1 contra el Espanyol en el RCDE Stadium. El joven argentino de 21 a\u00f1os brind\u00f3 una nueva asistencia despu\u00e9s de realizar una notable jugada individual. M\u00e1s all\u00e1 de la buena labora del extremo, los Carbayones siguen en el \u00faltimo puesto...","og_url":"https:\/\/lobosnews.com.ar\/index.php\/2026\/03\/09\/la-magistral-jugada-del-argentino-thiago-fernandez-en-el-empate-entre-real-oviedo-y-espanyol-por-la-liga-de-espana\/","og_site_name":"Lobos News","article_published_time":"2026-03-09T23:09:56+00:00","article_modified_time":"2026-03-10T02:33:17+00:00","og_image":[{"url":"https:\/\/lobosnews.com.ar\/wp-content\/uploads\/2026\/03\/la-magistral-jugada-del-argentino-thiago-fernandez-en-el-empate-entre-real-oviedo-y-espanyol-por-la-liga-de-espana.jpg","type":"","width":"","height":""}],"author":"admin","twitter_card":"summary_large_image","twitter_misc":{"Escrito por":"admin","Tiempo de lectura":"3 minutos"},"schema":{"@context":"https:\/\/schema.org","@graph":[{"@type":"Article","@id":"https:\/\/lobosnews.com.ar\/index.php\/2026\/03\/09\/la-magistral-jugada-del-argentino-thiago-fernandez-en-el-empate-entre-real-oviedo-y-espanyol-por-la-liga-de-espana\/#article","isPartOf":{"@id":"https:\/\/lobosnews.com.ar\/index.php\/2026\/03\/09\/la-magistral-jugada-del-argentino-thiago-fernandez-en-el-empate-entre-real-oviedo-y-espanyol-por-la-liga-de-espana\/"},"author":{"name":"admin","@id":"https:\/\/lobosnews.com.ar\/#\/schema\/person\/232422a593d5c541dd9aef6aaed10943"},"headline":"La magistral jugada del argentino Thiago Fern\u00e1ndez en el empate entre Real Oviedo y Espanyol por La Liga de Espa\u00f1a","datePublished":"2026-03-09T23:09:56+00:00","dateModified":"2026-03-10T02:33:17+00:00","mainEntityOfPage":{"@id":"https:\/\/lobosnews.com.ar\/index.php\/2026\/03\/09\/la-magistral-jugada-del-argentino-thiago-fernandez-en-el-empate-entre-real-oviedo-y-espanyol-por-la-liga-de-espana\/"},"wordCount":635,"commentCount":0,"publisher":{"@id":"https:\/\/lobosnews.com.ar\/#organization"},"image":{"@id":"https:\/\/lobosnews.com.ar\/index.php\/2026\/03\/09\/la-magistral-jugada-del-argentino-thiago-fernandez-en-el-empate-entre-real-oviedo-y-espanyol-por-la-liga-de-espana\/#primaryimage"},"thumbnailUrl":"https:\/\/lobosnews.com.ar\/wp-content\/uploads\/2026\/03\/la-magistral-jugada-del-argentino-thiago-fernandez-en-el-empate-entre-real-oviedo-y-espanyol-por-la-liga-de-espana.jpg","keywords":["Deportes"],"articleSection":["Argentina"],"inLanguage":"es","potentialAction":[{"@type":"CommentAction","name":"Comment","target":["https:\/\/lobosnews.com.ar\/index.php\/2026\/03\/09\/la-magistral-jugada-del-argentino-thiago-fernandez-en-el-empate-entre-real-oviedo-y-espanyol-por-la-liga-de-espana\/#respond"]}]},{"@type":"WebPage","@id":"https:\/\/lobosnews.com.ar\/index.php\/2026\/03\/09\/la-magistral-jugada-del-argentino-thiago-fernandez-en-el-empate-entre-real-oviedo-y-espanyol-por-la-liga-de-espana\/","url":"https:\/\/lobosnews.com.ar\/index.php\/2026\/03\/09\/la-magistral-jugada-del-argentino-thiago-fernandez-en-el-empate-entre-real-oviedo-y-espanyol-por-la-liga-de-espana\/","name":"La magistral jugada del argentino Thiago Fern\u00e1ndez en el empate entre Real Oviedo y Espanyol por La Liga de Espa\u00f1a - Lobos News","isPartOf":{"@id":"https:\/\/lobosnews.com.ar\/#website"},"primaryImageOfPage":{"@id":"https:\/\/lobosnews.com.ar\/index.php\/2026\/03\/09\/la-magistral-jugada-del-argentino-thiago-fernandez-en-el-empate-entre-real-oviedo-y-espanyol-por-la-liga-de-espana\/#primaryimage"},"image":{"@id":"https:\/\/lobosnews.com.ar\/index.php\/2026\/03\/09\/la-magistral-jugada-del-argentino-thiago-fernandez-en-el-empate-entre-real-oviedo-y-espanyol-por-la-liga-de-espana\/#primaryimage"},"thumbnailUrl":"https:\/\/lobosnews.com.ar\/wp-content\/uploads\/2026\/03\/la-magistral-jugada-del-argentino-thiago-fernandez-en-el-empate-entre-real-oviedo-y-espanyol-por-la-liga-de-espana.jpg","datePublished":"2026-03-09T23:09:56+00:00","dateModified":"2026-03-10T02:33:17+00:00","breadcrumb":{"@id":"https:\/\/lobosnews.com.ar\/index.php\/2026\/03\/09\/la-magistral-jugada-del-argentino-thiago-fernandez-en-el-empate-entre-real-oviedo-y-espanyol-por-la-liga-de-espana\/#breadcrumb"},"inLanguage":"es","potentialAction":[{"@type":"ReadAction","target":["https:\/\/lobosnews.com.ar\/index.php\/2026\/03\/09\/la-magistral-jugada-del-argentino-thiago-fernandez-en-el-empate-entre-real-oviedo-y-espanyol-por-la-liga-de-espana\/"]}]},{"@type":"ImageObject","inLanguage":"es","@id":"https:\/\/lobosnews.com.ar\/index.php\/2026\/03\/09\/la-magistral-jugada-del-argentino-thiago-fernandez-en-el-empate-entre-real-oviedo-y-espanyol-por-la-liga-de-espana\/#primaryimage","url":"https:\/\/lobosnews.com.ar\/wp-content\/uploads\/2026\/03\/la-magistral-jugada-del-argentino-thiago-fernandez-en-el-empate-entre-real-oviedo-y-espanyol-por-la-liga-de-espana.jpg","contentUrl":"https:\/\/lobosnews.com.ar\/wp-content\/uploads\/2026\/03\/la-magistral-jugada-del-argentino-thiago-fernandez-en-el-empate-entre-real-oviedo-y-espanyol-por-la-liga-de-espana.jpg"},{"@type":"BreadcrumbList","@id":"https:\/\/lobosnews.com.ar\/index.php\/2026\/03\/09\/la-magistral-jugada-del-argentino-thiago-fernandez-en-el-empate-entre-real-oviedo-y-espanyol-por-la-liga-de-espana\/#breadcrumb","itemListElement":[{"@type":"ListItem","position":1,"name":"Portada","item":"https:\/\/lobosnews.com.ar\/"},{"@type":"ListItem","position":2,"name":"La magistral jugada del argentino Thiago Fern\u00e1ndez en el empate entre Real Oviedo y Espanyol por La Liga de Espa\u00f1a"}]},{"@type":"WebSite","@id":"https:\/\/lobosnews.com.ar\/#website","url":"https:\/\/lobosnews.com.ar\/","name":"Lobos News","description":"Informaci\u00f3n a cada instante","publisher":{"@id":"https:\/\/lobosnews.com.ar\/#organization"},"potentialAction":[{"@type":"SearchAction","target":{"@type":"EntryPoint","urlTemplate":"https:\/\/lobosnews.com.ar\/?s={search_term_string}"},"query-input":{"@type":"PropertyValueSpecification","valueRequired":true,"valueName":"search_term_string"}}],"inLanguage":"es"},{"@type":"Organization","@id":"https:\/\/lobosnews.com.ar\/#organization","name":"Lobos News","url":"https:\/\/lobosnews.com.ar\/","logo":{"@type":"ImageObject","inLanguage":"es","@id":"https:\/\/lobosnews.com.ar\/#\/schema\/logo\/image\/","url":"https:\/\/lobosnews.com.ar\/wp-content\/uploads\/2026\/01\/logo-lobosnews.png","contentUrl":"https:\/\/lobosnews.com.ar\/wp-content\/uploads\/2026\/01\/logo-lobosnews.png","width":500,"height":200,"caption":"Lobos News"},"image":{"@id":"https:\/\/lobosnews.com.ar\/#\/schema\/logo\/image\/"}},{"@type":"Person","@id":"https:\/\/lobosnews.com.ar\/#\/schema\/person\/232422a593d5c541dd9aef6aaed10943","name":"admin","image":{"@type":"ImageObject","inLanguage":"es","@id":"https:\/\/lobosnews.com.ar\/#\/schema\/person\/image\/","url":"https:\/\/secure.gravatar.com\/avatar\/76e419471a2083bc3ceab22a763dbbf9b0c1bd15a6214cf3280e2c2dde4580f9?s=96&d=mm&r=g","contentUrl":"https:\/\/secure.gravatar.com\/avatar\/76e419471a2083bc3ceab22a763dbbf9b0c1bd15a6214cf3280e2c2dde4580f9?s=96&d=mm&r=g","caption":"admin"},"sameAs":["https:\/\/lobosnews.com.ar"],"url":"https:\/\/lobosnews.com.ar\/index.php\/author\/lobos-news\/"}]}},"jetpack_featured_media_url":"","jetpack_sharing_enabled":true,"_links":{"self":[{"href":"https:\/\/lobosnews.com.ar\/index.php\/wp-json\/wp\/v2\/posts\/31434","targetHints":{"allow":["GET"]}}],"collection":[{"href":"https:\/\/lobosnews.com.ar\/index.php\/wp-json\/wp\/v2\/posts"}],"about":[{"href":"https:\/\/lobosnews.com.ar\/index.php\/wp-json\/wp\/v2\/types\/post"}],"author":[{"embeddable":true,"href":"https:\/\/lobosnews.com.ar\/index.php\/wp-json\/wp\/v2\/users\/1"}],"replies":[{"embeddable":true,"href":"https:\/\/lobosnews.com.ar\/index.php\/wp-json\/wp\/v2\/comments?post=31434"}],"version-history":[{"count":1,"href":"https:\/\/lobosnews.com.ar\/index.php\/wp-json\/wp\/v2\/posts\/31434\/revisions"}],"predecessor-version":[{"id":31436,"href":"https:\/\/lobosnews.com.ar\/index.php\/wp-json\/wp\/v2\/posts\/31434\/revisions\/31436"}],"wp:attachment":[{"href":"https:\/\/lobosnews.com.ar\/index.php\/wp-json\/wp\/v2\/media?parent=31434"}],"wp:term":[{"taxonomy":"category","embeddable":true,"href":"https:\/\/lobosnews.com.ar\/index.php\/wp-json\/wp\/v2\/categories?post=31434"},{"taxonomy":"post_tag","embeddable":true,"href":"https:\/\/lobosnews.com.ar\/index.php\/wp-json\/wp\/v2\/tags?post=31434"}],"curies":[{"name":"wp","href":"https:\/\/api.w.org\/{rel}","templated":true}]}}