{"id":31430,"date":"2026-03-10T00:35:51","date_gmt":"2026-03-10T00:35:51","guid":{"rendered":"https:\/\/lobosnews.com.ar\/index.php\/2026\/03\/10\/me-va-a-mantener-despierto-esta-noche-el-director-de-alpine-revelo-la-preocupacion-que-le-genera-el-gp-de-china-de-formula-1\/"},"modified":"2026-03-10T02:33:16","modified_gmt":"2026-03-10T02:33:16","slug":"me-va-a-mantener-despierto-esta-noche-el-director-de-alpine-revelo-la-preocupacion-que-le-genera-el-gp-de-china-de-formula-1","status":"publish","type":"post","link":"https:\/\/lobosnews.com.ar\/index.php\/2026\/03\/10\/me-va-a-mantener-despierto-esta-noche-el-director-de-alpine-revelo-la-preocupacion-que-le-genera-el-gp-de-china-de-formula-1\/","title":{"rendered":"\u201cMe va a mantener despierto esta noche\u201d: el director de Alpine revel\u00f3 la preocupaci\u00f3n que le genera el GP de China de F\u00f3rmula 1"},"content":{"rendered":"<p><img loading=\"lazy\" decoding=\"async\" src=\"https:\/\/lobosnews.com.ar\/wp-content\/uploads\/2026\/03\/me-va-a-mantener-despierto-esta-noche-el-director-de-alpine-revelo-la-preocupacion-que-le-genera-el-gp-de-china-de-formula-1.jpg\" alt=\"Steve Nielsen anticip\u00f3 las dificultades del fin de semana en China con el formato Sprint (Prensa Alpine)\" height=\"867\" width=\"1300\"\/><\/p>\n<p>El inminente <b>Gran Premio de China<\/b> en formato <b>Sprint <\/b>genera m\u00e1xima preocupaci\u00f3n dentro de <b>Alpine<\/b> ante el ajuste a los nuevos reglamentos t\u00e9cnicos de la <b>F\u00f3rmula 1<\/b>, ya que sus ingenieros tendr\u00e1n <b>apenas 60 minutos<\/b> de entrenamientos libres para analizar el comportamiento de los flamantes coches A526 y preparar la competencia que se desarrollar\u00e1 en el <b>Circuito Internacional de Shangh\u00e1i<\/b>. <\/p>\n<p>Seg\u00fan declar\u00f3 <b>Steve Nielsen<\/b>, director deportivo de la escuder\u00eda, al medio <i>Motorsport<\/i>, la escasa ventana para pruebas supone un desaf\u00edo t\u00e9cnico \u201cincre\u00edblemente dif\u00edcil\u201d. \u201c<b>Me va a mantener despierto esta noche<\/b>\u201d, acept\u00f3, situando a todos los equipos ante una exigencia in\u00e9dita.<\/p>\n<p>En la m\u00e1s reciente carrera, celebrada en Melbourne, <b>Alpine<\/b> logr\u00f3 sumar su primer punto del a\u00f1o gracias al desempe\u00f1o de <b>Pierre Gasly<\/b>. Este resultado signific\u00f3 un alivio para la escuder\u00eda, luego de que las dificultades para adaptar los autos a los nuevos procedimientos se evidenciaran desde los ensayos. <\/p>\n<p>La jornada dej\u00f3 al descubierto el efecto negativo de las penalizaciones previas a la salida para el otro piloto, <b>Franco Colapinto<\/b>, por <span class=\"waslinkname\">un error del equipo que fue asumido por el propio<b> Nielsen<\/b><\/span>. <\/p>\n<p>La presi\u00f3n aumenta al considerar que el formato<b> Sprint<\/b>, cuya carrera se realiza los s\u00e1bados y su extensi\u00f3n es un tercio de la competencia principal de los domingos, reduce el trabajo en pista a una \u00fanica sesi\u00f3n de pr\u00e1ctica de una hora, una diferencia notable respecto a los tradicionales fines de semana con tres entrenamientos. <\/p>\n<p><img loading=\"lazy\" decoding=\"async\" src=\"https:\/\/lobosnews.com.ar\/wp-content\/uploads\/2026\/03\/me-va-a-mantener-despierto-esta-noche-el-director-de-alpine-revelo-la-preocupacion-que-le-genera-el-gp-de-china-de-formula-1-1.jpg\" alt=\"Franco Colapinto buscar\u00e1 en Shangh\u00e1i sumar sus primeros puntos con Alpine (Photo by Mark Thompson\/Getty Images)\" height=\"1333\" width=\"2000\"\/><\/p>\n<p><b>Nielsen<\/b> advirti\u00f3 que \u201cen China solo tendremos una sesi\u00f3n de 60 minutos para ponernos al d\u00eda con todo esto\u201d, subrayando la magnitud del reto y la importancia de evitar errores en cada decisi\u00f3n t\u00e9cnica. Desde su punto de vista, esta restricci\u00f3n implica priorizar tareas fundamentales como \u201cdespliegue y recuperaci\u00f3n de energ\u00eda, neum\u00e1ticos y la unidad de potencia\u201d, elementos determinantes en el rendimiento de los monoplazas de la generaci\u00f3n actual.<\/p>\n<p>El \u00e1rea aerodin\u00e1mica enfrentar\u00e1 restricciones severas: solo podr\u00e1n ejecutarse <b>ajustes m\u00ednimos<\/b> en los coches dados los plazos tan breves. \u201cNo vas a cambiar el aler\u00f3n delantero o trasero ni algo as\u00ed, puedes cambiar peque\u00f1os ajustes y cosas por el estilo\u201d, afirm\u00f3 <b>Nielsen<\/b>. Comparar diferentes configuraciones, como variantes de aler\u00f3n, queda descartado para los equipos con solo una hora disponible antes de iniciar la clasificaci\u00f3n para la carrera <b>Sprint<\/b>.<\/p>\n<p>El margen de error en la elecci\u00f3n y gesti\u00f3n de los neum\u00e1ticos ser\u00e1 decisivo. <b>Nielsen<\/b> admiti\u00f3 que \u201csi te equivocas con los neum\u00e1ticos, es una diferencia de rendimiento enorme. Y lo mismo si lo haces bien\u201d. De hecho, se\u00f1al\u00f3 que un fallo en la estrategia de gomas afect\u00f3 la clasificaci\u00f3n en Australia: \u00ab<b>No acertamos del todo el s\u00e1bado cuando se trat\u00f3 de los neum\u00e1ticos. As\u00ed que creo que eso tuvo incidencia<\/b>\u201c.<\/p>\n<p>Sobre la exigencia particular del circuito de <b>Shangh\u00e1i<\/b> y el nuevo formato, <b>Gasly <\/b>comparti\u00f3 el diagn\u00f3stico de su director deportivo. Expres\u00f3 que \u201cquien llegue en la mejor situaci\u00f3n tendr\u00e1 una ventaja enorme\u201d, destacando el nivel de incertidumbre que genera la reducci\u00f3n del tiempo de pr\u00e1ctica comparado con fines de semana convencionales: \u00ab<b>El tiempo que nos llev\u00f3 llegar a algo que no fuera sub\u00f3ptimo en la clasificaci\u00f3n con tres sesiones de entrenamientos, creo que va a ser un desaf\u00edo muy duro, pero va a ser lo mismo para todos<\/b>\u201c, plante\u00f3 el franc\u00e9s.<\/p>\n<p>Tanto desde el equipo como entre los pilotos, la preocupaci\u00f3n es compartida: el fin de semana<b> Sprint<\/b> en <b>China<\/b> no permitir\u00e1 margen para errores en la puesta a punto de coches con una tecnolog\u00eda todav\u00eda en fase de exploraci\u00f3n. Las pr\u00f3ximas jornadas, entonces, ser\u00e1n un banco de pruebas acelerado donde cada decisi\u00f3n t\u00e9cnica podr\u00e1 definir el equilibrio entre el \u00e9xito y un retroceso inesperado en la temporada.<\/p>\n","protected":false},"excerpt":{"rendered":"<p>El inminente Gran Premio de China en formato Sprint genera m\u00e1xima preocupaci\u00f3n dentro de Alpine ante el ajuste a los nuevos reglamentos t\u00e9cnicos de la F\u00f3rmula 1, ya que sus ingenieros tendr\u00e1n apenas 60 minutos de entrenamientos libres para analizar el comportamiento de los flamantes coches A526 y preparar la competencia que se desarrollar\u00e1 en&#8230;<\/p>\n","protected":false},"author":1,"featured_media":0,"comment_status":"open","ping_status":"closed","sticky":false,"template":"","format":"standard","meta":{"_jetpack_memberships_contains_paid_content":false,"footnotes":""},"categories":[30],"tags":[39],"class_list":["post-31430","post","type-post","status-publish","format-standard","hentry","category-argentina","tag-deportes"],"magazineBlocksPostFeaturedMedia":{"thumbnail":false,"medium":false,"medium_large":false,"large":false,"1536x1536":false,"2048x2048":false,"newsmatic-featured":false,"newsmatic-list":false,"newsmatic-thumb":false,"newsmatic-small":false,"newsmatic-grid":false},"magazineBlocksPostAuthor":{"name":"admin","avatar":"https:\/\/secure.gravatar.com\/avatar\/76e419471a2083bc3ceab22a763dbbf9b0c1bd15a6214cf3280e2c2dde4580f9?s=96&d=mm&r=g"},"magazineBlocksPostCommentsNumber":"0","magazineBlocksPostExcerpt":"El inminente Gran Premio de China en formato Sprint genera m\u00e1xima preocupaci\u00f3n dentro de Alpine ante el ajuste a los nuevos reglamentos t\u00e9cnicos de la F\u00f3rmula 1, ya que sus ingenieros tendr\u00e1n apenas 60 minutos de entrenamientos libres para analizar el comportamiento de los flamantes coches A526 y preparar la competencia que se desarrollar\u00e1 en...","magazineBlocksPostCategories":["Argentina"],"magazineBlocksPostViewCount":96,"magazineBlocksPostReadTime":4,"magazine_blocks_featured_image_url":{"full":false,"medium":false,"thumbnail":false},"magazine_blocks_author":{"display_name":"admin","author_link":"https:\/\/lobosnews.com.ar\/index.php\/author\/lobos-news\/"},"magazine_blocks_comment":0,"magazine_blocks_author_image":"https:\/\/secure.gravatar.com\/avatar\/76e419471a2083bc3ceab22a763dbbf9b0c1bd15a6214cf3280e2c2dde4580f9?s=96&d=mm&r=g","magazine_blocks_category":"<a href=\"#\" class=\"category-link category-link-30\">Argentina<\/a>","yoast_head":"<!-- This site is optimized with the Yoast SEO plugin v26.6 - https:\/\/yoast.com\/wordpress\/plugins\/seo\/ -->\n<title>\u201cMe va a mantener despierto esta noche\u201d: el director de Alpine revel\u00f3 la preocupaci\u00f3n que le genera el GP de China de F\u00f3rmula 1 - Lobos News<\/title>\n<meta name=\"robots\" content=\"index, follow, max-snippet:-1, max-image-preview:large, max-video-preview:-1\" \/>\n<link rel=\"canonical\" href=\"https:\/\/lobosnews.com.ar\/index.php\/2026\/03\/10\/me-va-a-mantener-despierto-esta-noche-el-director-de-alpine-revelo-la-preocupacion-que-le-genera-el-gp-de-china-de-formula-1\/\" \/>\n<meta property=\"og:locale\" content=\"es_ES\" \/>\n<meta property=\"og:type\" content=\"article\" \/>\n<meta property=\"og:title\" content=\"\u201cMe va a mantener despierto esta noche\u201d: el director de Alpine revel\u00f3 la preocupaci\u00f3n que le genera el GP de China de F\u00f3rmula 1 - Lobos News\" \/>\n<meta property=\"og:description\" content=\"El inminente Gran Premio de China en formato Sprint genera m\u00e1xima preocupaci\u00f3n dentro de Alpine ante el ajuste a los nuevos reglamentos t\u00e9cnicos de la F\u00f3rmula 1, ya que sus ingenieros tendr\u00e1n apenas 60 minutos de entrenamientos libres para analizar el comportamiento de los flamantes coches A526 y preparar la competencia que se desarrollar\u00e1 en...\" \/>\n<meta property=\"og:url\" content=\"https:\/\/lobosnews.com.ar\/index.php\/2026\/03\/10\/me-va-a-mantener-despierto-esta-noche-el-director-de-alpine-revelo-la-preocupacion-que-le-genera-el-gp-de-china-de-formula-1\/\" \/>\n<meta property=\"og:site_name\" content=\"Lobos News\" \/>\n<meta property=\"article:published_time\" content=\"2026-03-10T00:35:51+00:00\" \/>\n<meta property=\"article:modified_time\" content=\"2026-03-10T02:33:16+00:00\" \/>\n<meta property=\"og:image\" content=\"https:\/\/lobosnews.com.ar\/wp-content\/uploads\/2026\/03\/me-va-a-mantener-despierto-esta-noche-el-director-de-alpine-revelo-la-preocupacion-que-le-genera-el-gp-de-china-de-formula-1.jpg\" \/>\n<meta name=\"author\" content=\"admin\" \/>\n<meta name=\"twitter:card\" content=\"summary_large_image\" \/>\n<meta name=\"twitter:label1\" content=\"Escrito por\" \/>\n\t<meta name=\"twitter:data1\" content=\"admin\" \/>\n\t<meta name=\"twitter:label2\" content=\"Tiempo de lectura\" \/>\n\t<meta name=\"twitter:data2\" content=\"3 minutos\" \/>\n<script type=\"application\/ld+json\" class=\"yoast-schema-graph\">{\"@context\":\"https:\/\/schema.org\",\"@graph\":[{\"@type\":\"Article\",\"@id\":\"https:\/\/lobosnews.com.ar\/index.php\/2026\/03\/10\/me-va-a-mantener-despierto-esta-noche-el-director-de-alpine-revelo-la-preocupacion-que-le-genera-el-gp-de-china-de-formula-1\/#article\",\"isPartOf\":{\"@id\":\"https:\/\/lobosnews.com.ar\/index.php\/2026\/03\/10\/me-va-a-mantener-despierto-esta-noche-el-director-de-alpine-revelo-la-preocupacion-que-le-genera-el-gp-de-china-de-formula-1\/\"},\"author\":{\"name\":\"admin\",\"@id\":\"https:\/\/lobosnews.com.ar\/#\/schema\/person\/232422a593d5c541dd9aef6aaed10943\"},\"headline\":\"\u201cMe va a mantener despierto esta noche\u201d: el director de Alpine revel\u00f3 la preocupaci\u00f3n que le genera el GP de China de F\u00f3rmula 1\",\"datePublished\":\"2026-03-10T00:35:51+00:00\",\"dateModified\":\"2026-03-10T02:33:16+00:00\",\"mainEntityOfPage\":{\"@id\":\"https:\/\/lobosnews.com.ar\/index.php\/2026\/03\/10\/me-va-a-mantener-despierto-esta-noche-el-director-de-alpine-revelo-la-preocupacion-que-le-genera-el-gp-de-china-de-formula-1\/\"},\"wordCount\":687,\"commentCount\":0,\"publisher\":{\"@id\":\"https:\/\/lobosnews.com.ar\/#organization\"},\"image\":{\"@id\":\"https:\/\/lobosnews.com.ar\/index.php\/2026\/03\/10\/me-va-a-mantener-despierto-esta-noche-el-director-de-alpine-revelo-la-preocupacion-que-le-genera-el-gp-de-china-de-formula-1\/#primaryimage\"},\"thumbnailUrl\":\"https:\/\/lobosnews.com.ar\/wp-content\/uploads\/2026\/03\/me-va-a-mantener-despierto-esta-noche-el-director-de-alpine-revelo-la-preocupacion-que-le-genera-el-gp-de-china-de-formula-1.jpg\",\"keywords\":[\"Deportes\"],\"articleSection\":[\"Argentina\"],\"inLanguage\":\"es\",\"potentialAction\":[{\"@type\":\"CommentAction\",\"name\":\"Comment\",\"target\":[\"https:\/\/lobosnews.com.ar\/index.php\/2026\/03\/10\/me-va-a-mantener-despierto-esta-noche-el-director-de-alpine-revelo-la-preocupacion-que-le-genera-el-gp-de-china-de-formula-1\/#respond\"]}]},{\"@type\":\"WebPage\",\"@id\":\"https:\/\/lobosnews.com.ar\/index.php\/2026\/03\/10\/me-va-a-mantener-despierto-esta-noche-el-director-de-alpine-revelo-la-preocupacion-que-le-genera-el-gp-de-china-de-formula-1\/\",\"url\":\"https:\/\/lobosnews.com.ar\/index.php\/2026\/03\/10\/me-va-a-mantener-despierto-esta-noche-el-director-de-alpine-revelo-la-preocupacion-que-le-genera-el-gp-de-china-de-formula-1\/\",\"name\":\"\u201cMe va a mantener despierto esta noche\u201d: el director de Alpine revel\u00f3 la preocupaci\u00f3n que le genera el GP de China de F\u00f3rmula 1 - Lobos News\",\"isPartOf\":{\"@id\":\"https:\/\/lobosnews.com.ar\/#website\"},\"primaryImageOfPage\":{\"@id\":\"https:\/\/lobosnews.com.ar\/index.php\/2026\/03\/10\/me-va-a-mantener-despierto-esta-noche-el-director-de-alpine-revelo-la-preocupacion-que-le-genera-el-gp-de-china-de-formula-1\/#primaryimage\"},\"image\":{\"@id\":\"https:\/\/lobosnews.com.ar\/index.php\/2026\/03\/10\/me-va-a-mantener-despierto-esta-noche-el-director-de-alpine-revelo-la-preocupacion-que-le-genera-el-gp-de-china-de-formula-1\/#primaryimage\"},\"thumbnailUrl\":\"https:\/\/lobosnews.com.ar\/wp-content\/uploads\/2026\/03\/me-va-a-mantener-despierto-esta-noche-el-director-de-alpine-revelo-la-preocupacion-que-le-genera-el-gp-de-china-de-formula-1.jpg\",\"datePublished\":\"2026-03-10T00:35:51+00:00\",\"dateModified\":\"2026-03-10T02:33:16+00:00\",\"breadcrumb\":{\"@id\":\"https:\/\/lobosnews.com.ar\/index.php\/2026\/03\/10\/me-va-a-mantener-despierto-esta-noche-el-director-de-alpine-revelo-la-preocupacion-que-le-genera-el-gp-de-china-de-formula-1\/#breadcrumb\"},\"inLanguage\":\"es\",\"potentialAction\":[{\"@type\":\"ReadAction\",\"target\":[\"https:\/\/lobosnews.com.ar\/index.php\/2026\/03\/10\/me-va-a-mantener-despierto-esta-noche-el-director-de-alpine-revelo-la-preocupacion-que-le-genera-el-gp-de-china-de-formula-1\/\"]}]},{\"@type\":\"ImageObject\",\"inLanguage\":\"es\",\"@id\":\"https:\/\/lobosnews.com.ar\/index.php\/2026\/03\/10\/me-va-a-mantener-despierto-esta-noche-el-director-de-alpine-revelo-la-preocupacion-que-le-genera-el-gp-de-china-de-formula-1\/#primaryimage\",\"url\":\"https:\/\/lobosnews.com.ar\/wp-content\/uploads\/2026\/03\/me-va-a-mantener-despierto-esta-noche-el-director-de-alpine-revelo-la-preocupacion-que-le-genera-el-gp-de-china-de-formula-1.jpg\",\"contentUrl\":\"https:\/\/lobosnews.com.ar\/wp-content\/uploads\/2026\/03\/me-va-a-mantener-despierto-esta-noche-el-director-de-alpine-revelo-la-preocupacion-que-le-genera-el-gp-de-china-de-formula-1.jpg\"},{\"@type\":\"BreadcrumbList\",\"@id\":\"https:\/\/lobosnews.com.ar\/index.php\/2026\/03\/10\/me-va-a-mantener-despierto-esta-noche-el-director-de-alpine-revelo-la-preocupacion-que-le-genera-el-gp-de-china-de-formula-1\/#breadcrumb\",\"itemListElement\":[{\"@type\":\"ListItem\",\"position\":1,\"name\":\"Portada\",\"item\":\"https:\/\/lobosnews.com.ar\/\"},{\"@type\":\"ListItem\",\"position\":2,\"name\":\"\u201cMe va a mantener despierto esta noche\u201d: el director de Alpine revel\u00f3 la preocupaci\u00f3n que le genera el GP de China de F\u00f3rmula 1\"}]},{\"@type\":\"WebSite\",\"@id\":\"https:\/\/lobosnews.com.ar\/#website\",\"url\":\"https:\/\/lobosnews.com.ar\/\",\"name\":\"Lobos News\",\"description\":\"Informaci\u00f3n a cada instante\",\"publisher\":{\"@id\":\"https:\/\/lobosnews.com.ar\/#organization\"},\"potentialAction\":[{\"@type\":\"SearchAction\",\"target\":{\"@type\":\"EntryPoint\",\"urlTemplate\":\"https:\/\/lobosnews.com.ar\/?s={search_term_string}\"},\"query-input\":{\"@type\":\"PropertyValueSpecification\",\"valueRequired\":true,\"valueName\":\"search_term_string\"}}],\"inLanguage\":\"es\"},{\"@type\":\"Organization\",\"@id\":\"https:\/\/lobosnews.com.ar\/#organization\",\"name\":\"Lobos News\",\"url\":\"https:\/\/lobosnews.com.ar\/\",\"logo\":{\"@type\":\"ImageObject\",\"inLanguage\":\"es\",\"@id\":\"https:\/\/lobosnews.com.ar\/#\/schema\/logo\/image\/\",\"url\":\"https:\/\/lobosnews.com.ar\/wp-content\/uploads\/2026\/01\/logo-lobosnews.png\",\"contentUrl\":\"https:\/\/lobosnews.com.ar\/wp-content\/uploads\/2026\/01\/logo-lobosnews.png\",\"width\":500,\"height\":200,\"caption\":\"Lobos News\"},\"image\":{\"@id\":\"https:\/\/lobosnews.com.ar\/#\/schema\/logo\/image\/\"}},{\"@type\":\"Person\",\"@id\":\"https:\/\/lobosnews.com.ar\/#\/schema\/person\/232422a593d5c541dd9aef6aaed10943\",\"name\":\"admin\",\"image\":{\"@type\":\"ImageObject\",\"inLanguage\":\"es\",\"@id\":\"https:\/\/lobosnews.com.ar\/#\/schema\/person\/image\/\",\"url\":\"https:\/\/secure.gravatar.com\/avatar\/76e419471a2083bc3ceab22a763dbbf9b0c1bd15a6214cf3280e2c2dde4580f9?s=96&d=mm&r=g\",\"contentUrl\":\"https:\/\/secure.gravatar.com\/avatar\/76e419471a2083bc3ceab22a763dbbf9b0c1bd15a6214cf3280e2c2dde4580f9?s=96&d=mm&r=g\",\"caption\":\"admin\"},\"sameAs\":[\"https:\/\/lobosnews.com.ar\"],\"url\":\"https:\/\/lobosnews.com.ar\/index.php\/author\/lobos-news\/\"}]}<\/script>\n<!-- \/ Yoast SEO plugin. -->","yoast_head_json":{"title":"\u201cMe va a mantener despierto esta noche\u201d: el director de Alpine revel\u00f3 la preocupaci\u00f3n que le genera el GP de China de F\u00f3rmula 1 - Lobos News","robots":{"index":"index","follow":"follow","max-snippet":"max-snippet:-1","max-image-preview":"max-image-preview:large","max-video-preview":"max-video-preview:-1"},"canonical":"https:\/\/lobosnews.com.ar\/index.php\/2026\/03\/10\/me-va-a-mantener-despierto-esta-noche-el-director-de-alpine-revelo-la-preocupacion-que-le-genera-el-gp-de-china-de-formula-1\/","og_locale":"es_ES","og_type":"article","og_title":"\u201cMe va a mantener despierto esta noche\u201d: el director de Alpine revel\u00f3 la preocupaci\u00f3n que le genera el GP de China de F\u00f3rmula 1 - Lobos News","og_description":"El inminente Gran Premio de China en formato Sprint genera m\u00e1xima preocupaci\u00f3n dentro de Alpine ante el ajuste a los nuevos reglamentos t\u00e9cnicos de la F\u00f3rmula 1, ya que sus ingenieros tendr\u00e1n apenas 60 minutos de entrenamientos libres para analizar el comportamiento de los flamantes coches A526 y preparar la competencia que se desarrollar\u00e1 en...","og_url":"https:\/\/lobosnews.com.ar\/index.php\/2026\/03\/10\/me-va-a-mantener-despierto-esta-noche-el-director-de-alpine-revelo-la-preocupacion-que-le-genera-el-gp-de-china-de-formula-1\/","og_site_name":"Lobos News","article_published_time":"2026-03-10T00:35:51+00:00","article_modified_time":"2026-03-10T02:33:16+00:00","og_image":[{"url":"https:\/\/lobosnews.com.ar\/wp-content\/uploads\/2026\/03\/me-va-a-mantener-despierto-esta-noche-el-director-de-alpine-revelo-la-preocupacion-que-le-genera-el-gp-de-china-de-formula-1.jpg","type":"","width":"","height":""}],"author":"admin","twitter_card":"summary_large_image","twitter_misc":{"Escrito por":"admin","Tiempo de lectura":"3 minutos"},"schema":{"@context":"https:\/\/schema.org","@graph":[{"@type":"Article","@id":"https:\/\/lobosnews.com.ar\/index.php\/2026\/03\/10\/me-va-a-mantener-despierto-esta-noche-el-director-de-alpine-revelo-la-preocupacion-que-le-genera-el-gp-de-china-de-formula-1\/#article","isPartOf":{"@id":"https:\/\/lobosnews.com.ar\/index.php\/2026\/03\/10\/me-va-a-mantener-despierto-esta-noche-el-director-de-alpine-revelo-la-preocupacion-que-le-genera-el-gp-de-china-de-formula-1\/"},"author":{"name":"admin","@id":"https:\/\/lobosnews.com.ar\/#\/schema\/person\/232422a593d5c541dd9aef6aaed10943"},"headline":"\u201cMe va a mantener despierto esta noche\u201d: el director de Alpine revel\u00f3 la preocupaci\u00f3n que le genera el GP de China de F\u00f3rmula 1","datePublished":"2026-03-10T00:35:51+00:00","dateModified":"2026-03-10T02:33:16+00:00","mainEntityOfPage":{"@id":"https:\/\/lobosnews.com.ar\/index.php\/2026\/03\/10\/me-va-a-mantener-despierto-esta-noche-el-director-de-alpine-revelo-la-preocupacion-que-le-genera-el-gp-de-china-de-formula-1\/"},"wordCount":687,"commentCount":0,"publisher":{"@id":"https:\/\/lobosnews.com.ar\/#organization"},"image":{"@id":"https:\/\/lobosnews.com.ar\/index.php\/2026\/03\/10\/me-va-a-mantener-despierto-esta-noche-el-director-de-alpine-revelo-la-preocupacion-que-le-genera-el-gp-de-china-de-formula-1\/#primaryimage"},"thumbnailUrl":"https:\/\/lobosnews.com.ar\/wp-content\/uploads\/2026\/03\/me-va-a-mantener-despierto-esta-noche-el-director-de-alpine-revelo-la-preocupacion-que-le-genera-el-gp-de-china-de-formula-1.jpg","keywords":["Deportes"],"articleSection":["Argentina"],"inLanguage":"es","potentialAction":[{"@type":"CommentAction","name":"Comment","target":["https:\/\/lobosnews.com.ar\/index.php\/2026\/03\/10\/me-va-a-mantener-despierto-esta-noche-el-director-de-alpine-revelo-la-preocupacion-que-le-genera-el-gp-de-china-de-formula-1\/#respond"]}]},{"@type":"WebPage","@id":"https:\/\/lobosnews.com.ar\/index.php\/2026\/03\/10\/me-va-a-mantener-despierto-esta-noche-el-director-de-alpine-revelo-la-preocupacion-que-le-genera-el-gp-de-china-de-formula-1\/","url":"https:\/\/lobosnews.com.ar\/index.php\/2026\/03\/10\/me-va-a-mantener-despierto-esta-noche-el-director-de-alpine-revelo-la-preocupacion-que-le-genera-el-gp-de-china-de-formula-1\/","name":"\u201cMe va a mantener despierto esta noche\u201d: el director de Alpine revel\u00f3 la preocupaci\u00f3n que le genera el GP de China de F\u00f3rmula 1 - Lobos News","isPartOf":{"@id":"https:\/\/lobosnews.com.ar\/#website"},"primaryImageOfPage":{"@id":"https:\/\/lobosnews.com.ar\/index.php\/2026\/03\/10\/me-va-a-mantener-despierto-esta-noche-el-director-de-alpine-revelo-la-preocupacion-que-le-genera-el-gp-de-china-de-formula-1\/#primaryimage"},"image":{"@id":"https:\/\/lobosnews.com.ar\/index.php\/2026\/03\/10\/me-va-a-mantener-despierto-esta-noche-el-director-de-alpine-revelo-la-preocupacion-que-le-genera-el-gp-de-china-de-formula-1\/#primaryimage"},"thumbnailUrl":"https:\/\/lobosnews.com.ar\/wp-content\/uploads\/2026\/03\/me-va-a-mantener-despierto-esta-noche-el-director-de-alpine-revelo-la-preocupacion-que-le-genera-el-gp-de-china-de-formula-1.jpg","datePublished":"2026-03-10T00:35:51+00:00","dateModified":"2026-03-10T02:33:16+00:00","breadcrumb":{"@id":"https:\/\/lobosnews.com.ar\/index.php\/2026\/03\/10\/me-va-a-mantener-despierto-esta-noche-el-director-de-alpine-revelo-la-preocupacion-que-le-genera-el-gp-de-china-de-formula-1\/#breadcrumb"},"inLanguage":"es","potentialAction":[{"@type":"ReadAction","target":["https:\/\/lobosnews.com.ar\/index.php\/2026\/03\/10\/me-va-a-mantener-despierto-esta-noche-el-director-de-alpine-revelo-la-preocupacion-que-le-genera-el-gp-de-china-de-formula-1\/"]}]},{"@type":"ImageObject","inLanguage":"es","@id":"https:\/\/lobosnews.com.ar\/index.php\/2026\/03\/10\/me-va-a-mantener-despierto-esta-noche-el-director-de-alpine-revelo-la-preocupacion-que-le-genera-el-gp-de-china-de-formula-1\/#primaryimage","url":"https:\/\/lobosnews.com.ar\/wp-content\/uploads\/2026\/03\/me-va-a-mantener-despierto-esta-noche-el-director-de-alpine-revelo-la-preocupacion-que-le-genera-el-gp-de-china-de-formula-1.jpg","contentUrl":"https:\/\/lobosnews.com.ar\/wp-content\/uploads\/2026\/03\/me-va-a-mantener-despierto-esta-noche-el-director-de-alpine-revelo-la-preocupacion-que-le-genera-el-gp-de-china-de-formula-1.jpg"},{"@type":"BreadcrumbList","@id":"https:\/\/lobosnews.com.ar\/index.php\/2026\/03\/10\/me-va-a-mantener-despierto-esta-noche-el-director-de-alpine-revelo-la-preocupacion-que-le-genera-el-gp-de-china-de-formula-1\/#breadcrumb","itemListElement":[{"@type":"ListItem","position":1,"name":"Portada","item":"https:\/\/lobosnews.com.ar\/"},{"@type":"ListItem","position":2,"name":"\u201cMe va a mantener despierto esta noche\u201d: el director de Alpine revel\u00f3 la preocupaci\u00f3n que le genera el GP de China de F\u00f3rmula 1"}]},{"@type":"WebSite","@id":"https:\/\/lobosnews.com.ar\/#website","url":"https:\/\/lobosnews.com.ar\/","name":"Lobos News","description":"Informaci\u00f3n a cada instante","publisher":{"@id":"https:\/\/lobosnews.com.ar\/#organization"},"potentialAction":[{"@type":"SearchAction","target":{"@type":"EntryPoint","urlTemplate":"https:\/\/lobosnews.com.ar\/?s={search_term_string}"},"query-input":{"@type":"PropertyValueSpecification","valueRequired":true,"valueName":"search_term_string"}}],"inLanguage":"es"},{"@type":"Organization","@id":"https:\/\/lobosnews.com.ar\/#organization","name":"Lobos News","url":"https:\/\/lobosnews.com.ar\/","logo":{"@type":"ImageObject","inLanguage":"es","@id":"https:\/\/lobosnews.com.ar\/#\/schema\/logo\/image\/","url":"https:\/\/lobosnews.com.ar\/wp-content\/uploads\/2026\/01\/logo-lobosnews.png","contentUrl":"https:\/\/lobosnews.com.ar\/wp-content\/uploads\/2026\/01\/logo-lobosnews.png","width":500,"height":200,"caption":"Lobos News"},"image":{"@id":"https:\/\/lobosnews.com.ar\/#\/schema\/logo\/image\/"}},{"@type":"Person","@id":"https:\/\/lobosnews.com.ar\/#\/schema\/person\/232422a593d5c541dd9aef6aaed10943","name":"admin","image":{"@type":"ImageObject","inLanguage":"es","@id":"https:\/\/lobosnews.com.ar\/#\/schema\/person\/image\/","url":"https:\/\/secure.gravatar.com\/avatar\/76e419471a2083bc3ceab22a763dbbf9b0c1bd15a6214cf3280e2c2dde4580f9?s=96&d=mm&r=g","contentUrl":"https:\/\/secure.gravatar.com\/avatar\/76e419471a2083bc3ceab22a763dbbf9b0c1bd15a6214cf3280e2c2dde4580f9?s=96&d=mm&r=g","caption":"admin"},"sameAs":["https:\/\/lobosnews.com.ar"],"url":"https:\/\/lobosnews.com.ar\/index.php\/author\/lobos-news\/"}]}},"jetpack_featured_media_url":"","jetpack_sharing_enabled":true,"_links":{"self":[{"href":"https:\/\/lobosnews.com.ar\/index.php\/wp-json\/wp\/v2\/posts\/31430","targetHints":{"allow":["GET"]}}],"collection":[{"href":"https:\/\/lobosnews.com.ar\/index.php\/wp-json\/wp\/v2\/posts"}],"about":[{"href":"https:\/\/lobosnews.com.ar\/index.php\/wp-json\/wp\/v2\/types\/post"}],"author":[{"embeddable":true,"href":"https:\/\/lobosnews.com.ar\/index.php\/wp-json\/wp\/v2\/users\/1"}],"replies":[{"embeddable":true,"href":"https:\/\/lobosnews.com.ar\/index.php\/wp-json\/wp\/v2\/comments?post=31430"}],"version-history":[{"count":1,"href":"https:\/\/lobosnews.com.ar\/index.php\/wp-json\/wp\/v2\/posts\/31430\/revisions"}],"predecessor-version":[{"id":31433,"href":"https:\/\/lobosnews.com.ar\/index.php\/wp-json\/wp\/v2\/posts\/31430\/revisions\/31433"}],"wp:attachment":[{"href":"https:\/\/lobosnews.com.ar\/index.php\/wp-json\/wp\/v2\/media?parent=31430"}],"wp:term":[{"taxonomy":"category","embeddable":true,"href":"https:\/\/lobosnews.com.ar\/index.php\/wp-json\/wp\/v2\/categories?post=31430"},{"taxonomy":"post_tag","embeddable":true,"href":"https:\/\/lobosnews.com.ar\/index.php\/wp-json\/wp\/v2\/tags?post=31430"}],"curies":[{"name":"wp","href":"https:\/\/api.w.org\/{rel}","templated":true}]}}