{"id":31426,"date":"2026-03-10T01:07:27","date_gmt":"2026-03-10T01:07:27","guid":{"rendered":"https:\/\/lobosnews.com.ar\/index.php\/2026\/03\/10\/preocupacion-en-boca-juniors-un-futbolista-sufrio-una-lesion-y-sera-baja-para-el-partido-contra-san-lorenzo\/"},"modified":"2026-03-10T02:33:13","modified_gmt":"2026-03-10T02:33:13","slug":"preocupacion-en-boca-juniors-un-futbolista-sufrio-una-lesion-y-sera-baja-para-el-partido-contra-san-lorenzo","status":"publish","type":"post","link":"https:\/\/lobosnews.com.ar\/index.php\/2026\/03\/10\/preocupacion-en-boca-juniors-un-futbolista-sufrio-una-lesion-y-sera-baja-para-el-partido-contra-san-lorenzo\/","title":{"rendered":"Preocupaci\u00f3n en Boca Juniors: un futbolista sufri\u00f3 una lesi\u00f3n y ser\u00e1 baja para el partido contra San Lorenzo"},"content":{"rendered":"<p><img loading=\"lazy\" decoding=\"async\" src=\"https:\/\/lobosnews.com.ar\/wp-content\/uploads\/2026\/03\/preocupacion-en-boca-juniors-un-futbolista-sufrio-una-lesion-y-sera-baja-para-el-partido-contra-san-lorenzo.jpg\" alt=\"Boca Juniors enfrentar\u00e1 a San Lorenzo\" height=\"3499\" width=\"5248\"\/><\/p>\n<p><b>Claudio \u00dabeda<\/b> sum\u00f3 una nueva preocupaci\u00f3n de cara al duelo que<b> Boca Juniors<\/b> tendr\u00e1 en el cl\u00e1sico ante <b>San Lorenzo<\/b>. El DT, que planea una formaci\u00f3n similar a la que<span class=\"waslinkname\"> le gan\u00f3 de manera contundente a <b>Lan\u00fas<\/b> por 3-0<\/span>, no podr\u00e1 contar con <b>un futbolista que sufri\u00f3 una lesi\u00f3n en las \u00faltimas horas<\/b>.<\/p>\n<p>Este nuevo contratiempo surge luego de que el club lograra su mejor rendimiento colectivo del a\u00f1o, cortando con una racha de cuatro fechas sin victorias y consolidando una formaci\u00f3n considerada equilibrada por el entrenador.<\/p>\n<p><b>Tom\u00e1s Belmonte<\/b>, volante del<i> Xeneize,<\/i> sufri\u00f3 un <b>desgarro<\/b> en el aductor izquierdo y estar\u00e1 ausente durante <b>al menos tres o cuatro semanas<\/b>, seg\u00fan inform\u00f3 el club mediante un comunicado oficial. El parte m\u00e9dico precis\u00f3 que la lesi\u00f3n es de <b>grado II<\/b> y se descarta su presencia en los pr\u00f3ximos compromisos, incluido el encuentro ante el <i>Cicl\u00f3n.<\/i><\/p>\n<p><img loading=\"lazy\" decoding=\"async\" src=\"https:\/\/lobosnews.com.ar\/wp-content\/uploads\/2026\/03\/preocupacion-en-boca-juniors-un-futbolista-sufrio-una-lesion-y-sera-baja-para-el-partido-contra-san-lorenzo-1.jpg\" alt=\"Tom\u00e1s Belmonte sufri\u00f3 un desgarro (REUTERS\/Rodrigo Valle)\" height=\"3123\" width=\"4690\"\/><\/p>\n<p>La recuperaci\u00f3n de Belmonte implicar\u00e1 no solo la rehabilitaci\u00f3n, sino tambi\u00e9n el reacondicionamiento f\u00edsico necesario para volver al ritmo de competencia, por lo que el mediocampista se perder\u00eda <b>pr\u00e1cticamente un mes<\/b> de actividad. Durante este per\u00edodo, Boca pierde una opci\u00f3n clave de recambio en el esquema de <b>Claudio \u00dabeda<\/b>, pese a que el futbolista hab\u00eda cedido espacio en el equipo a <b>Milton Delgado<\/b> en los partidos recientes.<\/p>\n<p>Por su parte, el club tambi\u00e9n detall\u00f3 que <b>\u00c1ngel Romero<\/b> sigue en proceso de <b>recuperaci\u00f3n<\/b> tras la lesi\u00f3n muscular en el aductor derecho sufrida antes del duelo contra <b>Gimnasia de Mendoza<\/b>. Aunque el paraguayo volvi\u00f3 a entrenarse con el grupo el s\u00e1bado, este lunes redujo la intensidad de trabajo y es probable que no sea considerado para el cl\u00e1sico, con el objetivo de prevenir una reca\u00edda.<\/p>\n<p>Surgido de Lan\u00fas, donde jug\u00f3 172 partidos, Belmonte lleva disputados 3.161 minutos con la camiseta de Boca, distribuidos en 49 encuentros. Sus estad\u00edsticas muestran que el mediocampista solo logr\u00f3 convertir en una ocasi\u00f3n, no dio asistencias y recibi\u00f3 seis tarjetas amarillas y no sufri\u00f3 expulsiones.<\/p>\n<p>En la pr\u00e1ctica realizada el domingo, el entrenador dispuso nuevamente a <b>Agust\u00edn Marches\u00edn<\/b> en el arco y ubic\u00f3 en el mediocampo a <b>Santiago Ascac\u00edbar, Leandro Paredes y Milton Delgado<\/b>, con <b>Tom\u00e1s Aranda<\/b> como enlace ofensivo. Aranda, quien debut\u00f3 recientemente, se afianza como una de las principales apuestas en el esquema de \u00dabeda. Ascac\u00edbar, adem\u00e1s, viene de anotar su <b>primer gol<\/b> con la camiseta de Boca en la reciente goleada.<\/p>\n<p>La l\u00ednea defensiva que conforman <b>Marcelo Weigandt, Lautaro Di Lollo, Ayrton Costa y Lautaro Blanco<\/b> no ha sufrido variantes, estableci\u00e9ndose como la base para la b\u00fasqueda de regularidad en la estructura de Boca Juniors. En esa \u00faltima presentaci\u00f3n, la defensa consigui\u00f3 mantener el arco invicto ante el vigente campe\u00f3n de la Recopa Sudamericana. <\/p>\n<p>La ofensiva mantendr\u00e1 a <b>Miguel Merentiel<\/b> y <b>Adam Bareiro<\/b> como referencias. El cuerpo t\u00e9cnico valora especialmente las conexiones entre Leandro Paredes y Tom\u00e1s Aranda en tres cuartos de cancha, as\u00ed como la mejora de los circuitos ofensivos observados en ese partido.<\/p>\n<p>Tras la mencionada victoria, la estabilidad de la alineaci\u00f3n aparece como mensaje de confianza de \u00dabeda hacia los futbolistas que lograron el mejor funcionamiento en la temporada actual. La continuidad le permitir\u00e1 a Boca Juniors intentar capitalizar el envi\u00f3n conseguido, afianzar asociaciones de juego y aspirar a consolidar una formaci\u00f3n identificable en el Torneo Apertura.<\/p>\n<p>En este contexto, el cl\u00e1sico ante San Lorenzo encuentra al conjunto xeneize en un clima de mayor tranquilidad que en fechas previas, decidido a sostener el nivel del \u00faltimo encuentro.<\/p>\n","protected":false},"excerpt":{"rendered":"<p>Claudio \u00dabeda sum\u00f3 una nueva preocupaci\u00f3n de cara al duelo que Boca Juniors tendr\u00e1 en el cl\u00e1sico ante San Lorenzo. El DT, que planea una formaci\u00f3n similar a la que le gan\u00f3 de manera contundente a Lan\u00fas por 3-0, no podr\u00e1 contar con un futbolista que sufri\u00f3 una lesi\u00f3n en las \u00faltimas horas. Este nuevo&#8230;<\/p>\n","protected":false},"author":1,"featured_media":0,"comment_status":"open","ping_status":"closed","sticky":false,"template":"","format":"standard","meta":{"_jetpack_memberships_contains_paid_content":false,"footnotes":""},"categories":[30],"tags":[39],"class_list":["post-31426","post","type-post","status-publish","format-standard","hentry","category-argentina","tag-deportes"],"magazineBlocksPostFeaturedMedia":{"thumbnail":false,"medium":false,"medium_large":false,"large":false,"1536x1536":false,"2048x2048":false,"newsmatic-featured":false,"newsmatic-list":false,"newsmatic-thumb":false,"newsmatic-small":false,"newsmatic-grid":false},"magazineBlocksPostAuthor":{"name":"admin","avatar":"https:\/\/secure.gravatar.com\/avatar\/76e419471a2083bc3ceab22a763dbbf9b0c1bd15a6214cf3280e2c2dde4580f9?s=96&d=mm&r=g"},"magazineBlocksPostCommentsNumber":"0","magazineBlocksPostExcerpt":"Claudio \u00dabeda sum\u00f3 una nueva preocupaci\u00f3n de cara al duelo que Boca Juniors tendr\u00e1 en el cl\u00e1sico ante San Lorenzo. El DT, que planea una formaci\u00f3n similar a la que le gan\u00f3 de manera contundente a Lan\u00fas por 3-0, no podr\u00e1 contar con un futbolista que sufri\u00f3 una lesi\u00f3n en las \u00faltimas horas. Este nuevo...","magazineBlocksPostCategories":["Argentina"],"magazineBlocksPostViewCount":129,"magazineBlocksPostReadTime":4,"magazine_blocks_featured_image_url":{"full":false,"medium":false,"thumbnail":false},"magazine_blocks_author":{"display_name":"admin","author_link":"https:\/\/lobosnews.com.ar\/index.php\/author\/lobos-news\/"},"magazine_blocks_comment":0,"magazine_blocks_author_image":"https:\/\/secure.gravatar.com\/avatar\/76e419471a2083bc3ceab22a763dbbf9b0c1bd15a6214cf3280e2c2dde4580f9?s=96&d=mm&r=g","magazine_blocks_category":"<a href=\"#\" class=\"category-link category-link-30\">Argentina<\/a>","yoast_head":"<!-- This site is optimized with the Yoast SEO plugin v26.6 - https:\/\/yoast.com\/wordpress\/plugins\/seo\/ -->\n<title>Preocupaci\u00f3n en Boca Juniors: un futbolista sufri\u00f3 una lesi\u00f3n y ser\u00e1 baja para el partido contra San Lorenzo - Lobos News<\/title>\n<meta name=\"robots\" content=\"index, follow, max-snippet:-1, max-image-preview:large, max-video-preview:-1\" \/>\n<link rel=\"canonical\" href=\"https:\/\/lobosnews.com.ar\/index.php\/2026\/03\/10\/preocupacion-en-boca-juniors-un-futbolista-sufrio-una-lesion-y-sera-baja-para-el-partido-contra-san-lorenzo\/\" \/>\n<meta property=\"og:locale\" content=\"es_ES\" \/>\n<meta property=\"og:type\" content=\"article\" \/>\n<meta property=\"og:title\" content=\"Preocupaci\u00f3n en Boca Juniors: un futbolista sufri\u00f3 una lesi\u00f3n y ser\u00e1 baja para el partido contra San Lorenzo - Lobos News\" \/>\n<meta property=\"og:description\" content=\"Claudio \u00dabeda sum\u00f3 una nueva preocupaci\u00f3n de cara al duelo que Boca Juniors tendr\u00e1 en el cl\u00e1sico ante San Lorenzo. El DT, que planea una formaci\u00f3n similar a la que le gan\u00f3 de manera contundente a Lan\u00fas por 3-0, no podr\u00e1 contar con un futbolista que sufri\u00f3 una lesi\u00f3n en las \u00faltimas horas. Este nuevo...\" \/>\n<meta property=\"og:url\" content=\"https:\/\/lobosnews.com.ar\/index.php\/2026\/03\/10\/preocupacion-en-boca-juniors-un-futbolista-sufrio-una-lesion-y-sera-baja-para-el-partido-contra-san-lorenzo\/\" \/>\n<meta property=\"og:site_name\" content=\"Lobos News\" \/>\n<meta property=\"article:published_time\" content=\"2026-03-10T01:07:27+00:00\" \/>\n<meta property=\"article:modified_time\" content=\"2026-03-10T02:33:13+00:00\" \/>\n<meta property=\"og:image\" content=\"https:\/\/lobosnews.com.ar\/wp-content\/uploads\/2026\/03\/preocupacion-en-boca-juniors-un-futbolista-sufrio-una-lesion-y-sera-baja-para-el-partido-contra-san-lorenzo.jpg\" \/>\n<meta name=\"author\" content=\"admin\" \/>\n<meta name=\"twitter:card\" content=\"summary_large_image\" \/>\n<meta name=\"twitter:label1\" content=\"Escrito por\" \/>\n\t<meta name=\"twitter:data1\" content=\"admin\" \/>\n\t<meta name=\"twitter:label2\" content=\"Tiempo de lectura\" \/>\n\t<meta name=\"twitter:data2\" content=\"3 minutos\" \/>\n<script type=\"application\/ld+json\" class=\"yoast-schema-graph\">{\"@context\":\"https:\/\/schema.org\",\"@graph\":[{\"@type\":\"Article\",\"@id\":\"https:\/\/lobosnews.com.ar\/index.php\/2026\/03\/10\/preocupacion-en-boca-juniors-un-futbolista-sufrio-una-lesion-y-sera-baja-para-el-partido-contra-san-lorenzo\/#article\",\"isPartOf\":{\"@id\":\"https:\/\/lobosnews.com.ar\/index.php\/2026\/03\/10\/preocupacion-en-boca-juniors-un-futbolista-sufrio-una-lesion-y-sera-baja-para-el-partido-contra-san-lorenzo\/\"},\"author\":{\"name\":\"admin\",\"@id\":\"https:\/\/lobosnews.com.ar\/#\/schema\/person\/232422a593d5c541dd9aef6aaed10943\"},\"headline\":\"Preocupaci\u00f3n en Boca Juniors: un futbolista sufri\u00f3 una lesi\u00f3n y ser\u00e1 baja para el partido contra San Lorenzo\",\"datePublished\":\"2026-03-10T01:07:27+00:00\",\"dateModified\":\"2026-03-10T02:33:13+00:00\",\"mainEntityOfPage\":{\"@id\":\"https:\/\/lobosnews.com.ar\/index.php\/2026\/03\/10\/preocupacion-en-boca-juniors-un-futbolista-sufrio-una-lesion-y-sera-baja-para-el-partido-contra-san-lorenzo\/\"},\"wordCount\":635,\"commentCount\":0,\"publisher\":{\"@id\":\"https:\/\/lobosnews.com.ar\/#organization\"},\"image\":{\"@id\":\"https:\/\/lobosnews.com.ar\/index.php\/2026\/03\/10\/preocupacion-en-boca-juniors-un-futbolista-sufrio-una-lesion-y-sera-baja-para-el-partido-contra-san-lorenzo\/#primaryimage\"},\"thumbnailUrl\":\"https:\/\/lobosnews.com.ar\/wp-content\/uploads\/2026\/03\/preocupacion-en-boca-juniors-un-futbolista-sufrio-una-lesion-y-sera-baja-para-el-partido-contra-san-lorenzo.jpg\",\"keywords\":[\"Deportes\"],\"articleSection\":[\"Argentina\"],\"inLanguage\":\"es\",\"potentialAction\":[{\"@type\":\"CommentAction\",\"name\":\"Comment\",\"target\":[\"https:\/\/lobosnews.com.ar\/index.php\/2026\/03\/10\/preocupacion-en-boca-juniors-un-futbolista-sufrio-una-lesion-y-sera-baja-para-el-partido-contra-san-lorenzo\/#respond\"]}]},{\"@type\":\"WebPage\",\"@id\":\"https:\/\/lobosnews.com.ar\/index.php\/2026\/03\/10\/preocupacion-en-boca-juniors-un-futbolista-sufrio-una-lesion-y-sera-baja-para-el-partido-contra-san-lorenzo\/\",\"url\":\"https:\/\/lobosnews.com.ar\/index.php\/2026\/03\/10\/preocupacion-en-boca-juniors-un-futbolista-sufrio-una-lesion-y-sera-baja-para-el-partido-contra-san-lorenzo\/\",\"name\":\"Preocupaci\u00f3n en Boca Juniors: un futbolista sufri\u00f3 una lesi\u00f3n y ser\u00e1 baja para el partido contra San Lorenzo - Lobos News\",\"isPartOf\":{\"@id\":\"https:\/\/lobosnews.com.ar\/#website\"},\"primaryImageOfPage\":{\"@id\":\"https:\/\/lobosnews.com.ar\/index.php\/2026\/03\/10\/preocupacion-en-boca-juniors-un-futbolista-sufrio-una-lesion-y-sera-baja-para-el-partido-contra-san-lorenzo\/#primaryimage\"},\"image\":{\"@id\":\"https:\/\/lobosnews.com.ar\/index.php\/2026\/03\/10\/preocupacion-en-boca-juniors-un-futbolista-sufrio-una-lesion-y-sera-baja-para-el-partido-contra-san-lorenzo\/#primaryimage\"},\"thumbnailUrl\":\"https:\/\/lobosnews.com.ar\/wp-content\/uploads\/2026\/03\/preocupacion-en-boca-juniors-un-futbolista-sufrio-una-lesion-y-sera-baja-para-el-partido-contra-san-lorenzo.jpg\",\"datePublished\":\"2026-03-10T01:07:27+00:00\",\"dateModified\":\"2026-03-10T02:33:13+00:00\",\"breadcrumb\":{\"@id\":\"https:\/\/lobosnews.com.ar\/index.php\/2026\/03\/10\/preocupacion-en-boca-juniors-un-futbolista-sufrio-una-lesion-y-sera-baja-para-el-partido-contra-san-lorenzo\/#breadcrumb\"},\"inLanguage\":\"es\",\"potentialAction\":[{\"@type\":\"ReadAction\",\"target\":[\"https:\/\/lobosnews.com.ar\/index.php\/2026\/03\/10\/preocupacion-en-boca-juniors-un-futbolista-sufrio-una-lesion-y-sera-baja-para-el-partido-contra-san-lorenzo\/\"]}]},{\"@type\":\"ImageObject\",\"inLanguage\":\"es\",\"@id\":\"https:\/\/lobosnews.com.ar\/index.php\/2026\/03\/10\/preocupacion-en-boca-juniors-un-futbolista-sufrio-una-lesion-y-sera-baja-para-el-partido-contra-san-lorenzo\/#primaryimage\",\"url\":\"https:\/\/lobosnews.com.ar\/wp-content\/uploads\/2026\/03\/preocupacion-en-boca-juniors-un-futbolista-sufrio-una-lesion-y-sera-baja-para-el-partido-contra-san-lorenzo.jpg\",\"contentUrl\":\"https:\/\/lobosnews.com.ar\/wp-content\/uploads\/2026\/03\/preocupacion-en-boca-juniors-un-futbolista-sufrio-una-lesion-y-sera-baja-para-el-partido-contra-san-lorenzo.jpg\"},{\"@type\":\"BreadcrumbList\",\"@id\":\"https:\/\/lobosnews.com.ar\/index.php\/2026\/03\/10\/preocupacion-en-boca-juniors-un-futbolista-sufrio-una-lesion-y-sera-baja-para-el-partido-contra-san-lorenzo\/#breadcrumb\",\"itemListElement\":[{\"@type\":\"ListItem\",\"position\":1,\"name\":\"Portada\",\"item\":\"https:\/\/lobosnews.com.ar\/\"},{\"@type\":\"ListItem\",\"position\":2,\"name\":\"Preocupaci\u00f3n en Boca Juniors: un futbolista sufri\u00f3 una lesi\u00f3n y ser\u00e1 baja para el partido contra San Lorenzo\"}]},{\"@type\":\"WebSite\",\"@id\":\"https:\/\/lobosnews.com.ar\/#website\",\"url\":\"https:\/\/lobosnews.com.ar\/\",\"name\":\"Lobos News\",\"description\":\"Informaci\u00f3n a cada instante\",\"publisher\":{\"@id\":\"https:\/\/lobosnews.com.ar\/#organization\"},\"potentialAction\":[{\"@type\":\"SearchAction\",\"target\":{\"@type\":\"EntryPoint\",\"urlTemplate\":\"https:\/\/lobosnews.com.ar\/?s={search_term_string}\"},\"query-input\":{\"@type\":\"PropertyValueSpecification\",\"valueRequired\":true,\"valueName\":\"search_term_string\"}}],\"inLanguage\":\"es\"},{\"@type\":\"Organization\",\"@id\":\"https:\/\/lobosnews.com.ar\/#organization\",\"name\":\"Lobos News\",\"url\":\"https:\/\/lobosnews.com.ar\/\",\"logo\":{\"@type\":\"ImageObject\",\"inLanguage\":\"es\",\"@id\":\"https:\/\/lobosnews.com.ar\/#\/schema\/logo\/image\/\",\"url\":\"https:\/\/lobosnews.com.ar\/wp-content\/uploads\/2026\/01\/logo-lobosnews.png\",\"contentUrl\":\"https:\/\/lobosnews.com.ar\/wp-content\/uploads\/2026\/01\/logo-lobosnews.png\",\"width\":500,\"height\":200,\"caption\":\"Lobos News\"},\"image\":{\"@id\":\"https:\/\/lobosnews.com.ar\/#\/schema\/logo\/image\/\"}},{\"@type\":\"Person\",\"@id\":\"https:\/\/lobosnews.com.ar\/#\/schema\/person\/232422a593d5c541dd9aef6aaed10943\",\"name\":\"admin\",\"image\":{\"@type\":\"ImageObject\",\"inLanguage\":\"es\",\"@id\":\"https:\/\/lobosnews.com.ar\/#\/schema\/person\/image\/\",\"url\":\"https:\/\/secure.gravatar.com\/avatar\/76e419471a2083bc3ceab22a763dbbf9b0c1bd15a6214cf3280e2c2dde4580f9?s=96&d=mm&r=g\",\"contentUrl\":\"https:\/\/secure.gravatar.com\/avatar\/76e419471a2083bc3ceab22a763dbbf9b0c1bd15a6214cf3280e2c2dde4580f9?s=96&d=mm&r=g\",\"caption\":\"admin\"},\"sameAs\":[\"https:\/\/lobosnews.com.ar\"],\"url\":\"https:\/\/lobosnews.com.ar\/index.php\/author\/lobos-news\/\"}]}<\/script>\n<!-- \/ Yoast SEO plugin. -->","yoast_head_json":{"title":"Preocupaci\u00f3n en Boca Juniors: un futbolista sufri\u00f3 una lesi\u00f3n y ser\u00e1 baja para el partido contra San Lorenzo - Lobos News","robots":{"index":"index","follow":"follow","max-snippet":"max-snippet:-1","max-image-preview":"max-image-preview:large","max-video-preview":"max-video-preview:-1"},"canonical":"https:\/\/lobosnews.com.ar\/index.php\/2026\/03\/10\/preocupacion-en-boca-juniors-un-futbolista-sufrio-una-lesion-y-sera-baja-para-el-partido-contra-san-lorenzo\/","og_locale":"es_ES","og_type":"article","og_title":"Preocupaci\u00f3n en Boca Juniors: un futbolista sufri\u00f3 una lesi\u00f3n y ser\u00e1 baja para el partido contra San Lorenzo - Lobos News","og_description":"Claudio \u00dabeda sum\u00f3 una nueva preocupaci\u00f3n de cara al duelo que Boca Juniors tendr\u00e1 en el cl\u00e1sico ante San Lorenzo. El DT, que planea una formaci\u00f3n similar a la que le gan\u00f3 de manera contundente a Lan\u00fas por 3-0, no podr\u00e1 contar con un futbolista que sufri\u00f3 una lesi\u00f3n en las \u00faltimas horas. Este nuevo...","og_url":"https:\/\/lobosnews.com.ar\/index.php\/2026\/03\/10\/preocupacion-en-boca-juniors-un-futbolista-sufrio-una-lesion-y-sera-baja-para-el-partido-contra-san-lorenzo\/","og_site_name":"Lobos News","article_published_time":"2026-03-10T01:07:27+00:00","article_modified_time":"2026-03-10T02:33:13+00:00","og_image":[{"url":"https:\/\/lobosnews.com.ar\/wp-content\/uploads\/2026\/03\/preocupacion-en-boca-juniors-un-futbolista-sufrio-una-lesion-y-sera-baja-para-el-partido-contra-san-lorenzo.jpg","type":"","width":"","height":""}],"author":"admin","twitter_card":"summary_large_image","twitter_misc":{"Escrito por":"admin","Tiempo de lectura":"3 minutos"},"schema":{"@context":"https:\/\/schema.org","@graph":[{"@type":"Article","@id":"https:\/\/lobosnews.com.ar\/index.php\/2026\/03\/10\/preocupacion-en-boca-juniors-un-futbolista-sufrio-una-lesion-y-sera-baja-para-el-partido-contra-san-lorenzo\/#article","isPartOf":{"@id":"https:\/\/lobosnews.com.ar\/index.php\/2026\/03\/10\/preocupacion-en-boca-juniors-un-futbolista-sufrio-una-lesion-y-sera-baja-para-el-partido-contra-san-lorenzo\/"},"author":{"name":"admin","@id":"https:\/\/lobosnews.com.ar\/#\/schema\/person\/232422a593d5c541dd9aef6aaed10943"},"headline":"Preocupaci\u00f3n en Boca Juniors: un futbolista sufri\u00f3 una lesi\u00f3n y ser\u00e1 baja para el partido contra San Lorenzo","datePublished":"2026-03-10T01:07:27+00:00","dateModified":"2026-03-10T02:33:13+00:00","mainEntityOfPage":{"@id":"https:\/\/lobosnews.com.ar\/index.php\/2026\/03\/10\/preocupacion-en-boca-juniors-un-futbolista-sufrio-una-lesion-y-sera-baja-para-el-partido-contra-san-lorenzo\/"},"wordCount":635,"commentCount":0,"publisher":{"@id":"https:\/\/lobosnews.com.ar\/#organization"},"image":{"@id":"https:\/\/lobosnews.com.ar\/index.php\/2026\/03\/10\/preocupacion-en-boca-juniors-un-futbolista-sufrio-una-lesion-y-sera-baja-para-el-partido-contra-san-lorenzo\/#primaryimage"},"thumbnailUrl":"https:\/\/lobosnews.com.ar\/wp-content\/uploads\/2026\/03\/preocupacion-en-boca-juniors-un-futbolista-sufrio-una-lesion-y-sera-baja-para-el-partido-contra-san-lorenzo.jpg","keywords":["Deportes"],"articleSection":["Argentina"],"inLanguage":"es","potentialAction":[{"@type":"CommentAction","name":"Comment","target":["https:\/\/lobosnews.com.ar\/index.php\/2026\/03\/10\/preocupacion-en-boca-juniors-un-futbolista-sufrio-una-lesion-y-sera-baja-para-el-partido-contra-san-lorenzo\/#respond"]}]},{"@type":"WebPage","@id":"https:\/\/lobosnews.com.ar\/index.php\/2026\/03\/10\/preocupacion-en-boca-juniors-un-futbolista-sufrio-una-lesion-y-sera-baja-para-el-partido-contra-san-lorenzo\/","url":"https:\/\/lobosnews.com.ar\/index.php\/2026\/03\/10\/preocupacion-en-boca-juniors-un-futbolista-sufrio-una-lesion-y-sera-baja-para-el-partido-contra-san-lorenzo\/","name":"Preocupaci\u00f3n en Boca Juniors: un futbolista sufri\u00f3 una lesi\u00f3n y ser\u00e1 baja para el partido contra San Lorenzo - Lobos News","isPartOf":{"@id":"https:\/\/lobosnews.com.ar\/#website"},"primaryImageOfPage":{"@id":"https:\/\/lobosnews.com.ar\/index.php\/2026\/03\/10\/preocupacion-en-boca-juniors-un-futbolista-sufrio-una-lesion-y-sera-baja-para-el-partido-contra-san-lorenzo\/#primaryimage"},"image":{"@id":"https:\/\/lobosnews.com.ar\/index.php\/2026\/03\/10\/preocupacion-en-boca-juniors-un-futbolista-sufrio-una-lesion-y-sera-baja-para-el-partido-contra-san-lorenzo\/#primaryimage"},"thumbnailUrl":"https:\/\/lobosnews.com.ar\/wp-content\/uploads\/2026\/03\/preocupacion-en-boca-juniors-un-futbolista-sufrio-una-lesion-y-sera-baja-para-el-partido-contra-san-lorenzo.jpg","datePublished":"2026-03-10T01:07:27+00:00","dateModified":"2026-03-10T02:33:13+00:00","breadcrumb":{"@id":"https:\/\/lobosnews.com.ar\/index.php\/2026\/03\/10\/preocupacion-en-boca-juniors-un-futbolista-sufrio-una-lesion-y-sera-baja-para-el-partido-contra-san-lorenzo\/#breadcrumb"},"inLanguage":"es","potentialAction":[{"@type":"ReadAction","target":["https:\/\/lobosnews.com.ar\/index.php\/2026\/03\/10\/preocupacion-en-boca-juniors-un-futbolista-sufrio-una-lesion-y-sera-baja-para-el-partido-contra-san-lorenzo\/"]}]},{"@type":"ImageObject","inLanguage":"es","@id":"https:\/\/lobosnews.com.ar\/index.php\/2026\/03\/10\/preocupacion-en-boca-juniors-un-futbolista-sufrio-una-lesion-y-sera-baja-para-el-partido-contra-san-lorenzo\/#primaryimage","url":"https:\/\/lobosnews.com.ar\/wp-content\/uploads\/2026\/03\/preocupacion-en-boca-juniors-un-futbolista-sufrio-una-lesion-y-sera-baja-para-el-partido-contra-san-lorenzo.jpg","contentUrl":"https:\/\/lobosnews.com.ar\/wp-content\/uploads\/2026\/03\/preocupacion-en-boca-juniors-un-futbolista-sufrio-una-lesion-y-sera-baja-para-el-partido-contra-san-lorenzo.jpg"},{"@type":"BreadcrumbList","@id":"https:\/\/lobosnews.com.ar\/index.php\/2026\/03\/10\/preocupacion-en-boca-juniors-un-futbolista-sufrio-una-lesion-y-sera-baja-para-el-partido-contra-san-lorenzo\/#breadcrumb","itemListElement":[{"@type":"ListItem","position":1,"name":"Portada","item":"https:\/\/lobosnews.com.ar\/"},{"@type":"ListItem","position":2,"name":"Preocupaci\u00f3n en Boca Juniors: un futbolista sufri\u00f3 una lesi\u00f3n y ser\u00e1 baja para el partido contra San Lorenzo"}]},{"@type":"WebSite","@id":"https:\/\/lobosnews.com.ar\/#website","url":"https:\/\/lobosnews.com.ar\/","name":"Lobos News","description":"Informaci\u00f3n a cada instante","publisher":{"@id":"https:\/\/lobosnews.com.ar\/#organization"},"potentialAction":[{"@type":"SearchAction","target":{"@type":"EntryPoint","urlTemplate":"https:\/\/lobosnews.com.ar\/?s={search_term_string}"},"query-input":{"@type":"PropertyValueSpecification","valueRequired":true,"valueName":"search_term_string"}}],"inLanguage":"es"},{"@type":"Organization","@id":"https:\/\/lobosnews.com.ar\/#organization","name":"Lobos News","url":"https:\/\/lobosnews.com.ar\/","logo":{"@type":"ImageObject","inLanguage":"es","@id":"https:\/\/lobosnews.com.ar\/#\/schema\/logo\/image\/","url":"https:\/\/lobosnews.com.ar\/wp-content\/uploads\/2026\/01\/logo-lobosnews.png","contentUrl":"https:\/\/lobosnews.com.ar\/wp-content\/uploads\/2026\/01\/logo-lobosnews.png","width":500,"height":200,"caption":"Lobos News"},"image":{"@id":"https:\/\/lobosnews.com.ar\/#\/schema\/logo\/image\/"}},{"@type":"Person","@id":"https:\/\/lobosnews.com.ar\/#\/schema\/person\/232422a593d5c541dd9aef6aaed10943","name":"admin","image":{"@type":"ImageObject","inLanguage":"es","@id":"https:\/\/lobosnews.com.ar\/#\/schema\/person\/image\/","url":"https:\/\/secure.gravatar.com\/avatar\/76e419471a2083bc3ceab22a763dbbf9b0c1bd15a6214cf3280e2c2dde4580f9?s=96&d=mm&r=g","contentUrl":"https:\/\/secure.gravatar.com\/avatar\/76e419471a2083bc3ceab22a763dbbf9b0c1bd15a6214cf3280e2c2dde4580f9?s=96&d=mm&r=g","caption":"admin"},"sameAs":["https:\/\/lobosnews.com.ar"],"url":"https:\/\/lobosnews.com.ar\/index.php\/author\/lobos-news\/"}]}},"jetpack_featured_media_url":"","jetpack_sharing_enabled":true,"_links":{"self":[{"href":"https:\/\/lobosnews.com.ar\/index.php\/wp-json\/wp\/v2\/posts\/31426","targetHints":{"allow":["GET"]}}],"collection":[{"href":"https:\/\/lobosnews.com.ar\/index.php\/wp-json\/wp\/v2\/posts"}],"about":[{"href":"https:\/\/lobosnews.com.ar\/index.php\/wp-json\/wp\/v2\/types\/post"}],"author":[{"embeddable":true,"href":"https:\/\/lobosnews.com.ar\/index.php\/wp-json\/wp\/v2\/users\/1"}],"replies":[{"embeddable":true,"href":"https:\/\/lobosnews.com.ar\/index.php\/wp-json\/wp\/v2\/comments?post=31426"}],"version-history":[{"count":1,"href":"https:\/\/lobosnews.com.ar\/index.php\/wp-json\/wp\/v2\/posts\/31426\/revisions"}],"predecessor-version":[{"id":31429,"href":"https:\/\/lobosnews.com.ar\/index.php\/wp-json\/wp\/v2\/posts\/31426\/revisions\/31429"}],"wp:attachment":[{"href":"https:\/\/lobosnews.com.ar\/index.php\/wp-json\/wp\/v2\/media?parent=31426"}],"wp:term":[{"taxonomy":"category","embeddable":true,"href":"https:\/\/lobosnews.com.ar\/index.php\/wp-json\/wp\/v2\/categories?post=31426"},{"taxonomy":"post_tag","embeddable":true,"href":"https:\/\/lobosnews.com.ar\/index.php\/wp-json\/wp\/v2\/tags?post=31426"}],"curies":[{"name":"wp","href":"https:\/\/api.w.org\/{rel}","templated":true}]}}