{"id":31417,"date":"2026-03-09T21:52:30","date_gmt":"2026-03-09T21:52:30","guid":{"rendered":"https:\/\/lobosnews.com.ar\/index.php\/2026\/03\/09\/cayo-el-profugo-del-robo-que-frustro-un-policia-que-estaba-en-el-bano-de-un-supermercado-de-boedo-el-video\/"},"modified":"2026-03-10T00:08:52","modified_gmt":"2026-03-10T00:08:52","slug":"cayo-el-profugo-del-robo-que-frustro-un-policia-que-estaba-en-el-bano-de-un-supermercado-de-boedo-el-video","status":"publish","type":"post","link":"https:\/\/lobosnews.com.ar\/index.php\/2026\/03\/09\/cayo-el-profugo-del-robo-que-frustro-un-policia-que-estaba-en-el-bano-de-un-supermercado-de-boedo-el-video\/","title":{"rendered":"Cay\u00f3 el pr\u00f3fugo del robo que frustr\u00f3 un polic\u00eda que estaba en el ba\u00f1o de un supermercado de Boedo: el video"},"content":{"rendered":"<p>Un sospechoso de 34 a\u00f1os fue detenido luego de haber permanecido <b>pr\u00f3fugo <\/b>por un a\u00f1o, tras escapar luego de un asalto fallido en un comercio del barrio porte\u00f1o de <span class=\"waslinkname\"><b>Boedo<\/b><\/span><b> <\/b>que deriv\u00f3 en un tiroteo: es que hab\u00eda <b>un agente de la Polic\u00eda de la Ciudad en el ba\u00f1o e impidi\u00f3 el robo<\/b> y captur\u00f3 al c\u00f3mplice del ahora arrestado. <\/p>\n<p>En las \u00faltimas horas, la <b>Polic\u00eda Federal Argentina (PFA)<\/b> concret\u00f3 la detenci\u00f3n del pr\u00f3fugo en la localidad bonaerense de <b>Ciudad Evita<\/b>, partido de <b>La Matanza<\/b>.<\/p>\n<p>La secuencia que motiv\u00f3 la investigaci\u00f3n, y cuyo video ilustra esta nota, comenz\u00f3 el 25 de marzo de 2025, cuando dos sospechosos ingresaron en un local comercial de <b>Boedo<\/b>, ubicado sobre la <b>avenida Directorio<\/b>, para robar.<\/p>\n<p>El primero de los delincuentes y el \u00faltimo de los capturados<b> ingres\u00f3 a cara descubierta simulando ser cliente<\/b>. Mir\u00f3 unos segundos a la cajera que se encontraba con otro hombre y se dirigi\u00f3 hacia el fondo del local, para ver si hab\u00eda m\u00e1s gente. Minutos m\u00e1s tarde, <b>entr\u00f3 su c\u00f3mplice armado <\/b>y con su rostro cubierto con una gorra y un tapabocas. <\/p>\n<p>De inmediato, amedrent\u00f3 a la cajera y al cliente que estaba pagando y los oblig\u00f3 a ir para el fondo del comercio, a donde estaba su c\u00f3mplice junto al carnicero. <\/p>\n<p>En ese contexto, en los ba\u00f1os del comercio se encontraba un <b>Oficial Mayor de la Polic\u00eda de la Ciudad<\/b> que, al percatarse del asalto, se identific\u00f3 y dio la voz de alto. El asaltante armado ignor\u00f3 la orden, lo que desemboc\u00f3 en un intercambio de disparos dentro del local.<\/p>\n<p>El enfrentamiento culmin\u00f3 con <b>el agresor herido por dos tiros: uno en el rostro y otro en el brazo derecho<\/b>. El c\u00f3mplice logr\u00f3 escapar, mientras que el asaltante capturado fue trasladado de inmediato al <b>Hospital Ramos Mej\u00eda<\/b>, donde recibi\u00f3 atenci\u00f3n quir\u00fargica y qued\u00f3 bajo custodia policial. M\u00e1s tarde, fue derivado al <b>Servicio Penitenciario Federal<\/b>.<\/p>\n<p>El asaltante que huy\u00f3 del comercio se mantuvo pr\u00f3fugo durante un a\u00f1o. La investigaci\u00f3n para dar con \u00e9l qued\u00f3 en manos del <b>Juzgado Nacional en lo Criminal y Correccional N\u00ba45<\/b>, subrogado por<b> Alejandra Provitola<\/b> y con la intervenci\u00f3n de la <b>Secretar\u00eda N\u00ba122<\/b> a cargo de <b>Nicol\u00e1s Coronel<\/b>, que delegaron el caso en la <b>Divisi\u00f3n Homicidios de la PFA<\/b>. <\/p>\n<p><img loading=\"lazy\" decoding=\"async\" src=\"https:\/\/lobosnews.com.ar\/wp-content\/uploads\/2026\/03\/cayo-el-profugo-del-robo-que-frustro-un-policia-que-estaba-en-el-bano-de-un-supermercado-de-boedo-el-video.jpg\" alt=\"La detenci\u00f3n se concret\u00f3 en la v\u00eda p\u00fablica en la intersecci\u00f3n de 17 de Octubre y Chubut, en Ciudad Evita\" height=\"1024\" width=\"1080\"\/><\/p>\n<p>Los investigadores analizaron el tel\u00e9fono celular secuestrado al detenido y revisaron las grabaciones de las c\u00e1maras de seguridad del establecimiento, con el apoyo de la <b>Divisi\u00f3n Individualizaci\u00f3n Criminal de la PFA<\/b>. Estas labores permitieron identificar al sospechoso que se hab\u00eda dado a la fuga.<\/p>\n<p>Las tareas de inteligencia condujeron a los polic\u00edas hasta una vivienda de <b>Ciudad Evita<\/b>, donde el pr\u00f3fugo resid\u00eda. Se mont\u00f3 una vigilancia discreta en la zona, que se extendi\u00f3 durante varios d\u00edas, hasta que los agentes detectaron al imputado saliendo del inmueble. <\/p>\n<p>La detenci\u00f3n se realiz\u00f3 en la v\u00eda p\u00fablica, sobre la intersecci\u00f3n de <b>las calles 17 de Octubre y Chubut<\/b>, donde adem\u00e1s fue incautado su tel\u00e9fono celular. De acuerdo con fuentes del caso, el hombre tiene <b>34 a\u00f1os<\/b> y es <b>argentino<\/b>. <\/p>\n<p>El acusado qued\u00f3 a disposici\u00f3n de la magistrada <b>Provitola<\/b>, imputado por <b>\u201crobo agravado por el uso de arma de fuego\u201d<\/b> y a la espera de las actuaciones procesales.<\/p>\n","protected":false},"excerpt":{"rendered":"<p>Un sospechoso de 34 a\u00f1os fue detenido luego de haber permanecido pr\u00f3fugo por un a\u00f1o, tras escapar luego de un asalto fallido en un comercio del barrio porte\u00f1o de Boedo que deriv\u00f3 en un tiroteo: es que hab\u00eda un agente de la Polic\u00eda de la Ciudad en el ba\u00f1o e impidi\u00f3 el robo y captur\u00f3&#8230;<\/p>\n","protected":false},"author":1,"featured_media":31420,"comment_status":"open","ping_status":"closed","sticky":false,"template":"","format":"standard","meta":{"_jetpack_memberships_contains_paid_content":false,"footnotes":""},"categories":[31,30,32,77,84,35,36,37],"tags":[],"class_list":["post-31417","post","type-post","status-publish","format-standard","has-post-thumbnail","hentry","category-actualidad","category-argentina","category-economia","category-inseguridad","category-masradios-com","category-nacionales","category-seguridad","category-sociedad"],"magazineBlocksPostFeaturedMedia":{"thumbnail":"https:\/\/lobosnews.com.ar\/wp-content\/uploads\/2026\/03\/cayo-el-profugo-del-robo-que-frustro-un-policia-que-estaba-en-el-bano-de-un-supermercado-de-boedo-el-video-150x150.jpg","medium":"https:\/\/lobosnews.com.ar\/wp-content\/uploads\/2026\/03\/cayo-el-profugo-del-robo-que-frustro-un-policia-que-estaba-en-el-bano-de-un-supermercado-de-boedo-el-video-300x284.jpg","medium_large":"https:\/\/lobosnews.com.ar\/wp-content\/uploads\/2026\/03\/cayo-el-profugo-del-robo-que-frustro-un-policia-que-estaba-en-el-bano-de-un-supermercado-de-boedo-el-video-768x728.jpg","large":"https:\/\/lobosnews.com.ar\/wp-content\/uploads\/2026\/03\/cayo-el-profugo-del-robo-que-frustro-un-policia-que-estaba-en-el-bano-de-un-supermercado-de-boedo-el-video-1024x971.jpg","1536x1536":"https:\/\/lobosnews.com.ar\/wp-content\/uploads\/2026\/03\/cayo-el-profugo-del-robo-que-frustro-un-policia-que-estaba-en-el-bano-de-un-supermercado-de-boedo-el-video.jpg","2048x2048":"https:\/\/lobosnews.com.ar\/wp-content\/uploads\/2026\/03\/cayo-el-profugo-del-robo-que-frustro-un-policia-que-estaba-en-el-bano-de-un-supermercado-de-boedo-el-video.jpg","newsmatic-featured":"https:\/\/lobosnews.com.ar\/wp-content\/uploads\/2026\/03\/cayo-el-profugo-del-robo-que-frustro-un-policia-que-estaba-en-el-bano-de-un-supermercado-de-boedo-el-video-820x545.jpg","newsmatic-list":"https:\/\/lobosnews.com.ar\/wp-content\/uploads\/2026\/03\/cayo-el-profugo-del-robo-que-frustro-un-policia-que-estaba-en-el-bano-de-un-supermercado-de-boedo-el-video-600x400.jpg","newsmatic-thumb":"https:\/\/lobosnews.com.ar\/wp-content\/uploads\/2026\/03\/cayo-el-profugo-del-robo-que-frustro-un-policia-que-estaba-en-el-bano-de-un-supermercado-de-boedo-el-video-300x200.jpg","newsmatic-small":"https:\/\/lobosnews.com.ar\/wp-content\/uploads\/2026\/03\/cayo-el-profugo-del-robo-que-frustro-un-policia-que-estaba-en-el-bano-de-un-supermercado-de-boedo-el-video-150x95.jpg","newsmatic-grid":"https:\/\/lobosnews.com.ar\/wp-content\/uploads\/2026\/03\/cayo-el-profugo-del-robo-que-frustro-un-policia-que-estaba-en-el-bano-de-un-supermercado-de-boedo-el-video-400x250.jpg"},"magazineBlocksPostAuthor":{"name":"admin","avatar":"https:\/\/secure.gravatar.com\/avatar\/76e419471a2083bc3ceab22a763dbbf9b0c1bd15a6214cf3280e2c2dde4580f9?s=96&d=mm&r=g"},"magazineBlocksPostCommentsNumber":"0","magazineBlocksPostExcerpt":"Un sospechoso de 34 a\u00f1os fue detenido luego de haber permanecido pr\u00f3fugo por un a\u00f1o, tras escapar luego de un asalto fallido en un comercio del barrio porte\u00f1o de Boedo que deriv\u00f3 en un tiroteo: es que hab\u00eda un agente de la Polic\u00eda de la Ciudad en el ba\u00f1o e impidi\u00f3 el robo y captur\u00f3...","magazineBlocksPostCategories":["Actualidad","Argentina","econom\u00eda","inseguridad","masradios.com","nacionales","seguridad","sociedad"],"magazineBlocksPostViewCount":109,"magazineBlocksPostReadTime":3,"magazine_blocks_featured_image_url":{"full":["https:\/\/lobosnews.com.ar\/wp-content\/uploads\/2026\/03\/cayo-el-profugo-del-robo-que-frustro-un-policia-que-estaba-en-el-bano-de-un-supermercado-de-boedo-el-video.jpg",1080,1024,false],"medium":["https:\/\/lobosnews.com.ar\/wp-content\/uploads\/2026\/03\/cayo-el-profugo-del-robo-que-frustro-un-policia-que-estaba-en-el-bano-de-un-supermercado-de-boedo-el-video-300x284.jpg",300,284,true],"thumbnail":["https:\/\/lobosnews.com.ar\/wp-content\/uploads\/2026\/03\/cayo-el-profugo-del-robo-que-frustro-un-policia-que-estaba-en-el-bano-de-un-supermercado-de-boedo-el-video-150x150.jpg",150,150,true]},"magazine_blocks_author":{"display_name":"admin","author_link":"https:\/\/lobosnews.com.ar\/index.php\/author\/lobos-news\/"},"magazine_blocks_comment":0,"magazine_blocks_author_image":"https:\/\/secure.gravatar.com\/avatar\/76e419471a2083bc3ceab22a763dbbf9b0c1bd15a6214cf3280e2c2dde4580f9?s=96&d=mm&r=g","magazine_blocks_category":"<a href=\"#\" class=\"category-link category-link-31\">Actualidad<\/a> <a href=\"#\" class=\"category-link category-link-30\">Argentina<\/a> <a href=\"#\" class=\"category-link category-link-32\">econom\u00eda<\/a> <a href=\"#\" class=\"category-link category-link-77\">inseguridad<\/a> <a href=\"#\" class=\"category-link category-link-84\">masradios.com<\/a> <a href=\"#\" class=\"category-link category-link-35\">nacionales<\/a> <a href=\"#\" class=\"category-link category-link-36\">seguridad<\/a> <a href=\"#\" class=\"category-link category-link-37\">sociedad<\/a>","yoast_head":"<!-- This site is optimized with the Yoast SEO plugin v26.6 - https:\/\/yoast.com\/wordpress\/plugins\/seo\/ -->\n<title>Cay\u00f3 el pr\u00f3fugo del robo que frustr\u00f3 un polic\u00eda que estaba en el ba\u00f1o de un supermercado de Boedo: el video - Lobos News<\/title>\n<meta name=\"robots\" content=\"index, follow, max-snippet:-1, max-image-preview:large, max-video-preview:-1\" \/>\n<link rel=\"canonical\" href=\"https:\/\/lobosnews.com.ar\/index.php\/2026\/03\/09\/cayo-el-profugo-del-robo-que-frustro-un-policia-que-estaba-en-el-bano-de-un-supermercado-de-boedo-el-video\/\" \/>\n<meta property=\"og:locale\" content=\"es_ES\" \/>\n<meta property=\"og:type\" content=\"article\" \/>\n<meta property=\"og:title\" content=\"Cay\u00f3 el pr\u00f3fugo del robo que frustr\u00f3 un polic\u00eda que estaba en el ba\u00f1o de un supermercado de Boedo: el video - Lobos News\" \/>\n<meta property=\"og:description\" content=\"Un sospechoso de 34 a\u00f1os fue detenido luego de haber permanecido pr\u00f3fugo por un a\u00f1o, tras escapar luego de un asalto fallido en un comercio del barrio porte\u00f1o de Boedo que deriv\u00f3 en un tiroteo: es que hab\u00eda un agente de la Polic\u00eda de la Ciudad en el ba\u00f1o e impidi\u00f3 el robo y captur\u00f3...\" \/>\n<meta property=\"og:url\" content=\"https:\/\/lobosnews.com.ar\/index.php\/2026\/03\/09\/cayo-el-profugo-del-robo-que-frustro-un-policia-que-estaba-en-el-bano-de-un-supermercado-de-boedo-el-video\/\" \/>\n<meta property=\"og:site_name\" content=\"Lobos News\" \/>\n<meta property=\"article:published_time\" content=\"2026-03-09T21:52:30+00:00\" \/>\n<meta property=\"article:modified_time\" content=\"2026-03-10T00:08:52+00:00\" \/>\n<meta property=\"og:image\" content=\"https:\/\/lobosnews.com.ar\/wp-content\/uploads\/2026\/03\/cayo-el-profugo-del-robo-que-frustro-un-policia-que-estaba-en-el-bano-de-un-supermercado-de-boedo-el-video.jpg\" \/>\n<meta name=\"author\" content=\"admin\" \/>\n<meta name=\"twitter:card\" content=\"summary_large_image\" \/>\n<meta name=\"twitter:label1\" content=\"Escrito por\" \/>\n\t<meta name=\"twitter:data1\" content=\"admin\" \/>\n\t<meta name=\"twitter:label2\" content=\"Tiempo de lectura\" \/>\n\t<meta name=\"twitter:data2\" content=\"3 minutos\" \/>\n<script type=\"application\/ld+json\" class=\"yoast-schema-graph\">{\"@context\":\"https:\/\/schema.org\",\"@graph\":[{\"@type\":\"Article\",\"@id\":\"https:\/\/lobosnews.com.ar\/index.php\/2026\/03\/09\/cayo-el-profugo-del-robo-que-frustro-un-policia-que-estaba-en-el-bano-de-un-supermercado-de-boedo-el-video\/#article\",\"isPartOf\":{\"@id\":\"https:\/\/lobosnews.com.ar\/index.php\/2026\/03\/09\/cayo-el-profugo-del-robo-que-frustro-un-policia-que-estaba-en-el-bano-de-un-supermercado-de-boedo-el-video\/\"},\"author\":{\"name\":\"admin\",\"@id\":\"https:\/\/lobosnews.com.ar\/#\/schema\/person\/232422a593d5c541dd9aef6aaed10943\"},\"headline\":\"Cay\u00f3 el pr\u00f3fugo del robo que frustr\u00f3 un polic\u00eda que estaba en el ba\u00f1o de un supermercado de Boedo: el video\",\"datePublished\":\"2026-03-09T21:52:30+00:00\",\"dateModified\":\"2026-03-10T00:08:52+00:00\",\"mainEntityOfPage\":{\"@id\":\"https:\/\/lobosnews.com.ar\/index.php\/2026\/03\/09\/cayo-el-profugo-del-robo-que-frustro-un-policia-que-estaba-en-el-bano-de-un-supermercado-de-boedo-el-video\/\"},\"wordCount\":595,\"commentCount\":0,\"publisher\":{\"@id\":\"https:\/\/lobosnews.com.ar\/#organization\"},\"image\":{\"@id\":\"https:\/\/lobosnews.com.ar\/index.php\/2026\/03\/09\/cayo-el-profugo-del-robo-que-frustro-un-policia-que-estaba-en-el-bano-de-un-supermercado-de-boedo-el-video\/#primaryimage\"},\"thumbnailUrl\":\"https:\/\/lobosnews.com.ar\/wp-content\/uploads\/2026\/03\/cayo-el-profugo-del-robo-que-frustro-un-policia-que-estaba-en-el-bano-de-un-supermercado-de-boedo-el-video.jpg\",\"articleSection\":[\"Actualidad\",\"Argentina\",\"econom\u00eda\",\"inseguridad\",\"masradios.com\",\"nacionales\",\"seguridad\",\"sociedad\"],\"inLanguage\":\"es\",\"potentialAction\":[{\"@type\":\"CommentAction\",\"name\":\"Comment\",\"target\":[\"https:\/\/lobosnews.com.ar\/index.php\/2026\/03\/09\/cayo-el-profugo-del-robo-que-frustro-un-policia-que-estaba-en-el-bano-de-un-supermercado-de-boedo-el-video\/#respond\"]}]},{\"@type\":\"WebPage\",\"@id\":\"https:\/\/lobosnews.com.ar\/index.php\/2026\/03\/09\/cayo-el-profugo-del-robo-que-frustro-un-policia-que-estaba-en-el-bano-de-un-supermercado-de-boedo-el-video\/\",\"url\":\"https:\/\/lobosnews.com.ar\/index.php\/2026\/03\/09\/cayo-el-profugo-del-robo-que-frustro-un-policia-que-estaba-en-el-bano-de-un-supermercado-de-boedo-el-video\/\",\"name\":\"Cay\u00f3 el pr\u00f3fugo del robo que frustr\u00f3 un polic\u00eda que estaba en el ba\u00f1o de un supermercado de Boedo: el video - Lobos News\",\"isPartOf\":{\"@id\":\"https:\/\/lobosnews.com.ar\/#website\"},\"primaryImageOfPage\":{\"@id\":\"https:\/\/lobosnews.com.ar\/index.php\/2026\/03\/09\/cayo-el-profugo-del-robo-que-frustro-un-policia-que-estaba-en-el-bano-de-un-supermercado-de-boedo-el-video\/#primaryimage\"},\"image\":{\"@id\":\"https:\/\/lobosnews.com.ar\/index.php\/2026\/03\/09\/cayo-el-profugo-del-robo-que-frustro-un-policia-que-estaba-en-el-bano-de-un-supermercado-de-boedo-el-video\/#primaryimage\"},\"thumbnailUrl\":\"https:\/\/lobosnews.com.ar\/wp-content\/uploads\/2026\/03\/cayo-el-profugo-del-robo-que-frustro-un-policia-que-estaba-en-el-bano-de-un-supermercado-de-boedo-el-video.jpg\",\"datePublished\":\"2026-03-09T21:52:30+00:00\",\"dateModified\":\"2026-03-10T00:08:52+00:00\",\"breadcrumb\":{\"@id\":\"https:\/\/lobosnews.com.ar\/index.php\/2026\/03\/09\/cayo-el-profugo-del-robo-que-frustro-un-policia-que-estaba-en-el-bano-de-un-supermercado-de-boedo-el-video\/#breadcrumb\"},\"inLanguage\":\"es\",\"potentialAction\":[{\"@type\":\"ReadAction\",\"target\":[\"https:\/\/lobosnews.com.ar\/index.php\/2026\/03\/09\/cayo-el-profugo-del-robo-que-frustro-un-policia-que-estaba-en-el-bano-de-un-supermercado-de-boedo-el-video\/\"]}]},{\"@type\":\"ImageObject\",\"inLanguage\":\"es\",\"@id\":\"https:\/\/lobosnews.com.ar\/index.php\/2026\/03\/09\/cayo-el-profugo-del-robo-que-frustro-un-policia-que-estaba-en-el-bano-de-un-supermercado-de-boedo-el-video\/#primaryimage\",\"url\":\"https:\/\/lobosnews.com.ar\/wp-content\/uploads\/2026\/03\/cayo-el-profugo-del-robo-que-frustro-un-policia-que-estaba-en-el-bano-de-un-supermercado-de-boedo-el-video.jpg\",\"contentUrl\":\"https:\/\/lobosnews.com.ar\/wp-content\/uploads\/2026\/03\/cayo-el-profugo-del-robo-que-frustro-un-policia-que-estaba-en-el-bano-de-un-supermercado-de-boedo-el-video.jpg\",\"width\":1080,\"height\":1024,\"caption\":\"Cay\u00f3 el pr\u00f3fugo del robo que frustr\u00f3 un polic\u00eda que estaba en el ba\u00f1o de un supermercado de Boedo: el video\"},{\"@type\":\"BreadcrumbList\",\"@id\":\"https:\/\/lobosnews.com.ar\/index.php\/2026\/03\/09\/cayo-el-profugo-del-robo-que-frustro-un-policia-que-estaba-en-el-bano-de-un-supermercado-de-boedo-el-video\/#breadcrumb\",\"itemListElement\":[{\"@type\":\"ListItem\",\"position\":1,\"name\":\"Portada\",\"item\":\"https:\/\/lobosnews.com.ar\/\"},{\"@type\":\"ListItem\",\"position\":2,\"name\":\"Cay\u00f3 el pr\u00f3fugo del robo que frustr\u00f3 un polic\u00eda que estaba en el ba\u00f1o de un supermercado de Boedo: el video\"}]},{\"@type\":\"WebSite\",\"@id\":\"https:\/\/lobosnews.com.ar\/#website\",\"url\":\"https:\/\/lobosnews.com.ar\/\",\"name\":\"Lobos News\",\"description\":\"Informaci\u00f3n a cada instante\",\"publisher\":{\"@id\":\"https:\/\/lobosnews.com.ar\/#organization\"},\"potentialAction\":[{\"@type\":\"SearchAction\",\"target\":{\"@type\":\"EntryPoint\",\"urlTemplate\":\"https:\/\/lobosnews.com.ar\/?s={search_term_string}\"},\"query-input\":{\"@type\":\"PropertyValueSpecification\",\"valueRequired\":true,\"valueName\":\"search_term_string\"}}],\"inLanguage\":\"es\"},{\"@type\":\"Organization\",\"@id\":\"https:\/\/lobosnews.com.ar\/#organization\",\"name\":\"Lobos News\",\"url\":\"https:\/\/lobosnews.com.ar\/\",\"logo\":{\"@type\":\"ImageObject\",\"inLanguage\":\"es\",\"@id\":\"https:\/\/lobosnews.com.ar\/#\/schema\/logo\/image\/\",\"url\":\"https:\/\/lobosnews.com.ar\/wp-content\/uploads\/2026\/01\/logo-lobosnews.png\",\"contentUrl\":\"https:\/\/lobosnews.com.ar\/wp-content\/uploads\/2026\/01\/logo-lobosnews.png\",\"width\":500,\"height\":200,\"caption\":\"Lobos News\"},\"image\":{\"@id\":\"https:\/\/lobosnews.com.ar\/#\/schema\/logo\/image\/\"}},{\"@type\":\"Person\",\"@id\":\"https:\/\/lobosnews.com.ar\/#\/schema\/person\/232422a593d5c541dd9aef6aaed10943\",\"name\":\"admin\",\"image\":{\"@type\":\"ImageObject\",\"inLanguage\":\"es\",\"@id\":\"https:\/\/lobosnews.com.ar\/#\/schema\/person\/image\/\",\"url\":\"https:\/\/secure.gravatar.com\/avatar\/76e419471a2083bc3ceab22a763dbbf9b0c1bd15a6214cf3280e2c2dde4580f9?s=96&d=mm&r=g\",\"contentUrl\":\"https:\/\/secure.gravatar.com\/avatar\/76e419471a2083bc3ceab22a763dbbf9b0c1bd15a6214cf3280e2c2dde4580f9?s=96&d=mm&r=g\",\"caption\":\"admin\"},\"sameAs\":[\"https:\/\/lobosnews.com.ar\"],\"url\":\"https:\/\/lobosnews.com.ar\/index.php\/author\/lobos-news\/\"}]}<\/script>\n<!-- \/ Yoast SEO plugin. -->","yoast_head_json":{"title":"Cay\u00f3 el pr\u00f3fugo del robo que frustr\u00f3 un polic\u00eda que estaba en el ba\u00f1o de un supermercado de Boedo: el video - Lobos News","robots":{"index":"index","follow":"follow","max-snippet":"max-snippet:-1","max-image-preview":"max-image-preview:large","max-video-preview":"max-video-preview:-1"},"canonical":"https:\/\/lobosnews.com.ar\/index.php\/2026\/03\/09\/cayo-el-profugo-del-robo-que-frustro-un-policia-que-estaba-en-el-bano-de-un-supermercado-de-boedo-el-video\/","og_locale":"es_ES","og_type":"article","og_title":"Cay\u00f3 el pr\u00f3fugo del robo que frustr\u00f3 un polic\u00eda que estaba en el ba\u00f1o de un supermercado de Boedo: el video - Lobos News","og_description":"Un sospechoso de 34 a\u00f1os fue detenido luego de haber permanecido pr\u00f3fugo por un a\u00f1o, tras escapar luego de un asalto fallido en un comercio del barrio porte\u00f1o de Boedo que deriv\u00f3 en un tiroteo: es que hab\u00eda un agente de la Polic\u00eda de la Ciudad en el ba\u00f1o e impidi\u00f3 el robo y captur\u00f3...","og_url":"https:\/\/lobosnews.com.ar\/index.php\/2026\/03\/09\/cayo-el-profugo-del-robo-que-frustro-un-policia-que-estaba-en-el-bano-de-un-supermercado-de-boedo-el-video\/","og_site_name":"Lobos News","article_published_time":"2026-03-09T21:52:30+00:00","article_modified_time":"2026-03-10T00:08:52+00:00","og_image":[{"url":"https:\/\/lobosnews.com.ar\/wp-content\/uploads\/2026\/03\/cayo-el-profugo-del-robo-que-frustro-un-policia-que-estaba-en-el-bano-de-un-supermercado-de-boedo-el-video.jpg","type":"","width":"","height":""}],"author":"admin","twitter_card":"summary_large_image","twitter_misc":{"Escrito por":"admin","Tiempo de lectura":"3 minutos"},"schema":{"@context":"https:\/\/schema.org","@graph":[{"@type":"Article","@id":"https:\/\/lobosnews.com.ar\/index.php\/2026\/03\/09\/cayo-el-profugo-del-robo-que-frustro-un-policia-que-estaba-en-el-bano-de-un-supermercado-de-boedo-el-video\/#article","isPartOf":{"@id":"https:\/\/lobosnews.com.ar\/index.php\/2026\/03\/09\/cayo-el-profugo-del-robo-que-frustro-un-policia-que-estaba-en-el-bano-de-un-supermercado-de-boedo-el-video\/"},"author":{"name":"admin","@id":"https:\/\/lobosnews.com.ar\/#\/schema\/person\/232422a593d5c541dd9aef6aaed10943"},"headline":"Cay\u00f3 el pr\u00f3fugo del robo que frustr\u00f3 un polic\u00eda que estaba en el ba\u00f1o de un supermercado de Boedo: el video","datePublished":"2026-03-09T21:52:30+00:00","dateModified":"2026-03-10T00:08:52+00:00","mainEntityOfPage":{"@id":"https:\/\/lobosnews.com.ar\/index.php\/2026\/03\/09\/cayo-el-profugo-del-robo-que-frustro-un-policia-que-estaba-en-el-bano-de-un-supermercado-de-boedo-el-video\/"},"wordCount":595,"commentCount":0,"publisher":{"@id":"https:\/\/lobosnews.com.ar\/#organization"},"image":{"@id":"https:\/\/lobosnews.com.ar\/index.php\/2026\/03\/09\/cayo-el-profugo-del-robo-que-frustro-un-policia-que-estaba-en-el-bano-de-un-supermercado-de-boedo-el-video\/#primaryimage"},"thumbnailUrl":"https:\/\/lobosnews.com.ar\/wp-content\/uploads\/2026\/03\/cayo-el-profugo-del-robo-que-frustro-un-policia-que-estaba-en-el-bano-de-un-supermercado-de-boedo-el-video.jpg","articleSection":["Actualidad","Argentina","econom\u00eda","inseguridad","masradios.com","nacionales","seguridad","sociedad"],"inLanguage":"es","potentialAction":[{"@type":"CommentAction","name":"Comment","target":["https:\/\/lobosnews.com.ar\/index.php\/2026\/03\/09\/cayo-el-profugo-del-robo-que-frustro-un-policia-que-estaba-en-el-bano-de-un-supermercado-de-boedo-el-video\/#respond"]}]},{"@type":"WebPage","@id":"https:\/\/lobosnews.com.ar\/index.php\/2026\/03\/09\/cayo-el-profugo-del-robo-que-frustro-un-policia-que-estaba-en-el-bano-de-un-supermercado-de-boedo-el-video\/","url":"https:\/\/lobosnews.com.ar\/index.php\/2026\/03\/09\/cayo-el-profugo-del-robo-que-frustro-un-policia-que-estaba-en-el-bano-de-un-supermercado-de-boedo-el-video\/","name":"Cay\u00f3 el pr\u00f3fugo del robo que frustr\u00f3 un polic\u00eda que estaba en el ba\u00f1o de un supermercado de Boedo: el video - Lobos News","isPartOf":{"@id":"https:\/\/lobosnews.com.ar\/#website"},"primaryImageOfPage":{"@id":"https:\/\/lobosnews.com.ar\/index.php\/2026\/03\/09\/cayo-el-profugo-del-robo-que-frustro-un-policia-que-estaba-en-el-bano-de-un-supermercado-de-boedo-el-video\/#primaryimage"},"image":{"@id":"https:\/\/lobosnews.com.ar\/index.php\/2026\/03\/09\/cayo-el-profugo-del-robo-que-frustro-un-policia-que-estaba-en-el-bano-de-un-supermercado-de-boedo-el-video\/#primaryimage"},"thumbnailUrl":"https:\/\/lobosnews.com.ar\/wp-content\/uploads\/2026\/03\/cayo-el-profugo-del-robo-que-frustro-un-policia-que-estaba-en-el-bano-de-un-supermercado-de-boedo-el-video.jpg","datePublished":"2026-03-09T21:52:30+00:00","dateModified":"2026-03-10T00:08:52+00:00","breadcrumb":{"@id":"https:\/\/lobosnews.com.ar\/index.php\/2026\/03\/09\/cayo-el-profugo-del-robo-que-frustro-un-policia-que-estaba-en-el-bano-de-un-supermercado-de-boedo-el-video\/#breadcrumb"},"inLanguage":"es","potentialAction":[{"@type":"ReadAction","target":["https:\/\/lobosnews.com.ar\/index.php\/2026\/03\/09\/cayo-el-profugo-del-robo-que-frustro-un-policia-que-estaba-en-el-bano-de-un-supermercado-de-boedo-el-video\/"]}]},{"@type":"ImageObject","inLanguage":"es","@id":"https:\/\/lobosnews.com.ar\/index.php\/2026\/03\/09\/cayo-el-profugo-del-robo-que-frustro-un-policia-que-estaba-en-el-bano-de-un-supermercado-de-boedo-el-video\/#primaryimage","url":"https:\/\/lobosnews.com.ar\/wp-content\/uploads\/2026\/03\/cayo-el-profugo-del-robo-que-frustro-un-policia-que-estaba-en-el-bano-de-un-supermercado-de-boedo-el-video.jpg","contentUrl":"https:\/\/lobosnews.com.ar\/wp-content\/uploads\/2026\/03\/cayo-el-profugo-del-robo-que-frustro-un-policia-que-estaba-en-el-bano-de-un-supermercado-de-boedo-el-video.jpg","width":1080,"height":1024,"caption":"Cay\u00f3 el pr\u00f3fugo del robo que frustr\u00f3 un polic\u00eda que estaba en el ba\u00f1o de un supermercado de Boedo: el video"},{"@type":"BreadcrumbList","@id":"https:\/\/lobosnews.com.ar\/index.php\/2026\/03\/09\/cayo-el-profugo-del-robo-que-frustro-un-policia-que-estaba-en-el-bano-de-un-supermercado-de-boedo-el-video\/#breadcrumb","itemListElement":[{"@type":"ListItem","position":1,"name":"Portada","item":"https:\/\/lobosnews.com.ar\/"},{"@type":"ListItem","position":2,"name":"Cay\u00f3 el pr\u00f3fugo del robo que frustr\u00f3 un polic\u00eda que estaba en el ba\u00f1o de un supermercado de Boedo: el video"}]},{"@type":"WebSite","@id":"https:\/\/lobosnews.com.ar\/#website","url":"https:\/\/lobosnews.com.ar\/","name":"Lobos News","description":"Informaci\u00f3n a cada instante","publisher":{"@id":"https:\/\/lobosnews.com.ar\/#organization"},"potentialAction":[{"@type":"SearchAction","target":{"@type":"EntryPoint","urlTemplate":"https:\/\/lobosnews.com.ar\/?s={search_term_string}"},"query-input":{"@type":"PropertyValueSpecification","valueRequired":true,"valueName":"search_term_string"}}],"inLanguage":"es"},{"@type":"Organization","@id":"https:\/\/lobosnews.com.ar\/#organization","name":"Lobos News","url":"https:\/\/lobosnews.com.ar\/","logo":{"@type":"ImageObject","inLanguage":"es","@id":"https:\/\/lobosnews.com.ar\/#\/schema\/logo\/image\/","url":"https:\/\/lobosnews.com.ar\/wp-content\/uploads\/2026\/01\/logo-lobosnews.png","contentUrl":"https:\/\/lobosnews.com.ar\/wp-content\/uploads\/2026\/01\/logo-lobosnews.png","width":500,"height":200,"caption":"Lobos News"},"image":{"@id":"https:\/\/lobosnews.com.ar\/#\/schema\/logo\/image\/"}},{"@type":"Person","@id":"https:\/\/lobosnews.com.ar\/#\/schema\/person\/232422a593d5c541dd9aef6aaed10943","name":"admin","image":{"@type":"ImageObject","inLanguage":"es","@id":"https:\/\/lobosnews.com.ar\/#\/schema\/person\/image\/","url":"https:\/\/secure.gravatar.com\/avatar\/76e419471a2083bc3ceab22a763dbbf9b0c1bd15a6214cf3280e2c2dde4580f9?s=96&d=mm&r=g","contentUrl":"https:\/\/secure.gravatar.com\/avatar\/76e419471a2083bc3ceab22a763dbbf9b0c1bd15a6214cf3280e2c2dde4580f9?s=96&d=mm&r=g","caption":"admin"},"sameAs":["https:\/\/lobosnews.com.ar"],"url":"https:\/\/lobosnews.com.ar\/index.php\/author\/lobos-news\/"}]}},"jetpack_featured_media_url":"https:\/\/lobosnews.com.ar\/wp-content\/uploads\/2026\/03\/cayo-el-profugo-del-robo-que-frustro-un-policia-que-estaba-en-el-bano-de-un-supermercado-de-boedo-el-video.jpg","jetpack_sharing_enabled":true,"_links":{"self":[{"href":"https:\/\/lobosnews.com.ar\/index.php\/wp-json\/wp\/v2\/posts\/31417","targetHints":{"allow":["GET"]}}],"collection":[{"href":"https:\/\/lobosnews.com.ar\/index.php\/wp-json\/wp\/v2\/posts"}],"about":[{"href":"https:\/\/lobosnews.com.ar\/index.php\/wp-json\/wp\/v2\/types\/post"}],"author":[{"embeddable":true,"href":"https:\/\/lobosnews.com.ar\/index.php\/wp-json\/wp\/v2\/users\/1"}],"replies":[{"embeddable":true,"href":"https:\/\/lobosnews.com.ar\/index.php\/wp-json\/wp\/v2\/comments?post=31417"}],"version-history":[{"count":1,"href":"https:\/\/lobosnews.com.ar\/index.php\/wp-json\/wp\/v2\/posts\/31417\/revisions"}],"predecessor-version":[{"id":31419,"href":"https:\/\/lobosnews.com.ar\/index.php\/wp-json\/wp\/v2\/posts\/31417\/revisions\/31419"}],"wp:featuredmedia":[{"embeddable":true,"href":"https:\/\/lobosnews.com.ar\/index.php\/wp-json\/wp\/v2\/media\/31420"}],"wp:attachment":[{"href":"https:\/\/lobosnews.com.ar\/index.php\/wp-json\/wp\/v2\/media?parent=31417"}],"wp:term":[{"taxonomy":"category","embeddable":true,"href":"https:\/\/lobosnews.com.ar\/index.php\/wp-json\/wp\/v2\/categories?post=31417"},{"taxonomy":"post_tag","embeddable":true,"href":"https:\/\/lobosnews.com.ar\/index.php\/wp-json\/wp\/v2\/tags?post=31417"}],"curies":[{"name":"wp","href":"https:\/\/api.w.org\/{rel}","templated":true}]}}