{"id":31411,"date":"2026-03-09T22:45:00","date_gmt":"2026-03-09T22:45:00","guid":{"rendered":"https:\/\/lobosnews.com.ar\/index.php\/2026\/03\/09\/juicio-a-felipe-pettinato-por-la-muerte-de-su-neurologo-el-acusado-no-quiso-ver-las-fotos-del-cuerpo-y-que-dijeron-los-peritos\/"},"modified":"2026-03-10T00:08:48","modified_gmt":"2026-03-10T00:08:48","slug":"juicio-a-felipe-pettinato-por-la-muerte-de-su-neurologo-el-acusado-no-quiso-ver-las-fotos-del-cuerpo-y-que-dijeron-los-peritos","status":"publish","type":"post","link":"https:\/\/lobosnews.com.ar\/index.php\/2026\/03\/09\/juicio-a-felipe-pettinato-por-la-muerte-de-su-neurologo-el-acusado-no-quiso-ver-las-fotos-del-cuerpo-y-que-dijeron-los-peritos\/","title":{"rendered":"Juicio a Felipe Pettinato por la muerte de su neur\u00f3logo: el acusado no quiso ver las fotos del cuerpo y qu\u00e9 dijeron los peritos"},"content":{"rendered":"<p><img loading=\"lazy\" decoding=\"async\" src=\"https:\/\/lobosnews.com.ar\/wp-content\/uploads\/2026\/03\/juicio-a-felipe-pettinato-por-la-muerte-de-su-neurologo-el-acusado-no-quiso-ver-las-fotos-del-cuerpo-y-que-dijeron-los-peritos.jpg\" alt=\"Felipe Pettinato est\u00e1 acusado de estrago doloso seguido de muerte\" height=\"1081\" width=\"1920\"\/><\/p>\n<p><span class=\"waslinkname\"><b>Felipe Pettinato<\/b><\/span><b> no quiso mirar las fotos<\/b> del cuerpo quemado de su neur\u00f3logo <b>Melchor Rodrigo<\/b>, quien el 16 de mayo de 2022 muri\u00f3 durante un incendio en el departamento del barrio porte\u00f1o de <b>Belgrano <\/b>del hijo del ex saxofonista de <i>Sumo<\/i>. La situaci\u00f3n se dio este lunes cuando el Tribunal N\u00b014 decidi\u00f3 mostrarle esas im\u00e1genes a un testigo, en el marco del juicio al imitador de <i>Michael Jackson<\/i> y donde se lo acusa de haber causado <b>el fuego que mat\u00f3 a su amigo<\/b>.<\/p>\n<p>Pettinato est\u00e1 imputado de <b>estrago doloso seguido de muerte<\/b> y, de ser hallado culpable, podr\u00eda ser <b>condenado de 8 a 20 a\u00f1os <\/b>de prisi\u00f3n. En ese contexto, la audiencia de este lunes<b> se centr\u00f3 en los testimonios de forenses <\/b>que intervinieron en la investigaci\u00f3n del hecho. Luego, el tribunal decidi\u00f3 que la pr\u00f3xima semana ser\u00e1n los alegatos y comenzar\u00e1 <b>Alejandro Drago<\/b>, abogado de la familia de Melchor Rodrigo.<\/p>\n<p>Los dos testigos claves este lunes fueron el<b> perito qu\u00edmico<\/b> de la Polic\u00eda de la Ciudad <b>Juli\u00e1n Lotito Kehoe<\/b> y el <b>m\u00e9dico forense <\/b>del departamento de Tanatolog\u00eda <b>Santiago Maffia Bizzozero<\/b>.<\/p>\n<p>La declaraci\u00f3n de <b>Maffia Bizzozero<\/b> dej\u00f3 claro, desde el punto de vista forense, c\u00f3mo la mezcla de psicof\u00e1rmacos, gases t\u00f3xicos y la condici\u00f3n card\u00edaca de la v\u00edctima produjeron un estado que <b>pudo impedir la reacci\u00f3n y causar la muerte por el incendio<\/b>.<\/p>\n<p><img loading=\"lazy\" decoding=\"async\" src=\"https:\/\/lobosnews.com.ar\/wp-content\/uploads\/2026\/03\/juicio-a-felipe-pettinato-por-la-muerte-de-su-neurologo-el-acusado-no-quiso-ver-las-fotos-del-cuerpo-y-que-dijeron-los-peritos-1.jpg\" alt=\"As\u00ed qued\u00f3 el departamento de Petinatto\" height=\"596\" width=\"1067\"\/><\/p>\n<p>El forense dijo que <b>cualquiera de las sustancias ingeridas por Melchor Rodrigo<\/b> (benzodiazepinas, metilfenidato, clomipramina, zolpidem), en dosis elevadas, pod\u00eda producir <b>depresi\u00f3n del sistema nervioso central<\/b>. <\/p>\n<p>Y se\u00f1al\u00f3 que, sumado esto a las <b>altas concentraciones de mon\u00f3xido de carbono<\/b> y otros gases t\u00f3xicos presentes durante el incendio, y considerando que la v\u00edctima adem\u00e1s padec\u00eda de una <b>cardiopat\u00eda<\/b>, <b>todos estos factores juntos pudieron haber influido negativamente sobre su capacidad para huir del fuego<\/b>.<\/p>\n<p>El m\u00e9dico concluy\u00f3 que esta combinaci\u00f3n de factores <b>pudo causar su fallecimiento en las etapas iniciales del incendio<\/b>.<\/p>\n<p>Hay que recordar que el tanat\u00f3logo que realiz\u00f3 la autopsia al cuerpo de Rodrigo, que determin\u00f3 que<b> el m\u00e9dico falleci\u00f3 a causa de las llamas<\/b>, con quemaduras de tercer grado en un 90% de su cuerpo y parte de sus piernas carbonizadas, no declar\u00f3 porque se encuentra bajo licencia m\u00e9dica por una larga enfermedad. Por eso, <b>el Tribunal decidi\u00f3 citar a uno de sus asistentes<\/b>.<\/p>\n<h2>Aerosoles <\/h2>\n<p><img loading=\"lazy\" decoding=\"async\" src=\"https:\/\/lobosnews.com.ar\/wp-content\/uploads\/2026\/03\/juicio-a-felipe-pettinato-por-la-muerte-de-su-neurologo-el-acusado-no-quiso-ver-las-fotos-del-cuerpo-y-que-dijeron-los-peritos-2.jpg\" alt=\"Melchor Rodrigo, la v\u00edctima\" height=\"1080\" width=\"1920\"\/><\/p>\n<p>Luego, fue el turno de la declaraci\u00f3n de <b>Lotito Kehoe<\/b>, quien se refiri\u00f3 a la composici\u00f3n y l\u00edmites de la pericia qu\u00edmica sobre los restos del incendio, estableciendo que los hidrocarburos hallados no permiten afirmar <b>qu\u00e9 producto inici\u00f3 el fuego<\/b>.<\/p>\n<p>Hay que recordar que el fiscal <b>Mart\u00edn Alfredo Mainardi<\/b> acusa a Petinatto de <b>haber provocado deliberadamente el incendio<\/b> que destruy\u00f3 su departamento y caus\u00f3 la muerte de Rodrigo, quien no pudo escapar debido a un cuadro de inconsciencia inducido por psicof\u00e1rmacos.<\/p>\n<p>La imputaci\u00f3n sostiene que <b>Pettinato<\/b> inici\u00f3 el fuego \u201cde manera deliberada\u201d dentro de su vivienda \u201ca sabiendas del peligro que ello implicaba para los bienes propios y ajenos, para la vida de los habitantes del edificio y sobre todo de Melchor Rodrigo, quien estaba all\u00ed dormido e imposibilitado de reaccionar si el fuego se descontrolaba, como efectivamente ocurri\u00f3\u201d. <\/p>\n<p>Para la Fiscal\u00eda, el acusado <b>emple\u00f3 \u201calg\u00fan elemento capaz de producir llamas<\/b>\u201d, como encendedor o f\u00f3sforos, combinados con un aerosol o producto inflamable, generando un foco \u00edgneo que adquiri\u00f3 <b>dimensiones peligrosas en cuesti\u00f3n de minutos<\/b>.<\/p>\n<p><b>Lotito Kehoe<\/b> fue autor de una de las pericias qu\u00edmicas sobre las muestras tomadas en el domicilio y explic\u00f3 que en todas las muestras analizadas (aunque en algunas solo se percib\u00edan trazas o peque\u00f1as cantidades) se observ\u00f3 el mismo tipo de perfil: <b>hidrocarburos alif\u00e1ticos pesados<\/b> (<i>NdeR<\/i>: se utilizan como combustibles -gasolina, di\u00e9sel-, disolventes, lubricantes y materia prima en la fabricaci\u00f3n de pl\u00e1sticos y otros materiales industriales), que no pudieron ser identificados respecto de su origen exacto.<\/p>\n<p>Indic\u00f3 que los residuos hallados se vinculan con <b>hidrocarburos derivados del petr\u00f3leo<\/b>. Y aclar\u00f3 que, por las condiciones de las muestras y por la combusti\u00f3n, <b>no era posible determinar de d\u00f3nde proven\u00edan esos hidrocarburos<\/b>. Eso s\u00ed, no eran de los aerosoles que hay com\u00fanmente en una casa.<\/p>\n<p>En este punto, es clave recordar tambi\u00e9n que los vecinos que declararon en el juicio coincidieron en lo mismo: hablaron de <b>un Pettinato visiblemente excitado<\/b>, que ped\u00eda <b>auxilio a gritos <\/b>por su \u201camigo\u201d. Uno asever\u00f3 que, incluso, el <i>streamer <\/i><b>lo empuj\u00f3 dentro del departamento <\/b>y que le dio una camisa para taparse la boca.<\/p>\n<p>Otra mujer del edificio de la calle Aguilar asever\u00f3 que Pettinato dec\u00eda: <b>\u201cMi amigo, el cigarrillo\u201d<\/b>. Su vecino del piso de abajo afirm\u00f3, sin individualizar al acusado, que un joven a las puertas del departamento en llamas admiti\u00f3: <b>\u201cMe mand\u00e9 la cagada porque encend\u00ed el pucho. La culpa es m\u00eda\u201d<\/b>.<\/p>\n<p>Sin embargo, la pericia a los restos del incendio <b>descart\u00f3 que el fuego haya sido causado por un cigarrillo<\/b>.<\/p>\n","protected":false},"excerpt":{"rendered":"<p>Felipe Pettinato no quiso mirar las fotos del cuerpo quemado de su neur\u00f3logo Melchor Rodrigo, quien el 16 de mayo de 2022 muri\u00f3 durante un incendio en el departamento del barrio porte\u00f1o de Belgrano del hijo del ex saxofonista de Sumo. La situaci\u00f3n se dio este lunes cuando el Tribunal N\u00b014 decidi\u00f3 mostrarle esas im\u00e1genes&#8230;<\/p>\n","protected":false},"author":1,"featured_media":31416,"comment_status":"open","ping_status":"closed","sticky":false,"template":"","format":"standard","meta":{"_jetpack_memberships_contains_paid_content":false,"footnotes":""},"categories":[31,30,32,77,84,35,36,37],"tags":[],"class_list":["post-31411","post","type-post","status-publish","format-standard","has-post-thumbnail","hentry","category-actualidad","category-argentina","category-economia","category-inseguridad","category-masradios-com","category-nacionales","category-seguridad","category-sociedad"],"magazineBlocksPostFeaturedMedia":{"thumbnail":"https:\/\/lobosnews.com.ar\/wp-content\/uploads\/2026\/03\/juicio-a-felipe-pettinato-por-la-muerte-de-su-neurologo-el-acusado-no-quiso-ver-las-fotos-del-cuerpo-y-que-dijeron-los-peritos-4-150x150.jpg","medium":"https:\/\/lobosnews.com.ar\/wp-content\/uploads\/2026\/03\/juicio-a-felipe-pettinato-por-la-muerte-de-su-neurologo-el-acusado-no-quiso-ver-las-fotos-del-cuerpo-y-que-dijeron-los-peritos-4-300x169.jpg","medium_large":"https:\/\/lobosnews.com.ar\/wp-content\/uploads\/2026\/03\/juicio-a-felipe-pettinato-por-la-muerte-de-su-neurologo-el-acusado-no-quiso-ver-las-fotos-del-cuerpo-y-que-dijeron-los-peritos-4-768x432.jpg","large":"https:\/\/lobosnews.com.ar\/wp-content\/uploads\/2026\/03\/juicio-a-felipe-pettinato-por-la-muerte-de-su-neurologo-el-acusado-no-quiso-ver-las-fotos-del-cuerpo-y-que-dijeron-los-peritos-4-1024x576.jpg","1536x1536":"https:\/\/lobosnews.com.ar\/wp-content\/uploads\/2026\/03\/juicio-a-felipe-pettinato-por-la-muerte-de-su-neurologo-el-acusado-no-quiso-ver-las-fotos-del-cuerpo-y-que-dijeron-los-peritos-4-1536x864.jpg","2048x2048":"https:\/\/lobosnews.com.ar\/wp-content\/uploads\/2026\/03\/juicio-a-felipe-pettinato-por-la-muerte-de-su-neurologo-el-acusado-no-quiso-ver-las-fotos-del-cuerpo-y-que-dijeron-los-peritos-4.jpg","newsmatic-featured":"https:\/\/lobosnews.com.ar\/wp-content\/uploads\/2026\/03\/juicio-a-felipe-pettinato-por-la-muerte-de-su-neurologo-el-acusado-no-quiso-ver-las-fotos-del-cuerpo-y-que-dijeron-los-peritos-4-820x545.jpg","newsmatic-list":"https:\/\/lobosnews.com.ar\/wp-content\/uploads\/2026\/03\/juicio-a-felipe-pettinato-por-la-muerte-de-su-neurologo-el-acusado-no-quiso-ver-las-fotos-del-cuerpo-y-que-dijeron-los-peritos-4-600x400.jpg","newsmatic-thumb":"https:\/\/lobosnews.com.ar\/wp-content\/uploads\/2026\/03\/juicio-a-felipe-pettinato-por-la-muerte-de-su-neurologo-el-acusado-no-quiso-ver-las-fotos-del-cuerpo-y-que-dijeron-los-peritos-4-300x200.jpg","newsmatic-small":"https:\/\/lobosnews.com.ar\/wp-content\/uploads\/2026\/03\/juicio-a-felipe-pettinato-por-la-muerte-de-su-neurologo-el-acusado-no-quiso-ver-las-fotos-del-cuerpo-y-que-dijeron-los-peritos-4-150x95.jpg","newsmatic-grid":"https:\/\/lobosnews.com.ar\/wp-content\/uploads\/2026\/03\/juicio-a-felipe-pettinato-por-la-muerte-de-su-neurologo-el-acusado-no-quiso-ver-las-fotos-del-cuerpo-y-que-dijeron-los-peritos-4-400x250.jpg"},"magazineBlocksPostAuthor":{"name":"admin","avatar":"https:\/\/secure.gravatar.com\/avatar\/76e419471a2083bc3ceab22a763dbbf9b0c1bd15a6214cf3280e2c2dde4580f9?s=96&d=mm&r=g"},"magazineBlocksPostCommentsNumber":"0","magazineBlocksPostExcerpt":"Felipe Pettinato no quiso mirar las fotos del cuerpo quemado de su neur\u00f3logo Melchor Rodrigo, quien el 16 de mayo de 2022 muri\u00f3 durante un incendio en el departamento del barrio porte\u00f1o de Belgrano del hijo del ex saxofonista de Sumo. La situaci\u00f3n se dio este lunes cuando el Tribunal N\u00b014 decidi\u00f3 mostrarle esas im\u00e1genes...","magazineBlocksPostCategories":["Actualidad","Argentina","econom\u00eda","inseguridad","masradios.com","nacionales","seguridad","sociedad"],"magazineBlocksPostViewCount":103,"magazineBlocksPostReadTime":5,"magazine_blocks_featured_image_url":{"full":["https:\/\/lobosnews.com.ar\/wp-content\/uploads\/2026\/03\/juicio-a-felipe-pettinato-por-la-muerte-de-su-neurologo-el-acusado-no-quiso-ver-las-fotos-del-cuerpo-y-que-dijeron-los-peritos-4.jpg",1920,1080,false],"medium":["https:\/\/lobosnews.com.ar\/wp-content\/uploads\/2026\/03\/juicio-a-felipe-pettinato-por-la-muerte-de-su-neurologo-el-acusado-no-quiso-ver-las-fotos-del-cuerpo-y-que-dijeron-los-peritos-4-300x169.jpg",300,169,true],"thumbnail":["https:\/\/lobosnews.com.ar\/wp-content\/uploads\/2026\/03\/juicio-a-felipe-pettinato-por-la-muerte-de-su-neurologo-el-acusado-no-quiso-ver-las-fotos-del-cuerpo-y-que-dijeron-los-peritos-4-150x150.jpg",150,150,true]},"magazine_blocks_author":{"display_name":"admin","author_link":"https:\/\/lobosnews.com.ar\/index.php\/author\/lobos-news\/"},"magazine_blocks_comment":0,"magazine_blocks_author_image":"https:\/\/secure.gravatar.com\/avatar\/76e419471a2083bc3ceab22a763dbbf9b0c1bd15a6214cf3280e2c2dde4580f9?s=96&d=mm&r=g","magazine_blocks_category":"<a href=\"#\" class=\"category-link category-link-31\">Actualidad<\/a> <a href=\"#\" class=\"category-link category-link-30\">Argentina<\/a> <a href=\"#\" class=\"category-link category-link-32\">econom\u00eda<\/a> <a href=\"#\" class=\"category-link category-link-77\">inseguridad<\/a> <a href=\"#\" class=\"category-link category-link-84\">masradios.com<\/a> <a href=\"#\" class=\"category-link category-link-35\">nacionales<\/a> <a href=\"#\" class=\"category-link category-link-36\">seguridad<\/a> <a href=\"#\" class=\"category-link category-link-37\">sociedad<\/a>","yoast_head":"<!-- This site is optimized with the Yoast SEO plugin v26.6 - https:\/\/yoast.com\/wordpress\/plugins\/seo\/ -->\n<title>Juicio a Felipe Pettinato por la muerte de su neur\u00f3logo: el acusado no quiso ver las fotos del cuerpo y qu\u00e9 dijeron los peritos - Lobos News<\/title>\n<meta name=\"robots\" content=\"index, follow, max-snippet:-1, max-image-preview:large, max-video-preview:-1\" \/>\n<link rel=\"canonical\" href=\"https:\/\/lobosnews.com.ar\/index.php\/2026\/03\/09\/juicio-a-felipe-pettinato-por-la-muerte-de-su-neurologo-el-acusado-no-quiso-ver-las-fotos-del-cuerpo-y-que-dijeron-los-peritos\/\" \/>\n<meta property=\"og:locale\" content=\"es_ES\" \/>\n<meta property=\"og:type\" content=\"article\" \/>\n<meta property=\"og:title\" content=\"Juicio a Felipe Pettinato por la muerte de su neur\u00f3logo: el acusado no quiso ver las fotos del cuerpo y qu\u00e9 dijeron los peritos - Lobos News\" \/>\n<meta property=\"og:description\" content=\"Felipe Pettinato no quiso mirar las fotos del cuerpo quemado de su neur\u00f3logo Melchor Rodrigo, quien el 16 de mayo de 2022 muri\u00f3 durante un incendio en el departamento del barrio porte\u00f1o de Belgrano del hijo del ex saxofonista de Sumo. La situaci\u00f3n se dio este lunes cuando el Tribunal N\u00b014 decidi\u00f3 mostrarle esas im\u00e1genes...\" \/>\n<meta property=\"og:url\" content=\"https:\/\/lobosnews.com.ar\/index.php\/2026\/03\/09\/juicio-a-felipe-pettinato-por-la-muerte-de-su-neurologo-el-acusado-no-quiso-ver-las-fotos-del-cuerpo-y-que-dijeron-los-peritos\/\" \/>\n<meta property=\"og:site_name\" content=\"Lobos News\" \/>\n<meta property=\"article:published_time\" content=\"2026-03-09T22:45:00+00:00\" \/>\n<meta property=\"article:modified_time\" content=\"2026-03-10T00:08:48+00:00\" \/>\n<meta property=\"og:image\" content=\"https:\/\/lobosnews.com.ar\/wp-content\/uploads\/2026\/03\/juicio-a-felipe-pettinato-por-la-muerte-de-su-neurologo-el-acusado-no-quiso-ver-las-fotos-del-cuerpo-y-que-dijeron-los-peritos.jpg\" \/>\n<meta name=\"author\" content=\"admin\" \/>\n<meta name=\"twitter:card\" content=\"summary_large_image\" \/>\n<meta name=\"twitter:label1\" content=\"Escrito por\" \/>\n\t<meta name=\"twitter:data1\" content=\"admin\" \/>\n\t<meta name=\"twitter:label2\" content=\"Tiempo de lectura\" \/>\n\t<meta name=\"twitter:data2\" content=\"4 minutos\" \/>\n<script type=\"application\/ld+json\" class=\"yoast-schema-graph\">{\"@context\":\"https:\/\/schema.org\",\"@graph\":[{\"@type\":\"Article\",\"@id\":\"https:\/\/lobosnews.com.ar\/index.php\/2026\/03\/09\/juicio-a-felipe-pettinato-por-la-muerte-de-su-neurologo-el-acusado-no-quiso-ver-las-fotos-del-cuerpo-y-que-dijeron-los-peritos\/#article\",\"isPartOf\":{\"@id\":\"https:\/\/lobosnews.com.ar\/index.php\/2026\/03\/09\/juicio-a-felipe-pettinato-por-la-muerte-de-su-neurologo-el-acusado-no-quiso-ver-las-fotos-del-cuerpo-y-que-dijeron-los-peritos\/\"},\"author\":{\"name\":\"admin\",\"@id\":\"https:\/\/lobosnews.com.ar\/#\/schema\/person\/232422a593d5c541dd9aef6aaed10943\"},\"headline\":\"Juicio a Felipe Pettinato por la muerte de su neur\u00f3logo: el acusado no quiso ver las fotos del cuerpo y qu\u00e9 dijeron los peritos\",\"datePublished\":\"2026-03-09T22:45:00+00:00\",\"dateModified\":\"2026-03-10T00:08:48+00:00\",\"mainEntityOfPage\":{\"@id\":\"https:\/\/lobosnews.com.ar\/index.php\/2026\/03\/09\/juicio-a-felipe-pettinato-por-la-muerte-de-su-neurologo-el-acusado-no-quiso-ver-las-fotos-del-cuerpo-y-que-dijeron-los-peritos\/\"},\"wordCount\":883,\"commentCount\":0,\"publisher\":{\"@id\":\"https:\/\/lobosnews.com.ar\/#organization\"},\"image\":{\"@id\":\"https:\/\/lobosnews.com.ar\/index.php\/2026\/03\/09\/juicio-a-felipe-pettinato-por-la-muerte-de-su-neurologo-el-acusado-no-quiso-ver-las-fotos-del-cuerpo-y-que-dijeron-los-peritos\/#primaryimage\"},\"thumbnailUrl\":\"https:\/\/lobosnews.com.ar\/wp-content\/uploads\/2026\/03\/juicio-a-felipe-pettinato-por-la-muerte-de-su-neurologo-el-acusado-no-quiso-ver-las-fotos-del-cuerpo-y-que-dijeron-los-peritos-4.jpg\",\"articleSection\":[\"Actualidad\",\"Argentina\",\"econom\u00eda\",\"inseguridad\",\"masradios.com\",\"nacionales\",\"seguridad\",\"sociedad\"],\"inLanguage\":\"es\",\"potentialAction\":[{\"@type\":\"CommentAction\",\"name\":\"Comment\",\"target\":[\"https:\/\/lobosnews.com.ar\/index.php\/2026\/03\/09\/juicio-a-felipe-pettinato-por-la-muerte-de-su-neurologo-el-acusado-no-quiso-ver-las-fotos-del-cuerpo-y-que-dijeron-los-peritos\/#respond\"]}]},{\"@type\":\"WebPage\",\"@id\":\"https:\/\/lobosnews.com.ar\/index.php\/2026\/03\/09\/juicio-a-felipe-pettinato-por-la-muerte-de-su-neurologo-el-acusado-no-quiso-ver-las-fotos-del-cuerpo-y-que-dijeron-los-peritos\/\",\"url\":\"https:\/\/lobosnews.com.ar\/index.php\/2026\/03\/09\/juicio-a-felipe-pettinato-por-la-muerte-de-su-neurologo-el-acusado-no-quiso-ver-las-fotos-del-cuerpo-y-que-dijeron-los-peritos\/\",\"name\":\"Juicio a Felipe Pettinato por la muerte de su neur\u00f3logo: el acusado no quiso ver las fotos del cuerpo y qu\u00e9 dijeron los peritos - Lobos News\",\"isPartOf\":{\"@id\":\"https:\/\/lobosnews.com.ar\/#website\"},\"primaryImageOfPage\":{\"@id\":\"https:\/\/lobosnews.com.ar\/index.php\/2026\/03\/09\/juicio-a-felipe-pettinato-por-la-muerte-de-su-neurologo-el-acusado-no-quiso-ver-las-fotos-del-cuerpo-y-que-dijeron-los-peritos\/#primaryimage\"},\"image\":{\"@id\":\"https:\/\/lobosnews.com.ar\/index.php\/2026\/03\/09\/juicio-a-felipe-pettinato-por-la-muerte-de-su-neurologo-el-acusado-no-quiso-ver-las-fotos-del-cuerpo-y-que-dijeron-los-peritos\/#primaryimage\"},\"thumbnailUrl\":\"https:\/\/lobosnews.com.ar\/wp-content\/uploads\/2026\/03\/juicio-a-felipe-pettinato-por-la-muerte-de-su-neurologo-el-acusado-no-quiso-ver-las-fotos-del-cuerpo-y-que-dijeron-los-peritos-4.jpg\",\"datePublished\":\"2026-03-09T22:45:00+00:00\",\"dateModified\":\"2026-03-10T00:08:48+00:00\",\"breadcrumb\":{\"@id\":\"https:\/\/lobosnews.com.ar\/index.php\/2026\/03\/09\/juicio-a-felipe-pettinato-por-la-muerte-de-su-neurologo-el-acusado-no-quiso-ver-las-fotos-del-cuerpo-y-que-dijeron-los-peritos\/#breadcrumb\"},\"inLanguage\":\"es\",\"potentialAction\":[{\"@type\":\"ReadAction\",\"target\":[\"https:\/\/lobosnews.com.ar\/index.php\/2026\/03\/09\/juicio-a-felipe-pettinato-por-la-muerte-de-su-neurologo-el-acusado-no-quiso-ver-las-fotos-del-cuerpo-y-que-dijeron-los-peritos\/\"]}]},{\"@type\":\"ImageObject\",\"inLanguage\":\"es\",\"@id\":\"https:\/\/lobosnews.com.ar\/index.php\/2026\/03\/09\/juicio-a-felipe-pettinato-por-la-muerte-de-su-neurologo-el-acusado-no-quiso-ver-las-fotos-del-cuerpo-y-que-dijeron-los-peritos\/#primaryimage\",\"url\":\"https:\/\/lobosnews.com.ar\/wp-content\/uploads\/2026\/03\/juicio-a-felipe-pettinato-por-la-muerte-de-su-neurologo-el-acusado-no-quiso-ver-las-fotos-del-cuerpo-y-que-dijeron-los-peritos-4.jpg\",\"contentUrl\":\"https:\/\/lobosnews.com.ar\/wp-content\/uploads\/2026\/03\/juicio-a-felipe-pettinato-por-la-muerte-de-su-neurologo-el-acusado-no-quiso-ver-las-fotos-del-cuerpo-y-que-dijeron-los-peritos-4.jpg\",\"width\":1920,\"height\":1080,\"caption\":\"Juicio a Felipe Pettinato por la muerte de su neur\u00f3logo: el acusado no quiso ver las fotos del cuerpo y qu\u00e9 dijeron los peritos\"},{\"@type\":\"BreadcrumbList\",\"@id\":\"https:\/\/lobosnews.com.ar\/index.php\/2026\/03\/09\/juicio-a-felipe-pettinato-por-la-muerte-de-su-neurologo-el-acusado-no-quiso-ver-las-fotos-del-cuerpo-y-que-dijeron-los-peritos\/#breadcrumb\",\"itemListElement\":[{\"@type\":\"ListItem\",\"position\":1,\"name\":\"Portada\",\"item\":\"https:\/\/lobosnews.com.ar\/\"},{\"@type\":\"ListItem\",\"position\":2,\"name\":\"Juicio a Felipe Pettinato por la muerte de su neur\u00f3logo: el acusado no quiso ver las fotos del cuerpo y qu\u00e9 dijeron los peritos\"}]},{\"@type\":\"WebSite\",\"@id\":\"https:\/\/lobosnews.com.ar\/#website\",\"url\":\"https:\/\/lobosnews.com.ar\/\",\"name\":\"Lobos News\",\"description\":\"Informaci\u00f3n a cada instante\",\"publisher\":{\"@id\":\"https:\/\/lobosnews.com.ar\/#organization\"},\"potentialAction\":[{\"@type\":\"SearchAction\",\"target\":{\"@type\":\"EntryPoint\",\"urlTemplate\":\"https:\/\/lobosnews.com.ar\/?s={search_term_string}\"},\"query-input\":{\"@type\":\"PropertyValueSpecification\",\"valueRequired\":true,\"valueName\":\"search_term_string\"}}],\"inLanguage\":\"es\"},{\"@type\":\"Organization\",\"@id\":\"https:\/\/lobosnews.com.ar\/#organization\",\"name\":\"Lobos News\",\"url\":\"https:\/\/lobosnews.com.ar\/\",\"logo\":{\"@type\":\"ImageObject\",\"inLanguage\":\"es\",\"@id\":\"https:\/\/lobosnews.com.ar\/#\/schema\/logo\/image\/\",\"url\":\"https:\/\/lobosnews.com.ar\/wp-content\/uploads\/2026\/01\/logo-lobosnews.png\",\"contentUrl\":\"https:\/\/lobosnews.com.ar\/wp-content\/uploads\/2026\/01\/logo-lobosnews.png\",\"width\":500,\"height\":200,\"caption\":\"Lobos News\"},\"image\":{\"@id\":\"https:\/\/lobosnews.com.ar\/#\/schema\/logo\/image\/\"}},{\"@type\":\"Person\",\"@id\":\"https:\/\/lobosnews.com.ar\/#\/schema\/person\/232422a593d5c541dd9aef6aaed10943\",\"name\":\"admin\",\"image\":{\"@type\":\"ImageObject\",\"inLanguage\":\"es\",\"@id\":\"https:\/\/lobosnews.com.ar\/#\/schema\/person\/image\/\",\"url\":\"https:\/\/secure.gravatar.com\/avatar\/76e419471a2083bc3ceab22a763dbbf9b0c1bd15a6214cf3280e2c2dde4580f9?s=96&d=mm&r=g\",\"contentUrl\":\"https:\/\/secure.gravatar.com\/avatar\/76e419471a2083bc3ceab22a763dbbf9b0c1bd15a6214cf3280e2c2dde4580f9?s=96&d=mm&r=g\",\"caption\":\"admin\"},\"sameAs\":[\"https:\/\/lobosnews.com.ar\"],\"url\":\"https:\/\/lobosnews.com.ar\/index.php\/author\/lobos-news\/\"}]}<\/script>\n<!-- \/ Yoast SEO plugin. -->","yoast_head_json":{"title":"Juicio a Felipe Pettinato por la muerte de su neur\u00f3logo: el acusado no quiso ver las fotos del cuerpo y qu\u00e9 dijeron los peritos - Lobos News","robots":{"index":"index","follow":"follow","max-snippet":"max-snippet:-1","max-image-preview":"max-image-preview:large","max-video-preview":"max-video-preview:-1"},"canonical":"https:\/\/lobosnews.com.ar\/index.php\/2026\/03\/09\/juicio-a-felipe-pettinato-por-la-muerte-de-su-neurologo-el-acusado-no-quiso-ver-las-fotos-del-cuerpo-y-que-dijeron-los-peritos\/","og_locale":"es_ES","og_type":"article","og_title":"Juicio a Felipe Pettinato por la muerte de su neur\u00f3logo: el acusado no quiso ver las fotos del cuerpo y qu\u00e9 dijeron los peritos - Lobos News","og_description":"Felipe Pettinato no quiso mirar las fotos del cuerpo quemado de su neur\u00f3logo Melchor Rodrigo, quien el 16 de mayo de 2022 muri\u00f3 durante un incendio en el departamento del barrio porte\u00f1o de Belgrano del hijo del ex saxofonista de Sumo. La situaci\u00f3n se dio este lunes cuando el Tribunal N\u00b014 decidi\u00f3 mostrarle esas im\u00e1genes...","og_url":"https:\/\/lobosnews.com.ar\/index.php\/2026\/03\/09\/juicio-a-felipe-pettinato-por-la-muerte-de-su-neurologo-el-acusado-no-quiso-ver-las-fotos-del-cuerpo-y-que-dijeron-los-peritos\/","og_site_name":"Lobos News","article_published_time":"2026-03-09T22:45:00+00:00","article_modified_time":"2026-03-10T00:08:48+00:00","og_image":[{"url":"https:\/\/lobosnews.com.ar\/wp-content\/uploads\/2026\/03\/juicio-a-felipe-pettinato-por-la-muerte-de-su-neurologo-el-acusado-no-quiso-ver-las-fotos-del-cuerpo-y-que-dijeron-los-peritos.jpg","type":"","width":"","height":""}],"author":"admin","twitter_card":"summary_large_image","twitter_misc":{"Escrito por":"admin","Tiempo de lectura":"4 minutos"},"schema":{"@context":"https:\/\/schema.org","@graph":[{"@type":"Article","@id":"https:\/\/lobosnews.com.ar\/index.php\/2026\/03\/09\/juicio-a-felipe-pettinato-por-la-muerte-de-su-neurologo-el-acusado-no-quiso-ver-las-fotos-del-cuerpo-y-que-dijeron-los-peritos\/#article","isPartOf":{"@id":"https:\/\/lobosnews.com.ar\/index.php\/2026\/03\/09\/juicio-a-felipe-pettinato-por-la-muerte-de-su-neurologo-el-acusado-no-quiso-ver-las-fotos-del-cuerpo-y-que-dijeron-los-peritos\/"},"author":{"name":"admin","@id":"https:\/\/lobosnews.com.ar\/#\/schema\/person\/232422a593d5c541dd9aef6aaed10943"},"headline":"Juicio a Felipe Pettinato por la muerte de su neur\u00f3logo: el acusado no quiso ver las fotos del cuerpo y qu\u00e9 dijeron los peritos","datePublished":"2026-03-09T22:45:00+00:00","dateModified":"2026-03-10T00:08:48+00:00","mainEntityOfPage":{"@id":"https:\/\/lobosnews.com.ar\/index.php\/2026\/03\/09\/juicio-a-felipe-pettinato-por-la-muerte-de-su-neurologo-el-acusado-no-quiso-ver-las-fotos-del-cuerpo-y-que-dijeron-los-peritos\/"},"wordCount":883,"commentCount":0,"publisher":{"@id":"https:\/\/lobosnews.com.ar\/#organization"},"image":{"@id":"https:\/\/lobosnews.com.ar\/index.php\/2026\/03\/09\/juicio-a-felipe-pettinato-por-la-muerte-de-su-neurologo-el-acusado-no-quiso-ver-las-fotos-del-cuerpo-y-que-dijeron-los-peritos\/#primaryimage"},"thumbnailUrl":"https:\/\/lobosnews.com.ar\/wp-content\/uploads\/2026\/03\/juicio-a-felipe-pettinato-por-la-muerte-de-su-neurologo-el-acusado-no-quiso-ver-las-fotos-del-cuerpo-y-que-dijeron-los-peritos-4.jpg","articleSection":["Actualidad","Argentina","econom\u00eda","inseguridad","masradios.com","nacionales","seguridad","sociedad"],"inLanguage":"es","potentialAction":[{"@type":"CommentAction","name":"Comment","target":["https:\/\/lobosnews.com.ar\/index.php\/2026\/03\/09\/juicio-a-felipe-pettinato-por-la-muerte-de-su-neurologo-el-acusado-no-quiso-ver-las-fotos-del-cuerpo-y-que-dijeron-los-peritos\/#respond"]}]},{"@type":"WebPage","@id":"https:\/\/lobosnews.com.ar\/index.php\/2026\/03\/09\/juicio-a-felipe-pettinato-por-la-muerte-de-su-neurologo-el-acusado-no-quiso-ver-las-fotos-del-cuerpo-y-que-dijeron-los-peritos\/","url":"https:\/\/lobosnews.com.ar\/index.php\/2026\/03\/09\/juicio-a-felipe-pettinato-por-la-muerte-de-su-neurologo-el-acusado-no-quiso-ver-las-fotos-del-cuerpo-y-que-dijeron-los-peritos\/","name":"Juicio a Felipe Pettinato por la muerte de su neur\u00f3logo: el acusado no quiso ver las fotos del cuerpo y qu\u00e9 dijeron los peritos - Lobos News","isPartOf":{"@id":"https:\/\/lobosnews.com.ar\/#website"},"primaryImageOfPage":{"@id":"https:\/\/lobosnews.com.ar\/index.php\/2026\/03\/09\/juicio-a-felipe-pettinato-por-la-muerte-de-su-neurologo-el-acusado-no-quiso-ver-las-fotos-del-cuerpo-y-que-dijeron-los-peritos\/#primaryimage"},"image":{"@id":"https:\/\/lobosnews.com.ar\/index.php\/2026\/03\/09\/juicio-a-felipe-pettinato-por-la-muerte-de-su-neurologo-el-acusado-no-quiso-ver-las-fotos-del-cuerpo-y-que-dijeron-los-peritos\/#primaryimage"},"thumbnailUrl":"https:\/\/lobosnews.com.ar\/wp-content\/uploads\/2026\/03\/juicio-a-felipe-pettinato-por-la-muerte-de-su-neurologo-el-acusado-no-quiso-ver-las-fotos-del-cuerpo-y-que-dijeron-los-peritos-4.jpg","datePublished":"2026-03-09T22:45:00+00:00","dateModified":"2026-03-10T00:08:48+00:00","breadcrumb":{"@id":"https:\/\/lobosnews.com.ar\/index.php\/2026\/03\/09\/juicio-a-felipe-pettinato-por-la-muerte-de-su-neurologo-el-acusado-no-quiso-ver-las-fotos-del-cuerpo-y-que-dijeron-los-peritos\/#breadcrumb"},"inLanguage":"es","potentialAction":[{"@type":"ReadAction","target":["https:\/\/lobosnews.com.ar\/index.php\/2026\/03\/09\/juicio-a-felipe-pettinato-por-la-muerte-de-su-neurologo-el-acusado-no-quiso-ver-las-fotos-del-cuerpo-y-que-dijeron-los-peritos\/"]}]},{"@type":"ImageObject","inLanguage":"es","@id":"https:\/\/lobosnews.com.ar\/index.php\/2026\/03\/09\/juicio-a-felipe-pettinato-por-la-muerte-de-su-neurologo-el-acusado-no-quiso-ver-las-fotos-del-cuerpo-y-que-dijeron-los-peritos\/#primaryimage","url":"https:\/\/lobosnews.com.ar\/wp-content\/uploads\/2026\/03\/juicio-a-felipe-pettinato-por-la-muerte-de-su-neurologo-el-acusado-no-quiso-ver-las-fotos-del-cuerpo-y-que-dijeron-los-peritos-4.jpg","contentUrl":"https:\/\/lobosnews.com.ar\/wp-content\/uploads\/2026\/03\/juicio-a-felipe-pettinato-por-la-muerte-de-su-neurologo-el-acusado-no-quiso-ver-las-fotos-del-cuerpo-y-que-dijeron-los-peritos-4.jpg","width":1920,"height":1080,"caption":"Juicio a Felipe Pettinato por la muerte de su neur\u00f3logo: el acusado no quiso ver las fotos del cuerpo y qu\u00e9 dijeron los peritos"},{"@type":"BreadcrumbList","@id":"https:\/\/lobosnews.com.ar\/index.php\/2026\/03\/09\/juicio-a-felipe-pettinato-por-la-muerte-de-su-neurologo-el-acusado-no-quiso-ver-las-fotos-del-cuerpo-y-que-dijeron-los-peritos\/#breadcrumb","itemListElement":[{"@type":"ListItem","position":1,"name":"Portada","item":"https:\/\/lobosnews.com.ar\/"},{"@type":"ListItem","position":2,"name":"Juicio a Felipe Pettinato por la muerte de su neur\u00f3logo: el acusado no quiso ver las fotos del cuerpo y qu\u00e9 dijeron los peritos"}]},{"@type":"WebSite","@id":"https:\/\/lobosnews.com.ar\/#website","url":"https:\/\/lobosnews.com.ar\/","name":"Lobos News","description":"Informaci\u00f3n a cada instante","publisher":{"@id":"https:\/\/lobosnews.com.ar\/#organization"},"potentialAction":[{"@type":"SearchAction","target":{"@type":"EntryPoint","urlTemplate":"https:\/\/lobosnews.com.ar\/?s={search_term_string}"},"query-input":{"@type":"PropertyValueSpecification","valueRequired":true,"valueName":"search_term_string"}}],"inLanguage":"es"},{"@type":"Organization","@id":"https:\/\/lobosnews.com.ar\/#organization","name":"Lobos News","url":"https:\/\/lobosnews.com.ar\/","logo":{"@type":"ImageObject","inLanguage":"es","@id":"https:\/\/lobosnews.com.ar\/#\/schema\/logo\/image\/","url":"https:\/\/lobosnews.com.ar\/wp-content\/uploads\/2026\/01\/logo-lobosnews.png","contentUrl":"https:\/\/lobosnews.com.ar\/wp-content\/uploads\/2026\/01\/logo-lobosnews.png","width":500,"height":200,"caption":"Lobos News"},"image":{"@id":"https:\/\/lobosnews.com.ar\/#\/schema\/logo\/image\/"}},{"@type":"Person","@id":"https:\/\/lobosnews.com.ar\/#\/schema\/person\/232422a593d5c541dd9aef6aaed10943","name":"admin","image":{"@type":"ImageObject","inLanguage":"es","@id":"https:\/\/lobosnews.com.ar\/#\/schema\/person\/image\/","url":"https:\/\/secure.gravatar.com\/avatar\/76e419471a2083bc3ceab22a763dbbf9b0c1bd15a6214cf3280e2c2dde4580f9?s=96&d=mm&r=g","contentUrl":"https:\/\/secure.gravatar.com\/avatar\/76e419471a2083bc3ceab22a763dbbf9b0c1bd15a6214cf3280e2c2dde4580f9?s=96&d=mm&r=g","caption":"admin"},"sameAs":["https:\/\/lobosnews.com.ar"],"url":"https:\/\/lobosnews.com.ar\/index.php\/author\/lobos-news\/"}]}},"jetpack_featured_media_url":"https:\/\/lobosnews.com.ar\/wp-content\/uploads\/2026\/03\/juicio-a-felipe-pettinato-por-la-muerte-de-su-neurologo-el-acusado-no-quiso-ver-las-fotos-del-cuerpo-y-que-dijeron-los-peritos-4.jpg","jetpack_sharing_enabled":true,"_links":{"self":[{"href":"https:\/\/lobosnews.com.ar\/index.php\/wp-json\/wp\/v2\/posts\/31411","targetHints":{"allow":["GET"]}}],"collection":[{"href":"https:\/\/lobosnews.com.ar\/index.php\/wp-json\/wp\/v2\/posts"}],"about":[{"href":"https:\/\/lobosnews.com.ar\/index.php\/wp-json\/wp\/v2\/types\/post"}],"author":[{"embeddable":true,"href":"https:\/\/lobosnews.com.ar\/index.php\/wp-json\/wp\/v2\/users\/1"}],"replies":[{"embeddable":true,"href":"https:\/\/lobosnews.com.ar\/index.php\/wp-json\/wp\/v2\/comments?post=31411"}],"version-history":[{"count":1,"href":"https:\/\/lobosnews.com.ar\/index.php\/wp-json\/wp\/v2\/posts\/31411\/revisions"}],"predecessor-version":[{"id":31415,"href":"https:\/\/lobosnews.com.ar\/index.php\/wp-json\/wp\/v2\/posts\/31411\/revisions\/31415"}],"wp:featuredmedia":[{"embeddable":true,"href":"https:\/\/lobosnews.com.ar\/index.php\/wp-json\/wp\/v2\/media\/31416"}],"wp:attachment":[{"href":"https:\/\/lobosnews.com.ar\/index.php\/wp-json\/wp\/v2\/media?parent=31411"}],"wp:term":[{"taxonomy":"category","embeddable":true,"href":"https:\/\/lobosnews.com.ar\/index.php\/wp-json\/wp\/v2\/categories?post=31411"},{"taxonomy":"post_tag","embeddable":true,"href":"https:\/\/lobosnews.com.ar\/index.php\/wp-json\/wp\/v2\/tags?post=31411"}],"curies":[{"name":"wp","href":"https:\/\/api.w.org\/{rel}","templated":true}]}}