{"id":31365,"date":"2026-03-09T14:20:22","date_gmt":"2026-03-09T14:20:22","guid":{"rendered":"https:\/\/lobosnews.com.ar\/index.php\/2026\/03\/09\/el-llanto-de-cinzia-francischiello-cuando-tengo-hambre-no-puedo-pensar\/"},"modified":"2026-03-09T20:51:02","modified_gmt":"2026-03-09T20:51:02","slug":"el-llanto-de-cinzia-francischiello-cuando-tengo-hambre-no-puedo-pensar","status":"publish","type":"post","link":"https:\/\/lobosnews.com.ar\/index.php\/2026\/03\/09\/el-llanto-de-cinzia-francischiello-cuando-tengo-hambre-no-puedo-pensar\/","title":{"rendered":"El llanto de Cinzia Francischiello: \u201cCuando tengo hambre no puedo pensar\u201d"},"content":{"rendered":"<p>Un conflicto por <b>la desaparici\u00f3n de un plato de comida<\/b> en la casa de <b>Gran Hermano Generaci\u00f3n Dorada<\/b> provoc\u00f3 un tenso episodio el domingo, con la participante <span class=\"waslinkname\"><b>Cinzia Francischiello<\/b><\/span> como principal afectada. La discusi\u00f3n gener\u00f3 debate dentro y fuera del reality, ocasionando el llanto de la jugadora y comentarios cr\u00edticos en el streaming del programa.<\/p>\n<p>Durante la emisi\u00f3n, la participante Francischiello se ausent\u00f3 brevemente para ir al ba\u00f1o y, al regresar, descubri\u00f3 que la porci\u00f3n de carne al horno que le correspond\u00eda hab\u00eda desaparecido.<b> La situaci\u00f3n llev\u00f3 a la participante a un momento de angustia, desencadenando reacciones encontradas entre sus compa\u00f1eros y convirti\u00e9ndose en el eje de an\u00e1lisis en el streaming oficial de Gran Hermano.<\/b><\/p>\n<p><img loading=\"lazy\" decoding=\"async\" src=\"https:\/\/lobosnews.com.ar\/wp-content\/uploads\/2026\/03\/el-llanto-de-cinzia-francischiello-cuando-tengo-hambre-no-puedo-pensar.jpg\" alt=\"Un conflicto por la desaparici\u00f3n de un plato de comida en la casa de Gran Hermano Generaci\u00f3n Dorada \" height=\"1080\" width=\"1920\"\/><\/p>\n<p>La noche hab\u00eda comenzado con una comida preparada por <b>Manuel Ibero<\/b>: <b>carne al horno con papas y vegetales para todos los integrantes de la casa.<\/b> Algunos compa\u00f1eros propusieron reservar platos para quienes no estaban en la mesa, pero la organizaci\u00f3n result\u00f3 confusa y la porci\u00f3n destinada a Francischiello termin\u00f3 entregada a otro jugador.<\/p>\n<p><img loading=\"lazy\" decoding=\"async\" src=\"https:\/\/lobosnews.com.ar\/wp-content\/uploads\/2026\/03\/el-llanto-de-cinzia-francischiello-cuando-tengo-hambre-no-puedo-pensar-1.jpg\" alt=\"Cinzia Francischiello: \"Yo cuando tengo hambre no puedo pensar\u201d\" height=\"1080\" width=\"1920\"\/><\/p>\n<p>Este episodio provoc\u00f3 un quiebre emocional en la jugadora, que manifest\u00f3 su frustraci\u00f3n entre l\u00e1grimas ante los dem\u00e1s participantes. <b>\u201c\u00a1Son 10 personas!\u201d,<\/b> exclam\u00f3, mientras era contenida por <b>Daniela De Luc\u00eda<\/b>, quien critic\u00f3 la situaci\u00f3n y se\u00f1al\u00f3 el descuido de sus compa\u00f1eros. M\u00e1s tarde, en el confesionario, Francischiello profundiz\u00f3 su malestar: <b>\u201cFue un segundo que estuve en el ba\u00f1o y mi plato fue asignado a otra persona porque alguien asumi\u00f3 que sobraba. Yo cuando tengo hambre no puedo pensar\u201d<\/b>.<\/p>\n<h2>Las reacciones dentro de la casa tras el conflicto por la comida<\/h2>\n<p>El incidente gener\u00f3 conmoci\u00f3n en el grupo. Algunos intentaron restar importancia, mientras otros buscaron consolar a la jugadora. Las palabras de De Luc\u00eda reflejaron apoyo, aunque la empat\u00eda se mezcl\u00f3 con reservas y comentarios cr\u00edticos entre los participantes.<\/p>\n<p><img loading=\"lazy\" decoding=\"async\" src=\"https:\/\/lobosnews.com.ar\/wp-content\/uploads\/2026\/03\/el-llanto-de-cinzia-francischiello-cuando-tengo-hambre-no-puedo-pensar-2.jpg\" alt=\"El conflicto por la desaparici\u00f3n de un plato de comida gener\u00f3 tensi\u00f3n y llanto en Gran Hermano Generaci\u00f3n Dorada\" height=\"1080\" width=\"1920\"\/><\/p>\n<p><b>Este suceso volvi\u00f3 a poner en relieve la sensibilidad en torno a la distribuci\u00f3n de los alimentos en el reality<\/b>, un tema frecuente que revela tanto los lazos de solidaridad como las tensiones entre quienes conviven.<\/p>\n<h2>El an\u00e1lisis y las cr\u00edticas en el streaming de Gran Hermano<\/h2>\n<p>El conflicto se traslado al streaming oficial, donde <b>Yisela \u201cYipio\u201d Pintos<\/b>, figura habitual del programa online, critic\u00f3 abiertamente el llanto de Francischiello: \u201cQue yo llore por comida\u2026 bueno, te lo esper\u00e1s, \u2018la gorda est\u00e1 en un shock emocional\u2019. \u00bfPero que Miss Venezuela llore por comida y haga el esc\u00e1ndalo que hizo cuando al fin y al cabo comi\u00f3 y no come m\u00e1s que eso? Por favor, no le mientas a la gorda con la comida\u201d.<\/p>\n<p><img loading=\"lazy\" decoding=\"async\" src=\"https:\/\/lobosnews.com.ar\/wp-content\/uploads\/2026\/03\/el-llanto-de-cinzia-francischiello-cuando-tengo-hambre-no-puedo-pensar-3.jpg\" alt=\"La comida y el ba\u00f1o son dos temas que ponen en conflicto a la casa\" height=\"1080\" width=\"1920\"\/><\/p>\n<p>Incluso la <b>coach motivacional Daniela De Luc\u00eda<\/b>, quien dentro de la casa hab\u00eda consolado a Cinzia, adopt\u00f3 luego una postura diferente. Reconoci\u00f3 p\u00fablicamente que hab\u00eda comido m\u00e1s de lo suyo por accidente, pero argument\u00f3 que el episodio fue aprovechado por otras participantes: <b>\u201cLas otras empezaron a armar el carnegate porque ac\u00e1 todo se aprovecha. Pero el juego de algunas ac\u00e1 es un poco b\u00e1sico\u201d<\/b>, expres\u00f3, se\u00f1alando que la situaci\u00f3n fue utilizada estrat\u00e9gicamente.<\/p>\n<p>En la casa de Gran Hermano, el llamado \u201ccarnegate\u201d reflej\u00f3 c\u00f3mo situaciones cotidianas, como el reparto de la comida, pueden convertirse en escenarios para la construcci\u00f3n de alianzas y estrategias dentro del reality, contribuyendo a la tensi\u00f3n constante en la convivencia.<\/p>\n<h3>Las disputas por el ba\u00f1o<\/h3>\n<p>El episodio protagonizado por Luana Fern\u00e1ndez y <span class=\"waslinkname\"><b>Cinzia Francischiello en <\/b><i><b>Gran Hermano Generaci\u00f3n Dorada<\/b><\/i><b> <\/b><\/span>convirti\u00f3 un desacuerdo cotidiano en un foco de tensi\u00f3n con impacto inmediato en la convivencia del reality de <i>Telefe<\/i>.<\/p>\n<p><b>El origen del conflicto, remite a la gesti\u00f3n del \u00fanico ba\u00f1o de la casa,<\/b> un recurso limitado y tradicionalmente generador de fricciones en realities de aislamiento. Francischiello reclam\u00f3 prioridad en la fila, recibiendo de Fern\u00e1ndez una respuesta inmediata que escal\u00f3 en tono y gener\u00f3 protestas entre las participantes testigos. <b>Las intervenciones de terceras voces, como Yanina Zilli, evidenciaron la atenci\u00f3n colectiva ante un incidente que super\u00f3 r\u00e1pidamente el marco \u00edntimo.<\/b><\/p>\n<p><img loading=\"lazy\" decoding=\"async\" src=\"https:\/\/lobosnews.com.ar\/wp-content\/uploads\/2026\/03\/el-llanto-de-cinzia-francischiello-cuando-tengo-hambre-no-puedo-pensar-4.jpg\" alt=\"El origen del conflicto entre las participantes, remiti\u00f3 a la gesti\u00f3n del \u00fanico ba\u00f1o de la casa\" height=\"720\" width=\"1280\"\/><\/p>\n<p>Ya en una conversaci\u00f3n privada con Nick S\u00edcaro, Fern\u00e1ndez transparent\u00f3 no solo su sentir ante la situaci\u00f3n particular, sino la percepci\u00f3n de una acumulaci\u00f3n de hostilidades previas. La concursante admiti\u00f3 expl\u00edcitamente su tendencia al impulso y el riesgo objetivo de incurrir en un comportamiento sancionable por la producci\u00f3n del formato: <b>\u201cNo quiero pelear con nadie, no tengo ganas de pelear, pero si me viene a buscar\u2026 El tema es que yo soy muy, muy impulsiva. O sea, tengo que tener cuidado porque si me pica mucho, soy capaz de cag&#8230; a trompadas, y no quiero, porque eso no se puede hacer ac\u00e1\u201d<\/b>, afirm\u00f3 en la charla recogida por las c\u00e1maras del ciclo.<\/p>\n","protected":false},"excerpt":{"rendered":"<p>Un conflicto por la desaparici\u00f3n de un plato de comida en la casa de Gran Hermano Generaci\u00f3n Dorada provoc\u00f3 un tenso episodio el domingo, con la participante Cinzia Francischiello como principal afectada. La discusi\u00f3n gener\u00f3 debate dentro y fuera del reality, ocasionando el llanto de la jugadora y comentarios cr\u00edticos en el streaming del programa&#8230;.<\/p>\n","protected":false},"author":1,"featured_media":31372,"comment_status":"open","ping_status":"closed","sticky":false,"template":"","format":"standard","meta":{"_jetpack_memberships_contains_paid_content":false,"footnotes":""},"categories":[79],"tags":[],"class_list":["post-31365","post","type-post","status-publish","format-standard","has-post-thumbnail","hentry","category-cine-y-series"],"magazineBlocksPostFeaturedMedia":{"thumbnail":"https:\/\/lobosnews.com.ar\/wp-content\/uploads\/2026\/03\/el-llanto-de-cinzia-francischiello-cuando-tengo-hambre-no-puedo-pensar-8-150x150.jpg","medium":"https:\/\/lobosnews.com.ar\/wp-content\/uploads\/2026\/03\/el-llanto-de-cinzia-francischiello-cuando-tengo-hambre-no-puedo-pensar-8-300x169.jpg","medium_large":"https:\/\/lobosnews.com.ar\/wp-content\/uploads\/2026\/03\/el-llanto-de-cinzia-francischiello-cuando-tengo-hambre-no-puedo-pensar-8-768x432.jpg","large":"https:\/\/lobosnews.com.ar\/wp-content\/uploads\/2026\/03\/el-llanto-de-cinzia-francischiello-cuando-tengo-hambre-no-puedo-pensar-8-1024x576.jpg","1536x1536":"https:\/\/lobosnews.com.ar\/wp-content\/uploads\/2026\/03\/el-llanto-de-cinzia-francischiello-cuando-tengo-hambre-no-puedo-pensar-8.jpg","2048x2048":"https:\/\/lobosnews.com.ar\/wp-content\/uploads\/2026\/03\/el-llanto-de-cinzia-francischiello-cuando-tengo-hambre-no-puedo-pensar-8.jpg","newsmatic-featured":"https:\/\/lobosnews.com.ar\/wp-content\/uploads\/2026\/03\/el-llanto-de-cinzia-francischiello-cuando-tengo-hambre-no-puedo-pensar-8-820x545.jpg","newsmatic-list":"https:\/\/lobosnews.com.ar\/wp-content\/uploads\/2026\/03\/el-llanto-de-cinzia-francischiello-cuando-tengo-hambre-no-puedo-pensar-8-600x400.jpg","newsmatic-thumb":"https:\/\/lobosnews.com.ar\/wp-content\/uploads\/2026\/03\/el-llanto-de-cinzia-francischiello-cuando-tengo-hambre-no-puedo-pensar-8-300x200.jpg","newsmatic-small":"https:\/\/lobosnews.com.ar\/wp-content\/uploads\/2026\/03\/el-llanto-de-cinzia-francischiello-cuando-tengo-hambre-no-puedo-pensar-8-150x95.jpg","newsmatic-grid":"https:\/\/lobosnews.com.ar\/wp-content\/uploads\/2026\/03\/el-llanto-de-cinzia-francischiello-cuando-tengo-hambre-no-puedo-pensar-8-400x250.jpg"},"magazineBlocksPostAuthor":{"name":"admin","avatar":"https:\/\/secure.gravatar.com\/avatar\/76e419471a2083bc3ceab22a763dbbf9b0c1bd15a6214cf3280e2c2dde4580f9?s=96&d=mm&r=g"},"magazineBlocksPostCommentsNumber":"0","magazineBlocksPostExcerpt":"Un conflicto por la desaparici\u00f3n de un plato de comida en la casa de Gran Hermano Generaci\u00f3n Dorada provoc\u00f3 un tenso episodio el domingo, con la participante Cinzia Francischiello como principal afectada. La discusi\u00f3n gener\u00f3 debate dentro y fuera del reality, ocasionando el llanto de la jugadora y comentarios cr\u00edticos en el streaming del programa....","magazineBlocksPostCategories":["Cine y Series"],"magazineBlocksPostViewCount":243,"magazineBlocksPostReadTime":1,"magazine_blocks_featured_image_url":{"full":["https:\/\/lobosnews.com.ar\/wp-content\/uploads\/2026\/03\/el-llanto-de-cinzia-francischiello-cuando-tengo-hambre-no-puedo-pensar-8.jpg",1280,720,false],"medium":["https:\/\/lobosnews.com.ar\/wp-content\/uploads\/2026\/03\/el-llanto-de-cinzia-francischiello-cuando-tengo-hambre-no-puedo-pensar-8-300x169.jpg",300,169,true],"thumbnail":["https:\/\/lobosnews.com.ar\/wp-content\/uploads\/2026\/03\/el-llanto-de-cinzia-francischiello-cuando-tengo-hambre-no-puedo-pensar-8-150x150.jpg",150,150,true]},"magazine_blocks_author":{"display_name":"admin","author_link":"https:\/\/lobosnews.com.ar\/index.php\/author\/lobos-news\/"},"magazine_blocks_comment":0,"magazine_blocks_author_image":"https:\/\/secure.gravatar.com\/avatar\/76e419471a2083bc3ceab22a763dbbf9b0c1bd15a6214cf3280e2c2dde4580f9?s=96&d=mm&r=g","magazine_blocks_category":"<a href=\"#\" class=\"category-link category-link-79\">Cine y Series<\/a>","yoast_head":"<!-- This site is optimized with the Yoast SEO plugin v26.6 - https:\/\/yoast.com\/wordpress\/plugins\/seo\/ -->\n<title>El llanto de Cinzia Francischiello: \u201cCuando tengo hambre no puedo pensar\u201d - Lobos News<\/title>\n<meta name=\"robots\" content=\"index, follow, max-snippet:-1, max-image-preview:large, max-video-preview:-1\" \/>\n<link rel=\"canonical\" href=\"https:\/\/lobosnews.com.ar\/index.php\/2026\/03\/09\/el-llanto-de-cinzia-francischiello-cuando-tengo-hambre-no-puedo-pensar\/\" \/>\n<meta property=\"og:locale\" content=\"es_ES\" \/>\n<meta property=\"og:type\" content=\"article\" \/>\n<meta property=\"og:title\" content=\"El llanto de Cinzia Francischiello: \u201cCuando tengo hambre no puedo pensar\u201d - Lobos News\" \/>\n<meta property=\"og:description\" content=\"Un conflicto por la desaparici\u00f3n de un plato de comida en la casa de Gran Hermano Generaci\u00f3n Dorada provoc\u00f3 un tenso episodio el domingo, con la participante Cinzia Francischiello como principal afectada. La discusi\u00f3n gener\u00f3 debate dentro y fuera del reality, ocasionando el llanto de la jugadora y comentarios cr\u00edticos en el streaming del programa....\" \/>\n<meta property=\"og:url\" content=\"https:\/\/lobosnews.com.ar\/index.php\/2026\/03\/09\/el-llanto-de-cinzia-francischiello-cuando-tengo-hambre-no-puedo-pensar\/\" \/>\n<meta property=\"og:site_name\" content=\"Lobos News\" \/>\n<meta property=\"article:published_time\" content=\"2026-03-09T14:20:22+00:00\" \/>\n<meta property=\"article:modified_time\" content=\"2026-03-09T20:51:02+00:00\" \/>\n<meta property=\"og:image\" content=\"https:\/\/lobosnews.com.ar\/wp-content\/uploads\/2026\/03\/el-llanto-de-cinzia-francischiello-cuando-tengo-hambre-no-puedo-pensar.jpg\" \/>\n<meta name=\"author\" content=\"admin\" \/>\n<meta name=\"twitter:card\" content=\"summary_large_image\" \/>\n<meta name=\"twitter:label1\" content=\"Escrito por\" \/>\n\t<meta name=\"twitter:data1\" content=\"admin\" \/>\n\t<meta name=\"twitter:label2\" content=\"Tiempo de lectura\" \/>\n\t<meta name=\"twitter:data2\" content=\"1 minuto\" \/>\n<script type=\"application\/ld+json\" class=\"yoast-schema-graph\">{\"@context\":\"https:\/\/schema.org\",\"@graph\":[{\"@type\":\"Article\",\"@id\":\"https:\/\/lobosnews.com.ar\/index.php\/2026\/03\/09\/el-llanto-de-cinzia-francischiello-cuando-tengo-hambre-no-puedo-pensar\/#article\",\"isPartOf\":{\"@id\":\"https:\/\/lobosnews.com.ar\/index.php\/2026\/03\/09\/el-llanto-de-cinzia-francischiello-cuando-tengo-hambre-no-puedo-pensar\/\"},\"author\":{\"name\":\"admin\",\"@id\":\"https:\/\/lobosnews.com.ar\/#\/schema\/person\/232422a593d5c541dd9aef6aaed10943\"},\"headline\":\"El llanto de Cinzia Francischiello: \u201cCuando tengo hambre no puedo pensar\u201d\",\"datePublished\":\"2026-03-09T14:20:22+00:00\",\"dateModified\":\"2026-03-09T20:51:02+00:00\",\"mainEntityOfPage\":{\"@id\":\"https:\/\/lobosnews.com.ar\/index.php\/2026\/03\/09\/el-llanto-de-cinzia-francischiello-cuando-tengo-hambre-no-puedo-pensar\/\"},\"wordCount\":196,\"commentCount\":0,\"publisher\":{\"@id\":\"https:\/\/lobosnews.com.ar\/#organization\"},\"image\":{\"@id\":\"https:\/\/lobosnews.com.ar\/index.php\/2026\/03\/09\/el-llanto-de-cinzia-francischiello-cuando-tengo-hambre-no-puedo-pensar\/#primaryimage\"},\"thumbnailUrl\":\"https:\/\/lobosnews.com.ar\/wp-content\/uploads\/2026\/03\/el-llanto-de-cinzia-francischiello-cuando-tengo-hambre-no-puedo-pensar-8.jpg\",\"articleSection\":[\"Cine y Series\"],\"inLanguage\":\"es\",\"potentialAction\":[{\"@type\":\"CommentAction\",\"name\":\"Comment\",\"target\":[\"https:\/\/lobosnews.com.ar\/index.php\/2026\/03\/09\/el-llanto-de-cinzia-francischiello-cuando-tengo-hambre-no-puedo-pensar\/#respond\"]}]},{\"@type\":\"WebPage\",\"@id\":\"https:\/\/lobosnews.com.ar\/index.php\/2026\/03\/09\/el-llanto-de-cinzia-francischiello-cuando-tengo-hambre-no-puedo-pensar\/\",\"url\":\"https:\/\/lobosnews.com.ar\/index.php\/2026\/03\/09\/el-llanto-de-cinzia-francischiello-cuando-tengo-hambre-no-puedo-pensar\/\",\"name\":\"El llanto de Cinzia Francischiello: \u201cCuando tengo hambre no puedo pensar\u201d - Lobos News\",\"isPartOf\":{\"@id\":\"https:\/\/lobosnews.com.ar\/#website\"},\"primaryImageOfPage\":{\"@id\":\"https:\/\/lobosnews.com.ar\/index.php\/2026\/03\/09\/el-llanto-de-cinzia-francischiello-cuando-tengo-hambre-no-puedo-pensar\/#primaryimage\"},\"image\":{\"@id\":\"https:\/\/lobosnews.com.ar\/index.php\/2026\/03\/09\/el-llanto-de-cinzia-francischiello-cuando-tengo-hambre-no-puedo-pensar\/#primaryimage\"},\"thumbnailUrl\":\"https:\/\/lobosnews.com.ar\/wp-content\/uploads\/2026\/03\/el-llanto-de-cinzia-francischiello-cuando-tengo-hambre-no-puedo-pensar-8.jpg\",\"datePublished\":\"2026-03-09T14:20:22+00:00\",\"dateModified\":\"2026-03-09T20:51:02+00:00\",\"breadcrumb\":{\"@id\":\"https:\/\/lobosnews.com.ar\/index.php\/2026\/03\/09\/el-llanto-de-cinzia-francischiello-cuando-tengo-hambre-no-puedo-pensar\/#breadcrumb\"},\"inLanguage\":\"es\",\"potentialAction\":[{\"@type\":\"ReadAction\",\"target\":[\"https:\/\/lobosnews.com.ar\/index.php\/2026\/03\/09\/el-llanto-de-cinzia-francischiello-cuando-tengo-hambre-no-puedo-pensar\/\"]}]},{\"@type\":\"ImageObject\",\"inLanguage\":\"es\",\"@id\":\"https:\/\/lobosnews.com.ar\/index.php\/2026\/03\/09\/el-llanto-de-cinzia-francischiello-cuando-tengo-hambre-no-puedo-pensar\/#primaryimage\",\"url\":\"https:\/\/lobosnews.com.ar\/wp-content\/uploads\/2026\/03\/el-llanto-de-cinzia-francischiello-cuando-tengo-hambre-no-puedo-pensar-8.jpg\",\"contentUrl\":\"https:\/\/lobosnews.com.ar\/wp-content\/uploads\/2026\/03\/el-llanto-de-cinzia-francischiello-cuando-tengo-hambre-no-puedo-pensar-8.jpg\",\"width\":1280,\"height\":720,\"caption\":\"El llanto de Cinzia Francischiello: \u201cCuando tengo hambre no puedo pensar\u201d\"},{\"@type\":\"BreadcrumbList\",\"@id\":\"https:\/\/lobosnews.com.ar\/index.php\/2026\/03\/09\/el-llanto-de-cinzia-francischiello-cuando-tengo-hambre-no-puedo-pensar\/#breadcrumb\",\"itemListElement\":[{\"@type\":\"ListItem\",\"position\":1,\"name\":\"Portada\",\"item\":\"https:\/\/lobosnews.com.ar\/\"},{\"@type\":\"ListItem\",\"position\":2,\"name\":\"El llanto de Cinzia Francischiello: \u201cCuando tengo hambre no puedo pensar\u201d\"}]},{\"@type\":\"WebSite\",\"@id\":\"https:\/\/lobosnews.com.ar\/#website\",\"url\":\"https:\/\/lobosnews.com.ar\/\",\"name\":\"Lobos News\",\"description\":\"Informaci\u00f3n a cada instante\",\"publisher\":{\"@id\":\"https:\/\/lobosnews.com.ar\/#organization\"},\"potentialAction\":[{\"@type\":\"SearchAction\",\"target\":{\"@type\":\"EntryPoint\",\"urlTemplate\":\"https:\/\/lobosnews.com.ar\/?s={search_term_string}\"},\"query-input\":{\"@type\":\"PropertyValueSpecification\",\"valueRequired\":true,\"valueName\":\"search_term_string\"}}],\"inLanguage\":\"es\"},{\"@type\":\"Organization\",\"@id\":\"https:\/\/lobosnews.com.ar\/#organization\",\"name\":\"Lobos News\",\"url\":\"https:\/\/lobosnews.com.ar\/\",\"logo\":{\"@type\":\"ImageObject\",\"inLanguage\":\"es\",\"@id\":\"https:\/\/lobosnews.com.ar\/#\/schema\/logo\/image\/\",\"url\":\"https:\/\/lobosnews.com.ar\/wp-content\/uploads\/2026\/01\/logo-lobosnews.png\",\"contentUrl\":\"https:\/\/lobosnews.com.ar\/wp-content\/uploads\/2026\/01\/logo-lobosnews.png\",\"width\":500,\"height\":200,\"caption\":\"Lobos News\"},\"image\":{\"@id\":\"https:\/\/lobosnews.com.ar\/#\/schema\/logo\/image\/\"}},{\"@type\":\"Person\",\"@id\":\"https:\/\/lobosnews.com.ar\/#\/schema\/person\/232422a593d5c541dd9aef6aaed10943\",\"name\":\"admin\",\"image\":{\"@type\":\"ImageObject\",\"inLanguage\":\"es\",\"@id\":\"https:\/\/lobosnews.com.ar\/#\/schema\/person\/image\/\",\"url\":\"https:\/\/secure.gravatar.com\/avatar\/76e419471a2083bc3ceab22a763dbbf9b0c1bd15a6214cf3280e2c2dde4580f9?s=96&d=mm&r=g\",\"contentUrl\":\"https:\/\/secure.gravatar.com\/avatar\/76e419471a2083bc3ceab22a763dbbf9b0c1bd15a6214cf3280e2c2dde4580f9?s=96&d=mm&r=g\",\"caption\":\"admin\"},\"sameAs\":[\"https:\/\/lobosnews.com.ar\"],\"url\":\"https:\/\/lobosnews.com.ar\/index.php\/author\/lobos-news\/\"}]}<\/script>\n<!-- \/ Yoast SEO plugin. -->","yoast_head_json":{"title":"El llanto de Cinzia Francischiello: \u201cCuando tengo hambre no puedo pensar\u201d - Lobos News","robots":{"index":"index","follow":"follow","max-snippet":"max-snippet:-1","max-image-preview":"max-image-preview:large","max-video-preview":"max-video-preview:-1"},"canonical":"https:\/\/lobosnews.com.ar\/index.php\/2026\/03\/09\/el-llanto-de-cinzia-francischiello-cuando-tengo-hambre-no-puedo-pensar\/","og_locale":"es_ES","og_type":"article","og_title":"El llanto de Cinzia Francischiello: \u201cCuando tengo hambre no puedo pensar\u201d - Lobos News","og_description":"Un conflicto por la desaparici\u00f3n de un plato de comida en la casa de Gran Hermano Generaci\u00f3n Dorada provoc\u00f3 un tenso episodio el domingo, con la participante Cinzia Francischiello como principal afectada. La discusi\u00f3n gener\u00f3 debate dentro y fuera del reality, ocasionando el llanto de la jugadora y comentarios cr\u00edticos en el streaming del programa....","og_url":"https:\/\/lobosnews.com.ar\/index.php\/2026\/03\/09\/el-llanto-de-cinzia-francischiello-cuando-tengo-hambre-no-puedo-pensar\/","og_site_name":"Lobos News","article_published_time":"2026-03-09T14:20:22+00:00","article_modified_time":"2026-03-09T20:51:02+00:00","og_image":[{"url":"https:\/\/lobosnews.com.ar\/wp-content\/uploads\/2026\/03\/el-llanto-de-cinzia-francischiello-cuando-tengo-hambre-no-puedo-pensar.jpg","type":"","width":"","height":""}],"author":"admin","twitter_card":"summary_large_image","twitter_misc":{"Escrito por":"admin","Tiempo de lectura":"1 minuto"},"schema":{"@context":"https:\/\/schema.org","@graph":[{"@type":"Article","@id":"https:\/\/lobosnews.com.ar\/index.php\/2026\/03\/09\/el-llanto-de-cinzia-francischiello-cuando-tengo-hambre-no-puedo-pensar\/#article","isPartOf":{"@id":"https:\/\/lobosnews.com.ar\/index.php\/2026\/03\/09\/el-llanto-de-cinzia-francischiello-cuando-tengo-hambre-no-puedo-pensar\/"},"author":{"name":"admin","@id":"https:\/\/lobosnews.com.ar\/#\/schema\/person\/232422a593d5c541dd9aef6aaed10943"},"headline":"El llanto de Cinzia Francischiello: \u201cCuando tengo hambre no puedo pensar\u201d","datePublished":"2026-03-09T14:20:22+00:00","dateModified":"2026-03-09T20:51:02+00:00","mainEntityOfPage":{"@id":"https:\/\/lobosnews.com.ar\/index.php\/2026\/03\/09\/el-llanto-de-cinzia-francischiello-cuando-tengo-hambre-no-puedo-pensar\/"},"wordCount":196,"commentCount":0,"publisher":{"@id":"https:\/\/lobosnews.com.ar\/#organization"},"image":{"@id":"https:\/\/lobosnews.com.ar\/index.php\/2026\/03\/09\/el-llanto-de-cinzia-francischiello-cuando-tengo-hambre-no-puedo-pensar\/#primaryimage"},"thumbnailUrl":"https:\/\/lobosnews.com.ar\/wp-content\/uploads\/2026\/03\/el-llanto-de-cinzia-francischiello-cuando-tengo-hambre-no-puedo-pensar-8.jpg","articleSection":["Cine y Series"],"inLanguage":"es","potentialAction":[{"@type":"CommentAction","name":"Comment","target":["https:\/\/lobosnews.com.ar\/index.php\/2026\/03\/09\/el-llanto-de-cinzia-francischiello-cuando-tengo-hambre-no-puedo-pensar\/#respond"]}]},{"@type":"WebPage","@id":"https:\/\/lobosnews.com.ar\/index.php\/2026\/03\/09\/el-llanto-de-cinzia-francischiello-cuando-tengo-hambre-no-puedo-pensar\/","url":"https:\/\/lobosnews.com.ar\/index.php\/2026\/03\/09\/el-llanto-de-cinzia-francischiello-cuando-tengo-hambre-no-puedo-pensar\/","name":"El llanto de Cinzia Francischiello: \u201cCuando tengo hambre no puedo pensar\u201d - Lobos News","isPartOf":{"@id":"https:\/\/lobosnews.com.ar\/#website"},"primaryImageOfPage":{"@id":"https:\/\/lobosnews.com.ar\/index.php\/2026\/03\/09\/el-llanto-de-cinzia-francischiello-cuando-tengo-hambre-no-puedo-pensar\/#primaryimage"},"image":{"@id":"https:\/\/lobosnews.com.ar\/index.php\/2026\/03\/09\/el-llanto-de-cinzia-francischiello-cuando-tengo-hambre-no-puedo-pensar\/#primaryimage"},"thumbnailUrl":"https:\/\/lobosnews.com.ar\/wp-content\/uploads\/2026\/03\/el-llanto-de-cinzia-francischiello-cuando-tengo-hambre-no-puedo-pensar-8.jpg","datePublished":"2026-03-09T14:20:22+00:00","dateModified":"2026-03-09T20:51:02+00:00","breadcrumb":{"@id":"https:\/\/lobosnews.com.ar\/index.php\/2026\/03\/09\/el-llanto-de-cinzia-francischiello-cuando-tengo-hambre-no-puedo-pensar\/#breadcrumb"},"inLanguage":"es","potentialAction":[{"@type":"ReadAction","target":["https:\/\/lobosnews.com.ar\/index.php\/2026\/03\/09\/el-llanto-de-cinzia-francischiello-cuando-tengo-hambre-no-puedo-pensar\/"]}]},{"@type":"ImageObject","inLanguage":"es","@id":"https:\/\/lobosnews.com.ar\/index.php\/2026\/03\/09\/el-llanto-de-cinzia-francischiello-cuando-tengo-hambre-no-puedo-pensar\/#primaryimage","url":"https:\/\/lobosnews.com.ar\/wp-content\/uploads\/2026\/03\/el-llanto-de-cinzia-francischiello-cuando-tengo-hambre-no-puedo-pensar-8.jpg","contentUrl":"https:\/\/lobosnews.com.ar\/wp-content\/uploads\/2026\/03\/el-llanto-de-cinzia-francischiello-cuando-tengo-hambre-no-puedo-pensar-8.jpg","width":1280,"height":720,"caption":"El llanto de Cinzia Francischiello: \u201cCuando tengo hambre no puedo pensar\u201d"},{"@type":"BreadcrumbList","@id":"https:\/\/lobosnews.com.ar\/index.php\/2026\/03\/09\/el-llanto-de-cinzia-francischiello-cuando-tengo-hambre-no-puedo-pensar\/#breadcrumb","itemListElement":[{"@type":"ListItem","position":1,"name":"Portada","item":"https:\/\/lobosnews.com.ar\/"},{"@type":"ListItem","position":2,"name":"El llanto de Cinzia Francischiello: \u201cCuando tengo hambre no puedo pensar\u201d"}]},{"@type":"WebSite","@id":"https:\/\/lobosnews.com.ar\/#website","url":"https:\/\/lobosnews.com.ar\/","name":"Lobos News","description":"Informaci\u00f3n a cada instante","publisher":{"@id":"https:\/\/lobosnews.com.ar\/#organization"},"potentialAction":[{"@type":"SearchAction","target":{"@type":"EntryPoint","urlTemplate":"https:\/\/lobosnews.com.ar\/?s={search_term_string}"},"query-input":{"@type":"PropertyValueSpecification","valueRequired":true,"valueName":"search_term_string"}}],"inLanguage":"es"},{"@type":"Organization","@id":"https:\/\/lobosnews.com.ar\/#organization","name":"Lobos News","url":"https:\/\/lobosnews.com.ar\/","logo":{"@type":"ImageObject","inLanguage":"es","@id":"https:\/\/lobosnews.com.ar\/#\/schema\/logo\/image\/","url":"https:\/\/lobosnews.com.ar\/wp-content\/uploads\/2026\/01\/logo-lobosnews.png","contentUrl":"https:\/\/lobosnews.com.ar\/wp-content\/uploads\/2026\/01\/logo-lobosnews.png","width":500,"height":200,"caption":"Lobos News"},"image":{"@id":"https:\/\/lobosnews.com.ar\/#\/schema\/logo\/image\/"}},{"@type":"Person","@id":"https:\/\/lobosnews.com.ar\/#\/schema\/person\/232422a593d5c541dd9aef6aaed10943","name":"admin","image":{"@type":"ImageObject","inLanguage":"es","@id":"https:\/\/lobosnews.com.ar\/#\/schema\/person\/image\/","url":"https:\/\/secure.gravatar.com\/avatar\/76e419471a2083bc3ceab22a763dbbf9b0c1bd15a6214cf3280e2c2dde4580f9?s=96&d=mm&r=g","contentUrl":"https:\/\/secure.gravatar.com\/avatar\/76e419471a2083bc3ceab22a763dbbf9b0c1bd15a6214cf3280e2c2dde4580f9?s=96&d=mm&r=g","caption":"admin"},"sameAs":["https:\/\/lobosnews.com.ar"],"url":"https:\/\/lobosnews.com.ar\/index.php\/author\/lobos-news\/"}]}},"jetpack_featured_media_url":"https:\/\/lobosnews.com.ar\/wp-content\/uploads\/2026\/03\/el-llanto-de-cinzia-francischiello-cuando-tengo-hambre-no-puedo-pensar-8.jpg","jetpack_sharing_enabled":true,"_links":{"self":[{"href":"https:\/\/lobosnews.com.ar\/index.php\/wp-json\/wp\/v2\/posts\/31365","targetHints":{"allow":["GET"]}}],"collection":[{"href":"https:\/\/lobosnews.com.ar\/index.php\/wp-json\/wp\/v2\/posts"}],"about":[{"href":"https:\/\/lobosnews.com.ar\/index.php\/wp-json\/wp\/v2\/types\/post"}],"author":[{"embeddable":true,"href":"https:\/\/lobosnews.com.ar\/index.php\/wp-json\/wp\/v2\/users\/1"}],"replies":[{"embeddable":true,"href":"https:\/\/lobosnews.com.ar\/index.php\/wp-json\/wp\/v2\/comments?post=31365"}],"version-history":[{"count":1,"href":"https:\/\/lobosnews.com.ar\/index.php\/wp-json\/wp\/v2\/posts\/31365\/revisions"}],"predecessor-version":[{"id":31371,"href":"https:\/\/lobosnews.com.ar\/index.php\/wp-json\/wp\/v2\/posts\/31365\/revisions\/31371"}],"wp:featuredmedia":[{"embeddable":true,"href":"https:\/\/lobosnews.com.ar\/index.php\/wp-json\/wp\/v2\/media\/31372"}],"wp:attachment":[{"href":"https:\/\/lobosnews.com.ar\/index.php\/wp-json\/wp\/v2\/media?parent=31365"}],"wp:term":[{"taxonomy":"category","embeddable":true,"href":"https:\/\/lobosnews.com.ar\/index.php\/wp-json\/wp\/v2\/categories?post=31365"},{"taxonomy":"post_tag","embeddable":true,"href":"https:\/\/lobosnews.com.ar\/index.php\/wp-json\/wp\/v2\/tags?post=31365"}],"curies":[{"name":"wp","href":"https:\/\/api.w.org\/{rel}","templated":true}]}}