{"id":31359,"date":"2026-03-09T16:37:08","date_gmt":"2026-03-09T16:37:08","guid":{"rendered":"https:\/\/lobosnews.com.ar\/index.php\/2026\/03\/09\/juanita-tinelli-y-tomas-mazza-terminaron-su-corto-romance-es-asi-la-vida\/"},"modified":"2026-03-09T20:50:55","modified_gmt":"2026-03-09T20:50:55","slug":"juanita-tinelli-y-tomas-mazza-terminaron-su-corto-romance-es-asi-la-vida","status":"publish","type":"post","link":"https:\/\/lobosnews.com.ar\/index.php\/2026\/03\/09\/juanita-tinelli-y-tomas-mazza-terminaron-su-corto-romance-es-asi-la-vida\/","title":{"rendered":"Juanita Tinelli y Tom\u00e1s Mazza terminaron su corto romance: \u201cEs as\u00ed la vida\u201d"},"content":{"rendered":"<p>La <b>ruptura sentimental de <\/b><span class=\"waslinkname\"><b>Juanita Tinelli <\/b><\/span>y<b> <\/b><span class=\"waslinkname\"><b>Tom\u00e1s Mazza<\/b><\/span> sorprendi\u00f3 al mundo del espect\u00e1culo argentino a principios de marzo. Luego de poco m\u00e1s de un mes juntos,<span class=\"waslinkname\"><b> los j\u00f3venes dejaron de seguirse en redes sociales y dieron por terminado su v\u00ednculo<\/b><\/span>. La confirmaci\u00f3n lleg\u00f3 por parte de Mazza, quien evit\u00f3 precisar los motivos de la decisi\u00f3n.<\/p>\n<p>La separaci\u00f3n de<b> <\/b>la pareja ocurri\u00f3 despu\u00e9s de que la modelo lo eliminara de sus redes sociales. Aunque no hubo un motivo concreto explicado p\u00fablicamente, el joven influencer aclar\u00f3 que no fue \u00e9l quien tom\u00f3 la iniciativa, lo que abre diversos interrogantes sobre las verdaderas razones del distanciamiento.<\/p>\n<h2>Las palabras de Tom\u00e1s Mazza tras la separaci\u00f3n<\/h2>\n<p><img loading=\"lazy\" decoding=\"async\" src=\"https:\/\/lobosnews.com.ar\/wp-content\/uploads\/2026\/03\/juanita-tinelli-y-tomas-mazza-terminaron-su-corto-romance-es-asi-la-vida.jpg\" alt=\"Juanita Tinelli y Tom\u00e1s apostaron a una relaci\u00f3n\" height=\"1080\" width=\"1920\"\/><\/p>\n<p>Tom\u00e1s Mazza solo hizo declaraciones breves. Al aire de Puro Show (El Trece) el streamer confirm\u00f3 que la determinaci\u00f3n de terminar la relaci\u00f3n no parti\u00f3 de su lado. <b>\u201cNo va m\u00e1s. Lo que s\u00ed te puedo decir es que como en todas las relaciones humanas, a veces las cosas se dan y otras no\u201d<\/b>, expres\u00f3 Mazza. El joven opt\u00f3 por no dar detalles y se mostr\u00f3 sereno ante el desenlace.<\/p>\n<p>En otro fragmento de sus palabras, Mazza agreg\u00f3: \u201c<b>No sabr\u00eda decirte qu\u00e9 pas\u00f3, es as\u00ed la vida<\/b>. Las personas que llegan a tu vida siempre te ense\u00f1an algo y <b>ella me ense\u00f1\u00f3 mucho<\/b>\u201d. Adem\u00e1s, se\u00f1al\u00f3 que el distanciamiento virtual no fue iniciativa suya: \u201c<b>Yo jam\u00e1s dejo de seguir a nadie. A m\u00ed me eliminaron<\/b>\u201d.<\/p>\n<h2>\u00bfHay chances de reconciliaci\u00f3n?<\/h2>\n<p>Consultado sobre una posible vuelta de la relaci\u00f3n con Juanita, Tom\u00e1s Mazza no descart\u00f3 esa opci\u00f3n. Si bien la puerta no qued\u00f3 cerrada, recalc\u00f3 las dificultades actuales para formar pareja: \u201cDe verdad est\u00e1 muy complicado lograr una relaci\u00f3n hoy\u201d.<\/p>\n<p>Este contexto evidencia que el influencer los desaf\u00edos de las relaciones sentimentales son cada vez mayores y que no siempre es sencillo superar los obst\u00e1culos que impone la exposici\u00f3n p\u00fablica.<\/p>\n<p><img loading=\"lazy\" decoding=\"async\" src=\"https:\/\/lobosnews.com.ar\/wp-content\/uploads\/2026\/03\/juanita-tinelli-y-tomas-mazza-terminaron-su-corto-romance-es-asi-la-vida-1.jpg\" alt=\"El 14 de febrero con la frase \u201cBuen d\u00eda solteras\u201d, escribi\u00f3 Juanita Tinelli\" height=\"702\" width=\"501\"\/><\/p>\n<p>Juanita Tinelli public\u00f3 en redes el 14 de febrero la frase <b>\u201cBuen d\u00eda solteras<\/b>\u201d. El dato cobra dimensi\u00f3n debido a que, hac\u00eda solo cinco d\u00edas, Juanita y Tom\u00e1s, validaron p\u00fablicamente su v\u00ednculo a trav\u00e9s de una transmisi\u00f3n en vivo, con gestos de cercan\u00eda y un beso en c\u00e1mara. La decisi\u00f3n de Tinelli de compartir un mensaje ambiguo justo en el D\u00eda de San Valent\u00edn, sin menci\u00f3n expl\u00edcita a Mazza ni referencias cruzadas en plataformas digitales, relev\u00f3 una estrategia comunicacional que desplaz\u00f3 el centro de gravedad de la historia personal a la esfera p\u00fablica, y convirti\u00f3 su cuenta en espacio de interpretaci\u00f3n abierta para la industria del entretenimiento.<\/p>\n<p><img loading=\"lazy\" decoding=\"async\" src=\"https:\/\/lobosnews.com.ar\/wp-content\/uploads\/2026\/03\/juanita-tinelli-y-tomas-mazza-terminaron-su-corto-romance-es-asi-la-vida-2.jpg\" alt=\"Tom\u00e1s Mazza, el streamer e influencer cuando compart\u00eda con Juanita divertidos momentos juntos \" height=\"1081\" width=\"1920\"\/><\/p>\n<p>Durante la semana previa al 14 de febrero,<b> <\/b>Juanita Tinelli y Tom\u00e1s Mazza hab\u00edan protagonizado una secuencia medi\u00e1tica que defini\u00f3 el posicionamiento inicial de su v\u00ednculo ante audiencia digital y medios de espect\u00e1culos. El 8 de febrero, en una transmisi\u00f3n en vivo en la plataforma <b>Kick<\/b>, la dupla eludi\u00f3 definir la relaci\u00f3n con t\u00e9rminos convencionales. <b>\u201cIgual, posta, no somos novios. De verdad\u201d,<\/b> dijo Tinelli, a lo que Mazza respondi\u00f3: <b>\u201cNo, no. No somos novios. Pero vamos a serlo\u201d<\/b>. Este intercambio \u2014rematado con un beso\u2014 fue replicado masivamente y estableci\u00f3 la pauta: el relato de la relaci\u00f3n estar\u00eda determinado por gestos y declaraciones t\u00e1cticas, sin etiquetas formales en el corto plazo.<\/p>\n<p>La reacci\u00f3n de la comunidad digital contribuy\u00f3 a amplificar la incertidumbre. Usuarios y comentaristas abordaron el mensaje de Juanita Tinelli como gesto ambivalente, en un contexto donde la sincronizaci\u00f3n con el D\u00eda de San Valent\u00edn suele implicar se\u00f1ales de estatus sentimental. El propio entorno familiar entr\u00f3 en la conversaci\u00f3n: en una aparici\u00f3n previa, <b>Candelaria Tinelli<\/b> dej\u00f3 un comentario que abog\u00f3 por una narrativa autorreferencial y emancipadora para Juanita: <b>\u201cMi ciela, preoc\u00fapate el d\u00eda en que no hablen<\/b>, mientras tanto segu\u00ed d\u00e1ndoles un poco de show\u2026 Nada ni nadie es tan importante, menos a\u00fan lo que te digan o piensen de vos\u201d.<\/p>\n","protected":false},"excerpt":{"rendered":"<p>La ruptura sentimental de Juanita Tinelli y Tom\u00e1s Mazza sorprendi\u00f3 al mundo del espect\u00e1culo argentino a principios de marzo. Luego de poco m\u00e1s de un mes juntos, los j\u00f3venes dejaron de seguirse en redes sociales y dieron por terminado su v\u00ednculo. La confirmaci\u00f3n lleg\u00f3 por parte de Mazza, quien evit\u00f3 precisar los motivos de la&#8230;<\/p>\n","protected":false},"author":1,"featured_media":31364,"comment_status":"open","ping_status":"closed","sticky":false,"template":"","format":"standard","meta":{"_jetpack_memberships_contains_paid_content":false,"footnotes":""},"categories":[79],"tags":[],"class_list":["post-31359","post","type-post","status-publish","format-standard","has-post-thumbnail","hentry","category-cine-y-series"],"magazineBlocksPostFeaturedMedia":{"thumbnail":"https:\/\/lobosnews.com.ar\/wp-content\/uploads\/2026\/03\/juanita-tinelli-y-tomas-mazza-terminaron-su-corto-romance-es-asi-la-vida-4-150x150.jpg","medium":"https:\/\/lobosnews.com.ar\/wp-content\/uploads\/2026\/03\/juanita-tinelli-y-tomas-mazza-terminaron-su-corto-romance-es-asi-la-vida-4-300x169.jpg","medium_large":"https:\/\/lobosnews.com.ar\/wp-content\/uploads\/2026\/03\/juanita-tinelli-y-tomas-mazza-terminaron-su-corto-romance-es-asi-la-vida-4-768x432.jpg","large":"https:\/\/lobosnews.com.ar\/wp-content\/uploads\/2026\/03\/juanita-tinelli-y-tomas-mazza-terminaron-su-corto-romance-es-asi-la-vida-4-1024x577.jpg","1536x1536":"https:\/\/lobosnews.com.ar\/wp-content\/uploads\/2026\/03\/juanita-tinelli-y-tomas-mazza-terminaron-su-corto-romance-es-asi-la-vida-4-1536x865.jpg","2048x2048":"https:\/\/lobosnews.com.ar\/wp-content\/uploads\/2026\/03\/juanita-tinelli-y-tomas-mazza-terminaron-su-corto-romance-es-asi-la-vida-4.jpg","newsmatic-featured":"https:\/\/lobosnews.com.ar\/wp-content\/uploads\/2026\/03\/juanita-tinelli-y-tomas-mazza-terminaron-su-corto-romance-es-asi-la-vida-4-820x545.jpg","newsmatic-list":"https:\/\/lobosnews.com.ar\/wp-content\/uploads\/2026\/03\/juanita-tinelli-y-tomas-mazza-terminaron-su-corto-romance-es-asi-la-vida-4-600x400.jpg","newsmatic-thumb":"https:\/\/lobosnews.com.ar\/wp-content\/uploads\/2026\/03\/juanita-tinelli-y-tomas-mazza-terminaron-su-corto-romance-es-asi-la-vida-4-300x200.jpg","newsmatic-small":"https:\/\/lobosnews.com.ar\/wp-content\/uploads\/2026\/03\/juanita-tinelli-y-tomas-mazza-terminaron-su-corto-romance-es-asi-la-vida-4-150x95.jpg","newsmatic-grid":"https:\/\/lobosnews.com.ar\/wp-content\/uploads\/2026\/03\/juanita-tinelli-y-tomas-mazza-terminaron-su-corto-romance-es-asi-la-vida-4-400x250.jpg"},"magazineBlocksPostAuthor":{"name":"admin","avatar":"https:\/\/secure.gravatar.com\/avatar\/76e419471a2083bc3ceab22a763dbbf9b0c1bd15a6214cf3280e2c2dde4580f9?s=96&d=mm&r=g"},"magazineBlocksPostCommentsNumber":"0","magazineBlocksPostExcerpt":"La ruptura sentimental de Juanita Tinelli y Tom\u00e1s Mazza sorprendi\u00f3 al mundo del espect\u00e1culo argentino a principios de marzo. Luego de poco m\u00e1s de un mes juntos, los j\u00f3venes dejaron de seguirse en redes sociales y dieron por terminado su v\u00ednculo. La confirmaci\u00f3n lleg\u00f3 por parte de Mazza, quien evit\u00f3 precisar los motivos de la...","magazineBlocksPostCategories":["Cine y Series"],"magazineBlocksPostViewCount":83,"magazineBlocksPostReadTime":4,"magazine_blocks_featured_image_url":{"full":["https:\/\/lobosnews.com.ar\/wp-content\/uploads\/2026\/03\/juanita-tinelli-y-tomas-mazza-terminaron-su-corto-romance-es-asi-la-vida-4.jpg",1920,1081,false],"medium":["https:\/\/lobosnews.com.ar\/wp-content\/uploads\/2026\/03\/juanita-tinelli-y-tomas-mazza-terminaron-su-corto-romance-es-asi-la-vida-4-300x169.jpg",300,169,true],"thumbnail":["https:\/\/lobosnews.com.ar\/wp-content\/uploads\/2026\/03\/juanita-tinelli-y-tomas-mazza-terminaron-su-corto-romance-es-asi-la-vida-4-150x150.jpg",150,150,true]},"magazine_blocks_author":{"display_name":"admin","author_link":"https:\/\/lobosnews.com.ar\/index.php\/author\/lobos-news\/"},"magazine_blocks_comment":0,"magazine_blocks_author_image":"https:\/\/secure.gravatar.com\/avatar\/76e419471a2083bc3ceab22a763dbbf9b0c1bd15a6214cf3280e2c2dde4580f9?s=96&d=mm&r=g","magazine_blocks_category":"<a href=\"#\" class=\"category-link category-link-79\">Cine y Series<\/a>","yoast_head":"<!-- This site is optimized with the Yoast SEO plugin v26.6 - https:\/\/yoast.com\/wordpress\/plugins\/seo\/ -->\n<title>Juanita Tinelli y Tom\u00e1s Mazza terminaron su corto romance: \u201cEs as\u00ed la vida\u201d - Lobos News<\/title>\n<meta name=\"robots\" content=\"index, follow, max-snippet:-1, max-image-preview:large, max-video-preview:-1\" \/>\n<link rel=\"canonical\" href=\"https:\/\/lobosnews.com.ar\/index.php\/2026\/03\/09\/juanita-tinelli-y-tomas-mazza-terminaron-su-corto-romance-es-asi-la-vida\/\" \/>\n<meta property=\"og:locale\" content=\"es_ES\" \/>\n<meta property=\"og:type\" content=\"article\" \/>\n<meta property=\"og:title\" content=\"Juanita Tinelli y Tom\u00e1s Mazza terminaron su corto romance: \u201cEs as\u00ed la vida\u201d - Lobos News\" \/>\n<meta property=\"og:description\" content=\"La ruptura sentimental de Juanita Tinelli y Tom\u00e1s Mazza sorprendi\u00f3 al mundo del espect\u00e1culo argentino a principios de marzo. Luego de poco m\u00e1s de un mes juntos, los j\u00f3venes dejaron de seguirse en redes sociales y dieron por terminado su v\u00ednculo. La confirmaci\u00f3n lleg\u00f3 por parte de Mazza, quien evit\u00f3 precisar los motivos de la...\" \/>\n<meta property=\"og:url\" content=\"https:\/\/lobosnews.com.ar\/index.php\/2026\/03\/09\/juanita-tinelli-y-tomas-mazza-terminaron-su-corto-romance-es-asi-la-vida\/\" \/>\n<meta property=\"og:site_name\" content=\"Lobos News\" \/>\n<meta property=\"article:published_time\" content=\"2026-03-09T16:37:08+00:00\" \/>\n<meta property=\"article:modified_time\" content=\"2026-03-09T20:50:55+00:00\" \/>\n<meta property=\"og:image\" content=\"https:\/\/lobosnews.com.ar\/wp-content\/uploads\/2026\/03\/juanita-tinelli-y-tomas-mazza-terminaron-su-corto-romance-es-asi-la-vida.jpg\" \/>\n<meta name=\"author\" content=\"admin\" \/>\n<meta name=\"twitter:card\" content=\"summary_large_image\" \/>\n<meta name=\"twitter:label1\" content=\"Escrito por\" \/>\n\t<meta name=\"twitter:data1\" content=\"admin\" \/>\n\t<meta name=\"twitter:label2\" content=\"Tiempo de lectura\" \/>\n\t<meta name=\"twitter:data2\" content=\"3 minutos\" \/>\n<script type=\"application\/ld+json\" class=\"yoast-schema-graph\">{\"@context\":\"https:\/\/schema.org\",\"@graph\":[{\"@type\":\"Article\",\"@id\":\"https:\/\/lobosnews.com.ar\/index.php\/2026\/03\/09\/juanita-tinelli-y-tomas-mazza-terminaron-su-corto-romance-es-asi-la-vida\/#article\",\"isPartOf\":{\"@id\":\"https:\/\/lobosnews.com.ar\/index.php\/2026\/03\/09\/juanita-tinelli-y-tomas-mazza-terminaron-su-corto-romance-es-asi-la-vida\/\"},\"author\":{\"name\":\"admin\",\"@id\":\"https:\/\/lobosnews.com.ar\/#\/schema\/person\/232422a593d5c541dd9aef6aaed10943\"},\"headline\":\"Juanita Tinelli y Tom\u00e1s Mazza terminaron su corto romance: \u201cEs as\u00ed la vida\u201d\",\"datePublished\":\"2026-03-09T16:37:08+00:00\",\"dateModified\":\"2026-03-09T20:50:55+00:00\",\"mainEntityOfPage\":{\"@id\":\"https:\/\/lobosnews.com.ar\/index.php\/2026\/03\/09\/juanita-tinelli-y-tomas-mazza-terminaron-su-corto-romance-es-asi-la-vida\/\"},\"wordCount\":708,\"commentCount\":0,\"publisher\":{\"@id\":\"https:\/\/lobosnews.com.ar\/#organization\"},\"image\":{\"@id\":\"https:\/\/lobosnews.com.ar\/index.php\/2026\/03\/09\/juanita-tinelli-y-tomas-mazza-terminaron-su-corto-romance-es-asi-la-vida\/#primaryimage\"},\"thumbnailUrl\":\"https:\/\/lobosnews.com.ar\/wp-content\/uploads\/2026\/03\/juanita-tinelli-y-tomas-mazza-terminaron-su-corto-romance-es-asi-la-vida-4.jpg\",\"articleSection\":[\"Cine y Series\"],\"inLanguage\":\"es\",\"potentialAction\":[{\"@type\":\"CommentAction\",\"name\":\"Comment\",\"target\":[\"https:\/\/lobosnews.com.ar\/index.php\/2026\/03\/09\/juanita-tinelli-y-tomas-mazza-terminaron-su-corto-romance-es-asi-la-vida\/#respond\"]}]},{\"@type\":\"WebPage\",\"@id\":\"https:\/\/lobosnews.com.ar\/index.php\/2026\/03\/09\/juanita-tinelli-y-tomas-mazza-terminaron-su-corto-romance-es-asi-la-vida\/\",\"url\":\"https:\/\/lobosnews.com.ar\/index.php\/2026\/03\/09\/juanita-tinelli-y-tomas-mazza-terminaron-su-corto-romance-es-asi-la-vida\/\",\"name\":\"Juanita Tinelli y Tom\u00e1s Mazza terminaron su corto romance: \u201cEs as\u00ed la vida\u201d - Lobos News\",\"isPartOf\":{\"@id\":\"https:\/\/lobosnews.com.ar\/#website\"},\"primaryImageOfPage\":{\"@id\":\"https:\/\/lobosnews.com.ar\/index.php\/2026\/03\/09\/juanita-tinelli-y-tomas-mazza-terminaron-su-corto-romance-es-asi-la-vida\/#primaryimage\"},\"image\":{\"@id\":\"https:\/\/lobosnews.com.ar\/index.php\/2026\/03\/09\/juanita-tinelli-y-tomas-mazza-terminaron-su-corto-romance-es-asi-la-vida\/#primaryimage\"},\"thumbnailUrl\":\"https:\/\/lobosnews.com.ar\/wp-content\/uploads\/2026\/03\/juanita-tinelli-y-tomas-mazza-terminaron-su-corto-romance-es-asi-la-vida-4.jpg\",\"datePublished\":\"2026-03-09T16:37:08+00:00\",\"dateModified\":\"2026-03-09T20:50:55+00:00\",\"breadcrumb\":{\"@id\":\"https:\/\/lobosnews.com.ar\/index.php\/2026\/03\/09\/juanita-tinelli-y-tomas-mazza-terminaron-su-corto-romance-es-asi-la-vida\/#breadcrumb\"},\"inLanguage\":\"es\",\"potentialAction\":[{\"@type\":\"ReadAction\",\"target\":[\"https:\/\/lobosnews.com.ar\/index.php\/2026\/03\/09\/juanita-tinelli-y-tomas-mazza-terminaron-su-corto-romance-es-asi-la-vida\/\"]}]},{\"@type\":\"ImageObject\",\"inLanguage\":\"es\",\"@id\":\"https:\/\/lobosnews.com.ar\/index.php\/2026\/03\/09\/juanita-tinelli-y-tomas-mazza-terminaron-su-corto-romance-es-asi-la-vida\/#primaryimage\",\"url\":\"https:\/\/lobosnews.com.ar\/wp-content\/uploads\/2026\/03\/juanita-tinelli-y-tomas-mazza-terminaron-su-corto-romance-es-asi-la-vida-4.jpg\",\"contentUrl\":\"https:\/\/lobosnews.com.ar\/wp-content\/uploads\/2026\/03\/juanita-tinelli-y-tomas-mazza-terminaron-su-corto-romance-es-asi-la-vida-4.jpg\",\"width\":1920,\"height\":1081,\"caption\":\"Juanita Tinelli y Tom\u00e1s Mazza terminaron su corto romance: \u201cEs as\u00ed la vida\u201d\"},{\"@type\":\"BreadcrumbList\",\"@id\":\"https:\/\/lobosnews.com.ar\/index.php\/2026\/03\/09\/juanita-tinelli-y-tomas-mazza-terminaron-su-corto-romance-es-asi-la-vida\/#breadcrumb\",\"itemListElement\":[{\"@type\":\"ListItem\",\"position\":1,\"name\":\"Portada\",\"item\":\"https:\/\/lobosnews.com.ar\/\"},{\"@type\":\"ListItem\",\"position\":2,\"name\":\"Juanita Tinelli y Tom\u00e1s Mazza terminaron su corto romance: \u201cEs as\u00ed la vida\u201d\"}]},{\"@type\":\"WebSite\",\"@id\":\"https:\/\/lobosnews.com.ar\/#website\",\"url\":\"https:\/\/lobosnews.com.ar\/\",\"name\":\"Lobos News\",\"description\":\"Informaci\u00f3n a cada instante\",\"publisher\":{\"@id\":\"https:\/\/lobosnews.com.ar\/#organization\"},\"potentialAction\":[{\"@type\":\"SearchAction\",\"target\":{\"@type\":\"EntryPoint\",\"urlTemplate\":\"https:\/\/lobosnews.com.ar\/?s={search_term_string}\"},\"query-input\":{\"@type\":\"PropertyValueSpecification\",\"valueRequired\":true,\"valueName\":\"search_term_string\"}}],\"inLanguage\":\"es\"},{\"@type\":\"Organization\",\"@id\":\"https:\/\/lobosnews.com.ar\/#organization\",\"name\":\"Lobos News\",\"url\":\"https:\/\/lobosnews.com.ar\/\",\"logo\":{\"@type\":\"ImageObject\",\"inLanguage\":\"es\",\"@id\":\"https:\/\/lobosnews.com.ar\/#\/schema\/logo\/image\/\",\"url\":\"https:\/\/lobosnews.com.ar\/wp-content\/uploads\/2026\/01\/logo-lobosnews.png\",\"contentUrl\":\"https:\/\/lobosnews.com.ar\/wp-content\/uploads\/2026\/01\/logo-lobosnews.png\",\"width\":500,\"height\":200,\"caption\":\"Lobos News\"},\"image\":{\"@id\":\"https:\/\/lobosnews.com.ar\/#\/schema\/logo\/image\/\"}},{\"@type\":\"Person\",\"@id\":\"https:\/\/lobosnews.com.ar\/#\/schema\/person\/232422a593d5c541dd9aef6aaed10943\",\"name\":\"admin\",\"image\":{\"@type\":\"ImageObject\",\"inLanguage\":\"es\",\"@id\":\"https:\/\/lobosnews.com.ar\/#\/schema\/person\/image\/\",\"url\":\"https:\/\/secure.gravatar.com\/avatar\/76e419471a2083bc3ceab22a763dbbf9b0c1bd15a6214cf3280e2c2dde4580f9?s=96&d=mm&r=g\",\"contentUrl\":\"https:\/\/secure.gravatar.com\/avatar\/76e419471a2083bc3ceab22a763dbbf9b0c1bd15a6214cf3280e2c2dde4580f9?s=96&d=mm&r=g\",\"caption\":\"admin\"},\"sameAs\":[\"https:\/\/lobosnews.com.ar\"],\"url\":\"https:\/\/lobosnews.com.ar\/index.php\/author\/lobos-news\/\"}]}<\/script>\n<!-- \/ Yoast SEO plugin. -->","yoast_head_json":{"title":"Juanita Tinelli y Tom\u00e1s Mazza terminaron su corto romance: \u201cEs as\u00ed la vida\u201d - Lobos News","robots":{"index":"index","follow":"follow","max-snippet":"max-snippet:-1","max-image-preview":"max-image-preview:large","max-video-preview":"max-video-preview:-1"},"canonical":"https:\/\/lobosnews.com.ar\/index.php\/2026\/03\/09\/juanita-tinelli-y-tomas-mazza-terminaron-su-corto-romance-es-asi-la-vida\/","og_locale":"es_ES","og_type":"article","og_title":"Juanita Tinelli y Tom\u00e1s Mazza terminaron su corto romance: \u201cEs as\u00ed la vida\u201d - Lobos News","og_description":"La ruptura sentimental de Juanita Tinelli y Tom\u00e1s Mazza sorprendi\u00f3 al mundo del espect\u00e1culo argentino a principios de marzo. Luego de poco m\u00e1s de un mes juntos, los j\u00f3venes dejaron de seguirse en redes sociales y dieron por terminado su v\u00ednculo. La confirmaci\u00f3n lleg\u00f3 por parte de Mazza, quien evit\u00f3 precisar los motivos de la...","og_url":"https:\/\/lobosnews.com.ar\/index.php\/2026\/03\/09\/juanita-tinelli-y-tomas-mazza-terminaron-su-corto-romance-es-asi-la-vida\/","og_site_name":"Lobos News","article_published_time":"2026-03-09T16:37:08+00:00","article_modified_time":"2026-03-09T20:50:55+00:00","og_image":[{"url":"https:\/\/lobosnews.com.ar\/wp-content\/uploads\/2026\/03\/juanita-tinelli-y-tomas-mazza-terminaron-su-corto-romance-es-asi-la-vida.jpg","type":"","width":"","height":""}],"author":"admin","twitter_card":"summary_large_image","twitter_misc":{"Escrito por":"admin","Tiempo de lectura":"3 minutos"},"schema":{"@context":"https:\/\/schema.org","@graph":[{"@type":"Article","@id":"https:\/\/lobosnews.com.ar\/index.php\/2026\/03\/09\/juanita-tinelli-y-tomas-mazza-terminaron-su-corto-romance-es-asi-la-vida\/#article","isPartOf":{"@id":"https:\/\/lobosnews.com.ar\/index.php\/2026\/03\/09\/juanita-tinelli-y-tomas-mazza-terminaron-su-corto-romance-es-asi-la-vida\/"},"author":{"name":"admin","@id":"https:\/\/lobosnews.com.ar\/#\/schema\/person\/232422a593d5c541dd9aef6aaed10943"},"headline":"Juanita Tinelli y Tom\u00e1s Mazza terminaron su corto romance: \u201cEs as\u00ed la vida\u201d","datePublished":"2026-03-09T16:37:08+00:00","dateModified":"2026-03-09T20:50:55+00:00","mainEntityOfPage":{"@id":"https:\/\/lobosnews.com.ar\/index.php\/2026\/03\/09\/juanita-tinelli-y-tomas-mazza-terminaron-su-corto-romance-es-asi-la-vida\/"},"wordCount":708,"commentCount":0,"publisher":{"@id":"https:\/\/lobosnews.com.ar\/#organization"},"image":{"@id":"https:\/\/lobosnews.com.ar\/index.php\/2026\/03\/09\/juanita-tinelli-y-tomas-mazza-terminaron-su-corto-romance-es-asi-la-vida\/#primaryimage"},"thumbnailUrl":"https:\/\/lobosnews.com.ar\/wp-content\/uploads\/2026\/03\/juanita-tinelli-y-tomas-mazza-terminaron-su-corto-romance-es-asi-la-vida-4.jpg","articleSection":["Cine y Series"],"inLanguage":"es","potentialAction":[{"@type":"CommentAction","name":"Comment","target":["https:\/\/lobosnews.com.ar\/index.php\/2026\/03\/09\/juanita-tinelli-y-tomas-mazza-terminaron-su-corto-romance-es-asi-la-vida\/#respond"]}]},{"@type":"WebPage","@id":"https:\/\/lobosnews.com.ar\/index.php\/2026\/03\/09\/juanita-tinelli-y-tomas-mazza-terminaron-su-corto-romance-es-asi-la-vida\/","url":"https:\/\/lobosnews.com.ar\/index.php\/2026\/03\/09\/juanita-tinelli-y-tomas-mazza-terminaron-su-corto-romance-es-asi-la-vida\/","name":"Juanita Tinelli y Tom\u00e1s Mazza terminaron su corto romance: \u201cEs as\u00ed la vida\u201d - Lobos News","isPartOf":{"@id":"https:\/\/lobosnews.com.ar\/#website"},"primaryImageOfPage":{"@id":"https:\/\/lobosnews.com.ar\/index.php\/2026\/03\/09\/juanita-tinelli-y-tomas-mazza-terminaron-su-corto-romance-es-asi-la-vida\/#primaryimage"},"image":{"@id":"https:\/\/lobosnews.com.ar\/index.php\/2026\/03\/09\/juanita-tinelli-y-tomas-mazza-terminaron-su-corto-romance-es-asi-la-vida\/#primaryimage"},"thumbnailUrl":"https:\/\/lobosnews.com.ar\/wp-content\/uploads\/2026\/03\/juanita-tinelli-y-tomas-mazza-terminaron-su-corto-romance-es-asi-la-vida-4.jpg","datePublished":"2026-03-09T16:37:08+00:00","dateModified":"2026-03-09T20:50:55+00:00","breadcrumb":{"@id":"https:\/\/lobosnews.com.ar\/index.php\/2026\/03\/09\/juanita-tinelli-y-tomas-mazza-terminaron-su-corto-romance-es-asi-la-vida\/#breadcrumb"},"inLanguage":"es","potentialAction":[{"@type":"ReadAction","target":["https:\/\/lobosnews.com.ar\/index.php\/2026\/03\/09\/juanita-tinelli-y-tomas-mazza-terminaron-su-corto-romance-es-asi-la-vida\/"]}]},{"@type":"ImageObject","inLanguage":"es","@id":"https:\/\/lobosnews.com.ar\/index.php\/2026\/03\/09\/juanita-tinelli-y-tomas-mazza-terminaron-su-corto-romance-es-asi-la-vida\/#primaryimage","url":"https:\/\/lobosnews.com.ar\/wp-content\/uploads\/2026\/03\/juanita-tinelli-y-tomas-mazza-terminaron-su-corto-romance-es-asi-la-vida-4.jpg","contentUrl":"https:\/\/lobosnews.com.ar\/wp-content\/uploads\/2026\/03\/juanita-tinelli-y-tomas-mazza-terminaron-su-corto-romance-es-asi-la-vida-4.jpg","width":1920,"height":1081,"caption":"Juanita Tinelli y Tom\u00e1s Mazza terminaron su corto romance: \u201cEs as\u00ed la vida\u201d"},{"@type":"BreadcrumbList","@id":"https:\/\/lobosnews.com.ar\/index.php\/2026\/03\/09\/juanita-tinelli-y-tomas-mazza-terminaron-su-corto-romance-es-asi-la-vida\/#breadcrumb","itemListElement":[{"@type":"ListItem","position":1,"name":"Portada","item":"https:\/\/lobosnews.com.ar\/"},{"@type":"ListItem","position":2,"name":"Juanita Tinelli y Tom\u00e1s Mazza terminaron su corto romance: \u201cEs as\u00ed la vida\u201d"}]},{"@type":"WebSite","@id":"https:\/\/lobosnews.com.ar\/#website","url":"https:\/\/lobosnews.com.ar\/","name":"Lobos News","description":"Informaci\u00f3n a cada instante","publisher":{"@id":"https:\/\/lobosnews.com.ar\/#organization"},"potentialAction":[{"@type":"SearchAction","target":{"@type":"EntryPoint","urlTemplate":"https:\/\/lobosnews.com.ar\/?s={search_term_string}"},"query-input":{"@type":"PropertyValueSpecification","valueRequired":true,"valueName":"search_term_string"}}],"inLanguage":"es"},{"@type":"Organization","@id":"https:\/\/lobosnews.com.ar\/#organization","name":"Lobos News","url":"https:\/\/lobosnews.com.ar\/","logo":{"@type":"ImageObject","inLanguage":"es","@id":"https:\/\/lobosnews.com.ar\/#\/schema\/logo\/image\/","url":"https:\/\/lobosnews.com.ar\/wp-content\/uploads\/2026\/01\/logo-lobosnews.png","contentUrl":"https:\/\/lobosnews.com.ar\/wp-content\/uploads\/2026\/01\/logo-lobosnews.png","width":500,"height":200,"caption":"Lobos News"},"image":{"@id":"https:\/\/lobosnews.com.ar\/#\/schema\/logo\/image\/"}},{"@type":"Person","@id":"https:\/\/lobosnews.com.ar\/#\/schema\/person\/232422a593d5c541dd9aef6aaed10943","name":"admin","image":{"@type":"ImageObject","inLanguage":"es","@id":"https:\/\/lobosnews.com.ar\/#\/schema\/person\/image\/","url":"https:\/\/secure.gravatar.com\/avatar\/76e419471a2083bc3ceab22a763dbbf9b0c1bd15a6214cf3280e2c2dde4580f9?s=96&d=mm&r=g","contentUrl":"https:\/\/secure.gravatar.com\/avatar\/76e419471a2083bc3ceab22a763dbbf9b0c1bd15a6214cf3280e2c2dde4580f9?s=96&d=mm&r=g","caption":"admin"},"sameAs":["https:\/\/lobosnews.com.ar"],"url":"https:\/\/lobosnews.com.ar\/index.php\/author\/lobos-news\/"}]}},"jetpack_featured_media_url":"https:\/\/lobosnews.com.ar\/wp-content\/uploads\/2026\/03\/juanita-tinelli-y-tomas-mazza-terminaron-su-corto-romance-es-asi-la-vida-4.jpg","jetpack_sharing_enabled":true,"_links":{"self":[{"href":"https:\/\/lobosnews.com.ar\/index.php\/wp-json\/wp\/v2\/posts\/31359","targetHints":{"allow":["GET"]}}],"collection":[{"href":"https:\/\/lobosnews.com.ar\/index.php\/wp-json\/wp\/v2\/posts"}],"about":[{"href":"https:\/\/lobosnews.com.ar\/index.php\/wp-json\/wp\/v2\/types\/post"}],"author":[{"embeddable":true,"href":"https:\/\/lobosnews.com.ar\/index.php\/wp-json\/wp\/v2\/users\/1"}],"replies":[{"embeddable":true,"href":"https:\/\/lobosnews.com.ar\/index.php\/wp-json\/wp\/v2\/comments?post=31359"}],"version-history":[{"count":1,"href":"https:\/\/lobosnews.com.ar\/index.php\/wp-json\/wp\/v2\/posts\/31359\/revisions"}],"predecessor-version":[{"id":31363,"href":"https:\/\/lobosnews.com.ar\/index.php\/wp-json\/wp\/v2\/posts\/31359\/revisions\/31363"}],"wp:featuredmedia":[{"embeddable":true,"href":"https:\/\/lobosnews.com.ar\/index.php\/wp-json\/wp\/v2\/media\/31364"}],"wp:attachment":[{"href":"https:\/\/lobosnews.com.ar\/index.php\/wp-json\/wp\/v2\/media?parent=31359"}],"wp:term":[{"taxonomy":"category","embeddable":true,"href":"https:\/\/lobosnews.com.ar\/index.php\/wp-json\/wp\/v2\/categories?post=31359"},{"taxonomy":"post_tag","embeddable":true,"href":"https:\/\/lobosnews.com.ar\/index.php\/wp-json\/wp\/v2\/tags?post=31359"}],"curies":[{"name":"wp","href":"https:\/\/api.w.org\/{rel}","templated":true}]}}