{"id":31325,"date":"2026-03-09T16:42:47","date_gmt":"2026-03-09T16:42:47","guid":{"rendered":"https:\/\/lobosnews.com.ar\/index.php\/2026\/03\/09\/impacto-en-la-formula-1-el-jefe-de-mercedes-toto-wolff-buscaria-comprar-alpine-y-generar-una-nueva-alianza\/"},"modified":"2026-03-09T20:33:13","modified_gmt":"2026-03-09T20:33:13","slug":"impacto-en-la-formula-1-el-jefe-de-mercedes-toto-wolff-buscaria-comprar-alpine-y-generar-una-nueva-alianza","status":"publish","type":"post","link":"https:\/\/lobosnews.com.ar\/index.php\/2026\/03\/09\/impacto-en-la-formula-1-el-jefe-de-mercedes-toto-wolff-buscaria-comprar-alpine-y-generar-una-nueva-alianza\/","title":{"rendered":"Impacto en la F\u00f3rmula 1: el jefe de Mercedes Toto Wolff buscar\u00eda comprar Alpine y generar una nueva alianza"},"content":{"rendered":"<p><img loading=\"lazy\" decoding=\"async\" src=\"https:\/\/lobosnews.com.ar\/wp-content\/uploads\/2026\/03\/impacto-en-la-formula-1-el-jefe-de-mercedes-toto-wolff-buscaria-comprar-alpine-y-generar-una-nueva-alianza.jpg\" alt=\"Toto Wolf buscar\u00eda comprar una parte de las acciones de Alpine (REUTERS\/Mark Peterson)\" height=\"3746\" width=\"5599\"\/><\/p>\n<p>El d\u00eda despu\u00e9s del primer Gran Premio de la <b>F\u00f3rmula 1 <\/b>en este 2026, una noticia sacudi\u00f3 el paddock de la M\u00e1xima tras la competencia en Australia que tuvo como ganador a <b>George Russell<\/b> a bordo de su <b>Mercedes<\/b>. Justamente, <b>la posible compra de una participaci\u00f3n del 24 por ciento en el equipo Alpine por parte del equipo que encabeza Toto Wolff<\/b>, podr\u00eda alterar de manera profunda el equilibrio de poder en la <i>M\u00e1xima<\/i> con su llegada al equipo de <b>Franco Colapinto<\/b> y <b>Pierre Gasly<\/b>.<\/p>\n<p>Seg\u00fan informaci\u00f3n a la accedi\u00f3 el diario brit\u00e1nico <i>The Telegraph<\/i>, <span class=\"waslinkname\"><b>la decisi\u00f3n impactar\u00eda en la disputa personal que Wolff tiene con Christian Horner<\/b><\/span>, ex director de equipo de <b>Red Bull<\/b>, y supondr\u00eda un cambio en la categor\u00eda en relaci\u00f3n a las alianzas reales que existen en la categor\u00eda.<\/p>\n<p>En el tramo final de las negociaciones, <b>la valoraci\u00f3n de la participaci\u00f3n que Otro Capital mantiene en Alpine ronda los 1.800 y 2.000 millones de euros<\/b>, lo que sit\u00faa el importe estimado del paquete accionario en casi <b>520 millones de la moneda europea<\/b>. Seg\u00fan el medio europeo, la magnitud financiera de la operaci\u00f3n necesitar\u00e1 la autorizaci\u00f3n del <i>Grupo Renault<\/i>, actual propietario del 76 por ciento de Alpine, y la aprobaci\u00f3n final de la junta directiva de Mercedes.<\/p>\n<p>El trasfondo de esta operaci\u00f3n se conecta directamente con la rivalidad que marc\u00f3 la pol\u00edtica interna de la F\u00f3rmula 1 durante los \u00faltimos a\u00f1os. Desde enero, <b>Flavio Briatore<\/b>, asesor ejecutivo de Alpine, hizo p\u00fablico que Horner buscaba regresar al deporte a trav\u00e9s de un consorcio interesado en la misma participaci\u00f3n que ahora estudian las <i>Flechas de Plata<\/i>. El experimentado empresario italiano de la F1 hab\u00eda anticipado que exist\u00edan <b>\u201cvarios grupos interesados\u201d<\/b> en las acciones de <i>Otro Capital<\/i>, pero evit\u00f3 mencionar el posible inter\u00e9s de Mercedes.<\/p>\n<p><b>La eventual entrada de Mercedes como accionista minoritario de Alpine multiplicar\u00eda las sinergias t\u00e9cnicas y deportivas entre ambas escuder\u00edas<\/b>. Actualmente, el fabricante alem\u00e1n ya suministra la unidad de potencia y la caja de cambio al equipo franc\u00e9s, en un acuerdo que se extender\u00e1, al menos, hasta finales de 2030. Para los equipos rivales, la posibilidad de que dos escuder\u00edas compartan propiedad directa e intereses estrat\u00e9gicos supone un desaf\u00edo al principio de equidad deportiva, se\u00f1al\u00f3 <i>The Telegraph<\/i>.<\/p>\n<p><img loading=\"lazy\" decoding=\"async\" src=\"https:\/\/lobosnews.com.ar\/wp-content\/uploads\/2026\/03\/impacto-en-la-formula-1-el-jefe-de-mercedes-toto-wolff-buscaria-comprar-alpine-y-generar-una-nueva-alianza-1.jpg\" alt=\"Franco Colapinto durante el GP de Australia con su Alpine (REUTERS\/Hollie Adams)\" height=\"1515\" width=\"2694\"\/><\/p>\n<p>El debate sobre la propiedad m\u00faltiple de equipos no es nuevo. El director ejecutivo de <b>McLaren<\/b>,<b> Zak Brown<\/b>, fue uno de los cr\u00edticos m\u00e1s persistentes. Seg\u00fan \u00e9l, la presencia de un mismo actor con participaci\u00f3n en distintos equipos \u201ccrea un conflicto de intereses, compromete la equidad deportiva y ofrece ventajas injustas en el intercambio de informaci\u00f3n t\u00e9cnica\u201d. <\/p>\n<p>En este sentido, uno de los hombres m\u00e1s relevantes de los bicampeones en Constructores le pidi\u00f3 formalmente a la FIA que introduzca regulaciones para impedir estas pr\u00e1cticas y preservar la integridad de la competencia. Hay que recordar que, por ejemplo, <b>Red Bull tiene su escuder\u00eda base y un equipo sat\u00e9lite (Racing Bulls)<\/b>, que con el tiempo utiliz\u00f3 para el desarrollo de sus j\u00f3venes pilotos en su desembarco en la M\u00e1xima.<\/p>\n<p><b>En caso de que Mercedes avance con la adquisici\u00f3n, cualquier escenario que contemple a Horner al frente de Alpine quedar\u00eda descartado<\/b>. De hecho, el propio medio ingl\u00e9s sostiene que Wolff utilizar\u00eda el acuerdo de suministro de motores como elemento de presi\u00f3n para bloquear cualquier intento de Horner de negociar con el Grupo Renault.<\/p>\n<p>El valor estrat\u00e9gico de la operaci\u00f3n se ve reflejado en la respuesta oficial de las partes implicadas. Un portavoz de Mercedes F1 dio detalles sobre el plan: <b>\u201cMercedes es un socio estrat\u00e9gico clave de Alpine y se nos mantiene informados de los \u00faltimos desarrollos\u201d<\/b>. Desde el equipo con sede en Enstone, la comunicaci\u00f3n fue m\u00e1s gen\u00e9rica: se\u00f1alaron que la escuder\u00eda \u201ces contactada regularmente por m\u00faltiples partes e inversores potenciales\u201d respecto a las acciones de Otro Capital y que el equipo \u201cno comenta sobre nombres o individuos espec\u00edficos\u201d. <\/p>\n<p><img loading=\"lazy\" decoding=\"async\" src=\"https:\/\/lobosnews.com.ar\/wp-content\/uploads\/2026\/03\/impacto-en-la-formula-1-el-jefe-de-mercedes-toto-wolff-buscaria-comprar-alpine-y-generar-una-nueva-alianza-2.jpg\" alt=\"Wolff le ganar\u00eda la pulseada a Horner para quedarse con una parte de Alpine\" height=\"1080\" width=\"1920\"\/><\/p>\n<p>Adem\u00e1s, indicaron que \u201ccualquier negociaci\u00f3n no es asunto del equipo, sino entre los accionistas y las partes que expresan inter\u00e9s. El enfoque principal es la tarea inmediata, que es el inicio de la temporada de carreras y lograr una recuperaci\u00f3n sostenida del rendimiento en pista\u201d.<\/p>\n<p>Esta movida estrat\u00e9gica de Wolf y Mercedes se produce en medio de la intenci\u00f3n de Horner, despedido de Red Bull durante el verano europeo pasado tras dos d\u00e9cadas en el cargo, de regresar a la F\u00f3rmula 1. El brit\u00e1nico, de 52 a\u00f1os, confirm\u00f3 el mes pasado que siente tener <span class=\"waslinkname\"><b>\u201casuntos pendientes\u201d<\/b><\/span> con el deporte, pero matiz\u00f3 que solo contemplar\u00eda una vuelta en calidad de socio, no como directivo contratado.<\/p>\n<p>Durante la temporada 2025, el ex director del equipo de la bebida energizante tambi\u00e9n <b>fue vinculado con posibles desembarcos en Aston Martin, Ferrari y Haas<\/b>. De estos, la opci\u00f3n del equipo que tiene como due\u00f1o al multimillonario <b>Lawrence Stroll <\/b>ganar\u00eda peso tras el mal inicio de temporada del equipo y el debate interno sobre la futura estructura de su direcci\u00f3n, en la que el actual director de equipo, <b>Adrian Newey<\/b>, podr\u00eda reorganizar su funci\u00f3n si se suma un director general.<\/p>\n<p>Los antecedentes entre Horner y Newey a\u00f1aden complejidad a cualquier futuro reencuentro profesional. Tras trabajar juntos durante 20 a\u00f1os, Newey abandon\u00f3 Red Bull en 2024 en el contexto del esc\u00e1ndalo que involucr\u00f3 a Horner con mensajes de \u201ccontenido inapropiado\u201d. El brit\u00e1nio fue finalmente absuelto dos veces de trato indebido hacia una empleada y, seg\u00fan los t\u00e9rminos de su salida, est\u00e1 habilitado para regresar al paddock de la F\u00f3rmula 1.<\/p>\n<p>Entre los inversores de renombre de Otro Capital, el grupo que podr\u00eda desprenderse de su participaci\u00f3n en Alpine, figuran personalidades como <b>Anthony Joshua, Rory McIlroy y Trent Alexander-Arnold<\/b>. Hasta el momento, Otro Capital declin\u00f3 comentar sobre la posible oferta de Mercedes.<\/p>\n","protected":false},"excerpt":{"rendered":"<p>El d\u00eda despu\u00e9s del primer Gran Premio de la F\u00f3rmula 1 en este 2026, una noticia sacudi\u00f3 el paddock de la M\u00e1xima tras la competencia en Australia que tuvo como ganador a George Russell a bordo de su Mercedes. Justamente, la posible compra de una participaci\u00f3n del 24 por ciento en el equipo Alpine por&#8230;<\/p>\n","protected":false},"author":1,"featured_media":0,"comment_status":"open","ping_status":"closed","sticky":false,"template":"","format":"standard","meta":{"_jetpack_memberships_contains_paid_content":false,"footnotes":""},"categories":[30],"tags":[39],"class_list":["post-31325","post","type-post","status-publish","format-standard","hentry","category-argentina","tag-deportes"],"magazineBlocksPostFeaturedMedia":{"thumbnail":false,"medium":false,"medium_large":false,"large":false,"1536x1536":false,"2048x2048":false,"newsmatic-featured":false,"newsmatic-list":false,"newsmatic-thumb":false,"newsmatic-small":false,"newsmatic-grid":false},"magazineBlocksPostAuthor":{"name":"admin","avatar":"https:\/\/secure.gravatar.com\/avatar\/76e419471a2083bc3ceab22a763dbbf9b0c1bd15a6214cf3280e2c2dde4580f9?s=96&d=mm&r=g"},"magazineBlocksPostCommentsNumber":"0","magazineBlocksPostExcerpt":"El d\u00eda despu\u00e9s del primer Gran Premio de la F\u00f3rmula 1 en este 2026, una noticia sacudi\u00f3 el paddock de la M\u00e1xima tras la competencia en Australia que tuvo como ganador a George Russell a bordo de su Mercedes. Justamente, la posible compra de una participaci\u00f3n del 24 por ciento en el equipo Alpine por...","magazineBlocksPostCategories":["Argentina"],"magazineBlocksPostViewCount":87,"magazineBlocksPostReadTime":6,"magazine_blocks_featured_image_url":{"full":false,"medium":false,"thumbnail":false},"magazine_blocks_author":{"display_name":"admin","author_link":"https:\/\/lobosnews.com.ar\/index.php\/author\/lobos-news\/"},"magazine_blocks_comment":0,"magazine_blocks_author_image":"https:\/\/secure.gravatar.com\/avatar\/76e419471a2083bc3ceab22a763dbbf9b0c1bd15a6214cf3280e2c2dde4580f9?s=96&d=mm&r=g","magazine_blocks_category":"<a href=\"#\" class=\"category-link category-link-30\">Argentina<\/a>","yoast_head":"<!-- This site is optimized with the Yoast SEO plugin v26.6 - https:\/\/yoast.com\/wordpress\/plugins\/seo\/ -->\n<title>Impacto en la F\u00f3rmula 1: el jefe de Mercedes Toto Wolff buscar\u00eda comprar Alpine y generar una nueva alianza - Lobos News<\/title>\n<meta name=\"robots\" content=\"index, follow, max-snippet:-1, max-image-preview:large, max-video-preview:-1\" \/>\n<link rel=\"canonical\" href=\"https:\/\/lobosnews.com.ar\/index.php\/2026\/03\/09\/impacto-en-la-formula-1-el-jefe-de-mercedes-toto-wolff-buscaria-comprar-alpine-y-generar-una-nueva-alianza\/\" \/>\n<meta property=\"og:locale\" content=\"es_ES\" \/>\n<meta property=\"og:type\" content=\"article\" \/>\n<meta property=\"og:title\" content=\"Impacto en la F\u00f3rmula 1: el jefe de Mercedes Toto Wolff buscar\u00eda comprar Alpine y generar una nueva alianza - Lobos News\" \/>\n<meta property=\"og:description\" content=\"El d\u00eda despu\u00e9s del primer Gran Premio de la F\u00f3rmula 1 en este 2026, una noticia sacudi\u00f3 el paddock de la M\u00e1xima tras la competencia en Australia que tuvo como ganador a George Russell a bordo de su Mercedes. Justamente, la posible compra de una participaci\u00f3n del 24 por ciento en el equipo Alpine por...\" \/>\n<meta property=\"og:url\" content=\"https:\/\/lobosnews.com.ar\/index.php\/2026\/03\/09\/impacto-en-la-formula-1-el-jefe-de-mercedes-toto-wolff-buscaria-comprar-alpine-y-generar-una-nueva-alianza\/\" \/>\n<meta property=\"og:site_name\" content=\"Lobos News\" \/>\n<meta property=\"article:published_time\" content=\"2026-03-09T16:42:47+00:00\" \/>\n<meta property=\"article:modified_time\" content=\"2026-03-09T20:33:13+00:00\" \/>\n<meta property=\"og:image\" content=\"https:\/\/lobosnews.com.ar\/wp-content\/uploads\/2026\/03\/impacto-en-la-formula-1-el-jefe-de-mercedes-toto-wolff-buscaria-comprar-alpine-y-generar-una-nueva-alianza.jpg\" \/>\n<meta name=\"author\" content=\"admin\" \/>\n<meta name=\"twitter:card\" content=\"summary_large_image\" \/>\n<meta name=\"twitter:label1\" content=\"Escrito por\" \/>\n\t<meta name=\"twitter:data1\" content=\"admin\" \/>\n\t<meta name=\"twitter:label2\" content=\"Tiempo de lectura\" \/>\n\t<meta name=\"twitter:data2\" content=\"5 minutos\" \/>\n<script type=\"application\/ld+json\" class=\"yoast-schema-graph\">{\"@context\":\"https:\/\/schema.org\",\"@graph\":[{\"@type\":\"Article\",\"@id\":\"https:\/\/lobosnews.com.ar\/index.php\/2026\/03\/09\/impacto-en-la-formula-1-el-jefe-de-mercedes-toto-wolff-buscaria-comprar-alpine-y-generar-una-nueva-alianza\/#article\",\"isPartOf\":{\"@id\":\"https:\/\/lobosnews.com.ar\/index.php\/2026\/03\/09\/impacto-en-la-formula-1-el-jefe-de-mercedes-toto-wolff-buscaria-comprar-alpine-y-generar-una-nueva-alianza\/\"},\"author\":{\"name\":\"admin\",\"@id\":\"https:\/\/lobosnews.com.ar\/#\/schema\/person\/232422a593d5c541dd9aef6aaed10943\"},\"headline\":\"Impacto en la F\u00f3rmula 1: el jefe de Mercedes Toto Wolff buscar\u00eda comprar Alpine y generar una nueva alianza\",\"datePublished\":\"2026-03-09T16:42:47+00:00\",\"dateModified\":\"2026-03-09T20:33:13+00:00\",\"mainEntityOfPage\":{\"@id\":\"https:\/\/lobosnews.com.ar\/index.php\/2026\/03\/09\/impacto-en-la-formula-1-el-jefe-de-mercedes-toto-wolff-buscaria-comprar-alpine-y-generar-una-nueva-alianza\/\"},\"wordCount\":1044,\"commentCount\":0,\"publisher\":{\"@id\":\"https:\/\/lobosnews.com.ar\/#organization\"},\"image\":{\"@id\":\"https:\/\/lobosnews.com.ar\/index.php\/2026\/03\/09\/impacto-en-la-formula-1-el-jefe-de-mercedes-toto-wolff-buscaria-comprar-alpine-y-generar-una-nueva-alianza\/#primaryimage\"},\"thumbnailUrl\":\"https:\/\/lobosnews.com.ar\/wp-content\/uploads\/2026\/03\/impacto-en-la-formula-1-el-jefe-de-mercedes-toto-wolff-buscaria-comprar-alpine-y-generar-una-nueva-alianza.jpg\",\"keywords\":[\"Deportes\"],\"articleSection\":[\"Argentina\"],\"inLanguage\":\"es\",\"potentialAction\":[{\"@type\":\"CommentAction\",\"name\":\"Comment\",\"target\":[\"https:\/\/lobosnews.com.ar\/index.php\/2026\/03\/09\/impacto-en-la-formula-1-el-jefe-de-mercedes-toto-wolff-buscaria-comprar-alpine-y-generar-una-nueva-alianza\/#respond\"]}]},{\"@type\":\"WebPage\",\"@id\":\"https:\/\/lobosnews.com.ar\/index.php\/2026\/03\/09\/impacto-en-la-formula-1-el-jefe-de-mercedes-toto-wolff-buscaria-comprar-alpine-y-generar-una-nueva-alianza\/\",\"url\":\"https:\/\/lobosnews.com.ar\/index.php\/2026\/03\/09\/impacto-en-la-formula-1-el-jefe-de-mercedes-toto-wolff-buscaria-comprar-alpine-y-generar-una-nueva-alianza\/\",\"name\":\"Impacto en la F\u00f3rmula 1: el jefe de Mercedes Toto Wolff buscar\u00eda comprar Alpine y generar una nueva alianza - Lobos News\",\"isPartOf\":{\"@id\":\"https:\/\/lobosnews.com.ar\/#website\"},\"primaryImageOfPage\":{\"@id\":\"https:\/\/lobosnews.com.ar\/index.php\/2026\/03\/09\/impacto-en-la-formula-1-el-jefe-de-mercedes-toto-wolff-buscaria-comprar-alpine-y-generar-una-nueva-alianza\/#primaryimage\"},\"image\":{\"@id\":\"https:\/\/lobosnews.com.ar\/index.php\/2026\/03\/09\/impacto-en-la-formula-1-el-jefe-de-mercedes-toto-wolff-buscaria-comprar-alpine-y-generar-una-nueva-alianza\/#primaryimage\"},\"thumbnailUrl\":\"https:\/\/lobosnews.com.ar\/wp-content\/uploads\/2026\/03\/impacto-en-la-formula-1-el-jefe-de-mercedes-toto-wolff-buscaria-comprar-alpine-y-generar-una-nueva-alianza.jpg\",\"datePublished\":\"2026-03-09T16:42:47+00:00\",\"dateModified\":\"2026-03-09T20:33:13+00:00\",\"breadcrumb\":{\"@id\":\"https:\/\/lobosnews.com.ar\/index.php\/2026\/03\/09\/impacto-en-la-formula-1-el-jefe-de-mercedes-toto-wolff-buscaria-comprar-alpine-y-generar-una-nueva-alianza\/#breadcrumb\"},\"inLanguage\":\"es\",\"potentialAction\":[{\"@type\":\"ReadAction\",\"target\":[\"https:\/\/lobosnews.com.ar\/index.php\/2026\/03\/09\/impacto-en-la-formula-1-el-jefe-de-mercedes-toto-wolff-buscaria-comprar-alpine-y-generar-una-nueva-alianza\/\"]}]},{\"@type\":\"ImageObject\",\"inLanguage\":\"es\",\"@id\":\"https:\/\/lobosnews.com.ar\/index.php\/2026\/03\/09\/impacto-en-la-formula-1-el-jefe-de-mercedes-toto-wolff-buscaria-comprar-alpine-y-generar-una-nueva-alianza\/#primaryimage\",\"url\":\"https:\/\/lobosnews.com.ar\/wp-content\/uploads\/2026\/03\/impacto-en-la-formula-1-el-jefe-de-mercedes-toto-wolff-buscaria-comprar-alpine-y-generar-una-nueva-alianza.jpg\",\"contentUrl\":\"https:\/\/lobosnews.com.ar\/wp-content\/uploads\/2026\/03\/impacto-en-la-formula-1-el-jefe-de-mercedes-toto-wolff-buscaria-comprar-alpine-y-generar-una-nueva-alianza.jpg\"},{\"@type\":\"BreadcrumbList\",\"@id\":\"https:\/\/lobosnews.com.ar\/index.php\/2026\/03\/09\/impacto-en-la-formula-1-el-jefe-de-mercedes-toto-wolff-buscaria-comprar-alpine-y-generar-una-nueva-alianza\/#breadcrumb\",\"itemListElement\":[{\"@type\":\"ListItem\",\"position\":1,\"name\":\"Portada\",\"item\":\"https:\/\/lobosnews.com.ar\/\"},{\"@type\":\"ListItem\",\"position\":2,\"name\":\"Impacto en la F\u00f3rmula 1: el jefe de Mercedes Toto Wolff buscar\u00eda comprar Alpine y generar una nueva alianza\"}]},{\"@type\":\"WebSite\",\"@id\":\"https:\/\/lobosnews.com.ar\/#website\",\"url\":\"https:\/\/lobosnews.com.ar\/\",\"name\":\"Lobos News\",\"description\":\"Informaci\u00f3n a cada instante\",\"publisher\":{\"@id\":\"https:\/\/lobosnews.com.ar\/#organization\"},\"potentialAction\":[{\"@type\":\"SearchAction\",\"target\":{\"@type\":\"EntryPoint\",\"urlTemplate\":\"https:\/\/lobosnews.com.ar\/?s={search_term_string}\"},\"query-input\":{\"@type\":\"PropertyValueSpecification\",\"valueRequired\":true,\"valueName\":\"search_term_string\"}}],\"inLanguage\":\"es\"},{\"@type\":\"Organization\",\"@id\":\"https:\/\/lobosnews.com.ar\/#organization\",\"name\":\"Lobos News\",\"url\":\"https:\/\/lobosnews.com.ar\/\",\"logo\":{\"@type\":\"ImageObject\",\"inLanguage\":\"es\",\"@id\":\"https:\/\/lobosnews.com.ar\/#\/schema\/logo\/image\/\",\"url\":\"https:\/\/lobosnews.com.ar\/wp-content\/uploads\/2026\/01\/logo-lobosnews.png\",\"contentUrl\":\"https:\/\/lobosnews.com.ar\/wp-content\/uploads\/2026\/01\/logo-lobosnews.png\",\"width\":500,\"height\":200,\"caption\":\"Lobos News\"},\"image\":{\"@id\":\"https:\/\/lobosnews.com.ar\/#\/schema\/logo\/image\/\"}},{\"@type\":\"Person\",\"@id\":\"https:\/\/lobosnews.com.ar\/#\/schema\/person\/232422a593d5c541dd9aef6aaed10943\",\"name\":\"admin\",\"image\":{\"@type\":\"ImageObject\",\"inLanguage\":\"es\",\"@id\":\"https:\/\/lobosnews.com.ar\/#\/schema\/person\/image\/\",\"url\":\"https:\/\/secure.gravatar.com\/avatar\/76e419471a2083bc3ceab22a763dbbf9b0c1bd15a6214cf3280e2c2dde4580f9?s=96&d=mm&r=g\",\"contentUrl\":\"https:\/\/secure.gravatar.com\/avatar\/76e419471a2083bc3ceab22a763dbbf9b0c1bd15a6214cf3280e2c2dde4580f9?s=96&d=mm&r=g\",\"caption\":\"admin\"},\"sameAs\":[\"https:\/\/lobosnews.com.ar\"],\"url\":\"https:\/\/lobosnews.com.ar\/index.php\/author\/lobos-news\/\"}]}<\/script>\n<!-- \/ Yoast SEO plugin. -->","yoast_head_json":{"title":"Impacto en la F\u00f3rmula 1: el jefe de Mercedes Toto Wolff buscar\u00eda comprar Alpine y generar una nueva alianza - Lobos News","robots":{"index":"index","follow":"follow","max-snippet":"max-snippet:-1","max-image-preview":"max-image-preview:large","max-video-preview":"max-video-preview:-1"},"canonical":"https:\/\/lobosnews.com.ar\/index.php\/2026\/03\/09\/impacto-en-la-formula-1-el-jefe-de-mercedes-toto-wolff-buscaria-comprar-alpine-y-generar-una-nueva-alianza\/","og_locale":"es_ES","og_type":"article","og_title":"Impacto en la F\u00f3rmula 1: el jefe de Mercedes Toto Wolff buscar\u00eda comprar Alpine y generar una nueva alianza - Lobos News","og_description":"El d\u00eda despu\u00e9s del primer Gran Premio de la F\u00f3rmula 1 en este 2026, una noticia sacudi\u00f3 el paddock de la M\u00e1xima tras la competencia en Australia que tuvo como ganador a George Russell a bordo de su Mercedes. Justamente, la posible compra de una participaci\u00f3n del 24 por ciento en el equipo Alpine por...","og_url":"https:\/\/lobosnews.com.ar\/index.php\/2026\/03\/09\/impacto-en-la-formula-1-el-jefe-de-mercedes-toto-wolff-buscaria-comprar-alpine-y-generar-una-nueva-alianza\/","og_site_name":"Lobos News","article_published_time":"2026-03-09T16:42:47+00:00","article_modified_time":"2026-03-09T20:33:13+00:00","og_image":[{"url":"https:\/\/lobosnews.com.ar\/wp-content\/uploads\/2026\/03\/impacto-en-la-formula-1-el-jefe-de-mercedes-toto-wolff-buscaria-comprar-alpine-y-generar-una-nueva-alianza.jpg","type":"","width":"","height":""}],"author":"admin","twitter_card":"summary_large_image","twitter_misc":{"Escrito por":"admin","Tiempo de lectura":"5 minutos"},"schema":{"@context":"https:\/\/schema.org","@graph":[{"@type":"Article","@id":"https:\/\/lobosnews.com.ar\/index.php\/2026\/03\/09\/impacto-en-la-formula-1-el-jefe-de-mercedes-toto-wolff-buscaria-comprar-alpine-y-generar-una-nueva-alianza\/#article","isPartOf":{"@id":"https:\/\/lobosnews.com.ar\/index.php\/2026\/03\/09\/impacto-en-la-formula-1-el-jefe-de-mercedes-toto-wolff-buscaria-comprar-alpine-y-generar-una-nueva-alianza\/"},"author":{"name":"admin","@id":"https:\/\/lobosnews.com.ar\/#\/schema\/person\/232422a593d5c541dd9aef6aaed10943"},"headline":"Impacto en la F\u00f3rmula 1: el jefe de Mercedes Toto Wolff buscar\u00eda comprar Alpine y generar una nueva alianza","datePublished":"2026-03-09T16:42:47+00:00","dateModified":"2026-03-09T20:33:13+00:00","mainEntityOfPage":{"@id":"https:\/\/lobosnews.com.ar\/index.php\/2026\/03\/09\/impacto-en-la-formula-1-el-jefe-de-mercedes-toto-wolff-buscaria-comprar-alpine-y-generar-una-nueva-alianza\/"},"wordCount":1044,"commentCount":0,"publisher":{"@id":"https:\/\/lobosnews.com.ar\/#organization"},"image":{"@id":"https:\/\/lobosnews.com.ar\/index.php\/2026\/03\/09\/impacto-en-la-formula-1-el-jefe-de-mercedes-toto-wolff-buscaria-comprar-alpine-y-generar-una-nueva-alianza\/#primaryimage"},"thumbnailUrl":"https:\/\/lobosnews.com.ar\/wp-content\/uploads\/2026\/03\/impacto-en-la-formula-1-el-jefe-de-mercedes-toto-wolff-buscaria-comprar-alpine-y-generar-una-nueva-alianza.jpg","keywords":["Deportes"],"articleSection":["Argentina"],"inLanguage":"es","potentialAction":[{"@type":"CommentAction","name":"Comment","target":["https:\/\/lobosnews.com.ar\/index.php\/2026\/03\/09\/impacto-en-la-formula-1-el-jefe-de-mercedes-toto-wolff-buscaria-comprar-alpine-y-generar-una-nueva-alianza\/#respond"]}]},{"@type":"WebPage","@id":"https:\/\/lobosnews.com.ar\/index.php\/2026\/03\/09\/impacto-en-la-formula-1-el-jefe-de-mercedes-toto-wolff-buscaria-comprar-alpine-y-generar-una-nueva-alianza\/","url":"https:\/\/lobosnews.com.ar\/index.php\/2026\/03\/09\/impacto-en-la-formula-1-el-jefe-de-mercedes-toto-wolff-buscaria-comprar-alpine-y-generar-una-nueva-alianza\/","name":"Impacto en la F\u00f3rmula 1: el jefe de Mercedes Toto Wolff buscar\u00eda comprar Alpine y generar una nueva alianza - Lobos News","isPartOf":{"@id":"https:\/\/lobosnews.com.ar\/#website"},"primaryImageOfPage":{"@id":"https:\/\/lobosnews.com.ar\/index.php\/2026\/03\/09\/impacto-en-la-formula-1-el-jefe-de-mercedes-toto-wolff-buscaria-comprar-alpine-y-generar-una-nueva-alianza\/#primaryimage"},"image":{"@id":"https:\/\/lobosnews.com.ar\/index.php\/2026\/03\/09\/impacto-en-la-formula-1-el-jefe-de-mercedes-toto-wolff-buscaria-comprar-alpine-y-generar-una-nueva-alianza\/#primaryimage"},"thumbnailUrl":"https:\/\/lobosnews.com.ar\/wp-content\/uploads\/2026\/03\/impacto-en-la-formula-1-el-jefe-de-mercedes-toto-wolff-buscaria-comprar-alpine-y-generar-una-nueva-alianza.jpg","datePublished":"2026-03-09T16:42:47+00:00","dateModified":"2026-03-09T20:33:13+00:00","breadcrumb":{"@id":"https:\/\/lobosnews.com.ar\/index.php\/2026\/03\/09\/impacto-en-la-formula-1-el-jefe-de-mercedes-toto-wolff-buscaria-comprar-alpine-y-generar-una-nueva-alianza\/#breadcrumb"},"inLanguage":"es","potentialAction":[{"@type":"ReadAction","target":["https:\/\/lobosnews.com.ar\/index.php\/2026\/03\/09\/impacto-en-la-formula-1-el-jefe-de-mercedes-toto-wolff-buscaria-comprar-alpine-y-generar-una-nueva-alianza\/"]}]},{"@type":"ImageObject","inLanguage":"es","@id":"https:\/\/lobosnews.com.ar\/index.php\/2026\/03\/09\/impacto-en-la-formula-1-el-jefe-de-mercedes-toto-wolff-buscaria-comprar-alpine-y-generar-una-nueva-alianza\/#primaryimage","url":"https:\/\/lobosnews.com.ar\/wp-content\/uploads\/2026\/03\/impacto-en-la-formula-1-el-jefe-de-mercedes-toto-wolff-buscaria-comprar-alpine-y-generar-una-nueva-alianza.jpg","contentUrl":"https:\/\/lobosnews.com.ar\/wp-content\/uploads\/2026\/03\/impacto-en-la-formula-1-el-jefe-de-mercedes-toto-wolff-buscaria-comprar-alpine-y-generar-una-nueva-alianza.jpg"},{"@type":"BreadcrumbList","@id":"https:\/\/lobosnews.com.ar\/index.php\/2026\/03\/09\/impacto-en-la-formula-1-el-jefe-de-mercedes-toto-wolff-buscaria-comprar-alpine-y-generar-una-nueva-alianza\/#breadcrumb","itemListElement":[{"@type":"ListItem","position":1,"name":"Portada","item":"https:\/\/lobosnews.com.ar\/"},{"@type":"ListItem","position":2,"name":"Impacto en la F\u00f3rmula 1: el jefe de Mercedes Toto Wolff buscar\u00eda comprar Alpine y generar una nueva alianza"}]},{"@type":"WebSite","@id":"https:\/\/lobosnews.com.ar\/#website","url":"https:\/\/lobosnews.com.ar\/","name":"Lobos News","description":"Informaci\u00f3n a cada instante","publisher":{"@id":"https:\/\/lobosnews.com.ar\/#organization"},"potentialAction":[{"@type":"SearchAction","target":{"@type":"EntryPoint","urlTemplate":"https:\/\/lobosnews.com.ar\/?s={search_term_string}"},"query-input":{"@type":"PropertyValueSpecification","valueRequired":true,"valueName":"search_term_string"}}],"inLanguage":"es"},{"@type":"Organization","@id":"https:\/\/lobosnews.com.ar\/#organization","name":"Lobos News","url":"https:\/\/lobosnews.com.ar\/","logo":{"@type":"ImageObject","inLanguage":"es","@id":"https:\/\/lobosnews.com.ar\/#\/schema\/logo\/image\/","url":"https:\/\/lobosnews.com.ar\/wp-content\/uploads\/2026\/01\/logo-lobosnews.png","contentUrl":"https:\/\/lobosnews.com.ar\/wp-content\/uploads\/2026\/01\/logo-lobosnews.png","width":500,"height":200,"caption":"Lobos News"},"image":{"@id":"https:\/\/lobosnews.com.ar\/#\/schema\/logo\/image\/"}},{"@type":"Person","@id":"https:\/\/lobosnews.com.ar\/#\/schema\/person\/232422a593d5c541dd9aef6aaed10943","name":"admin","image":{"@type":"ImageObject","inLanguage":"es","@id":"https:\/\/lobosnews.com.ar\/#\/schema\/person\/image\/","url":"https:\/\/secure.gravatar.com\/avatar\/76e419471a2083bc3ceab22a763dbbf9b0c1bd15a6214cf3280e2c2dde4580f9?s=96&d=mm&r=g","contentUrl":"https:\/\/secure.gravatar.com\/avatar\/76e419471a2083bc3ceab22a763dbbf9b0c1bd15a6214cf3280e2c2dde4580f9?s=96&d=mm&r=g","caption":"admin"},"sameAs":["https:\/\/lobosnews.com.ar"],"url":"https:\/\/lobosnews.com.ar\/index.php\/author\/lobos-news\/"}]}},"jetpack_featured_media_url":"","jetpack_sharing_enabled":true,"_links":{"self":[{"href":"https:\/\/lobosnews.com.ar\/index.php\/wp-json\/wp\/v2\/posts\/31325","targetHints":{"allow":["GET"]}}],"collection":[{"href":"https:\/\/lobosnews.com.ar\/index.php\/wp-json\/wp\/v2\/posts"}],"about":[{"href":"https:\/\/lobosnews.com.ar\/index.php\/wp-json\/wp\/v2\/types\/post"}],"author":[{"embeddable":true,"href":"https:\/\/lobosnews.com.ar\/index.php\/wp-json\/wp\/v2\/users\/1"}],"replies":[{"embeddable":true,"href":"https:\/\/lobosnews.com.ar\/index.php\/wp-json\/wp\/v2\/comments?post=31325"}],"version-history":[{"count":1,"href":"https:\/\/lobosnews.com.ar\/index.php\/wp-json\/wp\/v2\/posts\/31325\/revisions"}],"predecessor-version":[{"id":31329,"href":"https:\/\/lobosnews.com.ar\/index.php\/wp-json\/wp\/v2\/posts\/31325\/revisions\/31329"}],"wp:attachment":[{"href":"https:\/\/lobosnews.com.ar\/index.php\/wp-json\/wp\/v2\/media?parent=31325"}],"wp:term":[{"taxonomy":"category","embeddable":true,"href":"https:\/\/lobosnews.com.ar\/index.php\/wp-json\/wp\/v2\/categories?post=31325"},{"taxonomy":"post_tag","embeddable":true,"href":"https:\/\/lobosnews.com.ar\/index.php\/wp-json\/wp\/v2\/tags?post=31325"}],"curies":[{"name":"wp","href":"https:\/\/api.w.org\/{rel}","templated":true}]}}