{"id":31303,"date":"2026-03-09T16:41:36","date_gmt":"2026-03-09T16:41:36","guid":{"rendered":"https:\/\/lobosnews.com.ar\/index.php\/2026\/03\/09\/entre-rios-condenaron-al-exfuncionario-que-mato-en-un-accidente-de-transito-a-4-trabajadores\/"},"modified":"2026-03-09T18:06:55","modified_gmt":"2026-03-09T18:06:55","slug":"entre-rios-condenaron-al-exfuncionario-que-mato-en-un-accidente-de-transito-a-4-trabajadores","status":"publish","type":"post","link":"https:\/\/lobosnews.com.ar\/index.php\/2026\/03\/09\/entre-rios-condenaron-al-exfuncionario-que-mato-en-un-accidente-de-transito-a-4-trabajadores\/","title":{"rendered":"Entre R\u00edos: condenaron al exfuncionario que mat\u00f3 en un accidente de tr\u00e1nsito a 4 trabajadores"},"content":{"rendered":"<p><img loading=\"lazy\" decoding=\"async\" src=\"https:\/\/lobosnews.com.ar\/wp-content\/uploads\/2026\/03\/entre-rios-condenaron-al-exfuncionario-que-mato-en-un-accidente-de-transito-a-4-trabajadores.jpg\" alt=\"\" height=\"1080\" width=\"1920\"\/><\/p>\n<p><span class=\"waslinkname\"><i><b>Juan Ruiz Orrico<\/b><\/i><\/span>, el exfuncionario entrerriano que mat\u00f3 en un accidente de tr\u00e1nsito a 4 trabajadores, fue condenado 5 a\u00f1os y 8 meses. Sin embargo, seguir\u00e1 libre, al menos, hasta que la sentencia de primera instancia quede firme. La pena que se le impuso incluye la inhabilitaci\u00f3n para conducir durante 9 a\u00f1os.<\/p>\n<p>El adelanto de la sentencia se dio a conocer este lunes por la ma\u00f1ana. El juez <b>Dar\u00edo Crespo<\/b> se tom\u00f3 casi dos horas para exponer el anticipo de los argumentos que lo llev\u00f3 a condenar a Orrico a una pena que est\u00e1 en el tope de la escala penal del <b>homicidio culposo<\/b>. Tuvo dos agravantes: la<b> cantidad de v\u00edctimas y el nivel de alcohol en sangre.<\/b><\/p>\n<p>Por su accionar, perdieron la vida los hermanos <b>Lucas y Brian Izaguirre<\/b>, de 26 y 32 a\u00f1os;<b> Leandro Almada<\/b> (33) y <b>Axel Rossi <\/b>(23). <\/p>\n<p><img loading=\"lazy\" decoding=\"async\" src=\"https:\/\/lobosnews.com.ar\/wp-content\/uploads\/2026\/03\/entre-rios-condenaron-al-exfuncionario-que-mato-en-un-accidente-de-transito-a-4-trabajadores-1.jpg\" alt=\"El exfuncionario de Entre R\u00edos Juan Ruiz Orrico fue condenado a 5 a\u00f1os y 8 meses de prisi\u00f3n en Entre R\u00edos ( Sabina Melchiori)\" height=\"900\" width=\"1600\"\/><\/p>\n<p>Mientras que Orrico no estuvo en la sala al momento de la lectura del fallo, las familias de las v\u00edctimas ocuparon lugares en el espacio reservado al p\u00fablico. Al terminar la exposici\u00f3n de la condena, hubo un fuerte y sentido aplauso. Algunos <b>se abrazaron entre ellos en medio de l\u00e1grimas y lamentos<\/b>.<\/p>\n<p>Las querellas que representaban a las cuatro v\u00edctimas hab\u00edan pedido 6 a\u00f1os. La Fiscal\u00eda, en tanto, consider\u00f3 algunas atenuantes y solicit\u00f3 5 a\u00f1os. La defensa no requiri\u00f3 ning\u00fan monto de sanci\u00f3n penal. Apunt\u00f3 a que Orrico <b>estaba padeciendo una pena natural por la profunda depresi\u00f3n<\/b> que le qued\u00f3 como consecuencia de haber provocado el incidente.<\/p>\n<p>En su razonamiento, el juez descart\u00f3 atenuantes que hab\u00eda planteado la defensa. Entre ellos, los abogados de Orrico argumentaron que <b>las v\u00edctimas no ten\u00edan cintur\u00f3n de seguridad.<\/b> Crespo, en cambio, sopes\u00f3 una pericia forense que sostuvo que, debido a la violencia del impacto, <b>la medida de seguridad hubiera sido in\u00fatil <\/b>y los j\u00f3venes habr\u00edan fallecido de igual modo.<\/p>\n<p>Crespo s\u00ed tuvo en cuenta que Orrico<b> no ten\u00eda antecedentes penales<\/b>, que reconoci\u00f3 su culpa, mostr\u00f3 arrepentimiento y <b>pidi\u00f3 perd\u00f3n a las familias de los j\u00f3venes fallecidos<\/b>. <\/p>\n<p><img loading=\"lazy\" decoding=\"async\" src=\"https:\/\/lobosnews.com.ar\/wp-content\/uploads\/2026\/03\/entre-rios-condenaron-al-exfuncionario-que-mato-en-un-accidente-de-transito-a-4-trabajadores-2.jpg\" alt=\"El exfuncionario de Entre R\u00edos Juan Ruiz Orrico en una de las audiencias del juicio\" height=\"800\" width=\"1200\"\/><\/p>\n<p>Aunque esa actitud gener\u00f3 revuelo durante las audiencias y provoc\u00f3 que los padres de las v\u00edctimas le recriminaran que hab\u00eda terminado con cuatro vidas j\u00f3venes, el magistrado consider\u00f3 que ameritaba reducirle cuatro meses el tope de la pena.<\/p>\n<p>Al mismo tiempo, Crespo rechaz\u00f3 el pedido de las querellas para que el acusado sea remitido de inmediato a una unidad penal. Difiri\u00f3 el cumplimiento de la condena que le impuso a que quedara firme en instancias posteriores. <\/p>\n<p>Orrico estuvo libre durante todo el proceso. Ahora continuar\u00e1 con <b>medidas de restricci\u00f3n<\/b> mientras su expediente sigue el camino de las apelaciones.<\/p>\n<p>La decisi\u00f3n caus\u00f3 malestar entre los allegados a las v\u00edctimas que denunciaron \u201cfavoritismo\u201d hacia el acusado. Adem\u00e1s de que era funcionario provincial al momento del choque, Orrico <b>hab\u00eda sido candidato a intendente del PRO<\/b> en Concepci\u00f3n del Uruguay. Tambi\u00e9n <b>era dirigente de la Sociedad Rural local.<\/b><\/p>\n<p>Pero la situaci\u00f3n que m\u00e1s suspicacias gener\u00f3 es que est\u00e1 casado con <b>Evangelina Bruzzo, <\/b>integrante de la C\u00e1mara de Casaci\u00f3n Penal de Concordia. Este tribunal es el \u00f3rgano de alzada del juzgado de Concepci\u00f3n que llev\u00f3 el caso y conden\u00f3 Orrico.<\/p>\n<h2>El caso<\/h2>\n<p>El 20 de junio de 2024 por la madrugada, Orrico, por ese entonces <b>director de Puertos de Entre R\u00edos<\/b>, marchaba en sentido este &#8211; oeste por la ruta provincial 39. Transitaba a bordo de un VW Passat que pertenec\u00eda al Gobierno provincial. <b>Volv\u00eda alcoholizado de una fiesta<\/b>. Las pericias mostraron que ten\u00eda <b>1,52 gr. de alcohol en sangre. <\/b><\/p>\n<p>Por el estado en el que conduc\u00eda <b>se cruz\u00f3 de carril<\/b>. Impact\u00f3 de lleno con el Corsa que circulaba en sentido contrario. <b>En este veh\u00edculo viajaban los j\u00f3venes<\/b>. Ellos se hab\u00edan levantado un tiempo antes y<b> marchaban rumbo al frigor\u00edfico donde todos trabajaban a cumplir su turno<\/b>. Iban tomando mate.<\/p>\n<p>El Corsa hab\u00eda partido desde Basavilbaso, una ciudad de 10 mil habitantes que supo ser un nudo ferroviario.<b> Su destino era el Frigor\u00edfico Fadel<\/b>, en Pronunciamiento. Ambas localidades est\u00e1n en la zona centro sur de la provincia separadas por unos 60 km.<\/p>\n<p>Por la contundencia del impacto, el veh\u00edculo en el que transitaban los trabajadores retrocedi\u00f3 casi 20 metros. <b>La velocidad del Passat no pudo ser establecida debido a que se rompi\u00f3 la computadora de abordo <\/b>que registra esos datos. Pero el veloc\u00edmetro hab\u00eda quedado clavado en 150 km\/h.<\/p>\n<p>A horas de que se produjera el accidente, el gobernador Rogelio Frigerio ech\u00f3 a Orrico del cargo que ocupaba.<\/p>\n","protected":false},"excerpt":{"rendered":"<p>Juan Ruiz Orrico, el exfuncionario entrerriano que mat\u00f3 en un accidente de tr\u00e1nsito a 4 trabajadores, fue condenado 5 a\u00f1os y 8 meses. Sin embargo, seguir\u00e1 libre, al menos, hasta que la sentencia de primera instancia quede firme. La pena que se le impuso incluye la inhabilitaci\u00f3n para conducir durante 9 a\u00f1os. El adelanto de&#8230;<\/p>\n","protected":false},"author":1,"featured_media":31308,"comment_status":"open","ping_status":"closed","sticky":false,"template":"","format":"standard","meta":{"_jetpack_memberships_contains_paid_content":false,"footnotes":""},"categories":[31,30,32,77,84,35,36,37],"tags":[],"class_list":["post-31303","post","type-post","status-publish","format-standard","has-post-thumbnail","hentry","category-actualidad","category-argentina","category-economia","category-inseguridad","category-masradios-com","category-nacionales","category-seguridad","category-sociedad"],"magazineBlocksPostFeaturedMedia":{"thumbnail":"https:\/\/lobosnews.com.ar\/wp-content\/uploads\/2026\/03\/entre-rios-condenaron-al-exfuncionario-que-mato-en-un-accidente-de-transito-a-4-trabajadores-4-150x150.jpg","medium":"https:\/\/lobosnews.com.ar\/wp-content\/uploads\/2026\/03\/entre-rios-condenaron-al-exfuncionario-que-mato-en-un-accidente-de-transito-a-4-trabajadores-4-300x200.jpg","medium_large":"https:\/\/lobosnews.com.ar\/wp-content\/uploads\/2026\/03\/entre-rios-condenaron-al-exfuncionario-que-mato-en-un-accidente-de-transito-a-4-trabajadores-4-768x512.jpg","large":"https:\/\/lobosnews.com.ar\/wp-content\/uploads\/2026\/03\/entre-rios-condenaron-al-exfuncionario-que-mato-en-un-accidente-de-transito-a-4-trabajadores-4-1024x683.jpg","1536x1536":"https:\/\/lobosnews.com.ar\/wp-content\/uploads\/2026\/03\/entre-rios-condenaron-al-exfuncionario-que-mato-en-un-accidente-de-transito-a-4-trabajadores-4.jpg","2048x2048":"https:\/\/lobosnews.com.ar\/wp-content\/uploads\/2026\/03\/entre-rios-condenaron-al-exfuncionario-que-mato-en-un-accidente-de-transito-a-4-trabajadores-4.jpg","newsmatic-featured":"https:\/\/lobosnews.com.ar\/wp-content\/uploads\/2026\/03\/entre-rios-condenaron-al-exfuncionario-que-mato-en-un-accidente-de-transito-a-4-trabajadores-4-820x545.jpg","newsmatic-list":"https:\/\/lobosnews.com.ar\/wp-content\/uploads\/2026\/03\/entre-rios-condenaron-al-exfuncionario-que-mato-en-un-accidente-de-transito-a-4-trabajadores-4-600x400.jpg","newsmatic-thumb":"https:\/\/lobosnews.com.ar\/wp-content\/uploads\/2026\/03\/entre-rios-condenaron-al-exfuncionario-que-mato-en-un-accidente-de-transito-a-4-trabajadores-4-300x200.jpg","newsmatic-small":"https:\/\/lobosnews.com.ar\/wp-content\/uploads\/2026\/03\/entre-rios-condenaron-al-exfuncionario-que-mato-en-un-accidente-de-transito-a-4-trabajadores-4-150x95.jpg","newsmatic-grid":"https:\/\/lobosnews.com.ar\/wp-content\/uploads\/2026\/03\/entre-rios-condenaron-al-exfuncionario-que-mato-en-un-accidente-de-transito-a-4-trabajadores-4-400x250.jpg"},"magazineBlocksPostAuthor":{"name":"admin","avatar":"https:\/\/secure.gravatar.com\/avatar\/76e419471a2083bc3ceab22a763dbbf9b0c1bd15a6214cf3280e2c2dde4580f9?s=96&d=mm&r=g"},"magazineBlocksPostCommentsNumber":"0","magazineBlocksPostExcerpt":"Juan Ruiz Orrico, el exfuncionario entrerriano que mat\u00f3 en un accidente de tr\u00e1nsito a 4 trabajadores, fue condenado 5 a\u00f1os y 8 meses. Sin embargo, seguir\u00e1 libre, al menos, hasta que la sentencia de primera instancia quede firme. La pena que se le impuso incluye la inhabilitaci\u00f3n para conducir durante 9 a\u00f1os. El adelanto de...","magazineBlocksPostCategories":["Actualidad","Argentina","econom\u00eda","inseguridad","masradios.com","nacionales","seguridad","sociedad"],"magazineBlocksPostViewCount":84,"magazineBlocksPostReadTime":4,"magazine_blocks_featured_image_url":{"full":["https:\/\/lobosnews.com.ar\/wp-content\/uploads\/2026\/03\/entre-rios-condenaron-al-exfuncionario-que-mato-en-un-accidente-de-transito-a-4-trabajadores-4.jpg",1200,800,false],"medium":["https:\/\/lobosnews.com.ar\/wp-content\/uploads\/2026\/03\/entre-rios-condenaron-al-exfuncionario-que-mato-en-un-accidente-de-transito-a-4-trabajadores-4-300x200.jpg",300,200,true],"thumbnail":["https:\/\/lobosnews.com.ar\/wp-content\/uploads\/2026\/03\/entre-rios-condenaron-al-exfuncionario-que-mato-en-un-accidente-de-transito-a-4-trabajadores-4-150x150.jpg",150,150,true]},"magazine_blocks_author":{"display_name":"admin","author_link":"https:\/\/lobosnews.com.ar\/index.php\/author\/lobos-news\/"},"magazine_blocks_comment":0,"magazine_blocks_author_image":"https:\/\/secure.gravatar.com\/avatar\/76e419471a2083bc3ceab22a763dbbf9b0c1bd15a6214cf3280e2c2dde4580f9?s=96&d=mm&r=g","magazine_blocks_category":"<a href=\"#\" class=\"category-link category-link-31\">Actualidad<\/a> <a href=\"#\" class=\"category-link category-link-30\">Argentina<\/a> <a href=\"#\" class=\"category-link category-link-32\">econom\u00eda<\/a> <a href=\"#\" class=\"category-link category-link-77\">inseguridad<\/a> <a href=\"#\" class=\"category-link category-link-84\">masradios.com<\/a> <a href=\"#\" class=\"category-link category-link-35\">nacionales<\/a> <a href=\"#\" class=\"category-link category-link-36\">seguridad<\/a> <a href=\"#\" class=\"category-link category-link-37\">sociedad<\/a>","yoast_head":"<!-- This site is optimized with the Yoast SEO plugin v26.6 - https:\/\/yoast.com\/wordpress\/plugins\/seo\/ -->\n<title>Entre R\u00edos: condenaron al exfuncionario que mat\u00f3 en un accidente de tr\u00e1nsito a 4 trabajadores - Lobos News<\/title>\n<meta name=\"robots\" content=\"index, follow, max-snippet:-1, max-image-preview:large, max-video-preview:-1\" \/>\n<link rel=\"canonical\" href=\"https:\/\/lobosnews.com.ar\/index.php\/2026\/03\/09\/entre-rios-condenaron-al-exfuncionario-que-mato-en-un-accidente-de-transito-a-4-trabajadores\/\" \/>\n<meta property=\"og:locale\" content=\"es_ES\" \/>\n<meta property=\"og:type\" content=\"article\" \/>\n<meta property=\"og:title\" content=\"Entre R\u00edos: condenaron al exfuncionario que mat\u00f3 en un accidente de tr\u00e1nsito a 4 trabajadores - Lobos News\" \/>\n<meta property=\"og:description\" content=\"Juan Ruiz Orrico, el exfuncionario entrerriano que mat\u00f3 en un accidente de tr\u00e1nsito a 4 trabajadores, fue condenado 5 a\u00f1os y 8 meses. Sin embargo, seguir\u00e1 libre, al menos, hasta que la sentencia de primera instancia quede firme. La pena que se le impuso incluye la inhabilitaci\u00f3n para conducir durante 9 a\u00f1os. El adelanto de...\" \/>\n<meta property=\"og:url\" content=\"https:\/\/lobosnews.com.ar\/index.php\/2026\/03\/09\/entre-rios-condenaron-al-exfuncionario-que-mato-en-un-accidente-de-transito-a-4-trabajadores\/\" \/>\n<meta property=\"og:site_name\" content=\"Lobos News\" \/>\n<meta property=\"article:published_time\" content=\"2026-03-09T16:41:36+00:00\" \/>\n<meta property=\"article:modified_time\" content=\"2026-03-09T18:06:55+00:00\" \/>\n<meta property=\"og:image\" content=\"https:\/\/lobosnews.com.ar\/wp-content\/uploads\/2026\/03\/entre-rios-condenaron-al-exfuncionario-que-mato-en-un-accidente-de-transito-a-4-trabajadores.jpg\" \/>\n<meta name=\"author\" content=\"admin\" \/>\n<meta name=\"twitter:card\" content=\"summary_large_image\" \/>\n<meta name=\"twitter:label1\" content=\"Escrito por\" \/>\n\t<meta name=\"twitter:data1\" content=\"admin\" \/>\n\t<meta name=\"twitter:label2\" content=\"Tiempo de lectura\" \/>\n\t<meta name=\"twitter:data2\" content=\"4 minutos\" \/>\n<script type=\"application\/ld+json\" class=\"yoast-schema-graph\">{\"@context\":\"https:\/\/schema.org\",\"@graph\":[{\"@type\":\"Article\",\"@id\":\"https:\/\/lobosnews.com.ar\/index.php\/2026\/03\/09\/entre-rios-condenaron-al-exfuncionario-que-mato-en-un-accidente-de-transito-a-4-trabajadores\/#article\",\"isPartOf\":{\"@id\":\"https:\/\/lobosnews.com.ar\/index.php\/2026\/03\/09\/entre-rios-condenaron-al-exfuncionario-que-mato-en-un-accidente-de-transito-a-4-trabajadores\/\"},\"author\":{\"name\":\"admin\",\"@id\":\"https:\/\/lobosnews.com.ar\/#\/schema\/person\/232422a593d5c541dd9aef6aaed10943\"},\"headline\":\"Entre R\u00edos: condenaron al exfuncionario que mat\u00f3 en un accidente de tr\u00e1nsito a 4 trabajadores\",\"datePublished\":\"2026-03-09T16:41:36+00:00\",\"dateModified\":\"2026-03-09T18:06:55+00:00\",\"mainEntityOfPage\":{\"@id\":\"https:\/\/lobosnews.com.ar\/index.php\/2026\/03\/09\/entre-rios-condenaron-al-exfuncionario-que-mato-en-un-accidente-de-transito-a-4-trabajadores\/\"},\"wordCount\":795,\"commentCount\":0,\"publisher\":{\"@id\":\"https:\/\/lobosnews.com.ar\/#organization\"},\"image\":{\"@id\":\"https:\/\/lobosnews.com.ar\/index.php\/2026\/03\/09\/entre-rios-condenaron-al-exfuncionario-que-mato-en-un-accidente-de-transito-a-4-trabajadores\/#primaryimage\"},\"thumbnailUrl\":\"https:\/\/lobosnews.com.ar\/wp-content\/uploads\/2026\/03\/entre-rios-condenaron-al-exfuncionario-que-mato-en-un-accidente-de-transito-a-4-trabajadores-4.jpg\",\"articleSection\":[\"Actualidad\",\"Argentina\",\"econom\u00eda\",\"inseguridad\",\"masradios.com\",\"nacionales\",\"seguridad\",\"sociedad\"],\"inLanguage\":\"es\",\"potentialAction\":[{\"@type\":\"CommentAction\",\"name\":\"Comment\",\"target\":[\"https:\/\/lobosnews.com.ar\/index.php\/2026\/03\/09\/entre-rios-condenaron-al-exfuncionario-que-mato-en-un-accidente-de-transito-a-4-trabajadores\/#respond\"]}]},{\"@type\":\"WebPage\",\"@id\":\"https:\/\/lobosnews.com.ar\/index.php\/2026\/03\/09\/entre-rios-condenaron-al-exfuncionario-que-mato-en-un-accidente-de-transito-a-4-trabajadores\/\",\"url\":\"https:\/\/lobosnews.com.ar\/index.php\/2026\/03\/09\/entre-rios-condenaron-al-exfuncionario-que-mato-en-un-accidente-de-transito-a-4-trabajadores\/\",\"name\":\"Entre R\u00edos: condenaron al exfuncionario que mat\u00f3 en un accidente de tr\u00e1nsito a 4 trabajadores - Lobos News\",\"isPartOf\":{\"@id\":\"https:\/\/lobosnews.com.ar\/#website\"},\"primaryImageOfPage\":{\"@id\":\"https:\/\/lobosnews.com.ar\/index.php\/2026\/03\/09\/entre-rios-condenaron-al-exfuncionario-que-mato-en-un-accidente-de-transito-a-4-trabajadores\/#primaryimage\"},\"image\":{\"@id\":\"https:\/\/lobosnews.com.ar\/index.php\/2026\/03\/09\/entre-rios-condenaron-al-exfuncionario-que-mato-en-un-accidente-de-transito-a-4-trabajadores\/#primaryimage\"},\"thumbnailUrl\":\"https:\/\/lobosnews.com.ar\/wp-content\/uploads\/2026\/03\/entre-rios-condenaron-al-exfuncionario-que-mato-en-un-accidente-de-transito-a-4-trabajadores-4.jpg\",\"datePublished\":\"2026-03-09T16:41:36+00:00\",\"dateModified\":\"2026-03-09T18:06:55+00:00\",\"breadcrumb\":{\"@id\":\"https:\/\/lobosnews.com.ar\/index.php\/2026\/03\/09\/entre-rios-condenaron-al-exfuncionario-que-mato-en-un-accidente-de-transito-a-4-trabajadores\/#breadcrumb\"},\"inLanguage\":\"es\",\"potentialAction\":[{\"@type\":\"ReadAction\",\"target\":[\"https:\/\/lobosnews.com.ar\/index.php\/2026\/03\/09\/entre-rios-condenaron-al-exfuncionario-que-mato-en-un-accidente-de-transito-a-4-trabajadores\/\"]}]},{\"@type\":\"ImageObject\",\"inLanguage\":\"es\",\"@id\":\"https:\/\/lobosnews.com.ar\/index.php\/2026\/03\/09\/entre-rios-condenaron-al-exfuncionario-que-mato-en-un-accidente-de-transito-a-4-trabajadores\/#primaryimage\",\"url\":\"https:\/\/lobosnews.com.ar\/wp-content\/uploads\/2026\/03\/entre-rios-condenaron-al-exfuncionario-que-mato-en-un-accidente-de-transito-a-4-trabajadores-4.jpg\",\"contentUrl\":\"https:\/\/lobosnews.com.ar\/wp-content\/uploads\/2026\/03\/entre-rios-condenaron-al-exfuncionario-que-mato-en-un-accidente-de-transito-a-4-trabajadores-4.jpg\",\"width\":1200,\"height\":800,\"caption\":\"Entre R\u00edos: condenaron al exfuncionario que mat\u00f3 en un accidente de tr\u00e1nsito a 4 trabajadores\"},{\"@type\":\"BreadcrumbList\",\"@id\":\"https:\/\/lobosnews.com.ar\/index.php\/2026\/03\/09\/entre-rios-condenaron-al-exfuncionario-que-mato-en-un-accidente-de-transito-a-4-trabajadores\/#breadcrumb\",\"itemListElement\":[{\"@type\":\"ListItem\",\"position\":1,\"name\":\"Portada\",\"item\":\"https:\/\/lobosnews.com.ar\/\"},{\"@type\":\"ListItem\",\"position\":2,\"name\":\"Entre R\u00edos: condenaron al exfuncionario que mat\u00f3 en un accidente de tr\u00e1nsito a 4 trabajadores\"}]},{\"@type\":\"WebSite\",\"@id\":\"https:\/\/lobosnews.com.ar\/#website\",\"url\":\"https:\/\/lobosnews.com.ar\/\",\"name\":\"Lobos News\",\"description\":\"Informaci\u00f3n a cada instante\",\"publisher\":{\"@id\":\"https:\/\/lobosnews.com.ar\/#organization\"},\"potentialAction\":[{\"@type\":\"SearchAction\",\"target\":{\"@type\":\"EntryPoint\",\"urlTemplate\":\"https:\/\/lobosnews.com.ar\/?s={search_term_string}\"},\"query-input\":{\"@type\":\"PropertyValueSpecification\",\"valueRequired\":true,\"valueName\":\"search_term_string\"}}],\"inLanguage\":\"es\"},{\"@type\":\"Organization\",\"@id\":\"https:\/\/lobosnews.com.ar\/#organization\",\"name\":\"Lobos News\",\"url\":\"https:\/\/lobosnews.com.ar\/\",\"logo\":{\"@type\":\"ImageObject\",\"inLanguage\":\"es\",\"@id\":\"https:\/\/lobosnews.com.ar\/#\/schema\/logo\/image\/\",\"url\":\"https:\/\/lobosnews.com.ar\/wp-content\/uploads\/2026\/01\/logo-lobosnews.png\",\"contentUrl\":\"https:\/\/lobosnews.com.ar\/wp-content\/uploads\/2026\/01\/logo-lobosnews.png\",\"width\":500,\"height\":200,\"caption\":\"Lobos News\"},\"image\":{\"@id\":\"https:\/\/lobosnews.com.ar\/#\/schema\/logo\/image\/\"}},{\"@type\":\"Person\",\"@id\":\"https:\/\/lobosnews.com.ar\/#\/schema\/person\/232422a593d5c541dd9aef6aaed10943\",\"name\":\"admin\",\"image\":{\"@type\":\"ImageObject\",\"inLanguage\":\"es\",\"@id\":\"https:\/\/lobosnews.com.ar\/#\/schema\/person\/image\/\",\"url\":\"https:\/\/secure.gravatar.com\/avatar\/76e419471a2083bc3ceab22a763dbbf9b0c1bd15a6214cf3280e2c2dde4580f9?s=96&d=mm&r=g\",\"contentUrl\":\"https:\/\/secure.gravatar.com\/avatar\/76e419471a2083bc3ceab22a763dbbf9b0c1bd15a6214cf3280e2c2dde4580f9?s=96&d=mm&r=g\",\"caption\":\"admin\"},\"sameAs\":[\"https:\/\/lobosnews.com.ar\"],\"url\":\"https:\/\/lobosnews.com.ar\/index.php\/author\/lobos-news\/\"}]}<\/script>\n<!-- \/ Yoast SEO plugin. -->","yoast_head_json":{"title":"Entre R\u00edos: condenaron al exfuncionario que mat\u00f3 en un accidente de tr\u00e1nsito a 4 trabajadores - Lobos News","robots":{"index":"index","follow":"follow","max-snippet":"max-snippet:-1","max-image-preview":"max-image-preview:large","max-video-preview":"max-video-preview:-1"},"canonical":"https:\/\/lobosnews.com.ar\/index.php\/2026\/03\/09\/entre-rios-condenaron-al-exfuncionario-que-mato-en-un-accidente-de-transito-a-4-trabajadores\/","og_locale":"es_ES","og_type":"article","og_title":"Entre R\u00edos: condenaron al exfuncionario que mat\u00f3 en un accidente de tr\u00e1nsito a 4 trabajadores - Lobos News","og_description":"Juan Ruiz Orrico, el exfuncionario entrerriano que mat\u00f3 en un accidente de tr\u00e1nsito a 4 trabajadores, fue condenado 5 a\u00f1os y 8 meses. Sin embargo, seguir\u00e1 libre, al menos, hasta que la sentencia de primera instancia quede firme. La pena que se le impuso incluye la inhabilitaci\u00f3n para conducir durante 9 a\u00f1os. El adelanto de...","og_url":"https:\/\/lobosnews.com.ar\/index.php\/2026\/03\/09\/entre-rios-condenaron-al-exfuncionario-que-mato-en-un-accidente-de-transito-a-4-trabajadores\/","og_site_name":"Lobos News","article_published_time":"2026-03-09T16:41:36+00:00","article_modified_time":"2026-03-09T18:06:55+00:00","og_image":[{"url":"https:\/\/lobosnews.com.ar\/wp-content\/uploads\/2026\/03\/entre-rios-condenaron-al-exfuncionario-que-mato-en-un-accidente-de-transito-a-4-trabajadores.jpg","type":"","width":"","height":""}],"author":"admin","twitter_card":"summary_large_image","twitter_misc":{"Escrito por":"admin","Tiempo de lectura":"4 minutos"},"schema":{"@context":"https:\/\/schema.org","@graph":[{"@type":"Article","@id":"https:\/\/lobosnews.com.ar\/index.php\/2026\/03\/09\/entre-rios-condenaron-al-exfuncionario-que-mato-en-un-accidente-de-transito-a-4-trabajadores\/#article","isPartOf":{"@id":"https:\/\/lobosnews.com.ar\/index.php\/2026\/03\/09\/entre-rios-condenaron-al-exfuncionario-que-mato-en-un-accidente-de-transito-a-4-trabajadores\/"},"author":{"name":"admin","@id":"https:\/\/lobosnews.com.ar\/#\/schema\/person\/232422a593d5c541dd9aef6aaed10943"},"headline":"Entre R\u00edos: condenaron al exfuncionario que mat\u00f3 en un accidente de tr\u00e1nsito a 4 trabajadores","datePublished":"2026-03-09T16:41:36+00:00","dateModified":"2026-03-09T18:06:55+00:00","mainEntityOfPage":{"@id":"https:\/\/lobosnews.com.ar\/index.php\/2026\/03\/09\/entre-rios-condenaron-al-exfuncionario-que-mato-en-un-accidente-de-transito-a-4-trabajadores\/"},"wordCount":795,"commentCount":0,"publisher":{"@id":"https:\/\/lobosnews.com.ar\/#organization"},"image":{"@id":"https:\/\/lobosnews.com.ar\/index.php\/2026\/03\/09\/entre-rios-condenaron-al-exfuncionario-que-mato-en-un-accidente-de-transito-a-4-trabajadores\/#primaryimage"},"thumbnailUrl":"https:\/\/lobosnews.com.ar\/wp-content\/uploads\/2026\/03\/entre-rios-condenaron-al-exfuncionario-que-mato-en-un-accidente-de-transito-a-4-trabajadores-4.jpg","articleSection":["Actualidad","Argentina","econom\u00eda","inseguridad","masradios.com","nacionales","seguridad","sociedad"],"inLanguage":"es","potentialAction":[{"@type":"CommentAction","name":"Comment","target":["https:\/\/lobosnews.com.ar\/index.php\/2026\/03\/09\/entre-rios-condenaron-al-exfuncionario-que-mato-en-un-accidente-de-transito-a-4-trabajadores\/#respond"]}]},{"@type":"WebPage","@id":"https:\/\/lobosnews.com.ar\/index.php\/2026\/03\/09\/entre-rios-condenaron-al-exfuncionario-que-mato-en-un-accidente-de-transito-a-4-trabajadores\/","url":"https:\/\/lobosnews.com.ar\/index.php\/2026\/03\/09\/entre-rios-condenaron-al-exfuncionario-que-mato-en-un-accidente-de-transito-a-4-trabajadores\/","name":"Entre R\u00edos: condenaron al exfuncionario que mat\u00f3 en un accidente de tr\u00e1nsito a 4 trabajadores - Lobos News","isPartOf":{"@id":"https:\/\/lobosnews.com.ar\/#website"},"primaryImageOfPage":{"@id":"https:\/\/lobosnews.com.ar\/index.php\/2026\/03\/09\/entre-rios-condenaron-al-exfuncionario-que-mato-en-un-accidente-de-transito-a-4-trabajadores\/#primaryimage"},"image":{"@id":"https:\/\/lobosnews.com.ar\/index.php\/2026\/03\/09\/entre-rios-condenaron-al-exfuncionario-que-mato-en-un-accidente-de-transito-a-4-trabajadores\/#primaryimage"},"thumbnailUrl":"https:\/\/lobosnews.com.ar\/wp-content\/uploads\/2026\/03\/entre-rios-condenaron-al-exfuncionario-que-mato-en-un-accidente-de-transito-a-4-trabajadores-4.jpg","datePublished":"2026-03-09T16:41:36+00:00","dateModified":"2026-03-09T18:06:55+00:00","breadcrumb":{"@id":"https:\/\/lobosnews.com.ar\/index.php\/2026\/03\/09\/entre-rios-condenaron-al-exfuncionario-que-mato-en-un-accidente-de-transito-a-4-trabajadores\/#breadcrumb"},"inLanguage":"es","potentialAction":[{"@type":"ReadAction","target":["https:\/\/lobosnews.com.ar\/index.php\/2026\/03\/09\/entre-rios-condenaron-al-exfuncionario-que-mato-en-un-accidente-de-transito-a-4-trabajadores\/"]}]},{"@type":"ImageObject","inLanguage":"es","@id":"https:\/\/lobosnews.com.ar\/index.php\/2026\/03\/09\/entre-rios-condenaron-al-exfuncionario-que-mato-en-un-accidente-de-transito-a-4-trabajadores\/#primaryimage","url":"https:\/\/lobosnews.com.ar\/wp-content\/uploads\/2026\/03\/entre-rios-condenaron-al-exfuncionario-que-mato-en-un-accidente-de-transito-a-4-trabajadores-4.jpg","contentUrl":"https:\/\/lobosnews.com.ar\/wp-content\/uploads\/2026\/03\/entre-rios-condenaron-al-exfuncionario-que-mato-en-un-accidente-de-transito-a-4-trabajadores-4.jpg","width":1200,"height":800,"caption":"Entre R\u00edos: condenaron al exfuncionario que mat\u00f3 en un accidente de tr\u00e1nsito a 4 trabajadores"},{"@type":"BreadcrumbList","@id":"https:\/\/lobosnews.com.ar\/index.php\/2026\/03\/09\/entre-rios-condenaron-al-exfuncionario-que-mato-en-un-accidente-de-transito-a-4-trabajadores\/#breadcrumb","itemListElement":[{"@type":"ListItem","position":1,"name":"Portada","item":"https:\/\/lobosnews.com.ar\/"},{"@type":"ListItem","position":2,"name":"Entre R\u00edos: condenaron al exfuncionario que mat\u00f3 en un accidente de tr\u00e1nsito a 4 trabajadores"}]},{"@type":"WebSite","@id":"https:\/\/lobosnews.com.ar\/#website","url":"https:\/\/lobosnews.com.ar\/","name":"Lobos News","description":"Informaci\u00f3n a cada instante","publisher":{"@id":"https:\/\/lobosnews.com.ar\/#organization"},"potentialAction":[{"@type":"SearchAction","target":{"@type":"EntryPoint","urlTemplate":"https:\/\/lobosnews.com.ar\/?s={search_term_string}"},"query-input":{"@type":"PropertyValueSpecification","valueRequired":true,"valueName":"search_term_string"}}],"inLanguage":"es"},{"@type":"Organization","@id":"https:\/\/lobosnews.com.ar\/#organization","name":"Lobos News","url":"https:\/\/lobosnews.com.ar\/","logo":{"@type":"ImageObject","inLanguage":"es","@id":"https:\/\/lobosnews.com.ar\/#\/schema\/logo\/image\/","url":"https:\/\/lobosnews.com.ar\/wp-content\/uploads\/2026\/01\/logo-lobosnews.png","contentUrl":"https:\/\/lobosnews.com.ar\/wp-content\/uploads\/2026\/01\/logo-lobosnews.png","width":500,"height":200,"caption":"Lobos News"},"image":{"@id":"https:\/\/lobosnews.com.ar\/#\/schema\/logo\/image\/"}},{"@type":"Person","@id":"https:\/\/lobosnews.com.ar\/#\/schema\/person\/232422a593d5c541dd9aef6aaed10943","name":"admin","image":{"@type":"ImageObject","inLanguage":"es","@id":"https:\/\/lobosnews.com.ar\/#\/schema\/person\/image\/","url":"https:\/\/secure.gravatar.com\/avatar\/76e419471a2083bc3ceab22a763dbbf9b0c1bd15a6214cf3280e2c2dde4580f9?s=96&d=mm&r=g","contentUrl":"https:\/\/secure.gravatar.com\/avatar\/76e419471a2083bc3ceab22a763dbbf9b0c1bd15a6214cf3280e2c2dde4580f9?s=96&d=mm&r=g","caption":"admin"},"sameAs":["https:\/\/lobosnews.com.ar"],"url":"https:\/\/lobosnews.com.ar\/index.php\/author\/lobos-news\/"}]}},"jetpack_featured_media_url":"https:\/\/lobosnews.com.ar\/wp-content\/uploads\/2026\/03\/entre-rios-condenaron-al-exfuncionario-que-mato-en-un-accidente-de-transito-a-4-trabajadores-4.jpg","jetpack_sharing_enabled":true,"_links":{"self":[{"href":"https:\/\/lobosnews.com.ar\/index.php\/wp-json\/wp\/v2\/posts\/31303","targetHints":{"allow":["GET"]}}],"collection":[{"href":"https:\/\/lobosnews.com.ar\/index.php\/wp-json\/wp\/v2\/posts"}],"about":[{"href":"https:\/\/lobosnews.com.ar\/index.php\/wp-json\/wp\/v2\/types\/post"}],"author":[{"embeddable":true,"href":"https:\/\/lobosnews.com.ar\/index.php\/wp-json\/wp\/v2\/users\/1"}],"replies":[{"embeddable":true,"href":"https:\/\/lobosnews.com.ar\/index.php\/wp-json\/wp\/v2\/comments?post=31303"}],"version-history":[{"count":1,"href":"https:\/\/lobosnews.com.ar\/index.php\/wp-json\/wp\/v2\/posts\/31303\/revisions"}],"predecessor-version":[{"id":31307,"href":"https:\/\/lobosnews.com.ar\/index.php\/wp-json\/wp\/v2\/posts\/31303\/revisions\/31307"}],"wp:featuredmedia":[{"embeddable":true,"href":"https:\/\/lobosnews.com.ar\/index.php\/wp-json\/wp\/v2\/media\/31308"}],"wp:attachment":[{"href":"https:\/\/lobosnews.com.ar\/index.php\/wp-json\/wp\/v2\/media?parent=31303"}],"wp:term":[{"taxonomy":"category","embeddable":true,"href":"https:\/\/lobosnews.com.ar\/index.php\/wp-json\/wp\/v2\/categories?post=31303"},{"taxonomy":"post_tag","embeddable":true,"href":"https:\/\/lobosnews.com.ar\/index.php\/wp-json\/wp\/v2\/tags?post=31303"}],"curies":[{"name":"wp","href":"https:\/\/api.w.org\/{rel}","templated":true}]}}