{"id":31215,"date":"2026-03-09T10:59:27","date_gmt":"2026-03-09T10:59:27","guid":{"rendered":"https:\/\/lobosnews.com.ar\/index.php\/2026\/03\/09\/jenny-mavinga-angustiada-tras-una-quemadura-en-gran-hermano-2026-ay-me-quemo-2\/"},"modified":"2026-03-09T14:51:30","modified_gmt":"2026-03-09T14:51:30","slug":"jenny-mavinga-angustiada-tras-una-quemadura-en-gran-hermano-2026-ay-me-quemo-2","status":"publish","type":"post","link":"https:\/\/lobosnews.com.ar\/index.php\/2026\/03\/09\/jenny-mavinga-angustiada-tras-una-quemadura-en-gran-hermano-2026-ay-me-quemo-2\/","title":{"rendered":"Jenny Mavinga angustiada tras una quemadura en Gran Hermano 2026: \u201c\u00a1Ay, me quem\u00f3!"},"content":{"rendered":"<p>Un <b>accidente en la cocina de Gran Hermano 2026<\/b> alarm\u00f3 el 8 de marzo a la casa del popular reality show, cuando <span class=\"waslinkname\"><b>Jenny Mavinga<\/b><\/span>, participante de origen congole\u00f1o, sufri\u00f3 una <b>quemadura<\/b> en la pierna al caerle agua caliente durante un saludo con un compa\u00f1ero.<\/p>\n<p>La participante result\u00f3 herida por el derrame accidental de agua caliente que le provoc\u00f3 dolor intenso y moviliz\u00f3 r\u00e1pidamente la asistencia de los dem\u00e1s integrantes. <b>El incidente llam\u00f3 la atenci\u00f3n de los televidentes y gener\u00f3 preocupaci\u00f3n por el bienestar de la participante.<\/b><\/p>\n<p><img fetchpriority=\"high\" decoding=\"async\" src=\"https:\/\/lobosnews.com.ar\/wp-content\/uploads\/2026\/03\/jenny-mavinga-angustiada-tras-una-quemadura-en-gran-hermano-2026-ay-me-quemo.jpg\" alt=\"Mavinga, participante de Gran Hermano, sufri\u00f3 un incidente y sus compa\u00f1eros reaccionan con asombro y preocupaci\u00f3n en un sal\u00f3n de la casa\" height=\"1080\" width=\"1920\"\/><\/p>\n<p>El accidente ocurri\u00f3 en la cocina de la casa, cuando Nazareno, con un termo en la mano, se inclin\u00f3 para saludar a Mavinga y volc\u00f3 parte del contenido sobre sus piernas. La reacci\u00f3n fue inmediata: Mavinga comenz\u00f3 a gritar y solicit\u00f3 ayuda de sus compa\u00f1eros.<\/p>\n<p><b>\u201c\u00a1Ay, me quem\u00f3! Dame hielo que me arde\u201d<\/b>, expres\u00f3 Mavinga, mientras intentaba calmar el dolor. Siguiendo las recomendaciones del grupo, corri\u00f3 a la pileta y sumergi\u00f3 la pierna en agua fr\u00eda como medida inicial.<\/p>\n<p><img loading=\"lazy\" decoding=\"async\" src=\"https:\/\/lobosnews.com.ar\/wp-content\/uploads\/2026\/03\/jenny-mavinga-angustiada-tras-una-quemadura-en-gran-hermano-2026-ay-me-quemo-2.jpg\" alt=\"Un accidente en la cocina de Gran Hermano 2026 involucr\u00f3 a Jenny Mavinga, quien sufri\u00f3 una quemadura por agua caliente\" height=\"1080\" width=\"1920\"\/><\/p>\n<p>Nazareno reconoci\u00f3 su responsabilidad frente a los dem\u00e1s: <b>\u201cFui yo cuando la salud\u00e9. Gir\u00e9 para saludarla y fue con el agua del mate, se me volc\u00f3 un poquito\u201d.<\/b> La evoluci\u00f3n posterior de Mavinga se mantuvo como motivo de atenci\u00f3n entre los compa\u00f1eros.<\/p>\n<h3>Qui\u00e9n es Jenny Mavinga y su mensaje en Gran Hermano 2026<\/h3>\n<p>La participaci\u00f3n de Jenny Mavinga en <span class=\"waslinkname\"><b>Gran Hermano: Generaci\u00f3n Dorada<\/b><\/span> introdujo, por primera vez en el ciclo, el relato crudo de una experiencia de secuestro y maltrato intrafamiliar durante su infancia en el <b>Congo<\/b>. <b>Mavinga, quien reside en Argentina desde los 17 a\u00f1os, utiliz\u00f3 su espacio en el reality para reconstruir las circunstancias que motivaron su ingreso al programa<\/b>: un proyecto habitacional personal que no consigui\u00f3 completar por falta de recursos, y para el cual defini\u00f3 el premio del reality como destino \u00fanico y expl\u00edcito. <\/p>\n<p><b>Cont\u00f3 sobre la muerte de su madre a los cuatro a\u00f1os, la ausencia de v\u00ednculos estables y el episodio de secuestro sufrido a los siete a\u00f1os por parte de una t\u00eda materna<\/b>, a quien acus\u00f3 de maltrato y violencia sistem\u00e1tica. Su huida de esta situaci\u00f3n, seg\u00fan narr\u00f3, ocurri\u00f3 cinco a\u00f1os despu\u00e9s. <\/p>\n<h3>La lucha por un lugar en el mundo<\/h3>\n<p><img loading=\"lazy\" decoding=\"async\" src=\"https:\/\/lobosnews.com.ar\/wp-content\/uploads\/2026\/03\/jenny-mavinga-angustiada-tras-una-quemadura-en-gran-hermano-2026-ay-me-quemo-4.jpg\" alt=\"La historia personal de Mavinga, marcada por la migraci\u00f3n y la adaptaci\u00f3n, la convirti\u00f3 en una de las figuras m\u00e1s reconocidas del reality\" height=\"2880\" width=\"1920\"\/><\/p>\n<p>Al emigrar al pa\u00eds, junto a su entonces esposo , consolid\u00f3 trece a\u00f1os de matrimonio y una familia, pese a la separaci\u00f3n posterior. <b>\u201cToda mi vida luch\u00e9 para cambiar mi historia, mostrar todo lo que quisieron poner fin. Solo Dios puede ponerme fin. Hasta que tenga las dos manos, los dos pies y los dos ojos, voy a seguir luchando por ser quien quiero ser\u201d<\/b>, afirm\u00f3 Mavinga.<\/p>\n<p>La particpante cont\u00f3 que comenz\u00f3 a trabajar como moza a los 15 a\u00f1os, en un entorno de violencia y discriminaci\u00f3n, hasta conseguir empleo en un restaurante franc\u00e9s, donde estableci\u00f3 el v\u00ednculo que luego la llevar\u00eda a migrar. <b>\u201cMe dieron trabajo porque yo era muy flaquita, pero con muchos melones\u2026 a los franceses les gustan flaquitas con tetas\u201d<\/b>, coment\u00f3 con iron\u00eda sobre las condiciones de trabajo.<\/p>\n<p><img loading=\"lazy\" decoding=\"async\" src=\"https:\/\/lobosnews.com.ar\/wp-content\/uploads\/2026\/03\/jenny-mavinga-angustiada-tras-una-quemadura-en-gran-hermano-2026-ay-me-quemo-7.jpg\" alt=\"Jenny Mavinga, de origen congole\u00f1o, es madre de dos hijas y se instal\u00f3 en La Plata tras llegar a Argentina hace 23 a\u00f1os\" height=\"2880\" width=\"1920\"\/><\/p>\n<p>Jenny <b>es madre, emprendedora en el rubro de peluquer\u00eda<\/b> y cuya motivaci\u00f3n principal es completar la construcci\u00f3n de su propia vivienda. Mavinga comparti\u00f3 un dato concreto sobre su situaci\u00f3n actual: compr\u00f3 un terreno y construy\u00f3 parcialmente su casa hace tres a\u00f1os, pero no pudo finalizar las habitaciones por falta de fondos; el living funciona hoy como dormitorio transitorio para ella y sus hijas. <b>\u201cMe voy a meter a Gran Hermano para tener mi habitaci\u00f3n con mi placard, mirar mis carteras y zapatos, y que mis hijas tengan su habitaci\u00f3n. As\u00ed que disculpen, pero voy a ganar\u201d<\/b>, declar\u00f3 ante el resto de los participantes y la audiencia.<\/p>\n","protected":false},"excerpt":{"rendered":"<p>Un accidente en la cocina de Gran Hermano 2026 alarm\u00f3 el 8 de marzo a la casa del popular reality show, cuando Jenny Mavinga, participante de origen congole\u00f1o, sufri\u00f3 una quemadura en la pierna al caerle agua caliente durante un saludo con un compa\u00f1ero. La participante result\u00f3 herida por el derrame accidental de agua caliente&#8230;<\/p>\n","protected":false},"author":1,"featured_media":31230,"comment_status":"open","ping_status":"closed","sticky":false,"template":"","format":"standard","meta":{"_jetpack_memberships_contains_paid_content":false,"footnotes":""},"categories":[79],"tags":[],"class_list":["post-31215","post","type-post","status-publish","format-standard","has-post-thumbnail","hentry","category-cine-y-series"],"magazineBlocksPostFeaturedMedia":{"thumbnail":"https:\/\/lobosnews.com.ar\/wp-content\/uploads\/2026\/03\/jenny-mavinga-angustiada-tras-una-quemadura-en-gran-hermano-2026-ay-me-quemo-18-150x150.jpg","medium":"https:\/\/lobosnews.com.ar\/wp-content\/uploads\/2026\/03\/jenny-mavinga-angustiada-tras-una-quemadura-en-gran-hermano-2026-ay-me-quemo-18-200x300.jpg","medium_large":"https:\/\/lobosnews.com.ar\/wp-content\/uploads\/2026\/03\/jenny-mavinga-angustiada-tras-una-quemadura-en-gran-hermano-2026-ay-me-quemo-18-768x1152.jpg","large":"https:\/\/lobosnews.com.ar\/wp-content\/uploads\/2026\/03\/jenny-mavinga-angustiada-tras-una-quemadura-en-gran-hermano-2026-ay-me-quemo-18-683x1024.jpg","1536x1536":"https:\/\/lobosnews.com.ar\/wp-content\/uploads\/2026\/03\/jenny-mavinga-angustiada-tras-una-quemadura-en-gran-hermano-2026-ay-me-quemo-18-1024x1536.jpg","2048x2048":"https:\/\/lobosnews.com.ar\/wp-content\/uploads\/2026\/03\/jenny-mavinga-angustiada-tras-una-quemadura-en-gran-hermano-2026-ay-me-quemo-18-1365x2048.jpg","newsmatic-featured":"https:\/\/lobosnews.com.ar\/wp-content\/uploads\/2026\/03\/jenny-mavinga-angustiada-tras-una-quemadura-en-gran-hermano-2026-ay-me-quemo-18-820x545.jpg","newsmatic-list":"https:\/\/lobosnews.com.ar\/wp-content\/uploads\/2026\/03\/jenny-mavinga-angustiada-tras-una-quemadura-en-gran-hermano-2026-ay-me-quemo-18-600x400.jpg","newsmatic-thumb":"https:\/\/lobosnews.com.ar\/wp-content\/uploads\/2026\/03\/jenny-mavinga-angustiada-tras-una-quemadura-en-gran-hermano-2026-ay-me-quemo-18-300x200.jpg","newsmatic-small":"https:\/\/lobosnews.com.ar\/wp-content\/uploads\/2026\/03\/jenny-mavinga-angustiada-tras-una-quemadura-en-gran-hermano-2026-ay-me-quemo-18-150x95.jpg","newsmatic-grid":"https:\/\/lobosnews.com.ar\/wp-content\/uploads\/2026\/03\/jenny-mavinga-angustiada-tras-una-quemadura-en-gran-hermano-2026-ay-me-quemo-18-400x250.jpg"},"magazineBlocksPostAuthor":{"name":"admin","avatar":"https:\/\/secure.gravatar.com\/avatar\/76e419471a2083bc3ceab22a763dbbf9b0c1bd15a6214cf3280e2c2dde4580f9?s=96&d=mm&r=g"},"magazineBlocksPostCommentsNumber":"0","magazineBlocksPostExcerpt":"Un accidente en la cocina de Gran Hermano 2026 alarm\u00f3 el 8 de marzo a la casa del popular reality show, cuando Jenny Mavinga, participante de origen congole\u00f1o, sufri\u00f3 una quemadura en la pierna al caerle agua caliente durante un saludo con un compa\u00f1ero. La participante result\u00f3 herida por el derrame accidental de agua caliente...","magazineBlocksPostCategories":["Cine y Series"],"magazineBlocksPostViewCount":82,"magazineBlocksPostReadTime":4,"magazine_blocks_featured_image_url":{"full":["https:\/\/lobosnews.com.ar\/wp-content\/uploads\/2026\/03\/jenny-mavinga-angustiada-tras-una-quemadura-en-gran-hermano-2026-ay-me-quemo-18-scaled.jpg",1707,2560,false],"medium":["https:\/\/lobosnews.com.ar\/wp-content\/uploads\/2026\/03\/jenny-mavinga-angustiada-tras-una-quemadura-en-gran-hermano-2026-ay-me-quemo-18-200x300.jpg",200,300,true],"thumbnail":["https:\/\/lobosnews.com.ar\/wp-content\/uploads\/2026\/03\/jenny-mavinga-angustiada-tras-una-quemadura-en-gran-hermano-2026-ay-me-quemo-18-150x150.jpg",150,150,true]},"magazine_blocks_author":{"display_name":"admin","author_link":"https:\/\/lobosnews.com.ar\/index.php\/author\/lobos-news\/"},"magazine_blocks_comment":0,"magazine_blocks_author_image":"https:\/\/secure.gravatar.com\/avatar\/76e419471a2083bc3ceab22a763dbbf9b0c1bd15a6214cf3280e2c2dde4580f9?s=96&d=mm&r=g","magazine_blocks_category":"<a href=\"#\" class=\"category-link category-link-79\">Cine y Series<\/a>","yoast_head":"<!-- This site is optimized with the Yoast SEO plugin v26.6 - https:\/\/yoast.com\/wordpress\/plugins\/seo\/ -->\n<title>Jenny Mavinga angustiada tras una quemadura en Gran Hermano 2026: \u201c\u00a1Ay, me quem\u00f3! - Lobos News<\/title>\n<meta name=\"robots\" content=\"index, follow, max-snippet:-1, max-image-preview:large, max-video-preview:-1\" \/>\n<link rel=\"canonical\" href=\"https:\/\/lobosnews.com.ar\/index.php\/2026\/03\/09\/jenny-mavinga-angustiada-tras-una-quemadura-en-gran-hermano-2026-ay-me-quemo-2\/\" \/>\n<meta property=\"og:locale\" content=\"es_ES\" \/>\n<meta property=\"og:type\" content=\"article\" \/>\n<meta property=\"og:title\" content=\"Jenny Mavinga angustiada tras una quemadura en Gran Hermano 2026: \u201c\u00a1Ay, me quem\u00f3! - Lobos News\" \/>\n<meta property=\"og:description\" content=\"Un accidente en la cocina de Gran Hermano 2026 alarm\u00f3 el 8 de marzo a la casa del popular reality show, cuando Jenny Mavinga, participante de origen congole\u00f1o, sufri\u00f3 una quemadura en la pierna al caerle agua caliente durante un saludo con un compa\u00f1ero. La participante result\u00f3 herida por el derrame accidental de agua caliente...\" \/>\n<meta property=\"og:url\" content=\"https:\/\/lobosnews.com.ar\/index.php\/2026\/03\/09\/jenny-mavinga-angustiada-tras-una-quemadura-en-gran-hermano-2026-ay-me-quemo-2\/\" \/>\n<meta property=\"og:site_name\" content=\"Lobos News\" \/>\n<meta property=\"article:published_time\" content=\"2026-03-09T10:59:27+00:00\" \/>\n<meta property=\"article:modified_time\" content=\"2026-03-09T14:51:30+00:00\" \/>\n<meta property=\"og:image\" content=\"https:\/\/lobosnews.com.ar\/wp-content\/uploads\/2026\/03\/jenny-mavinga-angustiada-tras-una-quemadura-en-gran-hermano-2026-ay-me-quemo.jpg\" \/>\n<meta name=\"author\" content=\"admin\" \/>\n<meta name=\"twitter:card\" content=\"summary_large_image\" \/>\n<meta name=\"twitter:label1\" content=\"Escrito por\" \/>\n\t<meta name=\"twitter:data1\" content=\"admin\" \/>\n\t<meta name=\"twitter:label2\" content=\"Tiempo de lectura\" \/>\n\t<meta name=\"twitter:data2\" content=\"3 minutos\" \/>\n<script type=\"application\/ld+json\" class=\"yoast-schema-graph\">{\"@context\":\"https:\/\/schema.org\",\"@graph\":[{\"@type\":\"Article\",\"@id\":\"https:\/\/lobosnews.com.ar\/index.php\/2026\/03\/09\/jenny-mavinga-angustiada-tras-una-quemadura-en-gran-hermano-2026-ay-me-quemo-2\/#article\",\"isPartOf\":{\"@id\":\"https:\/\/lobosnews.com.ar\/index.php\/2026\/03\/09\/jenny-mavinga-angustiada-tras-una-quemadura-en-gran-hermano-2026-ay-me-quemo-2\/\"},\"author\":{\"name\":\"admin\",\"@id\":\"https:\/\/lobosnews.com.ar\/#\/schema\/person\/232422a593d5c541dd9aef6aaed10943\"},\"headline\":\"Jenny Mavinga angustiada tras una quemadura en Gran Hermano 2026: \u201c\u00a1Ay, me quem\u00f3!\",\"datePublished\":\"2026-03-09T10:59:27+00:00\",\"dateModified\":\"2026-03-09T14:51:30+00:00\",\"mainEntityOfPage\":{\"@id\":\"https:\/\/lobosnews.com.ar\/index.php\/2026\/03\/09\/jenny-mavinga-angustiada-tras-una-quemadura-en-gran-hermano-2026-ay-me-quemo-2\/\"},\"wordCount\":649,\"commentCount\":0,\"publisher\":{\"@id\":\"https:\/\/lobosnews.com.ar\/#organization\"},\"image\":{\"@id\":\"https:\/\/lobosnews.com.ar\/index.php\/2026\/03\/09\/jenny-mavinga-angustiada-tras-una-quemadura-en-gran-hermano-2026-ay-me-quemo-2\/#primaryimage\"},\"thumbnailUrl\":\"https:\/\/lobosnews.com.ar\/wp-content\/uploads\/2026\/03\/jenny-mavinga-angustiada-tras-una-quemadura-en-gran-hermano-2026-ay-me-quemo-18-scaled.jpg\",\"articleSection\":[\"Cine y Series\"],\"inLanguage\":\"es\",\"potentialAction\":[{\"@type\":\"CommentAction\",\"name\":\"Comment\",\"target\":[\"https:\/\/lobosnews.com.ar\/index.php\/2026\/03\/09\/jenny-mavinga-angustiada-tras-una-quemadura-en-gran-hermano-2026-ay-me-quemo-2\/#respond\"]}]},{\"@type\":\"WebPage\",\"@id\":\"https:\/\/lobosnews.com.ar\/index.php\/2026\/03\/09\/jenny-mavinga-angustiada-tras-una-quemadura-en-gran-hermano-2026-ay-me-quemo-2\/\",\"url\":\"https:\/\/lobosnews.com.ar\/index.php\/2026\/03\/09\/jenny-mavinga-angustiada-tras-una-quemadura-en-gran-hermano-2026-ay-me-quemo-2\/\",\"name\":\"Jenny Mavinga angustiada tras una quemadura en Gran Hermano 2026: \u201c\u00a1Ay, me quem\u00f3! - Lobos News\",\"isPartOf\":{\"@id\":\"https:\/\/lobosnews.com.ar\/#website\"},\"primaryImageOfPage\":{\"@id\":\"https:\/\/lobosnews.com.ar\/index.php\/2026\/03\/09\/jenny-mavinga-angustiada-tras-una-quemadura-en-gran-hermano-2026-ay-me-quemo-2\/#primaryimage\"},\"image\":{\"@id\":\"https:\/\/lobosnews.com.ar\/index.php\/2026\/03\/09\/jenny-mavinga-angustiada-tras-una-quemadura-en-gran-hermano-2026-ay-me-quemo-2\/#primaryimage\"},\"thumbnailUrl\":\"https:\/\/lobosnews.com.ar\/wp-content\/uploads\/2026\/03\/jenny-mavinga-angustiada-tras-una-quemadura-en-gran-hermano-2026-ay-me-quemo-18-scaled.jpg\",\"datePublished\":\"2026-03-09T10:59:27+00:00\",\"dateModified\":\"2026-03-09T14:51:30+00:00\",\"breadcrumb\":{\"@id\":\"https:\/\/lobosnews.com.ar\/index.php\/2026\/03\/09\/jenny-mavinga-angustiada-tras-una-quemadura-en-gran-hermano-2026-ay-me-quemo-2\/#breadcrumb\"},\"inLanguage\":\"es\",\"potentialAction\":[{\"@type\":\"ReadAction\",\"target\":[\"https:\/\/lobosnews.com.ar\/index.php\/2026\/03\/09\/jenny-mavinga-angustiada-tras-una-quemadura-en-gran-hermano-2026-ay-me-quemo-2\/\"]}]},{\"@type\":\"ImageObject\",\"inLanguage\":\"es\",\"@id\":\"https:\/\/lobosnews.com.ar\/index.php\/2026\/03\/09\/jenny-mavinga-angustiada-tras-una-quemadura-en-gran-hermano-2026-ay-me-quemo-2\/#primaryimage\",\"url\":\"https:\/\/lobosnews.com.ar\/wp-content\/uploads\/2026\/03\/jenny-mavinga-angustiada-tras-una-quemadura-en-gran-hermano-2026-ay-me-quemo-18-scaled.jpg\",\"contentUrl\":\"https:\/\/lobosnews.com.ar\/wp-content\/uploads\/2026\/03\/jenny-mavinga-angustiada-tras-una-quemadura-en-gran-hermano-2026-ay-me-quemo-18-scaled.jpg\",\"width\":1707,\"height\":2560,\"caption\":\"Jenny Mavinga angustiada tras una quemadura en Gran Hermano 2026: \u201c\u00a1Ay, me quem\u00f3!\"},{\"@type\":\"BreadcrumbList\",\"@id\":\"https:\/\/lobosnews.com.ar\/index.php\/2026\/03\/09\/jenny-mavinga-angustiada-tras-una-quemadura-en-gran-hermano-2026-ay-me-quemo-2\/#breadcrumb\",\"itemListElement\":[{\"@type\":\"ListItem\",\"position\":1,\"name\":\"Portada\",\"item\":\"https:\/\/lobosnews.com.ar\/\"},{\"@type\":\"ListItem\",\"position\":2,\"name\":\"Jenny Mavinga angustiada tras una quemadura en Gran Hermano 2026: \u201c\u00a1Ay, me quem\u00f3!\"}]},{\"@type\":\"WebSite\",\"@id\":\"https:\/\/lobosnews.com.ar\/#website\",\"url\":\"https:\/\/lobosnews.com.ar\/\",\"name\":\"Lobos News\",\"description\":\"Informaci\u00f3n a cada instante\",\"publisher\":{\"@id\":\"https:\/\/lobosnews.com.ar\/#organization\"},\"potentialAction\":[{\"@type\":\"SearchAction\",\"target\":{\"@type\":\"EntryPoint\",\"urlTemplate\":\"https:\/\/lobosnews.com.ar\/?s={search_term_string}\"},\"query-input\":{\"@type\":\"PropertyValueSpecification\",\"valueRequired\":true,\"valueName\":\"search_term_string\"}}],\"inLanguage\":\"es\"},{\"@type\":\"Organization\",\"@id\":\"https:\/\/lobosnews.com.ar\/#organization\",\"name\":\"Lobos News\",\"url\":\"https:\/\/lobosnews.com.ar\/\",\"logo\":{\"@type\":\"ImageObject\",\"inLanguage\":\"es\",\"@id\":\"https:\/\/lobosnews.com.ar\/#\/schema\/logo\/image\/\",\"url\":\"https:\/\/lobosnews.com.ar\/wp-content\/uploads\/2026\/01\/logo-lobosnews.png\",\"contentUrl\":\"https:\/\/lobosnews.com.ar\/wp-content\/uploads\/2026\/01\/logo-lobosnews.png\",\"width\":500,\"height\":200,\"caption\":\"Lobos News\"},\"image\":{\"@id\":\"https:\/\/lobosnews.com.ar\/#\/schema\/logo\/image\/\"}},{\"@type\":\"Person\",\"@id\":\"https:\/\/lobosnews.com.ar\/#\/schema\/person\/232422a593d5c541dd9aef6aaed10943\",\"name\":\"admin\",\"image\":{\"@type\":\"ImageObject\",\"inLanguage\":\"es\",\"@id\":\"https:\/\/lobosnews.com.ar\/#\/schema\/person\/image\/\",\"url\":\"https:\/\/secure.gravatar.com\/avatar\/76e419471a2083bc3ceab22a763dbbf9b0c1bd15a6214cf3280e2c2dde4580f9?s=96&d=mm&r=g\",\"contentUrl\":\"https:\/\/secure.gravatar.com\/avatar\/76e419471a2083bc3ceab22a763dbbf9b0c1bd15a6214cf3280e2c2dde4580f9?s=96&d=mm&r=g\",\"caption\":\"admin\"},\"sameAs\":[\"https:\/\/lobosnews.com.ar\"],\"url\":\"https:\/\/lobosnews.com.ar\/index.php\/author\/lobos-news\/\"}]}<\/script>\n<!-- \/ Yoast SEO plugin. -->","yoast_head_json":{"title":"Jenny Mavinga angustiada tras una quemadura en Gran Hermano 2026: \u201c\u00a1Ay, me quem\u00f3! - Lobos News","robots":{"index":"index","follow":"follow","max-snippet":"max-snippet:-1","max-image-preview":"max-image-preview:large","max-video-preview":"max-video-preview:-1"},"canonical":"https:\/\/lobosnews.com.ar\/index.php\/2026\/03\/09\/jenny-mavinga-angustiada-tras-una-quemadura-en-gran-hermano-2026-ay-me-quemo-2\/","og_locale":"es_ES","og_type":"article","og_title":"Jenny Mavinga angustiada tras una quemadura en Gran Hermano 2026: \u201c\u00a1Ay, me quem\u00f3! - Lobos News","og_description":"Un accidente en la cocina de Gran Hermano 2026 alarm\u00f3 el 8 de marzo a la casa del popular reality show, cuando Jenny Mavinga, participante de origen congole\u00f1o, sufri\u00f3 una quemadura en la pierna al caerle agua caliente durante un saludo con un compa\u00f1ero. La participante result\u00f3 herida por el derrame accidental de agua caliente...","og_url":"https:\/\/lobosnews.com.ar\/index.php\/2026\/03\/09\/jenny-mavinga-angustiada-tras-una-quemadura-en-gran-hermano-2026-ay-me-quemo-2\/","og_site_name":"Lobos News","article_published_time":"2026-03-09T10:59:27+00:00","article_modified_time":"2026-03-09T14:51:30+00:00","og_image":[{"url":"https:\/\/lobosnews.com.ar\/wp-content\/uploads\/2026\/03\/jenny-mavinga-angustiada-tras-una-quemadura-en-gran-hermano-2026-ay-me-quemo.jpg","type":"","width":"","height":""}],"author":"admin","twitter_card":"summary_large_image","twitter_misc":{"Escrito por":"admin","Tiempo de lectura":"3 minutos"},"schema":{"@context":"https:\/\/schema.org","@graph":[{"@type":"Article","@id":"https:\/\/lobosnews.com.ar\/index.php\/2026\/03\/09\/jenny-mavinga-angustiada-tras-una-quemadura-en-gran-hermano-2026-ay-me-quemo-2\/#article","isPartOf":{"@id":"https:\/\/lobosnews.com.ar\/index.php\/2026\/03\/09\/jenny-mavinga-angustiada-tras-una-quemadura-en-gran-hermano-2026-ay-me-quemo-2\/"},"author":{"name":"admin","@id":"https:\/\/lobosnews.com.ar\/#\/schema\/person\/232422a593d5c541dd9aef6aaed10943"},"headline":"Jenny Mavinga angustiada tras una quemadura en Gran Hermano 2026: \u201c\u00a1Ay, me quem\u00f3!","datePublished":"2026-03-09T10:59:27+00:00","dateModified":"2026-03-09T14:51:30+00:00","mainEntityOfPage":{"@id":"https:\/\/lobosnews.com.ar\/index.php\/2026\/03\/09\/jenny-mavinga-angustiada-tras-una-quemadura-en-gran-hermano-2026-ay-me-quemo-2\/"},"wordCount":649,"commentCount":0,"publisher":{"@id":"https:\/\/lobosnews.com.ar\/#organization"},"image":{"@id":"https:\/\/lobosnews.com.ar\/index.php\/2026\/03\/09\/jenny-mavinga-angustiada-tras-una-quemadura-en-gran-hermano-2026-ay-me-quemo-2\/#primaryimage"},"thumbnailUrl":"https:\/\/lobosnews.com.ar\/wp-content\/uploads\/2026\/03\/jenny-mavinga-angustiada-tras-una-quemadura-en-gran-hermano-2026-ay-me-quemo-18-scaled.jpg","articleSection":["Cine y Series"],"inLanguage":"es","potentialAction":[{"@type":"CommentAction","name":"Comment","target":["https:\/\/lobosnews.com.ar\/index.php\/2026\/03\/09\/jenny-mavinga-angustiada-tras-una-quemadura-en-gran-hermano-2026-ay-me-quemo-2\/#respond"]}]},{"@type":"WebPage","@id":"https:\/\/lobosnews.com.ar\/index.php\/2026\/03\/09\/jenny-mavinga-angustiada-tras-una-quemadura-en-gran-hermano-2026-ay-me-quemo-2\/","url":"https:\/\/lobosnews.com.ar\/index.php\/2026\/03\/09\/jenny-mavinga-angustiada-tras-una-quemadura-en-gran-hermano-2026-ay-me-quemo-2\/","name":"Jenny Mavinga angustiada tras una quemadura en Gran Hermano 2026: \u201c\u00a1Ay, me quem\u00f3! - Lobos News","isPartOf":{"@id":"https:\/\/lobosnews.com.ar\/#website"},"primaryImageOfPage":{"@id":"https:\/\/lobosnews.com.ar\/index.php\/2026\/03\/09\/jenny-mavinga-angustiada-tras-una-quemadura-en-gran-hermano-2026-ay-me-quemo-2\/#primaryimage"},"image":{"@id":"https:\/\/lobosnews.com.ar\/index.php\/2026\/03\/09\/jenny-mavinga-angustiada-tras-una-quemadura-en-gran-hermano-2026-ay-me-quemo-2\/#primaryimage"},"thumbnailUrl":"https:\/\/lobosnews.com.ar\/wp-content\/uploads\/2026\/03\/jenny-mavinga-angustiada-tras-una-quemadura-en-gran-hermano-2026-ay-me-quemo-18-scaled.jpg","datePublished":"2026-03-09T10:59:27+00:00","dateModified":"2026-03-09T14:51:30+00:00","breadcrumb":{"@id":"https:\/\/lobosnews.com.ar\/index.php\/2026\/03\/09\/jenny-mavinga-angustiada-tras-una-quemadura-en-gran-hermano-2026-ay-me-quemo-2\/#breadcrumb"},"inLanguage":"es","potentialAction":[{"@type":"ReadAction","target":["https:\/\/lobosnews.com.ar\/index.php\/2026\/03\/09\/jenny-mavinga-angustiada-tras-una-quemadura-en-gran-hermano-2026-ay-me-quemo-2\/"]}]},{"@type":"ImageObject","inLanguage":"es","@id":"https:\/\/lobosnews.com.ar\/index.php\/2026\/03\/09\/jenny-mavinga-angustiada-tras-una-quemadura-en-gran-hermano-2026-ay-me-quemo-2\/#primaryimage","url":"https:\/\/lobosnews.com.ar\/wp-content\/uploads\/2026\/03\/jenny-mavinga-angustiada-tras-una-quemadura-en-gran-hermano-2026-ay-me-quemo-18-scaled.jpg","contentUrl":"https:\/\/lobosnews.com.ar\/wp-content\/uploads\/2026\/03\/jenny-mavinga-angustiada-tras-una-quemadura-en-gran-hermano-2026-ay-me-quemo-18-scaled.jpg","width":1707,"height":2560,"caption":"Jenny Mavinga angustiada tras una quemadura en Gran Hermano 2026: \u201c\u00a1Ay, me quem\u00f3!"},{"@type":"BreadcrumbList","@id":"https:\/\/lobosnews.com.ar\/index.php\/2026\/03\/09\/jenny-mavinga-angustiada-tras-una-quemadura-en-gran-hermano-2026-ay-me-quemo-2\/#breadcrumb","itemListElement":[{"@type":"ListItem","position":1,"name":"Portada","item":"https:\/\/lobosnews.com.ar\/"},{"@type":"ListItem","position":2,"name":"Jenny Mavinga angustiada tras una quemadura en Gran Hermano 2026: \u201c\u00a1Ay, me quem\u00f3!"}]},{"@type":"WebSite","@id":"https:\/\/lobosnews.com.ar\/#website","url":"https:\/\/lobosnews.com.ar\/","name":"Lobos News","description":"Informaci\u00f3n a cada instante","publisher":{"@id":"https:\/\/lobosnews.com.ar\/#organization"},"potentialAction":[{"@type":"SearchAction","target":{"@type":"EntryPoint","urlTemplate":"https:\/\/lobosnews.com.ar\/?s={search_term_string}"},"query-input":{"@type":"PropertyValueSpecification","valueRequired":true,"valueName":"search_term_string"}}],"inLanguage":"es"},{"@type":"Organization","@id":"https:\/\/lobosnews.com.ar\/#organization","name":"Lobos News","url":"https:\/\/lobosnews.com.ar\/","logo":{"@type":"ImageObject","inLanguage":"es","@id":"https:\/\/lobosnews.com.ar\/#\/schema\/logo\/image\/","url":"https:\/\/lobosnews.com.ar\/wp-content\/uploads\/2026\/01\/logo-lobosnews.png","contentUrl":"https:\/\/lobosnews.com.ar\/wp-content\/uploads\/2026\/01\/logo-lobosnews.png","width":500,"height":200,"caption":"Lobos News"},"image":{"@id":"https:\/\/lobosnews.com.ar\/#\/schema\/logo\/image\/"}},{"@type":"Person","@id":"https:\/\/lobosnews.com.ar\/#\/schema\/person\/232422a593d5c541dd9aef6aaed10943","name":"admin","image":{"@type":"ImageObject","inLanguage":"es","@id":"https:\/\/lobosnews.com.ar\/#\/schema\/person\/image\/","url":"https:\/\/secure.gravatar.com\/avatar\/76e419471a2083bc3ceab22a763dbbf9b0c1bd15a6214cf3280e2c2dde4580f9?s=96&d=mm&r=g","contentUrl":"https:\/\/secure.gravatar.com\/avatar\/76e419471a2083bc3ceab22a763dbbf9b0c1bd15a6214cf3280e2c2dde4580f9?s=96&d=mm&r=g","caption":"admin"},"sameAs":["https:\/\/lobosnews.com.ar"],"url":"https:\/\/lobosnews.com.ar\/index.php\/author\/lobos-news\/"}]}},"jetpack_featured_media_url":"https:\/\/lobosnews.com.ar\/wp-content\/uploads\/2026\/03\/jenny-mavinga-angustiada-tras-una-quemadura-en-gran-hermano-2026-ay-me-quemo-18-scaled.jpg","jetpack_sharing_enabled":true,"_links":{"self":[{"href":"https:\/\/lobosnews.com.ar\/index.php\/wp-json\/wp\/v2\/posts\/31215","targetHints":{"allow":["GET"]}}],"collection":[{"href":"https:\/\/lobosnews.com.ar\/index.php\/wp-json\/wp\/v2\/posts"}],"about":[{"href":"https:\/\/lobosnews.com.ar\/index.php\/wp-json\/wp\/v2\/types\/post"}],"author":[{"embeddable":true,"href":"https:\/\/lobosnews.com.ar\/index.php\/wp-json\/wp\/v2\/users\/1"}],"replies":[{"embeddable":true,"href":"https:\/\/lobosnews.com.ar\/index.php\/wp-json\/wp\/v2\/comments?post=31215"}],"version-history":[{"count":1,"href":"https:\/\/lobosnews.com.ar\/index.php\/wp-json\/wp\/v2\/posts\/31215\/revisions"}],"predecessor-version":[{"id":31226,"href":"https:\/\/lobosnews.com.ar\/index.php\/wp-json\/wp\/v2\/posts\/31215\/revisions\/31226"}],"wp:featuredmedia":[{"embeddable":true,"href":"https:\/\/lobosnews.com.ar\/index.php\/wp-json\/wp\/v2\/media\/31230"}],"wp:attachment":[{"href":"https:\/\/lobosnews.com.ar\/index.php\/wp-json\/wp\/v2\/media?parent=31215"}],"wp:term":[{"taxonomy":"category","embeddable":true,"href":"https:\/\/lobosnews.com.ar\/index.php\/wp-json\/wp\/v2\/categories?post=31215"},{"taxonomy":"post_tag","embeddable":true,"href":"https:\/\/lobosnews.com.ar\/index.php\/wp-json\/wp\/v2\/tags?post=31215"}],"curies":[{"name":"wp","href":"https:\/\/api.w.org\/{rel}","templated":true}]}}