{"id":31163,"date":"2026-03-09T12:53:35","date_gmt":"2026-03-09T12:53:35","guid":{"rendered":"https:\/\/lobosnews.com.ar\/index.php\/2026\/03\/09\/el-encendido-cruce-entre-mourinho-y-lucho-gonzalez-en-el-clasico-entre-benfica-y-porto-me-llamo-traidor-50-veces\/"},"modified":"2026-03-09T14:29:35","modified_gmt":"2026-03-09T14:29:35","slug":"el-encendido-cruce-entre-mourinho-y-lucho-gonzalez-en-el-clasico-entre-benfica-y-porto-me-llamo-traidor-50-veces","status":"publish","type":"post","link":"https:\/\/lobosnews.com.ar\/index.php\/2026\/03\/09\/el-encendido-cruce-entre-mourinho-y-lucho-gonzalez-en-el-clasico-entre-benfica-y-porto-me-llamo-traidor-50-veces\/","title":{"rendered":"El encendido cruce entre Mourinho y Lucho Gonz\u00e1lez en el cl\u00e1sico entre Benfica y Porto: \u201cMe llam\u00f3 traidor 50 veces\u201d"},"content":{"rendered":"<p><!DOCTYPE html><br \/>\n<html><br \/>\n<head><br \/>\n<meta name=\"viewport\" content=\"width=device-width, initial-scale=1\"><\/p>\n<style>\n.container-video { position: relative; width: 100%; overflow: hidden; padding-top: 56.25%;\n}\n.responsive-iframe-video { position: absolute; top: 0; left: 0; bottom: 0; right: 0; width: 100%; height: 100%; border: none;\n}\n<\/style>\n<p><\/head><br \/>\n<body><\/p>\n<div class=\"container-video\"> <iframe title=\"video-espn\" class=\"responsive-iframe-video\" src=\"https:\/\/www.espn.com.ar\/core\/video\/iframe?id=16411241&#038;endcard=false&#038;omniReportSuite=wdgespge\" allowfullscreen><\/iframe>\n<\/div>\n<p><\/body><br \/>\n<\/html><\/p>\n<p><i>*El cruce entre Mourinho y Lucho Gonz\u00e1lez m\u00e1s la palabra del DT<\/i><\/p>\n<p><b>Un enfrentamiento subi\u00f3 la tensi\u00f3n durante el empate 2-2 en el cl\u00e1sico de Portugal entre el Benfica y el Porto cuando Jos\u00e9 Mourinho denunci\u00f3 que Lucho Gonz\u00e1lez lo llam\u00f3 \u201ctraidor 50 veces\u201d<\/b> en el t\u00fanel del <i>Est\u00e1dio da Luz<\/i>. El entrenador de las \u00c1guilas relat\u00f3 que el intercambio ocurri\u00f3 tras su expulsi\u00f3n en el final del juego, en la que tambi\u00e9n recibi\u00f3 la tarjeta roja el ex jugador y actual asistente del equipo rival.<\/p>\n<p>Al referirse a la situaci\u00f3n, Mourinho neg\u00f3 haber provocado su sanci\u00f3n: \u201cEl \u00e1rbitro me ech\u00f3 porque pate\u00e9 una pelota contra el banco de Porto, lo cual es completamente falso. Muchas veces, despu\u00e9s de hacer goles, yo pateo la pelota a la tribuna para d\u00e1rsela a un simpatizante afortunado y celebrar. S\u00e9 que no soy muy bueno t\u00e9cnicamente, pero era para la tribuna\u201d. Acto seguido, el hist\u00f3rico DT cuestion\u00f3 los insultos que le propin\u00f3 Gonz\u00e1lez: <b>\u201cMe llam\u00f3 traidor 50 veces en el t\u00fanel. Quiero que me explique, \u00bftraidor a qui\u00e9n? Fui a Porto, di mi alma por Porto, despu\u00e9s a Chelsea, a Inter, a Real Madrid. Viaj\u00e9 alrededor del mundo y di las 24 horas de mi vida todos los d\u00edas, entregu\u00e9 vida y alma. De eso se trata el profesionalismo\u201d<\/b>.<\/p>\n<p>El ag\u00f3nico empate permiti\u00f3 que Benfica conserve su invicto en el m\u00e1ximo torneo del f\u00fatbol luso, aunque la distancia con el l\u00edder Porto, dirigido por <b>Francesco Farioli<\/b>, se mantiene en 7 puntos, ya que los Dragones suman 66 unidades contra las 59 que tienen <i>las \u00c1guilas<\/i>. En el mismo partido, <b>Nicol\u00e1s Otamendi<\/b>, defensor del Benfica, tambi\u00e9n fue expulsado por doble amonestaci\u00f3n en tiempo agregado.<\/p>\n<p>Gonz\u00e1lez, que disput\u00f3 un total de 241 partidos y logr\u00f3 seis t\u00edtulos de liga con Porto, <b>fue mencionado en un posible regreso a River Plate para sumarse al equipo de Eduardo Coudet<\/b> tras su paso por Internacional de Porto Alegre. Ante los rumores, el flamante DT de los Millonarios rechaz\u00f3 la posibilidad: \u201cHoy est\u00e1 trabajando en un club importante y tiene una gran relaci\u00f3n, as\u00ed que ser\u00eda irrespetuoso tocar ese tema\u201d.<\/p>\n<p><img loading=\"lazy\" decoding=\"async\" src=\"https:\/\/lobosnews.com.ar\/wp-content\/uploads\/2026\/03\/el-encendido-cruce-entre-mourinho-y-lucho-gonzalez-en-el-clasico-entre-benfica-y-porto-me-llamo-traidor-50-veces.jpg\" alt=\"Mourinho durante el cl\u00e1sico entre Benfica y Porto (REUTERS\/Pedro Nunes)\" height=\"2553\" width=\"3560\"\/><\/p>\n<p>Antes de la despedida de la sala de conferencias en su charla con los medios, Mou resumi\u00f3 su postura sobre la reacci\u00f3n de los fan\u00e1ticos rivales y la acusaci\u00f3n de traici\u00f3n de quien fue jugador de la Albiceleste: \u201cSon los mismos aficionados con los que, hace a\u00f1os, no pod\u00eda caminar por la ciudad, que se arrodillaban a mis pies. <b>Ahora me insultan. No hay problema. \u00bfPero que un compa\u00f1ero me llame traidor? \u00bfTraidor a qu\u00e9? \u00bfA darlo todo por el Benfica<\/b>\u201d.<\/p>\n<p>Benfica y Porto igualaron en el cl\u00e1sico de la Liga de Portugal, en un encuentro que se defini\u00f3 con goles en ambos tiempos. El equipo visitante se adelant\u00f3 gracias a los tantos de Victori Froholdt, quien abri\u00f3 el marcador antes del minuto 10, y Pietuszewski, que ampli\u00f3 la diferencia antes del descanso. En la segunda mitad, Schjelderup descont\u00f3 para los locales y Barreiro estableci\u00f3 la igualdad definitiva en lo que fue un duelo de alternativas.<\/p>\n<p>Otamendi, capit\u00e1n del equipo dirigido por Mourinho, <span class=\"waslinkname\">fue protagonista involuntario de la jugada m\u00e1s viral del derby<\/span>. El marcador mostraba ventaja para el Porto, con un gol temprano de Froholdt, cuando el juvenil polaco <b>Oskar Pietuszewski<\/b>, de apenas 17 a\u00f1os, enfrent\u00f3 al capit\u00e1n dentro del \u00e1rea. Con un amague, el extremo dej\u00f3 al argentino en el c\u00e9sped y defini\u00f3 de manera impecable para convertir el 2 a 0. El video del momento recorri\u00f3 las redes y despert\u00f3 comentarios sobre el defensor al ser superado por un adversario que \u00fanicamente suma ocho partidos con la camiseta de los Dragones.<\/p>\n<p><img loading=\"lazy\" decoding=\"async\" src=\"https:\/\/lobosnews.com.ar\/wp-content\/uploads\/2026\/03\/el-encendido-cruce-entre-mourinho-y-lucho-gonzalez-en-el-clasico-entre-benfica-y-porto-me-llamo-traidor-50-veces-1.jpg\" alt=\"Lucho Gonz\u00e1lez se enfrent\u00f3 a Mourinho (REUTERS\/Rodolfo Buhrer)\" height=\"5464\" width=\"8192\"\/><\/p>\n","protected":false},"excerpt":{"rendered":"<p>*El cruce entre Mourinho y Lucho Gonz\u00e1lez m\u00e1s la palabra del DT Un enfrentamiento subi\u00f3 la tensi\u00f3n durante el empate 2-2 en el cl\u00e1sico de Portugal entre el Benfica y el Porto cuando Jos\u00e9 Mourinho denunci\u00f3 que Lucho Gonz\u00e1lez lo llam\u00f3 \u201ctraidor 50 veces\u201d en el t\u00fanel del Est\u00e1dio da Luz. El entrenador de las&#8230;<\/p>\n","protected":false},"author":1,"featured_media":0,"comment_status":"open","ping_status":"closed","sticky":false,"template":"","format":"standard","meta":{"_jetpack_memberships_contains_paid_content":false,"footnotes":""},"categories":[30],"tags":[39],"class_list":["post-31163","post","type-post","status-publish","format-standard","hentry","category-argentina","tag-deportes"],"magazineBlocksPostFeaturedMedia":{"thumbnail":false,"medium":false,"medium_large":false,"large":false,"1536x1536":false,"2048x2048":false,"newsmatic-featured":false,"newsmatic-list":false,"newsmatic-thumb":false,"newsmatic-small":false,"newsmatic-grid":false},"magazineBlocksPostAuthor":{"name":"admin","avatar":"https:\/\/secure.gravatar.com\/avatar\/76e419471a2083bc3ceab22a763dbbf9b0c1bd15a6214cf3280e2c2dde4580f9?s=96&d=mm&r=g"},"magazineBlocksPostCommentsNumber":"0","magazineBlocksPostExcerpt":"*El cruce entre Mourinho y Lucho Gonz\u00e1lez m\u00e1s la palabra del DT Un enfrentamiento subi\u00f3 la tensi\u00f3n durante el empate 2-2 en el cl\u00e1sico de Portugal entre el Benfica y el Porto cuando Jos\u00e9 Mourinho denunci\u00f3 que Lucho Gonz\u00e1lez lo llam\u00f3 \u201ctraidor 50 veces\u201d en el t\u00fanel del Est\u00e1dio da Luz. El entrenador de las...","magazineBlocksPostCategories":["Argentina"],"magazineBlocksPostViewCount":83,"magazineBlocksPostReadTime":4,"magazine_blocks_featured_image_url":{"full":false,"medium":false,"thumbnail":false},"magazine_blocks_author":{"display_name":"admin","author_link":"https:\/\/lobosnews.com.ar\/index.php\/author\/lobos-news\/"},"magazine_blocks_comment":0,"magazine_blocks_author_image":"https:\/\/secure.gravatar.com\/avatar\/76e419471a2083bc3ceab22a763dbbf9b0c1bd15a6214cf3280e2c2dde4580f9?s=96&d=mm&r=g","magazine_blocks_category":"<a href=\"#\" class=\"category-link category-link-30\">Argentina<\/a>","yoast_head":"<!-- This site is optimized with the Yoast SEO plugin v26.6 - https:\/\/yoast.com\/wordpress\/plugins\/seo\/ -->\n<title>El encendido cruce entre Mourinho y Lucho Gonz\u00e1lez en el cl\u00e1sico entre Benfica y Porto: \u201cMe llam\u00f3 traidor 50 veces\u201d - Lobos News<\/title>\n<meta name=\"robots\" content=\"index, follow, max-snippet:-1, max-image-preview:large, max-video-preview:-1\" \/>\n<link rel=\"canonical\" href=\"https:\/\/lobosnews.com.ar\/index.php\/2026\/03\/09\/el-encendido-cruce-entre-mourinho-y-lucho-gonzalez-en-el-clasico-entre-benfica-y-porto-me-llamo-traidor-50-veces\/\" \/>\n<meta property=\"og:locale\" content=\"es_ES\" \/>\n<meta property=\"og:type\" content=\"article\" \/>\n<meta property=\"og:title\" content=\"El encendido cruce entre Mourinho y Lucho Gonz\u00e1lez en el cl\u00e1sico entre Benfica y Porto: \u201cMe llam\u00f3 traidor 50 veces\u201d - Lobos News\" \/>\n<meta property=\"og:description\" content=\"*El cruce entre Mourinho y Lucho Gonz\u00e1lez m\u00e1s la palabra del DT Un enfrentamiento subi\u00f3 la tensi\u00f3n durante el empate 2-2 en el cl\u00e1sico de Portugal entre el Benfica y el Porto cuando Jos\u00e9 Mourinho denunci\u00f3 que Lucho Gonz\u00e1lez lo llam\u00f3 \u201ctraidor 50 veces\u201d en el t\u00fanel del Est\u00e1dio da Luz. El entrenador de las...\" \/>\n<meta property=\"og:url\" content=\"https:\/\/lobosnews.com.ar\/index.php\/2026\/03\/09\/el-encendido-cruce-entre-mourinho-y-lucho-gonzalez-en-el-clasico-entre-benfica-y-porto-me-llamo-traidor-50-veces\/\" \/>\n<meta property=\"og:site_name\" content=\"Lobos News\" \/>\n<meta property=\"article:published_time\" content=\"2026-03-09T12:53:35+00:00\" \/>\n<meta property=\"article:modified_time\" content=\"2026-03-09T14:29:35+00:00\" \/>\n<meta property=\"og:image\" content=\"https:\/\/lobosnews.com.ar\/wp-content\/uploads\/2026\/03\/el-encendido-cruce-entre-mourinho-y-lucho-gonzalez-en-el-clasico-entre-benfica-y-porto-me-llamo-traidor-50-veces.jpg\" \/>\n<meta name=\"author\" content=\"admin\" \/>\n<meta name=\"twitter:card\" content=\"summary_large_image\" \/>\n<meta name=\"twitter:label1\" content=\"Escrito por\" \/>\n\t<meta name=\"twitter:data1\" content=\"admin\" \/>\n\t<meta name=\"twitter:label2\" content=\"Tiempo de lectura\" \/>\n\t<meta name=\"twitter:data2\" content=\"3 minutos\" \/>\n<script type=\"application\/ld+json\" class=\"yoast-schema-graph\">{\"@context\":\"https:\/\/schema.org\",\"@graph\":[{\"@type\":\"Article\",\"@id\":\"https:\/\/lobosnews.com.ar\/index.php\/2026\/03\/09\/el-encendido-cruce-entre-mourinho-y-lucho-gonzalez-en-el-clasico-entre-benfica-y-porto-me-llamo-traidor-50-veces\/#article\",\"isPartOf\":{\"@id\":\"https:\/\/lobosnews.com.ar\/index.php\/2026\/03\/09\/el-encendido-cruce-entre-mourinho-y-lucho-gonzalez-en-el-clasico-entre-benfica-y-porto-me-llamo-traidor-50-veces\/\"},\"author\":{\"name\":\"admin\",\"@id\":\"https:\/\/lobosnews.com.ar\/#\/schema\/person\/232422a593d5c541dd9aef6aaed10943\"},\"headline\":\"El encendido cruce entre Mourinho y Lucho Gonz\u00e1lez en el cl\u00e1sico entre Benfica y Porto: \u201cMe llam\u00f3 traidor 50 veces\u201d\",\"datePublished\":\"2026-03-09T12:53:35+00:00\",\"dateModified\":\"2026-03-09T14:29:35+00:00\",\"mainEntityOfPage\":{\"@id\":\"https:\/\/lobosnews.com.ar\/index.php\/2026\/03\/09\/el-encendido-cruce-entre-mourinho-y-lucho-gonzalez-en-el-clasico-entre-benfica-y-porto-me-llamo-traidor-50-veces\/\"},\"wordCount\":659,\"commentCount\":0,\"publisher\":{\"@id\":\"https:\/\/lobosnews.com.ar\/#organization\"},\"image\":{\"@id\":\"https:\/\/lobosnews.com.ar\/index.php\/2026\/03\/09\/el-encendido-cruce-entre-mourinho-y-lucho-gonzalez-en-el-clasico-entre-benfica-y-porto-me-llamo-traidor-50-veces\/#primaryimage\"},\"thumbnailUrl\":\"https:\/\/lobosnews.com.ar\/wp-content\/uploads\/2026\/03\/el-encendido-cruce-entre-mourinho-y-lucho-gonzalez-en-el-clasico-entre-benfica-y-porto-me-llamo-traidor-50-veces.jpg\",\"keywords\":[\"Deportes\"],\"articleSection\":[\"Argentina\"],\"inLanguage\":\"es\",\"potentialAction\":[{\"@type\":\"CommentAction\",\"name\":\"Comment\",\"target\":[\"https:\/\/lobosnews.com.ar\/index.php\/2026\/03\/09\/el-encendido-cruce-entre-mourinho-y-lucho-gonzalez-en-el-clasico-entre-benfica-y-porto-me-llamo-traidor-50-veces\/#respond\"]}]},{\"@type\":\"WebPage\",\"@id\":\"https:\/\/lobosnews.com.ar\/index.php\/2026\/03\/09\/el-encendido-cruce-entre-mourinho-y-lucho-gonzalez-en-el-clasico-entre-benfica-y-porto-me-llamo-traidor-50-veces\/\",\"url\":\"https:\/\/lobosnews.com.ar\/index.php\/2026\/03\/09\/el-encendido-cruce-entre-mourinho-y-lucho-gonzalez-en-el-clasico-entre-benfica-y-porto-me-llamo-traidor-50-veces\/\",\"name\":\"El encendido cruce entre Mourinho y Lucho Gonz\u00e1lez en el cl\u00e1sico entre Benfica y Porto: \u201cMe llam\u00f3 traidor 50 veces\u201d - Lobos News\",\"isPartOf\":{\"@id\":\"https:\/\/lobosnews.com.ar\/#website\"},\"primaryImageOfPage\":{\"@id\":\"https:\/\/lobosnews.com.ar\/index.php\/2026\/03\/09\/el-encendido-cruce-entre-mourinho-y-lucho-gonzalez-en-el-clasico-entre-benfica-y-porto-me-llamo-traidor-50-veces\/#primaryimage\"},\"image\":{\"@id\":\"https:\/\/lobosnews.com.ar\/index.php\/2026\/03\/09\/el-encendido-cruce-entre-mourinho-y-lucho-gonzalez-en-el-clasico-entre-benfica-y-porto-me-llamo-traidor-50-veces\/#primaryimage\"},\"thumbnailUrl\":\"https:\/\/lobosnews.com.ar\/wp-content\/uploads\/2026\/03\/el-encendido-cruce-entre-mourinho-y-lucho-gonzalez-en-el-clasico-entre-benfica-y-porto-me-llamo-traidor-50-veces.jpg\",\"datePublished\":\"2026-03-09T12:53:35+00:00\",\"dateModified\":\"2026-03-09T14:29:35+00:00\",\"breadcrumb\":{\"@id\":\"https:\/\/lobosnews.com.ar\/index.php\/2026\/03\/09\/el-encendido-cruce-entre-mourinho-y-lucho-gonzalez-en-el-clasico-entre-benfica-y-porto-me-llamo-traidor-50-veces\/#breadcrumb\"},\"inLanguage\":\"es\",\"potentialAction\":[{\"@type\":\"ReadAction\",\"target\":[\"https:\/\/lobosnews.com.ar\/index.php\/2026\/03\/09\/el-encendido-cruce-entre-mourinho-y-lucho-gonzalez-en-el-clasico-entre-benfica-y-porto-me-llamo-traidor-50-veces\/\"]}]},{\"@type\":\"ImageObject\",\"inLanguage\":\"es\",\"@id\":\"https:\/\/lobosnews.com.ar\/index.php\/2026\/03\/09\/el-encendido-cruce-entre-mourinho-y-lucho-gonzalez-en-el-clasico-entre-benfica-y-porto-me-llamo-traidor-50-veces\/#primaryimage\",\"url\":\"https:\/\/lobosnews.com.ar\/wp-content\/uploads\/2026\/03\/el-encendido-cruce-entre-mourinho-y-lucho-gonzalez-en-el-clasico-entre-benfica-y-porto-me-llamo-traidor-50-veces.jpg\",\"contentUrl\":\"https:\/\/lobosnews.com.ar\/wp-content\/uploads\/2026\/03\/el-encendido-cruce-entre-mourinho-y-lucho-gonzalez-en-el-clasico-entre-benfica-y-porto-me-llamo-traidor-50-veces.jpg\"},{\"@type\":\"BreadcrumbList\",\"@id\":\"https:\/\/lobosnews.com.ar\/index.php\/2026\/03\/09\/el-encendido-cruce-entre-mourinho-y-lucho-gonzalez-en-el-clasico-entre-benfica-y-porto-me-llamo-traidor-50-veces\/#breadcrumb\",\"itemListElement\":[{\"@type\":\"ListItem\",\"position\":1,\"name\":\"Portada\",\"item\":\"https:\/\/lobosnews.com.ar\/\"},{\"@type\":\"ListItem\",\"position\":2,\"name\":\"El encendido cruce entre Mourinho y Lucho Gonz\u00e1lez en el cl\u00e1sico entre Benfica y Porto: \u201cMe llam\u00f3 traidor 50 veces\u201d\"}]},{\"@type\":\"WebSite\",\"@id\":\"https:\/\/lobosnews.com.ar\/#website\",\"url\":\"https:\/\/lobosnews.com.ar\/\",\"name\":\"Lobos News\",\"description\":\"Informaci\u00f3n a cada instante\",\"publisher\":{\"@id\":\"https:\/\/lobosnews.com.ar\/#organization\"},\"potentialAction\":[{\"@type\":\"SearchAction\",\"target\":{\"@type\":\"EntryPoint\",\"urlTemplate\":\"https:\/\/lobosnews.com.ar\/?s={search_term_string}\"},\"query-input\":{\"@type\":\"PropertyValueSpecification\",\"valueRequired\":true,\"valueName\":\"search_term_string\"}}],\"inLanguage\":\"es\"},{\"@type\":\"Organization\",\"@id\":\"https:\/\/lobosnews.com.ar\/#organization\",\"name\":\"Lobos News\",\"url\":\"https:\/\/lobosnews.com.ar\/\",\"logo\":{\"@type\":\"ImageObject\",\"inLanguage\":\"es\",\"@id\":\"https:\/\/lobosnews.com.ar\/#\/schema\/logo\/image\/\",\"url\":\"https:\/\/lobosnews.com.ar\/wp-content\/uploads\/2026\/01\/logo-lobosnews.png\",\"contentUrl\":\"https:\/\/lobosnews.com.ar\/wp-content\/uploads\/2026\/01\/logo-lobosnews.png\",\"width\":500,\"height\":200,\"caption\":\"Lobos News\"},\"image\":{\"@id\":\"https:\/\/lobosnews.com.ar\/#\/schema\/logo\/image\/\"}},{\"@type\":\"Person\",\"@id\":\"https:\/\/lobosnews.com.ar\/#\/schema\/person\/232422a593d5c541dd9aef6aaed10943\",\"name\":\"admin\",\"image\":{\"@type\":\"ImageObject\",\"inLanguage\":\"es\",\"@id\":\"https:\/\/lobosnews.com.ar\/#\/schema\/person\/image\/\",\"url\":\"https:\/\/secure.gravatar.com\/avatar\/76e419471a2083bc3ceab22a763dbbf9b0c1bd15a6214cf3280e2c2dde4580f9?s=96&d=mm&r=g\",\"contentUrl\":\"https:\/\/secure.gravatar.com\/avatar\/76e419471a2083bc3ceab22a763dbbf9b0c1bd15a6214cf3280e2c2dde4580f9?s=96&d=mm&r=g\",\"caption\":\"admin\"},\"sameAs\":[\"https:\/\/lobosnews.com.ar\"],\"url\":\"https:\/\/lobosnews.com.ar\/index.php\/author\/lobos-news\/\"}]}<\/script>\n<!-- \/ Yoast SEO plugin. -->","yoast_head_json":{"title":"El encendido cruce entre Mourinho y Lucho Gonz\u00e1lez en el cl\u00e1sico entre Benfica y Porto: \u201cMe llam\u00f3 traidor 50 veces\u201d - Lobos News","robots":{"index":"index","follow":"follow","max-snippet":"max-snippet:-1","max-image-preview":"max-image-preview:large","max-video-preview":"max-video-preview:-1"},"canonical":"https:\/\/lobosnews.com.ar\/index.php\/2026\/03\/09\/el-encendido-cruce-entre-mourinho-y-lucho-gonzalez-en-el-clasico-entre-benfica-y-porto-me-llamo-traidor-50-veces\/","og_locale":"es_ES","og_type":"article","og_title":"El encendido cruce entre Mourinho y Lucho Gonz\u00e1lez en el cl\u00e1sico entre Benfica y Porto: \u201cMe llam\u00f3 traidor 50 veces\u201d - Lobos News","og_description":"*El cruce entre Mourinho y Lucho Gonz\u00e1lez m\u00e1s la palabra del DT Un enfrentamiento subi\u00f3 la tensi\u00f3n durante el empate 2-2 en el cl\u00e1sico de Portugal entre el Benfica y el Porto cuando Jos\u00e9 Mourinho denunci\u00f3 que Lucho Gonz\u00e1lez lo llam\u00f3 \u201ctraidor 50 veces\u201d en el t\u00fanel del Est\u00e1dio da Luz. El entrenador de las...","og_url":"https:\/\/lobosnews.com.ar\/index.php\/2026\/03\/09\/el-encendido-cruce-entre-mourinho-y-lucho-gonzalez-en-el-clasico-entre-benfica-y-porto-me-llamo-traidor-50-veces\/","og_site_name":"Lobos News","article_published_time":"2026-03-09T12:53:35+00:00","article_modified_time":"2026-03-09T14:29:35+00:00","og_image":[{"url":"https:\/\/lobosnews.com.ar\/wp-content\/uploads\/2026\/03\/el-encendido-cruce-entre-mourinho-y-lucho-gonzalez-en-el-clasico-entre-benfica-y-porto-me-llamo-traidor-50-veces.jpg","type":"","width":"","height":""}],"author":"admin","twitter_card":"summary_large_image","twitter_misc":{"Escrito por":"admin","Tiempo de lectura":"3 minutos"},"schema":{"@context":"https:\/\/schema.org","@graph":[{"@type":"Article","@id":"https:\/\/lobosnews.com.ar\/index.php\/2026\/03\/09\/el-encendido-cruce-entre-mourinho-y-lucho-gonzalez-en-el-clasico-entre-benfica-y-porto-me-llamo-traidor-50-veces\/#article","isPartOf":{"@id":"https:\/\/lobosnews.com.ar\/index.php\/2026\/03\/09\/el-encendido-cruce-entre-mourinho-y-lucho-gonzalez-en-el-clasico-entre-benfica-y-porto-me-llamo-traidor-50-veces\/"},"author":{"name":"admin","@id":"https:\/\/lobosnews.com.ar\/#\/schema\/person\/232422a593d5c541dd9aef6aaed10943"},"headline":"El encendido cruce entre Mourinho y Lucho Gonz\u00e1lez en el cl\u00e1sico entre Benfica y Porto: \u201cMe llam\u00f3 traidor 50 veces\u201d","datePublished":"2026-03-09T12:53:35+00:00","dateModified":"2026-03-09T14:29:35+00:00","mainEntityOfPage":{"@id":"https:\/\/lobosnews.com.ar\/index.php\/2026\/03\/09\/el-encendido-cruce-entre-mourinho-y-lucho-gonzalez-en-el-clasico-entre-benfica-y-porto-me-llamo-traidor-50-veces\/"},"wordCount":659,"commentCount":0,"publisher":{"@id":"https:\/\/lobosnews.com.ar\/#organization"},"image":{"@id":"https:\/\/lobosnews.com.ar\/index.php\/2026\/03\/09\/el-encendido-cruce-entre-mourinho-y-lucho-gonzalez-en-el-clasico-entre-benfica-y-porto-me-llamo-traidor-50-veces\/#primaryimage"},"thumbnailUrl":"https:\/\/lobosnews.com.ar\/wp-content\/uploads\/2026\/03\/el-encendido-cruce-entre-mourinho-y-lucho-gonzalez-en-el-clasico-entre-benfica-y-porto-me-llamo-traidor-50-veces.jpg","keywords":["Deportes"],"articleSection":["Argentina"],"inLanguage":"es","potentialAction":[{"@type":"CommentAction","name":"Comment","target":["https:\/\/lobosnews.com.ar\/index.php\/2026\/03\/09\/el-encendido-cruce-entre-mourinho-y-lucho-gonzalez-en-el-clasico-entre-benfica-y-porto-me-llamo-traidor-50-veces\/#respond"]}]},{"@type":"WebPage","@id":"https:\/\/lobosnews.com.ar\/index.php\/2026\/03\/09\/el-encendido-cruce-entre-mourinho-y-lucho-gonzalez-en-el-clasico-entre-benfica-y-porto-me-llamo-traidor-50-veces\/","url":"https:\/\/lobosnews.com.ar\/index.php\/2026\/03\/09\/el-encendido-cruce-entre-mourinho-y-lucho-gonzalez-en-el-clasico-entre-benfica-y-porto-me-llamo-traidor-50-veces\/","name":"El encendido cruce entre Mourinho y Lucho Gonz\u00e1lez en el cl\u00e1sico entre Benfica y Porto: \u201cMe llam\u00f3 traidor 50 veces\u201d - Lobos News","isPartOf":{"@id":"https:\/\/lobosnews.com.ar\/#website"},"primaryImageOfPage":{"@id":"https:\/\/lobosnews.com.ar\/index.php\/2026\/03\/09\/el-encendido-cruce-entre-mourinho-y-lucho-gonzalez-en-el-clasico-entre-benfica-y-porto-me-llamo-traidor-50-veces\/#primaryimage"},"image":{"@id":"https:\/\/lobosnews.com.ar\/index.php\/2026\/03\/09\/el-encendido-cruce-entre-mourinho-y-lucho-gonzalez-en-el-clasico-entre-benfica-y-porto-me-llamo-traidor-50-veces\/#primaryimage"},"thumbnailUrl":"https:\/\/lobosnews.com.ar\/wp-content\/uploads\/2026\/03\/el-encendido-cruce-entre-mourinho-y-lucho-gonzalez-en-el-clasico-entre-benfica-y-porto-me-llamo-traidor-50-veces.jpg","datePublished":"2026-03-09T12:53:35+00:00","dateModified":"2026-03-09T14:29:35+00:00","breadcrumb":{"@id":"https:\/\/lobosnews.com.ar\/index.php\/2026\/03\/09\/el-encendido-cruce-entre-mourinho-y-lucho-gonzalez-en-el-clasico-entre-benfica-y-porto-me-llamo-traidor-50-veces\/#breadcrumb"},"inLanguage":"es","potentialAction":[{"@type":"ReadAction","target":["https:\/\/lobosnews.com.ar\/index.php\/2026\/03\/09\/el-encendido-cruce-entre-mourinho-y-lucho-gonzalez-en-el-clasico-entre-benfica-y-porto-me-llamo-traidor-50-veces\/"]}]},{"@type":"ImageObject","inLanguage":"es","@id":"https:\/\/lobosnews.com.ar\/index.php\/2026\/03\/09\/el-encendido-cruce-entre-mourinho-y-lucho-gonzalez-en-el-clasico-entre-benfica-y-porto-me-llamo-traidor-50-veces\/#primaryimage","url":"https:\/\/lobosnews.com.ar\/wp-content\/uploads\/2026\/03\/el-encendido-cruce-entre-mourinho-y-lucho-gonzalez-en-el-clasico-entre-benfica-y-porto-me-llamo-traidor-50-veces.jpg","contentUrl":"https:\/\/lobosnews.com.ar\/wp-content\/uploads\/2026\/03\/el-encendido-cruce-entre-mourinho-y-lucho-gonzalez-en-el-clasico-entre-benfica-y-porto-me-llamo-traidor-50-veces.jpg"},{"@type":"BreadcrumbList","@id":"https:\/\/lobosnews.com.ar\/index.php\/2026\/03\/09\/el-encendido-cruce-entre-mourinho-y-lucho-gonzalez-en-el-clasico-entre-benfica-y-porto-me-llamo-traidor-50-veces\/#breadcrumb","itemListElement":[{"@type":"ListItem","position":1,"name":"Portada","item":"https:\/\/lobosnews.com.ar\/"},{"@type":"ListItem","position":2,"name":"El encendido cruce entre Mourinho y Lucho Gonz\u00e1lez en el cl\u00e1sico entre Benfica y Porto: \u201cMe llam\u00f3 traidor 50 veces\u201d"}]},{"@type":"WebSite","@id":"https:\/\/lobosnews.com.ar\/#website","url":"https:\/\/lobosnews.com.ar\/","name":"Lobos News","description":"Informaci\u00f3n a cada instante","publisher":{"@id":"https:\/\/lobosnews.com.ar\/#organization"},"potentialAction":[{"@type":"SearchAction","target":{"@type":"EntryPoint","urlTemplate":"https:\/\/lobosnews.com.ar\/?s={search_term_string}"},"query-input":{"@type":"PropertyValueSpecification","valueRequired":true,"valueName":"search_term_string"}}],"inLanguage":"es"},{"@type":"Organization","@id":"https:\/\/lobosnews.com.ar\/#organization","name":"Lobos News","url":"https:\/\/lobosnews.com.ar\/","logo":{"@type":"ImageObject","inLanguage":"es","@id":"https:\/\/lobosnews.com.ar\/#\/schema\/logo\/image\/","url":"https:\/\/lobosnews.com.ar\/wp-content\/uploads\/2026\/01\/logo-lobosnews.png","contentUrl":"https:\/\/lobosnews.com.ar\/wp-content\/uploads\/2026\/01\/logo-lobosnews.png","width":500,"height":200,"caption":"Lobos News"},"image":{"@id":"https:\/\/lobosnews.com.ar\/#\/schema\/logo\/image\/"}},{"@type":"Person","@id":"https:\/\/lobosnews.com.ar\/#\/schema\/person\/232422a593d5c541dd9aef6aaed10943","name":"admin","image":{"@type":"ImageObject","inLanguage":"es","@id":"https:\/\/lobosnews.com.ar\/#\/schema\/person\/image\/","url":"https:\/\/secure.gravatar.com\/avatar\/76e419471a2083bc3ceab22a763dbbf9b0c1bd15a6214cf3280e2c2dde4580f9?s=96&d=mm&r=g","contentUrl":"https:\/\/secure.gravatar.com\/avatar\/76e419471a2083bc3ceab22a763dbbf9b0c1bd15a6214cf3280e2c2dde4580f9?s=96&d=mm&r=g","caption":"admin"},"sameAs":["https:\/\/lobosnews.com.ar"],"url":"https:\/\/lobosnews.com.ar\/index.php\/author\/lobos-news\/"}]}},"jetpack_featured_media_url":"","jetpack_sharing_enabled":true,"_links":{"self":[{"href":"https:\/\/lobosnews.com.ar\/index.php\/wp-json\/wp\/v2\/posts\/31163","targetHints":{"allow":["GET"]}}],"collection":[{"href":"https:\/\/lobosnews.com.ar\/index.php\/wp-json\/wp\/v2\/posts"}],"about":[{"href":"https:\/\/lobosnews.com.ar\/index.php\/wp-json\/wp\/v2\/types\/post"}],"author":[{"embeddable":true,"href":"https:\/\/lobosnews.com.ar\/index.php\/wp-json\/wp\/v2\/users\/1"}],"replies":[{"embeddable":true,"href":"https:\/\/lobosnews.com.ar\/index.php\/wp-json\/wp\/v2\/comments?post=31163"}],"version-history":[{"count":1,"href":"https:\/\/lobosnews.com.ar\/index.php\/wp-json\/wp\/v2\/posts\/31163\/revisions"}],"predecessor-version":[{"id":31166,"href":"https:\/\/lobosnews.com.ar\/index.php\/wp-json\/wp\/v2\/posts\/31163\/revisions\/31166"}],"wp:attachment":[{"href":"https:\/\/lobosnews.com.ar\/index.php\/wp-json\/wp\/v2\/media?parent=31163"}],"wp:term":[{"taxonomy":"category","embeddable":true,"href":"https:\/\/lobosnews.com.ar\/index.php\/wp-json\/wp\/v2\/categories?post=31163"},{"taxonomy":"post_tag","embeddable":true,"href":"https:\/\/lobosnews.com.ar\/index.php\/wp-json\/wp\/v2\/tags?post=31163"}],"curies":[{"name":"wp","href":"https:\/\/api.w.org\/{rel}","templated":true}]}}