{"id":31116,"date":"2026-03-09T02:01:06","date_gmt":"2026-03-09T02:01:06","guid":{"rendered":"https:\/\/lobosnews.com.ar\/index.php\/2026\/03\/09\/con-humor-joaquin-levinton-confeso-como-se-ve-cuando-se-mira-al-espejo-con-51-anos\/"},"modified":"2026-03-09T08:52:36","modified_gmt":"2026-03-09T08:52:36","slug":"con-humor-joaquin-levinton-confeso-como-se-ve-cuando-se-mira-al-espejo-con-51-anos","status":"publish","type":"post","link":"https:\/\/lobosnews.com.ar\/index.php\/2026\/03\/09\/con-humor-joaquin-levinton-confeso-como-se-ve-cuando-se-mira-al-espejo-con-51-anos\/","title":{"rendered":"Con humor, Joaqu\u00edn Levinton confes\u00f3 c\u00f3mo se ve cuando se mira al espejo con 51 a\u00f1os"},"content":{"rendered":"<p><span class=\"waslinkname\"><b>Joaqu\u00edn Levinton<\/b><\/span>, cantante de Turf, comparti\u00f3 detalles sobre su <b>visi\u00f3n frente al espejo a los 51 a\u00f1os<\/b> durante una entrevista en El Buscador, canal de YouTube de Hispa. En di\u00e1logo con Julio Leiva, abord\u00f3 con honestidad c\u00f3mo percibe hoy su imagen, la distancia con su juventud y los trucos que utiliza para enfrentar su propio reflejo.<\/p>\n<p>El artista comparti\u00f3 una an\u00e9cdota sobre c\u00f3mo utiliza sus fotos antiguas en el presente: \u201cA veces cuando estoy con una chica le digo: \u2018Mir\u00e1\u2019 y le muestro una foto de joven. \u2018Mir\u00e1 la foto, mir\u00e1 la foto\u2019. Me la acerco as\u00ed. \u2018Segu\u00ed mirando ac\u00e1. Listo, quedate ah\u00ed. Cerr\u00e1 los ojos. Cerralos muy bien\u2019\u201d. A\u00f1adi\u00f3 que contempla a ese joven de las fotos como si fuera alguien ajeno: \u201cYo veo, lo veo a ese como si fuese otro. No, yo no\u201d.<\/p>\n<p>Cuando se refiri\u00f3 a su relaci\u00f3n con los espejos, Levinton confes\u00f3 en El Buscador de Hispa que no lo entusiasma mirarse ni escuchar su propia m\u00fasica. \u201cNi me gusta verme a m\u00ed ni me gusta que pongan la m\u00fasica m\u00eda. Me da fiaca. <b>La verdad que era lind\u00edsimo. Era hermoso de joven\u201d<\/b>, declar\u00f3, evocando con nostalgia su imagen pasada.<\/p>\n<p><img loading=\"lazy\" decoding=\"async\" src=\"https:\/\/lobosnews.com.ar\/wp-content\/uploads\/2026\/03\/con-humor-joaquin-levinton-confeso-como-se-ve-cuando-se-mira-al-espejo-con-51-anos.jpg\" alt=\"Joaqu\u00edn Levinton en sus inicios con Turf junto a Charly Garc\u00eda\" height=\"1572\" width=\"1920\"\/><\/p>\n<p>Durante la conversaci\u00f3n, Levinton reflexion\u00f3 sobre c\u00f3mo el tiempo y la tecnolog\u00eda han archivado cada etapa de su vida. \u201cEst\u00e1 todo, toda mi vida ah\u00ed en, en YouTube. B\u00e1sicamente. Si yo con la m\u00fasica empec\u00e9 a los diecisiete y de, y antes de los diecisiete no hay mucha vi\u2026 no hay mucho\u201d, relat\u00f3.<\/p>\n<p>Al pregunt\u00e1rsele qu\u00e9 edad siente actualmente, respondi\u00f3: \u201cTreinta y siete\u201d. Luego aclar\u00f3, con humor, que esa percepci\u00f3n cambi\u00f3 recientemente: <b>\u201cPorque madur\u00e9. Porque ten\u00eda veinticuatro\u2026 Hasta hace dos a\u00f1os, veinticuatro\u201d.<\/b><\/p>\n<p>Levinton relat\u00f3 con humor que utiliza ciertos mecanismos para sobrellevar lo que ve en el espejo. Explic\u00f3: \u201cEs que tengo un espejo que tiene un efecto para que yo me vea como, eh, como me quiero ver\u201d. <\/p>\n<p>Como contraste, describi\u00f3 de forma ir\u00f3nica sus impresiones al verse en otros espejos: \u201cEl de abajo del edificio no tiene el efecto. Y hago as\u00ed (se tapa): \u2018Uy, no\u2019. Porque a veces lo miro y digo:<b> \u2018Pum, \u00a1no! Soy enano y gordo\u2019\u201d.<\/b><\/p>\n<h2>Su salud tras el infarto<\/h2>\n<p>Hace una semana, en v\u00edsperas de su cumplea\u00f1os, Levinton relat\u00f3 en FM La Mega 98.3 el episodio que cambi\u00f3 su vida. \u201cTuve un infarto porque ten\u00eda una <b>arteria tapada<\/b> y de repente me empez\u00f3 a doler el pecho, como que no pod\u00eda respirar\u201d, detall\u00f3 sobre la madrugada en el bar El Tim\u00f3n, Palermo, Buenos Aires, donde fue auxiliado primero por un mozo.<\/p>\n<p>Rememor\u00f3 la r\u00e1pida atenci\u00f3n que recibi\u00f3, subrayando: \u201cDespu\u00e9s lleg\u00f3 el SAME rapid\u00edsimo, que me llev\u00f3 al Hospital Fern\u00e1ndez, a quienes tambi\u00e9n les agradezco con todo el coraz\u00f3n lo genial y lo r\u00e1pido que me atendieron\u201d.<\/p>\n<p>El m\u00fasico puso \u00e9nfasis en el sistema p\u00fablico: \u201cEstoy muy bien. Quiero agradecer much\u00edsimo realmente a toda la gente que se preocup\u00f3, sobre todo la gente del <b>Hospital Fern\u00e1ndez<\/b>, que son incre\u00edbles. <b>El hospital p\u00fablico, salud p\u00fablica, aguante. Hay que defenderlos a morir, porque yo entr\u00e9 ah\u00ed en una situaci\u00f3n bastante jodida y me salvaron. <\/b>En un segundo me atendieron y eso le puede pasar a cualquiera\u201d.<\/p>\n<p><img loading=\"lazy\" decoding=\"async\" src=\"https:\/\/lobosnews.com.ar\/wp-content\/uploads\/2026\/03\/con-humor-joaquin-levinton-confeso-como-se-ve-cuando-se-mira-al-espejo-con-51-anos-1.jpg\" alt=\"Joaqu\u00edn Levinton cumpli\u00f3 51 a\u00f1os\" height=\"1080\" width=\"1920\"\/><\/p>\n<p>En su regreso a los escenarios, Levinton sorprendi\u00f3 en el festival <b>Cosqu\u00edn Rock<\/b>, C\u00f3rdoba, al ingresar a cantar en camilla, cubierto como si simulase una emergencia. \u201cEntr\u00e9 de manera misteriosa. Fue un susto para mucha gente nuevamente porque entr\u00e9 en camilla tapado, como muerto\u201d, relat\u00f3 en la radio.<\/p>\n<p>La performance, transmitida en vivo, impact\u00f3 a seguidores y familiares: \u201cMi vieja lo volvi\u00f3 a ver: \u2018Est\u00e1 llegando Joaqu\u00edn Levinton\u2019, y aparec\u00ed yo en la camilla tapado. Eso lo pasaban en vivo\u201d, record\u00f3 con humor.<\/p>\n<p>Tras recuperarse, Levinton profundiz\u00f3 su faceta emprendedora. En un giro inesperado para su vida, cont\u00f3 que lanz\u00f3 un emprendimiento de alfajores con la marca \u201cPescado Ra\u00fal\u201d, inspirado en una an\u00e9cdota de MasterChef cuando, al ser preguntado por el nombre del pescado, respondi\u00f3 \u201cRa\u00fal\u201d. El m\u00fasico anticip\u00f3 que podr\u00edan sumarse nuevos desaf\u00edos, siempre impulsado por el afecto de su entorno.<\/p>\n","protected":false},"excerpt":{"rendered":"<p>Joaqu\u00edn Levinton, cantante de Turf, comparti\u00f3 detalles sobre su visi\u00f3n frente al espejo a los 51 a\u00f1os durante una entrevista en El Buscador, canal de YouTube de Hispa. En di\u00e1logo con Julio Leiva, abord\u00f3 con honestidad c\u00f3mo percibe hoy su imagen, la distancia con su juventud y los trucos que utiliza para enfrentar su propio&#8230;<\/p>\n","protected":false},"author":1,"featured_media":31120,"comment_status":"open","ping_status":"closed","sticky":false,"template":"","format":"standard","meta":{"_jetpack_memberships_contains_paid_content":false,"footnotes":""},"categories":[79],"tags":[],"class_list":["post-31116","post","type-post","status-publish","format-standard","has-post-thumbnail","hentry","category-cine-y-series"],"magazineBlocksPostFeaturedMedia":{"thumbnail":"https:\/\/lobosnews.com.ar\/wp-content\/uploads\/2026\/03\/con-humor-joaquin-levinton-confeso-como-se-ve-cuando-se-mira-al-espejo-con-51-anos-2-150x150.jpg","medium":"https:\/\/lobosnews.com.ar\/wp-content\/uploads\/2026\/03\/con-humor-joaquin-levinton-confeso-como-se-ve-cuando-se-mira-al-espejo-con-51-anos-2-300x169.jpg","medium_large":"https:\/\/lobosnews.com.ar\/wp-content\/uploads\/2026\/03\/con-humor-joaquin-levinton-confeso-como-se-ve-cuando-se-mira-al-espejo-con-51-anos-2-768x432.jpg","large":"https:\/\/lobosnews.com.ar\/wp-content\/uploads\/2026\/03\/con-humor-joaquin-levinton-confeso-como-se-ve-cuando-se-mira-al-espejo-con-51-anos-2-1024x576.jpg","1536x1536":"https:\/\/lobosnews.com.ar\/wp-content\/uploads\/2026\/03\/con-humor-joaquin-levinton-confeso-como-se-ve-cuando-se-mira-al-espejo-con-51-anos-2-1536x864.jpg","2048x2048":"https:\/\/lobosnews.com.ar\/wp-content\/uploads\/2026\/03\/con-humor-joaquin-levinton-confeso-como-se-ve-cuando-se-mira-al-espejo-con-51-anos-2.jpg","newsmatic-featured":"https:\/\/lobosnews.com.ar\/wp-content\/uploads\/2026\/03\/con-humor-joaquin-levinton-confeso-como-se-ve-cuando-se-mira-al-espejo-con-51-anos-2-820x545.jpg","newsmatic-list":"https:\/\/lobosnews.com.ar\/wp-content\/uploads\/2026\/03\/con-humor-joaquin-levinton-confeso-como-se-ve-cuando-se-mira-al-espejo-con-51-anos-2-600x400.jpg","newsmatic-thumb":"https:\/\/lobosnews.com.ar\/wp-content\/uploads\/2026\/03\/con-humor-joaquin-levinton-confeso-como-se-ve-cuando-se-mira-al-espejo-con-51-anos-2-300x200.jpg","newsmatic-small":"https:\/\/lobosnews.com.ar\/wp-content\/uploads\/2026\/03\/con-humor-joaquin-levinton-confeso-como-se-ve-cuando-se-mira-al-espejo-con-51-anos-2-150x95.jpg","newsmatic-grid":"https:\/\/lobosnews.com.ar\/wp-content\/uploads\/2026\/03\/con-humor-joaquin-levinton-confeso-como-se-ve-cuando-se-mira-al-espejo-con-51-anos-2-400x250.jpg"},"magazineBlocksPostAuthor":{"name":"admin","avatar":"https:\/\/secure.gravatar.com\/avatar\/76e419471a2083bc3ceab22a763dbbf9b0c1bd15a6214cf3280e2c2dde4580f9?s=96&d=mm&r=g"},"magazineBlocksPostCommentsNumber":"0","magazineBlocksPostExcerpt":"Joaqu\u00edn Levinton, cantante de Turf, comparti\u00f3 detalles sobre su visi\u00f3n frente al espejo a los 51 a\u00f1os durante una entrevista en El Buscador, canal de YouTube de Hispa. En di\u00e1logo con Julio Leiva, abord\u00f3 con honestidad c\u00f3mo percibe hoy su imagen, la distancia con su juventud y los trucos que utiliza para enfrentar su propio...","magazineBlocksPostCategories":["Cine y Series"],"magazineBlocksPostViewCount":78,"magazineBlocksPostReadTime":4,"magazine_blocks_featured_image_url":{"full":["https:\/\/lobosnews.com.ar\/wp-content\/uploads\/2026\/03\/con-humor-joaquin-levinton-confeso-como-se-ve-cuando-se-mira-al-espejo-con-51-anos-2.jpg",1920,1080,false],"medium":["https:\/\/lobosnews.com.ar\/wp-content\/uploads\/2026\/03\/con-humor-joaquin-levinton-confeso-como-se-ve-cuando-se-mira-al-espejo-con-51-anos-2-300x169.jpg",300,169,true],"thumbnail":["https:\/\/lobosnews.com.ar\/wp-content\/uploads\/2026\/03\/con-humor-joaquin-levinton-confeso-como-se-ve-cuando-se-mira-al-espejo-con-51-anos-2-150x150.jpg",150,150,true]},"magazine_blocks_author":{"display_name":"admin","author_link":"https:\/\/lobosnews.com.ar\/index.php\/author\/lobos-news\/"},"magazine_blocks_comment":0,"magazine_blocks_author_image":"https:\/\/secure.gravatar.com\/avatar\/76e419471a2083bc3ceab22a763dbbf9b0c1bd15a6214cf3280e2c2dde4580f9?s=96&d=mm&r=g","magazine_blocks_category":"<a href=\"#\" class=\"category-link category-link-79\">Cine y Series<\/a>","yoast_head":"<!-- This site is optimized with the Yoast SEO plugin v26.6 - https:\/\/yoast.com\/wordpress\/plugins\/seo\/ -->\n<title>Con humor, Joaqu\u00edn Levinton confes\u00f3 c\u00f3mo se ve cuando se mira al espejo con 51 a\u00f1os - Lobos News<\/title>\n<meta name=\"robots\" content=\"index, follow, max-snippet:-1, max-image-preview:large, max-video-preview:-1\" \/>\n<link rel=\"canonical\" href=\"https:\/\/lobosnews.com.ar\/index.php\/2026\/03\/09\/con-humor-joaquin-levinton-confeso-como-se-ve-cuando-se-mira-al-espejo-con-51-anos\/\" \/>\n<meta property=\"og:locale\" content=\"es_ES\" \/>\n<meta property=\"og:type\" content=\"article\" \/>\n<meta property=\"og:title\" content=\"Con humor, Joaqu\u00edn Levinton confes\u00f3 c\u00f3mo se ve cuando se mira al espejo con 51 a\u00f1os - Lobos News\" \/>\n<meta property=\"og:description\" content=\"Joaqu\u00edn Levinton, cantante de Turf, comparti\u00f3 detalles sobre su visi\u00f3n frente al espejo a los 51 a\u00f1os durante una entrevista en El Buscador, canal de YouTube de Hispa. En di\u00e1logo con Julio Leiva, abord\u00f3 con honestidad c\u00f3mo percibe hoy su imagen, la distancia con su juventud y los trucos que utiliza para enfrentar su propio...\" \/>\n<meta property=\"og:url\" content=\"https:\/\/lobosnews.com.ar\/index.php\/2026\/03\/09\/con-humor-joaquin-levinton-confeso-como-se-ve-cuando-se-mira-al-espejo-con-51-anos\/\" \/>\n<meta property=\"og:site_name\" content=\"Lobos News\" \/>\n<meta property=\"article:published_time\" content=\"2026-03-09T02:01:06+00:00\" \/>\n<meta property=\"article:modified_time\" content=\"2026-03-09T08:52:36+00:00\" \/>\n<meta property=\"og:image\" content=\"https:\/\/lobosnews.com.ar\/wp-content\/uploads\/2026\/03\/con-humor-joaquin-levinton-confeso-como-se-ve-cuando-se-mira-al-espejo-con-51-anos.jpg\" \/>\n<meta name=\"author\" content=\"admin\" \/>\n<meta name=\"twitter:card\" content=\"summary_large_image\" \/>\n<meta name=\"twitter:label1\" content=\"Escrito por\" \/>\n\t<meta name=\"twitter:data1\" content=\"admin\" \/>\n\t<meta name=\"twitter:label2\" content=\"Tiempo de lectura\" \/>\n\t<meta name=\"twitter:data2\" content=\"4 minutos\" \/>\n<script type=\"application\/ld+json\" class=\"yoast-schema-graph\">{\"@context\":\"https:\/\/schema.org\",\"@graph\":[{\"@type\":\"Article\",\"@id\":\"https:\/\/lobosnews.com.ar\/index.php\/2026\/03\/09\/con-humor-joaquin-levinton-confeso-como-se-ve-cuando-se-mira-al-espejo-con-51-anos\/#article\",\"isPartOf\":{\"@id\":\"https:\/\/lobosnews.com.ar\/index.php\/2026\/03\/09\/con-humor-joaquin-levinton-confeso-como-se-ve-cuando-se-mira-al-espejo-con-51-anos\/\"},\"author\":{\"name\":\"admin\",\"@id\":\"https:\/\/lobosnews.com.ar\/#\/schema\/person\/232422a593d5c541dd9aef6aaed10943\"},\"headline\":\"Con humor, Joaqu\u00edn Levinton confes\u00f3 c\u00f3mo se ve cuando se mira al espejo con 51 a\u00f1os\",\"datePublished\":\"2026-03-09T02:01:06+00:00\",\"dateModified\":\"2026-03-09T08:52:36+00:00\",\"mainEntityOfPage\":{\"@id\":\"https:\/\/lobosnews.com.ar\/index.php\/2026\/03\/09\/con-humor-joaquin-levinton-confeso-como-se-ve-cuando-se-mira-al-espejo-con-51-anos\/\"},\"wordCount\":736,\"commentCount\":0,\"publisher\":{\"@id\":\"https:\/\/lobosnews.com.ar\/#organization\"},\"image\":{\"@id\":\"https:\/\/lobosnews.com.ar\/index.php\/2026\/03\/09\/con-humor-joaquin-levinton-confeso-como-se-ve-cuando-se-mira-al-espejo-con-51-anos\/#primaryimage\"},\"thumbnailUrl\":\"https:\/\/lobosnews.com.ar\/wp-content\/uploads\/2026\/03\/con-humor-joaquin-levinton-confeso-como-se-ve-cuando-se-mira-al-espejo-con-51-anos-2.jpg\",\"articleSection\":[\"Cine y Series\"],\"inLanguage\":\"es\",\"potentialAction\":[{\"@type\":\"CommentAction\",\"name\":\"Comment\",\"target\":[\"https:\/\/lobosnews.com.ar\/index.php\/2026\/03\/09\/con-humor-joaquin-levinton-confeso-como-se-ve-cuando-se-mira-al-espejo-con-51-anos\/#respond\"]}]},{\"@type\":\"WebPage\",\"@id\":\"https:\/\/lobosnews.com.ar\/index.php\/2026\/03\/09\/con-humor-joaquin-levinton-confeso-como-se-ve-cuando-se-mira-al-espejo-con-51-anos\/\",\"url\":\"https:\/\/lobosnews.com.ar\/index.php\/2026\/03\/09\/con-humor-joaquin-levinton-confeso-como-se-ve-cuando-se-mira-al-espejo-con-51-anos\/\",\"name\":\"Con humor, Joaqu\u00edn Levinton confes\u00f3 c\u00f3mo se ve cuando se mira al espejo con 51 a\u00f1os - Lobos News\",\"isPartOf\":{\"@id\":\"https:\/\/lobosnews.com.ar\/#website\"},\"primaryImageOfPage\":{\"@id\":\"https:\/\/lobosnews.com.ar\/index.php\/2026\/03\/09\/con-humor-joaquin-levinton-confeso-como-se-ve-cuando-se-mira-al-espejo-con-51-anos\/#primaryimage\"},\"image\":{\"@id\":\"https:\/\/lobosnews.com.ar\/index.php\/2026\/03\/09\/con-humor-joaquin-levinton-confeso-como-se-ve-cuando-se-mira-al-espejo-con-51-anos\/#primaryimage\"},\"thumbnailUrl\":\"https:\/\/lobosnews.com.ar\/wp-content\/uploads\/2026\/03\/con-humor-joaquin-levinton-confeso-como-se-ve-cuando-se-mira-al-espejo-con-51-anos-2.jpg\",\"datePublished\":\"2026-03-09T02:01:06+00:00\",\"dateModified\":\"2026-03-09T08:52:36+00:00\",\"breadcrumb\":{\"@id\":\"https:\/\/lobosnews.com.ar\/index.php\/2026\/03\/09\/con-humor-joaquin-levinton-confeso-como-se-ve-cuando-se-mira-al-espejo-con-51-anos\/#breadcrumb\"},\"inLanguage\":\"es\",\"potentialAction\":[{\"@type\":\"ReadAction\",\"target\":[\"https:\/\/lobosnews.com.ar\/index.php\/2026\/03\/09\/con-humor-joaquin-levinton-confeso-como-se-ve-cuando-se-mira-al-espejo-con-51-anos\/\"]}]},{\"@type\":\"ImageObject\",\"inLanguage\":\"es\",\"@id\":\"https:\/\/lobosnews.com.ar\/index.php\/2026\/03\/09\/con-humor-joaquin-levinton-confeso-como-se-ve-cuando-se-mira-al-espejo-con-51-anos\/#primaryimage\",\"url\":\"https:\/\/lobosnews.com.ar\/wp-content\/uploads\/2026\/03\/con-humor-joaquin-levinton-confeso-como-se-ve-cuando-se-mira-al-espejo-con-51-anos-2.jpg\",\"contentUrl\":\"https:\/\/lobosnews.com.ar\/wp-content\/uploads\/2026\/03\/con-humor-joaquin-levinton-confeso-como-se-ve-cuando-se-mira-al-espejo-con-51-anos-2.jpg\",\"width\":1920,\"height\":1080,\"caption\":\"Con humor, Joaqu\u00edn Levinton confes\u00f3 c\u00f3mo se ve cuando se mira al espejo con 51 a\u00f1os\"},{\"@type\":\"BreadcrumbList\",\"@id\":\"https:\/\/lobosnews.com.ar\/index.php\/2026\/03\/09\/con-humor-joaquin-levinton-confeso-como-se-ve-cuando-se-mira-al-espejo-con-51-anos\/#breadcrumb\",\"itemListElement\":[{\"@type\":\"ListItem\",\"position\":1,\"name\":\"Portada\",\"item\":\"https:\/\/lobosnews.com.ar\/\"},{\"@type\":\"ListItem\",\"position\":2,\"name\":\"Con humor, Joaqu\u00edn Levinton confes\u00f3 c\u00f3mo se ve cuando se mira al espejo con 51 a\u00f1os\"}]},{\"@type\":\"WebSite\",\"@id\":\"https:\/\/lobosnews.com.ar\/#website\",\"url\":\"https:\/\/lobosnews.com.ar\/\",\"name\":\"Lobos News\",\"description\":\"Informaci\u00f3n a cada instante\",\"publisher\":{\"@id\":\"https:\/\/lobosnews.com.ar\/#organization\"},\"potentialAction\":[{\"@type\":\"SearchAction\",\"target\":{\"@type\":\"EntryPoint\",\"urlTemplate\":\"https:\/\/lobosnews.com.ar\/?s={search_term_string}\"},\"query-input\":{\"@type\":\"PropertyValueSpecification\",\"valueRequired\":true,\"valueName\":\"search_term_string\"}}],\"inLanguage\":\"es\"},{\"@type\":\"Organization\",\"@id\":\"https:\/\/lobosnews.com.ar\/#organization\",\"name\":\"Lobos News\",\"url\":\"https:\/\/lobosnews.com.ar\/\",\"logo\":{\"@type\":\"ImageObject\",\"inLanguage\":\"es\",\"@id\":\"https:\/\/lobosnews.com.ar\/#\/schema\/logo\/image\/\",\"url\":\"https:\/\/lobosnews.com.ar\/wp-content\/uploads\/2026\/01\/logo-lobosnews.png\",\"contentUrl\":\"https:\/\/lobosnews.com.ar\/wp-content\/uploads\/2026\/01\/logo-lobosnews.png\",\"width\":500,\"height\":200,\"caption\":\"Lobos News\"},\"image\":{\"@id\":\"https:\/\/lobosnews.com.ar\/#\/schema\/logo\/image\/\"}},{\"@type\":\"Person\",\"@id\":\"https:\/\/lobosnews.com.ar\/#\/schema\/person\/232422a593d5c541dd9aef6aaed10943\",\"name\":\"admin\",\"image\":{\"@type\":\"ImageObject\",\"inLanguage\":\"es\",\"@id\":\"https:\/\/lobosnews.com.ar\/#\/schema\/person\/image\/\",\"url\":\"https:\/\/secure.gravatar.com\/avatar\/76e419471a2083bc3ceab22a763dbbf9b0c1bd15a6214cf3280e2c2dde4580f9?s=96&d=mm&r=g\",\"contentUrl\":\"https:\/\/secure.gravatar.com\/avatar\/76e419471a2083bc3ceab22a763dbbf9b0c1bd15a6214cf3280e2c2dde4580f9?s=96&d=mm&r=g\",\"caption\":\"admin\"},\"sameAs\":[\"https:\/\/lobosnews.com.ar\"],\"url\":\"https:\/\/lobosnews.com.ar\/index.php\/author\/lobos-news\/\"}]}<\/script>\n<!-- \/ Yoast SEO plugin. -->","yoast_head_json":{"title":"Con humor, Joaqu\u00edn Levinton confes\u00f3 c\u00f3mo se ve cuando se mira al espejo con 51 a\u00f1os - Lobos News","robots":{"index":"index","follow":"follow","max-snippet":"max-snippet:-1","max-image-preview":"max-image-preview:large","max-video-preview":"max-video-preview:-1"},"canonical":"https:\/\/lobosnews.com.ar\/index.php\/2026\/03\/09\/con-humor-joaquin-levinton-confeso-como-se-ve-cuando-se-mira-al-espejo-con-51-anos\/","og_locale":"es_ES","og_type":"article","og_title":"Con humor, Joaqu\u00edn Levinton confes\u00f3 c\u00f3mo se ve cuando se mira al espejo con 51 a\u00f1os - Lobos News","og_description":"Joaqu\u00edn Levinton, cantante de Turf, comparti\u00f3 detalles sobre su visi\u00f3n frente al espejo a los 51 a\u00f1os durante una entrevista en El Buscador, canal de YouTube de Hispa. En di\u00e1logo con Julio Leiva, abord\u00f3 con honestidad c\u00f3mo percibe hoy su imagen, la distancia con su juventud y los trucos que utiliza para enfrentar su propio...","og_url":"https:\/\/lobosnews.com.ar\/index.php\/2026\/03\/09\/con-humor-joaquin-levinton-confeso-como-se-ve-cuando-se-mira-al-espejo-con-51-anos\/","og_site_name":"Lobos News","article_published_time":"2026-03-09T02:01:06+00:00","article_modified_time":"2026-03-09T08:52:36+00:00","og_image":[{"url":"https:\/\/lobosnews.com.ar\/wp-content\/uploads\/2026\/03\/con-humor-joaquin-levinton-confeso-como-se-ve-cuando-se-mira-al-espejo-con-51-anos.jpg","type":"","width":"","height":""}],"author":"admin","twitter_card":"summary_large_image","twitter_misc":{"Escrito por":"admin","Tiempo de lectura":"4 minutos"},"schema":{"@context":"https:\/\/schema.org","@graph":[{"@type":"Article","@id":"https:\/\/lobosnews.com.ar\/index.php\/2026\/03\/09\/con-humor-joaquin-levinton-confeso-como-se-ve-cuando-se-mira-al-espejo-con-51-anos\/#article","isPartOf":{"@id":"https:\/\/lobosnews.com.ar\/index.php\/2026\/03\/09\/con-humor-joaquin-levinton-confeso-como-se-ve-cuando-se-mira-al-espejo-con-51-anos\/"},"author":{"name":"admin","@id":"https:\/\/lobosnews.com.ar\/#\/schema\/person\/232422a593d5c541dd9aef6aaed10943"},"headline":"Con humor, Joaqu\u00edn Levinton confes\u00f3 c\u00f3mo se ve cuando se mira al espejo con 51 a\u00f1os","datePublished":"2026-03-09T02:01:06+00:00","dateModified":"2026-03-09T08:52:36+00:00","mainEntityOfPage":{"@id":"https:\/\/lobosnews.com.ar\/index.php\/2026\/03\/09\/con-humor-joaquin-levinton-confeso-como-se-ve-cuando-se-mira-al-espejo-con-51-anos\/"},"wordCount":736,"commentCount":0,"publisher":{"@id":"https:\/\/lobosnews.com.ar\/#organization"},"image":{"@id":"https:\/\/lobosnews.com.ar\/index.php\/2026\/03\/09\/con-humor-joaquin-levinton-confeso-como-se-ve-cuando-se-mira-al-espejo-con-51-anos\/#primaryimage"},"thumbnailUrl":"https:\/\/lobosnews.com.ar\/wp-content\/uploads\/2026\/03\/con-humor-joaquin-levinton-confeso-como-se-ve-cuando-se-mira-al-espejo-con-51-anos-2.jpg","articleSection":["Cine y Series"],"inLanguage":"es","potentialAction":[{"@type":"CommentAction","name":"Comment","target":["https:\/\/lobosnews.com.ar\/index.php\/2026\/03\/09\/con-humor-joaquin-levinton-confeso-como-se-ve-cuando-se-mira-al-espejo-con-51-anos\/#respond"]}]},{"@type":"WebPage","@id":"https:\/\/lobosnews.com.ar\/index.php\/2026\/03\/09\/con-humor-joaquin-levinton-confeso-como-se-ve-cuando-se-mira-al-espejo-con-51-anos\/","url":"https:\/\/lobosnews.com.ar\/index.php\/2026\/03\/09\/con-humor-joaquin-levinton-confeso-como-se-ve-cuando-se-mira-al-espejo-con-51-anos\/","name":"Con humor, Joaqu\u00edn Levinton confes\u00f3 c\u00f3mo se ve cuando se mira al espejo con 51 a\u00f1os - Lobos News","isPartOf":{"@id":"https:\/\/lobosnews.com.ar\/#website"},"primaryImageOfPage":{"@id":"https:\/\/lobosnews.com.ar\/index.php\/2026\/03\/09\/con-humor-joaquin-levinton-confeso-como-se-ve-cuando-se-mira-al-espejo-con-51-anos\/#primaryimage"},"image":{"@id":"https:\/\/lobosnews.com.ar\/index.php\/2026\/03\/09\/con-humor-joaquin-levinton-confeso-como-se-ve-cuando-se-mira-al-espejo-con-51-anos\/#primaryimage"},"thumbnailUrl":"https:\/\/lobosnews.com.ar\/wp-content\/uploads\/2026\/03\/con-humor-joaquin-levinton-confeso-como-se-ve-cuando-se-mira-al-espejo-con-51-anos-2.jpg","datePublished":"2026-03-09T02:01:06+00:00","dateModified":"2026-03-09T08:52:36+00:00","breadcrumb":{"@id":"https:\/\/lobosnews.com.ar\/index.php\/2026\/03\/09\/con-humor-joaquin-levinton-confeso-como-se-ve-cuando-se-mira-al-espejo-con-51-anos\/#breadcrumb"},"inLanguage":"es","potentialAction":[{"@type":"ReadAction","target":["https:\/\/lobosnews.com.ar\/index.php\/2026\/03\/09\/con-humor-joaquin-levinton-confeso-como-se-ve-cuando-se-mira-al-espejo-con-51-anos\/"]}]},{"@type":"ImageObject","inLanguage":"es","@id":"https:\/\/lobosnews.com.ar\/index.php\/2026\/03\/09\/con-humor-joaquin-levinton-confeso-como-se-ve-cuando-se-mira-al-espejo-con-51-anos\/#primaryimage","url":"https:\/\/lobosnews.com.ar\/wp-content\/uploads\/2026\/03\/con-humor-joaquin-levinton-confeso-como-se-ve-cuando-se-mira-al-espejo-con-51-anos-2.jpg","contentUrl":"https:\/\/lobosnews.com.ar\/wp-content\/uploads\/2026\/03\/con-humor-joaquin-levinton-confeso-como-se-ve-cuando-se-mira-al-espejo-con-51-anos-2.jpg","width":1920,"height":1080,"caption":"Con humor, Joaqu\u00edn Levinton confes\u00f3 c\u00f3mo se ve cuando se mira al espejo con 51 a\u00f1os"},{"@type":"BreadcrumbList","@id":"https:\/\/lobosnews.com.ar\/index.php\/2026\/03\/09\/con-humor-joaquin-levinton-confeso-como-se-ve-cuando-se-mira-al-espejo-con-51-anos\/#breadcrumb","itemListElement":[{"@type":"ListItem","position":1,"name":"Portada","item":"https:\/\/lobosnews.com.ar\/"},{"@type":"ListItem","position":2,"name":"Con humor, Joaqu\u00edn Levinton confes\u00f3 c\u00f3mo se ve cuando se mira al espejo con 51 a\u00f1os"}]},{"@type":"WebSite","@id":"https:\/\/lobosnews.com.ar\/#website","url":"https:\/\/lobosnews.com.ar\/","name":"Lobos News","description":"Informaci\u00f3n a cada instante","publisher":{"@id":"https:\/\/lobosnews.com.ar\/#organization"},"potentialAction":[{"@type":"SearchAction","target":{"@type":"EntryPoint","urlTemplate":"https:\/\/lobosnews.com.ar\/?s={search_term_string}"},"query-input":{"@type":"PropertyValueSpecification","valueRequired":true,"valueName":"search_term_string"}}],"inLanguage":"es"},{"@type":"Organization","@id":"https:\/\/lobosnews.com.ar\/#organization","name":"Lobos News","url":"https:\/\/lobosnews.com.ar\/","logo":{"@type":"ImageObject","inLanguage":"es","@id":"https:\/\/lobosnews.com.ar\/#\/schema\/logo\/image\/","url":"https:\/\/lobosnews.com.ar\/wp-content\/uploads\/2026\/01\/logo-lobosnews.png","contentUrl":"https:\/\/lobosnews.com.ar\/wp-content\/uploads\/2026\/01\/logo-lobosnews.png","width":500,"height":200,"caption":"Lobos News"},"image":{"@id":"https:\/\/lobosnews.com.ar\/#\/schema\/logo\/image\/"}},{"@type":"Person","@id":"https:\/\/lobosnews.com.ar\/#\/schema\/person\/232422a593d5c541dd9aef6aaed10943","name":"admin","image":{"@type":"ImageObject","inLanguage":"es","@id":"https:\/\/lobosnews.com.ar\/#\/schema\/person\/image\/","url":"https:\/\/secure.gravatar.com\/avatar\/76e419471a2083bc3ceab22a763dbbf9b0c1bd15a6214cf3280e2c2dde4580f9?s=96&d=mm&r=g","contentUrl":"https:\/\/secure.gravatar.com\/avatar\/76e419471a2083bc3ceab22a763dbbf9b0c1bd15a6214cf3280e2c2dde4580f9?s=96&d=mm&r=g","caption":"admin"},"sameAs":["https:\/\/lobosnews.com.ar"],"url":"https:\/\/lobosnews.com.ar\/index.php\/author\/lobos-news\/"}]}},"jetpack_featured_media_url":"https:\/\/lobosnews.com.ar\/wp-content\/uploads\/2026\/03\/con-humor-joaquin-levinton-confeso-como-se-ve-cuando-se-mira-al-espejo-con-51-anos-2.jpg","jetpack_sharing_enabled":true,"_links":{"self":[{"href":"https:\/\/lobosnews.com.ar\/index.php\/wp-json\/wp\/v2\/posts\/31116","targetHints":{"allow":["GET"]}}],"collection":[{"href":"https:\/\/lobosnews.com.ar\/index.php\/wp-json\/wp\/v2\/posts"}],"about":[{"href":"https:\/\/lobosnews.com.ar\/index.php\/wp-json\/wp\/v2\/types\/post"}],"author":[{"embeddable":true,"href":"https:\/\/lobosnews.com.ar\/index.php\/wp-json\/wp\/v2\/users\/1"}],"replies":[{"embeddable":true,"href":"https:\/\/lobosnews.com.ar\/index.php\/wp-json\/wp\/v2\/comments?post=31116"}],"version-history":[{"count":1,"href":"https:\/\/lobosnews.com.ar\/index.php\/wp-json\/wp\/v2\/posts\/31116\/revisions"}],"predecessor-version":[{"id":31119,"href":"https:\/\/lobosnews.com.ar\/index.php\/wp-json\/wp\/v2\/posts\/31116\/revisions\/31119"}],"wp:featuredmedia":[{"embeddable":true,"href":"https:\/\/lobosnews.com.ar\/index.php\/wp-json\/wp\/v2\/media\/31120"}],"wp:attachment":[{"href":"https:\/\/lobosnews.com.ar\/index.php\/wp-json\/wp\/v2\/media?parent=31116"}],"wp:term":[{"taxonomy":"category","embeddable":true,"href":"https:\/\/lobosnews.com.ar\/index.php\/wp-json\/wp\/v2\/categories?post=31116"},{"taxonomy":"post_tag","embeddable":true,"href":"https:\/\/lobosnews.com.ar\/index.php\/wp-json\/wp\/v2\/tags?post=31116"}],"curies":[{"name":"wp","href":"https:\/\/api.w.org\/{rel}","templated":true}]}}