{"id":31110,"date":"2026-03-09T03:23:01","date_gmt":"2026-03-09T03:23:01","guid":{"rendered":"https:\/\/lobosnews.com.ar\/index.php\/2026\/03\/09\/el-saludo-de-julieta-y-rosario-las-hijas-de-palito-ortega-por-sus-85-anos-feliz-cumple-papa\/"},"modified":"2026-03-09T08:50:01","modified_gmt":"2026-03-09T08:50:01","slug":"el-saludo-de-julieta-y-rosario-las-hijas-de-palito-ortega-por-sus-85-anos-feliz-cumple-papa","status":"publish","type":"post","link":"https:\/\/lobosnews.com.ar\/index.php\/2026\/03\/09\/el-saludo-de-julieta-y-rosario-las-hijas-de-palito-ortega-por-sus-85-anos-feliz-cumple-papa\/","title":{"rendered":"El saludo de Julieta y Rosario, las hijas de Palito Ortega, por sus 85 a\u00f1os: \u201cFeliz cumple, pap\u00e1\u201d"},"content":{"rendered":"<p><img loading=\"lazy\" decoding=\"async\" src=\"https:\/\/lobosnews.com.ar\/wp-content\/uploads\/2026\/03\/el-saludo-de-julieta-y-rosario-las-hijas-de-palito-ortega-por-sus-85-anos-feliz-cumple-papa.jpg\" alt=\"Palito Ortega, \u00edcono de la m\u00fasica argentina, recibi\u00f3 homenajes p\u00fablicos y tributos por su extensa trayectoria art\u00edstica\" height=\"1080\" width=\"1920\"\/><\/p>\n<p><span class=\"waslinkname\"><b>Ram\u00f3n \u201cPalito\u201d Ortega<\/b><\/span> celebr\u00f3 el pasado 8 de marzo sus <b>85 a\u00f1os<\/b> rodeado del cari\u00f1o de su familia y del reconocimiento p\u00fablico a una trayectoria que lo convirti\u00f3 en una figura central de la cultura popular argentina. Pero, entre homenajes institucionales, recuerdos de su carrera y mensajes de admiraci\u00f3n, hubo un gesto \u00edntimo que capt\u00f3 la atenci\u00f3n en las redes sociales: el saludo que le dedicaron dos de sus hijas, <span class=\"waslinkname\"><b>Julieta<\/b><\/span><b> y <\/b><span class=\"waslinkname\"><b>Rosario Ortega<\/b><\/span><b>, con una postal familiar cargada de afecto y simpleza.<\/b><\/p>\n<p>La imagen fue compartida por Julieta Ortega en sus historias de Instagram. En la foto se lo ve a Palito sentado junto a sus dos hijas, en el interior de una casa, en una escena descontracturada y c\u00e1lida. \u00c9l aparece con un buzo verde, sonriente, mientras Julieta y Rosario se acercan a c\u00e1mara con complicidad y ternura. Sobre la imagen, Julieta escribi\u00f3 una frase breve pero significativa:<b> \u201cFeliz cumple, pap\u00e1\u201d.<\/b> Poco despu\u00e9s, Rosario reposte\u00f3 la misma publicaci\u00f3n y <b>sum\u00f3 emojis de torta y coraz\u00f3n blanco<\/b>, reforzando el clima familiar de la dedicatoria.<\/p>\n<p><img loading=\"lazy\" decoding=\"async\" src=\"https:\/\/lobosnews.com.ar\/wp-content\/uploads\/2026\/03\/el-saludo-de-julieta-y-rosario-las-hijas-de-palito-ortega-por-sus-85-anos-feliz-cumple-papa-1.jpg\" alt=\"Julieta y Rosario Ortega compartieron un emotivo saludo en redes sociales por el cumplea\u00f1os n\u00famero 85 de Palito Ortega\" height=\"862\" width=\"486\"\/><\/p>\n<p>El gesto no pas\u00f3 inadvertido por tratarse de uno de los cumplea\u00f1os m\u00e1s simb\u00f3licos del artista tucumano, que este a\u00f1o alcanz\u00f3 los 85 con el peso de una historia \u00fanica dentro del espect\u00e1culo argentino. Cantautor, actor, productor discogr\u00e1fico, director de cine y tambi\u00e9n exgobernador de Tucum\u00e1n, Palito supo construir una carrera inmensa desde los m\u00e1rgenes m\u00e1s duros. Nacido el 8 de marzo de 1941 en Lules, Tucum\u00e1n, comenz\u00f3 a trabajar cuando era apenas un ni\u00f1o para ayudar a su familia. Lustr\u00f3 zapatos, vendi\u00f3 caf\u00e9 y, ya en Buenos Aires, fue acerc\u00e1ndose como pudo al mundo que so\u00f1aba habitar: <b>el de la m\u00fasica.<\/b><\/p>\n<p>Ese recorrido, que parec\u00eda improbable,<b> termin\u00f3 convirti\u00e9ndolo en uno de los nombres m\u00e1s populares y queridos del pa\u00eds. <\/b>Su ingreso al Club del Clan lo proyect\u00f3 como \u00eddolo masivo y, con el paso de los a\u00f1os, consolid\u00f3 un repertorio que atraviesa generaciones: \u201cLa felicidad\u201d, \u201cYo tengo fe\u201d, \u201cBienvenido amor\u201d, \u201cCoraz\u00f3n contento\u201d y \u201cLa sonrisa de mam\u00e1\u201d son apenas algunos de los t\u00edtulos que construyeron su leyenda. Tambi\u00e9n tuvo una intensa carrera cinematogr\u00e1fica, con decenas de pel\u00edculas filmadas entre Argentina, Espa\u00f1a y M\u00e9xico, y una proyecci\u00f3n internacional que lo llev\u00f3 a Europa y a toda Latinoam\u00e9rica.<\/p>\n<p><img loading=\"lazy\" decoding=\"async\" src=\"https:\/\/lobosnews.com.ar\/wp-content\/uploads\/2026\/03\/el-saludo-de-julieta-y-rosario-las-hijas-de-palito-ortega-por-sus-85-anos-feliz-cumple-papa-2.jpg\" alt=\"La Secretaria de Cultura distingui\u00f3 a Palito Ortega como Personalidad Em\u00e9rita de la Cultura por su contribuci\u00f3n art\u00edstica\" height=\"4000\" width=\"6000\"\/><\/p>\n<p>En septiembre del a\u00f1o pasado, incluso, la Secretar\u00eda de Cultura lo homenaje\u00f3 con un concierto tributo a su obra y lo distingui\u00f3 como Personalidad Em\u00e9rita de la Cultura, en reconocimiento a su aporte art\u00edstico. Sin embargo, m\u00e1s all\u00e1 de los premios y los escenarios, <b>uno de los aspectos m\u00e1s celebrados de su vida p\u00fablica siempre fue la familia <\/b>que construy\u00f3 junto a <b>Evangelina Salazar<\/b>, su compa\u00f1era de toda la vida. Padres de seis hijos (Mart\u00edn, Julieta, Sebasti\u00e1n, Emanuel, Luis y Rosario), los Ortega formaron a lo largo de los a\u00f1os uno de los clanes m\u00e1s singulares del ambiente art\u00edstico argentino. Cada uno tom\u00f3 su propio camino, con perfiles bien distintos, pero todos quedaron atravesados de alguna manera por la sensibilidad, la exposici\u00f3n y el legado cultural de sus padres.<\/p>\n<p><b>En ese mapa familiar, Julieta y Rosario fueron las que esta vez eligieron expresarse p\u00fablicamente. <\/b>Julieta, nacida en 1972, construy\u00f3 una s\u00f3lida carrera como actriz en cine, teatro y televisi\u00f3n. Due\u00f1a de una personalidad filosa, sensible y singular, se gan\u00f3 un lugar propio mucho m\u00e1s all\u00e1 de su apellido. Rosario, la menor del clan, nacida en 1985, encontr\u00f3 en la m\u00fasica un territorio personal, con una b\u00fasqueda m\u00e1s alternativa y delicada, aunque sin dejar de reconocer la influencia paterna. El detalle del saludo tambi\u00e9n llam\u00f3 la atenci\u00f3n porque, al menos de manera p\u00fablica,<b> ninguno de los otros hijos del cantante se sum\u00f3 con mensajes visibles en redes sociales<\/b>. Eso no implica, claro, ausencia de contacto o de celebraci\u00f3n puertas adentro, pero s\u00ed hizo que la dedicatoria de Julieta y Rosario tomara una relevancia especial entre los seguidores del clan Ortega, siempre atentos a los movimientos familiares.<\/p>\n","protected":false},"excerpt":{"rendered":"<p>Ram\u00f3n \u201cPalito\u201d Ortega celebr\u00f3 el pasado 8 de marzo sus 85 a\u00f1os rodeado del cari\u00f1o de su familia y del reconocimiento p\u00fablico a una trayectoria que lo convirti\u00f3 en una figura central de la cultura popular argentina. Pero, entre homenajes institucionales, recuerdos de su carrera y mensajes de admiraci\u00f3n, hubo un gesto \u00edntimo que capt\u00f3&#8230;<\/p>\n","protected":false},"author":1,"featured_media":31115,"comment_status":"open","ping_status":"closed","sticky":false,"template":"","format":"standard","meta":{"_jetpack_memberships_contains_paid_content":false,"footnotes":""},"categories":[79],"tags":[],"class_list":["post-31110","post","type-post","status-publish","format-standard","has-post-thumbnail","hentry","category-cine-y-series"],"magazineBlocksPostFeaturedMedia":{"thumbnail":"https:\/\/lobosnews.com.ar\/wp-content\/uploads\/2026\/03\/el-saludo-de-julieta-y-rosario-las-hijas-de-palito-ortega-por-sus-85-anos-feliz-cumple-papa-4-150x150.jpg","medium":"https:\/\/lobosnews.com.ar\/wp-content\/uploads\/2026\/03\/el-saludo-de-julieta-y-rosario-las-hijas-de-palito-ortega-por-sus-85-anos-feliz-cumple-papa-4-300x200.jpg","medium_large":"https:\/\/lobosnews.com.ar\/wp-content\/uploads\/2026\/03\/el-saludo-de-julieta-y-rosario-las-hijas-de-palito-ortega-por-sus-85-anos-feliz-cumple-papa-4-768x512.jpg","large":"https:\/\/lobosnews.com.ar\/wp-content\/uploads\/2026\/03\/el-saludo-de-julieta-y-rosario-las-hijas-de-palito-ortega-por-sus-85-anos-feliz-cumple-papa-4-1024x683.jpg","1536x1536":"https:\/\/lobosnews.com.ar\/wp-content\/uploads\/2026\/03\/el-saludo-de-julieta-y-rosario-las-hijas-de-palito-ortega-por-sus-85-anos-feliz-cumple-papa-4-1536x1024.jpg","2048x2048":"https:\/\/lobosnews.com.ar\/wp-content\/uploads\/2026\/03\/el-saludo-de-julieta-y-rosario-las-hijas-de-palito-ortega-por-sus-85-anos-feliz-cumple-papa-4-2048x1365.jpg","newsmatic-featured":"https:\/\/lobosnews.com.ar\/wp-content\/uploads\/2026\/03\/el-saludo-de-julieta-y-rosario-las-hijas-de-palito-ortega-por-sus-85-anos-feliz-cumple-papa-4-820x545.jpg","newsmatic-list":"https:\/\/lobosnews.com.ar\/wp-content\/uploads\/2026\/03\/el-saludo-de-julieta-y-rosario-las-hijas-de-palito-ortega-por-sus-85-anos-feliz-cumple-papa-4-600x400.jpg","newsmatic-thumb":"https:\/\/lobosnews.com.ar\/wp-content\/uploads\/2026\/03\/el-saludo-de-julieta-y-rosario-las-hijas-de-palito-ortega-por-sus-85-anos-feliz-cumple-papa-4-300x200.jpg","newsmatic-small":"https:\/\/lobosnews.com.ar\/wp-content\/uploads\/2026\/03\/el-saludo-de-julieta-y-rosario-las-hijas-de-palito-ortega-por-sus-85-anos-feliz-cumple-papa-4-150x95.jpg","newsmatic-grid":"https:\/\/lobosnews.com.ar\/wp-content\/uploads\/2026\/03\/el-saludo-de-julieta-y-rosario-las-hijas-de-palito-ortega-por-sus-85-anos-feliz-cumple-papa-4-400x250.jpg"},"magazineBlocksPostAuthor":{"name":"admin","avatar":"https:\/\/secure.gravatar.com\/avatar\/76e419471a2083bc3ceab22a763dbbf9b0c1bd15a6214cf3280e2c2dde4580f9?s=96&d=mm&r=g"},"magazineBlocksPostCommentsNumber":"0","magazineBlocksPostExcerpt":"Ram\u00f3n \u201cPalito\u201d Ortega celebr\u00f3 el pasado 8 de marzo sus 85 a\u00f1os rodeado del cari\u00f1o de su familia y del reconocimiento p\u00fablico a una trayectoria que lo convirti\u00f3 en una figura central de la cultura popular argentina. Pero, entre homenajes institucionales, recuerdos de su carrera y mensajes de admiraci\u00f3n, hubo un gesto \u00edntimo que capt\u00f3...","magazineBlocksPostCategories":["Cine y Series"],"magazineBlocksPostViewCount":108,"magazineBlocksPostReadTime":4,"magazine_blocks_featured_image_url":{"full":["https:\/\/lobosnews.com.ar\/wp-content\/uploads\/2026\/03\/el-saludo-de-julieta-y-rosario-las-hijas-de-palito-ortega-por-sus-85-anos-feliz-cumple-papa-4-scaled.jpg",2560,1706,false],"medium":["https:\/\/lobosnews.com.ar\/wp-content\/uploads\/2026\/03\/el-saludo-de-julieta-y-rosario-las-hijas-de-palito-ortega-por-sus-85-anos-feliz-cumple-papa-4-300x200.jpg",300,200,true],"thumbnail":["https:\/\/lobosnews.com.ar\/wp-content\/uploads\/2026\/03\/el-saludo-de-julieta-y-rosario-las-hijas-de-palito-ortega-por-sus-85-anos-feliz-cumple-papa-4-150x150.jpg",150,150,true]},"magazine_blocks_author":{"display_name":"admin","author_link":"https:\/\/lobosnews.com.ar\/index.php\/author\/lobos-news\/"},"magazine_blocks_comment":0,"magazine_blocks_author_image":"https:\/\/secure.gravatar.com\/avatar\/76e419471a2083bc3ceab22a763dbbf9b0c1bd15a6214cf3280e2c2dde4580f9?s=96&d=mm&r=g","magazine_blocks_category":"<a href=\"#\" class=\"category-link category-link-79\">Cine y Series<\/a>","yoast_head":"<!-- This site is optimized with the Yoast SEO plugin v26.6 - https:\/\/yoast.com\/wordpress\/plugins\/seo\/ -->\n<title>El saludo de Julieta y Rosario, las hijas de Palito Ortega, por sus 85 a\u00f1os: \u201cFeliz cumple, pap\u00e1\u201d - Lobos News<\/title>\n<meta name=\"robots\" content=\"index, follow, max-snippet:-1, max-image-preview:large, max-video-preview:-1\" \/>\n<link rel=\"canonical\" href=\"https:\/\/lobosnews.com.ar\/index.php\/2026\/03\/09\/el-saludo-de-julieta-y-rosario-las-hijas-de-palito-ortega-por-sus-85-anos-feliz-cumple-papa\/\" \/>\n<meta property=\"og:locale\" content=\"es_ES\" \/>\n<meta property=\"og:type\" content=\"article\" \/>\n<meta property=\"og:title\" content=\"El saludo de Julieta y Rosario, las hijas de Palito Ortega, por sus 85 a\u00f1os: \u201cFeliz cumple, pap\u00e1\u201d - Lobos News\" \/>\n<meta property=\"og:description\" content=\"Ram\u00f3n \u201cPalito\u201d Ortega celebr\u00f3 el pasado 8 de marzo sus 85 a\u00f1os rodeado del cari\u00f1o de su familia y del reconocimiento p\u00fablico a una trayectoria que lo convirti\u00f3 en una figura central de la cultura popular argentina. Pero, entre homenajes institucionales, recuerdos de su carrera y mensajes de admiraci\u00f3n, hubo un gesto \u00edntimo que capt\u00f3...\" \/>\n<meta property=\"og:url\" content=\"https:\/\/lobosnews.com.ar\/index.php\/2026\/03\/09\/el-saludo-de-julieta-y-rosario-las-hijas-de-palito-ortega-por-sus-85-anos-feliz-cumple-papa\/\" \/>\n<meta property=\"og:site_name\" content=\"Lobos News\" \/>\n<meta property=\"article:published_time\" content=\"2026-03-09T03:23:01+00:00\" \/>\n<meta property=\"article:modified_time\" content=\"2026-03-09T08:50:01+00:00\" \/>\n<meta property=\"og:image\" content=\"https:\/\/lobosnews.com.ar\/wp-content\/uploads\/2026\/03\/el-saludo-de-julieta-y-rosario-las-hijas-de-palito-ortega-por-sus-85-anos-feliz-cumple-papa.jpg\" \/>\n<meta name=\"author\" content=\"admin\" \/>\n<meta name=\"twitter:card\" content=\"summary_large_image\" \/>\n<meta name=\"twitter:label1\" content=\"Escrito por\" \/>\n\t<meta name=\"twitter:data1\" content=\"admin\" \/>\n\t<meta name=\"twitter:label2\" content=\"Tiempo de lectura\" \/>\n\t<meta name=\"twitter:data2\" content=\"4 minutos\" \/>\n<script type=\"application\/ld+json\" class=\"yoast-schema-graph\">{\"@context\":\"https:\/\/schema.org\",\"@graph\":[{\"@type\":\"Article\",\"@id\":\"https:\/\/lobosnews.com.ar\/index.php\/2026\/03\/09\/el-saludo-de-julieta-y-rosario-las-hijas-de-palito-ortega-por-sus-85-anos-feliz-cumple-papa\/#article\",\"isPartOf\":{\"@id\":\"https:\/\/lobosnews.com.ar\/index.php\/2026\/03\/09\/el-saludo-de-julieta-y-rosario-las-hijas-de-palito-ortega-por-sus-85-anos-feliz-cumple-papa\/\"},\"author\":{\"name\":\"admin\",\"@id\":\"https:\/\/lobosnews.com.ar\/#\/schema\/person\/232422a593d5c541dd9aef6aaed10943\"},\"headline\":\"El saludo de Julieta y Rosario, las hijas de Palito Ortega, por sus 85 a\u00f1os: \u201cFeliz cumple, pap\u00e1\u201d\",\"datePublished\":\"2026-03-09T03:23:01+00:00\",\"dateModified\":\"2026-03-09T08:50:01+00:00\",\"mainEntityOfPage\":{\"@id\":\"https:\/\/lobosnews.com.ar\/index.php\/2026\/03\/09\/el-saludo-de-julieta-y-rosario-las-hijas-de-palito-ortega-por-sus-85-anos-feliz-cumple-papa\/\"},\"wordCount\":724,\"commentCount\":0,\"publisher\":{\"@id\":\"https:\/\/lobosnews.com.ar\/#organization\"},\"image\":{\"@id\":\"https:\/\/lobosnews.com.ar\/index.php\/2026\/03\/09\/el-saludo-de-julieta-y-rosario-las-hijas-de-palito-ortega-por-sus-85-anos-feliz-cumple-papa\/#primaryimage\"},\"thumbnailUrl\":\"https:\/\/lobosnews.com.ar\/wp-content\/uploads\/2026\/03\/el-saludo-de-julieta-y-rosario-las-hijas-de-palito-ortega-por-sus-85-anos-feliz-cumple-papa-4-scaled.jpg\",\"articleSection\":[\"Cine y Series\"],\"inLanguage\":\"es\",\"potentialAction\":[{\"@type\":\"CommentAction\",\"name\":\"Comment\",\"target\":[\"https:\/\/lobosnews.com.ar\/index.php\/2026\/03\/09\/el-saludo-de-julieta-y-rosario-las-hijas-de-palito-ortega-por-sus-85-anos-feliz-cumple-papa\/#respond\"]}]},{\"@type\":\"WebPage\",\"@id\":\"https:\/\/lobosnews.com.ar\/index.php\/2026\/03\/09\/el-saludo-de-julieta-y-rosario-las-hijas-de-palito-ortega-por-sus-85-anos-feliz-cumple-papa\/\",\"url\":\"https:\/\/lobosnews.com.ar\/index.php\/2026\/03\/09\/el-saludo-de-julieta-y-rosario-las-hijas-de-palito-ortega-por-sus-85-anos-feliz-cumple-papa\/\",\"name\":\"El saludo de Julieta y Rosario, las hijas de Palito Ortega, por sus 85 a\u00f1os: \u201cFeliz cumple, pap\u00e1\u201d - Lobos News\",\"isPartOf\":{\"@id\":\"https:\/\/lobosnews.com.ar\/#website\"},\"primaryImageOfPage\":{\"@id\":\"https:\/\/lobosnews.com.ar\/index.php\/2026\/03\/09\/el-saludo-de-julieta-y-rosario-las-hijas-de-palito-ortega-por-sus-85-anos-feliz-cumple-papa\/#primaryimage\"},\"image\":{\"@id\":\"https:\/\/lobosnews.com.ar\/index.php\/2026\/03\/09\/el-saludo-de-julieta-y-rosario-las-hijas-de-palito-ortega-por-sus-85-anos-feliz-cumple-papa\/#primaryimage\"},\"thumbnailUrl\":\"https:\/\/lobosnews.com.ar\/wp-content\/uploads\/2026\/03\/el-saludo-de-julieta-y-rosario-las-hijas-de-palito-ortega-por-sus-85-anos-feliz-cumple-papa-4-scaled.jpg\",\"datePublished\":\"2026-03-09T03:23:01+00:00\",\"dateModified\":\"2026-03-09T08:50:01+00:00\",\"breadcrumb\":{\"@id\":\"https:\/\/lobosnews.com.ar\/index.php\/2026\/03\/09\/el-saludo-de-julieta-y-rosario-las-hijas-de-palito-ortega-por-sus-85-anos-feliz-cumple-papa\/#breadcrumb\"},\"inLanguage\":\"es\",\"potentialAction\":[{\"@type\":\"ReadAction\",\"target\":[\"https:\/\/lobosnews.com.ar\/index.php\/2026\/03\/09\/el-saludo-de-julieta-y-rosario-las-hijas-de-palito-ortega-por-sus-85-anos-feliz-cumple-papa\/\"]}]},{\"@type\":\"ImageObject\",\"inLanguage\":\"es\",\"@id\":\"https:\/\/lobosnews.com.ar\/index.php\/2026\/03\/09\/el-saludo-de-julieta-y-rosario-las-hijas-de-palito-ortega-por-sus-85-anos-feliz-cumple-papa\/#primaryimage\",\"url\":\"https:\/\/lobosnews.com.ar\/wp-content\/uploads\/2026\/03\/el-saludo-de-julieta-y-rosario-las-hijas-de-palito-ortega-por-sus-85-anos-feliz-cumple-papa-4-scaled.jpg\",\"contentUrl\":\"https:\/\/lobosnews.com.ar\/wp-content\/uploads\/2026\/03\/el-saludo-de-julieta-y-rosario-las-hijas-de-palito-ortega-por-sus-85-anos-feliz-cumple-papa-4-scaled.jpg\",\"width\":2560,\"height\":1706,\"caption\":\"El saludo de Julieta y Rosario, las hijas de Palito Ortega, por sus 85 a\u00f1os: \u201cFeliz cumple, pap\u00e1\u201d\"},{\"@type\":\"BreadcrumbList\",\"@id\":\"https:\/\/lobosnews.com.ar\/index.php\/2026\/03\/09\/el-saludo-de-julieta-y-rosario-las-hijas-de-palito-ortega-por-sus-85-anos-feliz-cumple-papa\/#breadcrumb\",\"itemListElement\":[{\"@type\":\"ListItem\",\"position\":1,\"name\":\"Portada\",\"item\":\"https:\/\/lobosnews.com.ar\/\"},{\"@type\":\"ListItem\",\"position\":2,\"name\":\"El saludo de Julieta y Rosario, las hijas de Palito Ortega, por sus 85 a\u00f1os: \u201cFeliz cumple, pap\u00e1\u201d\"}]},{\"@type\":\"WebSite\",\"@id\":\"https:\/\/lobosnews.com.ar\/#website\",\"url\":\"https:\/\/lobosnews.com.ar\/\",\"name\":\"Lobos News\",\"description\":\"Informaci\u00f3n a cada instante\",\"publisher\":{\"@id\":\"https:\/\/lobosnews.com.ar\/#organization\"},\"potentialAction\":[{\"@type\":\"SearchAction\",\"target\":{\"@type\":\"EntryPoint\",\"urlTemplate\":\"https:\/\/lobosnews.com.ar\/?s={search_term_string}\"},\"query-input\":{\"@type\":\"PropertyValueSpecification\",\"valueRequired\":true,\"valueName\":\"search_term_string\"}}],\"inLanguage\":\"es\"},{\"@type\":\"Organization\",\"@id\":\"https:\/\/lobosnews.com.ar\/#organization\",\"name\":\"Lobos News\",\"url\":\"https:\/\/lobosnews.com.ar\/\",\"logo\":{\"@type\":\"ImageObject\",\"inLanguage\":\"es\",\"@id\":\"https:\/\/lobosnews.com.ar\/#\/schema\/logo\/image\/\",\"url\":\"https:\/\/lobosnews.com.ar\/wp-content\/uploads\/2026\/01\/logo-lobosnews.png\",\"contentUrl\":\"https:\/\/lobosnews.com.ar\/wp-content\/uploads\/2026\/01\/logo-lobosnews.png\",\"width\":500,\"height\":200,\"caption\":\"Lobos News\"},\"image\":{\"@id\":\"https:\/\/lobosnews.com.ar\/#\/schema\/logo\/image\/\"}},{\"@type\":\"Person\",\"@id\":\"https:\/\/lobosnews.com.ar\/#\/schema\/person\/232422a593d5c541dd9aef6aaed10943\",\"name\":\"admin\",\"image\":{\"@type\":\"ImageObject\",\"inLanguage\":\"es\",\"@id\":\"https:\/\/lobosnews.com.ar\/#\/schema\/person\/image\/\",\"url\":\"https:\/\/secure.gravatar.com\/avatar\/76e419471a2083bc3ceab22a763dbbf9b0c1bd15a6214cf3280e2c2dde4580f9?s=96&d=mm&r=g\",\"contentUrl\":\"https:\/\/secure.gravatar.com\/avatar\/76e419471a2083bc3ceab22a763dbbf9b0c1bd15a6214cf3280e2c2dde4580f9?s=96&d=mm&r=g\",\"caption\":\"admin\"},\"sameAs\":[\"https:\/\/lobosnews.com.ar\"],\"url\":\"https:\/\/lobosnews.com.ar\/index.php\/author\/lobos-news\/\"}]}<\/script>\n<!-- \/ Yoast SEO plugin. -->","yoast_head_json":{"title":"El saludo de Julieta y Rosario, las hijas de Palito Ortega, por sus 85 a\u00f1os: \u201cFeliz cumple, pap\u00e1\u201d - Lobos News","robots":{"index":"index","follow":"follow","max-snippet":"max-snippet:-1","max-image-preview":"max-image-preview:large","max-video-preview":"max-video-preview:-1"},"canonical":"https:\/\/lobosnews.com.ar\/index.php\/2026\/03\/09\/el-saludo-de-julieta-y-rosario-las-hijas-de-palito-ortega-por-sus-85-anos-feliz-cumple-papa\/","og_locale":"es_ES","og_type":"article","og_title":"El saludo de Julieta y Rosario, las hijas de Palito Ortega, por sus 85 a\u00f1os: \u201cFeliz cumple, pap\u00e1\u201d - Lobos News","og_description":"Ram\u00f3n \u201cPalito\u201d Ortega celebr\u00f3 el pasado 8 de marzo sus 85 a\u00f1os rodeado del cari\u00f1o de su familia y del reconocimiento p\u00fablico a una trayectoria que lo convirti\u00f3 en una figura central de la cultura popular argentina. Pero, entre homenajes institucionales, recuerdos de su carrera y mensajes de admiraci\u00f3n, hubo un gesto \u00edntimo que capt\u00f3...","og_url":"https:\/\/lobosnews.com.ar\/index.php\/2026\/03\/09\/el-saludo-de-julieta-y-rosario-las-hijas-de-palito-ortega-por-sus-85-anos-feliz-cumple-papa\/","og_site_name":"Lobos News","article_published_time":"2026-03-09T03:23:01+00:00","article_modified_time":"2026-03-09T08:50:01+00:00","og_image":[{"url":"https:\/\/lobosnews.com.ar\/wp-content\/uploads\/2026\/03\/el-saludo-de-julieta-y-rosario-las-hijas-de-palito-ortega-por-sus-85-anos-feliz-cumple-papa.jpg","type":"","width":"","height":""}],"author":"admin","twitter_card":"summary_large_image","twitter_misc":{"Escrito por":"admin","Tiempo de lectura":"4 minutos"},"schema":{"@context":"https:\/\/schema.org","@graph":[{"@type":"Article","@id":"https:\/\/lobosnews.com.ar\/index.php\/2026\/03\/09\/el-saludo-de-julieta-y-rosario-las-hijas-de-palito-ortega-por-sus-85-anos-feliz-cumple-papa\/#article","isPartOf":{"@id":"https:\/\/lobosnews.com.ar\/index.php\/2026\/03\/09\/el-saludo-de-julieta-y-rosario-las-hijas-de-palito-ortega-por-sus-85-anos-feliz-cumple-papa\/"},"author":{"name":"admin","@id":"https:\/\/lobosnews.com.ar\/#\/schema\/person\/232422a593d5c541dd9aef6aaed10943"},"headline":"El saludo de Julieta y Rosario, las hijas de Palito Ortega, por sus 85 a\u00f1os: \u201cFeliz cumple, pap\u00e1\u201d","datePublished":"2026-03-09T03:23:01+00:00","dateModified":"2026-03-09T08:50:01+00:00","mainEntityOfPage":{"@id":"https:\/\/lobosnews.com.ar\/index.php\/2026\/03\/09\/el-saludo-de-julieta-y-rosario-las-hijas-de-palito-ortega-por-sus-85-anos-feliz-cumple-papa\/"},"wordCount":724,"commentCount":0,"publisher":{"@id":"https:\/\/lobosnews.com.ar\/#organization"},"image":{"@id":"https:\/\/lobosnews.com.ar\/index.php\/2026\/03\/09\/el-saludo-de-julieta-y-rosario-las-hijas-de-palito-ortega-por-sus-85-anos-feliz-cumple-papa\/#primaryimage"},"thumbnailUrl":"https:\/\/lobosnews.com.ar\/wp-content\/uploads\/2026\/03\/el-saludo-de-julieta-y-rosario-las-hijas-de-palito-ortega-por-sus-85-anos-feliz-cumple-papa-4-scaled.jpg","articleSection":["Cine y Series"],"inLanguage":"es","potentialAction":[{"@type":"CommentAction","name":"Comment","target":["https:\/\/lobosnews.com.ar\/index.php\/2026\/03\/09\/el-saludo-de-julieta-y-rosario-las-hijas-de-palito-ortega-por-sus-85-anos-feliz-cumple-papa\/#respond"]}]},{"@type":"WebPage","@id":"https:\/\/lobosnews.com.ar\/index.php\/2026\/03\/09\/el-saludo-de-julieta-y-rosario-las-hijas-de-palito-ortega-por-sus-85-anos-feliz-cumple-papa\/","url":"https:\/\/lobosnews.com.ar\/index.php\/2026\/03\/09\/el-saludo-de-julieta-y-rosario-las-hijas-de-palito-ortega-por-sus-85-anos-feliz-cumple-papa\/","name":"El saludo de Julieta y Rosario, las hijas de Palito Ortega, por sus 85 a\u00f1os: \u201cFeliz cumple, pap\u00e1\u201d - Lobos News","isPartOf":{"@id":"https:\/\/lobosnews.com.ar\/#website"},"primaryImageOfPage":{"@id":"https:\/\/lobosnews.com.ar\/index.php\/2026\/03\/09\/el-saludo-de-julieta-y-rosario-las-hijas-de-palito-ortega-por-sus-85-anos-feliz-cumple-papa\/#primaryimage"},"image":{"@id":"https:\/\/lobosnews.com.ar\/index.php\/2026\/03\/09\/el-saludo-de-julieta-y-rosario-las-hijas-de-palito-ortega-por-sus-85-anos-feliz-cumple-papa\/#primaryimage"},"thumbnailUrl":"https:\/\/lobosnews.com.ar\/wp-content\/uploads\/2026\/03\/el-saludo-de-julieta-y-rosario-las-hijas-de-palito-ortega-por-sus-85-anos-feliz-cumple-papa-4-scaled.jpg","datePublished":"2026-03-09T03:23:01+00:00","dateModified":"2026-03-09T08:50:01+00:00","breadcrumb":{"@id":"https:\/\/lobosnews.com.ar\/index.php\/2026\/03\/09\/el-saludo-de-julieta-y-rosario-las-hijas-de-palito-ortega-por-sus-85-anos-feliz-cumple-papa\/#breadcrumb"},"inLanguage":"es","potentialAction":[{"@type":"ReadAction","target":["https:\/\/lobosnews.com.ar\/index.php\/2026\/03\/09\/el-saludo-de-julieta-y-rosario-las-hijas-de-palito-ortega-por-sus-85-anos-feliz-cumple-papa\/"]}]},{"@type":"ImageObject","inLanguage":"es","@id":"https:\/\/lobosnews.com.ar\/index.php\/2026\/03\/09\/el-saludo-de-julieta-y-rosario-las-hijas-de-palito-ortega-por-sus-85-anos-feliz-cumple-papa\/#primaryimage","url":"https:\/\/lobosnews.com.ar\/wp-content\/uploads\/2026\/03\/el-saludo-de-julieta-y-rosario-las-hijas-de-palito-ortega-por-sus-85-anos-feliz-cumple-papa-4-scaled.jpg","contentUrl":"https:\/\/lobosnews.com.ar\/wp-content\/uploads\/2026\/03\/el-saludo-de-julieta-y-rosario-las-hijas-de-palito-ortega-por-sus-85-anos-feliz-cumple-papa-4-scaled.jpg","width":2560,"height":1706,"caption":"El saludo de Julieta y Rosario, las hijas de Palito Ortega, por sus 85 a\u00f1os: \u201cFeliz cumple, pap\u00e1\u201d"},{"@type":"BreadcrumbList","@id":"https:\/\/lobosnews.com.ar\/index.php\/2026\/03\/09\/el-saludo-de-julieta-y-rosario-las-hijas-de-palito-ortega-por-sus-85-anos-feliz-cumple-papa\/#breadcrumb","itemListElement":[{"@type":"ListItem","position":1,"name":"Portada","item":"https:\/\/lobosnews.com.ar\/"},{"@type":"ListItem","position":2,"name":"El saludo de Julieta y Rosario, las hijas de Palito Ortega, por sus 85 a\u00f1os: \u201cFeliz cumple, pap\u00e1\u201d"}]},{"@type":"WebSite","@id":"https:\/\/lobosnews.com.ar\/#website","url":"https:\/\/lobosnews.com.ar\/","name":"Lobos News","description":"Informaci\u00f3n a cada instante","publisher":{"@id":"https:\/\/lobosnews.com.ar\/#organization"},"potentialAction":[{"@type":"SearchAction","target":{"@type":"EntryPoint","urlTemplate":"https:\/\/lobosnews.com.ar\/?s={search_term_string}"},"query-input":{"@type":"PropertyValueSpecification","valueRequired":true,"valueName":"search_term_string"}}],"inLanguage":"es"},{"@type":"Organization","@id":"https:\/\/lobosnews.com.ar\/#organization","name":"Lobos News","url":"https:\/\/lobosnews.com.ar\/","logo":{"@type":"ImageObject","inLanguage":"es","@id":"https:\/\/lobosnews.com.ar\/#\/schema\/logo\/image\/","url":"https:\/\/lobosnews.com.ar\/wp-content\/uploads\/2026\/01\/logo-lobosnews.png","contentUrl":"https:\/\/lobosnews.com.ar\/wp-content\/uploads\/2026\/01\/logo-lobosnews.png","width":500,"height":200,"caption":"Lobos News"},"image":{"@id":"https:\/\/lobosnews.com.ar\/#\/schema\/logo\/image\/"}},{"@type":"Person","@id":"https:\/\/lobosnews.com.ar\/#\/schema\/person\/232422a593d5c541dd9aef6aaed10943","name":"admin","image":{"@type":"ImageObject","inLanguage":"es","@id":"https:\/\/lobosnews.com.ar\/#\/schema\/person\/image\/","url":"https:\/\/secure.gravatar.com\/avatar\/76e419471a2083bc3ceab22a763dbbf9b0c1bd15a6214cf3280e2c2dde4580f9?s=96&d=mm&r=g","contentUrl":"https:\/\/secure.gravatar.com\/avatar\/76e419471a2083bc3ceab22a763dbbf9b0c1bd15a6214cf3280e2c2dde4580f9?s=96&d=mm&r=g","caption":"admin"},"sameAs":["https:\/\/lobosnews.com.ar"],"url":"https:\/\/lobosnews.com.ar\/index.php\/author\/lobos-news\/"}]}},"jetpack_featured_media_url":"https:\/\/lobosnews.com.ar\/wp-content\/uploads\/2026\/03\/el-saludo-de-julieta-y-rosario-las-hijas-de-palito-ortega-por-sus-85-anos-feliz-cumple-papa-4-scaled.jpg","jetpack_sharing_enabled":true,"_links":{"self":[{"href":"https:\/\/lobosnews.com.ar\/index.php\/wp-json\/wp\/v2\/posts\/31110","targetHints":{"allow":["GET"]}}],"collection":[{"href":"https:\/\/lobosnews.com.ar\/index.php\/wp-json\/wp\/v2\/posts"}],"about":[{"href":"https:\/\/lobosnews.com.ar\/index.php\/wp-json\/wp\/v2\/types\/post"}],"author":[{"embeddable":true,"href":"https:\/\/lobosnews.com.ar\/index.php\/wp-json\/wp\/v2\/users\/1"}],"replies":[{"embeddable":true,"href":"https:\/\/lobosnews.com.ar\/index.php\/wp-json\/wp\/v2\/comments?post=31110"}],"version-history":[{"count":1,"href":"https:\/\/lobosnews.com.ar\/index.php\/wp-json\/wp\/v2\/posts\/31110\/revisions"}],"predecessor-version":[{"id":31114,"href":"https:\/\/lobosnews.com.ar\/index.php\/wp-json\/wp\/v2\/posts\/31110\/revisions\/31114"}],"wp:featuredmedia":[{"embeddable":true,"href":"https:\/\/lobosnews.com.ar\/index.php\/wp-json\/wp\/v2\/media\/31115"}],"wp:attachment":[{"href":"https:\/\/lobosnews.com.ar\/index.php\/wp-json\/wp\/v2\/media?parent=31110"}],"wp:term":[{"taxonomy":"category","embeddable":true,"href":"https:\/\/lobosnews.com.ar\/index.php\/wp-json\/wp\/v2\/categories?post=31110"},{"taxonomy":"post_tag","embeddable":true,"href":"https:\/\/lobosnews.com.ar\/index.php\/wp-json\/wp\/v2\/tags?post=31110"}],"curies":[{"name":"wp","href":"https:\/\/api.w.org\/{rel}","templated":true}]}}