{"id":31100,"date":"2026-03-09T03:29:13","date_gmt":"2026-03-09T03:29:13","guid":{"rendered":"https:\/\/lobosnews.com.ar\/index.php\/2026\/03\/09\/la-china-suarez-celebro-sus-34-anos-en-un-yate-rodeada-por-su-familia-el-video-intimo-de-la-fiesta\/"},"modified":"2026-03-09T08:49:04","modified_gmt":"2026-03-09T08:49:04","slug":"la-china-suarez-celebro-sus-34-anos-en-un-yate-rodeada-por-su-familia-el-video-intimo-de-la-fiesta","status":"publish","type":"post","link":"https:\/\/lobosnews.com.ar\/index.php\/2026\/03\/09\/la-china-suarez-celebro-sus-34-anos-en-un-yate-rodeada-por-su-familia-el-video-intimo-de-la-fiesta\/","title":{"rendered":"La China Su\u00e1rez celebr\u00f3 sus 34 a\u00f1os en un yate rodeada por su familia: el video \u00edntimo de la fiesta"},"content":{"rendered":"<p>La <b>China Su\u00e1rez celebr\u00f3 sus 34 a\u00f1os a bordo de un yate en el B\u00f3sforo<\/b> de Estambul, rodeada de familiares y amigos cercanos en una fiesta marcada por el lujo y los detalles personales.<\/p>\n<p>La actriz argentina organiz\u00f3 una celebraci\u00f3n \u00edntima en Turqu\u00eda, donde est\u00e1 radicada junto a su pareja Mauro Icardi y sus hijos. El evento incluy\u00f3 un paseo privado en yate al atardecer, un ambiente cuidadosamente decorado y momentos destacados que reflejaron la cercan\u00eda de su c\u00edrculo afectivo en su nueva vida lejos de Argentina.<\/p>\n<p><img fetchpriority=\"high\" decoding=\"async\" src=\"https:\/\/lobosnews.com.ar\/wp-content\/uploads\/2026\/03\/la-china-suarez-celebro-sus-34-anos-en-un-yate-rodeada-por-su-familia-el-video-intimo-de-la-fiesta.jpg\" alt=\"El beso de Mauro Icardi a la China Su\u00e1rez\" height=\"636\" width=\"541\"\/><\/p>\n<p>El festejo comenz\u00f3 al atardecer en Estambul, con un grupo reducido de invitados que incluy\u00f3 a su madre <b>Marcela Riveiro<\/b>, amigos cercanos como Juanma Cativa y Tom\u00e1s Garrahan, y sus hijos. La diferencia horaria de seis horas respecto a Buenos Aires marc\u00f3 el inicio de una jornada especial y distendida. La protagonista luci\u00f3 un vestido negro de escote profundo combinado con un saco de la firma Antol\u00edn, mientras el clima fresco llev\u00f3 a los presentes a elegir prendas abrigadas.<\/p>\n<h2>Recorrido en yate<\/h2>\n<p>El trayecto del yate ofreci\u00f3 vistas emblem\u00e1ticas del <b>estrecho del B\u00f3sforo<\/b>, atravesando puntos reconocidos de Estambul, como la <b>Mezquita Azul<\/b>, la Torre de la Doncella y el puente Fatih Sult\u00e1n Mehmet. Sobre la cubierta, los asistentes realizaron un brindis con champagne y compartieron las primeras im\u00e1genes del festejo.<\/p>\n<p><img loading=\"lazy\" decoding=\"async\" src=\"https:\/\/lobosnews.com.ar\/wp-content\/uploads\/2026\/03\/la-china-suarez-celebro-sus-34-anos-en-un-yate-rodeada-por-su-familia-el-video-intimo-de-la-fiesta-1.jpg\" alt=\"La China Su\u00e1rez cont\u00f3 con la presencia de su madre, Marcela Riveiro\" height=\"665\" width=\"543\"\/><img loading=\"lazy\" decoding=\"async\" src=\"https:\/\/lobosnews.com.ar\/wp-content\/uploads\/2026\/03\/la-china-suarez-celebro-sus-34-anos-en-un-yate-rodeada-por-su-familia-el-video-intimo-de-la-fiesta-2.jpg\" alt=\"El abrazo de Rufina con su madre, la China Su\u00e1rez\" height=\"650\" width=\"544\"\/><\/p>\n<p><b>Mauro Icardi<\/b> apareci\u00f3 junto al grupo, vistiendo camisa blanca y saco negro, sum\u00e1ndose al clima relajado. Las fotos publicadas mostraron a la actriz rodeada de amigos y familiares en estos instantes de alegr\u00eda, mientras la navegaci\u00f3n continuaba hacia la noche turca.<\/p>\n<h2>Una decoraci\u00f3n rom\u00e1ntica y detalles cuidados<\/h2>\n<p>Al avanzar la noche, la celebraci\u00f3n pas\u00f3 al interior del yate y luego al espacio privado de la vivienda de la actriz. La decoraci\u00f3n se destac\u00f3 por globos met\u00e1licos rojos en forma de coraz\u00f3n y arreglos de flores blancas en la mesa principal.<\/p>\n<p>Sobre la mesa resaltaban dos tortas. La principal, cubierta de merengue y frutos rojos \u2014frutillas, frambuesas, ar\u00e1ndanos y moras\u2014, ten\u00eda un cuadrado de chocolate con la inscripci\u00f3n \u201cfeliz cumplea\u00f1os 34\u201d y <b>cuatro velas doradas<\/b>. La segunda torta presentaba un dise\u00f1o floral con l\u00e1minas de fruta y crema tostada, aportando un aire sofisticado. La imagen de <b>Su\u00e1rez<\/b> apoyada sobre la mesa, rodeada de estos detalles, reflejaba la est\u00e9tica seleccionada para la reuni\u00f3n.<\/p>\n<p><img loading=\"lazy\" decoding=\"async\" src=\"https:\/\/lobosnews.com.ar\/wp-content\/uploads\/2026\/03\/la-china-suarez-celebro-sus-34-anos-en-un-yate-rodeada-por-su-familia-el-video-intimo-de-la-fiesta-3.jpg\" alt=\"Mauro Icardi, dentro del yate donde celebraron el cumplea\u00f1os de la China Su\u00e1rez\" height=\"614\" width=\"542\"\/><\/p>\n<p>Juanma <b>Cativa<\/b> comparti\u00f3 una foto y un saludo breve en redes sociales, dando visibilidad al festejo entre seguidores de la actriz y cuentas de celebridades.<\/p>\n<p>Para la ocasi\u00f3n, la homenajeada eligi\u00f3 un vestido negro de mangas cortas y escote pronunciado, acompa\u00f1ado de cabello suelto con ondas suaves. El maquillaje, en tonos naturales, mantuvo el estilo minimalista y resalt\u00f3 su figura en un ambiente de intimidad.<\/p>\n<p>En otra de las im\u00e1genes, la actriz luci\u00f3 zapatos negros de la marca Louboutin. Los asistentes, al igual que Su\u00e1rez, optaron por prendas abrigadas como sacos y tapados, adecuados para la brisa vespertina del <b>B\u00f3sforo<\/b> y el ambiente c\u00e1lido del interior.<\/p>\n<p><img loading=\"lazy\" decoding=\"async\" src=\"https:\/\/lobosnews.com.ar\/wp-content\/uploads\/2026\/03\/la-china-suarez-celebro-sus-34-anos-en-un-yate-rodeada-por-su-familia-el-video-intimo-de-la-fiesta-4.jpg\" alt=\"\" height=\"703\" width=\"548\"\/><img loading=\"lazy\" decoding=\"async\" src=\"https:\/\/lobosnews.com.ar\/wp-content\/uploads\/2026\/03\/la-china-suarez-celebro-sus-34-anos-en-un-yate-rodeada-por-su-familia-el-video-intimo-de-la-fiesta-5.jpg\" alt=\"La ceremonia de soplar las velitas y \"comerse\" sus 34 a\u00f1os de chocolate blanco para la China Su\u00e1rez\" height=\"781\" width=\"540\"\/><\/p>\n<h2>Instantes memorables y emociones familiares<\/h2>\n<p>La mesa decorada reuni\u00f3 a la <b>familia<\/b> y amigos en el momento de soplar las velas. Su madre, Marcela Riveiro, estuvo junto a ella, mientras su hija <b>Rufina<\/b> se abraz\u00f3 con la actriz en un gesto espont\u00e1neo que transmiti\u00f3 el clima familiar del evento.<\/p>\n<p>Luego del tradicional soplo de las velas, la China Su\u00e1rez mordi\u00f3 el topper de chocolate blanco con la inscripci\u00f3n \u201cfeliz cumplea\u00f1os 34\u201d. Abrazos y sonrisas acompa\u00f1aron toda la velada, consolidando el valor afectivo de la celebraci\u00f3n.<\/p>\n<p><img loading=\"lazy\" decoding=\"async\" src=\"https:\/\/lobosnews.com.ar\/wp-content\/uploads\/2026\/03\/la-china-suarez-celebro-sus-34-anos-en-un-yate-rodeada-por-su-familia-el-video-intimo-de-la-fiesta-6.jpg\" alt=\"Las dos tortas, el look y la deco de la fiesta en un yate de la China Su\u00e1rez\" height=\"1920\" width=\"1080\"\/><\/p>\n<p>Como cierre, la complicidad con <b>Mauro Icardi<\/b> defini\u00f3 el final de la noche, aportando un sello emotivo a un festejo marcado por la cercan\u00eda y los momentos compartidos.<\/p>\n","protected":false},"excerpt":{"rendered":"<p>La China Su\u00e1rez celebr\u00f3 sus 34 a\u00f1os a bordo de un yate en el B\u00f3sforo de Estambul, rodeada de familiares y amigos cercanos en una fiesta marcada por el lujo y los detalles personales. La actriz argentina organiz\u00f3 una celebraci\u00f3n \u00edntima en Turqu\u00eda, donde est\u00e1 radicada junto a su pareja Mauro Icardi y sus hijos&#8230;.<\/p>\n","protected":false},"author":1,"featured_media":31109,"comment_status":"open","ping_status":"closed","sticky":false,"template":"","format":"standard","meta":{"_jetpack_memberships_contains_paid_content":false,"footnotes":""},"categories":[79],"tags":[],"class_list":["post-31100","post","type-post","status-publish","format-standard","has-post-thumbnail","hentry","category-cine-y-series"],"magazineBlocksPostFeaturedMedia":{"thumbnail":"https:\/\/lobosnews.com.ar\/wp-content\/uploads\/2026\/03\/la-china-suarez-celebro-sus-34-anos-en-un-yate-rodeada-por-su-familia-el-video-intimo-de-la-fiesta-12-150x150.jpg","medium":"https:\/\/lobosnews.com.ar\/wp-content\/uploads\/2026\/03\/la-china-suarez-celebro-sus-34-anos-en-un-yate-rodeada-por-su-familia-el-video-intimo-de-la-fiesta-12-169x300.jpg","medium_large":"https:\/\/lobosnews.com.ar\/wp-content\/uploads\/2026\/03\/la-china-suarez-celebro-sus-34-anos-en-un-yate-rodeada-por-su-familia-el-video-intimo-de-la-fiesta-12-768x1365.jpg","large":"https:\/\/lobosnews.com.ar\/wp-content\/uploads\/2026\/03\/la-china-suarez-celebro-sus-34-anos-en-un-yate-rodeada-por-su-familia-el-video-intimo-de-la-fiesta-12-576x1024.jpg","1536x1536":"https:\/\/lobosnews.com.ar\/wp-content\/uploads\/2026\/03\/la-china-suarez-celebro-sus-34-anos-en-un-yate-rodeada-por-su-familia-el-video-intimo-de-la-fiesta-12-864x1536.jpg","2048x2048":"https:\/\/lobosnews.com.ar\/wp-content\/uploads\/2026\/03\/la-china-suarez-celebro-sus-34-anos-en-un-yate-rodeada-por-su-familia-el-video-intimo-de-la-fiesta-12.jpg","newsmatic-featured":"https:\/\/lobosnews.com.ar\/wp-content\/uploads\/2026\/03\/la-china-suarez-celebro-sus-34-anos-en-un-yate-rodeada-por-su-familia-el-video-intimo-de-la-fiesta-12-820x545.jpg","newsmatic-list":"https:\/\/lobosnews.com.ar\/wp-content\/uploads\/2026\/03\/la-china-suarez-celebro-sus-34-anos-en-un-yate-rodeada-por-su-familia-el-video-intimo-de-la-fiesta-12-600x400.jpg","newsmatic-thumb":"https:\/\/lobosnews.com.ar\/wp-content\/uploads\/2026\/03\/la-china-suarez-celebro-sus-34-anos-en-un-yate-rodeada-por-su-familia-el-video-intimo-de-la-fiesta-12-300x200.jpg","newsmatic-small":"https:\/\/lobosnews.com.ar\/wp-content\/uploads\/2026\/03\/la-china-suarez-celebro-sus-34-anos-en-un-yate-rodeada-por-su-familia-el-video-intimo-de-la-fiesta-12-150x95.jpg","newsmatic-grid":"https:\/\/lobosnews.com.ar\/wp-content\/uploads\/2026\/03\/la-china-suarez-celebro-sus-34-anos-en-un-yate-rodeada-por-su-familia-el-video-intimo-de-la-fiesta-12-400x250.jpg"},"magazineBlocksPostAuthor":{"name":"admin","avatar":"https:\/\/secure.gravatar.com\/avatar\/76e419471a2083bc3ceab22a763dbbf9b0c1bd15a6214cf3280e2c2dde4580f9?s=96&d=mm&r=g"},"magazineBlocksPostCommentsNumber":"0","magazineBlocksPostExcerpt":"La China Su\u00e1rez celebr\u00f3 sus 34 a\u00f1os a bordo de un yate en el B\u00f3sforo de Estambul, rodeada de familiares y amigos cercanos en una fiesta marcada por el lujo y los detalles personales. La actriz argentina organiz\u00f3 una celebraci\u00f3n \u00edntima en Turqu\u00eda, donde est\u00e1 radicada junto a su pareja Mauro Icardi y sus hijos....","magazineBlocksPostCategories":["Cine y Series"],"magazineBlocksPostViewCount":73,"magazineBlocksPostReadTime":4,"magazine_blocks_featured_image_url":{"full":["https:\/\/lobosnews.com.ar\/wp-content\/uploads\/2026\/03\/la-china-suarez-celebro-sus-34-anos-en-un-yate-rodeada-por-su-familia-el-video-intimo-de-la-fiesta-12.jpg",1080,1920,false],"medium":["https:\/\/lobosnews.com.ar\/wp-content\/uploads\/2026\/03\/la-china-suarez-celebro-sus-34-anos-en-un-yate-rodeada-por-su-familia-el-video-intimo-de-la-fiesta-12-169x300.jpg",169,300,true],"thumbnail":["https:\/\/lobosnews.com.ar\/wp-content\/uploads\/2026\/03\/la-china-suarez-celebro-sus-34-anos-en-un-yate-rodeada-por-su-familia-el-video-intimo-de-la-fiesta-12-150x150.jpg",150,150,true]},"magazine_blocks_author":{"display_name":"admin","author_link":"https:\/\/lobosnews.com.ar\/index.php\/author\/lobos-news\/"},"magazine_blocks_comment":0,"magazine_blocks_author_image":"https:\/\/secure.gravatar.com\/avatar\/76e419471a2083bc3ceab22a763dbbf9b0c1bd15a6214cf3280e2c2dde4580f9?s=96&d=mm&r=g","magazine_blocks_category":"<a href=\"#\" class=\"category-link category-link-79\">Cine y Series<\/a>","yoast_head":"<!-- This site is optimized with the Yoast SEO plugin v26.6 - https:\/\/yoast.com\/wordpress\/plugins\/seo\/ -->\n<title>La China Su\u00e1rez celebr\u00f3 sus 34 a\u00f1os en un yate rodeada por su familia: el video \u00edntimo de la fiesta - Lobos News<\/title>\n<meta name=\"robots\" content=\"index, follow, max-snippet:-1, max-image-preview:large, max-video-preview:-1\" \/>\n<link rel=\"canonical\" href=\"https:\/\/lobosnews.com.ar\/index.php\/2026\/03\/09\/la-china-suarez-celebro-sus-34-anos-en-un-yate-rodeada-por-su-familia-el-video-intimo-de-la-fiesta\/\" \/>\n<meta property=\"og:locale\" content=\"es_ES\" \/>\n<meta property=\"og:type\" content=\"article\" \/>\n<meta property=\"og:title\" content=\"La China Su\u00e1rez celebr\u00f3 sus 34 a\u00f1os en un yate rodeada por su familia: el video \u00edntimo de la fiesta - Lobos News\" \/>\n<meta property=\"og:description\" content=\"La China Su\u00e1rez celebr\u00f3 sus 34 a\u00f1os a bordo de un yate en el B\u00f3sforo de Estambul, rodeada de familiares y amigos cercanos en una fiesta marcada por el lujo y los detalles personales. La actriz argentina organiz\u00f3 una celebraci\u00f3n \u00edntima en Turqu\u00eda, donde est\u00e1 radicada junto a su pareja Mauro Icardi y sus hijos....\" \/>\n<meta property=\"og:url\" content=\"https:\/\/lobosnews.com.ar\/index.php\/2026\/03\/09\/la-china-suarez-celebro-sus-34-anos-en-un-yate-rodeada-por-su-familia-el-video-intimo-de-la-fiesta\/\" \/>\n<meta property=\"og:site_name\" content=\"Lobos News\" \/>\n<meta property=\"article:published_time\" content=\"2026-03-09T03:29:13+00:00\" \/>\n<meta property=\"article:modified_time\" content=\"2026-03-09T08:49:04+00:00\" \/>\n<meta property=\"og:image\" content=\"https:\/\/lobosnews.com.ar\/wp-content\/uploads\/2026\/03\/la-china-suarez-celebro-sus-34-anos-en-un-yate-rodeada-por-su-familia-el-video-intimo-de-la-fiesta.jpg\" \/>\n<meta name=\"author\" content=\"admin\" \/>\n<meta name=\"twitter:card\" content=\"summary_large_image\" \/>\n<meta name=\"twitter:label1\" content=\"Escrito por\" \/>\n\t<meta name=\"twitter:data1\" content=\"admin\" \/>\n\t<meta name=\"twitter:label2\" content=\"Tiempo de lectura\" \/>\n\t<meta name=\"twitter:data2\" content=\"3 minutos\" \/>\n<script type=\"application\/ld+json\" class=\"yoast-schema-graph\">{\"@context\":\"https:\/\/schema.org\",\"@graph\":[{\"@type\":\"Article\",\"@id\":\"https:\/\/lobosnews.com.ar\/index.php\/2026\/03\/09\/la-china-suarez-celebro-sus-34-anos-en-un-yate-rodeada-por-su-familia-el-video-intimo-de-la-fiesta\/#article\",\"isPartOf\":{\"@id\":\"https:\/\/lobosnews.com.ar\/index.php\/2026\/03\/09\/la-china-suarez-celebro-sus-34-anos-en-un-yate-rodeada-por-su-familia-el-video-intimo-de-la-fiesta\/\"},\"author\":{\"name\":\"admin\",\"@id\":\"https:\/\/lobosnews.com.ar\/#\/schema\/person\/232422a593d5c541dd9aef6aaed10943\"},\"headline\":\"La China Su\u00e1rez celebr\u00f3 sus 34 a\u00f1os en un yate rodeada por su familia: el video \u00edntimo de la fiesta\",\"datePublished\":\"2026-03-09T03:29:13+00:00\",\"dateModified\":\"2026-03-09T08:49:04+00:00\",\"mainEntityOfPage\":{\"@id\":\"https:\/\/lobosnews.com.ar\/index.php\/2026\/03\/09\/la-china-suarez-celebro-sus-34-anos-en-un-yate-rodeada-por-su-familia-el-video-intimo-de-la-fiesta\/\"},\"wordCount\":659,\"commentCount\":0,\"publisher\":{\"@id\":\"https:\/\/lobosnews.com.ar\/#organization\"},\"image\":{\"@id\":\"https:\/\/lobosnews.com.ar\/index.php\/2026\/03\/09\/la-china-suarez-celebro-sus-34-anos-en-un-yate-rodeada-por-su-familia-el-video-intimo-de-la-fiesta\/#primaryimage\"},\"thumbnailUrl\":\"https:\/\/lobosnews.com.ar\/wp-content\/uploads\/2026\/03\/la-china-suarez-celebro-sus-34-anos-en-un-yate-rodeada-por-su-familia-el-video-intimo-de-la-fiesta-12.jpg\",\"articleSection\":[\"Cine y Series\"],\"inLanguage\":\"es\",\"potentialAction\":[{\"@type\":\"CommentAction\",\"name\":\"Comment\",\"target\":[\"https:\/\/lobosnews.com.ar\/index.php\/2026\/03\/09\/la-china-suarez-celebro-sus-34-anos-en-un-yate-rodeada-por-su-familia-el-video-intimo-de-la-fiesta\/#respond\"]}]},{\"@type\":\"WebPage\",\"@id\":\"https:\/\/lobosnews.com.ar\/index.php\/2026\/03\/09\/la-china-suarez-celebro-sus-34-anos-en-un-yate-rodeada-por-su-familia-el-video-intimo-de-la-fiesta\/\",\"url\":\"https:\/\/lobosnews.com.ar\/index.php\/2026\/03\/09\/la-china-suarez-celebro-sus-34-anos-en-un-yate-rodeada-por-su-familia-el-video-intimo-de-la-fiesta\/\",\"name\":\"La China Su\u00e1rez celebr\u00f3 sus 34 a\u00f1os en un yate rodeada por su familia: el video \u00edntimo de la fiesta - Lobos News\",\"isPartOf\":{\"@id\":\"https:\/\/lobosnews.com.ar\/#website\"},\"primaryImageOfPage\":{\"@id\":\"https:\/\/lobosnews.com.ar\/index.php\/2026\/03\/09\/la-china-suarez-celebro-sus-34-anos-en-un-yate-rodeada-por-su-familia-el-video-intimo-de-la-fiesta\/#primaryimage\"},\"image\":{\"@id\":\"https:\/\/lobosnews.com.ar\/index.php\/2026\/03\/09\/la-china-suarez-celebro-sus-34-anos-en-un-yate-rodeada-por-su-familia-el-video-intimo-de-la-fiesta\/#primaryimage\"},\"thumbnailUrl\":\"https:\/\/lobosnews.com.ar\/wp-content\/uploads\/2026\/03\/la-china-suarez-celebro-sus-34-anos-en-un-yate-rodeada-por-su-familia-el-video-intimo-de-la-fiesta-12.jpg\",\"datePublished\":\"2026-03-09T03:29:13+00:00\",\"dateModified\":\"2026-03-09T08:49:04+00:00\",\"breadcrumb\":{\"@id\":\"https:\/\/lobosnews.com.ar\/index.php\/2026\/03\/09\/la-china-suarez-celebro-sus-34-anos-en-un-yate-rodeada-por-su-familia-el-video-intimo-de-la-fiesta\/#breadcrumb\"},\"inLanguage\":\"es\",\"potentialAction\":[{\"@type\":\"ReadAction\",\"target\":[\"https:\/\/lobosnews.com.ar\/index.php\/2026\/03\/09\/la-china-suarez-celebro-sus-34-anos-en-un-yate-rodeada-por-su-familia-el-video-intimo-de-la-fiesta\/\"]}]},{\"@type\":\"ImageObject\",\"inLanguage\":\"es\",\"@id\":\"https:\/\/lobosnews.com.ar\/index.php\/2026\/03\/09\/la-china-suarez-celebro-sus-34-anos-en-un-yate-rodeada-por-su-familia-el-video-intimo-de-la-fiesta\/#primaryimage\",\"url\":\"https:\/\/lobosnews.com.ar\/wp-content\/uploads\/2026\/03\/la-china-suarez-celebro-sus-34-anos-en-un-yate-rodeada-por-su-familia-el-video-intimo-de-la-fiesta-12.jpg\",\"contentUrl\":\"https:\/\/lobosnews.com.ar\/wp-content\/uploads\/2026\/03\/la-china-suarez-celebro-sus-34-anos-en-un-yate-rodeada-por-su-familia-el-video-intimo-de-la-fiesta-12.jpg\",\"width\":1080,\"height\":1920,\"caption\":\"La China Su\u00e1rez celebr\u00f3 sus 34 a\u00f1os en un yate rodeada por su familia: el video \u00edntimo de la fiesta\"},{\"@type\":\"BreadcrumbList\",\"@id\":\"https:\/\/lobosnews.com.ar\/index.php\/2026\/03\/09\/la-china-suarez-celebro-sus-34-anos-en-un-yate-rodeada-por-su-familia-el-video-intimo-de-la-fiesta\/#breadcrumb\",\"itemListElement\":[{\"@type\":\"ListItem\",\"position\":1,\"name\":\"Portada\",\"item\":\"https:\/\/lobosnews.com.ar\/\"},{\"@type\":\"ListItem\",\"position\":2,\"name\":\"La China Su\u00e1rez celebr\u00f3 sus 34 a\u00f1os en un yate rodeada por su familia: el video \u00edntimo de la fiesta\"}]},{\"@type\":\"WebSite\",\"@id\":\"https:\/\/lobosnews.com.ar\/#website\",\"url\":\"https:\/\/lobosnews.com.ar\/\",\"name\":\"Lobos News\",\"description\":\"Informaci\u00f3n a cada instante\",\"publisher\":{\"@id\":\"https:\/\/lobosnews.com.ar\/#organization\"},\"potentialAction\":[{\"@type\":\"SearchAction\",\"target\":{\"@type\":\"EntryPoint\",\"urlTemplate\":\"https:\/\/lobosnews.com.ar\/?s={search_term_string}\"},\"query-input\":{\"@type\":\"PropertyValueSpecification\",\"valueRequired\":true,\"valueName\":\"search_term_string\"}}],\"inLanguage\":\"es\"},{\"@type\":\"Organization\",\"@id\":\"https:\/\/lobosnews.com.ar\/#organization\",\"name\":\"Lobos News\",\"url\":\"https:\/\/lobosnews.com.ar\/\",\"logo\":{\"@type\":\"ImageObject\",\"inLanguage\":\"es\",\"@id\":\"https:\/\/lobosnews.com.ar\/#\/schema\/logo\/image\/\",\"url\":\"https:\/\/lobosnews.com.ar\/wp-content\/uploads\/2026\/01\/logo-lobosnews.png\",\"contentUrl\":\"https:\/\/lobosnews.com.ar\/wp-content\/uploads\/2026\/01\/logo-lobosnews.png\",\"width\":500,\"height\":200,\"caption\":\"Lobos News\"},\"image\":{\"@id\":\"https:\/\/lobosnews.com.ar\/#\/schema\/logo\/image\/\"}},{\"@type\":\"Person\",\"@id\":\"https:\/\/lobosnews.com.ar\/#\/schema\/person\/232422a593d5c541dd9aef6aaed10943\",\"name\":\"admin\",\"image\":{\"@type\":\"ImageObject\",\"inLanguage\":\"es\",\"@id\":\"https:\/\/lobosnews.com.ar\/#\/schema\/person\/image\/\",\"url\":\"https:\/\/secure.gravatar.com\/avatar\/76e419471a2083bc3ceab22a763dbbf9b0c1bd15a6214cf3280e2c2dde4580f9?s=96&d=mm&r=g\",\"contentUrl\":\"https:\/\/secure.gravatar.com\/avatar\/76e419471a2083bc3ceab22a763dbbf9b0c1bd15a6214cf3280e2c2dde4580f9?s=96&d=mm&r=g\",\"caption\":\"admin\"},\"sameAs\":[\"https:\/\/lobosnews.com.ar\"],\"url\":\"https:\/\/lobosnews.com.ar\/index.php\/author\/lobos-news\/\"}]}<\/script>\n<!-- \/ Yoast SEO plugin. -->","yoast_head_json":{"title":"La China Su\u00e1rez celebr\u00f3 sus 34 a\u00f1os en un yate rodeada por su familia: el video \u00edntimo de la fiesta - Lobos News","robots":{"index":"index","follow":"follow","max-snippet":"max-snippet:-1","max-image-preview":"max-image-preview:large","max-video-preview":"max-video-preview:-1"},"canonical":"https:\/\/lobosnews.com.ar\/index.php\/2026\/03\/09\/la-china-suarez-celebro-sus-34-anos-en-un-yate-rodeada-por-su-familia-el-video-intimo-de-la-fiesta\/","og_locale":"es_ES","og_type":"article","og_title":"La China Su\u00e1rez celebr\u00f3 sus 34 a\u00f1os en un yate rodeada por su familia: el video \u00edntimo de la fiesta - Lobos News","og_description":"La China Su\u00e1rez celebr\u00f3 sus 34 a\u00f1os a bordo de un yate en el B\u00f3sforo de Estambul, rodeada de familiares y amigos cercanos en una fiesta marcada por el lujo y los detalles personales. La actriz argentina organiz\u00f3 una celebraci\u00f3n \u00edntima en Turqu\u00eda, donde est\u00e1 radicada junto a su pareja Mauro Icardi y sus hijos....","og_url":"https:\/\/lobosnews.com.ar\/index.php\/2026\/03\/09\/la-china-suarez-celebro-sus-34-anos-en-un-yate-rodeada-por-su-familia-el-video-intimo-de-la-fiesta\/","og_site_name":"Lobos News","article_published_time":"2026-03-09T03:29:13+00:00","article_modified_time":"2026-03-09T08:49:04+00:00","og_image":[{"url":"https:\/\/lobosnews.com.ar\/wp-content\/uploads\/2026\/03\/la-china-suarez-celebro-sus-34-anos-en-un-yate-rodeada-por-su-familia-el-video-intimo-de-la-fiesta.jpg","type":"","width":"","height":""}],"author":"admin","twitter_card":"summary_large_image","twitter_misc":{"Escrito por":"admin","Tiempo de lectura":"3 minutos"},"schema":{"@context":"https:\/\/schema.org","@graph":[{"@type":"Article","@id":"https:\/\/lobosnews.com.ar\/index.php\/2026\/03\/09\/la-china-suarez-celebro-sus-34-anos-en-un-yate-rodeada-por-su-familia-el-video-intimo-de-la-fiesta\/#article","isPartOf":{"@id":"https:\/\/lobosnews.com.ar\/index.php\/2026\/03\/09\/la-china-suarez-celebro-sus-34-anos-en-un-yate-rodeada-por-su-familia-el-video-intimo-de-la-fiesta\/"},"author":{"name":"admin","@id":"https:\/\/lobosnews.com.ar\/#\/schema\/person\/232422a593d5c541dd9aef6aaed10943"},"headline":"La China Su\u00e1rez celebr\u00f3 sus 34 a\u00f1os en un yate rodeada por su familia: el video \u00edntimo de la fiesta","datePublished":"2026-03-09T03:29:13+00:00","dateModified":"2026-03-09T08:49:04+00:00","mainEntityOfPage":{"@id":"https:\/\/lobosnews.com.ar\/index.php\/2026\/03\/09\/la-china-suarez-celebro-sus-34-anos-en-un-yate-rodeada-por-su-familia-el-video-intimo-de-la-fiesta\/"},"wordCount":659,"commentCount":0,"publisher":{"@id":"https:\/\/lobosnews.com.ar\/#organization"},"image":{"@id":"https:\/\/lobosnews.com.ar\/index.php\/2026\/03\/09\/la-china-suarez-celebro-sus-34-anos-en-un-yate-rodeada-por-su-familia-el-video-intimo-de-la-fiesta\/#primaryimage"},"thumbnailUrl":"https:\/\/lobosnews.com.ar\/wp-content\/uploads\/2026\/03\/la-china-suarez-celebro-sus-34-anos-en-un-yate-rodeada-por-su-familia-el-video-intimo-de-la-fiesta-12.jpg","articleSection":["Cine y Series"],"inLanguage":"es","potentialAction":[{"@type":"CommentAction","name":"Comment","target":["https:\/\/lobosnews.com.ar\/index.php\/2026\/03\/09\/la-china-suarez-celebro-sus-34-anos-en-un-yate-rodeada-por-su-familia-el-video-intimo-de-la-fiesta\/#respond"]}]},{"@type":"WebPage","@id":"https:\/\/lobosnews.com.ar\/index.php\/2026\/03\/09\/la-china-suarez-celebro-sus-34-anos-en-un-yate-rodeada-por-su-familia-el-video-intimo-de-la-fiesta\/","url":"https:\/\/lobosnews.com.ar\/index.php\/2026\/03\/09\/la-china-suarez-celebro-sus-34-anos-en-un-yate-rodeada-por-su-familia-el-video-intimo-de-la-fiesta\/","name":"La China Su\u00e1rez celebr\u00f3 sus 34 a\u00f1os en un yate rodeada por su familia: el video \u00edntimo de la fiesta - Lobos News","isPartOf":{"@id":"https:\/\/lobosnews.com.ar\/#website"},"primaryImageOfPage":{"@id":"https:\/\/lobosnews.com.ar\/index.php\/2026\/03\/09\/la-china-suarez-celebro-sus-34-anos-en-un-yate-rodeada-por-su-familia-el-video-intimo-de-la-fiesta\/#primaryimage"},"image":{"@id":"https:\/\/lobosnews.com.ar\/index.php\/2026\/03\/09\/la-china-suarez-celebro-sus-34-anos-en-un-yate-rodeada-por-su-familia-el-video-intimo-de-la-fiesta\/#primaryimage"},"thumbnailUrl":"https:\/\/lobosnews.com.ar\/wp-content\/uploads\/2026\/03\/la-china-suarez-celebro-sus-34-anos-en-un-yate-rodeada-por-su-familia-el-video-intimo-de-la-fiesta-12.jpg","datePublished":"2026-03-09T03:29:13+00:00","dateModified":"2026-03-09T08:49:04+00:00","breadcrumb":{"@id":"https:\/\/lobosnews.com.ar\/index.php\/2026\/03\/09\/la-china-suarez-celebro-sus-34-anos-en-un-yate-rodeada-por-su-familia-el-video-intimo-de-la-fiesta\/#breadcrumb"},"inLanguage":"es","potentialAction":[{"@type":"ReadAction","target":["https:\/\/lobosnews.com.ar\/index.php\/2026\/03\/09\/la-china-suarez-celebro-sus-34-anos-en-un-yate-rodeada-por-su-familia-el-video-intimo-de-la-fiesta\/"]}]},{"@type":"ImageObject","inLanguage":"es","@id":"https:\/\/lobosnews.com.ar\/index.php\/2026\/03\/09\/la-china-suarez-celebro-sus-34-anos-en-un-yate-rodeada-por-su-familia-el-video-intimo-de-la-fiesta\/#primaryimage","url":"https:\/\/lobosnews.com.ar\/wp-content\/uploads\/2026\/03\/la-china-suarez-celebro-sus-34-anos-en-un-yate-rodeada-por-su-familia-el-video-intimo-de-la-fiesta-12.jpg","contentUrl":"https:\/\/lobosnews.com.ar\/wp-content\/uploads\/2026\/03\/la-china-suarez-celebro-sus-34-anos-en-un-yate-rodeada-por-su-familia-el-video-intimo-de-la-fiesta-12.jpg","width":1080,"height":1920,"caption":"La China Su\u00e1rez celebr\u00f3 sus 34 a\u00f1os en un yate rodeada por su familia: el video \u00edntimo de la fiesta"},{"@type":"BreadcrumbList","@id":"https:\/\/lobosnews.com.ar\/index.php\/2026\/03\/09\/la-china-suarez-celebro-sus-34-anos-en-un-yate-rodeada-por-su-familia-el-video-intimo-de-la-fiesta\/#breadcrumb","itemListElement":[{"@type":"ListItem","position":1,"name":"Portada","item":"https:\/\/lobosnews.com.ar\/"},{"@type":"ListItem","position":2,"name":"La China Su\u00e1rez celebr\u00f3 sus 34 a\u00f1os en un yate rodeada por su familia: el video \u00edntimo de la fiesta"}]},{"@type":"WebSite","@id":"https:\/\/lobosnews.com.ar\/#website","url":"https:\/\/lobosnews.com.ar\/","name":"Lobos News","description":"Informaci\u00f3n a cada instante","publisher":{"@id":"https:\/\/lobosnews.com.ar\/#organization"},"potentialAction":[{"@type":"SearchAction","target":{"@type":"EntryPoint","urlTemplate":"https:\/\/lobosnews.com.ar\/?s={search_term_string}"},"query-input":{"@type":"PropertyValueSpecification","valueRequired":true,"valueName":"search_term_string"}}],"inLanguage":"es"},{"@type":"Organization","@id":"https:\/\/lobosnews.com.ar\/#organization","name":"Lobos News","url":"https:\/\/lobosnews.com.ar\/","logo":{"@type":"ImageObject","inLanguage":"es","@id":"https:\/\/lobosnews.com.ar\/#\/schema\/logo\/image\/","url":"https:\/\/lobosnews.com.ar\/wp-content\/uploads\/2026\/01\/logo-lobosnews.png","contentUrl":"https:\/\/lobosnews.com.ar\/wp-content\/uploads\/2026\/01\/logo-lobosnews.png","width":500,"height":200,"caption":"Lobos News"},"image":{"@id":"https:\/\/lobosnews.com.ar\/#\/schema\/logo\/image\/"}},{"@type":"Person","@id":"https:\/\/lobosnews.com.ar\/#\/schema\/person\/232422a593d5c541dd9aef6aaed10943","name":"admin","image":{"@type":"ImageObject","inLanguage":"es","@id":"https:\/\/lobosnews.com.ar\/#\/schema\/person\/image\/","url":"https:\/\/secure.gravatar.com\/avatar\/76e419471a2083bc3ceab22a763dbbf9b0c1bd15a6214cf3280e2c2dde4580f9?s=96&d=mm&r=g","contentUrl":"https:\/\/secure.gravatar.com\/avatar\/76e419471a2083bc3ceab22a763dbbf9b0c1bd15a6214cf3280e2c2dde4580f9?s=96&d=mm&r=g","caption":"admin"},"sameAs":["https:\/\/lobosnews.com.ar"],"url":"https:\/\/lobosnews.com.ar\/index.php\/author\/lobos-news\/"}]}},"jetpack_featured_media_url":"https:\/\/lobosnews.com.ar\/wp-content\/uploads\/2026\/03\/la-china-suarez-celebro-sus-34-anos-en-un-yate-rodeada-por-su-familia-el-video-intimo-de-la-fiesta-12.jpg","jetpack_sharing_enabled":true,"_links":{"self":[{"href":"https:\/\/lobosnews.com.ar\/index.php\/wp-json\/wp\/v2\/posts\/31100","targetHints":{"allow":["GET"]}}],"collection":[{"href":"https:\/\/lobosnews.com.ar\/index.php\/wp-json\/wp\/v2\/posts"}],"about":[{"href":"https:\/\/lobosnews.com.ar\/index.php\/wp-json\/wp\/v2\/types\/post"}],"author":[{"embeddable":true,"href":"https:\/\/lobosnews.com.ar\/index.php\/wp-json\/wp\/v2\/users\/1"}],"replies":[{"embeddable":true,"href":"https:\/\/lobosnews.com.ar\/index.php\/wp-json\/wp\/v2\/comments?post=31100"}],"version-history":[{"count":1,"href":"https:\/\/lobosnews.com.ar\/index.php\/wp-json\/wp\/v2\/posts\/31100\/revisions"}],"predecessor-version":[{"id":31108,"href":"https:\/\/lobosnews.com.ar\/index.php\/wp-json\/wp\/v2\/posts\/31100\/revisions\/31108"}],"wp:featuredmedia":[{"embeddable":true,"href":"https:\/\/lobosnews.com.ar\/index.php\/wp-json\/wp\/v2\/media\/31109"}],"wp:attachment":[{"href":"https:\/\/lobosnews.com.ar\/index.php\/wp-json\/wp\/v2\/media?parent=31100"}],"wp:term":[{"taxonomy":"category","embeddable":true,"href":"https:\/\/lobosnews.com.ar\/index.php\/wp-json\/wp\/v2\/categories?post=31100"},{"taxonomy":"post_tag","embeddable":true,"href":"https:\/\/lobosnews.com.ar\/index.php\/wp-json\/wp\/v2\/tags?post=31100"}],"curies":[{"name":"wp","href":"https:\/\/api.w.org\/{rel}","templated":true}]}}