{"id":31093,"date":"2026-03-09T05:37:49","date_gmt":"2026-03-09T05:37:49","guid":{"rendered":"https:\/\/lobosnews.com.ar\/index.php\/2026\/03\/09\/ministros-del-g7-se-reunen-para-analizar-el-impacto-economico-de-la-guerra-en-medio-oriente-y-la-suba-del-petroleo\/"},"modified":"2026-03-09T08:43:16","modified_gmt":"2026-03-09T08:43:16","slug":"ministros-del-g7-se-reunen-para-analizar-el-impacto-economico-de-la-guerra-en-medio-oriente-y-la-suba-del-petroleo","status":"publish","type":"post","link":"https:\/\/lobosnews.com.ar\/index.php\/2026\/03\/09\/ministros-del-g7-se-reunen-para-analizar-el-impacto-economico-de-la-guerra-en-medio-oriente-y-la-suba-del-petroleo\/","title":{"rendered":"Ministros del G7 se re\u00fanen para analizar el impacto econ\u00f3mico de la guerra en Medio Oriente y la suba del petr\u00f3leo"},"content":{"rendered":"<p><img loading=\"lazy\" decoding=\"async\" src=\"https:\/\/lobosnews.com.ar\/wp-content\/uploads\/2026\/03\/ministros-del-g7-se-reunen-para-analizar-el-impacto-economico-de-la-guerra-en-medio-oriente-y-la-suba-del-petroleo.jpg\" alt=\"Ministros del G7 se re\u00fanen para analizar el impacto econ\u00f3mico de la guerra en Medio Oriente y la suba del petr\u00f3leo (AP)\" height=\"5180\" width=\"7769\"\/><\/p>\n<p><b>Francia<\/b> organizar\u00e1 este lunes una reuni\u00f3n por videoconferencia de los ministros de Finanzas del Grupo de los Siete (<b>G7<\/b>) para analizar el impacto econ\u00f3mico de la crisis en Medio Oriente, en medio de la guerra entre <b>Estados Unidos<\/b>,<b> Israel<\/b> e<b> Ir\u00e1n<\/b>, la fuerte suba de los precios del petr\u00f3leo y el gas, y las preocupaciones sobre la econom\u00eda mundial.<\/p>\n<p>El Ministerio de Finanzas franc\u00e9s inform\u00f3 en un comunicado que la reuni\u00f3n comenzar\u00e1 a las 13:30 (hora local) y tendr\u00e1 como objetivo \u201c<b>revisar la situaci\u00f3n en el Golfo desde un punto de vista econ\u00f3mico<\/b>\u201d y examinar \u201clos acontecimientos de los \u00faltimos d\u00edas\u201d. El encuentro se realizar\u00e1 tras una semana marcada por fuertes movimientos en los mercados energ\u00e9ticos y financieros a ra\u00edz del conflicto.<\/p>\n<p>El ministro de Finanzas de Francia, <b>Roland Lescure<\/b>, explic\u00f3 que acord\u00f3 la convocatoria con el secretario del Tesoro de Estados Unidos, <b>Scott Bessent<\/b>, y con otros ministros de Finanzas del G7, m\u00e1s de una semana despu\u00e9s del inicio de la guerra entre Estados Unidos e Israel contra Ir\u00e1n.<\/p>\n<p>El funcionario se\u00f1al\u00f3 que el objetivo del encuentro consiste en evaluar la evoluci\u00f3n del conflicto y su impacto en los mercados internacionales. \u201c<b>El objetivo es ver c\u00f3mo evoluciona el conflicto, c\u00f3mo evolucionan los mercados<\/b>\u201d, afirm\u00f3 Lescure en declaraciones a la radio <i>Franceinfo<\/i>. El ministro tambi\u00e9n precis\u00f3 que en la reuni\u00f3n participar\u00e1n los ministros de Finanzas y los gobernadores de los bancos centrales de los pa\u00edses miembros.<\/p>\n<p>Francia ejerce actualmente la presidencia rotatoria del G7, que tambi\u00e9n integran Canad\u00e1, Alemania, Italia, Jap\u00f3n, Reino Unido y Estados Unidos. El primer encuentro de ministros de Finanzas bajo la presidencia francesa se realiz\u00f3 el 27 de enero.<\/p>\n<p><img loading=\"lazy\" decoding=\"async\" src=\"https:\/\/lobosnews.com.ar\/wp-content\/uploads\/2026\/03\/ministros-del-g7-se-reunen-para-analizar-el-impacto-economico-de-la-guerra-en-medio-oriente-y-la-suba-del-petroleo-1.jpg\" alt=\"El ministro de Finanzas de Francia, Roland Lescure (REUTERS)\" height=\"2336\" width=\"3504\"\/><\/p>\n<p>Lescure indic\u00f3 que la reuni\u00f3n prevista para esta semana tendr\u00e1 el formato de un intercambio de opiniones entre los responsables econ\u00f3micos de las principales econom\u00edas avanzadas. \u201c<b>Vamos a escuchar lo que surge sobre el terreno, de las empresas, de los economistas en estas diferentes partes del mundo<\/b>\u201d, se\u00f1al\u00f3.<\/p>\n<p>El ministro explic\u00f3 que el objetivo consiste en analizar el estado de la situaci\u00f3n econ\u00f3mica y evaluar posibles respuestas si las circunstancias lo requieren. \u201c<b>La idea es poder discutir el estado de la situaci\u00f3n<\/b>, para que podamos evaluar cualquier respuesta que pueda ser necesaria, si tenemos que actuar\u201d, sostuvo.<\/p>\n<p>Lescure tambi\u00e9n destac\u00f3 la dimensi\u00f3n internacional del conflicto pese a que se desarrolla en una regi\u00f3n espec\u00edfica. \u201cEn un conflicto que actualmente es un conflicto local en una regi\u00f3n pero que tiene repercusiones globales, es obviamente esencial que nos coordinemos\u201d, afirm\u00f3.<\/p>\n<p>La convocatoria del G7 ocurre en un contexto de alta volatilidad en los mercados energ\u00e9ticos. La guerra comenz\u00f3 con los bombardeos de Estados Unidos e Israel contra Ir\u00e1n el 28 de febrero y provoc\u00f3 un fuerte aumento de los precios del petr\u00f3leo y del gas natural, adem\u00e1s de ca\u00eddas pronunciadas en las bolsas, en particular en Europa y Asia.<\/p>\n<p>Uno de los temas centrales del encuentro ser\u00e1 la situaci\u00f3n en el <b>estrecho de Ormuz<\/b>, una v\u00eda mar\u00edtima estrat\u00e9gica que separa Ir\u00e1n de Emiratos \u00c1rabes Unidos y constituye una de las rutas comerciales m\u00e1s importantes del mundo. Cerca del 20% del petr\u00f3leo mundial y alrededor del 20% del gas natural licuado transitan habitualmente por ese corredor mar\u00edtimo, lo que convierte cualquier interrupci\u00f3n en un riesgo significativo para los mercados energ\u00e9ticos.<\/p>\n<p><img loading=\"lazy\" decoding=\"async\" src=\"https:\/\/lobosnews.com.ar\/wp-content\/uploads\/2026\/03\/ministros-del-g7-se-reunen-para-analizar-el-impacto-economico-de-la-guerra-en-medio-oriente-y-la-suba-del-petroleo-2.jpg\" alt=\"FOTO DE ARCHIVO: Vista a\u00e9rea de las costas iran\u00edes y el puerto de Bandar Abbas en el estrecho de Ormuz (REUTERS)\" height=\"533\" width=\"800\"\/><\/p>\n<p>Los inversores expresan preocupaci\u00f3n por un aumento brusco de los precios de la energ\u00eda si se producen interrupciones en el suministro. Los mercados tambi\u00e9n temen un repunte de la inflaci\u00f3n similar al que se registr\u00f3 tras la invasi\u00f3n a gran escala de Ucrania por parte de Rusia en 2022.<\/p>\n<p>La Guardia Revolucionaria de Ir\u00e1n afirm\u00f3 que tiene <b>\u201ccontrol completo\u201d <\/b>del estrecho de Ormuz y advirti\u00f3 que cualquier embarcaci\u00f3n que intente utilizar esa ruta podr\u00eda sufrir da\u00f1os por misiles o drones. La advertencia elev\u00f3 las preocupaciones sobre la seguridad del tr\u00e1nsito mar\u00edtimo en la zona.<\/p>\n<p>El presidente de Estados Unidos, <b>Donald Trump<\/b>, declar\u00f3 que la Marina estadounidense est\u00e1 preparada para escoltar a los buques petroleros que atraviesen esa ruta estrat\u00e9gica, con el objetivo de garantizar el flujo del comercio energ\u00e9tico.<\/p>\n<p>El impacto del conflicto ya se refleja en los precios internacionales del crudo. El viernes, el barril de West Texas Intermediate (WTI), la referencia estadounidense, registr\u00f3 un aumento superior al 35,63% en una semana y alcanz\u00f3 los 90,90 d\u00f3lares.<\/p>\n<p>El domingo, el crudo estadounidense super\u00f3 los 100 d\u00f3lares por barril al inicio de las operaciones. El WTI subi\u00f3 alrededor de 20% hasta situarse cerca de los 109 d\u00f3lares por barril, un nivel que no se registraba desde la invasi\u00f3n rusa de Ucrania en febrero de 2022.<\/p>\n<p>El barril de Brent, referencia internacional del mercado petrolero, se ubic\u00f3 alrededor de los 110 d\u00f3lares. En paralelo, el precio del gas natural registr\u00f3 un incremento cercano al 40% durante la \u00faltima semana.<\/p>\n<p><i>(Con informaci\u00f3n de AFP)<\/i><\/p>\n","protected":false},"excerpt":{"rendered":"<p>Francia organizar\u00e1 este lunes una reuni\u00f3n por videoconferencia de los ministros de Finanzas del Grupo de los Siete (G7) para analizar el impacto econ\u00f3mico de la crisis en Medio Oriente, en medio de la guerra entre Estados Unidos, Israel e Ir\u00e1n, la fuerte suba de los precios del petr\u00f3leo y el gas, y las preocupaciones&#8230;<\/p>\n","protected":false},"author":1,"featured_media":31098,"comment_status":"open","ping_status":"closed","sticky":false,"template":"","format":"standard","meta":{"_jetpack_memberships_contains_paid_content":false,"footnotes":""},"categories":[31],"tags":[],"class_list":["post-31093","post","type-post","status-publish","format-standard","has-post-thumbnail","hentry","category-actualidad"],"magazineBlocksPostFeaturedMedia":{"thumbnail":"https:\/\/lobosnews.com.ar\/wp-content\/uploads\/2026\/03\/ministros-del-g7-se-reunen-para-analizar-el-impacto-economico-de-la-guerra-en-medio-oriente-y-la-suba-del-petroleo-4-150x150.jpg","medium":"https:\/\/lobosnews.com.ar\/wp-content\/uploads\/2026\/03\/ministros-del-g7-se-reunen-para-analizar-el-impacto-economico-de-la-guerra-en-medio-oriente-y-la-suba-del-petroleo-4-300x200.jpg","medium_large":"https:\/\/lobosnews.com.ar\/wp-content\/uploads\/2026\/03\/ministros-del-g7-se-reunen-para-analizar-el-impacto-economico-de-la-guerra-en-medio-oriente-y-la-suba-del-petroleo-4-768x512.jpg","large":"https:\/\/lobosnews.com.ar\/wp-content\/uploads\/2026\/03\/ministros-del-g7-se-reunen-para-analizar-el-impacto-economico-de-la-guerra-en-medio-oriente-y-la-suba-del-petroleo-4.jpg","1536x1536":"https:\/\/lobosnews.com.ar\/wp-content\/uploads\/2026\/03\/ministros-del-g7-se-reunen-para-analizar-el-impacto-economico-de-la-guerra-en-medio-oriente-y-la-suba-del-petroleo-4.jpg","2048x2048":"https:\/\/lobosnews.com.ar\/wp-content\/uploads\/2026\/03\/ministros-del-g7-se-reunen-para-analizar-el-impacto-economico-de-la-guerra-en-medio-oriente-y-la-suba-del-petroleo-4.jpg","newsmatic-featured":"https:\/\/lobosnews.com.ar\/wp-content\/uploads\/2026\/03\/ministros-del-g7-se-reunen-para-analizar-el-impacto-economico-de-la-guerra-en-medio-oriente-y-la-suba-del-petroleo-4.jpg","newsmatic-list":"https:\/\/lobosnews.com.ar\/wp-content\/uploads\/2026\/03\/ministros-del-g7-se-reunen-para-analizar-el-impacto-economico-de-la-guerra-en-medio-oriente-y-la-suba-del-petroleo-4-600x400.jpg","newsmatic-thumb":"https:\/\/lobosnews.com.ar\/wp-content\/uploads\/2026\/03\/ministros-del-g7-se-reunen-para-analizar-el-impacto-economico-de-la-guerra-en-medio-oriente-y-la-suba-del-petroleo-4-300x200.jpg","newsmatic-small":"https:\/\/lobosnews.com.ar\/wp-content\/uploads\/2026\/03\/ministros-del-g7-se-reunen-para-analizar-el-impacto-economico-de-la-guerra-en-medio-oriente-y-la-suba-del-petroleo-4-150x95.jpg","newsmatic-grid":"https:\/\/lobosnews.com.ar\/wp-content\/uploads\/2026\/03\/ministros-del-g7-se-reunen-para-analizar-el-impacto-economico-de-la-guerra-en-medio-oriente-y-la-suba-del-petroleo-4-400x250.jpg"},"magazineBlocksPostAuthor":{"name":"admin","avatar":"https:\/\/secure.gravatar.com\/avatar\/76e419471a2083bc3ceab22a763dbbf9b0c1bd15a6214cf3280e2c2dde4580f9?s=96&d=mm&r=g"},"magazineBlocksPostCommentsNumber":"0","magazineBlocksPostExcerpt":"Francia organizar\u00e1 este lunes una reuni\u00f3n por videoconferencia de los ministros de Finanzas del Grupo de los Siete (G7) para analizar el impacto econ\u00f3mico de la crisis en Medio Oriente, en medio de la guerra entre Estados Unidos, Israel e Ir\u00e1n, la fuerte suba de los precios del petr\u00f3leo y el gas, y las preocupaciones...","magazineBlocksPostCategories":["Actualidad"],"magazineBlocksPostViewCount":110,"magazineBlocksPostReadTime":5,"magazine_blocks_featured_image_url":{"full":["https:\/\/lobosnews.com.ar\/wp-content\/uploads\/2026\/03\/ministros-del-g7-se-reunen-para-analizar-el-impacto-economico-de-la-guerra-en-medio-oriente-y-la-suba-del-petroleo-4.jpg",800,533,false],"medium":["https:\/\/lobosnews.com.ar\/wp-content\/uploads\/2026\/03\/ministros-del-g7-se-reunen-para-analizar-el-impacto-economico-de-la-guerra-en-medio-oriente-y-la-suba-del-petroleo-4-300x200.jpg",300,200,true],"thumbnail":["https:\/\/lobosnews.com.ar\/wp-content\/uploads\/2026\/03\/ministros-del-g7-se-reunen-para-analizar-el-impacto-economico-de-la-guerra-en-medio-oriente-y-la-suba-del-petroleo-4-150x150.jpg",150,150,true]},"magazine_blocks_author":{"display_name":"admin","author_link":"https:\/\/lobosnews.com.ar\/index.php\/author\/lobos-news\/"},"magazine_blocks_comment":0,"magazine_blocks_author_image":"https:\/\/secure.gravatar.com\/avatar\/76e419471a2083bc3ceab22a763dbbf9b0c1bd15a6214cf3280e2c2dde4580f9?s=96&d=mm&r=g","magazine_blocks_category":"<a href=\"#\" class=\"category-link category-link-31\">Actualidad<\/a>","yoast_head":"<!-- This site is optimized with the Yoast SEO plugin v26.6 - https:\/\/yoast.com\/wordpress\/plugins\/seo\/ -->\n<title>Ministros del G7 se re\u00fanen para analizar el impacto econ\u00f3mico de la guerra en Medio Oriente y la suba del petr\u00f3leo - Lobos News<\/title>\n<meta name=\"robots\" content=\"index, follow, max-snippet:-1, max-image-preview:large, max-video-preview:-1\" \/>\n<link rel=\"canonical\" href=\"https:\/\/lobosnews.com.ar\/index.php\/2026\/03\/09\/ministros-del-g7-se-reunen-para-analizar-el-impacto-economico-de-la-guerra-en-medio-oriente-y-la-suba-del-petroleo\/\" \/>\n<meta property=\"og:locale\" content=\"es_ES\" \/>\n<meta property=\"og:type\" content=\"article\" \/>\n<meta property=\"og:title\" content=\"Ministros del G7 se re\u00fanen para analizar el impacto econ\u00f3mico de la guerra en Medio Oriente y la suba del petr\u00f3leo - Lobos News\" \/>\n<meta property=\"og:description\" content=\"Francia organizar\u00e1 este lunes una reuni\u00f3n por videoconferencia de los ministros de Finanzas del Grupo de los Siete (G7) para analizar el impacto econ\u00f3mico de la crisis en Medio Oriente, en medio de la guerra entre Estados Unidos, Israel e Ir\u00e1n, la fuerte suba de los precios del petr\u00f3leo y el gas, y las preocupaciones...\" \/>\n<meta property=\"og:url\" content=\"https:\/\/lobosnews.com.ar\/index.php\/2026\/03\/09\/ministros-del-g7-se-reunen-para-analizar-el-impacto-economico-de-la-guerra-en-medio-oriente-y-la-suba-del-petroleo\/\" \/>\n<meta property=\"og:site_name\" content=\"Lobos News\" \/>\n<meta property=\"article:published_time\" content=\"2026-03-09T05:37:49+00:00\" \/>\n<meta property=\"article:modified_time\" content=\"2026-03-09T08:43:16+00:00\" \/>\n<meta property=\"og:image\" content=\"https:\/\/lobosnews.com.ar\/wp-content\/uploads\/2026\/03\/ministros-del-g7-se-reunen-para-analizar-el-impacto-economico-de-la-guerra-en-medio-oriente-y-la-suba-del-petroleo.jpg\" \/>\n<meta name=\"author\" content=\"admin\" \/>\n<meta name=\"twitter:card\" content=\"summary_large_image\" \/>\n<meta name=\"twitter:label1\" content=\"Escrito por\" \/>\n\t<meta name=\"twitter:data1\" content=\"admin\" \/>\n\t<meta name=\"twitter:label2\" content=\"Tiempo de lectura\" \/>\n\t<meta name=\"twitter:data2\" content=\"4 minutos\" \/>\n<script type=\"application\/ld+json\" class=\"yoast-schema-graph\">{\"@context\":\"https:\/\/schema.org\",\"@graph\":[{\"@type\":\"Article\",\"@id\":\"https:\/\/lobosnews.com.ar\/index.php\/2026\/03\/09\/ministros-del-g7-se-reunen-para-analizar-el-impacto-economico-de-la-guerra-en-medio-oriente-y-la-suba-del-petroleo\/#article\",\"isPartOf\":{\"@id\":\"https:\/\/lobosnews.com.ar\/index.php\/2026\/03\/09\/ministros-del-g7-se-reunen-para-analizar-el-impacto-economico-de-la-guerra-en-medio-oriente-y-la-suba-del-petroleo\/\"},\"author\":{\"name\":\"admin\",\"@id\":\"https:\/\/lobosnews.com.ar\/#\/schema\/person\/232422a593d5c541dd9aef6aaed10943\"},\"headline\":\"Ministros del G7 se re\u00fanen para analizar el impacto econ\u00f3mico de la guerra en Medio Oriente y la suba del petr\u00f3leo\",\"datePublished\":\"2026-03-09T05:37:49+00:00\",\"dateModified\":\"2026-03-09T08:43:16+00:00\",\"mainEntityOfPage\":{\"@id\":\"https:\/\/lobosnews.com.ar\/index.php\/2026\/03\/09\/ministros-del-g7-se-reunen-para-analizar-el-impacto-economico-de-la-guerra-en-medio-oriente-y-la-suba-del-petroleo\/\"},\"wordCount\":873,\"commentCount\":0,\"publisher\":{\"@id\":\"https:\/\/lobosnews.com.ar\/#organization\"},\"image\":{\"@id\":\"https:\/\/lobosnews.com.ar\/index.php\/2026\/03\/09\/ministros-del-g7-se-reunen-para-analizar-el-impacto-economico-de-la-guerra-en-medio-oriente-y-la-suba-del-petroleo\/#primaryimage\"},\"thumbnailUrl\":\"https:\/\/lobosnews.com.ar\/wp-content\/uploads\/2026\/03\/ministros-del-g7-se-reunen-para-analizar-el-impacto-economico-de-la-guerra-en-medio-oriente-y-la-suba-del-petroleo-4.jpg\",\"articleSection\":[\"Actualidad\"],\"inLanguage\":\"es\",\"potentialAction\":[{\"@type\":\"CommentAction\",\"name\":\"Comment\",\"target\":[\"https:\/\/lobosnews.com.ar\/index.php\/2026\/03\/09\/ministros-del-g7-se-reunen-para-analizar-el-impacto-economico-de-la-guerra-en-medio-oriente-y-la-suba-del-petroleo\/#respond\"]}]},{\"@type\":\"WebPage\",\"@id\":\"https:\/\/lobosnews.com.ar\/index.php\/2026\/03\/09\/ministros-del-g7-se-reunen-para-analizar-el-impacto-economico-de-la-guerra-en-medio-oriente-y-la-suba-del-petroleo\/\",\"url\":\"https:\/\/lobosnews.com.ar\/index.php\/2026\/03\/09\/ministros-del-g7-se-reunen-para-analizar-el-impacto-economico-de-la-guerra-en-medio-oriente-y-la-suba-del-petroleo\/\",\"name\":\"Ministros del G7 se re\u00fanen para analizar el impacto econ\u00f3mico de la guerra en Medio Oriente y la suba del petr\u00f3leo - Lobos News\",\"isPartOf\":{\"@id\":\"https:\/\/lobosnews.com.ar\/#website\"},\"primaryImageOfPage\":{\"@id\":\"https:\/\/lobosnews.com.ar\/index.php\/2026\/03\/09\/ministros-del-g7-se-reunen-para-analizar-el-impacto-economico-de-la-guerra-en-medio-oriente-y-la-suba-del-petroleo\/#primaryimage\"},\"image\":{\"@id\":\"https:\/\/lobosnews.com.ar\/index.php\/2026\/03\/09\/ministros-del-g7-se-reunen-para-analizar-el-impacto-economico-de-la-guerra-en-medio-oriente-y-la-suba-del-petroleo\/#primaryimage\"},\"thumbnailUrl\":\"https:\/\/lobosnews.com.ar\/wp-content\/uploads\/2026\/03\/ministros-del-g7-se-reunen-para-analizar-el-impacto-economico-de-la-guerra-en-medio-oriente-y-la-suba-del-petroleo-4.jpg\",\"datePublished\":\"2026-03-09T05:37:49+00:00\",\"dateModified\":\"2026-03-09T08:43:16+00:00\",\"breadcrumb\":{\"@id\":\"https:\/\/lobosnews.com.ar\/index.php\/2026\/03\/09\/ministros-del-g7-se-reunen-para-analizar-el-impacto-economico-de-la-guerra-en-medio-oriente-y-la-suba-del-petroleo\/#breadcrumb\"},\"inLanguage\":\"es\",\"potentialAction\":[{\"@type\":\"ReadAction\",\"target\":[\"https:\/\/lobosnews.com.ar\/index.php\/2026\/03\/09\/ministros-del-g7-se-reunen-para-analizar-el-impacto-economico-de-la-guerra-en-medio-oriente-y-la-suba-del-petroleo\/\"]}]},{\"@type\":\"ImageObject\",\"inLanguage\":\"es\",\"@id\":\"https:\/\/lobosnews.com.ar\/index.php\/2026\/03\/09\/ministros-del-g7-se-reunen-para-analizar-el-impacto-economico-de-la-guerra-en-medio-oriente-y-la-suba-del-petroleo\/#primaryimage\",\"url\":\"https:\/\/lobosnews.com.ar\/wp-content\/uploads\/2026\/03\/ministros-del-g7-se-reunen-para-analizar-el-impacto-economico-de-la-guerra-en-medio-oriente-y-la-suba-del-petroleo-4.jpg\",\"contentUrl\":\"https:\/\/lobosnews.com.ar\/wp-content\/uploads\/2026\/03\/ministros-del-g7-se-reunen-para-analizar-el-impacto-economico-de-la-guerra-en-medio-oriente-y-la-suba-del-petroleo-4.jpg\",\"width\":800,\"height\":533,\"caption\":\"Ministros del G7 se re\u00fanen para analizar el impacto econ\u00f3mico de la guerra en Medio Oriente y la suba del petr\u00f3leo\"},{\"@type\":\"BreadcrumbList\",\"@id\":\"https:\/\/lobosnews.com.ar\/index.php\/2026\/03\/09\/ministros-del-g7-se-reunen-para-analizar-el-impacto-economico-de-la-guerra-en-medio-oriente-y-la-suba-del-petroleo\/#breadcrumb\",\"itemListElement\":[{\"@type\":\"ListItem\",\"position\":1,\"name\":\"Portada\",\"item\":\"https:\/\/lobosnews.com.ar\/\"},{\"@type\":\"ListItem\",\"position\":2,\"name\":\"Ministros del G7 se re\u00fanen para analizar el impacto econ\u00f3mico de la guerra en Medio Oriente y la suba del petr\u00f3leo\"}]},{\"@type\":\"WebSite\",\"@id\":\"https:\/\/lobosnews.com.ar\/#website\",\"url\":\"https:\/\/lobosnews.com.ar\/\",\"name\":\"Lobos News\",\"description\":\"Informaci\u00f3n a cada instante\",\"publisher\":{\"@id\":\"https:\/\/lobosnews.com.ar\/#organization\"},\"potentialAction\":[{\"@type\":\"SearchAction\",\"target\":{\"@type\":\"EntryPoint\",\"urlTemplate\":\"https:\/\/lobosnews.com.ar\/?s={search_term_string}\"},\"query-input\":{\"@type\":\"PropertyValueSpecification\",\"valueRequired\":true,\"valueName\":\"search_term_string\"}}],\"inLanguage\":\"es\"},{\"@type\":\"Organization\",\"@id\":\"https:\/\/lobosnews.com.ar\/#organization\",\"name\":\"Lobos News\",\"url\":\"https:\/\/lobosnews.com.ar\/\",\"logo\":{\"@type\":\"ImageObject\",\"inLanguage\":\"es\",\"@id\":\"https:\/\/lobosnews.com.ar\/#\/schema\/logo\/image\/\",\"url\":\"https:\/\/lobosnews.com.ar\/wp-content\/uploads\/2026\/01\/logo-lobosnews.png\",\"contentUrl\":\"https:\/\/lobosnews.com.ar\/wp-content\/uploads\/2026\/01\/logo-lobosnews.png\",\"width\":500,\"height\":200,\"caption\":\"Lobos News\"},\"image\":{\"@id\":\"https:\/\/lobosnews.com.ar\/#\/schema\/logo\/image\/\"}},{\"@type\":\"Person\",\"@id\":\"https:\/\/lobosnews.com.ar\/#\/schema\/person\/232422a593d5c541dd9aef6aaed10943\",\"name\":\"admin\",\"image\":{\"@type\":\"ImageObject\",\"inLanguage\":\"es\",\"@id\":\"https:\/\/lobosnews.com.ar\/#\/schema\/person\/image\/\",\"url\":\"https:\/\/secure.gravatar.com\/avatar\/76e419471a2083bc3ceab22a763dbbf9b0c1bd15a6214cf3280e2c2dde4580f9?s=96&d=mm&r=g\",\"contentUrl\":\"https:\/\/secure.gravatar.com\/avatar\/76e419471a2083bc3ceab22a763dbbf9b0c1bd15a6214cf3280e2c2dde4580f9?s=96&d=mm&r=g\",\"caption\":\"admin\"},\"sameAs\":[\"https:\/\/lobosnews.com.ar\"],\"url\":\"https:\/\/lobosnews.com.ar\/index.php\/author\/lobos-news\/\"}]}<\/script>\n<!-- \/ Yoast SEO plugin. -->","yoast_head_json":{"title":"Ministros del G7 se re\u00fanen para analizar el impacto econ\u00f3mico de la guerra en Medio Oriente y la suba del petr\u00f3leo - Lobos News","robots":{"index":"index","follow":"follow","max-snippet":"max-snippet:-1","max-image-preview":"max-image-preview:large","max-video-preview":"max-video-preview:-1"},"canonical":"https:\/\/lobosnews.com.ar\/index.php\/2026\/03\/09\/ministros-del-g7-se-reunen-para-analizar-el-impacto-economico-de-la-guerra-en-medio-oriente-y-la-suba-del-petroleo\/","og_locale":"es_ES","og_type":"article","og_title":"Ministros del G7 se re\u00fanen para analizar el impacto econ\u00f3mico de la guerra en Medio Oriente y la suba del petr\u00f3leo - Lobos News","og_description":"Francia organizar\u00e1 este lunes una reuni\u00f3n por videoconferencia de los ministros de Finanzas del Grupo de los Siete (G7) para analizar el impacto econ\u00f3mico de la crisis en Medio Oriente, en medio de la guerra entre Estados Unidos, Israel e Ir\u00e1n, la fuerte suba de los precios del petr\u00f3leo y el gas, y las preocupaciones...","og_url":"https:\/\/lobosnews.com.ar\/index.php\/2026\/03\/09\/ministros-del-g7-se-reunen-para-analizar-el-impacto-economico-de-la-guerra-en-medio-oriente-y-la-suba-del-petroleo\/","og_site_name":"Lobos News","article_published_time":"2026-03-09T05:37:49+00:00","article_modified_time":"2026-03-09T08:43:16+00:00","og_image":[{"url":"https:\/\/lobosnews.com.ar\/wp-content\/uploads\/2026\/03\/ministros-del-g7-se-reunen-para-analizar-el-impacto-economico-de-la-guerra-en-medio-oriente-y-la-suba-del-petroleo.jpg","type":"","width":"","height":""}],"author":"admin","twitter_card":"summary_large_image","twitter_misc":{"Escrito por":"admin","Tiempo de lectura":"4 minutos"},"schema":{"@context":"https:\/\/schema.org","@graph":[{"@type":"Article","@id":"https:\/\/lobosnews.com.ar\/index.php\/2026\/03\/09\/ministros-del-g7-se-reunen-para-analizar-el-impacto-economico-de-la-guerra-en-medio-oriente-y-la-suba-del-petroleo\/#article","isPartOf":{"@id":"https:\/\/lobosnews.com.ar\/index.php\/2026\/03\/09\/ministros-del-g7-se-reunen-para-analizar-el-impacto-economico-de-la-guerra-en-medio-oriente-y-la-suba-del-petroleo\/"},"author":{"name":"admin","@id":"https:\/\/lobosnews.com.ar\/#\/schema\/person\/232422a593d5c541dd9aef6aaed10943"},"headline":"Ministros del G7 se re\u00fanen para analizar el impacto econ\u00f3mico de la guerra en Medio Oriente y la suba del petr\u00f3leo","datePublished":"2026-03-09T05:37:49+00:00","dateModified":"2026-03-09T08:43:16+00:00","mainEntityOfPage":{"@id":"https:\/\/lobosnews.com.ar\/index.php\/2026\/03\/09\/ministros-del-g7-se-reunen-para-analizar-el-impacto-economico-de-la-guerra-en-medio-oriente-y-la-suba-del-petroleo\/"},"wordCount":873,"commentCount":0,"publisher":{"@id":"https:\/\/lobosnews.com.ar\/#organization"},"image":{"@id":"https:\/\/lobosnews.com.ar\/index.php\/2026\/03\/09\/ministros-del-g7-se-reunen-para-analizar-el-impacto-economico-de-la-guerra-en-medio-oriente-y-la-suba-del-petroleo\/#primaryimage"},"thumbnailUrl":"https:\/\/lobosnews.com.ar\/wp-content\/uploads\/2026\/03\/ministros-del-g7-se-reunen-para-analizar-el-impacto-economico-de-la-guerra-en-medio-oriente-y-la-suba-del-petroleo-4.jpg","articleSection":["Actualidad"],"inLanguage":"es","potentialAction":[{"@type":"CommentAction","name":"Comment","target":["https:\/\/lobosnews.com.ar\/index.php\/2026\/03\/09\/ministros-del-g7-se-reunen-para-analizar-el-impacto-economico-de-la-guerra-en-medio-oriente-y-la-suba-del-petroleo\/#respond"]}]},{"@type":"WebPage","@id":"https:\/\/lobosnews.com.ar\/index.php\/2026\/03\/09\/ministros-del-g7-se-reunen-para-analizar-el-impacto-economico-de-la-guerra-en-medio-oriente-y-la-suba-del-petroleo\/","url":"https:\/\/lobosnews.com.ar\/index.php\/2026\/03\/09\/ministros-del-g7-se-reunen-para-analizar-el-impacto-economico-de-la-guerra-en-medio-oriente-y-la-suba-del-petroleo\/","name":"Ministros del G7 se re\u00fanen para analizar el impacto econ\u00f3mico de la guerra en Medio Oriente y la suba del petr\u00f3leo - Lobos News","isPartOf":{"@id":"https:\/\/lobosnews.com.ar\/#website"},"primaryImageOfPage":{"@id":"https:\/\/lobosnews.com.ar\/index.php\/2026\/03\/09\/ministros-del-g7-se-reunen-para-analizar-el-impacto-economico-de-la-guerra-en-medio-oriente-y-la-suba-del-petroleo\/#primaryimage"},"image":{"@id":"https:\/\/lobosnews.com.ar\/index.php\/2026\/03\/09\/ministros-del-g7-se-reunen-para-analizar-el-impacto-economico-de-la-guerra-en-medio-oriente-y-la-suba-del-petroleo\/#primaryimage"},"thumbnailUrl":"https:\/\/lobosnews.com.ar\/wp-content\/uploads\/2026\/03\/ministros-del-g7-se-reunen-para-analizar-el-impacto-economico-de-la-guerra-en-medio-oriente-y-la-suba-del-petroleo-4.jpg","datePublished":"2026-03-09T05:37:49+00:00","dateModified":"2026-03-09T08:43:16+00:00","breadcrumb":{"@id":"https:\/\/lobosnews.com.ar\/index.php\/2026\/03\/09\/ministros-del-g7-se-reunen-para-analizar-el-impacto-economico-de-la-guerra-en-medio-oriente-y-la-suba-del-petroleo\/#breadcrumb"},"inLanguage":"es","potentialAction":[{"@type":"ReadAction","target":["https:\/\/lobosnews.com.ar\/index.php\/2026\/03\/09\/ministros-del-g7-se-reunen-para-analizar-el-impacto-economico-de-la-guerra-en-medio-oriente-y-la-suba-del-petroleo\/"]}]},{"@type":"ImageObject","inLanguage":"es","@id":"https:\/\/lobosnews.com.ar\/index.php\/2026\/03\/09\/ministros-del-g7-se-reunen-para-analizar-el-impacto-economico-de-la-guerra-en-medio-oriente-y-la-suba-del-petroleo\/#primaryimage","url":"https:\/\/lobosnews.com.ar\/wp-content\/uploads\/2026\/03\/ministros-del-g7-se-reunen-para-analizar-el-impacto-economico-de-la-guerra-en-medio-oriente-y-la-suba-del-petroleo-4.jpg","contentUrl":"https:\/\/lobosnews.com.ar\/wp-content\/uploads\/2026\/03\/ministros-del-g7-se-reunen-para-analizar-el-impacto-economico-de-la-guerra-en-medio-oriente-y-la-suba-del-petroleo-4.jpg","width":800,"height":533,"caption":"Ministros del G7 se re\u00fanen para analizar el impacto econ\u00f3mico de la guerra en Medio Oriente y la suba del petr\u00f3leo"},{"@type":"BreadcrumbList","@id":"https:\/\/lobosnews.com.ar\/index.php\/2026\/03\/09\/ministros-del-g7-se-reunen-para-analizar-el-impacto-economico-de-la-guerra-en-medio-oriente-y-la-suba-del-petroleo\/#breadcrumb","itemListElement":[{"@type":"ListItem","position":1,"name":"Portada","item":"https:\/\/lobosnews.com.ar\/"},{"@type":"ListItem","position":2,"name":"Ministros del G7 se re\u00fanen para analizar el impacto econ\u00f3mico de la guerra en Medio Oriente y la suba del petr\u00f3leo"}]},{"@type":"WebSite","@id":"https:\/\/lobosnews.com.ar\/#website","url":"https:\/\/lobosnews.com.ar\/","name":"Lobos News","description":"Informaci\u00f3n a cada instante","publisher":{"@id":"https:\/\/lobosnews.com.ar\/#organization"},"potentialAction":[{"@type":"SearchAction","target":{"@type":"EntryPoint","urlTemplate":"https:\/\/lobosnews.com.ar\/?s={search_term_string}"},"query-input":{"@type":"PropertyValueSpecification","valueRequired":true,"valueName":"search_term_string"}}],"inLanguage":"es"},{"@type":"Organization","@id":"https:\/\/lobosnews.com.ar\/#organization","name":"Lobos News","url":"https:\/\/lobosnews.com.ar\/","logo":{"@type":"ImageObject","inLanguage":"es","@id":"https:\/\/lobosnews.com.ar\/#\/schema\/logo\/image\/","url":"https:\/\/lobosnews.com.ar\/wp-content\/uploads\/2026\/01\/logo-lobosnews.png","contentUrl":"https:\/\/lobosnews.com.ar\/wp-content\/uploads\/2026\/01\/logo-lobosnews.png","width":500,"height":200,"caption":"Lobos News"},"image":{"@id":"https:\/\/lobosnews.com.ar\/#\/schema\/logo\/image\/"}},{"@type":"Person","@id":"https:\/\/lobosnews.com.ar\/#\/schema\/person\/232422a593d5c541dd9aef6aaed10943","name":"admin","image":{"@type":"ImageObject","inLanguage":"es","@id":"https:\/\/lobosnews.com.ar\/#\/schema\/person\/image\/","url":"https:\/\/secure.gravatar.com\/avatar\/76e419471a2083bc3ceab22a763dbbf9b0c1bd15a6214cf3280e2c2dde4580f9?s=96&d=mm&r=g","contentUrl":"https:\/\/secure.gravatar.com\/avatar\/76e419471a2083bc3ceab22a763dbbf9b0c1bd15a6214cf3280e2c2dde4580f9?s=96&d=mm&r=g","caption":"admin"},"sameAs":["https:\/\/lobosnews.com.ar"],"url":"https:\/\/lobosnews.com.ar\/index.php\/author\/lobos-news\/"}]}},"jetpack_featured_media_url":"https:\/\/lobosnews.com.ar\/wp-content\/uploads\/2026\/03\/ministros-del-g7-se-reunen-para-analizar-el-impacto-economico-de-la-guerra-en-medio-oriente-y-la-suba-del-petroleo-4.jpg","jetpack_sharing_enabled":true,"_links":{"self":[{"href":"https:\/\/lobosnews.com.ar\/index.php\/wp-json\/wp\/v2\/posts\/31093","targetHints":{"allow":["GET"]}}],"collection":[{"href":"https:\/\/lobosnews.com.ar\/index.php\/wp-json\/wp\/v2\/posts"}],"about":[{"href":"https:\/\/lobosnews.com.ar\/index.php\/wp-json\/wp\/v2\/types\/post"}],"author":[{"embeddable":true,"href":"https:\/\/lobosnews.com.ar\/index.php\/wp-json\/wp\/v2\/users\/1"}],"replies":[{"embeddable":true,"href":"https:\/\/lobosnews.com.ar\/index.php\/wp-json\/wp\/v2\/comments?post=31093"}],"version-history":[{"count":1,"href":"https:\/\/lobosnews.com.ar\/index.php\/wp-json\/wp\/v2\/posts\/31093\/revisions"}],"predecessor-version":[{"id":31097,"href":"https:\/\/lobosnews.com.ar\/index.php\/wp-json\/wp\/v2\/posts\/31093\/revisions\/31097"}],"wp:featuredmedia":[{"embeddable":true,"href":"https:\/\/lobosnews.com.ar\/index.php\/wp-json\/wp\/v2\/media\/31098"}],"wp:attachment":[{"href":"https:\/\/lobosnews.com.ar\/index.php\/wp-json\/wp\/v2\/media?parent=31093"}],"wp:term":[{"taxonomy":"category","embeddable":true,"href":"https:\/\/lobosnews.com.ar\/index.php\/wp-json\/wp\/v2\/categories?post=31093"},{"taxonomy":"post_tag","embeddable":true,"href":"https:\/\/lobosnews.com.ar\/index.php\/wp-json\/wp\/v2\/tags?post=31093"}],"curies":[{"name":"wp","href":"https:\/\/api.w.org\/{rel}","templated":true}]}}