{"id":31072,"date":"2026-03-09T04:32:36","date_gmt":"2026-03-09T04:32:36","guid":{"rendered":"https:\/\/lobosnews.com.ar\/index.php\/2026\/03\/09\/la-marca-que-alcanzo-colapinto-en-el-gp-de-australia-y-lo-ubica-detras-de-fangio-y-reutemann-en-la-historia-de-la-f1\/"},"modified":"2026-03-09T08:28:59","modified_gmt":"2026-03-09T08:28:59","slug":"la-marca-que-alcanzo-colapinto-en-el-gp-de-australia-y-lo-ubica-detras-de-fangio-y-reutemann-en-la-historia-de-la-f1","status":"publish","type":"post","link":"https:\/\/lobosnews.com.ar\/index.php\/2026\/03\/09\/la-marca-que-alcanzo-colapinto-en-el-gp-de-australia-y-lo-ubica-detras-de-fangio-y-reutemann-en-la-historia-de-la-f1\/","title":{"rendered":"La marca que alcanz\u00f3 Colapinto en el GP de Australia y lo ubica detr\u00e1s de Fangio y Reutemann en la historia de la F1"},"content":{"rendered":"<p><img loading=\"lazy\" decoding=\"async\" src=\"https:\/\/lobosnews.com.ar\/wp-content\/uploads\/2026\/03\/la-marca-que-alcanzo-colapinto-en-el-gp-de-australia-y-lo-ubica-detras-de-fangio-y-reutemann-en-la-historia-de-la-f1.jpg\" alt=\"Franco Colapinto solo tiene por delante a Carlos Reutemann y Juan Manuel Fangio entre los argentinos con m\u00e1s carreras en la F1\" height=\"706\" width=\"852\"\/><\/p>\n<p>Este domingo <b>Franco Colapinto<\/b> logr\u00f3 un hito en su campa\u00f1a deportiva, ya que comenz\u00f3 su primer campeonato completo en la <b>F\u00f3rmula 1<\/b>. Pero, adem\u00e1s, en <b>Australia <\/b>lleg\u00f3 a <b>27 Grandes Premios <\/b>corridos y completa el podio hist\u00f3rico de los <b>argentinos con m\u00e1s carreras disputadas en la M\u00e1xima <\/b>en 76 a\u00f1os de historia. <\/p>\n<p>Colapinto super\u00f3 por una competencia a<b> <\/b><span class=\"waslinkname\"><b>Jos\u00e9 Froil\u00e1n Gonz\u00e1lez<\/b><\/span> (26), el recordado arrecife\u00f1o que le dio el primer triunfo a <b>Ferrari <\/b>en la F1, el 14 de julio de 1951 en <b>Silverstone<\/b>, Gran Breta\u00f1a. Luego <i>Pepe<\/i> repiti\u00f3 en 1954, en ese mismo circuito. <\/p>\n<p>A Franco solo le quedar\u00e1n por delante <b>Juan Manuel Fangio <\/b>(51) y <b>Carlos Alberto Reutemann <\/b>(146). El pilarense corri\u00f3 9 carreras en 2024 con <b>Williams<\/b> y ya con <b>Alpine <\/b>disput\u00f3 17 el a\u00f1o pasado y una en este 2026. Al final de la temporada, el corredor bonaerense habr\u00e1 llegado a 50 y quedar\u00e1 a una del <i>Qu\u00edntuple<\/i>. No se cuentan las carreras Sprint de los s\u00e1bados. <\/p>\n<p>Adem\u00e1s, el corredor bonaerense de 22 a\u00f1os qued\u00f3 con <b>1.505 vueltas <\/b>contra <b>3.022 <\/b>del <i>Chueco<\/i>, quien corri\u00f3 ocho temporadas y fracci\u00f3n en la F1 entre 1950 y 1958, y <b>6.986 <\/b>del<i> <\/i><i><b>Lole<\/b><\/i>, que compiti\u00f3 diez temporadas y dos carreras entre 1972 e inicios de 1982. <\/p>\n<p><img loading=\"lazy\" decoding=\"async\" src=\"https:\/\/lobosnews.com.ar\/wp-content\/uploads\/2026\/03\/la-marca-que-alcanzo-colapinto-en-el-gp-de-australia-y-lo-ubica-detras-de-fangio-y-reutemann-en-la-historia-de-la-f1-1.jpg\" alt=\"Franco Colapinto junto a sus fan\u00e1ticos en Australia, una postal repetida en cada circuito donde corre la F1 (Cr\u00e9dito: Gentileza Lucho Yoma \/ @LucianoYoma)\" height=\"867\" width=\"1300\"\/><\/p>\n<p>Sobre <b>Fangio<\/b>, <b>Colapinto<\/b> cont\u00f3 en una oportunidad que \u201c<b>le\u00ed mucho de \u00e9l, vi muchos videos. Es el que me inculc\u00f3 el automovilismo en la sangre, es quien va a estar conmigo siempre en mi coraz\u00f3n<\/b>\u201d. <\/p>\n<p>Mientras que acerca de <b>Reutemann<\/b>, en un especial del recordado santafesino en <i>Fox Sports<\/i>, Franco destac\u00f3 que \u201c<b>Lole es un \u00eddolo, un h\u00e9roe<\/b> que le dio un mont\u00f3n al pa\u00eds cuando no hab\u00eda argentinos en la F1. Fangio hab\u00eda dejado la vara muy alta y (Reutemann) gener\u00f3 ese legado, esa historia del pa\u00eds en la F1, con sus victorias. Llevar el casco en homenaje a \u00e9l fue muy especial porque pude llevar la historia de nuestro pa\u00eds a la F1 actual\u201d. <\/p>\n<p>Tambi\u00e9n subray\u00f3 tema que lo marc\u00f3 en su personalidad: \u201cSu legado, como todo argentino, con ese huevo y esa garra en todo lo que hacemos. <b>El no darse por vencido, el ir por el instinto, el seguir lo que te dice tu interior<\/b>. Tuvo sus momentos pol\u00e9micos en los cuales <b>no sigui\u00f3 lo que quer\u00eda el equipo y eso marc\u00f3 una historia en la F1<\/b>\u2033. El a\u00f1o pasado, el pilarense <span class=\"waslinkname\">desobedeci\u00f3 la orden de <b>Alpine<\/b> <\/span>de mantener posiciones en Austin, cuando tuvo a su compa\u00f1ero de equipo<b> Pierre Gasly<\/b> adelante y ambos peleaban por el puesto 17\u00ba. En la previa a la siguiente carrera le preguntaron por su decisi\u00f3n y la que tom\u00f3 <span class=\"waslinkname\"><b>Reutemann<\/b> al tambi\u00e9n desobedecer a su equipo en <b>Brasil <\/b>1981<\/span> al no dejarlo pasar a <b>Alan Jones<\/b> y ganar esa carrera en <b>Jacarepagu\u00e1<\/b>: \u201c<span class=\"waslinkname\"><b>La historia no la escriben los cobardes<\/b>\u201d<\/span>, fue la sentencia de<b> Colapinto<\/b>. <\/p>\n<p>Sus buenas actuaciones con un auto que le respondi\u00f3 como el <b>FW 46 de Williams <\/b>en aquella temporada 2024, le valieron el inter\u00e9s del entonces jefe de <b>Red Bull<\/b>, <b>Christian<\/b> Horner. Al no prosperar las negociaciones, recal\u00f3 en Alpine, debido a las gestiones hechas por su asesor ejecutivo, <b>Flavio Briatore<\/b>, principal responsable en la incorporaci\u00f3n del argentino al team galo. <\/p>\n<p><img loading=\"lazy\" decoding=\"async\" src=\"https:\/\/lobosnews.com.ar\/wp-content\/uploads\/2026\/03\/la-marca-que-alcanzo-colapinto-en-el-gp-de-australia-y-lo-ubica-detras-de-fangio-y-reutemann-en-la-historia-de-la-f1-2.jpg\" alt=\"Franco Colapinto arranc\u00f3 su primer campeonato completo en la F1 (Photo by Mark Thompson\/Getty Images)\" height=\"1333\" width=\"2000\"\/><\/p>\n<p>Franco, de 22 a\u00f1os (27\/05\/2003), fue cedido por cinco a\u00f1os desde <b>Williams<\/b> hacia <b>Alpine<\/b>, adonde lleg\u00f3 en 2025. Tiene una proyecci\u00f3n de al menos 15 a\u00f1os en la F1. Se gan\u00f3 su lugar muy r\u00e1pido, ya que en su segunda carrera, en <b>Azerbaiy\u00e1n<\/b> 2024, sum\u00f3 sus primeros cuatro puntos (fue octavo), y ese mismo a\u00f1o en<b> Austin<\/b> cosech\u00f3 otra unidad al completar el top diez en Austin. En ese momento, Colapinto fue el primer argentino en sumar unidades desde el propio <b>Reutemann<\/b> en Sud\u00e1frica 1982. <\/p>\n<p>Luego de una temporada 2025 en la que no pudo pelear por los puntos con un coche nada competitivo como el A525 de <b>Alpine<\/b>, las expectativas se renovaron de cara a 2026, por la asociaci\u00f3n con <b>Mercedes <\/b>por la provisi\u00f3n del motor, la caja y suspensi\u00f3n. Adem\u00e1s, en el marco de un cambio de reglamento que fue un barajar y dar de nuevo para todas las escuder\u00edas. La pretemporada ilusion\u00f3 con ver al equipo de <b>Enstone <\/b>peleando por los puntos, algo que no se vio en el arranque disputado en <b>Australia<\/b>, donde si bien <b>Gasly <\/b>fue d\u00e9cimo, <b>Colapinto <\/b>result\u00f3 14\u00ba, pero en la clasificaci\u00f3n ambos no pudieron llegar a la segunda instancia, tambi\u00e9n conocida como Q2. Aunque el presente ejercicio reci\u00e9n comenz\u00f3 y quedan 23 Grandes Premios en disputa, habr\u00e1 un largo camino para desarrollar los autos y nuevas oportunidades para todos. <\/p>\n<p>La <b>F\u00f3rmula 1 <\/b>inici\u00f3 una nueva era. <b>Franco Colapinto<\/b> ya hab\u00eda hecho historia en 2024 al ser el primer argentino en correr en la M\u00e1xima luego de 23 a\u00f1os (el anterior fue <b>Gast\u00f3n Mazzacane<\/b> en 2001) y todo hace indicar que<b> <\/b>tendr\u00e1 un largo camino por recorrer y seguir batiendo r\u00e9cords. <\/p>\n","protected":false},"excerpt":{"rendered":"<p>Este domingo Franco Colapinto logr\u00f3 un hito en su campa\u00f1a deportiva, ya que comenz\u00f3 su primer campeonato completo en la F\u00f3rmula 1. Pero, adem\u00e1s, en Australia lleg\u00f3 a 27 Grandes Premios corridos y completa el podio hist\u00f3rico de los argentinos con m\u00e1s carreras disputadas en la M\u00e1xima en 76 a\u00f1os de historia. Colapinto super\u00f3 por&#8230;<\/p>\n","protected":false},"author":1,"featured_media":0,"comment_status":"open","ping_status":"closed","sticky":false,"template":"","format":"standard","meta":{"_jetpack_memberships_contains_paid_content":false,"footnotes":""},"categories":[30],"tags":[39],"class_list":["post-31072","post","type-post","status-publish","format-standard","hentry","category-argentina","tag-deportes"],"magazineBlocksPostFeaturedMedia":{"thumbnail":false,"medium":false,"medium_large":false,"large":false,"1536x1536":false,"2048x2048":false,"newsmatic-featured":false,"newsmatic-list":false,"newsmatic-thumb":false,"newsmatic-small":false,"newsmatic-grid":false},"magazineBlocksPostAuthor":{"name":"admin","avatar":"https:\/\/secure.gravatar.com\/avatar\/76e419471a2083bc3ceab22a763dbbf9b0c1bd15a6214cf3280e2c2dde4580f9?s=96&d=mm&r=g"},"magazineBlocksPostCommentsNumber":"0","magazineBlocksPostExcerpt":"Este domingo Franco Colapinto logr\u00f3 un hito en su campa\u00f1a deportiva, ya que comenz\u00f3 su primer campeonato completo en la F\u00f3rmula 1. Pero, adem\u00e1s, en Australia lleg\u00f3 a 27 Grandes Premios corridos y completa el podio hist\u00f3rico de los argentinos con m\u00e1s carreras disputadas en la M\u00e1xima en 76 a\u00f1os de historia. Colapinto super\u00f3 por...","magazineBlocksPostCategories":["Argentina"],"magazineBlocksPostViewCount":92,"magazineBlocksPostReadTime":5,"magazine_blocks_featured_image_url":{"full":false,"medium":false,"thumbnail":false},"magazine_blocks_author":{"display_name":"admin","author_link":"https:\/\/lobosnews.com.ar\/index.php\/author\/lobos-news\/"},"magazine_blocks_comment":0,"magazine_blocks_author_image":"https:\/\/secure.gravatar.com\/avatar\/76e419471a2083bc3ceab22a763dbbf9b0c1bd15a6214cf3280e2c2dde4580f9?s=96&d=mm&r=g","magazine_blocks_category":"<a href=\"#\" class=\"category-link category-link-30\">Argentina<\/a>","yoast_head":"<!-- This site is optimized with the Yoast SEO plugin v26.6 - https:\/\/yoast.com\/wordpress\/plugins\/seo\/ -->\n<title>La marca que alcanz\u00f3 Colapinto en el GP de Australia y lo ubica detr\u00e1s de Fangio y Reutemann en la historia de la F1 - Lobos News<\/title>\n<meta name=\"robots\" content=\"index, follow, max-snippet:-1, max-image-preview:large, max-video-preview:-1\" \/>\n<link rel=\"canonical\" href=\"https:\/\/lobosnews.com.ar\/index.php\/2026\/03\/09\/la-marca-que-alcanzo-colapinto-en-el-gp-de-australia-y-lo-ubica-detras-de-fangio-y-reutemann-en-la-historia-de-la-f1\/\" \/>\n<meta property=\"og:locale\" content=\"es_ES\" \/>\n<meta property=\"og:type\" content=\"article\" \/>\n<meta property=\"og:title\" content=\"La marca que alcanz\u00f3 Colapinto en el GP de Australia y lo ubica detr\u00e1s de Fangio y Reutemann en la historia de la F1 - Lobos News\" \/>\n<meta property=\"og:description\" content=\"Este domingo Franco Colapinto logr\u00f3 un hito en su campa\u00f1a deportiva, ya que comenz\u00f3 su primer campeonato completo en la F\u00f3rmula 1. Pero, adem\u00e1s, en Australia lleg\u00f3 a 27 Grandes Premios corridos y completa el podio hist\u00f3rico de los argentinos con m\u00e1s carreras disputadas en la M\u00e1xima en 76 a\u00f1os de historia. Colapinto super\u00f3 por...\" \/>\n<meta property=\"og:url\" content=\"https:\/\/lobosnews.com.ar\/index.php\/2026\/03\/09\/la-marca-que-alcanzo-colapinto-en-el-gp-de-australia-y-lo-ubica-detras-de-fangio-y-reutemann-en-la-historia-de-la-f1\/\" \/>\n<meta property=\"og:site_name\" content=\"Lobos News\" \/>\n<meta property=\"article:published_time\" content=\"2026-03-09T04:32:36+00:00\" \/>\n<meta property=\"article:modified_time\" content=\"2026-03-09T08:28:59+00:00\" \/>\n<meta property=\"og:image\" content=\"https:\/\/lobosnews.com.ar\/wp-content\/uploads\/2026\/03\/la-marca-que-alcanzo-colapinto-en-el-gp-de-australia-y-lo-ubica-detras-de-fangio-y-reutemann-en-la-historia-de-la-f1.jpg\" \/>\n<meta name=\"author\" content=\"admin\" \/>\n<meta name=\"twitter:card\" content=\"summary_large_image\" \/>\n<meta name=\"twitter:label1\" content=\"Escrito por\" \/>\n\t<meta name=\"twitter:data1\" content=\"admin\" \/>\n\t<meta name=\"twitter:label2\" content=\"Tiempo de lectura\" \/>\n\t<meta name=\"twitter:data2\" content=\"4 minutos\" \/>\n<script type=\"application\/ld+json\" class=\"yoast-schema-graph\">{\"@context\":\"https:\/\/schema.org\",\"@graph\":[{\"@type\":\"Article\",\"@id\":\"https:\/\/lobosnews.com.ar\/index.php\/2026\/03\/09\/la-marca-que-alcanzo-colapinto-en-el-gp-de-australia-y-lo-ubica-detras-de-fangio-y-reutemann-en-la-historia-de-la-f1\/#article\",\"isPartOf\":{\"@id\":\"https:\/\/lobosnews.com.ar\/index.php\/2026\/03\/09\/la-marca-que-alcanzo-colapinto-en-el-gp-de-australia-y-lo-ubica-detras-de-fangio-y-reutemann-en-la-historia-de-la-f1\/\"},\"author\":{\"name\":\"admin\",\"@id\":\"https:\/\/lobosnews.com.ar\/#\/schema\/person\/232422a593d5c541dd9aef6aaed10943\"},\"headline\":\"La marca que alcanz\u00f3 Colapinto en el GP de Australia y lo ubica detr\u00e1s de Fangio y Reutemann en la historia de la F1\",\"datePublished\":\"2026-03-09T04:32:36+00:00\",\"dateModified\":\"2026-03-09T08:28:59+00:00\",\"mainEntityOfPage\":{\"@id\":\"https:\/\/lobosnews.com.ar\/index.php\/2026\/03\/09\/la-marca-que-alcanzo-colapinto-en-el-gp-de-australia-y-lo-ubica-detras-de-fangio-y-reutemann-en-la-historia-de-la-f1\/\"},\"wordCount\":851,\"commentCount\":0,\"publisher\":{\"@id\":\"https:\/\/lobosnews.com.ar\/#organization\"},\"image\":{\"@id\":\"https:\/\/lobosnews.com.ar\/index.php\/2026\/03\/09\/la-marca-que-alcanzo-colapinto-en-el-gp-de-australia-y-lo-ubica-detras-de-fangio-y-reutemann-en-la-historia-de-la-f1\/#primaryimage\"},\"thumbnailUrl\":\"https:\/\/lobosnews.com.ar\/wp-content\/uploads\/2026\/03\/la-marca-que-alcanzo-colapinto-en-el-gp-de-australia-y-lo-ubica-detras-de-fangio-y-reutemann-en-la-historia-de-la-f1.jpg\",\"keywords\":[\"Deportes\"],\"articleSection\":[\"Argentina\"],\"inLanguage\":\"es\",\"potentialAction\":[{\"@type\":\"CommentAction\",\"name\":\"Comment\",\"target\":[\"https:\/\/lobosnews.com.ar\/index.php\/2026\/03\/09\/la-marca-que-alcanzo-colapinto-en-el-gp-de-australia-y-lo-ubica-detras-de-fangio-y-reutemann-en-la-historia-de-la-f1\/#respond\"]}]},{\"@type\":\"WebPage\",\"@id\":\"https:\/\/lobosnews.com.ar\/index.php\/2026\/03\/09\/la-marca-que-alcanzo-colapinto-en-el-gp-de-australia-y-lo-ubica-detras-de-fangio-y-reutemann-en-la-historia-de-la-f1\/\",\"url\":\"https:\/\/lobosnews.com.ar\/index.php\/2026\/03\/09\/la-marca-que-alcanzo-colapinto-en-el-gp-de-australia-y-lo-ubica-detras-de-fangio-y-reutemann-en-la-historia-de-la-f1\/\",\"name\":\"La marca que alcanz\u00f3 Colapinto en el GP de Australia y lo ubica detr\u00e1s de Fangio y Reutemann en la historia de la F1 - Lobos News\",\"isPartOf\":{\"@id\":\"https:\/\/lobosnews.com.ar\/#website\"},\"primaryImageOfPage\":{\"@id\":\"https:\/\/lobosnews.com.ar\/index.php\/2026\/03\/09\/la-marca-que-alcanzo-colapinto-en-el-gp-de-australia-y-lo-ubica-detras-de-fangio-y-reutemann-en-la-historia-de-la-f1\/#primaryimage\"},\"image\":{\"@id\":\"https:\/\/lobosnews.com.ar\/index.php\/2026\/03\/09\/la-marca-que-alcanzo-colapinto-en-el-gp-de-australia-y-lo-ubica-detras-de-fangio-y-reutemann-en-la-historia-de-la-f1\/#primaryimage\"},\"thumbnailUrl\":\"https:\/\/lobosnews.com.ar\/wp-content\/uploads\/2026\/03\/la-marca-que-alcanzo-colapinto-en-el-gp-de-australia-y-lo-ubica-detras-de-fangio-y-reutemann-en-la-historia-de-la-f1.jpg\",\"datePublished\":\"2026-03-09T04:32:36+00:00\",\"dateModified\":\"2026-03-09T08:28:59+00:00\",\"breadcrumb\":{\"@id\":\"https:\/\/lobosnews.com.ar\/index.php\/2026\/03\/09\/la-marca-que-alcanzo-colapinto-en-el-gp-de-australia-y-lo-ubica-detras-de-fangio-y-reutemann-en-la-historia-de-la-f1\/#breadcrumb\"},\"inLanguage\":\"es\",\"potentialAction\":[{\"@type\":\"ReadAction\",\"target\":[\"https:\/\/lobosnews.com.ar\/index.php\/2026\/03\/09\/la-marca-que-alcanzo-colapinto-en-el-gp-de-australia-y-lo-ubica-detras-de-fangio-y-reutemann-en-la-historia-de-la-f1\/\"]}]},{\"@type\":\"ImageObject\",\"inLanguage\":\"es\",\"@id\":\"https:\/\/lobosnews.com.ar\/index.php\/2026\/03\/09\/la-marca-que-alcanzo-colapinto-en-el-gp-de-australia-y-lo-ubica-detras-de-fangio-y-reutemann-en-la-historia-de-la-f1\/#primaryimage\",\"url\":\"https:\/\/lobosnews.com.ar\/wp-content\/uploads\/2026\/03\/la-marca-que-alcanzo-colapinto-en-el-gp-de-australia-y-lo-ubica-detras-de-fangio-y-reutemann-en-la-historia-de-la-f1.jpg\",\"contentUrl\":\"https:\/\/lobosnews.com.ar\/wp-content\/uploads\/2026\/03\/la-marca-que-alcanzo-colapinto-en-el-gp-de-australia-y-lo-ubica-detras-de-fangio-y-reutemann-en-la-historia-de-la-f1.jpg\"},{\"@type\":\"BreadcrumbList\",\"@id\":\"https:\/\/lobosnews.com.ar\/index.php\/2026\/03\/09\/la-marca-que-alcanzo-colapinto-en-el-gp-de-australia-y-lo-ubica-detras-de-fangio-y-reutemann-en-la-historia-de-la-f1\/#breadcrumb\",\"itemListElement\":[{\"@type\":\"ListItem\",\"position\":1,\"name\":\"Portada\",\"item\":\"https:\/\/lobosnews.com.ar\/\"},{\"@type\":\"ListItem\",\"position\":2,\"name\":\"La marca que alcanz\u00f3 Colapinto en el GP de Australia y lo ubica detr\u00e1s de Fangio y Reutemann en la historia de la F1\"}]},{\"@type\":\"WebSite\",\"@id\":\"https:\/\/lobosnews.com.ar\/#website\",\"url\":\"https:\/\/lobosnews.com.ar\/\",\"name\":\"Lobos News\",\"description\":\"Informaci\u00f3n a cada instante\",\"publisher\":{\"@id\":\"https:\/\/lobosnews.com.ar\/#organization\"},\"potentialAction\":[{\"@type\":\"SearchAction\",\"target\":{\"@type\":\"EntryPoint\",\"urlTemplate\":\"https:\/\/lobosnews.com.ar\/?s={search_term_string}\"},\"query-input\":{\"@type\":\"PropertyValueSpecification\",\"valueRequired\":true,\"valueName\":\"search_term_string\"}}],\"inLanguage\":\"es\"},{\"@type\":\"Organization\",\"@id\":\"https:\/\/lobosnews.com.ar\/#organization\",\"name\":\"Lobos News\",\"url\":\"https:\/\/lobosnews.com.ar\/\",\"logo\":{\"@type\":\"ImageObject\",\"inLanguage\":\"es\",\"@id\":\"https:\/\/lobosnews.com.ar\/#\/schema\/logo\/image\/\",\"url\":\"https:\/\/lobosnews.com.ar\/wp-content\/uploads\/2026\/01\/logo-lobosnews.png\",\"contentUrl\":\"https:\/\/lobosnews.com.ar\/wp-content\/uploads\/2026\/01\/logo-lobosnews.png\",\"width\":500,\"height\":200,\"caption\":\"Lobos News\"},\"image\":{\"@id\":\"https:\/\/lobosnews.com.ar\/#\/schema\/logo\/image\/\"}},{\"@type\":\"Person\",\"@id\":\"https:\/\/lobosnews.com.ar\/#\/schema\/person\/232422a593d5c541dd9aef6aaed10943\",\"name\":\"admin\",\"image\":{\"@type\":\"ImageObject\",\"inLanguage\":\"es\",\"@id\":\"https:\/\/lobosnews.com.ar\/#\/schema\/person\/image\/\",\"url\":\"https:\/\/secure.gravatar.com\/avatar\/76e419471a2083bc3ceab22a763dbbf9b0c1bd15a6214cf3280e2c2dde4580f9?s=96&d=mm&r=g\",\"contentUrl\":\"https:\/\/secure.gravatar.com\/avatar\/76e419471a2083bc3ceab22a763dbbf9b0c1bd15a6214cf3280e2c2dde4580f9?s=96&d=mm&r=g\",\"caption\":\"admin\"},\"sameAs\":[\"https:\/\/lobosnews.com.ar\"],\"url\":\"https:\/\/lobosnews.com.ar\/index.php\/author\/lobos-news\/\"}]}<\/script>\n<!-- \/ Yoast SEO plugin. -->","yoast_head_json":{"title":"La marca que alcanz\u00f3 Colapinto en el GP de Australia y lo ubica detr\u00e1s de Fangio y Reutemann en la historia de la F1 - Lobos News","robots":{"index":"index","follow":"follow","max-snippet":"max-snippet:-1","max-image-preview":"max-image-preview:large","max-video-preview":"max-video-preview:-1"},"canonical":"https:\/\/lobosnews.com.ar\/index.php\/2026\/03\/09\/la-marca-que-alcanzo-colapinto-en-el-gp-de-australia-y-lo-ubica-detras-de-fangio-y-reutemann-en-la-historia-de-la-f1\/","og_locale":"es_ES","og_type":"article","og_title":"La marca que alcanz\u00f3 Colapinto en el GP de Australia y lo ubica detr\u00e1s de Fangio y Reutemann en la historia de la F1 - Lobos News","og_description":"Este domingo Franco Colapinto logr\u00f3 un hito en su campa\u00f1a deportiva, ya que comenz\u00f3 su primer campeonato completo en la F\u00f3rmula 1. Pero, adem\u00e1s, en Australia lleg\u00f3 a 27 Grandes Premios corridos y completa el podio hist\u00f3rico de los argentinos con m\u00e1s carreras disputadas en la M\u00e1xima en 76 a\u00f1os de historia. Colapinto super\u00f3 por...","og_url":"https:\/\/lobosnews.com.ar\/index.php\/2026\/03\/09\/la-marca-que-alcanzo-colapinto-en-el-gp-de-australia-y-lo-ubica-detras-de-fangio-y-reutemann-en-la-historia-de-la-f1\/","og_site_name":"Lobos News","article_published_time":"2026-03-09T04:32:36+00:00","article_modified_time":"2026-03-09T08:28:59+00:00","og_image":[{"url":"https:\/\/lobosnews.com.ar\/wp-content\/uploads\/2026\/03\/la-marca-que-alcanzo-colapinto-en-el-gp-de-australia-y-lo-ubica-detras-de-fangio-y-reutemann-en-la-historia-de-la-f1.jpg","type":"","width":"","height":""}],"author":"admin","twitter_card":"summary_large_image","twitter_misc":{"Escrito por":"admin","Tiempo de lectura":"4 minutos"},"schema":{"@context":"https:\/\/schema.org","@graph":[{"@type":"Article","@id":"https:\/\/lobosnews.com.ar\/index.php\/2026\/03\/09\/la-marca-que-alcanzo-colapinto-en-el-gp-de-australia-y-lo-ubica-detras-de-fangio-y-reutemann-en-la-historia-de-la-f1\/#article","isPartOf":{"@id":"https:\/\/lobosnews.com.ar\/index.php\/2026\/03\/09\/la-marca-que-alcanzo-colapinto-en-el-gp-de-australia-y-lo-ubica-detras-de-fangio-y-reutemann-en-la-historia-de-la-f1\/"},"author":{"name":"admin","@id":"https:\/\/lobosnews.com.ar\/#\/schema\/person\/232422a593d5c541dd9aef6aaed10943"},"headline":"La marca que alcanz\u00f3 Colapinto en el GP de Australia y lo ubica detr\u00e1s de Fangio y Reutemann en la historia de la F1","datePublished":"2026-03-09T04:32:36+00:00","dateModified":"2026-03-09T08:28:59+00:00","mainEntityOfPage":{"@id":"https:\/\/lobosnews.com.ar\/index.php\/2026\/03\/09\/la-marca-que-alcanzo-colapinto-en-el-gp-de-australia-y-lo-ubica-detras-de-fangio-y-reutemann-en-la-historia-de-la-f1\/"},"wordCount":851,"commentCount":0,"publisher":{"@id":"https:\/\/lobosnews.com.ar\/#organization"},"image":{"@id":"https:\/\/lobosnews.com.ar\/index.php\/2026\/03\/09\/la-marca-que-alcanzo-colapinto-en-el-gp-de-australia-y-lo-ubica-detras-de-fangio-y-reutemann-en-la-historia-de-la-f1\/#primaryimage"},"thumbnailUrl":"https:\/\/lobosnews.com.ar\/wp-content\/uploads\/2026\/03\/la-marca-que-alcanzo-colapinto-en-el-gp-de-australia-y-lo-ubica-detras-de-fangio-y-reutemann-en-la-historia-de-la-f1.jpg","keywords":["Deportes"],"articleSection":["Argentina"],"inLanguage":"es","potentialAction":[{"@type":"CommentAction","name":"Comment","target":["https:\/\/lobosnews.com.ar\/index.php\/2026\/03\/09\/la-marca-que-alcanzo-colapinto-en-el-gp-de-australia-y-lo-ubica-detras-de-fangio-y-reutemann-en-la-historia-de-la-f1\/#respond"]}]},{"@type":"WebPage","@id":"https:\/\/lobosnews.com.ar\/index.php\/2026\/03\/09\/la-marca-que-alcanzo-colapinto-en-el-gp-de-australia-y-lo-ubica-detras-de-fangio-y-reutemann-en-la-historia-de-la-f1\/","url":"https:\/\/lobosnews.com.ar\/index.php\/2026\/03\/09\/la-marca-que-alcanzo-colapinto-en-el-gp-de-australia-y-lo-ubica-detras-de-fangio-y-reutemann-en-la-historia-de-la-f1\/","name":"La marca que alcanz\u00f3 Colapinto en el GP de Australia y lo ubica detr\u00e1s de Fangio y Reutemann en la historia de la F1 - Lobos News","isPartOf":{"@id":"https:\/\/lobosnews.com.ar\/#website"},"primaryImageOfPage":{"@id":"https:\/\/lobosnews.com.ar\/index.php\/2026\/03\/09\/la-marca-que-alcanzo-colapinto-en-el-gp-de-australia-y-lo-ubica-detras-de-fangio-y-reutemann-en-la-historia-de-la-f1\/#primaryimage"},"image":{"@id":"https:\/\/lobosnews.com.ar\/index.php\/2026\/03\/09\/la-marca-que-alcanzo-colapinto-en-el-gp-de-australia-y-lo-ubica-detras-de-fangio-y-reutemann-en-la-historia-de-la-f1\/#primaryimage"},"thumbnailUrl":"https:\/\/lobosnews.com.ar\/wp-content\/uploads\/2026\/03\/la-marca-que-alcanzo-colapinto-en-el-gp-de-australia-y-lo-ubica-detras-de-fangio-y-reutemann-en-la-historia-de-la-f1.jpg","datePublished":"2026-03-09T04:32:36+00:00","dateModified":"2026-03-09T08:28:59+00:00","breadcrumb":{"@id":"https:\/\/lobosnews.com.ar\/index.php\/2026\/03\/09\/la-marca-que-alcanzo-colapinto-en-el-gp-de-australia-y-lo-ubica-detras-de-fangio-y-reutemann-en-la-historia-de-la-f1\/#breadcrumb"},"inLanguage":"es","potentialAction":[{"@type":"ReadAction","target":["https:\/\/lobosnews.com.ar\/index.php\/2026\/03\/09\/la-marca-que-alcanzo-colapinto-en-el-gp-de-australia-y-lo-ubica-detras-de-fangio-y-reutemann-en-la-historia-de-la-f1\/"]}]},{"@type":"ImageObject","inLanguage":"es","@id":"https:\/\/lobosnews.com.ar\/index.php\/2026\/03\/09\/la-marca-que-alcanzo-colapinto-en-el-gp-de-australia-y-lo-ubica-detras-de-fangio-y-reutemann-en-la-historia-de-la-f1\/#primaryimage","url":"https:\/\/lobosnews.com.ar\/wp-content\/uploads\/2026\/03\/la-marca-que-alcanzo-colapinto-en-el-gp-de-australia-y-lo-ubica-detras-de-fangio-y-reutemann-en-la-historia-de-la-f1.jpg","contentUrl":"https:\/\/lobosnews.com.ar\/wp-content\/uploads\/2026\/03\/la-marca-que-alcanzo-colapinto-en-el-gp-de-australia-y-lo-ubica-detras-de-fangio-y-reutemann-en-la-historia-de-la-f1.jpg"},{"@type":"BreadcrumbList","@id":"https:\/\/lobosnews.com.ar\/index.php\/2026\/03\/09\/la-marca-que-alcanzo-colapinto-en-el-gp-de-australia-y-lo-ubica-detras-de-fangio-y-reutemann-en-la-historia-de-la-f1\/#breadcrumb","itemListElement":[{"@type":"ListItem","position":1,"name":"Portada","item":"https:\/\/lobosnews.com.ar\/"},{"@type":"ListItem","position":2,"name":"La marca que alcanz\u00f3 Colapinto en el GP de Australia y lo ubica detr\u00e1s de Fangio y Reutemann en la historia de la F1"}]},{"@type":"WebSite","@id":"https:\/\/lobosnews.com.ar\/#website","url":"https:\/\/lobosnews.com.ar\/","name":"Lobos News","description":"Informaci\u00f3n a cada instante","publisher":{"@id":"https:\/\/lobosnews.com.ar\/#organization"},"potentialAction":[{"@type":"SearchAction","target":{"@type":"EntryPoint","urlTemplate":"https:\/\/lobosnews.com.ar\/?s={search_term_string}"},"query-input":{"@type":"PropertyValueSpecification","valueRequired":true,"valueName":"search_term_string"}}],"inLanguage":"es"},{"@type":"Organization","@id":"https:\/\/lobosnews.com.ar\/#organization","name":"Lobos News","url":"https:\/\/lobosnews.com.ar\/","logo":{"@type":"ImageObject","inLanguage":"es","@id":"https:\/\/lobosnews.com.ar\/#\/schema\/logo\/image\/","url":"https:\/\/lobosnews.com.ar\/wp-content\/uploads\/2026\/01\/logo-lobosnews.png","contentUrl":"https:\/\/lobosnews.com.ar\/wp-content\/uploads\/2026\/01\/logo-lobosnews.png","width":500,"height":200,"caption":"Lobos News"},"image":{"@id":"https:\/\/lobosnews.com.ar\/#\/schema\/logo\/image\/"}},{"@type":"Person","@id":"https:\/\/lobosnews.com.ar\/#\/schema\/person\/232422a593d5c541dd9aef6aaed10943","name":"admin","image":{"@type":"ImageObject","inLanguage":"es","@id":"https:\/\/lobosnews.com.ar\/#\/schema\/person\/image\/","url":"https:\/\/secure.gravatar.com\/avatar\/76e419471a2083bc3ceab22a763dbbf9b0c1bd15a6214cf3280e2c2dde4580f9?s=96&d=mm&r=g","contentUrl":"https:\/\/secure.gravatar.com\/avatar\/76e419471a2083bc3ceab22a763dbbf9b0c1bd15a6214cf3280e2c2dde4580f9?s=96&d=mm&r=g","caption":"admin"},"sameAs":["https:\/\/lobosnews.com.ar"],"url":"https:\/\/lobosnews.com.ar\/index.php\/author\/lobos-news\/"}]}},"jetpack_featured_media_url":"","jetpack_sharing_enabled":true,"_links":{"self":[{"href":"https:\/\/lobosnews.com.ar\/index.php\/wp-json\/wp\/v2\/posts\/31072","targetHints":{"allow":["GET"]}}],"collection":[{"href":"https:\/\/lobosnews.com.ar\/index.php\/wp-json\/wp\/v2\/posts"}],"about":[{"href":"https:\/\/lobosnews.com.ar\/index.php\/wp-json\/wp\/v2\/types\/post"}],"author":[{"embeddable":true,"href":"https:\/\/lobosnews.com.ar\/index.php\/wp-json\/wp\/v2\/users\/1"}],"replies":[{"embeddable":true,"href":"https:\/\/lobosnews.com.ar\/index.php\/wp-json\/wp\/v2\/comments?post=31072"}],"version-history":[{"count":1,"href":"https:\/\/lobosnews.com.ar\/index.php\/wp-json\/wp\/v2\/posts\/31072\/revisions"}],"predecessor-version":[{"id":31076,"href":"https:\/\/lobosnews.com.ar\/index.php\/wp-json\/wp\/v2\/posts\/31072\/revisions\/31076"}],"wp:attachment":[{"href":"https:\/\/lobosnews.com.ar\/index.php\/wp-json\/wp\/v2\/media?parent=31072"}],"wp:term":[{"taxonomy":"category","embeddable":true,"href":"https:\/\/lobosnews.com.ar\/index.php\/wp-json\/wp\/v2\/categories?post=31072"},{"taxonomy":"post_tag","embeddable":true,"href":"https:\/\/lobosnews.com.ar\/index.php\/wp-json\/wp\/v2\/tags?post=31072"}],"curies":[{"name":"wp","href":"https:\/\/api.w.org\/{rel}","templated":true}]}}