{"id":31062,"date":"2026-03-09T05:01:35","date_gmt":"2026-03-09T05:01:35","guid":{"rendered":"https:\/\/lobosnews.com.ar\/index.php\/2026\/03\/09\/a-40-anos-del-titulo-local-del-river-de-veira-de-la-frase-premonitoria-del-bambino-en-el-pizarron-a-un-francescoli-descollante\/"},"modified":"2026-03-09T08:28:55","modified_gmt":"2026-03-09T08:28:55","slug":"a-40-anos-del-titulo-local-del-river-de-veira-de-la-frase-premonitoria-del-bambino-en-el-pizarron-a-un-francescoli-descollante","status":"publish","type":"post","link":"https:\/\/lobosnews.com.ar\/index.php\/2026\/03\/09\/a-40-anos-del-titulo-local-del-river-de-veira-de-la-frase-premonitoria-del-bambino-en-el-pizarron-a-un-francescoli-descollante\/","title":{"rendered":"A 40 a\u00f1os del t\u00edtulo local del River de Veira: de la frase premonitoria del Bambino en el pizarr\u00f3n a un Francescoli descollante"},"content":{"rendered":"<p><img loading=\"lazy\" decoding=\"async\" src=\"https:\/\/lobosnews.com.ar\/wp-content\/uploads\/2026\/03\/a-40-anos-del-titulo-local-del-river-de-veira-de-la-frase-premonitoria-del-bambino-en-el-pizarron-a-un-francescoli-descollante.jpg\" alt=\"H\u00e9ctor Enrique convierte el primer gol ante V\u00e9lez en el Monumental\" height=\"809\" width=\"1438\"\/><\/p>\n<p>El rito se mantuvo inalterable. El 60 desde Congreso hasta Barrancas de Belgrano y a partir de all\u00ed la caminata por Libertador hasta el buc\u00f3lico boulevard de Lidoro Quinteros. La port\u00e1til pegada a mi o\u00eddo, por ese gen period\u00edstico que ya lat\u00eda, aunque la cuenta de mis a\u00f1os apenas inauguraba los 13. La charla con mi viejo, mientras la gente se agolpaba a metros de las boleter\u00edas, en aquel extraviado tiempo, en el que las entradas se sacaban el mismo d\u00eda del partido. Todo era igual que siempre, con una sensible diferencia: no hab\u00edamos ido caminando desde casa hasta la parada del bondi, sino que nos hab\u00edamos encontrado ah\u00ed, porque mis padres se hab\u00edan separado hac\u00eda unos meses y yo viv\u00eda con mi vieja. Pero el rito de la cancha, sea cual fuese, se manten\u00eda. Mi viejo era de <b>River<\/b>, no muy fan\u00e1tico, y quiz\u00e1 por eso no me impuso el continuar la tradici\u00f3n, que desde pibe se pint\u00f3 con el tricolor Funebrero. \u00cdbamos a casi todos los estadios, pero ese domingo 9 de marzo del \u201886, yo sab\u00eda que \u00e9l quer\u00eda estar en el Monumental. <\/p>\n<p>River campe\u00f3n de la<b> temporada 85\/86<\/b>. Una aplanadora de f\u00fatbol. Aquel reencuentro de un cuadro de los Millonarios con lo m\u00e1s selecto de su historia. El f\u00fatbol refinado, de toque, de las mil variantes de mitad de cancha en adelante y una voracidad ofensiva que no hac\u00eda distinci\u00f3n de rival. Un equipo completo, con una figura descollante, como <b>Enzo Francescoli<\/b>, quien reg\u00f3, en aquella temporada, cada cent\u00edmetro de c\u00e9sped con su mejor versi\u00f3n. <\/p>\n<p>Nos instalamos en la platea. Siempre le voy a estar agradecido a mi viejo por el esfuerzo de comprar las dos entradas para ubicarnos all\u00ed, cerca de las cabinas de transmisi\u00f3n de las radios. Lleg\u00e1bamos con mucha antelaci\u00f3n y yo sub\u00eda los escalones hasta la \u00faltima fila. Me pon\u00eda en puntas de pie y pod\u00eda ver c\u00f3mo trabajaban los periodistas. Una fascinaci\u00f3n absoluta. Se me hab\u00edan despejado todas las dudas para cuando me preguntasen qu\u00e9 quer\u00eda ser cuando fuese grande&#8230; Para m\u00ed, el espect\u00e1culo se desarrollaba tanto all\u00ed como en el verde c\u00e9sped. <\/p>\n<p>Esa platea se fue llenando lentamente. La gente de River ten\u00eda la certeza de que iba a ser la tarde de la consagraci\u00f3n. Casi un formalismo, como quien va a hacer un tr\u00e1mite y sale enseguida. La diferencia abismal de ese equipo por sobre los dem\u00e1s a nivel juego tambi\u00e9n se refrendaba en la tabla, A falta de seis fechas, le llevaba 10 puntos a su m\u00e1s cercano seguidor, que era <b>Deportivo Espa\u00f1ol<\/b>, la revelaci\u00f3n del torneo, que hab\u00eda ascendido la temporada anterior. <\/p>\n<p><img loading=\"lazy\" decoding=\"async\" src=\"https:\/\/lobosnews.com.ar\/wp-content\/uploads\/2026\/03\/a-40-anos-del-titulo-local-del-river-de-veira-de-la-frase-premonitoria-del-bambino-en-el-pizarron-a-un-francescoli-descollante-1.jpg\" alt=\"El plantel campe\u00f3n, repleto de figuras\" height=\"900\" width=\"1344\"\/><\/p>\n<p>Enfrente, un <b>V\u00e9lez <\/b>sin demasiadas motivaciones, pero s\u00ed con buenos jugadores y el fresco antecedente de haber derrotado a River en los dos partidos del Nacional \u201885, donde le gan\u00f3 la semifinal de la rueda de ganadores y luego lo dej\u00f3 fuera en el cruce de la de perdedores. Ambas, con el denominador com\u00fan de haberse jugado en Hurac\u00e1n y la ratificaci\u00f3n de <b>Jorge Comas<\/b>, como verdugo Millonario. Dirigido por <b>Jos\u00e9 Yudica<\/b>, ten\u00eda en sus filas, adem\u00e1s de Comitas, a destacados futbolistas como <b>Pedro Larraquy, Jos\u00e9 Luis Cuciuffo, Osvaldo Coloccini, Juan Jos\u00e9 Meza y el Coyita Guti\u00e9rrez<\/b>.<\/p>\n<p>Pero a River y su aplastante marcha hacia el t\u00edtulo nada lo deten\u00eda. Sali\u00f3 a la cancha con la indumentaria alternativa de casaca roja con l\u00edneas horizontales blancas, en medio de una ovaci\u00f3n y la lluvia de papelitos, cl\u00e1sico de nuestro f\u00fatbol desde las felices horas del Mundial \u201978, que siempre tra\u00edan una dulce nostalgia. El Bambino puso en la cancha al equipo que terminar\u00eda quedando en la memoria de los hinchas, no solo de los Millonarios: <b>Nery Pumpido; Jorge Gordillo, Nelson Guti\u00e9rrez, Oscar Ruggeri, Alejandro Montenegro; H\u00e9ctor Enrique, Am\u00e9rico Gallego, Claudio Morresi, Roque Alfaro; Luis Am\u00fach\u00e1stegui y Enzo Francescoli<\/b>. <\/p>\n<p>El primer tiempo termin\u00f3 empatado sin goles, mientras las radios tra\u00edan la noticia, en tiempos de todos los partidos el domingo por la tarde a la misma hora, del 1-1 en Caballito entre Argentinos Juniors y Deportivo Espa\u00f1ol. En el complemento iban a llegar las emociones y las buenas noticias ac\u00e1 y all\u00e1. Apenas arrancado, Carlos Ereros puso el 2-1 para los Bichitos y, enseguida, el Negro Enrique, captur\u00f3 un rechazo defectuoso desde cerca del punto penal, para pegarle de primera y ponerla junto al poste izquierdo del arquero Bartero. <\/p>\n<p>Y entonces, s\u00ed, la locura y el carnaval. El festejo del Monumental que sab\u00eda que ya no habr\u00eda impedimentos para gritar campe\u00f3n, aunque todav\u00eda faltara m\u00e1s de media hora. El \u201csoy de River\u201d que atron\u00f3 m\u00e1s fuerte que nunca, tras el grito de gol, al que se sum\u00f3 mi viejo, en una alegr\u00eda que pocas veces le hab\u00eda visto en tantos a\u00f1os de cancha. Le gustaba ver buen f\u00fatbol, pero no estaba afiliado a ese grupo de hinchas que pasa la semana atento a las posibles bajas por lesiones o suspensiones propias o del rival. Lo de \u00e9l, como en su vida en general, era m\u00e1s tranquilo, m\u00e1s pensante y met\u00f3dico, pero a la hora de gozar y divertirse, era el n\u00famero uno. <\/p>\n<p><img loading=\"lazy\" decoding=\"async\" src=\"https:\/\/lobosnews.com.ar\/wp-content\/uploads\/2026\/03\/a-40-anos-del-titulo-local-del-river-de-veira-de-la-frase-premonitoria-del-bambino-en-el-pizarron-a-un-francescoli-descollante-2.jpg\" alt=\"Enzo Francescoli, de penal, coloca el 3-0 definitivo \" height=\"1454\" width=\"1600\"\/><\/p>\n<p>Un ratito m\u00e1s tarde, otra vez Ereros en Caballito estiraba hasta el 3-1 la derrota de Deportivo Espa\u00f1ol y ya no importaban las radios port\u00e1tiles con sus noticias. Todo se circunscrib\u00eda a lo que ocurr\u00eda en ese vibrante estadio de N\u00fa\u00f1ez, donde los hinchas, como marca su historia, siempre quieren m\u00e1s. Y ese equipo le daba toques, funcionamiento y goles. Los dos que faltaban para cerrar la historia llegaron sobre la hora. Primero fue Pipo Gorosito (pieza permanente de recambio para el Bambino, que lo admiraba mucho y lo har\u00eda explotar definitivamente cuando lo volvi\u00f3 a tener en San Lorenzo), que la puso en rinc\u00f3n con su acostumbrada calidad. <\/p>\n<p>El tercero y \u00faltimo no pod\u00eda ser de otro jugador. Lo deb\u00eda convertir \u00e9l, la figura fulgurante de aquel equipo, el goleador del campeonato. Estaba el tiempo cumplido. La gente deliraba y algunos se preparaban para la invasi\u00f3n, mientras en el banco de suplentes todo el cuerpo t\u00e9cnico se hermanaba en un abrazo para vivir as\u00ed los instantes finales. El Pr\u00edncipe encar\u00f3 al \u00e1rea, fue derribado y el \u00e1rbitro Jorge Vigliano no dud\u00f3 en cobrar el penal. La ejecuci\u00f3n fue igual a tantas otras en ese torneo y en su carrera. Con calma y clase, la acarici\u00f3 para ubicarla al otro palo de la err\u00f3nea intuici\u00f3n del arquero. Fue su \u00faltimo gol en el torneo, el n\u00famero 25 en 32 partidos disputados, lo que muestra, tambi\u00e9n en n\u00fameros, el grado excelso que alcanz\u00f3 en aquel torneo inolvidable.<\/p>\n<p>El Bambino dej\u00f3 su impronta, con un cuadro que manten\u00eda la vocaci\u00f3n ofensiva de su inolvidable San Lorenzo \u201883, aunque con muchos m\u00e1s recaudos que aquel, que era un derroche de generosidad por el espect\u00e1culo y que con un poco m\u00e1s de orden podr\u00eda haber sido campe\u00f3n. No fue f\u00e1cil el comienzo para Veira porque, cuando asumi\u00f3 en septiembre del \u201984, el equipo estaba a la deriva y en crisis de resultados. <\/p>\n<p><b>Jorge Gordillo<\/b>, titular indiscutido y due\u00f1o de la camiseta n\u00famero 4, nos record\u00f3 c\u00f3mo se fue edificando aquel ciclo que luego ganar\u00eda todos los t\u00edtulos: \u201cApenas asumi\u00f3, el Bambino escribi\u00f3 en el pizarr\u00f3n del vestuario una frase que me impact\u00f3: <b>\u2018Con humildad y sacrificio, este equipo puede quedar en la historia del club\u2019.<\/b> Hicimos una linda pretemporada en Villa Gesell y en el Nacional del \u201985 llegamos hasta las instancias finales y, despu\u00e9s en el torneo largo, realizamos una campa\u00f1a inolvidable, con la dupla brillante de Francescoli y Morresi, sumados a la Ara\u00f1a Amuch\u00e1stegui, que era letal. Enzo fue transferido a Francia y todos nos preguntamos \u00bfY ahora (risas). El Bambino tuvo la capacidad de poder reinventar el equipo para la Copa Libertadores, aprovechando la calidad del Beto Alonso como lanzador y la potencia goleadora de Antonio Alzamendi. Tambi\u00e9n nos dimos el gusto de ser campeones del mundo ante el Steaua Bucarest, en un partido dur\u00edsimo, pese a que, en la previa, muchos lo hab\u00edan subestimado, pensando que River tendr\u00eda un rival menor enfrente y nada que ver. Por algo era el ganador de la Champions y fue la base de la selecci\u00f3n de Rumania que disput\u00f3 los mundiales siguientes. Eran muy bravos. Les dabas una patada y te dol\u00eda a vos (risas)\u201d.<\/p>\n<p>Hubo un detalle importante en la campa\u00f1a y fue el caso de <b>Norberto Alonso<\/b>. Al comenzar el torneo, era el due\u00f1o indiscutido de la camiseta n\u00famero 10. En el mes de septiembre, con poco m\u00e1s de 10 fechas disputadas, se lesion\u00f3 e ingres\u00f3 en su lugar <b>Claudio Morresi<\/b>, que hab\u00eda llegado desde Hurac\u00e1n, con excelentes antecedentes. Futbolista fino, de clase y con mucha llegada al gol, se insert\u00f3 en forma inmediata en el andamiaje del equipo, formando una dupla letal con Francescoli, como nos lo evoc\u00f3 el propio Claudio: \u201cSiempre me consultan sobre si Enzo fue con el que mejor me entend\u00ed y yo sostengo que, por haber sido en River, fue con quien m\u00e1s se visibiliz\u00f3. Lo que no tengo dudas es que <b>fue el compa\u00f1ero de mayores virtudes t\u00e9cnicas que tuve, porque era un goleador, que adem\u00e1s hac\u00eda convertir a los dem\u00e1s<\/b>\u201d.<\/p>\n<p><img loading=\"lazy\" decoding=\"async\" src=\"https:\/\/lobosnews.com.ar\/wp-content\/uploads\/2026\/03\/a-40-anos-del-titulo-local-del-river-de-veira-de-la-frase-premonitoria-del-bambino-en-el-pizarron-a-un-francescoli-descollante-3.jpg\" alt=\"La tapa de la revista El Gr\u00e1fico tras la consagraci\u00f3n\" height=\"1600\" width=\"1223\"\/><\/p>\n<p>Morresi recuerda c\u00f3mo era convivir con la situaci\u00f3n que se hab\u00eda creado en torno a ocupar el lugar de un \u00eddolo tan grande: \u201cEn cuanto pis\u00e1bamos el c\u00e9sped, toda la cancha gritaba \u2018Alonso, Alonso\u2019, aunque estuviera en el banco. Despu\u00e9s cantaban por Enzo y luego por m\u00ed, pero \u00e9l era la bandera de los hinchas. Cuando me toc\u00f3 entrar, el equipo comenz\u00f3 a funcionar muy bien y a ganar. El Bambino tuvo una situaci\u00f3n inc\u00f3moda, pero se la jug\u00f3 por el cuadro que le rend\u00eda. El Beto estaba en un alto nivel, que lo demostr\u00f3 al a\u00f1o siguiente cuando fue decisivo en la Copa Libertadores. Lo que debo reconocer es que con \u00e9l siempre tuvimos una relaci\u00f3n de mucho respeto, que se mantiene hasta al d\u00eda de hoy\u201d.<\/p>\n<p>El esp\u00edritu jovial de Veira tambi\u00e9n fue clave en el armado del grupo y en la manera de relacionarse con sus jugadores, como lo rememora Claudio: \u201cLa frase \u2018Morresi es Mozart\u2019 es una t\u00edpica salida del Bambino, que te resume en una palabra lo que a la mayor\u00eda nos cuesta un mont\u00f3n. Dec\u00eda que yo tocaba y tocaba, que era como el director de esa orquesta. Fue muy importante por su inteligencia t\u00e1ctica, para saber qu\u00e9 necesitaba el equipo en cada momento\u201d.<\/p>\n<p>Atr\u00e1s hab\u00edan quedado m\u00e1s de cuatro a\u00f1os sin t\u00edtulos locales, desde aquel Nacional \u201881, con la conducci\u00f3n de Alfredo Di St\u00e9fano y sus controversias con algunos miembros del plantel. Luego, la casa de los Millonarios se desorden\u00f3 un poco con la di\u00e1spora de sus grandes figuras y problemas econ\u00f3micos que derivaron en una huelga de sus futbolistas en el \u201883. Todo eso era pasado. Ahora hab\u00eda vuelto la alegr\u00eda, con un equipo que bebi\u00f3 en las fuentes de la m\u00e1s rica historia de la instituci\u00f3n. Esa que siempre quiere m\u00e1s y mejor f\u00fatbol. Desde el m\u00e1s fan\u00e1tico hasta el m\u00e1s analista. Como en el caso de mi viejo, que nunca lo hab\u00eda visto dar la vuelta ol\u00edmpica en la cancha a su querido River. Cuando nos \u00edbamos, me dijo: \u2018Nunca olvidar\u00e9 esta tarde\u2019. En la estrella que est\u00e9s, quedate tranquilo. Yo tampoco, viejo\u2026<\/p>\n<p><img loading=\"lazy\" decoding=\"async\" src=\"https:\/\/lobosnews.com.ar\/wp-content\/uploads\/2026\/03\/a-40-anos-del-titulo-local-del-river-de-veira-de-la-frase-premonitoria-del-bambino-en-el-pizarron-a-un-francescoli-descollante-4.jpg\" alt=\"El Bambino, con la indumentaria de River\" height=\"1080\" width=\"1920\"\/><\/p>\n","protected":false},"excerpt":{"rendered":"<p>El rito se mantuvo inalterable. El 60 desde Congreso hasta Barrancas de Belgrano y a partir de all\u00ed la caminata por Libertador hasta el buc\u00f3lico boulevard de Lidoro Quinteros. La port\u00e1til pegada a mi o\u00eddo, por ese gen period\u00edstico que ya lat\u00eda, aunque la cuenta de mis a\u00f1os apenas inauguraba los 13. La charla con&#8230;<\/p>\n","protected":false},"author":1,"featured_media":0,"comment_status":"open","ping_status":"closed","sticky":false,"template":"","format":"standard","meta":{"_jetpack_memberships_contains_paid_content":false,"footnotes":""},"categories":[30],"tags":[39],"class_list":["post-31062","post","type-post","status-publish","format-standard","hentry","category-argentina","tag-deportes"],"magazineBlocksPostFeaturedMedia":{"thumbnail":false,"medium":false,"medium_large":false,"large":false,"1536x1536":false,"2048x2048":false,"newsmatic-featured":false,"newsmatic-list":false,"newsmatic-thumb":false,"newsmatic-small":false,"newsmatic-grid":false},"magazineBlocksPostAuthor":{"name":"admin","avatar":"https:\/\/secure.gravatar.com\/avatar\/76e419471a2083bc3ceab22a763dbbf9b0c1bd15a6214cf3280e2c2dde4580f9?s=96&d=mm&r=g"},"magazineBlocksPostCommentsNumber":"0","magazineBlocksPostExcerpt":"El rito se mantuvo inalterable. El 60 desde Congreso hasta Barrancas de Belgrano y a partir de all\u00ed la caminata por Libertador hasta el buc\u00f3lico boulevard de Lidoro Quinteros. La port\u00e1til pegada a mi o\u00eddo, por ese gen period\u00edstico que ya lat\u00eda, aunque la cuenta de mis a\u00f1os apenas inauguraba los 13. La charla con...","magazineBlocksPostCategories":["Argentina"],"magazineBlocksPostViewCount":93,"magazineBlocksPostReadTime":11,"magazine_blocks_featured_image_url":{"full":false,"medium":false,"thumbnail":false},"magazine_blocks_author":{"display_name":"admin","author_link":"https:\/\/lobosnews.com.ar\/index.php\/author\/lobos-news\/"},"magazine_blocks_comment":0,"magazine_blocks_author_image":"https:\/\/secure.gravatar.com\/avatar\/76e419471a2083bc3ceab22a763dbbf9b0c1bd15a6214cf3280e2c2dde4580f9?s=96&d=mm&r=g","magazine_blocks_category":"<a href=\"#\" class=\"category-link category-link-30\">Argentina<\/a>","yoast_head":"<!-- This site is optimized with the Yoast SEO plugin v26.6 - https:\/\/yoast.com\/wordpress\/plugins\/seo\/ -->\n<title>A 40 a\u00f1os del t\u00edtulo local del River de Veira: de la frase premonitoria del Bambino en el pizarr\u00f3n a un Francescoli descollante - Lobos News<\/title>\n<meta name=\"robots\" content=\"index, follow, max-snippet:-1, max-image-preview:large, max-video-preview:-1\" \/>\n<link rel=\"canonical\" href=\"https:\/\/lobosnews.com.ar\/index.php\/2026\/03\/09\/a-40-anos-del-titulo-local-del-river-de-veira-de-la-frase-premonitoria-del-bambino-en-el-pizarron-a-un-francescoli-descollante\/\" \/>\n<meta property=\"og:locale\" content=\"es_ES\" \/>\n<meta property=\"og:type\" content=\"article\" \/>\n<meta property=\"og:title\" content=\"A 40 a\u00f1os del t\u00edtulo local del River de Veira: de la frase premonitoria del Bambino en el pizarr\u00f3n a un Francescoli descollante - Lobos News\" \/>\n<meta property=\"og:description\" content=\"El rito se mantuvo inalterable. El 60 desde Congreso hasta Barrancas de Belgrano y a partir de all\u00ed la caminata por Libertador hasta el buc\u00f3lico boulevard de Lidoro Quinteros. La port\u00e1til pegada a mi o\u00eddo, por ese gen period\u00edstico que ya lat\u00eda, aunque la cuenta de mis a\u00f1os apenas inauguraba los 13. La charla con...\" \/>\n<meta property=\"og:url\" content=\"https:\/\/lobosnews.com.ar\/index.php\/2026\/03\/09\/a-40-anos-del-titulo-local-del-river-de-veira-de-la-frase-premonitoria-del-bambino-en-el-pizarron-a-un-francescoli-descollante\/\" \/>\n<meta property=\"og:site_name\" content=\"Lobos News\" \/>\n<meta property=\"article:published_time\" content=\"2026-03-09T05:01:35+00:00\" \/>\n<meta property=\"article:modified_time\" content=\"2026-03-09T08:28:55+00:00\" \/>\n<meta property=\"og:image\" content=\"https:\/\/lobosnews.com.ar\/wp-content\/uploads\/2026\/03\/a-40-anos-del-titulo-local-del-river-de-veira-de-la-frase-premonitoria-del-bambino-en-el-pizarron-a-un-francescoli-descollante.jpg\" \/>\n<meta name=\"author\" content=\"admin\" \/>\n<meta name=\"twitter:card\" content=\"summary_large_image\" \/>\n<meta name=\"twitter:label1\" content=\"Escrito por\" \/>\n\t<meta name=\"twitter:data1\" content=\"admin\" \/>\n\t<meta name=\"twitter:label2\" content=\"Tiempo de lectura\" \/>\n\t<meta name=\"twitter:data2\" content=\"10 minutos\" \/>\n<script type=\"application\/ld+json\" class=\"yoast-schema-graph\">{\"@context\":\"https:\/\/schema.org\",\"@graph\":[{\"@type\":\"Article\",\"@id\":\"https:\/\/lobosnews.com.ar\/index.php\/2026\/03\/09\/a-40-anos-del-titulo-local-del-river-de-veira-de-la-frase-premonitoria-del-bambino-en-el-pizarron-a-un-francescoli-descollante\/#article\",\"isPartOf\":{\"@id\":\"https:\/\/lobosnews.com.ar\/index.php\/2026\/03\/09\/a-40-anos-del-titulo-local-del-river-de-veira-de-la-frase-premonitoria-del-bambino-en-el-pizarron-a-un-francescoli-descollante\/\"},\"author\":{\"name\":\"admin\",\"@id\":\"https:\/\/lobosnews.com.ar\/#\/schema\/person\/232422a593d5c541dd9aef6aaed10943\"},\"headline\":\"A 40 a\u00f1os del t\u00edtulo local del River de Veira: de la frase premonitoria del Bambino en el pizarr\u00f3n a un Francescoli descollante\",\"datePublished\":\"2026-03-09T05:01:35+00:00\",\"dateModified\":\"2026-03-09T08:28:55+00:00\",\"mainEntityOfPage\":{\"@id\":\"https:\/\/lobosnews.com.ar\/index.php\/2026\/03\/09\/a-40-anos-del-titulo-local-del-river-de-veira-de-la-frase-premonitoria-del-bambino-en-el-pizarron-a-un-francescoli-descollante\/\"},\"wordCount\":2060,\"commentCount\":0,\"publisher\":{\"@id\":\"https:\/\/lobosnews.com.ar\/#organization\"},\"image\":{\"@id\":\"https:\/\/lobosnews.com.ar\/index.php\/2026\/03\/09\/a-40-anos-del-titulo-local-del-river-de-veira-de-la-frase-premonitoria-del-bambino-en-el-pizarron-a-un-francescoli-descollante\/#primaryimage\"},\"thumbnailUrl\":\"https:\/\/lobosnews.com.ar\/wp-content\/uploads\/2026\/03\/a-40-anos-del-titulo-local-del-river-de-veira-de-la-frase-premonitoria-del-bambino-en-el-pizarron-a-un-francescoli-descollante.jpg\",\"keywords\":[\"Deportes\"],\"articleSection\":[\"Argentina\"],\"inLanguage\":\"es\",\"potentialAction\":[{\"@type\":\"CommentAction\",\"name\":\"Comment\",\"target\":[\"https:\/\/lobosnews.com.ar\/index.php\/2026\/03\/09\/a-40-anos-del-titulo-local-del-river-de-veira-de-la-frase-premonitoria-del-bambino-en-el-pizarron-a-un-francescoli-descollante\/#respond\"]}]},{\"@type\":\"WebPage\",\"@id\":\"https:\/\/lobosnews.com.ar\/index.php\/2026\/03\/09\/a-40-anos-del-titulo-local-del-river-de-veira-de-la-frase-premonitoria-del-bambino-en-el-pizarron-a-un-francescoli-descollante\/\",\"url\":\"https:\/\/lobosnews.com.ar\/index.php\/2026\/03\/09\/a-40-anos-del-titulo-local-del-river-de-veira-de-la-frase-premonitoria-del-bambino-en-el-pizarron-a-un-francescoli-descollante\/\",\"name\":\"A 40 a\u00f1os del t\u00edtulo local del River de Veira: de la frase premonitoria del Bambino en el pizarr\u00f3n a un Francescoli descollante - Lobos News\",\"isPartOf\":{\"@id\":\"https:\/\/lobosnews.com.ar\/#website\"},\"primaryImageOfPage\":{\"@id\":\"https:\/\/lobosnews.com.ar\/index.php\/2026\/03\/09\/a-40-anos-del-titulo-local-del-river-de-veira-de-la-frase-premonitoria-del-bambino-en-el-pizarron-a-un-francescoli-descollante\/#primaryimage\"},\"image\":{\"@id\":\"https:\/\/lobosnews.com.ar\/index.php\/2026\/03\/09\/a-40-anos-del-titulo-local-del-river-de-veira-de-la-frase-premonitoria-del-bambino-en-el-pizarron-a-un-francescoli-descollante\/#primaryimage\"},\"thumbnailUrl\":\"https:\/\/lobosnews.com.ar\/wp-content\/uploads\/2026\/03\/a-40-anos-del-titulo-local-del-river-de-veira-de-la-frase-premonitoria-del-bambino-en-el-pizarron-a-un-francescoli-descollante.jpg\",\"datePublished\":\"2026-03-09T05:01:35+00:00\",\"dateModified\":\"2026-03-09T08:28:55+00:00\",\"breadcrumb\":{\"@id\":\"https:\/\/lobosnews.com.ar\/index.php\/2026\/03\/09\/a-40-anos-del-titulo-local-del-river-de-veira-de-la-frase-premonitoria-del-bambino-en-el-pizarron-a-un-francescoli-descollante\/#breadcrumb\"},\"inLanguage\":\"es\",\"potentialAction\":[{\"@type\":\"ReadAction\",\"target\":[\"https:\/\/lobosnews.com.ar\/index.php\/2026\/03\/09\/a-40-anos-del-titulo-local-del-river-de-veira-de-la-frase-premonitoria-del-bambino-en-el-pizarron-a-un-francescoli-descollante\/\"]}]},{\"@type\":\"ImageObject\",\"inLanguage\":\"es\",\"@id\":\"https:\/\/lobosnews.com.ar\/index.php\/2026\/03\/09\/a-40-anos-del-titulo-local-del-river-de-veira-de-la-frase-premonitoria-del-bambino-en-el-pizarron-a-un-francescoli-descollante\/#primaryimage\",\"url\":\"https:\/\/lobosnews.com.ar\/wp-content\/uploads\/2026\/03\/a-40-anos-del-titulo-local-del-river-de-veira-de-la-frase-premonitoria-del-bambino-en-el-pizarron-a-un-francescoli-descollante.jpg\",\"contentUrl\":\"https:\/\/lobosnews.com.ar\/wp-content\/uploads\/2026\/03\/a-40-anos-del-titulo-local-del-river-de-veira-de-la-frase-premonitoria-del-bambino-en-el-pizarron-a-un-francescoli-descollante.jpg\"},{\"@type\":\"BreadcrumbList\",\"@id\":\"https:\/\/lobosnews.com.ar\/index.php\/2026\/03\/09\/a-40-anos-del-titulo-local-del-river-de-veira-de-la-frase-premonitoria-del-bambino-en-el-pizarron-a-un-francescoli-descollante\/#breadcrumb\",\"itemListElement\":[{\"@type\":\"ListItem\",\"position\":1,\"name\":\"Portada\",\"item\":\"https:\/\/lobosnews.com.ar\/\"},{\"@type\":\"ListItem\",\"position\":2,\"name\":\"A 40 a\u00f1os del t\u00edtulo local del River de Veira: de la frase premonitoria del Bambino en el pizarr\u00f3n a un Francescoli descollante\"}]},{\"@type\":\"WebSite\",\"@id\":\"https:\/\/lobosnews.com.ar\/#website\",\"url\":\"https:\/\/lobosnews.com.ar\/\",\"name\":\"Lobos News\",\"description\":\"Informaci\u00f3n a cada instante\",\"publisher\":{\"@id\":\"https:\/\/lobosnews.com.ar\/#organization\"},\"potentialAction\":[{\"@type\":\"SearchAction\",\"target\":{\"@type\":\"EntryPoint\",\"urlTemplate\":\"https:\/\/lobosnews.com.ar\/?s={search_term_string}\"},\"query-input\":{\"@type\":\"PropertyValueSpecification\",\"valueRequired\":true,\"valueName\":\"search_term_string\"}}],\"inLanguage\":\"es\"},{\"@type\":\"Organization\",\"@id\":\"https:\/\/lobosnews.com.ar\/#organization\",\"name\":\"Lobos News\",\"url\":\"https:\/\/lobosnews.com.ar\/\",\"logo\":{\"@type\":\"ImageObject\",\"inLanguage\":\"es\",\"@id\":\"https:\/\/lobosnews.com.ar\/#\/schema\/logo\/image\/\",\"url\":\"https:\/\/lobosnews.com.ar\/wp-content\/uploads\/2026\/01\/logo-lobosnews.png\",\"contentUrl\":\"https:\/\/lobosnews.com.ar\/wp-content\/uploads\/2026\/01\/logo-lobosnews.png\",\"width\":500,\"height\":200,\"caption\":\"Lobos News\"},\"image\":{\"@id\":\"https:\/\/lobosnews.com.ar\/#\/schema\/logo\/image\/\"}},{\"@type\":\"Person\",\"@id\":\"https:\/\/lobosnews.com.ar\/#\/schema\/person\/232422a593d5c541dd9aef6aaed10943\",\"name\":\"admin\",\"image\":{\"@type\":\"ImageObject\",\"inLanguage\":\"es\",\"@id\":\"https:\/\/lobosnews.com.ar\/#\/schema\/person\/image\/\",\"url\":\"https:\/\/secure.gravatar.com\/avatar\/76e419471a2083bc3ceab22a763dbbf9b0c1bd15a6214cf3280e2c2dde4580f9?s=96&d=mm&r=g\",\"contentUrl\":\"https:\/\/secure.gravatar.com\/avatar\/76e419471a2083bc3ceab22a763dbbf9b0c1bd15a6214cf3280e2c2dde4580f9?s=96&d=mm&r=g\",\"caption\":\"admin\"},\"sameAs\":[\"https:\/\/lobosnews.com.ar\"],\"url\":\"https:\/\/lobosnews.com.ar\/index.php\/author\/lobos-news\/\"}]}<\/script>\n<!-- \/ Yoast SEO plugin. -->","yoast_head_json":{"title":"A 40 a\u00f1os del t\u00edtulo local del River de Veira: de la frase premonitoria del Bambino en el pizarr\u00f3n a un Francescoli descollante - Lobos News","robots":{"index":"index","follow":"follow","max-snippet":"max-snippet:-1","max-image-preview":"max-image-preview:large","max-video-preview":"max-video-preview:-1"},"canonical":"https:\/\/lobosnews.com.ar\/index.php\/2026\/03\/09\/a-40-anos-del-titulo-local-del-river-de-veira-de-la-frase-premonitoria-del-bambino-en-el-pizarron-a-un-francescoli-descollante\/","og_locale":"es_ES","og_type":"article","og_title":"A 40 a\u00f1os del t\u00edtulo local del River de Veira: de la frase premonitoria del Bambino en el pizarr\u00f3n a un Francescoli descollante - Lobos News","og_description":"El rito se mantuvo inalterable. El 60 desde Congreso hasta Barrancas de Belgrano y a partir de all\u00ed la caminata por Libertador hasta el buc\u00f3lico boulevard de Lidoro Quinteros. La port\u00e1til pegada a mi o\u00eddo, por ese gen period\u00edstico que ya lat\u00eda, aunque la cuenta de mis a\u00f1os apenas inauguraba los 13. La charla con...","og_url":"https:\/\/lobosnews.com.ar\/index.php\/2026\/03\/09\/a-40-anos-del-titulo-local-del-river-de-veira-de-la-frase-premonitoria-del-bambino-en-el-pizarron-a-un-francescoli-descollante\/","og_site_name":"Lobos News","article_published_time":"2026-03-09T05:01:35+00:00","article_modified_time":"2026-03-09T08:28:55+00:00","og_image":[{"url":"https:\/\/lobosnews.com.ar\/wp-content\/uploads\/2026\/03\/a-40-anos-del-titulo-local-del-river-de-veira-de-la-frase-premonitoria-del-bambino-en-el-pizarron-a-un-francescoli-descollante.jpg","type":"","width":"","height":""}],"author":"admin","twitter_card":"summary_large_image","twitter_misc":{"Escrito por":"admin","Tiempo de lectura":"10 minutos"},"schema":{"@context":"https:\/\/schema.org","@graph":[{"@type":"Article","@id":"https:\/\/lobosnews.com.ar\/index.php\/2026\/03\/09\/a-40-anos-del-titulo-local-del-river-de-veira-de-la-frase-premonitoria-del-bambino-en-el-pizarron-a-un-francescoli-descollante\/#article","isPartOf":{"@id":"https:\/\/lobosnews.com.ar\/index.php\/2026\/03\/09\/a-40-anos-del-titulo-local-del-river-de-veira-de-la-frase-premonitoria-del-bambino-en-el-pizarron-a-un-francescoli-descollante\/"},"author":{"name":"admin","@id":"https:\/\/lobosnews.com.ar\/#\/schema\/person\/232422a593d5c541dd9aef6aaed10943"},"headline":"A 40 a\u00f1os del t\u00edtulo local del River de Veira: de la frase premonitoria del Bambino en el pizarr\u00f3n a un Francescoli descollante","datePublished":"2026-03-09T05:01:35+00:00","dateModified":"2026-03-09T08:28:55+00:00","mainEntityOfPage":{"@id":"https:\/\/lobosnews.com.ar\/index.php\/2026\/03\/09\/a-40-anos-del-titulo-local-del-river-de-veira-de-la-frase-premonitoria-del-bambino-en-el-pizarron-a-un-francescoli-descollante\/"},"wordCount":2060,"commentCount":0,"publisher":{"@id":"https:\/\/lobosnews.com.ar\/#organization"},"image":{"@id":"https:\/\/lobosnews.com.ar\/index.php\/2026\/03\/09\/a-40-anos-del-titulo-local-del-river-de-veira-de-la-frase-premonitoria-del-bambino-en-el-pizarron-a-un-francescoli-descollante\/#primaryimage"},"thumbnailUrl":"https:\/\/lobosnews.com.ar\/wp-content\/uploads\/2026\/03\/a-40-anos-del-titulo-local-del-river-de-veira-de-la-frase-premonitoria-del-bambino-en-el-pizarron-a-un-francescoli-descollante.jpg","keywords":["Deportes"],"articleSection":["Argentina"],"inLanguage":"es","potentialAction":[{"@type":"CommentAction","name":"Comment","target":["https:\/\/lobosnews.com.ar\/index.php\/2026\/03\/09\/a-40-anos-del-titulo-local-del-river-de-veira-de-la-frase-premonitoria-del-bambino-en-el-pizarron-a-un-francescoli-descollante\/#respond"]}]},{"@type":"WebPage","@id":"https:\/\/lobosnews.com.ar\/index.php\/2026\/03\/09\/a-40-anos-del-titulo-local-del-river-de-veira-de-la-frase-premonitoria-del-bambino-en-el-pizarron-a-un-francescoli-descollante\/","url":"https:\/\/lobosnews.com.ar\/index.php\/2026\/03\/09\/a-40-anos-del-titulo-local-del-river-de-veira-de-la-frase-premonitoria-del-bambino-en-el-pizarron-a-un-francescoli-descollante\/","name":"A 40 a\u00f1os del t\u00edtulo local del River de Veira: de la frase premonitoria del Bambino en el pizarr\u00f3n a un Francescoli descollante - Lobos News","isPartOf":{"@id":"https:\/\/lobosnews.com.ar\/#website"},"primaryImageOfPage":{"@id":"https:\/\/lobosnews.com.ar\/index.php\/2026\/03\/09\/a-40-anos-del-titulo-local-del-river-de-veira-de-la-frase-premonitoria-del-bambino-en-el-pizarron-a-un-francescoli-descollante\/#primaryimage"},"image":{"@id":"https:\/\/lobosnews.com.ar\/index.php\/2026\/03\/09\/a-40-anos-del-titulo-local-del-river-de-veira-de-la-frase-premonitoria-del-bambino-en-el-pizarron-a-un-francescoli-descollante\/#primaryimage"},"thumbnailUrl":"https:\/\/lobosnews.com.ar\/wp-content\/uploads\/2026\/03\/a-40-anos-del-titulo-local-del-river-de-veira-de-la-frase-premonitoria-del-bambino-en-el-pizarron-a-un-francescoli-descollante.jpg","datePublished":"2026-03-09T05:01:35+00:00","dateModified":"2026-03-09T08:28:55+00:00","breadcrumb":{"@id":"https:\/\/lobosnews.com.ar\/index.php\/2026\/03\/09\/a-40-anos-del-titulo-local-del-river-de-veira-de-la-frase-premonitoria-del-bambino-en-el-pizarron-a-un-francescoli-descollante\/#breadcrumb"},"inLanguage":"es","potentialAction":[{"@type":"ReadAction","target":["https:\/\/lobosnews.com.ar\/index.php\/2026\/03\/09\/a-40-anos-del-titulo-local-del-river-de-veira-de-la-frase-premonitoria-del-bambino-en-el-pizarron-a-un-francescoli-descollante\/"]}]},{"@type":"ImageObject","inLanguage":"es","@id":"https:\/\/lobosnews.com.ar\/index.php\/2026\/03\/09\/a-40-anos-del-titulo-local-del-river-de-veira-de-la-frase-premonitoria-del-bambino-en-el-pizarron-a-un-francescoli-descollante\/#primaryimage","url":"https:\/\/lobosnews.com.ar\/wp-content\/uploads\/2026\/03\/a-40-anos-del-titulo-local-del-river-de-veira-de-la-frase-premonitoria-del-bambino-en-el-pizarron-a-un-francescoli-descollante.jpg","contentUrl":"https:\/\/lobosnews.com.ar\/wp-content\/uploads\/2026\/03\/a-40-anos-del-titulo-local-del-river-de-veira-de-la-frase-premonitoria-del-bambino-en-el-pizarron-a-un-francescoli-descollante.jpg"},{"@type":"BreadcrumbList","@id":"https:\/\/lobosnews.com.ar\/index.php\/2026\/03\/09\/a-40-anos-del-titulo-local-del-river-de-veira-de-la-frase-premonitoria-del-bambino-en-el-pizarron-a-un-francescoli-descollante\/#breadcrumb","itemListElement":[{"@type":"ListItem","position":1,"name":"Portada","item":"https:\/\/lobosnews.com.ar\/"},{"@type":"ListItem","position":2,"name":"A 40 a\u00f1os del t\u00edtulo local del River de Veira: de la frase premonitoria del Bambino en el pizarr\u00f3n a un Francescoli descollante"}]},{"@type":"WebSite","@id":"https:\/\/lobosnews.com.ar\/#website","url":"https:\/\/lobosnews.com.ar\/","name":"Lobos News","description":"Informaci\u00f3n a cada instante","publisher":{"@id":"https:\/\/lobosnews.com.ar\/#organization"},"potentialAction":[{"@type":"SearchAction","target":{"@type":"EntryPoint","urlTemplate":"https:\/\/lobosnews.com.ar\/?s={search_term_string}"},"query-input":{"@type":"PropertyValueSpecification","valueRequired":true,"valueName":"search_term_string"}}],"inLanguage":"es"},{"@type":"Organization","@id":"https:\/\/lobosnews.com.ar\/#organization","name":"Lobos News","url":"https:\/\/lobosnews.com.ar\/","logo":{"@type":"ImageObject","inLanguage":"es","@id":"https:\/\/lobosnews.com.ar\/#\/schema\/logo\/image\/","url":"https:\/\/lobosnews.com.ar\/wp-content\/uploads\/2026\/01\/logo-lobosnews.png","contentUrl":"https:\/\/lobosnews.com.ar\/wp-content\/uploads\/2026\/01\/logo-lobosnews.png","width":500,"height":200,"caption":"Lobos News"},"image":{"@id":"https:\/\/lobosnews.com.ar\/#\/schema\/logo\/image\/"}},{"@type":"Person","@id":"https:\/\/lobosnews.com.ar\/#\/schema\/person\/232422a593d5c541dd9aef6aaed10943","name":"admin","image":{"@type":"ImageObject","inLanguage":"es","@id":"https:\/\/lobosnews.com.ar\/#\/schema\/person\/image\/","url":"https:\/\/secure.gravatar.com\/avatar\/76e419471a2083bc3ceab22a763dbbf9b0c1bd15a6214cf3280e2c2dde4580f9?s=96&d=mm&r=g","contentUrl":"https:\/\/secure.gravatar.com\/avatar\/76e419471a2083bc3ceab22a763dbbf9b0c1bd15a6214cf3280e2c2dde4580f9?s=96&d=mm&r=g","caption":"admin"},"sameAs":["https:\/\/lobosnews.com.ar"],"url":"https:\/\/lobosnews.com.ar\/index.php\/author\/lobos-news\/"}]}},"jetpack_featured_media_url":"","jetpack_sharing_enabled":true,"_links":{"self":[{"href":"https:\/\/lobosnews.com.ar\/index.php\/wp-json\/wp\/v2\/posts\/31062","targetHints":{"allow":["GET"]}}],"collection":[{"href":"https:\/\/lobosnews.com.ar\/index.php\/wp-json\/wp\/v2\/posts"}],"about":[{"href":"https:\/\/lobosnews.com.ar\/index.php\/wp-json\/wp\/v2\/types\/post"}],"author":[{"embeddable":true,"href":"https:\/\/lobosnews.com.ar\/index.php\/wp-json\/wp\/v2\/users\/1"}],"replies":[{"embeddable":true,"href":"https:\/\/lobosnews.com.ar\/index.php\/wp-json\/wp\/v2\/comments?post=31062"}],"version-history":[{"count":1,"href":"https:\/\/lobosnews.com.ar\/index.php\/wp-json\/wp\/v2\/posts\/31062\/revisions"}],"predecessor-version":[{"id":31068,"href":"https:\/\/lobosnews.com.ar\/index.php\/wp-json\/wp\/v2\/posts\/31062\/revisions\/31068"}],"wp:attachment":[{"href":"https:\/\/lobosnews.com.ar\/index.php\/wp-json\/wp\/v2\/media?parent=31062"}],"wp:term":[{"taxonomy":"category","embeddable":true,"href":"https:\/\/lobosnews.com.ar\/index.php\/wp-json\/wp\/v2\/categories?post=31062"},{"taxonomy":"post_tag","embeddable":true,"href":"https:\/\/lobosnews.com.ar\/index.php\/wp-json\/wp\/v2\/tags?post=31062"}],"curies":[{"name":"wp","href":"https:\/\/api.w.org\/{rel}","templated":true}]}}