{"id":31048,"date":"2026-03-09T05:20:05","date_gmt":"2026-03-09T05:20:05","guid":{"rendered":"https:\/\/lobosnews.com.ar\/index.php\/2026\/03\/09\/confirmaron-que-el-conductor-que-mato-a-dos-policias-en-un-choque-en-neuquen-estaba-alcoholizado\/"},"modified":"2026-03-09T06:04:59","modified_gmt":"2026-03-09T06:04:59","slug":"confirmaron-que-el-conductor-que-mato-a-dos-policias-en-un-choque-en-neuquen-estaba-alcoholizado","status":"publish","type":"post","link":"https:\/\/lobosnews.com.ar\/index.php\/2026\/03\/09\/confirmaron-que-el-conductor-que-mato-a-dos-policias-en-un-choque-en-neuquen-estaba-alcoholizado\/","title":{"rendered":"Confirmaron que el conductor que mat\u00f3 a dos polic\u00edas en un choque en Neuqu\u00e9n estaba alcoholizado"},"content":{"rendered":"<p><img loading=\"lazy\" decoding=\"async\" src=\"https:\/\/lobosnews.com.ar\/wp-content\/uploads\/2026\/03\/confirmaron-que-el-conductor-que-mato-a-dos-policias-en-un-choque-en-neuquen-estaba-alcoholizado.jpg\" alt=\"El sinistro ocurri\u00f3 el s\u00e1bado por la ma\u00f1ana del cual resultaron cuatro personas heridas adem\u00e1s de los dos polic\u00edas fallecidos\" height=\"435\" width=\"770\"\/><\/p>\n<p>El juez <b>Eduardo Egea<\/b> dict\u00f3 <b>prisi\u00f3n preventiva<\/b> para el conductor de la camioneta<b> Toyota Hilux <\/b>que protagoniz\u00f3 un choque frontal el s\u00e1bado por la ma\u00f1ana sobre la <b>Ruta Nacional 22<\/b>, a la altura de<b> Plaza Huincul<\/b>, y <span class=\"waslinkname\"><i><b>caus\u00f3 la muerte de dos polic\u00edas y lesiones graves a otras cuatro personas. <\/b><\/i><\/span>De hecho, las autoridades confirmaron que el hombre se encontraba alcoholizado. <\/p>\n<p>La medida fue tomada este domingo durante la <b>audiencia de formulaci\u00f3n de cargos en <\/b><span class=\"waslinkname\"><i><b>Neuqu\u00e9n<\/b><\/i><\/span>, en la que el <b>fiscal Federico C\u00faneo <\/b>detall\u00f3 la hip\u00f3tesis de la fiscal\u00eda y present\u00f3 las pruebas iniciales del caso. <b>A.D.<\/b>, de <b>23 a\u00f1os<\/b>, es el <b>\u00fanico imputado por el siniestro<\/b> registrado en el kil\u00f3metro 1324 de la mencionada traza.<\/p>\n<p>De acuerdo con la acusaci\u00f3n, el joven circulaba a las <b>6.45 de la ma\u00f1ana<\/b> en estado de ebriedad, <b>con 1,84 gramos de alcohol en sangre<\/b>, seg\u00fan el test de alcoholemia practicado por la polic\u00eda de <b>Zapala <\/b>y lo informado por <i>LM Neuqu\u00e9n.<\/i> En ese contexto, realiz\u00f3 una <b>maniobra de sobrepaso<\/b> en una zona <b>doble l\u00ednea amarilla <\/b>continua, prohibida para adelantar, e <b>impact\u00f3 de forma frontal contra un veh\u00edculo Kia Sorento.<\/b> En el interior de este rodado viajaban<b> Juli\u00e1n Iv\u00e1n Z\u00fa\u00f1iga,<\/b> un polic\u00eda neuquino en actividad de <b>27 a\u00f1os<\/b>, y <b>Atilio Contreras<\/b>, un polic\u00eda retirado de <b>60 a\u00f1os.<\/b> Ambos perdieron la vida producto del impacto.<\/p>\n<p>En el choque tambi\u00e9n resultaron heridas tres mujeres, que se trasladaban con el conductor de la Hilux, todas oriundas de <b>Cutral Co<\/b> y de alrededor de 20 a\u00f1os. Una de ellas fue derivada en estado grave al<b> hospital Castro Rend\u00f3n <\/b>de Neuqu\u00e9n capital debido a la complejidad de las lesiones mientras que otra persona sufri\u00f3 lesiones leves. El estado de salud de las mujeres contin\u00faa bajo evaluaci\u00f3n m\u00e9dica, en tanto las autoridades aguardan el resultado de las pericias viales y m\u00e9dicas para avanzar con la investigaci\u00f3n.<\/p>\n<p><img loading=\"lazy\" decoding=\"async\" src=\"https:\/\/lobosnews.com.ar\/wp-content\/uploads\/2026\/03\/confirmaron-que-el-conductor-que-mato-a-dos-policias-en-un-choque-en-neuquen-estaba-alcoholizado-1.jpg\" alt=\"La colisi\u00f3n ocurri\u00f3 en la Ruta Nacional 22\" height=\"435\" width=\"770\"\/><\/p>\n<p>El mismo medio local remarc\u00f3 las palabras del fiscal respecto al conductor: \u201cCre\u00f3 conscientemente un riesgo mortal para cualquier persona que circulara por la v\u00eda p\u00fablica y se represent\u00f3 la posibilidad de poder dar muerte\u201d. Ante esta resoluci\u00f3n, solicit\u00f3 la imputaci\u00f3n bajo la figura de<b> delito de homicidio<\/b>, dos hechos, <b>lesiones leves<\/b> en dos hechos y<b> lesi\u00f3n grave<\/b> en un hecho, todo bajo la modalidad de <b>dolo eventual. <\/b>En paralelo pidi\u00f3 un plazo de <b>investigaci\u00f3n de tres meses<\/b>, aunque el juez Egea habilit\u00f3 un plazo de dos.<\/p>\n<p>Durante la audiencia, la defensa del acusado propuso la <b>prisi\u00f3n domiciliaria <\/b>con<b> tobillera electr\u00f3nica <\/b>y <b>controles peri\u00f3dicos<\/b>, argumentando que exist\u00edan alternativas a la prisi\u00f3n preventiva en sede policial. Sin embargo, el magistrado decidi\u00f3 hacer lugar al pedido del Ministerio P\u00fablico Fiscal (MPF) y dispuso que el joven permanezca alojado en la Comisar\u00eda 14 durante las pr\u00f3ximas dos semanas, mientras avanza la causa y se recaban nuevos elementos probatorios.<\/p>\n<p><img loading=\"lazy\" decoding=\"async\" src=\"https:\/\/lobosnews.com.ar\/wp-content\/uploads\/2026\/03\/confirmaron-que-el-conductor-que-mato-a-dos-policias-en-un-choque-en-neuquen-estaba-alcoholizado-2.jpg\" alt=\"Dos mujeres que daron internadas en el Hospital Provincial Neuqu\u00e9n Dr. Castro Rendon\" height=\"1043\" width=\"1920\"\/><\/p>\n<p>Entre las pruebas reunidas hasta el momento, la fiscal\u00eda present\u00f3 videos, incluido uno que registra el momento exacto del accidente, as\u00ed como el resultado del control de alcoholemia y otros elementos recolectados en la escena del choque. El MPF orden\u00f3 el resguardo del lugar, la intervenci\u00f3n de personal de polic\u00eda y bomberos y el corte total del tr\u00e1nsito en el \u00e1rea para facilitar las pericias y el trabajo de los equipos de emergencia.<\/p>\n<p>Integrantes de la fuerza policial expresaron sus condolencias tras el fallecimiento de los efectivos. En un comunicado, se\u00f1alaron: \u201cCon profundo pesar informamos el fallecimiento del efectivo JULIAN ZU\u00d1IGA, de 27 a\u00f1os, acaecido en la fecha en la Ciudad de Plaza Huincul. Acompa\u00f1amos en este doloroso momento a sus familiares y seres queridos, rogando encuentren consuelo ante esta triste partida\u201d.<\/p>\n<p>En relaci\u00f3n al otro agente retirado sostuvieron, indicaron: \u201cDon ATILIO CONTRERAS, de 60 a\u00f1os de edad, acaecido en el d\u00eda de la fecha en Plaza Huincul, acompa\u00f1ando a sus familiares y seres queridos en este doloroso momento\u201d.<\/p>\n","protected":false},"excerpt":{"rendered":"<p>El juez Eduardo Egea dict\u00f3 prisi\u00f3n preventiva para el conductor de la camioneta Toyota Hilux que protagoniz\u00f3 un choque frontal el s\u00e1bado por la ma\u00f1ana sobre la Ruta Nacional 22, a la altura de Plaza Huincul, y caus\u00f3 la muerte de dos polic\u00edas y lesiones graves a otras cuatro personas. De hecho, las autoridades confirmaron&#8230;<\/p>\n","protected":false},"author":1,"featured_media":31053,"comment_status":"open","ping_status":"closed","sticky":false,"template":"","format":"standard","meta":{"_jetpack_memberships_contains_paid_content":false,"footnotes":""},"categories":[31,30,32,77,84,35,36,37],"tags":[],"class_list":["post-31048","post","type-post","status-publish","format-standard","has-post-thumbnail","hentry","category-actualidad","category-argentina","category-economia","category-inseguridad","category-masradios-com","category-nacionales","category-seguridad","category-sociedad"],"magazineBlocksPostFeaturedMedia":{"thumbnail":"https:\/\/lobosnews.com.ar\/wp-content\/uploads\/2026\/03\/confirmaron-que-el-conductor-que-mato-a-dos-policias-en-un-choque-en-neuquen-estaba-alcoholizado-4-150x150.jpg","medium":"https:\/\/lobosnews.com.ar\/wp-content\/uploads\/2026\/03\/confirmaron-que-el-conductor-que-mato-a-dos-policias-en-un-choque-en-neuquen-estaba-alcoholizado-4-300x163.jpg","medium_large":"https:\/\/lobosnews.com.ar\/wp-content\/uploads\/2026\/03\/confirmaron-que-el-conductor-que-mato-a-dos-policias-en-un-choque-en-neuquen-estaba-alcoholizado-4-768x417.jpg","large":"https:\/\/lobosnews.com.ar\/wp-content\/uploads\/2026\/03\/confirmaron-que-el-conductor-que-mato-a-dos-policias-en-un-choque-en-neuquen-estaba-alcoholizado-4-1024x556.jpg","1536x1536":"https:\/\/lobosnews.com.ar\/wp-content\/uploads\/2026\/03\/confirmaron-que-el-conductor-que-mato-a-dos-policias-en-un-choque-en-neuquen-estaba-alcoholizado-4-1536x834.jpg","2048x2048":"https:\/\/lobosnews.com.ar\/wp-content\/uploads\/2026\/03\/confirmaron-que-el-conductor-que-mato-a-dos-policias-en-un-choque-en-neuquen-estaba-alcoholizado-4.jpg","newsmatic-featured":"https:\/\/lobosnews.com.ar\/wp-content\/uploads\/2026\/03\/confirmaron-que-el-conductor-que-mato-a-dos-policias-en-un-choque-en-neuquen-estaba-alcoholizado-4-820x545.jpg","newsmatic-list":"https:\/\/lobosnews.com.ar\/wp-content\/uploads\/2026\/03\/confirmaron-que-el-conductor-que-mato-a-dos-policias-en-un-choque-en-neuquen-estaba-alcoholizado-4-600x400.jpg","newsmatic-thumb":"https:\/\/lobosnews.com.ar\/wp-content\/uploads\/2026\/03\/confirmaron-que-el-conductor-que-mato-a-dos-policias-en-un-choque-en-neuquen-estaba-alcoholizado-4-300x200.jpg","newsmatic-small":"https:\/\/lobosnews.com.ar\/wp-content\/uploads\/2026\/03\/confirmaron-que-el-conductor-que-mato-a-dos-policias-en-un-choque-en-neuquen-estaba-alcoholizado-4-150x95.jpg","newsmatic-grid":"https:\/\/lobosnews.com.ar\/wp-content\/uploads\/2026\/03\/confirmaron-que-el-conductor-que-mato-a-dos-policias-en-un-choque-en-neuquen-estaba-alcoholizado-4-400x250.jpg"},"magazineBlocksPostAuthor":{"name":"admin","avatar":"https:\/\/secure.gravatar.com\/avatar\/76e419471a2083bc3ceab22a763dbbf9b0c1bd15a6214cf3280e2c2dde4580f9?s=96&d=mm&r=g"},"magazineBlocksPostCommentsNumber":"0","magazineBlocksPostExcerpt":"El juez Eduardo Egea dict\u00f3 prisi\u00f3n preventiva para el conductor de la camioneta Toyota Hilux que protagoniz\u00f3 un choque frontal el s\u00e1bado por la ma\u00f1ana sobre la Ruta Nacional 22, a la altura de Plaza Huincul, y caus\u00f3 la muerte de dos polic\u00edas y lesiones graves a otras cuatro personas. De hecho, las autoridades confirmaron...","magazineBlocksPostCategories":["Actualidad","Argentina","econom\u00eda","inseguridad","masradios.com","nacionales","seguridad","sociedad"],"magazineBlocksPostViewCount":83,"magazineBlocksPostReadTime":4,"magazine_blocks_featured_image_url":{"full":["https:\/\/lobosnews.com.ar\/wp-content\/uploads\/2026\/03\/confirmaron-que-el-conductor-que-mato-a-dos-policias-en-un-choque-en-neuquen-estaba-alcoholizado-4.jpg",1920,1043,false],"medium":["https:\/\/lobosnews.com.ar\/wp-content\/uploads\/2026\/03\/confirmaron-que-el-conductor-que-mato-a-dos-policias-en-un-choque-en-neuquen-estaba-alcoholizado-4-300x163.jpg",300,163,true],"thumbnail":["https:\/\/lobosnews.com.ar\/wp-content\/uploads\/2026\/03\/confirmaron-que-el-conductor-que-mato-a-dos-policias-en-un-choque-en-neuquen-estaba-alcoholizado-4-150x150.jpg",150,150,true]},"magazine_blocks_author":{"display_name":"admin","author_link":"https:\/\/lobosnews.com.ar\/index.php\/author\/lobos-news\/"},"magazine_blocks_comment":0,"magazine_blocks_author_image":"https:\/\/secure.gravatar.com\/avatar\/76e419471a2083bc3ceab22a763dbbf9b0c1bd15a6214cf3280e2c2dde4580f9?s=96&d=mm&r=g","magazine_blocks_category":"<a href=\"#\" class=\"category-link category-link-31\">Actualidad<\/a> <a href=\"#\" class=\"category-link category-link-30\">Argentina<\/a> <a href=\"#\" class=\"category-link category-link-32\">econom\u00eda<\/a> <a href=\"#\" class=\"category-link category-link-77\">inseguridad<\/a> <a href=\"#\" class=\"category-link category-link-84\">masradios.com<\/a> <a href=\"#\" class=\"category-link category-link-35\">nacionales<\/a> <a href=\"#\" class=\"category-link category-link-36\">seguridad<\/a> <a href=\"#\" class=\"category-link category-link-37\">sociedad<\/a>","yoast_head":"<!-- This site is optimized with the Yoast SEO plugin v26.6 - https:\/\/yoast.com\/wordpress\/plugins\/seo\/ -->\n<title>Confirmaron que el conductor que mat\u00f3 a dos polic\u00edas en un choque en Neuqu\u00e9n estaba alcoholizado - Lobos News<\/title>\n<meta name=\"robots\" content=\"index, follow, max-snippet:-1, max-image-preview:large, max-video-preview:-1\" \/>\n<link rel=\"canonical\" href=\"https:\/\/lobosnews.com.ar\/index.php\/2026\/03\/09\/confirmaron-que-el-conductor-que-mato-a-dos-policias-en-un-choque-en-neuquen-estaba-alcoholizado\/\" \/>\n<meta property=\"og:locale\" content=\"es_ES\" \/>\n<meta property=\"og:type\" content=\"article\" \/>\n<meta property=\"og:title\" content=\"Confirmaron que el conductor que mat\u00f3 a dos polic\u00edas en un choque en Neuqu\u00e9n estaba alcoholizado - Lobos News\" \/>\n<meta property=\"og:description\" content=\"El juez Eduardo Egea dict\u00f3 prisi\u00f3n preventiva para el conductor de la camioneta Toyota Hilux que protagoniz\u00f3 un choque frontal el s\u00e1bado por la ma\u00f1ana sobre la Ruta Nacional 22, a la altura de Plaza Huincul, y caus\u00f3 la muerte de dos polic\u00edas y lesiones graves a otras cuatro personas. De hecho, las autoridades confirmaron...\" \/>\n<meta property=\"og:url\" content=\"https:\/\/lobosnews.com.ar\/index.php\/2026\/03\/09\/confirmaron-que-el-conductor-que-mato-a-dos-policias-en-un-choque-en-neuquen-estaba-alcoholizado\/\" \/>\n<meta property=\"og:site_name\" content=\"Lobos News\" \/>\n<meta property=\"article:published_time\" content=\"2026-03-09T05:20:05+00:00\" \/>\n<meta property=\"article:modified_time\" content=\"2026-03-09T06:04:59+00:00\" \/>\n<meta property=\"og:image\" content=\"https:\/\/lobosnews.com.ar\/wp-content\/uploads\/2026\/03\/confirmaron-que-el-conductor-que-mato-a-dos-policias-en-un-choque-en-neuquen-estaba-alcoholizado.jpg\" \/>\n<meta name=\"author\" content=\"admin\" \/>\n<meta name=\"twitter:card\" content=\"summary_large_image\" \/>\n<meta name=\"twitter:label1\" content=\"Escrito por\" \/>\n\t<meta name=\"twitter:data1\" content=\"admin\" \/>\n\t<meta name=\"twitter:label2\" content=\"Tiempo de lectura\" \/>\n\t<meta name=\"twitter:data2\" content=\"3 minutos\" \/>\n<script type=\"application\/ld+json\" class=\"yoast-schema-graph\">{\"@context\":\"https:\/\/schema.org\",\"@graph\":[{\"@type\":\"Article\",\"@id\":\"https:\/\/lobosnews.com.ar\/index.php\/2026\/03\/09\/confirmaron-que-el-conductor-que-mato-a-dos-policias-en-un-choque-en-neuquen-estaba-alcoholizado\/#article\",\"isPartOf\":{\"@id\":\"https:\/\/lobosnews.com.ar\/index.php\/2026\/03\/09\/confirmaron-que-el-conductor-que-mato-a-dos-policias-en-un-choque-en-neuquen-estaba-alcoholizado\/\"},\"author\":{\"name\":\"admin\",\"@id\":\"https:\/\/lobosnews.com.ar\/#\/schema\/person\/232422a593d5c541dd9aef6aaed10943\"},\"headline\":\"Confirmaron que el conductor que mat\u00f3 a dos polic\u00edas en un choque en Neuqu\u00e9n estaba alcoholizado\",\"datePublished\":\"2026-03-09T05:20:05+00:00\",\"dateModified\":\"2026-03-09T06:04:59+00:00\",\"mainEntityOfPage\":{\"@id\":\"https:\/\/lobosnews.com.ar\/index.php\/2026\/03\/09\/confirmaron-que-el-conductor-que-mato-a-dos-policias-en-un-choque-en-neuquen-estaba-alcoholizado\/\"},\"wordCount\":698,\"commentCount\":0,\"publisher\":{\"@id\":\"https:\/\/lobosnews.com.ar\/#organization\"},\"image\":{\"@id\":\"https:\/\/lobosnews.com.ar\/index.php\/2026\/03\/09\/confirmaron-que-el-conductor-que-mato-a-dos-policias-en-un-choque-en-neuquen-estaba-alcoholizado\/#primaryimage\"},\"thumbnailUrl\":\"https:\/\/lobosnews.com.ar\/wp-content\/uploads\/2026\/03\/confirmaron-que-el-conductor-que-mato-a-dos-policias-en-un-choque-en-neuquen-estaba-alcoholizado-4.jpg\",\"articleSection\":[\"Actualidad\",\"Argentina\",\"econom\u00eda\",\"inseguridad\",\"masradios.com\",\"nacionales\",\"seguridad\",\"sociedad\"],\"inLanguage\":\"es\",\"potentialAction\":[{\"@type\":\"CommentAction\",\"name\":\"Comment\",\"target\":[\"https:\/\/lobosnews.com.ar\/index.php\/2026\/03\/09\/confirmaron-que-el-conductor-que-mato-a-dos-policias-en-un-choque-en-neuquen-estaba-alcoholizado\/#respond\"]}]},{\"@type\":\"WebPage\",\"@id\":\"https:\/\/lobosnews.com.ar\/index.php\/2026\/03\/09\/confirmaron-que-el-conductor-que-mato-a-dos-policias-en-un-choque-en-neuquen-estaba-alcoholizado\/\",\"url\":\"https:\/\/lobosnews.com.ar\/index.php\/2026\/03\/09\/confirmaron-que-el-conductor-que-mato-a-dos-policias-en-un-choque-en-neuquen-estaba-alcoholizado\/\",\"name\":\"Confirmaron que el conductor que mat\u00f3 a dos polic\u00edas en un choque en Neuqu\u00e9n estaba alcoholizado - Lobos News\",\"isPartOf\":{\"@id\":\"https:\/\/lobosnews.com.ar\/#website\"},\"primaryImageOfPage\":{\"@id\":\"https:\/\/lobosnews.com.ar\/index.php\/2026\/03\/09\/confirmaron-que-el-conductor-que-mato-a-dos-policias-en-un-choque-en-neuquen-estaba-alcoholizado\/#primaryimage\"},\"image\":{\"@id\":\"https:\/\/lobosnews.com.ar\/index.php\/2026\/03\/09\/confirmaron-que-el-conductor-que-mato-a-dos-policias-en-un-choque-en-neuquen-estaba-alcoholizado\/#primaryimage\"},\"thumbnailUrl\":\"https:\/\/lobosnews.com.ar\/wp-content\/uploads\/2026\/03\/confirmaron-que-el-conductor-que-mato-a-dos-policias-en-un-choque-en-neuquen-estaba-alcoholizado-4.jpg\",\"datePublished\":\"2026-03-09T05:20:05+00:00\",\"dateModified\":\"2026-03-09T06:04:59+00:00\",\"breadcrumb\":{\"@id\":\"https:\/\/lobosnews.com.ar\/index.php\/2026\/03\/09\/confirmaron-que-el-conductor-que-mato-a-dos-policias-en-un-choque-en-neuquen-estaba-alcoholizado\/#breadcrumb\"},\"inLanguage\":\"es\",\"potentialAction\":[{\"@type\":\"ReadAction\",\"target\":[\"https:\/\/lobosnews.com.ar\/index.php\/2026\/03\/09\/confirmaron-que-el-conductor-que-mato-a-dos-policias-en-un-choque-en-neuquen-estaba-alcoholizado\/\"]}]},{\"@type\":\"ImageObject\",\"inLanguage\":\"es\",\"@id\":\"https:\/\/lobosnews.com.ar\/index.php\/2026\/03\/09\/confirmaron-que-el-conductor-que-mato-a-dos-policias-en-un-choque-en-neuquen-estaba-alcoholizado\/#primaryimage\",\"url\":\"https:\/\/lobosnews.com.ar\/wp-content\/uploads\/2026\/03\/confirmaron-que-el-conductor-que-mato-a-dos-policias-en-un-choque-en-neuquen-estaba-alcoholizado-4.jpg\",\"contentUrl\":\"https:\/\/lobosnews.com.ar\/wp-content\/uploads\/2026\/03\/confirmaron-que-el-conductor-que-mato-a-dos-policias-en-un-choque-en-neuquen-estaba-alcoholizado-4.jpg\",\"width\":1920,\"height\":1043,\"caption\":\"Confirmaron que el conductor que mat\u00f3 a dos polic\u00edas en un choque en Neuqu\u00e9n estaba alcoholizado\"},{\"@type\":\"BreadcrumbList\",\"@id\":\"https:\/\/lobosnews.com.ar\/index.php\/2026\/03\/09\/confirmaron-que-el-conductor-que-mato-a-dos-policias-en-un-choque-en-neuquen-estaba-alcoholizado\/#breadcrumb\",\"itemListElement\":[{\"@type\":\"ListItem\",\"position\":1,\"name\":\"Portada\",\"item\":\"https:\/\/lobosnews.com.ar\/\"},{\"@type\":\"ListItem\",\"position\":2,\"name\":\"Confirmaron que el conductor que mat\u00f3 a dos polic\u00edas en un choque en Neuqu\u00e9n estaba alcoholizado\"}]},{\"@type\":\"WebSite\",\"@id\":\"https:\/\/lobosnews.com.ar\/#website\",\"url\":\"https:\/\/lobosnews.com.ar\/\",\"name\":\"Lobos News\",\"description\":\"Informaci\u00f3n a cada instante\",\"publisher\":{\"@id\":\"https:\/\/lobosnews.com.ar\/#organization\"},\"potentialAction\":[{\"@type\":\"SearchAction\",\"target\":{\"@type\":\"EntryPoint\",\"urlTemplate\":\"https:\/\/lobosnews.com.ar\/?s={search_term_string}\"},\"query-input\":{\"@type\":\"PropertyValueSpecification\",\"valueRequired\":true,\"valueName\":\"search_term_string\"}}],\"inLanguage\":\"es\"},{\"@type\":\"Organization\",\"@id\":\"https:\/\/lobosnews.com.ar\/#organization\",\"name\":\"Lobos News\",\"url\":\"https:\/\/lobosnews.com.ar\/\",\"logo\":{\"@type\":\"ImageObject\",\"inLanguage\":\"es\",\"@id\":\"https:\/\/lobosnews.com.ar\/#\/schema\/logo\/image\/\",\"url\":\"https:\/\/lobosnews.com.ar\/wp-content\/uploads\/2026\/01\/logo-lobosnews.png\",\"contentUrl\":\"https:\/\/lobosnews.com.ar\/wp-content\/uploads\/2026\/01\/logo-lobosnews.png\",\"width\":500,\"height\":200,\"caption\":\"Lobos News\"},\"image\":{\"@id\":\"https:\/\/lobosnews.com.ar\/#\/schema\/logo\/image\/\"}},{\"@type\":\"Person\",\"@id\":\"https:\/\/lobosnews.com.ar\/#\/schema\/person\/232422a593d5c541dd9aef6aaed10943\",\"name\":\"admin\",\"image\":{\"@type\":\"ImageObject\",\"inLanguage\":\"es\",\"@id\":\"https:\/\/lobosnews.com.ar\/#\/schema\/person\/image\/\",\"url\":\"https:\/\/secure.gravatar.com\/avatar\/76e419471a2083bc3ceab22a763dbbf9b0c1bd15a6214cf3280e2c2dde4580f9?s=96&d=mm&r=g\",\"contentUrl\":\"https:\/\/secure.gravatar.com\/avatar\/76e419471a2083bc3ceab22a763dbbf9b0c1bd15a6214cf3280e2c2dde4580f9?s=96&d=mm&r=g\",\"caption\":\"admin\"},\"sameAs\":[\"https:\/\/lobosnews.com.ar\"],\"url\":\"https:\/\/lobosnews.com.ar\/index.php\/author\/lobos-news\/\"}]}<\/script>\n<!-- \/ Yoast SEO plugin. -->","yoast_head_json":{"title":"Confirmaron que el conductor que mat\u00f3 a dos polic\u00edas en un choque en Neuqu\u00e9n estaba alcoholizado - Lobos News","robots":{"index":"index","follow":"follow","max-snippet":"max-snippet:-1","max-image-preview":"max-image-preview:large","max-video-preview":"max-video-preview:-1"},"canonical":"https:\/\/lobosnews.com.ar\/index.php\/2026\/03\/09\/confirmaron-que-el-conductor-que-mato-a-dos-policias-en-un-choque-en-neuquen-estaba-alcoholizado\/","og_locale":"es_ES","og_type":"article","og_title":"Confirmaron que el conductor que mat\u00f3 a dos polic\u00edas en un choque en Neuqu\u00e9n estaba alcoholizado - Lobos News","og_description":"El juez Eduardo Egea dict\u00f3 prisi\u00f3n preventiva para el conductor de la camioneta Toyota Hilux que protagoniz\u00f3 un choque frontal el s\u00e1bado por la ma\u00f1ana sobre la Ruta Nacional 22, a la altura de Plaza Huincul, y caus\u00f3 la muerte de dos polic\u00edas y lesiones graves a otras cuatro personas. De hecho, las autoridades confirmaron...","og_url":"https:\/\/lobosnews.com.ar\/index.php\/2026\/03\/09\/confirmaron-que-el-conductor-que-mato-a-dos-policias-en-un-choque-en-neuquen-estaba-alcoholizado\/","og_site_name":"Lobos News","article_published_time":"2026-03-09T05:20:05+00:00","article_modified_time":"2026-03-09T06:04:59+00:00","og_image":[{"url":"https:\/\/lobosnews.com.ar\/wp-content\/uploads\/2026\/03\/confirmaron-que-el-conductor-que-mato-a-dos-policias-en-un-choque-en-neuquen-estaba-alcoholizado.jpg","type":"","width":"","height":""}],"author":"admin","twitter_card":"summary_large_image","twitter_misc":{"Escrito por":"admin","Tiempo de lectura":"3 minutos"},"schema":{"@context":"https:\/\/schema.org","@graph":[{"@type":"Article","@id":"https:\/\/lobosnews.com.ar\/index.php\/2026\/03\/09\/confirmaron-que-el-conductor-que-mato-a-dos-policias-en-un-choque-en-neuquen-estaba-alcoholizado\/#article","isPartOf":{"@id":"https:\/\/lobosnews.com.ar\/index.php\/2026\/03\/09\/confirmaron-que-el-conductor-que-mato-a-dos-policias-en-un-choque-en-neuquen-estaba-alcoholizado\/"},"author":{"name":"admin","@id":"https:\/\/lobosnews.com.ar\/#\/schema\/person\/232422a593d5c541dd9aef6aaed10943"},"headline":"Confirmaron que el conductor que mat\u00f3 a dos polic\u00edas en un choque en Neuqu\u00e9n estaba alcoholizado","datePublished":"2026-03-09T05:20:05+00:00","dateModified":"2026-03-09T06:04:59+00:00","mainEntityOfPage":{"@id":"https:\/\/lobosnews.com.ar\/index.php\/2026\/03\/09\/confirmaron-que-el-conductor-que-mato-a-dos-policias-en-un-choque-en-neuquen-estaba-alcoholizado\/"},"wordCount":698,"commentCount":0,"publisher":{"@id":"https:\/\/lobosnews.com.ar\/#organization"},"image":{"@id":"https:\/\/lobosnews.com.ar\/index.php\/2026\/03\/09\/confirmaron-que-el-conductor-que-mato-a-dos-policias-en-un-choque-en-neuquen-estaba-alcoholizado\/#primaryimage"},"thumbnailUrl":"https:\/\/lobosnews.com.ar\/wp-content\/uploads\/2026\/03\/confirmaron-que-el-conductor-que-mato-a-dos-policias-en-un-choque-en-neuquen-estaba-alcoholizado-4.jpg","articleSection":["Actualidad","Argentina","econom\u00eda","inseguridad","masradios.com","nacionales","seguridad","sociedad"],"inLanguage":"es","potentialAction":[{"@type":"CommentAction","name":"Comment","target":["https:\/\/lobosnews.com.ar\/index.php\/2026\/03\/09\/confirmaron-que-el-conductor-que-mato-a-dos-policias-en-un-choque-en-neuquen-estaba-alcoholizado\/#respond"]}]},{"@type":"WebPage","@id":"https:\/\/lobosnews.com.ar\/index.php\/2026\/03\/09\/confirmaron-que-el-conductor-que-mato-a-dos-policias-en-un-choque-en-neuquen-estaba-alcoholizado\/","url":"https:\/\/lobosnews.com.ar\/index.php\/2026\/03\/09\/confirmaron-que-el-conductor-que-mato-a-dos-policias-en-un-choque-en-neuquen-estaba-alcoholizado\/","name":"Confirmaron que el conductor que mat\u00f3 a dos polic\u00edas en un choque en Neuqu\u00e9n estaba alcoholizado - Lobos News","isPartOf":{"@id":"https:\/\/lobosnews.com.ar\/#website"},"primaryImageOfPage":{"@id":"https:\/\/lobosnews.com.ar\/index.php\/2026\/03\/09\/confirmaron-que-el-conductor-que-mato-a-dos-policias-en-un-choque-en-neuquen-estaba-alcoholizado\/#primaryimage"},"image":{"@id":"https:\/\/lobosnews.com.ar\/index.php\/2026\/03\/09\/confirmaron-que-el-conductor-que-mato-a-dos-policias-en-un-choque-en-neuquen-estaba-alcoholizado\/#primaryimage"},"thumbnailUrl":"https:\/\/lobosnews.com.ar\/wp-content\/uploads\/2026\/03\/confirmaron-que-el-conductor-que-mato-a-dos-policias-en-un-choque-en-neuquen-estaba-alcoholizado-4.jpg","datePublished":"2026-03-09T05:20:05+00:00","dateModified":"2026-03-09T06:04:59+00:00","breadcrumb":{"@id":"https:\/\/lobosnews.com.ar\/index.php\/2026\/03\/09\/confirmaron-que-el-conductor-que-mato-a-dos-policias-en-un-choque-en-neuquen-estaba-alcoholizado\/#breadcrumb"},"inLanguage":"es","potentialAction":[{"@type":"ReadAction","target":["https:\/\/lobosnews.com.ar\/index.php\/2026\/03\/09\/confirmaron-que-el-conductor-que-mato-a-dos-policias-en-un-choque-en-neuquen-estaba-alcoholizado\/"]}]},{"@type":"ImageObject","inLanguage":"es","@id":"https:\/\/lobosnews.com.ar\/index.php\/2026\/03\/09\/confirmaron-que-el-conductor-que-mato-a-dos-policias-en-un-choque-en-neuquen-estaba-alcoholizado\/#primaryimage","url":"https:\/\/lobosnews.com.ar\/wp-content\/uploads\/2026\/03\/confirmaron-que-el-conductor-que-mato-a-dos-policias-en-un-choque-en-neuquen-estaba-alcoholizado-4.jpg","contentUrl":"https:\/\/lobosnews.com.ar\/wp-content\/uploads\/2026\/03\/confirmaron-que-el-conductor-que-mato-a-dos-policias-en-un-choque-en-neuquen-estaba-alcoholizado-4.jpg","width":1920,"height":1043,"caption":"Confirmaron que el conductor que mat\u00f3 a dos polic\u00edas en un choque en Neuqu\u00e9n estaba alcoholizado"},{"@type":"BreadcrumbList","@id":"https:\/\/lobosnews.com.ar\/index.php\/2026\/03\/09\/confirmaron-que-el-conductor-que-mato-a-dos-policias-en-un-choque-en-neuquen-estaba-alcoholizado\/#breadcrumb","itemListElement":[{"@type":"ListItem","position":1,"name":"Portada","item":"https:\/\/lobosnews.com.ar\/"},{"@type":"ListItem","position":2,"name":"Confirmaron que el conductor que mat\u00f3 a dos polic\u00edas en un choque en Neuqu\u00e9n estaba alcoholizado"}]},{"@type":"WebSite","@id":"https:\/\/lobosnews.com.ar\/#website","url":"https:\/\/lobosnews.com.ar\/","name":"Lobos News","description":"Informaci\u00f3n a cada instante","publisher":{"@id":"https:\/\/lobosnews.com.ar\/#organization"},"potentialAction":[{"@type":"SearchAction","target":{"@type":"EntryPoint","urlTemplate":"https:\/\/lobosnews.com.ar\/?s={search_term_string}"},"query-input":{"@type":"PropertyValueSpecification","valueRequired":true,"valueName":"search_term_string"}}],"inLanguage":"es"},{"@type":"Organization","@id":"https:\/\/lobosnews.com.ar\/#organization","name":"Lobos News","url":"https:\/\/lobosnews.com.ar\/","logo":{"@type":"ImageObject","inLanguage":"es","@id":"https:\/\/lobosnews.com.ar\/#\/schema\/logo\/image\/","url":"https:\/\/lobosnews.com.ar\/wp-content\/uploads\/2026\/01\/logo-lobosnews.png","contentUrl":"https:\/\/lobosnews.com.ar\/wp-content\/uploads\/2026\/01\/logo-lobosnews.png","width":500,"height":200,"caption":"Lobos News"},"image":{"@id":"https:\/\/lobosnews.com.ar\/#\/schema\/logo\/image\/"}},{"@type":"Person","@id":"https:\/\/lobosnews.com.ar\/#\/schema\/person\/232422a593d5c541dd9aef6aaed10943","name":"admin","image":{"@type":"ImageObject","inLanguage":"es","@id":"https:\/\/lobosnews.com.ar\/#\/schema\/person\/image\/","url":"https:\/\/secure.gravatar.com\/avatar\/76e419471a2083bc3ceab22a763dbbf9b0c1bd15a6214cf3280e2c2dde4580f9?s=96&d=mm&r=g","contentUrl":"https:\/\/secure.gravatar.com\/avatar\/76e419471a2083bc3ceab22a763dbbf9b0c1bd15a6214cf3280e2c2dde4580f9?s=96&d=mm&r=g","caption":"admin"},"sameAs":["https:\/\/lobosnews.com.ar"],"url":"https:\/\/lobosnews.com.ar\/index.php\/author\/lobos-news\/"}]}},"jetpack_featured_media_url":"https:\/\/lobosnews.com.ar\/wp-content\/uploads\/2026\/03\/confirmaron-que-el-conductor-que-mato-a-dos-policias-en-un-choque-en-neuquen-estaba-alcoholizado-4.jpg","jetpack_sharing_enabled":true,"_links":{"self":[{"href":"https:\/\/lobosnews.com.ar\/index.php\/wp-json\/wp\/v2\/posts\/31048","targetHints":{"allow":["GET"]}}],"collection":[{"href":"https:\/\/lobosnews.com.ar\/index.php\/wp-json\/wp\/v2\/posts"}],"about":[{"href":"https:\/\/lobosnews.com.ar\/index.php\/wp-json\/wp\/v2\/types\/post"}],"author":[{"embeddable":true,"href":"https:\/\/lobosnews.com.ar\/index.php\/wp-json\/wp\/v2\/users\/1"}],"replies":[{"embeddable":true,"href":"https:\/\/lobosnews.com.ar\/index.php\/wp-json\/wp\/v2\/comments?post=31048"}],"version-history":[{"count":1,"href":"https:\/\/lobosnews.com.ar\/index.php\/wp-json\/wp\/v2\/posts\/31048\/revisions"}],"predecessor-version":[{"id":31052,"href":"https:\/\/lobosnews.com.ar\/index.php\/wp-json\/wp\/v2\/posts\/31048\/revisions\/31052"}],"wp:featuredmedia":[{"embeddable":true,"href":"https:\/\/lobosnews.com.ar\/index.php\/wp-json\/wp\/v2\/media\/31053"}],"wp:attachment":[{"href":"https:\/\/lobosnews.com.ar\/index.php\/wp-json\/wp\/v2\/media?parent=31048"}],"wp:term":[{"taxonomy":"category","embeddable":true,"href":"https:\/\/lobosnews.com.ar\/index.php\/wp-json\/wp\/v2\/categories?post=31048"},{"taxonomy":"post_tag","embeddable":true,"href":"https:\/\/lobosnews.com.ar\/index.php\/wp-json\/wp\/v2\/tags?post=31048"}],"curies":[{"name":"wp","href":"https:\/\/api.w.org\/{rel}","templated":true}]}}