{"id":31038,"date":"2026-03-08T20:36:28","date_gmt":"2026-03-08T20:36:28","guid":{"rendered":"https:\/\/lobosnews.com.ar\/index.php\/2026\/03\/08\/juana-repetto-mostro-la-cicatriz-de-su-cesarea-a-casi-un-mes-del-parto-el-templo-de-mis-tres-hijos\/"},"modified":"2026-03-09T02:47:00","modified_gmt":"2026-03-09T02:47:00","slug":"juana-repetto-mostro-la-cicatriz-de-su-cesarea-a-casi-un-mes-del-parto-el-templo-de-mis-tres-hijos","status":"publish","type":"post","link":"https:\/\/lobosnews.com.ar\/index.php\/2026\/03\/08\/juana-repetto-mostro-la-cicatriz-de-su-cesarea-a-casi-un-mes-del-parto-el-templo-de-mis-tres-hijos\/","title":{"rendered":"Juana Repetto mostr\u00f3 la cicatriz de su ces\u00e1rea a casi un mes del parto: \u201cEl templo de mis tres hijos\u201d"},"content":{"rendered":"<p><img loading=\"lazy\" decoding=\"async\" src=\"https:\/\/lobosnews.com.ar\/wp-content\/uploads\/2026\/03\/juana-repetto-mostro-la-cicatriz-de-su-cesarea-a-casi-un-mes-del-parto-el-templo-de-mis-tres-hijos.jpg\" alt=\"La actriz reflexion\u00f3 a coraz\u00f3n abierto sobre los cambios en sus cuerpos y la marca que dej\u00f3 su \u00faltima ces\u00e1rea (Instagram)\" height=\"1080\" width=\"1920\"\/><\/p>\n<p><span class=\"waslinkname\"><b>Juana Repetto<\/b><\/span> volvi\u00f3 a ponerle voz y cuerpo a su experiencia con la maternidad. <span class=\"waslinkname\">A casi un mes de haber dado a luz a su tercer hijo, <b>Timoteo<\/b><\/span>, la actriz abri\u00f3 su intimidad en redes sociales y le mostr\u00f3 a sus seguidores una postal sincera: <b>una imagen en primer plano de su abdomen, donde se ve la marca reciente de la ces\u00e1rea<\/b> y las huellas que dejaron sus tres embarazos. Fiel a su estilo, <b>decidi\u00f3 abrir paso a una reflexi\u00f3n profunda sobre el amor propio, los cambios f\u00edsicos y la presi\u00f3n social <\/b>que sienten muchas mujeres despu\u00e9s de ser madres.<\/p>\n<p>\u201c<b>Gracias cuerpecito por haber sido el templo de mis tres hijo<\/b>s, gracias por haberles dado absolutamente todo lo que necesitaban durante su gestaci\u00f3n y tant\u00edsimos a\u00f1os m\u00e1s aliment\u00e1ndolos tambi\u00e9n una vez afuera\u201d, escribi\u00f3 Juana, agradecida y conmovida. \u201c<b>Te agradezco con mi vida entera, gracias por permitirme traer al mundo a las tres personas m\u00e1s importantes de mi vida<\/b>\u201d, continu\u00f3, poniendo en palabras el sentimiento profundo de quienes atraviesan el puerperio y la transformaci\u00f3n f\u00edsica y emocional que implica ser madre. Sin embargo, lejos de romantizar el proceso, Juana tambi\u00e9n se anim\u00f3 a exponer las dificultades y la lucha interna con los mandatos de belleza y la autoexigencia. \u201c<b>Toda una vida luchando contra el espejo y lamentablemente contra una sociedad <\/b>que espera de nuestros cuerpos algo que algunas pocas consiguen saludablemente\u201d, reflexion\u00f3 con crudeza.<\/p>\n<p> \u201c<b>Seguir\u00e9 tratando de amarte y aceptarte as\u00ed como sos<\/b>. Prometo cuidarte para poder compartir y gozar muchos a\u00f1os m\u00e1s de las tres personitas que trajimos a este mundo\u201d, agreg\u00f3, en un mensaje cargado de amor propio. Juana tambi\u00e9n habl\u00f3 de la transformaci\u00f3n natural que experiment\u00f3 su cuerpo despu\u00e9s de tres embarazos y del deseo de abrazar esa nueva versi\u00f3n de s\u00ed misma. \u201cYa tomar\u00e1s una nueva forma, quiz\u00e1 distinta a todas las anteriores y si no, <b>espero poder amarte as\u00ed como est\u00e1s, como est\u00e9s, como seas\u2026 porque me lo merezco<\/b>\u201d, cerr\u00f3, generando una ola de empat\u00eda y apoyo entre sus colegas y seguidoras.<\/p>\n<p><img loading=\"lazy\" decoding=\"async\" src=\"https:\/\/lobosnews.com.ar\/wp-content\/uploads\/2026\/03\/juana-repetto-mostro-la-cicatriz-de-su-cesarea-a-casi-un-mes-del-parto-el-templo-de-mis-tres-hijos-1.jpg\" alt=\"Juana mostr\u00f3 la cicatriz de su \u00faltima ces\u00e1rea y reflexion\u00f3 al respecto\" height=\"1440\" width=\"1080\"\/><\/p>\n<p>Ante las palabras de Repetto, <b>la publicaci\u00f3n recibi\u00f3 mensajes de cari\u00f1o y acompa\u00f1amiento<\/b>. Amigas famosas como <span class=\"waslinkname\"><b>Celeste Cid<\/b><\/span><b> <\/b>y <span class=\"waslinkname\"><b>Mica V\u00e1zquez<\/b><\/span>, junto a cientos de seguidoras, le dedicaron palabras de aliento: \u201c<b>Sos tan lo m\u00e1s, Juani<\/b>\u201d; \u201cBenditos nuestros cuerpos\u201d; \u201c<b>Es una cicatriz del amor<\/b>\u201d; \u201cGracias por compartir tu experiencia con nosotras\u201d; \u201cCada palabra tuya me representa\u201d; \u201c<b>La cicatriz m\u00e1s linda que una mujer puede tener<\/b>\u201d. <\/p>\n<p>Esta no es la primera vez que Juana se refiere con crudeza y realismo a los cambios despu\u00e9s del embarazo. El jueves pasado, la actriz volvi\u00f3 a usar sus historias de Instagram para hablar sin vueltas<span class=\"waslinkname\"> <b>sobre una preocupaci\u00f3n muy real: el cuerpo posparto y la ropa<\/b><\/span>. \u201cMe estresa la ropa\u201d, confes\u00f3 al comenzar su descargo. Luego, intent\u00f3 poner en perspectiva el momento que est\u00e1 viviendo y record\u00f3: \u201cEs como que me veo y digo \u2018bueno, es mi cuerpo, est\u00e1 volviendo\u2019. Hasta hace menos de tres semanas estaba embarazada\u201d. Pero la sinceridad se impuso: la situaci\u00f3n se complica cuando intenta vestirse para salir. \u201c<b>Todo bien, pero cuando me quiero ir a vestir y no hay nada que me quepa\u2026<\/b>\u201d, explic\u00f3, mostrando su frustraci\u00f3n ante el placard.<\/p>\n<p>Juana cont\u00f3 que muchas de las prendas que usaba antes del embarazo todav\u00eda no le entran, por lo que sigue recurriendo a la ropa de maternidad. Adem\u00e1s, se refiri\u00f3 a los comentarios en redes que, lejos de ayudar, la incomodan a\u00fan m\u00e1s: \u201c<b>Encima ustedes me ponen \u2018Ay, dej\u00e1 de tener los mismos vestidos\u2019, \u2018No deber\u00edas ponerte los vestidos que usabas embarazada\u2019<\/b>, \u2018Est\u00e1s vestida igual hace cinco meses\u2019\u201d. Su respuesta fue tan directa como su estilo: \u201cY s\u00ed, no me entraba otra cosa\u201d. Y reforz\u00f3: \u201c<b>Sigue sin entrarme otra cosa\u201d. La actriz tambi\u00e9n habl\u00f3 del aumento de peso que experiment\u00f3 durante la gestaci\u00f3n: \u201cPorque no es que sub\u00ed de peso solo la panza. Tengo, o sea, engord\u00e9 un mont\u00f3n. Me fui al car\u2026<\/b>\u201d, admiti\u00f3, sin rodeos.<\/p>\n<p>A pesar de las dificultades, Juana asegur\u00f3 que ya empez\u00f3 a dar peque\u00f1os pasos para recuperar su rutina y sentirse mejor en su cuerpo. Revel\u00f3 que consult\u00f3 con su partera sobre la posibilidad de retomar actividad f\u00edsica. \u201c<b>Hoy le pregunt\u00e9 a mi partera si ya puedo salir a caminar<\/b>\u201d, explic\u00f3. La respuesta fue positiva, aunque con limitaciones: \u201cMe dijo que s\u00ed, que levantar peso y eso todav\u00eda no, pero salir a caminar, s\u00ed\u201d. Con esa autorizaci\u00f3n, Juana adelant\u00f3 su pr\u00f3ximo objetivo: \u201c<b>As\u00ed que voy a empezar a caminar y me voy a ordenar con las comidas porque quiero que me entre mi ropa<\/b>\u201d.<\/p>\n","protected":false},"excerpt":{"rendered":"<p>Juana Repetto volvi\u00f3 a ponerle voz y cuerpo a su experiencia con la maternidad. A casi un mes de haber dado a luz a su tercer hijo, Timoteo, la actriz abri\u00f3 su intimidad en redes sociales y le mostr\u00f3 a sus seguidores una postal sincera: una imagen en primer plano de su abdomen, donde se&#8230;<\/p>\n","protected":false},"author":1,"featured_media":31042,"comment_status":"open","ping_status":"closed","sticky":false,"template":"","format":"standard","meta":{"_jetpack_memberships_contains_paid_content":false,"footnotes":""},"categories":[79],"tags":[],"class_list":["post-31038","post","type-post","status-publish","format-standard","has-post-thumbnail","hentry","category-cine-y-series"],"magazineBlocksPostFeaturedMedia":{"thumbnail":"https:\/\/lobosnews.com.ar\/wp-content\/uploads\/2026\/03\/juana-repetto-mostro-la-cicatriz-de-su-cesarea-a-casi-un-mes-del-parto-el-templo-de-mis-tres-hijos-2-150x150.jpg","medium":"https:\/\/lobosnews.com.ar\/wp-content\/uploads\/2026\/03\/juana-repetto-mostro-la-cicatriz-de-su-cesarea-a-casi-un-mes-del-parto-el-templo-de-mis-tres-hijos-2-225x300.jpg","medium_large":"https:\/\/lobosnews.com.ar\/wp-content\/uploads\/2026\/03\/juana-repetto-mostro-la-cicatriz-de-su-cesarea-a-casi-un-mes-del-parto-el-templo-de-mis-tres-hijos-2-768x1024.jpg","large":"https:\/\/lobosnews.com.ar\/wp-content\/uploads\/2026\/03\/juana-repetto-mostro-la-cicatriz-de-su-cesarea-a-casi-un-mes-del-parto-el-templo-de-mis-tres-hijos-2-768x1024.jpg","1536x1536":"https:\/\/lobosnews.com.ar\/wp-content\/uploads\/2026\/03\/juana-repetto-mostro-la-cicatriz-de-su-cesarea-a-casi-un-mes-del-parto-el-templo-de-mis-tres-hijos-2.jpg","2048x2048":"https:\/\/lobosnews.com.ar\/wp-content\/uploads\/2026\/03\/juana-repetto-mostro-la-cicatriz-de-su-cesarea-a-casi-un-mes-del-parto-el-templo-de-mis-tres-hijos-2.jpg","newsmatic-featured":"https:\/\/lobosnews.com.ar\/wp-content\/uploads\/2026\/03\/juana-repetto-mostro-la-cicatriz-de-su-cesarea-a-casi-un-mes-del-parto-el-templo-de-mis-tres-hijos-2-820x545.jpg","newsmatic-list":"https:\/\/lobosnews.com.ar\/wp-content\/uploads\/2026\/03\/juana-repetto-mostro-la-cicatriz-de-su-cesarea-a-casi-un-mes-del-parto-el-templo-de-mis-tres-hijos-2-600x400.jpg","newsmatic-thumb":"https:\/\/lobosnews.com.ar\/wp-content\/uploads\/2026\/03\/juana-repetto-mostro-la-cicatriz-de-su-cesarea-a-casi-un-mes-del-parto-el-templo-de-mis-tres-hijos-2-300x200.jpg","newsmatic-small":"https:\/\/lobosnews.com.ar\/wp-content\/uploads\/2026\/03\/juana-repetto-mostro-la-cicatriz-de-su-cesarea-a-casi-un-mes-del-parto-el-templo-de-mis-tres-hijos-2-150x95.jpg","newsmatic-grid":"https:\/\/lobosnews.com.ar\/wp-content\/uploads\/2026\/03\/juana-repetto-mostro-la-cicatriz-de-su-cesarea-a-casi-un-mes-del-parto-el-templo-de-mis-tres-hijos-2-400x250.jpg"},"magazineBlocksPostAuthor":{"name":"admin","avatar":"https:\/\/secure.gravatar.com\/avatar\/76e419471a2083bc3ceab22a763dbbf9b0c1bd15a6214cf3280e2c2dde4580f9?s=96&d=mm&r=g"},"magazineBlocksPostCommentsNumber":"0","magazineBlocksPostExcerpt":"Juana Repetto volvi\u00f3 a ponerle voz y cuerpo a su experiencia con la maternidad. A casi un mes de haber dado a luz a su tercer hijo, Timoteo, la actriz abri\u00f3 su intimidad en redes sociales y le mostr\u00f3 a sus seguidores una postal sincera: una imagen en primer plano de su abdomen, donde se...","magazineBlocksPostCategories":["Cine y Series"],"magazineBlocksPostViewCount":106,"magazineBlocksPostReadTime":5,"magazine_blocks_featured_image_url":{"full":["https:\/\/lobosnews.com.ar\/wp-content\/uploads\/2026\/03\/juana-repetto-mostro-la-cicatriz-de-su-cesarea-a-casi-un-mes-del-parto-el-templo-de-mis-tres-hijos-2.jpg",1080,1440,false],"medium":["https:\/\/lobosnews.com.ar\/wp-content\/uploads\/2026\/03\/juana-repetto-mostro-la-cicatriz-de-su-cesarea-a-casi-un-mes-del-parto-el-templo-de-mis-tres-hijos-2-225x300.jpg",225,300,true],"thumbnail":["https:\/\/lobosnews.com.ar\/wp-content\/uploads\/2026\/03\/juana-repetto-mostro-la-cicatriz-de-su-cesarea-a-casi-un-mes-del-parto-el-templo-de-mis-tres-hijos-2-150x150.jpg",150,150,true]},"magazine_blocks_author":{"display_name":"admin","author_link":"https:\/\/lobosnews.com.ar\/index.php\/author\/lobos-news\/"},"magazine_blocks_comment":0,"magazine_blocks_author_image":"https:\/\/secure.gravatar.com\/avatar\/76e419471a2083bc3ceab22a763dbbf9b0c1bd15a6214cf3280e2c2dde4580f9?s=96&d=mm&r=g","magazine_blocks_category":"<a href=\"#\" class=\"category-link category-link-79\">Cine y Series<\/a>","yoast_head":"<!-- This site is optimized with the Yoast SEO plugin v26.6 - https:\/\/yoast.com\/wordpress\/plugins\/seo\/ -->\n<title>Juana Repetto mostr\u00f3 la cicatriz de su ces\u00e1rea a casi un mes del parto: \u201cEl templo de mis tres hijos\u201d - Lobos News<\/title>\n<meta name=\"robots\" content=\"index, follow, max-snippet:-1, max-image-preview:large, max-video-preview:-1\" \/>\n<link rel=\"canonical\" href=\"https:\/\/lobosnews.com.ar\/index.php\/2026\/03\/08\/juana-repetto-mostro-la-cicatriz-de-su-cesarea-a-casi-un-mes-del-parto-el-templo-de-mis-tres-hijos\/\" \/>\n<meta property=\"og:locale\" content=\"es_ES\" \/>\n<meta property=\"og:type\" content=\"article\" \/>\n<meta property=\"og:title\" content=\"Juana Repetto mostr\u00f3 la cicatriz de su ces\u00e1rea a casi un mes del parto: \u201cEl templo de mis tres hijos\u201d - Lobos News\" \/>\n<meta property=\"og:description\" content=\"Juana Repetto volvi\u00f3 a ponerle voz y cuerpo a su experiencia con la maternidad. A casi un mes de haber dado a luz a su tercer hijo, Timoteo, la actriz abri\u00f3 su intimidad en redes sociales y le mostr\u00f3 a sus seguidores una postal sincera: una imagen en primer plano de su abdomen, donde se...\" \/>\n<meta property=\"og:url\" content=\"https:\/\/lobosnews.com.ar\/index.php\/2026\/03\/08\/juana-repetto-mostro-la-cicatriz-de-su-cesarea-a-casi-un-mes-del-parto-el-templo-de-mis-tres-hijos\/\" \/>\n<meta property=\"og:site_name\" content=\"Lobos News\" \/>\n<meta property=\"article:published_time\" content=\"2026-03-08T20:36:28+00:00\" \/>\n<meta property=\"article:modified_time\" content=\"2026-03-09T02:47:00+00:00\" \/>\n<meta property=\"og:image\" content=\"https:\/\/lobosnews.com.ar\/wp-content\/uploads\/2026\/03\/juana-repetto-mostro-la-cicatriz-de-su-cesarea-a-casi-un-mes-del-parto-el-templo-de-mis-tres-hijos.jpg\" \/>\n<meta name=\"author\" content=\"admin\" \/>\n<meta name=\"twitter:card\" content=\"summary_large_image\" \/>\n<meta name=\"twitter:label1\" content=\"Escrito por\" \/>\n\t<meta name=\"twitter:data1\" content=\"admin\" \/>\n\t<meta name=\"twitter:label2\" content=\"Tiempo de lectura\" \/>\n\t<meta name=\"twitter:data2\" content=\"4 minutos\" \/>\n<script type=\"application\/ld+json\" class=\"yoast-schema-graph\">{\"@context\":\"https:\/\/schema.org\",\"@graph\":[{\"@type\":\"Article\",\"@id\":\"https:\/\/lobosnews.com.ar\/index.php\/2026\/03\/08\/juana-repetto-mostro-la-cicatriz-de-su-cesarea-a-casi-un-mes-del-parto-el-templo-de-mis-tres-hijos\/#article\",\"isPartOf\":{\"@id\":\"https:\/\/lobosnews.com.ar\/index.php\/2026\/03\/08\/juana-repetto-mostro-la-cicatriz-de-su-cesarea-a-casi-un-mes-del-parto-el-templo-de-mis-tres-hijos\/\"},\"author\":{\"name\":\"admin\",\"@id\":\"https:\/\/lobosnews.com.ar\/#\/schema\/person\/232422a593d5c541dd9aef6aaed10943\"},\"headline\":\"Juana Repetto mostr\u00f3 la cicatriz de su ces\u00e1rea a casi un mes del parto: \u201cEl templo de mis tres hijos\u201d\",\"datePublished\":\"2026-03-08T20:36:28+00:00\",\"dateModified\":\"2026-03-09T02:47:00+00:00\",\"mainEntityOfPage\":{\"@id\":\"https:\/\/lobosnews.com.ar\/index.php\/2026\/03\/08\/juana-repetto-mostro-la-cicatriz-de-su-cesarea-a-casi-un-mes-del-parto-el-templo-de-mis-tres-hijos\/\"},\"wordCount\":825,\"commentCount\":0,\"publisher\":{\"@id\":\"https:\/\/lobosnews.com.ar\/#organization\"},\"image\":{\"@id\":\"https:\/\/lobosnews.com.ar\/index.php\/2026\/03\/08\/juana-repetto-mostro-la-cicatriz-de-su-cesarea-a-casi-un-mes-del-parto-el-templo-de-mis-tres-hijos\/#primaryimage\"},\"thumbnailUrl\":\"https:\/\/lobosnews.com.ar\/wp-content\/uploads\/2026\/03\/juana-repetto-mostro-la-cicatriz-de-su-cesarea-a-casi-un-mes-del-parto-el-templo-de-mis-tres-hijos-2.jpg\",\"articleSection\":[\"Cine y Series\"],\"inLanguage\":\"es\",\"potentialAction\":[{\"@type\":\"CommentAction\",\"name\":\"Comment\",\"target\":[\"https:\/\/lobosnews.com.ar\/index.php\/2026\/03\/08\/juana-repetto-mostro-la-cicatriz-de-su-cesarea-a-casi-un-mes-del-parto-el-templo-de-mis-tres-hijos\/#respond\"]}]},{\"@type\":\"WebPage\",\"@id\":\"https:\/\/lobosnews.com.ar\/index.php\/2026\/03\/08\/juana-repetto-mostro-la-cicatriz-de-su-cesarea-a-casi-un-mes-del-parto-el-templo-de-mis-tres-hijos\/\",\"url\":\"https:\/\/lobosnews.com.ar\/index.php\/2026\/03\/08\/juana-repetto-mostro-la-cicatriz-de-su-cesarea-a-casi-un-mes-del-parto-el-templo-de-mis-tres-hijos\/\",\"name\":\"Juana Repetto mostr\u00f3 la cicatriz de su ces\u00e1rea a casi un mes del parto: \u201cEl templo de mis tres hijos\u201d - Lobos News\",\"isPartOf\":{\"@id\":\"https:\/\/lobosnews.com.ar\/#website\"},\"primaryImageOfPage\":{\"@id\":\"https:\/\/lobosnews.com.ar\/index.php\/2026\/03\/08\/juana-repetto-mostro-la-cicatriz-de-su-cesarea-a-casi-un-mes-del-parto-el-templo-de-mis-tres-hijos\/#primaryimage\"},\"image\":{\"@id\":\"https:\/\/lobosnews.com.ar\/index.php\/2026\/03\/08\/juana-repetto-mostro-la-cicatriz-de-su-cesarea-a-casi-un-mes-del-parto-el-templo-de-mis-tres-hijos\/#primaryimage\"},\"thumbnailUrl\":\"https:\/\/lobosnews.com.ar\/wp-content\/uploads\/2026\/03\/juana-repetto-mostro-la-cicatriz-de-su-cesarea-a-casi-un-mes-del-parto-el-templo-de-mis-tres-hijos-2.jpg\",\"datePublished\":\"2026-03-08T20:36:28+00:00\",\"dateModified\":\"2026-03-09T02:47:00+00:00\",\"breadcrumb\":{\"@id\":\"https:\/\/lobosnews.com.ar\/index.php\/2026\/03\/08\/juana-repetto-mostro-la-cicatriz-de-su-cesarea-a-casi-un-mes-del-parto-el-templo-de-mis-tres-hijos\/#breadcrumb\"},\"inLanguage\":\"es\",\"potentialAction\":[{\"@type\":\"ReadAction\",\"target\":[\"https:\/\/lobosnews.com.ar\/index.php\/2026\/03\/08\/juana-repetto-mostro-la-cicatriz-de-su-cesarea-a-casi-un-mes-del-parto-el-templo-de-mis-tres-hijos\/\"]}]},{\"@type\":\"ImageObject\",\"inLanguage\":\"es\",\"@id\":\"https:\/\/lobosnews.com.ar\/index.php\/2026\/03\/08\/juana-repetto-mostro-la-cicatriz-de-su-cesarea-a-casi-un-mes-del-parto-el-templo-de-mis-tres-hijos\/#primaryimage\",\"url\":\"https:\/\/lobosnews.com.ar\/wp-content\/uploads\/2026\/03\/juana-repetto-mostro-la-cicatriz-de-su-cesarea-a-casi-un-mes-del-parto-el-templo-de-mis-tres-hijos-2.jpg\",\"contentUrl\":\"https:\/\/lobosnews.com.ar\/wp-content\/uploads\/2026\/03\/juana-repetto-mostro-la-cicatriz-de-su-cesarea-a-casi-un-mes-del-parto-el-templo-de-mis-tres-hijos-2.jpg\",\"width\":1080,\"height\":1440,\"caption\":\"Juana Repetto mostr\u00f3 la cicatriz de su ces\u00e1rea a casi un mes del parto: \u201cEl templo de mis tres hijos\u201d\"},{\"@type\":\"BreadcrumbList\",\"@id\":\"https:\/\/lobosnews.com.ar\/index.php\/2026\/03\/08\/juana-repetto-mostro-la-cicatriz-de-su-cesarea-a-casi-un-mes-del-parto-el-templo-de-mis-tres-hijos\/#breadcrumb\",\"itemListElement\":[{\"@type\":\"ListItem\",\"position\":1,\"name\":\"Portada\",\"item\":\"https:\/\/lobosnews.com.ar\/\"},{\"@type\":\"ListItem\",\"position\":2,\"name\":\"Juana Repetto mostr\u00f3 la cicatriz de su ces\u00e1rea a casi un mes del parto: \u201cEl templo de mis tres hijos\u201d\"}]},{\"@type\":\"WebSite\",\"@id\":\"https:\/\/lobosnews.com.ar\/#website\",\"url\":\"https:\/\/lobosnews.com.ar\/\",\"name\":\"Lobos News\",\"description\":\"Informaci\u00f3n a cada instante\",\"publisher\":{\"@id\":\"https:\/\/lobosnews.com.ar\/#organization\"},\"potentialAction\":[{\"@type\":\"SearchAction\",\"target\":{\"@type\":\"EntryPoint\",\"urlTemplate\":\"https:\/\/lobosnews.com.ar\/?s={search_term_string}\"},\"query-input\":{\"@type\":\"PropertyValueSpecification\",\"valueRequired\":true,\"valueName\":\"search_term_string\"}}],\"inLanguage\":\"es\"},{\"@type\":\"Organization\",\"@id\":\"https:\/\/lobosnews.com.ar\/#organization\",\"name\":\"Lobos News\",\"url\":\"https:\/\/lobosnews.com.ar\/\",\"logo\":{\"@type\":\"ImageObject\",\"inLanguage\":\"es\",\"@id\":\"https:\/\/lobosnews.com.ar\/#\/schema\/logo\/image\/\",\"url\":\"https:\/\/lobosnews.com.ar\/wp-content\/uploads\/2026\/01\/logo-lobosnews.png\",\"contentUrl\":\"https:\/\/lobosnews.com.ar\/wp-content\/uploads\/2026\/01\/logo-lobosnews.png\",\"width\":500,\"height\":200,\"caption\":\"Lobos News\"},\"image\":{\"@id\":\"https:\/\/lobosnews.com.ar\/#\/schema\/logo\/image\/\"}},{\"@type\":\"Person\",\"@id\":\"https:\/\/lobosnews.com.ar\/#\/schema\/person\/232422a593d5c541dd9aef6aaed10943\",\"name\":\"admin\",\"image\":{\"@type\":\"ImageObject\",\"inLanguage\":\"es\",\"@id\":\"https:\/\/lobosnews.com.ar\/#\/schema\/person\/image\/\",\"url\":\"https:\/\/secure.gravatar.com\/avatar\/76e419471a2083bc3ceab22a763dbbf9b0c1bd15a6214cf3280e2c2dde4580f9?s=96&d=mm&r=g\",\"contentUrl\":\"https:\/\/secure.gravatar.com\/avatar\/76e419471a2083bc3ceab22a763dbbf9b0c1bd15a6214cf3280e2c2dde4580f9?s=96&d=mm&r=g\",\"caption\":\"admin\"},\"sameAs\":[\"https:\/\/lobosnews.com.ar\"],\"url\":\"https:\/\/lobosnews.com.ar\/index.php\/author\/lobos-news\/\"}]}<\/script>\n<!-- \/ Yoast SEO plugin. -->","yoast_head_json":{"title":"Juana Repetto mostr\u00f3 la cicatriz de su ces\u00e1rea a casi un mes del parto: \u201cEl templo de mis tres hijos\u201d - Lobos News","robots":{"index":"index","follow":"follow","max-snippet":"max-snippet:-1","max-image-preview":"max-image-preview:large","max-video-preview":"max-video-preview:-1"},"canonical":"https:\/\/lobosnews.com.ar\/index.php\/2026\/03\/08\/juana-repetto-mostro-la-cicatriz-de-su-cesarea-a-casi-un-mes-del-parto-el-templo-de-mis-tres-hijos\/","og_locale":"es_ES","og_type":"article","og_title":"Juana Repetto mostr\u00f3 la cicatriz de su ces\u00e1rea a casi un mes del parto: \u201cEl templo de mis tres hijos\u201d - Lobos News","og_description":"Juana Repetto volvi\u00f3 a ponerle voz y cuerpo a su experiencia con la maternidad. A casi un mes de haber dado a luz a su tercer hijo, Timoteo, la actriz abri\u00f3 su intimidad en redes sociales y le mostr\u00f3 a sus seguidores una postal sincera: una imagen en primer plano de su abdomen, donde se...","og_url":"https:\/\/lobosnews.com.ar\/index.php\/2026\/03\/08\/juana-repetto-mostro-la-cicatriz-de-su-cesarea-a-casi-un-mes-del-parto-el-templo-de-mis-tres-hijos\/","og_site_name":"Lobos News","article_published_time":"2026-03-08T20:36:28+00:00","article_modified_time":"2026-03-09T02:47:00+00:00","og_image":[{"url":"https:\/\/lobosnews.com.ar\/wp-content\/uploads\/2026\/03\/juana-repetto-mostro-la-cicatriz-de-su-cesarea-a-casi-un-mes-del-parto-el-templo-de-mis-tres-hijos.jpg","type":"","width":"","height":""}],"author":"admin","twitter_card":"summary_large_image","twitter_misc":{"Escrito por":"admin","Tiempo de lectura":"4 minutos"},"schema":{"@context":"https:\/\/schema.org","@graph":[{"@type":"Article","@id":"https:\/\/lobosnews.com.ar\/index.php\/2026\/03\/08\/juana-repetto-mostro-la-cicatriz-de-su-cesarea-a-casi-un-mes-del-parto-el-templo-de-mis-tres-hijos\/#article","isPartOf":{"@id":"https:\/\/lobosnews.com.ar\/index.php\/2026\/03\/08\/juana-repetto-mostro-la-cicatriz-de-su-cesarea-a-casi-un-mes-del-parto-el-templo-de-mis-tres-hijos\/"},"author":{"name":"admin","@id":"https:\/\/lobosnews.com.ar\/#\/schema\/person\/232422a593d5c541dd9aef6aaed10943"},"headline":"Juana Repetto mostr\u00f3 la cicatriz de su ces\u00e1rea a casi un mes del parto: \u201cEl templo de mis tres hijos\u201d","datePublished":"2026-03-08T20:36:28+00:00","dateModified":"2026-03-09T02:47:00+00:00","mainEntityOfPage":{"@id":"https:\/\/lobosnews.com.ar\/index.php\/2026\/03\/08\/juana-repetto-mostro-la-cicatriz-de-su-cesarea-a-casi-un-mes-del-parto-el-templo-de-mis-tres-hijos\/"},"wordCount":825,"commentCount":0,"publisher":{"@id":"https:\/\/lobosnews.com.ar\/#organization"},"image":{"@id":"https:\/\/lobosnews.com.ar\/index.php\/2026\/03\/08\/juana-repetto-mostro-la-cicatriz-de-su-cesarea-a-casi-un-mes-del-parto-el-templo-de-mis-tres-hijos\/#primaryimage"},"thumbnailUrl":"https:\/\/lobosnews.com.ar\/wp-content\/uploads\/2026\/03\/juana-repetto-mostro-la-cicatriz-de-su-cesarea-a-casi-un-mes-del-parto-el-templo-de-mis-tres-hijos-2.jpg","articleSection":["Cine y Series"],"inLanguage":"es","potentialAction":[{"@type":"CommentAction","name":"Comment","target":["https:\/\/lobosnews.com.ar\/index.php\/2026\/03\/08\/juana-repetto-mostro-la-cicatriz-de-su-cesarea-a-casi-un-mes-del-parto-el-templo-de-mis-tres-hijos\/#respond"]}]},{"@type":"WebPage","@id":"https:\/\/lobosnews.com.ar\/index.php\/2026\/03\/08\/juana-repetto-mostro-la-cicatriz-de-su-cesarea-a-casi-un-mes-del-parto-el-templo-de-mis-tres-hijos\/","url":"https:\/\/lobosnews.com.ar\/index.php\/2026\/03\/08\/juana-repetto-mostro-la-cicatriz-de-su-cesarea-a-casi-un-mes-del-parto-el-templo-de-mis-tres-hijos\/","name":"Juana Repetto mostr\u00f3 la cicatriz de su ces\u00e1rea a casi un mes del parto: \u201cEl templo de mis tres hijos\u201d - Lobos News","isPartOf":{"@id":"https:\/\/lobosnews.com.ar\/#website"},"primaryImageOfPage":{"@id":"https:\/\/lobosnews.com.ar\/index.php\/2026\/03\/08\/juana-repetto-mostro-la-cicatriz-de-su-cesarea-a-casi-un-mes-del-parto-el-templo-de-mis-tres-hijos\/#primaryimage"},"image":{"@id":"https:\/\/lobosnews.com.ar\/index.php\/2026\/03\/08\/juana-repetto-mostro-la-cicatriz-de-su-cesarea-a-casi-un-mes-del-parto-el-templo-de-mis-tres-hijos\/#primaryimage"},"thumbnailUrl":"https:\/\/lobosnews.com.ar\/wp-content\/uploads\/2026\/03\/juana-repetto-mostro-la-cicatriz-de-su-cesarea-a-casi-un-mes-del-parto-el-templo-de-mis-tres-hijos-2.jpg","datePublished":"2026-03-08T20:36:28+00:00","dateModified":"2026-03-09T02:47:00+00:00","breadcrumb":{"@id":"https:\/\/lobosnews.com.ar\/index.php\/2026\/03\/08\/juana-repetto-mostro-la-cicatriz-de-su-cesarea-a-casi-un-mes-del-parto-el-templo-de-mis-tres-hijos\/#breadcrumb"},"inLanguage":"es","potentialAction":[{"@type":"ReadAction","target":["https:\/\/lobosnews.com.ar\/index.php\/2026\/03\/08\/juana-repetto-mostro-la-cicatriz-de-su-cesarea-a-casi-un-mes-del-parto-el-templo-de-mis-tres-hijos\/"]}]},{"@type":"ImageObject","inLanguage":"es","@id":"https:\/\/lobosnews.com.ar\/index.php\/2026\/03\/08\/juana-repetto-mostro-la-cicatriz-de-su-cesarea-a-casi-un-mes-del-parto-el-templo-de-mis-tres-hijos\/#primaryimage","url":"https:\/\/lobosnews.com.ar\/wp-content\/uploads\/2026\/03\/juana-repetto-mostro-la-cicatriz-de-su-cesarea-a-casi-un-mes-del-parto-el-templo-de-mis-tres-hijos-2.jpg","contentUrl":"https:\/\/lobosnews.com.ar\/wp-content\/uploads\/2026\/03\/juana-repetto-mostro-la-cicatriz-de-su-cesarea-a-casi-un-mes-del-parto-el-templo-de-mis-tres-hijos-2.jpg","width":1080,"height":1440,"caption":"Juana Repetto mostr\u00f3 la cicatriz de su ces\u00e1rea a casi un mes del parto: \u201cEl templo de mis tres hijos\u201d"},{"@type":"BreadcrumbList","@id":"https:\/\/lobosnews.com.ar\/index.php\/2026\/03\/08\/juana-repetto-mostro-la-cicatriz-de-su-cesarea-a-casi-un-mes-del-parto-el-templo-de-mis-tres-hijos\/#breadcrumb","itemListElement":[{"@type":"ListItem","position":1,"name":"Portada","item":"https:\/\/lobosnews.com.ar\/"},{"@type":"ListItem","position":2,"name":"Juana Repetto mostr\u00f3 la cicatriz de su ces\u00e1rea a casi un mes del parto: \u201cEl templo de mis tres hijos\u201d"}]},{"@type":"WebSite","@id":"https:\/\/lobosnews.com.ar\/#website","url":"https:\/\/lobosnews.com.ar\/","name":"Lobos News","description":"Informaci\u00f3n a cada instante","publisher":{"@id":"https:\/\/lobosnews.com.ar\/#organization"},"potentialAction":[{"@type":"SearchAction","target":{"@type":"EntryPoint","urlTemplate":"https:\/\/lobosnews.com.ar\/?s={search_term_string}"},"query-input":{"@type":"PropertyValueSpecification","valueRequired":true,"valueName":"search_term_string"}}],"inLanguage":"es"},{"@type":"Organization","@id":"https:\/\/lobosnews.com.ar\/#organization","name":"Lobos News","url":"https:\/\/lobosnews.com.ar\/","logo":{"@type":"ImageObject","inLanguage":"es","@id":"https:\/\/lobosnews.com.ar\/#\/schema\/logo\/image\/","url":"https:\/\/lobosnews.com.ar\/wp-content\/uploads\/2026\/01\/logo-lobosnews.png","contentUrl":"https:\/\/lobosnews.com.ar\/wp-content\/uploads\/2026\/01\/logo-lobosnews.png","width":500,"height":200,"caption":"Lobos News"},"image":{"@id":"https:\/\/lobosnews.com.ar\/#\/schema\/logo\/image\/"}},{"@type":"Person","@id":"https:\/\/lobosnews.com.ar\/#\/schema\/person\/232422a593d5c541dd9aef6aaed10943","name":"admin","image":{"@type":"ImageObject","inLanguage":"es","@id":"https:\/\/lobosnews.com.ar\/#\/schema\/person\/image\/","url":"https:\/\/secure.gravatar.com\/avatar\/76e419471a2083bc3ceab22a763dbbf9b0c1bd15a6214cf3280e2c2dde4580f9?s=96&d=mm&r=g","contentUrl":"https:\/\/secure.gravatar.com\/avatar\/76e419471a2083bc3ceab22a763dbbf9b0c1bd15a6214cf3280e2c2dde4580f9?s=96&d=mm&r=g","caption":"admin"},"sameAs":["https:\/\/lobosnews.com.ar"],"url":"https:\/\/lobosnews.com.ar\/index.php\/author\/lobos-news\/"}]}},"jetpack_featured_media_url":"https:\/\/lobosnews.com.ar\/wp-content\/uploads\/2026\/03\/juana-repetto-mostro-la-cicatriz-de-su-cesarea-a-casi-un-mes-del-parto-el-templo-de-mis-tres-hijos-2.jpg","jetpack_sharing_enabled":true,"_links":{"self":[{"href":"https:\/\/lobosnews.com.ar\/index.php\/wp-json\/wp\/v2\/posts\/31038","targetHints":{"allow":["GET"]}}],"collection":[{"href":"https:\/\/lobosnews.com.ar\/index.php\/wp-json\/wp\/v2\/posts"}],"about":[{"href":"https:\/\/lobosnews.com.ar\/index.php\/wp-json\/wp\/v2\/types\/post"}],"author":[{"embeddable":true,"href":"https:\/\/lobosnews.com.ar\/index.php\/wp-json\/wp\/v2\/users\/1"}],"replies":[{"embeddable":true,"href":"https:\/\/lobosnews.com.ar\/index.php\/wp-json\/wp\/v2\/comments?post=31038"}],"version-history":[{"count":1,"href":"https:\/\/lobosnews.com.ar\/index.php\/wp-json\/wp\/v2\/posts\/31038\/revisions"}],"predecessor-version":[{"id":31041,"href":"https:\/\/lobosnews.com.ar\/index.php\/wp-json\/wp\/v2\/posts\/31038\/revisions\/31041"}],"wp:featuredmedia":[{"embeddable":true,"href":"https:\/\/lobosnews.com.ar\/index.php\/wp-json\/wp\/v2\/media\/31042"}],"wp:attachment":[{"href":"https:\/\/lobosnews.com.ar\/index.php\/wp-json\/wp\/v2\/media?parent=31038"}],"wp:term":[{"taxonomy":"category","embeddable":true,"href":"https:\/\/lobosnews.com.ar\/index.php\/wp-json\/wp\/v2\/categories?post=31038"},{"taxonomy":"post_tag","embeddable":true,"href":"https:\/\/lobosnews.com.ar\/index.php\/wp-json\/wp\/v2\/tags?post=31038"}],"curies":[{"name":"wp","href":"https:\/\/api.w.org\/{rel}","templated":true}]}}