{"id":31028,"date":"2026-03-09T00:35:14","date_gmt":"2026-03-09T00:35:14","guid":{"rendered":"https:\/\/lobosnews.com.ar\/index.php\/2026\/03\/09\/sofia-gonet-se-arranco-las-extensiones-del-pelo-con-ayuda-de-cami-mayan-el-video-del-resultado\/"},"modified":"2026-03-09T02:46:52","modified_gmt":"2026-03-09T02:46:52","slug":"sofia-gonet-se-arranco-las-extensiones-del-pelo-con-ayuda-de-cami-mayan-el-video-del-resultado","status":"publish","type":"post","link":"https:\/\/lobosnews.com.ar\/index.php\/2026\/03\/09\/sofia-gonet-se-arranco-las-extensiones-del-pelo-con-ayuda-de-cami-mayan-el-video-del-resultado\/","title":{"rendered":"Sof\u00eda Gonet se arranc\u00f3 las extensiones del pelo con ayuda de Cami Mayan: el video del resultado"},"content":{"rendered":"<p>Un inesperado momento de belleza y desesperaci\u00f3n se volvi\u00f3 viral en redes sociales cuando <span class=\"waslinkname\"><b>Sof\u00eda Gonet<\/b><\/span>, tambi\u00e9n conocida como La Reini, decidi\u00f3 quitarse las extensiones de cabello por su cuenta, con la ayuda de su amiga<b> <\/b><span class=\"waslinkname\"><b>Cami Mayan<\/b><\/span>. El episodio ocurri\u00f3 durante el viaje que ambas realizan en Miami y qued\u00f3 registrado en un video que r\u00e1pidamente comenz\u00f3 a circular entre sus seguidores. La escena fue compartida por la propia Gonet en TikTok con una frase que resume el caos del momento: <b>\u201cDos horas y media de sufrimiento, pero lo logramos. Agradecimiento especial a Cami Mayan\u201d<\/b>. En el clip se la ve frente a c\u00e1mara intentando desprender las extensiones mientras describe el proceso y las dificultades que enfrenta para quitarlas.<\/p>\n<p>\u201c<b>No puedo creer lo que estoy haciendo. Me estoy arrancando las extensiones porque ya mi cuerpo las rechaza, no las aguanto m\u00e1s<\/b>\u201d, comienza diciendo la influencer en el video. Seg\u00fan explic\u00f3, el problema surgi\u00f3 durante el viaje: el mantenimiento del cabello se volvi\u00f3 cada vez m\u00e1s inc\u00f3modo, especialmente en actividades como peinarse o ir a la playa. \u201c<b>Se me hicieron insufribles\u2026 es una cantidad de pelo abismal. Lo tengo que sacar<\/b>\u201d, agreg\u00f3. El apuro tambi\u00e9n formaba parte del problema. Mientras grababan el video, las amigas ten\u00edan planes para salir a cenar, por lo que el procedimiento improvisado deb\u00eda hacerse en pocos minutos. \u201c<b>Lo peor de todo es que me lo tengo que sacar en diez minutos porque tenemos que ir a comer<\/b>\u201d, coment\u00f3 entre quejas y risas, mientras segu\u00eda tirando de los mechones.<\/p>\n<p><img fetchpriority=\"high\" decoding=\"async\" src=\"https:\/\/lobosnews.com.ar\/wp-content\/uploads\/2026\/03\/sofia-gonet-se-arranco-las-extensiones-del-pelo-con-ayuda-de-cami-mayan-el-video-del-resultado.jpg\" alt=\"El video compartido por Sofi Gonet en TikTok muestra el divertido y ca\u00f3tico proceso de quitar las extensiones antes de salir a cenar\" height=\"868\" width=\"572\"\/><\/p>\n<p>La escena mezcla frustraci\u00f3n con humor. En varios momentos del clip, Gonet se muestra sorprendida por la cantidad de cabello que se desprende y por el pegamento con el que estaban fijadas las extensiones. \u201c<b>Estoy a mitad de camino, tengo una parte toda pelada. Ya es tarde para arrepentirse, como siempre en mi vida<\/b>\u201d, dijo mientras intentaba localizar cada punto de adhesi\u00f3n. A su lado, su amiga interviene constantemente, comentando el proceso y ayud\u00e1ndola a despegar los mechones. \u201c<b>Horrible esto que te est\u00e1s haciendo<\/b>\u201d, le dijo entre risas, aunque minutos despu\u00e9s tambi\u00e9n comenz\u00f3 a colaborar activamente en la tarea.<\/p>\n<p>El m\u00e9todo, seg\u00fan explica la propia Gonet en el video, consist\u00eda en localizar la extensi\u00f3n, despegar el adhesivo hacia los costados y luego tirar hacia abajo. Sin embargo, el proceso result\u00f3 mucho m\u00e1s complicado de lo esperado debido al pegamento que fijaba el cabello. <b>\u201cMiren lo que es esto\u2026 una bola de pegamento en el pelo de Sof\u00eda\u201d<\/b>, coment\u00f3 Mayan en uno de los momentos del clip mientras muestra el residuo que qued\u00f3 en la cabeza de su amiga. Incluso llegaron a evaluar distintas soluciones improvisadas para poder terminar el trabajo.<\/p>\n<p><img loading=\"lazy\" decoding=\"async\" src=\"https:\/\/lobosnews.com.ar\/wp-content\/uploads\/2026\/03\/sofia-gonet-se-arranco-las-extensiones-del-pelo-con-ayuda-de-cami-mayan-el-video-del-resultado-1.jpg\" alt=\"El resultado final mostr\u00f3 a Sofi Gonet luciendo un nuevo corte bob, elogiado por Mayan y celebrado con risas en redes sociales\" height=\"789\" width=\"491\"\/><\/p>\n<p>Entre bromas y an\u00e9cdotas, Mayan record\u00f3 una experiencia personal que podr\u00eda servir como soluci\u00f3n. \u201c<b>Una vez estaba con un pibe y le cay\u00f3 chicle en mi pelo. Ah\u00ed descubr\u00ed que el chicle sale con aceite<\/b>\u201d, dijo entre carcajadas, sugiriendo usar ese mismo m\u00e9todo para eliminar el pegamento restante.<\/p>\n<p>Mientras tanto, Gonet continuaba con el proceso, cada vez m\u00e1s decidida a terminar con el problema. \u201c<b>Me agarr\u00f3 como una especie de ataque de p\u00e1nico en el que dije: tengo que sacar esto de la cabeza, mi cuerpo lo rechaz\u00f3<\/b>\u201d, explic\u00f3 en uno de los momentos m\u00e1s sinceros del video. El resultado final sorprendi\u00f3 incluso a las propias protagonistas. Tras retirar gran parte de las extensiones, Mayan observ\u00f3 el nuevo largo del cabello de su amiga y lanz\u00f3 un comentario que desat\u00f3 las risas: \u201c<b>Ten\u00e9s un bob espectacular<\/b>\u201d.<\/p>\n<p>El episodio ocurri\u00f3 en medio de las vacaciones que ambas influencers disfrutan en Miami. <b>Durante los \u00faltimos d\u00edas, Gonet y Mayan compartieron distintos momentos de su viaje, desde salidas nocturnas y recorridos gastron\u00f3micos hasta compras en tiendas de lujo.<\/b> Las redes sociales se convirtieron en el escenario donde documentan cada momento de la experiencia. En sus perfiles muestran desde desayunos y cenas en restaurantes exclusivos hasta encuentros inesperados con celebridades. De hecho, uno de los momentos m\u00e1s comentados de su estad\u00eda fue el cruce con la cantante espa\u00f1ola<b> Bad Gyal<\/b>, con quien incluso grabaron un breve video.<\/p>\n","protected":false},"excerpt":{"rendered":"<p>Un inesperado momento de belleza y desesperaci\u00f3n se volvi\u00f3 viral en redes sociales cuando Sof\u00eda Gonet, tambi\u00e9n conocida como La Reini, decidi\u00f3 quitarse las extensiones de cabello por su cuenta, con la ayuda de su amiga Cami Mayan. El episodio ocurri\u00f3 durante el viaje que ambas realizan en Miami y qued\u00f3 registrado en un video&#8230;<\/p>\n","protected":false},"author":1,"featured_media":31032,"comment_status":"open","ping_status":"closed","sticky":false,"template":"","format":"standard","meta":{"_jetpack_memberships_contains_paid_content":false,"footnotes":""},"categories":[79],"tags":[],"class_list":["post-31028","post","type-post","status-publish","format-standard","has-post-thumbnail","hentry","category-cine-y-series"],"magazineBlocksPostFeaturedMedia":{"thumbnail":"https:\/\/lobosnews.com.ar\/wp-content\/uploads\/2026\/03\/sofia-gonet-se-arranco-las-extensiones-del-pelo-con-ayuda-de-cami-mayan-el-video-del-resultado-2-150x150.jpg","medium":"https:\/\/lobosnews.com.ar\/wp-content\/uploads\/2026\/03\/sofia-gonet-se-arranco-las-extensiones-del-pelo-con-ayuda-de-cami-mayan-el-video-del-resultado-2-187x300.jpg","medium_large":"https:\/\/lobosnews.com.ar\/wp-content\/uploads\/2026\/03\/sofia-gonet-se-arranco-las-extensiones-del-pelo-con-ayuda-de-cami-mayan-el-video-del-resultado-2.jpg","large":"https:\/\/lobosnews.com.ar\/wp-content\/uploads\/2026\/03\/sofia-gonet-se-arranco-las-extensiones-del-pelo-con-ayuda-de-cami-mayan-el-video-del-resultado-2.jpg","1536x1536":"https:\/\/lobosnews.com.ar\/wp-content\/uploads\/2026\/03\/sofia-gonet-se-arranco-las-extensiones-del-pelo-con-ayuda-de-cami-mayan-el-video-del-resultado-2.jpg","2048x2048":"https:\/\/lobosnews.com.ar\/wp-content\/uploads\/2026\/03\/sofia-gonet-se-arranco-las-extensiones-del-pelo-con-ayuda-de-cami-mayan-el-video-del-resultado-2.jpg","newsmatic-featured":"https:\/\/lobosnews.com.ar\/wp-content\/uploads\/2026\/03\/sofia-gonet-se-arranco-las-extensiones-del-pelo-con-ayuda-de-cami-mayan-el-video-del-resultado-2-491x545.jpg","newsmatic-list":"https:\/\/lobosnews.com.ar\/wp-content\/uploads\/2026\/03\/sofia-gonet-se-arranco-las-extensiones-del-pelo-con-ayuda-de-cami-mayan-el-video-del-resultado-2-491x400.jpg","newsmatic-thumb":"https:\/\/lobosnews.com.ar\/wp-content\/uploads\/2026\/03\/sofia-gonet-se-arranco-las-extensiones-del-pelo-con-ayuda-de-cami-mayan-el-video-del-resultado-2-300x200.jpg","newsmatic-small":"https:\/\/lobosnews.com.ar\/wp-content\/uploads\/2026\/03\/sofia-gonet-se-arranco-las-extensiones-del-pelo-con-ayuda-de-cami-mayan-el-video-del-resultado-2-150x95.jpg","newsmatic-grid":"https:\/\/lobosnews.com.ar\/wp-content\/uploads\/2026\/03\/sofia-gonet-se-arranco-las-extensiones-del-pelo-con-ayuda-de-cami-mayan-el-video-del-resultado-2-400x250.jpg"},"magazineBlocksPostAuthor":{"name":"admin","avatar":"https:\/\/secure.gravatar.com\/avatar\/76e419471a2083bc3ceab22a763dbbf9b0c1bd15a6214cf3280e2c2dde4580f9?s=96&d=mm&r=g"},"magazineBlocksPostCommentsNumber":"0","magazineBlocksPostExcerpt":"Un inesperado momento de belleza y desesperaci\u00f3n se volvi\u00f3 viral en redes sociales cuando Sof\u00eda Gonet, tambi\u00e9n conocida como La Reini, decidi\u00f3 quitarse las extensiones de cabello por su cuenta, con la ayuda de su amiga Cami Mayan. El episodio ocurri\u00f3 durante el viaje que ambas realizan en Miami y qued\u00f3 registrado en un video...","magazineBlocksPostCategories":["Cine y Series"],"magazineBlocksPostViewCount":87,"magazineBlocksPostReadTime":4,"magazine_blocks_featured_image_url":{"full":["https:\/\/lobosnews.com.ar\/wp-content\/uploads\/2026\/03\/sofia-gonet-se-arranco-las-extensiones-del-pelo-con-ayuda-de-cami-mayan-el-video-del-resultado-2.jpg",491,789,false],"medium":["https:\/\/lobosnews.com.ar\/wp-content\/uploads\/2026\/03\/sofia-gonet-se-arranco-las-extensiones-del-pelo-con-ayuda-de-cami-mayan-el-video-del-resultado-2-187x300.jpg",187,300,true],"thumbnail":["https:\/\/lobosnews.com.ar\/wp-content\/uploads\/2026\/03\/sofia-gonet-se-arranco-las-extensiones-del-pelo-con-ayuda-de-cami-mayan-el-video-del-resultado-2-150x150.jpg",150,150,true]},"magazine_blocks_author":{"display_name":"admin","author_link":"https:\/\/lobosnews.com.ar\/index.php\/author\/lobos-news\/"},"magazine_blocks_comment":0,"magazine_blocks_author_image":"https:\/\/secure.gravatar.com\/avatar\/76e419471a2083bc3ceab22a763dbbf9b0c1bd15a6214cf3280e2c2dde4580f9?s=96&d=mm&r=g","magazine_blocks_category":"<a href=\"#\" class=\"category-link category-link-79\">Cine y Series<\/a>","yoast_head":"<!-- This site is optimized with the Yoast SEO plugin v26.6 - https:\/\/yoast.com\/wordpress\/plugins\/seo\/ -->\n<title>Sof\u00eda Gonet se arranc\u00f3 las extensiones del pelo con ayuda de Cami Mayan: el video del resultado - Lobos News<\/title>\n<meta name=\"robots\" content=\"index, follow, max-snippet:-1, max-image-preview:large, max-video-preview:-1\" \/>\n<link rel=\"canonical\" href=\"https:\/\/lobosnews.com.ar\/index.php\/2026\/03\/09\/sofia-gonet-se-arranco-las-extensiones-del-pelo-con-ayuda-de-cami-mayan-el-video-del-resultado\/\" \/>\n<meta property=\"og:locale\" content=\"es_ES\" \/>\n<meta property=\"og:type\" content=\"article\" \/>\n<meta property=\"og:title\" content=\"Sof\u00eda Gonet se arranc\u00f3 las extensiones del pelo con ayuda de Cami Mayan: el video del resultado - Lobos News\" \/>\n<meta property=\"og:description\" content=\"Un inesperado momento de belleza y desesperaci\u00f3n se volvi\u00f3 viral en redes sociales cuando Sof\u00eda Gonet, tambi\u00e9n conocida como La Reini, decidi\u00f3 quitarse las extensiones de cabello por su cuenta, con la ayuda de su amiga Cami Mayan. El episodio ocurri\u00f3 durante el viaje que ambas realizan en Miami y qued\u00f3 registrado en un video...\" \/>\n<meta property=\"og:url\" content=\"https:\/\/lobosnews.com.ar\/index.php\/2026\/03\/09\/sofia-gonet-se-arranco-las-extensiones-del-pelo-con-ayuda-de-cami-mayan-el-video-del-resultado\/\" \/>\n<meta property=\"og:site_name\" content=\"Lobos News\" \/>\n<meta property=\"article:published_time\" content=\"2026-03-09T00:35:14+00:00\" \/>\n<meta property=\"article:modified_time\" content=\"2026-03-09T02:46:52+00:00\" \/>\n<meta property=\"og:image\" content=\"https:\/\/lobosnews.com.ar\/wp-content\/uploads\/2026\/03\/sofia-gonet-se-arranco-las-extensiones-del-pelo-con-ayuda-de-cami-mayan-el-video-del-resultado.jpg\" \/>\n<meta name=\"author\" content=\"admin\" \/>\n<meta name=\"twitter:card\" content=\"summary_large_image\" \/>\n<meta name=\"twitter:label1\" content=\"Escrito por\" \/>\n\t<meta name=\"twitter:data1\" content=\"admin\" \/>\n\t<meta name=\"twitter:label2\" content=\"Tiempo de lectura\" \/>\n\t<meta name=\"twitter:data2\" content=\"4 minutos\" \/>\n<script type=\"application\/ld+json\" class=\"yoast-schema-graph\">{\"@context\":\"https:\/\/schema.org\",\"@graph\":[{\"@type\":\"Article\",\"@id\":\"https:\/\/lobosnews.com.ar\/index.php\/2026\/03\/09\/sofia-gonet-se-arranco-las-extensiones-del-pelo-con-ayuda-de-cami-mayan-el-video-del-resultado\/#article\",\"isPartOf\":{\"@id\":\"https:\/\/lobosnews.com.ar\/index.php\/2026\/03\/09\/sofia-gonet-se-arranco-las-extensiones-del-pelo-con-ayuda-de-cami-mayan-el-video-del-resultado\/\"},\"author\":{\"name\":\"admin\",\"@id\":\"https:\/\/lobosnews.com.ar\/#\/schema\/person\/232422a593d5c541dd9aef6aaed10943\"},\"headline\":\"Sof\u00eda Gonet se arranc\u00f3 las extensiones del pelo con ayuda de Cami Mayan: el video del resultado\",\"datePublished\":\"2026-03-09T00:35:14+00:00\",\"dateModified\":\"2026-03-09T02:46:52+00:00\",\"mainEntityOfPage\":{\"@id\":\"https:\/\/lobosnews.com.ar\/index.php\/2026\/03\/09\/sofia-gonet-se-arranco-las-extensiones-del-pelo-con-ayuda-de-cami-mayan-el-video-del-resultado\/\"},\"wordCount\":732,\"commentCount\":0,\"publisher\":{\"@id\":\"https:\/\/lobosnews.com.ar\/#organization\"},\"image\":{\"@id\":\"https:\/\/lobosnews.com.ar\/index.php\/2026\/03\/09\/sofia-gonet-se-arranco-las-extensiones-del-pelo-con-ayuda-de-cami-mayan-el-video-del-resultado\/#primaryimage\"},\"thumbnailUrl\":\"https:\/\/lobosnews.com.ar\/wp-content\/uploads\/2026\/03\/sofia-gonet-se-arranco-las-extensiones-del-pelo-con-ayuda-de-cami-mayan-el-video-del-resultado-2.jpg\",\"articleSection\":[\"Cine y Series\"],\"inLanguage\":\"es\",\"potentialAction\":[{\"@type\":\"CommentAction\",\"name\":\"Comment\",\"target\":[\"https:\/\/lobosnews.com.ar\/index.php\/2026\/03\/09\/sofia-gonet-se-arranco-las-extensiones-del-pelo-con-ayuda-de-cami-mayan-el-video-del-resultado\/#respond\"]}]},{\"@type\":\"WebPage\",\"@id\":\"https:\/\/lobosnews.com.ar\/index.php\/2026\/03\/09\/sofia-gonet-se-arranco-las-extensiones-del-pelo-con-ayuda-de-cami-mayan-el-video-del-resultado\/\",\"url\":\"https:\/\/lobosnews.com.ar\/index.php\/2026\/03\/09\/sofia-gonet-se-arranco-las-extensiones-del-pelo-con-ayuda-de-cami-mayan-el-video-del-resultado\/\",\"name\":\"Sof\u00eda Gonet se arranc\u00f3 las extensiones del pelo con ayuda de Cami Mayan: el video del resultado - Lobos News\",\"isPartOf\":{\"@id\":\"https:\/\/lobosnews.com.ar\/#website\"},\"primaryImageOfPage\":{\"@id\":\"https:\/\/lobosnews.com.ar\/index.php\/2026\/03\/09\/sofia-gonet-se-arranco-las-extensiones-del-pelo-con-ayuda-de-cami-mayan-el-video-del-resultado\/#primaryimage\"},\"image\":{\"@id\":\"https:\/\/lobosnews.com.ar\/index.php\/2026\/03\/09\/sofia-gonet-se-arranco-las-extensiones-del-pelo-con-ayuda-de-cami-mayan-el-video-del-resultado\/#primaryimage\"},\"thumbnailUrl\":\"https:\/\/lobosnews.com.ar\/wp-content\/uploads\/2026\/03\/sofia-gonet-se-arranco-las-extensiones-del-pelo-con-ayuda-de-cami-mayan-el-video-del-resultado-2.jpg\",\"datePublished\":\"2026-03-09T00:35:14+00:00\",\"dateModified\":\"2026-03-09T02:46:52+00:00\",\"breadcrumb\":{\"@id\":\"https:\/\/lobosnews.com.ar\/index.php\/2026\/03\/09\/sofia-gonet-se-arranco-las-extensiones-del-pelo-con-ayuda-de-cami-mayan-el-video-del-resultado\/#breadcrumb\"},\"inLanguage\":\"es\",\"potentialAction\":[{\"@type\":\"ReadAction\",\"target\":[\"https:\/\/lobosnews.com.ar\/index.php\/2026\/03\/09\/sofia-gonet-se-arranco-las-extensiones-del-pelo-con-ayuda-de-cami-mayan-el-video-del-resultado\/\"]}]},{\"@type\":\"ImageObject\",\"inLanguage\":\"es\",\"@id\":\"https:\/\/lobosnews.com.ar\/index.php\/2026\/03\/09\/sofia-gonet-se-arranco-las-extensiones-del-pelo-con-ayuda-de-cami-mayan-el-video-del-resultado\/#primaryimage\",\"url\":\"https:\/\/lobosnews.com.ar\/wp-content\/uploads\/2026\/03\/sofia-gonet-se-arranco-las-extensiones-del-pelo-con-ayuda-de-cami-mayan-el-video-del-resultado-2.jpg\",\"contentUrl\":\"https:\/\/lobosnews.com.ar\/wp-content\/uploads\/2026\/03\/sofia-gonet-se-arranco-las-extensiones-del-pelo-con-ayuda-de-cami-mayan-el-video-del-resultado-2.jpg\",\"width\":491,\"height\":789,\"caption\":\"Sof\u00eda Gonet se arranc\u00f3 las extensiones del pelo con ayuda de Cami Mayan: el video del resultado\"},{\"@type\":\"BreadcrumbList\",\"@id\":\"https:\/\/lobosnews.com.ar\/index.php\/2026\/03\/09\/sofia-gonet-se-arranco-las-extensiones-del-pelo-con-ayuda-de-cami-mayan-el-video-del-resultado\/#breadcrumb\",\"itemListElement\":[{\"@type\":\"ListItem\",\"position\":1,\"name\":\"Portada\",\"item\":\"https:\/\/lobosnews.com.ar\/\"},{\"@type\":\"ListItem\",\"position\":2,\"name\":\"Sof\u00eda Gonet se arranc\u00f3 las extensiones del pelo con ayuda de Cami Mayan: el video del resultado\"}]},{\"@type\":\"WebSite\",\"@id\":\"https:\/\/lobosnews.com.ar\/#website\",\"url\":\"https:\/\/lobosnews.com.ar\/\",\"name\":\"Lobos News\",\"description\":\"Informaci\u00f3n a cada instante\",\"publisher\":{\"@id\":\"https:\/\/lobosnews.com.ar\/#organization\"},\"potentialAction\":[{\"@type\":\"SearchAction\",\"target\":{\"@type\":\"EntryPoint\",\"urlTemplate\":\"https:\/\/lobosnews.com.ar\/?s={search_term_string}\"},\"query-input\":{\"@type\":\"PropertyValueSpecification\",\"valueRequired\":true,\"valueName\":\"search_term_string\"}}],\"inLanguage\":\"es\"},{\"@type\":\"Organization\",\"@id\":\"https:\/\/lobosnews.com.ar\/#organization\",\"name\":\"Lobos News\",\"url\":\"https:\/\/lobosnews.com.ar\/\",\"logo\":{\"@type\":\"ImageObject\",\"inLanguage\":\"es\",\"@id\":\"https:\/\/lobosnews.com.ar\/#\/schema\/logo\/image\/\",\"url\":\"https:\/\/lobosnews.com.ar\/wp-content\/uploads\/2026\/01\/logo-lobosnews.png\",\"contentUrl\":\"https:\/\/lobosnews.com.ar\/wp-content\/uploads\/2026\/01\/logo-lobosnews.png\",\"width\":500,\"height\":200,\"caption\":\"Lobos News\"},\"image\":{\"@id\":\"https:\/\/lobosnews.com.ar\/#\/schema\/logo\/image\/\"}},{\"@type\":\"Person\",\"@id\":\"https:\/\/lobosnews.com.ar\/#\/schema\/person\/232422a593d5c541dd9aef6aaed10943\",\"name\":\"admin\",\"image\":{\"@type\":\"ImageObject\",\"inLanguage\":\"es\",\"@id\":\"https:\/\/lobosnews.com.ar\/#\/schema\/person\/image\/\",\"url\":\"https:\/\/secure.gravatar.com\/avatar\/76e419471a2083bc3ceab22a763dbbf9b0c1bd15a6214cf3280e2c2dde4580f9?s=96&d=mm&r=g\",\"contentUrl\":\"https:\/\/secure.gravatar.com\/avatar\/76e419471a2083bc3ceab22a763dbbf9b0c1bd15a6214cf3280e2c2dde4580f9?s=96&d=mm&r=g\",\"caption\":\"admin\"},\"sameAs\":[\"https:\/\/lobosnews.com.ar\"],\"url\":\"https:\/\/lobosnews.com.ar\/index.php\/author\/lobos-news\/\"}]}<\/script>\n<!-- \/ Yoast SEO plugin. -->","yoast_head_json":{"title":"Sof\u00eda Gonet se arranc\u00f3 las extensiones del pelo con ayuda de Cami Mayan: el video del resultado - Lobos News","robots":{"index":"index","follow":"follow","max-snippet":"max-snippet:-1","max-image-preview":"max-image-preview:large","max-video-preview":"max-video-preview:-1"},"canonical":"https:\/\/lobosnews.com.ar\/index.php\/2026\/03\/09\/sofia-gonet-se-arranco-las-extensiones-del-pelo-con-ayuda-de-cami-mayan-el-video-del-resultado\/","og_locale":"es_ES","og_type":"article","og_title":"Sof\u00eda Gonet se arranc\u00f3 las extensiones del pelo con ayuda de Cami Mayan: el video del resultado - Lobos News","og_description":"Un inesperado momento de belleza y desesperaci\u00f3n se volvi\u00f3 viral en redes sociales cuando Sof\u00eda Gonet, tambi\u00e9n conocida como La Reini, decidi\u00f3 quitarse las extensiones de cabello por su cuenta, con la ayuda de su amiga Cami Mayan. El episodio ocurri\u00f3 durante el viaje que ambas realizan en Miami y qued\u00f3 registrado en un video...","og_url":"https:\/\/lobosnews.com.ar\/index.php\/2026\/03\/09\/sofia-gonet-se-arranco-las-extensiones-del-pelo-con-ayuda-de-cami-mayan-el-video-del-resultado\/","og_site_name":"Lobos News","article_published_time":"2026-03-09T00:35:14+00:00","article_modified_time":"2026-03-09T02:46:52+00:00","og_image":[{"url":"https:\/\/lobosnews.com.ar\/wp-content\/uploads\/2026\/03\/sofia-gonet-se-arranco-las-extensiones-del-pelo-con-ayuda-de-cami-mayan-el-video-del-resultado.jpg","type":"","width":"","height":""}],"author":"admin","twitter_card":"summary_large_image","twitter_misc":{"Escrito por":"admin","Tiempo de lectura":"4 minutos"},"schema":{"@context":"https:\/\/schema.org","@graph":[{"@type":"Article","@id":"https:\/\/lobosnews.com.ar\/index.php\/2026\/03\/09\/sofia-gonet-se-arranco-las-extensiones-del-pelo-con-ayuda-de-cami-mayan-el-video-del-resultado\/#article","isPartOf":{"@id":"https:\/\/lobosnews.com.ar\/index.php\/2026\/03\/09\/sofia-gonet-se-arranco-las-extensiones-del-pelo-con-ayuda-de-cami-mayan-el-video-del-resultado\/"},"author":{"name":"admin","@id":"https:\/\/lobosnews.com.ar\/#\/schema\/person\/232422a593d5c541dd9aef6aaed10943"},"headline":"Sof\u00eda Gonet se arranc\u00f3 las extensiones del pelo con ayuda de Cami Mayan: el video del resultado","datePublished":"2026-03-09T00:35:14+00:00","dateModified":"2026-03-09T02:46:52+00:00","mainEntityOfPage":{"@id":"https:\/\/lobosnews.com.ar\/index.php\/2026\/03\/09\/sofia-gonet-se-arranco-las-extensiones-del-pelo-con-ayuda-de-cami-mayan-el-video-del-resultado\/"},"wordCount":732,"commentCount":0,"publisher":{"@id":"https:\/\/lobosnews.com.ar\/#organization"},"image":{"@id":"https:\/\/lobosnews.com.ar\/index.php\/2026\/03\/09\/sofia-gonet-se-arranco-las-extensiones-del-pelo-con-ayuda-de-cami-mayan-el-video-del-resultado\/#primaryimage"},"thumbnailUrl":"https:\/\/lobosnews.com.ar\/wp-content\/uploads\/2026\/03\/sofia-gonet-se-arranco-las-extensiones-del-pelo-con-ayuda-de-cami-mayan-el-video-del-resultado-2.jpg","articleSection":["Cine y Series"],"inLanguage":"es","potentialAction":[{"@type":"CommentAction","name":"Comment","target":["https:\/\/lobosnews.com.ar\/index.php\/2026\/03\/09\/sofia-gonet-se-arranco-las-extensiones-del-pelo-con-ayuda-de-cami-mayan-el-video-del-resultado\/#respond"]}]},{"@type":"WebPage","@id":"https:\/\/lobosnews.com.ar\/index.php\/2026\/03\/09\/sofia-gonet-se-arranco-las-extensiones-del-pelo-con-ayuda-de-cami-mayan-el-video-del-resultado\/","url":"https:\/\/lobosnews.com.ar\/index.php\/2026\/03\/09\/sofia-gonet-se-arranco-las-extensiones-del-pelo-con-ayuda-de-cami-mayan-el-video-del-resultado\/","name":"Sof\u00eda Gonet se arranc\u00f3 las extensiones del pelo con ayuda de Cami Mayan: el video del resultado - Lobos News","isPartOf":{"@id":"https:\/\/lobosnews.com.ar\/#website"},"primaryImageOfPage":{"@id":"https:\/\/lobosnews.com.ar\/index.php\/2026\/03\/09\/sofia-gonet-se-arranco-las-extensiones-del-pelo-con-ayuda-de-cami-mayan-el-video-del-resultado\/#primaryimage"},"image":{"@id":"https:\/\/lobosnews.com.ar\/index.php\/2026\/03\/09\/sofia-gonet-se-arranco-las-extensiones-del-pelo-con-ayuda-de-cami-mayan-el-video-del-resultado\/#primaryimage"},"thumbnailUrl":"https:\/\/lobosnews.com.ar\/wp-content\/uploads\/2026\/03\/sofia-gonet-se-arranco-las-extensiones-del-pelo-con-ayuda-de-cami-mayan-el-video-del-resultado-2.jpg","datePublished":"2026-03-09T00:35:14+00:00","dateModified":"2026-03-09T02:46:52+00:00","breadcrumb":{"@id":"https:\/\/lobosnews.com.ar\/index.php\/2026\/03\/09\/sofia-gonet-se-arranco-las-extensiones-del-pelo-con-ayuda-de-cami-mayan-el-video-del-resultado\/#breadcrumb"},"inLanguage":"es","potentialAction":[{"@type":"ReadAction","target":["https:\/\/lobosnews.com.ar\/index.php\/2026\/03\/09\/sofia-gonet-se-arranco-las-extensiones-del-pelo-con-ayuda-de-cami-mayan-el-video-del-resultado\/"]}]},{"@type":"ImageObject","inLanguage":"es","@id":"https:\/\/lobosnews.com.ar\/index.php\/2026\/03\/09\/sofia-gonet-se-arranco-las-extensiones-del-pelo-con-ayuda-de-cami-mayan-el-video-del-resultado\/#primaryimage","url":"https:\/\/lobosnews.com.ar\/wp-content\/uploads\/2026\/03\/sofia-gonet-se-arranco-las-extensiones-del-pelo-con-ayuda-de-cami-mayan-el-video-del-resultado-2.jpg","contentUrl":"https:\/\/lobosnews.com.ar\/wp-content\/uploads\/2026\/03\/sofia-gonet-se-arranco-las-extensiones-del-pelo-con-ayuda-de-cami-mayan-el-video-del-resultado-2.jpg","width":491,"height":789,"caption":"Sof\u00eda Gonet se arranc\u00f3 las extensiones del pelo con ayuda de Cami Mayan: el video del resultado"},{"@type":"BreadcrumbList","@id":"https:\/\/lobosnews.com.ar\/index.php\/2026\/03\/09\/sofia-gonet-se-arranco-las-extensiones-del-pelo-con-ayuda-de-cami-mayan-el-video-del-resultado\/#breadcrumb","itemListElement":[{"@type":"ListItem","position":1,"name":"Portada","item":"https:\/\/lobosnews.com.ar\/"},{"@type":"ListItem","position":2,"name":"Sof\u00eda Gonet se arranc\u00f3 las extensiones del pelo con ayuda de Cami Mayan: el video del resultado"}]},{"@type":"WebSite","@id":"https:\/\/lobosnews.com.ar\/#website","url":"https:\/\/lobosnews.com.ar\/","name":"Lobos News","description":"Informaci\u00f3n a cada instante","publisher":{"@id":"https:\/\/lobosnews.com.ar\/#organization"},"potentialAction":[{"@type":"SearchAction","target":{"@type":"EntryPoint","urlTemplate":"https:\/\/lobosnews.com.ar\/?s={search_term_string}"},"query-input":{"@type":"PropertyValueSpecification","valueRequired":true,"valueName":"search_term_string"}}],"inLanguage":"es"},{"@type":"Organization","@id":"https:\/\/lobosnews.com.ar\/#organization","name":"Lobos News","url":"https:\/\/lobosnews.com.ar\/","logo":{"@type":"ImageObject","inLanguage":"es","@id":"https:\/\/lobosnews.com.ar\/#\/schema\/logo\/image\/","url":"https:\/\/lobosnews.com.ar\/wp-content\/uploads\/2026\/01\/logo-lobosnews.png","contentUrl":"https:\/\/lobosnews.com.ar\/wp-content\/uploads\/2026\/01\/logo-lobosnews.png","width":500,"height":200,"caption":"Lobos News"},"image":{"@id":"https:\/\/lobosnews.com.ar\/#\/schema\/logo\/image\/"}},{"@type":"Person","@id":"https:\/\/lobosnews.com.ar\/#\/schema\/person\/232422a593d5c541dd9aef6aaed10943","name":"admin","image":{"@type":"ImageObject","inLanguage":"es","@id":"https:\/\/lobosnews.com.ar\/#\/schema\/person\/image\/","url":"https:\/\/secure.gravatar.com\/avatar\/76e419471a2083bc3ceab22a763dbbf9b0c1bd15a6214cf3280e2c2dde4580f9?s=96&d=mm&r=g","contentUrl":"https:\/\/secure.gravatar.com\/avatar\/76e419471a2083bc3ceab22a763dbbf9b0c1bd15a6214cf3280e2c2dde4580f9?s=96&d=mm&r=g","caption":"admin"},"sameAs":["https:\/\/lobosnews.com.ar"],"url":"https:\/\/lobosnews.com.ar\/index.php\/author\/lobos-news\/"}]}},"jetpack_featured_media_url":"https:\/\/lobosnews.com.ar\/wp-content\/uploads\/2026\/03\/sofia-gonet-se-arranco-las-extensiones-del-pelo-con-ayuda-de-cami-mayan-el-video-del-resultado-2.jpg","jetpack_sharing_enabled":true,"_links":{"self":[{"href":"https:\/\/lobosnews.com.ar\/index.php\/wp-json\/wp\/v2\/posts\/31028","targetHints":{"allow":["GET"]}}],"collection":[{"href":"https:\/\/lobosnews.com.ar\/index.php\/wp-json\/wp\/v2\/posts"}],"about":[{"href":"https:\/\/lobosnews.com.ar\/index.php\/wp-json\/wp\/v2\/types\/post"}],"author":[{"embeddable":true,"href":"https:\/\/lobosnews.com.ar\/index.php\/wp-json\/wp\/v2\/users\/1"}],"replies":[{"embeddable":true,"href":"https:\/\/lobosnews.com.ar\/index.php\/wp-json\/wp\/v2\/comments?post=31028"}],"version-history":[{"count":1,"href":"https:\/\/lobosnews.com.ar\/index.php\/wp-json\/wp\/v2\/posts\/31028\/revisions"}],"predecessor-version":[{"id":31031,"href":"https:\/\/lobosnews.com.ar\/index.php\/wp-json\/wp\/v2\/posts\/31028\/revisions\/31031"}],"wp:featuredmedia":[{"embeddable":true,"href":"https:\/\/lobosnews.com.ar\/index.php\/wp-json\/wp\/v2\/media\/31032"}],"wp:attachment":[{"href":"https:\/\/lobosnews.com.ar\/index.php\/wp-json\/wp\/v2\/media?parent=31028"}],"wp:term":[{"taxonomy":"category","embeddable":true,"href":"https:\/\/lobosnews.com.ar\/index.php\/wp-json\/wp\/v2\/categories?post=31028"},{"taxonomy":"post_tag","embeddable":true,"href":"https:\/\/lobosnews.com.ar\/index.php\/wp-json\/wp\/v2\/tags?post=31028"}],"curies":[{"name":"wp","href":"https:\/\/api.w.org\/{rel}","templated":true}]}}