{"id":31021,"date":"2026-03-08T22:51:16","date_gmt":"2026-03-08T22:51:16","guid":{"rendered":"https:\/\/lobosnews.com.ar\/index.php\/2026\/03\/08\/mojtaba-khamenei-es-el-nuevo-lider-supremo-del-regimen-de-iran\/"},"modified":"2026-03-09T02:41:10","modified_gmt":"2026-03-09T02:41:10","slug":"mojtaba-khamenei-es-el-nuevo-lider-supremo-del-regimen-de-iran","status":"publish","type":"post","link":"https:\/\/lobosnews.com.ar\/index.php\/2026\/03\/08\/mojtaba-khamenei-es-el-nuevo-lider-supremo-del-regimen-de-iran\/","title":{"rendered":"Mojtaba Khamenei es el nuevo l\u00edder supremo del r\u00e9gimen de Ir\u00e1n"},"content":{"rendered":"<p><img loading=\"lazy\" decoding=\"async\" src=\"https:\/\/lobosnews.com.ar\/wp-content\/uploads\/2026\/03\/mojtaba-khamenei-es-el-nuevo-lider-supremo-del-regimen-de-iran.jpg\" alt=\"Mojtaba Khamenei es el nuevo l\u00edder supremo de Ir\u00e1n (AP Foto\/Vahid Salemi, archivo)\" height=\"2632\" width=\"3948\"\/><\/p>\n<p>La Asamblea de Expertos de Ir\u00e1n design\u00f3 a <b>Mojtaba Khamenei<\/b> como nuevo l\u00edder supremo del pa\u00eds, en sustituci\u00f3n de su padre, <b>el ayatol\u00e1 <\/b><span class=\"waslinkname\"><b>Ali Khamenei<\/b>.<\/span><\/p>\n<p>En un extenso comunicado, la asamblea declar\u00f3 que \u201cdespu\u00e9s de estudios cuidadosos y extensos&#8230; en la sesi\u00f3n extraordinaria de hoy, el ayatol\u00e1 Seyyed Mojtaba Hosseini Khamenei (que Al\u00e1 lo proteja) es designado y presentado como <b>el tercer l\u00edder del sagrado sistema de la Rep\u00fablica Isl\u00e1mica de Ir\u00e1n<\/b>, basado en el voto decisivo de los respetados representantes de la Asamblea de Expertos\u201d.<\/p>\n<p>Minutos despu\u00e9s de su confirmaci\u00f3n, la Guardia Revolucionaria jur\u00f3 lealtad a su nuevo l\u00edder supremo. \u201cEl Cuerpo de la Guardia Revolucionaria Isl\u00e1mica est\u00e1 listo <b>para la obediencia total y el autosacrificio<\/b> en el cumplimiento de los mandatos divinos del Guardi\u00e1n Jur\u00eddico de la \u00e9poca, Su Eminencia el Ayatol\u00e1 Seyyed Mojtaba Khamenei\u201d, dijeron los Guardianes en un comunicado.<\/p>\n<p><b>Mojtaba Khamenei<\/b> fue se\u00f1alado en los \u00faltimos d\u00edas como el principal candidato para suceder a su padre, quien muri\u00f3 el 28 de febrero durante el primer d\u00eda de los ataques conjuntos de Estados Unidos e Israel contra Ir\u00e1n. La televisi\u00f3n estatal iran\u00ed confirm\u00f3 que la sucesi\u00f3n fue aprobada tras una sesi\u00f3n extraordinaria del \u00f3rgano encargado de elegir al l\u00edder supremo.<\/p>\n<p>El liderazgo supremo reviste una importancia central en la rep\u00fablica isl\u00e1mica, ya que otorga el control sobre <b>las fuerzas armadas<\/b>, la pol\u00edtica exterior y el sistema judicial. La designaci\u00f3n de Mojtaba Khamenei permite visibilizar<b> la continuidad de la dinast\u00eda religiosa<\/b> y la consolidaci\u00f3n del sector conservador dentro del aparato estatal.<\/p>\n<p>Estados Unidos e Israel han intensificado las advertencias y presiones p\u00fablicas respecto a la sucesi\u00f3n en Ir\u00e1n. El presidente estadounidense, <b>Donald Trump<\/b>, sostuvo que Washington deb\u00eda aprobar cualquier nombramiento: <b>\u201cSi no obtiene nuestra aprobaci\u00f3n, no durar\u00e1 mucho\u201d<\/b>, declar\u00f3 este domingo. El r\u00e9gimen iran\u00ed ha reiterado que la elecci\u00f3n del l\u00edder supremo es un asunto interno, mientras que la Casa Blanca insisti\u00f3 en que cualquier transici\u00f3n de poder en Ir\u00e1n debe considerar los intereses de seguridad regional.<\/p>\n<p>Por su parte, el ej\u00e9rcito israel\u00ed manifest\u00f3, a trav\u00e9s de mensajes en farsi, que mantendr\u00e1 sus ataques contra cualquier sucesor del l\u00edder fallecido y quienes participen en su elecci\u00f3n. <b>\u201cLa mano del pa\u00eds de Israel seguir\u00e1 persiguiendo a cualquier sucesor y a toda persona que busque designar a un sucesor\u201d<\/b>.<\/p>\n<p><img loading=\"lazy\" decoding=\"async\" src=\"https:\/\/lobosnews.com.ar\/wp-content\/uploads\/2026\/03\/mojtaba-khamenei-es-el-nuevo-lider-supremo-del-regimen-de-iran-1.jpg\" alt=\"Mojtaba Khamenei se convirti\u00f3 en el tercer l\u00edder supremo del r\u00e9gimen iran\u00ed (Office of the Iranian Supreme Leader\/WANA via REUTERS)\" height=\"1666\" width=\"1249\"\/><\/p>\n<p>La designaci\u00f3n de Mojtaba Khamenei ocurre en un momento de alta tensi\u00f3n regional, tras el fallecimiento de Ali Khamenei, quien ocup\u00f3 el cargo de l\u00edder supremo durante m\u00e1s de tres d\u00e9cadas y concentr\u00f3 el poder pol\u00edtico y religioso en Ir\u00e1n. De acuerdo con la agencia estatal IRNA, la Asamblea de Expertos tom\u00f3 la decisi\u00f3n en una sesi\u00f3n convocada de emergencia, siguiendo el protocolo previsto para la sucesi\u00f3n.<\/p>\n<p><b>Mojtaba Khamenei, de 54 a\u00f1os, es conocido por su influencia en el cuerpo de la Guardia Revolucionaria Isl\u00e1mica y su cercan\u00eda con los sectores m\u00e1s conservadores del clero chiita. <\/b><\/p>\n<p>Ha sido considerado durante a\u00f1os uno de los principales contendientes para suceder a su padre como m\u00e1ximo dirigente del pa\u00eds, incluso antes de que un ataque israel\u00ed lo matara la semana pasada al inicio de la guerra, pese a que nunca ha sido elegido ni designado para un cargo gubernamental. <b>Figura reservada dentro de la Rep\u00fablica Isl\u00e1mica<\/b>, Mojtaba Khamenei no ha aparecido en p\u00fablico desde el s\u00e1bado, cuando el ataque a\u00e9reo israel\u00ed contra las oficinas del l\u00edder supremo mat\u00f3 a su padre, de 86 a\u00f1os, y a su esposa, Zahra Haddad Adel.<\/p>\n<p>El paradero de Mojtaba Khamenei es incierto, aunque se cree que permanece con vida y se ha ocultado mientras contin\u00faan los bombardeos estadounidenses e israel\u00edes sobre Ir\u00e1n.<\/p>\n<p>El ahora nuevo l\u00edder supremo asume el control de un ej\u00e9rcito iran\u00ed<b> en conflicto abierto<\/b> y de una reserva de uranio altamente enriquecido, suficiente para fabricar un arma nuclear si as\u00ed lo decidiera el r\u00e9gimen, seg\u00fan informes del Organismo Internacional de Energ\u00eda At\u00f3mica.<\/p>\n<p>Mojtaba Khamenei ha desempe\u00f1ado un papel similar al de Ahmad Jomeini, hijo del primer l\u00edder supremo de Ir\u00e1n, Ruhollah Jomeini: una combinaci\u00f3n de ayudante, confidente y gestor de poder, seg\u00fan el grupo de presi\u00f3n estadounidense United Against Nuclear Iran. Nacido en 1969 en Mashhad, creci\u00f3 en medio de la oposici\u00f3n de su padre al sha Mohammad Reza Pahlavi y la represi\u00f3n de la polic\u00eda secreta SAVAK, que marc\u00f3 la infancia de la familia Khamenei.<\/p>\n<p><img loading=\"lazy\" decoding=\"async\" src=\"https:\/\/lobosnews.com.ar\/wp-content\/uploads\/2026\/03\/mojtaba-khamenei-es-el-nuevo-lider-supremo-del-regimen-de-iran-2.jpg\" alt=\"Mojtaba Khamenei reemplaza en el m\u00e1ximo cargo de la Rep\u00fablica Isl\u00e1mica iran\u00ed a su padre, el ayatollah Ali Khamenei, quien fue abatido por EEUU e Israel el s\u00e1bado pasado en Teher\u00e1n (Office of the Iranian Supreme Leader\/WANA via REUTERS)\" height=\"1632\" width=\"2448\"\/><\/p>\n<p>Tras la Revoluci\u00f3n Isl\u00e1mica de 1979, la familia se traslad\u00f3 a Teher\u00e1n y Mojtaba combati\u00f3 en la guerra Ir\u00e1n-Irak dentro del Batall\u00f3n Habib ibn Mazahir, una divisi\u00f3n de la Guardia Revolucionaria Isl\u00e1mica. Varios de sus compa\u00f1eros ascendieron a puestos clave de inteligencia, fortaleciendo la influencia del c\u00edrculo familiar. El ascenso de Ali Khamenei al liderazgo supremo en 1989 permiti\u00f3 a Mojtaba y a su entorno acceder a miles de millones de d\u00f3lares y activos distribuidos en los bonyads, fundaciones estatales que administran parte de la riqueza nacional.<\/p>\n<p>Documentos diplom\u00e1ticos estadounidenses publicados por WikiLeaks a finales de la d\u00e9cada de 2000 describieron a Mojtaba como \u201cel poder tras las togas\u201d, detallando su papel como principal guardi\u00e1n de su padre y constructor de una base de apoyo propia. Un cable de 2008 se\u00f1alaba que, pese a su carencia de credenciales teol\u00f3gicas y su juventud relativa, era visto dentro del r\u00e9gimen como un administrador \u201ccapaz y poderoso\u201d, con posibilidades de compartir el liderazgo nacional.<\/p>\n<p>Mojtaba Khamenei ha mantenido una estrecha relaci\u00f3n con los mandos de la Guardia Revolucionaria y, en particular, con la Fuerza Quds y el Basij, cuerpo de voluntarios responsable de la represi\u00f3n de protestas nacionales en enero, seg\u00fan el Departamento del Tesoro de Estados Unidos. En 2019, Washington lo sancion\u00f3 por impulsar \u201cambiciones regionales desestabilizadoras y objetivos internos opresivos\u201d en apoyo a las pol\u00edticas de su padre.<\/p>\n<p>Entre las acusaciones destacan su respaldo a la elecci\u00f3n del presidente <b>Mahmoud Ahmadinejad<\/b> en 2005 y su reelecci\u00f3n en 2009, que desencaden\u00f3 las protestas del Movimiento Verde. <b>Mahdi Karroubi<\/b>, candidato presidencial en ambos comicios, denunci\u00f3 a Khamenei como responsable de interferencias y manipulaciones electorales.<\/p>\n<p>Solo ha existido una transferencia de poder previa en el cargo de l\u00edder supremo de Ir\u00e1n desde la Revoluci\u00f3n Isl\u00e1mica de 1979. Ruhollah Jomeini, primer l\u00edder supremo, muri\u00f3 a los 86 a\u00f1os tras encabezar la revoluci\u00f3n y dirigir el pa\u00eds durante la guerra con Irak. Ahora, el nuevo l\u00edder asumir\u00e1 el mando despu\u00e9s de un conflicto de 12 d\u00edas con Israel y en medio de una ofensiva conjunta de Estados Unidos e Israel para neutralizar la amenaza nuclear y militar iran\u00ed, en un contexto de alta tensi\u00f3n interna y externa.<\/p>\n<p>El l\u00edder supremo ocupa el centro de la compleja teocracia chiita iran\u00ed, con autoridad final sobre todos los asuntos de Estado, adem\u00e1s de comandar el ej\u00e9rcito y la Guardia Revolucionaria. Esta fuerza, designada por Estados Unidos como organizaci\u00f3n terrorista en 2019, fue consolidada y fortalecida bajo el mandato de Ali Khamenei y lidera el llamado \u201cEje de la Resistencia\u201d, una red de grupos militantes y aliados regionales enfrentados a Estados Unidos e Israel. La Guardia Revolucionaria gestiona una parte considerable de la riqueza y el arsenal militar de Ir\u00e1n, incluido el control sobre el sistema de misiles bal\u00edsticos del pa\u00eds.<\/p>\n","protected":false},"excerpt":{"rendered":"<p>La Asamblea de Expertos de Ir\u00e1n design\u00f3 a Mojtaba Khamenei como nuevo l\u00edder supremo del pa\u00eds, en sustituci\u00f3n de su padre, el ayatol\u00e1 Ali Khamenei. En un extenso comunicado, la asamblea declar\u00f3 que \u201cdespu\u00e9s de estudios cuidadosos y extensos&#8230; en la sesi\u00f3n extraordinaria de hoy, el ayatol\u00e1 Seyyed Mojtaba Hosseini Khamenei (que Al\u00e1 lo proteja)&#8230;<\/p>\n","protected":false},"author":1,"featured_media":31026,"comment_status":"open","ping_status":"closed","sticky":false,"template":"","format":"standard","meta":{"_jetpack_memberships_contains_paid_content":false,"footnotes":""},"categories":[31],"tags":[],"class_list":["post-31021","post","type-post","status-publish","format-standard","has-post-thumbnail","hentry","category-actualidad"],"magazineBlocksPostFeaturedMedia":{"thumbnail":"https:\/\/lobosnews.com.ar\/wp-content\/uploads\/2026\/03\/mojtaba-khamenei-es-el-nuevo-lider-supremo-del-regimen-de-iran-4-150x150.jpg","medium":"https:\/\/lobosnews.com.ar\/wp-content\/uploads\/2026\/03\/mojtaba-khamenei-es-el-nuevo-lider-supremo-del-regimen-de-iran-4-300x200.jpg","medium_large":"https:\/\/lobosnews.com.ar\/wp-content\/uploads\/2026\/03\/mojtaba-khamenei-es-el-nuevo-lider-supremo-del-regimen-de-iran-4-768x512.jpg","large":"https:\/\/lobosnews.com.ar\/wp-content\/uploads\/2026\/03\/mojtaba-khamenei-es-el-nuevo-lider-supremo-del-regimen-de-iran-4-1024x683.jpg","1536x1536":"https:\/\/lobosnews.com.ar\/wp-content\/uploads\/2026\/03\/mojtaba-khamenei-es-el-nuevo-lider-supremo-del-regimen-de-iran-4-1536x1024.jpg","2048x2048":"https:\/\/lobosnews.com.ar\/wp-content\/uploads\/2026\/03\/mojtaba-khamenei-es-el-nuevo-lider-supremo-del-regimen-de-iran-4-2048x1365.jpg","newsmatic-featured":"https:\/\/lobosnews.com.ar\/wp-content\/uploads\/2026\/03\/mojtaba-khamenei-es-el-nuevo-lider-supremo-del-regimen-de-iran-4-820x545.jpg","newsmatic-list":"https:\/\/lobosnews.com.ar\/wp-content\/uploads\/2026\/03\/mojtaba-khamenei-es-el-nuevo-lider-supremo-del-regimen-de-iran-4-600x400.jpg","newsmatic-thumb":"https:\/\/lobosnews.com.ar\/wp-content\/uploads\/2026\/03\/mojtaba-khamenei-es-el-nuevo-lider-supremo-del-regimen-de-iran-4-300x200.jpg","newsmatic-small":"https:\/\/lobosnews.com.ar\/wp-content\/uploads\/2026\/03\/mojtaba-khamenei-es-el-nuevo-lider-supremo-del-regimen-de-iran-4-150x95.jpg","newsmatic-grid":"https:\/\/lobosnews.com.ar\/wp-content\/uploads\/2026\/03\/mojtaba-khamenei-es-el-nuevo-lider-supremo-del-regimen-de-iran-4-400x250.jpg"},"magazineBlocksPostAuthor":{"name":"admin","avatar":"https:\/\/secure.gravatar.com\/avatar\/76e419471a2083bc3ceab22a763dbbf9b0c1bd15a6214cf3280e2c2dde4580f9?s=96&d=mm&r=g"},"magazineBlocksPostCommentsNumber":"0","magazineBlocksPostExcerpt":"La Asamblea de Expertos de Ir\u00e1n design\u00f3 a Mojtaba Khamenei como nuevo l\u00edder supremo del pa\u00eds, en sustituci\u00f3n de su padre, el ayatol\u00e1 Ali Khamenei. En un extenso comunicado, la asamblea declar\u00f3 que \u201cdespu\u00e9s de estudios cuidadosos y extensos&#8230; en la sesi\u00f3n extraordinaria de hoy, el ayatol\u00e1 Seyyed Mojtaba Hosseini Khamenei (que Al\u00e1 lo proteja)...","magazineBlocksPostCategories":["Actualidad"],"magazineBlocksPostViewCount":111,"magazineBlocksPostReadTime":7,"magazine_blocks_featured_image_url":{"full":["https:\/\/lobosnews.com.ar\/wp-content\/uploads\/2026\/03\/mojtaba-khamenei-es-el-nuevo-lider-supremo-del-regimen-de-iran-4.jpg",2448,1632,false],"medium":["https:\/\/lobosnews.com.ar\/wp-content\/uploads\/2026\/03\/mojtaba-khamenei-es-el-nuevo-lider-supremo-del-regimen-de-iran-4-300x200.jpg",300,200,true],"thumbnail":["https:\/\/lobosnews.com.ar\/wp-content\/uploads\/2026\/03\/mojtaba-khamenei-es-el-nuevo-lider-supremo-del-regimen-de-iran-4-150x150.jpg",150,150,true]},"magazine_blocks_author":{"display_name":"admin","author_link":"https:\/\/lobosnews.com.ar\/index.php\/author\/lobos-news\/"},"magazine_blocks_comment":0,"magazine_blocks_author_image":"https:\/\/secure.gravatar.com\/avatar\/76e419471a2083bc3ceab22a763dbbf9b0c1bd15a6214cf3280e2c2dde4580f9?s=96&d=mm&r=g","magazine_blocks_category":"<a href=\"#\" class=\"category-link category-link-31\">Actualidad<\/a>","yoast_head":"<!-- This site is optimized with the Yoast SEO plugin v26.6 - https:\/\/yoast.com\/wordpress\/plugins\/seo\/ -->\n<title>Mojtaba Khamenei es el nuevo l\u00edder supremo del r\u00e9gimen de Ir\u00e1n - Lobos News<\/title>\n<meta name=\"robots\" content=\"index, follow, max-snippet:-1, max-image-preview:large, max-video-preview:-1\" \/>\n<link rel=\"canonical\" href=\"https:\/\/lobosnews.com.ar\/index.php\/2026\/03\/08\/mojtaba-khamenei-es-el-nuevo-lider-supremo-del-regimen-de-iran\/\" \/>\n<meta property=\"og:locale\" content=\"es_ES\" \/>\n<meta property=\"og:type\" content=\"article\" \/>\n<meta property=\"og:title\" content=\"Mojtaba Khamenei es el nuevo l\u00edder supremo del r\u00e9gimen de Ir\u00e1n - Lobos News\" \/>\n<meta property=\"og:description\" content=\"La Asamblea de Expertos de Ir\u00e1n design\u00f3 a Mojtaba Khamenei como nuevo l\u00edder supremo del pa\u00eds, en sustituci\u00f3n de su padre, el ayatol\u00e1 Ali Khamenei. En un extenso comunicado, la asamblea declar\u00f3 que \u201cdespu\u00e9s de estudios cuidadosos y extensos&#8230; en la sesi\u00f3n extraordinaria de hoy, el ayatol\u00e1 Seyyed Mojtaba Hosseini Khamenei (que Al\u00e1 lo proteja)...\" \/>\n<meta property=\"og:url\" content=\"https:\/\/lobosnews.com.ar\/index.php\/2026\/03\/08\/mojtaba-khamenei-es-el-nuevo-lider-supremo-del-regimen-de-iran\/\" \/>\n<meta property=\"og:site_name\" content=\"Lobos News\" \/>\n<meta property=\"article:published_time\" content=\"2026-03-08T22:51:16+00:00\" \/>\n<meta property=\"article:modified_time\" content=\"2026-03-09T02:41:10+00:00\" \/>\n<meta property=\"og:image\" content=\"https:\/\/lobosnews.com.ar\/wp-content\/uploads\/2026\/03\/mojtaba-khamenei-es-el-nuevo-lider-supremo-del-regimen-de-iran.jpg\" \/>\n<meta name=\"author\" content=\"admin\" \/>\n<meta name=\"twitter:card\" content=\"summary_large_image\" \/>\n<meta name=\"twitter:label1\" content=\"Escrito por\" \/>\n\t<meta name=\"twitter:data1\" content=\"admin\" \/>\n\t<meta name=\"twitter:label2\" content=\"Tiempo de lectura\" \/>\n\t<meta name=\"twitter:data2\" content=\"6 minutos\" \/>\n<script type=\"application\/ld+json\" class=\"yoast-schema-graph\">{\"@context\":\"https:\/\/schema.org\",\"@graph\":[{\"@type\":\"Article\",\"@id\":\"https:\/\/lobosnews.com.ar\/index.php\/2026\/03\/08\/mojtaba-khamenei-es-el-nuevo-lider-supremo-del-regimen-de-iran\/#article\",\"isPartOf\":{\"@id\":\"https:\/\/lobosnews.com.ar\/index.php\/2026\/03\/08\/mojtaba-khamenei-es-el-nuevo-lider-supremo-del-regimen-de-iran\/\"},\"author\":{\"name\":\"admin\",\"@id\":\"https:\/\/lobosnews.com.ar\/#\/schema\/person\/232422a593d5c541dd9aef6aaed10943\"},\"headline\":\"Mojtaba Khamenei es el nuevo l\u00edder supremo del r\u00e9gimen de Ir\u00e1n\",\"datePublished\":\"2026-03-08T22:51:16+00:00\",\"dateModified\":\"2026-03-09T02:41:10+00:00\",\"mainEntityOfPage\":{\"@id\":\"https:\/\/lobosnews.com.ar\/index.php\/2026\/03\/08\/mojtaba-khamenei-es-el-nuevo-lider-supremo-del-regimen-de-iran\/\"},\"wordCount\":1299,\"commentCount\":0,\"publisher\":{\"@id\":\"https:\/\/lobosnews.com.ar\/#organization\"},\"image\":{\"@id\":\"https:\/\/lobosnews.com.ar\/index.php\/2026\/03\/08\/mojtaba-khamenei-es-el-nuevo-lider-supremo-del-regimen-de-iran\/#primaryimage\"},\"thumbnailUrl\":\"https:\/\/lobosnews.com.ar\/wp-content\/uploads\/2026\/03\/mojtaba-khamenei-es-el-nuevo-lider-supremo-del-regimen-de-iran-4.jpg\",\"articleSection\":[\"Actualidad\"],\"inLanguage\":\"es\",\"potentialAction\":[{\"@type\":\"CommentAction\",\"name\":\"Comment\",\"target\":[\"https:\/\/lobosnews.com.ar\/index.php\/2026\/03\/08\/mojtaba-khamenei-es-el-nuevo-lider-supremo-del-regimen-de-iran\/#respond\"]}]},{\"@type\":\"WebPage\",\"@id\":\"https:\/\/lobosnews.com.ar\/index.php\/2026\/03\/08\/mojtaba-khamenei-es-el-nuevo-lider-supremo-del-regimen-de-iran\/\",\"url\":\"https:\/\/lobosnews.com.ar\/index.php\/2026\/03\/08\/mojtaba-khamenei-es-el-nuevo-lider-supremo-del-regimen-de-iran\/\",\"name\":\"Mojtaba Khamenei es el nuevo l\u00edder supremo del r\u00e9gimen de Ir\u00e1n - Lobos News\",\"isPartOf\":{\"@id\":\"https:\/\/lobosnews.com.ar\/#website\"},\"primaryImageOfPage\":{\"@id\":\"https:\/\/lobosnews.com.ar\/index.php\/2026\/03\/08\/mojtaba-khamenei-es-el-nuevo-lider-supremo-del-regimen-de-iran\/#primaryimage\"},\"image\":{\"@id\":\"https:\/\/lobosnews.com.ar\/index.php\/2026\/03\/08\/mojtaba-khamenei-es-el-nuevo-lider-supremo-del-regimen-de-iran\/#primaryimage\"},\"thumbnailUrl\":\"https:\/\/lobosnews.com.ar\/wp-content\/uploads\/2026\/03\/mojtaba-khamenei-es-el-nuevo-lider-supremo-del-regimen-de-iran-4.jpg\",\"datePublished\":\"2026-03-08T22:51:16+00:00\",\"dateModified\":\"2026-03-09T02:41:10+00:00\",\"breadcrumb\":{\"@id\":\"https:\/\/lobosnews.com.ar\/index.php\/2026\/03\/08\/mojtaba-khamenei-es-el-nuevo-lider-supremo-del-regimen-de-iran\/#breadcrumb\"},\"inLanguage\":\"es\",\"potentialAction\":[{\"@type\":\"ReadAction\",\"target\":[\"https:\/\/lobosnews.com.ar\/index.php\/2026\/03\/08\/mojtaba-khamenei-es-el-nuevo-lider-supremo-del-regimen-de-iran\/\"]}]},{\"@type\":\"ImageObject\",\"inLanguage\":\"es\",\"@id\":\"https:\/\/lobosnews.com.ar\/index.php\/2026\/03\/08\/mojtaba-khamenei-es-el-nuevo-lider-supremo-del-regimen-de-iran\/#primaryimage\",\"url\":\"https:\/\/lobosnews.com.ar\/wp-content\/uploads\/2026\/03\/mojtaba-khamenei-es-el-nuevo-lider-supremo-del-regimen-de-iran-4.jpg\",\"contentUrl\":\"https:\/\/lobosnews.com.ar\/wp-content\/uploads\/2026\/03\/mojtaba-khamenei-es-el-nuevo-lider-supremo-del-regimen-de-iran-4.jpg\",\"width\":2448,\"height\":1632,\"caption\":\"Mojtaba Khamenei es el nuevo l\u00edder supremo del r\u00e9gimen de Ir\u00e1n\"},{\"@type\":\"BreadcrumbList\",\"@id\":\"https:\/\/lobosnews.com.ar\/index.php\/2026\/03\/08\/mojtaba-khamenei-es-el-nuevo-lider-supremo-del-regimen-de-iran\/#breadcrumb\",\"itemListElement\":[{\"@type\":\"ListItem\",\"position\":1,\"name\":\"Portada\",\"item\":\"https:\/\/lobosnews.com.ar\/\"},{\"@type\":\"ListItem\",\"position\":2,\"name\":\"Mojtaba Khamenei es el nuevo l\u00edder supremo del r\u00e9gimen de Ir\u00e1n\"}]},{\"@type\":\"WebSite\",\"@id\":\"https:\/\/lobosnews.com.ar\/#website\",\"url\":\"https:\/\/lobosnews.com.ar\/\",\"name\":\"Lobos News\",\"description\":\"Informaci\u00f3n a cada instante\",\"publisher\":{\"@id\":\"https:\/\/lobosnews.com.ar\/#organization\"},\"potentialAction\":[{\"@type\":\"SearchAction\",\"target\":{\"@type\":\"EntryPoint\",\"urlTemplate\":\"https:\/\/lobosnews.com.ar\/?s={search_term_string}\"},\"query-input\":{\"@type\":\"PropertyValueSpecification\",\"valueRequired\":true,\"valueName\":\"search_term_string\"}}],\"inLanguage\":\"es\"},{\"@type\":\"Organization\",\"@id\":\"https:\/\/lobosnews.com.ar\/#organization\",\"name\":\"Lobos News\",\"url\":\"https:\/\/lobosnews.com.ar\/\",\"logo\":{\"@type\":\"ImageObject\",\"inLanguage\":\"es\",\"@id\":\"https:\/\/lobosnews.com.ar\/#\/schema\/logo\/image\/\",\"url\":\"https:\/\/lobosnews.com.ar\/wp-content\/uploads\/2026\/01\/logo-lobosnews.png\",\"contentUrl\":\"https:\/\/lobosnews.com.ar\/wp-content\/uploads\/2026\/01\/logo-lobosnews.png\",\"width\":500,\"height\":200,\"caption\":\"Lobos News\"},\"image\":{\"@id\":\"https:\/\/lobosnews.com.ar\/#\/schema\/logo\/image\/\"}},{\"@type\":\"Person\",\"@id\":\"https:\/\/lobosnews.com.ar\/#\/schema\/person\/232422a593d5c541dd9aef6aaed10943\",\"name\":\"admin\",\"image\":{\"@type\":\"ImageObject\",\"inLanguage\":\"es\",\"@id\":\"https:\/\/lobosnews.com.ar\/#\/schema\/person\/image\/\",\"url\":\"https:\/\/secure.gravatar.com\/avatar\/76e419471a2083bc3ceab22a763dbbf9b0c1bd15a6214cf3280e2c2dde4580f9?s=96&d=mm&r=g\",\"contentUrl\":\"https:\/\/secure.gravatar.com\/avatar\/76e419471a2083bc3ceab22a763dbbf9b0c1bd15a6214cf3280e2c2dde4580f9?s=96&d=mm&r=g\",\"caption\":\"admin\"},\"sameAs\":[\"https:\/\/lobosnews.com.ar\"],\"url\":\"https:\/\/lobosnews.com.ar\/index.php\/author\/lobos-news\/\"}]}<\/script>\n<!-- \/ Yoast SEO plugin. -->","yoast_head_json":{"title":"Mojtaba Khamenei es el nuevo l\u00edder supremo del r\u00e9gimen de Ir\u00e1n - Lobos News","robots":{"index":"index","follow":"follow","max-snippet":"max-snippet:-1","max-image-preview":"max-image-preview:large","max-video-preview":"max-video-preview:-1"},"canonical":"https:\/\/lobosnews.com.ar\/index.php\/2026\/03\/08\/mojtaba-khamenei-es-el-nuevo-lider-supremo-del-regimen-de-iran\/","og_locale":"es_ES","og_type":"article","og_title":"Mojtaba Khamenei es el nuevo l\u00edder supremo del r\u00e9gimen de Ir\u00e1n - Lobos News","og_description":"La Asamblea de Expertos de Ir\u00e1n design\u00f3 a Mojtaba Khamenei como nuevo l\u00edder supremo del pa\u00eds, en sustituci\u00f3n de su padre, el ayatol\u00e1 Ali Khamenei. En un extenso comunicado, la asamblea declar\u00f3 que \u201cdespu\u00e9s de estudios cuidadosos y extensos&#8230; en la sesi\u00f3n extraordinaria de hoy, el ayatol\u00e1 Seyyed Mojtaba Hosseini Khamenei (que Al\u00e1 lo proteja)...","og_url":"https:\/\/lobosnews.com.ar\/index.php\/2026\/03\/08\/mojtaba-khamenei-es-el-nuevo-lider-supremo-del-regimen-de-iran\/","og_site_name":"Lobos News","article_published_time":"2026-03-08T22:51:16+00:00","article_modified_time":"2026-03-09T02:41:10+00:00","og_image":[{"url":"https:\/\/lobosnews.com.ar\/wp-content\/uploads\/2026\/03\/mojtaba-khamenei-es-el-nuevo-lider-supremo-del-regimen-de-iran.jpg","type":"","width":"","height":""}],"author":"admin","twitter_card":"summary_large_image","twitter_misc":{"Escrito por":"admin","Tiempo de lectura":"6 minutos"},"schema":{"@context":"https:\/\/schema.org","@graph":[{"@type":"Article","@id":"https:\/\/lobosnews.com.ar\/index.php\/2026\/03\/08\/mojtaba-khamenei-es-el-nuevo-lider-supremo-del-regimen-de-iran\/#article","isPartOf":{"@id":"https:\/\/lobosnews.com.ar\/index.php\/2026\/03\/08\/mojtaba-khamenei-es-el-nuevo-lider-supremo-del-regimen-de-iran\/"},"author":{"name":"admin","@id":"https:\/\/lobosnews.com.ar\/#\/schema\/person\/232422a593d5c541dd9aef6aaed10943"},"headline":"Mojtaba Khamenei es el nuevo l\u00edder supremo del r\u00e9gimen de Ir\u00e1n","datePublished":"2026-03-08T22:51:16+00:00","dateModified":"2026-03-09T02:41:10+00:00","mainEntityOfPage":{"@id":"https:\/\/lobosnews.com.ar\/index.php\/2026\/03\/08\/mojtaba-khamenei-es-el-nuevo-lider-supremo-del-regimen-de-iran\/"},"wordCount":1299,"commentCount":0,"publisher":{"@id":"https:\/\/lobosnews.com.ar\/#organization"},"image":{"@id":"https:\/\/lobosnews.com.ar\/index.php\/2026\/03\/08\/mojtaba-khamenei-es-el-nuevo-lider-supremo-del-regimen-de-iran\/#primaryimage"},"thumbnailUrl":"https:\/\/lobosnews.com.ar\/wp-content\/uploads\/2026\/03\/mojtaba-khamenei-es-el-nuevo-lider-supremo-del-regimen-de-iran-4.jpg","articleSection":["Actualidad"],"inLanguage":"es","potentialAction":[{"@type":"CommentAction","name":"Comment","target":["https:\/\/lobosnews.com.ar\/index.php\/2026\/03\/08\/mojtaba-khamenei-es-el-nuevo-lider-supremo-del-regimen-de-iran\/#respond"]}]},{"@type":"WebPage","@id":"https:\/\/lobosnews.com.ar\/index.php\/2026\/03\/08\/mojtaba-khamenei-es-el-nuevo-lider-supremo-del-regimen-de-iran\/","url":"https:\/\/lobosnews.com.ar\/index.php\/2026\/03\/08\/mojtaba-khamenei-es-el-nuevo-lider-supremo-del-regimen-de-iran\/","name":"Mojtaba Khamenei es el nuevo l\u00edder supremo del r\u00e9gimen de Ir\u00e1n - Lobos News","isPartOf":{"@id":"https:\/\/lobosnews.com.ar\/#website"},"primaryImageOfPage":{"@id":"https:\/\/lobosnews.com.ar\/index.php\/2026\/03\/08\/mojtaba-khamenei-es-el-nuevo-lider-supremo-del-regimen-de-iran\/#primaryimage"},"image":{"@id":"https:\/\/lobosnews.com.ar\/index.php\/2026\/03\/08\/mojtaba-khamenei-es-el-nuevo-lider-supremo-del-regimen-de-iran\/#primaryimage"},"thumbnailUrl":"https:\/\/lobosnews.com.ar\/wp-content\/uploads\/2026\/03\/mojtaba-khamenei-es-el-nuevo-lider-supremo-del-regimen-de-iran-4.jpg","datePublished":"2026-03-08T22:51:16+00:00","dateModified":"2026-03-09T02:41:10+00:00","breadcrumb":{"@id":"https:\/\/lobosnews.com.ar\/index.php\/2026\/03\/08\/mojtaba-khamenei-es-el-nuevo-lider-supremo-del-regimen-de-iran\/#breadcrumb"},"inLanguage":"es","potentialAction":[{"@type":"ReadAction","target":["https:\/\/lobosnews.com.ar\/index.php\/2026\/03\/08\/mojtaba-khamenei-es-el-nuevo-lider-supremo-del-regimen-de-iran\/"]}]},{"@type":"ImageObject","inLanguage":"es","@id":"https:\/\/lobosnews.com.ar\/index.php\/2026\/03\/08\/mojtaba-khamenei-es-el-nuevo-lider-supremo-del-regimen-de-iran\/#primaryimage","url":"https:\/\/lobosnews.com.ar\/wp-content\/uploads\/2026\/03\/mojtaba-khamenei-es-el-nuevo-lider-supremo-del-regimen-de-iran-4.jpg","contentUrl":"https:\/\/lobosnews.com.ar\/wp-content\/uploads\/2026\/03\/mojtaba-khamenei-es-el-nuevo-lider-supremo-del-regimen-de-iran-4.jpg","width":2448,"height":1632,"caption":"Mojtaba Khamenei es el nuevo l\u00edder supremo del r\u00e9gimen de Ir\u00e1n"},{"@type":"BreadcrumbList","@id":"https:\/\/lobosnews.com.ar\/index.php\/2026\/03\/08\/mojtaba-khamenei-es-el-nuevo-lider-supremo-del-regimen-de-iran\/#breadcrumb","itemListElement":[{"@type":"ListItem","position":1,"name":"Portada","item":"https:\/\/lobosnews.com.ar\/"},{"@type":"ListItem","position":2,"name":"Mojtaba Khamenei es el nuevo l\u00edder supremo del r\u00e9gimen de Ir\u00e1n"}]},{"@type":"WebSite","@id":"https:\/\/lobosnews.com.ar\/#website","url":"https:\/\/lobosnews.com.ar\/","name":"Lobos News","description":"Informaci\u00f3n a cada instante","publisher":{"@id":"https:\/\/lobosnews.com.ar\/#organization"},"potentialAction":[{"@type":"SearchAction","target":{"@type":"EntryPoint","urlTemplate":"https:\/\/lobosnews.com.ar\/?s={search_term_string}"},"query-input":{"@type":"PropertyValueSpecification","valueRequired":true,"valueName":"search_term_string"}}],"inLanguage":"es"},{"@type":"Organization","@id":"https:\/\/lobosnews.com.ar\/#organization","name":"Lobos News","url":"https:\/\/lobosnews.com.ar\/","logo":{"@type":"ImageObject","inLanguage":"es","@id":"https:\/\/lobosnews.com.ar\/#\/schema\/logo\/image\/","url":"https:\/\/lobosnews.com.ar\/wp-content\/uploads\/2026\/01\/logo-lobosnews.png","contentUrl":"https:\/\/lobosnews.com.ar\/wp-content\/uploads\/2026\/01\/logo-lobosnews.png","width":500,"height":200,"caption":"Lobos News"},"image":{"@id":"https:\/\/lobosnews.com.ar\/#\/schema\/logo\/image\/"}},{"@type":"Person","@id":"https:\/\/lobosnews.com.ar\/#\/schema\/person\/232422a593d5c541dd9aef6aaed10943","name":"admin","image":{"@type":"ImageObject","inLanguage":"es","@id":"https:\/\/lobosnews.com.ar\/#\/schema\/person\/image\/","url":"https:\/\/secure.gravatar.com\/avatar\/76e419471a2083bc3ceab22a763dbbf9b0c1bd15a6214cf3280e2c2dde4580f9?s=96&d=mm&r=g","contentUrl":"https:\/\/secure.gravatar.com\/avatar\/76e419471a2083bc3ceab22a763dbbf9b0c1bd15a6214cf3280e2c2dde4580f9?s=96&d=mm&r=g","caption":"admin"},"sameAs":["https:\/\/lobosnews.com.ar"],"url":"https:\/\/lobosnews.com.ar\/index.php\/author\/lobos-news\/"}]}},"jetpack_featured_media_url":"https:\/\/lobosnews.com.ar\/wp-content\/uploads\/2026\/03\/mojtaba-khamenei-es-el-nuevo-lider-supremo-del-regimen-de-iran-4.jpg","jetpack_sharing_enabled":true,"_links":{"self":[{"href":"https:\/\/lobosnews.com.ar\/index.php\/wp-json\/wp\/v2\/posts\/31021","targetHints":{"allow":["GET"]}}],"collection":[{"href":"https:\/\/lobosnews.com.ar\/index.php\/wp-json\/wp\/v2\/posts"}],"about":[{"href":"https:\/\/lobosnews.com.ar\/index.php\/wp-json\/wp\/v2\/types\/post"}],"author":[{"embeddable":true,"href":"https:\/\/lobosnews.com.ar\/index.php\/wp-json\/wp\/v2\/users\/1"}],"replies":[{"embeddable":true,"href":"https:\/\/lobosnews.com.ar\/index.php\/wp-json\/wp\/v2\/comments?post=31021"}],"version-history":[{"count":1,"href":"https:\/\/lobosnews.com.ar\/index.php\/wp-json\/wp\/v2\/posts\/31021\/revisions"}],"predecessor-version":[{"id":31025,"href":"https:\/\/lobosnews.com.ar\/index.php\/wp-json\/wp\/v2\/posts\/31021\/revisions\/31025"}],"wp:featuredmedia":[{"embeddable":true,"href":"https:\/\/lobosnews.com.ar\/index.php\/wp-json\/wp\/v2\/media\/31026"}],"wp:attachment":[{"href":"https:\/\/lobosnews.com.ar\/index.php\/wp-json\/wp\/v2\/media?parent=31021"}],"wp:term":[{"taxonomy":"category","embeddable":true,"href":"https:\/\/lobosnews.com.ar\/index.php\/wp-json\/wp\/v2\/categories?post=31021"},{"taxonomy":"post_tag","embeddable":true,"href":"https:\/\/lobosnews.com.ar\/index.php\/wp-json\/wp\/v2\/tags?post=31021"}],"curies":[{"name":"wp","href":"https:\/\/api.w.org\/{rel}","templated":true}]}}