{"id":31013,"date":"2026-03-08T22:57:39","date_gmt":"2026-03-08T22:57:39","guid":{"rendered":"https:\/\/lobosnews.com.ar\/index.php\/2026\/03\/08\/mojtaba-khamenei-el-heredero-en-las-sombras-y-arquitecto-de-la-maquinaria-represiva-del-regimen-irani\/"},"modified":"2026-03-09T02:41:04","modified_gmt":"2026-03-09T02:41:04","slug":"mojtaba-khamenei-el-heredero-en-las-sombras-y-arquitecto-de-la-maquinaria-represiva-del-regimen-irani","status":"publish","type":"post","link":"https:\/\/lobosnews.com.ar\/index.php\/2026\/03\/08\/mojtaba-khamenei-el-heredero-en-las-sombras-y-arquitecto-de-la-maquinaria-represiva-del-regimen-irani\/","title":{"rendered":"Mojtaba Khamenei, el heredero en las sombras y arquitecto de la maquinaria represiva del r\u00e9gimen iran\u00ed"},"content":{"rendered":"<p><img loading=\"lazy\" decoding=\"async\" src=\"https:\/\/lobosnews.com.ar\/wp-content\/uploads\/2026\/03\/mojtaba-khamenei-el-heredero-en-las-sombras-y-arquitecto-de-la-maquinaria-represiva-del-regimen-irani.jpg\" alt=\"Mojtaba Khamenei fue nombrado l\u00edder supremo de Ir\u00e1n (Eiropa Press)\" height=\"1281\" width=\"1920\"\/><\/p>\n<p>Ha pasado la mayor parte de su vida evitando las apariciones p\u00fablicas. Hasta hace pocos d\u00edas, su nombre era conocido sobre todo en los c\u00edrculos de la <b>\u00e9lite clerical<\/b>, las fuerzas de seguridad y los analistas de poder en <b>Teher\u00e1n<\/b>. <\/p>\n<p>Ahora, tras la <span class=\"waslinkname\">decisi\u00f3n de la <b>Asamblea de Expertos<\/b> de elevarlo a la posici\u00f3n de l\u00edder supremo<\/span>, la atenci\u00f3n del mundo se posa sobre un hombre que, desde hace d\u00e9cadas, ha tejido su influencia detr\u00e1s de los muros del poder iran\u00ed. Se trata de <b>Mojtaba Khamenei.<\/b><\/p>\n<p>Nacido el<b> 8 de septiembre de 1969<\/b> en la ciudad santa de <b>Mashhad<\/b>, creci\u00f3 en el seno de una familia clerical marcada por la oposici\u00f3n al sha <b>Mohammad Reza Pahlavi<\/b>. Su infancia coincidi\u00f3 con el ascenso de su padre, <span class=\"waslinkname\">Ali Khamenei<\/span>, como figura opositora clave en el movimiento que contribuy\u00f3 a la Revoluci\u00f3n Isl\u00e1mica de 1979.<\/p>\n<p>Durante la guerra entre Ir\u00e1n e Irak, Mojtaba sirvi\u00f3 en el frente del<b> Batall\u00f3n Habib ibn Mazahir<\/b>, una unidad voluntaria vinculada a la <span class=\"waslinkname\">Guardia Revolucionaria Isl\u00e1mica<\/span> (IRGC), y particip\u00f3 en operaciones en la fase final del conflicto. En ese entorno forj\u00f3 v\u00ednculos con combatientes que, a\u00f1os despu\u00e9s, ocupar\u00edan puestos clave en las estructuras militar, de inteligencia y de seguridad del pa\u00eds.<\/p>\n<p><img loading=\"lazy\" decoding=\"async\" src=\"https:\/\/lobosnews.com.ar\/wp-content\/uploads\/2026\/03\/mojtaba-khamenei-el-heredero-en-las-sombras-y-arquitecto-de-la-maquinaria-represiva-del-regimen-irani-1.jpg\" alt=\"Mojtaba Khamenei, hijo del fallecido l\u00edder supremo del r\u00e9gimen iran\u00ed, Ali Khamenei, durante una visita a la oficina de Hezbollah en Teher\u00e1n\" height=\"1635\" width=\"2499\"\/><\/p>\n<p>A diferencia de otros l\u00edderes revolucionarios que construyeron su influencia desde cargos visibles, <b>Mojtaba Khamenei desarroll\u00f3 su poder desde las sombras<\/b>. Nunca ocup\u00f3 cargos electos ni busc\u00f3 visibilidad p\u00fablica, pero durante a\u00f1os oper\u00f3 dentro de la oficina del l\u00edder supremo como uno de los principales intermediarios de acceso a su padre. <\/p>\n<p>Su relaci\u00f3n con la Guardia Revolucionaria, establecida desde los a\u00f1os de guerra, es uno de los pilares de su ascenso. Los mandos de la IRGC, especialmente los sectores j\u00f3venes y radicales, lo consideran un aliado confiable, capaz de <b>garantizar la continuidad del r\u00e9gimen<\/b> y mantener la cohesi\u00f3n interna en situaciones de crisis. <\/p>\n<p>En el \u00e1mbito religioso, Mojtaba ostenta el rango de <b>Hojjatoleslam<\/b>, por debajo del t\u00edtulo de ayatollah, lo que ha generado cuestionamientos sobre su legitimidad doctrinal para liderar la naci\u00f3n. Estudi\u00f3 en los seminarios de <b>Qom <\/b>bajo la tutela de figuras conservadoras, aunque no ha alcanzado la prominencia teol\u00f3gica de su padre o a Ruhollah Jomeini.<\/p>\n<p>La historia pol\u00edtica iran\u00ed ha mostrado, sin embargo, que la flexibilidad y el pragmatismo suelen imponerse sobre la ortodoxia teol\u00f3gica cuando est\u00e1 en juego la estabilidad del r\u00e9gimen.<\/p>\n<p><img loading=\"lazy\" decoding=\"async\" src=\"https:\/\/lobosnews.com.ar\/wp-content\/uploads\/2026\/03\/mojtaba-khamenei-el-heredero-en-las-sombras-y-arquitecto-de-la-maquinaria-represiva-del-regimen-irani-2.jpg\" alt=\"Mojtaba Khamenei durante el acto anual del D\u00eda de Jerusal\u00e9n en Teher\u00e1n (AP Foto\/Vahid Salemi, archivo)\" height=\"2632\" width=\"3948\"\/><\/p>\n<p>Su influencia se ha hecho visible en momentos clave de la historia reciente de Ir\u00e1n. En <b>2009<\/b>, durante las protestas que siguieron a la controvertida reelecci\u00f3n de <b>Mahmoud Ahmadinejad<\/b>, fue se\u00f1alado por opositores y figuras religiosas moderadas como uno de los responsables de la represi\u00f3n. <\/p>\n<p>Diversos informes lo ubican coordinando la acci\u00f3n entre la oficina del l\u00edder, la milicia Basij y la Guardia Revolucionaria, seg\u00fan activistas y organizaciones de derechos humanos, que lo acusan de supervisar estrategias de <b>control social y manipulaci\u00f3n electoral.<\/b><\/p>\n<p>En 2019, el <b>Departamento del Tesoro de Estados Unidos<\/b> lo sancion\u00f3 por actuar en nombre de su padre y por su participaci\u00f3n en la promoci\u00f3n de la pol\u00edtica exterior m\u00e1s agresiva del r\u00e9gimen, as\u00ed como en la <b>represi\u00f3n interna<\/b>.<\/p>\n<p>Durante las protestas de 2022, tras la muerte de<b> Mahsa Amini <\/b>bajo custodia policial, su nombre volvi\u00f3 a aparecer en las consignas de los manifestantes, que lo responsabilizaban por la violencia estatal y la falta de apertura pol\u00edtica.<\/p>\n<p><img loading=\"lazy\" decoding=\"async\" src=\"https:\/\/lobosnews.com.ar\/wp-content\/uploads\/2026\/03\/mojtaba-khamenei-el-heredero-en-las-sombras-y-arquitecto-de-la-maquinaria-represiva-del-regimen-irani-3.jpg\" alt=\"Un peri\u00f3dico con la foto de portada de Mahsa Amini, la joven que muri\u00f3 tras ser detenida por la llamada \u201cpolic\u00eda de la moral\u201d del r\u00e9gimen iran\u00ed (REUTERS)\" height=\"3311\" width=\"4966\"\/><\/p>\n<p>En el \u00e1mbito internacional, Mojtaba es visto con recelo por las potencias occidentales. Su figura ha sido mencionada en cables diplom\u00e1ticos y discursos oficiales como el <b>verdadero operador en la sombra de la pol\u00edtica represiva iran\u00ed<\/b>. Recientemente, el presidente estadounidense <span class=\"waslinkname\"><b>Donald Trump<\/b> lo calific\u00f3 como una <b>figura \u201cinaceptable\u201d<\/b><\/span><b> <\/b>para liderar Ir\u00e1n.<\/p>\n<p>Su ascenso al liderazgo supremo es interpretado por numerosos analistas como un intento del r\u00e9gimen de preservar el statu quo y asegurar la continuidad del aparato de poder que domina Ir\u00e1n desde hace m\u00e1s de cuatro d\u00e9cadas. Sin embargo, esta decisi\u00f3n tambi\u00e9n ha intensificado las cr\u00edticas internas hacia un sistema que muchos consideran cada vez m\u00e1s cerrado, represivo y distante de las aspiraciones de la sociedad iran\u00ed.<\/p>\n<p>La designaci\u00f3n reaviva tambi\u00e9n el debate interno sobre el riesgo de convertir la Rep\u00fablica Isl\u00e1mica en un sistema din\u00e1stico, contradictorio con los principios fundacionales de 1979.<\/p>\n<p><img loading=\"lazy\" decoding=\"async\" src=\"https:\/\/lobosnews.com.ar\/wp-content\/uploads\/2026\/03\/mojtaba-khamenei-el-heredero-en-las-sombras-y-arquitecto-de-la-maquinaria-represiva-del-regimen-irani-4.jpg\" alt=\"Una mujer sostiene una imagen del depuesto l\u00edder supremo de Ir\u00e1n, el ayatollah Ali Khamenei (REUTERS\/Archivo)\" height=\"545\" width=\"800\"\/><\/p>\n<p>El nuevo l\u00edder supremo asume el cargo en un pa\u00eds fracturado, con una juventud desafiante, una econom\u00eda afectada por las sanciones y una regi\u00f3n en constante tensi\u00f3n. <\/p>\n","protected":false},"excerpt":{"rendered":"<p>Ha pasado la mayor parte de su vida evitando las apariciones p\u00fablicas. Hasta hace pocos d\u00edas, su nombre era conocido sobre todo en los c\u00edrculos de la \u00e9lite clerical, las fuerzas de seguridad y los analistas de poder en Teher\u00e1n. Ahora, tras la decisi\u00f3n de la Asamblea de Expertos de elevarlo a la posici\u00f3n de&#8230;<\/p>\n","protected":false},"author":1,"featured_media":31020,"comment_status":"open","ping_status":"closed","sticky":false,"template":"","format":"standard","meta":{"_jetpack_memberships_contains_paid_content":false,"footnotes":""},"categories":[31],"tags":[],"class_list":["post-31013","post","type-post","status-publish","format-standard","has-post-thumbnail","hentry","category-actualidad"],"magazineBlocksPostFeaturedMedia":{"thumbnail":"https:\/\/lobosnews.com.ar\/wp-content\/uploads\/2026\/03\/mojtaba-khamenei-el-heredero-en-las-sombras-y-arquitecto-de-la-maquinaria-represiva-del-regimen-irani-8-150x150.jpg","medium":"https:\/\/lobosnews.com.ar\/wp-content\/uploads\/2026\/03\/mojtaba-khamenei-el-heredero-en-las-sombras-y-arquitecto-de-la-maquinaria-represiva-del-regimen-irani-8-300x204.jpg","medium_large":"https:\/\/lobosnews.com.ar\/wp-content\/uploads\/2026\/03\/mojtaba-khamenei-el-heredero-en-las-sombras-y-arquitecto-de-la-maquinaria-represiva-del-regimen-irani-8-768x523.jpg","large":"https:\/\/lobosnews.com.ar\/wp-content\/uploads\/2026\/03\/mojtaba-khamenei-el-heredero-en-las-sombras-y-arquitecto-de-la-maquinaria-represiva-del-regimen-irani-8.jpg","1536x1536":"https:\/\/lobosnews.com.ar\/wp-content\/uploads\/2026\/03\/mojtaba-khamenei-el-heredero-en-las-sombras-y-arquitecto-de-la-maquinaria-represiva-del-regimen-irani-8.jpg","2048x2048":"https:\/\/lobosnews.com.ar\/wp-content\/uploads\/2026\/03\/mojtaba-khamenei-el-heredero-en-las-sombras-y-arquitecto-de-la-maquinaria-represiva-del-regimen-irani-8.jpg","newsmatic-featured":"https:\/\/lobosnews.com.ar\/wp-content\/uploads\/2026\/03\/mojtaba-khamenei-el-heredero-en-las-sombras-y-arquitecto-de-la-maquinaria-represiva-del-regimen-irani-8.jpg","newsmatic-list":"https:\/\/lobosnews.com.ar\/wp-content\/uploads\/2026\/03\/mojtaba-khamenei-el-heredero-en-las-sombras-y-arquitecto-de-la-maquinaria-represiva-del-regimen-irani-8-600x400.jpg","newsmatic-thumb":"https:\/\/lobosnews.com.ar\/wp-content\/uploads\/2026\/03\/mojtaba-khamenei-el-heredero-en-las-sombras-y-arquitecto-de-la-maquinaria-represiva-del-regimen-irani-8-300x200.jpg","newsmatic-small":"https:\/\/lobosnews.com.ar\/wp-content\/uploads\/2026\/03\/mojtaba-khamenei-el-heredero-en-las-sombras-y-arquitecto-de-la-maquinaria-represiva-del-regimen-irani-8-150x95.jpg","newsmatic-grid":"https:\/\/lobosnews.com.ar\/wp-content\/uploads\/2026\/03\/mojtaba-khamenei-el-heredero-en-las-sombras-y-arquitecto-de-la-maquinaria-represiva-del-regimen-irani-8-400x250.jpg"},"magazineBlocksPostAuthor":{"name":"admin","avatar":"https:\/\/secure.gravatar.com\/avatar\/76e419471a2083bc3ceab22a763dbbf9b0c1bd15a6214cf3280e2c2dde4580f9?s=96&d=mm&r=g"},"magazineBlocksPostCommentsNumber":"0","magazineBlocksPostExcerpt":"Ha pasado la mayor parte de su vida evitando las apariciones p\u00fablicas. Hasta hace pocos d\u00edas, su nombre era conocido sobre todo en los c\u00edrculos de la \u00e9lite clerical, las fuerzas de seguridad y los analistas de poder en Teher\u00e1n. Ahora, tras la decisi\u00f3n de la Asamblea de Expertos de elevarlo a la posici\u00f3n de...","magazineBlocksPostCategories":["Actualidad"],"magazineBlocksPostViewCount":68,"magazineBlocksPostReadTime":4,"magazine_blocks_featured_image_url":{"full":["https:\/\/lobosnews.com.ar\/wp-content\/uploads\/2026\/03\/mojtaba-khamenei-el-heredero-en-las-sombras-y-arquitecto-de-la-maquinaria-represiva-del-regimen-irani-8.jpg",800,545,false],"medium":["https:\/\/lobosnews.com.ar\/wp-content\/uploads\/2026\/03\/mojtaba-khamenei-el-heredero-en-las-sombras-y-arquitecto-de-la-maquinaria-represiva-del-regimen-irani-8-300x204.jpg",300,204,true],"thumbnail":["https:\/\/lobosnews.com.ar\/wp-content\/uploads\/2026\/03\/mojtaba-khamenei-el-heredero-en-las-sombras-y-arquitecto-de-la-maquinaria-represiva-del-regimen-irani-8-150x150.jpg",150,150,true]},"magazine_blocks_author":{"display_name":"admin","author_link":"https:\/\/lobosnews.com.ar\/index.php\/author\/lobos-news\/"},"magazine_blocks_comment":0,"magazine_blocks_author_image":"https:\/\/secure.gravatar.com\/avatar\/76e419471a2083bc3ceab22a763dbbf9b0c1bd15a6214cf3280e2c2dde4580f9?s=96&d=mm&r=g","magazine_blocks_category":"<a href=\"#\" class=\"category-link category-link-31\">Actualidad<\/a>","yoast_head":"<!-- This site is optimized with the Yoast SEO plugin v26.6 - https:\/\/yoast.com\/wordpress\/plugins\/seo\/ -->\n<title>Mojtaba Khamenei, el heredero en las sombras y arquitecto de la maquinaria represiva del r\u00e9gimen iran\u00ed - Lobos News<\/title>\n<meta name=\"robots\" content=\"index, follow, max-snippet:-1, max-image-preview:large, max-video-preview:-1\" \/>\n<link rel=\"canonical\" href=\"https:\/\/lobosnews.com.ar\/index.php\/2026\/03\/08\/mojtaba-khamenei-el-heredero-en-las-sombras-y-arquitecto-de-la-maquinaria-represiva-del-regimen-irani\/\" \/>\n<meta property=\"og:locale\" content=\"es_ES\" \/>\n<meta property=\"og:type\" content=\"article\" \/>\n<meta property=\"og:title\" content=\"Mojtaba Khamenei, el heredero en las sombras y arquitecto de la maquinaria represiva del r\u00e9gimen iran\u00ed - Lobos News\" \/>\n<meta property=\"og:description\" content=\"Ha pasado la mayor parte de su vida evitando las apariciones p\u00fablicas. Hasta hace pocos d\u00edas, su nombre era conocido sobre todo en los c\u00edrculos de la \u00e9lite clerical, las fuerzas de seguridad y los analistas de poder en Teher\u00e1n. Ahora, tras la decisi\u00f3n de la Asamblea de Expertos de elevarlo a la posici\u00f3n de...\" \/>\n<meta property=\"og:url\" content=\"https:\/\/lobosnews.com.ar\/index.php\/2026\/03\/08\/mojtaba-khamenei-el-heredero-en-las-sombras-y-arquitecto-de-la-maquinaria-represiva-del-regimen-irani\/\" \/>\n<meta property=\"og:site_name\" content=\"Lobos News\" \/>\n<meta property=\"article:published_time\" content=\"2026-03-08T22:57:39+00:00\" \/>\n<meta property=\"article:modified_time\" content=\"2026-03-09T02:41:04+00:00\" \/>\n<meta property=\"og:image\" content=\"https:\/\/lobosnews.com.ar\/wp-content\/uploads\/2026\/03\/mojtaba-khamenei-el-heredero-en-las-sombras-y-arquitecto-de-la-maquinaria-represiva-del-regimen-irani.jpg\" \/>\n<meta name=\"author\" content=\"admin\" \/>\n<meta name=\"twitter:card\" content=\"summary_large_image\" \/>\n<meta name=\"twitter:label1\" content=\"Escrito por\" \/>\n\t<meta name=\"twitter:data1\" content=\"admin\" \/>\n\t<meta name=\"twitter:label2\" content=\"Tiempo de lectura\" \/>\n\t<meta name=\"twitter:data2\" content=\"4 minutos\" \/>\n<script type=\"application\/ld+json\" class=\"yoast-schema-graph\">{\"@context\":\"https:\/\/schema.org\",\"@graph\":[{\"@type\":\"Article\",\"@id\":\"https:\/\/lobosnews.com.ar\/index.php\/2026\/03\/08\/mojtaba-khamenei-el-heredero-en-las-sombras-y-arquitecto-de-la-maquinaria-represiva-del-regimen-irani\/#article\",\"isPartOf\":{\"@id\":\"https:\/\/lobosnews.com.ar\/index.php\/2026\/03\/08\/mojtaba-khamenei-el-heredero-en-las-sombras-y-arquitecto-de-la-maquinaria-represiva-del-regimen-irani\/\"},\"author\":{\"name\":\"admin\",\"@id\":\"https:\/\/lobosnews.com.ar\/#\/schema\/person\/232422a593d5c541dd9aef6aaed10943\"},\"headline\":\"Mojtaba Khamenei, el heredero en las sombras y arquitecto de la maquinaria represiva del r\u00e9gimen iran\u00ed\",\"datePublished\":\"2026-03-08T22:57:39+00:00\",\"dateModified\":\"2026-03-09T02:41:04+00:00\",\"mainEntityOfPage\":{\"@id\":\"https:\/\/lobosnews.com.ar\/index.php\/2026\/03\/08\/mojtaba-khamenei-el-heredero-en-las-sombras-y-arquitecto-de-la-maquinaria-represiva-del-regimen-irani\/\"},\"wordCount\":802,\"commentCount\":0,\"publisher\":{\"@id\":\"https:\/\/lobosnews.com.ar\/#organization\"},\"image\":{\"@id\":\"https:\/\/lobosnews.com.ar\/index.php\/2026\/03\/08\/mojtaba-khamenei-el-heredero-en-las-sombras-y-arquitecto-de-la-maquinaria-represiva-del-regimen-irani\/#primaryimage\"},\"thumbnailUrl\":\"https:\/\/lobosnews.com.ar\/wp-content\/uploads\/2026\/03\/mojtaba-khamenei-el-heredero-en-las-sombras-y-arquitecto-de-la-maquinaria-represiva-del-regimen-irani-8.jpg\",\"articleSection\":[\"Actualidad\"],\"inLanguage\":\"es\",\"potentialAction\":[{\"@type\":\"CommentAction\",\"name\":\"Comment\",\"target\":[\"https:\/\/lobosnews.com.ar\/index.php\/2026\/03\/08\/mojtaba-khamenei-el-heredero-en-las-sombras-y-arquitecto-de-la-maquinaria-represiva-del-regimen-irani\/#respond\"]}]},{\"@type\":\"WebPage\",\"@id\":\"https:\/\/lobosnews.com.ar\/index.php\/2026\/03\/08\/mojtaba-khamenei-el-heredero-en-las-sombras-y-arquitecto-de-la-maquinaria-represiva-del-regimen-irani\/\",\"url\":\"https:\/\/lobosnews.com.ar\/index.php\/2026\/03\/08\/mojtaba-khamenei-el-heredero-en-las-sombras-y-arquitecto-de-la-maquinaria-represiva-del-regimen-irani\/\",\"name\":\"Mojtaba Khamenei, el heredero en las sombras y arquitecto de la maquinaria represiva del r\u00e9gimen iran\u00ed - Lobos News\",\"isPartOf\":{\"@id\":\"https:\/\/lobosnews.com.ar\/#website\"},\"primaryImageOfPage\":{\"@id\":\"https:\/\/lobosnews.com.ar\/index.php\/2026\/03\/08\/mojtaba-khamenei-el-heredero-en-las-sombras-y-arquitecto-de-la-maquinaria-represiva-del-regimen-irani\/#primaryimage\"},\"image\":{\"@id\":\"https:\/\/lobosnews.com.ar\/index.php\/2026\/03\/08\/mojtaba-khamenei-el-heredero-en-las-sombras-y-arquitecto-de-la-maquinaria-represiva-del-regimen-irani\/#primaryimage\"},\"thumbnailUrl\":\"https:\/\/lobosnews.com.ar\/wp-content\/uploads\/2026\/03\/mojtaba-khamenei-el-heredero-en-las-sombras-y-arquitecto-de-la-maquinaria-represiva-del-regimen-irani-8.jpg\",\"datePublished\":\"2026-03-08T22:57:39+00:00\",\"dateModified\":\"2026-03-09T02:41:04+00:00\",\"breadcrumb\":{\"@id\":\"https:\/\/lobosnews.com.ar\/index.php\/2026\/03\/08\/mojtaba-khamenei-el-heredero-en-las-sombras-y-arquitecto-de-la-maquinaria-represiva-del-regimen-irani\/#breadcrumb\"},\"inLanguage\":\"es\",\"potentialAction\":[{\"@type\":\"ReadAction\",\"target\":[\"https:\/\/lobosnews.com.ar\/index.php\/2026\/03\/08\/mojtaba-khamenei-el-heredero-en-las-sombras-y-arquitecto-de-la-maquinaria-represiva-del-regimen-irani\/\"]}]},{\"@type\":\"ImageObject\",\"inLanguage\":\"es\",\"@id\":\"https:\/\/lobosnews.com.ar\/index.php\/2026\/03\/08\/mojtaba-khamenei-el-heredero-en-las-sombras-y-arquitecto-de-la-maquinaria-represiva-del-regimen-irani\/#primaryimage\",\"url\":\"https:\/\/lobosnews.com.ar\/wp-content\/uploads\/2026\/03\/mojtaba-khamenei-el-heredero-en-las-sombras-y-arquitecto-de-la-maquinaria-represiva-del-regimen-irani-8.jpg\",\"contentUrl\":\"https:\/\/lobosnews.com.ar\/wp-content\/uploads\/2026\/03\/mojtaba-khamenei-el-heredero-en-las-sombras-y-arquitecto-de-la-maquinaria-represiva-del-regimen-irani-8.jpg\",\"width\":800,\"height\":545,\"caption\":\"Mojtaba Khamenei, el heredero en las sombras y arquitecto de la maquinaria represiva del r\u00e9gimen iran\u00ed\"},{\"@type\":\"BreadcrumbList\",\"@id\":\"https:\/\/lobosnews.com.ar\/index.php\/2026\/03\/08\/mojtaba-khamenei-el-heredero-en-las-sombras-y-arquitecto-de-la-maquinaria-represiva-del-regimen-irani\/#breadcrumb\",\"itemListElement\":[{\"@type\":\"ListItem\",\"position\":1,\"name\":\"Portada\",\"item\":\"https:\/\/lobosnews.com.ar\/\"},{\"@type\":\"ListItem\",\"position\":2,\"name\":\"Mojtaba Khamenei, el heredero en las sombras y arquitecto de la maquinaria represiva del r\u00e9gimen iran\u00ed\"}]},{\"@type\":\"WebSite\",\"@id\":\"https:\/\/lobosnews.com.ar\/#website\",\"url\":\"https:\/\/lobosnews.com.ar\/\",\"name\":\"Lobos News\",\"description\":\"Informaci\u00f3n a cada instante\",\"publisher\":{\"@id\":\"https:\/\/lobosnews.com.ar\/#organization\"},\"potentialAction\":[{\"@type\":\"SearchAction\",\"target\":{\"@type\":\"EntryPoint\",\"urlTemplate\":\"https:\/\/lobosnews.com.ar\/?s={search_term_string}\"},\"query-input\":{\"@type\":\"PropertyValueSpecification\",\"valueRequired\":true,\"valueName\":\"search_term_string\"}}],\"inLanguage\":\"es\"},{\"@type\":\"Organization\",\"@id\":\"https:\/\/lobosnews.com.ar\/#organization\",\"name\":\"Lobos News\",\"url\":\"https:\/\/lobosnews.com.ar\/\",\"logo\":{\"@type\":\"ImageObject\",\"inLanguage\":\"es\",\"@id\":\"https:\/\/lobosnews.com.ar\/#\/schema\/logo\/image\/\",\"url\":\"https:\/\/lobosnews.com.ar\/wp-content\/uploads\/2026\/01\/logo-lobosnews.png\",\"contentUrl\":\"https:\/\/lobosnews.com.ar\/wp-content\/uploads\/2026\/01\/logo-lobosnews.png\",\"width\":500,\"height\":200,\"caption\":\"Lobos News\"},\"image\":{\"@id\":\"https:\/\/lobosnews.com.ar\/#\/schema\/logo\/image\/\"}},{\"@type\":\"Person\",\"@id\":\"https:\/\/lobosnews.com.ar\/#\/schema\/person\/232422a593d5c541dd9aef6aaed10943\",\"name\":\"admin\",\"image\":{\"@type\":\"ImageObject\",\"inLanguage\":\"es\",\"@id\":\"https:\/\/lobosnews.com.ar\/#\/schema\/person\/image\/\",\"url\":\"https:\/\/secure.gravatar.com\/avatar\/76e419471a2083bc3ceab22a763dbbf9b0c1bd15a6214cf3280e2c2dde4580f9?s=96&d=mm&r=g\",\"contentUrl\":\"https:\/\/secure.gravatar.com\/avatar\/76e419471a2083bc3ceab22a763dbbf9b0c1bd15a6214cf3280e2c2dde4580f9?s=96&d=mm&r=g\",\"caption\":\"admin\"},\"sameAs\":[\"https:\/\/lobosnews.com.ar\"],\"url\":\"https:\/\/lobosnews.com.ar\/index.php\/author\/lobos-news\/\"}]}<\/script>\n<!-- \/ Yoast SEO plugin. -->","yoast_head_json":{"title":"Mojtaba Khamenei, el heredero en las sombras y arquitecto de la maquinaria represiva del r\u00e9gimen iran\u00ed - Lobos News","robots":{"index":"index","follow":"follow","max-snippet":"max-snippet:-1","max-image-preview":"max-image-preview:large","max-video-preview":"max-video-preview:-1"},"canonical":"https:\/\/lobosnews.com.ar\/index.php\/2026\/03\/08\/mojtaba-khamenei-el-heredero-en-las-sombras-y-arquitecto-de-la-maquinaria-represiva-del-regimen-irani\/","og_locale":"es_ES","og_type":"article","og_title":"Mojtaba Khamenei, el heredero en las sombras y arquitecto de la maquinaria represiva del r\u00e9gimen iran\u00ed - Lobos News","og_description":"Ha pasado la mayor parte de su vida evitando las apariciones p\u00fablicas. Hasta hace pocos d\u00edas, su nombre era conocido sobre todo en los c\u00edrculos de la \u00e9lite clerical, las fuerzas de seguridad y los analistas de poder en Teher\u00e1n. Ahora, tras la decisi\u00f3n de la Asamblea de Expertos de elevarlo a la posici\u00f3n de...","og_url":"https:\/\/lobosnews.com.ar\/index.php\/2026\/03\/08\/mojtaba-khamenei-el-heredero-en-las-sombras-y-arquitecto-de-la-maquinaria-represiva-del-regimen-irani\/","og_site_name":"Lobos News","article_published_time":"2026-03-08T22:57:39+00:00","article_modified_time":"2026-03-09T02:41:04+00:00","og_image":[{"url":"https:\/\/lobosnews.com.ar\/wp-content\/uploads\/2026\/03\/mojtaba-khamenei-el-heredero-en-las-sombras-y-arquitecto-de-la-maquinaria-represiva-del-regimen-irani.jpg","type":"","width":"","height":""}],"author":"admin","twitter_card":"summary_large_image","twitter_misc":{"Escrito por":"admin","Tiempo de lectura":"4 minutos"},"schema":{"@context":"https:\/\/schema.org","@graph":[{"@type":"Article","@id":"https:\/\/lobosnews.com.ar\/index.php\/2026\/03\/08\/mojtaba-khamenei-el-heredero-en-las-sombras-y-arquitecto-de-la-maquinaria-represiva-del-regimen-irani\/#article","isPartOf":{"@id":"https:\/\/lobosnews.com.ar\/index.php\/2026\/03\/08\/mojtaba-khamenei-el-heredero-en-las-sombras-y-arquitecto-de-la-maquinaria-represiva-del-regimen-irani\/"},"author":{"name":"admin","@id":"https:\/\/lobosnews.com.ar\/#\/schema\/person\/232422a593d5c541dd9aef6aaed10943"},"headline":"Mojtaba Khamenei, el heredero en las sombras y arquitecto de la maquinaria represiva del r\u00e9gimen iran\u00ed","datePublished":"2026-03-08T22:57:39+00:00","dateModified":"2026-03-09T02:41:04+00:00","mainEntityOfPage":{"@id":"https:\/\/lobosnews.com.ar\/index.php\/2026\/03\/08\/mojtaba-khamenei-el-heredero-en-las-sombras-y-arquitecto-de-la-maquinaria-represiva-del-regimen-irani\/"},"wordCount":802,"commentCount":0,"publisher":{"@id":"https:\/\/lobosnews.com.ar\/#organization"},"image":{"@id":"https:\/\/lobosnews.com.ar\/index.php\/2026\/03\/08\/mojtaba-khamenei-el-heredero-en-las-sombras-y-arquitecto-de-la-maquinaria-represiva-del-regimen-irani\/#primaryimage"},"thumbnailUrl":"https:\/\/lobosnews.com.ar\/wp-content\/uploads\/2026\/03\/mojtaba-khamenei-el-heredero-en-las-sombras-y-arquitecto-de-la-maquinaria-represiva-del-regimen-irani-8.jpg","articleSection":["Actualidad"],"inLanguage":"es","potentialAction":[{"@type":"CommentAction","name":"Comment","target":["https:\/\/lobosnews.com.ar\/index.php\/2026\/03\/08\/mojtaba-khamenei-el-heredero-en-las-sombras-y-arquitecto-de-la-maquinaria-represiva-del-regimen-irani\/#respond"]}]},{"@type":"WebPage","@id":"https:\/\/lobosnews.com.ar\/index.php\/2026\/03\/08\/mojtaba-khamenei-el-heredero-en-las-sombras-y-arquitecto-de-la-maquinaria-represiva-del-regimen-irani\/","url":"https:\/\/lobosnews.com.ar\/index.php\/2026\/03\/08\/mojtaba-khamenei-el-heredero-en-las-sombras-y-arquitecto-de-la-maquinaria-represiva-del-regimen-irani\/","name":"Mojtaba Khamenei, el heredero en las sombras y arquitecto de la maquinaria represiva del r\u00e9gimen iran\u00ed - Lobos News","isPartOf":{"@id":"https:\/\/lobosnews.com.ar\/#website"},"primaryImageOfPage":{"@id":"https:\/\/lobosnews.com.ar\/index.php\/2026\/03\/08\/mojtaba-khamenei-el-heredero-en-las-sombras-y-arquitecto-de-la-maquinaria-represiva-del-regimen-irani\/#primaryimage"},"image":{"@id":"https:\/\/lobosnews.com.ar\/index.php\/2026\/03\/08\/mojtaba-khamenei-el-heredero-en-las-sombras-y-arquitecto-de-la-maquinaria-represiva-del-regimen-irani\/#primaryimage"},"thumbnailUrl":"https:\/\/lobosnews.com.ar\/wp-content\/uploads\/2026\/03\/mojtaba-khamenei-el-heredero-en-las-sombras-y-arquitecto-de-la-maquinaria-represiva-del-regimen-irani-8.jpg","datePublished":"2026-03-08T22:57:39+00:00","dateModified":"2026-03-09T02:41:04+00:00","breadcrumb":{"@id":"https:\/\/lobosnews.com.ar\/index.php\/2026\/03\/08\/mojtaba-khamenei-el-heredero-en-las-sombras-y-arquitecto-de-la-maquinaria-represiva-del-regimen-irani\/#breadcrumb"},"inLanguage":"es","potentialAction":[{"@type":"ReadAction","target":["https:\/\/lobosnews.com.ar\/index.php\/2026\/03\/08\/mojtaba-khamenei-el-heredero-en-las-sombras-y-arquitecto-de-la-maquinaria-represiva-del-regimen-irani\/"]}]},{"@type":"ImageObject","inLanguage":"es","@id":"https:\/\/lobosnews.com.ar\/index.php\/2026\/03\/08\/mojtaba-khamenei-el-heredero-en-las-sombras-y-arquitecto-de-la-maquinaria-represiva-del-regimen-irani\/#primaryimage","url":"https:\/\/lobosnews.com.ar\/wp-content\/uploads\/2026\/03\/mojtaba-khamenei-el-heredero-en-las-sombras-y-arquitecto-de-la-maquinaria-represiva-del-regimen-irani-8.jpg","contentUrl":"https:\/\/lobosnews.com.ar\/wp-content\/uploads\/2026\/03\/mojtaba-khamenei-el-heredero-en-las-sombras-y-arquitecto-de-la-maquinaria-represiva-del-regimen-irani-8.jpg","width":800,"height":545,"caption":"Mojtaba Khamenei, el heredero en las sombras y arquitecto de la maquinaria represiva del r\u00e9gimen iran\u00ed"},{"@type":"BreadcrumbList","@id":"https:\/\/lobosnews.com.ar\/index.php\/2026\/03\/08\/mojtaba-khamenei-el-heredero-en-las-sombras-y-arquitecto-de-la-maquinaria-represiva-del-regimen-irani\/#breadcrumb","itemListElement":[{"@type":"ListItem","position":1,"name":"Portada","item":"https:\/\/lobosnews.com.ar\/"},{"@type":"ListItem","position":2,"name":"Mojtaba Khamenei, el heredero en las sombras y arquitecto de la maquinaria represiva del r\u00e9gimen iran\u00ed"}]},{"@type":"WebSite","@id":"https:\/\/lobosnews.com.ar\/#website","url":"https:\/\/lobosnews.com.ar\/","name":"Lobos News","description":"Informaci\u00f3n a cada instante","publisher":{"@id":"https:\/\/lobosnews.com.ar\/#organization"},"potentialAction":[{"@type":"SearchAction","target":{"@type":"EntryPoint","urlTemplate":"https:\/\/lobosnews.com.ar\/?s={search_term_string}"},"query-input":{"@type":"PropertyValueSpecification","valueRequired":true,"valueName":"search_term_string"}}],"inLanguage":"es"},{"@type":"Organization","@id":"https:\/\/lobosnews.com.ar\/#organization","name":"Lobos News","url":"https:\/\/lobosnews.com.ar\/","logo":{"@type":"ImageObject","inLanguage":"es","@id":"https:\/\/lobosnews.com.ar\/#\/schema\/logo\/image\/","url":"https:\/\/lobosnews.com.ar\/wp-content\/uploads\/2026\/01\/logo-lobosnews.png","contentUrl":"https:\/\/lobosnews.com.ar\/wp-content\/uploads\/2026\/01\/logo-lobosnews.png","width":500,"height":200,"caption":"Lobos News"},"image":{"@id":"https:\/\/lobosnews.com.ar\/#\/schema\/logo\/image\/"}},{"@type":"Person","@id":"https:\/\/lobosnews.com.ar\/#\/schema\/person\/232422a593d5c541dd9aef6aaed10943","name":"admin","image":{"@type":"ImageObject","inLanguage":"es","@id":"https:\/\/lobosnews.com.ar\/#\/schema\/person\/image\/","url":"https:\/\/secure.gravatar.com\/avatar\/76e419471a2083bc3ceab22a763dbbf9b0c1bd15a6214cf3280e2c2dde4580f9?s=96&d=mm&r=g","contentUrl":"https:\/\/secure.gravatar.com\/avatar\/76e419471a2083bc3ceab22a763dbbf9b0c1bd15a6214cf3280e2c2dde4580f9?s=96&d=mm&r=g","caption":"admin"},"sameAs":["https:\/\/lobosnews.com.ar"],"url":"https:\/\/lobosnews.com.ar\/index.php\/author\/lobos-news\/"}]}},"jetpack_featured_media_url":"https:\/\/lobosnews.com.ar\/wp-content\/uploads\/2026\/03\/mojtaba-khamenei-el-heredero-en-las-sombras-y-arquitecto-de-la-maquinaria-represiva-del-regimen-irani-8.jpg","jetpack_sharing_enabled":true,"_links":{"self":[{"href":"https:\/\/lobosnews.com.ar\/index.php\/wp-json\/wp\/v2\/posts\/31013","targetHints":{"allow":["GET"]}}],"collection":[{"href":"https:\/\/lobosnews.com.ar\/index.php\/wp-json\/wp\/v2\/posts"}],"about":[{"href":"https:\/\/lobosnews.com.ar\/index.php\/wp-json\/wp\/v2\/types\/post"}],"author":[{"embeddable":true,"href":"https:\/\/lobosnews.com.ar\/index.php\/wp-json\/wp\/v2\/users\/1"}],"replies":[{"embeddable":true,"href":"https:\/\/lobosnews.com.ar\/index.php\/wp-json\/wp\/v2\/comments?post=31013"}],"version-history":[{"count":1,"href":"https:\/\/lobosnews.com.ar\/index.php\/wp-json\/wp\/v2\/posts\/31013\/revisions"}],"predecessor-version":[{"id":31019,"href":"https:\/\/lobosnews.com.ar\/index.php\/wp-json\/wp\/v2\/posts\/31013\/revisions\/31019"}],"wp:featuredmedia":[{"embeddable":true,"href":"https:\/\/lobosnews.com.ar\/index.php\/wp-json\/wp\/v2\/media\/31020"}],"wp:attachment":[{"href":"https:\/\/lobosnews.com.ar\/index.php\/wp-json\/wp\/v2\/media?parent=31013"}],"wp:term":[{"taxonomy":"category","embeddable":true,"href":"https:\/\/lobosnews.com.ar\/index.php\/wp-json\/wp\/v2\/categories?post=31013"},{"taxonomy":"post_tag","embeddable":true,"href":"https:\/\/lobosnews.com.ar\/index.php\/wp-json\/wp\/v2\/tags?post=31013"}],"curies":[{"name":"wp","href":"https:\/\/api.w.org\/{rel}","templated":true}]}}