{"id":31000,"date":"2026-03-08T21:54:50","date_gmt":"2026-03-08T21:54:50","guid":{"rendered":"https:\/\/lobosnews.com.ar\/index.php\/2026\/03\/08\/con-una-incognita-clave-en-el-mediocampo-la-formacion-que-perfila-coudet-para-su-debut-como-dt-de-river-plate\/"},"modified":"2026-03-09T02:26:49","modified_gmt":"2026-03-09T02:26:49","slug":"con-una-incognita-clave-en-el-mediocampo-la-formacion-que-perfila-coudet-para-su-debut-como-dt-de-river-plate","status":"publish","type":"post","link":"https:\/\/lobosnews.com.ar\/index.php\/2026\/03\/08\/con-una-incognita-clave-en-el-mediocampo-la-formacion-que-perfila-coudet-para-su-debut-como-dt-de-river-plate\/","title":{"rendered":"Con una inc\u00f3gnita clave en el mediocampo, la formaci\u00f3n que perfila Coudet para su debut como DT de River Plate"},"content":{"rendered":"<p><img loading=\"lazy\" decoding=\"async\" src=\"https:\/\/lobosnews.com.ar\/wp-content\/uploads\/2026\/03\/con-una-incognita-clave-en-el-mediocampo-la-formacion-que-perfila-coudet-para-su-debut-como-dt-de-river-plate.jpg\" alt=\"\" height=\"1080\" width=\"1920\"\/><\/p>\n<p>El estreno de <b>Eduardo Coudet<\/b> como entrenador de <b>River Plate<\/b> se concretar\u00e1 el jueves 12 de marzo, cuando el conjunto de N\u00fa\u00f1ez visite a <b>Hurac\u00e1n<\/b> en Parque Patricios. Este encuentro, correspondiente a la d\u00e9cima fecha del Torneo Apertura 2026, ha generado una fuerte expectativa, en particular por la presi\u00f3n que implica revertir la reciente irregularidad del equipo. De cara al duelo, ya se perfila la primera formaci\u00f3n del<i> Chacho<\/i> al mando del plantel.<\/p>\n<p>En la previa de su presentaci\u00f3n oficial, <b>Coudet<\/b> ha dedicado los entrenamientos de la \u00faltima semana a definir su primera alineaci\u00f3n formal, mientras el plantel atraviesa la transici\u00f3n tras la salida de <b>Marcelo Gallardo<\/b>. El debut del t\u00e9cnico se produce bajo circunstancias singulares: asumi\u00f3 el cargo en pleno paro de actividades de la <b>Asociaci\u00f3n del F\u00fatbol Argentino<\/b>, lo que brind\u00f3 un breve lapso sin competici\u00f3n para ajustar detalles t\u00e1cticos y decidir a los titulares.<\/p>\n<p>Durante el primer fin de semana bajo su conducci\u00f3n, <b>Coudet<\/b> opt\u00f3 por no implementar jornadas dobles, enfoc\u00e1ndose en mantener la calidad de los entrenamientos sobre la cantidad y priorizar la recuperaci\u00f3n tras una etapa exigente. En su paso inicial por Ezeiza, altern\u00f3 ejercicios orientados a la intensidad f\u00edsica y al fortalecimiento del \u00e1nimo grupal, un aspecto que considera clave para revertir la reciente irregularidad de River Plate, que ocupa el s\u00e9ptimo puesto de la Zona B del Torneo Apertura con <b>11 unidades<\/b>, a seis del l\u00edder.<\/p>\n<p><img loading=\"lazy\" decoding=\"async\" src=\"https:\/\/lobosnews.com.ar\/wp-content\/uploads\/2026\/03\/con-una-incognita-clave-en-el-mediocampo-la-formacion-que-perfila-coudet-para-su-debut-como-dt-de-river-plate-1.jpg\" alt=\"El Chacho tendr\u00e1 su debut ante Hurac\u00e1n\" height=\"1749\" width=\"2048\"\/><\/p>\n<p>En la misma semana del debut oficial de <b>Coudet<\/b>, River conoci\u00f3 que el 19 de marzo ser\u00e1 el sorteo de sus pr\u00f3ximos rivales en la fase de grupos de la <b>Copa Sudamericana<\/b>. En el torneo local, el equipo viene de empatar 1-1 ante Independiente Rivadavia en Mendoza.<\/p>\n<p>Entre las novedades m\u00e1s relevantes de la probable formaci\u00f3n sobresale la titularidad de <b>Santiago Beltr\u00e1n<\/b> en el arco, decisi\u00f3n derivada de las persistentes molestias f\u00edsicas que aquejan a <b>Franco Armani<\/b>. El rendimiento de Beltr\u00e1n ha sido se\u00f1alado como uno de los puntos altos del equipo pese al delicado contexto colectivo, m\u00e9rito destacado en las pr\u00e1cticas recientes y en cada una de sus intervenciones, aun en medio de un clima adverso.<\/p>\n<p>El esquema defensivo no presentar\u00eda alteraciones significativas. Se prev\u00e9 que <b>Gonzalo Montiel<\/b>, <b>Lucas Mart\u00ednez Quarta<\/b>, <b>Lautaro Rivero<\/b> y <b>Marcos Acu\u00f1a<\/b> sumen minutos desde el inicio, aunque <b>Paulo D\u00edaz<\/b> se perfila como alternativa para la zaga central.<\/p>\n<p>El mediocampo contar\u00eda con <b>Fausto Vera<\/b>, <b>An\u00edbal Moreno<\/b> y <b>Tom\u00e1s Galv\u00e1n<\/b> como piezas inamovibles tras exhibir regularidad en niveles de juego desde el arranque del certamen. La situaci\u00f3n de <b>Juan Fernando Quintero<\/b> permanece sujeta a evaluaci\u00f3n m\u00e9dica hasta el \u00faltimo minuto. El colombiano hab\u00eda sufrido un <b>desgarro muscular de grado I en el b\u00edceps femoral derecho<\/b>, con una proyecci\u00f3n original de tres semanas fuera de las canchas, en el partido con V\u00e9lez Sarsfield, aunque desde el s\u00e1bado ya se encuentra entrenando a la par del grupo y a disposici\u00f3n del DT.<\/p>\n<p>En caso de que Coudet decida preservar a <i>Juanfer<\/i>, el puesto en la l\u00ednea de volantes ofensivos podr\u00eda corresponder a <b>Giuliano Galoppo<\/b>.<\/p>\n<p>La dupla ofensiva estar\u00eda conformada por <b>Sebasti\u00e1n Driussi<\/b> y el juvenil <b>Joaqu\u00edn Freitas<\/b>, quien capitaliz\u00f3 las oportunidades que tuvo durante los ciclos de <b>Gallardo<\/b> y <b>Marcelo Escudero<\/b>. Ante esto, otros delanteros como <b>Facundo Colidio<\/b>, <b>Maximiliano Salas<\/b>, <b>Ian Subiabre<\/b> y <b>Agust\u00edn Ruberto<\/b> se mantendr\u00edan como suplentes a la espera de una oportunidad, por indicaci\u00f3n directa del nuevo t\u00e9cnico.<\/p>\n<p>La alineaci\u00f3n tentativa que se maneja en el cuerpo t\u00e9cnico incluye a: <b>Santiago Beltr\u00e1n<\/b>; <b>Gonzalo Montiel<\/b>, <b>Lucas Mart\u00ednez Quarta<\/b>, <b>Lautaro Rivero<\/b> o <b>Paulo D\u00edaz<\/b>, <b>Marcos Acu\u00f1a<\/b>; <b>An\u00edbal Moreno<\/b>; <b>Fausto Vera<\/b>, <b>Juan Fernando Quintero<\/b> o <b>Giuliano Galoppo<\/b>, <b>Tom\u00e1s Galv\u00e1n<\/b>; <b>Joaqu\u00edn Freitas<\/b> y <b>Sebasti\u00e1n Driussi<\/b>.<\/p>\n<p>El duelo ante <b>Hurac\u00e1n<\/b> est\u00e1 pautado para disputarse este jueves desde las 21:30 en el estadio <i>Tom\u00e1s Adolfo Duc\u00f3<\/i>, El estreno del <i>Chacho<\/i> como local en el estadio <i>Monumental<\/i> tendr\u00e1 lugar el domingo 15\/3, cuando River reciba a Sarmiento de Jun\u00edn, a las 19:45.<\/p>\n","protected":false},"excerpt":{"rendered":"<p>El estreno de Eduardo Coudet como entrenador de River Plate se concretar\u00e1 el jueves 12 de marzo, cuando el conjunto de N\u00fa\u00f1ez visite a Hurac\u00e1n en Parque Patricios. Este encuentro, correspondiente a la d\u00e9cima fecha del Torneo Apertura 2026, ha generado una fuerte expectativa, en particular por la presi\u00f3n que implica revertir la reciente irregularidad&#8230;<\/p>\n","protected":false},"author":1,"featured_media":0,"comment_status":"open","ping_status":"closed","sticky":false,"template":"","format":"standard","meta":{"_jetpack_memberships_contains_paid_content":false,"footnotes":""},"categories":[30],"tags":[39],"class_list":["post-31000","post","type-post","status-publish","format-standard","hentry","category-argentina","tag-deportes"],"magazineBlocksPostFeaturedMedia":{"thumbnail":false,"medium":false,"medium_large":false,"large":false,"1536x1536":false,"2048x2048":false,"newsmatic-featured":false,"newsmatic-list":false,"newsmatic-thumb":false,"newsmatic-small":false,"newsmatic-grid":false},"magazineBlocksPostAuthor":{"name":"admin","avatar":"https:\/\/secure.gravatar.com\/avatar\/76e419471a2083bc3ceab22a763dbbf9b0c1bd15a6214cf3280e2c2dde4580f9?s=96&d=mm&r=g"},"magazineBlocksPostCommentsNumber":"0","magazineBlocksPostExcerpt":"El estreno de Eduardo Coudet como entrenador de River Plate se concretar\u00e1 el jueves 12 de marzo, cuando el conjunto de N\u00fa\u00f1ez visite a Hurac\u00e1n en Parque Patricios. Este encuentro, correspondiente a la d\u00e9cima fecha del Torneo Apertura 2026, ha generado una fuerte expectativa, en particular por la presi\u00f3n que implica revertir la reciente irregularidad...","magazineBlocksPostCategories":["Argentina"],"magazineBlocksPostViewCount":75,"magazineBlocksPostReadTime":4,"magazine_blocks_featured_image_url":{"full":false,"medium":false,"thumbnail":false},"magazine_blocks_author":{"display_name":"admin","author_link":"https:\/\/lobosnews.com.ar\/index.php\/author\/lobos-news\/"},"magazine_blocks_comment":0,"magazine_blocks_author_image":"https:\/\/secure.gravatar.com\/avatar\/76e419471a2083bc3ceab22a763dbbf9b0c1bd15a6214cf3280e2c2dde4580f9?s=96&d=mm&r=g","magazine_blocks_category":"<a href=\"#\" class=\"category-link category-link-30\">Argentina<\/a>","yoast_head":"<!-- This site is optimized with the Yoast SEO plugin v26.6 - https:\/\/yoast.com\/wordpress\/plugins\/seo\/ -->\n<title>Con una inc\u00f3gnita clave en el mediocampo, la formaci\u00f3n que perfila Coudet para su debut como DT de River Plate - Lobos News<\/title>\n<meta name=\"robots\" content=\"index, follow, max-snippet:-1, max-image-preview:large, max-video-preview:-1\" \/>\n<link rel=\"canonical\" href=\"https:\/\/lobosnews.com.ar\/index.php\/2026\/03\/08\/con-una-incognita-clave-en-el-mediocampo-la-formacion-que-perfila-coudet-para-su-debut-como-dt-de-river-plate\/\" \/>\n<meta property=\"og:locale\" content=\"es_ES\" \/>\n<meta property=\"og:type\" content=\"article\" \/>\n<meta property=\"og:title\" content=\"Con una inc\u00f3gnita clave en el mediocampo, la formaci\u00f3n que perfila Coudet para su debut como DT de River Plate - Lobos News\" \/>\n<meta property=\"og:description\" content=\"El estreno de Eduardo Coudet como entrenador de River Plate se concretar\u00e1 el jueves 12 de marzo, cuando el conjunto de N\u00fa\u00f1ez visite a Hurac\u00e1n en Parque Patricios. Este encuentro, correspondiente a la d\u00e9cima fecha del Torneo Apertura 2026, ha generado una fuerte expectativa, en particular por la presi\u00f3n que implica revertir la reciente irregularidad...\" \/>\n<meta property=\"og:url\" content=\"https:\/\/lobosnews.com.ar\/index.php\/2026\/03\/08\/con-una-incognita-clave-en-el-mediocampo-la-formacion-que-perfila-coudet-para-su-debut-como-dt-de-river-plate\/\" \/>\n<meta property=\"og:site_name\" content=\"Lobos News\" \/>\n<meta property=\"article:published_time\" content=\"2026-03-08T21:54:50+00:00\" \/>\n<meta property=\"article:modified_time\" content=\"2026-03-09T02:26:49+00:00\" \/>\n<meta property=\"og:image\" content=\"https:\/\/lobosnews.com.ar\/wp-content\/uploads\/2026\/03\/con-una-incognita-clave-en-el-mediocampo-la-formacion-que-perfila-coudet-para-su-debut-como-dt-de-river-plate.jpg\" \/>\n<meta name=\"author\" content=\"admin\" \/>\n<meta name=\"twitter:card\" content=\"summary_large_image\" \/>\n<meta name=\"twitter:label1\" content=\"Escrito por\" \/>\n\t<meta name=\"twitter:data1\" content=\"admin\" \/>\n\t<meta name=\"twitter:label2\" content=\"Tiempo de lectura\" \/>\n\t<meta name=\"twitter:data2\" content=\"4 minutos\" \/>\n<script type=\"application\/ld+json\" class=\"yoast-schema-graph\">{\"@context\":\"https:\/\/schema.org\",\"@graph\":[{\"@type\":\"Article\",\"@id\":\"https:\/\/lobosnews.com.ar\/index.php\/2026\/03\/08\/con-una-incognita-clave-en-el-mediocampo-la-formacion-que-perfila-coudet-para-su-debut-como-dt-de-river-plate\/#article\",\"isPartOf\":{\"@id\":\"https:\/\/lobosnews.com.ar\/index.php\/2026\/03\/08\/con-una-incognita-clave-en-el-mediocampo-la-formacion-que-perfila-coudet-para-su-debut-como-dt-de-river-plate\/\"},\"author\":{\"name\":\"admin\",\"@id\":\"https:\/\/lobosnews.com.ar\/#\/schema\/person\/232422a593d5c541dd9aef6aaed10943\"},\"headline\":\"Con una inc\u00f3gnita clave en el mediocampo, la formaci\u00f3n que perfila Coudet para su debut como DT de River Plate\",\"datePublished\":\"2026-03-08T21:54:50+00:00\",\"dateModified\":\"2026-03-09T02:26:49+00:00\",\"mainEntityOfPage\":{\"@id\":\"https:\/\/lobosnews.com.ar\/index.php\/2026\/03\/08\/con-una-incognita-clave-en-el-mediocampo-la-formacion-que-perfila-coudet-para-su-debut-como-dt-de-river-plate\/\"},\"wordCount\":727,\"commentCount\":0,\"publisher\":{\"@id\":\"https:\/\/lobosnews.com.ar\/#organization\"},\"image\":{\"@id\":\"https:\/\/lobosnews.com.ar\/index.php\/2026\/03\/08\/con-una-incognita-clave-en-el-mediocampo-la-formacion-que-perfila-coudet-para-su-debut-como-dt-de-river-plate\/#primaryimage\"},\"thumbnailUrl\":\"https:\/\/lobosnews.com.ar\/wp-content\/uploads\/2026\/03\/con-una-incognita-clave-en-el-mediocampo-la-formacion-que-perfila-coudet-para-su-debut-como-dt-de-river-plate.jpg\",\"keywords\":[\"Deportes\"],\"articleSection\":[\"Argentina\"],\"inLanguage\":\"es\",\"potentialAction\":[{\"@type\":\"CommentAction\",\"name\":\"Comment\",\"target\":[\"https:\/\/lobosnews.com.ar\/index.php\/2026\/03\/08\/con-una-incognita-clave-en-el-mediocampo-la-formacion-que-perfila-coudet-para-su-debut-como-dt-de-river-plate\/#respond\"]}]},{\"@type\":\"WebPage\",\"@id\":\"https:\/\/lobosnews.com.ar\/index.php\/2026\/03\/08\/con-una-incognita-clave-en-el-mediocampo-la-formacion-que-perfila-coudet-para-su-debut-como-dt-de-river-plate\/\",\"url\":\"https:\/\/lobosnews.com.ar\/index.php\/2026\/03\/08\/con-una-incognita-clave-en-el-mediocampo-la-formacion-que-perfila-coudet-para-su-debut-como-dt-de-river-plate\/\",\"name\":\"Con una inc\u00f3gnita clave en el mediocampo, la formaci\u00f3n que perfila Coudet para su debut como DT de River Plate - Lobos News\",\"isPartOf\":{\"@id\":\"https:\/\/lobosnews.com.ar\/#website\"},\"primaryImageOfPage\":{\"@id\":\"https:\/\/lobosnews.com.ar\/index.php\/2026\/03\/08\/con-una-incognita-clave-en-el-mediocampo-la-formacion-que-perfila-coudet-para-su-debut-como-dt-de-river-plate\/#primaryimage\"},\"image\":{\"@id\":\"https:\/\/lobosnews.com.ar\/index.php\/2026\/03\/08\/con-una-incognita-clave-en-el-mediocampo-la-formacion-que-perfila-coudet-para-su-debut-como-dt-de-river-plate\/#primaryimage\"},\"thumbnailUrl\":\"https:\/\/lobosnews.com.ar\/wp-content\/uploads\/2026\/03\/con-una-incognita-clave-en-el-mediocampo-la-formacion-que-perfila-coudet-para-su-debut-como-dt-de-river-plate.jpg\",\"datePublished\":\"2026-03-08T21:54:50+00:00\",\"dateModified\":\"2026-03-09T02:26:49+00:00\",\"breadcrumb\":{\"@id\":\"https:\/\/lobosnews.com.ar\/index.php\/2026\/03\/08\/con-una-incognita-clave-en-el-mediocampo-la-formacion-que-perfila-coudet-para-su-debut-como-dt-de-river-plate\/#breadcrumb\"},\"inLanguage\":\"es\",\"potentialAction\":[{\"@type\":\"ReadAction\",\"target\":[\"https:\/\/lobosnews.com.ar\/index.php\/2026\/03\/08\/con-una-incognita-clave-en-el-mediocampo-la-formacion-que-perfila-coudet-para-su-debut-como-dt-de-river-plate\/\"]}]},{\"@type\":\"ImageObject\",\"inLanguage\":\"es\",\"@id\":\"https:\/\/lobosnews.com.ar\/index.php\/2026\/03\/08\/con-una-incognita-clave-en-el-mediocampo-la-formacion-que-perfila-coudet-para-su-debut-como-dt-de-river-plate\/#primaryimage\",\"url\":\"https:\/\/lobosnews.com.ar\/wp-content\/uploads\/2026\/03\/con-una-incognita-clave-en-el-mediocampo-la-formacion-que-perfila-coudet-para-su-debut-como-dt-de-river-plate.jpg\",\"contentUrl\":\"https:\/\/lobosnews.com.ar\/wp-content\/uploads\/2026\/03\/con-una-incognita-clave-en-el-mediocampo-la-formacion-que-perfila-coudet-para-su-debut-como-dt-de-river-plate.jpg\"},{\"@type\":\"BreadcrumbList\",\"@id\":\"https:\/\/lobosnews.com.ar\/index.php\/2026\/03\/08\/con-una-incognita-clave-en-el-mediocampo-la-formacion-que-perfila-coudet-para-su-debut-como-dt-de-river-plate\/#breadcrumb\",\"itemListElement\":[{\"@type\":\"ListItem\",\"position\":1,\"name\":\"Portada\",\"item\":\"https:\/\/lobosnews.com.ar\/\"},{\"@type\":\"ListItem\",\"position\":2,\"name\":\"Con una inc\u00f3gnita clave en el mediocampo, la formaci\u00f3n que perfila Coudet para su debut como DT de River Plate\"}]},{\"@type\":\"WebSite\",\"@id\":\"https:\/\/lobosnews.com.ar\/#website\",\"url\":\"https:\/\/lobosnews.com.ar\/\",\"name\":\"Lobos News\",\"description\":\"Informaci\u00f3n a cada instante\",\"publisher\":{\"@id\":\"https:\/\/lobosnews.com.ar\/#organization\"},\"potentialAction\":[{\"@type\":\"SearchAction\",\"target\":{\"@type\":\"EntryPoint\",\"urlTemplate\":\"https:\/\/lobosnews.com.ar\/?s={search_term_string}\"},\"query-input\":{\"@type\":\"PropertyValueSpecification\",\"valueRequired\":true,\"valueName\":\"search_term_string\"}}],\"inLanguage\":\"es\"},{\"@type\":\"Organization\",\"@id\":\"https:\/\/lobosnews.com.ar\/#organization\",\"name\":\"Lobos News\",\"url\":\"https:\/\/lobosnews.com.ar\/\",\"logo\":{\"@type\":\"ImageObject\",\"inLanguage\":\"es\",\"@id\":\"https:\/\/lobosnews.com.ar\/#\/schema\/logo\/image\/\",\"url\":\"https:\/\/lobosnews.com.ar\/wp-content\/uploads\/2026\/01\/logo-lobosnews.png\",\"contentUrl\":\"https:\/\/lobosnews.com.ar\/wp-content\/uploads\/2026\/01\/logo-lobosnews.png\",\"width\":500,\"height\":200,\"caption\":\"Lobos News\"},\"image\":{\"@id\":\"https:\/\/lobosnews.com.ar\/#\/schema\/logo\/image\/\"}},{\"@type\":\"Person\",\"@id\":\"https:\/\/lobosnews.com.ar\/#\/schema\/person\/232422a593d5c541dd9aef6aaed10943\",\"name\":\"admin\",\"image\":{\"@type\":\"ImageObject\",\"inLanguage\":\"es\",\"@id\":\"https:\/\/lobosnews.com.ar\/#\/schema\/person\/image\/\",\"url\":\"https:\/\/secure.gravatar.com\/avatar\/76e419471a2083bc3ceab22a763dbbf9b0c1bd15a6214cf3280e2c2dde4580f9?s=96&d=mm&r=g\",\"contentUrl\":\"https:\/\/secure.gravatar.com\/avatar\/76e419471a2083bc3ceab22a763dbbf9b0c1bd15a6214cf3280e2c2dde4580f9?s=96&d=mm&r=g\",\"caption\":\"admin\"},\"sameAs\":[\"https:\/\/lobosnews.com.ar\"],\"url\":\"https:\/\/lobosnews.com.ar\/index.php\/author\/lobos-news\/\"}]}<\/script>\n<!-- \/ Yoast SEO plugin. -->","yoast_head_json":{"title":"Con una inc\u00f3gnita clave en el mediocampo, la formaci\u00f3n que perfila Coudet para su debut como DT de River Plate - Lobos News","robots":{"index":"index","follow":"follow","max-snippet":"max-snippet:-1","max-image-preview":"max-image-preview:large","max-video-preview":"max-video-preview:-1"},"canonical":"https:\/\/lobosnews.com.ar\/index.php\/2026\/03\/08\/con-una-incognita-clave-en-el-mediocampo-la-formacion-que-perfila-coudet-para-su-debut-como-dt-de-river-plate\/","og_locale":"es_ES","og_type":"article","og_title":"Con una inc\u00f3gnita clave en el mediocampo, la formaci\u00f3n que perfila Coudet para su debut como DT de River Plate - Lobos News","og_description":"El estreno de Eduardo Coudet como entrenador de River Plate se concretar\u00e1 el jueves 12 de marzo, cuando el conjunto de N\u00fa\u00f1ez visite a Hurac\u00e1n en Parque Patricios. Este encuentro, correspondiente a la d\u00e9cima fecha del Torneo Apertura 2026, ha generado una fuerte expectativa, en particular por la presi\u00f3n que implica revertir la reciente irregularidad...","og_url":"https:\/\/lobosnews.com.ar\/index.php\/2026\/03\/08\/con-una-incognita-clave-en-el-mediocampo-la-formacion-que-perfila-coudet-para-su-debut-como-dt-de-river-plate\/","og_site_name":"Lobos News","article_published_time":"2026-03-08T21:54:50+00:00","article_modified_time":"2026-03-09T02:26:49+00:00","og_image":[{"url":"https:\/\/lobosnews.com.ar\/wp-content\/uploads\/2026\/03\/con-una-incognita-clave-en-el-mediocampo-la-formacion-que-perfila-coudet-para-su-debut-como-dt-de-river-plate.jpg","type":"","width":"","height":""}],"author":"admin","twitter_card":"summary_large_image","twitter_misc":{"Escrito por":"admin","Tiempo de lectura":"4 minutos"},"schema":{"@context":"https:\/\/schema.org","@graph":[{"@type":"Article","@id":"https:\/\/lobosnews.com.ar\/index.php\/2026\/03\/08\/con-una-incognita-clave-en-el-mediocampo-la-formacion-que-perfila-coudet-para-su-debut-como-dt-de-river-plate\/#article","isPartOf":{"@id":"https:\/\/lobosnews.com.ar\/index.php\/2026\/03\/08\/con-una-incognita-clave-en-el-mediocampo-la-formacion-que-perfila-coudet-para-su-debut-como-dt-de-river-plate\/"},"author":{"name":"admin","@id":"https:\/\/lobosnews.com.ar\/#\/schema\/person\/232422a593d5c541dd9aef6aaed10943"},"headline":"Con una inc\u00f3gnita clave en el mediocampo, la formaci\u00f3n que perfila Coudet para su debut como DT de River Plate","datePublished":"2026-03-08T21:54:50+00:00","dateModified":"2026-03-09T02:26:49+00:00","mainEntityOfPage":{"@id":"https:\/\/lobosnews.com.ar\/index.php\/2026\/03\/08\/con-una-incognita-clave-en-el-mediocampo-la-formacion-que-perfila-coudet-para-su-debut-como-dt-de-river-plate\/"},"wordCount":727,"commentCount":0,"publisher":{"@id":"https:\/\/lobosnews.com.ar\/#organization"},"image":{"@id":"https:\/\/lobosnews.com.ar\/index.php\/2026\/03\/08\/con-una-incognita-clave-en-el-mediocampo-la-formacion-que-perfila-coudet-para-su-debut-como-dt-de-river-plate\/#primaryimage"},"thumbnailUrl":"https:\/\/lobosnews.com.ar\/wp-content\/uploads\/2026\/03\/con-una-incognita-clave-en-el-mediocampo-la-formacion-que-perfila-coudet-para-su-debut-como-dt-de-river-plate.jpg","keywords":["Deportes"],"articleSection":["Argentina"],"inLanguage":"es","potentialAction":[{"@type":"CommentAction","name":"Comment","target":["https:\/\/lobosnews.com.ar\/index.php\/2026\/03\/08\/con-una-incognita-clave-en-el-mediocampo-la-formacion-que-perfila-coudet-para-su-debut-como-dt-de-river-plate\/#respond"]}]},{"@type":"WebPage","@id":"https:\/\/lobosnews.com.ar\/index.php\/2026\/03\/08\/con-una-incognita-clave-en-el-mediocampo-la-formacion-que-perfila-coudet-para-su-debut-como-dt-de-river-plate\/","url":"https:\/\/lobosnews.com.ar\/index.php\/2026\/03\/08\/con-una-incognita-clave-en-el-mediocampo-la-formacion-que-perfila-coudet-para-su-debut-como-dt-de-river-plate\/","name":"Con una inc\u00f3gnita clave en el mediocampo, la formaci\u00f3n que perfila Coudet para su debut como DT de River Plate - Lobos News","isPartOf":{"@id":"https:\/\/lobosnews.com.ar\/#website"},"primaryImageOfPage":{"@id":"https:\/\/lobosnews.com.ar\/index.php\/2026\/03\/08\/con-una-incognita-clave-en-el-mediocampo-la-formacion-que-perfila-coudet-para-su-debut-como-dt-de-river-plate\/#primaryimage"},"image":{"@id":"https:\/\/lobosnews.com.ar\/index.php\/2026\/03\/08\/con-una-incognita-clave-en-el-mediocampo-la-formacion-que-perfila-coudet-para-su-debut-como-dt-de-river-plate\/#primaryimage"},"thumbnailUrl":"https:\/\/lobosnews.com.ar\/wp-content\/uploads\/2026\/03\/con-una-incognita-clave-en-el-mediocampo-la-formacion-que-perfila-coudet-para-su-debut-como-dt-de-river-plate.jpg","datePublished":"2026-03-08T21:54:50+00:00","dateModified":"2026-03-09T02:26:49+00:00","breadcrumb":{"@id":"https:\/\/lobosnews.com.ar\/index.php\/2026\/03\/08\/con-una-incognita-clave-en-el-mediocampo-la-formacion-que-perfila-coudet-para-su-debut-como-dt-de-river-plate\/#breadcrumb"},"inLanguage":"es","potentialAction":[{"@type":"ReadAction","target":["https:\/\/lobosnews.com.ar\/index.php\/2026\/03\/08\/con-una-incognita-clave-en-el-mediocampo-la-formacion-que-perfila-coudet-para-su-debut-como-dt-de-river-plate\/"]}]},{"@type":"ImageObject","inLanguage":"es","@id":"https:\/\/lobosnews.com.ar\/index.php\/2026\/03\/08\/con-una-incognita-clave-en-el-mediocampo-la-formacion-que-perfila-coudet-para-su-debut-como-dt-de-river-plate\/#primaryimage","url":"https:\/\/lobosnews.com.ar\/wp-content\/uploads\/2026\/03\/con-una-incognita-clave-en-el-mediocampo-la-formacion-que-perfila-coudet-para-su-debut-como-dt-de-river-plate.jpg","contentUrl":"https:\/\/lobosnews.com.ar\/wp-content\/uploads\/2026\/03\/con-una-incognita-clave-en-el-mediocampo-la-formacion-que-perfila-coudet-para-su-debut-como-dt-de-river-plate.jpg"},{"@type":"BreadcrumbList","@id":"https:\/\/lobosnews.com.ar\/index.php\/2026\/03\/08\/con-una-incognita-clave-en-el-mediocampo-la-formacion-que-perfila-coudet-para-su-debut-como-dt-de-river-plate\/#breadcrumb","itemListElement":[{"@type":"ListItem","position":1,"name":"Portada","item":"https:\/\/lobosnews.com.ar\/"},{"@type":"ListItem","position":2,"name":"Con una inc\u00f3gnita clave en el mediocampo, la formaci\u00f3n que perfila Coudet para su debut como DT de River Plate"}]},{"@type":"WebSite","@id":"https:\/\/lobosnews.com.ar\/#website","url":"https:\/\/lobosnews.com.ar\/","name":"Lobos News","description":"Informaci\u00f3n a cada instante","publisher":{"@id":"https:\/\/lobosnews.com.ar\/#organization"},"potentialAction":[{"@type":"SearchAction","target":{"@type":"EntryPoint","urlTemplate":"https:\/\/lobosnews.com.ar\/?s={search_term_string}"},"query-input":{"@type":"PropertyValueSpecification","valueRequired":true,"valueName":"search_term_string"}}],"inLanguage":"es"},{"@type":"Organization","@id":"https:\/\/lobosnews.com.ar\/#organization","name":"Lobos News","url":"https:\/\/lobosnews.com.ar\/","logo":{"@type":"ImageObject","inLanguage":"es","@id":"https:\/\/lobosnews.com.ar\/#\/schema\/logo\/image\/","url":"https:\/\/lobosnews.com.ar\/wp-content\/uploads\/2026\/01\/logo-lobosnews.png","contentUrl":"https:\/\/lobosnews.com.ar\/wp-content\/uploads\/2026\/01\/logo-lobosnews.png","width":500,"height":200,"caption":"Lobos News"},"image":{"@id":"https:\/\/lobosnews.com.ar\/#\/schema\/logo\/image\/"}},{"@type":"Person","@id":"https:\/\/lobosnews.com.ar\/#\/schema\/person\/232422a593d5c541dd9aef6aaed10943","name":"admin","image":{"@type":"ImageObject","inLanguage":"es","@id":"https:\/\/lobosnews.com.ar\/#\/schema\/person\/image\/","url":"https:\/\/secure.gravatar.com\/avatar\/76e419471a2083bc3ceab22a763dbbf9b0c1bd15a6214cf3280e2c2dde4580f9?s=96&d=mm&r=g","contentUrl":"https:\/\/secure.gravatar.com\/avatar\/76e419471a2083bc3ceab22a763dbbf9b0c1bd15a6214cf3280e2c2dde4580f9?s=96&d=mm&r=g","caption":"admin"},"sameAs":["https:\/\/lobosnews.com.ar"],"url":"https:\/\/lobosnews.com.ar\/index.php\/author\/lobos-news\/"}]}},"jetpack_featured_media_url":"","jetpack_sharing_enabled":true,"_links":{"self":[{"href":"https:\/\/lobosnews.com.ar\/index.php\/wp-json\/wp\/v2\/posts\/31000","targetHints":{"allow":["GET"]}}],"collection":[{"href":"https:\/\/lobosnews.com.ar\/index.php\/wp-json\/wp\/v2\/posts"}],"about":[{"href":"https:\/\/lobosnews.com.ar\/index.php\/wp-json\/wp\/v2\/types\/post"}],"author":[{"embeddable":true,"href":"https:\/\/lobosnews.com.ar\/index.php\/wp-json\/wp\/v2\/users\/1"}],"replies":[{"embeddable":true,"href":"https:\/\/lobosnews.com.ar\/index.php\/wp-json\/wp\/v2\/comments?post=31000"}],"version-history":[{"count":1,"href":"https:\/\/lobosnews.com.ar\/index.php\/wp-json\/wp\/v2\/posts\/31000\/revisions"}],"predecessor-version":[{"id":31003,"href":"https:\/\/lobosnews.com.ar\/index.php\/wp-json\/wp\/v2\/posts\/31000\/revisions\/31003"}],"wp:attachment":[{"href":"https:\/\/lobosnews.com.ar\/index.php\/wp-json\/wp\/v2\/media?parent=31000"}],"wp:term":[{"taxonomy":"category","embeddable":true,"href":"https:\/\/lobosnews.com.ar\/index.php\/wp-json\/wp\/v2\/categories?post=31000"},{"taxonomy":"post_tag","embeddable":true,"href":"https:\/\/lobosnews.com.ar\/index.php\/wp-json\/wp\/v2\/tags?post=31000"}],"curies":[{"name":"wp","href":"https:\/\/api.w.org\/{rel}","templated":true}]}}