{"id":30996,"date":"2026-03-08T23:02:37","date_gmt":"2026-03-08T23:02:37","guid":{"rendered":"https:\/\/lobosnews.com.ar\/index.php\/2026\/03\/08\/la-frase-del-agente-de-alexis-mac-allister-que-alimento-los-rumores-de-salida-del-liverpool-y-puso-en-alerta-al-real-madrid\/"},"modified":"2026-03-09T02:26:48","modified_gmt":"2026-03-09T02:26:48","slug":"la-frase-del-agente-de-alexis-mac-allister-que-alimento-los-rumores-de-salida-del-liverpool-y-puso-en-alerta-al-real-madrid","status":"publish","type":"post","link":"https:\/\/lobosnews.com.ar\/index.php\/2026\/03\/08\/la-frase-del-agente-de-alexis-mac-allister-que-alimento-los-rumores-de-salida-del-liverpool-y-puso-en-alerta-al-real-madrid\/","title":{"rendered":"La frase del agente de Alexis Mac Allister que aliment\u00f3 los rumores de salida del Liverpool y puso en alerta al Real Madrid"},"content":{"rendered":"<p><img loading=\"lazy\" decoding=\"async\" src=\"https:\/\/lobosnews.com.ar\/wp-content\/uploads\/2026\/03\/la-frase-del-agente-de-alexis-mac-allister-que-alimento-los-rumores-de-salida-del-liverpool-y-puso-en-alerta-al-real-madrid.jpg\" alt=\"Alexis Mac Allister celebra un gol al Real Madrid en Anfield (Reuters\/Jason Cairnduff)\" height=\"1568\" width=\"2788\"\/><\/p>\n<p>El futuro de <b>Alexis Mac Allister<\/b> en el <b>Liverpool<\/b> permanece abierto mientras los rumores sobre el inter\u00e9s del <b>Real Madrid<\/b> crecen, en un contexto en el que su contrato con los ingleses se extiende hasta 2028 y, seg\u00fan confirm\u00f3 su padre y agente <b>Carlos Mac Allister<\/b>, \u201cno hay negociaciones con el Liverpool para renovar el contrato\u201d. Esta falta de conversaciones contrasta con la renovaci\u00f3n de otros jugadores clave del plantel, lo que incrementa la expectativa y especulaci\u00f3n en torno a una posible salida del mediocampista argentino al final de la temporada.<\/p>\n<p>A pesar de la tranquilidad contractual que supone tener v\u00ednculo hasta junio de 2028, la ausencia de gestiones para una extensi\u00f3n en este momento sobresale dentro del club, especialmente cuando otros futbolistas s\u00ed han avanzado en renovaciones. Ryan Gravenberch, compa\u00f1ero directo de <b>Mac Allister<\/b> en el mediocampo, ten\u00eda un compromiso firmado hasta 2028 pero recientemente renov\u00f3 su contrato hasta 2032. Dominik Szoboszlai, cuya situaci\u00f3n contractual es id\u00e9ntica a la del argentino, mantiene gestiones avanzadas para una renovaci\u00f3n, de acuerdo con la misma fuente.<\/p>\n<p><b>Carlos Mac Allister<\/b>, en declaraciones recientes a <i>Win Win<\/i>, programa deportivo especializado: \u201cNo hay negociaciones con el Liverpool para renovar el contrato\u201d. El representante tambi\u00e9n puntualiz\u00f3 que su hijo est\u00e1 \u201cfeliz y c\u00f3modo\u201d en Anfield, pero mencion\u00f3 que cualquier movimiento en el mercado estival depender\u00e1 del desarrollo de los pr\u00f3ximos meses. Paralelamente, fuentes de <i>Mundo Deportivo<\/i> concuerdan en que el propio jugador ver\u00eda con buenos ojos un cambio de club, especialmente tras una campa\u00f1a en la que el <b>Liverpool<\/b> no logr\u00f3 sostener el rendimiento que lo llev\u00f3 al t\u00edtulo de la Premier League la temporada anterior y actualmente ocupa el sexto puesto, a <b>3 puntos<\/b> del cuarto lugar, el \u00faltimo que clasifica a la Champions League.<\/p>\n<p><img loading=\"lazy\" decoding=\"async\" src=\"https:\/\/lobosnews.com.ar\/wp-content\/uploads\/2026\/03\/la-frase-del-agente-de-alexis-mac-allister-que-alimento-los-rumores-de-salida-del-liverpool-y-puso-en-alerta-al-real-madrid-1.jpg\" alt=\"Alexis Mac Allister no est\u00e1 en negociaciones para renovar su v\u00ednculo con el Liverpool que expira en 2028 (Reuters\/Peter Cziborra)\" height=\"1612\" width=\"2379\"\/><\/p>\n<p>Ante la falta de un entrenador fijo en el <b>Real Madrid<\/b> tras la salida de Xabi Alonso en enero y la situaci\u00f3n institucional inestable, la llegada de <b>Mac Allister<\/b> solo ser\u00eda viable si el futuro proyecto deportivo liderado por Florentino P\u00e9rez lo contempla. Adem\u00e1s, la cl\u00e1usula de rescisi\u00f3n del contrato del argentino es de <b>85 millones de euros<\/b>, lo que representa un obst\u00e1culo financiero considerable para los interesados. El art\u00edculo tambi\u00e9n menciona que otras figuras con proyecci\u00f3n en el f\u00fatbol europeo, como Enzo Fern\u00e1ndez o Cuti Romero, figuran en la lista de potenciales refuerzos del club blanco, ambos con cl\u00e1usulas de salida destacadas.<\/p>\n<p>Desde su llegada al <b>Liverpool<\/b> en 2023 procedente del Brighton, <b>Mac Allister<\/b> consolid\u00f3 su papel como titular en el equipo de Anfield. Es considerado uno de los mejores centrocampistas del mundo y est\u00e1 cerca de igualar sus registros personales de la temporada anterior, con <b>cinco goles y cuatro asistencias en 41 partidos<\/b> durante la presente campa\u00f1a. En la temporada anterior, seg\u00fan cifras oficiales de la Premier League, firm\u00f3 <b>siete goles y seis asistencias<\/b>; en el Brighton, en la 2022\/23, alcanz\u00f3 su mejor marca con <b>12 tantos<\/b>.<\/p>\n<p>El equipo dirigido por <b>Arne Slot<\/b> se encuentra enfocado en tres objetivos deportivos: asegurar la clasificaci\u00f3n a la pr\u00f3xima edici\u00f3n de la Champions League, avanzar en los octavos de final de la competici\u00f3n europea \u2014donde enfrenta al <i>Galatasaray<\/i> y podr\u00eda cruzarse con PSG o Chelsea en cuartos\u2014, y competir en la<i> FA Cup<\/i>, ya instalado en cuartos de final tras vencer al <b>Wolverhampton<\/b> <b>3-1<\/b>. En cada uno de estos desaf\u00edos, <b>Mac Allister<\/b> mantiene un rol destacado, respaldado tanto por el entrenador neerland\u00e9s como por el ex t\u00e9cnico J\u00fcrgen Klopp.<\/p>\n<p>La estrategia de renovar y asegurar a piezas clave en la plantilla, como ya se evidenci\u00f3 con Gravenberch, coloca presi\u00f3n sobre la dirigencia para definir el futuro de <b>Mac Allister<\/b>. Por ahora, el argentino tiene contrato vigente, pero la falta de negociaciones y el inter\u00e9s del <b>Real Madrid<\/b> abren un periodo de incertidumbre que depender\u00e1 tanto de la voluntad del club de Anfield como de la evoluci\u00f3n del mercado europeo al concluir la temporada.<\/p>\n","protected":false},"excerpt":{"rendered":"<p>El futuro de Alexis Mac Allister en el Liverpool permanece abierto mientras los rumores sobre el inter\u00e9s del Real Madrid crecen, en un contexto en el que su contrato con los ingleses se extiende hasta 2028 y, seg\u00fan confirm\u00f3 su padre y agente Carlos Mac Allister, \u201cno hay negociaciones con el Liverpool para renovar el&#8230;<\/p>\n","protected":false},"author":1,"featured_media":0,"comment_status":"open","ping_status":"closed","sticky":false,"template":"","format":"standard","meta":{"_jetpack_memberships_contains_paid_content":false,"footnotes":""},"categories":[30],"tags":[39],"class_list":["post-30996","post","type-post","status-publish","format-standard","hentry","category-argentina","tag-deportes"],"magazineBlocksPostFeaturedMedia":{"thumbnail":false,"medium":false,"medium_large":false,"large":false,"1536x1536":false,"2048x2048":false,"newsmatic-featured":false,"newsmatic-list":false,"newsmatic-thumb":false,"newsmatic-small":false,"newsmatic-grid":false},"magazineBlocksPostAuthor":{"name":"admin","avatar":"https:\/\/secure.gravatar.com\/avatar\/76e419471a2083bc3ceab22a763dbbf9b0c1bd15a6214cf3280e2c2dde4580f9?s=96&d=mm&r=g"},"magazineBlocksPostCommentsNumber":"0","magazineBlocksPostExcerpt":"El futuro de Alexis Mac Allister en el Liverpool permanece abierto mientras los rumores sobre el inter\u00e9s del Real Madrid crecen, en un contexto en el que su contrato con los ingleses se extiende hasta 2028 y, seg\u00fan confirm\u00f3 su padre y agente Carlos Mac Allister, \u201cno hay negociaciones con el Liverpool para renovar el...","magazineBlocksPostCategories":["Argentina"],"magazineBlocksPostViewCount":75,"magazineBlocksPostReadTime":4,"magazine_blocks_featured_image_url":{"full":false,"medium":false,"thumbnail":false},"magazine_blocks_author":{"display_name":"admin","author_link":"https:\/\/lobosnews.com.ar\/index.php\/author\/lobos-news\/"},"magazine_blocks_comment":0,"magazine_blocks_author_image":"https:\/\/secure.gravatar.com\/avatar\/76e419471a2083bc3ceab22a763dbbf9b0c1bd15a6214cf3280e2c2dde4580f9?s=96&d=mm&r=g","magazine_blocks_category":"<a href=\"#\" class=\"category-link category-link-30\">Argentina<\/a>","yoast_head":"<!-- This site is optimized with the Yoast SEO plugin v26.6 - https:\/\/yoast.com\/wordpress\/plugins\/seo\/ -->\n<title>La frase del agente de Alexis Mac Allister que aliment\u00f3 los rumores de salida del Liverpool y puso en alerta al Real Madrid - Lobos News<\/title>\n<meta name=\"robots\" content=\"index, follow, max-snippet:-1, max-image-preview:large, max-video-preview:-1\" \/>\n<link rel=\"canonical\" href=\"https:\/\/lobosnews.com.ar\/index.php\/2026\/03\/08\/la-frase-del-agente-de-alexis-mac-allister-que-alimento-los-rumores-de-salida-del-liverpool-y-puso-en-alerta-al-real-madrid\/\" \/>\n<meta property=\"og:locale\" content=\"es_ES\" \/>\n<meta property=\"og:type\" content=\"article\" \/>\n<meta property=\"og:title\" content=\"La frase del agente de Alexis Mac Allister que aliment\u00f3 los rumores de salida del Liverpool y puso en alerta al Real Madrid - Lobos News\" \/>\n<meta property=\"og:description\" content=\"El futuro de Alexis Mac Allister en el Liverpool permanece abierto mientras los rumores sobre el inter\u00e9s del Real Madrid crecen, en un contexto en el que su contrato con los ingleses se extiende hasta 2028 y, seg\u00fan confirm\u00f3 su padre y agente Carlos Mac Allister, \u201cno hay negociaciones con el Liverpool para renovar el...\" \/>\n<meta property=\"og:url\" content=\"https:\/\/lobosnews.com.ar\/index.php\/2026\/03\/08\/la-frase-del-agente-de-alexis-mac-allister-que-alimento-los-rumores-de-salida-del-liverpool-y-puso-en-alerta-al-real-madrid\/\" \/>\n<meta property=\"og:site_name\" content=\"Lobos News\" \/>\n<meta property=\"article:published_time\" content=\"2026-03-08T23:02:37+00:00\" \/>\n<meta property=\"article:modified_time\" content=\"2026-03-09T02:26:48+00:00\" \/>\n<meta property=\"og:image\" content=\"https:\/\/lobosnews.com.ar\/wp-content\/uploads\/2026\/03\/la-frase-del-agente-de-alexis-mac-allister-que-alimento-los-rumores-de-salida-del-liverpool-y-puso-en-alerta-al-real-madrid.jpg\" \/>\n<meta name=\"author\" content=\"admin\" \/>\n<meta name=\"twitter:card\" content=\"summary_large_image\" \/>\n<meta name=\"twitter:label1\" content=\"Escrito por\" \/>\n\t<meta name=\"twitter:data1\" content=\"admin\" \/>\n\t<meta name=\"twitter:label2\" content=\"Tiempo de lectura\" \/>\n\t<meta name=\"twitter:data2\" content=\"3 minutos\" \/>\n<script type=\"application\/ld+json\" class=\"yoast-schema-graph\">{\"@context\":\"https:\/\/schema.org\",\"@graph\":[{\"@type\":\"Article\",\"@id\":\"https:\/\/lobosnews.com.ar\/index.php\/2026\/03\/08\/la-frase-del-agente-de-alexis-mac-allister-que-alimento-los-rumores-de-salida-del-liverpool-y-puso-en-alerta-al-real-madrid\/#article\",\"isPartOf\":{\"@id\":\"https:\/\/lobosnews.com.ar\/index.php\/2026\/03\/08\/la-frase-del-agente-de-alexis-mac-allister-que-alimento-los-rumores-de-salida-del-liverpool-y-puso-en-alerta-al-real-madrid\/\"},\"author\":{\"name\":\"admin\",\"@id\":\"https:\/\/lobosnews.com.ar\/#\/schema\/person\/232422a593d5c541dd9aef6aaed10943\"},\"headline\":\"La frase del agente de Alexis Mac Allister que aliment\u00f3 los rumores de salida del Liverpool y puso en alerta al Real Madrid\",\"datePublished\":\"2026-03-08T23:02:37+00:00\",\"dateModified\":\"2026-03-09T02:26:48+00:00\",\"mainEntityOfPage\":{\"@id\":\"https:\/\/lobosnews.com.ar\/index.php\/2026\/03\/08\/la-frase-del-agente-de-alexis-mac-allister-que-alimento-los-rumores-de-salida-del-liverpool-y-puso-en-alerta-al-real-madrid\/\"},\"wordCount\":699,\"commentCount\":0,\"publisher\":{\"@id\":\"https:\/\/lobosnews.com.ar\/#organization\"},\"image\":{\"@id\":\"https:\/\/lobosnews.com.ar\/index.php\/2026\/03\/08\/la-frase-del-agente-de-alexis-mac-allister-que-alimento-los-rumores-de-salida-del-liverpool-y-puso-en-alerta-al-real-madrid\/#primaryimage\"},\"thumbnailUrl\":\"https:\/\/lobosnews.com.ar\/wp-content\/uploads\/2026\/03\/la-frase-del-agente-de-alexis-mac-allister-que-alimento-los-rumores-de-salida-del-liverpool-y-puso-en-alerta-al-real-madrid.jpg\",\"keywords\":[\"Deportes\"],\"articleSection\":[\"Argentina\"],\"inLanguage\":\"es\",\"potentialAction\":[{\"@type\":\"CommentAction\",\"name\":\"Comment\",\"target\":[\"https:\/\/lobosnews.com.ar\/index.php\/2026\/03\/08\/la-frase-del-agente-de-alexis-mac-allister-que-alimento-los-rumores-de-salida-del-liverpool-y-puso-en-alerta-al-real-madrid\/#respond\"]}]},{\"@type\":\"WebPage\",\"@id\":\"https:\/\/lobosnews.com.ar\/index.php\/2026\/03\/08\/la-frase-del-agente-de-alexis-mac-allister-que-alimento-los-rumores-de-salida-del-liverpool-y-puso-en-alerta-al-real-madrid\/\",\"url\":\"https:\/\/lobosnews.com.ar\/index.php\/2026\/03\/08\/la-frase-del-agente-de-alexis-mac-allister-que-alimento-los-rumores-de-salida-del-liverpool-y-puso-en-alerta-al-real-madrid\/\",\"name\":\"La frase del agente de Alexis Mac Allister que aliment\u00f3 los rumores de salida del Liverpool y puso en alerta al Real Madrid - Lobos News\",\"isPartOf\":{\"@id\":\"https:\/\/lobosnews.com.ar\/#website\"},\"primaryImageOfPage\":{\"@id\":\"https:\/\/lobosnews.com.ar\/index.php\/2026\/03\/08\/la-frase-del-agente-de-alexis-mac-allister-que-alimento-los-rumores-de-salida-del-liverpool-y-puso-en-alerta-al-real-madrid\/#primaryimage\"},\"image\":{\"@id\":\"https:\/\/lobosnews.com.ar\/index.php\/2026\/03\/08\/la-frase-del-agente-de-alexis-mac-allister-que-alimento-los-rumores-de-salida-del-liverpool-y-puso-en-alerta-al-real-madrid\/#primaryimage\"},\"thumbnailUrl\":\"https:\/\/lobosnews.com.ar\/wp-content\/uploads\/2026\/03\/la-frase-del-agente-de-alexis-mac-allister-que-alimento-los-rumores-de-salida-del-liverpool-y-puso-en-alerta-al-real-madrid.jpg\",\"datePublished\":\"2026-03-08T23:02:37+00:00\",\"dateModified\":\"2026-03-09T02:26:48+00:00\",\"breadcrumb\":{\"@id\":\"https:\/\/lobosnews.com.ar\/index.php\/2026\/03\/08\/la-frase-del-agente-de-alexis-mac-allister-que-alimento-los-rumores-de-salida-del-liverpool-y-puso-en-alerta-al-real-madrid\/#breadcrumb\"},\"inLanguage\":\"es\",\"potentialAction\":[{\"@type\":\"ReadAction\",\"target\":[\"https:\/\/lobosnews.com.ar\/index.php\/2026\/03\/08\/la-frase-del-agente-de-alexis-mac-allister-que-alimento-los-rumores-de-salida-del-liverpool-y-puso-en-alerta-al-real-madrid\/\"]}]},{\"@type\":\"ImageObject\",\"inLanguage\":\"es\",\"@id\":\"https:\/\/lobosnews.com.ar\/index.php\/2026\/03\/08\/la-frase-del-agente-de-alexis-mac-allister-que-alimento-los-rumores-de-salida-del-liverpool-y-puso-en-alerta-al-real-madrid\/#primaryimage\",\"url\":\"https:\/\/lobosnews.com.ar\/wp-content\/uploads\/2026\/03\/la-frase-del-agente-de-alexis-mac-allister-que-alimento-los-rumores-de-salida-del-liverpool-y-puso-en-alerta-al-real-madrid.jpg\",\"contentUrl\":\"https:\/\/lobosnews.com.ar\/wp-content\/uploads\/2026\/03\/la-frase-del-agente-de-alexis-mac-allister-que-alimento-los-rumores-de-salida-del-liverpool-y-puso-en-alerta-al-real-madrid.jpg\"},{\"@type\":\"BreadcrumbList\",\"@id\":\"https:\/\/lobosnews.com.ar\/index.php\/2026\/03\/08\/la-frase-del-agente-de-alexis-mac-allister-que-alimento-los-rumores-de-salida-del-liverpool-y-puso-en-alerta-al-real-madrid\/#breadcrumb\",\"itemListElement\":[{\"@type\":\"ListItem\",\"position\":1,\"name\":\"Portada\",\"item\":\"https:\/\/lobosnews.com.ar\/\"},{\"@type\":\"ListItem\",\"position\":2,\"name\":\"La frase del agente de Alexis Mac Allister que aliment\u00f3 los rumores de salida del Liverpool y puso en alerta al Real Madrid\"}]},{\"@type\":\"WebSite\",\"@id\":\"https:\/\/lobosnews.com.ar\/#website\",\"url\":\"https:\/\/lobosnews.com.ar\/\",\"name\":\"Lobos News\",\"description\":\"Informaci\u00f3n a cada instante\",\"publisher\":{\"@id\":\"https:\/\/lobosnews.com.ar\/#organization\"},\"potentialAction\":[{\"@type\":\"SearchAction\",\"target\":{\"@type\":\"EntryPoint\",\"urlTemplate\":\"https:\/\/lobosnews.com.ar\/?s={search_term_string}\"},\"query-input\":{\"@type\":\"PropertyValueSpecification\",\"valueRequired\":true,\"valueName\":\"search_term_string\"}}],\"inLanguage\":\"es\"},{\"@type\":\"Organization\",\"@id\":\"https:\/\/lobosnews.com.ar\/#organization\",\"name\":\"Lobos News\",\"url\":\"https:\/\/lobosnews.com.ar\/\",\"logo\":{\"@type\":\"ImageObject\",\"inLanguage\":\"es\",\"@id\":\"https:\/\/lobosnews.com.ar\/#\/schema\/logo\/image\/\",\"url\":\"https:\/\/lobosnews.com.ar\/wp-content\/uploads\/2026\/01\/logo-lobosnews.png\",\"contentUrl\":\"https:\/\/lobosnews.com.ar\/wp-content\/uploads\/2026\/01\/logo-lobosnews.png\",\"width\":500,\"height\":200,\"caption\":\"Lobos News\"},\"image\":{\"@id\":\"https:\/\/lobosnews.com.ar\/#\/schema\/logo\/image\/\"}},{\"@type\":\"Person\",\"@id\":\"https:\/\/lobosnews.com.ar\/#\/schema\/person\/232422a593d5c541dd9aef6aaed10943\",\"name\":\"admin\",\"image\":{\"@type\":\"ImageObject\",\"inLanguage\":\"es\",\"@id\":\"https:\/\/lobosnews.com.ar\/#\/schema\/person\/image\/\",\"url\":\"https:\/\/secure.gravatar.com\/avatar\/76e419471a2083bc3ceab22a763dbbf9b0c1bd15a6214cf3280e2c2dde4580f9?s=96&d=mm&r=g\",\"contentUrl\":\"https:\/\/secure.gravatar.com\/avatar\/76e419471a2083bc3ceab22a763dbbf9b0c1bd15a6214cf3280e2c2dde4580f9?s=96&d=mm&r=g\",\"caption\":\"admin\"},\"sameAs\":[\"https:\/\/lobosnews.com.ar\"],\"url\":\"https:\/\/lobosnews.com.ar\/index.php\/author\/lobos-news\/\"}]}<\/script>\n<!-- \/ Yoast SEO plugin. -->","yoast_head_json":{"title":"La frase del agente de Alexis Mac Allister que aliment\u00f3 los rumores de salida del Liverpool y puso en alerta al Real Madrid - Lobos News","robots":{"index":"index","follow":"follow","max-snippet":"max-snippet:-1","max-image-preview":"max-image-preview:large","max-video-preview":"max-video-preview:-1"},"canonical":"https:\/\/lobosnews.com.ar\/index.php\/2026\/03\/08\/la-frase-del-agente-de-alexis-mac-allister-que-alimento-los-rumores-de-salida-del-liverpool-y-puso-en-alerta-al-real-madrid\/","og_locale":"es_ES","og_type":"article","og_title":"La frase del agente de Alexis Mac Allister que aliment\u00f3 los rumores de salida del Liverpool y puso en alerta al Real Madrid - Lobos News","og_description":"El futuro de Alexis Mac Allister en el Liverpool permanece abierto mientras los rumores sobre el inter\u00e9s del Real Madrid crecen, en un contexto en el que su contrato con los ingleses se extiende hasta 2028 y, seg\u00fan confirm\u00f3 su padre y agente Carlos Mac Allister, \u201cno hay negociaciones con el Liverpool para renovar el...","og_url":"https:\/\/lobosnews.com.ar\/index.php\/2026\/03\/08\/la-frase-del-agente-de-alexis-mac-allister-que-alimento-los-rumores-de-salida-del-liverpool-y-puso-en-alerta-al-real-madrid\/","og_site_name":"Lobos News","article_published_time":"2026-03-08T23:02:37+00:00","article_modified_time":"2026-03-09T02:26:48+00:00","og_image":[{"url":"https:\/\/lobosnews.com.ar\/wp-content\/uploads\/2026\/03\/la-frase-del-agente-de-alexis-mac-allister-que-alimento-los-rumores-de-salida-del-liverpool-y-puso-en-alerta-al-real-madrid.jpg","type":"","width":"","height":""}],"author":"admin","twitter_card":"summary_large_image","twitter_misc":{"Escrito por":"admin","Tiempo de lectura":"3 minutos"},"schema":{"@context":"https:\/\/schema.org","@graph":[{"@type":"Article","@id":"https:\/\/lobosnews.com.ar\/index.php\/2026\/03\/08\/la-frase-del-agente-de-alexis-mac-allister-que-alimento-los-rumores-de-salida-del-liverpool-y-puso-en-alerta-al-real-madrid\/#article","isPartOf":{"@id":"https:\/\/lobosnews.com.ar\/index.php\/2026\/03\/08\/la-frase-del-agente-de-alexis-mac-allister-que-alimento-los-rumores-de-salida-del-liverpool-y-puso-en-alerta-al-real-madrid\/"},"author":{"name":"admin","@id":"https:\/\/lobosnews.com.ar\/#\/schema\/person\/232422a593d5c541dd9aef6aaed10943"},"headline":"La frase del agente de Alexis Mac Allister que aliment\u00f3 los rumores de salida del Liverpool y puso en alerta al Real Madrid","datePublished":"2026-03-08T23:02:37+00:00","dateModified":"2026-03-09T02:26:48+00:00","mainEntityOfPage":{"@id":"https:\/\/lobosnews.com.ar\/index.php\/2026\/03\/08\/la-frase-del-agente-de-alexis-mac-allister-que-alimento-los-rumores-de-salida-del-liverpool-y-puso-en-alerta-al-real-madrid\/"},"wordCount":699,"commentCount":0,"publisher":{"@id":"https:\/\/lobosnews.com.ar\/#organization"},"image":{"@id":"https:\/\/lobosnews.com.ar\/index.php\/2026\/03\/08\/la-frase-del-agente-de-alexis-mac-allister-que-alimento-los-rumores-de-salida-del-liverpool-y-puso-en-alerta-al-real-madrid\/#primaryimage"},"thumbnailUrl":"https:\/\/lobosnews.com.ar\/wp-content\/uploads\/2026\/03\/la-frase-del-agente-de-alexis-mac-allister-que-alimento-los-rumores-de-salida-del-liverpool-y-puso-en-alerta-al-real-madrid.jpg","keywords":["Deportes"],"articleSection":["Argentina"],"inLanguage":"es","potentialAction":[{"@type":"CommentAction","name":"Comment","target":["https:\/\/lobosnews.com.ar\/index.php\/2026\/03\/08\/la-frase-del-agente-de-alexis-mac-allister-que-alimento-los-rumores-de-salida-del-liverpool-y-puso-en-alerta-al-real-madrid\/#respond"]}]},{"@type":"WebPage","@id":"https:\/\/lobosnews.com.ar\/index.php\/2026\/03\/08\/la-frase-del-agente-de-alexis-mac-allister-que-alimento-los-rumores-de-salida-del-liverpool-y-puso-en-alerta-al-real-madrid\/","url":"https:\/\/lobosnews.com.ar\/index.php\/2026\/03\/08\/la-frase-del-agente-de-alexis-mac-allister-que-alimento-los-rumores-de-salida-del-liverpool-y-puso-en-alerta-al-real-madrid\/","name":"La frase del agente de Alexis Mac Allister que aliment\u00f3 los rumores de salida del Liverpool y puso en alerta al Real Madrid - Lobos News","isPartOf":{"@id":"https:\/\/lobosnews.com.ar\/#website"},"primaryImageOfPage":{"@id":"https:\/\/lobosnews.com.ar\/index.php\/2026\/03\/08\/la-frase-del-agente-de-alexis-mac-allister-que-alimento-los-rumores-de-salida-del-liverpool-y-puso-en-alerta-al-real-madrid\/#primaryimage"},"image":{"@id":"https:\/\/lobosnews.com.ar\/index.php\/2026\/03\/08\/la-frase-del-agente-de-alexis-mac-allister-que-alimento-los-rumores-de-salida-del-liverpool-y-puso-en-alerta-al-real-madrid\/#primaryimage"},"thumbnailUrl":"https:\/\/lobosnews.com.ar\/wp-content\/uploads\/2026\/03\/la-frase-del-agente-de-alexis-mac-allister-que-alimento-los-rumores-de-salida-del-liverpool-y-puso-en-alerta-al-real-madrid.jpg","datePublished":"2026-03-08T23:02:37+00:00","dateModified":"2026-03-09T02:26:48+00:00","breadcrumb":{"@id":"https:\/\/lobosnews.com.ar\/index.php\/2026\/03\/08\/la-frase-del-agente-de-alexis-mac-allister-que-alimento-los-rumores-de-salida-del-liverpool-y-puso-en-alerta-al-real-madrid\/#breadcrumb"},"inLanguage":"es","potentialAction":[{"@type":"ReadAction","target":["https:\/\/lobosnews.com.ar\/index.php\/2026\/03\/08\/la-frase-del-agente-de-alexis-mac-allister-que-alimento-los-rumores-de-salida-del-liverpool-y-puso-en-alerta-al-real-madrid\/"]}]},{"@type":"ImageObject","inLanguage":"es","@id":"https:\/\/lobosnews.com.ar\/index.php\/2026\/03\/08\/la-frase-del-agente-de-alexis-mac-allister-que-alimento-los-rumores-de-salida-del-liverpool-y-puso-en-alerta-al-real-madrid\/#primaryimage","url":"https:\/\/lobosnews.com.ar\/wp-content\/uploads\/2026\/03\/la-frase-del-agente-de-alexis-mac-allister-que-alimento-los-rumores-de-salida-del-liverpool-y-puso-en-alerta-al-real-madrid.jpg","contentUrl":"https:\/\/lobosnews.com.ar\/wp-content\/uploads\/2026\/03\/la-frase-del-agente-de-alexis-mac-allister-que-alimento-los-rumores-de-salida-del-liverpool-y-puso-en-alerta-al-real-madrid.jpg"},{"@type":"BreadcrumbList","@id":"https:\/\/lobosnews.com.ar\/index.php\/2026\/03\/08\/la-frase-del-agente-de-alexis-mac-allister-que-alimento-los-rumores-de-salida-del-liverpool-y-puso-en-alerta-al-real-madrid\/#breadcrumb","itemListElement":[{"@type":"ListItem","position":1,"name":"Portada","item":"https:\/\/lobosnews.com.ar\/"},{"@type":"ListItem","position":2,"name":"La frase del agente de Alexis Mac Allister que aliment\u00f3 los rumores de salida del Liverpool y puso en alerta al Real Madrid"}]},{"@type":"WebSite","@id":"https:\/\/lobosnews.com.ar\/#website","url":"https:\/\/lobosnews.com.ar\/","name":"Lobos News","description":"Informaci\u00f3n a cada instante","publisher":{"@id":"https:\/\/lobosnews.com.ar\/#organization"},"potentialAction":[{"@type":"SearchAction","target":{"@type":"EntryPoint","urlTemplate":"https:\/\/lobosnews.com.ar\/?s={search_term_string}"},"query-input":{"@type":"PropertyValueSpecification","valueRequired":true,"valueName":"search_term_string"}}],"inLanguage":"es"},{"@type":"Organization","@id":"https:\/\/lobosnews.com.ar\/#organization","name":"Lobos News","url":"https:\/\/lobosnews.com.ar\/","logo":{"@type":"ImageObject","inLanguage":"es","@id":"https:\/\/lobosnews.com.ar\/#\/schema\/logo\/image\/","url":"https:\/\/lobosnews.com.ar\/wp-content\/uploads\/2026\/01\/logo-lobosnews.png","contentUrl":"https:\/\/lobosnews.com.ar\/wp-content\/uploads\/2026\/01\/logo-lobosnews.png","width":500,"height":200,"caption":"Lobos News"},"image":{"@id":"https:\/\/lobosnews.com.ar\/#\/schema\/logo\/image\/"}},{"@type":"Person","@id":"https:\/\/lobosnews.com.ar\/#\/schema\/person\/232422a593d5c541dd9aef6aaed10943","name":"admin","image":{"@type":"ImageObject","inLanguage":"es","@id":"https:\/\/lobosnews.com.ar\/#\/schema\/person\/image\/","url":"https:\/\/secure.gravatar.com\/avatar\/76e419471a2083bc3ceab22a763dbbf9b0c1bd15a6214cf3280e2c2dde4580f9?s=96&d=mm&r=g","contentUrl":"https:\/\/secure.gravatar.com\/avatar\/76e419471a2083bc3ceab22a763dbbf9b0c1bd15a6214cf3280e2c2dde4580f9?s=96&d=mm&r=g","caption":"admin"},"sameAs":["https:\/\/lobosnews.com.ar"],"url":"https:\/\/lobosnews.com.ar\/index.php\/author\/lobos-news\/"}]}},"jetpack_featured_media_url":"","jetpack_sharing_enabled":true,"_links":{"self":[{"href":"https:\/\/lobosnews.com.ar\/index.php\/wp-json\/wp\/v2\/posts\/30996","targetHints":{"allow":["GET"]}}],"collection":[{"href":"https:\/\/lobosnews.com.ar\/index.php\/wp-json\/wp\/v2\/posts"}],"about":[{"href":"https:\/\/lobosnews.com.ar\/index.php\/wp-json\/wp\/v2\/types\/post"}],"author":[{"embeddable":true,"href":"https:\/\/lobosnews.com.ar\/index.php\/wp-json\/wp\/v2\/users\/1"}],"replies":[{"embeddable":true,"href":"https:\/\/lobosnews.com.ar\/index.php\/wp-json\/wp\/v2\/comments?post=30996"}],"version-history":[{"count":1,"href":"https:\/\/lobosnews.com.ar\/index.php\/wp-json\/wp\/v2\/posts\/30996\/revisions"}],"predecessor-version":[{"id":30999,"href":"https:\/\/lobosnews.com.ar\/index.php\/wp-json\/wp\/v2\/posts\/30996\/revisions\/30999"}],"wp:attachment":[{"href":"https:\/\/lobosnews.com.ar\/index.php\/wp-json\/wp\/v2\/media?parent=30996"}],"wp:term":[{"taxonomy":"category","embeddable":true,"href":"https:\/\/lobosnews.com.ar\/index.php\/wp-json\/wp\/v2\/categories?post=30996"},{"taxonomy":"post_tag","embeddable":true,"href":"https:\/\/lobosnews.com.ar\/index.php\/wp-json\/wp\/v2\/tags?post=30996"}],"curies":[{"name":"wp","href":"https:\/\/api.w.org\/{rel}","templated":true}]}}