{"id":30992,"date":"2026-03-08T23:18:23","date_gmt":"2026-03-08T23:18:23","guid":{"rendered":"https:\/\/lobosnews.com.ar\/index.php\/2026\/03\/08\/sorprendente-revelacion-de-xavi-por-que-se-frustro-la-llegada-de-messi-al-barcelona-en-2023\/"},"modified":"2026-03-09T02:26:46","modified_gmt":"2026-03-09T02:26:46","slug":"sorprendente-revelacion-de-xavi-por-que-se-frustro-la-llegada-de-messi-al-barcelona-en-2023","status":"publish","type":"post","link":"https:\/\/lobosnews.com.ar\/index.php\/2026\/03\/08\/sorprendente-revelacion-de-xavi-por-que-se-frustro-la-llegada-de-messi-al-barcelona-en-2023\/","title":{"rendered":"Sorprendente revelaci\u00f3n de Xavi: por qu\u00e9 se frustr\u00f3 la llegada de Messi al Barcelona en 2023"},"content":{"rendered":"<p>Xavi Hern\u00e1ndez revel\u00f3 que <b>Lionel Messi<\/b> ten\u00eda acordado su regreso al <b>FC Barcelona<\/b> en enero de 2023, pero que la decisi\u00f3n fue bloqueada por el presidente <b>Joan Laporta<\/b> para evitar un conflicto de poder. En una entrevista publicada por <i>La Vanguardia<\/i>, el entrenador afirm\u00f3 que \u00e9l y el entorno de Messi mantuvieron contactos durante meses y que la operaci\u00f3n contaba incluso con el visto bueno de La Liga.<\/p>\n<p>El ex entrenador blaugrana indic\u00f3 que tras la obtenci\u00f3n del Mundial de Qatar por parte de Messi en diciembre de 2022, el jugador manifest\u00f3 su deseo de regresar al club. <b>\u201cAh\u00ed el presidente tampoco dice la verdad. Leo estaba fichado. En enero del 2023, despu\u00e9s de quedar campe\u00f3n del mundo, lo contactamos y \u00e9l me dice que tiene ilusi\u00f3n de volver y yo lo veo. Hablamos hasta el mes de marzo y le digo, bueno, cuando t\u00fa me des el OK, se lo digo al presidente porque yo lo veo futbol\u00edsticamente\u201d<\/b>, revel\u00f3.<\/p>\n<p>Vale recordar que el astro argentino tuvo que ponerle fin a su estad\u00eda en Barcelona en agosto de 2021 por obst\u00e1culos econ\u00f3micos que impidieron la renovaci\u00f3n de su contrato y tuvo que marcharse a Par\u00eds Saint-Germain.<\/p>\n<p><img loading=\"lazy\" decoding=\"async\" src=\"https:\/\/lobosnews.com.ar\/wp-content\/uploads\/2026\/03\/sorprendente-revelacion-de-xavi-por-que-se-frustro-la-llegada-de-messi-al-barcelona-en-2023.jpg\" alt=\"Messi y Xavi, juntos en Barcelona (AFP PHOTO \/ JOSEP LAGO)\" height=\"1348\" width=\"1920\"\/><\/p>\n<p>La postura de Laporta, seg\u00fan Xavi, fue determinante en la suspensi\u00f3n del acuerdo. El ex jugador y t\u00e9cnico relat\u00f3: <b>\u201cLaporta me dijo textualmente que si volv\u00eda Leo le iba a hacer la guerra y que no se lo pod\u00eda permitir\u201d<\/b>. Hern\u00e1ndez agreg\u00f3 que la decisi\u00f3n no respondi\u00f3 a cuestiones econ\u00f3micas ni a exigencias del entorno de Messi, sino al convencimiento de Laporta de que el regreso del astro argentino comprometer\u00eda su propio liderazgo en el club.<\/p>\n<p>Para Hern\u00e1ndez, los motivos de la frustrada operaci\u00f3n no estuvieron relacionados con restricciones de La Liga ni con demandas econ\u00f3micas de Jorge Messi, como se hab\u00eda especulado p\u00fablicamente. \u201cEso es mentira,<b> es el presidente con su gente quienes le dicen que no,<\/b> que no se lo puede permitir, que \u00e9l tiene todo el poder y que Messi le va a gestionar mal ese poder\u201d, indic\u00f3.<\/p>\n<p>\u201cEl presidente empez\u00f3 a negociar el contrato con el padre de Leo y ten\u00edamos la luz verde de La Liga pero es el presidente el que lo tira todo para atr\u00e1s\u201d, sentenci\u00f3 Xavi.<\/p>\n<p>La operaci\u00f3n, seg\u00fan Hern\u00e1ndez, estaba dise\u00f1ada para coincidir con la mudanza del equipo al estadio de Montju\u00efc y preve\u00eda un cierre de ciclo emblem\u00e1tico comparable al \u201cLast Dance\u201d de Michael Jordan. El entrenador insisti\u00f3 ante Jorge Messi en que el acuerdo estaba sellado en todos los aspectos relevantes, incluso a nivel futbol\u00edstico y financiero, con el respaldo de La Liga.<\/p>\n<p><img loading=\"lazy\" decoding=\"async\" src=\"https:\/\/lobosnews.com.ar\/wp-content\/uploads\/2026\/03\/sorprendente-revelacion-de-xavi-por-que-se-frustro-la-llegada-de-messi-al-barcelona-en-2023-1.jpg\" alt=\"Seg\u00fan las palabras de Xavi, Laporta frustr\u00f3 la vuelta de Messi al Barcelona en 2023\" height=\"1080\" width=\"1920\"\/><\/p>\n<p>\u201cY luego de repente Leo dej\u00f3 de cogerme el tel\u00e9fono porque por el otro lado le hab\u00edan dicho que no se pod\u00eda hacer. Y yo llamando al padre le dije, \u2018no puede ser Jorge\u2019, y \u00e9l me dice, \u2018habla con el presidente\u2019. Y le insisto en que llevamos cinco meses hablando con Leo, est\u00e1 hecho, futbol\u00edsticamente no hay dudas, a nivel econ\u00f3mico nos vamos a Montju\u00efc y vamos a hacer un Last Dance como el de Jordan, todo preparado\u201d, agreg\u00f3 Xavi.<\/p>\n<p>En consecuencia, Hern\u00e1ndez admiti\u00f3 que la ruptura de la negociaci\u00f3n da\u00f1\u00f3 de manera temporal su relaci\u00f3n personal con Messi, quien lleg\u00f3 a pensar que el propio entrenador formaba parte de la maniobra para impedir su regreso. El ex entrenador reconoci\u00f3: <b>\u201cMe afect\u00f3 mucho en mi relaci\u00f3n con Leo, pero ahora vuelve a ser buena\u201d<\/b>.<\/p>\n<p>Sobre la posibilidad de un futuro retorno de Messi al Barcelona, Xavi expres\u00f3 que manten\u00eda la expectativa de verlo de nuevo con la camiseta blaugrana, aunque admiti\u00f3: \u201cYo ahora pienso que no voy a volver nunca m\u00e1s al Bar\u00e7a. Ya he hecho mi etapa como jugador y entrenador\u201d. Pese a ello, valor\u00f3 la vigencia futbol\u00edstica del argentino y su potencial impacto en el equipo. <b>\u201cTodav\u00eda hoy pienso que ayudar\u00eda al equipo a meter goles, a dar \u00faltimos pases, sin ninguna duda, \u00a1pero si va a jugar un Mundial! Leo volver\u00eda a triunfar en el Camp Nou y adem\u00e1s era su deseo y el m\u00edo\u201d<\/b>, enfatiz\u00f3.<\/p>\n<p>\u201c\u00c9l (Messi) lo sabe (el deseo de Xavi de sumarlo al equipo), ahora lo sabe, pero estuve un tiempo que no pude comunicarme con \u00e9l, fue una pena, pero por culpa de los que est\u00e1n\u201d, concluy\u00f3 el ex jugador y figura hist\u00f3rica del Barcelona.<\/p>\n","protected":false},"excerpt":{"rendered":"<p>Xavi Hern\u00e1ndez revel\u00f3 que Lionel Messi ten\u00eda acordado su regreso al FC Barcelona en enero de 2023, pero que la decisi\u00f3n fue bloqueada por el presidente Joan Laporta para evitar un conflicto de poder. En una entrevista publicada por La Vanguardia, el entrenador afirm\u00f3 que \u00e9l y el entorno de Messi mantuvieron contactos durante meses&#8230;<\/p>\n","protected":false},"author":1,"featured_media":0,"comment_status":"open","ping_status":"closed","sticky":false,"template":"","format":"standard","meta":{"_jetpack_memberships_contains_paid_content":false,"footnotes":""},"categories":[30],"tags":[39],"class_list":["post-30992","post","type-post","status-publish","format-standard","hentry","category-argentina","tag-deportes"],"magazineBlocksPostFeaturedMedia":{"thumbnail":false,"medium":false,"medium_large":false,"large":false,"1536x1536":false,"2048x2048":false,"newsmatic-featured":false,"newsmatic-list":false,"newsmatic-thumb":false,"newsmatic-small":false,"newsmatic-grid":false},"magazineBlocksPostAuthor":{"name":"admin","avatar":"https:\/\/secure.gravatar.com\/avatar\/76e419471a2083bc3ceab22a763dbbf9b0c1bd15a6214cf3280e2c2dde4580f9?s=96&d=mm&r=g"},"magazineBlocksPostCommentsNumber":"0","magazineBlocksPostExcerpt":"Xavi Hern\u00e1ndez revel\u00f3 que Lionel Messi ten\u00eda acordado su regreso al FC Barcelona en enero de 2023, pero que la decisi\u00f3n fue bloqueada por el presidente Joan Laporta para evitar un conflicto de poder. En una entrevista publicada por La Vanguardia, el entrenador afirm\u00f3 que \u00e9l y el entorno de Messi mantuvieron contactos durante meses...","magazineBlocksPostCategories":["Argentina"],"magazineBlocksPostViewCount":80,"magazineBlocksPostReadTime":4,"magazine_blocks_featured_image_url":{"full":false,"medium":false,"thumbnail":false},"magazine_blocks_author":{"display_name":"admin","author_link":"https:\/\/lobosnews.com.ar\/index.php\/author\/lobos-news\/"},"magazine_blocks_comment":0,"magazine_blocks_author_image":"https:\/\/secure.gravatar.com\/avatar\/76e419471a2083bc3ceab22a763dbbf9b0c1bd15a6214cf3280e2c2dde4580f9?s=96&d=mm&r=g","magazine_blocks_category":"<a href=\"#\" class=\"category-link category-link-30\">Argentina<\/a>","yoast_head":"<!-- This site is optimized with the Yoast SEO plugin v26.6 - https:\/\/yoast.com\/wordpress\/plugins\/seo\/ -->\n<title>Sorprendente revelaci\u00f3n de Xavi: por qu\u00e9 se frustr\u00f3 la llegada de Messi al Barcelona en 2023 - Lobos News<\/title>\n<meta name=\"robots\" content=\"index, follow, max-snippet:-1, max-image-preview:large, max-video-preview:-1\" \/>\n<link rel=\"canonical\" href=\"https:\/\/lobosnews.com.ar\/index.php\/2026\/03\/08\/sorprendente-revelacion-de-xavi-por-que-se-frustro-la-llegada-de-messi-al-barcelona-en-2023\/\" \/>\n<meta property=\"og:locale\" content=\"es_ES\" \/>\n<meta property=\"og:type\" content=\"article\" \/>\n<meta property=\"og:title\" content=\"Sorprendente revelaci\u00f3n de Xavi: por qu\u00e9 se frustr\u00f3 la llegada de Messi al Barcelona en 2023 - Lobos News\" \/>\n<meta property=\"og:description\" content=\"Xavi Hern\u00e1ndez revel\u00f3 que Lionel Messi ten\u00eda acordado su regreso al FC Barcelona en enero de 2023, pero que la decisi\u00f3n fue bloqueada por el presidente Joan Laporta para evitar un conflicto de poder. En una entrevista publicada por La Vanguardia, el entrenador afirm\u00f3 que \u00e9l y el entorno de Messi mantuvieron contactos durante meses...\" \/>\n<meta property=\"og:url\" content=\"https:\/\/lobosnews.com.ar\/index.php\/2026\/03\/08\/sorprendente-revelacion-de-xavi-por-que-se-frustro-la-llegada-de-messi-al-barcelona-en-2023\/\" \/>\n<meta property=\"og:site_name\" content=\"Lobos News\" \/>\n<meta property=\"article:published_time\" content=\"2026-03-08T23:18:23+00:00\" \/>\n<meta property=\"article:modified_time\" content=\"2026-03-09T02:26:46+00:00\" \/>\n<meta property=\"og:image\" content=\"https:\/\/lobosnews.com.ar\/wp-content\/uploads\/2026\/03\/sorprendente-revelacion-de-xavi-por-que-se-frustro-la-llegada-de-messi-al-barcelona-en-2023.jpg\" \/>\n<meta name=\"author\" content=\"admin\" \/>\n<meta name=\"twitter:card\" content=\"summary_large_image\" \/>\n<meta name=\"twitter:label1\" content=\"Escrito por\" \/>\n\t<meta name=\"twitter:data1\" content=\"admin\" \/>\n\t<meta name=\"twitter:label2\" content=\"Tiempo de lectura\" \/>\n\t<meta name=\"twitter:data2\" content=\"4 minutos\" \/>\n<script type=\"application\/ld+json\" class=\"yoast-schema-graph\">{\"@context\":\"https:\/\/schema.org\",\"@graph\":[{\"@type\":\"Article\",\"@id\":\"https:\/\/lobosnews.com.ar\/index.php\/2026\/03\/08\/sorprendente-revelacion-de-xavi-por-que-se-frustro-la-llegada-de-messi-al-barcelona-en-2023\/#article\",\"isPartOf\":{\"@id\":\"https:\/\/lobosnews.com.ar\/index.php\/2026\/03\/08\/sorprendente-revelacion-de-xavi-por-que-se-frustro-la-llegada-de-messi-al-barcelona-en-2023\/\"},\"author\":{\"name\":\"admin\",\"@id\":\"https:\/\/lobosnews.com.ar\/#\/schema\/person\/232422a593d5c541dd9aef6aaed10943\"},\"headline\":\"Sorprendente revelaci\u00f3n de Xavi: por qu\u00e9 se frustr\u00f3 la llegada de Messi al Barcelona en 2023\",\"datePublished\":\"2026-03-08T23:18:23+00:00\",\"dateModified\":\"2026-03-09T02:26:46+00:00\",\"mainEntityOfPage\":{\"@id\":\"https:\/\/lobosnews.com.ar\/index.php\/2026\/03\/08\/sorprendente-revelacion-de-xavi-por-que-se-frustro-la-llegada-de-messi-al-barcelona-en-2023\/\"},\"wordCount\":785,\"commentCount\":0,\"publisher\":{\"@id\":\"https:\/\/lobosnews.com.ar\/#organization\"},\"image\":{\"@id\":\"https:\/\/lobosnews.com.ar\/index.php\/2026\/03\/08\/sorprendente-revelacion-de-xavi-por-que-se-frustro-la-llegada-de-messi-al-barcelona-en-2023\/#primaryimage\"},\"thumbnailUrl\":\"https:\/\/lobosnews.com.ar\/wp-content\/uploads\/2026\/03\/sorprendente-revelacion-de-xavi-por-que-se-frustro-la-llegada-de-messi-al-barcelona-en-2023.jpg\",\"keywords\":[\"Deportes\"],\"articleSection\":[\"Argentina\"],\"inLanguage\":\"es\",\"potentialAction\":[{\"@type\":\"CommentAction\",\"name\":\"Comment\",\"target\":[\"https:\/\/lobosnews.com.ar\/index.php\/2026\/03\/08\/sorprendente-revelacion-de-xavi-por-que-se-frustro-la-llegada-de-messi-al-barcelona-en-2023\/#respond\"]}]},{\"@type\":\"WebPage\",\"@id\":\"https:\/\/lobosnews.com.ar\/index.php\/2026\/03\/08\/sorprendente-revelacion-de-xavi-por-que-se-frustro-la-llegada-de-messi-al-barcelona-en-2023\/\",\"url\":\"https:\/\/lobosnews.com.ar\/index.php\/2026\/03\/08\/sorprendente-revelacion-de-xavi-por-que-se-frustro-la-llegada-de-messi-al-barcelona-en-2023\/\",\"name\":\"Sorprendente revelaci\u00f3n de Xavi: por qu\u00e9 se frustr\u00f3 la llegada de Messi al Barcelona en 2023 - Lobos News\",\"isPartOf\":{\"@id\":\"https:\/\/lobosnews.com.ar\/#website\"},\"primaryImageOfPage\":{\"@id\":\"https:\/\/lobosnews.com.ar\/index.php\/2026\/03\/08\/sorprendente-revelacion-de-xavi-por-que-se-frustro-la-llegada-de-messi-al-barcelona-en-2023\/#primaryimage\"},\"image\":{\"@id\":\"https:\/\/lobosnews.com.ar\/index.php\/2026\/03\/08\/sorprendente-revelacion-de-xavi-por-que-se-frustro-la-llegada-de-messi-al-barcelona-en-2023\/#primaryimage\"},\"thumbnailUrl\":\"https:\/\/lobosnews.com.ar\/wp-content\/uploads\/2026\/03\/sorprendente-revelacion-de-xavi-por-que-se-frustro-la-llegada-de-messi-al-barcelona-en-2023.jpg\",\"datePublished\":\"2026-03-08T23:18:23+00:00\",\"dateModified\":\"2026-03-09T02:26:46+00:00\",\"breadcrumb\":{\"@id\":\"https:\/\/lobosnews.com.ar\/index.php\/2026\/03\/08\/sorprendente-revelacion-de-xavi-por-que-se-frustro-la-llegada-de-messi-al-barcelona-en-2023\/#breadcrumb\"},\"inLanguage\":\"es\",\"potentialAction\":[{\"@type\":\"ReadAction\",\"target\":[\"https:\/\/lobosnews.com.ar\/index.php\/2026\/03\/08\/sorprendente-revelacion-de-xavi-por-que-se-frustro-la-llegada-de-messi-al-barcelona-en-2023\/\"]}]},{\"@type\":\"ImageObject\",\"inLanguage\":\"es\",\"@id\":\"https:\/\/lobosnews.com.ar\/index.php\/2026\/03\/08\/sorprendente-revelacion-de-xavi-por-que-se-frustro-la-llegada-de-messi-al-barcelona-en-2023\/#primaryimage\",\"url\":\"https:\/\/lobosnews.com.ar\/wp-content\/uploads\/2026\/03\/sorprendente-revelacion-de-xavi-por-que-se-frustro-la-llegada-de-messi-al-barcelona-en-2023.jpg\",\"contentUrl\":\"https:\/\/lobosnews.com.ar\/wp-content\/uploads\/2026\/03\/sorprendente-revelacion-de-xavi-por-que-se-frustro-la-llegada-de-messi-al-barcelona-en-2023.jpg\"},{\"@type\":\"BreadcrumbList\",\"@id\":\"https:\/\/lobosnews.com.ar\/index.php\/2026\/03\/08\/sorprendente-revelacion-de-xavi-por-que-se-frustro-la-llegada-de-messi-al-barcelona-en-2023\/#breadcrumb\",\"itemListElement\":[{\"@type\":\"ListItem\",\"position\":1,\"name\":\"Portada\",\"item\":\"https:\/\/lobosnews.com.ar\/\"},{\"@type\":\"ListItem\",\"position\":2,\"name\":\"Sorprendente revelaci\u00f3n de Xavi: por qu\u00e9 se frustr\u00f3 la llegada de Messi al Barcelona en 2023\"}]},{\"@type\":\"WebSite\",\"@id\":\"https:\/\/lobosnews.com.ar\/#website\",\"url\":\"https:\/\/lobosnews.com.ar\/\",\"name\":\"Lobos News\",\"description\":\"Informaci\u00f3n a cada instante\",\"publisher\":{\"@id\":\"https:\/\/lobosnews.com.ar\/#organization\"},\"potentialAction\":[{\"@type\":\"SearchAction\",\"target\":{\"@type\":\"EntryPoint\",\"urlTemplate\":\"https:\/\/lobosnews.com.ar\/?s={search_term_string}\"},\"query-input\":{\"@type\":\"PropertyValueSpecification\",\"valueRequired\":true,\"valueName\":\"search_term_string\"}}],\"inLanguage\":\"es\"},{\"@type\":\"Organization\",\"@id\":\"https:\/\/lobosnews.com.ar\/#organization\",\"name\":\"Lobos News\",\"url\":\"https:\/\/lobosnews.com.ar\/\",\"logo\":{\"@type\":\"ImageObject\",\"inLanguage\":\"es\",\"@id\":\"https:\/\/lobosnews.com.ar\/#\/schema\/logo\/image\/\",\"url\":\"https:\/\/lobosnews.com.ar\/wp-content\/uploads\/2026\/01\/logo-lobosnews.png\",\"contentUrl\":\"https:\/\/lobosnews.com.ar\/wp-content\/uploads\/2026\/01\/logo-lobosnews.png\",\"width\":500,\"height\":200,\"caption\":\"Lobos News\"},\"image\":{\"@id\":\"https:\/\/lobosnews.com.ar\/#\/schema\/logo\/image\/\"}},{\"@type\":\"Person\",\"@id\":\"https:\/\/lobosnews.com.ar\/#\/schema\/person\/232422a593d5c541dd9aef6aaed10943\",\"name\":\"admin\",\"image\":{\"@type\":\"ImageObject\",\"inLanguage\":\"es\",\"@id\":\"https:\/\/lobosnews.com.ar\/#\/schema\/person\/image\/\",\"url\":\"https:\/\/secure.gravatar.com\/avatar\/76e419471a2083bc3ceab22a763dbbf9b0c1bd15a6214cf3280e2c2dde4580f9?s=96&d=mm&r=g\",\"contentUrl\":\"https:\/\/secure.gravatar.com\/avatar\/76e419471a2083bc3ceab22a763dbbf9b0c1bd15a6214cf3280e2c2dde4580f9?s=96&d=mm&r=g\",\"caption\":\"admin\"},\"sameAs\":[\"https:\/\/lobosnews.com.ar\"],\"url\":\"https:\/\/lobosnews.com.ar\/index.php\/author\/lobos-news\/\"}]}<\/script>\n<!-- \/ Yoast SEO plugin. -->","yoast_head_json":{"title":"Sorprendente revelaci\u00f3n de Xavi: por qu\u00e9 se frustr\u00f3 la llegada de Messi al Barcelona en 2023 - Lobos News","robots":{"index":"index","follow":"follow","max-snippet":"max-snippet:-1","max-image-preview":"max-image-preview:large","max-video-preview":"max-video-preview:-1"},"canonical":"https:\/\/lobosnews.com.ar\/index.php\/2026\/03\/08\/sorprendente-revelacion-de-xavi-por-que-se-frustro-la-llegada-de-messi-al-barcelona-en-2023\/","og_locale":"es_ES","og_type":"article","og_title":"Sorprendente revelaci\u00f3n de Xavi: por qu\u00e9 se frustr\u00f3 la llegada de Messi al Barcelona en 2023 - Lobos News","og_description":"Xavi Hern\u00e1ndez revel\u00f3 que Lionel Messi ten\u00eda acordado su regreso al FC Barcelona en enero de 2023, pero que la decisi\u00f3n fue bloqueada por el presidente Joan Laporta para evitar un conflicto de poder. En una entrevista publicada por La Vanguardia, el entrenador afirm\u00f3 que \u00e9l y el entorno de Messi mantuvieron contactos durante meses...","og_url":"https:\/\/lobosnews.com.ar\/index.php\/2026\/03\/08\/sorprendente-revelacion-de-xavi-por-que-se-frustro-la-llegada-de-messi-al-barcelona-en-2023\/","og_site_name":"Lobos News","article_published_time":"2026-03-08T23:18:23+00:00","article_modified_time":"2026-03-09T02:26:46+00:00","og_image":[{"url":"https:\/\/lobosnews.com.ar\/wp-content\/uploads\/2026\/03\/sorprendente-revelacion-de-xavi-por-que-se-frustro-la-llegada-de-messi-al-barcelona-en-2023.jpg","type":"","width":"","height":""}],"author":"admin","twitter_card":"summary_large_image","twitter_misc":{"Escrito por":"admin","Tiempo de lectura":"4 minutos"},"schema":{"@context":"https:\/\/schema.org","@graph":[{"@type":"Article","@id":"https:\/\/lobosnews.com.ar\/index.php\/2026\/03\/08\/sorprendente-revelacion-de-xavi-por-que-se-frustro-la-llegada-de-messi-al-barcelona-en-2023\/#article","isPartOf":{"@id":"https:\/\/lobosnews.com.ar\/index.php\/2026\/03\/08\/sorprendente-revelacion-de-xavi-por-que-se-frustro-la-llegada-de-messi-al-barcelona-en-2023\/"},"author":{"name":"admin","@id":"https:\/\/lobosnews.com.ar\/#\/schema\/person\/232422a593d5c541dd9aef6aaed10943"},"headline":"Sorprendente revelaci\u00f3n de Xavi: por qu\u00e9 se frustr\u00f3 la llegada de Messi al Barcelona en 2023","datePublished":"2026-03-08T23:18:23+00:00","dateModified":"2026-03-09T02:26:46+00:00","mainEntityOfPage":{"@id":"https:\/\/lobosnews.com.ar\/index.php\/2026\/03\/08\/sorprendente-revelacion-de-xavi-por-que-se-frustro-la-llegada-de-messi-al-barcelona-en-2023\/"},"wordCount":785,"commentCount":0,"publisher":{"@id":"https:\/\/lobosnews.com.ar\/#organization"},"image":{"@id":"https:\/\/lobosnews.com.ar\/index.php\/2026\/03\/08\/sorprendente-revelacion-de-xavi-por-que-se-frustro-la-llegada-de-messi-al-barcelona-en-2023\/#primaryimage"},"thumbnailUrl":"https:\/\/lobosnews.com.ar\/wp-content\/uploads\/2026\/03\/sorprendente-revelacion-de-xavi-por-que-se-frustro-la-llegada-de-messi-al-barcelona-en-2023.jpg","keywords":["Deportes"],"articleSection":["Argentina"],"inLanguage":"es","potentialAction":[{"@type":"CommentAction","name":"Comment","target":["https:\/\/lobosnews.com.ar\/index.php\/2026\/03\/08\/sorprendente-revelacion-de-xavi-por-que-se-frustro-la-llegada-de-messi-al-barcelona-en-2023\/#respond"]}]},{"@type":"WebPage","@id":"https:\/\/lobosnews.com.ar\/index.php\/2026\/03\/08\/sorprendente-revelacion-de-xavi-por-que-se-frustro-la-llegada-de-messi-al-barcelona-en-2023\/","url":"https:\/\/lobosnews.com.ar\/index.php\/2026\/03\/08\/sorprendente-revelacion-de-xavi-por-que-se-frustro-la-llegada-de-messi-al-barcelona-en-2023\/","name":"Sorprendente revelaci\u00f3n de Xavi: por qu\u00e9 se frustr\u00f3 la llegada de Messi al Barcelona en 2023 - Lobos News","isPartOf":{"@id":"https:\/\/lobosnews.com.ar\/#website"},"primaryImageOfPage":{"@id":"https:\/\/lobosnews.com.ar\/index.php\/2026\/03\/08\/sorprendente-revelacion-de-xavi-por-que-se-frustro-la-llegada-de-messi-al-barcelona-en-2023\/#primaryimage"},"image":{"@id":"https:\/\/lobosnews.com.ar\/index.php\/2026\/03\/08\/sorprendente-revelacion-de-xavi-por-que-se-frustro-la-llegada-de-messi-al-barcelona-en-2023\/#primaryimage"},"thumbnailUrl":"https:\/\/lobosnews.com.ar\/wp-content\/uploads\/2026\/03\/sorprendente-revelacion-de-xavi-por-que-se-frustro-la-llegada-de-messi-al-barcelona-en-2023.jpg","datePublished":"2026-03-08T23:18:23+00:00","dateModified":"2026-03-09T02:26:46+00:00","breadcrumb":{"@id":"https:\/\/lobosnews.com.ar\/index.php\/2026\/03\/08\/sorprendente-revelacion-de-xavi-por-que-se-frustro-la-llegada-de-messi-al-barcelona-en-2023\/#breadcrumb"},"inLanguage":"es","potentialAction":[{"@type":"ReadAction","target":["https:\/\/lobosnews.com.ar\/index.php\/2026\/03\/08\/sorprendente-revelacion-de-xavi-por-que-se-frustro-la-llegada-de-messi-al-barcelona-en-2023\/"]}]},{"@type":"ImageObject","inLanguage":"es","@id":"https:\/\/lobosnews.com.ar\/index.php\/2026\/03\/08\/sorprendente-revelacion-de-xavi-por-que-se-frustro-la-llegada-de-messi-al-barcelona-en-2023\/#primaryimage","url":"https:\/\/lobosnews.com.ar\/wp-content\/uploads\/2026\/03\/sorprendente-revelacion-de-xavi-por-que-se-frustro-la-llegada-de-messi-al-barcelona-en-2023.jpg","contentUrl":"https:\/\/lobosnews.com.ar\/wp-content\/uploads\/2026\/03\/sorprendente-revelacion-de-xavi-por-que-se-frustro-la-llegada-de-messi-al-barcelona-en-2023.jpg"},{"@type":"BreadcrumbList","@id":"https:\/\/lobosnews.com.ar\/index.php\/2026\/03\/08\/sorprendente-revelacion-de-xavi-por-que-se-frustro-la-llegada-de-messi-al-barcelona-en-2023\/#breadcrumb","itemListElement":[{"@type":"ListItem","position":1,"name":"Portada","item":"https:\/\/lobosnews.com.ar\/"},{"@type":"ListItem","position":2,"name":"Sorprendente revelaci\u00f3n de Xavi: por qu\u00e9 se frustr\u00f3 la llegada de Messi al Barcelona en 2023"}]},{"@type":"WebSite","@id":"https:\/\/lobosnews.com.ar\/#website","url":"https:\/\/lobosnews.com.ar\/","name":"Lobos News","description":"Informaci\u00f3n a cada instante","publisher":{"@id":"https:\/\/lobosnews.com.ar\/#organization"},"potentialAction":[{"@type":"SearchAction","target":{"@type":"EntryPoint","urlTemplate":"https:\/\/lobosnews.com.ar\/?s={search_term_string}"},"query-input":{"@type":"PropertyValueSpecification","valueRequired":true,"valueName":"search_term_string"}}],"inLanguage":"es"},{"@type":"Organization","@id":"https:\/\/lobosnews.com.ar\/#organization","name":"Lobos News","url":"https:\/\/lobosnews.com.ar\/","logo":{"@type":"ImageObject","inLanguage":"es","@id":"https:\/\/lobosnews.com.ar\/#\/schema\/logo\/image\/","url":"https:\/\/lobosnews.com.ar\/wp-content\/uploads\/2026\/01\/logo-lobosnews.png","contentUrl":"https:\/\/lobosnews.com.ar\/wp-content\/uploads\/2026\/01\/logo-lobosnews.png","width":500,"height":200,"caption":"Lobos News"},"image":{"@id":"https:\/\/lobosnews.com.ar\/#\/schema\/logo\/image\/"}},{"@type":"Person","@id":"https:\/\/lobosnews.com.ar\/#\/schema\/person\/232422a593d5c541dd9aef6aaed10943","name":"admin","image":{"@type":"ImageObject","inLanguage":"es","@id":"https:\/\/lobosnews.com.ar\/#\/schema\/person\/image\/","url":"https:\/\/secure.gravatar.com\/avatar\/76e419471a2083bc3ceab22a763dbbf9b0c1bd15a6214cf3280e2c2dde4580f9?s=96&d=mm&r=g","contentUrl":"https:\/\/secure.gravatar.com\/avatar\/76e419471a2083bc3ceab22a763dbbf9b0c1bd15a6214cf3280e2c2dde4580f9?s=96&d=mm&r=g","caption":"admin"},"sameAs":["https:\/\/lobosnews.com.ar"],"url":"https:\/\/lobosnews.com.ar\/index.php\/author\/lobos-news\/"}]}},"jetpack_featured_media_url":"","jetpack_sharing_enabled":true,"_links":{"self":[{"href":"https:\/\/lobosnews.com.ar\/index.php\/wp-json\/wp\/v2\/posts\/30992","targetHints":{"allow":["GET"]}}],"collection":[{"href":"https:\/\/lobosnews.com.ar\/index.php\/wp-json\/wp\/v2\/posts"}],"about":[{"href":"https:\/\/lobosnews.com.ar\/index.php\/wp-json\/wp\/v2\/types\/post"}],"author":[{"embeddable":true,"href":"https:\/\/lobosnews.com.ar\/index.php\/wp-json\/wp\/v2\/users\/1"}],"replies":[{"embeddable":true,"href":"https:\/\/lobosnews.com.ar\/index.php\/wp-json\/wp\/v2\/comments?post=30992"}],"version-history":[{"count":1,"href":"https:\/\/lobosnews.com.ar\/index.php\/wp-json\/wp\/v2\/posts\/30992\/revisions"}],"predecessor-version":[{"id":30995,"href":"https:\/\/lobosnews.com.ar\/index.php\/wp-json\/wp\/v2\/posts\/30992\/revisions\/30995"}],"wp:attachment":[{"href":"https:\/\/lobosnews.com.ar\/index.php\/wp-json\/wp\/v2\/media?parent=30992"}],"wp:term":[{"taxonomy":"category","embeddable":true,"href":"https:\/\/lobosnews.com.ar\/index.php\/wp-json\/wp\/v2\/categories?post=30992"},{"taxonomy":"post_tag","embeddable":true,"href":"https:\/\/lobosnews.com.ar\/index.php\/wp-json\/wp\/v2\/tags?post=30992"}],"curies":[{"name":"wp","href":"https:\/\/api.w.org\/{rel}","templated":true}]}}