{"id":30983,"date":"2026-03-08T20:56:11","date_gmt":"2026-03-08T20:56:11","guid":{"rendered":"https:\/\/lobosnews.com.ar\/index.php\/2026\/03\/08\/murio-un-preso-al-saltar-por-una-ventana-de-un-hospital-en-mendoza-en-un-intento-de-fuga\/"},"modified":"2026-03-09T00:02:58","modified_gmt":"2026-03-09T00:02:58","slug":"murio-un-preso-al-saltar-por-una-ventana-de-un-hospital-en-mendoza-en-un-intento-de-fuga","status":"publish","type":"post","link":"https:\/\/lobosnews.com.ar\/index.php\/2026\/03\/08\/murio-un-preso-al-saltar-por-una-ventana-de-un-hospital-en-mendoza-en-un-intento-de-fuga\/","title":{"rendered":"Muri\u00f3 un preso al saltar por una ventana de un hospital en Mendoza en un intento de fuga"},"content":{"rendered":"<p><img loading=\"lazy\" decoding=\"async\" src=\"https:\/\/lobosnews.com.ar\/wp-content\/uploads\/2026\/03\/murio-un-preso-al-saltar-por-una-ventana-de-un-hospital-en-mendoza-en-un-intento-de-fuga.jpg\" alt=\"Hospital Central de Godoy Cruz, en Mendoza\" height=\"1080\" width=\"1920\"\/><\/p>\n<p>Un preso muri\u00f3 este domingo por la madrugada en <span class=\"waslinkname\">Mendoza<\/span>, luego de caer al vac\u00edo desde el tercer piso del Hospital Central de Godoy Cruz. Hab\u00eda intentado darse a la <b>fuga<\/b> junto a otro detenido, que fue recapturado minutos despu\u00e9s.<\/p>\n<p>El fallecido era <b>Juan Marcelo Tejada<\/b>, de 35 a\u00f1os, con un extenso prontuario por robos, usurpaciones, homicidio y otros delitos. Su c\u00f3mplice fue identificado como <b>Sebasti\u00e1n Leonel Rodr\u00edguez<\/b>, de 26 a\u00f1os.<\/p>\n<p>Seg\u00fan indicaron fuentes oficiales, los presos estaban alojados en el pabell\u00f3n judicial del Hospital Central. Por motivos que permanecen bajo investigaci\u00f3n, <b>quedaron solos en su habitaci\u00f3n<\/b> y lograron <b>romper uno de los barrotes<\/b> de la ventana que da a la calle Garibaldi. <\/p>\n<p>Una vez hecho el espacio para pasar, colocaron <b>una s\u00e1bana para descender lentamente <\/b>desde el tercer piso. Rodr\u00edguez pudo con la maniobra, pero Tejada no resisti\u00f3 al salto. Una vez que cay\u00f3 al suelo, no volvi\u00f3 a moverse. Aun con vida, fue aprehendido por la Polic\u00eda y trasladado en una camilla a una sala interna del centro m\u00e9dico.<\/p>\n<p>En cuesti\u00f3n de minutos, el detenido perdi\u00f3 la vida como consecuencia de las heridas que le provoc\u00f3 el golpe. <b>Sufri\u00f3 un infarto agudo de miocardio<\/b>.<\/p>\n<p><img loading=\"lazy\" decoding=\"async\" src=\"https:\/\/lobosnews.com.ar\/wp-content\/uploads\/2026\/03\/murio-un-preso-al-saltar-por-una-ventana-de-un-hospital-en-mendoza-en-un-intento-de-fuga-1.jpg\" alt=\"Juan Marcelo Tejada\" height=\"1013\" width=\"760\"\/><\/p>\n<p>El segundo preso, Sebasti\u00e1n Leonel Rodr\u00edguez, no abandon\u00f3 el hospital pese a haber soportado el <b>salto de m\u00e1s de diez metros <\/b>de altura. Personal policial que prestaba servicio extraordinario lo vio merodeando las inmediaciones del lugar \u201cen actitud sospechosa\u201d, seg\u00fan se desprende de la reconstrucci\u00f3n que est\u00e1 en manos de la Justicia. <\/p>\n<p>Al ser abordado por los uniformados, <b>dijo estar cuidando a un familiar que estaba internado<\/b> all\u00ed. No le creyeron y, una vez que lo identificaron, volvi\u00f3 a quedar detenido. Lo trasladaron al Complejo Penitenciario Almafuerte, <b>una c\u00e1rcel de m\u00e1xima seguridad<\/b>. <\/p>\n<p>En la investigaci\u00f3n de lo ocurrido tom\u00f3 intervenci\u00f3n la fiscal <b>Andrea Lazo<\/b>. Seg\u00fan indicaron fuentes del caso, todas las pruebas recabadas hasta el momento apuntan a que el detenido muri\u00f3 sin intervenci\u00f3n de un tercero, por lo que este tramo de la causa se encamina a ser archivado.<\/p>\n<p>En cambio, resta esclarecer c\u00f3mo fue el accionar de los funcionarios que deb\u00edan custodiar a los presos que intentaron fugarse. <\/p>\n<h2>Un penitenciario muri\u00f3 durante la fuga de dos presos<\/h2>\n<p>Un agente del Servicio Penitenciario de la provincia de Mendoza <span class=\"waslinkname\">se descompens\u00f3 y muri\u00f3 mientras persegu\u00eda a dos personas<\/span> privadas de libertad que se fugaron de la <b>Alcald\u00eda de Alojamiento Transitorio de Tunuy\u00e1n<\/b>, que escaparon cuando esperaban ser reintegradas al <b>Complejo Penitenciario San Felipe<\/b> tras asistir a sus audiencias judiciales.<\/p>\n<p>Todo ocurri\u00f3 a fines de febrero, cuando los internos, identificados como <b>Enrique Acosta Vega<\/b> y <b>V\u00edctor Bravo Mor\u00f3n<\/b>, aprovecharon la espera por el traslado al penal para escapar, seg\u00fan se inform\u00f3 oficialmente.<\/p>\n<p><img loading=\"lazy\" decoding=\"async\" src=\"https:\/\/lobosnews.com.ar\/wp-content\/uploads\/2026\/03\/murio-un-preso-al-saltar-por-una-ventana-de-un-hospital-en-mendoza-en-un-intento-de-fuga-2.jpg\" alt=\"Bravo Mor\u00f3n (der) y Acosta Vega (izq), los presos fugados y recapturados \" height=\"543\" width=\"1112\"\/><\/p>\n<p>En ese contexto, el jefe de la Alcald\u00eda, acompa\u00f1ado por personal del turno, <b>inici\u00f3 la persecuci\u00f3n de los evadidos<\/b>. Durante el trayecto, el penitenciario sufri\u00f3 una <b>descompensaci\u00f3n <\/b>que motiv\u00f3 su traslado de urgencia a un centro asistencial cercano.<\/p>\n<p>A pesar de las maniobras de reanimaci\u00f3n realizadas en el Hospital Regional Antonio Scaravelli, se comunic\u00f3 el fallecimiento del jefe de la Alcaid\u00eda, ampliaron las fuentes del caso consultadas por este medio.<\/p>\n<p>Los dos evadidos fueron vistos corriendo por \u00faltima vez en las inmediaciones de calle 25 de Noviembre y Melchor Villanueva. Y <span class=\"waslinkname\"><b>lograron recapturarlos<\/b><\/span>.<\/p>\n<p>Acosta Vega est\u00e1 procesado por el delito de <b>homicidio simple en grado de tentativa<\/b> y registraba antecedentes por homicidio simple, lesiones leves y dolosas en ri\u00f1a, amenazas simples, da\u00f1os simples en concurso real, amenazas simples en contexto de violencia de g\u00e9nero, robo simple y homicidio simple en grado de tentativa.<\/p>\n<p>Por su parte, Bravo Mor\u00f3n enfrenta una acusaci\u00f3n por <b>robo agravado por uso de arma<\/b>, y cuenta con antecedentes por homicidio agravado por el uso de arma y hechos relacionados con violencia de g\u00e9nero.<\/p>\n","protected":false},"excerpt":{"rendered":"<p>Un preso muri\u00f3 este domingo por la madrugada en Mendoza, luego de caer al vac\u00edo desde el tercer piso del Hospital Central de Godoy Cruz. Hab\u00eda intentado darse a la fuga junto a otro detenido, que fue recapturado minutos despu\u00e9s. El fallecido era Juan Marcelo Tejada, de 35 a\u00f1os, con un extenso prontuario por robos,&#8230;<\/p>\n","protected":false},"author":1,"featured_media":30988,"comment_status":"open","ping_status":"closed","sticky":false,"template":"","format":"standard","meta":{"_jetpack_memberships_contains_paid_content":false,"footnotes":""},"categories":[31,30,32,77,84,35,36,37],"tags":[],"class_list":["post-30983","post","type-post","status-publish","format-standard","has-post-thumbnail","hentry","category-actualidad","category-argentina","category-economia","category-inseguridad","category-masradios-com","category-nacionales","category-seguridad","category-sociedad"],"magazineBlocksPostFeaturedMedia":{"thumbnail":"https:\/\/lobosnews.com.ar\/wp-content\/uploads\/2026\/03\/murio-un-preso-al-saltar-por-una-ventana-de-un-hospital-en-mendoza-en-un-intento-de-fuga-4-150x150.jpg","medium":"https:\/\/lobosnews.com.ar\/wp-content\/uploads\/2026\/03\/murio-un-preso-al-saltar-por-una-ventana-de-un-hospital-en-mendoza-en-un-intento-de-fuga-4-300x146.jpg","medium_large":"https:\/\/lobosnews.com.ar\/wp-content\/uploads\/2026\/03\/murio-un-preso-al-saltar-por-una-ventana-de-un-hospital-en-mendoza-en-un-intento-de-fuga-4-768x375.jpg","large":"https:\/\/lobosnews.com.ar\/wp-content\/uploads\/2026\/03\/murio-un-preso-al-saltar-por-una-ventana-de-un-hospital-en-mendoza-en-un-intento-de-fuga-4-1024x500.jpg","1536x1536":"https:\/\/lobosnews.com.ar\/wp-content\/uploads\/2026\/03\/murio-un-preso-al-saltar-por-una-ventana-de-un-hospital-en-mendoza-en-un-intento-de-fuga-4.jpg","2048x2048":"https:\/\/lobosnews.com.ar\/wp-content\/uploads\/2026\/03\/murio-un-preso-al-saltar-por-una-ventana-de-un-hospital-en-mendoza-en-un-intento-de-fuga-4.jpg","newsmatic-featured":"https:\/\/lobosnews.com.ar\/wp-content\/uploads\/2026\/03\/murio-un-preso-al-saltar-por-una-ventana-de-un-hospital-en-mendoza-en-un-intento-de-fuga-4-820x543.jpg","newsmatic-list":"https:\/\/lobosnews.com.ar\/wp-content\/uploads\/2026\/03\/murio-un-preso-al-saltar-por-una-ventana-de-un-hospital-en-mendoza-en-un-intento-de-fuga-4-600x400.jpg","newsmatic-thumb":"https:\/\/lobosnews.com.ar\/wp-content\/uploads\/2026\/03\/murio-un-preso-al-saltar-por-una-ventana-de-un-hospital-en-mendoza-en-un-intento-de-fuga-4-300x200.jpg","newsmatic-small":"https:\/\/lobosnews.com.ar\/wp-content\/uploads\/2026\/03\/murio-un-preso-al-saltar-por-una-ventana-de-un-hospital-en-mendoza-en-un-intento-de-fuga-4-150x95.jpg","newsmatic-grid":"https:\/\/lobosnews.com.ar\/wp-content\/uploads\/2026\/03\/murio-un-preso-al-saltar-por-una-ventana-de-un-hospital-en-mendoza-en-un-intento-de-fuga-4-400x250.jpg"},"magazineBlocksPostAuthor":{"name":"admin","avatar":"https:\/\/secure.gravatar.com\/avatar\/76e419471a2083bc3ceab22a763dbbf9b0c1bd15a6214cf3280e2c2dde4580f9?s=96&d=mm&r=g"},"magazineBlocksPostCommentsNumber":"0","magazineBlocksPostExcerpt":"Un preso muri\u00f3 este domingo por la madrugada en Mendoza, luego de caer al vac\u00edo desde el tercer piso del Hospital Central de Godoy Cruz. Hab\u00eda intentado darse a la fuga junto a otro detenido, que fue recapturado minutos despu\u00e9s. El fallecido era Juan Marcelo Tejada, de 35 a\u00f1os, con un extenso prontuario por robos,...","magazineBlocksPostCategories":["Actualidad","Argentina","econom\u00eda","inseguridad","masradios.com","nacionales","seguridad","sociedad"],"magazineBlocksPostViewCount":97,"magazineBlocksPostReadTime":4,"magazine_blocks_featured_image_url":{"full":["https:\/\/lobosnews.com.ar\/wp-content\/uploads\/2026\/03\/murio-un-preso-al-saltar-por-una-ventana-de-un-hospital-en-mendoza-en-un-intento-de-fuga-4.jpg",1112,543,false],"medium":["https:\/\/lobosnews.com.ar\/wp-content\/uploads\/2026\/03\/murio-un-preso-al-saltar-por-una-ventana-de-un-hospital-en-mendoza-en-un-intento-de-fuga-4-300x146.jpg",300,146,true],"thumbnail":["https:\/\/lobosnews.com.ar\/wp-content\/uploads\/2026\/03\/murio-un-preso-al-saltar-por-una-ventana-de-un-hospital-en-mendoza-en-un-intento-de-fuga-4-150x150.jpg",150,150,true]},"magazine_blocks_author":{"display_name":"admin","author_link":"https:\/\/lobosnews.com.ar\/index.php\/author\/lobos-news\/"},"magazine_blocks_comment":0,"magazine_blocks_author_image":"https:\/\/secure.gravatar.com\/avatar\/76e419471a2083bc3ceab22a763dbbf9b0c1bd15a6214cf3280e2c2dde4580f9?s=96&d=mm&r=g","magazine_blocks_category":"<a href=\"#\" class=\"category-link category-link-31\">Actualidad<\/a> <a href=\"#\" class=\"category-link category-link-30\">Argentina<\/a> <a href=\"#\" class=\"category-link category-link-32\">econom\u00eda<\/a> <a href=\"#\" class=\"category-link category-link-77\">inseguridad<\/a> <a href=\"#\" class=\"category-link category-link-84\">masradios.com<\/a> <a href=\"#\" class=\"category-link category-link-35\">nacionales<\/a> <a href=\"#\" class=\"category-link category-link-36\">seguridad<\/a> <a href=\"#\" class=\"category-link category-link-37\">sociedad<\/a>","yoast_head":"<!-- This site is optimized with the Yoast SEO plugin v26.6 - https:\/\/yoast.com\/wordpress\/plugins\/seo\/ -->\n<title>Muri\u00f3 un preso al saltar por una ventana de un hospital en Mendoza en un intento de fuga - Lobos News<\/title>\n<meta name=\"robots\" content=\"index, follow, max-snippet:-1, max-image-preview:large, max-video-preview:-1\" \/>\n<link rel=\"canonical\" href=\"https:\/\/lobosnews.com.ar\/index.php\/2026\/03\/08\/murio-un-preso-al-saltar-por-una-ventana-de-un-hospital-en-mendoza-en-un-intento-de-fuga\/\" \/>\n<meta property=\"og:locale\" content=\"es_ES\" \/>\n<meta property=\"og:type\" content=\"article\" \/>\n<meta property=\"og:title\" content=\"Muri\u00f3 un preso al saltar por una ventana de un hospital en Mendoza en un intento de fuga - Lobos News\" \/>\n<meta property=\"og:description\" content=\"Un preso muri\u00f3 este domingo por la madrugada en Mendoza, luego de caer al vac\u00edo desde el tercer piso del Hospital Central de Godoy Cruz. Hab\u00eda intentado darse a la fuga junto a otro detenido, que fue recapturado minutos despu\u00e9s. El fallecido era Juan Marcelo Tejada, de 35 a\u00f1os, con un extenso prontuario por robos,...\" \/>\n<meta property=\"og:url\" content=\"https:\/\/lobosnews.com.ar\/index.php\/2026\/03\/08\/murio-un-preso-al-saltar-por-una-ventana-de-un-hospital-en-mendoza-en-un-intento-de-fuga\/\" \/>\n<meta property=\"og:site_name\" content=\"Lobos News\" \/>\n<meta property=\"article:published_time\" content=\"2026-03-08T20:56:11+00:00\" \/>\n<meta property=\"article:modified_time\" content=\"2026-03-09T00:02:58+00:00\" \/>\n<meta property=\"og:image\" content=\"https:\/\/lobosnews.com.ar\/wp-content\/uploads\/2026\/03\/murio-un-preso-al-saltar-por-una-ventana-de-un-hospital-en-mendoza-en-un-intento-de-fuga.jpg\" \/>\n<meta name=\"author\" content=\"admin\" \/>\n<meta name=\"twitter:card\" content=\"summary_large_image\" \/>\n<meta name=\"twitter:label1\" content=\"Escrito por\" \/>\n\t<meta name=\"twitter:data1\" content=\"admin\" \/>\n\t<meta name=\"twitter:label2\" content=\"Tiempo de lectura\" \/>\n\t<meta name=\"twitter:data2\" content=\"3 minutos\" \/>\n<script type=\"application\/ld+json\" class=\"yoast-schema-graph\">{\"@context\":\"https:\/\/schema.org\",\"@graph\":[{\"@type\":\"Article\",\"@id\":\"https:\/\/lobosnews.com.ar\/index.php\/2026\/03\/08\/murio-un-preso-al-saltar-por-una-ventana-de-un-hospital-en-mendoza-en-un-intento-de-fuga\/#article\",\"isPartOf\":{\"@id\":\"https:\/\/lobosnews.com.ar\/index.php\/2026\/03\/08\/murio-un-preso-al-saltar-por-una-ventana-de-un-hospital-en-mendoza-en-un-intento-de-fuga\/\"},\"author\":{\"name\":\"admin\",\"@id\":\"https:\/\/lobosnews.com.ar\/#\/schema\/person\/232422a593d5c541dd9aef6aaed10943\"},\"headline\":\"Muri\u00f3 un preso al saltar por una ventana de un hospital en Mendoza en un intento de fuga\",\"datePublished\":\"2026-03-08T20:56:11+00:00\",\"dateModified\":\"2026-03-09T00:02:58+00:00\",\"mainEntityOfPage\":{\"@id\":\"https:\/\/lobosnews.com.ar\/index.php\/2026\/03\/08\/murio-un-preso-al-saltar-por-una-ventana-de-un-hospital-en-mendoza-en-un-intento-de-fuga\/\"},\"wordCount\":687,\"commentCount\":0,\"publisher\":{\"@id\":\"https:\/\/lobosnews.com.ar\/#organization\"},\"image\":{\"@id\":\"https:\/\/lobosnews.com.ar\/index.php\/2026\/03\/08\/murio-un-preso-al-saltar-por-una-ventana-de-un-hospital-en-mendoza-en-un-intento-de-fuga\/#primaryimage\"},\"thumbnailUrl\":\"https:\/\/lobosnews.com.ar\/wp-content\/uploads\/2026\/03\/murio-un-preso-al-saltar-por-una-ventana-de-un-hospital-en-mendoza-en-un-intento-de-fuga-4.jpg\",\"articleSection\":[\"Actualidad\",\"Argentina\",\"econom\u00eda\",\"inseguridad\",\"masradios.com\",\"nacionales\",\"seguridad\",\"sociedad\"],\"inLanguage\":\"es\",\"potentialAction\":[{\"@type\":\"CommentAction\",\"name\":\"Comment\",\"target\":[\"https:\/\/lobosnews.com.ar\/index.php\/2026\/03\/08\/murio-un-preso-al-saltar-por-una-ventana-de-un-hospital-en-mendoza-en-un-intento-de-fuga\/#respond\"]}]},{\"@type\":\"WebPage\",\"@id\":\"https:\/\/lobosnews.com.ar\/index.php\/2026\/03\/08\/murio-un-preso-al-saltar-por-una-ventana-de-un-hospital-en-mendoza-en-un-intento-de-fuga\/\",\"url\":\"https:\/\/lobosnews.com.ar\/index.php\/2026\/03\/08\/murio-un-preso-al-saltar-por-una-ventana-de-un-hospital-en-mendoza-en-un-intento-de-fuga\/\",\"name\":\"Muri\u00f3 un preso al saltar por una ventana de un hospital en Mendoza en un intento de fuga - Lobos News\",\"isPartOf\":{\"@id\":\"https:\/\/lobosnews.com.ar\/#website\"},\"primaryImageOfPage\":{\"@id\":\"https:\/\/lobosnews.com.ar\/index.php\/2026\/03\/08\/murio-un-preso-al-saltar-por-una-ventana-de-un-hospital-en-mendoza-en-un-intento-de-fuga\/#primaryimage\"},\"image\":{\"@id\":\"https:\/\/lobosnews.com.ar\/index.php\/2026\/03\/08\/murio-un-preso-al-saltar-por-una-ventana-de-un-hospital-en-mendoza-en-un-intento-de-fuga\/#primaryimage\"},\"thumbnailUrl\":\"https:\/\/lobosnews.com.ar\/wp-content\/uploads\/2026\/03\/murio-un-preso-al-saltar-por-una-ventana-de-un-hospital-en-mendoza-en-un-intento-de-fuga-4.jpg\",\"datePublished\":\"2026-03-08T20:56:11+00:00\",\"dateModified\":\"2026-03-09T00:02:58+00:00\",\"breadcrumb\":{\"@id\":\"https:\/\/lobosnews.com.ar\/index.php\/2026\/03\/08\/murio-un-preso-al-saltar-por-una-ventana-de-un-hospital-en-mendoza-en-un-intento-de-fuga\/#breadcrumb\"},\"inLanguage\":\"es\",\"potentialAction\":[{\"@type\":\"ReadAction\",\"target\":[\"https:\/\/lobosnews.com.ar\/index.php\/2026\/03\/08\/murio-un-preso-al-saltar-por-una-ventana-de-un-hospital-en-mendoza-en-un-intento-de-fuga\/\"]}]},{\"@type\":\"ImageObject\",\"inLanguage\":\"es\",\"@id\":\"https:\/\/lobosnews.com.ar\/index.php\/2026\/03\/08\/murio-un-preso-al-saltar-por-una-ventana-de-un-hospital-en-mendoza-en-un-intento-de-fuga\/#primaryimage\",\"url\":\"https:\/\/lobosnews.com.ar\/wp-content\/uploads\/2026\/03\/murio-un-preso-al-saltar-por-una-ventana-de-un-hospital-en-mendoza-en-un-intento-de-fuga-4.jpg\",\"contentUrl\":\"https:\/\/lobosnews.com.ar\/wp-content\/uploads\/2026\/03\/murio-un-preso-al-saltar-por-una-ventana-de-un-hospital-en-mendoza-en-un-intento-de-fuga-4.jpg\",\"width\":1112,\"height\":543,\"caption\":\"Muri\u00f3 un preso al saltar por una ventana de un hospital en Mendoza en un intento de fuga\"},{\"@type\":\"BreadcrumbList\",\"@id\":\"https:\/\/lobosnews.com.ar\/index.php\/2026\/03\/08\/murio-un-preso-al-saltar-por-una-ventana-de-un-hospital-en-mendoza-en-un-intento-de-fuga\/#breadcrumb\",\"itemListElement\":[{\"@type\":\"ListItem\",\"position\":1,\"name\":\"Portada\",\"item\":\"https:\/\/lobosnews.com.ar\/\"},{\"@type\":\"ListItem\",\"position\":2,\"name\":\"Muri\u00f3 un preso al saltar por una ventana de un hospital en Mendoza en un intento de fuga\"}]},{\"@type\":\"WebSite\",\"@id\":\"https:\/\/lobosnews.com.ar\/#website\",\"url\":\"https:\/\/lobosnews.com.ar\/\",\"name\":\"Lobos News\",\"description\":\"Informaci\u00f3n a cada instante\",\"publisher\":{\"@id\":\"https:\/\/lobosnews.com.ar\/#organization\"},\"potentialAction\":[{\"@type\":\"SearchAction\",\"target\":{\"@type\":\"EntryPoint\",\"urlTemplate\":\"https:\/\/lobosnews.com.ar\/?s={search_term_string}\"},\"query-input\":{\"@type\":\"PropertyValueSpecification\",\"valueRequired\":true,\"valueName\":\"search_term_string\"}}],\"inLanguage\":\"es\"},{\"@type\":\"Organization\",\"@id\":\"https:\/\/lobosnews.com.ar\/#organization\",\"name\":\"Lobos News\",\"url\":\"https:\/\/lobosnews.com.ar\/\",\"logo\":{\"@type\":\"ImageObject\",\"inLanguage\":\"es\",\"@id\":\"https:\/\/lobosnews.com.ar\/#\/schema\/logo\/image\/\",\"url\":\"https:\/\/lobosnews.com.ar\/wp-content\/uploads\/2026\/01\/logo-lobosnews.png\",\"contentUrl\":\"https:\/\/lobosnews.com.ar\/wp-content\/uploads\/2026\/01\/logo-lobosnews.png\",\"width\":500,\"height\":200,\"caption\":\"Lobos News\"},\"image\":{\"@id\":\"https:\/\/lobosnews.com.ar\/#\/schema\/logo\/image\/\"}},{\"@type\":\"Person\",\"@id\":\"https:\/\/lobosnews.com.ar\/#\/schema\/person\/232422a593d5c541dd9aef6aaed10943\",\"name\":\"admin\",\"image\":{\"@type\":\"ImageObject\",\"inLanguage\":\"es\",\"@id\":\"https:\/\/lobosnews.com.ar\/#\/schema\/person\/image\/\",\"url\":\"https:\/\/secure.gravatar.com\/avatar\/76e419471a2083bc3ceab22a763dbbf9b0c1bd15a6214cf3280e2c2dde4580f9?s=96&d=mm&r=g\",\"contentUrl\":\"https:\/\/secure.gravatar.com\/avatar\/76e419471a2083bc3ceab22a763dbbf9b0c1bd15a6214cf3280e2c2dde4580f9?s=96&d=mm&r=g\",\"caption\":\"admin\"},\"sameAs\":[\"https:\/\/lobosnews.com.ar\"],\"url\":\"https:\/\/lobosnews.com.ar\/index.php\/author\/lobos-news\/\"}]}<\/script>\n<!-- \/ Yoast SEO plugin. -->","yoast_head_json":{"title":"Muri\u00f3 un preso al saltar por una ventana de un hospital en Mendoza en un intento de fuga - Lobos News","robots":{"index":"index","follow":"follow","max-snippet":"max-snippet:-1","max-image-preview":"max-image-preview:large","max-video-preview":"max-video-preview:-1"},"canonical":"https:\/\/lobosnews.com.ar\/index.php\/2026\/03\/08\/murio-un-preso-al-saltar-por-una-ventana-de-un-hospital-en-mendoza-en-un-intento-de-fuga\/","og_locale":"es_ES","og_type":"article","og_title":"Muri\u00f3 un preso al saltar por una ventana de un hospital en Mendoza en un intento de fuga - Lobos News","og_description":"Un preso muri\u00f3 este domingo por la madrugada en Mendoza, luego de caer al vac\u00edo desde el tercer piso del Hospital Central de Godoy Cruz. Hab\u00eda intentado darse a la fuga junto a otro detenido, que fue recapturado minutos despu\u00e9s. El fallecido era Juan Marcelo Tejada, de 35 a\u00f1os, con un extenso prontuario por robos,...","og_url":"https:\/\/lobosnews.com.ar\/index.php\/2026\/03\/08\/murio-un-preso-al-saltar-por-una-ventana-de-un-hospital-en-mendoza-en-un-intento-de-fuga\/","og_site_name":"Lobos News","article_published_time":"2026-03-08T20:56:11+00:00","article_modified_time":"2026-03-09T00:02:58+00:00","og_image":[{"url":"https:\/\/lobosnews.com.ar\/wp-content\/uploads\/2026\/03\/murio-un-preso-al-saltar-por-una-ventana-de-un-hospital-en-mendoza-en-un-intento-de-fuga.jpg","type":"","width":"","height":""}],"author":"admin","twitter_card":"summary_large_image","twitter_misc":{"Escrito por":"admin","Tiempo de lectura":"3 minutos"},"schema":{"@context":"https:\/\/schema.org","@graph":[{"@type":"Article","@id":"https:\/\/lobosnews.com.ar\/index.php\/2026\/03\/08\/murio-un-preso-al-saltar-por-una-ventana-de-un-hospital-en-mendoza-en-un-intento-de-fuga\/#article","isPartOf":{"@id":"https:\/\/lobosnews.com.ar\/index.php\/2026\/03\/08\/murio-un-preso-al-saltar-por-una-ventana-de-un-hospital-en-mendoza-en-un-intento-de-fuga\/"},"author":{"name":"admin","@id":"https:\/\/lobosnews.com.ar\/#\/schema\/person\/232422a593d5c541dd9aef6aaed10943"},"headline":"Muri\u00f3 un preso al saltar por una ventana de un hospital en Mendoza en un intento de fuga","datePublished":"2026-03-08T20:56:11+00:00","dateModified":"2026-03-09T00:02:58+00:00","mainEntityOfPage":{"@id":"https:\/\/lobosnews.com.ar\/index.php\/2026\/03\/08\/murio-un-preso-al-saltar-por-una-ventana-de-un-hospital-en-mendoza-en-un-intento-de-fuga\/"},"wordCount":687,"commentCount":0,"publisher":{"@id":"https:\/\/lobosnews.com.ar\/#organization"},"image":{"@id":"https:\/\/lobosnews.com.ar\/index.php\/2026\/03\/08\/murio-un-preso-al-saltar-por-una-ventana-de-un-hospital-en-mendoza-en-un-intento-de-fuga\/#primaryimage"},"thumbnailUrl":"https:\/\/lobosnews.com.ar\/wp-content\/uploads\/2026\/03\/murio-un-preso-al-saltar-por-una-ventana-de-un-hospital-en-mendoza-en-un-intento-de-fuga-4.jpg","articleSection":["Actualidad","Argentina","econom\u00eda","inseguridad","masradios.com","nacionales","seguridad","sociedad"],"inLanguage":"es","potentialAction":[{"@type":"CommentAction","name":"Comment","target":["https:\/\/lobosnews.com.ar\/index.php\/2026\/03\/08\/murio-un-preso-al-saltar-por-una-ventana-de-un-hospital-en-mendoza-en-un-intento-de-fuga\/#respond"]}]},{"@type":"WebPage","@id":"https:\/\/lobosnews.com.ar\/index.php\/2026\/03\/08\/murio-un-preso-al-saltar-por-una-ventana-de-un-hospital-en-mendoza-en-un-intento-de-fuga\/","url":"https:\/\/lobosnews.com.ar\/index.php\/2026\/03\/08\/murio-un-preso-al-saltar-por-una-ventana-de-un-hospital-en-mendoza-en-un-intento-de-fuga\/","name":"Muri\u00f3 un preso al saltar por una ventana de un hospital en Mendoza en un intento de fuga - Lobos News","isPartOf":{"@id":"https:\/\/lobosnews.com.ar\/#website"},"primaryImageOfPage":{"@id":"https:\/\/lobosnews.com.ar\/index.php\/2026\/03\/08\/murio-un-preso-al-saltar-por-una-ventana-de-un-hospital-en-mendoza-en-un-intento-de-fuga\/#primaryimage"},"image":{"@id":"https:\/\/lobosnews.com.ar\/index.php\/2026\/03\/08\/murio-un-preso-al-saltar-por-una-ventana-de-un-hospital-en-mendoza-en-un-intento-de-fuga\/#primaryimage"},"thumbnailUrl":"https:\/\/lobosnews.com.ar\/wp-content\/uploads\/2026\/03\/murio-un-preso-al-saltar-por-una-ventana-de-un-hospital-en-mendoza-en-un-intento-de-fuga-4.jpg","datePublished":"2026-03-08T20:56:11+00:00","dateModified":"2026-03-09T00:02:58+00:00","breadcrumb":{"@id":"https:\/\/lobosnews.com.ar\/index.php\/2026\/03\/08\/murio-un-preso-al-saltar-por-una-ventana-de-un-hospital-en-mendoza-en-un-intento-de-fuga\/#breadcrumb"},"inLanguage":"es","potentialAction":[{"@type":"ReadAction","target":["https:\/\/lobosnews.com.ar\/index.php\/2026\/03\/08\/murio-un-preso-al-saltar-por-una-ventana-de-un-hospital-en-mendoza-en-un-intento-de-fuga\/"]}]},{"@type":"ImageObject","inLanguage":"es","@id":"https:\/\/lobosnews.com.ar\/index.php\/2026\/03\/08\/murio-un-preso-al-saltar-por-una-ventana-de-un-hospital-en-mendoza-en-un-intento-de-fuga\/#primaryimage","url":"https:\/\/lobosnews.com.ar\/wp-content\/uploads\/2026\/03\/murio-un-preso-al-saltar-por-una-ventana-de-un-hospital-en-mendoza-en-un-intento-de-fuga-4.jpg","contentUrl":"https:\/\/lobosnews.com.ar\/wp-content\/uploads\/2026\/03\/murio-un-preso-al-saltar-por-una-ventana-de-un-hospital-en-mendoza-en-un-intento-de-fuga-4.jpg","width":1112,"height":543,"caption":"Muri\u00f3 un preso al saltar por una ventana de un hospital en Mendoza en un intento de fuga"},{"@type":"BreadcrumbList","@id":"https:\/\/lobosnews.com.ar\/index.php\/2026\/03\/08\/murio-un-preso-al-saltar-por-una-ventana-de-un-hospital-en-mendoza-en-un-intento-de-fuga\/#breadcrumb","itemListElement":[{"@type":"ListItem","position":1,"name":"Portada","item":"https:\/\/lobosnews.com.ar\/"},{"@type":"ListItem","position":2,"name":"Muri\u00f3 un preso al saltar por una ventana de un hospital en Mendoza en un intento de fuga"}]},{"@type":"WebSite","@id":"https:\/\/lobosnews.com.ar\/#website","url":"https:\/\/lobosnews.com.ar\/","name":"Lobos News","description":"Informaci\u00f3n a cada instante","publisher":{"@id":"https:\/\/lobosnews.com.ar\/#organization"},"potentialAction":[{"@type":"SearchAction","target":{"@type":"EntryPoint","urlTemplate":"https:\/\/lobosnews.com.ar\/?s={search_term_string}"},"query-input":{"@type":"PropertyValueSpecification","valueRequired":true,"valueName":"search_term_string"}}],"inLanguage":"es"},{"@type":"Organization","@id":"https:\/\/lobosnews.com.ar\/#organization","name":"Lobos News","url":"https:\/\/lobosnews.com.ar\/","logo":{"@type":"ImageObject","inLanguage":"es","@id":"https:\/\/lobosnews.com.ar\/#\/schema\/logo\/image\/","url":"https:\/\/lobosnews.com.ar\/wp-content\/uploads\/2026\/01\/logo-lobosnews.png","contentUrl":"https:\/\/lobosnews.com.ar\/wp-content\/uploads\/2026\/01\/logo-lobosnews.png","width":500,"height":200,"caption":"Lobos News"},"image":{"@id":"https:\/\/lobosnews.com.ar\/#\/schema\/logo\/image\/"}},{"@type":"Person","@id":"https:\/\/lobosnews.com.ar\/#\/schema\/person\/232422a593d5c541dd9aef6aaed10943","name":"admin","image":{"@type":"ImageObject","inLanguage":"es","@id":"https:\/\/lobosnews.com.ar\/#\/schema\/person\/image\/","url":"https:\/\/secure.gravatar.com\/avatar\/76e419471a2083bc3ceab22a763dbbf9b0c1bd15a6214cf3280e2c2dde4580f9?s=96&d=mm&r=g","contentUrl":"https:\/\/secure.gravatar.com\/avatar\/76e419471a2083bc3ceab22a763dbbf9b0c1bd15a6214cf3280e2c2dde4580f9?s=96&d=mm&r=g","caption":"admin"},"sameAs":["https:\/\/lobosnews.com.ar"],"url":"https:\/\/lobosnews.com.ar\/index.php\/author\/lobos-news\/"}]}},"jetpack_featured_media_url":"https:\/\/lobosnews.com.ar\/wp-content\/uploads\/2026\/03\/murio-un-preso-al-saltar-por-una-ventana-de-un-hospital-en-mendoza-en-un-intento-de-fuga-4.jpg","jetpack_sharing_enabled":true,"_links":{"self":[{"href":"https:\/\/lobosnews.com.ar\/index.php\/wp-json\/wp\/v2\/posts\/30983","targetHints":{"allow":["GET"]}}],"collection":[{"href":"https:\/\/lobosnews.com.ar\/index.php\/wp-json\/wp\/v2\/posts"}],"about":[{"href":"https:\/\/lobosnews.com.ar\/index.php\/wp-json\/wp\/v2\/types\/post"}],"author":[{"embeddable":true,"href":"https:\/\/lobosnews.com.ar\/index.php\/wp-json\/wp\/v2\/users\/1"}],"replies":[{"embeddable":true,"href":"https:\/\/lobosnews.com.ar\/index.php\/wp-json\/wp\/v2\/comments?post=30983"}],"version-history":[{"count":1,"href":"https:\/\/lobosnews.com.ar\/index.php\/wp-json\/wp\/v2\/posts\/30983\/revisions"}],"predecessor-version":[{"id":30987,"href":"https:\/\/lobosnews.com.ar\/index.php\/wp-json\/wp\/v2\/posts\/30983\/revisions\/30987"}],"wp:featuredmedia":[{"embeddable":true,"href":"https:\/\/lobosnews.com.ar\/index.php\/wp-json\/wp\/v2\/media\/30988"}],"wp:attachment":[{"href":"https:\/\/lobosnews.com.ar\/index.php\/wp-json\/wp\/v2\/media?parent=30983"}],"wp:term":[{"taxonomy":"category","embeddable":true,"href":"https:\/\/lobosnews.com.ar\/index.php\/wp-json\/wp\/v2\/categories?post=30983"},{"taxonomy":"post_tag","embeddable":true,"href":"https:\/\/lobosnews.com.ar\/index.php\/wp-json\/wp\/v2\/tags?post=30983"}],"curies":[{"name":"wp","href":"https:\/\/api.w.org\/{rel}","templated":true}]}}